{"id":108424,"date":"2022-01-20T00:00:00","date_gmt":"2022-01-20T00:00:00","guid":{"rendered":"http:\/\/kt.printandscreen.rs\/ne-medvegje-filloi-programi-paga-ime-e-pare\/"},"modified":"2024-07-30T17:58:08","modified_gmt":"2024-07-30T17:58:08","slug":"ne-medvegje-filloi-programi-paga-ime-e-pare","status":"publish","type":"post","link":"https:\/\/kt.gov.rs\/sq\/ne-medvegje-filloi-programi-paga-ime-e-pare\/","title":{"rendered":"N\u00cb MEDVEGJ\u00cb FILLOI PROGRAMI \u201cPAGA IME E PAR\u00cb\u201d."},"content":{"rendered":"<p>\n\t<strong><img decoding=\"async\" alt=\"\" src=\"https:\/\/kt.gov.rs\/wp-content\/uploads\/2024\/07\/1642683807_200122_5-2.jpg\" style=\"width: 315px; height: 230px; float: left;\" \/><\/strong><strong>Medvegj\u00eb-Beograd <\/strong>Programi i Qeveris\u00eb s\u00eb Republik\u00ebs s\u00eb Serbis\u00eb \u201cPaga ime e par\u00eb\u201d, i cili po zbatohet p\u00ebr t\u00eb dytin vit radhazi, ka vazhduar realizimin edhe k\u00ebt\u00eb vit. Enti i \u00a0Pun\u00ebsimit, me mb\u00ebshtetjen e Ministris\u00eb s\u00eb Pun\u00ebs, Pun\u00ebsimit, Veteran\u00ebve dhe \u00c7\u00ebshtjeve Sociale, u mund\u00ebsoi t\u00eb rinjve q\u00eb nuk punonin n\u00eb k\u00ebt\u00eb profesion t\u00eb regjistroheshin tek pun\u00ebdh\u00ebn\u00ebsit n\u00eb sektorin privat dhe publik dhe t\u00eb fitonin p\u00ebrvoj\u00ebn e par\u00eb t\u00eb pun\u00ebs.<\/p>\n<p>\n\tN\u00eb zyr\u00ebn e kryetarit t\u00eb Komun\u00ebs s\u00eb Medvegj\u00ebs, \u00ebsht\u00eb organizuar ndarja e kontratave p\u00ebr personat t\u00eb cil\u00ebt e kan\u00eb ushtruar t\u00eb drejt\u00ebn p\u00ebr t\u00eb filluar p\u00ebrvoj\u00ebn e par\u00eb t\u00eb pun\u00ebs p\u00ebrmes Administrat\u00ebs Komunale t\u00eb Komun\u00ebs s\u00eb Medvegj\u00ebs. T\u00eb p\u00ebrzgjedhur nga Enti \u00a0i Pun\u00ebsimit, dhjet\u00eb prej tyre n\u00ebnshkruan nj\u00eb marr\u00ebveshje trepal\u00ebshe me pun\u00ebdh\u00ebn\u00ebsin dhe EP n\u00eb fund t\u00eb dhjetorit.<\/p>\n<p>\n\t\u201cGjat\u00eb n\u00ebnt\u00eb muajve t\u00eb trajnimit p\u00ebr pun\u00eb do t\u00eb fitoni p\u00ebrvojat e para t\u00eb pun\u00ebs, do t\u00eb aplikoni njohurit\u00eb e fituara dhe do t\u00eb zhvilloni aft\u00ebsi t\u00eb reja, do t\u00eb p\u00ebrmir\u00ebsoni shprehit\u00eb e pun\u00ebs dhe do t\u00eb paguheni p\u00ebr pun\u00ebn tuaj. Trajnimi juaj do t\u00eb zhvillohet sipas programit t\u00eb vendosur t\u00eb miratuar nga Enti i Pun\u00ebsimit, me mentor q\u00eb mbik\u00ebqyr dhe ofron mb\u00ebshtetje. Pas p\u00ebrfundimit do t\u00eb merrni certifikat\u00ebn e trajnimit t\u00eb kryer n\u00eb pun\u00eb specifike, e cila rrit mund\u00ebsin\u00eb p\u00ebr t\u00eb gjetur nj\u00eb vend pune p\u00ebr t\u00eb cilin jeni arsimuar\u201d, tha kryetari i komun\u00ebs s\u00eb Medvegj\u00ebs, Nebojsha Arsiq.<\/p>\n<p>\n\tPersonat q\u00eb kan\u00eb p\u00ebrfunduar arsimin e mes\u00ebm pajisen me pages\u00eb mujore me t\u00eb holla n\u00eb shum\u00eb prej 22.000 dinar\u00eb, nd\u00ebrsa ata me arsim t\u00eb lart\u00eb 26.000 dinar\u00eb. Mjetet do t&#39;u paguhen drejtp\u00ebrdrejt personave n\u00eb trajnim, n\u00ebp\u00ebrmjet Entit t\u00eb Pun\u00ebsimit dhe trajnimi p\u00ebr pun\u00eb zgjat n\u00ebnt\u00eb muaj.<\/p>\n<p>\n\tNga dhjet\u00eb q\u00eb kan\u00eb n\u00ebnshkruar kontrat\u00ebn, nj\u00eb person \u00ebsht\u00eb i nacionalitetit shqip\u00ebtar.<\/p>\n<p>\n\t<strong>Burimi: Jugmedia, Trupi Koordinues<\/strong><\/p>\n<p>\n\t\u00a0<\/p>\n","protected":false},"excerpt":{"rendered":"<p>Medvegj\u00eb-Beograd\u00a0Programi i Qeveris\u00eb s\u00eb Republik\u00ebs s\u00eb Serbis\u00eb \u201cPaga ime e par\u00eb\u201d, i cili po zbatohet p\u00ebr t\u00eb dytin vit radhazi, ka vazhduar realizimin edhe k\u00ebt\u00eb vit. Enti i \u00a0Pun\u00ebsimit, me mb\u00ebshtetjen e Ministris\u00eb s\u00eb Pun\u00ebs, Pun\u00ebsimit, Veteran\u00ebve dhe \u00c7\u00ebshtjeve Sociale\u2026<\/p>\n","protected":false},"author":1,"featured_media":108429,"comment_status":"closed","ping_status":"closed","sticky":false,"template":"","format":"standard","meta":{"footnotes":""},"categories":[55],"tags":[],"class_list":["post-108424","post","type-post","status-publish","format-standard","has-post-thumbnail","hentry","category-lajme"],"yoast_head":"<!-- This site is optimized with the Yoast SEO plugin v27.5 - https:\/\/yoast.com\/product\/yoast-seo-wordpress\/ -->\n<title>N\u00cb MEDVEGJ\u00cb FILLOI PROGRAMI \u201cPAGA IME E PAR\u00cb\u201d. - Republika e S\u00ebrbis\u00eb Trupi Koordinues p\u00ebr komunat Bujanoc, Preshev\u00eb dhe Medvegj\u00eb<\/title>\n<meta name=\"robots\" content=\"index, follow, max-snippet:-1, max-image-preview:large, max-video-preview:-1\" \/>\n<link rel=\"canonical\" href=\"https:\/\/kt.gov.rs\/sq\/ne-medvegje-filloi-programi-paga-ime-e-pare\/\" \/>\n<meta property=\"og:locale\" content=\"sq_AL\" \/>\n<meta property=\"og:type\" content=\"article\" \/>\n<meta property=\"og:title\" content=\"N\u00cb MEDVEGJ\u00cb FILLOI PROGRAMI \u201cPAGA IME E PAR\u00cb\u201d. - Republika e S\u00ebrbis\u00eb Trupi Koordinues p\u00ebr komunat Bujanoc, Preshev\u00eb dhe Medvegj\u00eb\" \/>\n<meta property=\"og:description\" content=\"Medvegj\u00eb-Beograd\u00a0Programi i Qeveris\u00eb s\u00eb Republik\u00ebs s\u00eb Serbis\u00eb \u201cPaga ime e par\u00eb\u201d, i cili po zbatohet p\u00ebr t\u00eb dytin vit radhazi, ka vazhduar realizimin edhe k\u00ebt\u00eb vit. Enti i \u00a0Pun\u00ebsimit, me mb\u00ebshtetjen e Ministris\u00eb s\u00eb Pun\u00ebs, Pun\u00ebsimit, Veteran\u00ebve dhe \u00c7\u00ebshtjeve Sociale...\" \/>\n<meta property=\"og:url\" content=\"https:\/\/kt.gov.rs\/sq\/ne-medvegje-filloi-programi-paga-ime-e-pare\/\" \/>\n<meta property=\"og:site_name\" content=\"Republika e S\u00ebrbis\u00eb Trupi Koordinues p\u00ebr komunat Bujanoc, Preshev\u00eb dhe Medvegj\u00eb\" \/>\n<meta property=\"article:publisher\" content=\"https:\/\/www.facebook.com\/SluzbaKoordinacionogTelaVladeRepublikeSrbije\" \/>\n<meta property=\"article:published_time\" content=\"2022-01-20T00:00:00+00:00\" \/>\n<meta property=\"article:modified_time\" content=\"2024-07-30T17:58:08+00:00\" \/>\n<meta property=\"og:image\" content=\"https:\/\/kt.gov.rs\/wp-content\/uploads\/2024\/07\/1642683807_200122_5-3.jpg\" \/>\n\t<meta property=\"og:image:width\" content=\"315\" \/>\n\t<meta property=\"og:image:height\" content=\"230\" \/>\n\t<meta property=\"og:image:type\" content=\"image\/jpeg\" \/>\n<meta name=\"author\" content=\"ktmin\" \/>\n<meta name=\"twitter:card\" content=\"summary_large_image\" \/>\n<meta name=\"twitter:creator\" content=\"@kt_gov\" \/>\n<meta name=\"twitter:site\" content=\"@kt_gov\" \/>\n<meta name=\"twitter:label1\" content=\"Written by\" \/>\n\t<meta name=\"twitter:data1\" content=\"ktmin\" \/>\n\t<meta name=\"twitter:label2\" content=\"Est. reading time\" \/>\n\t<meta name=\"twitter:data2\" content=\"3 minutes\" \/>\n<script type=\"application\/ld+json\" class=\"yoast-schema-graph\">{\"@context\":\"https:\\\/\\\/schema.org\",\"@graph\":[{\"@type\":\"Article\",\"@id\":\"https:\\\/\\\/kt.gov.rs\\\/sq\\\/ne-medvegje-filloi-programi-paga-ime-e-pare\\\/#article\",\"isPartOf\":{\"@id\":\"https:\\\/\\\/kt.gov.rs\\\/sq\\\/ne-medvegje-filloi-programi-paga-ime-e-pare\\\/\"},\"author\":{\"name\":\"ktmin\",\"@id\":\"https:\\\/\\\/kt.gov.rs\\\/#\\\/schema\\\/person\\\/e426459ddb4173309103390602694571\"},\"headline\":\"N\u00cb MEDVEGJ\u00cb FILLOI PROGRAMI \u201cPAGA IME E PAR\u00cb\u201d.\",\"datePublished\":\"2022-01-20T00:00:00+00:00\",\"dateModified\":\"2024-07-30T17:58:08+00:00\",\"mainEntityOfPage\":{\"@id\":\"https:\\\/\\\/kt.gov.rs\\\/sq\\\/ne-medvegje-filloi-programi-paga-ime-e-pare\\\/\"},\"wordCount\":527,\"publisher\":{\"@id\":\"https:\\\/\\\/kt.gov.rs\\\/#organization\"},\"image\":{\"@id\":\"https:\\\/\\\/kt.gov.rs\\\/sq\\\/ne-medvegje-filloi-programi-paga-ime-e-pare\\\/#primaryimage\"},\"thumbnailUrl\":\"https:\\\/\\\/kt.gov.rs\\\/wp-content\\\/uploads\\\/2024\\\/07\\\/1642683807_200122_5-3.jpg\",\"articleSection\":[\"Lajme\"],\"inLanguage\":\"sq-AL\"},{\"@type\":\"WebPage\",\"@id\":\"https:\\\/\\\/kt.gov.rs\\\/sq\\\/ne-medvegje-filloi-programi-paga-ime-e-pare\\\/\",\"url\":\"https:\\\/\\\/kt.gov.rs\\\/sq\\\/ne-medvegje-filloi-programi-paga-ime-e-pare\\\/\",\"name\":\"N\u00cb MEDVEGJ\u00cb FILLOI PROGRAMI \u201cPAGA IME E PAR\u00cb\u201d. - Republika e S\u00ebrbis\u00eb Trupi Koordinues p\u00ebr komunat Bujanoc, Preshev\u00eb dhe Medvegj\u00eb\",\"isPartOf\":{\"@id\":\"https:\\\/\\\/kt.gov.rs\\\/#website\"},\"primaryImageOfPage\":{\"@id\":\"https:\\\/\\\/kt.gov.rs\\\/sq\\\/ne-medvegje-filloi-programi-paga-ime-e-pare\\\/#primaryimage\"},\"image\":{\"@id\":\"https:\\\/\\\/kt.gov.rs\\\/sq\\\/ne-medvegje-filloi-programi-paga-ime-e-pare\\\/#primaryimage\"},\"thumbnailUrl\":\"https:\\\/\\\/kt.gov.rs\\\/wp-content\\\/uploads\\\/2024\\\/07\\\/1642683807_200122_5-3.jpg\",\"datePublished\":\"2022-01-20T00:00:00+00:00\",\"dateModified\":\"2024-07-30T17:58:08+00:00\",\"breadcrumb\":{\"@id\":\"https:\\\/\\\/kt.gov.rs\\\/sq\\\/ne-medvegje-filloi-programi-paga-ime-e-pare\\\/#breadcrumb\"},\"inLanguage\":\"sq-AL\",\"potentialAction\":[{\"@type\":\"ReadAction\",\"target\":[\"https:\\\/\\\/kt.gov.rs\\\/sq\\\/ne-medvegje-filloi-programi-paga-ime-e-pare\\\/\"]}]},{\"@type\":\"ImageObject\",\"inLanguage\":\"sq-AL\",\"@id\":\"https:\\\/\\\/kt.gov.rs\\\/sq\\\/ne-medvegje-filloi-programi-paga-ime-e-pare\\\/#primaryimage\",\"url\":\"https:\\\/\\\/kt.gov.rs\\\/wp-content\\\/uploads\\\/2024\\\/07\\\/1642683807_200122_5-3.jpg\",\"contentUrl\":\"https:\\\/\\\/kt.gov.rs\\\/wp-content\\\/uploads\\\/2024\\\/07\\\/1642683807_200122_5-3.jpg\",\"width\":315,\"height\":230},{\"@type\":\"BreadcrumbList\",\"@id\":\"https:\\\/\\\/kt.gov.rs\\\/sq\\\/ne-medvegje-filloi-programi-paga-ime-e-pare\\\/#breadcrumb\",\"itemListElement\":[{\"@type\":\"ListItem\",\"position\":1,\"name\":\"\u041f\u043e\u0447\u0435\u0442\u043d\u0430\",\"item\":\"https:\\\/\\\/kt.gov.rs\\\/sq\\\/\"},{\"@type\":\"ListItem\",\"position\":2,\"name\":\"N\u00cb MEDVEGJ\u00cb FILLOI PROGRAMI \u201cPAGA IME E PAR\u00cb\u201d.\"}]},{\"@type\":\"WebSite\",\"@id\":\"https:\\\/\\\/kt.gov.rs\\\/#website\",\"url\":\"https:\\\/\\\/kt.gov.rs\\\/\",\"name\":\"\u041a\u043e\u043e\u0440\u0434\u0438\u043d\u0430\u0446\u0438\u043e\u043d\u043e \u0442\u0435\u043b\u043e \u0412\u043b\u0430\u0434\u0435 \u0420\u0435\u043f\u0443\u0431\u043b\u0438\u043a\u0435 \u0421\u0440\u0431\u0438\u0458\u0435 \u0437\u0430 \u043e\u043f\u0448\u0442\u0438\u043d\u0435 \u041f\u0440\u0435\u0448\u0435\u0432\u043e, \u0411\u0443\u0458\u0430\u043d\u043e\u0432\u0430\u0446 \u0438 \u041c\u0435\u0434\u0432\u0435\u0452a\",\"description\":\"\",\"publisher\":{\"@id\":\"https:\\\/\\\/kt.gov.rs\\\/#organization\"},\"alternateName\":\"\u041a\u043e\u043e\u0440\u0434\u0438\u043d\u0430\u0446\u0438\u043e\u043d\u043e \u0442\u0435\u043b\u043e\",\"potentialAction\":[{\"@type\":\"SearchAction\",\"target\":{\"@type\":\"EntryPoint\",\"urlTemplate\":\"https:\\\/\\\/kt.gov.rs\\\/?s={search_term_string}\"},\"query-input\":{\"@type\":\"PropertyValueSpecification\",\"valueRequired\":true,\"valueName\":\"search_term_string\"}}],\"inLanguage\":\"sq-AL\"},{\"@type\":\"Organization\",\"@id\":\"https:\\\/\\\/kt.gov.rs\\\/#organization\",\"name\":\"\u041a\u043e\u043e\u0440\u0434\u0438\u043d\u0430\u0446\u0438\u043e\u043d\u043e \u0442\u0435\u043b\u043e \u0412\u043b\u0430\u0434\u0435 \u0420\u0435\u043f\u0443\u0431\u043b\u0438\u043a\u0435 \u0421\u0440\u0431\u0438\u0458\u0435 \u0437\u0430 \u043e\u043f\u0448\u0442\u0438\u043d\u0435 \u041f\u0440\u0435\u0448\u0435\u0432\u043e, \u0411\u0443\u0458\u0430\u043d\u043e\u0432\u0430\u0446 \u0438 \u041c\u0435\u0434\u0432\u0435\u0452a\",\"alternateName\":\"\u041a\u043e\u043e\u0440\u0434\u0438\u043d\u0430\u0446\u0438\u043e\u043d\u043e \u0442\u0435\u043b\u043e\",\"url\":\"https:\\\/\\\/kt.gov.rs\\\/\",\"logo\":{\"@type\":\"ImageObject\",\"inLanguage\":\"sq-AL\",\"@id\":\"https:\\\/\\\/kt.gov.rs\\\/#\\\/schema\\\/logo\\\/image\\\/\",\"url\":\"https:\\\/\\\/kt.gov.rs\\\/wp-content\\\/uploads\\\/2024\\\/12\\\/koord2.jpg\",\"contentUrl\":\"https:\\\/\\\/kt.gov.rs\\\/wp-content\\\/uploads\\\/2024\\\/12\\\/koord2.jpg\",\"width\":640,\"height\":480,\"caption\":\"\u041a\u043e\u043e\u0440\u0434\u0438\u043d\u0430\u0446\u0438\u043e\u043d\u043e \u0442\u0435\u043b\u043e \u0412\u043b\u0430\u0434\u0435 \u0420\u0435\u043f\u0443\u0431\u043b\u0438\u043a\u0435 \u0421\u0440\u0431\u0438\u0458\u0435 \u0437\u0430 \u043e\u043f\u0448\u0442\u0438\u043d\u0435 \u041f\u0440\u0435\u0448\u0435\u0432\u043e, \u0411\u0443\u0458\u0430\u043d\u043e\u0432\u0430\u0446 \u0438 \u041c\u0435\u0434\u0432\u0435\u0452a\"},\"image\":{\"@id\":\"https:\\\/\\\/kt.gov.rs\\\/#\\\/schema\\\/logo\\\/image\\\/\"},\"sameAs\":[\"https:\\\/\\\/www.facebook.com\\\/SluzbaKoordinacionogTelaVladeRepublikeSrbije\",\"https:\\\/\\\/x.com\\\/kt_gov\",\"https:\\\/\\\/www.youtube.com\\\/@koordinacionotelo\"]},{\"@type\":\"Person\",\"@id\":\"https:\\\/\\\/kt.gov.rs\\\/#\\\/schema\\\/person\\\/e426459ddb4173309103390602694571\",\"name\":\"ktmin\",\"image\":{\"@type\":\"ImageObject\",\"inLanguage\":\"sq-AL\",\"@id\":\"https:\\\/\\\/secure.gravatar.com\\\/avatar\\\/3985c961109853010c3fbc7ba30365bfba5db3dd6c525831d9c595c7525a615a?s=96&d=mm&r=g\",\"url\":\"https:\\\/\\\/secure.gravatar.com\\\/avatar\\\/3985c961109853010c3fbc7ba30365bfba5db3dd6c525831d9c595c7525a615a?s=96&d=mm&r=g\",\"contentUrl\":\"https:\\\/\\\/secure.gravatar.com\\\/avatar\\\/3985c961109853010c3fbc7ba30365bfba5db3dd6c525831d9c595c7525a615a?s=96&d=mm&r=g\",\"caption\":\"ktmin\"},\"sameAs\":[\"https:\\\/\\\/kt.gov.rs\"],\"url\":\"https:\\\/\\\/kt.gov.rs\\\/sq\\\/author\\\/ktmin\\\/\"}]}<\/script>\n<!-- \/ Yoast SEO plugin. -->","yoast_head_json":{"title":"N\u00cb MEDVEGJ\u00cb FILLOI PROGRAMI \u201cPAGA IME E PAR\u00cb\u201d. - Republika e S\u00ebrbis\u00eb Trupi Koordinues p\u00ebr komunat Bujanoc, Preshev\u00eb dhe Medvegj\u00eb","robots":{"index":"index","follow":"follow","max-snippet":"max-snippet:-1","max-image-preview":"max-image-preview:large","max-video-preview":"max-video-preview:-1"},"canonical":"https:\/\/kt.gov.rs\/sq\/ne-medvegje-filloi-programi-paga-ime-e-pare\/","og_locale":"sq_AL","og_type":"article","og_title":"N\u00cb MEDVEGJ\u00cb FILLOI PROGRAMI \u201cPAGA IME E PAR\u00cb\u201d. - Republika e S\u00ebrbis\u00eb Trupi Koordinues p\u00ebr komunat Bujanoc, Preshev\u00eb dhe Medvegj\u00eb","og_description":"Medvegj\u00eb-Beograd\u00a0Programi i Qeveris\u00eb s\u00eb Republik\u00ebs s\u00eb Serbis\u00eb \u201cPaga ime e par\u00eb\u201d, i cili po zbatohet p\u00ebr t\u00eb dytin vit radhazi, ka vazhduar realizimin edhe k\u00ebt\u00eb vit. Enti i \u00a0Pun\u00ebsimit, me mb\u00ebshtetjen e Ministris\u00eb s\u00eb Pun\u00ebs, Pun\u00ebsimit, Veteran\u00ebve dhe \u00c7\u00ebshtjeve Sociale...","og_url":"https:\/\/kt.gov.rs\/sq\/ne-medvegje-filloi-programi-paga-ime-e-pare\/","og_site_name":"Republika e S\u00ebrbis\u00eb Trupi Koordinues p\u00ebr komunat Bujanoc, Preshev\u00eb dhe Medvegj\u00eb","article_publisher":"https:\/\/www.facebook.com\/SluzbaKoordinacionogTelaVladeRepublikeSrbije","article_published_time":"2022-01-20T00:00:00+00:00","article_modified_time":"2024-07-30T17:58:08+00:00","og_image":[{"width":315,"height":230,"url":"https:\/\/kt.gov.rs\/wp-content\/uploads\/2024\/07\/1642683807_200122_5-3.jpg","type":"image\/jpeg"}],"author":"ktmin","twitter_card":"summary_large_image","twitter_creator":"@kt_gov","twitter_site":"@kt_gov","twitter_misc":{"Written by":"ktmin","Est. reading time":"3 minutes"},"schema":{"@context":"https:\/\/schema.org","@graph":[{"@type":"Article","@id":"https:\/\/kt.gov.rs\/sq\/ne-medvegje-filloi-programi-paga-ime-e-pare\/#article","isPartOf":{"@id":"https:\/\/kt.gov.rs\/sq\/ne-medvegje-filloi-programi-paga-ime-e-pare\/"},"author":{"name":"ktmin","@id":"https:\/\/kt.gov.rs\/#\/schema\/person\/e426459ddb4173309103390602694571"},"headline":"N\u00cb MEDVEGJ\u00cb FILLOI PROGRAMI \u201cPAGA IME E PAR\u00cb\u201d.","datePublished":"2022-01-20T00:00:00+00:00","dateModified":"2024-07-30T17:58:08+00:00","mainEntityOfPage":{"@id":"https:\/\/kt.gov.rs\/sq\/ne-medvegje-filloi-programi-paga-ime-e-pare\/"},"wordCount":527,"publisher":{"@id":"https:\/\/kt.gov.rs\/#organization"},"image":{"@id":"https:\/\/kt.gov.rs\/sq\/ne-medvegje-filloi-programi-paga-ime-e-pare\/#primaryimage"},"thumbnailUrl":"https:\/\/kt.gov.rs\/wp-content\/uploads\/2024\/07\/1642683807_200122_5-3.jpg","articleSection":["Lajme"],"inLanguage":"sq-AL"},{"@type":"WebPage","@id":"https:\/\/kt.gov.rs\/sq\/ne-medvegje-filloi-programi-paga-ime-e-pare\/","url":"https:\/\/kt.gov.rs\/sq\/ne-medvegje-filloi-programi-paga-ime-e-pare\/","name":"N\u00cb MEDVEGJ\u00cb FILLOI PROGRAMI \u201cPAGA IME E PAR\u00cb\u201d. - Republika e S\u00ebrbis\u00eb Trupi Koordinues p\u00ebr komunat Bujanoc, Preshev\u00eb dhe Medvegj\u00eb","isPartOf":{"@id":"https:\/\/kt.gov.rs\/#website"},"primaryImageOfPage":{"@id":"https:\/\/kt.gov.rs\/sq\/ne-medvegje-filloi-programi-paga-ime-e-pare\/#primaryimage"},"image":{"@id":"https:\/\/kt.gov.rs\/sq\/ne-medvegje-filloi-programi-paga-ime-e-pare\/#primaryimage"},"thumbnailUrl":"https:\/\/kt.gov.rs\/wp-content\/uploads\/2024\/07\/1642683807_200122_5-3.jpg","datePublished":"2022-01-20T00:00:00+00:00","dateModified":"2024-07-30T17:58:08+00:00","breadcrumb":{"@id":"https:\/\/kt.gov.rs\/sq\/ne-medvegje-filloi-programi-paga-ime-e-pare\/#breadcrumb"},"inLanguage":"sq-AL","potentialAction":[{"@type":"ReadAction","target":["https:\/\/kt.gov.rs\/sq\/ne-medvegje-filloi-programi-paga-ime-e-pare\/"]}]},{"@type":"ImageObject","inLanguage":"sq-AL","@id":"https:\/\/kt.gov.rs\/sq\/ne-medvegje-filloi-programi-paga-ime-e-pare\/#primaryimage","url":"https:\/\/kt.gov.rs\/wp-content\/uploads\/2024\/07\/1642683807_200122_5-3.jpg","contentUrl":"https:\/\/kt.gov.rs\/wp-content\/uploads\/2024\/07\/1642683807_200122_5-3.jpg","width":315,"height":230},{"@type":"BreadcrumbList","@id":"https:\/\/kt.gov.rs\/sq\/ne-medvegje-filloi-programi-paga-ime-e-pare\/#breadcrumb","itemListElement":[{"@type":"ListItem","position":1,"name":"\u041f\u043e\u0447\u0435\u0442\u043d\u0430","item":"https:\/\/kt.gov.rs\/sq\/"},{"@type":"ListItem","position":2,"name":"N\u00cb MEDVEGJ\u00cb FILLOI PROGRAMI \u201cPAGA IME E PAR\u00cb\u201d."}]},{"@type":"WebSite","@id":"https:\/\/kt.gov.rs\/#website","url":"https:\/\/kt.gov.rs\/","name":"\u041a\u043e\u043e\u0440\u0434\u0438\u043d\u0430\u0446\u0438\u043e\u043d\u043e \u0442\u0435\u043b\u043e \u0412\u043b\u0430\u0434\u0435 \u0420\u0435\u043f\u0443\u0431\u043b\u0438\u043a\u0435 \u0421\u0440\u0431\u0438\u0458\u0435 \u0437\u0430 \u043e\u043f\u0448\u0442\u0438\u043d\u0435 \u041f\u0440\u0435\u0448\u0435\u0432\u043e, \u0411\u0443\u0458\u0430\u043d\u043e\u0432\u0430\u0446 \u0438 \u041c\u0435\u0434\u0432\u0435\u0452a","description":"","publisher":{"@id":"https:\/\/kt.gov.rs\/#organization"},"alternateName":"\u041a\u043e\u043e\u0440\u0434\u0438\u043d\u0430\u0446\u0438\u043e\u043d\u043e \u0442\u0435\u043b\u043e","potentialAction":[{"@type":"SearchAction","target":{"@type":"EntryPoint","urlTemplate":"https:\/\/kt.gov.rs\/?s={search_term_string}"},"query-input":{"@type":"PropertyValueSpecification","valueRequired":true,"valueName":"search_term_string"}}],"inLanguage":"sq-AL"},{"@type":"Organization","@id":"https:\/\/kt.gov.rs\/#organization","name":"\u041a\u043e\u043e\u0440\u0434\u0438\u043d\u0430\u0446\u0438\u043e\u043d\u043e \u0442\u0435\u043b\u043e \u0412\u043b\u0430\u0434\u0435 \u0420\u0435\u043f\u0443\u0431\u043b\u0438\u043a\u0435 \u0421\u0440\u0431\u0438\u0458\u0435 \u0437\u0430 \u043e\u043f\u0448\u0442\u0438\u043d\u0435 \u041f\u0440\u0435\u0448\u0435\u0432\u043e, \u0411\u0443\u0458\u0430\u043d\u043e\u0432\u0430\u0446 \u0438 \u041c\u0435\u0434\u0432\u0435\u0452a","alternateName":"\u041a\u043e\u043e\u0440\u0434\u0438\u043d\u0430\u0446\u0438\u043e\u043d\u043e \u0442\u0435\u043b\u043e","url":"https:\/\/kt.gov.rs\/","logo":{"@type":"ImageObject","inLanguage":"sq-AL","@id":"https:\/\/kt.gov.rs\/#\/schema\/logo\/image\/","url":"https:\/\/kt.gov.rs\/wp-content\/uploads\/2024\/12\/koord2.jpg","contentUrl":"https:\/\/kt.gov.rs\/wp-content\/uploads\/2024\/12\/koord2.jpg","width":640,"height":480,"caption":"\u041a\u043e\u043e\u0440\u0434\u0438\u043d\u0430\u0446\u0438\u043e\u043d\u043e \u0442\u0435\u043b\u043e \u0412\u043b\u0430\u0434\u0435 \u0420\u0435\u043f\u0443\u0431\u043b\u0438\u043a\u0435 \u0421\u0440\u0431\u0438\u0458\u0435 \u0437\u0430 \u043e\u043f\u0448\u0442\u0438\u043d\u0435 \u041f\u0440\u0435\u0448\u0435\u0432\u043e, \u0411\u0443\u0458\u0430\u043d\u043e\u0432\u0430\u0446 \u0438 \u041c\u0435\u0434\u0432\u0435\u0452a"},"image":{"@id":"https:\/\/kt.gov.rs\/#\/schema\/logo\/image\/"},"sameAs":["https:\/\/www.facebook.com\/SluzbaKoordinacionogTelaVladeRepublikeSrbije","https:\/\/x.com\/kt_gov","https:\/\/www.youtube.com\/@koordinacionotelo"]},{"@type":"Person","@id":"https:\/\/kt.gov.rs\/#\/schema\/person\/e426459ddb4173309103390602694571","name":"ktmin","image":{"@type":"ImageObject","inLanguage":"sq-AL","@id":"https:\/\/secure.gravatar.com\/avatar\/3985c961109853010c3fbc7ba30365bfba5db3dd6c525831d9c595c7525a615a?s=96&d=mm&r=g","url":"https:\/\/secure.gravatar.com\/avatar\/3985c961109853010c3fbc7ba30365bfba5db3dd6c525831d9c595c7525a615a?s=96&d=mm&r=g","contentUrl":"https:\/\/secure.gravatar.com\/avatar\/3985c961109853010c3fbc7ba30365bfba5db3dd6c525831d9c595c7525a615a?s=96&d=mm&r=g","caption":"ktmin"},"sameAs":["https:\/\/kt.gov.rs"],"url":"https:\/\/kt.gov.rs\/sq\/author\/ktmin\/"}]}},"_links":{"self":[{"href":"https:\/\/kt.gov.rs\/sq\/wp-json\/wp\/v2\/posts\/108424","targetHints":{"allow":["GET"]}}],"collection":[{"href":"https:\/\/kt.gov.rs\/sq\/wp-json\/wp\/v2\/posts"}],"about":[{"href":"https:\/\/kt.gov.rs\/sq\/wp-json\/wp\/v2\/types\/post"}],"author":[{"embeddable":true,"href":"https:\/\/kt.gov.rs\/sq\/wp-json\/wp\/v2\/users\/1"}],"replies":[{"embeddable":true,"href":"https:\/\/kt.gov.rs\/sq\/wp-json\/wp\/v2\/comments?post=108424"}],"version-history":[{"count":1,"href":"https:\/\/kt.gov.rs\/sq\/wp-json\/wp\/v2\/posts\/108424\/revisions"}],"predecessor-version":[{"id":108428,"href":"https:\/\/kt.gov.rs\/sq\/wp-json\/wp\/v2\/posts\/108424\/revisions\/108428"}],"wp:featuredmedia":[{"embeddable":true,"href":"https:\/\/kt.gov.rs\/sq\/wp-json\/wp\/v2\/media\/108429"}],"wp:attachment":[{"href":"https:\/\/kt.gov.rs\/sq\/wp-json\/wp\/v2\/media?parent=108424"}],"wp:term":[{"taxonomy":"category","embeddable":true,"href":"https:\/\/kt.gov.rs\/sq\/wp-json\/wp\/v2\/categories?post=108424"},{"taxonomy":"post_tag","embeddable":true,"href":"https:\/\/kt.gov.rs\/sq\/wp-json\/wp\/v2\/tags?post=108424"}],"curies":[{"name":"wp","href":"https:\/\/api.w.org\/{rel}","templated":true}]}}