{"id":108416,"date":"2022-01-21T00:00:00","date_gmt":"2022-01-21T00:00:00","guid":{"rendered":"http:\/\/kt.printandscreen.rs\/gjermanet-hapin-fabrike-ne-vranje-kerkojne-puntor\/"},"modified":"2024-07-30T17:58:07","modified_gmt":"2024-07-30T17:58:07","slug":"gjermanet-hapin-fabrike-ne-vranje-kerkojne-puntor","status":"publish","type":"post","link":"https:\/\/kt.gov.rs\/sq\/gjermanet-hapin-fabrike-ne-vranje-kerkojne-puntor\/","title":{"rendered":"GJERMAN\u00cbT HAPIN FABRIK\u00cb N\u00cb VRANJ\u00cb, K\u00cbRKOJN\u00cb PUNTOR"},"content":{"rendered":"<p>\n\t<strong><img decoding=\"async\" alt=\"\" src=\"https:\/\/kt.gov.rs\/wp-content\/uploads\/2024\/07\/1642763038_210122_1-2.jpg\" style=\"width: 315px; height: 230px; float: left;\" \/><\/strong><strong>Bujanoc \u2013 Beograd \u2013<\/strong> Kompania e k\u00ebpuc\u00ebve &quot;Haiks&quot; nga Gjermania, s\u00eb shpejti, dhe sipas premtimit t\u00eb presidentit Aleksand\u00ebr Vu\u00e7iq, n\u00eb muajin mars, do t\u00eb hap\u00eb nj\u00eb fabrik\u00eb n\u00eb Bunushevc af\u00ebr Vranj\u00ebs dhe do t&#39;i ftoj\u00eb t\u00eb interesuarit t\u00eb aplikojn\u00eb p\u00ebr pun\u00eb.<\/p>\n<p>\n\tSipas portalit fjal\u00ebs s\u00eb lir\u00eb (Slobodna rec), jan\u00eb hapur pozita n\u00eb rrobaqep\u00ebsi, p\u00ebrgatitje dhe qepje, dhe HAIKS u thot\u00eb t\u00eb interesuarve q\u00eb t\u00eb aplikojn\u00eb dhe t\u00eb d\u00ebrgojn\u00eb CV-t\u00eb e tyre, pavar\u00ebsisht n\u00ebse kan\u00eb p\u00ebrvoj\u00eb n\u00eb k\u00ebto pozita.<\/p>\n<p>\n\tN\u00eb Vranj\u00eb, n\u00eb disa lokacione u shfaq\u00ebn tabela me ftes\u00eb p\u00ebr t\u00eb interesuarit q\u00eb t\u00eb \u201cbashkohen me familjen\u201d, ku adresa zyrtare p\u00ebr regjistrim dhe emri i kompanis\u00eb: \u201cHAIKS Oprema d.o.o Bunu\u0161evac bb\u201d.<\/p>\n<p>\n\tMegjithat\u00eb, kompania me at\u00eb em\u00ebr ende nuk \u00ebsht\u00eb e regjistruar n\u00eb APR dhe nuk ka asnj\u00eb version serb t\u00eb faqes.<\/p>\n<p>\n\tSipas deklaratave t\u00eb m\u00ebparshme t\u00eb portalit Nova.rs, kompania q\u00eb duhet t\u00eb shp\u00ebtoj\u00eb situat\u00ebn n\u00eb Vranj\u00eb pas largimit t\u00eb italianit Geox dhe largimit nga puna t\u00eb rreth 1200 pun\u00ebtor\u00ebve, operon n\u00eb rajonin e Kroacis\u00eb. \u00cbsht\u00eb nj\u00eb kompani e themeluar n\u00eb vitet 1940, pas Luft\u00ebs s\u00eb Dyt\u00eb Bot\u00ebrore, si nj\u00eb kompani e vog\u00ebl familjare p\u00ebr prodhimin e k\u00ebpuc\u00ebve, me qend\u00ebr n\u00eb qytetin bavarez t\u00eb Meinburgut dhe aktualisht ka rreth 1700 pun\u00ebtor\u00eb.<\/p>\n<p>\n\tAto prodhojn\u00eb pajisje HTZ, dmth. k\u00ebpuc\u00eb p\u00ebr pjes\u00ebtar\u00ebt e sh\u00ebrbimeve t\u00eb siguris\u00eb (ushtri, polici, zjarrfik\u00ebs, etj.).<\/p>\n<p>\n\t<strong>Burimi: Bujanovacke, Trupi Koordinues<\/strong><\/p>\n<p>\n\t\u00a0<\/p>\n","protected":false},"excerpt":{"rendered":"<p>Bujanoc \u2013 Beograd \u2013\u00a0Kompania e k\u00ebpuc\u00ebve &quot;Haiks&quot; nga Gjermania, s\u00eb shpejti, dhe sipas premtimit t\u00eb presidentit Aleksand\u00ebr Vu\u00e7iq, n\u00eb muajin mars, do t\u00eb hap\u00eb nj\u00eb fabrik\u00eb n\u00eb Bunushevc af\u00ebr Vranj\u00ebs dhe do t&#39;i ftoj\u00eb t\u00eb interesuarit t\u00eb aplikojn\u00eb p\u00ebr pun\u00eb.<\/p>\n","protected":false},"author":1,"featured_media":108421,"comment_status":"closed","ping_status":"closed","sticky":false,"template":"","format":"standard","meta":{"footnotes":""},"categories":[55],"tags":[],"class_list":["post-108416","post","type-post","status-publish","format-standard","has-post-thumbnail","hentry","category-lajme"],"yoast_head":"<!-- This site is optimized with the Yoast SEO plugin v27.5 - https:\/\/yoast.com\/product\/yoast-seo-wordpress\/ -->\n<title>GJERMAN\u00cbT HAPIN FABRIK\u00cb N\u00cb VRANJ\u00cb, K\u00cbRKOJN\u00cb PUNTOR - Republika e S\u00ebrbis\u00eb Trupi Koordinues p\u00ebr komunat Bujanoc, Preshev\u00eb dhe Medvegj\u00eb<\/title>\n<meta name=\"robots\" content=\"index, follow, max-snippet:-1, max-image-preview:large, max-video-preview:-1\" \/>\n<link rel=\"canonical\" href=\"https:\/\/kt.gov.rs\/sq\/gjermanet-hapin-fabrike-ne-vranje-kerkojne-puntor\/\" \/>\n<meta property=\"og:locale\" content=\"sq_AL\" \/>\n<meta property=\"og:type\" content=\"article\" \/>\n<meta property=\"og:title\" content=\"GJERMAN\u00cbT HAPIN FABRIK\u00cb N\u00cb VRANJ\u00cb, K\u00cbRKOJN\u00cb PUNTOR - Republika e S\u00ebrbis\u00eb Trupi Koordinues p\u00ebr komunat Bujanoc, Preshev\u00eb dhe Medvegj\u00eb\" \/>\n<meta property=\"og:description\" content=\"Bujanoc - Beograd -\u00a0Kompania e k\u00ebpuc\u00ebve &quot;Haiks&quot; nga Gjermania, s\u00eb shpejti, dhe sipas premtimit t\u00eb presidentit Aleksand\u00ebr Vu\u00e7iq, n\u00eb muajin mars, do t\u00eb hap\u00eb nj\u00eb fabrik\u00eb n\u00eb Bunushevc af\u00ebr Vranj\u00ebs dhe do t&#039;i ftoj\u00eb t\u00eb interesuarit t\u00eb aplikojn\u00eb p\u00ebr pun\u00eb.\" \/>\n<meta property=\"og:url\" content=\"https:\/\/kt.gov.rs\/sq\/gjermanet-hapin-fabrike-ne-vranje-kerkojne-puntor\/\" \/>\n<meta property=\"og:site_name\" content=\"Republika e S\u00ebrbis\u00eb Trupi Koordinues p\u00ebr komunat Bujanoc, Preshev\u00eb dhe Medvegj\u00eb\" \/>\n<meta property=\"article:publisher\" content=\"https:\/\/www.facebook.com\/SluzbaKoordinacionogTelaVladeRepublikeSrbije\" \/>\n<meta property=\"article:published_time\" content=\"2022-01-21T00:00:00+00:00\" \/>\n<meta property=\"article:modified_time\" content=\"2024-07-30T17:58:07+00:00\" \/>\n<meta property=\"og:image\" content=\"https:\/\/kt.gov.rs\/wp-content\/uploads\/2024\/07\/1642763038_210122_1-3.jpg\" \/>\n\t<meta property=\"og:image:width\" content=\"315\" \/>\n\t<meta property=\"og:image:height\" content=\"230\" \/>\n\t<meta property=\"og:image:type\" content=\"image\/jpeg\" \/>\n<meta name=\"author\" content=\"ktmin\" \/>\n<meta name=\"twitter:card\" content=\"summary_large_image\" \/>\n<meta name=\"twitter:creator\" content=\"@kt_gov\" \/>\n<meta name=\"twitter:site\" content=\"@kt_gov\" \/>\n<meta name=\"twitter:label1\" content=\"Written by\" \/>\n\t<meta name=\"twitter:data1\" content=\"ktmin\" \/>\n\t<meta name=\"twitter:label2\" content=\"Est. reading time\" \/>\n\t<meta name=\"twitter:data2\" content=\"2 minutes\" \/>\n<script type=\"application\/ld+json\" class=\"yoast-schema-graph\">{\"@context\":\"https:\\\/\\\/schema.org\",\"@graph\":[{\"@type\":\"Article\",\"@id\":\"https:\\\/\\\/kt.gov.rs\\\/sq\\\/gjermanet-hapin-fabrike-ne-vranje-kerkojne-puntor\\\/#article\",\"isPartOf\":{\"@id\":\"https:\\\/\\\/kt.gov.rs\\\/sq\\\/gjermanet-hapin-fabrike-ne-vranje-kerkojne-puntor\\\/\"},\"author\":{\"name\":\"ktmin\",\"@id\":\"https:\\\/\\\/kt.gov.rs\\\/#\\\/schema\\\/person\\\/e426459ddb4173309103390602694571\"},\"headline\":\"GJERMAN\u00cbT HAPIN FABRIK\u00cb N\u00cb VRANJ\u00cb, K\u00cbRKOJN\u00cb PUNTOR\",\"datePublished\":\"2022-01-21T00:00:00+00:00\",\"dateModified\":\"2024-07-30T17:58:07+00:00\",\"mainEntityOfPage\":{\"@id\":\"https:\\\/\\\/kt.gov.rs\\\/sq\\\/gjermanet-hapin-fabrike-ne-vranje-kerkojne-puntor\\\/\"},\"wordCount\":382,\"publisher\":{\"@id\":\"https:\\\/\\\/kt.gov.rs\\\/#organization\"},\"image\":{\"@id\":\"https:\\\/\\\/kt.gov.rs\\\/sq\\\/gjermanet-hapin-fabrike-ne-vranje-kerkojne-puntor\\\/#primaryimage\"},\"thumbnailUrl\":\"https:\\\/\\\/kt.gov.rs\\\/wp-content\\\/uploads\\\/2024\\\/07\\\/1642763038_210122_1-3.jpg\",\"articleSection\":[\"Lajme\"],\"inLanguage\":\"sq-AL\"},{\"@type\":\"WebPage\",\"@id\":\"https:\\\/\\\/kt.gov.rs\\\/sq\\\/gjermanet-hapin-fabrike-ne-vranje-kerkojne-puntor\\\/\",\"url\":\"https:\\\/\\\/kt.gov.rs\\\/sq\\\/gjermanet-hapin-fabrike-ne-vranje-kerkojne-puntor\\\/\",\"name\":\"GJERMAN\u00cbT HAPIN FABRIK\u00cb N\u00cb VRANJ\u00cb, K\u00cbRKOJN\u00cb PUNTOR - Republika e S\u00ebrbis\u00eb Trupi Koordinues p\u00ebr komunat Bujanoc, Preshev\u00eb dhe Medvegj\u00eb\",\"isPartOf\":{\"@id\":\"https:\\\/\\\/kt.gov.rs\\\/#website\"},\"primaryImageOfPage\":{\"@id\":\"https:\\\/\\\/kt.gov.rs\\\/sq\\\/gjermanet-hapin-fabrike-ne-vranje-kerkojne-puntor\\\/#primaryimage\"},\"image\":{\"@id\":\"https:\\\/\\\/kt.gov.rs\\\/sq\\\/gjermanet-hapin-fabrike-ne-vranje-kerkojne-puntor\\\/#primaryimage\"},\"thumbnailUrl\":\"https:\\\/\\\/kt.gov.rs\\\/wp-content\\\/uploads\\\/2024\\\/07\\\/1642763038_210122_1-3.jpg\",\"datePublished\":\"2022-01-21T00:00:00+00:00\",\"dateModified\":\"2024-07-30T17:58:07+00:00\",\"breadcrumb\":{\"@id\":\"https:\\\/\\\/kt.gov.rs\\\/sq\\\/gjermanet-hapin-fabrike-ne-vranje-kerkojne-puntor\\\/#breadcrumb\"},\"inLanguage\":\"sq-AL\",\"potentialAction\":[{\"@type\":\"ReadAction\",\"target\":[\"https:\\\/\\\/kt.gov.rs\\\/sq\\\/gjermanet-hapin-fabrike-ne-vranje-kerkojne-puntor\\\/\"]}]},{\"@type\":\"ImageObject\",\"inLanguage\":\"sq-AL\",\"@id\":\"https:\\\/\\\/kt.gov.rs\\\/sq\\\/gjermanet-hapin-fabrike-ne-vranje-kerkojne-puntor\\\/#primaryimage\",\"url\":\"https:\\\/\\\/kt.gov.rs\\\/wp-content\\\/uploads\\\/2024\\\/07\\\/1642763038_210122_1-3.jpg\",\"contentUrl\":\"https:\\\/\\\/kt.gov.rs\\\/wp-content\\\/uploads\\\/2024\\\/07\\\/1642763038_210122_1-3.jpg\",\"width\":315,\"height\":230},{\"@type\":\"BreadcrumbList\",\"@id\":\"https:\\\/\\\/kt.gov.rs\\\/sq\\\/gjermanet-hapin-fabrike-ne-vranje-kerkojne-puntor\\\/#breadcrumb\",\"itemListElement\":[{\"@type\":\"ListItem\",\"position\":1,\"name\":\"\u041f\u043e\u0447\u0435\u0442\u043d\u0430\",\"item\":\"https:\\\/\\\/kt.gov.rs\\\/sq\\\/\"},{\"@type\":\"ListItem\",\"position\":2,\"name\":\"GJERMAN\u00cbT HAPIN FABRIK\u00cb N\u00cb VRANJ\u00cb, K\u00cbRKOJN\u00cb PUNTOR\"}]},{\"@type\":\"WebSite\",\"@id\":\"https:\\\/\\\/kt.gov.rs\\\/#website\",\"url\":\"https:\\\/\\\/kt.gov.rs\\\/\",\"name\":\"\u041a\u043e\u043e\u0440\u0434\u0438\u043d\u0430\u0446\u0438\u043e\u043d\u043e \u0442\u0435\u043b\u043e \u0412\u043b\u0430\u0434\u0435 \u0420\u0435\u043f\u0443\u0431\u043b\u0438\u043a\u0435 \u0421\u0440\u0431\u0438\u0458\u0435 \u0437\u0430 \u043e\u043f\u0448\u0442\u0438\u043d\u0435 \u041f\u0440\u0435\u0448\u0435\u0432\u043e, \u0411\u0443\u0458\u0430\u043d\u043e\u0432\u0430\u0446 \u0438 \u041c\u0435\u0434\u0432\u0435\u0452a\",\"description\":\"\",\"publisher\":{\"@id\":\"https:\\\/\\\/kt.gov.rs\\\/#organization\"},\"alternateName\":\"\u041a\u043e\u043e\u0440\u0434\u0438\u043d\u0430\u0446\u0438\u043e\u043d\u043e \u0442\u0435\u043b\u043e\",\"potentialAction\":[{\"@type\":\"SearchAction\",\"target\":{\"@type\":\"EntryPoint\",\"urlTemplate\":\"https:\\\/\\\/kt.gov.rs\\\/?s={search_term_string}\"},\"query-input\":{\"@type\":\"PropertyValueSpecification\",\"valueRequired\":true,\"valueName\":\"search_term_string\"}}],\"inLanguage\":\"sq-AL\"},{\"@type\":\"Organization\",\"@id\":\"https:\\\/\\\/kt.gov.rs\\\/#organization\",\"name\":\"\u041a\u043e\u043e\u0440\u0434\u0438\u043d\u0430\u0446\u0438\u043e\u043d\u043e \u0442\u0435\u043b\u043e \u0412\u043b\u0430\u0434\u0435 \u0420\u0435\u043f\u0443\u0431\u043b\u0438\u043a\u0435 \u0421\u0440\u0431\u0438\u0458\u0435 \u0437\u0430 \u043e\u043f\u0448\u0442\u0438\u043d\u0435 \u041f\u0440\u0435\u0448\u0435\u0432\u043e, \u0411\u0443\u0458\u0430\u043d\u043e\u0432\u0430\u0446 \u0438 \u041c\u0435\u0434\u0432\u0435\u0452a\",\"alternateName\":\"\u041a\u043e\u043e\u0440\u0434\u0438\u043d\u0430\u0446\u0438\u043e\u043d\u043e \u0442\u0435\u043b\u043e\",\"url\":\"https:\\\/\\\/kt.gov.rs\\\/\",\"logo\":{\"@type\":\"ImageObject\",\"inLanguage\":\"sq-AL\",\"@id\":\"https:\\\/\\\/kt.gov.rs\\\/#\\\/schema\\\/logo\\\/image\\\/\",\"url\":\"https:\\\/\\\/kt.gov.rs\\\/wp-content\\\/uploads\\\/2024\\\/12\\\/koord2.jpg\",\"contentUrl\":\"https:\\\/\\\/kt.gov.rs\\\/wp-content\\\/uploads\\\/2024\\\/12\\\/koord2.jpg\",\"width\":640,\"height\":480,\"caption\":\"\u041a\u043e\u043e\u0440\u0434\u0438\u043d\u0430\u0446\u0438\u043e\u043d\u043e \u0442\u0435\u043b\u043e \u0412\u043b\u0430\u0434\u0435 \u0420\u0435\u043f\u0443\u0431\u043b\u0438\u043a\u0435 \u0421\u0440\u0431\u0438\u0458\u0435 \u0437\u0430 \u043e\u043f\u0448\u0442\u0438\u043d\u0435 \u041f\u0440\u0435\u0448\u0435\u0432\u043e, \u0411\u0443\u0458\u0430\u043d\u043e\u0432\u0430\u0446 \u0438 \u041c\u0435\u0434\u0432\u0435\u0452a\"},\"image\":{\"@id\":\"https:\\\/\\\/kt.gov.rs\\\/#\\\/schema\\\/logo\\\/image\\\/\"},\"sameAs\":[\"https:\\\/\\\/www.facebook.com\\\/SluzbaKoordinacionogTelaVladeRepublikeSrbije\",\"https:\\\/\\\/x.com\\\/kt_gov\",\"https:\\\/\\\/www.youtube.com\\\/@koordinacionotelo\"]},{\"@type\":\"Person\",\"@id\":\"https:\\\/\\\/kt.gov.rs\\\/#\\\/schema\\\/person\\\/e426459ddb4173309103390602694571\",\"name\":\"ktmin\",\"image\":{\"@type\":\"ImageObject\",\"inLanguage\":\"sq-AL\",\"@id\":\"https:\\\/\\\/secure.gravatar.com\\\/avatar\\\/3985c961109853010c3fbc7ba30365bfba5db3dd6c525831d9c595c7525a615a?s=96&d=mm&r=g\",\"url\":\"https:\\\/\\\/secure.gravatar.com\\\/avatar\\\/3985c961109853010c3fbc7ba30365bfba5db3dd6c525831d9c595c7525a615a?s=96&d=mm&r=g\",\"contentUrl\":\"https:\\\/\\\/secure.gravatar.com\\\/avatar\\\/3985c961109853010c3fbc7ba30365bfba5db3dd6c525831d9c595c7525a615a?s=96&d=mm&r=g\",\"caption\":\"ktmin\"},\"sameAs\":[\"https:\\\/\\\/kt.gov.rs\"],\"url\":\"https:\\\/\\\/kt.gov.rs\\\/sq\\\/author\\\/ktmin\\\/\"}]}<\/script>\n<!-- \/ Yoast SEO plugin. -->","yoast_head_json":{"title":"GJERMAN\u00cbT HAPIN FABRIK\u00cb N\u00cb VRANJ\u00cb, K\u00cbRKOJN\u00cb PUNTOR - Republika e S\u00ebrbis\u00eb Trupi Koordinues p\u00ebr komunat Bujanoc, Preshev\u00eb dhe Medvegj\u00eb","robots":{"index":"index","follow":"follow","max-snippet":"max-snippet:-1","max-image-preview":"max-image-preview:large","max-video-preview":"max-video-preview:-1"},"canonical":"https:\/\/kt.gov.rs\/sq\/gjermanet-hapin-fabrike-ne-vranje-kerkojne-puntor\/","og_locale":"sq_AL","og_type":"article","og_title":"GJERMAN\u00cbT HAPIN FABRIK\u00cb N\u00cb VRANJ\u00cb, K\u00cbRKOJN\u00cb PUNTOR - Republika e S\u00ebrbis\u00eb Trupi Koordinues p\u00ebr komunat Bujanoc, Preshev\u00eb dhe Medvegj\u00eb","og_description":"Bujanoc - Beograd -\u00a0Kompania e k\u00ebpuc\u00ebve &quot;Haiks&quot; nga Gjermania, s\u00eb shpejti, dhe sipas premtimit t\u00eb presidentit Aleksand\u00ebr Vu\u00e7iq, n\u00eb muajin mars, do t\u00eb hap\u00eb nj\u00eb fabrik\u00eb n\u00eb Bunushevc af\u00ebr Vranj\u00ebs dhe do t&#39;i ftoj\u00eb t\u00eb interesuarit t\u00eb aplikojn\u00eb p\u00ebr pun\u00eb.","og_url":"https:\/\/kt.gov.rs\/sq\/gjermanet-hapin-fabrike-ne-vranje-kerkojne-puntor\/","og_site_name":"Republika e S\u00ebrbis\u00eb Trupi Koordinues p\u00ebr komunat Bujanoc, Preshev\u00eb dhe Medvegj\u00eb","article_publisher":"https:\/\/www.facebook.com\/SluzbaKoordinacionogTelaVladeRepublikeSrbije","article_published_time":"2022-01-21T00:00:00+00:00","article_modified_time":"2024-07-30T17:58:07+00:00","og_image":[{"width":315,"height":230,"url":"https:\/\/kt.gov.rs\/wp-content\/uploads\/2024\/07\/1642763038_210122_1-3.jpg","type":"image\/jpeg"}],"author":"ktmin","twitter_card":"summary_large_image","twitter_creator":"@kt_gov","twitter_site":"@kt_gov","twitter_misc":{"Written by":"ktmin","Est. reading time":"2 minutes"},"schema":{"@context":"https:\/\/schema.org","@graph":[{"@type":"Article","@id":"https:\/\/kt.gov.rs\/sq\/gjermanet-hapin-fabrike-ne-vranje-kerkojne-puntor\/#article","isPartOf":{"@id":"https:\/\/kt.gov.rs\/sq\/gjermanet-hapin-fabrike-ne-vranje-kerkojne-puntor\/"},"author":{"name":"ktmin","@id":"https:\/\/kt.gov.rs\/#\/schema\/person\/e426459ddb4173309103390602694571"},"headline":"GJERMAN\u00cbT HAPIN FABRIK\u00cb N\u00cb VRANJ\u00cb, K\u00cbRKOJN\u00cb PUNTOR","datePublished":"2022-01-21T00:00:00+00:00","dateModified":"2024-07-30T17:58:07+00:00","mainEntityOfPage":{"@id":"https:\/\/kt.gov.rs\/sq\/gjermanet-hapin-fabrike-ne-vranje-kerkojne-puntor\/"},"wordCount":382,"publisher":{"@id":"https:\/\/kt.gov.rs\/#organization"},"image":{"@id":"https:\/\/kt.gov.rs\/sq\/gjermanet-hapin-fabrike-ne-vranje-kerkojne-puntor\/#primaryimage"},"thumbnailUrl":"https:\/\/kt.gov.rs\/wp-content\/uploads\/2024\/07\/1642763038_210122_1-3.jpg","articleSection":["Lajme"],"inLanguage":"sq-AL"},{"@type":"WebPage","@id":"https:\/\/kt.gov.rs\/sq\/gjermanet-hapin-fabrike-ne-vranje-kerkojne-puntor\/","url":"https:\/\/kt.gov.rs\/sq\/gjermanet-hapin-fabrike-ne-vranje-kerkojne-puntor\/","name":"GJERMAN\u00cbT HAPIN FABRIK\u00cb N\u00cb VRANJ\u00cb, K\u00cbRKOJN\u00cb PUNTOR - Republika e S\u00ebrbis\u00eb Trupi Koordinues p\u00ebr komunat Bujanoc, Preshev\u00eb dhe Medvegj\u00eb","isPartOf":{"@id":"https:\/\/kt.gov.rs\/#website"},"primaryImageOfPage":{"@id":"https:\/\/kt.gov.rs\/sq\/gjermanet-hapin-fabrike-ne-vranje-kerkojne-puntor\/#primaryimage"},"image":{"@id":"https:\/\/kt.gov.rs\/sq\/gjermanet-hapin-fabrike-ne-vranje-kerkojne-puntor\/#primaryimage"},"thumbnailUrl":"https:\/\/kt.gov.rs\/wp-content\/uploads\/2024\/07\/1642763038_210122_1-3.jpg","datePublished":"2022-01-21T00:00:00+00:00","dateModified":"2024-07-30T17:58:07+00:00","breadcrumb":{"@id":"https:\/\/kt.gov.rs\/sq\/gjermanet-hapin-fabrike-ne-vranje-kerkojne-puntor\/#breadcrumb"},"inLanguage":"sq-AL","potentialAction":[{"@type":"ReadAction","target":["https:\/\/kt.gov.rs\/sq\/gjermanet-hapin-fabrike-ne-vranje-kerkojne-puntor\/"]}]},{"@type":"ImageObject","inLanguage":"sq-AL","@id":"https:\/\/kt.gov.rs\/sq\/gjermanet-hapin-fabrike-ne-vranje-kerkojne-puntor\/#primaryimage","url":"https:\/\/kt.gov.rs\/wp-content\/uploads\/2024\/07\/1642763038_210122_1-3.jpg","contentUrl":"https:\/\/kt.gov.rs\/wp-content\/uploads\/2024\/07\/1642763038_210122_1-3.jpg","width":315,"height":230},{"@type":"BreadcrumbList","@id":"https:\/\/kt.gov.rs\/sq\/gjermanet-hapin-fabrike-ne-vranje-kerkojne-puntor\/#breadcrumb","itemListElement":[{"@type":"ListItem","position":1,"name":"\u041f\u043e\u0447\u0435\u0442\u043d\u0430","item":"https:\/\/kt.gov.rs\/sq\/"},{"@type":"ListItem","position":2,"name":"GJERMAN\u00cbT HAPIN FABRIK\u00cb N\u00cb VRANJ\u00cb, K\u00cbRKOJN\u00cb PUNTOR"}]},{"@type":"WebSite","@id":"https:\/\/kt.gov.rs\/#website","url":"https:\/\/kt.gov.rs\/","name":"\u041a\u043e\u043e\u0440\u0434\u0438\u043d\u0430\u0446\u0438\u043e\u043d\u043e \u0442\u0435\u043b\u043e \u0412\u043b\u0430\u0434\u0435 \u0420\u0435\u043f\u0443\u0431\u043b\u0438\u043a\u0435 \u0421\u0440\u0431\u0438\u0458\u0435 \u0437\u0430 \u043e\u043f\u0448\u0442\u0438\u043d\u0435 \u041f\u0440\u0435\u0448\u0435\u0432\u043e, \u0411\u0443\u0458\u0430\u043d\u043e\u0432\u0430\u0446 \u0438 \u041c\u0435\u0434\u0432\u0435\u0452a","description":"","publisher":{"@id":"https:\/\/kt.gov.rs\/#organization"},"alternateName":"\u041a\u043e\u043e\u0440\u0434\u0438\u043d\u0430\u0446\u0438\u043e\u043d\u043e \u0442\u0435\u043b\u043e","potentialAction":[{"@type":"SearchAction","target":{"@type":"EntryPoint","urlTemplate":"https:\/\/kt.gov.rs\/?s={search_term_string}"},"query-input":{"@type":"PropertyValueSpecification","valueRequired":true,"valueName":"search_term_string"}}],"inLanguage":"sq-AL"},{"@type":"Organization","@id":"https:\/\/kt.gov.rs\/#organization","name":"\u041a\u043e\u043e\u0440\u0434\u0438\u043d\u0430\u0446\u0438\u043e\u043d\u043e \u0442\u0435\u043b\u043e \u0412\u043b\u0430\u0434\u0435 \u0420\u0435\u043f\u0443\u0431\u043b\u0438\u043a\u0435 \u0421\u0440\u0431\u0438\u0458\u0435 \u0437\u0430 \u043e\u043f\u0448\u0442\u0438\u043d\u0435 \u041f\u0440\u0435\u0448\u0435\u0432\u043e, \u0411\u0443\u0458\u0430\u043d\u043e\u0432\u0430\u0446 \u0438 \u041c\u0435\u0434\u0432\u0435\u0452a","alternateName":"\u041a\u043e\u043e\u0440\u0434\u0438\u043d\u0430\u0446\u0438\u043e\u043d\u043e \u0442\u0435\u043b\u043e","url":"https:\/\/kt.gov.rs\/","logo":{"@type":"ImageObject","inLanguage":"sq-AL","@id":"https:\/\/kt.gov.rs\/#\/schema\/logo\/image\/","url":"https:\/\/kt.gov.rs\/wp-content\/uploads\/2024\/12\/koord2.jpg","contentUrl":"https:\/\/kt.gov.rs\/wp-content\/uploads\/2024\/12\/koord2.jpg","width":640,"height":480,"caption":"\u041a\u043e\u043e\u0440\u0434\u0438\u043d\u0430\u0446\u0438\u043e\u043d\u043e \u0442\u0435\u043b\u043e \u0412\u043b\u0430\u0434\u0435 \u0420\u0435\u043f\u0443\u0431\u043b\u0438\u043a\u0435 \u0421\u0440\u0431\u0438\u0458\u0435 \u0437\u0430 \u043e\u043f\u0448\u0442\u0438\u043d\u0435 \u041f\u0440\u0435\u0448\u0435\u0432\u043e, \u0411\u0443\u0458\u0430\u043d\u043e\u0432\u0430\u0446 \u0438 \u041c\u0435\u0434\u0432\u0435\u0452a"},"image":{"@id":"https:\/\/kt.gov.rs\/#\/schema\/logo\/image\/"},"sameAs":["https:\/\/www.facebook.com\/SluzbaKoordinacionogTelaVladeRepublikeSrbije","https:\/\/x.com\/kt_gov","https:\/\/www.youtube.com\/@koordinacionotelo"]},{"@type":"Person","@id":"https:\/\/kt.gov.rs\/#\/schema\/person\/e426459ddb4173309103390602694571","name":"ktmin","image":{"@type":"ImageObject","inLanguage":"sq-AL","@id":"https:\/\/secure.gravatar.com\/avatar\/3985c961109853010c3fbc7ba30365bfba5db3dd6c525831d9c595c7525a615a?s=96&d=mm&r=g","url":"https:\/\/secure.gravatar.com\/avatar\/3985c961109853010c3fbc7ba30365bfba5db3dd6c525831d9c595c7525a615a?s=96&d=mm&r=g","contentUrl":"https:\/\/secure.gravatar.com\/avatar\/3985c961109853010c3fbc7ba30365bfba5db3dd6c525831d9c595c7525a615a?s=96&d=mm&r=g","caption":"ktmin"},"sameAs":["https:\/\/kt.gov.rs"],"url":"https:\/\/kt.gov.rs\/sq\/author\/ktmin\/"}]}},"_links":{"self":[{"href":"https:\/\/kt.gov.rs\/sq\/wp-json\/wp\/v2\/posts\/108416","targetHints":{"allow":["GET"]}}],"collection":[{"href":"https:\/\/kt.gov.rs\/sq\/wp-json\/wp\/v2\/posts"}],"about":[{"href":"https:\/\/kt.gov.rs\/sq\/wp-json\/wp\/v2\/types\/post"}],"author":[{"embeddable":true,"href":"https:\/\/kt.gov.rs\/sq\/wp-json\/wp\/v2\/users\/1"}],"replies":[{"embeddable":true,"href":"https:\/\/kt.gov.rs\/sq\/wp-json\/wp\/v2\/comments?post=108416"}],"version-history":[{"count":1,"href":"https:\/\/kt.gov.rs\/sq\/wp-json\/wp\/v2\/posts\/108416\/revisions"}],"predecessor-version":[{"id":108420,"href":"https:\/\/kt.gov.rs\/sq\/wp-json\/wp\/v2\/posts\/108416\/revisions\/108420"}],"wp:featuredmedia":[{"embeddable":true,"href":"https:\/\/kt.gov.rs\/sq\/wp-json\/wp\/v2\/media\/108421"}],"wp:attachment":[{"href":"https:\/\/kt.gov.rs\/sq\/wp-json\/wp\/v2\/media?parent=108416"}],"wp:term":[{"taxonomy":"category","embeddable":true,"href":"https:\/\/kt.gov.rs\/sq\/wp-json\/wp\/v2\/categories?post=108416"},{"taxonomy":"post_tag","embeddable":true,"href":"https:\/\/kt.gov.rs\/sq\/wp-json\/wp\/v2\/tags?post=108416"}],"curies":[{"name":"wp","href":"https:\/\/api.w.org\/{rel}","templated":true}]}}