{"id":108408,"date":"2022-01-24T00:00:00","date_gmt":"2022-01-24T00:00:00","guid":{"rendered":"http:\/\/kt.printandscreen.rs\/organizata-komunale-e-pensionisteve-ne-medvegje-ka-dyfishuar-anetaresimin-e-saj\/"},"modified":"2024-07-30T17:58:07","modified_gmt":"2024-07-30T17:58:07","slug":"organizata-komunale-e-pensionisteve-ne-medvegje-ka-dyfishuar-anetaresimin-e-saj","status":"publish","type":"post","link":"https:\/\/kt.gov.rs\/sq\/organizata-komunale-e-pensionisteve-ne-medvegje-ka-dyfishuar-anetaresimin-e-saj\/","title":{"rendered":"ORGANIZATA KOMUNALE E PENSIONIST\u00cbVE N\u00cb MEDVEGJ\u00cb KA DYFISHUAR AN\u00cbTAR\u00cbSIMIN E SAJ"},"content":{"rendered":"<p>\n\t<strong><img decoding=\"async\" alt=\"\" src=\"https:\/\/kt.gov.rs\/wp-content\/uploads\/2024\/07\/1643026785_240122_1-2.jpg\" style=\"width: 315px; height: 230px; float: left;\" \/><\/strong><strong>Medvegj\u00eb-Beograd <\/strong>Shoqata e Pensionist\u00ebve t\u00eb Komun\u00ebs s\u00eb Medvegj\u00ebs n\u00eb vitin e fundit edhe pse n\u00eb kushtet e pandemis\u00eb ka dyfishuar an\u00ebtar\u00ebsin\u00eb e saj.<\/p>\n<p>\n\t\u201cNga 1630 pensionist\u00eb q\u00eb jetojn\u00eb n\u00eb territorin ton\u00eb t\u00eb komun\u00ebs\u00a0 t\u00eb Medvegj\u00ebs, neve na u \u00a0bashkuan rreth 960 an\u00ebtar\u00eb aktiv\u00eb. Fal\u00eb Nebojsha Arsiqit dhe vet\u00ebqeverisjes lokale t\u00eb qytetit t\u00eb Medvegj\u00ebs, pensionist\u00ebt tan\u00eb kan\u00eb k\u00ebndin e tyre, nj\u00eb klub t\u00eb dekoruar bukur n\u00eb Medvegj\u00eb, dhe t\u00eb nj\u00ebjtin do ta rregullojm\u00eb vitin e ardhsh\u00ebm n\u00eb Banj\u00ebn e Sijarin\u00ebs, t\u00eb moshuarit jan\u00eb thjesht t\u00eb etur p\u00ebr t&#39;u shoq\u00ebruar theksoi Milladin Sharac , kryetar i organizat\u00ebs Komunale t\u00eb pensionist\u00ebve t\u00eb komun\u00ebs s\u00eb Medvegj\u00ebs.<\/p>\n<p>\n\tKryetari i k\u00ebsaj organizate komunale thekson bashk\u00ebpunimin e gjithansh\u00ebm me shoqat\u00ebn rajonale t\u00eb pensionist\u00ebve me seli n\u00eb Leskoc, si dhe me shoqat\u00ebn e pensionist\u00ebve t\u00eb qytetit t\u00eb Leskocit.<\/p>\n<p>\n\t&quot;Ne do t\u00eb b\u00ebjm\u00eb num\u00ebr t\u00eb madh t\u00eb aktiviteteve t\u00eb planifikuara p\u00ebr t\u00eb mbrojtur standardin e jetes\u00ebs dhe sh\u00ebndetin e an\u00ebtar\u00ebve tan\u00eb s\u00eb bashku gjat\u00eb vitit 2022,&quot; tha Bratisllav Zdravkoviq, kryetar i Shoqat\u00ebs s\u00eb pensionist\u00ebve t\u00eb Leskocit dhe koordinator i shoqatave komunale p\u00ebr rrethin administrativ t\u00eb Jabllanic\u00ebs.<\/p>\n<p>\n\tT\u00eb dy kryetar\u00ebt e shoqatave komunale, Bratisllav Zdravkoviq dhe Milladin Sharac, theksojn\u00eb daljen m\u00eb t\u00eb madhe t\u00eb papritur t\u00eb an\u00ebtar\u00ebve p\u00ebr shkak t\u00eb vdekshm\u00ebris\u00eb s\u00eb lart\u00eb t\u00eb popullat\u00ebs s\u00eb moshuar nga korona virusi.<\/p>\n<p>\n\t\u201cAn\u00ebtar\u00ebt e moshuar po e kan\u00eb gjithnj\u00eb e m\u00eb t\u00eb v\u00ebshtir\u00eb t\u00eb vendosin, me shum\u00eb mund\u00ebsi p\u00ebr munges\u00eb parash, t\u00eb vazhdojn\u00eb trajtimin n\u00eb Leskoc apo Nish, k\u00ebshtu q\u00eb ata jan\u00eb viktima t\u00eb shpeshta t\u00eb s\u00ebmundjeve t\u00eb tjera t\u00eb r\u00ebnda dhe t\u00eb padukshme\u201d, theksoi Milladin Sharac.<\/p>\n<p>\n\t<strong>Burimet:Jugpres, Trupi Koordinues<\/strong><\/p>\n<p>\n\t\u00a0<\/p>\n","protected":false},"excerpt":{"rendered":"<p>Medvegj\u00eb-Beograd\u00a0Shoqata e Pensionist\u00ebve t\u00eb Komun\u00ebs s\u00eb Medvegj\u00ebs n\u00eb vitin e fundit edhe pse n\u00eb kushtet e pandemis\u00eb ka dyfishuar an\u00ebtar\u00ebsin\u00eb e saj.<\/p>\n","protected":false},"author":1,"featured_media":108413,"comment_status":"closed","ping_status":"closed","sticky":false,"template":"","format":"standard","meta":{"footnotes":""},"categories":[55],"tags":[],"class_list":["post-108408","post","type-post","status-publish","format-standard","has-post-thumbnail","hentry","category-lajme"],"yoast_head":"<!-- This site is optimized with the Yoast SEO plugin v27.5 - https:\/\/yoast.com\/product\/yoast-seo-wordpress\/ -->\n<title>ORGANIZATA KOMUNALE E PENSIONIST\u00cbVE N\u00cb MEDVEGJ\u00cb KA DYFISHUAR AN\u00cbTAR\u00cbSIMIN E SAJ - Republika e S\u00ebrbis\u00eb Trupi Koordinues p\u00ebr komunat Bujanoc, Preshev\u00eb dhe Medvegj\u00eb<\/title>\n<meta name=\"robots\" content=\"index, follow, max-snippet:-1, max-image-preview:large, max-video-preview:-1\" \/>\n<link rel=\"canonical\" href=\"https:\/\/kt.gov.rs\/sq\/organizata-komunale-e-pensionisteve-ne-medvegje-ka-dyfishuar-anetaresimin-e-saj\/\" \/>\n<meta property=\"og:locale\" content=\"sq_AL\" \/>\n<meta property=\"og:type\" content=\"article\" \/>\n<meta property=\"og:title\" content=\"ORGANIZATA KOMUNALE E PENSIONIST\u00cbVE N\u00cb MEDVEGJ\u00cb KA DYFISHUAR AN\u00cbTAR\u00cbSIMIN E SAJ - Republika e S\u00ebrbis\u00eb Trupi Koordinues p\u00ebr komunat Bujanoc, Preshev\u00eb dhe Medvegj\u00eb\" \/>\n<meta property=\"og:description\" content=\"Medvegj\u00eb-Beograd\u00a0Shoqata e Pensionist\u00ebve t\u00eb Komun\u00ebs s\u00eb Medvegj\u00ebs n\u00eb vitin e fundit edhe pse n\u00eb kushtet e pandemis\u00eb ka dyfishuar an\u00ebtar\u00ebsin\u00eb e saj.\" \/>\n<meta property=\"og:url\" content=\"https:\/\/kt.gov.rs\/sq\/organizata-komunale-e-pensionisteve-ne-medvegje-ka-dyfishuar-anetaresimin-e-saj\/\" \/>\n<meta property=\"og:site_name\" content=\"Republika e S\u00ebrbis\u00eb Trupi Koordinues p\u00ebr komunat Bujanoc, Preshev\u00eb dhe Medvegj\u00eb\" \/>\n<meta property=\"article:publisher\" content=\"https:\/\/www.facebook.com\/SluzbaKoordinacionogTelaVladeRepublikeSrbije\" \/>\n<meta property=\"article:published_time\" content=\"2022-01-24T00:00:00+00:00\" \/>\n<meta property=\"article:modified_time\" content=\"2024-07-30T17:58:07+00:00\" \/>\n<meta property=\"og:image\" content=\"https:\/\/kt.gov.rs\/wp-content\/uploads\/2024\/07\/1643026785_240122_1-3.jpg\" \/>\n\t<meta property=\"og:image:width\" content=\"315\" \/>\n\t<meta property=\"og:image:height\" content=\"230\" \/>\n\t<meta property=\"og:image:type\" content=\"image\/jpeg\" \/>\n<meta name=\"author\" content=\"ktmin\" \/>\n<meta name=\"twitter:card\" content=\"summary_large_image\" \/>\n<meta name=\"twitter:creator\" content=\"@kt_gov\" \/>\n<meta name=\"twitter:site\" content=\"@kt_gov\" \/>\n<meta name=\"twitter:label1\" content=\"Written by\" \/>\n\t<meta name=\"twitter:data1\" content=\"ktmin\" \/>\n\t<meta name=\"twitter:label2\" content=\"Est. reading time\" \/>\n\t<meta name=\"twitter:data2\" content=\"2 minutes\" \/>\n<script type=\"application\/ld+json\" class=\"yoast-schema-graph\">{\"@context\":\"https:\\\/\\\/schema.org\",\"@graph\":[{\"@type\":\"Article\",\"@id\":\"https:\\\/\\\/kt.gov.rs\\\/sq\\\/organizata-komunale-e-pensionisteve-ne-medvegje-ka-dyfishuar-anetaresimin-e-saj\\\/#article\",\"isPartOf\":{\"@id\":\"https:\\\/\\\/kt.gov.rs\\\/sq\\\/organizata-komunale-e-pensionisteve-ne-medvegje-ka-dyfishuar-anetaresimin-e-saj\\\/\"},\"author\":{\"name\":\"ktmin\",\"@id\":\"https:\\\/\\\/kt.gov.rs\\\/#\\\/schema\\\/person\\\/e426459ddb4173309103390602694571\"},\"headline\":\"ORGANIZATA KOMUNALE E PENSIONIST\u00cbVE N\u00cb MEDVEGJ\u00cb KA DYFISHUAR AN\u00cbTAR\u00cbSIMIN E SAJ\",\"datePublished\":\"2022-01-24T00:00:00+00:00\",\"dateModified\":\"2024-07-30T17:58:07+00:00\",\"mainEntityOfPage\":{\"@id\":\"https:\\\/\\\/kt.gov.rs\\\/sq\\\/organizata-komunale-e-pensionisteve-ne-medvegje-ka-dyfishuar-anetaresimin-e-saj\\\/\"},\"wordCount\":467,\"publisher\":{\"@id\":\"https:\\\/\\\/kt.gov.rs\\\/#organization\"},\"image\":{\"@id\":\"https:\\\/\\\/kt.gov.rs\\\/sq\\\/organizata-komunale-e-pensionisteve-ne-medvegje-ka-dyfishuar-anetaresimin-e-saj\\\/#primaryimage\"},\"thumbnailUrl\":\"https:\\\/\\\/kt.gov.rs\\\/wp-content\\\/uploads\\\/2024\\\/07\\\/1643026785_240122_1-3.jpg\",\"articleSection\":[\"Lajme\"],\"inLanguage\":\"sq-AL\"},{\"@type\":\"WebPage\",\"@id\":\"https:\\\/\\\/kt.gov.rs\\\/sq\\\/organizata-komunale-e-pensionisteve-ne-medvegje-ka-dyfishuar-anetaresimin-e-saj\\\/\",\"url\":\"https:\\\/\\\/kt.gov.rs\\\/sq\\\/organizata-komunale-e-pensionisteve-ne-medvegje-ka-dyfishuar-anetaresimin-e-saj\\\/\",\"name\":\"ORGANIZATA KOMUNALE E PENSIONIST\u00cbVE N\u00cb MEDVEGJ\u00cb KA DYFISHUAR AN\u00cbTAR\u00cbSIMIN E SAJ - Republika e S\u00ebrbis\u00eb Trupi Koordinues p\u00ebr komunat Bujanoc, Preshev\u00eb dhe Medvegj\u00eb\",\"isPartOf\":{\"@id\":\"https:\\\/\\\/kt.gov.rs\\\/#website\"},\"primaryImageOfPage\":{\"@id\":\"https:\\\/\\\/kt.gov.rs\\\/sq\\\/organizata-komunale-e-pensionisteve-ne-medvegje-ka-dyfishuar-anetaresimin-e-saj\\\/#primaryimage\"},\"image\":{\"@id\":\"https:\\\/\\\/kt.gov.rs\\\/sq\\\/organizata-komunale-e-pensionisteve-ne-medvegje-ka-dyfishuar-anetaresimin-e-saj\\\/#primaryimage\"},\"thumbnailUrl\":\"https:\\\/\\\/kt.gov.rs\\\/wp-content\\\/uploads\\\/2024\\\/07\\\/1643026785_240122_1-3.jpg\",\"datePublished\":\"2022-01-24T00:00:00+00:00\",\"dateModified\":\"2024-07-30T17:58:07+00:00\",\"breadcrumb\":{\"@id\":\"https:\\\/\\\/kt.gov.rs\\\/sq\\\/organizata-komunale-e-pensionisteve-ne-medvegje-ka-dyfishuar-anetaresimin-e-saj\\\/#breadcrumb\"},\"inLanguage\":\"sq-AL\",\"potentialAction\":[{\"@type\":\"ReadAction\",\"target\":[\"https:\\\/\\\/kt.gov.rs\\\/sq\\\/organizata-komunale-e-pensionisteve-ne-medvegje-ka-dyfishuar-anetaresimin-e-saj\\\/\"]}]},{\"@type\":\"ImageObject\",\"inLanguage\":\"sq-AL\",\"@id\":\"https:\\\/\\\/kt.gov.rs\\\/sq\\\/organizata-komunale-e-pensionisteve-ne-medvegje-ka-dyfishuar-anetaresimin-e-saj\\\/#primaryimage\",\"url\":\"https:\\\/\\\/kt.gov.rs\\\/wp-content\\\/uploads\\\/2024\\\/07\\\/1643026785_240122_1-3.jpg\",\"contentUrl\":\"https:\\\/\\\/kt.gov.rs\\\/wp-content\\\/uploads\\\/2024\\\/07\\\/1643026785_240122_1-3.jpg\",\"width\":315,\"height\":230},{\"@type\":\"BreadcrumbList\",\"@id\":\"https:\\\/\\\/kt.gov.rs\\\/sq\\\/organizata-komunale-e-pensionisteve-ne-medvegje-ka-dyfishuar-anetaresimin-e-saj\\\/#breadcrumb\",\"itemListElement\":[{\"@type\":\"ListItem\",\"position\":1,\"name\":\"\u041f\u043e\u0447\u0435\u0442\u043d\u0430\",\"item\":\"https:\\\/\\\/kt.gov.rs\\\/sq\\\/\"},{\"@type\":\"ListItem\",\"position\":2,\"name\":\"ORGANIZATA KOMUNALE E PENSIONIST\u00cbVE N\u00cb MEDVEGJ\u00cb KA DYFISHUAR AN\u00cbTAR\u00cbSIMIN E SAJ\"}]},{\"@type\":\"WebSite\",\"@id\":\"https:\\\/\\\/kt.gov.rs\\\/#website\",\"url\":\"https:\\\/\\\/kt.gov.rs\\\/\",\"name\":\"\u041a\u043e\u043e\u0440\u0434\u0438\u043d\u0430\u0446\u0438\u043e\u043d\u043e \u0442\u0435\u043b\u043e \u0412\u043b\u0430\u0434\u0435 \u0420\u0435\u043f\u0443\u0431\u043b\u0438\u043a\u0435 \u0421\u0440\u0431\u0438\u0458\u0435 \u0437\u0430 \u043e\u043f\u0448\u0442\u0438\u043d\u0435 \u041f\u0440\u0435\u0448\u0435\u0432\u043e, \u0411\u0443\u0458\u0430\u043d\u043e\u0432\u0430\u0446 \u0438 \u041c\u0435\u0434\u0432\u0435\u0452a\",\"description\":\"\",\"publisher\":{\"@id\":\"https:\\\/\\\/kt.gov.rs\\\/#organization\"},\"alternateName\":\"\u041a\u043e\u043e\u0440\u0434\u0438\u043d\u0430\u0446\u0438\u043e\u043d\u043e \u0442\u0435\u043b\u043e\",\"potentialAction\":[{\"@type\":\"SearchAction\",\"target\":{\"@type\":\"EntryPoint\",\"urlTemplate\":\"https:\\\/\\\/kt.gov.rs\\\/?s={search_term_string}\"},\"query-input\":{\"@type\":\"PropertyValueSpecification\",\"valueRequired\":true,\"valueName\":\"search_term_string\"}}],\"inLanguage\":\"sq-AL\"},{\"@type\":\"Organization\",\"@id\":\"https:\\\/\\\/kt.gov.rs\\\/#organization\",\"name\":\"\u041a\u043e\u043e\u0440\u0434\u0438\u043d\u0430\u0446\u0438\u043e\u043d\u043e \u0442\u0435\u043b\u043e \u0412\u043b\u0430\u0434\u0435 \u0420\u0435\u043f\u0443\u0431\u043b\u0438\u043a\u0435 \u0421\u0440\u0431\u0438\u0458\u0435 \u0437\u0430 \u043e\u043f\u0448\u0442\u0438\u043d\u0435 \u041f\u0440\u0435\u0448\u0435\u0432\u043e, \u0411\u0443\u0458\u0430\u043d\u043e\u0432\u0430\u0446 \u0438 \u041c\u0435\u0434\u0432\u0435\u0452a\",\"alternateName\":\"\u041a\u043e\u043e\u0440\u0434\u0438\u043d\u0430\u0446\u0438\u043e\u043d\u043e \u0442\u0435\u043b\u043e\",\"url\":\"https:\\\/\\\/kt.gov.rs\\\/\",\"logo\":{\"@type\":\"ImageObject\",\"inLanguage\":\"sq-AL\",\"@id\":\"https:\\\/\\\/kt.gov.rs\\\/#\\\/schema\\\/logo\\\/image\\\/\",\"url\":\"https:\\\/\\\/kt.gov.rs\\\/wp-content\\\/uploads\\\/2024\\\/12\\\/koord2.jpg\",\"contentUrl\":\"https:\\\/\\\/kt.gov.rs\\\/wp-content\\\/uploads\\\/2024\\\/12\\\/koord2.jpg\",\"width\":640,\"height\":480,\"caption\":\"\u041a\u043e\u043e\u0440\u0434\u0438\u043d\u0430\u0446\u0438\u043e\u043d\u043e \u0442\u0435\u043b\u043e \u0412\u043b\u0430\u0434\u0435 \u0420\u0435\u043f\u0443\u0431\u043b\u0438\u043a\u0435 \u0421\u0440\u0431\u0438\u0458\u0435 \u0437\u0430 \u043e\u043f\u0448\u0442\u0438\u043d\u0435 \u041f\u0440\u0435\u0448\u0435\u0432\u043e, \u0411\u0443\u0458\u0430\u043d\u043e\u0432\u0430\u0446 \u0438 \u041c\u0435\u0434\u0432\u0435\u0452a\"},\"image\":{\"@id\":\"https:\\\/\\\/kt.gov.rs\\\/#\\\/schema\\\/logo\\\/image\\\/\"},\"sameAs\":[\"https:\\\/\\\/www.facebook.com\\\/SluzbaKoordinacionogTelaVladeRepublikeSrbije\",\"https:\\\/\\\/x.com\\\/kt_gov\",\"https:\\\/\\\/www.youtube.com\\\/@koordinacionotelo\"]},{\"@type\":\"Person\",\"@id\":\"https:\\\/\\\/kt.gov.rs\\\/#\\\/schema\\\/person\\\/e426459ddb4173309103390602694571\",\"name\":\"ktmin\",\"image\":{\"@type\":\"ImageObject\",\"inLanguage\":\"sq-AL\",\"@id\":\"https:\\\/\\\/secure.gravatar.com\\\/avatar\\\/3985c961109853010c3fbc7ba30365bfba5db3dd6c525831d9c595c7525a615a?s=96&d=mm&r=g\",\"url\":\"https:\\\/\\\/secure.gravatar.com\\\/avatar\\\/3985c961109853010c3fbc7ba30365bfba5db3dd6c525831d9c595c7525a615a?s=96&d=mm&r=g\",\"contentUrl\":\"https:\\\/\\\/secure.gravatar.com\\\/avatar\\\/3985c961109853010c3fbc7ba30365bfba5db3dd6c525831d9c595c7525a615a?s=96&d=mm&r=g\",\"caption\":\"ktmin\"},\"sameAs\":[\"https:\\\/\\\/kt.gov.rs\"],\"url\":\"https:\\\/\\\/kt.gov.rs\\\/sq\\\/author\\\/ktmin\\\/\"}]}<\/script>\n<!-- \/ Yoast SEO plugin. -->","yoast_head_json":{"title":"ORGANIZATA KOMUNALE E PENSIONIST\u00cbVE N\u00cb MEDVEGJ\u00cb KA DYFISHUAR AN\u00cbTAR\u00cbSIMIN E SAJ - Republika e S\u00ebrbis\u00eb Trupi Koordinues p\u00ebr komunat Bujanoc, Preshev\u00eb dhe Medvegj\u00eb","robots":{"index":"index","follow":"follow","max-snippet":"max-snippet:-1","max-image-preview":"max-image-preview:large","max-video-preview":"max-video-preview:-1"},"canonical":"https:\/\/kt.gov.rs\/sq\/organizata-komunale-e-pensionisteve-ne-medvegje-ka-dyfishuar-anetaresimin-e-saj\/","og_locale":"sq_AL","og_type":"article","og_title":"ORGANIZATA KOMUNALE E PENSIONIST\u00cbVE N\u00cb MEDVEGJ\u00cb KA DYFISHUAR AN\u00cbTAR\u00cbSIMIN E SAJ - Republika e S\u00ebrbis\u00eb Trupi Koordinues p\u00ebr komunat Bujanoc, Preshev\u00eb dhe Medvegj\u00eb","og_description":"Medvegj\u00eb-Beograd\u00a0Shoqata e Pensionist\u00ebve t\u00eb Komun\u00ebs s\u00eb Medvegj\u00ebs n\u00eb vitin e fundit edhe pse n\u00eb kushtet e pandemis\u00eb ka dyfishuar an\u00ebtar\u00ebsin\u00eb e saj.","og_url":"https:\/\/kt.gov.rs\/sq\/organizata-komunale-e-pensionisteve-ne-medvegje-ka-dyfishuar-anetaresimin-e-saj\/","og_site_name":"Republika e S\u00ebrbis\u00eb Trupi Koordinues p\u00ebr komunat Bujanoc, Preshev\u00eb dhe Medvegj\u00eb","article_publisher":"https:\/\/www.facebook.com\/SluzbaKoordinacionogTelaVladeRepublikeSrbije","article_published_time":"2022-01-24T00:00:00+00:00","article_modified_time":"2024-07-30T17:58:07+00:00","og_image":[{"width":315,"height":230,"url":"https:\/\/kt.gov.rs\/wp-content\/uploads\/2024\/07\/1643026785_240122_1-3.jpg","type":"image\/jpeg"}],"author":"ktmin","twitter_card":"summary_large_image","twitter_creator":"@kt_gov","twitter_site":"@kt_gov","twitter_misc":{"Written by":"ktmin","Est. reading time":"2 minutes"},"schema":{"@context":"https:\/\/schema.org","@graph":[{"@type":"Article","@id":"https:\/\/kt.gov.rs\/sq\/organizata-komunale-e-pensionisteve-ne-medvegje-ka-dyfishuar-anetaresimin-e-saj\/#article","isPartOf":{"@id":"https:\/\/kt.gov.rs\/sq\/organizata-komunale-e-pensionisteve-ne-medvegje-ka-dyfishuar-anetaresimin-e-saj\/"},"author":{"name":"ktmin","@id":"https:\/\/kt.gov.rs\/#\/schema\/person\/e426459ddb4173309103390602694571"},"headline":"ORGANIZATA KOMUNALE E PENSIONIST\u00cbVE N\u00cb MEDVEGJ\u00cb KA DYFISHUAR AN\u00cbTAR\u00cbSIMIN E SAJ","datePublished":"2022-01-24T00:00:00+00:00","dateModified":"2024-07-30T17:58:07+00:00","mainEntityOfPage":{"@id":"https:\/\/kt.gov.rs\/sq\/organizata-komunale-e-pensionisteve-ne-medvegje-ka-dyfishuar-anetaresimin-e-saj\/"},"wordCount":467,"publisher":{"@id":"https:\/\/kt.gov.rs\/#organization"},"image":{"@id":"https:\/\/kt.gov.rs\/sq\/organizata-komunale-e-pensionisteve-ne-medvegje-ka-dyfishuar-anetaresimin-e-saj\/#primaryimage"},"thumbnailUrl":"https:\/\/kt.gov.rs\/wp-content\/uploads\/2024\/07\/1643026785_240122_1-3.jpg","articleSection":["Lajme"],"inLanguage":"sq-AL"},{"@type":"WebPage","@id":"https:\/\/kt.gov.rs\/sq\/organizata-komunale-e-pensionisteve-ne-medvegje-ka-dyfishuar-anetaresimin-e-saj\/","url":"https:\/\/kt.gov.rs\/sq\/organizata-komunale-e-pensionisteve-ne-medvegje-ka-dyfishuar-anetaresimin-e-saj\/","name":"ORGANIZATA KOMUNALE E PENSIONIST\u00cbVE N\u00cb MEDVEGJ\u00cb KA DYFISHUAR AN\u00cbTAR\u00cbSIMIN E SAJ - Republika e S\u00ebrbis\u00eb Trupi Koordinues p\u00ebr komunat Bujanoc, Preshev\u00eb dhe Medvegj\u00eb","isPartOf":{"@id":"https:\/\/kt.gov.rs\/#website"},"primaryImageOfPage":{"@id":"https:\/\/kt.gov.rs\/sq\/organizata-komunale-e-pensionisteve-ne-medvegje-ka-dyfishuar-anetaresimin-e-saj\/#primaryimage"},"image":{"@id":"https:\/\/kt.gov.rs\/sq\/organizata-komunale-e-pensionisteve-ne-medvegje-ka-dyfishuar-anetaresimin-e-saj\/#primaryimage"},"thumbnailUrl":"https:\/\/kt.gov.rs\/wp-content\/uploads\/2024\/07\/1643026785_240122_1-3.jpg","datePublished":"2022-01-24T00:00:00+00:00","dateModified":"2024-07-30T17:58:07+00:00","breadcrumb":{"@id":"https:\/\/kt.gov.rs\/sq\/organizata-komunale-e-pensionisteve-ne-medvegje-ka-dyfishuar-anetaresimin-e-saj\/#breadcrumb"},"inLanguage":"sq-AL","potentialAction":[{"@type":"ReadAction","target":["https:\/\/kt.gov.rs\/sq\/organizata-komunale-e-pensionisteve-ne-medvegje-ka-dyfishuar-anetaresimin-e-saj\/"]}]},{"@type":"ImageObject","inLanguage":"sq-AL","@id":"https:\/\/kt.gov.rs\/sq\/organizata-komunale-e-pensionisteve-ne-medvegje-ka-dyfishuar-anetaresimin-e-saj\/#primaryimage","url":"https:\/\/kt.gov.rs\/wp-content\/uploads\/2024\/07\/1643026785_240122_1-3.jpg","contentUrl":"https:\/\/kt.gov.rs\/wp-content\/uploads\/2024\/07\/1643026785_240122_1-3.jpg","width":315,"height":230},{"@type":"BreadcrumbList","@id":"https:\/\/kt.gov.rs\/sq\/organizata-komunale-e-pensionisteve-ne-medvegje-ka-dyfishuar-anetaresimin-e-saj\/#breadcrumb","itemListElement":[{"@type":"ListItem","position":1,"name":"\u041f\u043e\u0447\u0435\u0442\u043d\u0430","item":"https:\/\/kt.gov.rs\/sq\/"},{"@type":"ListItem","position":2,"name":"ORGANIZATA KOMUNALE E PENSIONIST\u00cbVE N\u00cb MEDVEGJ\u00cb KA DYFISHUAR AN\u00cbTAR\u00cbSIMIN E SAJ"}]},{"@type":"WebSite","@id":"https:\/\/kt.gov.rs\/#website","url":"https:\/\/kt.gov.rs\/","name":"\u041a\u043e\u043e\u0440\u0434\u0438\u043d\u0430\u0446\u0438\u043e\u043d\u043e \u0442\u0435\u043b\u043e \u0412\u043b\u0430\u0434\u0435 \u0420\u0435\u043f\u0443\u0431\u043b\u0438\u043a\u0435 \u0421\u0440\u0431\u0438\u0458\u0435 \u0437\u0430 \u043e\u043f\u0448\u0442\u0438\u043d\u0435 \u041f\u0440\u0435\u0448\u0435\u0432\u043e, \u0411\u0443\u0458\u0430\u043d\u043e\u0432\u0430\u0446 \u0438 \u041c\u0435\u0434\u0432\u0435\u0452a","description":"","publisher":{"@id":"https:\/\/kt.gov.rs\/#organization"},"alternateName":"\u041a\u043e\u043e\u0440\u0434\u0438\u043d\u0430\u0446\u0438\u043e\u043d\u043e \u0442\u0435\u043b\u043e","potentialAction":[{"@type":"SearchAction","target":{"@type":"EntryPoint","urlTemplate":"https:\/\/kt.gov.rs\/?s={search_term_string}"},"query-input":{"@type":"PropertyValueSpecification","valueRequired":true,"valueName":"search_term_string"}}],"inLanguage":"sq-AL"},{"@type":"Organization","@id":"https:\/\/kt.gov.rs\/#organization","name":"\u041a\u043e\u043e\u0440\u0434\u0438\u043d\u0430\u0446\u0438\u043e\u043d\u043e \u0442\u0435\u043b\u043e \u0412\u043b\u0430\u0434\u0435 \u0420\u0435\u043f\u0443\u0431\u043b\u0438\u043a\u0435 \u0421\u0440\u0431\u0438\u0458\u0435 \u0437\u0430 \u043e\u043f\u0448\u0442\u0438\u043d\u0435 \u041f\u0440\u0435\u0448\u0435\u0432\u043e, \u0411\u0443\u0458\u0430\u043d\u043e\u0432\u0430\u0446 \u0438 \u041c\u0435\u0434\u0432\u0435\u0452a","alternateName":"\u041a\u043e\u043e\u0440\u0434\u0438\u043d\u0430\u0446\u0438\u043e\u043d\u043e \u0442\u0435\u043b\u043e","url":"https:\/\/kt.gov.rs\/","logo":{"@type":"ImageObject","inLanguage":"sq-AL","@id":"https:\/\/kt.gov.rs\/#\/schema\/logo\/image\/","url":"https:\/\/kt.gov.rs\/wp-content\/uploads\/2024\/12\/koord2.jpg","contentUrl":"https:\/\/kt.gov.rs\/wp-content\/uploads\/2024\/12\/koord2.jpg","width":640,"height":480,"caption":"\u041a\u043e\u043e\u0440\u0434\u0438\u043d\u0430\u0446\u0438\u043e\u043d\u043e \u0442\u0435\u043b\u043e \u0412\u043b\u0430\u0434\u0435 \u0420\u0435\u043f\u0443\u0431\u043b\u0438\u043a\u0435 \u0421\u0440\u0431\u0438\u0458\u0435 \u0437\u0430 \u043e\u043f\u0448\u0442\u0438\u043d\u0435 \u041f\u0440\u0435\u0448\u0435\u0432\u043e, \u0411\u0443\u0458\u0430\u043d\u043e\u0432\u0430\u0446 \u0438 \u041c\u0435\u0434\u0432\u0435\u0452a"},"image":{"@id":"https:\/\/kt.gov.rs\/#\/schema\/logo\/image\/"},"sameAs":["https:\/\/www.facebook.com\/SluzbaKoordinacionogTelaVladeRepublikeSrbije","https:\/\/x.com\/kt_gov","https:\/\/www.youtube.com\/@koordinacionotelo"]},{"@type":"Person","@id":"https:\/\/kt.gov.rs\/#\/schema\/person\/e426459ddb4173309103390602694571","name":"ktmin","image":{"@type":"ImageObject","inLanguage":"sq-AL","@id":"https:\/\/secure.gravatar.com\/avatar\/3985c961109853010c3fbc7ba30365bfba5db3dd6c525831d9c595c7525a615a?s=96&d=mm&r=g","url":"https:\/\/secure.gravatar.com\/avatar\/3985c961109853010c3fbc7ba30365bfba5db3dd6c525831d9c595c7525a615a?s=96&d=mm&r=g","contentUrl":"https:\/\/secure.gravatar.com\/avatar\/3985c961109853010c3fbc7ba30365bfba5db3dd6c525831d9c595c7525a615a?s=96&d=mm&r=g","caption":"ktmin"},"sameAs":["https:\/\/kt.gov.rs"],"url":"https:\/\/kt.gov.rs\/sq\/author\/ktmin\/"}]}},"_links":{"self":[{"href":"https:\/\/kt.gov.rs\/sq\/wp-json\/wp\/v2\/posts\/108408","targetHints":{"allow":["GET"]}}],"collection":[{"href":"https:\/\/kt.gov.rs\/sq\/wp-json\/wp\/v2\/posts"}],"about":[{"href":"https:\/\/kt.gov.rs\/sq\/wp-json\/wp\/v2\/types\/post"}],"author":[{"embeddable":true,"href":"https:\/\/kt.gov.rs\/sq\/wp-json\/wp\/v2\/users\/1"}],"replies":[{"embeddable":true,"href":"https:\/\/kt.gov.rs\/sq\/wp-json\/wp\/v2\/comments?post=108408"}],"version-history":[{"count":1,"href":"https:\/\/kt.gov.rs\/sq\/wp-json\/wp\/v2\/posts\/108408\/revisions"}],"predecessor-version":[{"id":108412,"href":"https:\/\/kt.gov.rs\/sq\/wp-json\/wp\/v2\/posts\/108408\/revisions\/108412"}],"wp:featuredmedia":[{"embeddable":true,"href":"https:\/\/kt.gov.rs\/sq\/wp-json\/wp\/v2\/media\/108413"}],"wp:attachment":[{"href":"https:\/\/kt.gov.rs\/sq\/wp-json\/wp\/v2\/media?parent=108408"}],"wp:term":[{"taxonomy":"category","embeddable":true,"href":"https:\/\/kt.gov.rs\/sq\/wp-json\/wp\/v2\/categories?post=108408"},{"taxonomy":"post_tag","embeddable":true,"href":"https:\/\/kt.gov.rs\/sq\/wp-json\/wp\/v2\/tags?post=108408"}],"curies":[{"name":"wp","href":"https:\/\/api.w.org\/{rel}","templated":true}]}}