{"id":108357,"date":"2022-01-31T00:00:00","date_gmt":"2022-01-31T00:00:00","guid":{"rendered":"http:\/\/kt.printandscreen.rs\/sherbime-te-reja-elektronike-ne-sherbim-per-qytetaret-e-medvegjes\/"},"modified":"2024-07-30T17:58:02","modified_gmt":"2024-07-30T17:58:02","slug":"sherbime-te-reja-elektronike-ne-sherbim-per-qytetaret-e-medvegjes","status":"publish","type":"post","link":"https:\/\/kt.gov.rs\/sq\/sherbime-te-reja-elektronike-ne-sherbim-per-qytetaret-e-medvegjes\/","title":{"rendered":"SH\u00cbRBIME T\u00cb REJA ELEKTRONIKE N\u00cb SH\u00cbRBIM P\u00cbR QYTETAR\u00cbT E MEDVEGJ\u00cbS"},"content":{"rendered":"<p>\n\t<strong><img decoding=\"async\" alt=\"\" src=\"https:\/\/kt.gov.rs\/wp-content\/uploads\/2024\/07\/1643634387_310122_1-2.jpg\" style=\"width: 315px; height: 230px; float: left;\" \/><\/strong><strong>Medvegj\u00eb \u2013 Beograd \u2013<\/strong> Qytetar\u00ebt e Medvegj\u00ebs tani mund t\u00eb p\u00ebrdorin sh\u00ebrbimet e reja elektronike t\u00eb zhvilluara nga administrata komunale me mb\u00ebshtetjen e Qeveris\u00eb Zvicerane p\u00ebrmes programit Swiss Pro dhe n\u00eb bashk\u00ebpunim me Zyr\u00ebn p\u00ebr Teknologji Informative dhe Administrat\u00eb Elektronike.<\/p>\n<p>\n\tMedvegja \u00ebsht\u00eb nj\u00eb nga 35 qeverit\u00eb lokale n\u00eb Serbi q\u00eb me mb\u00ebshtetjen teknike t\u00eb programit Swiss Pro, ka p\u00ebrmir\u00ebsuar cil\u00ebsin\u00eb e sh\u00ebrbimeve q\u00eb u ofrojn\u00eb qytetar\u00ebve dhe ekonomis\u00eb. Mb\u00ebshtetja e vetqeverisjes lokale synon rritjen e transparenc\u00ebs dhe efikasitetit n\u00eb ofrimin e aksesit m\u00eb t\u00eb shpejt\u00eb dhe m\u00eb t\u00eb leht\u00eb n\u00eb sh\u00ebrbime dhe t\u00eb drejtat e qytetar\u00ebve.<\/p>\n<p>\n\t\u201cJemi t\u00eb k\u00ebnaqur q\u00eb fal\u00eb mb\u00ebshtetjes s\u00eb Qeveris\u00eb Zvicerane, p\u00ebrmes programit Swiss Pro, bashk\u00ebqytetar\u00ebt tan\u00eb marrin shtat\u00eb sh\u00ebrbime t\u00eb reja elektronike q\u00eb jan\u00eb t\u00eb disponueshme n\u00eb portalin eSh\u00ebrbimit elektronike. Duke ofruar sh\u00ebrbime elektronike, Medvegja renditet n\u00eb mesin e administratave q\u00eb kursejn\u00eb koh\u00eb dhe para p\u00ebr qytetar\u00ebt e tyre, por gjithashtu u ofron atyre nj\u00eb mund\u00ebsi tjet\u00ebr p\u00ebr t&#39;u p\u00ebrfshir\u00eb n\u00eb pun\u00ebn e saj dhe p\u00ebr t\u00eb dh\u00ebn\u00eb nj\u00eb kontribut personal q\u00eb komuniteti yn\u00eb lokal t\u00eb funksionoj\u00eb edhe m\u00eb mir\u00eb\u201d, tha Dr. Nebojsa. Arsiq, kryetar (n\u00eb dor\u00ebheqje) i komun\u00ebs s\u00eb Medvegj\u00ebs.<\/p>\n<p>\n\tTash e tutje, p\u00ebrmes portalit eSh\u00ebrbimi, banor\u00ebt e Medvegj\u00ebs mund t\u00eb paraqesin k\u00ebrkes\u00eb p\u00ebr kompensim t\u00eb pag\u00ebs p\u00ebr pushimin e lehonis\u00eb ose t\u00eb paraqesin aplikacione n\u00eb inspektoratin komunal, komunikacionit dhe mbrojtjen e mjedisit, si dhe t\u00eb raportojn\u00eb nj\u00eb problem komunal. Paraqitja e nj\u00eb kund\u00ebrshtimi p\u00ebr draft dokumentin planor ose vendimi p\u00ebr hartimin e nj\u00eb dokumenti planor gjat\u00eb inspektimit publik jan\u00eb gjithashtu disa nga sh\u00ebrbimet e reja elektronike n\u00eb dispozicion t\u00eb banor\u00ebve t\u00eb Medvegj\u00ebs.<\/p>\n<p>\n\t\u201cMe p\u00ebrmir\u00ebsimin e efikasitetit t\u00eb pun\u00ebs s\u00eb vet\u00ebqeverisjes lokale, qytetar\u00ebve t\u00eb Medvegj\u00ebs u \u00ebsht\u00eb mund\u00ebsuar q\u00eb shpejt dhe leht\u00eb, pa pritur n\u00eb radh\u00eb dhe kosto shtes\u00eb, t\u00eb ken\u00eb qasje n\u00eb sh\u00ebrbimet publike q\u00eb jan\u00eb n\u00eb kompetenc\u00eb t\u00eb vet\u00ebqeverisjes lokale dhe t\u00eb ushtrojn\u00eb disa t\u00eb drejta.&quot; Medvegja \u00ebsht\u00eb nj\u00eb nga komunat e para, me shtat\u00eb sh\u00ebrbime t\u00eb reja elektronike t\u00eb cilat jan\u00eb t\u00eb disponueshme n\u00eb portalin eAdministrata\u201d, tha Maida Jusufovic, Zyrtare p\u00ebr Qeverisje t\u00eb Mir\u00eb dhe Barazi Gjinore n\u00eb Swiss Pro Program.<\/p>\n<p>\n\tFushata &quot;Le t\u00eb klikojm\u00eb s\u00eb bashku&quot; zbatohet n\u00eb kuad\u00ebr t\u00eb programit &quot;Mb\u00ebshtetje e Qeveris\u00eb Zvicerane p\u00ebr Zhvillimin Komunal p\u00ebrmes Promovimit t\u00eb Qeverisjes s\u00eb Mir\u00eb dhe P\u00ebrfshirjes Sociale \u2013 Swiss Pro&quot;, mb\u00ebshtetur nga Qeveria Zvicerane n\u00eb bashk\u00ebpunim me Qeverin\u00eb e Serbis, dhe drejtuar nga Kombet e Bashkuara Zyra p\u00ebr Sh\u00ebrbimet e Projektit (UNOPS) n\u00eb partneritet me Konferenc\u00ebn e P\u00ebrhershme t\u00eb Qyteteve dhe Komunave (KPQK).<\/p>\n<p>\n\t<strong>Burimi: Infocentarjug.rs, Trupi Koordinues<\/strong><\/p>\n<p>\n\t\u00a0<\/p>\n","protected":false},"excerpt":{"rendered":"<p>Medvegj\u00eb \u2013 Beograd \u2013\u00a0Qytetar\u00ebt e Medvegj\u00ebs tani mund t\u00eb p\u00ebrdorin sh\u00ebrbimet e reja elektronike t\u00eb zhvilluara nga administrata komunale me mb\u00ebshtetjen e Qeveris\u00eb Zvicerane p\u00ebrmes programit Swiss Pro dhe n\u00eb bashk\u00ebpunim me Zyr\u00ebn p\u00ebr Teknologji Informative dhe Administrat\u00eb Elektronike.<\/p>\n","protected":false},"author":1,"featured_media":108362,"comment_status":"closed","ping_status":"closed","sticky":false,"template":"","format":"standard","meta":{"footnotes":""},"categories":[55],"tags":[],"class_list":["post-108357","post","type-post","status-publish","format-standard","has-post-thumbnail","hentry","category-lajme"],"yoast_head":"<!-- This site is optimized with the Yoast SEO plugin v27.5 - https:\/\/yoast.com\/product\/yoast-seo-wordpress\/ -->\n<title>SH\u00cbRBIME T\u00cb REJA ELEKTRONIKE N\u00cb SH\u00cbRBIM P\u00cbR QYTETAR\u00cbT E MEDVEGJ\u00cbS - Republika e S\u00ebrbis\u00eb Trupi Koordinues p\u00ebr komunat Bujanoc, Preshev\u00eb dhe Medvegj\u00eb<\/title>\n<meta name=\"robots\" content=\"index, follow, max-snippet:-1, max-image-preview:large, max-video-preview:-1\" \/>\n<link rel=\"canonical\" href=\"https:\/\/kt.gov.rs\/sq\/sherbime-te-reja-elektronike-ne-sherbim-per-qytetaret-e-medvegjes\/\" \/>\n<meta property=\"og:locale\" content=\"sq_AL\" \/>\n<meta property=\"og:type\" content=\"article\" \/>\n<meta property=\"og:title\" content=\"SH\u00cbRBIME T\u00cb REJA ELEKTRONIKE N\u00cb SH\u00cbRBIM P\u00cbR QYTETAR\u00cbT E MEDVEGJ\u00cbS - Republika e S\u00ebrbis\u00eb Trupi Koordinues p\u00ebr komunat Bujanoc, Preshev\u00eb dhe Medvegj\u00eb\" \/>\n<meta property=\"og:description\" content=\"Medvegj\u00eb - Beograd -\u00a0Qytetar\u00ebt e Medvegj\u00ebs tani mund t\u00eb p\u00ebrdorin sh\u00ebrbimet e reja elektronike t\u00eb zhvilluara nga administrata komunale me mb\u00ebshtetjen e Qeveris\u00eb Zvicerane p\u00ebrmes programit Swiss Pro dhe n\u00eb bashk\u00ebpunim me Zyr\u00ebn p\u00ebr Teknologji Informative dhe Administrat\u00eb Elektronike.\" \/>\n<meta property=\"og:url\" content=\"https:\/\/kt.gov.rs\/sq\/sherbime-te-reja-elektronike-ne-sherbim-per-qytetaret-e-medvegjes\/\" \/>\n<meta property=\"og:site_name\" content=\"Republika e S\u00ebrbis\u00eb Trupi Koordinues p\u00ebr komunat Bujanoc, Preshev\u00eb dhe Medvegj\u00eb\" \/>\n<meta property=\"article:publisher\" content=\"https:\/\/www.facebook.com\/SluzbaKoordinacionogTelaVladeRepublikeSrbije\" \/>\n<meta property=\"article:published_time\" content=\"2022-01-31T00:00:00+00:00\" \/>\n<meta property=\"article:modified_time\" content=\"2024-07-30T17:58:02+00:00\" \/>\n<meta property=\"og:image\" content=\"https:\/\/kt.gov.rs\/wp-content\/uploads\/2024\/07\/1643634387_310122_1-3.jpg\" \/>\n\t<meta property=\"og:image:width\" content=\"315\" \/>\n\t<meta property=\"og:image:height\" content=\"230\" \/>\n\t<meta property=\"og:image:type\" content=\"image\/jpeg\" \/>\n<meta name=\"author\" content=\"ktmin\" \/>\n<meta name=\"twitter:card\" content=\"summary_large_image\" \/>\n<meta name=\"twitter:creator\" content=\"@kt_gov\" \/>\n<meta name=\"twitter:site\" content=\"@kt_gov\" \/>\n<meta name=\"twitter:label1\" content=\"Written by\" \/>\n\t<meta name=\"twitter:data1\" content=\"ktmin\" \/>\n\t<meta name=\"twitter:label2\" content=\"Est. reading time\" \/>\n\t<meta name=\"twitter:data2\" content=\"3 minutes\" \/>\n<script type=\"application\/ld+json\" class=\"yoast-schema-graph\">{\"@context\":\"https:\\\/\\\/schema.org\",\"@graph\":[{\"@type\":\"Article\",\"@id\":\"https:\\\/\\\/kt.gov.rs\\\/sq\\\/sherbime-te-reja-elektronike-ne-sherbim-per-qytetaret-e-medvegjes\\\/#article\",\"isPartOf\":{\"@id\":\"https:\\\/\\\/kt.gov.rs\\\/sq\\\/sherbime-te-reja-elektronike-ne-sherbim-per-qytetaret-e-medvegjes\\\/\"},\"author\":{\"name\":\"ktmin\",\"@id\":\"https:\\\/\\\/kt.gov.rs\\\/#\\\/schema\\\/person\\\/e426459ddb4173309103390602694571\"},\"headline\":\"SH\u00cbRBIME T\u00cb REJA ELEKTRONIKE N\u00cb SH\u00cbRBIM P\u00cbR QYTETAR\u00cbT E MEDVEGJ\u00cbS\",\"datePublished\":\"2022-01-31T00:00:00+00:00\",\"dateModified\":\"2024-07-30T17:58:02+00:00\",\"mainEntityOfPage\":{\"@id\":\"https:\\\/\\\/kt.gov.rs\\\/sq\\\/sherbime-te-reja-elektronike-ne-sherbim-per-qytetaret-e-medvegjes\\\/\"},\"wordCount\":701,\"publisher\":{\"@id\":\"https:\\\/\\\/kt.gov.rs\\\/#organization\"},\"image\":{\"@id\":\"https:\\\/\\\/kt.gov.rs\\\/sq\\\/sherbime-te-reja-elektronike-ne-sherbim-per-qytetaret-e-medvegjes\\\/#primaryimage\"},\"thumbnailUrl\":\"https:\\\/\\\/kt.gov.rs\\\/wp-content\\\/uploads\\\/2024\\\/07\\\/1643634387_310122_1-3.jpg\",\"articleSection\":[\"Lajme\"],\"inLanguage\":\"sq-AL\"},{\"@type\":\"WebPage\",\"@id\":\"https:\\\/\\\/kt.gov.rs\\\/sq\\\/sherbime-te-reja-elektronike-ne-sherbim-per-qytetaret-e-medvegjes\\\/\",\"url\":\"https:\\\/\\\/kt.gov.rs\\\/sq\\\/sherbime-te-reja-elektronike-ne-sherbim-per-qytetaret-e-medvegjes\\\/\",\"name\":\"SH\u00cbRBIME T\u00cb REJA ELEKTRONIKE N\u00cb SH\u00cbRBIM P\u00cbR QYTETAR\u00cbT E MEDVEGJ\u00cbS - Republika e S\u00ebrbis\u00eb Trupi Koordinues p\u00ebr komunat Bujanoc, Preshev\u00eb dhe Medvegj\u00eb\",\"isPartOf\":{\"@id\":\"https:\\\/\\\/kt.gov.rs\\\/#website\"},\"primaryImageOfPage\":{\"@id\":\"https:\\\/\\\/kt.gov.rs\\\/sq\\\/sherbime-te-reja-elektronike-ne-sherbim-per-qytetaret-e-medvegjes\\\/#primaryimage\"},\"image\":{\"@id\":\"https:\\\/\\\/kt.gov.rs\\\/sq\\\/sherbime-te-reja-elektronike-ne-sherbim-per-qytetaret-e-medvegjes\\\/#primaryimage\"},\"thumbnailUrl\":\"https:\\\/\\\/kt.gov.rs\\\/wp-content\\\/uploads\\\/2024\\\/07\\\/1643634387_310122_1-3.jpg\",\"datePublished\":\"2022-01-31T00:00:00+00:00\",\"dateModified\":\"2024-07-30T17:58:02+00:00\",\"breadcrumb\":{\"@id\":\"https:\\\/\\\/kt.gov.rs\\\/sq\\\/sherbime-te-reja-elektronike-ne-sherbim-per-qytetaret-e-medvegjes\\\/#breadcrumb\"},\"inLanguage\":\"sq-AL\",\"potentialAction\":[{\"@type\":\"ReadAction\",\"target\":[\"https:\\\/\\\/kt.gov.rs\\\/sq\\\/sherbime-te-reja-elektronike-ne-sherbim-per-qytetaret-e-medvegjes\\\/\"]}]},{\"@type\":\"ImageObject\",\"inLanguage\":\"sq-AL\",\"@id\":\"https:\\\/\\\/kt.gov.rs\\\/sq\\\/sherbime-te-reja-elektronike-ne-sherbim-per-qytetaret-e-medvegjes\\\/#primaryimage\",\"url\":\"https:\\\/\\\/kt.gov.rs\\\/wp-content\\\/uploads\\\/2024\\\/07\\\/1643634387_310122_1-3.jpg\",\"contentUrl\":\"https:\\\/\\\/kt.gov.rs\\\/wp-content\\\/uploads\\\/2024\\\/07\\\/1643634387_310122_1-3.jpg\",\"width\":315,\"height\":230},{\"@type\":\"BreadcrumbList\",\"@id\":\"https:\\\/\\\/kt.gov.rs\\\/sq\\\/sherbime-te-reja-elektronike-ne-sherbim-per-qytetaret-e-medvegjes\\\/#breadcrumb\",\"itemListElement\":[{\"@type\":\"ListItem\",\"position\":1,\"name\":\"\u041f\u043e\u0447\u0435\u0442\u043d\u0430\",\"item\":\"https:\\\/\\\/kt.gov.rs\\\/sq\\\/\"},{\"@type\":\"ListItem\",\"position\":2,\"name\":\"SH\u00cbRBIME T\u00cb REJA ELEKTRONIKE N\u00cb SH\u00cbRBIM P\u00cbR QYTETAR\u00cbT E MEDVEGJ\u00cbS\"}]},{\"@type\":\"WebSite\",\"@id\":\"https:\\\/\\\/kt.gov.rs\\\/#website\",\"url\":\"https:\\\/\\\/kt.gov.rs\\\/\",\"name\":\"\u041a\u043e\u043e\u0440\u0434\u0438\u043d\u0430\u0446\u0438\u043e\u043d\u043e \u0442\u0435\u043b\u043e \u0412\u043b\u0430\u0434\u0435 \u0420\u0435\u043f\u0443\u0431\u043b\u0438\u043a\u0435 \u0421\u0440\u0431\u0438\u0458\u0435 \u0437\u0430 \u043e\u043f\u0448\u0442\u0438\u043d\u0435 \u041f\u0440\u0435\u0448\u0435\u0432\u043e, \u0411\u0443\u0458\u0430\u043d\u043e\u0432\u0430\u0446 \u0438 \u041c\u0435\u0434\u0432\u0435\u0452a\",\"description\":\"\",\"publisher\":{\"@id\":\"https:\\\/\\\/kt.gov.rs\\\/#organization\"},\"alternateName\":\"\u041a\u043e\u043e\u0440\u0434\u0438\u043d\u0430\u0446\u0438\u043e\u043d\u043e \u0442\u0435\u043b\u043e\",\"potentialAction\":[{\"@type\":\"SearchAction\",\"target\":{\"@type\":\"EntryPoint\",\"urlTemplate\":\"https:\\\/\\\/kt.gov.rs\\\/?s={search_term_string}\"},\"query-input\":{\"@type\":\"PropertyValueSpecification\",\"valueRequired\":true,\"valueName\":\"search_term_string\"}}],\"inLanguage\":\"sq-AL\"},{\"@type\":\"Organization\",\"@id\":\"https:\\\/\\\/kt.gov.rs\\\/#organization\",\"name\":\"\u041a\u043e\u043e\u0440\u0434\u0438\u043d\u0430\u0446\u0438\u043e\u043d\u043e \u0442\u0435\u043b\u043e \u0412\u043b\u0430\u0434\u0435 \u0420\u0435\u043f\u0443\u0431\u043b\u0438\u043a\u0435 \u0421\u0440\u0431\u0438\u0458\u0435 \u0437\u0430 \u043e\u043f\u0448\u0442\u0438\u043d\u0435 \u041f\u0440\u0435\u0448\u0435\u0432\u043e, \u0411\u0443\u0458\u0430\u043d\u043e\u0432\u0430\u0446 \u0438 \u041c\u0435\u0434\u0432\u0435\u0452a\",\"alternateName\":\"\u041a\u043e\u043e\u0440\u0434\u0438\u043d\u0430\u0446\u0438\u043e\u043d\u043e \u0442\u0435\u043b\u043e\",\"url\":\"https:\\\/\\\/kt.gov.rs\\\/\",\"logo\":{\"@type\":\"ImageObject\",\"inLanguage\":\"sq-AL\",\"@id\":\"https:\\\/\\\/kt.gov.rs\\\/#\\\/schema\\\/logo\\\/image\\\/\",\"url\":\"https:\\\/\\\/kt.gov.rs\\\/wp-content\\\/uploads\\\/2024\\\/12\\\/koord2.jpg\",\"contentUrl\":\"https:\\\/\\\/kt.gov.rs\\\/wp-content\\\/uploads\\\/2024\\\/12\\\/koord2.jpg\",\"width\":640,\"height\":480,\"caption\":\"\u041a\u043e\u043e\u0440\u0434\u0438\u043d\u0430\u0446\u0438\u043e\u043d\u043e \u0442\u0435\u043b\u043e \u0412\u043b\u0430\u0434\u0435 \u0420\u0435\u043f\u0443\u0431\u043b\u0438\u043a\u0435 \u0421\u0440\u0431\u0438\u0458\u0435 \u0437\u0430 \u043e\u043f\u0448\u0442\u0438\u043d\u0435 \u041f\u0440\u0435\u0448\u0435\u0432\u043e, \u0411\u0443\u0458\u0430\u043d\u043e\u0432\u0430\u0446 \u0438 \u041c\u0435\u0434\u0432\u0435\u0452a\"},\"image\":{\"@id\":\"https:\\\/\\\/kt.gov.rs\\\/#\\\/schema\\\/logo\\\/image\\\/\"},\"sameAs\":[\"https:\\\/\\\/www.facebook.com\\\/SluzbaKoordinacionogTelaVladeRepublikeSrbije\",\"https:\\\/\\\/x.com\\\/kt_gov\",\"https:\\\/\\\/www.youtube.com\\\/@koordinacionotelo\"]},{\"@type\":\"Person\",\"@id\":\"https:\\\/\\\/kt.gov.rs\\\/#\\\/schema\\\/person\\\/e426459ddb4173309103390602694571\",\"name\":\"ktmin\",\"image\":{\"@type\":\"ImageObject\",\"inLanguage\":\"sq-AL\",\"@id\":\"https:\\\/\\\/secure.gravatar.com\\\/avatar\\\/3985c961109853010c3fbc7ba30365bfba5db3dd6c525831d9c595c7525a615a?s=96&d=mm&r=g\",\"url\":\"https:\\\/\\\/secure.gravatar.com\\\/avatar\\\/3985c961109853010c3fbc7ba30365bfba5db3dd6c525831d9c595c7525a615a?s=96&d=mm&r=g\",\"contentUrl\":\"https:\\\/\\\/secure.gravatar.com\\\/avatar\\\/3985c961109853010c3fbc7ba30365bfba5db3dd6c525831d9c595c7525a615a?s=96&d=mm&r=g\",\"caption\":\"ktmin\"},\"sameAs\":[\"https:\\\/\\\/kt.gov.rs\"],\"url\":\"https:\\\/\\\/kt.gov.rs\\\/sq\\\/author\\\/ktmin\\\/\"}]}<\/script>\n<!-- \/ Yoast SEO plugin. -->","yoast_head_json":{"title":"SH\u00cbRBIME T\u00cb REJA ELEKTRONIKE N\u00cb SH\u00cbRBIM P\u00cbR QYTETAR\u00cbT E MEDVEGJ\u00cbS - Republika e S\u00ebrbis\u00eb Trupi Koordinues p\u00ebr komunat Bujanoc, Preshev\u00eb dhe Medvegj\u00eb","robots":{"index":"index","follow":"follow","max-snippet":"max-snippet:-1","max-image-preview":"max-image-preview:large","max-video-preview":"max-video-preview:-1"},"canonical":"https:\/\/kt.gov.rs\/sq\/sherbime-te-reja-elektronike-ne-sherbim-per-qytetaret-e-medvegjes\/","og_locale":"sq_AL","og_type":"article","og_title":"SH\u00cbRBIME T\u00cb REJA ELEKTRONIKE N\u00cb SH\u00cbRBIM P\u00cbR QYTETAR\u00cbT E MEDVEGJ\u00cbS - Republika e S\u00ebrbis\u00eb Trupi Koordinues p\u00ebr komunat Bujanoc, Preshev\u00eb dhe Medvegj\u00eb","og_description":"Medvegj\u00eb - Beograd -\u00a0Qytetar\u00ebt e Medvegj\u00ebs tani mund t\u00eb p\u00ebrdorin sh\u00ebrbimet e reja elektronike t\u00eb zhvilluara nga administrata komunale me mb\u00ebshtetjen e Qeveris\u00eb Zvicerane p\u00ebrmes programit Swiss Pro dhe n\u00eb bashk\u00ebpunim me Zyr\u00ebn p\u00ebr Teknologji Informative dhe Administrat\u00eb Elektronike.","og_url":"https:\/\/kt.gov.rs\/sq\/sherbime-te-reja-elektronike-ne-sherbim-per-qytetaret-e-medvegjes\/","og_site_name":"Republika e S\u00ebrbis\u00eb Trupi Koordinues p\u00ebr komunat Bujanoc, Preshev\u00eb dhe Medvegj\u00eb","article_publisher":"https:\/\/www.facebook.com\/SluzbaKoordinacionogTelaVladeRepublikeSrbije","article_published_time":"2022-01-31T00:00:00+00:00","article_modified_time":"2024-07-30T17:58:02+00:00","og_image":[{"width":315,"height":230,"url":"https:\/\/kt.gov.rs\/wp-content\/uploads\/2024\/07\/1643634387_310122_1-3.jpg","type":"image\/jpeg"}],"author":"ktmin","twitter_card":"summary_large_image","twitter_creator":"@kt_gov","twitter_site":"@kt_gov","twitter_misc":{"Written by":"ktmin","Est. reading time":"3 minutes"},"schema":{"@context":"https:\/\/schema.org","@graph":[{"@type":"Article","@id":"https:\/\/kt.gov.rs\/sq\/sherbime-te-reja-elektronike-ne-sherbim-per-qytetaret-e-medvegjes\/#article","isPartOf":{"@id":"https:\/\/kt.gov.rs\/sq\/sherbime-te-reja-elektronike-ne-sherbim-per-qytetaret-e-medvegjes\/"},"author":{"name":"ktmin","@id":"https:\/\/kt.gov.rs\/#\/schema\/person\/e426459ddb4173309103390602694571"},"headline":"SH\u00cbRBIME T\u00cb REJA ELEKTRONIKE N\u00cb SH\u00cbRBIM P\u00cbR QYTETAR\u00cbT E MEDVEGJ\u00cbS","datePublished":"2022-01-31T00:00:00+00:00","dateModified":"2024-07-30T17:58:02+00:00","mainEntityOfPage":{"@id":"https:\/\/kt.gov.rs\/sq\/sherbime-te-reja-elektronike-ne-sherbim-per-qytetaret-e-medvegjes\/"},"wordCount":701,"publisher":{"@id":"https:\/\/kt.gov.rs\/#organization"},"image":{"@id":"https:\/\/kt.gov.rs\/sq\/sherbime-te-reja-elektronike-ne-sherbim-per-qytetaret-e-medvegjes\/#primaryimage"},"thumbnailUrl":"https:\/\/kt.gov.rs\/wp-content\/uploads\/2024\/07\/1643634387_310122_1-3.jpg","articleSection":["Lajme"],"inLanguage":"sq-AL"},{"@type":"WebPage","@id":"https:\/\/kt.gov.rs\/sq\/sherbime-te-reja-elektronike-ne-sherbim-per-qytetaret-e-medvegjes\/","url":"https:\/\/kt.gov.rs\/sq\/sherbime-te-reja-elektronike-ne-sherbim-per-qytetaret-e-medvegjes\/","name":"SH\u00cbRBIME T\u00cb REJA ELEKTRONIKE N\u00cb SH\u00cbRBIM P\u00cbR QYTETAR\u00cbT E MEDVEGJ\u00cbS - Republika e S\u00ebrbis\u00eb Trupi Koordinues p\u00ebr komunat Bujanoc, Preshev\u00eb dhe Medvegj\u00eb","isPartOf":{"@id":"https:\/\/kt.gov.rs\/#website"},"primaryImageOfPage":{"@id":"https:\/\/kt.gov.rs\/sq\/sherbime-te-reja-elektronike-ne-sherbim-per-qytetaret-e-medvegjes\/#primaryimage"},"image":{"@id":"https:\/\/kt.gov.rs\/sq\/sherbime-te-reja-elektronike-ne-sherbim-per-qytetaret-e-medvegjes\/#primaryimage"},"thumbnailUrl":"https:\/\/kt.gov.rs\/wp-content\/uploads\/2024\/07\/1643634387_310122_1-3.jpg","datePublished":"2022-01-31T00:00:00+00:00","dateModified":"2024-07-30T17:58:02+00:00","breadcrumb":{"@id":"https:\/\/kt.gov.rs\/sq\/sherbime-te-reja-elektronike-ne-sherbim-per-qytetaret-e-medvegjes\/#breadcrumb"},"inLanguage":"sq-AL","potentialAction":[{"@type":"ReadAction","target":["https:\/\/kt.gov.rs\/sq\/sherbime-te-reja-elektronike-ne-sherbim-per-qytetaret-e-medvegjes\/"]}]},{"@type":"ImageObject","inLanguage":"sq-AL","@id":"https:\/\/kt.gov.rs\/sq\/sherbime-te-reja-elektronike-ne-sherbim-per-qytetaret-e-medvegjes\/#primaryimage","url":"https:\/\/kt.gov.rs\/wp-content\/uploads\/2024\/07\/1643634387_310122_1-3.jpg","contentUrl":"https:\/\/kt.gov.rs\/wp-content\/uploads\/2024\/07\/1643634387_310122_1-3.jpg","width":315,"height":230},{"@type":"BreadcrumbList","@id":"https:\/\/kt.gov.rs\/sq\/sherbime-te-reja-elektronike-ne-sherbim-per-qytetaret-e-medvegjes\/#breadcrumb","itemListElement":[{"@type":"ListItem","position":1,"name":"\u041f\u043e\u0447\u0435\u0442\u043d\u0430","item":"https:\/\/kt.gov.rs\/sq\/"},{"@type":"ListItem","position":2,"name":"SH\u00cbRBIME T\u00cb REJA ELEKTRONIKE N\u00cb SH\u00cbRBIM P\u00cbR QYTETAR\u00cbT E MEDVEGJ\u00cbS"}]},{"@type":"WebSite","@id":"https:\/\/kt.gov.rs\/#website","url":"https:\/\/kt.gov.rs\/","name":"\u041a\u043e\u043e\u0440\u0434\u0438\u043d\u0430\u0446\u0438\u043e\u043d\u043e \u0442\u0435\u043b\u043e \u0412\u043b\u0430\u0434\u0435 \u0420\u0435\u043f\u0443\u0431\u043b\u0438\u043a\u0435 \u0421\u0440\u0431\u0438\u0458\u0435 \u0437\u0430 \u043e\u043f\u0448\u0442\u0438\u043d\u0435 \u041f\u0440\u0435\u0448\u0435\u0432\u043e, \u0411\u0443\u0458\u0430\u043d\u043e\u0432\u0430\u0446 \u0438 \u041c\u0435\u0434\u0432\u0435\u0452a","description":"","publisher":{"@id":"https:\/\/kt.gov.rs\/#organization"},"alternateName":"\u041a\u043e\u043e\u0440\u0434\u0438\u043d\u0430\u0446\u0438\u043e\u043d\u043e \u0442\u0435\u043b\u043e","potentialAction":[{"@type":"SearchAction","target":{"@type":"EntryPoint","urlTemplate":"https:\/\/kt.gov.rs\/?s={search_term_string}"},"query-input":{"@type":"PropertyValueSpecification","valueRequired":true,"valueName":"search_term_string"}}],"inLanguage":"sq-AL"},{"@type":"Organization","@id":"https:\/\/kt.gov.rs\/#organization","name":"\u041a\u043e\u043e\u0440\u0434\u0438\u043d\u0430\u0446\u0438\u043e\u043d\u043e \u0442\u0435\u043b\u043e \u0412\u043b\u0430\u0434\u0435 \u0420\u0435\u043f\u0443\u0431\u043b\u0438\u043a\u0435 \u0421\u0440\u0431\u0438\u0458\u0435 \u0437\u0430 \u043e\u043f\u0448\u0442\u0438\u043d\u0435 \u041f\u0440\u0435\u0448\u0435\u0432\u043e, \u0411\u0443\u0458\u0430\u043d\u043e\u0432\u0430\u0446 \u0438 \u041c\u0435\u0434\u0432\u0435\u0452a","alternateName":"\u041a\u043e\u043e\u0440\u0434\u0438\u043d\u0430\u0446\u0438\u043e\u043d\u043e \u0442\u0435\u043b\u043e","url":"https:\/\/kt.gov.rs\/","logo":{"@type":"ImageObject","inLanguage":"sq-AL","@id":"https:\/\/kt.gov.rs\/#\/schema\/logo\/image\/","url":"https:\/\/kt.gov.rs\/wp-content\/uploads\/2024\/12\/koord2.jpg","contentUrl":"https:\/\/kt.gov.rs\/wp-content\/uploads\/2024\/12\/koord2.jpg","width":640,"height":480,"caption":"\u041a\u043e\u043e\u0440\u0434\u0438\u043d\u0430\u0446\u0438\u043e\u043d\u043e \u0442\u0435\u043b\u043e \u0412\u043b\u0430\u0434\u0435 \u0420\u0435\u043f\u0443\u0431\u043b\u0438\u043a\u0435 \u0421\u0440\u0431\u0438\u0458\u0435 \u0437\u0430 \u043e\u043f\u0448\u0442\u0438\u043d\u0435 \u041f\u0440\u0435\u0448\u0435\u0432\u043e, \u0411\u0443\u0458\u0430\u043d\u043e\u0432\u0430\u0446 \u0438 \u041c\u0435\u0434\u0432\u0435\u0452a"},"image":{"@id":"https:\/\/kt.gov.rs\/#\/schema\/logo\/image\/"},"sameAs":["https:\/\/www.facebook.com\/SluzbaKoordinacionogTelaVladeRepublikeSrbije","https:\/\/x.com\/kt_gov","https:\/\/www.youtube.com\/@koordinacionotelo"]},{"@type":"Person","@id":"https:\/\/kt.gov.rs\/#\/schema\/person\/e426459ddb4173309103390602694571","name":"ktmin","image":{"@type":"ImageObject","inLanguage":"sq-AL","@id":"https:\/\/secure.gravatar.com\/avatar\/3985c961109853010c3fbc7ba30365bfba5db3dd6c525831d9c595c7525a615a?s=96&d=mm&r=g","url":"https:\/\/secure.gravatar.com\/avatar\/3985c961109853010c3fbc7ba30365bfba5db3dd6c525831d9c595c7525a615a?s=96&d=mm&r=g","contentUrl":"https:\/\/secure.gravatar.com\/avatar\/3985c961109853010c3fbc7ba30365bfba5db3dd6c525831d9c595c7525a615a?s=96&d=mm&r=g","caption":"ktmin"},"sameAs":["https:\/\/kt.gov.rs"],"url":"https:\/\/kt.gov.rs\/sq\/author\/ktmin\/"}]}},"_links":{"self":[{"href":"https:\/\/kt.gov.rs\/sq\/wp-json\/wp\/v2\/posts\/108357","targetHints":{"allow":["GET"]}}],"collection":[{"href":"https:\/\/kt.gov.rs\/sq\/wp-json\/wp\/v2\/posts"}],"about":[{"href":"https:\/\/kt.gov.rs\/sq\/wp-json\/wp\/v2\/types\/post"}],"author":[{"embeddable":true,"href":"https:\/\/kt.gov.rs\/sq\/wp-json\/wp\/v2\/users\/1"}],"replies":[{"embeddable":true,"href":"https:\/\/kt.gov.rs\/sq\/wp-json\/wp\/v2\/comments?post=108357"}],"version-history":[{"count":1,"href":"https:\/\/kt.gov.rs\/sq\/wp-json\/wp\/v2\/posts\/108357\/revisions"}],"predecessor-version":[{"id":108361,"href":"https:\/\/kt.gov.rs\/sq\/wp-json\/wp\/v2\/posts\/108357\/revisions\/108361"}],"wp:featuredmedia":[{"embeddable":true,"href":"https:\/\/kt.gov.rs\/sq\/wp-json\/wp\/v2\/media\/108362"}],"wp:attachment":[{"href":"https:\/\/kt.gov.rs\/sq\/wp-json\/wp\/v2\/media?parent=108357"}],"wp:term":[{"taxonomy":"category","embeddable":true,"href":"https:\/\/kt.gov.rs\/sq\/wp-json\/wp\/v2\/categories?post=108357"},{"taxonomy":"post_tag","embeddable":true,"href":"https:\/\/kt.gov.rs\/sq\/wp-json\/wp\/v2\/tags?post=108357"}],"curies":[{"name":"wp","href":"https:\/\/api.w.org\/{rel}","templated":true}]}}