{"id":108333,"date":"2022-02-02T00:00:00","date_gmt":"2022-02-02T00:00:00","guid":{"rendered":"http:\/\/kt.printandscreen.rs\/publikohet-libri-rreth-manastirit-te-prohor-pcinskit-per-historine-e-kishave-serbe-dhe-popullin\/"},"modified":"2024-07-30T17:58:00","modified_gmt":"2024-07-30T17:58:00","slug":"publikohet-libri-rreth-manastirit-te-prohor-pcinskit-per-historine-e-kishave-serbe-dhe-popullin","status":"publish","type":"post","link":"https:\/\/kt.gov.rs\/sq\/publikohet-libri-rreth-manastirit-te-prohor-pcinskit-per-historine-e-kishave-serbe-dhe-popullin\/","title":{"rendered":"PUBLIKOHET LIBRI RRETH MANASTIRIT T\u00cb PROHOR P\u00c7INSKIT: P\u00cbR HISTORIN\u00cb E KISHAVE SERBE DHE POPULLIN"},"content":{"rendered":"<p>\n\t<strong><img decoding=\"async\" alt=\"\" src=\"https:\/\/kt.gov.rs\/wp-content\/uploads\/2024\/07\/1643809090_020222_3-2.jpg\" style=\"width: 315px; height: 230px; float: left;\" \/><\/strong><strong>Bujanoc \u2013 Beograd \u2013<\/strong> Libri &quot;Manastiri i Sh\u00ebn Prohor Pcinjskit 1903-1973&quot; i autorit Miroljub Misho Stoj\u00e7iq, arkivist i Vranj\u00ebs, \u00ebsht\u00eb i nj\u00eb r\u00ebnd\u00ebsie t\u00eb dor\u00ebs s\u00eb par\u00eb p\u00ebr historiografin\u00eb, arkivimin dhe historin\u00eb serbe t\u00eb kish\u00ebs ortodokse serbe, si dhe p\u00ebr historin\u00eb e popullit serb, u tha n\u00eb promovimin e k\u00ebsaj vepre n\u00eb Vranj\u00eb.<\/p>\n<p>\n\tSipas autor\u00ebve t\u00eb k\u00ebsaj p\u00ebrmbledhjeje, puna deri n\u00eb botimin e v\u00ebllimit t\u00eb par\u00eb t\u00eb botimit t\u00eb shtypur zgjati pes\u00eb vjet, nd\u00ebrsa p\u00ebr v\u00ebllimin e dyt\u00eb nj\u00eb vit m\u00eb shum\u00eb.<\/p>\n<p>\n\t\u201cK\u00ebto jan\u00eb dor\u00ebshkrime, po flasim p\u00ebr dokumente q\u00eb jan\u00eb krijuar kur nuk ka pasur makina shkrimi. Pjesa m\u00eb e madhe e koh\u00ebs nd\u00ebr vite \u00ebsht\u00eb marr\u00eb me \u201cformimin e \u00e7\u00ebshtjes\u201d, pra lidhjen e disa ngjarjeve apo disa dokumenteve n\u00eb dor\u00ebshkrim n\u00eb nj\u00eb rast. Nuk ishte pun\u00eb e leht\u00eb, sepse kishim sende me m\u00eb shum\u00eb se 50 dor\u00ebshkrime\u201d, ka th\u00ebn Stoj\u00e7iq.<\/p>\n<p>\n\tAi renditi disa nga dokumentet, emrat dhe informacionet m\u00eb t\u00eb r\u00ebnd\u00ebsishme q\u00eb p\u00ebrmban ky koleksion.<\/p>\n<p>\n\t\u201cKam pasur nderin t\u00eb punoj me dokumente n\u00eb dor\u00ebshkrime t\u00eb vjetra m\u00eb shum\u00eb se nj\u00ebqind vjet, dokumente t\u00eb shkruara nga igumeni Vladimir Protiq, igumen\u00ebt e manastirit, arkimandriti Metodija Miovanoviq, igumeni Sava Mitroviq dhe shum\u00eb t\u00eb tjer\u00eb\u201d, shtoi Stoj\u00e7iq.<\/p>\n<p>\n\tAi theksoi se nga ky lib\u00ebr do t\u00eb p\u00ebrfitojn\u00eb jo vet\u00ebm studiuesit, por edhe shum\u00eb t\u00eb tjer\u00eb dhe se nj\u00eb botim i till\u00eb \u201ce b\u00ebn t\u00eb qart\u00eb se kujt i p\u00ebrket ky material, duke filluar nga institucioni, deri n\u00eb kujtes\u00ebn e nj\u00eb kombi\u201d.<\/p>\n<p>\n\tHistoriani dhe drejtori i Muzeut t\u00eb Viktimave t\u00eb Gjenocidit n\u00eb Beograd, Dejan Ristiq, duke folur p\u00ebr botimin me dy v\u00ebllime t\u00eb autorit, tha se libri \u201cka t\u00eb b\u00ebj\u00eb m\u00eb shum\u00eb me t\u00eb gjith\u00eb ne q\u00eb nuk jemi nga Vranja dhe q\u00eb jemi t\u00eb interesuar p\u00ebr historin\u00eb e KSP (Kishave Serbe t\u00eb P\u00e7inj\u00ebs) dhe Serbis\u00eb\u201d.<\/p>\n<p>\n\t\u201cP\u00ebrpjekja e Misho Stoj\u00e7iqit \u00ebsht\u00eb e nj\u00eb r\u00ebnd\u00ebsie t\u00eb dor\u00ebs s\u00eb par\u00eb p\u00ebr historiografin\u00eb, arkivimin dhe historin\u00eb e kish\u00ebs ortodokse serbe, si dhe p\u00ebr historin\u00eb e popullit serb, dhe nuk \u00ebsht\u00eb aspak lokale apo rajonale, por shum\u00eb m\u00eb e gjer\u00eb, duke e ditur historin e k\u00ebtij rajoni dhe kontekstin e tij\u201d. \u201cFal\u00eb fondeve t\u00eb pasura t\u00eb Arkivit Historik n\u00eb Vranj\u00eb, Misha Stoj\u00e7iq arriti t\u00eb p\u00ebrzgjedh\u00eb dhe p\u00ebrpunoj\u00eb me zell materialin m\u00eb t\u00eb r\u00ebnd\u00ebsish\u00ebm t\u00eb krijuar nga aktivitetet e manastirit midis viteve 1903 dhe 1973\u201d, theksoi historiani Ristiq.<\/p>\n<p>\n\tN\u00eb pun\u00ebn p\u00ebr koleksionin Stoj\u00e7iqin e ndihmuan koleg\u00ebt Branka Jana\u00e7koviq dhe Bozha Janjiq, dhe si nj\u00eb lloj kronike e nj\u00eb kohe, p\u00ebrmbledhja u botua nga Arkivi Historik 31. janar\u201d n\u00eb Vranj\u00eb.<\/p>\n<p>\n\t<strong>Burimi: Bujanovacke, Trupi Koordinues<\/strong><\/p>\n<p>\n\t\u00a0<\/p>\n","protected":false},"excerpt":{"rendered":"<p>Bujanoc \u2013 Beograd \u2013\u00a0Libri &quot;Manastiri i Sh\u00ebn Prohor Pcinjskit 1903-1973&quot; i autorit Miroljub Misho Stoj\u00e7iq, arkivist i Vranj\u00ebs, \u00ebsht\u00eb i nj\u00eb r\u00ebnd\u00ebsie t\u00eb dor\u00ebs s\u00eb par\u00eb p\u00ebr historiografin\u00eb, arkivimin dhe historin\u00eb serbe t\u00eb kish\u00ebs ortodokse serbe, si dhe p\u00ebr historin\u00eb e popullit serb, u tha n\u00eb promovimin e k\u00ebsaj vepre n\u00eb Vranj\u00eb.<\/p>\n","protected":false},"author":1,"featured_media":108338,"comment_status":"closed","ping_status":"closed","sticky":false,"template":"","format":"standard","meta":{"footnotes":""},"categories":[55],"tags":[],"class_list":["post-108333","post","type-post","status-publish","format-standard","has-post-thumbnail","hentry","category-lajme"],"yoast_head":"<!-- This site is optimized with the Yoast SEO plugin v27.5 - https:\/\/yoast.com\/product\/yoast-seo-wordpress\/ -->\n<title>PUBLIKOHET LIBRI RRETH MANASTIRIT T\u00cb PROHOR P\u00c7INSKIT: P\u00cbR HISTORIN\u00cb E KISHAVE SERBE DHE POPULLIN - Republika e S\u00ebrbis\u00eb Trupi Koordinues p\u00ebr komunat Bujanoc, Preshev\u00eb dhe Medvegj\u00eb<\/title>\n<meta name=\"robots\" content=\"index, follow, max-snippet:-1, max-image-preview:large, max-video-preview:-1\" \/>\n<link rel=\"canonical\" href=\"https:\/\/kt.gov.rs\/sq\/publikohet-libri-rreth-manastirit-te-prohor-pcinskit-per-historine-e-kishave-serbe-dhe-popullin\/\" \/>\n<meta property=\"og:locale\" content=\"sq_AL\" \/>\n<meta property=\"og:type\" content=\"article\" \/>\n<meta property=\"og:title\" content=\"PUBLIKOHET LIBRI RRETH MANASTIRIT T\u00cb PROHOR P\u00c7INSKIT: P\u00cbR HISTORIN\u00cb E KISHAVE SERBE DHE POPULLIN - Republika e S\u00ebrbis\u00eb Trupi Koordinues p\u00ebr komunat Bujanoc, Preshev\u00eb dhe Medvegj\u00eb\" \/>\n<meta property=\"og:description\" content=\"Bujanoc - Beograd -\u00a0Libri &quot;Manastiri i Sh\u00ebn Prohor Pcinjskit 1903-1973&quot; i autorit Miroljub Misho Stoj\u00e7iq, arkivist i Vranj\u00ebs, \u00ebsht\u00eb i nj\u00eb r\u00ebnd\u00ebsie t\u00eb dor\u00ebs s\u00eb par\u00eb p\u00ebr historiografin\u00eb, arkivimin dhe historin\u00eb serbe t\u00eb kish\u00ebs ortodokse serbe, si dhe p\u00ebr historin\u00eb e popullit serb, u tha n\u00eb promovimin e k\u00ebsaj vepre n\u00eb Vranj\u00eb.\" \/>\n<meta property=\"og:url\" content=\"https:\/\/kt.gov.rs\/sq\/publikohet-libri-rreth-manastirit-te-prohor-pcinskit-per-historine-e-kishave-serbe-dhe-popullin\/\" \/>\n<meta property=\"og:site_name\" content=\"Republika e S\u00ebrbis\u00eb Trupi Koordinues p\u00ebr komunat Bujanoc, Preshev\u00eb dhe Medvegj\u00eb\" \/>\n<meta property=\"article:publisher\" content=\"https:\/\/www.facebook.com\/SluzbaKoordinacionogTelaVladeRepublikeSrbije\" \/>\n<meta property=\"article:published_time\" content=\"2022-02-02T00:00:00+00:00\" \/>\n<meta property=\"article:modified_time\" content=\"2024-07-30T17:58:00+00:00\" \/>\n<meta property=\"og:image\" content=\"https:\/\/kt.gov.rs\/wp-content\/uploads\/2024\/07\/1643809090_020222_3-3.jpg\" \/>\n\t<meta property=\"og:image:width\" content=\"315\" \/>\n\t<meta property=\"og:image:height\" content=\"230\" \/>\n\t<meta property=\"og:image:type\" content=\"image\/jpeg\" \/>\n<meta name=\"author\" content=\"ktmin\" \/>\n<meta name=\"twitter:card\" content=\"summary_large_image\" \/>\n<meta name=\"twitter:creator\" content=\"@kt_gov\" \/>\n<meta name=\"twitter:site\" content=\"@kt_gov\" \/>\n<meta name=\"twitter:label1\" content=\"Written by\" \/>\n\t<meta name=\"twitter:data1\" content=\"ktmin\" \/>\n\t<meta name=\"twitter:label2\" content=\"Est. reading time\" \/>\n\t<meta name=\"twitter:data2\" content=\"3 minutes\" \/>\n<script type=\"application\/ld+json\" class=\"yoast-schema-graph\">{\"@context\":\"https:\\\/\\\/schema.org\",\"@graph\":[{\"@type\":\"Article\",\"@id\":\"https:\\\/\\\/kt.gov.rs\\\/sq\\\/publikohet-libri-rreth-manastirit-te-prohor-pcinskit-per-historine-e-kishave-serbe-dhe-popullin\\\/#article\",\"isPartOf\":{\"@id\":\"https:\\\/\\\/kt.gov.rs\\\/sq\\\/publikohet-libri-rreth-manastirit-te-prohor-pcinskit-per-historine-e-kishave-serbe-dhe-popullin\\\/\"},\"author\":{\"name\":\"ktmin\",\"@id\":\"https:\\\/\\\/kt.gov.rs\\\/#\\\/schema\\\/person\\\/e426459ddb4173309103390602694571\"},\"headline\":\"PUBLIKOHET LIBRI RRETH MANASTIRIT T\u00cb PROHOR P\u00c7INSKIT: P\u00cbR HISTORIN\u00cb E KISHAVE SERBE DHE POPULLIN\",\"datePublished\":\"2022-02-02T00:00:00+00:00\",\"dateModified\":\"2024-07-30T17:58:00+00:00\",\"mainEntityOfPage\":{\"@id\":\"https:\\\/\\\/kt.gov.rs\\\/sq\\\/publikohet-libri-rreth-manastirit-te-prohor-pcinskit-per-historine-e-kishave-serbe-dhe-popullin\\\/\"},\"wordCount\":685,\"publisher\":{\"@id\":\"https:\\\/\\\/kt.gov.rs\\\/#organization\"},\"image\":{\"@id\":\"https:\\\/\\\/kt.gov.rs\\\/sq\\\/publikohet-libri-rreth-manastirit-te-prohor-pcinskit-per-historine-e-kishave-serbe-dhe-popullin\\\/#primaryimage\"},\"thumbnailUrl\":\"https:\\\/\\\/kt.gov.rs\\\/wp-content\\\/uploads\\\/2024\\\/07\\\/1643809090_020222_3-3.jpg\",\"articleSection\":[\"Lajme\"],\"inLanguage\":\"sq-AL\"},{\"@type\":\"WebPage\",\"@id\":\"https:\\\/\\\/kt.gov.rs\\\/sq\\\/publikohet-libri-rreth-manastirit-te-prohor-pcinskit-per-historine-e-kishave-serbe-dhe-popullin\\\/\",\"url\":\"https:\\\/\\\/kt.gov.rs\\\/sq\\\/publikohet-libri-rreth-manastirit-te-prohor-pcinskit-per-historine-e-kishave-serbe-dhe-popullin\\\/\",\"name\":\"PUBLIKOHET LIBRI RRETH MANASTIRIT T\u00cb PROHOR P\u00c7INSKIT: P\u00cbR HISTORIN\u00cb E KISHAVE SERBE DHE POPULLIN - Republika e S\u00ebrbis\u00eb Trupi Koordinues p\u00ebr komunat Bujanoc, Preshev\u00eb dhe Medvegj\u00eb\",\"isPartOf\":{\"@id\":\"https:\\\/\\\/kt.gov.rs\\\/#website\"},\"primaryImageOfPage\":{\"@id\":\"https:\\\/\\\/kt.gov.rs\\\/sq\\\/publikohet-libri-rreth-manastirit-te-prohor-pcinskit-per-historine-e-kishave-serbe-dhe-popullin\\\/#primaryimage\"},\"image\":{\"@id\":\"https:\\\/\\\/kt.gov.rs\\\/sq\\\/publikohet-libri-rreth-manastirit-te-prohor-pcinskit-per-historine-e-kishave-serbe-dhe-popullin\\\/#primaryimage\"},\"thumbnailUrl\":\"https:\\\/\\\/kt.gov.rs\\\/wp-content\\\/uploads\\\/2024\\\/07\\\/1643809090_020222_3-3.jpg\",\"datePublished\":\"2022-02-02T00:00:00+00:00\",\"dateModified\":\"2024-07-30T17:58:00+00:00\",\"breadcrumb\":{\"@id\":\"https:\\\/\\\/kt.gov.rs\\\/sq\\\/publikohet-libri-rreth-manastirit-te-prohor-pcinskit-per-historine-e-kishave-serbe-dhe-popullin\\\/#breadcrumb\"},\"inLanguage\":\"sq-AL\",\"potentialAction\":[{\"@type\":\"ReadAction\",\"target\":[\"https:\\\/\\\/kt.gov.rs\\\/sq\\\/publikohet-libri-rreth-manastirit-te-prohor-pcinskit-per-historine-e-kishave-serbe-dhe-popullin\\\/\"]}]},{\"@type\":\"ImageObject\",\"inLanguage\":\"sq-AL\",\"@id\":\"https:\\\/\\\/kt.gov.rs\\\/sq\\\/publikohet-libri-rreth-manastirit-te-prohor-pcinskit-per-historine-e-kishave-serbe-dhe-popullin\\\/#primaryimage\",\"url\":\"https:\\\/\\\/kt.gov.rs\\\/wp-content\\\/uploads\\\/2024\\\/07\\\/1643809090_020222_3-3.jpg\",\"contentUrl\":\"https:\\\/\\\/kt.gov.rs\\\/wp-content\\\/uploads\\\/2024\\\/07\\\/1643809090_020222_3-3.jpg\",\"width\":315,\"height\":230},{\"@type\":\"BreadcrumbList\",\"@id\":\"https:\\\/\\\/kt.gov.rs\\\/sq\\\/publikohet-libri-rreth-manastirit-te-prohor-pcinskit-per-historine-e-kishave-serbe-dhe-popullin\\\/#breadcrumb\",\"itemListElement\":[{\"@type\":\"ListItem\",\"position\":1,\"name\":\"\u041f\u043e\u0447\u0435\u0442\u043d\u0430\",\"item\":\"https:\\\/\\\/kt.gov.rs\\\/sq\\\/\"},{\"@type\":\"ListItem\",\"position\":2,\"name\":\"PUBLIKOHET LIBRI RRETH MANASTIRIT T\u00cb PROHOR P\u00c7INSKIT: P\u00cbR HISTORIN\u00cb E KISHAVE SERBE DHE POPULLIN\"}]},{\"@type\":\"WebSite\",\"@id\":\"https:\\\/\\\/kt.gov.rs\\\/#website\",\"url\":\"https:\\\/\\\/kt.gov.rs\\\/\",\"name\":\"\u041a\u043e\u043e\u0440\u0434\u0438\u043d\u0430\u0446\u0438\u043e\u043d\u043e \u0442\u0435\u043b\u043e \u0412\u043b\u0430\u0434\u0435 \u0420\u0435\u043f\u0443\u0431\u043b\u0438\u043a\u0435 \u0421\u0440\u0431\u0438\u0458\u0435 \u0437\u0430 \u043e\u043f\u0448\u0442\u0438\u043d\u0435 \u041f\u0440\u0435\u0448\u0435\u0432\u043e, \u0411\u0443\u0458\u0430\u043d\u043e\u0432\u0430\u0446 \u0438 \u041c\u0435\u0434\u0432\u0435\u0452a\",\"description\":\"\",\"publisher\":{\"@id\":\"https:\\\/\\\/kt.gov.rs\\\/#organization\"},\"alternateName\":\"\u041a\u043e\u043e\u0440\u0434\u0438\u043d\u0430\u0446\u0438\u043e\u043d\u043e \u0442\u0435\u043b\u043e\",\"potentialAction\":[{\"@type\":\"SearchAction\",\"target\":{\"@type\":\"EntryPoint\",\"urlTemplate\":\"https:\\\/\\\/kt.gov.rs\\\/?s={search_term_string}\"},\"query-input\":{\"@type\":\"PropertyValueSpecification\",\"valueRequired\":true,\"valueName\":\"search_term_string\"}}],\"inLanguage\":\"sq-AL\"},{\"@type\":\"Organization\",\"@id\":\"https:\\\/\\\/kt.gov.rs\\\/#organization\",\"name\":\"\u041a\u043e\u043e\u0440\u0434\u0438\u043d\u0430\u0446\u0438\u043e\u043d\u043e \u0442\u0435\u043b\u043e \u0412\u043b\u0430\u0434\u0435 \u0420\u0435\u043f\u0443\u0431\u043b\u0438\u043a\u0435 \u0421\u0440\u0431\u0438\u0458\u0435 \u0437\u0430 \u043e\u043f\u0448\u0442\u0438\u043d\u0435 \u041f\u0440\u0435\u0448\u0435\u0432\u043e, \u0411\u0443\u0458\u0430\u043d\u043e\u0432\u0430\u0446 \u0438 \u041c\u0435\u0434\u0432\u0435\u0452a\",\"alternateName\":\"\u041a\u043e\u043e\u0440\u0434\u0438\u043d\u0430\u0446\u0438\u043e\u043d\u043e \u0442\u0435\u043b\u043e\",\"url\":\"https:\\\/\\\/kt.gov.rs\\\/\",\"logo\":{\"@type\":\"ImageObject\",\"inLanguage\":\"sq-AL\",\"@id\":\"https:\\\/\\\/kt.gov.rs\\\/#\\\/schema\\\/logo\\\/image\\\/\",\"url\":\"https:\\\/\\\/kt.gov.rs\\\/wp-content\\\/uploads\\\/2024\\\/12\\\/koord2.jpg\",\"contentUrl\":\"https:\\\/\\\/kt.gov.rs\\\/wp-content\\\/uploads\\\/2024\\\/12\\\/koord2.jpg\",\"width\":640,\"height\":480,\"caption\":\"\u041a\u043e\u043e\u0440\u0434\u0438\u043d\u0430\u0446\u0438\u043e\u043d\u043e \u0442\u0435\u043b\u043e \u0412\u043b\u0430\u0434\u0435 \u0420\u0435\u043f\u0443\u0431\u043b\u0438\u043a\u0435 \u0421\u0440\u0431\u0438\u0458\u0435 \u0437\u0430 \u043e\u043f\u0448\u0442\u0438\u043d\u0435 \u041f\u0440\u0435\u0448\u0435\u0432\u043e, \u0411\u0443\u0458\u0430\u043d\u043e\u0432\u0430\u0446 \u0438 \u041c\u0435\u0434\u0432\u0435\u0452a\"},\"image\":{\"@id\":\"https:\\\/\\\/kt.gov.rs\\\/#\\\/schema\\\/logo\\\/image\\\/\"},\"sameAs\":[\"https:\\\/\\\/www.facebook.com\\\/SluzbaKoordinacionogTelaVladeRepublikeSrbije\",\"https:\\\/\\\/x.com\\\/kt_gov\",\"https:\\\/\\\/www.youtube.com\\\/@koordinacionotelo\"]},{\"@type\":\"Person\",\"@id\":\"https:\\\/\\\/kt.gov.rs\\\/#\\\/schema\\\/person\\\/e426459ddb4173309103390602694571\",\"name\":\"ktmin\",\"image\":{\"@type\":\"ImageObject\",\"inLanguage\":\"sq-AL\",\"@id\":\"https:\\\/\\\/secure.gravatar.com\\\/avatar\\\/3985c961109853010c3fbc7ba30365bfba5db3dd6c525831d9c595c7525a615a?s=96&d=mm&r=g\",\"url\":\"https:\\\/\\\/secure.gravatar.com\\\/avatar\\\/3985c961109853010c3fbc7ba30365bfba5db3dd6c525831d9c595c7525a615a?s=96&d=mm&r=g\",\"contentUrl\":\"https:\\\/\\\/secure.gravatar.com\\\/avatar\\\/3985c961109853010c3fbc7ba30365bfba5db3dd6c525831d9c595c7525a615a?s=96&d=mm&r=g\",\"caption\":\"ktmin\"},\"sameAs\":[\"https:\\\/\\\/kt.gov.rs\"],\"url\":\"https:\\\/\\\/kt.gov.rs\\\/sq\\\/author\\\/ktmin\\\/\"}]}<\/script>\n<!-- \/ Yoast SEO plugin. -->","yoast_head_json":{"title":"PUBLIKOHET LIBRI RRETH MANASTIRIT T\u00cb PROHOR P\u00c7INSKIT: P\u00cbR HISTORIN\u00cb E KISHAVE SERBE DHE POPULLIN - Republika e S\u00ebrbis\u00eb Trupi Koordinues p\u00ebr komunat Bujanoc, Preshev\u00eb dhe Medvegj\u00eb","robots":{"index":"index","follow":"follow","max-snippet":"max-snippet:-1","max-image-preview":"max-image-preview:large","max-video-preview":"max-video-preview:-1"},"canonical":"https:\/\/kt.gov.rs\/sq\/publikohet-libri-rreth-manastirit-te-prohor-pcinskit-per-historine-e-kishave-serbe-dhe-popullin\/","og_locale":"sq_AL","og_type":"article","og_title":"PUBLIKOHET LIBRI RRETH MANASTIRIT T\u00cb PROHOR P\u00c7INSKIT: P\u00cbR HISTORIN\u00cb E KISHAVE SERBE DHE POPULLIN - Republika e S\u00ebrbis\u00eb Trupi Koordinues p\u00ebr komunat Bujanoc, Preshev\u00eb dhe Medvegj\u00eb","og_description":"Bujanoc - Beograd -\u00a0Libri &quot;Manastiri i Sh\u00ebn Prohor Pcinjskit 1903-1973&quot; i autorit Miroljub Misho Stoj\u00e7iq, arkivist i Vranj\u00ebs, \u00ebsht\u00eb i nj\u00eb r\u00ebnd\u00ebsie t\u00eb dor\u00ebs s\u00eb par\u00eb p\u00ebr historiografin\u00eb, arkivimin dhe historin\u00eb serbe t\u00eb kish\u00ebs ortodokse serbe, si dhe p\u00ebr historin\u00eb e popullit serb, u tha n\u00eb promovimin e k\u00ebsaj vepre n\u00eb Vranj\u00eb.","og_url":"https:\/\/kt.gov.rs\/sq\/publikohet-libri-rreth-manastirit-te-prohor-pcinskit-per-historine-e-kishave-serbe-dhe-popullin\/","og_site_name":"Republika e S\u00ebrbis\u00eb Trupi Koordinues p\u00ebr komunat Bujanoc, Preshev\u00eb dhe Medvegj\u00eb","article_publisher":"https:\/\/www.facebook.com\/SluzbaKoordinacionogTelaVladeRepublikeSrbije","article_published_time":"2022-02-02T00:00:00+00:00","article_modified_time":"2024-07-30T17:58:00+00:00","og_image":[{"width":315,"height":230,"url":"https:\/\/kt.gov.rs\/wp-content\/uploads\/2024\/07\/1643809090_020222_3-3.jpg","type":"image\/jpeg"}],"author":"ktmin","twitter_card":"summary_large_image","twitter_creator":"@kt_gov","twitter_site":"@kt_gov","twitter_misc":{"Written by":"ktmin","Est. reading time":"3 minutes"},"schema":{"@context":"https:\/\/schema.org","@graph":[{"@type":"Article","@id":"https:\/\/kt.gov.rs\/sq\/publikohet-libri-rreth-manastirit-te-prohor-pcinskit-per-historine-e-kishave-serbe-dhe-popullin\/#article","isPartOf":{"@id":"https:\/\/kt.gov.rs\/sq\/publikohet-libri-rreth-manastirit-te-prohor-pcinskit-per-historine-e-kishave-serbe-dhe-popullin\/"},"author":{"name":"ktmin","@id":"https:\/\/kt.gov.rs\/#\/schema\/person\/e426459ddb4173309103390602694571"},"headline":"PUBLIKOHET LIBRI RRETH MANASTIRIT T\u00cb PROHOR P\u00c7INSKIT: P\u00cbR HISTORIN\u00cb E KISHAVE SERBE DHE POPULLIN","datePublished":"2022-02-02T00:00:00+00:00","dateModified":"2024-07-30T17:58:00+00:00","mainEntityOfPage":{"@id":"https:\/\/kt.gov.rs\/sq\/publikohet-libri-rreth-manastirit-te-prohor-pcinskit-per-historine-e-kishave-serbe-dhe-popullin\/"},"wordCount":685,"publisher":{"@id":"https:\/\/kt.gov.rs\/#organization"},"image":{"@id":"https:\/\/kt.gov.rs\/sq\/publikohet-libri-rreth-manastirit-te-prohor-pcinskit-per-historine-e-kishave-serbe-dhe-popullin\/#primaryimage"},"thumbnailUrl":"https:\/\/kt.gov.rs\/wp-content\/uploads\/2024\/07\/1643809090_020222_3-3.jpg","articleSection":["Lajme"],"inLanguage":"sq-AL"},{"@type":"WebPage","@id":"https:\/\/kt.gov.rs\/sq\/publikohet-libri-rreth-manastirit-te-prohor-pcinskit-per-historine-e-kishave-serbe-dhe-popullin\/","url":"https:\/\/kt.gov.rs\/sq\/publikohet-libri-rreth-manastirit-te-prohor-pcinskit-per-historine-e-kishave-serbe-dhe-popullin\/","name":"PUBLIKOHET LIBRI RRETH MANASTIRIT T\u00cb PROHOR P\u00c7INSKIT: P\u00cbR HISTORIN\u00cb E KISHAVE SERBE DHE POPULLIN - Republika e S\u00ebrbis\u00eb Trupi Koordinues p\u00ebr komunat Bujanoc, Preshev\u00eb dhe Medvegj\u00eb","isPartOf":{"@id":"https:\/\/kt.gov.rs\/#website"},"primaryImageOfPage":{"@id":"https:\/\/kt.gov.rs\/sq\/publikohet-libri-rreth-manastirit-te-prohor-pcinskit-per-historine-e-kishave-serbe-dhe-popullin\/#primaryimage"},"image":{"@id":"https:\/\/kt.gov.rs\/sq\/publikohet-libri-rreth-manastirit-te-prohor-pcinskit-per-historine-e-kishave-serbe-dhe-popullin\/#primaryimage"},"thumbnailUrl":"https:\/\/kt.gov.rs\/wp-content\/uploads\/2024\/07\/1643809090_020222_3-3.jpg","datePublished":"2022-02-02T00:00:00+00:00","dateModified":"2024-07-30T17:58:00+00:00","breadcrumb":{"@id":"https:\/\/kt.gov.rs\/sq\/publikohet-libri-rreth-manastirit-te-prohor-pcinskit-per-historine-e-kishave-serbe-dhe-popullin\/#breadcrumb"},"inLanguage":"sq-AL","potentialAction":[{"@type":"ReadAction","target":["https:\/\/kt.gov.rs\/sq\/publikohet-libri-rreth-manastirit-te-prohor-pcinskit-per-historine-e-kishave-serbe-dhe-popullin\/"]}]},{"@type":"ImageObject","inLanguage":"sq-AL","@id":"https:\/\/kt.gov.rs\/sq\/publikohet-libri-rreth-manastirit-te-prohor-pcinskit-per-historine-e-kishave-serbe-dhe-popullin\/#primaryimage","url":"https:\/\/kt.gov.rs\/wp-content\/uploads\/2024\/07\/1643809090_020222_3-3.jpg","contentUrl":"https:\/\/kt.gov.rs\/wp-content\/uploads\/2024\/07\/1643809090_020222_3-3.jpg","width":315,"height":230},{"@type":"BreadcrumbList","@id":"https:\/\/kt.gov.rs\/sq\/publikohet-libri-rreth-manastirit-te-prohor-pcinskit-per-historine-e-kishave-serbe-dhe-popullin\/#breadcrumb","itemListElement":[{"@type":"ListItem","position":1,"name":"\u041f\u043e\u0447\u0435\u0442\u043d\u0430","item":"https:\/\/kt.gov.rs\/sq\/"},{"@type":"ListItem","position":2,"name":"PUBLIKOHET LIBRI RRETH MANASTIRIT T\u00cb PROHOR P\u00c7INSKIT: P\u00cbR HISTORIN\u00cb E KISHAVE SERBE DHE POPULLIN"}]},{"@type":"WebSite","@id":"https:\/\/kt.gov.rs\/#website","url":"https:\/\/kt.gov.rs\/","name":"\u041a\u043e\u043e\u0440\u0434\u0438\u043d\u0430\u0446\u0438\u043e\u043d\u043e \u0442\u0435\u043b\u043e \u0412\u043b\u0430\u0434\u0435 \u0420\u0435\u043f\u0443\u0431\u043b\u0438\u043a\u0435 \u0421\u0440\u0431\u0438\u0458\u0435 \u0437\u0430 \u043e\u043f\u0448\u0442\u0438\u043d\u0435 \u041f\u0440\u0435\u0448\u0435\u0432\u043e, \u0411\u0443\u0458\u0430\u043d\u043e\u0432\u0430\u0446 \u0438 \u041c\u0435\u0434\u0432\u0435\u0452a","description":"","publisher":{"@id":"https:\/\/kt.gov.rs\/#organization"},"alternateName":"\u041a\u043e\u043e\u0440\u0434\u0438\u043d\u0430\u0446\u0438\u043e\u043d\u043e \u0442\u0435\u043b\u043e","potentialAction":[{"@type":"SearchAction","target":{"@type":"EntryPoint","urlTemplate":"https:\/\/kt.gov.rs\/?s={search_term_string}"},"query-input":{"@type":"PropertyValueSpecification","valueRequired":true,"valueName":"search_term_string"}}],"inLanguage":"sq-AL"},{"@type":"Organization","@id":"https:\/\/kt.gov.rs\/#organization","name":"\u041a\u043e\u043e\u0440\u0434\u0438\u043d\u0430\u0446\u0438\u043e\u043d\u043e \u0442\u0435\u043b\u043e \u0412\u043b\u0430\u0434\u0435 \u0420\u0435\u043f\u0443\u0431\u043b\u0438\u043a\u0435 \u0421\u0440\u0431\u0438\u0458\u0435 \u0437\u0430 \u043e\u043f\u0448\u0442\u0438\u043d\u0435 \u041f\u0440\u0435\u0448\u0435\u0432\u043e, \u0411\u0443\u0458\u0430\u043d\u043e\u0432\u0430\u0446 \u0438 \u041c\u0435\u0434\u0432\u0435\u0452a","alternateName":"\u041a\u043e\u043e\u0440\u0434\u0438\u043d\u0430\u0446\u0438\u043e\u043d\u043e \u0442\u0435\u043b\u043e","url":"https:\/\/kt.gov.rs\/","logo":{"@type":"ImageObject","inLanguage":"sq-AL","@id":"https:\/\/kt.gov.rs\/#\/schema\/logo\/image\/","url":"https:\/\/kt.gov.rs\/wp-content\/uploads\/2024\/12\/koord2.jpg","contentUrl":"https:\/\/kt.gov.rs\/wp-content\/uploads\/2024\/12\/koord2.jpg","width":640,"height":480,"caption":"\u041a\u043e\u043e\u0440\u0434\u0438\u043d\u0430\u0446\u0438\u043e\u043d\u043e \u0442\u0435\u043b\u043e \u0412\u043b\u0430\u0434\u0435 \u0420\u0435\u043f\u0443\u0431\u043b\u0438\u043a\u0435 \u0421\u0440\u0431\u0438\u0458\u0435 \u0437\u0430 \u043e\u043f\u0448\u0442\u0438\u043d\u0435 \u041f\u0440\u0435\u0448\u0435\u0432\u043e, \u0411\u0443\u0458\u0430\u043d\u043e\u0432\u0430\u0446 \u0438 \u041c\u0435\u0434\u0432\u0435\u0452a"},"image":{"@id":"https:\/\/kt.gov.rs\/#\/schema\/logo\/image\/"},"sameAs":["https:\/\/www.facebook.com\/SluzbaKoordinacionogTelaVladeRepublikeSrbije","https:\/\/x.com\/kt_gov","https:\/\/www.youtube.com\/@koordinacionotelo"]},{"@type":"Person","@id":"https:\/\/kt.gov.rs\/#\/schema\/person\/e426459ddb4173309103390602694571","name":"ktmin","image":{"@type":"ImageObject","inLanguage":"sq-AL","@id":"https:\/\/secure.gravatar.com\/avatar\/3985c961109853010c3fbc7ba30365bfba5db3dd6c525831d9c595c7525a615a?s=96&d=mm&r=g","url":"https:\/\/secure.gravatar.com\/avatar\/3985c961109853010c3fbc7ba30365bfba5db3dd6c525831d9c595c7525a615a?s=96&d=mm&r=g","contentUrl":"https:\/\/secure.gravatar.com\/avatar\/3985c961109853010c3fbc7ba30365bfba5db3dd6c525831d9c595c7525a615a?s=96&d=mm&r=g","caption":"ktmin"},"sameAs":["https:\/\/kt.gov.rs"],"url":"https:\/\/kt.gov.rs\/sq\/author\/ktmin\/"}]}},"_links":{"self":[{"href":"https:\/\/kt.gov.rs\/sq\/wp-json\/wp\/v2\/posts\/108333","targetHints":{"allow":["GET"]}}],"collection":[{"href":"https:\/\/kt.gov.rs\/sq\/wp-json\/wp\/v2\/posts"}],"about":[{"href":"https:\/\/kt.gov.rs\/sq\/wp-json\/wp\/v2\/types\/post"}],"author":[{"embeddable":true,"href":"https:\/\/kt.gov.rs\/sq\/wp-json\/wp\/v2\/users\/1"}],"replies":[{"embeddable":true,"href":"https:\/\/kt.gov.rs\/sq\/wp-json\/wp\/v2\/comments?post=108333"}],"version-history":[{"count":1,"href":"https:\/\/kt.gov.rs\/sq\/wp-json\/wp\/v2\/posts\/108333\/revisions"}],"predecessor-version":[{"id":108337,"href":"https:\/\/kt.gov.rs\/sq\/wp-json\/wp\/v2\/posts\/108333\/revisions\/108337"}],"wp:featuredmedia":[{"embeddable":true,"href":"https:\/\/kt.gov.rs\/sq\/wp-json\/wp\/v2\/media\/108338"}],"wp:attachment":[{"href":"https:\/\/kt.gov.rs\/sq\/wp-json\/wp\/v2\/media?parent=108333"}],"wp:term":[{"taxonomy":"category","embeddable":true,"href":"https:\/\/kt.gov.rs\/sq\/wp-json\/wp\/v2\/categories?post=108333"},{"taxonomy":"post_tag","embeddable":true,"href":"https:\/\/kt.gov.rs\/sq\/wp-json\/wp\/v2\/tags?post=108333"}],"curies":[{"name":"wp","href":"https:\/\/api.w.org\/{rel}","templated":true}]}}