{"id":108325,"date":"2022-02-02T00:00:00","date_gmt":"2022-02-02T00:00:00","guid":{"rendered":"http:\/\/kt.printandscreen.rs\/thirrje-publike-per-realizimin-e-programit-per-persosjen-e-kuadrove-ne-vitin-2022-2023\/"},"modified":"2024-07-30T17:57:59","modified_gmt":"2024-07-30T17:57:59","slug":"thirrje-publike-per-realizimin-e-programit-per-persosjen-e-kuadrove-ne-vitin-2022-2023","status":"publish","type":"post","link":"https:\/\/kt.gov.rs\/sq\/thirrje-publike-per-realizimin-e-programit-per-persosjen-e-kuadrove-ne-vitin-2022-2023\/","title":{"rendered":"THIRRJE PUBLIKE P\u00cbR REALIZIMIN E PROGRAMIT P\u00cbR P\u00cbRSOSJEN E KUADROVE N\u00cb VITIN 2022-2023"},"content":{"rendered":"<p>\n\t<strong><img decoding=\"async\" alt=\"\" src=\"https:\/\/kt.gov.rs\/wp-content\/uploads\/2024\/07\/1643808861_020222_1-2.jpg\" style=\"width: 315px; height: 230px; float: left;\" \/><\/strong><strong>Preshev\u00eb \u2013 Beograd \u2013 <\/strong>N\u00eb baz\u00eb t\u00eb nenit 43. alineja 1. pika 3) dhe 5) e Ligjit mbi pun\u00ebsimin dhe sigurimin p\u00ebr rastet e papun\u00ebsis\u00eb (\u201cGazeta Zyrtare RS\u201d, nr. 36\/2009, 88\/2010,38\/2015 dhe 113\/2017-ligje tjera) dhe Vendimit t\u00eb k\u00ebshillit komunal t\u00eb komun\u00ebs s\u00eb Preshev\u00ebs III.nr.119-67 t\u00eb dates 06.09.2021, Vendimit mbi miratimin e Planit akcional t\u00eb pun\u00ebsimit p\u00ebr vitin 2021\/2023 III.nr.101-1 t\u00eb dat\u00ebs 06.09.2021, pika 4.2.4 e Planit Akcional t\u00eb pun\u00ebsimit dhe n\u00eb baz\u00eb t\u00eb vendimit t\u00eb K\u00ebshillit komunal mbi vendimin e programit p\u00ebr p\u00ebrsosjen e kuadrove III.nr.119-2 dat\u00eb 27.01.2022 dhe n\u00eb baz\u00eb t\u00eb vendimit K\u00ebshillit komunal p\u00ebr formimin e k\u00ebshillit lokal p\u00ebr pun\u00ebsim III.nr.112-11 dat\u00eb 27.01.2022, k\u00ebshilli lokal p\u00ebr pun\u00ebsim, m\u00eb dat\u00eb 31.01.2022, shpall:<\/p>\n<p>\n\t\u00a0<\/p>\n<p align=\"center\">\n\tTHIRRJEN PUBLIKE P\u00cbR REALIZIMIN E PROGRAMIT P\u00cbR P\u00cbRSOSJEN E KUADROVE N\u00cb VITIN 2022-2023<\/p>\n<p align=\"center\">\n\t<strong>I.<\/strong><\/p>\n<p align=\"center\">\n\tP\u00cbRSHKRIMI I PROGRAMIT DHE LART\u00cbSIA E MJETEVE<\/p>\n<p>\n\tProgrami i praktik\u00ebs profesionale i dedikohet personave t\u00eb papun\u00ebsuar t\u00eb cil\u00ebt p\u00ebr her\u00eb t\u00eb par\u00eb aft\u00ebsohen profesionalisht p\u00ebr profesionet t\u00eb cilat i kan\u00eb fituar p\u00ebr llojin dhe shkall\u00ebn e caktuar profesionale, nd\u00ebrsa me q\u00ebllim t\u00eb af\u00ebtsimit p\u00ebr pun\u00eb t\u00eb pavarur dhe t\u00eb dh\u00ebnies s\u00eb provimit profesional, n\u00eb pajtim me ligjin ose me aktin e p\u00ebrgjithsh\u00ebm t\u00eb pun\u00ebdh\u00ebn\u00ebsit.<\/p>\n<p>\n\tProgrami i praktik\u00ebs profesionale zgjat\u00eb n\u00eb pajtim me ligjin, gjegj\u00ebsisht n\u00eb pajtim me aktin mbi organizimin dhe sistematizimin e pun\u00ebve te pun\u00ebdh\u00ebn\u00ebsi, edhe ate:<\/p>\n<p>\n\t\u2022 deri n\u00eb 12 muaj p\u00ebr praktikant\u00ebt me p\u00ebrgatitje superiore;<\/p>\n<p>\n\t\u2022 deri n\u00eb 9 muaj me p\u00ebrgatitje t\u00eb lart\u00eb profesionale;<\/p>\n<p>\n\t\u2022 6 muaj p\u00ebr personat t\u00eb cil\u00ebt kan\u00eb t\u00eb kryer shkoll\u00ebn e mesme.<\/p>\n<p>\n\tGjat\u00eb koh\u00ebzgjatjes s\u00eb praktik\u00ebs profesionale Komuna e Preshev\u00ebs:<\/p>\n<p>\n\t1. i paguan mjetet p\u00ebr pages\u00ebn personave t\u00eb angazhuar sipas lart\u00ebsis\u00eb s\u00eb pag\u00ebs minimale t\u00eb Republik\u00ebs s\u00eb S\u00ebrbis\u00eb,<\/p>\n<p>\n\t2. i paguan mjetet pun\u00ebdh\u00ebn\u00ebsit, i cili b\u00ebn\u00eb p\u00ebrllogaritjen dhe pages\u00ebn e kontributeve n\u00eb rast t\u00eb l\u00ebndimit n\u00eb pun\u00eb dhe s\u00ebmundjeve profesionale n\u00eb pajtim me ligjin dhe<\/p>\n<p>\n\t3. i bart\u00eb shpenzimet e dh\u00ebnies s\u00eb provimit profesional \u2013 t\u00eb praktikantit n\u00eb lart\u00ebsin\u00eb e ndihm\u00ebs nj\u00ebmujore financiare.<\/p>\n<p align=\"center\">\n\t<strong>II<\/strong><\/p>\n<p align=\"center\">\n\tKUSHTET DHE DOKUMENTACIONI I NEVOJSH\u00cbM P\u00cbR PJES\u00cbMARRJE<\/p>\n<p>\n\tKushtet:<\/p>\n<p>\n\tT\u00eb drejt\u00ebn e pjes\u00ebmarrjes n\u00eb Ftes\u00ebn publike e kan\u00eb pun\u00ebdh\u00ebn\u00ebsit nga territori i komun\u00ebs s\u00eb Preshev\u00ebs, edhe at\u00eb: Institucionet e arsimit, nd\u00ebrmarrjeve publike dhe entet publike, ku themelues \u00ebsht\u00eb komuna e Preshev\u00ebs, nga organet shtetrore, si dhe pun\u00ebdh\u00ebnsit nga sektori i ekonomis,me kusht q\u00eb:<\/p>\n<p>\n\t\u2022 q\u00eb me rregull t\u00eb paguajn\u00eb obligimet tatimore dhe kontributet p\u00ebr sigurim t\u00eb obliguar pensional:<\/p>\n<p>\n\t\u2022 q\u00eb me ligj ose me aktin mbi organizimin dhe sistematizimin e pun\u00ebve te pun\u00ebdh\u00ebn\u00ebsi si kusht p\u00ebr pun\u00eb n\u00eb pun\u00ebt e caktuara t\u00eb jet\u00eb parapar\u00eb obligimi i mbajtjes s\u00eb praktik\u00ebs profesionale;<\/p>\n<p>\n\t\u2022 t\u00eb ket\u00eb kapacitete kadrovike dhe t\u00eb tjera p\u00ebr aft\u00ebsimin profesional t\u00eb personave;<\/p>\n<p>\n\t\u2022 t\u00eb angazhoje personin e papun\u00ebsuar i cili:<\/p>\n<p>\n\t\u2022 ka arsimim t\u00eb mes\u00ebm, t\u00eb lart\u00eb ose superior,<\/p>\n<p>\n\t\u2022 Q\u00eb nuk ka p\u00ebrvoj\u00eb pune n\u00eb profesion ose nuk ka p\u00ebrvoj\u00eb pune n\u00eb cil\u00ebsin\u00eb e praktikantit, t\u00eb mjaftueshme p\u00ebr fitimin e kushtit p\u00ebr dh\u00ebnien e provimit profesional, gjegj\u00ebsisht t\u00eb provimit t\u00eb praktikantit;<\/p>\n<p>\n\t\u2022 Q\u00eb gjendet n\u00eb evidenc\u00ebn e Sh\u00ebrbimit nacional p\u00ebr pun\u00ebsim, Ekspozitura n\u00eb Preshev\u00eb dhe p\u00ebr k\u00ebt\u00eb t\u2019ia d\u00ebrgoj pun\u00ebdh\u00ebn\u00ebsit \u00e7ertifikat\u00ebn.<\/p>\n<p>\n\tPun\u00ebdh\u00ebn\u00ebsi i cili ka deri n\u00eb 10 t\u00eb pun\u00ebsuar ka t\u00eb drejt\u00eb q\u00eb n\u00eb program t\u2019i inkuadroj\u00eb deri n\u00eb dy persona t\u00eb papun\u00ebsuar, nd\u00ebrsa pun\u00ebdh\u00ebn\u00ebsi q\u00eb i ka mbi 10 t\u00eb pun\u00ebsuar ka t\u00eb drejt\u00eb n\u00eb inkuadrimin t\u00eb numrit q\u00eb nuk mund t\u00eb jet\u00eb m\u00eb i madh\u00eb se 20% i t\u00eb pun\u00ebsuarve.<\/p>\n<p>\n\tDokumentacioni:<\/p>\n<p>\n\t\u2022 K\u00ebrkesa p\u00ebr pjes\u00ebmarrje n\u00eb program n\u00eb ekstraktin e parapar\u00eb<\/p>\n<p>\n\t\u2022 Fotokopjen e aktvendimit t\u00eb organit kompetent mbi regjistrimin n\u00eb regjist\u00ebr, n\u00ebse aplikuesi i k\u00ebrkes\u00ebs nuk \u00ebsht\u00eb i regjistruar n\u00eb ARE;<\/p>\n<p>\n\t\u2022 Ekstrakti nga akti mbi organizimin dhe sistematizimin e pun\u00ebve, n\u00eb t\u00eb cilin \u00ebsht\u00eb parapar\u00eb obligimi i kryerjes s\u00eb stazhit t\u00eb praktikantit \u00ebsht\u00eb si kusht p\u00ebr pun\u00eb n\u00eb pun\u00ebt e caktuara;<\/p>\n<p>\n\t\u2022 D\u00ebshmia mbi pages\u00ebn e tatimeve dhe kontributeve p\u00ebr sigurim t\u00eb obliguesh\u00ebm social t\u00eb pun\u00ebsuar\u00ebve p\u00ebr muajin i cili i paraprin\u00eb muajit n\u00eb t\u00eb cilin \u00ebsht\u00eb paraqitur k\u00ebrkesa (kopja e ekstrakteve t\u00eb verifikuara).<\/p>\n<p>\n\t\u2022 P\u00ebr pun\u00ebdh\u00ebn\u00ebsit \u2013 shoq\u00ebrit\u00eb ekonomike dhe nd\u00ebrmarr\u00ebsit, d\u00ebshmin\u00eb q\u00eb n\u00eb mar\u00ebdh\u00ebnie t\u00eb p\u00ebrhershme pune t\u00eb ken\u00eb persona adekuat me p\u00ebrgatitje profesionale p\u00ebr aft\u00ebsimin profesional t\u00eb personave t\u00eb papun\u00ebsuar.<\/p>\n<p>\n\t\u2022 K\u00ebshilli p\u00ebr pun\u00ebsim i Komun\u00ebs s\u00eb Preshev\u00ebs, i caktuar p\u00ebr p\u00ebrcjelljen dhe realizimin e programit t\u00eb praktik\u00ebs profesionale i cili edhe e bie vendimin, e mban\u00eb t\u00eb drejt\u00ebn t\u00eb k\u00ebrkoj\u00eb edhe d\u00ebshmi t\u00eb tjera q\u00eb jan\u00eb relevante p\u00ebr vendosje mbi k\u00ebrkes\u00ebn e paraqitur.<\/p>\n<p align=\"center\">\n\t<strong>III<\/strong><\/p>\n<p align=\"center\">\n\tSJELLJA E VENDIMIT<\/p>\n<p>\n\tN\u00eb baz\u00eb t\u00eb k\u00ebrkesave t\u00eb paraqitura t\u00eb pun\u00ebdh\u00ebn\u00ebsve, K\u00ebshilli nxjerr vendimin n\u00eb afat prej 15 dit\u00ebsh, nga data e mbylljes se thirrjes publike.<\/p>\n<p>\n\tVendimet e nxjerrura do t\u00eb publikohen n\u00eb faqen e Komun\u00ebs s\u00eb Preshev\u00ebs dhe n\u00eb tabel\u00ebn p\u00ebr shpallje t\u00eb Administrat\u00ebs komunale t\u00eb Komun\u00ebs s\u00eb Preshev\u00ebs. Afati p\u00ebr ankesa ndaj vendimit \u00ebsht\u00eb 8 dit\u00eb nga sjellja e vendimit. Ankesa paraqitet K\u00ebshillit komunal Komun\u00ebs Preshev\u00eb.<\/p>\n<p align=\"center\">\n\t<strong>IV<\/strong><\/p>\n<p align=\"center\">\n\tLIDHJA E KONTRAT\u00cbS<\/p>\n<p>\n\tKryeshefi i Administrat\u00ebs komunale t\u00eb Komun\u00ebs t\u00eb Preshev\u00ebs dhe Pun\u00ebdh\u00ebn\u00ebsi lidhin kontrat\u00eb, me t\u00eb cil\u00ebn definohen t\u00eb drejtat dhe obligimet e nd\u00ebrsjellta, n\u00eb afat prej 15 dit\u00ebsh nga data e nxjerrjes s\u00eb vendimit p\u00ebrfundimtar.<\/p>\n<p>\n\tPas lidhjes s\u00eb kontrat\u00ebs n\u00eb mes t\u00eb Kryeshefit t\u00eb Administrat\u00ebs komunale t\u00eb Komun\u00ebs s\u00eb Preshev\u00ebs dhe Pun\u00ebdh\u00ebn\u00ebsit, kryerjes s\u00eb p\u00ebrzgjedhjes s\u00eb kandidat\u00ebve n\u00eb pajtim me kriteret e p\u00ebrcaktuara, Pun\u00ebdh\u00ebn\u00ebsi \u00ebsht\u00eb i obliguar t\u00eb lidh\u00eb kontrat\u00eb me personin n\u00eb praktik\u00ebn profesionale.<\/p>\n<p>\n\tPas kryerjes s\u00eb p\u00ebrzgjedhjes nga ana e K\u00ebshillit p\u00ebr pun\u00ebsim t\u00eb Komun\u00ebs s\u00eb Preshev\u00ebs, pun\u00ebdh\u00ebn\u00ebsit n\u00eb pajtim me kontratat e n\u00ebnshkruara dhe me mjetet e lejuara, do t\u2019i angazhojn\u00eb personat e papun\u00ebsuar, sipas kushteve t\u00eb parapara.<\/p>\n<p>\n\tPersonat paraqesin k\u00ebto d\u00ebshmi para pun\u00ebdh\u00ebn\u00ebsit:<\/p>\n<p>\n\t\u2022 D\u00ebshmin\u00eb mbi shkall\u00ebn e p\u00ebrgatitjes shkollore,<\/p>\n<p>\n\t\u2022 D\u00ebshmi se deri m\u00eb tani nuk e kan\u00eb kryer praktik\u00ebn profesionale dhe se nuk kan\u00eb punuar n\u00eb profesionin gjegj\u00ebs; (Deklarat\u00eb q\u00eb me p\u00ebrgjegj\u00ebsi t\u00eb plot\u00eb morale, materiale dhe penale se deri m\u00eb tani nuk kam kryer praktik\u00ebn profesionale dhe se nuk punuar n\u00eb profesionin gjegj\u00ebs),<\/p>\n<p>\n\t\u2022 \u00c7ertifikat\u00ebn mbi shtet\u00ebsin\u00eb jo m\u00eb t\u00eb vjet\u00ebr se 6 muaj,<\/p>\n<p>\n\t\u2022 \u00c7ertifikat\u00ebn nga libri am\u00ebz i t\u00eb lindurve,<\/p>\n<p>\n\t\u2022 D\u00ebshmi mbi vendbanimin se personat jan\u00eb nga territori i Komun\u00ebs s\u00eb Preshev\u00ebs.<\/p>\n<p>\n\tData e fillimit t\u00eb zbatimit t\u00eb programit t\u00eb praktik\u00ebs profesionale duhet patjet\u00ebr pas dat\u00ebs s\u00eb nxjerrjes s\u00eb vendimit p\u00ebrfundimtar mbi zbatimin e programit t\u00eb praktik\u00ebs profesionale.<\/p>\n<p align=\"center\">\n\t<strong>V<\/strong><\/p>\n<p align=\"center\">\n\tOBLIGIMET E PUN\u00cbDH\u00cbN\u00cbSIT<\/p>\n<p>\n\tPun\u00ebdh\u00ebn\u00ebsi \u00ebsht\u00eb i obliguar q\u00eb:<\/p>\n<p>\n\t\u2022 T\u00eb papun\u00ebsuarin ta aft\u00ebsoj\u00eb p\u00ebr pun\u00eb t\u00eb pavarur n\u00eb profesion, n\u00eb pajtim me ligjin, gjegj\u00ebsisht aktin mbi organizimin dhe sistematizimin e pun\u00ebve;<\/p>\n<p>\n\t\u2022 T\u00eb papun\u00ebsuarin ta aft\u00ebsoj\u00eb profesionalisht m\u00eb s\u00eb paku sa zgjat\u00eb obligimi i kontraktuar;<\/p>\n<p>\n\t\u2022 T\u2019i l\u00ebshoj\u00eb v\u00ebrtetimin mbi kryerjen e t\u00eb praktik\u00ebs, gjegj\u00ebsisht t\u00eb dh\u00ebnies s\u00eb provimit t\u00eb praktikantit\/ provimit profesional;<\/p>\n<p>\n\t\u2022 T\u2019i mund\u00ebsoje K\u00ebshillit kontrollin e obligimeve t\u00eb kontraktuara dhe<\/p>\n<p>\n\t\u2022 Ta njoftoj\u00eb K\u00ebshillin mbi t\u00eb gjitha ndryshimet t\u00eb cilat jan\u00eb me r\u00ebnd\u00ebsi p\u00ebr realizimin e kontrat\u00ebs n\u00eb afat prej 8 dit\u00ebsh nga dita e shfaqjes s\u00eb ndryshimit.<\/p>\n<p>\n\tN\u00eb rast t\u00eb nd\u00ebrprerjes s\u00eb aft\u00ebsimit profesional t\u00eb personave n\u00eb afat prej 30 dit\u00ebsh nga dita e fillimit t\u00eb aft\u00ebsimit profesional, pun\u00ebdh\u00ebn\u00ebsi mund t\u00eb b\u00ebj\u00eb z\u00ebvend\u00ebsimin me t\u00eb papun\u00ebsuarin tjet\u00ebr i cili i plot\u00ebson kushtet e nevojshme, p\u00ebr koh\u00ebn e mbetur t\u00eb definuar me kontrat\u00eb.<\/p>\n<p align=\"center\">\n\t<strong>VI<\/strong><\/p>\n<p align=\"center\">\n\tINFORMACIONE T\u00cb TJERA<\/p>\n<p>\n\tK\u00ebrkesa p\u00ebr pjes\u00ebmarrje n\u00eb Programin e praktik\u00ebs profesionale, i cili mund t\u00eb merret n\u00eb Administrat\u00ebn komunale t\u00eb Komun\u00ebs s\u00eb Preshev\u00ebs- Zyra p\u00ebr zhvillim ekonomik lokal ose n\u00eb faqen e internetit <a href=\"http:\/\/www.presevo.rs\/\">www.presevo.rs<\/a> me dokumentacionin p\u00ebrcjell\u00ebs, i paraqitet K\u00ebshillit p\u00ebr pun\u00ebsim t\u00eb komun\u00ebs s\u00eb Preshev\u00ebs, i cili \u00ebsht\u00eb caktuar p\u00ebr p\u00ebrcjelljen dhe realizimin e Programit t\u00eb praktik\u00ebs profesionale t\u00eb Komun\u00ebs s\u00eb Preshev\u00ebs, n\u00eb plikon e mbyllur me shenj\u00ebn \u201cFlet\u00ebparaqitje p\u00ebr pjes\u00ebmarrje n\u00eb Programin praktik\u00ebs profesionale.\u201d<\/p>\n<p>\n\tThirrja publike \u00ebsht\u00eb e hapur nga data 31.01.2022 dhe zgjat\u00eb deri m\u00eb 14.02.2022 dhe shpallet n\u00eb faqen zyrtare t\u00eb Komun\u00ebs s\u00eb Preshev\u00ebs dhe n\u00eb tabel\u00ebn p\u00ebr shpallje t\u00eb Administrat\u00ebs komunale t\u00eb Komun\u00ebs s\u00eb Preshev\u00ebs.<\/p>\n<p>\n\t<strong>Burimi: Komuna e Preshev\u00ebs, Trupi Koordinues<\/strong><\/p>\n<p>\n\t\u00a0<\/p>\n","protected":false},"excerpt":{"rendered":"<p>Preshev\u00eb \u2013 Beograd \u2013\u00a0N\u00eb baz\u00eb t\u00eb nenit 43. alineja 1. pika 3) dhe 5) e Ligjit mbi pun\u00ebsimin dhe sigurimin p\u00ebr rastet e papun\u00ebsis\u00eb (\u201cGazeta Zyrtare RS\u201d, nr. 36\/2009, 88\/2010,38\/2015 dhe 113\/2017-ligje tjera) dhe Vendimit t\u00eb k\u00ebshillit komunal t\u00eb komun\u00ebs s\u00eb Preshev\u00ebs\u2026<\/p>\n","protected":false},"author":1,"featured_media":108330,"comment_status":"closed","ping_status":"closed","sticky":false,"template":"","format":"standard","meta":{"footnotes":""},"categories":[55],"tags":[],"class_list":["post-108325","post","type-post","status-publish","format-standard","has-post-thumbnail","hentry","category-lajme"],"yoast_head":"<!-- This site is optimized with the Yoast SEO plugin v27.5 - https:\/\/yoast.com\/product\/yoast-seo-wordpress\/ -->\n<title>THIRRJE PUBLIKE P\u00cbR REALIZIMIN E PROGRAMIT P\u00cbR P\u00cbRSOSJEN E KUADROVE N\u00cb VITIN 2022-2023 - Republika e S\u00ebrbis\u00eb Trupi Koordinues p\u00ebr komunat Bujanoc, Preshev\u00eb dhe Medvegj\u00eb<\/title>\n<meta name=\"robots\" content=\"index, follow, max-snippet:-1, max-image-preview:large, max-video-preview:-1\" \/>\n<link rel=\"canonical\" href=\"https:\/\/kt.gov.rs\/sq\/thirrje-publike-per-realizimin-e-programit-per-persosjen-e-kuadrove-ne-vitin-2022-2023\/\" \/>\n<meta property=\"og:locale\" content=\"sq_AL\" \/>\n<meta property=\"og:type\" content=\"article\" \/>\n<meta property=\"og:title\" content=\"THIRRJE PUBLIKE P\u00cbR REALIZIMIN E PROGRAMIT P\u00cbR P\u00cbRSOSJEN E KUADROVE N\u00cb VITIN 2022-2023 - Republika e S\u00ebrbis\u00eb Trupi Koordinues p\u00ebr komunat Bujanoc, Preshev\u00eb dhe Medvegj\u00eb\" \/>\n<meta property=\"og:description\" content=\"Preshev\u00eb \u2013 Beograd -\u00a0N\u00eb baz\u00eb t\u00eb nenit 43. alineja 1. pika 3) dhe 5) e Ligjit mbi pun\u00ebsimin dhe sigurimin p\u00ebr rastet e papun\u00ebsis\u00eb (\u201cGazeta Zyrtare RS\u201d, nr. 36\/2009, 88\/2010,38\/2015 dhe 113\/2017-ligje tjera) dhe Vendimit t\u00eb k\u00ebshillit komunal t\u00eb komun\u00ebs s\u00eb Preshev\u00ebs...\" \/>\n<meta property=\"og:url\" content=\"https:\/\/kt.gov.rs\/sq\/thirrje-publike-per-realizimin-e-programit-per-persosjen-e-kuadrove-ne-vitin-2022-2023\/\" \/>\n<meta property=\"og:site_name\" content=\"Republika e S\u00ebrbis\u00eb Trupi Koordinues p\u00ebr komunat Bujanoc, Preshev\u00eb dhe Medvegj\u00eb\" \/>\n<meta property=\"article:publisher\" content=\"https:\/\/www.facebook.com\/SluzbaKoordinacionogTelaVladeRepublikeSrbije\" \/>\n<meta property=\"article:published_time\" content=\"2022-02-02T00:00:00+00:00\" \/>\n<meta property=\"article:modified_time\" content=\"2024-07-30T17:57:59+00:00\" \/>\n<meta property=\"og:image\" content=\"https:\/\/kt.gov.rs\/wp-content\/uploads\/2024\/07\/1643808861_020222_1-3.jpg\" \/>\n\t<meta property=\"og:image:width\" content=\"315\" \/>\n\t<meta property=\"og:image:height\" content=\"230\" \/>\n\t<meta property=\"og:image:type\" content=\"image\/jpeg\" \/>\n<meta name=\"author\" content=\"ktmin\" \/>\n<meta name=\"twitter:card\" content=\"summary_large_image\" \/>\n<meta name=\"twitter:creator\" content=\"@kt_gov\" \/>\n<meta name=\"twitter:site\" content=\"@kt_gov\" \/>\n<meta name=\"twitter:label1\" content=\"Written by\" \/>\n\t<meta name=\"twitter:data1\" content=\"ktmin\" \/>\n\t<meta name=\"twitter:label2\" content=\"Est. reading time\" \/>\n\t<meta name=\"twitter:data2\" content=\"11 minutes\" \/>\n<script type=\"application\/ld+json\" class=\"yoast-schema-graph\">{\"@context\":\"https:\\\/\\\/schema.org\",\"@graph\":[{\"@type\":\"Article\",\"@id\":\"https:\\\/\\\/kt.gov.rs\\\/sq\\\/thirrje-publike-per-realizimin-e-programit-per-persosjen-e-kuadrove-ne-vitin-2022-2023\\\/#article\",\"isPartOf\":{\"@id\":\"https:\\\/\\\/kt.gov.rs\\\/sq\\\/thirrje-publike-per-realizimin-e-programit-per-persosjen-e-kuadrove-ne-vitin-2022-2023\\\/\"},\"author\":{\"name\":\"ktmin\",\"@id\":\"https:\\\/\\\/kt.gov.rs\\\/#\\\/schema\\\/person\\\/e426459ddb4173309103390602694571\"},\"headline\":\"THIRRJE PUBLIKE P\u00cbR REALIZIMIN E PROGRAMIT P\u00cbR P\u00cbRSOSJEN E KUADROVE N\u00cb VITIN 2022-2023\",\"datePublished\":\"2022-02-02T00:00:00+00:00\",\"dateModified\":\"2024-07-30T17:57:59+00:00\",\"mainEntityOfPage\":{\"@id\":\"https:\\\/\\\/kt.gov.rs\\\/sq\\\/thirrje-publike-per-realizimin-e-programit-per-persosjen-e-kuadrove-ne-vitin-2022-2023\\\/\"},\"wordCount\":2279,\"publisher\":{\"@id\":\"https:\\\/\\\/kt.gov.rs\\\/#organization\"},\"image\":{\"@id\":\"https:\\\/\\\/kt.gov.rs\\\/sq\\\/thirrje-publike-per-realizimin-e-programit-per-persosjen-e-kuadrove-ne-vitin-2022-2023\\\/#primaryimage\"},\"thumbnailUrl\":\"https:\\\/\\\/kt.gov.rs\\\/wp-content\\\/uploads\\\/2024\\\/07\\\/1643808861_020222_1-3.jpg\",\"articleSection\":[\"Lajme\"],\"inLanguage\":\"sq-AL\"},{\"@type\":\"WebPage\",\"@id\":\"https:\\\/\\\/kt.gov.rs\\\/sq\\\/thirrje-publike-per-realizimin-e-programit-per-persosjen-e-kuadrove-ne-vitin-2022-2023\\\/\",\"url\":\"https:\\\/\\\/kt.gov.rs\\\/sq\\\/thirrje-publike-per-realizimin-e-programit-per-persosjen-e-kuadrove-ne-vitin-2022-2023\\\/\",\"name\":\"THIRRJE PUBLIKE P\u00cbR REALIZIMIN E PROGRAMIT P\u00cbR P\u00cbRSOSJEN E KUADROVE N\u00cb VITIN 2022-2023 - Republika e S\u00ebrbis\u00eb Trupi Koordinues p\u00ebr komunat Bujanoc, Preshev\u00eb dhe Medvegj\u00eb\",\"isPartOf\":{\"@id\":\"https:\\\/\\\/kt.gov.rs\\\/#website\"},\"primaryImageOfPage\":{\"@id\":\"https:\\\/\\\/kt.gov.rs\\\/sq\\\/thirrje-publike-per-realizimin-e-programit-per-persosjen-e-kuadrove-ne-vitin-2022-2023\\\/#primaryimage\"},\"image\":{\"@id\":\"https:\\\/\\\/kt.gov.rs\\\/sq\\\/thirrje-publike-per-realizimin-e-programit-per-persosjen-e-kuadrove-ne-vitin-2022-2023\\\/#primaryimage\"},\"thumbnailUrl\":\"https:\\\/\\\/kt.gov.rs\\\/wp-content\\\/uploads\\\/2024\\\/07\\\/1643808861_020222_1-3.jpg\",\"datePublished\":\"2022-02-02T00:00:00+00:00\",\"dateModified\":\"2024-07-30T17:57:59+00:00\",\"breadcrumb\":{\"@id\":\"https:\\\/\\\/kt.gov.rs\\\/sq\\\/thirrje-publike-per-realizimin-e-programit-per-persosjen-e-kuadrove-ne-vitin-2022-2023\\\/#breadcrumb\"},\"inLanguage\":\"sq-AL\",\"potentialAction\":[{\"@type\":\"ReadAction\",\"target\":[\"https:\\\/\\\/kt.gov.rs\\\/sq\\\/thirrje-publike-per-realizimin-e-programit-per-persosjen-e-kuadrove-ne-vitin-2022-2023\\\/\"]}]},{\"@type\":\"ImageObject\",\"inLanguage\":\"sq-AL\",\"@id\":\"https:\\\/\\\/kt.gov.rs\\\/sq\\\/thirrje-publike-per-realizimin-e-programit-per-persosjen-e-kuadrove-ne-vitin-2022-2023\\\/#primaryimage\",\"url\":\"https:\\\/\\\/kt.gov.rs\\\/wp-content\\\/uploads\\\/2024\\\/07\\\/1643808861_020222_1-3.jpg\",\"contentUrl\":\"https:\\\/\\\/kt.gov.rs\\\/wp-content\\\/uploads\\\/2024\\\/07\\\/1643808861_020222_1-3.jpg\",\"width\":315,\"height\":230},{\"@type\":\"BreadcrumbList\",\"@id\":\"https:\\\/\\\/kt.gov.rs\\\/sq\\\/thirrje-publike-per-realizimin-e-programit-per-persosjen-e-kuadrove-ne-vitin-2022-2023\\\/#breadcrumb\",\"itemListElement\":[{\"@type\":\"ListItem\",\"position\":1,\"name\":\"Po\u010detna\",\"item\":\"https:\\\/\\\/kt.gov.rs\\\/sq\\\/\"},{\"@type\":\"ListItem\",\"position\":2,\"name\":\"THIRRJE PUBLIKE P\u00cbR REALIZIMIN E PROGRAMIT P\u00cbR P\u00cbRSOSJEN E KUADROVE N\u00cb VITIN 2022-2023\"}]},{\"@type\":\"WebSite\",\"@id\":\"https:\\\/\\\/kt.gov.rs\\\/#website\",\"url\":\"https:\\\/\\\/kt.gov.rs\\\/\",\"name\":\"Koordinaciono telo Vlade Republike Srbije za op\u0161tine Pre\u0161evo, Bujanovac i Medve\u0111a\",\"description\":\"\",\"publisher\":{\"@id\":\"https:\\\/\\\/kt.gov.rs\\\/#organization\"},\"alternateName\":\"Koordinaciono telo\",\"potentialAction\":[{\"@type\":\"SearchAction\",\"target\":{\"@type\":\"EntryPoint\",\"urlTemplate\":\"https:\\\/\\\/kt.gov.rs\\\/?s={search_term_string}\"},\"query-input\":{\"@type\":\"PropertyValueSpecification\",\"valueRequired\":true,\"valueName\":\"search_term_string\"}}],\"inLanguage\":\"sq-AL\"},{\"@type\":\"Organization\",\"@id\":\"https:\\\/\\\/kt.gov.rs\\\/#organization\",\"name\":\"Koordinaciono telo Vlade Republike Srbije za op\u0161tine Pre\u0161evo, Bujanovac i Medve\u0111a\",\"alternateName\":\"Koordinaciono telo\",\"url\":\"https:\\\/\\\/kt.gov.rs\\\/\",\"logo\":{\"@type\":\"ImageObject\",\"inLanguage\":\"sq-AL\",\"@id\":\"https:\\\/\\\/kt.gov.rs\\\/#\\\/schema\\\/logo\\\/image\\\/\",\"url\":\"https:\\\/\\\/kt.gov.rs\\\/wp-content\\\/uploads\\\/2024\\\/12\\\/koord2.jpg\",\"contentUrl\":\"https:\\\/\\\/kt.gov.rs\\\/wp-content\\\/uploads\\\/2024\\\/12\\\/koord2.jpg\",\"width\":640,\"height\":480,\"caption\":\"Koordinaciono telo Vlade Republike Srbije za op\u0161tine Pre\u0161evo, Bujanovac i Medve\u0111a\"},\"image\":{\"@id\":\"https:\\\/\\\/kt.gov.rs\\\/#\\\/schema\\\/logo\\\/image\\\/\"},\"sameAs\":[\"https:\\\/\\\/www.facebook.com\\\/SluzbaKoordinacionogTelaVladeRepublikeSrbije\",\"https:\\\/\\\/x.com\\\/kt_gov\",\"https:\\\/\\\/www.youtube.com\\\/@koordinacionotelo\"]},{\"@type\":\"Person\",\"@id\":\"https:\\\/\\\/kt.gov.rs\\\/#\\\/schema\\\/person\\\/e426459ddb4173309103390602694571\",\"name\":\"ktmin\",\"image\":{\"@type\":\"ImageObject\",\"inLanguage\":\"sq-AL\",\"@id\":\"https:\\\/\\\/secure.gravatar.com\\\/avatar\\\/3985c961109853010c3fbc7ba30365bfba5db3dd6c525831d9c595c7525a615a?s=96&d=mm&r=g\",\"url\":\"https:\\\/\\\/secure.gravatar.com\\\/avatar\\\/3985c961109853010c3fbc7ba30365bfba5db3dd6c525831d9c595c7525a615a?s=96&d=mm&r=g\",\"contentUrl\":\"https:\\\/\\\/secure.gravatar.com\\\/avatar\\\/3985c961109853010c3fbc7ba30365bfba5db3dd6c525831d9c595c7525a615a?s=96&d=mm&r=g\",\"caption\":\"ktmin\"},\"sameAs\":[\"https:\\\/\\\/kt.gov.rs\"],\"url\":\"https:\\\/\\\/kt.gov.rs\\\/sq\\\/author\\\/ktmin\\\/\"}]}<\/script>\n<!-- \/ Yoast SEO plugin. -->","yoast_head_json":{"title":"THIRRJE PUBLIKE P\u00cbR REALIZIMIN E PROGRAMIT P\u00cbR P\u00cbRSOSJEN E KUADROVE N\u00cb VITIN 2022-2023 - Republika e S\u00ebrbis\u00eb Trupi Koordinues p\u00ebr komunat Bujanoc, Preshev\u00eb dhe Medvegj\u00eb","robots":{"index":"index","follow":"follow","max-snippet":"max-snippet:-1","max-image-preview":"max-image-preview:large","max-video-preview":"max-video-preview:-1"},"canonical":"https:\/\/kt.gov.rs\/sq\/thirrje-publike-per-realizimin-e-programit-per-persosjen-e-kuadrove-ne-vitin-2022-2023\/","og_locale":"sq_AL","og_type":"article","og_title":"THIRRJE PUBLIKE P\u00cbR REALIZIMIN E PROGRAMIT P\u00cbR P\u00cbRSOSJEN E KUADROVE N\u00cb VITIN 2022-2023 - Republika e S\u00ebrbis\u00eb Trupi Koordinues p\u00ebr komunat Bujanoc, Preshev\u00eb dhe Medvegj\u00eb","og_description":"Preshev\u00eb \u2013 Beograd -\u00a0N\u00eb baz\u00eb t\u00eb nenit 43. alineja 1. pika 3) dhe 5) e Ligjit mbi pun\u00ebsimin dhe sigurimin p\u00ebr rastet e papun\u00ebsis\u00eb (\u201cGazeta Zyrtare RS\u201d, nr. 36\/2009, 88\/2010,38\/2015 dhe 113\/2017-ligje tjera) dhe Vendimit t\u00eb k\u00ebshillit komunal t\u00eb komun\u00ebs s\u00eb Preshev\u00ebs...","og_url":"https:\/\/kt.gov.rs\/sq\/thirrje-publike-per-realizimin-e-programit-per-persosjen-e-kuadrove-ne-vitin-2022-2023\/","og_site_name":"Republika e S\u00ebrbis\u00eb Trupi Koordinues p\u00ebr komunat Bujanoc, Preshev\u00eb dhe Medvegj\u00eb","article_publisher":"https:\/\/www.facebook.com\/SluzbaKoordinacionogTelaVladeRepublikeSrbije","article_published_time":"2022-02-02T00:00:00+00:00","article_modified_time":"2024-07-30T17:57:59+00:00","og_image":[{"width":315,"height":230,"url":"https:\/\/kt.gov.rs\/wp-content\/uploads\/2024\/07\/1643808861_020222_1-3.jpg","type":"image\/jpeg"}],"author":"ktmin","twitter_card":"summary_large_image","twitter_creator":"@kt_gov","twitter_site":"@kt_gov","twitter_misc":{"Written by":"ktmin","Est. reading time":"11 minutes"},"schema":{"@context":"https:\/\/schema.org","@graph":[{"@type":"Article","@id":"https:\/\/kt.gov.rs\/sq\/thirrje-publike-per-realizimin-e-programit-per-persosjen-e-kuadrove-ne-vitin-2022-2023\/#article","isPartOf":{"@id":"https:\/\/kt.gov.rs\/sq\/thirrje-publike-per-realizimin-e-programit-per-persosjen-e-kuadrove-ne-vitin-2022-2023\/"},"author":{"name":"ktmin","@id":"https:\/\/kt.gov.rs\/#\/schema\/person\/e426459ddb4173309103390602694571"},"headline":"THIRRJE PUBLIKE P\u00cbR REALIZIMIN E PROGRAMIT P\u00cbR P\u00cbRSOSJEN E KUADROVE N\u00cb VITIN 2022-2023","datePublished":"2022-02-02T00:00:00+00:00","dateModified":"2024-07-30T17:57:59+00:00","mainEntityOfPage":{"@id":"https:\/\/kt.gov.rs\/sq\/thirrje-publike-per-realizimin-e-programit-per-persosjen-e-kuadrove-ne-vitin-2022-2023\/"},"wordCount":2279,"publisher":{"@id":"https:\/\/kt.gov.rs\/#organization"},"image":{"@id":"https:\/\/kt.gov.rs\/sq\/thirrje-publike-per-realizimin-e-programit-per-persosjen-e-kuadrove-ne-vitin-2022-2023\/#primaryimage"},"thumbnailUrl":"https:\/\/kt.gov.rs\/wp-content\/uploads\/2024\/07\/1643808861_020222_1-3.jpg","articleSection":["Lajme"],"inLanguage":"sq-AL"},{"@type":"WebPage","@id":"https:\/\/kt.gov.rs\/sq\/thirrje-publike-per-realizimin-e-programit-per-persosjen-e-kuadrove-ne-vitin-2022-2023\/","url":"https:\/\/kt.gov.rs\/sq\/thirrje-publike-per-realizimin-e-programit-per-persosjen-e-kuadrove-ne-vitin-2022-2023\/","name":"THIRRJE PUBLIKE P\u00cbR REALIZIMIN E PROGRAMIT P\u00cbR P\u00cbRSOSJEN E KUADROVE N\u00cb VITIN 2022-2023 - Republika e S\u00ebrbis\u00eb Trupi Koordinues p\u00ebr komunat Bujanoc, Preshev\u00eb dhe Medvegj\u00eb","isPartOf":{"@id":"https:\/\/kt.gov.rs\/#website"},"primaryImageOfPage":{"@id":"https:\/\/kt.gov.rs\/sq\/thirrje-publike-per-realizimin-e-programit-per-persosjen-e-kuadrove-ne-vitin-2022-2023\/#primaryimage"},"image":{"@id":"https:\/\/kt.gov.rs\/sq\/thirrje-publike-per-realizimin-e-programit-per-persosjen-e-kuadrove-ne-vitin-2022-2023\/#primaryimage"},"thumbnailUrl":"https:\/\/kt.gov.rs\/wp-content\/uploads\/2024\/07\/1643808861_020222_1-3.jpg","datePublished":"2022-02-02T00:00:00+00:00","dateModified":"2024-07-30T17:57:59+00:00","breadcrumb":{"@id":"https:\/\/kt.gov.rs\/sq\/thirrje-publike-per-realizimin-e-programit-per-persosjen-e-kuadrove-ne-vitin-2022-2023\/#breadcrumb"},"inLanguage":"sq-AL","potentialAction":[{"@type":"ReadAction","target":["https:\/\/kt.gov.rs\/sq\/thirrje-publike-per-realizimin-e-programit-per-persosjen-e-kuadrove-ne-vitin-2022-2023\/"]}]},{"@type":"ImageObject","inLanguage":"sq-AL","@id":"https:\/\/kt.gov.rs\/sq\/thirrje-publike-per-realizimin-e-programit-per-persosjen-e-kuadrove-ne-vitin-2022-2023\/#primaryimage","url":"https:\/\/kt.gov.rs\/wp-content\/uploads\/2024\/07\/1643808861_020222_1-3.jpg","contentUrl":"https:\/\/kt.gov.rs\/wp-content\/uploads\/2024\/07\/1643808861_020222_1-3.jpg","width":315,"height":230},{"@type":"BreadcrumbList","@id":"https:\/\/kt.gov.rs\/sq\/thirrje-publike-per-realizimin-e-programit-per-persosjen-e-kuadrove-ne-vitin-2022-2023\/#breadcrumb","itemListElement":[{"@type":"ListItem","position":1,"name":"Po\u010detna","item":"https:\/\/kt.gov.rs\/sq\/"},{"@type":"ListItem","position":2,"name":"THIRRJE PUBLIKE P\u00cbR REALIZIMIN E PROGRAMIT P\u00cbR P\u00cbRSOSJEN E KUADROVE N\u00cb VITIN 2022-2023"}]},{"@type":"WebSite","@id":"https:\/\/kt.gov.rs\/#website","url":"https:\/\/kt.gov.rs\/","name":"Koordinaciono telo Vlade Republike Srbije za op\u0161tine Pre\u0161evo, Bujanovac i Medve\u0111a","description":"","publisher":{"@id":"https:\/\/kt.gov.rs\/#organization"},"alternateName":"Koordinaciono telo","potentialAction":[{"@type":"SearchAction","target":{"@type":"EntryPoint","urlTemplate":"https:\/\/kt.gov.rs\/?s={search_term_string}"},"query-input":{"@type":"PropertyValueSpecification","valueRequired":true,"valueName":"search_term_string"}}],"inLanguage":"sq-AL"},{"@type":"Organization","@id":"https:\/\/kt.gov.rs\/#organization","name":"Koordinaciono telo Vlade Republike Srbije za op\u0161tine Pre\u0161evo, Bujanovac i Medve\u0111a","alternateName":"Koordinaciono telo","url":"https:\/\/kt.gov.rs\/","logo":{"@type":"ImageObject","inLanguage":"sq-AL","@id":"https:\/\/kt.gov.rs\/#\/schema\/logo\/image\/","url":"https:\/\/kt.gov.rs\/wp-content\/uploads\/2024\/12\/koord2.jpg","contentUrl":"https:\/\/kt.gov.rs\/wp-content\/uploads\/2024\/12\/koord2.jpg","width":640,"height":480,"caption":"Koordinaciono telo Vlade Republike Srbije za op\u0161tine Pre\u0161evo, Bujanovac i Medve\u0111a"},"image":{"@id":"https:\/\/kt.gov.rs\/#\/schema\/logo\/image\/"},"sameAs":["https:\/\/www.facebook.com\/SluzbaKoordinacionogTelaVladeRepublikeSrbije","https:\/\/x.com\/kt_gov","https:\/\/www.youtube.com\/@koordinacionotelo"]},{"@type":"Person","@id":"https:\/\/kt.gov.rs\/#\/schema\/person\/e426459ddb4173309103390602694571","name":"ktmin","image":{"@type":"ImageObject","inLanguage":"sq-AL","@id":"https:\/\/secure.gravatar.com\/avatar\/3985c961109853010c3fbc7ba30365bfba5db3dd6c525831d9c595c7525a615a?s=96&d=mm&r=g","url":"https:\/\/secure.gravatar.com\/avatar\/3985c961109853010c3fbc7ba30365bfba5db3dd6c525831d9c595c7525a615a?s=96&d=mm&r=g","contentUrl":"https:\/\/secure.gravatar.com\/avatar\/3985c961109853010c3fbc7ba30365bfba5db3dd6c525831d9c595c7525a615a?s=96&d=mm&r=g","caption":"ktmin"},"sameAs":["https:\/\/kt.gov.rs"],"url":"https:\/\/kt.gov.rs\/sq\/author\/ktmin\/"}]}},"_links":{"self":[{"href":"https:\/\/kt.gov.rs\/sq\/wp-json\/wp\/v2\/posts\/108325","targetHints":{"allow":["GET"]}}],"collection":[{"href":"https:\/\/kt.gov.rs\/sq\/wp-json\/wp\/v2\/posts"}],"about":[{"href":"https:\/\/kt.gov.rs\/sq\/wp-json\/wp\/v2\/types\/post"}],"author":[{"embeddable":true,"href":"https:\/\/kt.gov.rs\/sq\/wp-json\/wp\/v2\/users\/1"}],"replies":[{"embeddable":true,"href":"https:\/\/kt.gov.rs\/sq\/wp-json\/wp\/v2\/comments?post=108325"}],"version-history":[{"count":1,"href":"https:\/\/kt.gov.rs\/sq\/wp-json\/wp\/v2\/posts\/108325\/revisions"}],"predecessor-version":[{"id":108329,"href":"https:\/\/kt.gov.rs\/sq\/wp-json\/wp\/v2\/posts\/108325\/revisions\/108329"}],"wp:featuredmedia":[{"embeddable":true,"href":"https:\/\/kt.gov.rs\/sq\/wp-json\/wp\/v2\/media\/108330"}],"wp:attachment":[{"href":"https:\/\/kt.gov.rs\/sq\/wp-json\/wp\/v2\/media?parent=108325"}],"wp:term":[{"taxonomy":"category","embeddable":true,"href":"https:\/\/kt.gov.rs\/sq\/wp-json\/wp\/v2\/categories?post=108325"},{"taxonomy":"post_tag","embeddable":true,"href":"https:\/\/kt.gov.rs\/sq\/wp-json\/wp\/v2\/tags?post=108325"}],"curies":[{"name":"wp","href":"https:\/\/api.w.org\/{rel}","templated":true}]}}