{"id":108301,"date":"2022-02-04T00:00:00","date_gmt":"2022-02-04T00:00:00","guid":{"rendered":"http:\/\/kt.printandscreen.rs\/al-dzhazira-rreth-kk-play-017-gjuha-e-basketbollit-thyen-barrierat\/"},"modified":"2024-07-30T17:57:57","modified_gmt":"2024-07-30T17:57:57","slug":"al-dzhazira-rreth-kk-play-017-gjuha-e-basketbollit-thyen-barrierat","status":"publish","type":"post","link":"https:\/\/kt.gov.rs\/sq\/al-dzhazira-rreth-kk-play-017-gjuha-e-basketbollit-thyen-barrierat\/","title":{"rendered":"AL DZHAZIRA RRETH KK PLAY 017: GJUHA E BASKETBOLLIT THYEN BARRIERAT"},"content":{"rendered":"<p>\n\t<strong><img decoding=\"async\" alt=\"\" src=\"https:\/\/kt.gov.rs\/wp-content\/uploads\/2024\/07\/1643972557_040222_1-2.jpg\" style=\"width: 315px; height: 230px; float: left;\" \/><\/strong><strong>Bujanoc \u2013 Beograd \u2013<\/strong> Klubi i basketbollit \u2018Play 017\u2019 nga Bujanoci \u00ebsht\u00eb unik n\u00eb Serbi p\u00ebr nga karakteri i tij multietnik, nd\u00ebrsa n\u00eb shkoll\u00ebn e tij t\u00eb basketbollit edhe k\u00ebt\u00eb sezon marrin pjes\u00eb 150 djem dhe vajza nga komuniteti serb, shqiptar dhe rom, shkruan Al dzhazira.<\/p>\n<p>\n\t\u201cNe komunikojm\u00eb n\u00eb serbisht n\u00eb st\u00ebrvitje dhe ndeshje, por kjo \u00ebsht\u00eb m\u00eb pak e r\u00ebnd\u00ebsishme sepse t\u00eb gjith\u00eb flasim gjuh\u00ebn e basketbollit, e cila nuk njeh paragjykime, gjuh\u00eb dhe barriera komb\u00ebtare\u201d, thuhet n\u00eb tekst.<\/p>\n<p>\n\tNenad Stajiq \u00ebsht\u00eb themeluesi, presidenti dhe trajneri kryesor i klubit, shkoll\u00ebn e t\u00eb cilit e ndjekin edhe k\u00ebt\u00eb sezon 150 djem dhe vajza nga komuniteti serb, shqiptar dhe rom.<\/p>\n<p>\n\t\u201cKlubi bazohet n\u00eb parimin q\u00eb t\u00eb gjith\u00eb f\u00ebmij\u00ebt t\u00eb jen\u00eb t\u00eb nj\u00ebjt\u00eb, pavar\u00ebsisht komb\u00ebsis\u00eb, fes\u00eb apo ngjyr\u00ebs s\u00eb l\u00ebkur\u00ebs. T\u00eb gjith\u00eb f\u00ebmij\u00ebt qajn\u00eb dhe qeshin n\u00eb t\u00eb nj\u00ebjt\u00ebn gjuh\u00eb, nuk ka dallim mes tyre\u201d, shpjegon Stajiq.<\/p>\n<p>\n\tNenad Stajiq thot\u00eb se n\u00eb klubin q\u00eb ai drejton nuk ka vend p\u00ebr politik\u00eb.<\/p>\n<p>\n\t\u201cPo mbledhim f\u00ebmij\u00ebt e t\u00eb gjitha kombeve, jo vet\u00ebm nga Bujanoci, me iden\u00eb q\u00eb t\u00eb b\u00ebhet nj\u00eb akademi rajonale e basketbollit q\u00eb do t\u00eb ndeshet me komb\u00ebtaret e ardhshme\u201d, thot\u00eb Stajiq dhe kujton se Serbia \u00ebsht\u00eb vend i basketbollit.<\/p>\n<p>\n\tN\u00eb p\u00ebrkthim, Stajiq, bashk\u00ebpun\u00ebtor\u00ebt e tij dhe basketbollist\u00ebt e rinj vler\u00ebsojn\u00eb gjithashtu aspektin sportiv dhe konkurrues, dhe ndoshta d\u00ebshmia m\u00eb e mir\u00eb p\u00ebr k\u00ebt\u00eb \u00ebsht\u00eb Almir Asani, nj\u00eb i ri rom i lindur n\u00eb vitin 2006, an\u00ebtar i komb\u00ebtares serbe n\u00eb kategorin\u00eb n\u00ebn 15 vje\u00e7.<\/p>\n<p>\n\tPas klubit t\u00eb Bujanocit n\u00eb vitin 2019, ai u b\u00eb an\u00ebtar i ekipit Orange1 Basket n\u00eb Itali, nga qyteti i Basano Del Grapa. Stajiq pohon p\u00ebr Almirin se \u00ebsht\u00eb nj\u00eb nga basketbollist\u00ebt m\u00eb t\u00eb mir\u00eb n\u00eb Serbi n\u00eb mosh\u00ebn e tij.<\/p>\n<p>\n\tPrind\u00ebrit e tij, t\u00eb cil\u00ebt kan\u00eb mbetur t\u00eb jetojn\u00eb n\u00eb Bujanoc, e mbajn\u00eb veten duke shitur mallra t\u00eb p\u00ebrdorura n\u00eb treg. N\u00eb em\u00ebr t\u00eb Almirit kan\u00eb n\u00ebnshkruar nj\u00eb kontrat\u00eb shum\u00ebvje\u00e7are me klubin italian, e cila i ka siguruar nj\u00eb burs\u00eb dhe t\u00eb gjitha kushtet p\u00ebr p\u00ebrparim t\u00eb m\u00ebtejsh\u00ebm.<\/p>\n<p>\n\tT\u00eb gjith\u00eb k\u00ebtu n\u00eb klubin e ri m\u00eb pranuan shum\u00eb mir\u00eb, e vetmja gj\u00eb q\u00eb m\u00eb shqet\u00ebson \u00ebsht\u00eb nostalgjia\u201d, tha Almir.<\/p>\n<p>\n\t<strong>Burimi: Bujanovacke, Trupi Koordinues<\/strong><\/p>\n<p>\n\t\u00a0<\/p>\n","protected":false},"excerpt":{"rendered":"<p>Bujanoc \u2013 Beograd \u2013\u00a0Klubi i basketbollit \u2018Play 017\u2019 nga Bujanoci \u00ebsht\u00eb unik n\u00eb Serbi p\u00ebr nga karakteri i tij multietnik, nd\u00ebrsa n\u00eb shkoll\u00ebn e tij t\u00eb basketbollit edhe k\u00ebt\u00eb sezon marrin pjes\u00eb 150 djem dhe vajza nga komuniteti serb, shqiptar dhe rom, shkruan Al dzhazira.<\/p>\n","protected":false},"author":1,"featured_media":108306,"comment_status":"closed","ping_status":"closed","sticky":false,"template":"","format":"standard","meta":{"footnotes":""},"categories":[55],"tags":[],"class_list":["post-108301","post","type-post","status-publish","format-standard","has-post-thumbnail","hentry","category-lajme"],"yoast_head":"<!-- This site is optimized with the Yoast SEO plugin v27.5 - https:\/\/yoast.com\/product\/yoast-seo-wordpress\/ -->\n<title>AL DZHAZIRA RRETH KK PLAY 017: GJUHA E BASKETBOLLIT THYEN BARRIERAT - Republika e S\u00ebrbis\u00eb Trupi Koordinues p\u00ebr komunat Bujanoc, Preshev\u00eb dhe Medvegj\u00eb<\/title>\n<meta name=\"robots\" content=\"index, follow, max-snippet:-1, max-image-preview:large, max-video-preview:-1\" \/>\n<link rel=\"canonical\" href=\"https:\/\/kt.gov.rs\/sq\/al-dzhazira-rreth-kk-play-017-gjuha-e-basketbollit-thyen-barrierat\/\" \/>\n<meta property=\"og:locale\" content=\"sq_AL\" \/>\n<meta property=\"og:type\" content=\"article\" \/>\n<meta property=\"og:title\" content=\"AL DZHAZIRA RRETH KK PLAY 017: GJUHA E BASKETBOLLIT THYEN BARRIERAT - Republika e S\u00ebrbis\u00eb Trupi Koordinues p\u00ebr komunat Bujanoc, Preshev\u00eb dhe Medvegj\u00eb\" \/>\n<meta property=\"og:description\" content=\"Bujanoc \u2013 Beograd \u2013\u00a0Klubi i basketbollit \u2018Play 017\u2019 nga Bujanoci \u00ebsht\u00eb unik n\u00eb Serbi p\u00ebr nga karakteri i tij multietnik, nd\u00ebrsa n\u00eb shkoll\u00ebn e tij t\u00eb basketbollit edhe k\u00ebt\u00eb sezon marrin pjes\u00eb 150 djem dhe vajza nga komuniteti serb, shqiptar dhe rom, shkruan Al dzhazira.\" \/>\n<meta property=\"og:url\" content=\"https:\/\/kt.gov.rs\/sq\/al-dzhazira-rreth-kk-play-017-gjuha-e-basketbollit-thyen-barrierat\/\" \/>\n<meta property=\"og:site_name\" content=\"Republika e S\u00ebrbis\u00eb Trupi Koordinues p\u00ebr komunat Bujanoc, Preshev\u00eb dhe Medvegj\u00eb\" \/>\n<meta property=\"article:publisher\" content=\"https:\/\/www.facebook.com\/SluzbaKoordinacionogTelaVladeRepublikeSrbije\" \/>\n<meta property=\"article:published_time\" content=\"2022-02-04T00:00:00+00:00\" \/>\n<meta property=\"article:modified_time\" content=\"2024-07-30T17:57:57+00:00\" \/>\n<meta property=\"og:image\" content=\"https:\/\/kt.gov.rs\/wp-content\/uploads\/2024\/07\/1643972557_040222_1-3.jpg\" \/>\n\t<meta property=\"og:image:width\" content=\"315\" \/>\n\t<meta property=\"og:image:height\" content=\"230\" \/>\n\t<meta property=\"og:image:type\" content=\"image\/jpeg\" \/>\n<meta name=\"author\" content=\"ktmin\" \/>\n<meta name=\"twitter:card\" content=\"summary_large_image\" \/>\n<meta name=\"twitter:creator\" content=\"@kt_gov\" \/>\n<meta name=\"twitter:site\" content=\"@kt_gov\" \/>\n<meta name=\"twitter:label1\" content=\"Written by\" \/>\n\t<meta name=\"twitter:data1\" content=\"ktmin\" \/>\n\t<meta name=\"twitter:label2\" content=\"Est. reading time\" \/>\n\t<meta name=\"twitter:data2\" content=\"3 minutes\" \/>\n<script type=\"application\/ld+json\" class=\"yoast-schema-graph\">{\"@context\":\"https:\\\/\\\/schema.org\",\"@graph\":[{\"@type\":\"Article\",\"@id\":\"https:\\\/\\\/kt.gov.rs\\\/sq\\\/al-dzhazira-rreth-kk-play-017-gjuha-e-basketbollit-thyen-barrierat\\\/#article\",\"isPartOf\":{\"@id\":\"https:\\\/\\\/kt.gov.rs\\\/sq\\\/al-dzhazira-rreth-kk-play-017-gjuha-e-basketbollit-thyen-barrierat\\\/\"},\"author\":{\"name\":\"ktmin\",\"@id\":\"https:\\\/\\\/kt.gov.rs\\\/#\\\/schema\\\/person\\\/e426459ddb4173309103390602694571\"},\"headline\":\"AL DZHAZIRA RRETH KK PLAY 017: GJUHA E BASKETBOLLIT THYEN BARRIERAT\",\"datePublished\":\"2022-02-04T00:00:00+00:00\",\"dateModified\":\"2024-07-30T17:57:57+00:00\",\"mainEntityOfPage\":{\"@id\":\"https:\\\/\\\/kt.gov.rs\\\/sq\\\/al-dzhazira-rreth-kk-play-017-gjuha-e-basketbollit-thyen-barrierat\\\/\"},\"wordCount\":591,\"publisher\":{\"@id\":\"https:\\\/\\\/kt.gov.rs\\\/#organization\"},\"image\":{\"@id\":\"https:\\\/\\\/kt.gov.rs\\\/sq\\\/al-dzhazira-rreth-kk-play-017-gjuha-e-basketbollit-thyen-barrierat\\\/#primaryimage\"},\"thumbnailUrl\":\"https:\\\/\\\/kt.gov.rs\\\/wp-content\\\/uploads\\\/2024\\\/07\\\/1643972557_040222_1-3.jpg\",\"articleSection\":[\"Lajme\"],\"inLanguage\":\"sq-AL\"},{\"@type\":\"WebPage\",\"@id\":\"https:\\\/\\\/kt.gov.rs\\\/sq\\\/al-dzhazira-rreth-kk-play-017-gjuha-e-basketbollit-thyen-barrierat\\\/\",\"url\":\"https:\\\/\\\/kt.gov.rs\\\/sq\\\/al-dzhazira-rreth-kk-play-017-gjuha-e-basketbollit-thyen-barrierat\\\/\",\"name\":\"AL DZHAZIRA RRETH KK PLAY 017: GJUHA E BASKETBOLLIT THYEN BARRIERAT - Republika e S\u00ebrbis\u00eb Trupi Koordinues p\u00ebr komunat Bujanoc, Preshev\u00eb dhe Medvegj\u00eb\",\"isPartOf\":{\"@id\":\"https:\\\/\\\/kt.gov.rs\\\/#website\"},\"primaryImageOfPage\":{\"@id\":\"https:\\\/\\\/kt.gov.rs\\\/sq\\\/al-dzhazira-rreth-kk-play-017-gjuha-e-basketbollit-thyen-barrierat\\\/#primaryimage\"},\"image\":{\"@id\":\"https:\\\/\\\/kt.gov.rs\\\/sq\\\/al-dzhazira-rreth-kk-play-017-gjuha-e-basketbollit-thyen-barrierat\\\/#primaryimage\"},\"thumbnailUrl\":\"https:\\\/\\\/kt.gov.rs\\\/wp-content\\\/uploads\\\/2024\\\/07\\\/1643972557_040222_1-3.jpg\",\"datePublished\":\"2022-02-04T00:00:00+00:00\",\"dateModified\":\"2024-07-30T17:57:57+00:00\",\"breadcrumb\":{\"@id\":\"https:\\\/\\\/kt.gov.rs\\\/sq\\\/al-dzhazira-rreth-kk-play-017-gjuha-e-basketbollit-thyen-barrierat\\\/#breadcrumb\"},\"inLanguage\":\"sq-AL\",\"potentialAction\":[{\"@type\":\"ReadAction\",\"target\":[\"https:\\\/\\\/kt.gov.rs\\\/sq\\\/al-dzhazira-rreth-kk-play-017-gjuha-e-basketbollit-thyen-barrierat\\\/\"]}]},{\"@type\":\"ImageObject\",\"inLanguage\":\"sq-AL\",\"@id\":\"https:\\\/\\\/kt.gov.rs\\\/sq\\\/al-dzhazira-rreth-kk-play-017-gjuha-e-basketbollit-thyen-barrierat\\\/#primaryimage\",\"url\":\"https:\\\/\\\/kt.gov.rs\\\/wp-content\\\/uploads\\\/2024\\\/07\\\/1643972557_040222_1-3.jpg\",\"contentUrl\":\"https:\\\/\\\/kt.gov.rs\\\/wp-content\\\/uploads\\\/2024\\\/07\\\/1643972557_040222_1-3.jpg\",\"width\":315,\"height\":230},{\"@type\":\"BreadcrumbList\",\"@id\":\"https:\\\/\\\/kt.gov.rs\\\/sq\\\/al-dzhazira-rreth-kk-play-017-gjuha-e-basketbollit-thyen-barrierat\\\/#breadcrumb\",\"itemListElement\":[{\"@type\":\"ListItem\",\"position\":1,\"name\":\"\u041f\u043e\u0447\u0435\u0442\u043d\u0430\",\"item\":\"https:\\\/\\\/kt.gov.rs\\\/sq\\\/\"},{\"@type\":\"ListItem\",\"position\":2,\"name\":\"AL DZHAZIRA RRETH KK PLAY 017: GJUHA E BASKETBOLLIT THYEN BARRIERAT\"}]},{\"@type\":\"WebSite\",\"@id\":\"https:\\\/\\\/kt.gov.rs\\\/#website\",\"url\":\"https:\\\/\\\/kt.gov.rs\\\/\",\"name\":\"\u041a\u043e\u043e\u0440\u0434\u0438\u043d\u0430\u0446\u0438\u043e\u043d\u043e \u0442\u0435\u043b\u043e \u0412\u043b\u0430\u0434\u0435 \u0420\u0435\u043f\u0443\u0431\u043b\u0438\u043a\u0435 \u0421\u0440\u0431\u0438\u0458\u0435 \u0437\u0430 \u043e\u043f\u0448\u0442\u0438\u043d\u0435 \u041f\u0440\u0435\u0448\u0435\u0432\u043e, \u0411\u0443\u0458\u0430\u043d\u043e\u0432\u0430\u0446 \u0438 \u041c\u0435\u0434\u0432\u0435\u0452a\",\"description\":\"\",\"publisher\":{\"@id\":\"https:\\\/\\\/kt.gov.rs\\\/#organization\"},\"alternateName\":\"\u041a\u043e\u043e\u0440\u0434\u0438\u043d\u0430\u0446\u0438\u043e\u043d\u043e \u0442\u0435\u043b\u043e\",\"potentialAction\":[{\"@type\":\"SearchAction\",\"target\":{\"@type\":\"EntryPoint\",\"urlTemplate\":\"https:\\\/\\\/kt.gov.rs\\\/?s={search_term_string}\"},\"query-input\":{\"@type\":\"PropertyValueSpecification\",\"valueRequired\":true,\"valueName\":\"search_term_string\"}}],\"inLanguage\":\"sq-AL\"},{\"@type\":\"Organization\",\"@id\":\"https:\\\/\\\/kt.gov.rs\\\/#organization\",\"name\":\"\u041a\u043e\u043e\u0440\u0434\u0438\u043d\u0430\u0446\u0438\u043e\u043d\u043e \u0442\u0435\u043b\u043e \u0412\u043b\u0430\u0434\u0435 \u0420\u0435\u043f\u0443\u0431\u043b\u0438\u043a\u0435 \u0421\u0440\u0431\u0438\u0458\u0435 \u0437\u0430 \u043e\u043f\u0448\u0442\u0438\u043d\u0435 \u041f\u0440\u0435\u0448\u0435\u0432\u043e, \u0411\u0443\u0458\u0430\u043d\u043e\u0432\u0430\u0446 \u0438 \u041c\u0435\u0434\u0432\u0435\u0452a\",\"alternateName\":\"\u041a\u043e\u043e\u0440\u0434\u0438\u043d\u0430\u0446\u0438\u043e\u043d\u043e \u0442\u0435\u043b\u043e\",\"url\":\"https:\\\/\\\/kt.gov.rs\\\/\",\"logo\":{\"@type\":\"ImageObject\",\"inLanguage\":\"sq-AL\",\"@id\":\"https:\\\/\\\/kt.gov.rs\\\/#\\\/schema\\\/logo\\\/image\\\/\",\"url\":\"https:\\\/\\\/kt.gov.rs\\\/wp-content\\\/uploads\\\/2024\\\/12\\\/koord2.jpg\",\"contentUrl\":\"https:\\\/\\\/kt.gov.rs\\\/wp-content\\\/uploads\\\/2024\\\/12\\\/koord2.jpg\",\"width\":640,\"height\":480,\"caption\":\"\u041a\u043e\u043e\u0440\u0434\u0438\u043d\u0430\u0446\u0438\u043e\u043d\u043e \u0442\u0435\u043b\u043e \u0412\u043b\u0430\u0434\u0435 \u0420\u0435\u043f\u0443\u0431\u043b\u0438\u043a\u0435 \u0421\u0440\u0431\u0438\u0458\u0435 \u0437\u0430 \u043e\u043f\u0448\u0442\u0438\u043d\u0435 \u041f\u0440\u0435\u0448\u0435\u0432\u043e, \u0411\u0443\u0458\u0430\u043d\u043e\u0432\u0430\u0446 \u0438 \u041c\u0435\u0434\u0432\u0435\u0452a\"},\"image\":{\"@id\":\"https:\\\/\\\/kt.gov.rs\\\/#\\\/schema\\\/logo\\\/image\\\/\"},\"sameAs\":[\"https:\\\/\\\/www.facebook.com\\\/SluzbaKoordinacionogTelaVladeRepublikeSrbije\",\"https:\\\/\\\/x.com\\\/kt_gov\",\"https:\\\/\\\/www.youtube.com\\\/@koordinacionotelo\"]},{\"@type\":\"Person\",\"@id\":\"https:\\\/\\\/kt.gov.rs\\\/#\\\/schema\\\/person\\\/e426459ddb4173309103390602694571\",\"name\":\"ktmin\",\"image\":{\"@type\":\"ImageObject\",\"inLanguage\":\"sq-AL\",\"@id\":\"https:\\\/\\\/secure.gravatar.com\\\/avatar\\\/3985c961109853010c3fbc7ba30365bfba5db3dd6c525831d9c595c7525a615a?s=96&d=mm&r=g\",\"url\":\"https:\\\/\\\/secure.gravatar.com\\\/avatar\\\/3985c961109853010c3fbc7ba30365bfba5db3dd6c525831d9c595c7525a615a?s=96&d=mm&r=g\",\"contentUrl\":\"https:\\\/\\\/secure.gravatar.com\\\/avatar\\\/3985c961109853010c3fbc7ba30365bfba5db3dd6c525831d9c595c7525a615a?s=96&d=mm&r=g\",\"caption\":\"ktmin\"},\"sameAs\":[\"https:\\\/\\\/kt.gov.rs\"],\"url\":\"https:\\\/\\\/kt.gov.rs\\\/sq\\\/author\\\/ktmin\\\/\"}]}<\/script>\n<!-- \/ Yoast SEO plugin. -->","yoast_head_json":{"title":"AL DZHAZIRA RRETH KK PLAY 017: GJUHA E BASKETBOLLIT THYEN BARRIERAT - Republika e S\u00ebrbis\u00eb Trupi Koordinues p\u00ebr komunat Bujanoc, Preshev\u00eb dhe Medvegj\u00eb","robots":{"index":"index","follow":"follow","max-snippet":"max-snippet:-1","max-image-preview":"max-image-preview:large","max-video-preview":"max-video-preview:-1"},"canonical":"https:\/\/kt.gov.rs\/sq\/al-dzhazira-rreth-kk-play-017-gjuha-e-basketbollit-thyen-barrierat\/","og_locale":"sq_AL","og_type":"article","og_title":"AL DZHAZIRA RRETH KK PLAY 017: GJUHA E BASKETBOLLIT THYEN BARRIERAT - Republika e S\u00ebrbis\u00eb Trupi Koordinues p\u00ebr komunat Bujanoc, Preshev\u00eb dhe Medvegj\u00eb","og_description":"Bujanoc \u2013 Beograd \u2013\u00a0Klubi i basketbollit \u2018Play 017\u2019 nga Bujanoci \u00ebsht\u00eb unik n\u00eb Serbi p\u00ebr nga karakteri i tij multietnik, nd\u00ebrsa n\u00eb shkoll\u00ebn e tij t\u00eb basketbollit edhe k\u00ebt\u00eb sezon marrin pjes\u00eb 150 djem dhe vajza nga komuniteti serb, shqiptar dhe rom, shkruan Al dzhazira.","og_url":"https:\/\/kt.gov.rs\/sq\/al-dzhazira-rreth-kk-play-017-gjuha-e-basketbollit-thyen-barrierat\/","og_site_name":"Republika e S\u00ebrbis\u00eb Trupi Koordinues p\u00ebr komunat Bujanoc, Preshev\u00eb dhe Medvegj\u00eb","article_publisher":"https:\/\/www.facebook.com\/SluzbaKoordinacionogTelaVladeRepublikeSrbije","article_published_time":"2022-02-04T00:00:00+00:00","article_modified_time":"2024-07-30T17:57:57+00:00","og_image":[{"width":315,"height":230,"url":"https:\/\/kt.gov.rs\/wp-content\/uploads\/2024\/07\/1643972557_040222_1-3.jpg","type":"image\/jpeg"}],"author":"ktmin","twitter_card":"summary_large_image","twitter_creator":"@kt_gov","twitter_site":"@kt_gov","twitter_misc":{"Written by":"ktmin","Est. reading time":"3 minutes"},"schema":{"@context":"https:\/\/schema.org","@graph":[{"@type":"Article","@id":"https:\/\/kt.gov.rs\/sq\/al-dzhazira-rreth-kk-play-017-gjuha-e-basketbollit-thyen-barrierat\/#article","isPartOf":{"@id":"https:\/\/kt.gov.rs\/sq\/al-dzhazira-rreth-kk-play-017-gjuha-e-basketbollit-thyen-barrierat\/"},"author":{"name":"ktmin","@id":"https:\/\/kt.gov.rs\/#\/schema\/person\/e426459ddb4173309103390602694571"},"headline":"AL DZHAZIRA RRETH KK PLAY 017: GJUHA E BASKETBOLLIT THYEN BARRIERAT","datePublished":"2022-02-04T00:00:00+00:00","dateModified":"2024-07-30T17:57:57+00:00","mainEntityOfPage":{"@id":"https:\/\/kt.gov.rs\/sq\/al-dzhazira-rreth-kk-play-017-gjuha-e-basketbollit-thyen-barrierat\/"},"wordCount":591,"publisher":{"@id":"https:\/\/kt.gov.rs\/#organization"},"image":{"@id":"https:\/\/kt.gov.rs\/sq\/al-dzhazira-rreth-kk-play-017-gjuha-e-basketbollit-thyen-barrierat\/#primaryimage"},"thumbnailUrl":"https:\/\/kt.gov.rs\/wp-content\/uploads\/2024\/07\/1643972557_040222_1-3.jpg","articleSection":["Lajme"],"inLanguage":"sq-AL"},{"@type":"WebPage","@id":"https:\/\/kt.gov.rs\/sq\/al-dzhazira-rreth-kk-play-017-gjuha-e-basketbollit-thyen-barrierat\/","url":"https:\/\/kt.gov.rs\/sq\/al-dzhazira-rreth-kk-play-017-gjuha-e-basketbollit-thyen-barrierat\/","name":"AL DZHAZIRA RRETH KK PLAY 017: GJUHA E BASKETBOLLIT THYEN BARRIERAT - Republika e S\u00ebrbis\u00eb Trupi Koordinues p\u00ebr komunat Bujanoc, Preshev\u00eb dhe Medvegj\u00eb","isPartOf":{"@id":"https:\/\/kt.gov.rs\/#website"},"primaryImageOfPage":{"@id":"https:\/\/kt.gov.rs\/sq\/al-dzhazira-rreth-kk-play-017-gjuha-e-basketbollit-thyen-barrierat\/#primaryimage"},"image":{"@id":"https:\/\/kt.gov.rs\/sq\/al-dzhazira-rreth-kk-play-017-gjuha-e-basketbollit-thyen-barrierat\/#primaryimage"},"thumbnailUrl":"https:\/\/kt.gov.rs\/wp-content\/uploads\/2024\/07\/1643972557_040222_1-3.jpg","datePublished":"2022-02-04T00:00:00+00:00","dateModified":"2024-07-30T17:57:57+00:00","breadcrumb":{"@id":"https:\/\/kt.gov.rs\/sq\/al-dzhazira-rreth-kk-play-017-gjuha-e-basketbollit-thyen-barrierat\/#breadcrumb"},"inLanguage":"sq-AL","potentialAction":[{"@type":"ReadAction","target":["https:\/\/kt.gov.rs\/sq\/al-dzhazira-rreth-kk-play-017-gjuha-e-basketbollit-thyen-barrierat\/"]}]},{"@type":"ImageObject","inLanguage":"sq-AL","@id":"https:\/\/kt.gov.rs\/sq\/al-dzhazira-rreth-kk-play-017-gjuha-e-basketbollit-thyen-barrierat\/#primaryimage","url":"https:\/\/kt.gov.rs\/wp-content\/uploads\/2024\/07\/1643972557_040222_1-3.jpg","contentUrl":"https:\/\/kt.gov.rs\/wp-content\/uploads\/2024\/07\/1643972557_040222_1-3.jpg","width":315,"height":230},{"@type":"BreadcrumbList","@id":"https:\/\/kt.gov.rs\/sq\/al-dzhazira-rreth-kk-play-017-gjuha-e-basketbollit-thyen-barrierat\/#breadcrumb","itemListElement":[{"@type":"ListItem","position":1,"name":"\u041f\u043e\u0447\u0435\u0442\u043d\u0430","item":"https:\/\/kt.gov.rs\/sq\/"},{"@type":"ListItem","position":2,"name":"AL DZHAZIRA RRETH KK PLAY 017: GJUHA E BASKETBOLLIT THYEN BARRIERAT"}]},{"@type":"WebSite","@id":"https:\/\/kt.gov.rs\/#website","url":"https:\/\/kt.gov.rs\/","name":"\u041a\u043e\u043e\u0440\u0434\u0438\u043d\u0430\u0446\u0438\u043e\u043d\u043e \u0442\u0435\u043b\u043e \u0412\u043b\u0430\u0434\u0435 \u0420\u0435\u043f\u0443\u0431\u043b\u0438\u043a\u0435 \u0421\u0440\u0431\u0438\u0458\u0435 \u0437\u0430 \u043e\u043f\u0448\u0442\u0438\u043d\u0435 \u041f\u0440\u0435\u0448\u0435\u0432\u043e, \u0411\u0443\u0458\u0430\u043d\u043e\u0432\u0430\u0446 \u0438 \u041c\u0435\u0434\u0432\u0435\u0452a","description":"","publisher":{"@id":"https:\/\/kt.gov.rs\/#organization"},"alternateName":"\u041a\u043e\u043e\u0440\u0434\u0438\u043d\u0430\u0446\u0438\u043e\u043d\u043e \u0442\u0435\u043b\u043e","potentialAction":[{"@type":"SearchAction","target":{"@type":"EntryPoint","urlTemplate":"https:\/\/kt.gov.rs\/?s={search_term_string}"},"query-input":{"@type":"PropertyValueSpecification","valueRequired":true,"valueName":"search_term_string"}}],"inLanguage":"sq-AL"},{"@type":"Organization","@id":"https:\/\/kt.gov.rs\/#organization","name":"\u041a\u043e\u043e\u0440\u0434\u0438\u043d\u0430\u0446\u0438\u043e\u043d\u043e \u0442\u0435\u043b\u043e \u0412\u043b\u0430\u0434\u0435 \u0420\u0435\u043f\u0443\u0431\u043b\u0438\u043a\u0435 \u0421\u0440\u0431\u0438\u0458\u0435 \u0437\u0430 \u043e\u043f\u0448\u0442\u0438\u043d\u0435 \u041f\u0440\u0435\u0448\u0435\u0432\u043e, \u0411\u0443\u0458\u0430\u043d\u043e\u0432\u0430\u0446 \u0438 \u041c\u0435\u0434\u0432\u0435\u0452a","alternateName":"\u041a\u043e\u043e\u0440\u0434\u0438\u043d\u0430\u0446\u0438\u043e\u043d\u043e \u0442\u0435\u043b\u043e","url":"https:\/\/kt.gov.rs\/","logo":{"@type":"ImageObject","inLanguage":"sq-AL","@id":"https:\/\/kt.gov.rs\/#\/schema\/logo\/image\/","url":"https:\/\/kt.gov.rs\/wp-content\/uploads\/2024\/12\/koord2.jpg","contentUrl":"https:\/\/kt.gov.rs\/wp-content\/uploads\/2024\/12\/koord2.jpg","width":640,"height":480,"caption":"\u041a\u043e\u043e\u0440\u0434\u0438\u043d\u0430\u0446\u0438\u043e\u043d\u043e \u0442\u0435\u043b\u043e \u0412\u043b\u0430\u0434\u0435 \u0420\u0435\u043f\u0443\u0431\u043b\u0438\u043a\u0435 \u0421\u0440\u0431\u0438\u0458\u0435 \u0437\u0430 \u043e\u043f\u0448\u0442\u0438\u043d\u0435 \u041f\u0440\u0435\u0448\u0435\u0432\u043e, \u0411\u0443\u0458\u0430\u043d\u043e\u0432\u0430\u0446 \u0438 \u041c\u0435\u0434\u0432\u0435\u0452a"},"image":{"@id":"https:\/\/kt.gov.rs\/#\/schema\/logo\/image\/"},"sameAs":["https:\/\/www.facebook.com\/SluzbaKoordinacionogTelaVladeRepublikeSrbije","https:\/\/x.com\/kt_gov","https:\/\/www.youtube.com\/@koordinacionotelo"]},{"@type":"Person","@id":"https:\/\/kt.gov.rs\/#\/schema\/person\/e426459ddb4173309103390602694571","name":"ktmin","image":{"@type":"ImageObject","inLanguage":"sq-AL","@id":"https:\/\/secure.gravatar.com\/avatar\/3985c961109853010c3fbc7ba30365bfba5db3dd6c525831d9c595c7525a615a?s=96&d=mm&r=g","url":"https:\/\/secure.gravatar.com\/avatar\/3985c961109853010c3fbc7ba30365bfba5db3dd6c525831d9c595c7525a615a?s=96&d=mm&r=g","contentUrl":"https:\/\/secure.gravatar.com\/avatar\/3985c961109853010c3fbc7ba30365bfba5db3dd6c525831d9c595c7525a615a?s=96&d=mm&r=g","caption":"ktmin"},"sameAs":["https:\/\/kt.gov.rs"],"url":"https:\/\/kt.gov.rs\/sq\/author\/ktmin\/"}]}},"_links":{"self":[{"href":"https:\/\/kt.gov.rs\/sq\/wp-json\/wp\/v2\/posts\/108301","targetHints":{"allow":["GET"]}}],"collection":[{"href":"https:\/\/kt.gov.rs\/sq\/wp-json\/wp\/v2\/posts"}],"about":[{"href":"https:\/\/kt.gov.rs\/sq\/wp-json\/wp\/v2\/types\/post"}],"author":[{"embeddable":true,"href":"https:\/\/kt.gov.rs\/sq\/wp-json\/wp\/v2\/users\/1"}],"replies":[{"embeddable":true,"href":"https:\/\/kt.gov.rs\/sq\/wp-json\/wp\/v2\/comments?post=108301"}],"version-history":[{"count":1,"href":"https:\/\/kt.gov.rs\/sq\/wp-json\/wp\/v2\/posts\/108301\/revisions"}],"predecessor-version":[{"id":108305,"href":"https:\/\/kt.gov.rs\/sq\/wp-json\/wp\/v2\/posts\/108301\/revisions\/108305"}],"wp:featuredmedia":[{"embeddable":true,"href":"https:\/\/kt.gov.rs\/sq\/wp-json\/wp\/v2\/media\/108306"}],"wp:attachment":[{"href":"https:\/\/kt.gov.rs\/sq\/wp-json\/wp\/v2\/media?parent=108301"}],"wp:term":[{"taxonomy":"category","embeddable":true,"href":"https:\/\/kt.gov.rs\/sq\/wp-json\/wp\/v2\/categories?post=108301"},{"taxonomy":"post_tag","embeddable":true,"href":"https:\/\/kt.gov.rs\/sq\/wp-json\/wp\/v2\/tags?post=108301"}],"curies":[{"name":"wp","href":"https:\/\/api.w.org\/{rel}","templated":true}]}}