{"id":108293,"date":"2022-02-04T00:00:00","date_gmt":"2022-02-04T00:00:00","guid":{"rendered":"http:\/\/kt.printandscreen.rs\/dhjete-te-rinj-nga-medvegja-u-punesuan-fale-projektit-paga-ime-e-pare\/"},"modified":"2024-07-30T17:57:57","modified_gmt":"2024-07-30T17:57:57","slug":"dhjete-te-rinj-nga-medvegja-u-punesuan-fale-projektit-paga-ime-e-pare","status":"publish","type":"post","link":"https:\/\/kt.gov.rs\/sq\/dhjete-te-rinj-nga-medvegja-u-punesuan-fale-projektit-paga-ime-e-pare\/","title":{"rendered":"DHJET\u00cb T\u00cb RINJ NGA MEDVEGJA U PUN\u00cbSUAN FAL\u00cb PROJEKTIT \u201cPAGA IME E PAR\u00cb\u201d"},"content":{"rendered":"<p>\n\t<strong><img decoding=\"async\" alt=\"\" src=\"https:\/\/kt.gov.rs\/wp-content\/uploads\/2024\/07\/1643972606_040222_2-2.jpg\" style=\"width: 315px; height: 230px; float: left;\" \/><\/strong><strong>Medvegj\u00eb \u2013 Beograd \u2013<\/strong> Fal\u00eb projektit \u201cPaga ime e par\u00eb\u201d e Qeveris\u00eb s\u00eb Republik\u00ebs s\u00eb Serbis\u00eb, i cili vazhdon edhe k\u00ebt\u00eb vit n\u00eb komun\u00ebn e Medvegj\u00ebs, dhjet\u00eb t\u00eb rinj u pun\u00ebsuan. Krahas projekteve t\u00eb tilla, \u00ebsht\u00eb e r\u00ebnd\u00ebsishme q\u00eb t\u00eb fillohet ekonomia dhe t\u00eb futen investitor\u00eb t\u00eb rinj. Autoritetet lokale presin shum\u00eb nga realizimi i investimeve n\u00eb Sijarinska Banja.<\/p>\n<p>\n\tNatalija Ceroviq, e cila u pun\u00ebsua n\u00eb Qendr\u00ebn e Kultur\u00ebs n\u00eb Medvegj\u00eb p\u00ebrmes projektit \u201cPaga ime e par\u00eb\u201d, ende po m\u00ebsohet me pun\u00ebn e saj. Ajo mbaroi shkoll\u00ebn e mesme vitin e kaluar dhe nuk priti gjat\u00eb p\u00ebr pun\u00ebn e saj t\u00eb par\u00eb. Cerovic thot\u00eb se po fiton p\u00ebrvoja t\u00eb reja dhe po p\u00ebrballet me di\u00e7ka t\u00eb re. Ajo v\u00ebren se ka t\u00eb rinj q\u00eb e shohin perspektiv\u00ebn e tyre n\u00eb Medvegj\u00eb.<\/p>\n<p>\n\tShpresa Dalipi, dy vjet m\u00eb e madhe, punon n\u00eb bibliotek\u00eb. Medvegja \u00ebsht\u00eb qyteti i saj dhe tregon se \u00ebsht\u00eb shum\u00eb e k\u00ebnaqur sepse ka pasur shansin t\u00eb arrij\u00eb profesionalisht n\u00eb mjedisin ku ka lindur, \u00ebsht\u00eb rritur dhe ka b\u00ebr\u00eb shum\u00eb miq. Dalipi thot\u00eb se \u00ebsht\u00eb e k\u00ebnaqur me pun\u00ebn e saj dhe se planifikon t\u00eb q\u00ebndroj\u00eb n\u00eb Medvegj\u00eb.<\/p>\n<p>\n\tEdhe tet\u00eb t\u00eb rinj nga Medvegja s\u00eb shpejti do ta marrin pag\u00ebn e par\u00eb. Se sa do t\u00eb thot\u00eb kjo p\u00ebr k\u00ebt\u00eb mjedis shum\u00ebkomb\u00ebsh nuk ka nevoj\u00eb t\u00eb thuhet shum\u00eb. Vet\u00ebqeverisja lokale, p\u00ebrve\u00e7 mb\u00ebshtetjes q\u00eb marrin nga ministrit\u00eb dhe institucionet kompetente, po mundohet t\u00eb krijoj\u00eb kushte p\u00ebr futjen e investitor\u00ebve t\u00eb rinj sepse n\u00eb Medvegj\u00eb nuk ka objekte t\u00eb tjera prodhuese p\u00ebrve\u00e7 minierave t\u00eb arit dhe zinkut n\u00eb Le\u00e7e.<\/p>\n<p>\n\t\u201cM\u00eb e r\u00ebnd\u00ebsishme p\u00ebr ne \u00ebsht\u00eb q\u00eb t\u00eb fillojm\u00eb prodhimin, duke pasur parasysh se kemi dy fabrika n\u00eb pron\u00ebsi t\u00eb komun\u00ebs q\u00eb i kemi bler\u00eb nga falimentimi dhe tani p\u00ebr tani ka investitor\u00eb t\u00eb interesuar\u201d, tha njeriu i par\u00eb i vet\u00ebqeverisjes lokale, Nebojsha Arsiq. Si nj\u00eb shans p\u00ebr vende t\u00eb reja pune, Arsiq e thekson Sijarinska Banj\u00ebn pasi \u00ebsht\u00eb formuar nj\u00eb grup nd\u00ebrinstitucional i Qeveris\u00eb p\u00ebr rregullimin dhe zhvillimin e Serbis\u00eb jugore n\u00eb territorin e qyteteve Leskoc, Lebane, Bojnik, Medvegj\u00eb, Prokuplje dhe Krushumlija.<\/p>\n<p>\n\t\u00a0\u201cMedvegja ka aplikuar p\u00ebr projekte v\u00ebrtet t\u00eb mira, ndaj presim zgjerimin e Sijarinska Banja\u201d, shton Arsiq.<\/p>\n<p>\n\tMe investimet e reja q\u00eb do t\u00eb mund\u00ebsojn\u00eb pun\u00ebsime t\u00eb reja, \u00ebsht\u00eb reale t\u00eb pritet q\u00eb t\u00eb kthehen njer\u00ebzit q\u00eb kan\u00eb lindur k\u00ebtu dhe jan\u00eb larguar p\u00ebr shkak t\u00eb pun\u00ebs. Prandaj \u00ebsht\u00eb e r\u00ebnd\u00ebsishme q\u00eb muajin e ardhsh\u00ebm t\u00eb filloj\u00eb nd\u00ebrtimi i rrug\u00ebs p\u00ebrgjat\u00eb malit t\u00eb Radanit, e cila do t\u00eb lidh\u00eb dy rrethe dhe kat\u00ebr banja p\u00ebrkat\u00ebsisht, pra qytetin Gjavollu Varosh dhe Cari\u00e7in Grad, q\u00eb do t&#39;i jap\u00eb Jabllanic\u00ebs dhe Toplic\u00ebs nj\u00eb vler\u00eb turistike unike dhe t\u00eb unifikuar.<\/p>\n<p>\n\t<strong>Burimi: RTS.rs, Trupi Koordinues<\/strong><\/p>\n<p>\n\t\u00a0<\/p>\n","protected":false},"excerpt":{"rendered":"<p>Medvegj\u00eb \u2013 Beograd \u2013\u00a0Fal\u00eb projektit \u201cPaga ime e par\u00eb\u201d e Qeveris\u00eb s\u00eb Republik\u00ebs s\u00eb Serbis\u00eb, i cili vazhdon edhe k\u00ebt\u00eb vit n\u00eb komun\u00ebn e Medvegj\u00ebs, dhjet\u00eb t\u00eb rinj u pun\u00ebsuan. Krahas projekteve t\u00eb tilla, \u00ebsht\u00eb e r\u00ebnd\u00ebsishme q\u00eb t\u00eb fillohet ekonomia dhe t\u00eb futen investitor\u00eb t\u00eb rinj. Autoritetet lokale presin shum\u00eb nga realizimi i investimeve n\u00eb Sijarinska Banja.<\/p>\n","protected":false},"author":1,"featured_media":108298,"comment_status":"closed","ping_status":"closed","sticky":false,"template":"","format":"standard","meta":{"footnotes":""},"categories":[55],"tags":[],"class_list":["post-108293","post","type-post","status-publish","format-standard","has-post-thumbnail","hentry","category-lajme"],"yoast_head":"<!-- This site is optimized with the Yoast SEO plugin v27.5 - https:\/\/yoast.com\/product\/yoast-seo-wordpress\/ -->\n<title>DHJET\u00cb T\u00cb RINJ NGA MEDVEGJA U PUN\u00cbSUAN FAL\u00cb PROJEKTIT \u201cPAGA IME E PAR\u00cb\u201d - Republika e S\u00ebrbis\u00eb Trupi Koordinues p\u00ebr komunat Bujanoc, Preshev\u00eb dhe Medvegj\u00eb<\/title>\n<meta name=\"robots\" content=\"index, follow, max-snippet:-1, max-image-preview:large, max-video-preview:-1\" \/>\n<link rel=\"canonical\" href=\"https:\/\/kt.gov.rs\/sq\/dhjete-te-rinj-nga-medvegja-u-punesuan-fale-projektit-paga-ime-e-pare\/\" \/>\n<meta property=\"og:locale\" content=\"sq_AL\" \/>\n<meta property=\"og:type\" content=\"article\" \/>\n<meta property=\"og:title\" content=\"DHJET\u00cb T\u00cb RINJ NGA MEDVEGJA U PUN\u00cbSUAN FAL\u00cb PROJEKTIT \u201cPAGA IME E PAR\u00cb\u201d - Republika e S\u00ebrbis\u00eb Trupi Koordinues p\u00ebr komunat Bujanoc, Preshev\u00eb dhe Medvegj\u00eb\" \/>\n<meta property=\"og:description\" content=\"Medvegj\u00eb \u2013 Beograd \u2013\u00a0Fal\u00eb projektit \u201cPaga ime e par\u00eb\u201d e Qeveris\u00eb s\u00eb Republik\u00ebs s\u00eb Serbis\u00eb, i cili vazhdon edhe k\u00ebt\u00eb vit n\u00eb komun\u00ebn e Medvegj\u00ebs, dhjet\u00eb t\u00eb rinj u pun\u00ebsuan. Krahas projekteve t\u00eb tilla, \u00ebsht\u00eb e r\u00ebnd\u00ebsishme q\u00eb t\u00eb fillohet ekonomia dhe t\u00eb futen investitor\u00eb t\u00eb rinj. Autoritetet lokale presin shum\u00eb nga realizimi i investimeve n\u00eb Sijarinska Banja.\" \/>\n<meta property=\"og:url\" content=\"https:\/\/kt.gov.rs\/sq\/dhjete-te-rinj-nga-medvegja-u-punesuan-fale-projektit-paga-ime-e-pare\/\" \/>\n<meta property=\"og:site_name\" content=\"Republika e S\u00ebrbis\u00eb Trupi Koordinues p\u00ebr komunat Bujanoc, Preshev\u00eb dhe Medvegj\u00eb\" \/>\n<meta property=\"article:publisher\" content=\"https:\/\/www.facebook.com\/SluzbaKoordinacionogTelaVladeRepublikeSrbije\" \/>\n<meta property=\"article:published_time\" content=\"2022-02-04T00:00:00+00:00\" \/>\n<meta property=\"article:modified_time\" content=\"2024-07-30T17:57:57+00:00\" \/>\n<meta property=\"og:image\" content=\"https:\/\/kt.gov.rs\/wp-content\/uploads\/2024\/07\/1643972606_040222_2-3.jpg\" \/>\n\t<meta property=\"og:image:width\" content=\"315\" \/>\n\t<meta property=\"og:image:height\" content=\"230\" \/>\n\t<meta property=\"og:image:type\" content=\"image\/jpeg\" \/>\n<meta name=\"author\" content=\"ktmin\" \/>\n<meta name=\"twitter:card\" content=\"summary_large_image\" \/>\n<meta name=\"twitter:creator\" content=\"@kt_gov\" \/>\n<meta name=\"twitter:site\" content=\"@kt_gov\" \/>\n<meta name=\"twitter:label1\" content=\"Written by\" \/>\n\t<meta name=\"twitter:data1\" content=\"ktmin\" \/>\n\t<meta name=\"twitter:label2\" content=\"Est. reading time\" \/>\n\t<meta name=\"twitter:data2\" content=\"4 minutes\" \/>\n<script type=\"application\/ld+json\" class=\"yoast-schema-graph\">{\"@context\":\"https:\\\/\\\/schema.org\",\"@graph\":[{\"@type\":\"Article\",\"@id\":\"https:\\\/\\\/kt.gov.rs\\\/sq\\\/dhjete-te-rinj-nga-medvegja-u-punesuan-fale-projektit-paga-ime-e-pare\\\/#article\",\"isPartOf\":{\"@id\":\"https:\\\/\\\/kt.gov.rs\\\/sq\\\/dhjete-te-rinj-nga-medvegja-u-punesuan-fale-projektit-paga-ime-e-pare\\\/\"},\"author\":{\"name\":\"ktmin\",\"@id\":\"https:\\\/\\\/kt.gov.rs\\\/#\\\/schema\\\/person\\\/e426459ddb4173309103390602694571\"},\"headline\":\"DHJET\u00cb T\u00cb RINJ NGA MEDVEGJA U PUN\u00cbSUAN FAL\u00cb PROJEKTIT \u201cPAGA IME E PAR\u00cb\u201d\",\"datePublished\":\"2022-02-04T00:00:00+00:00\",\"dateModified\":\"2024-07-30T17:57:57+00:00\",\"mainEntityOfPage\":{\"@id\":\"https:\\\/\\\/kt.gov.rs\\\/sq\\\/dhjete-te-rinj-nga-medvegja-u-punesuan-fale-projektit-paga-ime-e-pare\\\/\"},\"wordCount\":733,\"publisher\":{\"@id\":\"https:\\\/\\\/kt.gov.rs\\\/#organization\"},\"image\":{\"@id\":\"https:\\\/\\\/kt.gov.rs\\\/sq\\\/dhjete-te-rinj-nga-medvegja-u-punesuan-fale-projektit-paga-ime-e-pare\\\/#primaryimage\"},\"thumbnailUrl\":\"https:\\\/\\\/kt.gov.rs\\\/wp-content\\\/uploads\\\/2024\\\/07\\\/1643972606_040222_2-3.jpg\",\"articleSection\":[\"Lajme\"],\"inLanguage\":\"sq-AL\"},{\"@type\":\"WebPage\",\"@id\":\"https:\\\/\\\/kt.gov.rs\\\/sq\\\/dhjete-te-rinj-nga-medvegja-u-punesuan-fale-projektit-paga-ime-e-pare\\\/\",\"url\":\"https:\\\/\\\/kt.gov.rs\\\/sq\\\/dhjete-te-rinj-nga-medvegja-u-punesuan-fale-projektit-paga-ime-e-pare\\\/\",\"name\":\"DHJET\u00cb T\u00cb RINJ NGA MEDVEGJA U PUN\u00cbSUAN FAL\u00cb PROJEKTIT \u201cPAGA IME E PAR\u00cb\u201d - Republika e S\u00ebrbis\u00eb Trupi Koordinues p\u00ebr komunat Bujanoc, Preshev\u00eb dhe Medvegj\u00eb\",\"isPartOf\":{\"@id\":\"https:\\\/\\\/kt.gov.rs\\\/#website\"},\"primaryImageOfPage\":{\"@id\":\"https:\\\/\\\/kt.gov.rs\\\/sq\\\/dhjete-te-rinj-nga-medvegja-u-punesuan-fale-projektit-paga-ime-e-pare\\\/#primaryimage\"},\"image\":{\"@id\":\"https:\\\/\\\/kt.gov.rs\\\/sq\\\/dhjete-te-rinj-nga-medvegja-u-punesuan-fale-projektit-paga-ime-e-pare\\\/#primaryimage\"},\"thumbnailUrl\":\"https:\\\/\\\/kt.gov.rs\\\/wp-content\\\/uploads\\\/2024\\\/07\\\/1643972606_040222_2-3.jpg\",\"datePublished\":\"2022-02-04T00:00:00+00:00\",\"dateModified\":\"2024-07-30T17:57:57+00:00\",\"breadcrumb\":{\"@id\":\"https:\\\/\\\/kt.gov.rs\\\/sq\\\/dhjete-te-rinj-nga-medvegja-u-punesuan-fale-projektit-paga-ime-e-pare\\\/#breadcrumb\"},\"inLanguage\":\"sq-AL\",\"potentialAction\":[{\"@type\":\"ReadAction\",\"target\":[\"https:\\\/\\\/kt.gov.rs\\\/sq\\\/dhjete-te-rinj-nga-medvegja-u-punesuan-fale-projektit-paga-ime-e-pare\\\/\"]}]},{\"@type\":\"ImageObject\",\"inLanguage\":\"sq-AL\",\"@id\":\"https:\\\/\\\/kt.gov.rs\\\/sq\\\/dhjete-te-rinj-nga-medvegja-u-punesuan-fale-projektit-paga-ime-e-pare\\\/#primaryimage\",\"url\":\"https:\\\/\\\/kt.gov.rs\\\/wp-content\\\/uploads\\\/2024\\\/07\\\/1643972606_040222_2-3.jpg\",\"contentUrl\":\"https:\\\/\\\/kt.gov.rs\\\/wp-content\\\/uploads\\\/2024\\\/07\\\/1643972606_040222_2-3.jpg\",\"width\":315,\"height\":230},{\"@type\":\"BreadcrumbList\",\"@id\":\"https:\\\/\\\/kt.gov.rs\\\/sq\\\/dhjete-te-rinj-nga-medvegja-u-punesuan-fale-projektit-paga-ime-e-pare\\\/#breadcrumb\",\"itemListElement\":[{\"@type\":\"ListItem\",\"position\":1,\"name\":\"\u041f\u043e\u0447\u0435\u0442\u043d\u0430\",\"item\":\"https:\\\/\\\/kt.gov.rs\\\/sq\\\/\"},{\"@type\":\"ListItem\",\"position\":2,\"name\":\"DHJET\u00cb T\u00cb RINJ NGA MEDVEGJA U PUN\u00cbSUAN FAL\u00cb PROJEKTIT \u201cPAGA IME E PAR\u00cb\u201d\"}]},{\"@type\":\"WebSite\",\"@id\":\"https:\\\/\\\/kt.gov.rs\\\/#website\",\"url\":\"https:\\\/\\\/kt.gov.rs\\\/\",\"name\":\"\u041a\u043e\u043e\u0440\u0434\u0438\u043d\u0430\u0446\u0438\u043e\u043d\u043e \u0442\u0435\u043b\u043e \u0412\u043b\u0430\u0434\u0435 \u0420\u0435\u043f\u0443\u0431\u043b\u0438\u043a\u0435 \u0421\u0440\u0431\u0438\u0458\u0435 \u0437\u0430 \u043e\u043f\u0448\u0442\u0438\u043d\u0435 \u041f\u0440\u0435\u0448\u0435\u0432\u043e, \u0411\u0443\u0458\u0430\u043d\u043e\u0432\u0430\u0446 \u0438 \u041c\u0435\u0434\u0432\u0435\u0452a\",\"description\":\"\",\"publisher\":{\"@id\":\"https:\\\/\\\/kt.gov.rs\\\/#organization\"},\"alternateName\":\"\u041a\u043e\u043e\u0440\u0434\u0438\u043d\u0430\u0446\u0438\u043e\u043d\u043e \u0442\u0435\u043b\u043e\",\"potentialAction\":[{\"@type\":\"SearchAction\",\"target\":{\"@type\":\"EntryPoint\",\"urlTemplate\":\"https:\\\/\\\/kt.gov.rs\\\/?s={search_term_string}\"},\"query-input\":{\"@type\":\"PropertyValueSpecification\",\"valueRequired\":true,\"valueName\":\"search_term_string\"}}],\"inLanguage\":\"sq-AL\"},{\"@type\":\"Organization\",\"@id\":\"https:\\\/\\\/kt.gov.rs\\\/#organization\",\"name\":\"\u041a\u043e\u043e\u0440\u0434\u0438\u043d\u0430\u0446\u0438\u043e\u043d\u043e \u0442\u0435\u043b\u043e \u0412\u043b\u0430\u0434\u0435 \u0420\u0435\u043f\u0443\u0431\u043b\u0438\u043a\u0435 \u0421\u0440\u0431\u0438\u0458\u0435 \u0437\u0430 \u043e\u043f\u0448\u0442\u0438\u043d\u0435 \u041f\u0440\u0435\u0448\u0435\u0432\u043e, \u0411\u0443\u0458\u0430\u043d\u043e\u0432\u0430\u0446 \u0438 \u041c\u0435\u0434\u0432\u0435\u0452a\",\"alternateName\":\"\u041a\u043e\u043e\u0440\u0434\u0438\u043d\u0430\u0446\u0438\u043e\u043d\u043e \u0442\u0435\u043b\u043e\",\"url\":\"https:\\\/\\\/kt.gov.rs\\\/\",\"logo\":{\"@type\":\"ImageObject\",\"inLanguage\":\"sq-AL\",\"@id\":\"https:\\\/\\\/kt.gov.rs\\\/#\\\/schema\\\/logo\\\/image\\\/\",\"url\":\"https:\\\/\\\/kt.gov.rs\\\/wp-content\\\/uploads\\\/2024\\\/12\\\/koord2.jpg\",\"contentUrl\":\"https:\\\/\\\/kt.gov.rs\\\/wp-content\\\/uploads\\\/2024\\\/12\\\/koord2.jpg\",\"width\":640,\"height\":480,\"caption\":\"\u041a\u043e\u043e\u0440\u0434\u0438\u043d\u0430\u0446\u0438\u043e\u043d\u043e \u0442\u0435\u043b\u043e \u0412\u043b\u0430\u0434\u0435 \u0420\u0435\u043f\u0443\u0431\u043b\u0438\u043a\u0435 \u0421\u0440\u0431\u0438\u0458\u0435 \u0437\u0430 \u043e\u043f\u0448\u0442\u0438\u043d\u0435 \u041f\u0440\u0435\u0448\u0435\u0432\u043e, \u0411\u0443\u0458\u0430\u043d\u043e\u0432\u0430\u0446 \u0438 \u041c\u0435\u0434\u0432\u0435\u0452a\"},\"image\":{\"@id\":\"https:\\\/\\\/kt.gov.rs\\\/#\\\/schema\\\/logo\\\/image\\\/\"},\"sameAs\":[\"https:\\\/\\\/www.facebook.com\\\/SluzbaKoordinacionogTelaVladeRepublikeSrbije\",\"https:\\\/\\\/x.com\\\/kt_gov\",\"https:\\\/\\\/www.youtube.com\\\/@koordinacionotelo\"]},{\"@type\":\"Person\",\"@id\":\"https:\\\/\\\/kt.gov.rs\\\/#\\\/schema\\\/person\\\/e426459ddb4173309103390602694571\",\"name\":\"ktmin\",\"image\":{\"@type\":\"ImageObject\",\"inLanguage\":\"sq-AL\",\"@id\":\"https:\\\/\\\/secure.gravatar.com\\\/avatar\\\/3985c961109853010c3fbc7ba30365bfba5db3dd6c525831d9c595c7525a615a?s=96&d=mm&r=g\",\"url\":\"https:\\\/\\\/secure.gravatar.com\\\/avatar\\\/3985c961109853010c3fbc7ba30365bfba5db3dd6c525831d9c595c7525a615a?s=96&d=mm&r=g\",\"contentUrl\":\"https:\\\/\\\/secure.gravatar.com\\\/avatar\\\/3985c961109853010c3fbc7ba30365bfba5db3dd6c525831d9c595c7525a615a?s=96&d=mm&r=g\",\"caption\":\"ktmin\"},\"sameAs\":[\"https:\\\/\\\/kt.gov.rs\"],\"url\":\"https:\\\/\\\/kt.gov.rs\\\/sq\\\/author\\\/ktmin\\\/\"}]}<\/script>\n<!-- \/ Yoast SEO plugin. -->","yoast_head_json":{"title":"DHJET\u00cb T\u00cb RINJ NGA MEDVEGJA U PUN\u00cbSUAN FAL\u00cb PROJEKTIT \u201cPAGA IME E PAR\u00cb\u201d - Republika e S\u00ebrbis\u00eb Trupi Koordinues p\u00ebr komunat Bujanoc, Preshev\u00eb dhe Medvegj\u00eb","robots":{"index":"index","follow":"follow","max-snippet":"max-snippet:-1","max-image-preview":"max-image-preview:large","max-video-preview":"max-video-preview:-1"},"canonical":"https:\/\/kt.gov.rs\/sq\/dhjete-te-rinj-nga-medvegja-u-punesuan-fale-projektit-paga-ime-e-pare\/","og_locale":"sq_AL","og_type":"article","og_title":"DHJET\u00cb T\u00cb RINJ NGA MEDVEGJA U PUN\u00cbSUAN FAL\u00cb PROJEKTIT \u201cPAGA IME E PAR\u00cb\u201d - Republika e S\u00ebrbis\u00eb Trupi Koordinues p\u00ebr komunat Bujanoc, Preshev\u00eb dhe Medvegj\u00eb","og_description":"Medvegj\u00eb \u2013 Beograd \u2013\u00a0Fal\u00eb projektit \u201cPaga ime e par\u00eb\u201d e Qeveris\u00eb s\u00eb Republik\u00ebs s\u00eb Serbis\u00eb, i cili vazhdon edhe k\u00ebt\u00eb vit n\u00eb komun\u00ebn e Medvegj\u00ebs, dhjet\u00eb t\u00eb rinj u pun\u00ebsuan. Krahas projekteve t\u00eb tilla, \u00ebsht\u00eb e r\u00ebnd\u00ebsishme q\u00eb t\u00eb fillohet ekonomia dhe t\u00eb futen investitor\u00eb t\u00eb rinj. Autoritetet lokale presin shum\u00eb nga realizimi i investimeve n\u00eb Sijarinska Banja.","og_url":"https:\/\/kt.gov.rs\/sq\/dhjete-te-rinj-nga-medvegja-u-punesuan-fale-projektit-paga-ime-e-pare\/","og_site_name":"Republika e S\u00ebrbis\u00eb Trupi Koordinues p\u00ebr komunat Bujanoc, Preshev\u00eb dhe Medvegj\u00eb","article_publisher":"https:\/\/www.facebook.com\/SluzbaKoordinacionogTelaVladeRepublikeSrbije","article_published_time":"2022-02-04T00:00:00+00:00","article_modified_time":"2024-07-30T17:57:57+00:00","og_image":[{"width":315,"height":230,"url":"https:\/\/kt.gov.rs\/wp-content\/uploads\/2024\/07\/1643972606_040222_2-3.jpg","type":"image\/jpeg"}],"author":"ktmin","twitter_card":"summary_large_image","twitter_creator":"@kt_gov","twitter_site":"@kt_gov","twitter_misc":{"Written by":"ktmin","Est. reading time":"4 minutes"},"schema":{"@context":"https:\/\/schema.org","@graph":[{"@type":"Article","@id":"https:\/\/kt.gov.rs\/sq\/dhjete-te-rinj-nga-medvegja-u-punesuan-fale-projektit-paga-ime-e-pare\/#article","isPartOf":{"@id":"https:\/\/kt.gov.rs\/sq\/dhjete-te-rinj-nga-medvegja-u-punesuan-fale-projektit-paga-ime-e-pare\/"},"author":{"name":"ktmin","@id":"https:\/\/kt.gov.rs\/#\/schema\/person\/e426459ddb4173309103390602694571"},"headline":"DHJET\u00cb T\u00cb RINJ NGA MEDVEGJA U PUN\u00cbSUAN FAL\u00cb PROJEKTIT \u201cPAGA IME E PAR\u00cb\u201d","datePublished":"2022-02-04T00:00:00+00:00","dateModified":"2024-07-30T17:57:57+00:00","mainEntityOfPage":{"@id":"https:\/\/kt.gov.rs\/sq\/dhjete-te-rinj-nga-medvegja-u-punesuan-fale-projektit-paga-ime-e-pare\/"},"wordCount":733,"publisher":{"@id":"https:\/\/kt.gov.rs\/#organization"},"image":{"@id":"https:\/\/kt.gov.rs\/sq\/dhjete-te-rinj-nga-medvegja-u-punesuan-fale-projektit-paga-ime-e-pare\/#primaryimage"},"thumbnailUrl":"https:\/\/kt.gov.rs\/wp-content\/uploads\/2024\/07\/1643972606_040222_2-3.jpg","articleSection":["Lajme"],"inLanguage":"sq-AL"},{"@type":"WebPage","@id":"https:\/\/kt.gov.rs\/sq\/dhjete-te-rinj-nga-medvegja-u-punesuan-fale-projektit-paga-ime-e-pare\/","url":"https:\/\/kt.gov.rs\/sq\/dhjete-te-rinj-nga-medvegja-u-punesuan-fale-projektit-paga-ime-e-pare\/","name":"DHJET\u00cb T\u00cb RINJ NGA MEDVEGJA U PUN\u00cbSUAN FAL\u00cb PROJEKTIT \u201cPAGA IME E PAR\u00cb\u201d - Republika e S\u00ebrbis\u00eb Trupi Koordinues p\u00ebr komunat Bujanoc, Preshev\u00eb dhe Medvegj\u00eb","isPartOf":{"@id":"https:\/\/kt.gov.rs\/#website"},"primaryImageOfPage":{"@id":"https:\/\/kt.gov.rs\/sq\/dhjete-te-rinj-nga-medvegja-u-punesuan-fale-projektit-paga-ime-e-pare\/#primaryimage"},"image":{"@id":"https:\/\/kt.gov.rs\/sq\/dhjete-te-rinj-nga-medvegja-u-punesuan-fale-projektit-paga-ime-e-pare\/#primaryimage"},"thumbnailUrl":"https:\/\/kt.gov.rs\/wp-content\/uploads\/2024\/07\/1643972606_040222_2-3.jpg","datePublished":"2022-02-04T00:00:00+00:00","dateModified":"2024-07-30T17:57:57+00:00","breadcrumb":{"@id":"https:\/\/kt.gov.rs\/sq\/dhjete-te-rinj-nga-medvegja-u-punesuan-fale-projektit-paga-ime-e-pare\/#breadcrumb"},"inLanguage":"sq-AL","potentialAction":[{"@type":"ReadAction","target":["https:\/\/kt.gov.rs\/sq\/dhjete-te-rinj-nga-medvegja-u-punesuan-fale-projektit-paga-ime-e-pare\/"]}]},{"@type":"ImageObject","inLanguage":"sq-AL","@id":"https:\/\/kt.gov.rs\/sq\/dhjete-te-rinj-nga-medvegja-u-punesuan-fale-projektit-paga-ime-e-pare\/#primaryimage","url":"https:\/\/kt.gov.rs\/wp-content\/uploads\/2024\/07\/1643972606_040222_2-3.jpg","contentUrl":"https:\/\/kt.gov.rs\/wp-content\/uploads\/2024\/07\/1643972606_040222_2-3.jpg","width":315,"height":230},{"@type":"BreadcrumbList","@id":"https:\/\/kt.gov.rs\/sq\/dhjete-te-rinj-nga-medvegja-u-punesuan-fale-projektit-paga-ime-e-pare\/#breadcrumb","itemListElement":[{"@type":"ListItem","position":1,"name":"\u041f\u043e\u0447\u0435\u0442\u043d\u0430","item":"https:\/\/kt.gov.rs\/sq\/"},{"@type":"ListItem","position":2,"name":"DHJET\u00cb T\u00cb RINJ NGA MEDVEGJA U PUN\u00cbSUAN FAL\u00cb PROJEKTIT \u201cPAGA IME E PAR\u00cb\u201d"}]},{"@type":"WebSite","@id":"https:\/\/kt.gov.rs\/#website","url":"https:\/\/kt.gov.rs\/","name":"\u041a\u043e\u043e\u0440\u0434\u0438\u043d\u0430\u0446\u0438\u043e\u043d\u043e \u0442\u0435\u043b\u043e \u0412\u043b\u0430\u0434\u0435 \u0420\u0435\u043f\u0443\u0431\u043b\u0438\u043a\u0435 \u0421\u0440\u0431\u0438\u0458\u0435 \u0437\u0430 \u043e\u043f\u0448\u0442\u0438\u043d\u0435 \u041f\u0440\u0435\u0448\u0435\u0432\u043e, \u0411\u0443\u0458\u0430\u043d\u043e\u0432\u0430\u0446 \u0438 \u041c\u0435\u0434\u0432\u0435\u0452a","description":"","publisher":{"@id":"https:\/\/kt.gov.rs\/#organization"},"alternateName":"\u041a\u043e\u043e\u0440\u0434\u0438\u043d\u0430\u0446\u0438\u043e\u043d\u043e \u0442\u0435\u043b\u043e","potentialAction":[{"@type":"SearchAction","target":{"@type":"EntryPoint","urlTemplate":"https:\/\/kt.gov.rs\/?s={search_term_string}"},"query-input":{"@type":"PropertyValueSpecification","valueRequired":true,"valueName":"search_term_string"}}],"inLanguage":"sq-AL"},{"@type":"Organization","@id":"https:\/\/kt.gov.rs\/#organization","name":"\u041a\u043e\u043e\u0440\u0434\u0438\u043d\u0430\u0446\u0438\u043e\u043d\u043e \u0442\u0435\u043b\u043e \u0412\u043b\u0430\u0434\u0435 \u0420\u0435\u043f\u0443\u0431\u043b\u0438\u043a\u0435 \u0421\u0440\u0431\u0438\u0458\u0435 \u0437\u0430 \u043e\u043f\u0448\u0442\u0438\u043d\u0435 \u041f\u0440\u0435\u0448\u0435\u0432\u043e, \u0411\u0443\u0458\u0430\u043d\u043e\u0432\u0430\u0446 \u0438 \u041c\u0435\u0434\u0432\u0435\u0452a","alternateName":"\u041a\u043e\u043e\u0440\u0434\u0438\u043d\u0430\u0446\u0438\u043e\u043d\u043e \u0442\u0435\u043b\u043e","url":"https:\/\/kt.gov.rs\/","logo":{"@type":"ImageObject","inLanguage":"sq-AL","@id":"https:\/\/kt.gov.rs\/#\/schema\/logo\/image\/","url":"https:\/\/kt.gov.rs\/wp-content\/uploads\/2024\/12\/koord2.jpg","contentUrl":"https:\/\/kt.gov.rs\/wp-content\/uploads\/2024\/12\/koord2.jpg","width":640,"height":480,"caption":"\u041a\u043e\u043e\u0440\u0434\u0438\u043d\u0430\u0446\u0438\u043e\u043d\u043e \u0442\u0435\u043b\u043e \u0412\u043b\u0430\u0434\u0435 \u0420\u0435\u043f\u0443\u0431\u043b\u0438\u043a\u0435 \u0421\u0440\u0431\u0438\u0458\u0435 \u0437\u0430 \u043e\u043f\u0448\u0442\u0438\u043d\u0435 \u041f\u0440\u0435\u0448\u0435\u0432\u043e, \u0411\u0443\u0458\u0430\u043d\u043e\u0432\u0430\u0446 \u0438 \u041c\u0435\u0434\u0432\u0435\u0452a"},"image":{"@id":"https:\/\/kt.gov.rs\/#\/schema\/logo\/image\/"},"sameAs":["https:\/\/www.facebook.com\/SluzbaKoordinacionogTelaVladeRepublikeSrbije","https:\/\/x.com\/kt_gov","https:\/\/www.youtube.com\/@koordinacionotelo"]},{"@type":"Person","@id":"https:\/\/kt.gov.rs\/#\/schema\/person\/e426459ddb4173309103390602694571","name":"ktmin","image":{"@type":"ImageObject","inLanguage":"sq-AL","@id":"https:\/\/secure.gravatar.com\/avatar\/3985c961109853010c3fbc7ba30365bfba5db3dd6c525831d9c595c7525a615a?s=96&d=mm&r=g","url":"https:\/\/secure.gravatar.com\/avatar\/3985c961109853010c3fbc7ba30365bfba5db3dd6c525831d9c595c7525a615a?s=96&d=mm&r=g","contentUrl":"https:\/\/secure.gravatar.com\/avatar\/3985c961109853010c3fbc7ba30365bfba5db3dd6c525831d9c595c7525a615a?s=96&d=mm&r=g","caption":"ktmin"},"sameAs":["https:\/\/kt.gov.rs"],"url":"https:\/\/kt.gov.rs\/sq\/author\/ktmin\/"}]}},"_links":{"self":[{"href":"https:\/\/kt.gov.rs\/sq\/wp-json\/wp\/v2\/posts\/108293","targetHints":{"allow":["GET"]}}],"collection":[{"href":"https:\/\/kt.gov.rs\/sq\/wp-json\/wp\/v2\/posts"}],"about":[{"href":"https:\/\/kt.gov.rs\/sq\/wp-json\/wp\/v2\/types\/post"}],"author":[{"embeddable":true,"href":"https:\/\/kt.gov.rs\/sq\/wp-json\/wp\/v2\/users\/1"}],"replies":[{"embeddable":true,"href":"https:\/\/kt.gov.rs\/sq\/wp-json\/wp\/v2\/comments?post=108293"}],"version-history":[{"count":1,"href":"https:\/\/kt.gov.rs\/sq\/wp-json\/wp\/v2\/posts\/108293\/revisions"}],"predecessor-version":[{"id":108297,"href":"https:\/\/kt.gov.rs\/sq\/wp-json\/wp\/v2\/posts\/108293\/revisions\/108297"}],"wp:featuredmedia":[{"embeddable":true,"href":"https:\/\/kt.gov.rs\/sq\/wp-json\/wp\/v2\/media\/108298"}],"wp:attachment":[{"href":"https:\/\/kt.gov.rs\/sq\/wp-json\/wp\/v2\/media?parent=108293"}],"wp:term":[{"taxonomy":"category","embeddable":true,"href":"https:\/\/kt.gov.rs\/sq\/wp-json\/wp\/v2\/categories?post=108293"},{"taxonomy":"post_tag","embeddable":true,"href":"https:\/\/kt.gov.rs\/sq\/wp-json\/wp\/v2\/tags?post=108293"}],"curies":[{"name":"wp","href":"https:\/\/api.w.org\/{rel}","templated":true}]}}