{"id":108277,"date":"2022-02-07T00:00:00","date_gmt":"2022-02-07T00:00:00","guid":{"rendered":"http:\/\/kt.printandscreen.rs\/shoqata-endrrat-e-mia-per-nje-jete-dinjitoze-te-femijeve-tane\/"},"modified":"2024-07-30T17:57:55","modified_gmt":"2024-07-30T17:57:55","slug":"shoqata-endrrat-e-mia-per-nje-jete-dinjitoze-te-femijeve-tane","status":"publish","type":"post","link":"https:\/\/kt.gov.rs\/sq\/shoqata-endrrat-e-mia-per-nje-jete-dinjitoze-te-femijeve-tane\/","title":{"rendered":"SHOQATA \u201c\u00cbNDRRAT E MIA\u201d: P\u00cbR NJ\u00cb JET\u00cb DINJITOZE T\u00cb F\u00cbMIJ\u00cbVE TAN\u00cb"},"content":{"rendered":"<p>\n\t<strong><img decoding=\"async\" alt=\"\" src=\"https:\/\/kt.gov.rs\/wp-content\/uploads\/2024\/07\/1644234088_070222_2-2.jpg\" style=\"width: 315px; height: 230px; float: left;\" \/><\/strong><strong>Bujanoc \u2013 Beograd<\/strong> \u2013 Prind\u00ebrit e f\u00ebmij\u00ebve me aft\u00ebsi t\u00eb kufizuara nga Bujanoci themeluan shoqat\u00ebn &quot;\u00cbndrrat e mia&quot; me q\u00ebllim q\u00eb t\u00eb luftojn\u00eb n\u00eb m\u00ebnyr\u00eb t\u00eb organizuar dhe t\u00eb p\u00ebrgjegjshme p\u00ebr t\u00eb drejtat dhe dinjitetin e tyre.<\/p>\n<p>\n\tIrena Stojmenoviq, Dragana Stajiq dhe Sandra Ristiq, n\u00ebna t\u00eb f\u00ebmij\u00ebve me aft\u00ebsi t\u00eb kufizuara, themeluan shoqat\u00ebn nga nevoja dhe d\u00ebshira p\u00ebr t\u00eb ndihmuar prind\u00ebrit dhe f\u00ebmij\u00ebt p\u00ebrmes aktivizmit social dhe lidhjes s\u00eb komunitetit lokal.<\/p>\n<p>\n\tIrena, n\u00ebna e Nin\u00ebs dhjet\u00ebvje\u00e7are e cila vuan nga paraliza cerebrale, thot\u00eb p\u00ebr portalin ton\u00eb se nj\u00eb nga q\u00ebllimet e shoqat\u00ebs \u00ebsht\u00eb arritja e mund\u00ebsive t\u00eb barabarta n\u00eb t\u00eb cilat f\u00ebmij\u00ebt dhe t\u00eb rinjt\u00eb me aft\u00ebsi t\u00eb kufizuara jan\u00eb an\u00ebtar\u00eb t\u00eb barabart\u00eb t\u00eb shoq\u00ebris\u00eb.<\/p>\n<p>\n\t\u201cKur p\u00ebrballesh me\u00a0 diagnoz\u00eb t\u00eb till\u00eb, m\u00eb e r\u00ebnd\u00ebsishmja \u00ebsht\u00eb ta pranosh at\u00eb. N\u00eb rrug\u00ebn drejt rim\u00ebk\u00ebmbjes dhe trajnimit t\u00eb nj\u00eb f\u00ebmije, sfidat jan\u00eb t\u00eb m\u00ebdha, edhe m\u00eb t\u00eb m\u00ebdha n\u00eb mjedisin ku jetojm\u00eb ku nuk ka mb\u00ebshtetje sistematike dhe ku njer\u00ebzit e shohin diversitetin me dyshim, sepse nuk e kuptojn\u00eb at\u00eb. \u201cDuke bashkuar t\u00eb gjith\u00eb ne q\u00eb kemi ecur n\u00eb at\u00eb rrug\u00eb me f\u00ebmij\u00ebt tan\u00eb, ka mund\u00ebsi t\u00eb ndihmojm\u00eb m\u00eb shum\u00eb nj\u00ebri-tjetrin\u201d, thot\u00eb Irena.<\/p>\n<p>\n\tDragana Stajiq, n\u00ebna e Iskr\u00ebs \u00a04-vje\u00e7are, e cila gjithashtu vuan nga paraliza cerebrale, foli p\u00ebr impotenc\u00ebn, padukshm\u00ebrin\u00eb e f\u00ebmij\u00ebve me aft\u00ebsi t\u00eb kufizuara, mosnjohjen e nevojave t\u00eb prind\u00ebrve dhe f\u00ebmij\u00ebve t\u00eb till\u00eb nga shteti, por edhe p\u00ebrfshirja e pamjaftueshme e komunitetit lokal.<\/p>\n<p>\n\t\u201c\u00cbsht\u00eb e r\u00ebnd\u00ebsishme t\u00eb flasim p\u00ebr t\u00eb, t\u00eb shk\u00ebmbejm\u00eb p\u00ebrvoja, t\u00eb ndajm\u00eb njohurit\u00eb me nj\u00ebri-tjetrin. Nuk kemi kujt t&#39;i drejtohemi k\u00ebtu pasi t\u00eb m\u00ebsojm\u00eb diagnoz\u00ebn, ju lini vet\u00eb dhe ta menaxhoni. Prind\u00ebrit nuk e din\u00eb se \u00e7far\u00eb t\u00eb drejtash mund t\u00eb ushtrojn\u00eb. Ideja e shoqat\u00ebs \u00ebsht\u00eb q\u00eb t\u00eb gjith\u00eb prind\u00ebrit t\u00eb marrin t\u00eb gjith\u00eb informacionin dhe mb\u00ebshtetjen e nevojshme n\u00eb nj\u00eb vend, sepse \u00ebsht\u00eb e nevojshme. T\u00eb marrim pjes\u00eb aktive n\u00eb p\u00ebrmir\u00ebsimin e cil\u00ebsis\u00eb s\u00eb jet\u00ebs s\u00eb f\u00ebmij\u00ebs ton\u00eb\u201d, thot\u00eb Dragana.<\/p>\n<p>\n\tAjo shton se nj\u00eb nga q\u00ebllimet e shoqat\u00ebs \u00ebsht\u00eb ngritja, ekzistimi dhe funksionimi i nj\u00eb qendre ditore p\u00ebr f\u00ebmij\u00ebt dhe t\u00eb rinjt\u00eb me aft\u00ebsi t\u00eb kufizuara p\u00ebr rehabilitimin, socializimin dhe integrimin e tyre n\u00eb mjedisin e pun\u00ebs dhe social.<\/p>\n<p>\n\t\u201cS\u00eb bashku mund t\u00eb luftojm\u00eb q\u00eb f\u00ebmij\u00ebt tan\u00eb t\u00eb ken\u00eb hap\u00ebsir\u00eb \u200b\u200badekuate me t\u00eb gjitha pajisjet mjek\u00ebsore p\u00ebr ushtrimin e aft\u00ebsive motorike, lodrat stimuluese p\u00ebr zhvillimin mendor dhe stafin profesional q\u00eb u nevojitet. Para s\u00eb gjithash, mendoj p\u00ebr fizioterapist\u00ebt, logoped\u00ebt, pediat\u00ebr, fiziat\u00ebr. Si individ\u00eb mund t\u00eb b\u00ebjm\u00eb pak, por s\u00eb bashku mund t\u00eb b\u00ebjm\u00eb gjith\u00e7ka\u201d, p\u00ebrfundon Dragana.<\/p>\n<p>\n\tSipas Sandra Ristiqit, n\u00ebna e Lluk\u00ebs trevje\u00e7ar, i cila ka t\u00eb nj\u00ebjt\u00ebn diagnoz\u00eb, \u00ebsht\u00eb\u00a0 luft\u00eb e vazhdueshme gjat\u00eb s\u00eb cil\u00ebs edhe ndihma dhe mb\u00ebshtetja m\u00eb e vog\u00ebl p\u00ebr prind\u00ebrit \u00ebsht\u00eb e pa\u00e7mueshme.<\/p>\n<p>\n\t\u201cKemi Banj\u00ebn t\u00eb Bujanocit, por asnj\u00eb fizioterapist t\u00eb trajnuar p\u00ebr t\u00eb punuar me f\u00ebmij\u00ebt q\u00eb vuajn\u00eb nga paraliza cerebrale. Ata duhet t\u00eb ken\u00eb trajtim fizik vazhdimisht. I vetmi spital i till\u00eb \u00ebsht\u00eb n\u00eb Beograd dhe p\u00ebr shkak t\u00eb momentit financiar nuk \u00ebsht\u00eb gjithmon\u00eb i disponuesh\u00ebm p\u00ebr t\u00eb gjith\u00eb. P\u00ebr ta ka r\u00ebnd\u00ebsi edhe \u201chabardi\u201d, sepse ushtrimet n\u00eb uj\u00eb jan\u00eb m\u00eb t\u00eb efektshme, por n\u00eb Bujanoc\u00eb nuk ka nj\u00eb gj\u00eb t\u00eb till\u00eb dhe mundet vet\u00ebm n\u00ebse duan autoritetet\u201d, shton Sandra.<\/p>\n<p>\n\tK\u00ebto n\u00ebna t\u00eb guximshme pajtohen se mb\u00ebshtetja p\u00ebr f\u00ebmij\u00ebt dhe t\u00eb rinjt\u00eb me aft\u00ebsi t\u00eb kufizuara nevojitet m\u00eb shum\u00eb se kushdo.<\/p>\n<p>\n\t\u201cNe jetojm\u00eb n\u00eb nj\u00eb mjedis multietnik dhe shoqata \u00ebsht\u00eb e hapur p\u00ebr t\u00eb gjitha nacionalitetet. \u00cbsht\u00eb shum\u00eb e r\u00ebnd\u00ebsishme q\u00eb z\u00ebri i t\u00eb gjith\u00eb prind\u00ebrve dhe f\u00ebmij\u00ebve me aft\u00ebsi t\u00eb kufizuara t\u00eb d\u00ebgjohet dhe secili prej nesh t\u00eb kontribuoj\u00eb q\u00eb f\u00ebmij\u00ebt t\u00eb jen\u00eb t\u00eb duksh\u00ebm dhe t\u00eb pranuar si an\u00ebtar\u00eb t\u00eb barabart\u00eb t\u00eb komunitetit\u201d, thekson Dragana.<\/p>\n<p>\n\tAta ftojn\u00eb prind\u00ebrit e f\u00ebmij\u00ebve me aft\u00ebsi t\u00eb kufizuara t\u00eb b\u00ebhen pjes\u00eb e shoqat\u00ebs dhe f\u00ebmij\u00ebt t\u00eb dizajnojn\u00eb llogon e shoqat\u00ebs me idet\u00eb e tyre dhe ta d\u00ebrgojn\u00eb n\u00eb adres\u00ebn mojisnovibujanovac@gmail.com.<\/p>\n<p>\n\tSi\u00e7 ka deklaruar s\u00eb fundi, k\u00ebshilltarja p\u00ebr arsim n\u00eb vet\u00ebqeverisjen lokale, Gabrijela Tomiq, n\u00eb territorin e komun\u00ebs s\u00eb Bujanocit jan\u00eb rreth 80 f\u00ebmij\u00eb me aft\u00ebsi t\u00eb kufizuara n\u00eb zhvillimin e mosh\u00ebs shkollore.<\/p>\n<p>\n\t<strong>Burimet: Bujanovaqke,Trupi Kordinues<\/strong><\/p>\n<p>\n\t\u00a0<\/p>\n","protected":false},"excerpt":{"rendered":"<p>Bujanoc \u2013 Beograd\u00a0\u2013 Prind\u00ebrit e f\u00ebmij\u00ebve me aft\u00ebsi t\u00eb kufizuara nga Bujanoci themeluan shoqat\u00ebn &quot;\u00cbndrrat e mia&quot; me q\u00ebllim q\u00eb t\u00eb luftojn\u00eb n\u00eb m\u00ebnyr\u00eb t\u00eb organizuar dhe t\u00eb p\u00ebrgjegjshme p\u00ebr t\u00eb drejtat dhe dinjitetin e tyre.<\/p>\n","protected":false},"author":1,"featured_media":108282,"comment_status":"closed","ping_status":"closed","sticky":false,"template":"","format":"standard","meta":{"footnotes":""},"categories":[55],"tags":[],"class_list":["post-108277","post","type-post","status-publish","format-standard","has-post-thumbnail","hentry","category-lajme"],"yoast_head":"<!-- This site is optimized with the Yoast SEO plugin v27.5 - https:\/\/yoast.com\/product\/yoast-seo-wordpress\/ -->\n<title>SHOQATA \u201c\u00cbNDRRAT E MIA\u201d: P\u00cbR NJ\u00cb JET\u00cb DINJITOZE T\u00cb F\u00cbMIJ\u00cbVE TAN\u00cb - Republika e S\u00ebrbis\u00eb Trupi Koordinues p\u00ebr komunat Bujanoc, Preshev\u00eb dhe Medvegj\u00eb<\/title>\n<meta name=\"robots\" content=\"index, follow, max-snippet:-1, max-image-preview:large, max-video-preview:-1\" \/>\n<link rel=\"canonical\" href=\"https:\/\/kt.gov.rs\/sq\/shoqata-endrrat-e-mia-per-nje-jete-dinjitoze-te-femijeve-tane\/\" \/>\n<meta property=\"og:locale\" content=\"sq_AL\" \/>\n<meta property=\"og:type\" content=\"article\" \/>\n<meta property=\"og:title\" content=\"SHOQATA \u201c\u00cbNDRRAT E MIA\u201d: P\u00cbR NJ\u00cb JET\u00cb DINJITOZE T\u00cb F\u00cbMIJ\u00cbVE TAN\u00cb - Republika e S\u00ebrbis\u00eb Trupi Koordinues p\u00ebr komunat Bujanoc, Preshev\u00eb dhe Medvegj\u00eb\" \/>\n<meta property=\"og:description\" content=\"Bujanoc - Beograd\u00a0- Prind\u00ebrit e f\u00ebmij\u00ebve me aft\u00ebsi t\u00eb kufizuara nga Bujanoci themeluan shoqat\u00ebn &quot;\u00cbndrrat e mia&quot; me q\u00ebllim q\u00eb t\u00eb luftojn\u00eb n\u00eb m\u00ebnyr\u00eb t\u00eb organizuar dhe t\u00eb p\u00ebrgjegjshme p\u00ebr t\u00eb drejtat dhe dinjitetin e tyre.\" \/>\n<meta property=\"og:url\" content=\"https:\/\/kt.gov.rs\/sq\/shoqata-endrrat-e-mia-per-nje-jete-dinjitoze-te-femijeve-tane\/\" \/>\n<meta property=\"og:site_name\" content=\"Republika e S\u00ebrbis\u00eb Trupi Koordinues p\u00ebr komunat Bujanoc, Preshev\u00eb dhe Medvegj\u00eb\" \/>\n<meta property=\"article:publisher\" content=\"https:\/\/www.facebook.com\/SluzbaKoordinacionogTelaVladeRepublikeSrbije\" \/>\n<meta property=\"article:published_time\" content=\"2022-02-07T00:00:00+00:00\" \/>\n<meta property=\"article:modified_time\" content=\"2024-07-30T17:57:55+00:00\" \/>\n<meta property=\"og:image\" content=\"https:\/\/kt.gov.rs\/wp-content\/uploads\/2024\/07\/1644234088_070222_2-3.jpg\" \/>\n\t<meta property=\"og:image:width\" content=\"315\" \/>\n\t<meta property=\"og:image:height\" content=\"230\" \/>\n\t<meta property=\"og:image:type\" content=\"image\/jpeg\" \/>\n<meta name=\"author\" content=\"ktmin\" \/>\n<meta name=\"twitter:card\" content=\"summary_large_image\" \/>\n<meta name=\"twitter:creator\" content=\"@kt_gov\" \/>\n<meta name=\"twitter:site\" content=\"@kt_gov\" \/>\n<meta name=\"twitter:label1\" content=\"Written by\" \/>\n\t<meta name=\"twitter:data1\" content=\"ktmin\" \/>\n\t<meta name=\"twitter:label2\" content=\"Est. reading time\" \/>\n\t<meta name=\"twitter:data2\" content=\"6 minutes\" \/>\n<script type=\"application\/ld+json\" class=\"yoast-schema-graph\">{\"@context\":\"https:\\\/\\\/schema.org\",\"@graph\":[{\"@type\":\"Article\",\"@id\":\"https:\\\/\\\/kt.gov.rs\\\/sq\\\/shoqata-endrrat-e-mia-per-nje-jete-dinjitoze-te-femijeve-tane\\\/#article\",\"isPartOf\":{\"@id\":\"https:\\\/\\\/kt.gov.rs\\\/sq\\\/shoqata-endrrat-e-mia-per-nje-jete-dinjitoze-te-femijeve-tane\\\/\"},\"author\":{\"name\":\"ktmin\",\"@id\":\"https:\\\/\\\/kt.gov.rs\\\/#\\\/schema\\\/person\\\/e426459ddb4173309103390602694571\"},\"headline\":\"SHOQATA \u201c\u00cbNDRRAT E MIA\u201d: P\u00cbR NJ\u00cb JET\u00cb DINJITOZE T\u00cb F\u00cbMIJ\u00cbVE TAN\u00cb\",\"datePublished\":\"2022-02-07T00:00:00+00:00\",\"dateModified\":\"2024-07-30T17:57:55+00:00\",\"mainEntityOfPage\":{\"@id\":\"https:\\\/\\\/kt.gov.rs\\\/sq\\\/shoqata-endrrat-e-mia-per-nje-jete-dinjitoze-te-femijeve-tane\\\/\"},\"wordCount\":1246,\"publisher\":{\"@id\":\"https:\\\/\\\/kt.gov.rs\\\/#organization\"},\"image\":{\"@id\":\"https:\\\/\\\/kt.gov.rs\\\/sq\\\/shoqata-endrrat-e-mia-per-nje-jete-dinjitoze-te-femijeve-tane\\\/#primaryimage\"},\"thumbnailUrl\":\"https:\\\/\\\/kt.gov.rs\\\/wp-content\\\/uploads\\\/2024\\\/07\\\/1644234088_070222_2-3.jpg\",\"articleSection\":[\"Lajme\"],\"inLanguage\":\"sq-AL\"},{\"@type\":\"WebPage\",\"@id\":\"https:\\\/\\\/kt.gov.rs\\\/sq\\\/shoqata-endrrat-e-mia-per-nje-jete-dinjitoze-te-femijeve-tane\\\/\",\"url\":\"https:\\\/\\\/kt.gov.rs\\\/sq\\\/shoqata-endrrat-e-mia-per-nje-jete-dinjitoze-te-femijeve-tane\\\/\",\"name\":\"SHOQATA \u201c\u00cbNDRRAT E MIA\u201d: P\u00cbR NJ\u00cb JET\u00cb DINJITOZE T\u00cb F\u00cbMIJ\u00cbVE TAN\u00cb - Republika e S\u00ebrbis\u00eb Trupi Koordinues p\u00ebr komunat Bujanoc, Preshev\u00eb dhe Medvegj\u00eb\",\"isPartOf\":{\"@id\":\"https:\\\/\\\/kt.gov.rs\\\/#website\"},\"primaryImageOfPage\":{\"@id\":\"https:\\\/\\\/kt.gov.rs\\\/sq\\\/shoqata-endrrat-e-mia-per-nje-jete-dinjitoze-te-femijeve-tane\\\/#primaryimage\"},\"image\":{\"@id\":\"https:\\\/\\\/kt.gov.rs\\\/sq\\\/shoqata-endrrat-e-mia-per-nje-jete-dinjitoze-te-femijeve-tane\\\/#primaryimage\"},\"thumbnailUrl\":\"https:\\\/\\\/kt.gov.rs\\\/wp-content\\\/uploads\\\/2024\\\/07\\\/1644234088_070222_2-3.jpg\",\"datePublished\":\"2022-02-07T00:00:00+00:00\",\"dateModified\":\"2024-07-30T17:57:55+00:00\",\"breadcrumb\":{\"@id\":\"https:\\\/\\\/kt.gov.rs\\\/sq\\\/shoqata-endrrat-e-mia-per-nje-jete-dinjitoze-te-femijeve-tane\\\/#breadcrumb\"},\"inLanguage\":\"sq-AL\",\"potentialAction\":[{\"@type\":\"ReadAction\",\"target\":[\"https:\\\/\\\/kt.gov.rs\\\/sq\\\/shoqata-endrrat-e-mia-per-nje-jete-dinjitoze-te-femijeve-tane\\\/\"]}]},{\"@type\":\"ImageObject\",\"inLanguage\":\"sq-AL\",\"@id\":\"https:\\\/\\\/kt.gov.rs\\\/sq\\\/shoqata-endrrat-e-mia-per-nje-jete-dinjitoze-te-femijeve-tane\\\/#primaryimage\",\"url\":\"https:\\\/\\\/kt.gov.rs\\\/wp-content\\\/uploads\\\/2024\\\/07\\\/1644234088_070222_2-3.jpg\",\"contentUrl\":\"https:\\\/\\\/kt.gov.rs\\\/wp-content\\\/uploads\\\/2024\\\/07\\\/1644234088_070222_2-3.jpg\",\"width\":315,\"height\":230},{\"@type\":\"BreadcrumbList\",\"@id\":\"https:\\\/\\\/kt.gov.rs\\\/sq\\\/shoqata-endrrat-e-mia-per-nje-jete-dinjitoze-te-femijeve-tane\\\/#breadcrumb\",\"itemListElement\":[{\"@type\":\"ListItem\",\"position\":1,\"name\":\"\u041f\u043e\u0447\u0435\u0442\u043d\u0430\",\"item\":\"https:\\\/\\\/kt.gov.rs\\\/sq\\\/\"},{\"@type\":\"ListItem\",\"position\":2,\"name\":\"SHOQATA \u201c\u00cbNDRRAT E MIA\u201d: P\u00cbR NJ\u00cb JET\u00cb DINJITOZE T\u00cb F\u00cbMIJ\u00cbVE TAN\u00cb\"}]},{\"@type\":\"WebSite\",\"@id\":\"https:\\\/\\\/kt.gov.rs\\\/#website\",\"url\":\"https:\\\/\\\/kt.gov.rs\\\/\",\"name\":\"\u041a\u043e\u043e\u0440\u0434\u0438\u043d\u0430\u0446\u0438\u043e\u043d\u043e \u0442\u0435\u043b\u043e \u0412\u043b\u0430\u0434\u0435 \u0420\u0435\u043f\u0443\u0431\u043b\u0438\u043a\u0435 \u0421\u0440\u0431\u0438\u0458\u0435 \u0437\u0430 \u043e\u043f\u0448\u0442\u0438\u043d\u0435 \u041f\u0440\u0435\u0448\u0435\u0432\u043e, \u0411\u0443\u0458\u0430\u043d\u043e\u0432\u0430\u0446 \u0438 \u041c\u0435\u0434\u0432\u0435\u0452a\",\"description\":\"\",\"publisher\":{\"@id\":\"https:\\\/\\\/kt.gov.rs\\\/#organization\"},\"alternateName\":\"\u041a\u043e\u043e\u0440\u0434\u0438\u043d\u0430\u0446\u0438\u043e\u043d\u043e \u0442\u0435\u043b\u043e\",\"potentialAction\":[{\"@type\":\"SearchAction\",\"target\":{\"@type\":\"EntryPoint\",\"urlTemplate\":\"https:\\\/\\\/kt.gov.rs\\\/?s={search_term_string}\"},\"query-input\":{\"@type\":\"PropertyValueSpecification\",\"valueRequired\":true,\"valueName\":\"search_term_string\"}}],\"inLanguage\":\"sq-AL\"},{\"@type\":\"Organization\",\"@id\":\"https:\\\/\\\/kt.gov.rs\\\/#organization\",\"name\":\"\u041a\u043e\u043e\u0440\u0434\u0438\u043d\u0430\u0446\u0438\u043e\u043d\u043e \u0442\u0435\u043b\u043e \u0412\u043b\u0430\u0434\u0435 \u0420\u0435\u043f\u0443\u0431\u043b\u0438\u043a\u0435 \u0421\u0440\u0431\u0438\u0458\u0435 \u0437\u0430 \u043e\u043f\u0448\u0442\u0438\u043d\u0435 \u041f\u0440\u0435\u0448\u0435\u0432\u043e, \u0411\u0443\u0458\u0430\u043d\u043e\u0432\u0430\u0446 \u0438 \u041c\u0435\u0434\u0432\u0435\u0452a\",\"alternateName\":\"\u041a\u043e\u043e\u0440\u0434\u0438\u043d\u0430\u0446\u0438\u043e\u043d\u043e \u0442\u0435\u043b\u043e\",\"url\":\"https:\\\/\\\/kt.gov.rs\\\/\",\"logo\":{\"@type\":\"ImageObject\",\"inLanguage\":\"sq-AL\",\"@id\":\"https:\\\/\\\/kt.gov.rs\\\/#\\\/schema\\\/logo\\\/image\\\/\",\"url\":\"https:\\\/\\\/kt.gov.rs\\\/wp-content\\\/uploads\\\/2024\\\/12\\\/koord2.jpg\",\"contentUrl\":\"https:\\\/\\\/kt.gov.rs\\\/wp-content\\\/uploads\\\/2024\\\/12\\\/koord2.jpg\",\"width\":640,\"height\":480,\"caption\":\"\u041a\u043e\u043e\u0440\u0434\u0438\u043d\u0430\u0446\u0438\u043e\u043d\u043e \u0442\u0435\u043b\u043e \u0412\u043b\u0430\u0434\u0435 \u0420\u0435\u043f\u0443\u0431\u043b\u0438\u043a\u0435 \u0421\u0440\u0431\u0438\u0458\u0435 \u0437\u0430 \u043e\u043f\u0448\u0442\u0438\u043d\u0435 \u041f\u0440\u0435\u0448\u0435\u0432\u043e, \u0411\u0443\u0458\u0430\u043d\u043e\u0432\u0430\u0446 \u0438 \u041c\u0435\u0434\u0432\u0435\u0452a\"},\"image\":{\"@id\":\"https:\\\/\\\/kt.gov.rs\\\/#\\\/schema\\\/logo\\\/image\\\/\"},\"sameAs\":[\"https:\\\/\\\/www.facebook.com\\\/SluzbaKoordinacionogTelaVladeRepublikeSrbije\",\"https:\\\/\\\/x.com\\\/kt_gov\",\"https:\\\/\\\/www.youtube.com\\\/@koordinacionotelo\"]},{\"@type\":\"Person\",\"@id\":\"https:\\\/\\\/kt.gov.rs\\\/#\\\/schema\\\/person\\\/e426459ddb4173309103390602694571\",\"name\":\"ktmin\",\"image\":{\"@type\":\"ImageObject\",\"inLanguage\":\"sq-AL\",\"@id\":\"https:\\\/\\\/secure.gravatar.com\\\/avatar\\\/3985c961109853010c3fbc7ba30365bfba5db3dd6c525831d9c595c7525a615a?s=96&d=mm&r=g\",\"url\":\"https:\\\/\\\/secure.gravatar.com\\\/avatar\\\/3985c961109853010c3fbc7ba30365bfba5db3dd6c525831d9c595c7525a615a?s=96&d=mm&r=g\",\"contentUrl\":\"https:\\\/\\\/secure.gravatar.com\\\/avatar\\\/3985c961109853010c3fbc7ba30365bfba5db3dd6c525831d9c595c7525a615a?s=96&d=mm&r=g\",\"caption\":\"ktmin\"},\"sameAs\":[\"https:\\\/\\\/kt.gov.rs\"],\"url\":\"https:\\\/\\\/kt.gov.rs\\\/sq\\\/author\\\/ktmin\\\/\"}]}<\/script>\n<!-- \/ Yoast SEO plugin. -->","yoast_head_json":{"title":"SHOQATA \u201c\u00cbNDRRAT E MIA\u201d: P\u00cbR NJ\u00cb JET\u00cb DINJITOZE T\u00cb F\u00cbMIJ\u00cbVE TAN\u00cb - Republika e S\u00ebrbis\u00eb Trupi Koordinues p\u00ebr komunat Bujanoc, Preshev\u00eb dhe Medvegj\u00eb","robots":{"index":"index","follow":"follow","max-snippet":"max-snippet:-1","max-image-preview":"max-image-preview:large","max-video-preview":"max-video-preview:-1"},"canonical":"https:\/\/kt.gov.rs\/sq\/shoqata-endrrat-e-mia-per-nje-jete-dinjitoze-te-femijeve-tane\/","og_locale":"sq_AL","og_type":"article","og_title":"SHOQATA \u201c\u00cbNDRRAT E MIA\u201d: P\u00cbR NJ\u00cb JET\u00cb DINJITOZE T\u00cb F\u00cbMIJ\u00cbVE TAN\u00cb - Republika e S\u00ebrbis\u00eb Trupi Koordinues p\u00ebr komunat Bujanoc, Preshev\u00eb dhe Medvegj\u00eb","og_description":"Bujanoc - Beograd\u00a0- Prind\u00ebrit e f\u00ebmij\u00ebve me aft\u00ebsi t\u00eb kufizuara nga Bujanoci themeluan shoqat\u00ebn &quot;\u00cbndrrat e mia&quot; me q\u00ebllim q\u00eb t\u00eb luftojn\u00eb n\u00eb m\u00ebnyr\u00eb t\u00eb organizuar dhe t\u00eb p\u00ebrgjegjshme p\u00ebr t\u00eb drejtat dhe dinjitetin e tyre.","og_url":"https:\/\/kt.gov.rs\/sq\/shoqata-endrrat-e-mia-per-nje-jete-dinjitoze-te-femijeve-tane\/","og_site_name":"Republika e S\u00ebrbis\u00eb Trupi Koordinues p\u00ebr komunat Bujanoc, Preshev\u00eb dhe Medvegj\u00eb","article_publisher":"https:\/\/www.facebook.com\/SluzbaKoordinacionogTelaVladeRepublikeSrbije","article_published_time":"2022-02-07T00:00:00+00:00","article_modified_time":"2024-07-30T17:57:55+00:00","og_image":[{"width":315,"height":230,"url":"https:\/\/kt.gov.rs\/wp-content\/uploads\/2024\/07\/1644234088_070222_2-3.jpg","type":"image\/jpeg"}],"author":"ktmin","twitter_card":"summary_large_image","twitter_creator":"@kt_gov","twitter_site":"@kt_gov","twitter_misc":{"Written by":"ktmin","Est. reading time":"6 minutes"},"schema":{"@context":"https:\/\/schema.org","@graph":[{"@type":"Article","@id":"https:\/\/kt.gov.rs\/sq\/shoqata-endrrat-e-mia-per-nje-jete-dinjitoze-te-femijeve-tane\/#article","isPartOf":{"@id":"https:\/\/kt.gov.rs\/sq\/shoqata-endrrat-e-mia-per-nje-jete-dinjitoze-te-femijeve-tane\/"},"author":{"name":"ktmin","@id":"https:\/\/kt.gov.rs\/#\/schema\/person\/e426459ddb4173309103390602694571"},"headline":"SHOQATA \u201c\u00cbNDRRAT E MIA\u201d: P\u00cbR NJ\u00cb JET\u00cb DINJITOZE T\u00cb F\u00cbMIJ\u00cbVE TAN\u00cb","datePublished":"2022-02-07T00:00:00+00:00","dateModified":"2024-07-30T17:57:55+00:00","mainEntityOfPage":{"@id":"https:\/\/kt.gov.rs\/sq\/shoqata-endrrat-e-mia-per-nje-jete-dinjitoze-te-femijeve-tane\/"},"wordCount":1246,"publisher":{"@id":"https:\/\/kt.gov.rs\/#organization"},"image":{"@id":"https:\/\/kt.gov.rs\/sq\/shoqata-endrrat-e-mia-per-nje-jete-dinjitoze-te-femijeve-tane\/#primaryimage"},"thumbnailUrl":"https:\/\/kt.gov.rs\/wp-content\/uploads\/2024\/07\/1644234088_070222_2-3.jpg","articleSection":["Lajme"],"inLanguage":"sq-AL"},{"@type":"WebPage","@id":"https:\/\/kt.gov.rs\/sq\/shoqata-endrrat-e-mia-per-nje-jete-dinjitoze-te-femijeve-tane\/","url":"https:\/\/kt.gov.rs\/sq\/shoqata-endrrat-e-mia-per-nje-jete-dinjitoze-te-femijeve-tane\/","name":"SHOQATA \u201c\u00cbNDRRAT E MIA\u201d: P\u00cbR NJ\u00cb JET\u00cb DINJITOZE T\u00cb F\u00cbMIJ\u00cbVE TAN\u00cb - Republika e S\u00ebrbis\u00eb Trupi Koordinues p\u00ebr komunat Bujanoc, Preshev\u00eb dhe Medvegj\u00eb","isPartOf":{"@id":"https:\/\/kt.gov.rs\/#website"},"primaryImageOfPage":{"@id":"https:\/\/kt.gov.rs\/sq\/shoqata-endrrat-e-mia-per-nje-jete-dinjitoze-te-femijeve-tane\/#primaryimage"},"image":{"@id":"https:\/\/kt.gov.rs\/sq\/shoqata-endrrat-e-mia-per-nje-jete-dinjitoze-te-femijeve-tane\/#primaryimage"},"thumbnailUrl":"https:\/\/kt.gov.rs\/wp-content\/uploads\/2024\/07\/1644234088_070222_2-3.jpg","datePublished":"2022-02-07T00:00:00+00:00","dateModified":"2024-07-30T17:57:55+00:00","breadcrumb":{"@id":"https:\/\/kt.gov.rs\/sq\/shoqata-endrrat-e-mia-per-nje-jete-dinjitoze-te-femijeve-tane\/#breadcrumb"},"inLanguage":"sq-AL","potentialAction":[{"@type":"ReadAction","target":["https:\/\/kt.gov.rs\/sq\/shoqata-endrrat-e-mia-per-nje-jete-dinjitoze-te-femijeve-tane\/"]}]},{"@type":"ImageObject","inLanguage":"sq-AL","@id":"https:\/\/kt.gov.rs\/sq\/shoqata-endrrat-e-mia-per-nje-jete-dinjitoze-te-femijeve-tane\/#primaryimage","url":"https:\/\/kt.gov.rs\/wp-content\/uploads\/2024\/07\/1644234088_070222_2-3.jpg","contentUrl":"https:\/\/kt.gov.rs\/wp-content\/uploads\/2024\/07\/1644234088_070222_2-3.jpg","width":315,"height":230},{"@type":"BreadcrumbList","@id":"https:\/\/kt.gov.rs\/sq\/shoqata-endrrat-e-mia-per-nje-jete-dinjitoze-te-femijeve-tane\/#breadcrumb","itemListElement":[{"@type":"ListItem","position":1,"name":"\u041f\u043e\u0447\u0435\u0442\u043d\u0430","item":"https:\/\/kt.gov.rs\/sq\/"},{"@type":"ListItem","position":2,"name":"SHOQATA \u201c\u00cbNDRRAT E MIA\u201d: P\u00cbR NJ\u00cb JET\u00cb DINJITOZE T\u00cb F\u00cbMIJ\u00cbVE TAN\u00cb"}]},{"@type":"WebSite","@id":"https:\/\/kt.gov.rs\/#website","url":"https:\/\/kt.gov.rs\/","name":"\u041a\u043e\u043e\u0440\u0434\u0438\u043d\u0430\u0446\u0438\u043e\u043d\u043e \u0442\u0435\u043b\u043e \u0412\u043b\u0430\u0434\u0435 \u0420\u0435\u043f\u0443\u0431\u043b\u0438\u043a\u0435 \u0421\u0440\u0431\u0438\u0458\u0435 \u0437\u0430 \u043e\u043f\u0448\u0442\u0438\u043d\u0435 \u041f\u0440\u0435\u0448\u0435\u0432\u043e, \u0411\u0443\u0458\u0430\u043d\u043e\u0432\u0430\u0446 \u0438 \u041c\u0435\u0434\u0432\u0435\u0452a","description":"","publisher":{"@id":"https:\/\/kt.gov.rs\/#organization"},"alternateName":"\u041a\u043e\u043e\u0440\u0434\u0438\u043d\u0430\u0446\u0438\u043e\u043d\u043e \u0442\u0435\u043b\u043e","potentialAction":[{"@type":"SearchAction","target":{"@type":"EntryPoint","urlTemplate":"https:\/\/kt.gov.rs\/?s={search_term_string}"},"query-input":{"@type":"PropertyValueSpecification","valueRequired":true,"valueName":"search_term_string"}}],"inLanguage":"sq-AL"},{"@type":"Organization","@id":"https:\/\/kt.gov.rs\/#organization","name":"\u041a\u043e\u043e\u0440\u0434\u0438\u043d\u0430\u0446\u0438\u043e\u043d\u043e \u0442\u0435\u043b\u043e \u0412\u043b\u0430\u0434\u0435 \u0420\u0435\u043f\u0443\u0431\u043b\u0438\u043a\u0435 \u0421\u0440\u0431\u0438\u0458\u0435 \u0437\u0430 \u043e\u043f\u0448\u0442\u0438\u043d\u0435 \u041f\u0440\u0435\u0448\u0435\u0432\u043e, \u0411\u0443\u0458\u0430\u043d\u043e\u0432\u0430\u0446 \u0438 \u041c\u0435\u0434\u0432\u0435\u0452a","alternateName":"\u041a\u043e\u043e\u0440\u0434\u0438\u043d\u0430\u0446\u0438\u043e\u043d\u043e \u0442\u0435\u043b\u043e","url":"https:\/\/kt.gov.rs\/","logo":{"@type":"ImageObject","inLanguage":"sq-AL","@id":"https:\/\/kt.gov.rs\/#\/schema\/logo\/image\/","url":"https:\/\/kt.gov.rs\/wp-content\/uploads\/2024\/12\/koord2.jpg","contentUrl":"https:\/\/kt.gov.rs\/wp-content\/uploads\/2024\/12\/koord2.jpg","width":640,"height":480,"caption":"\u041a\u043e\u043e\u0440\u0434\u0438\u043d\u0430\u0446\u0438\u043e\u043d\u043e \u0442\u0435\u043b\u043e \u0412\u043b\u0430\u0434\u0435 \u0420\u0435\u043f\u0443\u0431\u043b\u0438\u043a\u0435 \u0421\u0440\u0431\u0438\u0458\u0435 \u0437\u0430 \u043e\u043f\u0448\u0442\u0438\u043d\u0435 \u041f\u0440\u0435\u0448\u0435\u0432\u043e, \u0411\u0443\u0458\u0430\u043d\u043e\u0432\u0430\u0446 \u0438 \u041c\u0435\u0434\u0432\u0435\u0452a"},"image":{"@id":"https:\/\/kt.gov.rs\/#\/schema\/logo\/image\/"},"sameAs":["https:\/\/www.facebook.com\/SluzbaKoordinacionogTelaVladeRepublikeSrbije","https:\/\/x.com\/kt_gov","https:\/\/www.youtube.com\/@koordinacionotelo"]},{"@type":"Person","@id":"https:\/\/kt.gov.rs\/#\/schema\/person\/e426459ddb4173309103390602694571","name":"ktmin","image":{"@type":"ImageObject","inLanguage":"sq-AL","@id":"https:\/\/secure.gravatar.com\/avatar\/3985c961109853010c3fbc7ba30365bfba5db3dd6c525831d9c595c7525a615a?s=96&d=mm&r=g","url":"https:\/\/secure.gravatar.com\/avatar\/3985c961109853010c3fbc7ba30365bfba5db3dd6c525831d9c595c7525a615a?s=96&d=mm&r=g","contentUrl":"https:\/\/secure.gravatar.com\/avatar\/3985c961109853010c3fbc7ba30365bfba5db3dd6c525831d9c595c7525a615a?s=96&d=mm&r=g","caption":"ktmin"},"sameAs":["https:\/\/kt.gov.rs"],"url":"https:\/\/kt.gov.rs\/sq\/author\/ktmin\/"}]}},"_links":{"self":[{"href":"https:\/\/kt.gov.rs\/sq\/wp-json\/wp\/v2\/posts\/108277","targetHints":{"allow":["GET"]}}],"collection":[{"href":"https:\/\/kt.gov.rs\/sq\/wp-json\/wp\/v2\/posts"}],"about":[{"href":"https:\/\/kt.gov.rs\/sq\/wp-json\/wp\/v2\/types\/post"}],"author":[{"embeddable":true,"href":"https:\/\/kt.gov.rs\/sq\/wp-json\/wp\/v2\/users\/1"}],"replies":[{"embeddable":true,"href":"https:\/\/kt.gov.rs\/sq\/wp-json\/wp\/v2\/comments?post=108277"}],"version-history":[{"count":1,"href":"https:\/\/kt.gov.rs\/sq\/wp-json\/wp\/v2\/posts\/108277\/revisions"}],"predecessor-version":[{"id":108281,"href":"https:\/\/kt.gov.rs\/sq\/wp-json\/wp\/v2\/posts\/108277\/revisions\/108281"}],"wp:featuredmedia":[{"embeddable":true,"href":"https:\/\/kt.gov.rs\/sq\/wp-json\/wp\/v2\/media\/108282"}],"wp:attachment":[{"href":"https:\/\/kt.gov.rs\/sq\/wp-json\/wp\/v2\/media?parent=108277"}],"wp:term":[{"taxonomy":"category","embeddable":true,"href":"https:\/\/kt.gov.rs\/sq\/wp-json\/wp\/v2\/categories?post=108277"},{"taxonomy":"post_tag","embeddable":true,"href":"https:\/\/kt.gov.rs\/sq\/wp-json\/wp\/v2\/tags?post=108277"}],"curies":[{"name":"wp","href":"https:\/\/api.w.org\/{rel}","templated":true}]}}