{"id":108261,"date":"2022-02-10T00:00:00","date_gmt":"2022-02-10T00:00:00","guid":{"rendered":"http:\/\/kt.printandscreen.rs\/ekspozita-e-pikturave-nga-alleksandra-ana-mikariq-me-14-shkurt-ne-hollin-e-qendres-kulturore-te-komunes-se-medvegjes\/"},"modified":"2024-07-30T17:57:53","modified_gmt":"2024-07-30T17:57:53","slug":"ekspozita-e-pikturave-nga-alleksandra-ana-mikariq-me-14-shkurt-ne-hollin-e-qendres-kulturore-te-komunes-se-medvegjes","status":"publish","type":"post","link":"https:\/\/kt.gov.rs\/sq\/ekspozita-e-pikturave-nga-alleksandra-ana-mikariq-me-14-shkurt-ne-hollin-e-qendres-kulturore-te-komunes-se-medvegjes\/","title":{"rendered":"EKSPOZITA E PIKTURAVE NGA ALLEKSANDRA ANA MIKARIQ M\u00cb 14 SHKURT N\u00cb HOLLIN E QENDR\u00cbS KULTURORE T\u00cb KOMUN\u00cbS S\u00cb MEDVEGJ\u00cbS"},"content":{"rendered":"<div>\n\t<strong><img decoding=\"async\" alt=\"\" src=\"https:\/\/kt.gov.rs\/wp-content\/uploads\/2024\/07\/1644507510_100222_1-2.jpg\" style=\"width: 315px; height: 230px; float: left;\" \/><\/strong><\/div>\n<div>\n<p>\n\t\t<strong>Medvegj\u00eb-Beograd <\/strong>M\u00eb 14 shkurt n\u00eb ora 18 n\u00eb hollin e Qendr\u00ebs Kulturore t\u00eb Komun\u00ebs s\u00eb Medvegj\u00ebs do t\u00eb prezantohet ekspozita e pikturave t\u00eb Aleksandra Ana Mikariqit me titull \u201cLoja e jet\u00ebs\u201d.<\/p>\n<p>\n\t\tAlleksandra Ana Mikariq ka lindur n\u00eb Leskoc n\u00eb vitin 1988. Q\u00eb n\u00eb f\u00ebmij\u00ebrin\u00eb e hershme, bukurin\u00eb dhe r\u00ebnd\u00ebsin\u00eb e artit e njohu p\u00ebrmes n\u00ebn\u00ebs s\u00eb saj piktore, Millica Illiq. Ajo ushqeu talentin e saj dhe themelet e para artistike i b\u00ebri me n\u00ebn\u00ebn e saj, t\u00eb cilat i p\u00ebrmir\u00ebsoi duke ndjekur shkoll\u00ebn e artit Keika Gonzalez gjat\u00eb q\u00ebndrimit dhe studimeve n\u00eb Bolivi, gj\u00eb q\u00eb e p\u00ebrcaktoi m\u00eb s\u00eb shumti si artiste. Ndikimi i tij ndikoi ndjesh\u00ebm n\u00eb form\u00ebsimin e stilit t\u00eb saj n\u00eb fillimet e karrier\u00ebs s\u00eb saj.<\/p>\n<p>\n\t\tN\u00eb biografin\u00eb e saj, Ana Mikariq v\u00eb n\u00eb dukje ekspozita t\u00eb r\u00ebnd\u00ebsishme t\u00eb pavaruara, prezantime t\u00eb p\u00ebrbashk\u00ebta, koloni t\u00eb shumta arti dhe pjes\u00ebmarrje n\u00eb projekte nd\u00ebrkomb\u00ebtare, prej t\u00eb cilave ndoshta m\u00eb interesante \u00ebsht\u00eb pjes\u00ebmarrja n\u00eb programin hap\u00ebsinor t\u00eb Istrias kur ajo d\u00ebrgoi dymb\u00ebdhjet\u00eb pikturat e saj t\u00eb artit n\u00eb hap\u00ebsir\u00eb \u200b\u200bme anije kozmike autonome.<\/p>\n<p>\n\t\t<strong>Burimi: Infocentarjug.rs, Trupi Koordinues<\/strong><\/p>\n<\/div>\n<p>\n\t\u00a0<\/p>\n","protected":false},"excerpt":{"rendered":"<p>Medvegj\u00eb-Beograd\u00a0M\u00eb 14 shkurt n\u00eb ora 18 n\u00eb hollin e Qendr\u00ebs Kulturore t\u00eb Komun\u00ebs s\u00eb Medvegj\u00ebs do t\u00eb prezantohet ekspozita e pikturave t\u00eb Aleksandra Ana Mikariqit me titull \u201cLoja e jet\u00ebs\u201d.<\/p>\n","protected":false},"author":1,"featured_media":108266,"comment_status":"closed","ping_status":"closed","sticky":false,"template":"","format":"standard","meta":{"footnotes":""},"categories":[55],"tags":[],"class_list":["post-108261","post","type-post","status-publish","format-standard","has-post-thumbnail","hentry","category-lajme"],"yoast_head":"<!-- This site is optimized with the Yoast SEO plugin v27.5 - https:\/\/yoast.com\/product\/yoast-seo-wordpress\/ -->\n<title>EKSPOZITA E PIKTURAVE NGA ALLEKSANDRA ANA MIKARIQ M\u00cb 14 SHKURT N\u00cb HOLLIN E QENDR\u00cbS KULTURORE T\u00cb KOMUN\u00cbS S\u00cb MEDVEGJ\u00cbS - Republika e S\u00ebrbis\u00eb Trupi Koordinues p\u00ebr komunat Bujanoc, Preshev\u00eb dhe Medvegj\u00eb<\/title>\n<meta name=\"robots\" content=\"index, follow, max-snippet:-1, max-image-preview:large, max-video-preview:-1\" \/>\n<link rel=\"canonical\" href=\"https:\/\/kt.gov.rs\/sq\/ekspozita-e-pikturave-nga-alleksandra-ana-mikariq-me-14-shkurt-ne-hollin-e-qendres-kulturore-te-komunes-se-medvegjes\/\" \/>\n<meta property=\"og:locale\" content=\"sq_AL\" \/>\n<meta property=\"og:type\" content=\"article\" \/>\n<meta property=\"og:title\" content=\"EKSPOZITA E PIKTURAVE NGA ALLEKSANDRA ANA MIKARIQ M\u00cb 14 SHKURT N\u00cb HOLLIN E QENDR\u00cbS KULTURORE T\u00cb KOMUN\u00cbS S\u00cb MEDVEGJ\u00cbS - Republika e S\u00ebrbis\u00eb Trupi Koordinues p\u00ebr komunat Bujanoc, Preshev\u00eb dhe Medvegj\u00eb\" \/>\n<meta property=\"og:description\" content=\"Medvegj\u00eb-Beograd\u00a0M\u00eb 14 shkurt n\u00eb ora 18 n\u00eb hollin e Qendr\u00ebs Kulturore t\u00eb Komun\u00ebs s\u00eb Medvegj\u00ebs do t\u00eb prezantohet ekspozita e pikturave t\u00eb Aleksandra Ana Mikariqit me titull \u201cLoja e jet\u00ebs\u201d.\" \/>\n<meta property=\"og:url\" content=\"https:\/\/kt.gov.rs\/sq\/ekspozita-e-pikturave-nga-alleksandra-ana-mikariq-me-14-shkurt-ne-hollin-e-qendres-kulturore-te-komunes-se-medvegjes\/\" \/>\n<meta property=\"og:site_name\" content=\"Republika e S\u00ebrbis\u00eb Trupi Koordinues p\u00ebr komunat Bujanoc, Preshev\u00eb dhe Medvegj\u00eb\" \/>\n<meta property=\"article:publisher\" content=\"https:\/\/www.facebook.com\/SluzbaKoordinacionogTelaVladeRepublikeSrbije\" \/>\n<meta property=\"article:published_time\" content=\"2022-02-10T00:00:00+00:00\" \/>\n<meta property=\"article:modified_time\" content=\"2024-07-30T17:57:53+00:00\" \/>\n<meta property=\"og:image\" content=\"https:\/\/kt.gov.rs\/wp-content\/uploads\/2024\/07\/1644507510_100222_1-3.jpg\" \/>\n\t<meta property=\"og:image:width\" content=\"315\" \/>\n\t<meta property=\"og:image:height\" content=\"230\" \/>\n\t<meta property=\"og:image:type\" content=\"image\/jpeg\" \/>\n<meta name=\"author\" content=\"ktmin\" \/>\n<meta name=\"twitter:card\" content=\"summary_large_image\" \/>\n<meta name=\"twitter:creator\" content=\"@kt_gov\" \/>\n<meta name=\"twitter:site\" content=\"@kt_gov\" \/>\n<meta name=\"twitter:label1\" content=\"Written by\" \/>\n\t<meta name=\"twitter:data1\" content=\"ktmin\" \/>\n\t<meta name=\"twitter:label2\" content=\"Est. reading time\" \/>\n\t<meta name=\"twitter:data2\" content=\"1 minute\" \/>\n<script type=\"application\/ld+json\" class=\"yoast-schema-graph\">{\"@context\":\"https:\\\/\\\/schema.org\",\"@graph\":[{\"@type\":\"Article\",\"@id\":\"https:\\\/\\\/kt.gov.rs\\\/sq\\\/ekspozita-e-pikturave-nga-alleksandra-ana-mikariq-me-14-shkurt-ne-hollin-e-qendres-kulturore-te-komunes-se-medvegjes\\\/#article\",\"isPartOf\":{\"@id\":\"https:\\\/\\\/kt.gov.rs\\\/sq\\\/ekspozita-e-pikturave-nga-alleksandra-ana-mikariq-me-14-shkurt-ne-hollin-e-qendres-kulturore-te-komunes-se-medvegjes\\\/\"},\"author\":{\"name\":\"ktmin\",\"@id\":\"https:\\\/\\\/kt.gov.rs\\\/#\\\/schema\\\/person\\\/e426459ddb4173309103390602694571\"},\"headline\":\"EKSPOZITA E PIKTURAVE NGA ALLEKSANDRA ANA MIKARIQ M\u00cb 14 SHKURT N\u00cb HOLLIN E QENDR\u00cbS KULTURORE T\u00cb KOMUN\u00cbS S\u00cb MEDVEGJ\u00cbS\",\"datePublished\":\"2022-02-10T00:00:00+00:00\",\"dateModified\":\"2024-07-30T17:57:53+00:00\",\"mainEntityOfPage\":{\"@id\":\"https:\\\/\\\/kt.gov.rs\\\/sq\\\/ekspozita-e-pikturave-nga-alleksandra-ana-mikariq-me-14-shkurt-ne-hollin-e-qendres-kulturore-te-komunes-se-medvegjes\\\/\"},\"wordCount\":314,\"publisher\":{\"@id\":\"https:\\\/\\\/kt.gov.rs\\\/#organization\"},\"image\":{\"@id\":\"https:\\\/\\\/kt.gov.rs\\\/sq\\\/ekspozita-e-pikturave-nga-alleksandra-ana-mikariq-me-14-shkurt-ne-hollin-e-qendres-kulturore-te-komunes-se-medvegjes\\\/#primaryimage\"},\"thumbnailUrl\":\"https:\\\/\\\/kt.gov.rs\\\/wp-content\\\/uploads\\\/2024\\\/07\\\/1644507510_100222_1-3.jpg\",\"articleSection\":[\"Lajme\"],\"inLanguage\":\"sq-AL\"},{\"@type\":\"WebPage\",\"@id\":\"https:\\\/\\\/kt.gov.rs\\\/sq\\\/ekspozita-e-pikturave-nga-alleksandra-ana-mikariq-me-14-shkurt-ne-hollin-e-qendres-kulturore-te-komunes-se-medvegjes\\\/\",\"url\":\"https:\\\/\\\/kt.gov.rs\\\/sq\\\/ekspozita-e-pikturave-nga-alleksandra-ana-mikariq-me-14-shkurt-ne-hollin-e-qendres-kulturore-te-komunes-se-medvegjes\\\/\",\"name\":\"EKSPOZITA E PIKTURAVE NGA ALLEKSANDRA ANA MIKARIQ M\u00cb 14 SHKURT N\u00cb HOLLIN E QENDR\u00cbS KULTURORE T\u00cb KOMUN\u00cbS S\u00cb MEDVEGJ\u00cbS - Republika e S\u00ebrbis\u00eb Trupi Koordinues p\u00ebr komunat Bujanoc, Preshev\u00eb dhe Medvegj\u00eb\",\"isPartOf\":{\"@id\":\"https:\\\/\\\/kt.gov.rs\\\/#website\"},\"primaryImageOfPage\":{\"@id\":\"https:\\\/\\\/kt.gov.rs\\\/sq\\\/ekspozita-e-pikturave-nga-alleksandra-ana-mikariq-me-14-shkurt-ne-hollin-e-qendres-kulturore-te-komunes-se-medvegjes\\\/#primaryimage\"},\"image\":{\"@id\":\"https:\\\/\\\/kt.gov.rs\\\/sq\\\/ekspozita-e-pikturave-nga-alleksandra-ana-mikariq-me-14-shkurt-ne-hollin-e-qendres-kulturore-te-komunes-se-medvegjes\\\/#primaryimage\"},\"thumbnailUrl\":\"https:\\\/\\\/kt.gov.rs\\\/wp-content\\\/uploads\\\/2024\\\/07\\\/1644507510_100222_1-3.jpg\",\"datePublished\":\"2022-02-10T00:00:00+00:00\",\"dateModified\":\"2024-07-30T17:57:53+00:00\",\"breadcrumb\":{\"@id\":\"https:\\\/\\\/kt.gov.rs\\\/sq\\\/ekspozita-e-pikturave-nga-alleksandra-ana-mikariq-me-14-shkurt-ne-hollin-e-qendres-kulturore-te-komunes-se-medvegjes\\\/#breadcrumb\"},\"inLanguage\":\"sq-AL\",\"potentialAction\":[{\"@type\":\"ReadAction\",\"target\":[\"https:\\\/\\\/kt.gov.rs\\\/sq\\\/ekspozita-e-pikturave-nga-alleksandra-ana-mikariq-me-14-shkurt-ne-hollin-e-qendres-kulturore-te-komunes-se-medvegjes\\\/\"]}]},{\"@type\":\"ImageObject\",\"inLanguage\":\"sq-AL\",\"@id\":\"https:\\\/\\\/kt.gov.rs\\\/sq\\\/ekspozita-e-pikturave-nga-alleksandra-ana-mikariq-me-14-shkurt-ne-hollin-e-qendres-kulturore-te-komunes-se-medvegjes\\\/#primaryimage\",\"url\":\"https:\\\/\\\/kt.gov.rs\\\/wp-content\\\/uploads\\\/2024\\\/07\\\/1644507510_100222_1-3.jpg\",\"contentUrl\":\"https:\\\/\\\/kt.gov.rs\\\/wp-content\\\/uploads\\\/2024\\\/07\\\/1644507510_100222_1-3.jpg\",\"width\":315,\"height\":230},{\"@type\":\"BreadcrumbList\",\"@id\":\"https:\\\/\\\/kt.gov.rs\\\/sq\\\/ekspozita-e-pikturave-nga-alleksandra-ana-mikariq-me-14-shkurt-ne-hollin-e-qendres-kulturore-te-komunes-se-medvegjes\\\/#breadcrumb\",\"itemListElement\":[{\"@type\":\"ListItem\",\"position\":1,\"name\":\"\u041f\u043e\u0447\u0435\u0442\u043d\u0430\",\"item\":\"https:\\\/\\\/kt.gov.rs\\\/sq\\\/\"},{\"@type\":\"ListItem\",\"position\":2,\"name\":\"EKSPOZITA E PIKTURAVE NGA ALLEKSANDRA ANA MIKARIQ M\u00cb 14 SHKURT N\u00cb HOLLIN E QENDR\u00cbS KULTURORE T\u00cb KOMUN\u00cbS S\u00cb MEDVEGJ\u00cbS\"}]},{\"@type\":\"WebSite\",\"@id\":\"https:\\\/\\\/kt.gov.rs\\\/#website\",\"url\":\"https:\\\/\\\/kt.gov.rs\\\/\",\"name\":\"\u041a\u043e\u043e\u0440\u0434\u0438\u043d\u0430\u0446\u0438\u043e\u043d\u043e \u0442\u0435\u043b\u043e \u0412\u043b\u0430\u0434\u0435 \u0420\u0435\u043f\u0443\u0431\u043b\u0438\u043a\u0435 \u0421\u0440\u0431\u0438\u0458\u0435 \u0437\u0430 \u043e\u043f\u0448\u0442\u0438\u043d\u0435 \u041f\u0440\u0435\u0448\u0435\u0432\u043e, \u0411\u0443\u0458\u0430\u043d\u043e\u0432\u0430\u0446 \u0438 \u041c\u0435\u0434\u0432\u0435\u0452a\",\"description\":\"\",\"publisher\":{\"@id\":\"https:\\\/\\\/kt.gov.rs\\\/#organization\"},\"alternateName\":\"\u041a\u043e\u043e\u0440\u0434\u0438\u043d\u0430\u0446\u0438\u043e\u043d\u043e \u0442\u0435\u043b\u043e\",\"potentialAction\":[{\"@type\":\"SearchAction\",\"target\":{\"@type\":\"EntryPoint\",\"urlTemplate\":\"https:\\\/\\\/kt.gov.rs\\\/?s={search_term_string}\"},\"query-input\":{\"@type\":\"PropertyValueSpecification\",\"valueRequired\":true,\"valueName\":\"search_term_string\"}}],\"inLanguage\":\"sq-AL\"},{\"@type\":\"Organization\",\"@id\":\"https:\\\/\\\/kt.gov.rs\\\/#organization\",\"name\":\"\u041a\u043e\u043e\u0440\u0434\u0438\u043d\u0430\u0446\u0438\u043e\u043d\u043e \u0442\u0435\u043b\u043e \u0412\u043b\u0430\u0434\u0435 \u0420\u0435\u043f\u0443\u0431\u043b\u0438\u043a\u0435 \u0421\u0440\u0431\u0438\u0458\u0435 \u0437\u0430 \u043e\u043f\u0448\u0442\u0438\u043d\u0435 \u041f\u0440\u0435\u0448\u0435\u0432\u043e, \u0411\u0443\u0458\u0430\u043d\u043e\u0432\u0430\u0446 \u0438 \u041c\u0435\u0434\u0432\u0435\u0452a\",\"alternateName\":\"\u041a\u043e\u043e\u0440\u0434\u0438\u043d\u0430\u0446\u0438\u043e\u043d\u043e \u0442\u0435\u043b\u043e\",\"url\":\"https:\\\/\\\/kt.gov.rs\\\/\",\"logo\":{\"@type\":\"ImageObject\",\"inLanguage\":\"sq-AL\",\"@id\":\"https:\\\/\\\/kt.gov.rs\\\/#\\\/schema\\\/logo\\\/image\\\/\",\"url\":\"https:\\\/\\\/kt.gov.rs\\\/wp-content\\\/uploads\\\/2024\\\/12\\\/koord2.jpg\",\"contentUrl\":\"https:\\\/\\\/kt.gov.rs\\\/wp-content\\\/uploads\\\/2024\\\/12\\\/koord2.jpg\",\"width\":640,\"height\":480,\"caption\":\"\u041a\u043e\u043e\u0440\u0434\u0438\u043d\u0430\u0446\u0438\u043e\u043d\u043e \u0442\u0435\u043b\u043e \u0412\u043b\u0430\u0434\u0435 \u0420\u0435\u043f\u0443\u0431\u043b\u0438\u043a\u0435 \u0421\u0440\u0431\u0438\u0458\u0435 \u0437\u0430 \u043e\u043f\u0448\u0442\u0438\u043d\u0435 \u041f\u0440\u0435\u0448\u0435\u0432\u043e, \u0411\u0443\u0458\u0430\u043d\u043e\u0432\u0430\u0446 \u0438 \u041c\u0435\u0434\u0432\u0435\u0452a\"},\"image\":{\"@id\":\"https:\\\/\\\/kt.gov.rs\\\/#\\\/schema\\\/logo\\\/image\\\/\"},\"sameAs\":[\"https:\\\/\\\/www.facebook.com\\\/SluzbaKoordinacionogTelaVladeRepublikeSrbije\",\"https:\\\/\\\/x.com\\\/kt_gov\",\"https:\\\/\\\/www.youtube.com\\\/@koordinacionotelo\"]},{\"@type\":\"Person\",\"@id\":\"https:\\\/\\\/kt.gov.rs\\\/#\\\/schema\\\/person\\\/e426459ddb4173309103390602694571\",\"name\":\"ktmin\",\"image\":{\"@type\":\"ImageObject\",\"inLanguage\":\"sq-AL\",\"@id\":\"https:\\\/\\\/secure.gravatar.com\\\/avatar\\\/3985c961109853010c3fbc7ba30365bfba5db3dd6c525831d9c595c7525a615a?s=96&d=mm&r=g\",\"url\":\"https:\\\/\\\/secure.gravatar.com\\\/avatar\\\/3985c961109853010c3fbc7ba30365bfba5db3dd6c525831d9c595c7525a615a?s=96&d=mm&r=g\",\"contentUrl\":\"https:\\\/\\\/secure.gravatar.com\\\/avatar\\\/3985c961109853010c3fbc7ba30365bfba5db3dd6c525831d9c595c7525a615a?s=96&d=mm&r=g\",\"caption\":\"ktmin\"},\"sameAs\":[\"https:\\\/\\\/kt.gov.rs\"],\"url\":\"https:\\\/\\\/kt.gov.rs\\\/sq\\\/author\\\/ktmin\\\/\"}]}<\/script>\n<!-- \/ Yoast SEO plugin. -->","yoast_head_json":{"title":"EKSPOZITA E PIKTURAVE NGA ALLEKSANDRA ANA MIKARIQ M\u00cb 14 SHKURT N\u00cb HOLLIN E QENDR\u00cbS KULTURORE T\u00cb KOMUN\u00cbS S\u00cb MEDVEGJ\u00cbS - Republika e S\u00ebrbis\u00eb Trupi Koordinues p\u00ebr komunat Bujanoc, Preshev\u00eb dhe Medvegj\u00eb","robots":{"index":"index","follow":"follow","max-snippet":"max-snippet:-1","max-image-preview":"max-image-preview:large","max-video-preview":"max-video-preview:-1"},"canonical":"https:\/\/kt.gov.rs\/sq\/ekspozita-e-pikturave-nga-alleksandra-ana-mikariq-me-14-shkurt-ne-hollin-e-qendres-kulturore-te-komunes-se-medvegjes\/","og_locale":"sq_AL","og_type":"article","og_title":"EKSPOZITA E PIKTURAVE NGA ALLEKSANDRA ANA MIKARIQ M\u00cb 14 SHKURT N\u00cb HOLLIN E QENDR\u00cbS KULTURORE T\u00cb KOMUN\u00cbS S\u00cb MEDVEGJ\u00cbS - Republika e S\u00ebrbis\u00eb Trupi Koordinues p\u00ebr komunat Bujanoc, Preshev\u00eb dhe Medvegj\u00eb","og_description":"Medvegj\u00eb-Beograd\u00a0M\u00eb 14 shkurt n\u00eb ora 18 n\u00eb hollin e Qendr\u00ebs Kulturore t\u00eb Komun\u00ebs s\u00eb Medvegj\u00ebs do t\u00eb prezantohet ekspozita e pikturave t\u00eb Aleksandra Ana Mikariqit me titull \u201cLoja e jet\u00ebs\u201d.","og_url":"https:\/\/kt.gov.rs\/sq\/ekspozita-e-pikturave-nga-alleksandra-ana-mikariq-me-14-shkurt-ne-hollin-e-qendres-kulturore-te-komunes-se-medvegjes\/","og_site_name":"Republika e S\u00ebrbis\u00eb Trupi Koordinues p\u00ebr komunat Bujanoc, Preshev\u00eb dhe Medvegj\u00eb","article_publisher":"https:\/\/www.facebook.com\/SluzbaKoordinacionogTelaVladeRepublikeSrbije","article_published_time":"2022-02-10T00:00:00+00:00","article_modified_time":"2024-07-30T17:57:53+00:00","og_image":[{"width":315,"height":230,"url":"https:\/\/kt.gov.rs\/wp-content\/uploads\/2024\/07\/1644507510_100222_1-3.jpg","type":"image\/jpeg"}],"author":"ktmin","twitter_card":"summary_large_image","twitter_creator":"@kt_gov","twitter_site":"@kt_gov","twitter_misc":{"Written by":"ktmin","Est. reading time":"1 minute"},"schema":{"@context":"https:\/\/schema.org","@graph":[{"@type":"Article","@id":"https:\/\/kt.gov.rs\/sq\/ekspozita-e-pikturave-nga-alleksandra-ana-mikariq-me-14-shkurt-ne-hollin-e-qendres-kulturore-te-komunes-se-medvegjes\/#article","isPartOf":{"@id":"https:\/\/kt.gov.rs\/sq\/ekspozita-e-pikturave-nga-alleksandra-ana-mikariq-me-14-shkurt-ne-hollin-e-qendres-kulturore-te-komunes-se-medvegjes\/"},"author":{"name":"ktmin","@id":"https:\/\/kt.gov.rs\/#\/schema\/person\/e426459ddb4173309103390602694571"},"headline":"EKSPOZITA E PIKTURAVE NGA ALLEKSANDRA ANA MIKARIQ M\u00cb 14 SHKURT N\u00cb HOLLIN E QENDR\u00cbS KULTURORE T\u00cb KOMUN\u00cbS S\u00cb MEDVEGJ\u00cbS","datePublished":"2022-02-10T00:00:00+00:00","dateModified":"2024-07-30T17:57:53+00:00","mainEntityOfPage":{"@id":"https:\/\/kt.gov.rs\/sq\/ekspozita-e-pikturave-nga-alleksandra-ana-mikariq-me-14-shkurt-ne-hollin-e-qendres-kulturore-te-komunes-se-medvegjes\/"},"wordCount":314,"publisher":{"@id":"https:\/\/kt.gov.rs\/#organization"},"image":{"@id":"https:\/\/kt.gov.rs\/sq\/ekspozita-e-pikturave-nga-alleksandra-ana-mikariq-me-14-shkurt-ne-hollin-e-qendres-kulturore-te-komunes-se-medvegjes\/#primaryimage"},"thumbnailUrl":"https:\/\/kt.gov.rs\/wp-content\/uploads\/2024\/07\/1644507510_100222_1-3.jpg","articleSection":["Lajme"],"inLanguage":"sq-AL"},{"@type":"WebPage","@id":"https:\/\/kt.gov.rs\/sq\/ekspozita-e-pikturave-nga-alleksandra-ana-mikariq-me-14-shkurt-ne-hollin-e-qendres-kulturore-te-komunes-se-medvegjes\/","url":"https:\/\/kt.gov.rs\/sq\/ekspozita-e-pikturave-nga-alleksandra-ana-mikariq-me-14-shkurt-ne-hollin-e-qendres-kulturore-te-komunes-se-medvegjes\/","name":"EKSPOZITA E PIKTURAVE NGA ALLEKSANDRA ANA MIKARIQ M\u00cb 14 SHKURT N\u00cb HOLLIN E QENDR\u00cbS KULTURORE T\u00cb KOMUN\u00cbS S\u00cb MEDVEGJ\u00cbS - Republika e S\u00ebrbis\u00eb Trupi Koordinues p\u00ebr komunat Bujanoc, Preshev\u00eb dhe Medvegj\u00eb","isPartOf":{"@id":"https:\/\/kt.gov.rs\/#website"},"primaryImageOfPage":{"@id":"https:\/\/kt.gov.rs\/sq\/ekspozita-e-pikturave-nga-alleksandra-ana-mikariq-me-14-shkurt-ne-hollin-e-qendres-kulturore-te-komunes-se-medvegjes\/#primaryimage"},"image":{"@id":"https:\/\/kt.gov.rs\/sq\/ekspozita-e-pikturave-nga-alleksandra-ana-mikariq-me-14-shkurt-ne-hollin-e-qendres-kulturore-te-komunes-se-medvegjes\/#primaryimage"},"thumbnailUrl":"https:\/\/kt.gov.rs\/wp-content\/uploads\/2024\/07\/1644507510_100222_1-3.jpg","datePublished":"2022-02-10T00:00:00+00:00","dateModified":"2024-07-30T17:57:53+00:00","breadcrumb":{"@id":"https:\/\/kt.gov.rs\/sq\/ekspozita-e-pikturave-nga-alleksandra-ana-mikariq-me-14-shkurt-ne-hollin-e-qendres-kulturore-te-komunes-se-medvegjes\/#breadcrumb"},"inLanguage":"sq-AL","potentialAction":[{"@type":"ReadAction","target":["https:\/\/kt.gov.rs\/sq\/ekspozita-e-pikturave-nga-alleksandra-ana-mikariq-me-14-shkurt-ne-hollin-e-qendres-kulturore-te-komunes-se-medvegjes\/"]}]},{"@type":"ImageObject","inLanguage":"sq-AL","@id":"https:\/\/kt.gov.rs\/sq\/ekspozita-e-pikturave-nga-alleksandra-ana-mikariq-me-14-shkurt-ne-hollin-e-qendres-kulturore-te-komunes-se-medvegjes\/#primaryimage","url":"https:\/\/kt.gov.rs\/wp-content\/uploads\/2024\/07\/1644507510_100222_1-3.jpg","contentUrl":"https:\/\/kt.gov.rs\/wp-content\/uploads\/2024\/07\/1644507510_100222_1-3.jpg","width":315,"height":230},{"@type":"BreadcrumbList","@id":"https:\/\/kt.gov.rs\/sq\/ekspozita-e-pikturave-nga-alleksandra-ana-mikariq-me-14-shkurt-ne-hollin-e-qendres-kulturore-te-komunes-se-medvegjes\/#breadcrumb","itemListElement":[{"@type":"ListItem","position":1,"name":"\u041f\u043e\u0447\u0435\u0442\u043d\u0430","item":"https:\/\/kt.gov.rs\/sq\/"},{"@type":"ListItem","position":2,"name":"EKSPOZITA E PIKTURAVE NGA ALLEKSANDRA ANA MIKARIQ M\u00cb 14 SHKURT N\u00cb HOLLIN E QENDR\u00cbS KULTURORE T\u00cb KOMUN\u00cbS S\u00cb MEDVEGJ\u00cbS"}]},{"@type":"WebSite","@id":"https:\/\/kt.gov.rs\/#website","url":"https:\/\/kt.gov.rs\/","name":"\u041a\u043e\u043e\u0440\u0434\u0438\u043d\u0430\u0446\u0438\u043e\u043d\u043e \u0442\u0435\u043b\u043e \u0412\u043b\u0430\u0434\u0435 \u0420\u0435\u043f\u0443\u0431\u043b\u0438\u043a\u0435 \u0421\u0440\u0431\u0438\u0458\u0435 \u0437\u0430 \u043e\u043f\u0448\u0442\u0438\u043d\u0435 \u041f\u0440\u0435\u0448\u0435\u0432\u043e, \u0411\u0443\u0458\u0430\u043d\u043e\u0432\u0430\u0446 \u0438 \u041c\u0435\u0434\u0432\u0435\u0452a","description":"","publisher":{"@id":"https:\/\/kt.gov.rs\/#organization"},"alternateName":"\u041a\u043e\u043e\u0440\u0434\u0438\u043d\u0430\u0446\u0438\u043e\u043d\u043e \u0442\u0435\u043b\u043e","potentialAction":[{"@type":"SearchAction","target":{"@type":"EntryPoint","urlTemplate":"https:\/\/kt.gov.rs\/?s={search_term_string}"},"query-input":{"@type":"PropertyValueSpecification","valueRequired":true,"valueName":"search_term_string"}}],"inLanguage":"sq-AL"},{"@type":"Organization","@id":"https:\/\/kt.gov.rs\/#organization","name":"\u041a\u043e\u043e\u0440\u0434\u0438\u043d\u0430\u0446\u0438\u043e\u043d\u043e \u0442\u0435\u043b\u043e \u0412\u043b\u0430\u0434\u0435 \u0420\u0435\u043f\u0443\u0431\u043b\u0438\u043a\u0435 \u0421\u0440\u0431\u0438\u0458\u0435 \u0437\u0430 \u043e\u043f\u0448\u0442\u0438\u043d\u0435 \u041f\u0440\u0435\u0448\u0435\u0432\u043e, \u0411\u0443\u0458\u0430\u043d\u043e\u0432\u0430\u0446 \u0438 \u041c\u0435\u0434\u0432\u0435\u0452a","alternateName":"\u041a\u043e\u043e\u0440\u0434\u0438\u043d\u0430\u0446\u0438\u043e\u043d\u043e \u0442\u0435\u043b\u043e","url":"https:\/\/kt.gov.rs\/","logo":{"@type":"ImageObject","inLanguage":"sq-AL","@id":"https:\/\/kt.gov.rs\/#\/schema\/logo\/image\/","url":"https:\/\/kt.gov.rs\/wp-content\/uploads\/2024\/12\/koord2.jpg","contentUrl":"https:\/\/kt.gov.rs\/wp-content\/uploads\/2024\/12\/koord2.jpg","width":640,"height":480,"caption":"\u041a\u043e\u043e\u0440\u0434\u0438\u043d\u0430\u0446\u0438\u043e\u043d\u043e \u0442\u0435\u043b\u043e \u0412\u043b\u0430\u0434\u0435 \u0420\u0435\u043f\u0443\u0431\u043b\u0438\u043a\u0435 \u0421\u0440\u0431\u0438\u0458\u0435 \u0437\u0430 \u043e\u043f\u0448\u0442\u0438\u043d\u0435 \u041f\u0440\u0435\u0448\u0435\u0432\u043e, \u0411\u0443\u0458\u0430\u043d\u043e\u0432\u0430\u0446 \u0438 \u041c\u0435\u0434\u0432\u0435\u0452a"},"image":{"@id":"https:\/\/kt.gov.rs\/#\/schema\/logo\/image\/"},"sameAs":["https:\/\/www.facebook.com\/SluzbaKoordinacionogTelaVladeRepublikeSrbije","https:\/\/x.com\/kt_gov","https:\/\/www.youtube.com\/@koordinacionotelo"]},{"@type":"Person","@id":"https:\/\/kt.gov.rs\/#\/schema\/person\/e426459ddb4173309103390602694571","name":"ktmin","image":{"@type":"ImageObject","inLanguage":"sq-AL","@id":"https:\/\/secure.gravatar.com\/avatar\/3985c961109853010c3fbc7ba30365bfba5db3dd6c525831d9c595c7525a615a?s=96&d=mm&r=g","url":"https:\/\/secure.gravatar.com\/avatar\/3985c961109853010c3fbc7ba30365bfba5db3dd6c525831d9c595c7525a615a?s=96&d=mm&r=g","contentUrl":"https:\/\/secure.gravatar.com\/avatar\/3985c961109853010c3fbc7ba30365bfba5db3dd6c525831d9c595c7525a615a?s=96&d=mm&r=g","caption":"ktmin"},"sameAs":["https:\/\/kt.gov.rs"],"url":"https:\/\/kt.gov.rs\/sq\/author\/ktmin\/"}]}},"_links":{"self":[{"href":"https:\/\/kt.gov.rs\/sq\/wp-json\/wp\/v2\/posts\/108261","targetHints":{"allow":["GET"]}}],"collection":[{"href":"https:\/\/kt.gov.rs\/sq\/wp-json\/wp\/v2\/posts"}],"about":[{"href":"https:\/\/kt.gov.rs\/sq\/wp-json\/wp\/v2\/types\/post"}],"author":[{"embeddable":true,"href":"https:\/\/kt.gov.rs\/sq\/wp-json\/wp\/v2\/users\/1"}],"replies":[{"embeddable":true,"href":"https:\/\/kt.gov.rs\/sq\/wp-json\/wp\/v2\/comments?post=108261"}],"version-history":[{"count":1,"href":"https:\/\/kt.gov.rs\/sq\/wp-json\/wp\/v2\/posts\/108261\/revisions"}],"predecessor-version":[{"id":108265,"href":"https:\/\/kt.gov.rs\/sq\/wp-json\/wp\/v2\/posts\/108261\/revisions\/108265"}],"wp:featuredmedia":[{"embeddable":true,"href":"https:\/\/kt.gov.rs\/sq\/wp-json\/wp\/v2\/media\/108266"}],"wp:attachment":[{"href":"https:\/\/kt.gov.rs\/sq\/wp-json\/wp\/v2\/media?parent=108261"}],"wp:term":[{"taxonomy":"category","embeddable":true,"href":"https:\/\/kt.gov.rs\/sq\/wp-json\/wp\/v2\/categories?post=108261"},{"taxonomy":"post_tag","embeddable":true,"href":"https:\/\/kt.gov.rs\/sq\/wp-json\/wp\/v2\/tags?post=108261"}],"curies":[{"name":"wp","href":"https:\/\/api.w.org\/{rel}","templated":true}]}}