{"id":108237,"date":"2022-02-17T00:00:00","date_gmt":"2022-02-17T00:00:00","guid":{"rendered":"http:\/\/kt.printandscreen.rs\/aksioni-miliarda-ngrihet-dhe-ne-bujanoc-ndaloni-dhunen-ndaj-vajzave-dhe-grave\/"},"modified":"2024-07-30T17:57:51","modified_gmt":"2024-07-30T17:57:51","slug":"aksioni-miliarda-ngrihet-dhe-ne-bujanoc-ndaloni-dhunen-ndaj-vajzave-dhe-grave","status":"publish","type":"post","link":"https:\/\/kt.gov.rs\/sq\/aksioni-miliarda-ngrihet-dhe-ne-bujanoc-ndaloni-dhunen-ndaj-vajzave-dhe-grave\/","title":{"rendered":"AKSIONI MILIARDA NGRIHET DHE  N\u00cb BUJANOC: NDALONI DHUN\u00cbN NDAJ VAJZAVE DHE GRAVE"},"content":{"rendered":"<p>\n\t<strong><img decoding=\"async\" alt=\"\" src=\"https:\/\/kt.gov.rs\/wp-content\/uploads\/2024\/07\/1645114708_1705222_1-2.jpg\" style=\"width: 315px; height: 230px; float: left;\" \/><\/strong><strong>Bujanoc-Beograd \u2013 <\/strong>N\u00eb kuad\u00ebr t\u00eb fushat\u00ebs bot\u00ebrore \u201cNje miliard ngrihet\u201d, n\u00eb sheshin e qytetit n\u00eb Bujanoc u organizua aksion me q\u00ebllim q\u00eb t\u00eb vihet n\u00eb dukje para publikut ekzistimi i dhun\u00ebs me baz\u00eb gjinore ndaj vajzave dhe grave.<\/p>\n<p>\n\t\u201cKjo \u00ebsht\u00eb nj\u00eb fushat\u00eb q\u00eb organizohet prej vitesh n\u00eb t\u00eb gjitha vendet e bot\u00ebs dhe dallohet nga fakti se ne luftojm\u00eb kund\u00ebr dhun\u00ebs me baz\u00eb gjinore ndaj vajzave dhe grave n\u00eb vende publike, sheshe dhe rrug\u00eb\u201d, tha Suzana Antiq Ristiq. Komisioni p\u00ebr t\u00eb Drejtat e Njeriut..<\/p>\n<p>\n\tAjo theksoi se aksioni \u201cNj\u00eb miliard ngrihet\u201d \u00ebsht\u00eb m\u00eb i madhi n\u00eb historin\u00eb e l\u00ebvizjes nd\u00ebrkomb\u00ebtare p\u00ebr ndalimin e dhun\u00ebs ndaj grave dhe vajzave.<\/p>\n<p>\n\t&quot;Statistikat jan\u00eb shkat\u00ebrruese dhe thon\u00eb se nj\u00eb n\u00eb tre gra n\u00eb bot\u00eb p\u00ebrjeton nj\u00eb form\u00eb t\u00eb dhun\u00ebs, kryesisht dhun\u00eb fizike dhe seksuale, q\u00eb do t\u00eb thot\u00eb se nj\u00eb miliard gra n\u00eb bot\u00eb jan\u00eb t\u00eb ekspozuara ndaj dhun\u00ebs me baz\u00eb gjinore, prandaj dhe ky \u00ebsht\u00eb \u00a0emri,&quot;shtoi Antiq Ristiq.<\/p>\n<p>\n\tAjo shpjegon se kjo fushat\u00eb \u00ebsht\u00eb n\u00eb fakt\u00a0 tubim proteste, q\u00ebllimi i t\u00eb cilit \u00ebsht\u00eb t\u00eb t\u00ebrheq\u00eb v\u00ebmendjen e publikut ndaj p\u00ebrgjegj\u00ebsis\u00eb p\u00ebr t&#39;i th\u00ebn\u00eb me z\u00eb t\u00eb lart\u00eb &quot;JO&quot; dhun\u00ebs ndaj grave ndaj qytetar\u00ebve, si dhe t\u00eb solidarizohet me vajzat dhe grat\u00eb q\u00eb jetojn\u00eb n\u00eb situata dhune.<\/p>\n<p>\n\t\u201cN\u00eb Serbi, \u00e7do e pesta vajz\u00eb e mosh\u00ebs 13 deri n\u00eb 19 vje\u00e7 p\u00ebrjeton dhun\u00eb seksuale dhe rreth 74 p\u00ebr qind nuk e pranojn\u00eb k\u00ebt\u00eb dhe nuk i drejtohen askujt p\u00ebr ndihm\u00eb. Me k\u00ebt\u00eb fushat\u00eb po u d\u00ebrgojm\u00eb mesazh t\u00eb gjitha vajzave dhe grave q\u00eb vuajn\u00eb dhun\u00ebn se nuk jan\u00eb vet\u00ebm dhe se ka rrug\u00ebdalje\u201d, tha Mellanija Trajkoviq, nj\u00eb nga pjes\u00ebmarr\u00ebset n\u00eb aksion.<\/p>\n<p>\n\tN\u00eb kuad\u00ebr t\u00eb performanc\u00ebs \u201cVallja kund\u00ebr dhun\u00ebs\u201d, aktivist\u00eb t\u00eb K\u00ebshillit dhe organizatave dhe shoqatave joqeveritare vendore than\u00eb se n\u00eb k\u00ebt\u00eb fushat\u00eb globale po merr pjes\u00eb edhe Bujanoci.<\/p>\n<p>\n\tDuke l\u00ebshuar balonat p\u00ebr t\u00eb fluturuar lirsh\u00ebm n\u00eb qiell, aktivist\u00ebt n\u00eb m\u00ebnyr\u00eb simbolike d\u00ebrguan nj\u00eb mesazh p\u00ebr lirin\u00eb gjinore t\u00eb vajzave dhe grave n\u00eb t\u00eb gjitha komunitetet dhe n\u00eb \u00e7do cep t\u00eb planetit Tok\u00eb.<\/p>\n<p>\n\tNj\u00ebkoh\u00ebsisht me fushat\u00ebn globale \u201cNj\u00eb miliard ngrihet\u201d, K\u00ebndi SOS p\u00ebr Vajzat nga Vranja, si nj\u00eb nga programet e Komitetit p\u00ebr t\u00eb Drejtat e Njeriut, sh\u00ebnoi dit\u00ebn e Sh\u00ebn Valentinit me slloganin \u201cDhun\u00eb # Dashuri\u201d.<\/p>\n<p>\n\tAksioni u organizua nga Komiteti p\u00ebr t\u00eb Drejtat e Njeriut nga Vranja me mb\u00ebshtetjen e Iniciativave Qytetare.<\/p>\n<p>\n\tKomiteti p\u00ebr t\u00eb Drejtat e Njeriut t\u00eb Vranj\u00ebs \u00ebsht\u00eb fitues i \u00e7mimit bot\u00ebror &quot;Me dhe p\u00ebr vajzat&quot;, kurse programi SOS K\u00ebndi p\u00ebr vajza u shpall programi m\u00eb i mir\u00eb p\u00ebr vajzat e mosh\u00ebs 13 deri n\u00eb 18 vje\u00e7 n\u00eb bot\u00eb, n\u00eb Evrop\u00eb dhe Azin\u00eb Qendrore.<\/p>\n<p>\n\t<strong>Burimi: Bujanovaqke, Trupi Koordinues <\/strong><\/p>\n<p>\n\t\u00a0<\/p>\n","protected":false},"excerpt":{"rendered":"<p>Bujanoc-Beograd \u2013\u00a0N\u00eb kuad\u00ebr t\u00eb fushat\u00ebs bot\u00ebrore \u201cNje miliard ngrihet\u201d, n\u00eb sheshin e qytetit n\u00eb Bujanoc u organizua aksion me q\u00ebllim q\u00eb t\u00eb vihet n\u00eb dukje para publikut ekzistimi i dhun\u00ebs me baz\u00eb gjinore ndaj vajzave dhe grave.<\/p>\n","protected":false},"author":1,"featured_media":108242,"comment_status":"closed","ping_status":"closed","sticky":false,"template":"","format":"standard","meta":{"footnotes":""},"categories":[55],"tags":[],"class_list":["post-108237","post","type-post","status-publish","format-standard","has-post-thumbnail","hentry","category-lajme"],"yoast_head":"<!-- This site is optimized with the Yoast SEO plugin v27.5 - https:\/\/yoast.com\/product\/yoast-seo-wordpress\/ -->\n<title>AKSIONI MILIARDA NGRIHET DHE N\u00cb BUJANOC: NDALONI DHUN\u00cbN NDAJ VAJZAVE DHE GRAVE - Republika e S\u00ebrbis\u00eb Trupi Koordinues p\u00ebr komunat Bujanoc, Preshev\u00eb dhe Medvegj\u00eb<\/title>\n<meta name=\"robots\" content=\"index, follow, max-snippet:-1, max-image-preview:large, max-video-preview:-1\" \/>\n<link rel=\"canonical\" href=\"https:\/\/kt.gov.rs\/sq\/aksioni-miliarda-ngrihet-dhe-ne-bujanoc-ndaloni-dhunen-ndaj-vajzave-dhe-grave\/\" \/>\n<meta property=\"og:locale\" content=\"sq_AL\" \/>\n<meta property=\"og:type\" content=\"article\" \/>\n<meta property=\"og:title\" content=\"AKSIONI MILIARDA NGRIHET DHE N\u00cb BUJANOC: NDALONI DHUN\u00cbN NDAJ VAJZAVE DHE GRAVE - Republika e S\u00ebrbis\u00eb Trupi Koordinues p\u00ebr komunat Bujanoc, Preshev\u00eb dhe Medvegj\u00eb\" \/>\n<meta property=\"og:description\" content=\"Bujanoc-Beograd -\u00a0N\u00eb kuad\u00ebr t\u00eb fushat\u00ebs bot\u00ebrore \u201cNje miliard ngrihet\u201d, n\u00eb sheshin e qytetit n\u00eb Bujanoc u organizua aksion me q\u00ebllim q\u00eb t\u00eb vihet n\u00eb dukje para publikut ekzistimi i dhun\u00ebs me baz\u00eb gjinore ndaj vajzave dhe grave.\" \/>\n<meta property=\"og:url\" content=\"https:\/\/kt.gov.rs\/sq\/aksioni-miliarda-ngrihet-dhe-ne-bujanoc-ndaloni-dhunen-ndaj-vajzave-dhe-grave\/\" \/>\n<meta property=\"og:site_name\" content=\"Republika e S\u00ebrbis\u00eb Trupi Koordinues p\u00ebr komunat Bujanoc, Preshev\u00eb dhe Medvegj\u00eb\" \/>\n<meta property=\"article:publisher\" content=\"https:\/\/www.facebook.com\/SluzbaKoordinacionogTelaVladeRepublikeSrbije\" \/>\n<meta property=\"article:published_time\" content=\"2022-02-17T00:00:00+00:00\" \/>\n<meta property=\"article:modified_time\" content=\"2024-07-30T17:57:51+00:00\" \/>\n<meta property=\"og:image\" content=\"https:\/\/kt.gov.rs\/wp-content\/uploads\/2024\/07\/1645114708_1705222_1-3.jpg\" \/>\n\t<meta property=\"og:image:width\" content=\"315\" \/>\n\t<meta property=\"og:image:height\" content=\"230\" \/>\n\t<meta property=\"og:image:type\" content=\"image\/jpeg\" \/>\n<meta name=\"author\" content=\"ktmin\" \/>\n<meta name=\"twitter:card\" content=\"summary_large_image\" \/>\n<meta name=\"twitter:creator\" content=\"@kt_gov\" \/>\n<meta name=\"twitter:site\" content=\"@kt_gov\" \/>\n<meta name=\"twitter:label1\" content=\"Written by\" \/>\n\t<meta name=\"twitter:data1\" content=\"ktmin\" \/>\n\t<meta name=\"twitter:label2\" content=\"Est. reading time\" \/>\n\t<meta name=\"twitter:data2\" content=\"4 minutes\" \/>\n<script type=\"application\/ld+json\" class=\"yoast-schema-graph\">{\"@context\":\"https:\\\/\\\/schema.org\",\"@graph\":[{\"@type\":\"Article\",\"@id\":\"https:\\\/\\\/kt.gov.rs\\\/sq\\\/aksioni-miliarda-ngrihet-dhe-ne-bujanoc-ndaloni-dhunen-ndaj-vajzave-dhe-grave\\\/#article\",\"isPartOf\":{\"@id\":\"https:\\\/\\\/kt.gov.rs\\\/sq\\\/aksioni-miliarda-ngrihet-dhe-ne-bujanoc-ndaloni-dhunen-ndaj-vajzave-dhe-grave\\\/\"},\"author\":{\"name\":\"ktmin\",\"@id\":\"https:\\\/\\\/kt.gov.rs\\\/#\\\/schema\\\/person\\\/e426459ddb4173309103390602694571\"},\"headline\":\"AKSIONI MILIARDA NGRIHET DHE N\u00cb BUJANOC: NDALONI DHUN\u00cbN NDAJ VAJZAVE DHE GRAVE\",\"datePublished\":\"2022-02-17T00:00:00+00:00\",\"dateModified\":\"2024-07-30T17:57:51+00:00\",\"mainEntityOfPage\":{\"@id\":\"https:\\\/\\\/kt.gov.rs\\\/sq\\\/aksioni-miliarda-ngrihet-dhe-ne-bujanoc-ndaloni-dhunen-ndaj-vajzave-dhe-grave\\\/\"},\"wordCount\":726,\"publisher\":{\"@id\":\"https:\\\/\\\/kt.gov.rs\\\/#organization\"},\"image\":{\"@id\":\"https:\\\/\\\/kt.gov.rs\\\/sq\\\/aksioni-miliarda-ngrihet-dhe-ne-bujanoc-ndaloni-dhunen-ndaj-vajzave-dhe-grave\\\/#primaryimage\"},\"thumbnailUrl\":\"https:\\\/\\\/kt.gov.rs\\\/wp-content\\\/uploads\\\/2024\\\/07\\\/1645114708_1705222_1-3.jpg\",\"articleSection\":[\"Lajme\"],\"inLanguage\":\"sq-AL\"},{\"@type\":\"WebPage\",\"@id\":\"https:\\\/\\\/kt.gov.rs\\\/sq\\\/aksioni-miliarda-ngrihet-dhe-ne-bujanoc-ndaloni-dhunen-ndaj-vajzave-dhe-grave\\\/\",\"url\":\"https:\\\/\\\/kt.gov.rs\\\/sq\\\/aksioni-miliarda-ngrihet-dhe-ne-bujanoc-ndaloni-dhunen-ndaj-vajzave-dhe-grave\\\/\",\"name\":\"AKSIONI MILIARDA NGRIHET DHE N\u00cb BUJANOC: NDALONI DHUN\u00cbN NDAJ VAJZAVE DHE GRAVE - Republika e S\u00ebrbis\u00eb Trupi Koordinues p\u00ebr komunat Bujanoc, Preshev\u00eb dhe Medvegj\u00eb\",\"isPartOf\":{\"@id\":\"https:\\\/\\\/kt.gov.rs\\\/#website\"},\"primaryImageOfPage\":{\"@id\":\"https:\\\/\\\/kt.gov.rs\\\/sq\\\/aksioni-miliarda-ngrihet-dhe-ne-bujanoc-ndaloni-dhunen-ndaj-vajzave-dhe-grave\\\/#primaryimage\"},\"image\":{\"@id\":\"https:\\\/\\\/kt.gov.rs\\\/sq\\\/aksioni-miliarda-ngrihet-dhe-ne-bujanoc-ndaloni-dhunen-ndaj-vajzave-dhe-grave\\\/#primaryimage\"},\"thumbnailUrl\":\"https:\\\/\\\/kt.gov.rs\\\/wp-content\\\/uploads\\\/2024\\\/07\\\/1645114708_1705222_1-3.jpg\",\"datePublished\":\"2022-02-17T00:00:00+00:00\",\"dateModified\":\"2024-07-30T17:57:51+00:00\",\"breadcrumb\":{\"@id\":\"https:\\\/\\\/kt.gov.rs\\\/sq\\\/aksioni-miliarda-ngrihet-dhe-ne-bujanoc-ndaloni-dhunen-ndaj-vajzave-dhe-grave\\\/#breadcrumb\"},\"inLanguage\":\"sq-AL\",\"potentialAction\":[{\"@type\":\"ReadAction\",\"target\":[\"https:\\\/\\\/kt.gov.rs\\\/sq\\\/aksioni-miliarda-ngrihet-dhe-ne-bujanoc-ndaloni-dhunen-ndaj-vajzave-dhe-grave\\\/\"]}]},{\"@type\":\"ImageObject\",\"inLanguage\":\"sq-AL\",\"@id\":\"https:\\\/\\\/kt.gov.rs\\\/sq\\\/aksioni-miliarda-ngrihet-dhe-ne-bujanoc-ndaloni-dhunen-ndaj-vajzave-dhe-grave\\\/#primaryimage\",\"url\":\"https:\\\/\\\/kt.gov.rs\\\/wp-content\\\/uploads\\\/2024\\\/07\\\/1645114708_1705222_1-3.jpg\",\"contentUrl\":\"https:\\\/\\\/kt.gov.rs\\\/wp-content\\\/uploads\\\/2024\\\/07\\\/1645114708_1705222_1-3.jpg\",\"width\":315,\"height\":230},{\"@type\":\"BreadcrumbList\",\"@id\":\"https:\\\/\\\/kt.gov.rs\\\/sq\\\/aksioni-miliarda-ngrihet-dhe-ne-bujanoc-ndaloni-dhunen-ndaj-vajzave-dhe-grave\\\/#breadcrumb\",\"itemListElement\":[{\"@type\":\"ListItem\",\"position\":1,\"name\":\"\u041f\u043e\u0447\u0435\u0442\u043d\u0430\",\"item\":\"https:\\\/\\\/kt.gov.rs\\\/sq\\\/\"},{\"@type\":\"ListItem\",\"position\":2,\"name\":\"AKSIONI MILIARDA NGRIHET DHE N\u00cb BUJANOC: NDALONI DHUN\u00cbN NDAJ VAJZAVE DHE GRAVE\"}]},{\"@type\":\"WebSite\",\"@id\":\"https:\\\/\\\/kt.gov.rs\\\/#website\",\"url\":\"https:\\\/\\\/kt.gov.rs\\\/\",\"name\":\"\u041a\u043e\u043e\u0440\u0434\u0438\u043d\u0430\u0446\u0438\u043e\u043d\u043e \u0442\u0435\u043b\u043e \u0412\u043b\u0430\u0434\u0435 \u0420\u0435\u043f\u0443\u0431\u043b\u0438\u043a\u0435 \u0421\u0440\u0431\u0438\u0458\u0435 \u0437\u0430 \u043e\u043f\u0448\u0442\u0438\u043d\u0435 \u041f\u0440\u0435\u0448\u0435\u0432\u043e, \u0411\u0443\u0458\u0430\u043d\u043e\u0432\u0430\u0446 \u0438 \u041c\u0435\u0434\u0432\u0435\u0452a\",\"description\":\"\",\"publisher\":{\"@id\":\"https:\\\/\\\/kt.gov.rs\\\/#organization\"},\"alternateName\":\"\u041a\u043e\u043e\u0440\u0434\u0438\u043d\u0430\u0446\u0438\u043e\u043d\u043e \u0442\u0435\u043b\u043e\",\"potentialAction\":[{\"@type\":\"SearchAction\",\"target\":{\"@type\":\"EntryPoint\",\"urlTemplate\":\"https:\\\/\\\/kt.gov.rs\\\/?s={search_term_string}\"},\"query-input\":{\"@type\":\"PropertyValueSpecification\",\"valueRequired\":true,\"valueName\":\"search_term_string\"}}],\"inLanguage\":\"sq-AL\"},{\"@type\":\"Organization\",\"@id\":\"https:\\\/\\\/kt.gov.rs\\\/#organization\",\"name\":\"\u041a\u043e\u043e\u0440\u0434\u0438\u043d\u0430\u0446\u0438\u043e\u043d\u043e \u0442\u0435\u043b\u043e \u0412\u043b\u0430\u0434\u0435 \u0420\u0435\u043f\u0443\u0431\u043b\u0438\u043a\u0435 \u0421\u0440\u0431\u0438\u0458\u0435 \u0437\u0430 \u043e\u043f\u0448\u0442\u0438\u043d\u0435 \u041f\u0440\u0435\u0448\u0435\u0432\u043e, \u0411\u0443\u0458\u0430\u043d\u043e\u0432\u0430\u0446 \u0438 \u041c\u0435\u0434\u0432\u0435\u0452a\",\"alternateName\":\"\u041a\u043e\u043e\u0440\u0434\u0438\u043d\u0430\u0446\u0438\u043e\u043d\u043e \u0442\u0435\u043b\u043e\",\"url\":\"https:\\\/\\\/kt.gov.rs\\\/\",\"logo\":{\"@type\":\"ImageObject\",\"inLanguage\":\"sq-AL\",\"@id\":\"https:\\\/\\\/kt.gov.rs\\\/#\\\/schema\\\/logo\\\/image\\\/\",\"url\":\"https:\\\/\\\/kt.gov.rs\\\/wp-content\\\/uploads\\\/2024\\\/12\\\/koord2.jpg\",\"contentUrl\":\"https:\\\/\\\/kt.gov.rs\\\/wp-content\\\/uploads\\\/2024\\\/12\\\/koord2.jpg\",\"width\":640,\"height\":480,\"caption\":\"\u041a\u043e\u043e\u0440\u0434\u0438\u043d\u0430\u0446\u0438\u043e\u043d\u043e \u0442\u0435\u043b\u043e \u0412\u043b\u0430\u0434\u0435 \u0420\u0435\u043f\u0443\u0431\u043b\u0438\u043a\u0435 \u0421\u0440\u0431\u0438\u0458\u0435 \u0437\u0430 \u043e\u043f\u0448\u0442\u0438\u043d\u0435 \u041f\u0440\u0435\u0448\u0435\u0432\u043e, \u0411\u0443\u0458\u0430\u043d\u043e\u0432\u0430\u0446 \u0438 \u041c\u0435\u0434\u0432\u0435\u0452a\"},\"image\":{\"@id\":\"https:\\\/\\\/kt.gov.rs\\\/#\\\/schema\\\/logo\\\/image\\\/\"},\"sameAs\":[\"https:\\\/\\\/www.facebook.com\\\/SluzbaKoordinacionogTelaVladeRepublikeSrbije\",\"https:\\\/\\\/x.com\\\/kt_gov\",\"https:\\\/\\\/www.youtube.com\\\/@koordinacionotelo\"]},{\"@type\":\"Person\",\"@id\":\"https:\\\/\\\/kt.gov.rs\\\/#\\\/schema\\\/person\\\/e426459ddb4173309103390602694571\",\"name\":\"ktmin\",\"image\":{\"@type\":\"ImageObject\",\"inLanguage\":\"sq-AL\",\"@id\":\"https:\\\/\\\/secure.gravatar.com\\\/avatar\\\/3985c961109853010c3fbc7ba30365bfba5db3dd6c525831d9c595c7525a615a?s=96&d=mm&r=g\",\"url\":\"https:\\\/\\\/secure.gravatar.com\\\/avatar\\\/3985c961109853010c3fbc7ba30365bfba5db3dd6c525831d9c595c7525a615a?s=96&d=mm&r=g\",\"contentUrl\":\"https:\\\/\\\/secure.gravatar.com\\\/avatar\\\/3985c961109853010c3fbc7ba30365bfba5db3dd6c525831d9c595c7525a615a?s=96&d=mm&r=g\",\"caption\":\"ktmin\"},\"sameAs\":[\"https:\\\/\\\/kt.gov.rs\"],\"url\":\"https:\\\/\\\/kt.gov.rs\\\/sq\\\/author\\\/ktmin\\\/\"}]}<\/script>\n<!-- \/ Yoast SEO plugin. -->","yoast_head_json":{"title":"AKSIONI MILIARDA NGRIHET DHE N\u00cb BUJANOC: NDALONI DHUN\u00cbN NDAJ VAJZAVE DHE GRAVE - Republika e S\u00ebrbis\u00eb Trupi Koordinues p\u00ebr komunat Bujanoc, Preshev\u00eb dhe Medvegj\u00eb","robots":{"index":"index","follow":"follow","max-snippet":"max-snippet:-1","max-image-preview":"max-image-preview:large","max-video-preview":"max-video-preview:-1"},"canonical":"https:\/\/kt.gov.rs\/sq\/aksioni-miliarda-ngrihet-dhe-ne-bujanoc-ndaloni-dhunen-ndaj-vajzave-dhe-grave\/","og_locale":"sq_AL","og_type":"article","og_title":"AKSIONI MILIARDA NGRIHET DHE N\u00cb BUJANOC: NDALONI DHUN\u00cbN NDAJ VAJZAVE DHE GRAVE - Republika e S\u00ebrbis\u00eb Trupi Koordinues p\u00ebr komunat Bujanoc, Preshev\u00eb dhe Medvegj\u00eb","og_description":"Bujanoc-Beograd -\u00a0N\u00eb kuad\u00ebr t\u00eb fushat\u00ebs bot\u00ebrore \u201cNje miliard ngrihet\u201d, n\u00eb sheshin e qytetit n\u00eb Bujanoc u organizua aksion me q\u00ebllim q\u00eb t\u00eb vihet n\u00eb dukje para publikut ekzistimi i dhun\u00ebs me baz\u00eb gjinore ndaj vajzave dhe grave.","og_url":"https:\/\/kt.gov.rs\/sq\/aksioni-miliarda-ngrihet-dhe-ne-bujanoc-ndaloni-dhunen-ndaj-vajzave-dhe-grave\/","og_site_name":"Republika e S\u00ebrbis\u00eb Trupi Koordinues p\u00ebr komunat Bujanoc, Preshev\u00eb dhe Medvegj\u00eb","article_publisher":"https:\/\/www.facebook.com\/SluzbaKoordinacionogTelaVladeRepublikeSrbije","article_published_time":"2022-02-17T00:00:00+00:00","article_modified_time":"2024-07-30T17:57:51+00:00","og_image":[{"width":315,"height":230,"url":"https:\/\/kt.gov.rs\/wp-content\/uploads\/2024\/07\/1645114708_1705222_1-3.jpg","type":"image\/jpeg"}],"author":"ktmin","twitter_card":"summary_large_image","twitter_creator":"@kt_gov","twitter_site":"@kt_gov","twitter_misc":{"Written by":"ktmin","Est. reading time":"4 minutes"},"schema":{"@context":"https:\/\/schema.org","@graph":[{"@type":"Article","@id":"https:\/\/kt.gov.rs\/sq\/aksioni-miliarda-ngrihet-dhe-ne-bujanoc-ndaloni-dhunen-ndaj-vajzave-dhe-grave\/#article","isPartOf":{"@id":"https:\/\/kt.gov.rs\/sq\/aksioni-miliarda-ngrihet-dhe-ne-bujanoc-ndaloni-dhunen-ndaj-vajzave-dhe-grave\/"},"author":{"name":"ktmin","@id":"https:\/\/kt.gov.rs\/#\/schema\/person\/e426459ddb4173309103390602694571"},"headline":"AKSIONI MILIARDA NGRIHET DHE N\u00cb BUJANOC: NDALONI DHUN\u00cbN NDAJ VAJZAVE DHE GRAVE","datePublished":"2022-02-17T00:00:00+00:00","dateModified":"2024-07-30T17:57:51+00:00","mainEntityOfPage":{"@id":"https:\/\/kt.gov.rs\/sq\/aksioni-miliarda-ngrihet-dhe-ne-bujanoc-ndaloni-dhunen-ndaj-vajzave-dhe-grave\/"},"wordCount":726,"publisher":{"@id":"https:\/\/kt.gov.rs\/#organization"},"image":{"@id":"https:\/\/kt.gov.rs\/sq\/aksioni-miliarda-ngrihet-dhe-ne-bujanoc-ndaloni-dhunen-ndaj-vajzave-dhe-grave\/#primaryimage"},"thumbnailUrl":"https:\/\/kt.gov.rs\/wp-content\/uploads\/2024\/07\/1645114708_1705222_1-3.jpg","articleSection":["Lajme"],"inLanguage":"sq-AL"},{"@type":"WebPage","@id":"https:\/\/kt.gov.rs\/sq\/aksioni-miliarda-ngrihet-dhe-ne-bujanoc-ndaloni-dhunen-ndaj-vajzave-dhe-grave\/","url":"https:\/\/kt.gov.rs\/sq\/aksioni-miliarda-ngrihet-dhe-ne-bujanoc-ndaloni-dhunen-ndaj-vajzave-dhe-grave\/","name":"AKSIONI MILIARDA NGRIHET DHE N\u00cb BUJANOC: NDALONI DHUN\u00cbN NDAJ VAJZAVE DHE GRAVE - Republika e S\u00ebrbis\u00eb Trupi Koordinues p\u00ebr komunat Bujanoc, Preshev\u00eb dhe Medvegj\u00eb","isPartOf":{"@id":"https:\/\/kt.gov.rs\/#website"},"primaryImageOfPage":{"@id":"https:\/\/kt.gov.rs\/sq\/aksioni-miliarda-ngrihet-dhe-ne-bujanoc-ndaloni-dhunen-ndaj-vajzave-dhe-grave\/#primaryimage"},"image":{"@id":"https:\/\/kt.gov.rs\/sq\/aksioni-miliarda-ngrihet-dhe-ne-bujanoc-ndaloni-dhunen-ndaj-vajzave-dhe-grave\/#primaryimage"},"thumbnailUrl":"https:\/\/kt.gov.rs\/wp-content\/uploads\/2024\/07\/1645114708_1705222_1-3.jpg","datePublished":"2022-02-17T00:00:00+00:00","dateModified":"2024-07-30T17:57:51+00:00","breadcrumb":{"@id":"https:\/\/kt.gov.rs\/sq\/aksioni-miliarda-ngrihet-dhe-ne-bujanoc-ndaloni-dhunen-ndaj-vajzave-dhe-grave\/#breadcrumb"},"inLanguage":"sq-AL","potentialAction":[{"@type":"ReadAction","target":["https:\/\/kt.gov.rs\/sq\/aksioni-miliarda-ngrihet-dhe-ne-bujanoc-ndaloni-dhunen-ndaj-vajzave-dhe-grave\/"]}]},{"@type":"ImageObject","inLanguage":"sq-AL","@id":"https:\/\/kt.gov.rs\/sq\/aksioni-miliarda-ngrihet-dhe-ne-bujanoc-ndaloni-dhunen-ndaj-vajzave-dhe-grave\/#primaryimage","url":"https:\/\/kt.gov.rs\/wp-content\/uploads\/2024\/07\/1645114708_1705222_1-3.jpg","contentUrl":"https:\/\/kt.gov.rs\/wp-content\/uploads\/2024\/07\/1645114708_1705222_1-3.jpg","width":315,"height":230},{"@type":"BreadcrumbList","@id":"https:\/\/kt.gov.rs\/sq\/aksioni-miliarda-ngrihet-dhe-ne-bujanoc-ndaloni-dhunen-ndaj-vajzave-dhe-grave\/#breadcrumb","itemListElement":[{"@type":"ListItem","position":1,"name":"\u041f\u043e\u0447\u0435\u0442\u043d\u0430","item":"https:\/\/kt.gov.rs\/sq\/"},{"@type":"ListItem","position":2,"name":"AKSIONI MILIARDA NGRIHET DHE N\u00cb BUJANOC: NDALONI DHUN\u00cbN NDAJ VAJZAVE DHE GRAVE"}]},{"@type":"WebSite","@id":"https:\/\/kt.gov.rs\/#website","url":"https:\/\/kt.gov.rs\/","name":"\u041a\u043e\u043e\u0440\u0434\u0438\u043d\u0430\u0446\u0438\u043e\u043d\u043e \u0442\u0435\u043b\u043e \u0412\u043b\u0430\u0434\u0435 \u0420\u0435\u043f\u0443\u0431\u043b\u0438\u043a\u0435 \u0421\u0440\u0431\u0438\u0458\u0435 \u0437\u0430 \u043e\u043f\u0448\u0442\u0438\u043d\u0435 \u041f\u0440\u0435\u0448\u0435\u0432\u043e, \u0411\u0443\u0458\u0430\u043d\u043e\u0432\u0430\u0446 \u0438 \u041c\u0435\u0434\u0432\u0435\u0452a","description":"","publisher":{"@id":"https:\/\/kt.gov.rs\/#organization"},"alternateName":"\u041a\u043e\u043e\u0440\u0434\u0438\u043d\u0430\u0446\u0438\u043e\u043d\u043e \u0442\u0435\u043b\u043e","potentialAction":[{"@type":"SearchAction","target":{"@type":"EntryPoint","urlTemplate":"https:\/\/kt.gov.rs\/?s={search_term_string}"},"query-input":{"@type":"PropertyValueSpecification","valueRequired":true,"valueName":"search_term_string"}}],"inLanguage":"sq-AL"},{"@type":"Organization","@id":"https:\/\/kt.gov.rs\/#organization","name":"\u041a\u043e\u043e\u0440\u0434\u0438\u043d\u0430\u0446\u0438\u043e\u043d\u043e \u0442\u0435\u043b\u043e \u0412\u043b\u0430\u0434\u0435 \u0420\u0435\u043f\u0443\u0431\u043b\u0438\u043a\u0435 \u0421\u0440\u0431\u0438\u0458\u0435 \u0437\u0430 \u043e\u043f\u0448\u0442\u0438\u043d\u0435 \u041f\u0440\u0435\u0448\u0435\u0432\u043e, \u0411\u0443\u0458\u0430\u043d\u043e\u0432\u0430\u0446 \u0438 \u041c\u0435\u0434\u0432\u0435\u0452a","alternateName":"\u041a\u043e\u043e\u0440\u0434\u0438\u043d\u0430\u0446\u0438\u043e\u043d\u043e \u0442\u0435\u043b\u043e","url":"https:\/\/kt.gov.rs\/","logo":{"@type":"ImageObject","inLanguage":"sq-AL","@id":"https:\/\/kt.gov.rs\/#\/schema\/logo\/image\/","url":"https:\/\/kt.gov.rs\/wp-content\/uploads\/2024\/12\/koord2.jpg","contentUrl":"https:\/\/kt.gov.rs\/wp-content\/uploads\/2024\/12\/koord2.jpg","width":640,"height":480,"caption":"\u041a\u043e\u043e\u0440\u0434\u0438\u043d\u0430\u0446\u0438\u043e\u043d\u043e \u0442\u0435\u043b\u043e \u0412\u043b\u0430\u0434\u0435 \u0420\u0435\u043f\u0443\u0431\u043b\u0438\u043a\u0435 \u0421\u0440\u0431\u0438\u0458\u0435 \u0437\u0430 \u043e\u043f\u0448\u0442\u0438\u043d\u0435 \u041f\u0440\u0435\u0448\u0435\u0432\u043e, \u0411\u0443\u0458\u0430\u043d\u043e\u0432\u0430\u0446 \u0438 \u041c\u0435\u0434\u0432\u0435\u0452a"},"image":{"@id":"https:\/\/kt.gov.rs\/#\/schema\/logo\/image\/"},"sameAs":["https:\/\/www.facebook.com\/SluzbaKoordinacionogTelaVladeRepublikeSrbije","https:\/\/x.com\/kt_gov","https:\/\/www.youtube.com\/@koordinacionotelo"]},{"@type":"Person","@id":"https:\/\/kt.gov.rs\/#\/schema\/person\/e426459ddb4173309103390602694571","name":"ktmin","image":{"@type":"ImageObject","inLanguage":"sq-AL","@id":"https:\/\/secure.gravatar.com\/avatar\/3985c961109853010c3fbc7ba30365bfba5db3dd6c525831d9c595c7525a615a?s=96&d=mm&r=g","url":"https:\/\/secure.gravatar.com\/avatar\/3985c961109853010c3fbc7ba30365bfba5db3dd6c525831d9c595c7525a615a?s=96&d=mm&r=g","contentUrl":"https:\/\/secure.gravatar.com\/avatar\/3985c961109853010c3fbc7ba30365bfba5db3dd6c525831d9c595c7525a615a?s=96&d=mm&r=g","caption":"ktmin"},"sameAs":["https:\/\/kt.gov.rs"],"url":"https:\/\/kt.gov.rs\/sq\/author\/ktmin\/"}]}},"_links":{"self":[{"href":"https:\/\/kt.gov.rs\/sq\/wp-json\/wp\/v2\/posts\/108237","targetHints":{"allow":["GET"]}}],"collection":[{"href":"https:\/\/kt.gov.rs\/sq\/wp-json\/wp\/v2\/posts"}],"about":[{"href":"https:\/\/kt.gov.rs\/sq\/wp-json\/wp\/v2\/types\/post"}],"author":[{"embeddable":true,"href":"https:\/\/kt.gov.rs\/sq\/wp-json\/wp\/v2\/users\/1"}],"replies":[{"embeddable":true,"href":"https:\/\/kt.gov.rs\/sq\/wp-json\/wp\/v2\/comments?post=108237"}],"version-history":[{"count":1,"href":"https:\/\/kt.gov.rs\/sq\/wp-json\/wp\/v2\/posts\/108237\/revisions"}],"predecessor-version":[{"id":108241,"href":"https:\/\/kt.gov.rs\/sq\/wp-json\/wp\/v2\/posts\/108237\/revisions\/108241"}],"wp:featuredmedia":[{"embeddable":true,"href":"https:\/\/kt.gov.rs\/sq\/wp-json\/wp\/v2\/media\/108242"}],"wp:attachment":[{"href":"https:\/\/kt.gov.rs\/sq\/wp-json\/wp\/v2\/media?parent=108237"}],"wp:term":[{"taxonomy":"category","embeddable":true,"href":"https:\/\/kt.gov.rs\/sq\/wp-json\/wp\/v2\/categories?post=108237"},{"taxonomy":"post_tag","embeddable":true,"href":"https:\/\/kt.gov.rs\/sq\/wp-json\/wp\/v2\/tags?post=108237"}],"curies":[{"name":"wp","href":"https:\/\/api.w.org\/{rel}","templated":true}]}}