{"id":108215,"date":"2022-02-21T00:00:00","date_gmt":"2022-02-21T00:00:00","guid":{"rendered":"http:\/\/kt.printandscreen.rs\/ndryshmeria-eshte-perparesi-dhe-jo-mangesi-thote-bogdan-matiq\/"},"modified":"2024-07-30T17:57:50","modified_gmt":"2024-07-30T17:57:50","slug":"ndryshmeria-eshte-perparesi-dhe-jo-mangesi-thote-bogdan-matiq","status":"publish","type":"post","link":"https:\/\/kt.gov.rs\/sq\/ndryshmeria-eshte-perparesi-dhe-jo-mangesi-thote-bogdan-matiq\/","title":{"rendered":"\u201cNDRYSHM\u00cbRIA \u00cbSHT\u00cb P\u00cbRPAR\u00cbSI DHE JO MANG\u00cbSI\u201d THOT\u00cb BOGDAN MATIQ"},"content":{"rendered":"<p>\n\t<strong><img decoding=\"async\" alt=\"\" src=\"https:\/\/kt.gov.rs\/wp-content\/uploads\/2024\/07\/1645440426_2102_1-2.jpg\" style=\"width: 315px; height: 230px; float: left;\" \/><\/strong><strong>Bujanoc-Beograd \u2013 <\/strong>Bogdan Matiq nx\u00ebn\u00ebs i klas\u00ebs s\u00eb kat\u00ebrt t\u00eb gjimnazit \u201cSveti Sava\u201d n\u00eb Bujanoc \u00ebsht\u00eb shembull se si duhet luftuar p\u00ebr nj\u00eb t\u00eb nes\u00ebrme m\u00eb t\u00eb mir\u00eb: me dije, kultur\u00eb, arsim, mir\u00ebkuptim. Bogdani \u00ebsht\u00eb aktivist, mbrojt\u00ebs i nd\u00ebrkulturalizmit dhe lufton kund\u00ebr t\u00eb gjitha formave t\u00eb diskriminimit. Ai \u00ebsht\u00eb an\u00ebtar i komitetit t\u00eb t\u00eb rinjve t\u00eb Unicefit dhe kryetar i parlamentit studentor.<\/p>\n<p>\n\t\u201cOrganizatat joqeveritare \u00a0kan\u00eb kontribuar shum\u00eb p\u00ebr k\u00ebt\u00eb. Pothuajse \u00e7do muaj kemi aktivitete me bashk\u00ebmoshatar\u00ebt e shkollave t\u00eb tjera dhe shpesh organizojm\u00eb evente p\u00ebrmes Parlamentit t\u00eb Nx\u00ebn\u00ebsve. Kam v\u00ebn\u00eb re motivimin e madh t\u00eb t\u00eb rinjve kur b\u00ebhet fjal\u00eb p\u00ebr aksionet humanitare. Me k\u00ebt\u00eb rast d\u00ebshiroj t\u00eb fal\u00ebnderoj t\u00eb gjitha organizatat joqeveritare si dhe sektorin qeveritar q\u00eb me sukses i realizuan aktivitetet e tyre n\u00eb Bujanoc. \u201cD\u00ebshiroj t\u00eb fal\u00ebnderoj edhe t\u00eb gjith\u00eb donator\u00ebt q\u00eb financojn\u00eb projektet dhe aktivitetet tona\u201d, tha ai.<\/p>\n<p>\n\tMatiq thekson se t\u00eb rinjt\u00eb jan\u00eb aktivizuar shum\u00eb n\u00eb Bujanoc vitet e fundit.<\/p>\n<p>\n\tSipas tij, problemet m\u00eb t\u00eb m\u00ebdha t\u00eb t\u00eb rinjve n\u00eb Bujanoc \u00ebsht\u00eb mungesa e hap\u00ebsir\u00ebs adekuate p\u00ebr t\u00eb rinjt\u00eb ku t\u00eb mblidhen, t\u00eb shoq\u00ebrohen dhe t\u00eb mendojn\u00eb p\u00ebr projekte t\u00eb reja t\u00eb p\u00ebrbashk\u00ebta.<\/p>\n<p>\n\t\u201cPo ashtu, problem i madh \u00ebsht\u00eb papun\u00ebsia dhe largimi i t\u00eb rinjve nga Bujanoci. Deklaratat e politikan\u00ebve shpesh din\u00eb t\u00eb na prishin shoq\u00ebrimin dhe pyetja jon\u00eb \u00ebsht\u00eb: Pse nuk i kap\u00ebrceni ato barra t\u00eb s\u00eb shkuar\u00ebs dhe nuk i drejtoheni s\u00eb ardhmes? Mjaft me ato \u201cpasqyra\u201d q\u00eb na b\u00ebjn\u00eb t\u00eb kthehemi pas. \u201cShikoni p\u00ebrpara dhe b\u00ebni di\u00e7ka t\u00eb mir\u00eb p\u00ebr ne t\u00eb rinjt\u00eb q\u00eb d\u00ebshirojm\u00eb ta b\u00ebjm\u00eb Bujanocin nj\u00eb vend m\u00eb t\u00eb mir\u00eb p\u00ebr t\u00eb jetuar\u201d, p\u00ebrfundoi ai.<\/p>\n<p>\n\tSi kryetar i parlamentit studentor, Matiq thot\u00eb se \u00ebsht\u00eb nj\u00eb institucion formal i garantuar me ligj dhe si i till\u00eb u mund\u00ebson student\u00ebve nj\u00eb m\u00ebnyr\u00eb demokratike t\u00eb shoq\u00ebrimit p\u00ebr t\u00eb p\u00ebrfaq\u00ebsuar interesat e t\u00eb gjith\u00eb nx\u00ebn\u00ebsve n\u00eb shkoll\u00eb, si dhe marrjen e vendimeve q\u00eb prekin drejtp\u00ebrdrejt ata.<\/p>\n<p>\n\t\u201c\u201cNe p\u00ebrpiqemi t\u00eb p\u00ebrfaq\u00ebsojm\u00eb t\u00eb gjith\u00eb nx\u00ebn\u00ebsit n\u00eb shkoll\u00eb, t\u00eb mbrojm\u00eb t\u00eb drejtat e tyre, q\u00eb hap\u00ebsira e tyre n\u00eb shkoll\u00eb t\u00eb jet\u00eb sa m\u00eb e mir\u00eb dhe e bukur, q\u00eb shkolla t\u00eb jet\u00eb sht\u00ebpia e tyre e dyt\u00eb. Ne p\u00ebrpiqemi t\u00eb organizojm\u00eb veprime t\u00eb dobishme dhe t\u00eb mira p\u00ebr ne, p\u00ebr t\u00eb buz\u00ebqeshur f\u00ebmij\u00ebt, p\u00ebr t\u00eb ndikuar n\u00eb zhvillimin personal t\u00eb nx\u00ebn\u00ebsve. Ne gjithashtu parandalojm\u00eb diskriminimin brenda shkoll\u00ebs, p\u00ebrkat\u00ebsisht komunitetit lokal. K\u00ebt\u00eb vit shkollor u zgjodha kryetar i parlamentit studentor. Gj\u00ebja e par\u00eb q\u00eb b\u00ebm\u00eb ishte bashk\u00ebpunimi me shkoll\u00ebn ton\u00eb miq\u00ebsore &quot;Sezai Surroi&quot;.Blendina, shoqja ime shum\u00ebvje\u00e7are, t\u00eb cil\u00ebn e takova n\u00eb nj\u00eb shk\u00ebmbim n\u00eb Zvic\u00ebr n\u00eb vitin 2018, organizuar nga Grupi 484, u zgjodh kryetare e parlamentit studentor n\u00eb shkoll\u00ebn e mesme \u201cSezai Surroi\u201d. Deri m\u00eb tani kemi b\u00ebr\u00eb shum\u00eb gj\u00ebra t\u00eb mira s\u00eb bashku, dhe bazuar P\u00ebr k\u00ebt\u00eb mund t\u00eb konstatojm\u00eb se sa shum\u00eb na kan\u00eb afruar aktivitetet\u201d, shpjegon Bogdani.<\/p>\n<p>\n\t<img decoding=\"async\" alt=\"\" src=\"https:\/\/kt.gov.rs\/wp-content\/uploads\/2024\/07\/1645440464_2102_2-1.jpg\" style=\"width: 315px; height: 230px; float: left;\" \/><\/p>\n<p>\n\tQ\u00eb nga fillimi i vitit shkollor, t\u00eb rinjt\u00eb n\u00eb Bujanoc kan\u00eb organizuar aktivitete t\u00eb shumta.<\/p>\n<p>\n\t\u201cAktiviteti yn\u00eb i par\u00eb ishte nj\u00eb aksion mjedisor, ndoshta aksioni m\u00eb i shumt\u00eb deri tani, i organizuar nga parlamenti i gjimnazit \u201cSezai Surroi\u201d, me shkoll\u00ebn ton\u00eb dhe organizat\u00ebn joqeveritare Iniciativa Qytetare. M\u00eb pas pat\u00ebm nj\u00eb aksion me rastin e Dit\u00ebs s\u00eb Paqes, ku parlamentet organizuan\u00a0 performanc\u00eb n\u00eb bashk\u00ebpunim me Grupin 484. Ishte aktivitet i bukur, ku u d\u00ebrguam\u00a0 mesazh t\u00eb r\u00ebnd\u00ebsish\u00ebm politikan\u00ebve q\u00eb t\u00eb mos na prishin unitetin. Aksioni i radh\u00ebs ishte i karakterit humanitar, kur grumbulluam donacione p\u00ebr bashk\u00ebqytetaren ton\u00eb Sanj\u00ebn p\u00ebr trajtimin e saj. Organizuam aksion humanitar p\u00ebr t&#39;i pajisur f\u00ebmij\u00ebt e familjeve t\u00eb rrezikuara nga shoq\u00ebria me pako p\u00ebr festat e fundvitit. Ne ishim mysafir\u00eb t\u00eb shum\u00eb takimeve me p\u00ebrfaq\u00ebsues t\u00eb OSBE-s\u00eb, sht\u00ebpive mediatike, Ministrisa p\u00ebr t\u00eb drejtat e njeriut dhe pakicave dhe dialogut social, organizatat joqeveritare, takime me ekipin komunal p\u00ebr marr\u00ebdh\u00ebnie nd\u00ebretnike dhe takime me p\u00ebrfaq\u00ebsues t\u00eb Kuvendit t\u00eb Komun\u00ebs s\u00eb Bujanocit, i cili financoi projektin e ardhsh\u00ebm parlamentar. Gjithashtu kemi ndjekur nj\u00eb s\u00ebr\u00eb trajnimesh, nga nd\u00ebrkulturalizmi tek toleranca, debati, ekologjia\u201d, thekson aktivisti i ri.<\/p>\n<p>\n\tBogdan Matiq \u00ebnd\u00ebrron p\u00ebr nj\u00eb vend m\u00eb t\u00eb mir\u00eb p\u00ebr t\u00eb jetuar, por ndryshe nga ata q\u00eb vet\u00ebm n\u00eb m\u00ebnyr\u00eb kritike v\u00ebzhgojn\u00eb bot\u00ebn rreth tij, ai me gjith\u00eb zem\u00ebr p\u00ebrpiqet ta arrij\u00eb k\u00ebt\u00eb n\u00eb Bujanoc.<\/p>\n<p>\n\t<img decoding=\"async\" alt=\"\" src=\"https:\/\/kt.gov.rs\/wp-content\/uploads\/2024\/07\/1645440488_2102_3-1.jpg\" style=\"width: 315px; height: 230px; float: left;\" \/>\u201cM\u00eb p\u00eblqen t\u00eb lexoj, t\u00eb shkruaj dhe t\u00eb flas. Un\u00eb e dua qytetin tim t\u00eb vog\u00ebl dhe njer\u00ebzit q\u00eb jetojn\u00eb n\u00eb t\u00eb. Jam krenar q\u00eb vij nga Bujanoci sepse pata rastin t\u00eb rritem dhe t\u00eb njoh shum\u00eb kultura dhe kombe t\u00eb ndryshme q\u00eb jetojn\u00eb n\u00eb t\u00eb. Le t\u00eb jet\u00eb ndryshm\u00ebria ajo q\u00eb na lidh. \u201cM\u00ebsoni nga nj\u00ebri-tjetri dhe pasurohuni\u201d, tha ai.<\/p>\n<p>\n\tN\u00ebse do t\u00eb mundej, ai thot\u00eb se do t\u00eb ndryshonte shum\u00eb n\u00eb komunitetin e tij.<\/p>\n<p>\n\t\u201cDo t\u00eb shkonim n\u00eb nj\u00eb shkoll\u00eb t\u00eb madhe t\u00eb p\u00ebrbashk\u00ebt, do t\u00eb nd\u00ebrtonim nj\u00eb k\u00ebnd t\u00eb madh ku do t\u00eb rrinim, do t\u00eb ndryshonim funksionimin e qendr\u00ebs sportive, ku t\u00eb rinjt\u00eb do t\u00eb kishin termin falas. Do t\u00eb zgjeronim qendr\u00ebn sportive dhe do t\u00eb nd\u00ebrtonim nj\u00eb pishin\u00eb. \u201cM\u00eb e r\u00ebnd\u00ebsishmja, ajo q\u00eb po b\u00ebjm\u00eb tani dhe \u00e7far\u00eb do t\u00eb vazhdojm\u00eb t\u00eb b\u00ebjm\u00eb, do t\u00eb ndikojm\u00eb n\u00eb t\u00eb ardhmen e f\u00ebmij\u00ebve t\u00eb komun\u00ebs son\u00eb, do t\u00eb mundohemi q\u00eb sa m\u00eb shum\u00eb t\u00eb tejkalojm\u00eb stereotipet dhe t\u00eb ndikojm\u00eb n\u00eb nd\u00ebrkulturalizmin n\u00eb Bujanocin ton\u00eb t\u00eb vog\u00ebl\u201d, tha ky i ri nga Bujanoci.<\/p>\n<p>\n\t<strong>Burimi: Trupi Koordinues<\/strong><\/p>\n<p>\n\t\u00a0<\/p>\n","protected":false},"excerpt":{"rendered":"<p>Bujanoc-Beograd \u2013\u00a0Bogdan Matiq nx\u00ebn\u00ebs i klas\u00ebs s\u00eb kat\u00ebrt t\u00eb gjimnazit \u201cSveti Sava\u201d n\u00eb Bujanoc \u00ebsht\u00eb shembull se si duhet luftuar p\u00ebr nj\u00eb t\u00eb nes\u00ebrme m\u00eb t\u00eb mir\u00eb: me dije, kultur\u00eb, arsim, mir\u00ebkuptim. Bogdani \u00ebsht\u00eb aktivist, mbrojt\u00ebs i nd\u00ebrkulturalizmit dhe lufton kund\u00ebr t\u00eb gjitha formave t\u00eb diskriminimit. Ai \u00ebsht\u00eb an\u00ebtar\u2026<\/p>\n","protected":false},"author":1,"featured_media":108226,"comment_status":"closed","ping_status":"closed","sticky":false,"template":"","format":"standard","meta":{"footnotes":""},"categories":[55],"tags":[],"class_list":["post-108215","post","type-post","status-publish","format-standard","has-post-thumbnail","hentry","category-lajme"],"yoast_head":"<!-- This site is optimized with the Yoast SEO plugin v27.5 - https:\/\/yoast.com\/product\/yoast-seo-wordpress\/ -->\n<title>\u201cNDRYSHM\u00cbRIA \u00cbSHT\u00cb P\u00cbRPAR\u00cbSI DHE JO MANG\u00cbSI\u201d THOT\u00cb BOGDAN MATIQ - Republika e S\u00ebrbis\u00eb Trupi Koordinues p\u00ebr komunat Bujanoc, Preshev\u00eb dhe Medvegj\u00eb<\/title>\n<meta name=\"robots\" content=\"index, follow, max-snippet:-1, max-image-preview:large, max-video-preview:-1\" \/>\n<link rel=\"canonical\" href=\"https:\/\/kt.gov.rs\/sq\/ndryshmeria-eshte-perparesi-dhe-jo-mangesi-thote-bogdan-matiq\/\" \/>\n<meta property=\"og:locale\" content=\"sq_AL\" \/>\n<meta property=\"og:type\" content=\"article\" \/>\n<meta property=\"og:title\" content=\"\u201cNDRYSHM\u00cbRIA \u00cbSHT\u00cb P\u00cbRPAR\u00cbSI DHE JO MANG\u00cbSI\u201d THOT\u00cb BOGDAN MATIQ - Republika e S\u00ebrbis\u00eb Trupi Koordinues p\u00ebr komunat Bujanoc, Preshev\u00eb dhe Medvegj\u00eb\" \/>\n<meta property=\"og:description\" content=\"Bujanoc-Beograd \u2013\u00a0Bogdan Matiq nx\u00ebn\u00ebs i klas\u00ebs s\u00eb kat\u00ebrt t\u00eb gjimnazit \u201cSveti Sava\u201d n\u00eb Bujanoc \u00ebsht\u00eb shembull se si duhet luftuar p\u00ebr nj\u00eb t\u00eb nes\u00ebrme m\u00eb t\u00eb mir\u00eb: me dije, kultur\u00eb, arsim, mir\u00ebkuptim. Bogdani \u00ebsht\u00eb aktivist, mbrojt\u00ebs i nd\u00ebrkulturalizmit dhe lufton kund\u00ebr t\u00eb gjitha formave t\u00eb diskriminimit. Ai \u00ebsht\u00eb an\u00ebtar...\" \/>\n<meta property=\"og:url\" content=\"https:\/\/kt.gov.rs\/sq\/ndryshmeria-eshte-perparesi-dhe-jo-mangesi-thote-bogdan-matiq\/\" \/>\n<meta property=\"og:site_name\" content=\"Republika e S\u00ebrbis\u00eb Trupi Koordinues p\u00ebr komunat Bujanoc, Preshev\u00eb dhe Medvegj\u00eb\" \/>\n<meta property=\"article:publisher\" content=\"https:\/\/www.facebook.com\/SluzbaKoordinacionogTelaVladeRepublikeSrbije\" \/>\n<meta property=\"article:published_time\" content=\"2022-02-21T00:00:00+00:00\" \/>\n<meta property=\"article:modified_time\" content=\"2024-07-30T17:57:50+00:00\" \/>\n<meta property=\"og:image\" content=\"https:\/\/kt.gov.rs\/wp-content\/uploads\/2024\/07\/1645440426_2102_1-3.jpg\" \/>\n\t<meta property=\"og:image:width\" content=\"315\" \/>\n\t<meta property=\"og:image:height\" content=\"230\" \/>\n\t<meta property=\"og:image:type\" content=\"image\/jpeg\" \/>\n<meta name=\"author\" content=\"ktmin\" \/>\n<meta name=\"twitter:card\" content=\"summary_large_image\" \/>\n<meta name=\"twitter:creator\" content=\"@kt_gov\" \/>\n<meta name=\"twitter:site\" content=\"@kt_gov\" \/>\n<meta name=\"twitter:label1\" content=\"Written by\" \/>\n\t<meta name=\"twitter:data1\" content=\"ktmin\" \/>\n\t<meta name=\"twitter:label2\" content=\"Est. reading time\" \/>\n\t<meta name=\"twitter:data2\" content=\"7 minutes\" \/>\n<script type=\"application\/ld+json\" class=\"yoast-schema-graph\">{\"@context\":\"https:\\\/\\\/schema.org\",\"@graph\":[{\"@type\":\"Article\",\"@id\":\"https:\\\/\\\/kt.gov.rs\\\/sq\\\/ndryshmeria-eshte-perparesi-dhe-jo-mangesi-thote-bogdan-matiq\\\/#article\",\"isPartOf\":{\"@id\":\"https:\\\/\\\/kt.gov.rs\\\/sq\\\/ndryshmeria-eshte-perparesi-dhe-jo-mangesi-thote-bogdan-matiq\\\/\"},\"author\":{\"name\":\"ktmin\",\"@id\":\"https:\\\/\\\/kt.gov.rs\\\/#\\\/schema\\\/person\\\/e426459ddb4173309103390602694571\"},\"headline\":\"\u201cNDRYSHM\u00cbRIA \u00cbSHT\u00cb P\u00cbRPAR\u00cbSI DHE JO MANG\u00cbSI\u201d THOT\u00cb BOGDAN MATIQ\",\"datePublished\":\"2022-02-21T00:00:00+00:00\",\"dateModified\":\"2024-07-30T17:57:50+00:00\",\"mainEntityOfPage\":{\"@id\":\"https:\\\/\\\/kt.gov.rs\\\/sq\\\/ndryshmeria-eshte-perparesi-dhe-jo-mangesi-thote-bogdan-matiq\\\/\"},\"wordCount\":1498,\"publisher\":{\"@id\":\"https:\\\/\\\/kt.gov.rs\\\/#organization\"},\"image\":{\"@id\":\"https:\\\/\\\/kt.gov.rs\\\/sq\\\/ndryshmeria-eshte-perparesi-dhe-jo-mangesi-thote-bogdan-matiq\\\/#primaryimage\"},\"thumbnailUrl\":\"https:\\\/\\\/kt.gov.rs\\\/wp-content\\\/uploads\\\/2024\\\/07\\\/1645440426_2102_1-3.jpg\",\"articleSection\":[\"Lajme\"],\"inLanguage\":\"sq-AL\"},{\"@type\":\"WebPage\",\"@id\":\"https:\\\/\\\/kt.gov.rs\\\/sq\\\/ndryshmeria-eshte-perparesi-dhe-jo-mangesi-thote-bogdan-matiq\\\/\",\"url\":\"https:\\\/\\\/kt.gov.rs\\\/sq\\\/ndryshmeria-eshte-perparesi-dhe-jo-mangesi-thote-bogdan-matiq\\\/\",\"name\":\"\u201cNDRYSHM\u00cbRIA \u00cbSHT\u00cb P\u00cbRPAR\u00cbSI DHE JO MANG\u00cbSI\u201d THOT\u00cb BOGDAN MATIQ - Republika e S\u00ebrbis\u00eb Trupi Koordinues p\u00ebr komunat Bujanoc, Preshev\u00eb dhe Medvegj\u00eb\",\"isPartOf\":{\"@id\":\"https:\\\/\\\/kt.gov.rs\\\/#website\"},\"primaryImageOfPage\":{\"@id\":\"https:\\\/\\\/kt.gov.rs\\\/sq\\\/ndryshmeria-eshte-perparesi-dhe-jo-mangesi-thote-bogdan-matiq\\\/#primaryimage\"},\"image\":{\"@id\":\"https:\\\/\\\/kt.gov.rs\\\/sq\\\/ndryshmeria-eshte-perparesi-dhe-jo-mangesi-thote-bogdan-matiq\\\/#primaryimage\"},\"thumbnailUrl\":\"https:\\\/\\\/kt.gov.rs\\\/wp-content\\\/uploads\\\/2024\\\/07\\\/1645440426_2102_1-3.jpg\",\"datePublished\":\"2022-02-21T00:00:00+00:00\",\"dateModified\":\"2024-07-30T17:57:50+00:00\",\"breadcrumb\":{\"@id\":\"https:\\\/\\\/kt.gov.rs\\\/sq\\\/ndryshmeria-eshte-perparesi-dhe-jo-mangesi-thote-bogdan-matiq\\\/#breadcrumb\"},\"inLanguage\":\"sq-AL\",\"potentialAction\":[{\"@type\":\"ReadAction\",\"target\":[\"https:\\\/\\\/kt.gov.rs\\\/sq\\\/ndryshmeria-eshte-perparesi-dhe-jo-mangesi-thote-bogdan-matiq\\\/\"]}]},{\"@type\":\"ImageObject\",\"inLanguage\":\"sq-AL\",\"@id\":\"https:\\\/\\\/kt.gov.rs\\\/sq\\\/ndryshmeria-eshte-perparesi-dhe-jo-mangesi-thote-bogdan-matiq\\\/#primaryimage\",\"url\":\"https:\\\/\\\/kt.gov.rs\\\/wp-content\\\/uploads\\\/2024\\\/07\\\/1645440426_2102_1-3.jpg\",\"contentUrl\":\"https:\\\/\\\/kt.gov.rs\\\/wp-content\\\/uploads\\\/2024\\\/07\\\/1645440426_2102_1-3.jpg\",\"width\":315,\"height\":230},{\"@type\":\"BreadcrumbList\",\"@id\":\"https:\\\/\\\/kt.gov.rs\\\/sq\\\/ndryshmeria-eshte-perparesi-dhe-jo-mangesi-thote-bogdan-matiq\\\/#breadcrumb\",\"itemListElement\":[{\"@type\":\"ListItem\",\"position\":1,\"name\":\"Po\u010detna\",\"item\":\"https:\\\/\\\/kt.gov.rs\\\/sq\\\/\"},{\"@type\":\"ListItem\",\"position\":2,\"name\":\"\u201cNDRYSHM\u00cbRIA \u00cbSHT\u00cb P\u00cbRPAR\u00cbSI DHE JO MANG\u00cbSI\u201d THOT\u00cb BOGDAN MATIQ\"}]},{\"@type\":\"WebSite\",\"@id\":\"https:\\\/\\\/kt.gov.rs\\\/#website\",\"url\":\"https:\\\/\\\/kt.gov.rs\\\/\",\"name\":\"Koordinaciono telo Vlade Republike Srbije za op\u0161tine Pre\u0161evo, Bujanovac i Medve\u0111a\",\"description\":\"\",\"publisher\":{\"@id\":\"https:\\\/\\\/kt.gov.rs\\\/#organization\"},\"alternateName\":\"Koordinaciono telo\",\"potentialAction\":[{\"@type\":\"SearchAction\",\"target\":{\"@type\":\"EntryPoint\",\"urlTemplate\":\"https:\\\/\\\/kt.gov.rs\\\/?s={search_term_string}\"},\"query-input\":{\"@type\":\"PropertyValueSpecification\",\"valueRequired\":true,\"valueName\":\"search_term_string\"}}],\"inLanguage\":\"sq-AL\"},{\"@type\":\"Organization\",\"@id\":\"https:\\\/\\\/kt.gov.rs\\\/#organization\",\"name\":\"Koordinaciono telo Vlade Republike Srbije za op\u0161tine Pre\u0161evo, Bujanovac i Medve\u0111a\",\"alternateName\":\"Koordinaciono telo\",\"url\":\"https:\\\/\\\/kt.gov.rs\\\/\",\"logo\":{\"@type\":\"ImageObject\",\"inLanguage\":\"sq-AL\",\"@id\":\"https:\\\/\\\/kt.gov.rs\\\/#\\\/schema\\\/logo\\\/image\\\/\",\"url\":\"https:\\\/\\\/kt.gov.rs\\\/wp-content\\\/uploads\\\/2024\\\/12\\\/koord2.jpg\",\"contentUrl\":\"https:\\\/\\\/kt.gov.rs\\\/wp-content\\\/uploads\\\/2024\\\/12\\\/koord2.jpg\",\"width\":640,\"height\":480,\"caption\":\"Koordinaciono telo Vlade Republike Srbije za op\u0161tine Pre\u0161evo, Bujanovac i Medve\u0111a\"},\"image\":{\"@id\":\"https:\\\/\\\/kt.gov.rs\\\/#\\\/schema\\\/logo\\\/image\\\/\"},\"sameAs\":[\"https:\\\/\\\/www.facebook.com\\\/SluzbaKoordinacionogTelaVladeRepublikeSrbije\",\"https:\\\/\\\/x.com\\\/kt_gov\",\"https:\\\/\\\/www.youtube.com\\\/@koordinacionotelo\"]},{\"@type\":\"Person\",\"@id\":\"https:\\\/\\\/kt.gov.rs\\\/#\\\/schema\\\/person\\\/e426459ddb4173309103390602694571\",\"name\":\"ktmin\",\"image\":{\"@type\":\"ImageObject\",\"inLanguage\":\"sq-AL\",\"@id\":\"https:\\\/\\\/secure.gravatar.com\\\/avatar\\\/3985c961109853010c3fbc7ba30365bfba5db3dd6c525831d9c595c7525a615a?s=96&d=mm&r=g\",\"url\":\"https:\\\/\\\/secure.gravatar.com\\\/avatar\\\/3985c961109853010c3fbc7ba30365bfba5db3dd6c525831d9c595c7525a615a?s=96&d=mm&r=g\",\"contentUrl\":\"https:\\\/\\\/secure.gravatar.com\\\/avatar\\\/3985c961109853010c3fbc7ba30365bfba5db3dd6c525831d9c595c7525a615a?s=96&d=mm&r=g\",\"caption\":\"ktmin\"},\"sameAs\":[\"https:\\\/\\\/kt.gov.rs\"],\"url\":\"https:\\\/\\\/kt.gov.rs\\\/sq\\\/author\\\/ktmin\\\/\"}]}<\/script>\n<!-- \/ Yoast SEO plugin. -->","yoast_head_json":{"title":"\u201cNDRYSHM\u00cbRIA \u00cbSHT\u00cb P\u00cbRPAR\u00cbSI DHE JO MANG\u00cbSI\u201d THOT\u00cb BOGDAN MATIQ - Republika e S\u00ebrbis\u00eb Trupi Koordinues p\u00ebr komunat Bujanoc, Preshev\u00eb dhe Medvegj\u00eb","robots":{"index":"index","follow":"follow","max-snippet":"max-snippet:-1","max-image-preview":"max-image-preview:large","max-video-preview":"max-video-preview:-1"},"canonical":"https:\/\/kt.gov.rs\/sq\/ndryshmeria-eshte-perparesi-dhe-jo-mangesi-thote-bogdan-matiq\/","og_locale":"sq_AL","og_type":"article","og_title":"\u201cNDRYSHM\u00cbRIA \u00cbSHT\u00cb P\u00cbRPAR\u00cbSI DHE JO MANG\u00cbSI\u201d THOT\u00cb BOGDAN MATIQ - Republika e S\u00ebrbis\u00eb Trupi Koordinues p\u00ebr komunat Bujanoc, Preshev\u00eb dhe Medvegj\u00eb","og_description":"Bujanoc-Beograd \u2013\u00a0Bogdan Matiq nx\u00ebn\u00ebs i klas\u00ebs s\u00eb kat\u00ebrt t\u00eb gjimnazit \u201cSveti Sava\u201d n\u00eb Bujanoc \u00ebsht\u00eb shembull se si duhet luftuar p\u00ebr nj\u00eb t\u00eb nes\u00ebrme m\u00eb t\u00eb mir\u00eb: me dije, kultur\u00eb, arsim, mir\u00ebkuptim. Bogdani \u00ebsht\u00eb aktivist, mbrojt\u00ebs i nd\u00ebrkulturalizmit dhe lufton kund\u00ebr t\u00eb gjitha formave t\u00eb diskriminimit. Ai \u00ebsht\u00eb an\u00ebtar...","og_url":"https:\/\/kt.gov.rs\/sq\/ndryshmeria-eshte-perparesi-dhe-jo-mangesi-thote-bogdan-matiq\/","og_site_name":"Republika e S\u00ebrbis\u00eb Trupi Koordinues p\u00ebr komunat Bujanoc, Preshev\u00eb dhe Medvegj\u00eb","article_publisher":"https:\/\/www.facebook.com\/SluzbaKoordinacionogTelaVladeRepublikeSrbije","article_published_time":"2022-02-21T00:00:00+00:00","article_modified_time":"2024-07-30T17:57:50+00:00","og_image":[{"width":315,"height":230,"url":"https:\/\/kt.gov.rs\/wp-content\/uploads\/2024\/07\/1645440426_2102_1-3.jpg","type":"image\/jpeg"}],"author":"ktmin","twitter_card":"summary_large_image","twitter_creator":"@kt_gov","twitter_site":"@kt_gov","twitter_misc":{"Written by":"ktmin","Est. reading time":"7 minutes"},"schema":{"@context":"https:\/\/schema.org","@graph":[{"@type":"Article","@id":"https:\/\/kt.gov.rs\/sq\/ndryshmeria-eshte-perparesi-dhe-jo-mangesi-thote-bogdan-matiq\/#article","isPartOf":{"@id":"https:\/\/kt.gov.rs\/sq\/ndryshmeria-eshte-perparesi-dhe-jo-mangesi-thote-bogdan-matiq\/"},"author":{"name":"ktmin","@id":"https:\/\/kt.gov.rs\/#\/schema\/person\/e426459ddb4173309103390602694571"},"headline":"\u201cNDRYSHM\u00cbRIA \u00cbSHT\u00cb P\u00cbRPAR\u00cbSI DHE JO MANG\u00cbSI\u201d THOT\u00cb BOGDAN MATIQ","datePublished":"2022-02-21T00:00:00+00:00","dateModified":"2024-07-30T17:57:50+00:00","mainEntityOfPage":{"@id":"https:\/\/kt.gov.rs\/sq\/ndryshmeria-eshte-perparesi-dhe-jo-mangesi-thote-bogdan-matiq\/"},"wordCount":1498,"publisher":{"@id":"https:\/\/kt.gov.rs\/#organization"},"image":{"@id":"https:\/\/kt.gov.rs\/sq\/ndryshmeria-eshte-perparesi-dhe-jo-mangesi-thote-bogdan-matiq\/#primaryimage"},"thumbnailUrl":"https:\/\/kt.gov.rs\/wp-content\/uploads\/2024\/07\/1645440426_2102_1-3.jpg","articleSection":["Lajme"],"inLanguage":"sq-AL"},{"@type":"WebPage","@id":"https:\/\/kt.gov.rs\/sq\/ndryshmeria-eshte-perparesi-dhe-jo-mangesi-thote-bogdan-matiq\/","url":"https:\/\/kt.gov.rs\/sq\/ndryshmeria-eshte-perparesi-dhe-jo-mangesi-thote-bogdan-matiq\/","name":"\u201cNDRYSHM\u00cbRIA \u00cbSHT\u00cb P\u00cbRPAR\u00cbSI DHE JO MANG\u00cbSI\u201d THOT\u00cb BOGDAN MATIQ - Republika e S\u00ebrbis\u00eb Trupi Koordinues p\u00ebr komunat Bujanoc, Preshev\u00eb dhe Medvegj\u00eb","isPartOf":{"@id":"https:\/\/kt.gov.rs\/#website"},"primaryImageOfPage":{"@id":"https:\/\/kt.gov.rs\/sq\/ndryshmeria-eshte-perparesi-dhe-jo-mangesi-thote-bogdan-matiq\/#primaryimage"},"image":{"@id":"https:\/\/kt.gov.rs\/sq\/ndryshmeria-eshte-perparesi-dhe-jo-mangesi-thote-bogdan-matiq\/#primaryimage"},"thumbnailUrl":"https:\/\/kt.gov.rs\/wp-content\/uploads\/2024\/07\/1645440426_2102_1-3.jpg","datePublished":"2022-02-21T00:00:00+00:00","dateModified":"2024-07-30T17:57:50+00:00","breadcrumb":{"@id":"https:\/\/kt.gov.rs\/sq\/ndryshmeria-eshte-perparesi-dhe-jo-mangesi-thote-bogdan-matiq\/#breadcrumb"},"inLanguage":"sq-AL","potentialAction":[{"@type":"ReadAction","target":["https:\/\/kt.gov.rs\/sq\/ndryshmeria-eshte-perparesi-dhe-jo-mangesi-thote-bogdan-matiq\/"]}]},{"@type":"ImageObject","inLanguage":"sq-AL","@id":"https:\/\/kt.gov.rs\/sq\/ndryshmeria-eshte-perparesi-dhe-jo-mangesi-thote-bogdan-matiq\/#primaryimage","url":"https:\/\/kt.gov.rs\/wp-content\/uploads\/2024\/07\/1645440426_2102_1-3.jpg","contentUrl":"https:\/\/kt.gov.rs\/wp-content\/uploads\/2024\/07\/1645440426_2102_1-3.jpg","width":315,"height":230},{"@type":"BreadcrumbList","@id":"https:\/\/kt.gov.rs\/sq\/ndryshmeria-eshte-perparesi-dhe-jo-mangesi-thote-bogdan-matiq\/#breadcrumb","itemListElement":[{"@type":"ListItem","position":1,"name":"Po\u010detna","item":"https:\/\/kt.gov.rs\/sq\/"},{"@type":"ListItem","position":2,"name":"\u201cNDRYSHM\u00cbRIA \u00cbSHT\u00cb P\u00cbRPAR\u00cbSI DHE JO MANG\u00cbSI\u201d THOT\u00cb BOGDAN MATIQ"}]},{"@type":"WebSite","@id":"https:\/\/kt.gov.rs\/#website","url":"https:\/\/kt.gov.rs\/","name":"Koordinaciono telo Vlade Republike Srbije za op\u0161tine Pre\u0161evo, Bujanovac i Medve\u0111a","description":"","publisher":{"@id":"https:\/\/kt.gov.rs\/#organization"},"alternateName":"Koordinaciono telo","potentialAction":[{"@type":"SearchAction","target":{"@type":"EntryPoint","urlTemplate":"https:\/\/kt.gov.rs\/?s={search_term_string}"},"query-input":{"@type":"PropertyValueSpecification","valueRequired":true,"valueName":"search_term_string"}}],"inLanguage":"sq-AL"},{"@type":"Organization","@id":"https:\/\/kt.gov.rs\/#organization","name":"Koordinaciono telo Vlade Republike Srbije za op\u0161tine Pre\u0161evo, Bujanovac i Medve\u0111a","alternateName":"Koordinaciono telo","url":"https:\/\/kt.gov.rs\/","logo":{"@type":"ImageObject","inLanguage":"sq-AL","@id":"https:\/\/kt.gov.rs\/#\/schema\/logo\/image\/","url":"https:\/\/kt.gov.rs\/wp-content\/uploads\/2024\/12\/koord2.jpg","contentUrl":"https:\/\/kt.gov.rs\/wp-content\/uploads\/2024\/12\/koord2.jpg","width":640,"height":480,"caption":"Koordinaciono telo Vlade Republike Srbije za op\u0161tine Pre\u0161evo, Bujanovac i Medve\u0111a"},"image":{"@id":"https:\/\/kt.gov.rs\/#\/schema\/logo\/image\/"},"sameAs":["https:\/\/www.facebook.com\/SluzbaKoordinacionogTelaVladeRepublikeSrbije","https:\/\/x.com\/kt_gov","https:\/\/www.youtube.com\/@koordinacionotelo"]},{"@type":"Person","@id":"https:\/\/kt.gov.rs\/#\/schema\/person\/e426459ddb4173309103390602694571","name":"ktmin","image":{"@type":"ImageObject","inLanguage":"sq-AL","@id":"https:\/\/secure.gravatar.com\/avatar\/3985c961109853010c3fbc7ba30365bfba5db3dd6c525831d9c595c7525a615a?s=96&d=mm&r=g","url":"https:\/\/secure.gravatar.com\/avatar\/3985c961109853010c3fbc7ba30365bfba5db3dd6c525831d9c595c7525a615a?s=96&d=mm&r=g","contentUrl":"https:\/\/secure.gravatar.com\/avatar\/3985c961109853010c3fbc7ba30365bfba5db3dd6c525831d9c595c7525a615a?s=96&d=mm&r=g","caption":"ktmin"},"sameAs":["https:\/\/kt.gov.rs"],"url":"https:\/\/kt.gov.rs\/sq\/author\/ktmin\/"}]}},"_links":{"self":[{"href":"https:\/\/kt.gov.rs\/sq\/wp-json\/wp\/v2\/posts\/108215","targetHints":{"allow":["GET"]}}],"collection":[{"href":"https:\/\/kt.gov.rs\/sq\/wp-json\/wp\/v2\/posts"}],"about":[{"href":"https:\/\/kt.gov.rs\/sq\/wp-json\/wp\/v2\/types\/post"}],"author":[{"embeddable":true,"href":"https:\/\/kt.gov.rs\/sq\/wp-json\/wp\/v2\/users\/1"}],"replies":[{"embeddable":true,"href":"https:\/\/kt.gov.rs\/sq\/wp-json\/wp\/v2\/comments?post=108215"}],"version-history":[{"count":1,"href":"https:\/\/kt.gov.rs\/sq\/wp-json\/wp\/v2\/posts\/108215\/revisions"}],"predecessor-version":[{"id":108225,"href":"https:\/\/kt.gov.rs\/sq\/wp-json\/wp\/v2\/posts\/108215\/revisions\/108225"}],"wp:featuredmedia":[{"embeddable":true,"href":"https:\/\/kt.gov.rs\/sq\/wp-json\/wp\/v2\/media\/108226"}],"wp:attachment":[{"href":"https:\/\/kt.gov.rs\/sq\/wp-json\/wp\/v2\/media?parent=108215"}],"wp:term":[{"taxonomy":"category","embeddable":true,"href":"https:\/\/kt.gov.rs\/sq\/wp-json\/wp\/v2\/categories?post=108215"},{"taxonomy":"post_tag","embeddable":true,"href":"https:\/\/kt.gov.rs\/sq\/wp-json\/wp\/v2\/tags?post=108215"}],"curies":[{"name":"wp","href":"https:\/\/api.w.org\/{rel}","templated":true}]}}