{"id":108207,"date":"2022-02-21T00:00:00","date_gmt":"2022-02-21T00:00:00","guid":{"rendered":"http:\/\/kt.printandscreen.rs\/lena-nga-zhuzhelica-e-para-ne-konkursin-e-artit-te-institutit-batut\/"},"modified":"2024-07-30T17:57:49","modified_gmt":"2024-07-30T17:57:49","slug":"lena-nga-zhuzhelica-e-para-ne-konkursin-e-artit-te-institutit-batut","status":"publish","type":"post","link":"https:\/\/kt.gov.rs\/sq\/lena-nga-zhuzhelica-e-para-ne-konkursin-e-artit-te-institutit-batut\/","title":{"rendered":"LENA NGA ZHUZHELICA E PARA N\u00cb KONKURSIN E ARTIT T\u00cb INSTITUTIT \u201cBATUT\u201d."},"content":{"rendered":"<p>\n\t<strong><img decoding=\"async\" alt=\"\" src=\"https:\/\/kt.gov.rs\/wp-content\/uploads\/2024\/07\/1645621471_21222_1-2.jpg\" style=\"width: 315px; height: 230px; float: left;\" \/><\/strong><strong>Bujanoc \u2013 Beograd \u2013<\/strong> Lena Spasiq nga Zhuzhelica, nx\u00ebn\u00ebse e klas\u00ebs s\u00eb kat\u00ebrt n\u00eb shkoll\u00ebn fillore Vuk Karagjiq n\u00eb Levosov\u00eb, fitoi vendin e par\u00eb n\u00eb nj\u00eb konkurs artistik t\u00eb organizuar nga Instituti i Sh\u00ebndetit Publik t\u00eb Serbis\u00eb &quot;Milan Jovanoviq Batut&quot;.<\/p>\n<p>\n\tN\u00eb konkursin e 81 veprave artistike, Lena dhjet\u00ebvje\u00e7are fitoi konkursin e themeluesve nga e gjith\u00eb Serbia.<\/p>\n<p>\n\tPuna e saj artistike me tem\u00ebn \u201cUshqyerja me gji \u00ebsht\u00eb dhurat\u00eb p\u00ebr nj\u00eb jet\u00eb\u201d dhe fitimi i vendit t\u00eb par\u00eb, p\u00ebr m\u00ebsuesen e Len\u00ebs, Vesna Nakiq nga Bujanoci, nuk \u00ebsht\u00eb befasi sepse, si\u00e7 thot\u00eb ajo, Lena ka nj\u00eb talent t\u00eb madh p\u00ebr vizatim.<\/p>\n<p>\n\t\u201cAjo ka fituar vendin e par\u00eb n\u00eb konkursin artistik t\u00eb organizuar nga shkolla jon\u00eb me rastin e fest\u00ebs s\u00eb shkoll\u00ebs s\u00eb Sh\u00ebn Sav\u00ebs, ndaj ky sukses \u00ebsht\u00eb nj\u00eb nxitje shtes\u00eb p\u00ebr t\u00eb q\u00eb t\u00eb vazhdoj\u00eb t\u00eb zhvilloj\u00eb talentin e saj\u201d, thot\u00eb m\u00ebsuesja Vesna.<\/p>\n<p>\n\tAjo shpjegon se nx\u00ebn\u00ebsit e shkoll\u00ebs s\u00eb Levosov\u00ebs marrin pjes\u00eb \u00e7do vit n\u00eb konkursin artistik e letrar q\u00eb organizon Trampoline dhe se gjithmon\u00eb i g\u00ebzojn\u00eb me ndonj\u00eb \u00e7mim apo l\u00ebvdat\u00eb.<\/p>\n<p>\n\t\u201cKy \u00ebsht\u00eb n\u00eb radh\u00eb t\u00eb par\u00eb suksesi i saj, merit\u00eb e saj, dhe m\u00eb pas suksesi i shkoll\u00ebs dhe rezultat i t\u00eb gjitha pun\u00ebve t\u00eb mira q\u00eb b\u00ebjm\u00eb s\u00eb bashku n\u00eb shkoll\u00eb. Jemi krenar\u00eb p\u00ebr nx\u00ebn\u00ebsit tan\u00eb\u201d, shton m\u00ebsuesja.<\/p>\n<p>\n\tKonkursi artistik dhe letrar p\u00ebr f\u00ebmij\u00ebt e mosh\u00ebs parashkollore dhe fillore organizohet \u00e7do vit nga Qendra p\u00ebr Promovimin e Sh\u00ebndetit t\u00eb Institutit Batut.<\/p>\n<p>\n\t<strong>Burimi: Bujanovacke, Trupi Koordinues<\/strong><\/p>\n<p>\n\t\u00a0<\/p>\n","protected":false},"excerpt":{"rendered":"<p>Bujanoc \u2013 Beograd \u2013\u00a0Lena Spasiq nga Zhuzhelica, nx\u00ebn\u00ebse e klas\u00ebs s\u00eb kat\u00ebrt n\u00eb shkoll\u00ebn fillore Vuk Karagjiq n\u00eb Levosov\u00eb, fitoi vendin e par\u00eb n\u00eb nj\u00eb konkurs artistik t\u00eb organizuar nga Instituti i Sh\u00ebndetit Publik t\u00eb Serbis\u00eb &quot;Milan Jovanoviq Batut&quot;.<\/p>\n","protected":false},"author":1,"featured_media":108212,"comment_status":"closed","ping_status":"closed","sticky":false,"template":"","format":"standard","meta":{"footnotes":""},"categories":[55],"tags":[],"class_list":["post-108207","post","type-post","status-publish","format-standard","has-post-thumbnail","hentry","category-lajme"],"yoast_head":"<!-- This site is optimized with the Yoast SEO plugin v27.5 - https:\/\/yoast.com\/product\/yoast-seo-wordpress\/ -->\n<title>LENA NGA ZHUZHELICA E PARA N\u00cb KONKURSIN E ARTIT T\u00cb INSTITUTIT \u201cBATUT\u201d. - Republika e S\u00ebrbis\u00eb Trupi Koordinues p\u00ebr komunat Bujanoc, Preshev\u00eb dhe Medvegj\u00eb<\/title>\n<meta name=\"robots\" content=\"index, follow, max-snippet:-1, max-image-preview:large, max-video-preview:-1\" \/>\n<link rel=\"canonical\" href=\"https:\/\/kt.gov.rs\/sq\/lena-nga-zhuzhelica-e-para-ne-konkursin-e-artit-te-institutit-batut\/\" \/>\n<meta property=\"og:locale\" content=\"sq_AL\" \/>\n<meta property=\"og:type\" content=\"article\" \/>\n<meta property=\"og:title\" content=\"LENA NGA ZHUZHELICA E PARA N\u00cb KONKURSIN E ARTIT T\u00cb INSTITUTIT \u201cBATUT\u201d. - Republika e S\u00ebrbis\u00eb Trupi Koordinues p\u00ebr komunat Bujanoc, Preshev\u00eb dhe Medvegj\u00eb\" \/>\n<meta property=\"og:description\" content=\"Bujanoc - Beograd -\u00a0Lena Spasiq nga Zhuzhelica, nx\u00ebn\u00ebse e klas\u00ebs s\u00eb kat\u00ebrt n\u00eb shkoll\u00ebn fillore Vuk Karagjiq n\u00eb Levosov\u00eb, fitoi vendin e par\u00eb n\u00eb nj\u00eb konkurs artistik t\u00eb organizuar nga Instituti i Sh\u00ebndetit Publik t\u00eb Serbis\u00eb &quot;Milan Jovanoviq Batut&quot;.\" \/>\n<meta property=\"og:url\" content=\"https:\/\/kt.gov.rs\/sq\/lena-nga-zhuzhelica-e-para-ne-konkursin-e-artit-te-institutit-batut\/\" \/>\n<meta property=\"og:site_name\" content=\"Republika e S\u00ebrbis\u00eb Trupi Koordinues p\u00ebr komunat Bujanoc, Preshev\u00eb dhe Medvegj\u00eb\" \/>\n<meta property=\"article:publisher\" content=\"https:\/\/www.facebook.com\/SluzbaKoordinacionogTelaVladeRepublikeSrbije\" \/>\n<meta property=\"article:published_time\" content=\"2022-02-21T00:00:00+00:00\" \/>\n<meta property=\"article:modified_time\" content=\"2024-07-30T17:57:49+00:00\" \/>\n<meta property=\"og:image\" content=\"https:\/\/kt.gov.rs\/wp-content\/uploads\/2024\/07\/1645621471_21222_1-3.jpg\" \/>\n\t<meta property=\"og:image:width\" content=\"315\" \/>\n\t<meta property=\"og:image:height\" content=\"230\" \/>\n\t<meta property=\"og:image:type\" content=\"image\/jpeg\" \/>\n<meta name=\"author\" content=\"ktmin\" \/>\n<meta name=\"twitter:card\" content=\"summary_large_image\" \/>\n<meta name=\"twitter:creator\" content=\"@kt_gov\" \/>\n<meta name=\"twitter:site\" content=\"@kt_gov\" \/>\n<meta name=\"twitter:label1\" content=\"Written by\" \/>\n\t<meta name=\"twitter:data1\" content=\"ktmin\" \/>\n\t<meta name=\"twitter:label2\" content=\"Est. reading time\" \/>\n\t<meta name=\"twitter:data2\" content=\"2 minutes\" \/>\n<script type=\"application\/ld+json\" class=\"yoast-schema-graph\">{\"@context\":\"https:\\\/\\\/schema.org\",\"@graph\":[{\"@type\":\"Article\",\"@id\":\"https:\\\/\\\/kt.gov.rs\\\/sq\\\/lena-nga-zhuzhelica-e-para-ne-konkursin-e-artit-te-institutit-batut\\\/#article\",\"isPartOf\":{\"@id\":\"https:\\\/\\\/kt.gov.rs\\\/sq\\\/lena-nga-zhuzhelica-e-para-ne-konkursin-e-artit-te-institutit-batut\\\/\"},\"author\":{\"name\":\"ktmin\",\"@id\":\"https:\\\/\\\/kt.gov.rs\\\/#\\\/schema\\\/person\\\/e426459ddb4173309103390602694571\"},\"headline\":\"LENA NGA ZHUZHELICA E PARA N\u00cb KONKURSIN E ARTIT T\u00cb INSTITUTIT \u201cBATUT\u201d.\",\"datePublished\":\"2022-02-21T00:00:00+00:00\",\"dateModified\":\"2024-07-30T17:57:49+00:00\",\"mainEntityOfPage\":{\"@id\":\"https:\\\/\\\/kt.gov.rs\\\/sq\\\/lena-nga-zhuzhelica-e-para-ne-konkursin-e-artit-te-institutit-batut\\\/\"},\"wordCount\":407,\"publisher\":{\"@id\":\"https:\\\/\\\/kt.gov.rs\\\/#organization\"},\"image\":{\"@id\":\"https:\\\/\\\/kt.gov.rs\\\/sq\\\/lena-nga-zhuzhelica-e-para-ne-konkursin-e-artit-te-institutit-batut\\\/#primaryimage\"},\"thumbnailUrl\":\"https:\\\/\\\/kt.gov.rs\\\/wp-content\\\/uploads\\\/2024\\\/07\\\/1645621471_21222_1-3.jpg\",\"articleSection\":[\"Lajme\"],\"inLanguage\":\"sq-AL\"},{\"@type\":\"WebPage\",\"@id\":\"https:\\\/\\\/kt.gov.rs\\\/sq\\\/lena-nga-zhuzhelica-e-para-ne-konkursin-e-artit-te-institutit-batut\\\/\",\"url\":\"https:\\\/\\\/kt.gov.rs\\\/sq\\\/lena-nga-zhuzhelica-e-para-ne-konkursin-e-artit-te-institutit-batut\\\/\",\"name\":\"LENA NGA ZHUZHELICA E PARA N\u00cb KONKURSIN E ARTIT T\u00cb INSTITUTIT \u201cBATUT\u201d. - Republika e S\u00ebrbis\u00eb Trupi Koordinues p\u00ebr komunat Bujanoc, Preshev\u00eb dhe Medvegj\u00eb\",\"isPartOf\":{\"@id\":\"https:\\\/\\\/kt.gov.rs\\\/#website\"},\"primaryImageOfPage\":{\"@id\":\"https:\\\/\\\/kt.gov.rs\\\/sq\\\/lena-nga-zhuzhelica-e-para-ne-konkursin-e-artit-te-institutit-batut\\\/#primaryimage\"},\"image\":{\"@id\":\"https:\\\/\\\/kt.gov.rs\\\/sq\\\/lena-nga-zhuzhelica-e-para-ne-konkursin-e-artit-te-institutit-batut\\\/#primaryimage\"},\"thumbnailUrl\":\"https:\\\/\\\/kt.gov.rs\\\/wp-content\\\/uploads\\\/2024\\\/07\\\/1645621471_21222_1-3.jpg\",\"datePublished\":\"2022-02-21T00:00:00+00:00\",\"dateModified\":\"2024-07-30T17:57:49+00:00\",\"breadcrumb\":{\"@id\":\"https:\\\/\\\/kt.gov.rs\\\/sq\\\/lena-nga-zhuzhelica-e-para-ne-konkursin-e-artit-te-institutit-batut\\\/#breadcrumb\"},\"inLanguage\":\"sq-AL\",\"potentialAction\":[{\"@type\":\"ReadAction\",\"target\":[\"https:\\\/\\\/kt.gov.rs\\\/sq\\\/lena-nga-zhuzhelica-e-para-ne-konkursin-e-artit-te-institutit-batut\\\/\"]}]},{\"@type\":\"ImageObject\",\"inLanguage\":\"sq-AL\",\"@id\":\"https:\\\/\\\/kt.gov.rs\\\/sq\\\/lena-nga-zhuzhelica-e-para-ne-konkursin-e-artit-te-institutit-batut\\\/#primaryimage\",\"url\":\"https:\\\/\\\/kt.gov.rs\\\/wp-content\\\/uploads\\\/2024\\\/07\\\/1645621471_21222_1-3.jpg\",\"contentUrl\":\"https:\\\/\\\/kt.gov.rs\\\/wp-content\\\/uploads\\\/2024\\\/07\\\/1645621471_21222_1-3.jpg\",\"width\":315,\"height\":230},{\"@type\":\"BreadcrumbList\",\"@id\":\"https:\\\/\\\/kt.gov.rs\\\/sq\\\/lena-nga-zhuzhelica-e-para-ne-konkursin-e-artit-te-institutit-batut\\\/#breadcrumb\",\"itemListElement\":[{\"@type\":\"ListItem\",\"position\":1,\"name\":\"\u041f\u043e\u0447\u0435\u0442\u043d\u0430\",\"item\":\"https:\\\/\\\/kt.gov.rs\\\/sq\\\/\"},{\"@type\":\"ListItem\",\"position\":2,\"name\":\"LENA NGA ZHUZHELICA E PARA N\u00cb KONKURSIN E ARTIT T\u00cb INSTITUTIT \u201cBATUT\u201d.\"}]},{\"@type\":\"WebSite\",\"@id\":\"https:\\\/\\\/kt.gov.rs\\\/#website\",\"url\":\"https:\\\/\\\/kt.gov.rs\\\/\",\"name\":\"\u041a\u043e\u043e\u0440\u0434\u0438\u043d\u0430\u0446\u0438\u043e\u043d\u043e \u0442\u0435\u043b\u043e \u0412\u043b\u0430\u0434\u0435 \u0420\u0435\u043f\u0443\u0431\u043b\u0438\u043a\u0435 \u0421\u0440\u0431\u0438\u0458\u0435 \u0437\u0430 \u043e\u043f\u0448\u0442\u0438\u043d\u0435 \u041f\u0440\u0435\u0448\u0435\u0432\u043e, \u0411\u0443\u0458\u0430\u043d\u043e\u0432\u0430\u0446 \u0438 \u041c\u0435\u0434\u0432\u0435\u0452a\",\"description\":\"\",\"publisher\":{\"@id\":\"https:\\\/\\\/kt.gov.rs\\\/#organization\"},\"alternateName\":\"\u041a\u043e\u043e\u0440\u0434\u0438\u043d\u0430\u0446\u0438\u043e\u043d\u043e \u0442\u0435\u043b\u043e\",\"potentialAction\":[{\"@type\":\"SearchAction\",\"target\":{\"@type\":\"EntryPoint\",\"urlTemplate\":\"https:\\\/\\\/kt.gov.rs\\\/?s={search_term_string}\"},\"query-input\":{\"@type\":\"PropertyValueSpecification\",\"valueRequired\":true,\"valueName\":\"search_term_string\"}}],\"inLanguage\":\"sq-AL\"},{\"@type\":\"Organization\",\"@id\":\"https:\\\/\\\/kt.gov.rs\\\/#organization\",\"name\":\"\u041a\u043e\u043e\u0440\u0434\u0438\u043d\u0430\u0446\u0438\u043e\u043d\u043e \u0442\u0435\u043b\u043e \u0412\u043b\u0430\u0434\u0435 \u0420\u0435\u043f\u0443\u0431\u043b\u0438\u043a\u0435 \u0421\u0440\u0431\u0438\u0458\u0435 \u0437\u0430 \u043e\u043f\u0448\u0442\u0438\u043d\u0435 \u041f\u0440\u0435\u0448\u0435\u0432\u043e, \u0411\u0443\u0458\u0430\u043d\u043e\u0432\u0430\u0446 \u0438 \u041c\u0435\u0434\u0432\u0435\u0452a\",\"alternateName\":\"\u041a\u043e\u043e\u0440\u0434\u0438\u043d\u0430\u0446\u0438\u043e\u043d\u043e \u0442\u0435\u043b\u043e\",\"url\":\"https:\\\/\\\/kt.gov.rs\\\/\",\"logo\":{\"@type\":\"ImageObject\",\"inLanguage\":\"sq-AL\",\"@id\":\"https:\\\/\\\/kt.gov.rs\\\/#\\\/schema\\\/logo\\\/image\\\/\",\"url\":\"https:\\\/\\\/kt.gov.rs\\\/wp-content\\\/uploads\\\/2024\\\/12\\\/koord2.jpg\",\"contentUrl\":\"https:\\\/\\\/kt.gov.rs\\\/wp-content\\\/uploads\\\/2024\\\/12\\\/koord2.jpg\",\"width\":640,\"height\":480,\"caption\":\"\u041a\u043e\u043e\u0440\u0434\u0438\u043d\u0430\u0446\u0438\u043e\u043d\u043e \u0442\u0435\u043b\u043e \u0412\u043b\u0430\u0434\u0435 \u0420\u0435\u043f\u0443\u0431\u043b\u0438\u043a\u0435 \u0421\u0440\u0431\u0438\u0458\u0435 \u0437\u0430 \u043e\u043f\u0448\u0442\u0438\u043d\u0435 \u041f\u0440\u0435\u0448\u0435\u0432\u043e, \u0411\u0443\u0458\u0430\u043d\u043e\u0432\u0430\u0446 \u0438 \u041c\u0435\u0434\u0432\u0435\u0452a\"},\"image\":{\"@id\":\"https:\\\/\\\/kt.gov.rs\\\/#\\\/schema\\\/logo\\\/image\\\/\"},\"sameAs\":[\"https:\\\/\\\/www.facebook.com\\\/SluzbaKoordinacionogTelaVladeRepublikeSrbije\",\"https:\\\/\\\/x.com\\\/kt_gov\",\"https:\\\/\\\/www.youtube.com\\\/@koordinacionotelo\"]},{\"@type\":\"Person\",\"@id\":\"https:\\\/\\\/kt.gov.rs\\\/#\\\/schema\\\/person\\\/e426459ddb4173309103390602694571\",\"name\":\"ktmin\",\"image\":{\"@type\":\"ImageObject\",\"inLanguage\":\"sq-AL\",\"@id\":\"https:\\\/\\\/secure.gravatar.com\\\/avatar\\\/3985c961109853010c3fbc7ba30365bfba5db3dd6c525831d9c595c7525a615a?s=96&d=mm&r=g\",\"url\":\"https:\\\/\\\/secure.gravatar.com\\\/avatar\\\/3985c961109853010c3fbc7ba30365bfba5db3dd6c525831d9c595c7525a615a?s=96&d=mm&r=g\",\"contentUrl\":\"https:\\\/\\\/secure.gravatar.com\\\/avatar\\\/3985c961109853010c3fbc7ba30365bfba5db3dd6c525831d9c595c7525a615a?s=96&d=mm&r=g\",\"caption\":\"ktmin\"},\"sameAs\":[\"https:\\\/\\\/kt.gov.rs\"],\"url\":\"https:\\\/\\\/kt.gov.rs\\\/sq\\\/author\\\/ktmin\\\/\"}]}<\/script>\n<!-- \/ Yoast SEO plugin. -->","yoast_head_json":{"title":"LENA NGA ZHUZHELICA E PARA N\u00cb KONKURSIN E ARTIT T\u00cb INSTITUTIT \u201cBATUT\u201d. - Republika e S\u00ebrbis\u00eb Trupi Koordinues p\u00ebr komunat Bujanoc, Preshev\u00eb dhe Medvegj\u00eb","robots":{"index":"index","follow":"follow","max-snippet":"max-snippet:-1","max-image-preview":"max-image-preview:large","max-video-preview":"max-video-preview:-1"},"canonical":"https:\/\/kt.gov.rs\/sq\/lena-nga-zhuzhelica-e-para-ne-konkursin-e-artit-te-institutit-batut\/","og_locale":"sq_AL","og_type":"article","og_title":"LENA NGA ZHUZHELICA E PARA N\u00cb KONKURSIN E ARTIT T\u00cb INSTITUTIT \u201cBATUT\u201d. - Republika e S\u00ebrbis\u00eb Trupi Koordinues p\u00ebr komunat Bujanoc, Preshev\u00eb dhe Medvegj\u00eb","og_description":"Bujanoc - Beograd -\u00a0Lena Spasiq nga Zhuzhelica, nx\u00ebn\u00ebse e klas\u00ebs s\u00eb kat\u00ebrt n\u00eb shkoll\u00ebn fillore Vuk Karagjiq n\u00eb Levosov\u00eb, fitoi vendin e par\u00eb n\u00eb nj\u00eb konkurs artistik t\u00eb organizuar nga Instituti i Sh\u00ebndetit Publik t\u00eb Serbis\u00eb &quot;Milan Jovanoviq Batut&quot;.","og_url":"https:\/\/kt.gov.rs\/sq\/lena-nga-zhuzhelica-e-para-ne-konkursin-e-artit-te-institutit-batut\/","og_site_name":"Republika e S\u00ebrbis\u00eb Trupi Koordinues p\u00ebr komunat Bujanoc, Preshev\u00eb dhe Medvegj\u00eb","article_publisher":"https:\/\/www.facebook.com\/SluzbaKoordinacionogTelaVladeRepublikeSrbije","article_published_time":"2022-02-21T00:00:00+00:00","article_modified_time":"2024-07-30T17:57:49+00:00","og_image":[{"width":315,"height":230,"url":"https:\/\/kt.gov.rs\/wp-content\/uploads\/2024\/07\/1645621471_21222_1-3.jpg","type":"image\/jpeg"}],"author":"ktmin","twitter_card":"summary_large_image","twitter_creator":"@kt_gov","twitter_site":"@kt_gov","twitter_misc":{"Written by":"ktmin","Est. reading time":"2 minutes"},"schema":{"@context":"https:\/\/schema.org","@graph":[{"@type":"Article","@id":"https:\/\/kt.gov.rs\/sq\/lena-nga-zhuzhelica-e-para-ne-konkursin-e-artit-te-institutit-batut\/#article","isPartOf":{"@id":"https:\/\/kt.gov.rs\/sq\/lena-nga-zhuzhelica-e-para-ne-konkursin-e-artit-te-institutit-batut\/"},"author":{"name":"ktmin","@id":"https:\/\/kt.gov.rs\/#\/schema\/person\/e426459ddb4173309103390602694571"},"headline":"LENA NGA ZHUZHELICA E PARA N\u00cb KONKURSIN E ARTIT T\u00cb INSTITUTIT \u201cBATUT\u201d.","datePublished":"2022-02-21T00:00:00+00:00","dateModified":"2024-07-30T17:57:49+00:00","mainEntityOfPage":{"@id":"https:\/\/kt.gov.rs\/sq\/lena-nga-zhuzhelica-e-para-ne-konkursin-e-artit-te-institutit-batut\/"},"wordCount":407,"publisher":{"@id":"https:\/\/kt.gov.rs\/#organization"},"image":{"@id":"https:\/\/kt.gov.rs\/sq\/lena-nga-zhuzhelica-e-para-ne-konkursin-e-artit-te-institutit-batut\/#primaryimage"},"thumbnailUrl":"https:\/\/kt.gov.rs\/wp-content\/uploads\/2024\/07\/1645621471_21222_1-3.jpg","articleSection":["Lajme"],"inLanguage":"sq-AL"},{"@type":"WebPage","@id":"https:\/\/kt.gov.rs\/sq\/lena-nga-zhuzhelica-e-para-ne-konkursin-e-artit-te-institutit-batut\/","url":"https:\/\/kt.gov.rs\/sq\/lena-nga-zhuzhelica-e-para-ne-konkursin-e-artit-te-institutit-batut\/","name":"LENA NGA ZHUZHELICA E PARA N\u00cb KONKURSIN E ARTIT T\u00cb INSTITUTIT \u201cBATUT\u201d. - Republika e S\u00ebrbis\u00eb Trupi Koordinues p\u00ebr komunat Bujanoc, Preshev\u00eb dhe Medvegj\u00eb","isPartOf":{"@id":"https:\/\/kt.gov.rs\/#website"},"primaryImageOfPage":{"@id":"https:\/\/kt.gov.rs\/sq\/lena-nga-zhuzhelica-e-para-ne-konkursin-e-artit-te-institutit-batut\/#primaryimage"},"image":{"@id":"https:\/\/kt.gov.rs\/sq\/lena-nga-zhuzhelica-e-para-ne-konkursin-e-artit-te-institutit-batut\/#primaryimage"},"thumbnailUrl":"https:\/\/kt.gov.rs\/wp-content\/uploads\/2024\/07\/1645621471_21222_1-3.jpg","datePublished":"2022-02-21T00:00:00+00:00","dateModified":"2024-07-30T17:57:49+00:00","breadcrumb":{"@id":"https:\/\/kt.gov.rs\/sq\/lena-nga-zhuzhelica-e-para-ne-konkursin-e-artit-te-institutit-batut\/#breadcrumb"},"inLanguage":"sq-AL","potentialAction":[{"@type":"ReadAction","target":["https:\/\/kt.gov.rs\/sq\/lena-nga-zhuzhelica-e-para-ne-konkursin-e-artit-te-institutit-batut\/"]}]},{"@type":"ImageObject","inLanguage":"sq-AL","@id":"https:\/\/kt.gov.rs\/sq\/lena-nga-zhuzhelica-e-para-ne-konkursin-e-artit-te-institutit-batut\/#primaryimage","url":"https:\/\/kt.gov.rs\/wp-content\/uploads\/2024\/07\/1645621471_21222_1-3.jpg","contentUrl":"https:\/\/kt.gov.rs\/wp-content\/uploads\/2024\/07\/1645621471_21222_1-3.jpg","width":315,"height":230},{"@type":"BreadcrumbList","@id":"https:\/\/kt.gov.rs\/sq\/lena-nga-zhuzhelica-e-para-ne-konkursin-e-artit-te-institutit-batut\/#breadcrumb","itemListElement":[{"@type":"ListItem","position":1,"name":"\u041f\u043e\u0447\u0435\u0442\u043d\u0430","item":"https:\/\/kt.gov.rs\/sq\/"},{"@type":"ListItem","position":2,"name":"LENA NGA ZHUZHELICA E PARA N\u00cb KONKURSIN E ARTIT T\u00cb INSTITUTIT \u201cBATUT\u201d."}]},{"@type":"WebSite","@id":"https:\/\/kt.gov.rs\/#website","url":"https:\/\/kt.gov.rs\/","name":"\u041a\u043e\u043e\u0440\u0434\u0438\u043d\u0430\u0446\u0438\u043e\u043d\u043e \u0442\u0435\u043b\u043e \u0412\u043b\u0430\u0434\u0435 \u0420\u0435\u043f\u0443\u0431\u043b\u0438\u043a\u0435 \u0421\u0440\u0431\u0438\u0458\u0435 \u0437\u0430 \u043e\u043f\u0448\u0442\u0438\u043d\u0435 \u041f\u0440\u0435\u0448\u0435\u0432\u043e, \u0411\u0443\u0458\u0430\u043d\u043e\u0432\u0430\u0446 \u0438 \u041c\u0435\u0434\u0432\u0435\u0452a","description":"","publisher":{"@id":"https:\/\/kt.gov.rs\/#organization"},"alternateName":"\u041a\u043e\u043e\u0440\u0434\u0438\u043d\u0430\u0446\u0438\u043e\u043d\u043e \u0442\u0435\u043b\u043e","potentialAction":[{"@type":"SearchAction","target":{"@type":"EntryPoint","urlTemplate":"https:\/\/kt.gov.rs\/?s={search_term_string}"},"query-input":{"@type":"PropertyValueSpecification","valueRequired":true,"valueName":"search_term_string"}}],"inLanguage":"sq-AL"},{"@type":"Organization","@id":"https:\/\/kt.gov.rs\/#organization","name":"\u041a\u043e\u043e\u0440\u0434\u0438\u043d\u0430\u0446\u0438\u043e\u043d\u043e \u0442\u0435\u043b\u043e \u0412\u043b\u0430\u0434\u0435 \u0420\u0435\u043f\u0443\u0431\u043b\u0438\u043a\u0435 \u0421\u0440\u0431\u0438\u0458\u0435 \u0437\u0430 \u043e\u043f\u0448\u0442\u0438\u043d\u0435 \u041f\u0440\u0435\u0448\u0435\u0432\u043e, \u0411\u0443\u0458\u0430\u043d\u043e\u0432\u0430\u0446 \u0438 \u041c\u0435\u0434\u0432\u0435\u0452a","alternateName":"\u041a\u043e\u043e\u0440\u0434\u0438\u043d\u0430\u0446\u0438\u043e\u043d\u043e \u0442\u0435\u043b\u043e","url":"https:\/\/kt.gov.rs\/","logo":{"@type":"ImageObject","inLanguage":"sq-AL","@id":"https:\/\/kt.gov.rs\/#\/schema\/logo\/image\/","url":"https:\/\/kt.gov.rs\/wp-content\/uploads\/2024\/12\/koord2.jpg","contentUrl":"https:\/\/kt.gov.rs\/wp-content\/uploads\/2024\/12\/koord2.jpg","width":640,"height":480,"caption":"\u041a\u043e\u043e\u0440\u0434\u0438\u043d\u0430\u0446\u0438\u043e\u043d\u043e \u0442\u0435\u043b\u043e \u0412\u043b\u0430\u0434\u0435 \u0420\u0435\u043f\u0443\u0431\u043b\u0438\u043a\u0435 \u0421\u0440\u0431\u0438\u0458\u0435 \u0437\u0430 \u043e\u043f\u0448\u0442\u0438\u043d\u0435 \u041f\u0440\u0435\u0448\u0435\u0432\u043e, \u0411\u0443\u0458\u0430\u043d\u043e\u0432\u0430\u0446 \u0438 \u041c\u0435\u0434\u0432\u0435\u0452a"},"image":{"@id":"https:\/\/kt.gov.rs\/#\/schema\/logo\/image\/"},"sameAs":["https:\/\/www.facebook.com\/SluzbaKoordinacionogTelaVladeRepublikeSrbije","https:\/\/x.com\/kt_gov","https:\/\/www.youtube.com\/@koordinacionotelo"]},{"@type":"Person","@id":"https:\/\/kt.gov.rs\/#\/schema\/person\/e426459ddb4173309103390602694571","name":"ktmin","image":{"@type":"ImageObject","inLanguage":"sq-AL","@id":"https:\/\/secure.gravatar.com\/avatar\/3985c961109853010c3fbc7ba30365bfba5db3dd6c525831d9c595c7525a615a?s=96&d=mm&r=g","url":"https:\/\/secure.gravatar.com\/avatar\/3985c961109853010c3fbc7ba30365bfba5db3dd6c525831d9c595c7525a615a?s=96&d=mm&r=g","contentUrl":"https:\/\/secure.gravatar.com\/avatar\/3985c961109853010c3fbc7ba30365bfba5db3dd6c525831d9c595c7525a615a?s=96&d=mm&r=g","caption":"ktmin"},"sameAs":["https:\/\/kt.gov.rs"],"url":"https:\/\/kt.gov.rs\/sq\/author\/ktmin\/"}]}},"_links":{"self":[{"href":"https:\/\/kt.gov.rs\/sq\/wp-json\/wp\/v2\/posts\/108207","targetHints":{"allow":["GET"]}}],"collection":[{"href":"https:\/\/kt.gov.rs\/sq\/wp-json\/wp\/v2\/posts"}],"about":[{"href":"https:\/\/kt.gov.rs\/sq\/wp-json\/wp\/v2\/types\/post"}],"author":[{"embeddable":true,"href":"https:\/\/kt.gov.rs\/sq\/wp-json\/wp\/v2\/users\/1"}],"replies":[{"embeddable":true,"href":"https:\/\/kt.gov.rs\/sq\/wp-json\/wp\/v2\/comments?post=108207"}],"version-history":[{"count":1,"href":"https:\/\/kt.gov.rs\/sq\/wp-json\/wp\/v2\/posts\/108207\/revisions"}],"predecessor-version":[{"id":108211,"href":"https:\/\/kt.gov.rs\/sq\/wp-json\/wp\/v2\/posts\/108207\/revisions\/108211"}],"wp:featuredmedia":[{"embeddable":true,"href":"https:\/\/kt.gov.rs\/sq\/wp-json\/wp\/v2\/media\/108212"}],"wp:attachment":[{"href":"https:\/\/kt.gov.rs\/sq\/wp-json\/wp\/v2\/media?parent=108207"}],"wp:term":[{"taxonomy":"category","embeddable":true,"href":"https:\/\/kt.gov.rs\/sq\/wp-json\/wp\/v2\/categories?post=108207"},{"taxonomy":"post_tag","embeddable":true,"href":"https:\/\/kt.gov.rs\/sq\/wp-json\/wp\/v2\/tags?post=108207"}],"curies":[{"name":"wp","href":"https:\/\/api.w.org\/{rel}","templated":true}]}}