{"id":108199,"date":"2022-02-21T00:00:00","date_gmt":"2022-02-21T00:00:00","guid":{"rendered":"http:\/\/kt.printandscreen.rs\/diskutim-per-mbrojtjen-e-pcinjes-bujanocalit-kerkojn-heqje-te-hidrocentraleve\/"},"modified":"2024-07-30T17:57:48","modified_gmt":"2024-07-30T17:57:48","slug":"diskutim-per-mbrojtjen-e-pcinjes-bujanocalit-kerkojn-heqje-te-hidrocentraleve","status":"publish","type":"post","link":"https:\/\/kt.gov.rs\/sq\/diskutim-per-mbrojtjen-e-pcinjes-bujanocalit-kerkojn-heqje-te-hidrocentraleve\/","title":{"rendered":"DISKUTIM P\u00cbR MBROJTJEN E P\u00c7INJ\u00cbS: BUJANOCALIT K\u00cbRKOJN HEQJE T\u00cb HIDROCENTRALEVE"},"content":{"rendered":"<p>\n\t<strong><img decoding=\"async\" alt=\"\" src=\"https:\/\/kt.gov.rs\/wp-content\/uploads\/2024\/07\/1645621570_21222_2-2.jpg\" style=\"width: 315px; height: 230px; float: left;\" \/><\/strong><\/p>\n<p>\n\t<strong>Bujanoc \u2013 Beograd \u2013<\/strong> N\u00eb debatin publik p\u00ebr propozimin e Dekretit p\u00ebr mbrojtjen e peizazhit me tipare t\u00eb shquara &quot;Lugina e P\u00e7inj\u00ebs&quot;, mbajtur n\u00eb Bujanoc, me k\u00ebrkes\u00ebn e qytetar\u00ebve q\u00eb t\u00eb vihet n\u00eb mbrojtje rrjedha e sip\u00ebrme e lumit P\u00e7inja, p\u00ebrfaq\u00ebsuesit e Institutit p\u00ebr Mbrojtjen e Natyr\u00ebs t\u00eb Serbis\u00eb jan\u00eb p\u00ebrgjigjur se nuk ka kuptim t\u00eb mbrohet pjesa ku tashm\u00eb jan\u00eb nd\u00ebrtuar mini hidrocentralet (MHC-et).<\/p>\n<p>\n\tDuke folur p\u00ebr zgjerimin e Dekretit, Svetislav Qeqko Veli\u00e7koviq, profesor n\u00eb pension nga Bujanoci, theksoi se MHC-et e nd\u00ebrtuara n\u00eb pellgun e sip\u00ebrm t\u00eb lumit P\u00e7inj\u00eb kan\u00eb nj\u00eb ndikim t\u00eb madh n\u00eb pellgun e posht\u00ebm dhe se \u00ebsht\u00eb e nevojshme n\u00eb dekret t\u00eb p\u00ebrfshihet burimi i P\u00e7inj\u00ebs.<\/p>\n<p>\n\t\u201cN\u00ebse di\u00e7ka \u00ebsht\u00eb jasht\u00ebzakonisht e r\u00ebnd\u00ebsishme, at\u00ebher\u00eb \u00ebsht\u00eb e r\u00ebnd\u00ebsishme se cila do t\u00eb jet\u00eb fusha e mbrojtjes. Prandaj \u00ebsht\u00eb e r\u00ebnd\u00ebsishme q\u00eb t\u00eb hiqen ato MHC-e t\u00eb nd\u00ebrtuara, t\u00eb zgjerohet Dekreti dhe t\u00eb mbrohet ajo pjes\u00eb e lumit P\u00e7inj\u00eb, e cila \u00ebsht\u00eb propozuar edhe nga Komuna e Trgovishtes\u201d, theksoi Veli\u00e7koviq.<\/p>\n<p>\n\tDragan Neshiq nga Instituti ka shpjeguar se nj\u00eb hap\u00ebsir\u00eb \u200b\u200bkaq e madhe e mbrojtjes s\u00eb lumit P\u00e7inj\u00eb \u00ebsht\u00eb e pamundur p\u00ebr shkak t\u00eb mjedisit natyror tashm\u00eb t\u00eb shqet\u00ebsuar dhe t\u00eb ndryshuar, i cili, si\u00e7 shtoi ai, nuk ka kuptim t\u00eb mbrohet.<\/p>\n<p>\n\t\u201cNd\u00ebrtimi i MHC-it ndryshoi mjedisin natyror dhe \u00ebsht\u00eb e pamundur t\u00eb mbrohen sip\u00ebrfaqe kaq t\u00eb m\u00ebdha. Instituti p\u00ebr Mbrojtjen e Natyr\u00ebs s\u00eb Serbis\u00eb ka nisur nj\u00eb projekt p\u00ebr mbrojtjen e malit t\u00eb Dukatit, i cili \u00ebsht\u00eb nd\u00ebrprer\u00eb dhe pritshm\u00ebrit\u00eb jan\u00eb q\u00eb t\u00eb vazhdoj\u00eb edhe n\u00eb t\u00eb ardhmen, k\u00ebshtu q\u00eb zona e burimit t\u00eb P\u00e7inj\u00ebs t\u00eb mbrohet\u201d, theksoi Neshiq.<\/p>\n<p>\n\tDiskutimi u fokusua n\u00eb zgjerimin e gam\u00ebs s\u00eb ve\u00e7orive t\u00eb spikatura dhe masave konkrete t\u00eb Ministris\u00eb p\u00ebr p\u00ebrmir\u00ebsimin e situat\u00ebs n\u00eb zon\u00ebn e mbrojtur t\u00eb Lugin\u00ebs s\u00eb P\u00e7inj\u00ebs, pas v\u00ebrejtjeve t\u00eb publikut t\u00eb interesuar me nj\u00eb pasqyr\u00eb t\u00eb projekt-dekretit n\u00eb periudh\u00ebn. nga 17 dhjetori deri m\u00eb 5 janar 2022.<\/p>\n<p>\n\tRisia q\u00eb sjell ky dekret \u00ebsht\u00eb zgjerimi i zon\u00ebs s\u00eb mbrojtur nga ish 2600 n\u00eb 4228 hektar\u00eb dhe vendosja e nivelit t\u00eb par\u00eb dhe t\u00eb tret\u00eb t\u00eb mbrojtjes, krahas nivelit t\u00eb dyt\u00eb ekzistues.<\/p>\n<p>\n\t\u201cZgjerimi i zon\u00ebs me ve\u00e7ori t\u00eb jasht\u00ebzakonshme\u201d Lugina e P\u00e7inj\u00ebs \u201c\u00ebsht\u00eb i nevojsh\u00ebm p\u00ebr kandidatur\u00ebn e k\u00ebsaj zone n\u00eb rrjetin europian t\u00eb zonave t\u00eb mbrojtura\u201d NATURA 2000 \u201ce cila ka fonde t\u00eb m\u00ebdha p\u00ebr zhvillimin dhe ruajtjen e zonave t\u00eb mbrojtura\u201d, tha Snezhana Millosheviq, k\u00ebshilltare p\u00ebr ekologji dhe mbrojtje t\u00eb mjedisit n\u00eb vet\u00ebqeverisjen lokale.<\/p>\n<p>\n\tN\u00eb diskutim mor\u00ebn pjes\u00eb p\u00ebrfaq\u00ebsues t\u00eb Ministris\u00eb s\u00eb Mbrojtjes s\u00eb Mjedisit, Institutit p\u00ebr Mbrojtjen e Natyr\u00ebs t\u00eb Serbis\u00eb dhe qytetar\u00eb t\u00eb interesuar.<\/p>\n<p>\n\tSi\u00e7 thuhet n\u00eb draft dekret, Lugina e P\u00e7inj\u00ebs \u00ebsht\u00eb nj\u00eb nga qendrat m\u00eb t\u00eb r\u00ebnd\u00ebsishme t\u00eb diversitetit biologjik n\u00eb Serbi, me ndikimin e elementit floristik dhe faunal mesdhetar.<\/p>\n<p>\n\tMenaxhues i zon\u00ebs s\u00eb mbrojtur \u00ebsht\u00eb Dioqeza e Vranj\u00ebs.<\/p>\n<p>\n\tRregullorja parashikon ndalimin e nd\u00ebrtimit t\u00eb objekteve hidroenergjetike, duke p\u00ebrfshir\u00eb rregullimin dhe devijimin e rrjedhave ujore n\u00eb zon\u00ebn e mbrojtur.<\/p>\n<p>\n\t<strong>Burimi: Bujanovacke, Trupi Koordinues<\/strong><\/p>\n<p>\n\t\u00a0<\/p>\n","protected":false},"excerpt":{"rendered":"<p>Bujanoc \u2013 Beograd \u2013\u00a0N\u00eb debatin publik p\u00ebr propozimin e Dekretit p\u00ebr mbrojtjen e peizazhit me tipare t\u00eb shquara &quot;Lugina e P\u00e7inj\u00ebs&quot;, mbajtur n\u00eb Bujanoc, me k\u00ebrkes\u00ebn e qytetar\u00ebve q\u00eb t\u00eb vihet n\u00eb mbrojtje rrjedha e sip\u00ebrme e lumit P\u00e7inja, p\u00ebrfaq\u00ebsuesit\u2026<\/p>\n","protected":false},"author":1,"featured_media":108204,"comment_status":"closed","ping_status":"closed","sticky":false,"template":"","format":"standard","meta":{"footnotes":""},"categories":[55],"tags":[],"class_list":["post-108199","post","type-post","status-publish","format-standard","has-post-thumbnail","hentry","category-lajme"],"yoast_head":"<!-- This site is optimized with the Yoast SEO plugin v27.5 - https:\/\/yoast.com\/product\/yoast-seo-wordpress\/ -->\n<title>DISKUTIM P\u00cbR MBROJTJEN E P\u00c7INJ\u00cbS: BUJANOCALIT K\u00cbRKOJN HEQJE T\u00cb HIDROCENTRALEVE - Republika e S\u00ebrbis\u00eb Trupi Koordinues p\u00ebr komunat Bujanoc, Preshev\u00eb dhe Medvegj\u00eb<\/title>\n<meta name=\"robots\" content=\"index, follow, max-snippet:-1, max-image-preview:large, max-video-preview:-1\" \/>\n<link rel=\"canonical\" href=\"https:\/\/kt.gov.rs\/sq\/diskutim-per-mbrojtjen-e-pcinjes-bujanocalit-kerkojn-heqje-te-hidrocentraleve\/\" \/>\n<meta property=\"og:locale\" content=\"sq_AL\" \/>\n<meta property=\"og:type\" content=\"article\" \/>\n<meta property=\"og:title\" content=\"DISKUTIM P\u00cbR MBROJTJEN E P\u00c7INJ\u00cbS: BUJANOCALIT K\u00cbRKOJN HEQJE T\u00cb HIDROCENTRALEVE - Republika e S\u00ebrbis\u00eb Trupi Koordinues p\u00ebr komunat Bujanoc, Preshev\u00eb dhe Medvegj\u00eb\" \/>\n<meta property=\"og:description\" content=\"Bujanoc - Beograd -\u00a0N\u00eb debatin publik p\u00ebr propozimin e Dekretit p\u00ebr mbrojtjen e peizazhit me tipare t\u00eb shquara &quot;Lugina e P\u00e7inj\u00ebs&quot;, mbajtur n\u00eb Bujanoc, me k\u00ebrkes\u00ebn e qytetar\u00ebve q\u00eb t\u00eb vihet n\u00eb mbrojtje rrjedha e sip\u00ebrme e lumit P\u00e7inja, p\u00ebrfaq\u00ebsuesit...\" \/>\n<meta property=\"og:url\" content=\"https:\/\/kt.gov.rs\/sq\/diskutim-per-mbrojtjen-e-pcinjes-bujanocalit-kerkojn-heqje-te-hidrocentraleve\/\" \/>\n<meta property=\"og:site_name\" content=\"Republika e S\u00ebrbis\u00eb Trupi Koordinues p\u00ebr komunat Bujanoc, Preshev\u00eb dhe Medvegj\u00eb\" \/>\n<meta property=\"article:publisher\" content=\"https:\/\/www.facebook.com\/SluzbaKoordinacionogTelaVladeRepublikeSrbije\" \/>\n<meta property=\"article:published_time\" content=\"2022-02-21T00:00:00+00:00\" \/>\n<meta property=\"article:modified_time\" content=\"2024-07-30T17:57:48+00:00\" \/>\n<meta property=\"og:image\" content=\"https:\/\/kt.gov.rs\/wp-content\/uploads\/2024\/07\/1645621570_21222_2-3.jpg\" \/>\n\t<meta property=\"og:image:width\" content=\"315\" \/>\n\t<meta property=\"og:image:height\" content=\"230\" \/>\n\t<meta property=\"og:image:type\" content=\"image\/jpeg\" \/>\n<meta name=\"author\" content=\"ktmin\" \/>\n<meta name=\"twitter:card\" content=\"summary_large_image\" \/>\n<meta name=\"twitter:creator\" content=\"@kt_gov\" \/>\n<meta name=\"twitter:site\" content=\"@kt_gov\" \/>\n<meta name=\"twitter:label1\" content=\"Written by\" \/>\n\t<meta name=\"twitter:data1\" content=\"ktmin\" \/>\n\t<meta name=\"twitter:label2\" content=\"Est. reading time\" \/>\n\t<meta name=\"twitter:data2\" content=\"4 minutes\" \/>\n<script type=\"application\/ld+json\" class=\"yoast-schema-graph\">{\"@context\":\"https:\\\/\\\/schema.org\",\"@graph\":[{\"@type\":\"Article\",\"@id\":\"https:\\\/\\\/kt.gov.rs\\\/sq\\\/diskutim-per-mbrojtjen-e-pcinjes-bujanocalit-kerkojn-heqje-te-hidrocentraleve\\\/#article\",\"isPartOf\":{\"@id\":\"https:\\\/\\\/kt.gov.rs\\\/sq\\\/diskutim-per-mbrojtjen-e-pcinjes-bujanocalit-kerkojn-heqje-te-hidrocentraleve\\\/\"},\"author\":{\"name\":\"ktmin\",\"@id\":\"https:\\\/\\\/kt.gov.rs\\\/#\\\/schema\\\/person\\\/e426459ddb4173309103390602694571\"},\"headline\":\"DISKUTIM P\u00cbR MBROJTJEN E P\u00c7INJ\u00cbS: BUJANOCALIT K\u00cbRKOJN HEQJE T\u00cb HIDROCENTRALEVE\",\"datePublished\":\"2022-02-21T00:00:00+00:00\",\"dateModified\":\"2024-07-30T17:57:48+00:00\",\"mainEntityOfPage\":{\"@id\":\"https:\\\/\\\/kt.gov.rs\\\/sq\\\/diskutim-per-mbrojtjen-e-pcinjes-bujanocalit-kerkojn-heqje-te-hidrocentraleve\\\/\"},\"wordCount\":826,\"publisher\":{\"@id\":\"https:\\\/\\\/kt.gov.rs\\\/#organization\"},\"image\":{\"@id\":\"https:\\\/\\\/kt.gov.rs\\\/sq\\\/diskutim-per-mbrojtjen-e-pcinjes-bujanocalit-kerkojn-heqje-te-hidrocentraleve\\\/#primaryimage\"},\"thumbnailUrl\":\"https:\\\/\\\/kt.gov.rs\\\/wp-content\\\/uploads\\\/2024\\\/07\\\/1645621570_21222_2-3.jpg\",\"articleSection\":[\"Lajme\"],\"inLanguage\":\"sq-AL\"},{\"@type\":\"WebPage\",\"@id\":\"https:\\\/\\\/kt.gov.rs\\\/sq\\\/diskutim-per-mbrojtjen-e-pcinjes-bujanocalit-kerkojn-heqje-te-hidrocentraleve\\\/\",\"url\":\"https:\\\/\\\/kt.gov.rs\\\/sq\\\/diskutim-per-mbrojtjen-e-pcinjes-bujanocalit-kerkojn-heqje-te-hidrocentraleve\\\/\",\"name\":\"DISKUTIM P\u00cbR MBROJTJEN E P\u00c7INJ\u00cbS: BUJANOCALIT K\u00cbRKOJN HEQJE T\u00cb HIDROCENTRALEVE - Republika e S\u00ebrbis\u00eb Trupi Koordinues p\u00ebr komunat Bujanoc, Preshev\u00eb dhe Medvegj\u00eb\",\"isPartOf\":{\"@id\":\"https:\\\/\\\/kt.gov.rs\\\/#website\"},\"primaryImageOfPage\":{\"@id\":\"https:\\\/\\\/kt.gov.rs\\\/sq\\\/diskutim-per-mbrojtjen-e-pcinjes-bujanocalit-kerkojn-heqje-te-hidrocentraleve\\\/#primaryimage\"},\"image\":{\"@id\":\"https:\\\/\\\/kt.gov.rs\\\/sq\\\/diskutim-per-mbrojtjen-e-pcinjes-bujanocalit-kerkojn-heqje-te-hidrocentraleve\\\/#primaryimage\"},\"thumbnailUrl\":\"https:\\\/\\\/kt.gov.rs\\\/wp-content\\\/uploads\\\/2024\\\/07\\\/1645621570_21222_2-3.jpg\",\"datePublished\":\"2022-02-21T00:00:00+00:00\",\"dateModified\":\"2024-07-30T17:57:48+00:00\",\"breadcrumb\":{\"@id\":\"https:\\\/\\\/kt.gov.rs\\\/sq\\\/diskutim-per-mbrojtjen-e-pcinjes-bujanocalit-kerkojn-heqje-te-hidrocentraleve\\\/#breadcrumb\"},\"inLanguage\":\"sq-AL\",\"potentialAction\":[{\"@type\":\"ReadAction\",\"target\":[\"https:\\\/\\\/kt.gov.rs\\\/sq\\\/diskutim-per-mbrojtjen-e-pcinjes-bujanocalit-kerkojn-heqje-te-hidrocentraleve\\\/\"]}]},{\"@type\":\"ImageObject\",\"inLanguage\":\"sq-AL\",\"@id\":\"https:\\\/\\\/kt.gov.rs\\\/sq\\\/diskutim-per-mbrojtjen-e-pcinjes-bujanocalit-kerkojn-heqje-te-hidrocentraleve\\\/#primaryimage\",\"url\":\"https:\\\/\\\/kt.gov.rs\\\/wp-content\\\/uploads\\\/2024\\\/07\\\/1645621570_21222_2-3.jpg\",\"contentUrl\":\"https:\\\/\\\/kt.gov.rs\\\/wp-content\\\/uploads\\\/2024\\\/07\\\/1645621570_21222_2-3.jpg\",\"width\":315,\"height\":230},{\"@type\":\"BreadcrumbList\",\"@id\":\"https:\\\/\\\/kt.gov.rs\\\/sq\\\/diskutim-per-mbrojtjen-e-pcinjes-bujanocalit-kerkojn-heqje-te-hidrocentraleve\\\/#breadcrumb\",\"itemListElement\":[{\"@type\":\"ListItem\",\"position\":1,\"name\":\"\u041f\u043e\u0447\u0435\u0442\u043d\u0430\",\"item\":\"https:\\\/\\\/kt.gov.rs\\\/sq\\\/\"},{\"@type\":\"ListItem\",\"position\":2,\"name\":\"DISKUTIM P\u00cbR MBROJTJEN E P\u00c7INJ\u00cbS: BUJANOCALIT K\u00cbRKOJN HEQJE T\u00cb HIDROCENTRALEVE\"}]},{\"@type\":\"WebSite\",\"@id\":\"https:\\\/\\\/kt.gov.rs\\\/#website\",\"url\":\"https:\\\/\\\/kt.gov.rs\\\/\",\"name\":\"\u041a\u043e\u043e\u0440\u0434\u0438\u043d\u0430\u0446\u0438\u043e\u043d\u043e \u0442\u0435\u043b\u043e \u0412\u043b\u0430\u0434\u0435 \u0420\u0435\u043f\u0443\u0431\u043b\u0438\u043a\u0435 \u0421\u0440\u0431\u0438\u0458\u0435 \u0437\u0430 \u043e\u043f\u0448\u0442\u0438\u043d\u0435 \u041f\u0440\u0435\u0448\u0435\u0432\u043e, \u0411\u0443\u0458\u0430\u043d\u043e\u0432\u0430\u0446 \u0438 \u041c\u0435\u0434\u0432\u0435\u0452a\",\"description\":\"\",\"publisher\":{\"@id\":\"https:\\\/\\\/kt.gov.rs\\\/#organization\"},\"alternateName\":\"\u041a\u043e\u043e\u0440\u0434\u0438\u043d\u0430\u0446\u0438\u043e\u043d\u043e \u0442\u0435\u043b\u043e\",\"potentialAction\":[{\"@type\":\"SearchAction\",\"target\":{\"@type\":\"EntryPoint\",\"urlTemplate\":\"https:\\\/\\\/kt.gov.rs\\\/?s={search_term_string}\"},\"query-input\":{\"@type\":\"PropertyValueSpecification\",\"valueRequired\":true,\"valueName\":\"search_term_string\"}}],\"inLanguage\":\"sq-AL\"},{\"@type\":\"Organization\",\"@id\":\"https:\\\/\\\/kt.gov.rs\\\/#organization\",\"name\":\"\u041a\u043e\u043e\u0440\u0434\u0438\u043d\u0430\u0446\u0438\u043e\u043d\u043e \u0442\u0435\u043b\u043e \u0412\u043b\u0430\u0434\u0435 \u0420\u0435\u043f\u0443\u0431\u043b\u0438\u043a\u0435 \u0421\u0440\u0431\u0438\u0458\u0435 \u0437\u0430 \u043e\u043f\u0448\u0442\u0438\u043d\u0435 \u041f\u0440\u0435\u0448\u0435\u0432\u043e, \u0411\u0443\u0458\u0430\u043d\u043e\u0432\u0430\u0446 \u0438 \u041c\u0435\u0434\u0432\u0435\u0452a\",\"alternateName\":\"\u041a\u043e\u043e\u0440\u0434\u0438\u043d\u0430\u0446\u0438\u043e\u043d\u043e \u0442\u0435\u043b\u043e\",\"url\":\"https:\\\/\\\/kt.gov.rs\\\/\",\"logo\":{\"@type\":\"ImageObject\",\"inLanguage\":\"sq-AL\",\"@id\":\"https:\\\/\\\/kt.gov.rs\\\/#\\\/schema\\\/logo\\\/image\\\/\",\"url\":\"https:\\\/\\\/kt.gov.rs\\\/wp-content\\\/uploads\\\/2024\\\/12\\\/koord2.jpg\",\"contentUrl\":\"https:\\\/\\\/kt.gov.rs\\\/wp-content\\\/uploads\\\/2024\\\/12\\\/koord2.jpg\",\"width\":640,\"height\":480,\"caption\":\"\u041a\u043e\u043e\u0440\u0434\u0438\u043d\u0430\u0446\u0438\u043e\u043d\u043e \u0442\u0435\u043b\u043e \u0412\u043b\u0430\u0434\u0435 \u0420\u0435\u043f\u0443\u0431\u043b\u0438\u043a\u0435 \u0421\u0440\u0431\u0438\u0458\u0435 \u0437\u0430 \u043e\u043f\u0448\u0442\u0438\u043d\u0435 \u041f\u0440\u0435\u0448\u0435\u0432\u043e, \u0411\u0443\u0458\u0430\u043d\u043e\u0432\u0430\u0446 \u0438 \u041c\u0435\u0434\u0432\u0435\u0452a\"},\"image\":{\"@id\":\"https:\\\/\\\/kt.gov.rs\\\/#\\\/schema\\\/logo\\\/image\\\/\"},\"sameAs\":[\"https:\\\/\\\/www.facebook.com\\\/SluzbaKoordinacionogTelaVladeRepublikeSrbije\",\"https:\\\/\\\/x.com\\\/kt_gov\",\"https:\\\/\\\/www.youtube.com\\\/@koordinacionotelo\"]},{\"@type\":\"Person\",\"@id\":\"https:\\\/\\\/kt.gov.rs\\\/#\\\/schema\\\/person\\\/e426459ddb4173309103390602694571\",\"name\":\"ktmin\",\"image\":{\"@type\":\"ImageObject\",\"inLanguage\":\"sq-AL\",\"@id\":\"https:\\\/\\\/secure.gravatar.com\\\/avatar\\\/3985c961109853010c3fbc7ba30365bfba5db3dd6c525831d9c595c7525a615a?s=96&d=mm&r=g\",\"url\":\"https:\\\/\\\/secure.gravatar.com\\\/avatar\\\/3985c961109853010c3fbc7ba30365bfba5db3dd6c525831d9c595c7525a615a?s=96&d=mm&r=g\",\"contentUrl\":\"https:\\\/\\\/secure.gravatar.com\\\/avatar\\\/3985c961109853010c3fbc7ba30365bfba5db3dd6c525831d9c595c7525a615a?s=96&d=mm&r=g\",\"caption\":\"ktmin\"},\"sameAs\":[\"https:\\\/\\\/kt.gov.rs\"],\"url\":\"https:\\\/\\\/kt.gov.rs\\\/sq\\\/author\\\/ktmin\\\/\"}]}<\/script>\n<!-- \/ Yoast SEO plugin. -->","yoast_head_json":{"title":"DISKUTIM P\u00cbR MBROJTJEN E P\u00c7INJ\u00cbS: BUJANOCALIT K\u00cbRKOJN HEQJE T\u00cb HIDROCENTRALEVE - Republika e S\u00ebrbis\u00eb Trupi Koordinues p\u00ebr komunat Bujanoc, Preshev\u00eb dhe Medvegj\u00eb","robots":{"index":"index","follow":"follow","max-snippet":"max-snippet:-1","max-image-preview":"max-image-preview:large","max-video-preview":"max-video-preview:-1"},"canonical":"https:\/\/kt.gov.rs\/sq\/diskutim-per-mbrojtjen-e-pcinjes-bujanocalit-kerkojn-heqje-te-hidrocentraleve\/","og_locale":"sq_AL","og_type":"article","og_title":"DISKUTIM P\u00cbR MBROJTJEN E P\u00c7INJ\u00cbS: BUJANOCALIT K\u00cbRKOJN HEQJE T\u00cb HIDROCENTRALEVE - Republika e S\u00ebrbis\u00eb Trupi Koordinues p\u00ebr komunat Bujanoc, Preshev\u00eb dhe Medvegj\u00eb","og_description":"Bujanoc - Beograd -\u00a0N\u00eb debatin publik p\u00ebr propozimin e Dekretit p\u00ebr mbrojtjen e peizazhit me tipare t\u00eb shquara &quot;Lugina e P\u00e7inj\u00ebs&quot;, mbajtur n\u00eb Bujanoc, me k\u00ebrkes\u00ebn e qytetar\u00ebve q\u00eb t\u00eb vihet n\u00eb mbrojtje rrjedha e sip\u00ebrme e lumit P\u00e7inja, p\u00ebrfaq\u00ebsuesit...","og_url":"https:\/\/kt.gov.rs\/sq\/diskutim-per-mbrojtjen-e-pcinjes-bujanocalit-kerkojn-heqje-te-hidrocentraleve\/","og_site_name":"Republika e S\u00ebrbis\u00eb Trupi Koordinues p\u00ebr komunat Bujanoc, Preshev\u00eb dhe Medvegj\u00eb","article_publisher":"https:\/\/www.facebook.com\/SluzbaKoordinacionogTelaVladeRepublikeSrbije","article_published_time":"2022-02-21T00:00:00+00:00","article_modified_time":"2024-07-30T17:57:48+00:00","og_image":[{"width":315,"height":230,"url":"https:\/\/kt.gov.rs\/wp-content\/uploads\/2024\/07\/1645621570_21222_2-3.jpg","type":"image\/jpeg"}],"author":"ktmin","twitter_card":"summary_large_image","twitter_creator":"@kt_gov","twitter_site":"@kt_gov","twitter_misc":{"Written by":"ktmin","Est. reading time":"4 minutes"},"schema":{"@context":"https:\/\/schema.org","@graph":[{"@type":"Article","@id":"https:\/\/kt.gov.rs\/sq\/diskutim-per-mbrojtjen-e-pcinjes-bujanocalit-kerkojn-heqje-te-hidrocentraleve\/#article","isPartOf":{"@id":"https:\/\/kt.gov.rs\/sq\/diskutim-per-mbrojtjen-e-pcinjes-bujanocalit-kerkojn-heqje-te-hidrocentraleve\/"},"author":{"name":"ktmin","@id":"https:\/\/kt.gov.rs\/#\/schema\/person\/e426459ddb4173309103390602694571"},"headline":"DISKUTIM P\u00cbR MBROJTJEN E P\u00c7INJ\u00cbS: BUJANOCALIT K\u00cbRKOJN HEQJE T\u00cb HIDROCENTRALEVE","datePublished":"2022-02-21T00:00:00+00:00","dateModified":"2024-07-30T17:57:48+00:00","mainEntityOfPage":{"@id":"https:\/\/kt.gov.rs\/sq\/diskutim-per-mbrojtjen-e-pcinjes-bujanocalit-kerkojn-heqje-te-hidrocentraleve\/"},"wordCount":826,"publisher":{"@id":"https:\/\/kt.gov.rs\/#organization"},"image":{"@id":"https:\/\/kt.gov.rs\/sq\/diskutim-per-mbrojtjen-e-pcinjes-bujanocalit-kerkojn-heqje-te-hidrocentraleve\/#primaryimage"},"thumbnailUrl":"https:\/\/kt.gov.rs\/wp-content\/uploads\/2024\/07\/1645621570_21222_2-3.jpg","articleSection":["Lajme"],"inLanguage":"sq-AL"},{"@type":"WebPage","@id":"https:\/\/kt.gov.rs\/sq\/diskutim-per-mbrojtjen-e-pcinjes-bujanocalit-kerkojn-heqje-te-hidrocentraleve\/","url":"https:\/\/kt.gov.rs\/sq\/diskutim-per-mbrojtjen-e-pcinjes-bujanocalit-kerkojn-heqje-te-hidrocentraleve\/","name":"DISKUTIM P\u00cbR MBROJTJEN E P\u00c7INJ\u00cbS: BUJANOCALIT K\u00cbRKOJN HEQJE T\u00cb HIDROCENTRALEVE - Republika e S\u00ebrbis\u00eb Trupi Koordinues p\u00ebr komunat Bujanoc, Preshev\u00eb dhe Medvegj\u00eb","isPartOf":{"@id":"https:\/\/kt.gov.rs\/#website"},"primaryImageOfPage":{"@id":"https:\/\/kt.gov.rs\/sq\/diskutim-per-mbrojtjen-e-pcinjes-bujanocalit-kerkojn-heqje-te-hidrocentraleve\/#primaryimage"},"image":{"@id":"https:\/\/kt.gov.rs\/sq\/diskutim-per-mbrojtjen-e-pcinjes-bujanocalit-kerkojn-heqje-te-hidrocentraleve\/#primaryimage"},"thumbnailUrl":"https:\/\/kt.gov.rs\/wp-content\/uploads\/2024\/07\/1645621570_21222_2-3.jpg","datePublished":"2022-02-21T00:00:00+00:00","dateModified":"2024-07-30T17:57:48+00:00","breadcrumb":{"@id":"https:\/\/kt.gov.rs\/sq\/diskutim-per-mbrojtjen-e-pcinjes-bujanocalit-kerkojn-heqje-te-hidrocentraleve\/#breadcrumb"},"inLanguage":"sq-AL","potentialAction":[{"@type":"ReadAction","target":["https:\/\/kt.gov.rs\/sq\/diskutim-per-mbrojtjen-e-pcinjes-bujanocalit-kerkojn-heqje-te-hidrocentraleve\/"]}]},{"@type":"ImageObject","inLanguage":"sq-AL","@id":"https:\/\/kt.gov.rs\/sq\/diskutim-per-mbrojtjen-e-pcinjes-bujanocalit-kerkojn-heqje-te-hidrocentraleve\/#primaryimage","url":"https:\/\/kt.gov.rs\/wp-content\/uploads\/2024\/07\/1645621570_21222_2-3.jpg","contentUrl":"https:\/\/kt.gov.rs\/wp-content\/uploads\/2024\/07\/1645621570_21222_2-3.jpg","width":315,"height":230},{"@type":"BreadcrumbList","@id":"https:\/\/kt.gov.rs\/sq\/diskutim-per-mbrojtjen-e-pcinjes-bujanocalit-kerkojn-heqje-te-hidrocentraleve\/#breadcrumb","itemListElement":[{"@type":"ListItem","position":1,"name":"\u041f\u043e\u0447\u0435\u0442\u043d\u0430","item":"https:\/\/kt.gov.rs\/sq\/"},{"@type":"ListItem","position":2,"name":"DISKUTIM P\u00cbR MBROJTJEN E P\u00c7INJ\u00cbS: BUJANOCALIT K\u00cbRKOJN HEQJE T\u00cb HIDROCENTRALEVE"}]},{"@type":"WebSite","@id":"https:\/\/kt.gov.rs\/#website","url":"https:\/\/kt.gov.rs\/","name":"\u041a\u043e\u043e\u0440\u0434\u0438\u043d\u0430\u0446\u0438\u043e\u043d\u043e \u0442\u0435\u043b\u043e \u0412\u043b\u0430\u0434\u0435 \u0420\u0435\u043f\u0443\u0431\u043b\u0438\u043a\u0435 \u0421\u0440\u0431\u0438\u0458\u0435 \u0437\u0430 \u043e\u043f\u0448\u0442\u0438\u043d\u0435 \u041f\u0440\u0435\u0448\u0435\u0432\u043e, \u0411\u0443\u0458\u0430\u043d\u043e\u0432\u0430\u0446 \u0438 \u041c\u0435\u0434\u0432\u0435\u0452a","description":"","publisher":{"@id":"https:\/\/kt.gov.rs\/#organization"},"alternateName":"\u041a\u043e\u043e\u0440\u0434\u0438\u043d\u0430\u0446\u0438\u043e\u043d\u043e \u0442\u0435\u043b\u043e","potentialAction":[{"@type":"SearchAction","target":{"@type":"EntryPoint","urlTemplate":"https:\/\/kt.gov.rs\/?s={search_term_string}"},"query-input":{"@type":"PropertyValueSpecification","valueRequired":true,"valueName":"search_term_string"}}],"inLanguage":"sq-AL"},{"@type":"Organization","@id":"https:\/\/kt.gov.rs\/#organization","name":"\u041a\u043e\u043e\u0440\u0434\u0438\u043d\u0430\u0446\u0438\u043e\u043d\u043e \u0442\u0435\u043b\u043e \u0412\u043b\u0430\u0434\u0435 \u0420\u0435\u043f\u0443\u0431\u043b\u0438\u043a\u0435 \u0421\u0440\u0431\u0438\u0458\u0435 \u0437\u0430 \u043e\u043f\u0448\u0442\u0438\u043d\u0435 \u041f\u0440\u0435\u0448\u0435\u0432\u043e, \u0411\u0443\u0458\u0430\u043d\u043e\u0432\u0430\u0446 \u0438 \u041c\u0435\u0434\u0432\u0435\u0452a","alternateName":"\u041a\u043e\u043e\u0440\u0434\u0438\u043d\u0430\u0446\u0438\u043e\u043d\u043e \u0442\u0435\u043b\u043e","url":"https:\/\/kt.gov.rs\/","logo":{"@type":"ImageObject","inLanguage":"sq-AL","@id":"https:\/\/kt.gov.rs\/#\/schema\/logo\/image\/","url":"https:\/\/kt.gov.rs\/wp-content\/uploads\/2024\/12\/koord2.jpg","contentUrl":"https:\/\/kt.gov.rs\/wp-content\/uploads\/2024\/12\/koord2.jpg","width":640,"height":480,"caption":"\u041a\u043e\u043e\u0440\u0434\u0438\u043d\u0430\u0446\u0438\u043e\u043d\u043e \u0442\u0435\u043b\u043e \u0412\u043b\u0430\u0434\u0435 \u0420\u0435\u043f\u0443\u0431\u043b\u0438\u043a\u0435 \u0421\u0440\u0431\u0438\u0458\u0435 \u0437\u0430 \u043e\u043f\u0448\u0442\u0438\u043d\u0435 \u041f\u0440\u0435\u0448\u0435\u0432\u043e, \u0411\u0443\u0458\u0430\u043d\u043e\u0432\u0430\u0446 \u0438 \u041c\u0435\u0434\u0432\u0435\u0452a"},"image":{"@id":"https:\/\/kt.gov.rs\/#\/schema\/logo\/image\/"},"sameAs":["https:\/\/www.facebook.com\/SluzbaKoordinacionogTelaVladeRepublikeSrbije","https:\/\/x.com\/kt_gov","https:\/\/www.youtube.com\/@koordinacionotelo"]},{"@type":"Person","@id":"https:\/\/kt.gov.rs\/#\/schema\/person\/e426459ddb4173309103390602694571","name":"ktmin","image":{"@type":"ImageObject","inLanguage":"sq-AL","@id":"https:\/\/secure.gravatar.com\/avatar\/3985c961109853010c3fbc7ba30365bfba5db3dd6c525831d9c595c7525a615a?s=96&d=mm&r=g","url":"https:\/\/secure.gravatar.com\/avatar\/3985c961109853010c3fbc7ba30365bfba5db3dd6c525831d9c595c7525a615a?s=96&d=mm&r=g","contentUrl":"https:\/\/secure.gravatar.com\/avatar\/3985c961109853010c3fbc7ba30365bfba5db3dd6c525831d9c595c7525a615a?s=96&d=mm&r=g","caption":"ktmin"},"sameAs":["https:\/\/kt.gov.rs"],"url":"https:\/\/kt.gov.rs\/sq\/author\/ktmin\/"}]}},"_links":{"self":[{"href":"https:\/\/kt.gov.rs\/sq\/wp-json\/wp\/v2\/posts\/108199","targetHints":{"allow":["GET"]}}],"collection":[{"href":"https:\/\/kt.gov.rs\/sq\/wp-json\/wp\/v2\/posts"}],"about":[{"href":"https:\/\/kt.gov.rs\/sq\/wp-json\/wp\/v2\/types\/post"}],"author":[{"embeddable":true,"href":"https:\/\/kt.gov.rs\/sq\/wp-json\/wp\/v2\/users\/1"}],"replies":[{"embeddable":true,"href":"https:\/\/kt.gov.rs\/sq\/wp-json\/wp\/v2\/comments?post=108199"}],"version-history":[{"count":1,"href":"https:\/\/kt.gov.rs\/sq\/wp-json\/wp\/v2\/posts\/108199\/revisions"}],"predecessor-version":[{"id":108203,"href":"https:\/\/kt.gov.rs\/sq\/wp-json\/wp\/v2\/posts\/108199\/revisions\/108203"}],"wp:featuredmedia":[{"embeddable":true,"href":"https:\/\/kt.gov.rs\/sq\/wp-json\/wp\/v2\/media\/108204"}],"wp:attachment":[{"href":"https:\/\/kt.gov.rs\/sq\/wp-json\/wp\/v2\/media?parent=108199"}],"wp:term":[{"taxonomy":"category","embeddable":true,"href":"https:\/\/kt.gov.rs\/sq\/wp-json\/wp\/v2\/categories?post=108199"},{"taxonomy":"post_tag","embeddable":true,"href":"https:\/\/kt.gov.rs\/sq\/wp-json\/wp\/v2\/tags?post=108199"}],"curies":[{"name":"wp","href":"https:\/\/api.w.org\/{rel}","templated":true}]}}