{"id":108145,"date":"2022-02-25T00:00:00","date_gmt":"2022-02-25T00:00:00","guid":{"rendered":"http:\/\/kt.printandscreen.rs\/hapja-dhe-toleranca-mbi-te-gjitha-thote-blendina-hyseni\/"},"modified":"2024-07-30T17:57:44","modified_gmt":"2024-07-30T17:57:44","slug":"hapja-dhe-toleranca-mbi-te-gjitha-thote-blendina-hyseni","status":"publish","type":"post","link":"https:\/\/kt.gov.rs\/sq\/hapja-dhe-toleranca-mbi-te-gjitha-thote-blendina-hyseni\/","title":{"rendered":"\u201cHAPJA DHE TOLERANCA MBI T\u00cb GJITHA\u201d, THOT\u00cb BLENDINA HYSENI"},"content":{"rendered":"<p>\n\t<strong><img decoding=\"async\" alt=\"\" src=\"https:\/\/kt.gov.rs\/wp-content\/uploads\/2024\/07\/1645779661_250222_1-2.jpg\" style=\"width: 315px; height: 230px; float: left;\" \/><\/strong><strong>Bujanoc \u2013 Beograd \u2013 <\/strong>Blendina Hyseni \u00ebsht\u00eb nx\u00ebn\u00ebse e vitit t\u00eb kat\u00ebrt n\u00eb gjimnazin &quot;Sezai Surroi&quot; dhe \u00ebsht\u00eb kryetare e parlamentit t\u00eb nx\u00ebn\u00ebsve t\u00eb k\u00ebsaj shkolle. Ajo \u00ebsht\u00eb nj\u00eb aktiviste q\u00eb p\u00ebrpiqet t&#39;i motivoj\u00eb t\u00eb rinjt\u00eb n\u00eb Bujanoc q\u00eb t\u00eb p\u00ebrfshihen n\u00eb projekte q\u00eb i shqet\u00ebsojn\u00eb dhe n\u00eb k\u00ebt\u00eb m\u00ebnyr\u00eb t&#39;i arrijn\u00eb m\u00eb leht\u00eb q\u00ebllimet dhe ambiciet e tyre.<\/p>\n<p>\n\t\u00a0Aktiviteti i par\u00eb q\u00eb m\u00eb hapi rrug\u00ebn drejt t\u00eb mirave \u00ebsht\u00eb projekti &quot;Qyteti yn\u00eb, shkollat \u200b\u200btona&quot;, i realizuar nga &quot;Grupi 484&quot;, Fondacioni &quot;Pestaloci&quot; dhe Trupi Koordinues i Qeveris\u00eb s\u00eb Republik\u00ebs s\u00eb Serbis\u00eb p\u00ebr komunat e Preshev\u00ebs, Bujanocit dhe Medvegj\u00ebs. Kemi vizituar qytetin zviceran Trogen dhe fshatin e f\u00ebmij\u00ebve Pestaloci, ku kam takuar shum\u00eb t\u00eb rinj dhe kam p\u00ebrjetuar momente t\u00eb paharrueshme shoq\u00ebrimi dhe m\u00ebsimi\u201d, thot\u00eb Blendina.<\/p>\n<p>\n\tAjo tregon se t\u00eb rinjt\u00eb n\u00eb vendin ton\u00eb jan\u00eb gjithnj\u00eb e m\u00eb t\u00eb interesuar p\u00ebr t&#39;u angazhuar n\u00eb aktivitete t\u00eb ndryshme.<\/p>\n<p>\n\t\u201cK\u00ebt\u00eb e kam v\u00ebrejtur gjat\u00eb realizimit t\u00eb aktiviteteve n\u00eb kuad\u00ebr t\u00eb parlamentit t\u00eb shkoll\u00ebs son\u00eb. Kemi bashk\u00ebpunuar me shkolla t\u00eb shumta nga vendi yn\u00eb dhe jasht\u00eb vendit dhe \u00e7do her\u00eb n\u00eb k\u00ebto aktivitete u jan\u00eb bashkuar gjithnj\u00eb e m\u00eb shum\u00eb t\u00eb rinj\u201d, thot\u00eb Blendina.<\/p>\n<p>\n\t<img decoding=\"async\" alt=\"\" src=\"https:\/\/kt.gov.rs\/wp-content\/uploads\/2024\/07\/1645779695_250222_2-1.jpg\" style=\"width: 640px; height: 306px;\" \/><\/p>\n<p>\n\tKjo e re nga Bujanoci beson se \u00ebsht\u00eb shum\u00eb e r\u00ebnd\u00ebsishme q\u00eb t\u00eb rinjt\u00eb t\u00eb jen\u00eb t\u00eb hapur p\u00ebr marrjen e njohurive dhe aft\u00ebsive t\u00eb reja, t\u00eb m\u00ebsojn\u00eb gjuh\u00eb t\u00eb tjera, t\u00eb njohin kultura t\u00eb ndryshme. Blendina shpjegon se t\u00eb rinjt\u00eb n\u00eb Bujanoc i kan\u00eb tejkaluar barrierat gjuh\u00ebsore dhe kulturore dhe tani g\u00ebzojn\u00eb respekt t\u00eb nd\u00ebrsjell\u00eb dhe ndihmojn\u00eb nj\u00ebri-tjetrin.<\/p>\n<p>\n\t\u201cParlamenti i shkoll\u00ebs son\u00eb u fokusua n\u00eb zhvillimin personal t\u00eb nx\u00ebn\u00ebsve. Ne bashk\u00ebpunojm\u00eb me shkollat \u200b\u200be tjera dhe p\u00ebrpiqemi t\u00eb sigurojm\u00eb komunikim t\u00eb mir\u00eb mes nx\u00ebn\u00ebsve dhe m\u00ebsuesve. Gj\u00ebja m\u00eb e r\u00ebnd\u00ebsishme \u00ebsht\u00eb p\u00ebrmir\u00ebsimi i k\u00ebtyre marr\u00ebdh\u00ebnieve, duke p\u00ebrfaq\u00ebsuar interesat e t\u00eb gjith\u00eb student\u00ebve. Jemi duke punuar q\u00eb t\u00eb gjith\u00eb nx\u00ebn\u00ebsit t\u00eb inkurajohen q\u00eb lirisht t\u00eb shprehin mendimin e tyre, shton Blendina.<\/p>\n<p>\n\tSipas saj, Parlamenti Studentor \u201cSezai Surroi\u201d, n\u00eb bashk\u00ebpunim me shkollat \u200b\u200be tjera, deri m\u00eb tani ka realizuar aktivitete t\u00eb shumta. Ajo posa\u00e7\u00ebrisht thekson bashk\u00ebpunimin dhe aktivitetet e mira me t\u00eb rinjt\u00eb e Parlamentit Studentor t\u00eb Shkoll\u00ebs s\u00eb Mesme \u201cSh\u00ebn Sava\u201d dhe kryeparlamentarin, Bogdan Matiq.<\/p>\n<p>\n\t<img decoding=\"async\" alt=\"\" src=\"https:\/\/kt.gov.rs\/wp-content\/uploads\/2024\/07\/1645779707_250222_3-1.jpg\" style=\"width: 640px; height: 360px;\" \/><\/p>\n<p>\n\t\u201cP\u00ebrve\u00e7 n\u00eb Trogen kemi pasur vizita t\u00eb p\u00ebrbashk\u00ebta n\u00eb Beograd dhe Frushka Gor\u00eb. Realizuam nj\u00eb turne volejbolli, sh\u00ebnuam Dit\u00ebn Bot\u00ebrore t\u00eb Paqes, nj\u00eb aksion humanitar kushtuar f\u00ebmij\u00ebve t\u00eb familjeve t\u00eb rrezikuara social, si dhe nj\u00eb aksion t\u00eb pastrimit t\u00eb qytetit me slloganin \u201cP\u00ebr nj\u00eb mjedis t\u00eb past\u00ebr\u201d, thekson kjo vajz\u00eb pun\u00ebtore.<\/p>\n<p>\n\tBlendina thot\u00eb se thelbi \u00ebsht\u00eb n\u00eb hapjen ndaj ideve t\u00eb reja. Ajo ka shum\u00eb plane q\u00eb d\u00ebshiron t&#39;i realizoj\u00eb n\u00eb qytetin e saj, p\u00ebr t\u00eb cil\u00ebn thot\u00eb se ka shum\u00eb p\u00ebrpar\u00ebsi, ve\u00e7an\u00ebrisht n\u00ebse nuk keni paragjykime, respektoni fqinj\u00ebt dhe doni at\u00eb q\u00eb b\u00ebni.<\/p>\n<p>\n\t<strong>Burimi: Trupi Koordinues<\/strong><\/p>\n<p>\n\t\u00a0<\/p>\n","protected":false},"excerpt":{"rendered":"<p>Bujanoc \u2013 Beograd \u2013\u00a0Blendina Hyseni \u00ebsht\u00eb nx\u00ebn\u00ebse e vitit t\u00eb kat\u00ebrt n\u00eb gjimnazin &quot;Sezai Surroi&quot; dhe \u00ebsht\u00eb kryetare e parlamentit t\u00eb nx\u00ebn\u00ebsve t\u00eb k\u00ebsaj shkolle. Ajo \u00ebsht\u00eb nj\u00eb aktiviste q\u00eb p\u00ebrpiqet t&#39;i motivoj\u00eb t\u00eb rinjt\u00eb n\u00eb Bujanoc q\u00eb t\u00eb p\u00ebrfshihen n\u00eb projekte q\u00eb i shqet\u00ebsojn\u00eb dhe n\u00eb k\u00ebt\u00eb m\u00ebnyr\u00eb t&#39;i arrijn\u00eb m\u00eb leht\u00eb q\u00ebllimet dhe ambiciet e tyre.<\/p>\n","protected":false},"author":1,"featured_media":108156,"comment_status":"closed","ping_status":"closed","sticky":false,"template":"","format":"standard","meta":{"footnotes":""},"categories":[55],"tags":[],"class_list":["post-108145","post","type-post","status-publish","format-standard","has-post-thumbnail","hentry","category-lajme"],"yoast_head":"<!-- This site is optimized with the Yoast SEO plugin v27.5 - https:\/\/yoast.com\/product\/yoast-seo-wordpress\/ -->\n<title>\u201cHAPJA DHE TOLERANCA MBI T\u00cb GJITHA\u201d, THOT\u00cb BLENDINA HYSENI - Republika e S\u00ebrbis\u00eb Trupi Koordinues p\u00ebr komunat Bujanoc, Preshev\u00eb dhe Medvegj\u00eb<\/title>\n<meta name=\"robots\" content=\"index, follow, max-snippet:-1, max-image-preview:large, max-video-preview:-1\" \/>\n<link rel=\"canonical\" href=\"https:\/\/kt.gov.rs\/sq\/hapja-dhe-toleranca-mbi-te-gjitha-thote-blendina-hyseni\/\" \/>\n<meta property=\"og:locale\" content=\"sq_AL\" \/>\n<meta property=\"og:type\" content=\"article\" \/>\n<meta property=\"og:title\" content=\"\u201cHAPJA DHE TOLERANCA MBI T\u00cb GJITHA\u201d, THOT\u00cb BLENDINA HYSENI - Republika e S\u00ebrbis\u00eb Trupi Koordinues p\u00ebr komunat Bujanoc, Preshev\u00eb dhe Medvegj\u00eb\" \/>\n<meta property=\"og:description\" content=\"Bujanoc - Beograd -\u00a0Blendina Hyseni \u00ebsht\u00eb nx\u00ebn\u00ebse e vitit t\u00eb kat\u00ebrt n\u00eb gjimnazin &quot;Sezai Surroi&quot; dhe \u00ebsht\u00eb kryetare e parlamentit t\u00eb nx\u00ebn\u00ebsve t\u00eb k\u00ebsaj shkolle. Ajo \u00ebsht\u00eb nj\u00eb aktiviste q\u00eb p\u00ebrpiqet t&#039;i motivoj\u00eb t\u00eb rinjt\u00eb n\u00eb Bujanoc q\u00eb t\u00eb p\u00ebrfshihen n\u00eb projekte q\u00eb i shqet\u00ebsojn\u00eb dhe n\u00eb k\u00ebt\u00eb m\u00ebnyr\u00eb t&#039;i arrijn\u00eb m\u00eb leht\u00eb q\u00ebllimet dhe ambiciet e tyre.\" \/>\n<meta property=\"og:url\" content=\"https:\/\/kt.gov.rs\/sq\/hapja-dhe-toleranca-mbi-te-gjitha-thote-blendina-hyseni\/\" \/>\n<meta property=\"og:site_name\" content=\"Republika e S\u00ebrbis\u00eb Trupi Koordinues p\u00ebr komunat Bujanoc, Preshev\u00eb dhe Medvegj\u00eb\" \/>\n<meta property=\"article:publisher\" content=\"https:\/\/www.facebook.com\/SluzbaKoordinacionogTelaVladeRepublikeSrbije\" \/>\n<meta property=\"article:published_time\" content=\"2022-02-25T00:00:00+00:00\" \/>\n<meta property=\"article:modified_time\" content=\"2024-07-30T17:57:44+00:00\" \/>\n<meta property=\"og:image\" content=\"https:\/\/kt.gov.rs\/wp-content\/uploads\/2024\/07\/1645779661_250222_1-3.jpg\" \/>\n\t<meta property=\"og:image:width\" content=\"315\" \/>\n\t<meta property=\"og:image:height\" content=\"230\" \/>\n\t<meta property=\"og:image:type\" content=\"image\/jpeg\" \/>\n<meta name=\"author\" content=\"ktmin\" \/>\n<meta name=\"twitter:card\" content=\"summary_large_image\" \/>\n<meta name=\"twitter:creator\" content=\"@kt_gov\" \/>\n<meta name=\"twitter:site\" content=\"@kt_gov\" \/>\n<meta name=\"twitter:label1\" content=\"Written by\" \/>\n\t<meta name=\"twitter:data1\" content=\"ktmin\" \/>\n\t<meta name=\"twitter:label2\" content=\"Est. reading time\" \/>\n\t<meta name=\"twitter:data2\" content=\"4 minutes\" \/>\n<script type=\"application\/ld+json\" class=\"yoast-schema-graph\">{\"@context\":\"https:\\\/\\\/schema.org\",\"@graph\":[{\"@type\":\"Article\",\"@id\":\"https:\\\/\\\/kt.gov.rs\\\/sq\\\/hapja-dhe-toleranca-mbi-te-gjitha-thote-blendina-hyseni\\\/#article\",\"isPartOf\":{\"@id\":\"https:\\\/\\\/kt.gov.rs\\\/sq\\\/hapja-dhe-toleranca-mbi-te-gjitha-thote-blendina-hyseni\\\/\"},\"author\":{\"name\":\"ktmin\",\"@id\":\"https:\\\/\\\/kt.gov.rs\\\/#\\\/schema\\\/person\\\/e426459ddb4173309103390602694571\"},\"headline\":\"\u201cHAPJA DHE TOLERANCA MBI T\u00cb GJITHA\u201d, THOT\u00cb BLENDINA HYSENI\",\"datePublished\":\"2022-02-25T00:00:00+00:00\",\"dateModified\":\"2024-07-30T17:57:44+00:00\",\"mainEntityOfPage\":{\"@id\":\"https:\\\/\\\/kt.gov.rs\\\/sq\\\/hapja-dhe-toleranca-mbi-te-gjitha-thote-blendina-hyseni\\\/\"},\"wordCount\":807,\"publisher\":{\"@id\":\"https:\\\/\\\/kt.gov.rs\\\/#organization\"},\"image\":{\"@id\":\"https:\\\/\\\/kt.gov.rs\\\/sq\\\/hapja-dhe-toleranca-mbi-te-gjitha-thote-blendina-hyseni\\\/#primaryimage\"},\"thumbnailUrl\":\"https:\\\/\\\/kt.gov.rs\\\/wp-content\\\/uploads\\\/2024\\\/07\\\/1645779661_250222_1-3.jpg\",\"articleSection\":[\"Lajme\"],\"inLanguage\":\"sq-AL\"},{\"@type\":\"WebPage\",\"@id\":\"https:\\\/\\\/kt.gov.rs\\\/sq\\\/hapja-dhe-toleranca-mbi-te-gjitha-thote-blendina-hyseni\\\/\",\"url\":\"https:\\\/\\\/kt.gov.rs\\\/sq\\\/hapja-dhe-toleranca-mbi-te-gjitha-thote-blendina-hyseni\\\/\",\"name\":\"\u201cHAPJA DHE TOLERANCA MBI T\u00cb GJITHA\u201d, THOT\u00cb BLENDINA HYSENI - Republika e S\u00ebrbis\u00eb Trupi Koordinues p\u00ebr komunat Bujanoc, Preshev\u00eb dhe Medvegj\u00eb\",\"isPartOf\":{\"@id\":\"https:\\\/\\\/kt.gov.rs\\\/#website\"},\"primaryImageOfPage\":{\"@id\":\"https:\\\/\\\/kt.gov.rs\\\/sq\\\/hapja-dhe-toleranca-mbi-te-gjitha-thote-blendina-hyseni\\\/#primaryimage\"},\"image\":{\"@id\":\"https:\\\/\\\/kt.gov.rs\\\/sq\\\/hapja-dhe-toleranca-mbi-te-gjitha-thote-blendina-hyseni\\\/#primaryimage\"},\"thumbnailUrl\":\"https:\\\/\\\/kt.gov.rs\\\/wp-content\\\/uploads\\\/2024\\\/07\\\/1645779661_250222_1-3.jpg\",\"datePublished\":\"2022-02-25T00:00:00+00:00\",\"dateModified\":\"2024-07-30T17:57:44+00:00\",\"breadcrumb\":{\"@id\":\"https:\\\/\\\/kt.gov.rs\\\/sq\\\/hapja-dhe-toleranca-mbi-te-gjitha-thote-blendina-hyseni\\\/#breadcrumb\"},\"inLanguage\":\"sq-AL\",\"potentialAction\":[{\"@type\":\"ReadAction\",\"target\":[\"https:\\\/\\\/kt.gov.rs\\\/sq\\\/hapja-dhe-toleranca-mbi-te-gjitha-thote-blendina-hyseni\\\/\"]}]},{\"@type\":\"ImageObject\",\"inLanguage\":\"sq-AL\",\"@id\":\"https:\\\/\\\/kt.gov.rs\\\/sq\\\/hapja-dhe-toleranca-mbi-te-gjitha-thote-blendina-hyseni\\\/#primaryimage\",\"url\":\"https:\\\/\\\/kt.gov.rs\\\/wp-content\\\/uploads\\\/2024\\\/07\\\/1645779661_250222_1-3.jpg\",\"contentUrl\":\"https:\\\/\\\/kt.gov.rs\\\/wp-content\\\/uploads\\\/2024\\\/07\\\/1645779661_250222_1-3.jpg\",\"width\":315,\"height\":230},{\"@type\":\"BreadcrumbList\",\"@id\":\"https:\\\/\\\/kt.gov.rs\\\/sq\\\/hapja-dhe-toleranca-mbi-te-gjitha-thote-blendina-hyseni\\\/#breadcrumb\",\"itemListElement\":[{\"@type\":\"ListItem\",\"position\":1,\"name\":\"\u041f\u043e\u0447\u0435\u0442\u043d\u0430\",\"item\":\"https:\\\/\\\/kt.gov.rs\\\/sq\\\/\"},{\"@type\":\"ListItem\",\"position\":2,\"name\":\"\u201cHAPJA DHE TOLERANCA MBI T\u00cb GJITHA\u201d, THOT\u00cb BLENDINA HYSENI\"}]},{\"@type\":\"WebSite\",\"@id\":\"https:\\\/\\\/kt.gov.rs\\\/#website\",\"url\":\"https:\\\/\\\/kt.gov.rs\\\/\",\"name\":\"\u041a\u043e\u043e\u0440\u0434\u0438\u043d\u0430\u0446\u0438\u043e\u043d\u043e \u0442\u0435\u043b\u043e \u0412\u043b\u0430\u0434\u0435 \u0420\u0435\u043f\u0443\u0431\u043b\u0438\u043a\u0435 \u0421\u0440\u0431\u0438\u0458\u0435 \u0437\u0430 \u043e\u043f\u0448\u0442\u0438\u043d\u0435 \u041f\u0440\u0435\u0448\u0435\u0432\u043e, \u0411\u0443\u0458\u0430\u043d\u043e\u0432\u0430\u0446 \u0438 \u041c\u0435\u0434\u0432\u0435\u0452a\",\"description\":\"\",\"publisher\":{\"@id\":\"https:\\\/\\\/kt.gov.rs\\\/#organization\"},\"alternateName\":\"\u041a\u043e\u043e\u0440\u0434\u0438\u043d\u0430\u0446\u0438\u043e\u043d\u043e \u0442\u0435\u043b\u043e\",\"potentialAction\":[{\"@type\":\"SearchAction\",\"target\":{\"@type\":\"EntryPoint\",\"urlTemplate\":\"https:\\\/\\\/kt.gov.rs\\\/?s={search_term_string}\"},\"query-input\":{\"@type\":\"PropertyValueSpecification\",\"valueRequired\":true,\"valueName\":\"search_term_string\"}}],\"inLanguage\":\"sq-AL\"},{\"@type\":\"Organization\",\"@id\":\"https:\\\/\\\/kt.gov.rs\\\/#organization\",\"name\":\"\u041a\u043e\u043e\u0440\u0434\u0438\u043d\u0430\u0446\u0438\u043e\u043d\u043e \u0442\u0435\u043b\u043e \u0412\u043b\u0430\u0434\u0435 \u0420\u0435\u043f\u0443\u0431\u043b\u0438\u043a\u0435 \u0421\u0440\u0431\u0438\u0458\u0435 \u0437\u0430 \u043e\u043f\u0448\u0442\u0438\u043d\u0435 \u041f\u0440\u0435\u0448\u0435\u0432\u043e, \u0411\u0443\u0458\u0430\u043d\u043e\u0432\u0430\u0446 \u0438 \u041c\u0435\u0434\u0432\u0435\u0452a\",\"alternateName\":\"\u041a\u043e\u043e\u0440\u0434\u0438\u043d\u0430\u0446\u0438\u043e\u043d\u043e \u0442\u0435\u043b\u043e\",\"url\":\"https:\\\/\\\/kt.gov.rs\\\/\",\"logo\":{\"@type\":\"ImageObject\",\"inLanguage\":\"sq-AL\",\"@id\":\"https:\\\/\\\/kt.gov.rs\\\/#\\\/schema\\\/logo\\\/image\\\/\",\"url\":\"https:\\\/\\\/kt.gov.rs\\\/wp-content\\\/uploads\\\/2024\\\/12\\\/koord2.jpg\",\"contentUrl\":\"https:\\\/\\\/kt.gov.rs\\\/wp-content\\\/uploads\\\/2024\\\/12\\\/koord2.jpg\",\"width\":640,\"height\":480,\"caption\":\"\u041a\u043e\u043e\u0440\u0434\u0438\u043d\u0430\u0446\u0438\u043e\u043d\u043e \u0442\u0435\u043b\u043e \u0412\u043b\u0430\u0434\u0435 \u0420\u0435\u043f\u0443\u0431\u043b\u0438\u043a\u0435 \u0421\u0440\u0431\u0438\u0458\u0435 \u0437\u0430 \u043e\u043f\u0448\u0442\u0438\u043d\u0435 \u041f\u0440\u0435\u0448\u0435\u0432\u043e, \u0411\u0443\u0458\u0430\u043d\u043e\u0432\u0430\u0446 \u0438 \u041c\u0435\u0434\u0432\u0435\u0452a\"},\"image\":{\"@id\":\"https:\\\/\\\/kt.gov.rs\\\/#\\\/schema\\\/logo\\\/image\\\/\"},\"sameAs\":[\"https:\\\/\\\/www.facebook.com\\\/SluzbaKoordinacionogTelaVladeRepublikeSrbije\",\"https:\\\/\\\/x.com\\\/kt_gov\",\"https:\\\/\\\/www.youtube.com\\\/@koordinacionotelo\"]},{\"@type\":\"Person\",\"@id\":\"https:\\\/\\\/kt.gov.rs\\\/#\\\/schema\\\/person\\\/e426459ddb4173309103390602694571\",\"name\":\"ktmin\",\"image\":{\"@type\":\"ImageObject\",\"inLanguage\":\"sq-AL\",\"@id\":\"https:\\\/\\\/secure.gravatar.com\\\/avatar\\\/3985c961109853010c3fbc7ba30365bfba5db3dd6c525831d9c595c7525a615a?s=96&d=mm&r=g\",\"url\":\"https:\\\/\\\/secure.gravatar.com\\\/avatar\\\/3985c961109853010c3fbc7ba30365bfba5db3dd6c525831d9c595c7525a615a?s=96&d=mm&r=g\",\"contentUrl\":\"https:\\\/\\\/secure.gravatar.com\\\/avatar\\\/3985c961109853010c3fbc7ba30365bfba5db3dd6c525831d9c595c7525a615a?s=96&d=mm&r=g\",\"caption\":\"ktmin\"},\"sameAs\":[\"https:\\\/\\\/kt.gov.rs\"],\"url\":\"https:\\\/\\\/kt.gov.rs\\\/sq\\\/author\\\/ktmin\\\/\"}]}<\/script>\n<!-- \/ Yoast SEO plugin. -->","yoast_head_json":{"title":"\u201cHAPJA DHE TOLERANCA MBI T\u00cb GJITHA\u201d, THOT\u00cb BLENDINA HYSENI - Republika e S\u00ebrbis\u00eb Trupi Koordinues p\u00ebr komunat Bujanoc, Preshev\u00eb dhe Medvegj\u00eb","robots":{"index":"index","follow":"follow","max-snippet":"max-snippet:-1","max-image-preview":"max-image-preview:large","max-video-preview":"max-video-preview:-1"},"canonical":"https:\/\/kt.gov.rs\/sq\/hapja-dhe-toleranca-mbi-te-gjitha-thote-blendina-hyseni\/","og_locale":"sq_AL","og_type":"article","og_title":"\u201cHAPJA DHE TOLERANCA MBI T\u00cb GJITHA\u201d, THOT\u00cb BLENDINA HYSENI - Republika e S\u00ebrbis\u00eb Trupi Koordinues p\u00ebr komunat Bujanoc, Preshev\u00eb dhe Medvegj\u00eb","og_description":"Bujanoc - Beograd -\u00a0Blendina Hyseni \u00ebsht\u00eb nx\u00ebn\u00ebse e vitit t\u00eb kat\u00ebrt n\u00eb gjimnazin &quot;Sezai Surroi&quot; dhe \u00ebsht\u00eb kryetare e parlamentit t\u00eb nx\u00ebn\u00ebsve t\u00eb k\u00ebsaj shkolle. Ajo \u00ebsht\u00eb nj\u00eb aktiviste q\u00eb p\u00ebrpiqet t&#39;i motivoj\u00eb t\u00eb rinjt\u00eb n\u00eb Bujanoc q\u00eb t\u00eb p\u00ebrfshihen n\u00eb projekte q\u00eb i shqet\u00ebsojn\u00eb dhe n\u00eb k\u00ebt\u00eb m\u00ebnyr\u00eb t&#39;i arrijn\u00eb m\u00eb leht\u00eb q\u00ebllimet dhe ambiciet e tyre.","og_url":"https:\/\/kt.gov.rs\/sq\/hapja-dhe-toleranca-mbi-te-gjitha-thote-blendina-hyseni\/","og_site_name":"Republika e S\u00ebrbis\u00eb Trupi Koordinues p\u00ebr komunat Bujanoc, Preshev\u00eb dhe Medvegj\u00eb","article_publisher":"https:\/\/www.facebook.com\/SluzbaKoordinacionogTelaVladeRepublikeSrbije","article_published_time":"2022-02-25T00:00:00+00:00","article_modified_time":"2024-07-30T17:57:44+00:00","og_image":[{"width":315,"height":230,"url":"https:\/\/kt.gov.rs\/wp-content\/uploads\/2024\/07\/1645779661_250222_1-3.jpg","type":"image\/jpeg"}],"author":"ktmin","twitter_card":"summary_large_image","twitter_creator":"@kt_gov","twitter_site":"@kt_gov","twitter_misc":{"Written by":"ktmin","Est. reading time":"4 minutes"},"schema":{"@context":"https:\/\/schema.org","@graph":[{"@type":"Article","@id":"https:\/\/kt.gov.rs\/sq\/hapja-dhe-toleranca-mbi-te-gjitha-thote-blendina-hyseni\/#article","isPartOf":{"@id":"https:\/\/kt.gov.rs\/sq\/hapja-dhe-toleranca-mbi-te-gjitha-thote-blendina-hyseni\/"},"author":{"name":"ktmin","@id":"https:\/\/kt.gov.rs\/#\/schema\/person\/e426459ddb4173309103390602694571"},"headline":"\u201cHAPJA DHE TOLERANCA MBI T\u00cb GJITHA\u201d, THOT\u00cb BLENDINA HYSENI","datePublished":"2022-02-25T00:00:00+00:00","dateModified":"2024-07-30T17:57:44+00:00","mainEntityOfPage":{"@id":"https:\/\/kt.gov.rs\/sq\/hapja-dhe-toleranca-mbi-te-gjitha-thote-blendina-hyseni\/"},"wordCount":807,"publisher":{"@id":"https:\/\/kt.gov.rs\/#organization"},"image":{"@id":"https:\/\/kt.gov.rs\/sq\/hapja-dhe-toleranca-mbi-te-gjitha-thote-blendina-hyseni\/#primaryimage"},"thumbnailUrl":"https:\/\/kt.gov.rs\/wp-content\/uploads\/2024\/07\/1645779661_250222_1-3.jpg","articleSection":["Lajme"],"inLanguage":"sq-AL"},{"@type":"WebPage","@id":"https:\/\/kt.gov.rs\/sq\/hapja-dhe-toleranca-mbi-te-gjitha-thote-blendina-hyseni\/","url":"https:\/\/kt.gov.rs\/sq\/hapja-dhe-toleranca-mbi-te-gjitha-thote-blendina-hyseni\/","name":"\u201cHAPJA DHE TOLERANCA MBI T\u00cb GJITHA\u201d, THOT\u00cb BLENDINA HYSENI - Republika e S\u00ebrbis\u00eb Trupi Koordinues p\u00ebr komunat Bujanoc, Preshev\u00eb dhe Medvegj\u00eb","isPartOf":{"@id":"https:\/\/kt.gov.rs\/#website"},"primaryImageOfPage":{"@id":"https:\/\/kt.gov.rs\/sq\/hapja-dhe-toleranca-mbi-te-gjitha-thote-blendina-hyseni\/#primaryimage"},"image":{"@id":"https:\/\/kt.gov.rs\/sq\/hapja-dhe-toleranca-mbi-te-gjitha-thote-blendina-hyseni\/#primaryimage"},"thumbnailUrl":"https:\/\/kt.gov.rs\/wp-content\/uploads\/2024\/07\/1645779661_250222_1-3.jpg","datePublished":"2022-02-25T00:00:00+00:00","dateModified":"2024-07-30T17:57:44+00:00","breadcrumb":{"@id":"https:\/\/kt.gov.rs\/sq\/hapja-dhe-toleranca-mbi-te-gjitha-thote-blendina-hyseni\/#breadcrumb"},"inLanguage":"sq-AL","potentialAction":[{"@type":"ReadAction","target":["https:\/\/kt.gov.rs\/sq\/hapja-dhe-toleranca-mbi-te-gjitha-thote-blendina-hyseni\/"]}]},{"@type":"ImageObject","inLanguage":"sq-AL","@id":"https:\/\/kt.gov.rs\/sq\/hapja-dhe-toleranca-mbi-te-gjitha-thote-blendina-hyseni\/#primaryimage","url":"https:\/\/kt.gov.rs\/wp-content\/uploads\/2024\/07\/1645779661_250222_1-3.jpg","contentUrl":"https:\/\/kt.gov.rs\/wp-content\/uploads\/2024\/07\/1645779661_250222_1-3.jpg","width":315,"height":230},{"@type":"BreadcrumbList","@id":"https:\/\/kt.gov.rs\/sq\/hapja-dhe-toleranca-mbi-te-gjitha-thote-blendina-hyseni\/#breadcrumb","itemListElement":[{"@type":"ListItem","position":1,"name":"\u041f\u043e\u0447\u0435\u0442\u043d\u0430","item":"https:\/\/kt.gov.rs\/sq\/"},{"@type":"ListItem","position":2,"name":"\u201cHAPJA DHE TOLERANCA MBI T\u00cb GJITHA\u201d, THOT\u00cb BLENDINA HYSENI"}]},{"@type":"WebSite","@id":"https:\/\/kt.gov.rs\/#website","url":"https:\/\/kt.gov.rs\/","name":"\u041a\u043e\u043e\u0440\u0434\u0438\u043d\u0430\u0446\u0438\u043e\u043d\u043e \u0442\u0435\u043b\u043e \u0412\u043b\u0430\u0434\u0435 \u0420\u0435\u043f\u0443\u0431\u043b\u0438\u043a\u0435 \u0421\u0440\u0431\u0438\u0458\u0435 \u0437\u0430 \u043e\u043f\u0448\u0442\u0438\u043d\u0435 \u041f\u0440\u0435\u0448\u0435\u0432\u043e, \u0411\u0443\u0458\u0430\u043d\u043e\u0432\u0430\u0446 \u0438 \u041c\u0435\u0434\u0432\u0435\u0452a","description":"","publisher":{"@id":"https:\/\/kt.gov.rs\/#organization"},"alternateName":"\u041a\u043e\u043e\u0440\u0434\u0438\u043d\u0430\u0446\u0438\u043e\u043d\u043e \u0442\u0435\u043b\u043e","potentialAction":[{"@type":"SearchAction","target":{"@type":"EntryPoint","urlTemplate":"https:\/\/kt.gov.rs\/?s={search_term_string}"},"query-input":{"@type":"PropertyValueSpecification","valueRequired":true,"valueName":"search_term_string"}}],"inLanguage":"sq-AL"},{"@type":"Organization","@id":"https:\/\/kt.gov.rs\/#organization","name":"\u041a\u043e\u043e\u0440\u0434\u0438\u043d\u0430\u0446\u0438\u043e\u043d\u043e \u0442\u0435\u043b\u043e \u0412\u043b\u0430\u0434\u0435 \u0420\u0435\u043f\u0443\u0431\u043b\u0438\u043a\u0435 \u0421\u0440\u0431\u0438\u0458\u0435 \u0437\u0430 \u043e\u043f\u0448\u0442\u0438\u043d\u0435 \u041f\u0440\u0435\u0448\u0435\u0432\u043e, \u0411\u0443\u0458\u0430\u043d\u043e\u0432\u0430\u0446 \u0438 \u041c\u0435\u0434\u0432\u0435\u0452a","alternateName":"\u041a\u043e\u043e\u0440\u0434\u0438\u043d\u0430\u0446\u0438\u043e\u043d\u043e \u0442\u0435\u043b\u043e","url":"https:\/\/kt.gov.rs\/","logo":{"@type":"ImageObject","inLanguage":"sq-AL","@id":"https:\/\/kt.gov.rs\/#\/schema\/logo\/image\/","url":"https:\/\/kt.gov.rs\/wp-content\/uploads\/2024\/12\/koord2.jpg","contentUrl":"https:\/\/kt.gov.rs\/wp-content\/uploads\/2024\/12\/koord2.jpg","width":640,"height":480,"caption":"\u041a\u043e\u043e\u0440\u0434\u0438\u043d\u0430\u0446\u0438\u043e\u043d\u043e \u0442\u0435\u043b\u043e \u0412\u043b\u0430\u0434\u0435 \u0420\u0435\u043f\u0443\u0431\u043b\u0438\u043a\u0435 \u0421\u0440\u0431\u0438\u0458\u0435 \u0437\u0430 \u043e\u043f\u0448\u0442\u0438\u043d\u0435 \u041f\u0440\u0435\u0448\u0435\u0432\u043e, \u0411\u0443\u0458\u0430\u043d\u043e\u0432\u0430\u0446 \u0438 \u041c\u0435\u0434\u0432\u0435\u0452a"},"image":{"@id":"https:\/\/kt.gov.rs\/#\/schema\/logo\/image\/"},"sameAs":["https:\/\/www.facebook.com\/SluzbaKoordinacionogTelaVladeRepublikeSrbije","https:\/\/x.com\/kt_gov","https:\/\/www.youtube.com\/@koordinacionotelo"]},{"@type":"Person","@id":"https:\/\/kt.gov.rs\/#\/schema\/person\/e426459ddb4173309103390602694571","name":"ktmin","image":{"@type":"ImageObject","inLanguage":"sq-AL","@id":"https:\/\/secure.gravatar.com\/avatar\/3985c961109853010c3fbc7ba30365bfba5db3dd6c525831d9c595c7525a615a?s=96&d=mm&r=g","url":"https:\/\/secure.gravatar.com\/avatar\/3985c961109853010c3fbc7ba30365bfba5db3dd6c525831d9c595c7525a615a?s=96&d=mm&r=g","contentUrl":"https:\/\/secure.gravatar.com\/avatar\/3985c961109853010c3fbc7ba30365bfba5db3dd6c525831d9c595c7525a615a?s=96&d=mm&r=g","caption":"ktmin"},"sameAs":["https:\/\/kt.gov.rs"],"url":"https:\/\/kt.gov.rs\/sq\/author\/ktmin\/"}]}},"_links":{"self":[{"href":"https:\/\/kt.gov.rs\/sq\/wp-json\/wp\/v2\/posts\/108145","targetHints":{"allow":["GET"]}}],"collection":[{"href":"https:\/\/kt.gov.rs\/sq\/wp-json\/wp\/v2\/posts"}],"about":[{"href":"https:\/\/kt.gov.rs\/sq\/wp-json\/wp\/v2\/types\/post"}],"author":[{"embeddable":true,"href":"https:\/\/kt.gov.rs\/sq\/wp-json\/wp\/v2\/users\/1"}],"replies":[{"embeddable":true,"href":"https:\/\/kt.gov.rs\/sq\/wp-json\/wp\/v2\/comments?post=108145"}],"version-history":[{"count":1,"href":"https:\/\/kt.gov.rs\/sq\/wp-json\/wp\/v2\/posts\/108145\/revisions"}],"predecessor-version":[{"id":108155,"href":"https:\/\/kt.gov.rs\/sq\/wp-json\/wp\/v2\/posts\/108145\/revisions\/108155"}],"wp:featuredmedia":[{"embeddable":true,"href":"https:\/\/kt.gov.rs\/sq\/wp-json\/wp\/v2\/media\/108156"}],"wp:attachment":[{"href":"https:\/\/kt.gov.rs\/sq\/wp-json\/wp\/v2\/media?parent=108145"}],"wp:term":[{"taxonomy":"category","embeddable":true,"href":"https:\/\/kt.gov.rs\/sq\/wp-json\/wp\/v2\/categories?post=108145"},{"taxonomy":"post_tag","embeddable":true,"href":"https:\/\/kt.gov.rs\/sq\/wp-json\/wp\/v2\/tags?post=108145"}],"curies":[{"name":"wp","href":"https:\/\/api.w.org\/{rel}","templated":true}]}}