{"id":108121,"date":"2022-03-01T00:00:00","date_gmt":"2022-03-01T00:00:00","guid":{"rendered":"http:\/\/kt.printandscreen.rs\/fillon-realizimi-i-projekteve-zhvillimore-per-potencialin-ekonomik-dhe-turistik-te-qarkut-jablanices-dhe-toplices\/"},"modified":"2024-07-30T17:57:40","modified_gmt":"2024-07-30T17:57:40","slug":"fillon-realizimi-i-projekteve-zhvillimore-per-potencialin-ekonomik-dhe-turistik-te-qarkut-jablanices-dhe-toplices","status":"publish","type":"post","link":"https:\/\/kt.gov.rs\/sq\/fillon-realizimi-i-projekteve-zhvillimore-per-potencialin-ekonomik-dhe-turistik-te-qarkut-jablanices-dhe-toplices\/","title":{"rendered":"FILLON REALIZIMI I PROJEKT\u00cbVE ZHVILLIMORE P\u00cbR POTENCIALIN EKONOMIK DHE TURISTIK T\u00cb QARKUT JABLANICES DHE TOPLIC\u00cbS"},"content":{"rendered":"<p>\n\t<strong><img decoding=\"async\" alt=\"\" src=\"https:\/\/kt.gov.rs\/wp-content\/uploads\/2024\/07\/1646133763_010322_1-2.jpg\" style=\"width: 315px; height: 230px; float: left;\" \/><\/strong><\/p>\n<p>\n\t<strong>Medvegj\u00eb \u2013 Beograd \u2013<\/strong> N\u00eb Qendr\u00ebn e Vizitor\u00ebve Teodor n\u00eb Leban af\u00ebr qytetit t\u00eb Perandoresh\u00ebs u mbajt nj\u00eb seanc\u00eb i grupit punues Nd\u00ebrinstitucional p\u00ebr Organizimin dhe Zhvillimin e Serbis\u00eb Jugore.<\/p>\n<p>\n\tDuke ndjekur shembullin e zbatimit t\u00eb suksessh\u00ebm t\u00eb nj\u00eb s\u00ebr\u00eb projektesh p\u00ebr rigjall\u00ebrimin e Serbis\u00eb per\u00ebndimore (Ov\u00e7arsko-Kablarske klisure), m\u00eb 21 tetor 2021. u krijua nj\u00eb grup punues Nd\u00ebrinstitucional p\u00ebr organizimin dhe zhvillimin e Serbis\u00eb Jugore. N\u00eb teritorin e qyteteve Leskovc dhe Prokuple dhe n\u00eb komunat e Krushumlis\u00eb, Lebanit, Medvegj\u00ebs dhe Bojnikut (MTTT, MZZHS, MGSI, MPShV, MKI, Ekonomia e vog\u00ebl, RAS, JP rruget publike, KUJU, PKZ p\u00ebr mbrojtjen e monumenteve t\u00eb kultur\u00ebs, n\u00eb rrethet administrative Jabllanic\u00eb dhe Toplic\u00eb).<\/p>\n<p>\n\tQ\u00ebllimi i pun\u00ebs s\u00eb saj \u00ebsht\u00eb identifikimi, p\u00ebrgatitja dhe zbatimi i projekteve prioritare n\u00eb fush\u00ebn e turizmit, mjedisit dhe infrastruktur\u00ebs, m\u00eb t\u00eb r\u00ebnd\u00ebsishmet p\u00ebr k\u00ebt\u00eb pjes\u00eb t\u00eb Serbis\u00eb.<\/p>\n<p>\n\tZona e Serbis\u00eb jugore \u00ebsht\u00eb nj\u00eb peizazh me diversitet t\u00eb jasht\u00ebzakonsh\u00ebm peizazhi, bukuri dhe atraktivitet. \u00cbsht\u00eb i pasur me burime termale me uj\u00eb sh\u00ebrues dhe balt\u00eb n\u00eb Banj\u00ebn Prolom, Banj\u00ebn e Lukov\u00ebs dhe Banj\u00ebn e Sijarin\u00ebs. N\u00eb malin magjik t\u00eb Radanit \u00ebsht\u00eb nj\u00eb nga fenomenet e rralla natyrore t\u00eb marra nga erozioni i tok\u00ebs (Gjavola Varosh). Trash\u00ebgimia unike dhe e r\u00ebnd\u00ebsishme kulturore dhe historike pasqyrohet n\u00eb vendet arkeologjike Plo\u00e7nik pran\u00eb qytetit Prokuple dhe Cari\u00e7in af\u00ebr Libanit, por edhe n\u00eb shum\u00eb nd\u00ebrtesa sakrale dhe memoriale.<\/p>\n<p>\n\tDuke pasur parasysh se zona e Serbis\u00eb jugore ka potencialin t\u00eb b\u00ebhet nj\u00eb destinacion i r\u00ebnd\u00ebsish\u00ebm sh\u00ebndet\u00ebsor, kulturor dhe turistik, si dhe nj\u00eb oaz natyror p\u00ebr turist\u00ebt e t\u00eb gjitha profileve, grupi i pun\u00ebs identifikoi nj\u00eb list\u00eb t\u00eb projekteve prioritare q\u00eb do t\u00eb plot\u00ebsojn\u00eb p\u00ebrmbajtjen dhe oferta e k\u00ebtij rajoni. N\u00eb bashk\u00ebpunim me RAS-in po punohet intensivisht p\u00ebr t\u00ebrheqjen e investitor\u00ebve t\u00eb cil\u00ebt do t\u00eb pun\u00ebsojn\u00eb disa qindra banor\u00eb t\u00eb k\u00ebsaj pjese t\u00eb Serbis\u00eb.<\/p>\n<p>\n\tVlera totale e projekteve t\u00eb faz\u00ebs s\u00eb par\u00eb \u00ebsht\u00eb 13 miliard\u00eb Dinar dhe ato jan\u00eb:<\/p>\n<ul>\n<li>\n\t\tRruga n\u00ebp\u00ebr malin e Radanit \u2013 do t\u00eb lidh\u00eb rrethet e Jabllanic\u00ebs dhe Toplic\u00ebs, pra qytetin Cari\u00e7in, Sijarinska banj\u00ebn, Prolom banj\u00ebn, Gjavola Varosh, Krushumlia dhe Lukovska banj\u00ebn dhe lokalitetin arkeologjik Plo\u00e7nik. Realizimi i k\u00ebsaj rruge do t\u00eb p\u00ebrgjysmoj\u00eb koh\u00ebn e deritanishme t\u00eb udh\u00ebtimit dhe do t\u00eb bashkoj\u00eb dy lagjet Jabllanic\u00eb dhe Toplic\u00eb;<\/li>\n<li>\n\t\tBioplantimi n\u00eb Leban, impianti i par\u00eb i trajtimit t\u00eb uj\u00ebrave t\u00eb zeza n\u00eb Serbi me nj\u00eb kopsht botanik, si nj\u00eb projekt demonstrues dhe atraksion si p\u00ebr publikun profesionist ashtu edhe p\u00ebr potencialin turistik t\u00eb rajonit;<\/li>\n<li>\n\t\tQyteti i Perandoresh\u00ebs, jan\u00eb planifikuar punime p\u00ebr konservim, restaurim, pajisje infrastrukturore dhe rregullim t\u00eb vendit, p\u00ebr t&#39;u kualifikuar n\u00eb list\u00ebn e UNESCO-s;<\/li>\n<li>\n\t\tV\u00ebzhgim n\u00eb kodr\u00ebn Hisar n\u00eb Leskovc \u2013 projekti p\u00ebrfshin zgjerimin dhe rregullimin e v\u00ebzhgimit ekzistues, vendosjen e perdeve, vendosjen e stolave \u200b\u200bdhe vendosjen e rekuizitave, postat e v\u00ebzhgimit dhe p\u00ebrmbajtje t\u00eb tjera rekreative p\u00ebr programin shkollor;<\/li>\n<li>\n\t\tAmfiteatri i hapur n\u00eb Bojnik \u2013 pllaja qendrore p\u00ebrball\u00eb sall\u00ebs s\u00eb sporteve n\u00eb Bojnik si lokacion p\u00ebr organizimin e ngjarjeve kulturore dhe turistike p\u00ebr t\u00ebrheqjen e turist\u00ebve dhe vizitor\u00ebve;<\/li>\n<li>\n\t\tSkena verore n\u00eb kalan\u00eb e Hisarit n\u00eb Prokuplje \u2013 rregullimi i nj\u00eb shtegu p\u00ebr k\u00ebmb\u00ebsor\u00eb p\u00ebr n\u00eb kala, ndri\u00e7imi dhe vendosja e p\u00ebrmbajtjeve p\u00ebr q\u00ebllime turistike. Organizimi i nj\u00eb skene verore me 150 vende;<\/li>\n<li>\n\t\tSerbia e past\u00ebr n\u00eb Leskovc dhe Prokuplje \u2013 nd\u00ebrtimi i infrastruktur\u00ebs komunale dhe infrastruktur\u00ebs p\u00ebr deponimin e mbeturinave komunale dhe t\u00eb ngurta n\u00eb Republik\u00ebn e Serbis\u00eb;<\/li>\n<li>\n\t\tParku \u00c7uklenik n\u00eb Liban \u2013 projekti i nd\u00ebrtimit t\u00eb nj\u00eb parku turistik dhe rekreativ \u00c7uklenik n\u00eb 44 ha n\u00eb 6 zona: park aventure p\u00ebr f\u00ebmij\u00eb, zon\u00eb pikniku t\u00eb qytetit, shtigje sportive, k\u00ebmbsori dhe staz\u00eb bi\u00e7ikletash;<\/li>\n<li>\n\t\tSijarinska Banja af\u00ebr Medvegj\u00ebs \u2013 rind\u00ebrtimi i KC Sijarinska Banja, amfiteatri, parkingu, rruga, pllaja, shkolla, si dhe rregullimi i plot\u00eb i banj\u00ebs Romake. Nd\u00ebrtimi i rrjetit t\u00eb uj\u00ebsjell\u00ebsit dhe kanalizimeve;<\/li>\n<li>\n\t\tQendra RH Gejzer pran\u00eb Medvegj\u00ebs \u2013 pas p\u00ebrfundimit me sukses t\u00eb faz\u00ebs s\u00eb par\u00eb, nd\u00ebrtimi i nj\u00eb qendre moderne spa, do t\u00eb filloj\u00eb me rikonstruksionin e plot\u00eb t\u00eb kompleksit rekreativ dhe sh\u00ebndetsor Gejzer;<\/li>\n<li>\n\t\tRruga Leskovc \u2013 Bojnik \u2013 sesioni PD IIA rreshti num\u00ebr 226, q\u00eb lidh rrethin e Toplic\u00ebs dhe Jabllanic\u00ebs me nj\u00eb gjat\u00ebsi t\u00eb p\u00ebrgjithshme rreth 1.6 km;<\/li>\n<li>\n\t\tSht\u00ebpia malore Uji Mir\u00eb n\u00eb Bojnik \u2013 sht\u00ebpiz\u00eb malore me infrastruktur\u00eb p\u00ebrcjell\u00ebse turistike dhe objekte t\u00eb tjera akomoduese me hap\u00ebsir\u00eb \u200b\u200bt\u00eb rregulluar p\u00ebr kamping dhe rekreacion, q\u00eb paraqet nj\u00eb potencial t\u00eb konsideruesh\u00ebm p\u00ebr zhvillimin e objekteve individuale turistike.<\/li>\n<\/ul>\n<p style=\"margin-left:.25in;\">\n\t<strong>Burimi: Info Centar Jug, Trupi Koordinues<\/strong><\/p>\n<p>\n\t\u00a0<\/p>\n","protected":false},"excerpt":{"rendered":"<p>Medvegj\u00eb \u2013 Beograd \u2013\u00a0N\u00eb Qendr\u00ebn e Vizitor\u00ebve Teodor n\u00eb Leban af\u00ebr qytetit t\u00eb Perandoresh\u00ebs u mbajt nj\u00eb seanc\u00eb i grupit punues Nd\u00ebrinstitucional p\u00ebr Organizimin dhe Zhvillimin e Serbis\u00eb Jugore.<\/p>\n","protected":false},"author":1,"featured_media":108126,"comment_status":"closed","ping_status":"closed","sticky":false,"template":"","format":"standard","meta":{"footnotes":""},"categories":[55],"tags":[],"class_list":["post-108121","post","type-post","status-publish","format-standard","has-post-thumbnail","hentry","category-lajme"],"yoast_head":"<!-- This site is optimized with the Yoast SEO plugin v27.5 - https:\/\/yoast.com\/product\/yoast-seo-wordpress\/ -->\n<title>FILLON REALIZIMI I PROJEKT\u00cbVE ZHVILLIMORE P\u00cbR POTENCIALIN EKONOMIK DHE TURISTIK T\u00cb QARKUT JABLANICES DHE TOPLIC\u00cbS - Republika e S\u00ebrbis\u00eb Trupi Koordinues p\u00ebr komunat Bujanoc, Preshev\u00eb dhe Medvegj\u00eb<\/title>\n<meta name=\"robots\" content=\"index, follow, max-snippet:-1, max-image-preview:large, max-video-preview:-1\" \/>\n<link rel=\"canonical\" href=\"https:\/\/kt.gov.rs\/sq\/fillon-realizimi-i-projekteve-zhvillimore-per-potencialin-ekonomik-dhe-turistik-te-qarkut-jablanices-dhe-toplices\/\" \/>\n<meta property=\"og:locale\" content=\"sq_AL\" \/>\n<meta property=\"og:type\" content=\"article\" \/>\n<meta property=\"og:title\" content=\"FILLON REALIZIMI I PROJEKT\u00cbVE ZHVILLIMORE P\u00cbR POTENCIALIN EKONOMIK DHE TURISTIK T\u00cb QARKUT JABLANICES DHE TOPLIC\u00cbS - Republika e S\u00ebrbis\u00eb Trupi Koordinues p\u00ebr komunat Bujanoc, Preshev\u00eb dhe Medvegj\u00eb\" \/>\n<meta property=\"og:description\" content=\"Medvegj\u00eb - Beograd -\u00a0N\u00eb Qendr\u00ebn e Vizitor\u00ebve Teodor n\u00eb Leban af\u00ebr qytetit t\u00eb Perandoresh\u00ebs u mbajt nj\u00eb seanc\u00eb i grupit punues Nd\u00ebrinstitucional p\u00ebr Organizimin dhe Zhvillimin e Serbis\u00eb Jugore.\" \/>\n<meta property=\"og:url\" content=\"https:\/\/kt.gov.rs\/sq\/fillon-realizimi-i-projekteve-zhvillimore-per-potencialin-ekonomik-dhe-turistik-te-qarkut-jablanices-dhe-toplices\/\" \/>\n<meta property=\"og:site_name\" content=\"Republika e S\u00ebrbis\u00eb Trupi Koordinues p\u00ebr komunat Bujanoc, Preshev\u00eb dhe Medvegj\u00eb\" \/>\n<meta property=\"article:publisher\" content=\"https:\/\/www.facebook.com\/SluzbaKoordinacionogTelaVladeRepublikeSrbije\" \/>\n<meta property=\"article:published_time\" content=\"2022-03-01T00:00:00+00:00\" \/>\n<meta property=\"article:modified_time\" content=\"2024-07-30T17:57:40+00:00\" \/>\n<meta property=\"og:image\" content=\"https:\/\/kt.gov.rs\/wp-content\/uploads\/2024\/07\/1646133763_010322_1-3.jpg\" \/>\n\t<meta property=\"og:image:width\" content=\"315\" \/>\n\t<meta property=\"og:image:height\" content=\"230\" \/>\n\t<meta property=\"og:image:type\" content=\"image\/jpeg\" \/>\n<meta name=\"author\" content=\"ktmin\" \/>\n<meta name=\"twitter:card\" content=\"summary_large_image\" \/>\n<meta name=\"twitter:creator\" content=\"@kt_gov\" \/>\n<meta name=\"twitter:site\" content=\"@kt_gov\" \/>\n<meta name=\"twitter:label1\" content=\"Written by\" \/>\n\t<meta name=\"twitter:data1\" content=\"ktmin\" \/>\n\t<meta name=\"twitter:label2\" content=\"Est. reading time\" \/>\n\t<meta name=\"twitter:data2\" content=\"6 minutes\" \/>\n<script type=\"application\/ld+json\" class=\"yoast-schema-graph\">{\"@context\":\"https:\\\/\\\/schema.org\",\"@graph\":[{\"@type\":\"Article\",\"@id\":\"https:\\\/\\\/kt.gov.rs\\\/sq\\\/fillon-realizimi-i-projekteve-zhvillimore-per-potencialin-ekonomik-dhe-turistik-te-qarkut-jablanices-dhe-toplices\\\/#article\",\"isPartOf\":{\"@id\":\"https:\\\/\\\/kt.gov.rs\\\/sq\\\/fillon-realizimi-i-projekteve-zhvillimore-per-potencialin-ekonomik-dhe-turistik-te-qarkut-jablanices-dhe-toplices\\\/\"},\"author\":{\"name\":\"ktmin\",\"@id\":\"https:\\\/\\\/kt.gov.rs\\\/#\\\/schema\\\/person\\\/e426459ddb4173309103390602694571\"},\"headline\":\"FILLON REALIZIMI I PROJEKT\u00cbVE ZHVILLIMORE P\u00cbR POTENCIALIN EKONOMIK DHE TURISTIK T\u00cb QARKUT JABLANICES DHE TOPLIC\u00cbS\",\"datePublished\":\"2022-03-01T00:00:00+00:00\",\"dateModified\":\"2024-07-30T17:57:40+00:00\",\"mainEntityOfPage\":{\"@id\":\"https:\\\/\\\/kt.gov.rs\\\/sq\\\/fillon-realizimi-i-projekteve-zhvillimore-per-potencialin-ekonomik-dhe-turistik-te-qarkut-jablanices-dhe-toplices\\\/\"},\"wordCount\":1155,\"publisher\":{\"@id\":\"https:\\\/\\\/kt.gov.rs\\\/#organization\"},\"image\":{\"@id\":\"https:\\\/\\\/kt.gov.rs\\\/sq\\\/fillon-realizimi-i-projekteve-zhvillimore-per-potencialin-ekonomik-dhe-turistik-te-qarkut-jablanices-dhe-toplices\\\/#primaryimage\"},\"thumbnailUrl\":\"https:\\\/\\\/kt.gov.rs\\\/wp-content\\\/uploads\\\/2024\\\/07\\\/1646133763_010322_1-3.jpg\",\"articleSection\":[\"Lajme\"],\"inLanguage\":\"sq-AL\"},{\"@type\":\"WebPage\",\"@id\":\"https:\\\/\\\/kt.gov.rs\\\/sq\\\/fillon-realizimi-i-projekteve-zhvillimore-per-potencialin-ekonomik-dhe-turistik-te-qarkut-jablanices-dhe-toplices\\\/\",\"url\":\"https:\\\/\\\/kt.gov.rs\\\/sq\\\/fillon-realizimi-i-projekteve-zhvillimore-per-potencialin-ekonomik-dhe-turistik-te-qarkut-jablanices-dhe-toplices\\\/\",\"name\":\"FILLON REALIZIMI I PROJEKT\u00cbVE ZHVILLIMORE P\u00cbR POTENCIALIN EKONOMIK DHE TURISTIK T\u00cb QARKUT JABLANICES DHE TOPLIC\u00cbS - Republika e S\u00ebrbis\u00eb Trupi Koordinues p\u00ebr komunat Bujanoc, Preshev\u00eb dhe Medvegj\u00eb\",\"isPartOf\":{\"@id\":\"https:\\\/\\\/kt.gov.rs\\\/#website\"},\"primaryImageOfPage\":{\"@id\":\"https:\\\/\\\/kt.gov.rs\\\/sq\\\/fillon-realizimi-i-projekteve-zhvillimore-per-potencialin-ekonomik-dhe-turistik-te-qarkut-jablanices-dhe-toplices\\\/#primaryimage\"},\"image\":{\"@id\":\"https:\\\/\\\/kt.gov.rs\\\/sq\\\/fillon-realizimi-i-projekteve-zhvillimore-per-potencialin-ekonomik-dhe-turistik-te-qarkut-jablanices-dhe-toplices\\\/#primaryimage\"},\"thumbnailUrl\":\"https:\\\/\\\/kt.gov.rs\\\/wp-content\\\/uploads\\\/2024\\\/07\\\/1646133763_010322_1-3.jpg\",\"datePublished\":\"2022-03-01T00:00:00+00:00\",\"dateModified\":\"2024-07-30T17:57:40+00:00\",\"breadcrumb\":{\"@id\":\"https:\\\/\\\/kt.gov.rs\\\/sq\\\/fillon-realizimi-i-projekteve-zhvillimore-per-potencialin-ekonomik-dhe-turistik-te-qarkut-jablanices-dhe-toplices\\\/#breadcrumb\"},\"inLanguage\":\"sq-AL\",\"potentialAction\":[{\"@type\":\"ReadAction\",\"target\":[\"https:\\\/\\\/kt.gov.rs\\\/sq\\\/fillon-realizimi-i-projekteve-zhvillimore-per-potencialin-ekonomik-dhe-turistik-te-qarkut-jablanices-dhe-toplices\\\/\"]}]},{\"@type\":\"ImageObject\",\"inLanguage\":\"sq-AL\",\"@id\":\"https:\\\/\\\/kt.gov.rs\\\/sq\\\/fillon-realizimi-i-projekteve-zhvillimore-per-potencialin-ekonomik-dhe-turistik-te-qarkut-jablanices-dhe-toplices\\\/#primaryimage\",\"url\":\"https:\\\/\\\/kt.gov.rs\\\/wp-content\\\/uploads\\\/2024\\\/07\\\/1646133763_010322_1-3.jpg\",\"contentUrl\":\"https:\\\/\\\/kt.gov.rs\\\/wp-content\\\/uploads\\\/2024\\\/07\\\/1646133763_010322_1-3.jpg\",\"width\":315,\"height\":230},{\"@type\":\"BreadcrumbList\",\"@id\":\"https:\\\/\\\/kt.gov.rs\\\/sq\\\/fillon-realizimi-i-projekteve-zhvillimore-per-potencialin-ekonomik-dhe-turistik-te-qarkut-jablanices-dhe-toplices\\\/#breadcrumb\",\"itemListElement\":[{\"@type\":\"ListItem\",\"position\":1,\"name\":\"\u041f\u043e\u0447\u0435\u0442\u043d\u0430\",\"item\":\"https:\\\/\\\/kt.gov.rs\\\/sq\\\/\"},{\"@type\":\"ListItem\",\"position\":2,\"name\":\"FILLON REALIZIMI I PROJEKT\u00cbVE ZHVILLIMORE P\u00cbR POTENCIALIN EKONOMIK DHE TURISTIK T\u00cb QARKUT JABLANICES DHE TOPLIC\u00cbS\"}]},{\"@type\":\"WebSite\",\"@id\":\"https:\\\/\\\/kt.gov.rs\\\/#website\",\"url\":\"https:\\\/\\\/kt.gov.rs\\\/\",\"name\":\"\u041a\u043e\u043e\u0440\u0434\u0438\u043d\u0430\u0446\u0438\u043e\u043d\u043e \u0442\u0435\u043b\u043e \u0412\u043b\u0430\u0434\u0435 \u0420\u0435\u043f\u0443\u0431\u043b\u0438\u043a\u0435 \u0421\u0440\u0431\u0438\u0458\u0435 \u0437\u0430 \u043e\u043f\u0448\u0442\u0438\u043d\u0435 \u041f\u0440\u0435\u0448\u0435\u0432\u043e, \u0411\u0443\u0458\u0430\u043d\u043e\u0432\u0430\u0446 \u0438 \u041c\u0435\u0434\u0432\u0435\u0452a\",\"description\":\"\",\"publisher\":{\"@id\":\"https:\\\/\\\/kt.gov.rs\\\/#organization\"},\"alternateName\":\"\u041a\u043e\u043e\u0440\u0434\u0438\u043d\u0430\u0446\u0438\u043e\u043d\u043e \u0442\u0435\u043b\u043e\",\"potentialAction\":[{\"@type\":\"SearchAction\",\"target\":{\"@type\":\"EntryPoint\",\"urlTemplate\":\"https:\\\/\\\/kt.gov.rs\\\/?s={search_term_string}\"},\"query-input\":{\"@type\":\"PropertyValueSpecification\",\"valueRequired\":true,\"valueName\":\"search_term_string\"}}],\"inLanguage\":\"sq-AL\"},{\"@type\":\"Organization\",\"@id\":\"https:\\\/\\\/kt.gov.rs\\\/#organization\",\"name\":\"\u041a\u043e\u043e\u0440\u0434\u0438\u043d\u0430\u0446\u0438\u043e\u043d\u043e \u0442\u0435\u043b\u043e \u0412\u043b\u0430\u0434\u0435 \u0420\u0435\u043f\u0443\u0431\u043b\u0438\u043a\u0435 \u0421\u0440\u0431\u0438\u0458\u0435 \u0437\u0430 \u043e\u043f\u0448\u0442\u0438\u043d\u0435 \u041f\u0440\u0435\u0448\u0435\u0432\u043e, \u0411\u0443\u0458\u0430\u043d\u043e\u0432\u0430\u0446 \u0438 \u041c\u0435\u0434\u0432\u0435\u0452a\",\"alternateName\":\"\u041a\u043e\u043e\u0440\u0434\u0438\u043d\u0430\u0446\u0438\u043e\u043d\u043e \u0442\u0435\u043b\u043e\",\"url\":\"https:\\\/\\\/kt.gov.rs\\\/\",\"logo\":{\"@type\":\"ImageObject\",\"inLanguage\":\"sq-AL\",\"@id\":\"https:\\\/\\\/kt.gov.rs\\\/#\\\/schema\\\/logo\\\/image\\\/\",\"url\":\"https:\\\/\\\/kt.gov.rs\\\/wp-content\\\/uploads\\\/2024\\\/12\\\/koord2.jpg\",\"contentUrl\":\"https:\\\/\\\/kt.gov.rs\\\/wp-content\\\/uploads\\\/2024\\\/12\\\/koord2.jpg\",\"width\":640,\"height\":480,\"caption\":\"\u041a\u043e\u043e\u0440\u0434\u0438\u043d\u0430\u0446\u0438\u043e\u043d\u043e \u0442\u0435\u043b\u043e \u0412\u043b\u0430\u0434\u0435 \u0420\u0435\u043f\u0443\u0431\u043b\u0438\u043a\u0435 \u0421\u0440\u0431\u0438\u0458\u0435 \u0437\u0430 \u043e\u043f\u0448\u0442\u0438\u043d\u0435 \u041f\u0440\u0435\u0448\u0435\u0432\u043e, \u0411\u0443\u0458\u0430\u043d\u043e\u0432\u0430\u0446 \u0438 \u041c\u0435\u0434\u0432\u0435\u0452a\"},\"image\":{\"@id\":\"https:\\\/\\\/kt.gov.rs\\\/#\\\/schema\\\/logo\\\/image\\\/\"},\"sameAs\":[\"https:\\\/\\\/www.facebook.com\\\/SluzbaKoordinacionogTelaVladeRepublikeSrbije\",\"https:\\\/\\\/x.com\\\/kt_gov\",\"https:\\\/\\\/www.youtube.com\\\/@koordinacionotelo\"]},{\"@type\":\"Person\",\"@id\":\"https:\\\/\\\/kt.gov.rs\\\/#\\\/schema\\\/person\\\/e426459ddb4173309103390602694571\",\"name\":\"ktmin\",\"image\":{\"@type\":\"ImageObject\",\"inLanguage\":\"sq-AL\",\"@id\":\"https:\\\/\\\/secure.gravatar.com\\\/avatar\\\/3985c961109853010c3fbc7ba30365bfba5db3dd6c525831d9c595c7525a615a?s=96&d=mm&r=g\",\"url\":\"https:\\\/\\\/secure.gravatar.com\\\/avatar\\\/3985c961109853010c3fbc7ba30365bfba5db3dd6c525831d9c595c7525a615a?s=96&d=mm&r=g\",\"contentUrl\":\"https:\\\/\\\/secure.gravatar.com\\\/avatar\\\/3985c961109853010c3fbc7ba30365bfba5db3dd6c525831d9c595c7525a615a?s=96&d=mm&r=g\",\"caption\":\"ktmin\"},\"sameAs\":[\"https:\\\/\\\/kt.gov.rs\"],\"url\":\"https:\\\/\\\/kt.gov.rs\\\/sq\\\/author\\\/ktmin\\\/\"}]}<\/script>\n<!-- \/ Yoast SEO plugin. -->","yoast_head_json":{"title":"FILLON REALIZIMI I PROJEKT\u00cbVE ZHVILLIMORE P\u00cbR POTENCIALIN EKONOMIK DHE TURISTIK T\u00cb QARKUT JABLANICES DHE TOPLIC\u00cbS - Republika e S\u00ebrbis\u00eb Trupi Koordinues p\u00ebr komunat Bujanoc, Preshev\u00eb dhe Medvegj\u00eb","robots":{"index":"index","follow":"follow","max-snippet":"max-snippet:-1","max-image-preview":"max-image-preview:large","max-video-preview":"max-video-preview:-1"},"canonical":"https:\/\/kt.gov.rs\/sq\/fillon-realizimi-i-projekteve-zhvillimore-per-potencialin-ekonomik-dhe-turistik-te-qarkut-jablanices-dhe-toplices\/","og_locale":"sq_AL","og_type":"article","og_title":"FILLON REALIZIMI I PROJEKT\u00cbVE ZHVILLIMORE P\u00cbR POTENCIALIN EKONOMIK DHE TURISTIK T\u00cb QARKUT JABLANICES DHE TOPLIC\u00cbS - Republika e S\u00ebrbis\u00eb Trupi Koordinues p\u00ebr komunat Bujanoc, Preshev\u00eb dhe Medvegj\u00eb","og_description":"Medvegj\u00eb - Beograd -\u00a0N\u00eb Qendr\u00ebn e Vizitor\u00ebve Teodor n\u00eb Leban af\u00ebr qytetit t\u00eb Perandoresh\u00ebs u mbajt nj\u00eb seanc\u00eb i grupit punues Nd\u00ebrinstitucional p\u00ebr Organizimin dhe Zhvillimin e Serbis\u00eb Jugore.","og_url":"https:\/\/kt.gov.rs\/sq\/fillon-realizimi-i-projekteve-zhvillimore-per-potencialin-ekonomik-dhe-turistik-te-qarkut-jablanices-dhe-toplices\/","og_site_name":"Republika e S\u00ebrbis\u00eb Trupi Koordinues p\u00ebr komunat Bujanoc, Preshev\u00eb dhe Medvegj\u00eb","article_publisher":"https:\/\/www.facebook.com\/SluzbaKoordinacionogTelaVladeRepublikeSrbije","article_published_time":"2022-03-01T00:00:00+00:00","article_modified_time":"2024-07-30T17:57:40+00:00","og_image":[{"width":315,"height":230,"url":"https:\/\/kt.gov.rs\/wp-content\/uploads\/2024\/07\/1646133763_010322_1-3.jpg","type":"image\/jpeg"}],"author":"ktmin","twitter_card":"summary_large_image","twitter_creator":"@kt_gov","twitter_site":"@kt_gov","twitter_misc":{"Written by":"ktmin","Est. reading time":"6 minutes"},"schema":{"@context":"https:\/\/schema.org","@graph":[{"@type":"Article","@id":"https:\/\/kt.gov.rs\/sq\/fillon-realizimi-i-projekteve-zhvillimore-per-potencialin-ekonomik-dhe-turistik-te-qarkut-jablanices-dhe-toplices\/#article","isPartOf":{"@id":"https:\/\/kt.gov.rs\/sq\/fillon-realizimi-i-projekteve-zhvillimore-per-potencialin-ekonomik-dhe-turistik-te-qarkut-jablanices-dhe-toplices\/"},"author":{"name":"ktmin","@id":"https:\/\/kt.gov.rs\/#\/schema\/person\/e426459ddb4173309103390602694571"},"headline":"FILLON REALIZIMI I PROJEKT\u00cbVE ZHVILLIMORE P\u00cbR POTENCIALIN EKONOMIK DHE TURISTIK T\u00cb QARKUT JABLANICES DHE TOPLIC\u00cbS","datePublished":"2022-03-01T00:00:00+00:00","dateModified":"2024-07-30T17:57:40+00:00","mainEntityOfPage":{"@id":"https:\/\/kt.gov.rs\/sq\/fillon-realizimi-i-projekteve-zhvillimore-per-potencialin-ekonomik-dhe-turistik-te-qarkut-jablanices-dhe-toplices\/"},"wordCount":1155,"publisher":{"@id":"https:\/\/kt.gov.rs\/#organization"},"image":{"@id":"https:\/\/kt.gov.rs\/sq\/fillon-realizimi-i-projekteve-zhvillimore-per-potencialin-ekonomik-dhe-turistik-te-qarkut-jablanices-dhe-toplices\/#primaryimage"},"thumbnailUrl":"https:\/\/kt.gov.rs\/wp-content\/uploads\/2024\/07\/1646133763_010322_1-3.jpg","articleSection":["Lajme"],"inLanguage":"sq-AL"},{"@type":"WebPage","@id":"https:\/\/kt.gov.rs\/sq\/fillon-realizimi-i-projekteve-zhvillimore-per-potencialin-ekonomik-dhe-turistik-te-qarkut-jablanices-dhe-toplices\/","url":"https:\/\/kt.gov.rs\/sq\/fillon-realizimi-i-projekteve-zhvillimore-per-potencialin-ekonomik-dhe-turistik-te-qarkut-jablanices-dhe-toplices\/","name":"FILLON REALIZIMI I PROJEKT\u00cbVE ZHVILLIMORE P\u00cbR POTENCIALIN EKONOMIK DHE TURISTIK T\u00cb QARKUT JABLANICES DHE TOPLIC\u00cbS - Republika e S\u00ebrbis\u00eb Trupi Koordinues p\u00ebr komunat Bujanoc, Preshev\u00eb dhe Medvegj\u00eb","isPartOf":{"@id":"https:\/\/kt.gov.rs\/#website"},"primaryImageOfPage":{"@id":"https:\/\/kt.gov.rs\/sq\/fillon-realizimi-i-projekteve-zhvillimore-per-potencialin-ekonomik-dhe-turistik-te-qarkut-jablanices-dhe-toplices\/#primaryimage"},"image":{"@id":"https:\/\/kt.gov.rs\/sq\/fillon-realizimi-i-projekteve-zhvillimore-per-potencialin-ekonomik-dhe-turistik-te-qarkut-jablanices-dhe-toplices\/#primaryimage"},"thumbnailUrl":"https:\/\/kt.gov.rs\/wp-content\/uploads\/2024\/07\/1646133763_010322_1-3.jpg","datePublished":"2022-03-01T00:00:00+00:00","dateModified":"2024-07-30T17:57:40+00:00","breadcrumb":{"@id":"https:\/\/kt.gov.rs\/sq\/fillon-realizimi-i-projekteve-zhvillimore-per-potencialin-ekonomik-dhe-turistik-te-qarkut-jablanices-dhe-toplices\/#breadcrumb"},"inLanguage":"sq-AL","potentialAction":[{"@type":"ReadAction","target":["https:\/\/kt.gov.rs\/sq\/fillon-realizimi-i-projekteve-zhvillimore-per-potencialin-ekonomik-dhe-turistik-te-qarkut-jablanices-dhe-toplices\/"]}]},{"@type":"ImageObject","inLanguage":"sq-AL","@id":"https:\/\/kt.gov.rs\/sq\/fillon-realizimi-i-projekteve-zhvillimore-per-potencialin-ekonomik-dhe-turistik-te-qarkut-jablanices-dhe-toplices\/#primaryimage","url":"https:\/\/kt.gov.rs\/wp-content\/uploads\/2024\/07\/1646133763_010322_1-3.jpg","contentUrl":"https:\/\/kt.gov.rs\/wp-content\/uploads\/2024\/07\/1646133763_010322_1-3.jpg","width":315,"height":230},{"@type":"BreadcrumbList","@id":"https:\/\/kt.gov.rs\/sq\/fillon-realizimi-i-projekteve-zhvillimore-per-potencialin-ekonomik-dhe-turistik-te-qarkut-jablanices-dhe-toplices\/#breadcrumb","itemListElement":[{"@type":"ListItem","position":1,"name":"\u041f\u043e\u0447\u0435\u0442\u043d\u0430","item":"https:\/\/kt.gov.rs\/sq\/"},{"@type":"ListItem","position":2,"name":"FILLON REALIZIMI I PROJEKT\u00cbVE ZHVILLIMORE P\u00cbR POTENCIALIN EKONOMIK DHE TURISTIK T\u00cb QARKUT JABLANICES DHE TOPLIC\u00cbS"}]},{"@type":"WebSite","@id":"https:\/\/kt.gov.rs\/#website","url":"https:\/\/kt.gov.rs\/","name":"\u041a\u043e\u043e\u0440\u0434\u0438\u043d\u0430\u0446\u0438\u043e\u043d\u043e \u0442\u0435\u043b\u043e \u0412\u043b\u0430\u0434\u0435 \u0420\u0435\u043f\u0443\u0431\u043b\u0438\u043a\u0435 \u0421\u0440\u0431\u0438\u0458\u0435 \u0437\u0430 \u043e\u043f\u0448\u0442\u0438\u043d\u0435 \u041f\u0440\u0435\u0448\u0435\u0432\u043e, \u0411\u0443\u0458\u0430\u043d\u043e\u0432\u0430\u0446 \u0438 \u041c\u0435\u0434\u0432\u0435\u0452a","description":"","publisher":{"@id":"https:\/\/kt.gov.rs\/#organization"},"alternateName":"\u041a\u043e\u043e\u0440\u0434\u0438\u043d\u0430\u0446\u0438\u043e\u043d\u043e \u0442\u0435\u043b\u043e","potentialAction":[{"@type":"SearchAction","target":{"@type":"EntryPoint","urlTemplate":"https:\/\/kt.gov.rs\/?s={search_term_string}"},"query-input":{"@type":"PropertyValueSpecification","valueRequired":true,"valueName":"search_term_string"}}],"inLanguage":"sq-AL"},{"@type":"Organization","@id":"https:\/\/kt.gov.rs\/#organization","name":"\u041a\u043e\u043e\u0440\u0434\u0438\u043d\u0430\u0446\u0438\u043e\u043d\u043e \u0442\u0435\u043b\u043e \u0412\u043b\u0430\u0434\u0435 \u0420\u0435\u043f\u0443\u0431\u043b\u0438\u043a\u0435 \u0421\u0440\u0431\u0438\u0458\u0435 \u0437\u0430 \u043e\u043f\u0448\u0442\u0438\u043d\u0435 \u041f\u0440\u0435\u0448\u0435\u0432\u043e, \u0411\u0443\u0458\u0430\u043d\u043e\u0432\u0430\u0446 \u0438 \u041c\u0435\u0434\u0432\u0435\u0452a","alternateName":"\u041a\u043e\u043e\u0440\u0434\u0438\u043d\u0430\u0446\u0438\u043e\u043d\u043e \u0442\u0435\u043b\u043e","url":"https:\/\/kt.gov.rs\/","logo":{"@type":"ImageObject","inLanguage":"sq-AL","@id":"https:\/\/kt.gov.rs\/#\/schema\/logo\/image\/","url":"https:\/\/kt.gov.rs\/wp-content\/uploads\/2024\/12\/koord2.jpg","contentUrl":"https:\/\/kt.gov.rs\/wp-content\/uploads\/2024\/12\/koord2.jpg","width":640,"height":480,"caption":"\u041a\u043e\u043e\u0440\u0434\u0438\u043d\u0430\u0446\u0438\u043e\u043d\u043e \u0442\u0435\u043b\u043e \u0412\u043b\u0430\u0434\u0435 \u0420\u0435\u043f\u0443\u0431\u043b\u0438\u043a\u0435 \u0421\u0440\u0431\u0438\u0458\u0435 \u0437\u0430 \u043e\u043f\u0448\u0442\u0438\u043d\u0435 \u041f\u0440\u0435\u0448\u0435\u0432\u043e, \u0411\u0443\u0458\u0430\u043d\u043e\u0432\u0430\u0446 \u0438 \u041c\u0435\u0434\u0432\u0435\u0452a"},"image":{"@id":"https:\/\/kt.gov.rs\/#\/schema\/logo\/image\/"},"sameAs":["https:\/\/www.facebook.com\/SluzbaKoordinacionogTelaVladeRepublikeSrbije","https:\/\/x.com\/kt_gov","https:\/\/www.youtube.com\/@koordinacionotelo"]},{"@type":"Person","@id":"https:\/\/kt.gov.rs\/#\/schema\/person\/e426459ddb4173309103390602694571","name":"ktmin","image":{"@type":"ImageObject","inLanguage":"sq-AL","@id":"https:\/\/secure.gravatar.com\/avatar\/3985c961109853010c3fbc7ba30365bfba5db3dd6c525831d9c595c7525a615a?s=96&d=mm&r=g","url":"https:\/\/secure.gravatar.com\/avatar\/3985c961109853010c3fbc7ba30365bfba5db3dd6c525831d9c595c7525a615a?s=96&d=mm&r=g","contentUrl":"https:\/\/secure.gravatar.com\/avatar\/3985c961109853010c3fbc7ba30365bfba5db3dd6c525831d9c595c7525a615a?s=96&d=mm&r=g","caption":"ktmin"},"sameAs":["https:\/\/kt.gov.rs"],"url":"https:\/\/kt.gov.rs\/sq\/author\/ktmin\/"}]}},"_links":{"self":[{"href":"https:\/\/kt.gov.rs\/sq\/wp-json\/wp\/v2\/posts\/108121","targetHints":{"allow":["GET"]}}],"collection":[{"href":"https:\/\/kt.gov.rs\/sq\/wp-json\/wp\/v2\/posts"}],"about":[{"href":"https:\/\/kt.gov.rs\/sq\/wp-json\/wp\/v2\/types\/post"}],"author":[{"embeddable":true,"href":"https:\/\/kt.gov.rs\/sq\/wp-json\/wp\/v2\/users\/1"}],"replies":[{"embeddable":true,"href":"https:\/\/kt.gov.rs\/sq\/wp-json\/wp\/v2\/comments?post=108121"}],"version-history":[{"count":1,"href":"https:\/\/kt.gov.rs\/sq\/wp-json\/wp\/v2\/posts\/108121\/revisions"}],"predecessor-version":[{"id":108125,"href":"https:\/\/kt.gov.rs\/sq\/wp-json\/wp\/v2\/posts\/108121\/revisions\/108125"}],"wp:featuredmedia":[{"embeddable":true,"href":"https:\/\/kt.gov.rs\/sq\/wp-json\/wp\/v2\/media\/108126"}],"wp:attachment":[{"href":"https:\/\/kt.gov.rs\/sq\/wp-json\/wp\/v2\/media?parent=108121"}],"wp:term":[{"taxonomy":"category","embeddable":true,"href":"https:\/\/kt.gov.rs\/sq\/wp-json\/wp\/v2\/categories?post=108121"},{"taxonomy":"post_tag","embeddable":true,"href":"https:\/\/kt.gov.rs\/sq\/wp-json\/wp\/v2\/tags?post=108121"}],"curies":[{"name":"wp","href":"https:\/\/api.w.org\/{rel}","templated":true}]}}