{"id":108113,"date":"2022-03-01T00:00:00","date_gmt":"2022-03-01T00:00:00","guid":{"rendered":"http:\/\/kt.printandscreen.rs\/organizata-pci-shperndan-cmime-te-gazetareve-ne-temen-bashkejetesa-serbe-dhe-shqiptare\/"},"modified":"2024-07-30T17:57:40","modified_gmt":"2024-07-30T17:57:40","slug":"organizata-pci-shperndan-cmime-te-gazetareve-ne-temen-bashkejetesa-serbe-dhe-shqiptare","status":"publish","type":"post","link":"https:\/\/kt.gov.rs\/sq\/organizata-pci-shperndan-cmime-te-gazetareve-ne-temen-bashkejetesa-serbe-dhe-shqiptare\/","title":{"rendered":"ORGANIZATA PCI SHP\u00cbRNDAN \u00c7MIME T\u00cb GAZETAR\u00cbVE N\u00cb TEM\u00cbN BASHK\u00cbJETESA SERBE DHE SHQIPTARE"},"content":{"rendered":"<p>\n\t<strong><img decoding=\"async\" alt=\"\" src=\"https:\/\/kt.gov.rs\/wp-content\/uploads\/2024\/07\/1646133813_010322_2-2.jpg\" style=\"width: 315px; height: 230px; float: left;\" \/><\/strong><\/p>\n<p>\n\t<strong>Bujanoc \u2013 Beograd \u2013 <\/strong>Organizata &quot;Peaceful change Iniciative &quot; ndau \u00e7mime p\u00ebr emisione dhe tekste q\u00eb paraqesin m\u00eb s\u00eb miri bashk\u00ebjetes\u00ebn e serb\u00ebve dhe shqiptar\u00ebve.<\/p>\n<p>\n\tZorica Krstiq Vorgu\u00e7iq (Radio KiM), Tatjana Manojloviq (RTS) dhe Aleksandra Ni\u00e7iq (RTK2) mor\u00ebn \u00e7mimin p\u00ebr p\u00ebrmbajtje audio-vizuale, dhe Jelena Jorga\u00e7eviq (Vreme) dhe Bojan Cvejiq (Danas) p\u00ebr p\u00ebrmbajtje t\u00eb shkruar.<\/p>\n<p>\n\tSi rregull, imazhi mediatik i shqiptar\u00ebve dhe serb\u00ebve \u00ebsht\u00eb bardh e zi dhe ajo q\u00eb publikohet p\u00ebr \u201cpal\u00ebn tjet\u00ebr\u201d \u00ebsht\u00eb kryesisht negative. Historit\u00eb e jet\u00ebs s\u00eb p\u00ebrditshme dhe t\u00eb bashk\u00ebjetes\u00ebs paq\u00ebsore mbeten t\u00eb patreguara.<\/p>\n<p>\n\t\u201cKy narrativ\u00eb vet\u00ebm riprodhon dhe forcon perceptimet dhe paragjykimet mbizot\u00ebruese. \u00c7far\u00ebdo dhe sido q\u00eb t\u00eb zgjidhet nyja e Kosov\u00ebs, nj\u00eb gj\u00eb nuk do t\u00eb ndryshoj\u00eb kurr\u00eb. \u201cSerb\u00ebt dhe Shqiptar\u00ebt do t\u00eb jen\u00eb p\u00ebrgjithmon\u00eb fqinj\u00ebt e nj\u00ebri-tjetrit, shpresojm\u00eb fqinj\u00eb t\u00eb mir\u00eb t\u00eb gatsh\u00ebm t\u00eb vijn\u00eb tek nj\u00ebri-tjetri kur t\u00eb jet\u00eb e nevojshme, t\u00eb pin\u00eb kafe dhe t\u00eb flasin p\u00ebr nj\u00eb t\u00eb nes\u00ebrme m\u00eb t\u00eb mir\u00eb p\u00ebr f\u00ebmij\u00ebt e tyre\u201d, thuhet n\u00eb nj\u00eb deklarat\u00eb t\u00eb organizat\u00ebs.<\/p>\n<p>\n\tKy \u00e7mim u krijua nga Peaceful Change Initiative, nj\u00eb OJQ e pavarur britanike q\u00eb ndihmon shoq\u00ebrit\u00eb t\u00eb zbatojn\u00eb ndryshime t\u00eb r\u00ebnd\u00ebsishme n\u00eb nj\u00eb m\u00ebnyr\u00eb jo t\u00eb dhunshme dhe q\u00eb nd\u00ebrton mekanizma dhe marr\u00ebdh\u00ebnie q\u00eb mund\u00ebsojn\u00eb paqe t\u00eb q\u00ebndrueshme.<\/p>\n<p>\n\t<strong>Burimi: Bujanovacke, Trupi Koordinues<\/strong><\/p>\n<p>\n\t\u00a0<\/p>\n","protected":false},"excerpt":{"rendered":"<p>Bujanoc \u2013 Beograd \u2013\u00a0Organizata &quot;Peaceful change Iniciative &quot; ndau \u00e7mime p\u00ebr emisione dhe tekste q\u00eb paraqesin m\u00eb s\u00eb miri bashk\u00ebjetes\u00ebn e serb\u00ebve dhe shqiptar\u00ebve.<\/p>\n","protected":false},"author":1,"featured_media":108118,"comment_status":"closed","ping_status":"closed","sticky":false,"template":"","format":"standard","meta":{"footnotes":""},"categories":[55],"tags":[],"class_list":["post-108113","post","type-post","status-publish","format-standard","has-post-thumbnail","hentry","category-lajme"],"yoast_head":"<!-- This site is optimized with the Yoast SEO plugin v27.5 - https:\/\/yoast.com\/product\/yoast-seo-wordpress\/ -->\n<title>ORGANIZATA PCI SHP\u00cbRNDAN \u00c7MIME T\u00cb GAZETAR\u00cbVE N\u00cb TEM\u00cbN BASHK\u00cbJETESA SERBE DHE SHQIPTARE - Republika e S\u00ebrbis\u00eb Trupi Koordinues p\u00ebr komunat Bujanoc, Preshev\u00eb dhe Medvegj\u00eb<\/title>\n<meta name=\"robots\" content=\"index, follow, max-snippet:-1, max-image-preview:large, max-video-preview:-1\" \/>\n<link rel=\"canonical\" href=\"https:\/\/kt.gov.rs\/sq\/organizata-pci-shperndan-cmime-te-gazetareve-ne-temen-bashkejetesa-serbe-dhe-shqiptare\/\" \/>\n<meta property=\"og:locale\" content=\"sq_AL\" \/>\n<meta property=\"og:type\" content=\"article\" \/>\n<meta property=\"og:title\" content=\"ORGANIZATA PCI SHP\u00cbRNDAN \u00c7MIME T\u00cb GAZETAR\u00cbVE N\u00cb TEM\u00cbN BASHK\u00cbJETESA SERBE DHE SHQIPTARE - Republika e S\u00ebrbis\u00eb Trupi Koordinues p\u00ebr komunat Bujanoc, Preshev\u00eb dhe Medvegj\u00eb\" \/>\n<meta property=\"og:description\" content=\"Bujanoc - Beograd -\u00a0Organizata &quot;Peaceful change Iniciative &quot; ndau \u00e7mime p\u00ebr emisione dhe tekste q\u00eb paraqesin m\u00eb s\u00eb miri bashk\u00ebjetes\u00ebn e serb\u00ebve dhe shqiptar\u00ebve.\" \/>\n<meta property=\"og:url\" content=\"https:\/\/kt.gov.rs\/sq\/organizata-pci-shperndan-cmime-te-gazetareve-ne-temen-bashkejetesa-serbe-dhe-shqiptare\/\" \/>\n<meta property=\"og:site_name\" content=\"Republika e S\u00ebrbis\u00eb Trupi Koordinues p\u00ebr komunat Bujanoc, Preshev\u00eb dhe Medvegj\u00eb\" \/>\n<meta property=\"article:publisher\" content=\"https:\/\/www.facebook.com\/SluzbaKoordinacionogTelaVladeRepublikeSrbije\" \/>\n<meta property=\"article:published_time\" content=\"2022-03-01T00:00:00+00:00\" \/>\n<meta property=\"article:modified_time\" content=\"2024-07-30T17:57:40+00:00\" \/>\n<meta property=\"og:image\" content=\"https:\/\/kt.gov.rs\/wp-content\/uploads\/2024\/07\/1646133813_010322_2-3.jpg\" \/>\n\t<meta property=\"og:image:width\" content=\"315\" \/>\n\t<meta property=\"og:image:height\" content=\"230\" \/>\n\t<meta property=\"og:image:type\" content=\"image\/jpeg\" \/>\n<meta name=\"author\" content=\"ktmin\" \/>\n<meta name=\"twitter:card\" content=\"summary_large_image\" \/>\n<meta name=\"twitter:creator\" content=\"@kt_gov\" \/>\n<meta name=\"twitter:site\" content=\"@kt_gov\" \/>\n<meta name=\"twitter:label1\" content=\"Written by\" \/>\n\t<meta name=\"twitter:data1\" content=\"ktmin\" \/>\n\t<meta name=\"twitter:label2\" content=\"Est. reading time\" \/>\n\t<meta name=\"twitter:data2\" content=\"2 minutes\" \/>\n<script type=\"application\/ld+json\" class=\"yoast-schema-graph\">{\"@context\":\"https:\\\/\\\/schema.org\",\"@graph\":[{\"@type\":\"Article\",\"@id\":\"https:\\\/\\\/kt.gov.rs\\\/sq\\\/organizata-pci-shperndan-cmime-te-gazetareve-ne-temen-bashkejetesa-serbe-dhe-shqiptare\\\/#article\",\"isPartOf\":{\"@id\":\"https:\\\/\\\/kt.gov.rs\\\/sq\\\/organizata-pci-shperndan-cmime-te-gazetareve-ne-temen-bashkejetesa-serbe-dhe-shqiptare\\\/\"},\"author\":{\"name\":\"ktmin\",\"@id\":\"https:\\\/\\\/kt.gov.rs\\\/#\\\/schema\\\/person\\\/e426459ddb4173309103390602694571\"},\"headline\":\"ORGANIZATA PCI SHP\u00cbRNDAN \u00c7MIME T\u00cb GAZETAR\u00cbVE N\u00cb TEM\u00cbN BASHK\u00cbJETESA SERBE DHE SHQIPTARE\",\"datePublished\":\"2022-03-01T00:00:00+00:00\",\"dateModified\":\"2024-07-30T17:57:40+00:00\",\"mainEntityOfPage\":{\"@id\":\"https:\\\/\\\/kt.gov.rs\\\/sq\\\/organizata-pci-shperndan-cmime-te-gazetareve-ne-temen-bashkejetesa-serbe-dhe-shqiptare\\\/\"},\"wordCount\":388,\"publisher\":{\"@id\":\"https:\\\/\\\/kt.gov.rs\\\/#organization\"},\"image\":{\"@id\":\"https:\\\/\\\/kt.gov.rs\\\/sq\\\/organizata-pci-shperndan-cmime-te-gazetareve-ne-temen-bashkejetesa-serbe-dhe-shqiptare\\\/#primaryimage\"},\"thumbnailUrl\":\"https:\\\/\\\/kt.gov.rs\\\/wp-content\\\/uploads\\\/2024\\\/07\\\/1646133813_010322_2-3.jpg\",\"articleSection\":[\"Lajme\"],\"inLanguage\":\"sq-AL\"},{\"@type\":\"WebPage\",\"@id\":\"https:\\\/\\\/kt.gov.rs\\\/sq\\\/organizata-pci-shperndan-cmime-te-gazetareve-ne-temen-bashkejetesa-serbe-dhe-shqiptare\\\/\",\"url\":\"https:\\\/\\\/kt.gov.rs\\\/sq\\\/organizata-pci-shperndan-cmime-te-gazetareve-ne-temen-bashkejetesa-serbe-dhe-shqiptare\\\/\",\"name\":\"ORGANIZATA PCI SHP\u00cbRNDAN \u00c7MIME T\u00cb GAZETAR\u00cbVE N\u00cb TEM\u00cbN BASHK\u00cbJETESA SERBE DHE SHQIPTARE - Republika e S\u00ebrbis\u00eb Trupi Koordinues p\u00ebr komunat Bujanoc, Preshev\u00eb dhe Medvegj\u00eb\",\"isPartOf\":{\"@id\":\"https:\\\/\\\/kt.gov.rs\\\/#website\"},\"primaryImageOfPage\":{\"@id\":\"https:\\\/\\\/kt.gov.rs\\\/sq\\\/organizata-pci-shperndan-cmime-te-gazetareve-ne-temen-bashkejetesa-serbe-dhe-shqiptare\\\/#primaryimage\"},\"image\":{\"@id\":\"https:\\\/\\\/kt.gov.rs\\\/sq\\\/organizata-pci-shperndan-cmime-te-gazetareve-ne-temen-bashkejetesa-serbe-dhe-shqiptare\\\/#primaryimage\"},\"thumbnailUrl\":\"https:\\\/\\\/kt.gov.rs\\\/wp-content\\\/uploads\\\/2024\\\/07\\\/1646133813_010322_2-3.jpg\",\"datePublished\":\"2022-03-01T00:00:00+00:00\",\"dateModified\":\"2024-07-30T17:57:40+00:00\",\"breadcrumb\":{\"@id\":\"https:\\\/\\\/kt.gov.rs\\\/sq\\\/organizata-pci-shperndan-cmime-te-gazetareve-ne-temen-bashkejetesa-serbe-dhe-shqiptare\\\/#breadcrumb\"},\"inLanguage\":\"sq-AL\",\"potentialAction\":[{\"@type\":\"ReadAction\",\"target\":[\"https:\\\/\\\/kt.gov.rs\\\/sq\\\/organizata-pci-shperndan-cmime-te-gazetareve-ne-temen-bashkejetesa-serbe-dhe-shqiptare\\\/\"]}]},{\"@type\":\"ImageObject\",\"inLanguage\":\"sq-AL\",\"@id\":\"https:\\\/\\\/kt.gov.rs\\\/sq\\\/organizata-pci-shperndan-cmime-te-gazetareve-ne-temen-bashkejetesa-serbe-dhe-shqiptare\\\/#primaryimage\",\"url\":\"https:\\\/\\\/kt.gov.rs\\\/wp-content\\\/uploads\\\/2024\\\/07\\\/1646133813_010322_2-3.jpg\",\"contentUrl\":\"https:\\\/\\\/kt.gov.rs\\\/wp-content\\\/uploads\\\/2024\\\/07\\\/1646133813_010322_2-3.jpg\",\"width\":315,\"height\":230},{\"@type\":\"BreadcrumbList\",\"@id\":\"https:\\\/\\\/kt.gov.rs\\\/sq\\\/organizata-pci-shperndan-cmime-te-gazetareve-ne-temen-bashkejetesa-serbe-dhe-shqiptare\\\/#breadcrumb\",\"itemListElement\":[{\"@type\":\"ListItem\",\"position\":1,\"name\":\"\u041f\u043e\u0447\u0435\u0442\u043d\u0430\",\"item\":\"https:\\\/\\\/kt.gov.rs\\\/sq\\\/\"},{\"@type\":\"ListItem\",\"position\":2,\"name\":\"ORGANIZATA PCI SHP\u00cbRNDAN \u00c7MIME T\u00cb GAZETAR\u00cbVE N\u00cb TEM\u00cbN BASHK\u00cbJETESA SERBE DHE SHQIPTARE\"}]},{\"@type\":\"WebSite\",\"@id\":\"https:\\\/\\\/kt.gov.rs\\\/#website\",\"url\":\"https:\\\/\\\/kt.gov.rs\\\/\",\"name\":\"\u041a\u043e\u043e\u0440\u0434\u0438\u043d\u0430\u0446\u0438\u043e\u043d\u043e \u0442\u0435\u043b\u043e \u0412\u043b\u0430\u0434\u0435 \u0420\u0435\u043f\u0443\u0431\u043b\u0438\u043a\u0435 \u0421\u0440\u0431\u0438\u0458\u0435 \u0437\u0430 \u043e\u043f\u0448\u0442\u0438\u043d\u0435 \u041f\u0440\u0435\u0448\u0435\u0432\u043e, \u0411\u0443\u0458\u0430\u043d\u043e\u0432\u0430\u0446 \u0438 \u041c\u0435\u0434\u0432\u0435\u0452a\",\"description\":\"\",\"publisher\":{\"@id\":\"https:\\\/\\\/kt.gov.rs\\\/#organization\"},\"alternateName\":\"\u041a\u043e\u043e\u0440\u0434\u0438\u043d\u0430\u0446\u0438\u043e\u043d\u043e \u0442\u0435\u043b\u043e\",\"potentialAction\":[{\"@type\":\"SearchAction\",\"target\":{\"@type\":\"EntryPoint\",\"urlTemplate\":\"https:\\\/\\\/kt.gov.rs\\\/?s={search_term_string}\"},\"query-input\":{\"@type\":\"PropertyValueSpecification\",\"valueRequired\":true,\"valueName\":\"search_term_string\"}}],\"inLanguage\":\"sq-AL\"},{\"@type\":\"Organization\",\"@id\":\"https:\\\/\\\/kt.gov.rs\\\/#organization\",\"name\":\"\u041a\u043e\u043e\u0440\u0434\u0438\u043d\u0430\u0446\u0438\u043e\u043d\u043e \u0442\u0435\u043b\u043e \u0412\u043b\u0430\u0434\u0435 \u0420\u0435\u043f\u0443\u0431\u043b\u0438\u043a\u0435 \u0421\u0440\u0431\u0438\u0458\u0435 \u0437\u0430 \u043e\u043f\u0448\u0442\u0438\u043d\u0435 \u041f\u0440\u0435\u0448\u0435\u0432\u043e, \u0411\u0443\u0458\u0430\u043d\u043e\u0432\u0430\u0446 \u0438 \u041c\u0435\u0434\u0432\u0435\u0452a\",\"alternateName\":\"\u041a\u043e\u043e\u0440\u0434\u0438\u043d\u0430\u0446\u0438\u043e\u043d\u043e \u0442\u0435\u043b\u043e\",\"url\":\"https:\\\/\\\/kt.gov.rs\\\/\",\"logo\":{\"@type\":\"ImageObject\",\"inLanguage\":\"sq-AL\",\"@id\":\"https:\\\/\\\/kt.gov.rs\\\/#\\\/schema\\\/logo\\\/image\\\/\",\"url\":\"https:\\\/\\\/kt.gov.rs\\\/wp-content\\\/uploads\\\/2024\\\/12\\\/koord2.jpg\",\"contentUrl\":\"https:\\\/\\\/kt.gov.rs\\\/wp-content\\\/uploads\\\/2024\\\/12\\\/koord2.jpg\",\"width\":640,\"height\":480,\"caption\":\"\u041a\u043e\u043e\u0440\u0434\u0438\u043d\u0430\u0446\u0438\u043e\u043d\u043e \u0442\u0435\u043b\u043e \u0412\u043b\u0430\u0434\u0435 \u0420\u0435\u043f\u0443\u0431\u043b\u0438\u043a\u0435 \u0421\u0440\u0431\u0438\u0458\u0435 \u0437\u0430 \u043e\u043f\u0448\u0442\u0438\u043d\u0435 \u041f\u0440\u0435\u0448\u0435\u0432\u043e, \u0411\u0443\u0458\u0430\u043d\u043e\u0432\u0430\u0446 \u0438 \u041c\u0435\u0434\u0432\u0435\u0452a\"},\"image\":{\"@id\":\"https:\\\/\\\/kt.gov.rs\\\/#\\\/schema\\\/logo\\\/image\\\/\"},\"sameAs\":[\"https:\\\/\\\/www.facebook.com\\\/SluzbaKoordinacionogTelaVladeRepublikeSrbije\",\"https:\\\/\\\/x.com\\\/kt_gov\",\"https:\\\/\\\/www.youtube.com\\\/@koordinacionotelo\"]},{\"@type\":\"Person\",\"@id\":\"https:\\\/\\\/kt.gov.rs\\\/#\\\/schema\\\/person\\\/e426459ddb4173309103390602694571\",\"name\":\"ktmin\",\"image\":{\"@type\":\"ImageObject\",\"inLanguage\":\"sq-AL\",\"@id\":\"https:\\\/\\\/secure.gravatar.com\\\/avatar\\\/3985c961109853010c3fbc7ba30365bfba5db3dd6c525831d9c595c7525a615a?s=96&d=mm&r=g\",\"url\":\"https:\\\/\\\/secure.gravatar.com\\\/avatar\\\/3985c961109853010c3fbc7ba30365bfba5db3dd6c525831d9c595c7525a615a?s=96&d=mm&r=g\",\"contentUrl\":\"https:\\\/\\\/secure.gravatar.com\\\/avatar\\\/3985c961109853010c3fbc7ba30365bfba5db3dd6c525831d9c595c7525a615a?s=96&d=mm&r=g\",\"caption\":\"ktmin\"},\"sameAs\":[\"https:\\\/\\\/kt.gov.rs\"],\"url\":\"https:\\\/\\\/kt.gov.rs\\\/sq\\\/author\\\/ktmin\\\/\"}]}<\/script>\n<!-- \/ Yoast SEO plugin. -->","yoast_head_json":{"title":"ORGANIZATA PCI SHP\u00cbRNDAN \u00c7MIME T\u00cb GAZETAR\u00cbVE N\u00cb TEM\u00cbN BASHK\u00cbJETESA SERBE DHE SHQIPTARE - Republika e S\u00ebrbis\u00eb Trupi Koordinues p\u00ebr komunat Bujanoc, Preshev\u00eb dhe Medvegj\u00eb","robots":{"index":"index","follow":"follow","max-snippet":"max-snippet:-1","max-image-preview":"max-image-preview:large","max-video-preview":"max-video-preview:-1"},"canonical":"https:\/\/kt.gov.rs\/sq\/organizata-pci-shperndan-cmime-te-gazetareve-ne-temen-bashkejetesa-serbe-dhe-shqiptare\/","og_locale":"sq_AL","og_type":"article","og_title":"ORGANIZATA PCI SHP\u00cbRNDAN \u00c7MIME T\u00cb GAZETAR\u00cbVE N\u00cb TEM\u00cbN BASHK\u00cbJETESA SERBE DHE SHQIPTARE - Republika e S\u00ebrbis\u00eb Trupi Koordinues p\u00ebr komunat Bujanoc, Preshev\u00eb dhe Medvegj\u00eb","og_description":"Bujanoc - Beograd -\u00a0Organizata &quot;Peaceful change Iniciative &quot; ndau \u00e7mime p\u00ebr emisione dhe tekste q\u00eb paraqesin m\u00eb s\u00eb miri bashk\u00ebjetes\u00ebn e serb\u00ebve dhe shqiptar\u00ebve.","og_url":"https:\/\/kt.gov.rs\/sq\/organizata-pci-shperndan-cmime-te-gazetareve-ne-temen-bashkejetesa-serbe-dhe-shqiptare\/","og_site_name":"Republika e S\u00ebrbis\u00eb Trupi Koordinues p\u00ebr komunat Bujanoc, Preshev\u00eb dhe Medvegj\u00eb","article_publisher":"https:\/\/www.facebook.com\/SluzbaKoordinacionogTelaVladeRepublikeSrbije","article_published_time":"2022-03-01T00:00:00+00:00","article_modified_time":"2024-07-30T17:57:40+00:00","og_image":[{"width":315,"height":230,"url":"https:\/\/kt.gov.rs\/wp-content\/uploads\/2024\/07\/1646133813_010322_2-3.jpg","type":"image\/jpeg"}],"author":"ktmin","twitter_card":"summary_large_image","twitter_creator":"@kt_gov","twitter_site":"@kt_gov","twitter_misc":{"Written by":"ktmin","Est. reading time":"2 minutes"},"schema":{"@context":"https:\/\/schema.org","@graph":[{"@type":"Article","@id":"https:\/\/kt.gov.rs\/sq\/organizata-pci-shperndan-cmime-te-gazetareve-ne-temen-bashkejetesa-serbe-dhe-shqiptare\/#article","isPartOf":{"@id":"https:\/\/kt.gov.rs\/sq\/organizata-pci-shperndan-cmime-te-gazetareve-ne-temen-bashkejetesa-serbe-dhe-shqiptare\/"},"author":{"name":"ktmin","@id":"https:\/\/kt.gov.rs\/#\/schema\/person\/e426459ddb4173309103390602694571"},"headline":"ORGANIZATA PCI SHP\u00cbRNDAN \u00c7MIME T\u00cb GAZETAR\u00cbVE N\u00cb TEM\u00cbN BASHK\u00cbJETESA SERBE DHE SHQIPTARE","datePublished":"2022-03-01T00:00:00+00:00","dateModified":"2024-07-30T17:57:40+00:00","mainEntityOfPage":{"@id":"https:\/\/kt.gov.rs\/sq\/organizata-pci-shperndan-cmime-te-gazetareve-ne-temen-bashkejetesa-serbe-dhe-shqiptare\/"},"wordCount":388,"publisher":{"@id":"https:\/\/kt.gov.rs\/#organization"},"image":{"@id":"https:\/\/kt.gov.rs\/sq\/organizata-pci-shperndan-cmime-te-gazetareve-ne-temen-bashkejetesa-serbe-dhe-shqiptare\/#primaryimage"},"thumbnailUrl":"https:\/\/kt.gov.rs\/wp-content\/uploads\/2024\/07\/1646133813_010322_2-3.jpg","articleSection":["Lajme"],"inLanguage":"sq-AL"},{"@type":"WebPage","@id":"https:\/\/kt.gov.rs\/sq\/organizata-pci-shperndan-cmime-te-gazetareve-ne-temen-bashkejetesa-serbe-dhe-shqiptare\/","url":"https:\/\/kt.gov.rs\/sq\/organizata-pci-shperndan-cmime-te-gazetareve-ne-temen-bashkejetesa-serbe-dhe-shqiptare\/","name":"ORGANIZATA PCI SHP\u00cbRNDAN \u00c7MIME T\u00cb GAZETAR\u00cbVE N\u00cb TEM\u00cbN BASHK\u00cbJETESA SERBE DHE SHQIPTARE - Republika e S\u00ebrbis\u00eb Trupi Koordinues p\u00ebr komunat Bujanoc, Preshev\u00eb dhe Medvegj\u00eb","isPartOf":{"@id":"https:\/\/kt.gov.rs\/#website"},"primaryImageOfPage":{"@id":"https:\/\/kt.gov.rs\/sq\/organizata-pci-shperndan-cmime-te-gazetareve-ne-temen-bashkejetesa-serbe-dhe-shqiptare\/#primaryimage"},"image":{"@id":"https:\/\/kt.gov.rs\/sq\/organizata-pci-shperndan-cmime-te-gazetareve-ne-temen-bashkejetesa-serbe-dhe-shqiptare\/#primaryimage"},"thumbnailUrl":"https:\/\/kt.gov.rs\/wp-content\/uploads\/2024\/07\/1646133813_010322_2-3.jpg","datePublished":"2022-03-01T00:00:00+00:00","dateModified":"2024-07-30T17:57:40+00:00","breadcrumb":{"@id":"https:\/\/kt.gov.rs\/sq\/organizata-pci-shperndan-cmime-te-gazetareve-ne-temen-bashkejetesa-serbe-dhe-shqiptare\/#breadcrumb"},"inLanguage":"sq-AL","potentialAction":[{"@type":"ReadAction","target":["https:\/\/kt.gov.rs\/sq\/organizata-pci-shperndan-cmime-te-gazetareve-ne-temen-bashkejetesa-serbe-dhe-shqiptare\/"]}]},{"@type":"ImageObject","inLanguage":"sq-AL","@id":"https:\/\/kt.gov.rs\/sq\/organizata-pci-shperndan-cmime-te-gazetareve-ne-temen-bashkejetesa-serbe-dhe-shqiptare\/#primaryimage","url":"https:\/\/kt.gov.rs\/wp-content\/uploads\/2024\/07\/1646133813_010322_2-3.jpg","contentUrl":"https:\/\/kt.gov.rs\/wp-content\/uploads\/2024\/07\/1646133813_010322_2-3.jpg","width":315,"height":230},{"@type":"BreadcrumbList","@id":"https:\/\/kt.gov.rs\/sq\/organizata-pci-shperndan-cmime-te-gazetareve-ne-temen-bashkejetesa-serbe-dhe-shqiptare\/#breadcrumb","itemListElement":[{"@type":"ListItem","position":1,"name":"\u041f\u043e\u0447\u0435\u0442\u043d\u0430","item":"https:\/\/kt.gov.rs\/sq\/"},{"@type":"ListItem","position":2,"name":"ORGANIZATA PCI SHP\u00cbRNDAN \u00c7MIME T\u00cb GAZETAR\u00cbVE N\u00cb TEM\u00cbN BASHK\u00cbJETESA SERBE DHE SHQIPTARE"}]},{"@type":"WebSite","@id":"https:\/\/kt.gov.rs\/#website","url":"https:\/\/kt.gov.rs\/","name":"\u041a\u043e\u043e\u0440\u0434\u0438\u043d\u0430\u0446\u0438\u043e\u043d\u043e \u0442\u0435\u043b\u043e \u0412\u043b\u0430\u0434\u0435 \u0420\u0435\u043f\u0443\u0431\u043b\u0438\u043a\u0435 \u0421\u0440\u0431\u0438\u0458\u0435 \u0437\u0430 \u043e\u043f\u0448\u0442\u0438\u043d\u0435 \u041f\u0440\u0435\u0448\u0435\u0432\u043e, \u0411\u0443\u0458\u0430\u043d\u043e\u0432\u0430\u0446 \u0438 \u041c\u0435\u0434\u0432\u0435\u0452a","description":"","publisher":{"@id":"https:\/\/kt.gov.rs\/#organization"},"alternateName":"\u041a\u043e\u043e\u0440\u0434\u0438\u043d\u0430\u0446\u0438\u043e\u043d\u043e \u0442\u0435\u043b\u043e","potentialAction":[{"@type":"SearchAction","target":{"@type":"EntryPoint","urlTemplate":"https:\/\/kt.gov.rs\/?s={search_term_string}"},"query-input":{"@type":"PropertyValueSpecification","valueRequired":true,"valueName":"search_term_string"}}],"inLanguage":"sq-AL"},{"@type":"Organization","@id":"https:\/\/kt.gov.rs\/#organization","name":"\u041a\u043e\u043e\u0440\u0434\u0438\u043d\u0430\u0446\u0438\u043e\u043d\u043e \u0442\u0435\u043b\u043e \u0412\u043b\u0430\u0434\u0435 \u0420\u0435\u043f\u0443\u0431\u043b\u0438\u043a\u0435 \u0421\u0440\u0431\u0438\u0458\u0435 \u0437\u0430 \u043e\u043f\u0448\u0442\u0438\u043d\u0435 \u041f\u0440\u0435\u0448\u0435\u0432\u043e, \u0411\u0443\u0458\u0430\u043d\u043e\u0432\u0430\u0446 \u0438 \u041c\u0435\u0434\u0432\u0435\u0452a","alternateName":"\u041a\u043e\u043e\u0440\u0434\u0438\u043d\u0430\u0446\u0438\u043e\u043d\u043e \u0442\u0435\u043b\u043e","url":"https:\/\/kt.gov.rs\/","logo":{"@type":"ImageObject","inLanguage":"sq-AL","@id":"https:\/\/kt.gov.rs\/#\/schema\/logo\/image\/","url":"https:\/\/kt.gov.rs\/wp-content\/uploads\/2024\/12\/koord2.jpg","contentUrl":"https:\/\/kt.gov.rs\/wp-content\/uploads\/2024\/12\/koord2.jpg","width":640,"height":480,"caption":"\u041a\u043e\u043e\u0440\u0434\u0438\u043d\u0430\u0446\u0438\u043e\u043d\u043e \u0442\u0435\u043b\u043e \u0412\u043b\u0430\u0434\u0435 \u0420\u0435\u043f\u0443\u0431\u043b\u0438\u043a\u0435 \u0421\u0440\u0431\u0438\u0458\u0435 \u0437\u0430 \u043e\u043f\u0448\u0442\u0438\u043d\u0435 \u041f\u0440\u0435\u0448\u0435\u0432\u043e, \u0411\u0443\u0458\u0430\u043d\u043e\u0432\u0430\u0446 \u0438 \u041c\u0435\u0434\u0432\u0435\u0452a"},"image":{"@id":"https:\/\/kt.gov.rs\/#\/schema\/logo\/image\/"},"sameAs":["https:\/\/www.facebook.com\/SluzbaKoordinacionogTelaVladeRepublikeSrbije","https:\/\/x.com\/kt_gov","https:\/\/www.youtube.com\/@koordinacionotelo"]},{"@type":"Person","@id":"https:\/\/kt.gov.rs\/#\/schema\/person\/e426459ddb4173309103390602694571","name":"ktmin","image":{"@type":"ImageObject","inLanguage":"sq-AL","@id":"https:\/\/secure.gravatar.com\/avatar\/3985c961109853010c3fbc7ba30365bfba5db3dd6c525831d9c595c7525a615a?s=96&d=mm&r=g","url":"https:\/\/secure.gravatar.com\/avatar\/3985c961109853010c3fbc7ba30365bfba5db3dd6c525831d9c595c7525a615a?s=96&d=mm&r=g","contentUrl":"https:\/\/secure.gravatar.com\/avatar\/3985c961109853010c3fbc7ba30365bfba5db3dd6c525831d9c595c7525a615a?s=96&d=mm&r=g","caption":"ktmin"},"sameAs":["https:\/\/kt.gov.rs"],"url":"https:\/\/kt.gov.rs\/sq\/author\/ktmin\/"}]}},"_links":{"self":[{"href":"https:\/\/kt.gov.rs\/sq\/wp-json\/wp\/v2\/posts\/108113","targetHints":{"allow":["GET"]}}],"collection":[{"href":"https:\/\/kt.gov.rs\/sq\/wp-json\/wp\/v2\/posts"}],"about":[{"href":"https:\/\/kt.gov.rs\/sq\/wp-json\/wp\/v2\/types\/post"}],"author":[{"embeddable":true,"href":"https:\/\/kt.gov.rs\/sq\/wp-json\/wp\/v2\/users\/1"}],"replies":[{"embeddable":true,"href":"https:\/\/kt.gov.rs\/sq\/wp-json\/wp\/v2\/comments?post=108113"}],"version-history":[{"count":1,"href":"https:\/\/kt.gov.rs\/sq\/wp-json\/wp\/v2\/posts\/108113\/revisions"}],"predecessor-version":[{"id":108117,"href":"https:\/\/kt.gov.rs\/sq\/wp-json\/wp\/v2\/posts\/108113\/revisions\/108117"}],"wp:featuredmedia":[{"embeddable":true,"href":"https:\/\/kt.gov.rs\/sq\/wp-json\/wp\/v2\/media\/108118"}],"wp:attachment":[{"href":"https:\/\/kt.gov.rs\/sq\/wp-json\/wp\/v2\/media?parent=108113"}],"wp:term":[{"taxonomy":"category","embeddable":true,"href":"https:\/\/kt.gov.rs\/sq\/wp-json\/wp\/v2\/categories?post=108113"},{"taxonomy":"post_tag","embeddable":true,"href":"https:\/\/kt.gov.rs\/sq\/wp-json\/wp\/v2\/tags?post=108113"}],"curies":[{"name":"wp","href":"https:\/\/api.w.org\/{rel}","templated":true}]}}