{"id":108097,"date":"2022-03-04T00:00:00","date_gmt":"2022-03-04T00:00:00","guid":{"rendered":"http:\/\/kt.printandscreen.rs\/humanitaret-nga-vranja-ndihmojne-me-te-rrezikuarit-nga-fshatrat-e-bujanovcit\/"},"modified":"2024-07-30T17:57:38","modified_gmt":"2024-07-30T17:57:38","slug":"humanitaret-nga-vranja-ndihmojne-me-te-rrezikuarit-nga-fshatrat-e-bujanovcit","status":"publish","type":"post","link":"https:\/\/kt.gov.rs\/sq\/humanitaret-nga-vranja-ndihmojne-me-te-rrezikuarit-nga-fshatrat-e-bujanovcit\/","title":{"rendered":"HUMANITAR\u00cbT NGA VRANJA NDIHMOJN\u00cb M\u00cb T\u00cb RREZIKUARIT NGA FSHATRAT E BUJANOVCIT"},"content":{"rendered":"<p>\n\t<strong><img decoding=\"async\" alt=\"\" src=\"https:\/\/kt.gov.rs\/wp-content\/uploads\/2024\/07\/1646401511_040322_1-2.jpg\" style=\"width: 315px; height: 230px; float: left;\" \/><\/strong><strong>Bujanoc \u2013 Beograd \u2013<\/strong> Organizata Humanitare &quot;Veritas 017&quot; nga Vranja me aktivitetet dhe pun\u00ebn e saj humanitare k\u00ebrkon t\u00eb p\u00ebrmir\u00ebsoj\u00eb cil\u00ebsin\u00eb e jet\u00ebs s\u00eb familjeve m\u00eb t\u00eb rrezikuara dhe t\u00eb ndihmoj\u00eb t\u00eb gjith\u00eb ata q\u00eb kan\u00eb nevoj\u00eb p\u00ebr ndihm\u00eb.<\/p>\n<p>\n\tKjo organizat\u00eb \u00ebsht\u00eb themeluar s\u00eb fundmi, por njer\u00ebzit q\u00eb ajo bashkon jan\u00eb t\u00eb p\u00ebrfshir\u00eb n\u00eb pun\u00eb humanitare p\u00ebr dhjet\u00eb vjet.<\/p>\n<p>\n\t\u201cNe ndihmojm\u00eb familjet me shum\u00eb f\u00ebmij\u00eb, prind\u00ebr t\u00eb vet\u00ebm dhe muajve t\u00eb fundit kemi filluar t\u00eb vizitojm\u00eb t\u00eb moshuarit, ku n\u00eb fakt ndihma \u00ebsht\u00eb shum\u00eb m\u00eb e nevojshme\u201d, thot\u00eb Ivica Stamenkoviq nga Vranja, kryetar i organizat\u00ebs.<\/p>\n<p>\n\tPamjet m\u00eb trondit\u00ebse, thot\u00eb ai, vijn\u00eb nga zonat rurale t\u00eb Bujanocit, Preshev\u00ebs dhe Trgovishtes, ku njer\u00ebz t\u00eb moshuar dhe familje t\u00eb t\u00ebra jetojn\u00eb n\u00eb kushte \u00e7njer\u00ebzore.<\/p>\n<p>\n\t\u201cT\u00eb harruar nga f\u00ebmij\u00ebt dhe t\u00eb af\u00ebrmit e tyre, t\u00eb s\u00ebmur\u00eb dhe pa kushte elementare jetese, q\u00eb jetojn\u00eb n\u00eb sht\u00ebpi t\u00eb rr\u00ebnuara, shpesh n\u00eb terrene t\u00eb paarritshme, k\u00ebta t\u00eb moshuar kan\u00eb nevoj\u00eb p\u00ebr ndihm\u00eb. Vitin e kaluar kemi ndihmuar 46 familje me ushqime, veshmbathje, k\u00ebpuc\u00eb, ila\u00e7e, mobilie\u201d, shton Stamenkoviq.<\/p>\n<p>\n\tFal\u00eb k\u00ebsaj organizate dhe bamir\u00ebsve, s\u00eb fundi i \u00ebsht\u00eb ofruar ndihm\u00eb nj\u00eb vajze nga Jabllanica, familje n\u00eb fshatin Voganc\u00eb dhe q\u00eb nga fillimi i vitit, sipas tij, kan\u00eb marr\u00eb ndihm\u00eb tet\u00eb familje n\u00eb Vranj\u00eb, Bujanoc dhe Trgovisht.<\/p>\n<p>\n\tAi theksoi se vet\u00eb organizatat nuk do t\u00eb ishin pa vullnetin e njer\u00ebzve q\u00eb kan\u00eb zem\u00ebr t\u00eb madhe dhe q\u00eb duan t\u00eb ndihmojn\u00eb t\u00eb gjith\u00eb ata q\u00eb kan\u00eb nevoj\u00eb m\u00eb shum\u00eb p\u00ebr ndihm\u00eb.<\/p>\n<p>\n\t\u201cT\u00eb gjith\u00eb ata q\u00eb mund t\u00eb ndihmojn\u00eb t\u00eb moshuarit, t\u00eb s\u00ebmur\u00ebt, t\u00eb paaft\u00ebt, t\u00eb varf\u00ebrit dhe t\u00eb rrezikuarit social, t\u00eb s\u00ebmur\u00ebt mendor\u00eb dhe t\u00eb varurit, t\u00eb margjinalizuarit dhe t\u00eb papun\u00ebt jan\u00eb t\u00eb mir\u00ebpritur t\u00eb na bashkohen n\u00eb rrug\u00ebn e humanizmit dhe bamir\u00ebsis\u00eb\u201d, p\u00ebrfundoi Stamenkoviq.<\/p>\n<p>\n\tOrganizata humanitare \u201cVeritas 017\u201d operon n\u00eb territorin e rrethit t\u00eb P\u00e7inj\u00ebs, e cila p\u00ebrve\u00e7 ndihm\u00ebs me pako me ushqime baz\u00eb p\u00ebr jet\u00ebn, me donacionet e njer\u00ebzve human\u00eb jan\u00eb rinovuar disa sht\u00ebpi, dhoma p\u00ebr f\u00ebmij\u00eb, banjo dhe kuzhina.<\/p>\n<p>\n\tNjer\u00ebzit me vullnet t\u00eb mir\u00eb dhe me zem\u00ebr t\u00eb madhe mund t\u00eb p\u00ebrfshihen n\u00eb ofrimin e ndihm\u00ebs duke ndjekur faqen n\u00eb Facebook t\u00eb organizat\u00ebs \u201cVeritas 017\u201d.<\/p>\n<p>\n\tMjetet mund t\u00eb paguhen n\u00eb llogarin\u00eb bankare 17-00010371251000-91, nd\u00ebrsa pako me ushqime dhe ndihm\u00eb t\u00eb tjera mund t\u00eb d\u00ebrgohen n\u00eb adres\u00ebn: Jasmina Stamenkovic\u0301, ulica Verice Barac\u0301 bb, 17500 Vranje.<\/p>\n<p>\n\t<strong>Burimi: Bujanovacke, Trupi Koordinues<\/strong><\/p>\n<p>\n\t\u00a0<\/p>\n","protected":false},"excerpt":{"rendered":"<p>Bujanoc \u2013 Beograd \u2013\u00a0Organizata Humanitare &quot;Veritas 017&quot; nga Vranja me aktivitetet dhe pun\u00ebn e saj humanitare k\u00ebrkon t\u00eb p\u00ebrmir\u00ebsoj\u00eb cil\u00ebsin\u00eb e jet\u00ebs s\u00eb familjeve m\u00eb t\u00eb rrezikuara dhe t\u00eb ndihmoj\u00eb t\u00eb gjith\u00eb ata q\u00eb kan\u00eb nevoj\u00eb p\u00ebr ndihm\u00eb.<\/p>\n","protected":false},"author":1,"featured_media":108102,"comment_status":"closed","ping_status":"closed","sticky":false,"template":"","format":"standard","meta":{"footnotes":""},"categories":[55],"tags":[],"class_list":["post-108097","post","type-post","status-publish","format-standard","has-post-thumbnail","hentry","category-lajme"],"yoast_head":"<!-- This site is optimized with the Yoast SEO plugin v27.5 - https:\/\/yoast.com\/product\/yoast-seo-wordpress\/ -->\n<title>HUMANITAR\u00cbT NGA VRANJA NDIHMOJN\u00cb M\u00cb T\u00cb RREZIKUARIT NGA FSHATRAT E BUJANOVCIT - Republika e S\u00ebrbis\u00eb Trupi Koordinues p\u00ebr komunat Bujanoc, Preshev\u00eb dhe Medvegj\u00eb<\/title>\n<meta name=\"robots\" content=\"index, follow, max-snippet:-1, max-image-preview:large, max-video-preview:-1\" \/>\n<link rel=\"canonical\" href=\"https:\/\/kt.gov.rs\/sq\/humanitaret-nga-vranja-ndihmojne-me-te-rrezikuarit-nga-fshatrat-e-bujanovcit\/\" \/>\n<meta property=\"og:locale\" content=\"sq_AL\" \/>\n<meta property=\"og:type\" content=\"article\" \/>\n<meta property=\"og:title\" content=\"HUMANITAR\u00cbT NGA VRANJA NDIHMOJN\u00cb M\u00cb T\u00cb RREZIKUARIT NGA FSHATRAT E BUJANOVCIT - Republika e S\u00ebrbis\u00eb Trupi Koordinues p\u00ebr komunat Bujanoc, Preshev\u00eb dhe Medvegj\u00eb\" \/>\n<meta property=\"og:description\" content=\"Bujanoc - Beograd -\u00a0Organizata Humanitare &quot;Veritas 017&quot; nga Vranja me aktivitetet dhe pun\u00ebn e saj humanitare k\u00ebrkon t\u00eb p\u00ebrmir\u00ebsoj\u00eb cil\u00ebsin\u00eb e jet\u00ebs s\u00eb familjeve m\u00eb t\u00eb rrezikuara dhe t\u00eb ndihmoj\u00eb t\u00eb gjith\u00eb ata q\u00eb kan\u00eb nevoj\u00eb p\u00ebr ndihm\u00eb.\" \/>\n<meta property=\"og:url\" content=\"https:\/\/kt.gov.rs\/sq\/humanitaret-nga-vranja-ndihmojne-me-te-rrezikuarit-nga-fshatrat-e-bujanovcit\/\" \/>\n<meta property=\"og:site_name\" content=\"Republika e S\u00ebrbis\u00eb Trupi Koordinues p\u00ebr komunat Bujanoc, Preshev\u00eb dhe Medvegj\u00eb\" \/>\n<meta property=\"article:publisher\" content=\"https:\/\/www.facebook.com\/SluzbaKoordinacionogTelaVladeRepublikeSrbije\" \/>\n<meta property=\"article:published_time\" content=\"2022-03-04T00:00:00+00:00\" \/>\n<meta property=\"article:modified_time\" content=\"2024-07-30T17:57:38+00:00\" \/>\n<meta property=\"og:image\" content=\"https:\/\/kt.gov.rs\/wp-content\/uploads\/2024\/07\/1646401511_040322_1-3.jpg\" \/>\n\t<meta property=\"og:image:width\" content=\"315\" \/>\n\t<meta property=\"og:image:height\" content=\"230\" \/>\n\t<meta property=\"og:image:type\" content=\"image\/jpeg\" \/>\n<meta name=\"author\" content=\"ktmin\" \/>\n<meta name=\"twitter:card\" content=\"summary_large_image\" \/>\n<meta name=\"twitter:creator\" content=\"@kt_gov\" \/>\n<meta name=\"twitter:site\" content=\"@kt_gov\" \/>\n<meta name=\"twitter:label1\" content=\"Written by\" \/>\n\t<meta name=\"twitter:data1\" content=\"ktmin\" \/>\n\t<meta name=\"twitter:label2\" content=\"Est. reading time\" \/>\n\t<meta name=\"twitter:data2\" content=\"3 minutes\" \/>\n<script type=\"application\/ld+json\" class=\"yoast-schema-graph\">{\"@context\":\"https:\\\/\\\/schema.org\",\"@graph\":[{\"@type\":\"Article\",\"@id\":\"https:\\\/\\\/kt.gov.rs\\\/sq\\\/humanitaret-nga-vranja-ndihmojne-me-te-rrezikuarit-nga-fshatrat-e-bujanovcit\\\/#article\",\"isPartOf\":{\"@id\":\"https:\\\/\\\/kt.gov.rs\\\/sq\\\/humanitaret-nga-vranja-ndihmojne-me-te-rrezikuarit-nga-fshatrat-e-bujanovcit\\\/\"},\"author\":{\"name\":\"ktmin\",\"@id\":\"https:\\\/\\\/kt.gov.rs\\\/#\\\/schema\\\/person\\\/e426459ddb4173309103390602694571\"},\"headline\":\"HUMANITAR\u00cbT NGA VRANJA NDIHMOJN\u00cb M\u00cb T\u00cb RREZIKUARIT NGA FSHATRAT E BUJANOVCIT\",\"datePublished\":\"2022-03-04T00:00:00+00:00\",\"dateModified\":\"2024-07-30T17:57:38+00:00\",\"mainEntityOfPage\":{\"@id\":\"https:\\\/\\\/kt.gov.rs\\\/sq\\\/humanitaret-nga-vranja-ndihmojne-me-te-rrezikuarit-nga-fshatrat-e-bujanovcit\\\/\"},\"wordCount\":662,\"publisher\":{\"@id\":\"https:\\\/\\\/kt.gov.rs\\\/#organization\"},\"image\":{\"@id\":\"https:\\\/\\\/kt.gov.rs\\\/sq\\\/humanitaret-nga-vranja-ndihmojne-me-te-rrezikuarit-nga-fshatrat-e-bujanovcit\\\/#primaryimage\"},\"thumbnailUrl\":\"https:\\\/\\\/kt.gov.rs\\\/wp-content\\\/uploads\\\/2024\\\/07\\\/1646401511_040322_1-3.jpg\",\"articleSection\":[\"Lajme\"],\"inLanguage\":\"sq-AL\"},{\"@type\":\"WebPage\",\"@id\":\"https:\\\/\\\/kt.gov.rs\\\/sq\\\/humanitaret-nga-vranja-ndihmojne-me-te-rrezikuarit-nga-fshatrat-e-bujanovcit\\\/\",\"url\":\"https:\\\/\\\/kt.gov.rs\\\/sq\\\/humanitaret-nga-vranja-ndihmojne-me-te-rrezikuarit-nga-fshatrat-e-bujanovcit\\\/\",\"name\":\"HUMANITAR\u00cbT NGA VRANJA NDIHMOJN\u00cb M\u00cb T\u00cb RREZIKUARIT NGA FSHATRAT E BUJANOVCIT - Republika e S\u00ebrbis\u00eb Trupi Koordinues p\u00ebr komunat Bujanoc, Preshev\u00eb dhe Medvegj\u00eb\",\"isPartOf\":{\"@id\":\"https:\\\/\\\/kt.gov.rs\\\/#website\"},\"primaryImageOfPage\":{\"@id\":\"https:\\\/\\\/kt.gov.rs\\\/sq\\\/humanitaret-nga-vranja-ndihmojne-me-te-rrezikuarit-nga-fshatrat-e-bujanovcit\\\/#primaryimage\"},\"image\":{\"@id\":\"https:\\\/\\\/kt.gov.rs\\\/sq\\\/humanitaret-nga-vranja-ndihmojne-me-te-rrezikuarit-nga-fshatrat-e-bujanovcit\\\/#primaryimage\"},\"thumbnailUrl\":\"https:\\\/\\\/kt.gov.rs\\\/wp-content\\\/uploads\\\/2024\\\/07\\\/1646401511_040322_1-3.jpg\",\"datePublished\":\"2022-03-04T00:00:00+00:00\",\"dateModified\":\"2024-07-30T17:57:38+00:00\",\"breadcrumb\":{\"@id\":\"https:\\\/\\\/kt.gov.rs\\\/sq\\\/humanitaret-nga-vranja-ndihmojne-me-te-rrezikuarit-nga-fshatrat-e-bujanovcit\\\/#breadcrumb\"},\"inLanguage\":\"sq-AL\",\"potentialAction\":[{\"@type\":\"ReadAction\",\"target\":[\"https:\\\/\\\/kt.gov.rs\\\/sq\\\/humanitaret-nga-vranja-ndihmojne-me-te-rrezikuarit-nga-fshatrat-e-bujanovcit\\\/\"]}]},{\"@type\":\"ImageObject\",\"inLanguage\":\"sq-AL\",\"@id\":\"https:\\\/\\\/kt.gov.rs\\\/sq\\\/humanitaret-nga-vranja-ndihmojne-me-te-rrezikuarit-nga-fshatrat-e-bujanovcit\\\/#primaryimage\",\"url\":\"https:\\\/\\\/kt.gov.rs\\\/wp-content\\\/uploads\\\/2024\\\/07\\\/1646401511_040322_1-3.jpg\",\"contentUrl\":\"https:\\\/\\\/kt.gov.rs\\\/wp-content\\\/uploads\\\/2024\\\/07\\\/1646401511_040322_1-3.jpg\",\"width\":315,\"height\":230},{\"@type\":\"BreadcrumbList\",\"@id\":\"https:\\\/\\\/kt.gov.rs\\\/sq\\\/humanitaret-nga-vranja-ndihmojne-me-te-rrezikuarit-nga-fshatrat-e-bujanovcit\\\/#breadcrumb\",\"itemListElement\":[{\"@type\":\"ListItem\",\"position\":1,\"name\":\"\u041f\u043e\u0447\u0435\u0442\u043d\u0430\",\"item\":\"https:\\\/\\\/kt.gov.rs\\\/sq\\\/\"},{\"@type\":\"ListItem\",\"position\":2,\"name\":\"HUMANITAR\u00cbT NGA VRANJA NDIHMOJN\u00cb M\u00cb T\u00cb RREZIKUARIT NGA FSHATRAT E BUJANOVCIT\"}]},{\"@type\":\"WebSite\",\"@id\":\"https:\\\/\\\/kt.gov.rs\\\/#website\",\"url\":\"https:\\\/\\\/kt.gov.rs\\\/\",\"name\":\"\u041a\u043e\u043e\u0440\u0434\u0438\u043d\u0430\u0446\u0438\u043e\u043d\u043e \u0442\u0435\u043b\u043e \u0412\u043b\u0430\u0434\u0435 \u0420\u0435\u043f\u0443\u0431\u043b\u0438\u043a\u0435 \u0421\u0440\u0431\u0438\u0458\u0435 \u0437\u0430 \u043e\u043f\u0448\u0442\u0438\u043d\u0435 \u041f\u0440\u0435\u0448\u0435\u0432\u043e, \u0411\u0443\u0458\u0430\u043d\u043e\u0432\u0430\u0446 \u0438 \u041c\u0435\u0434\u0432\u0435\u0452a\",\"description\":\"\",\"publisher\":{\"@id\":\"https:\\\/\\\/kt.gov.rs\\\/#organization\"},\"alternateName\":\"\u041a\u043e\u043e\u0440\u0434\u0438\u043d\u0430\u0446\u0438\u043e\u043d\u043e \u0442\u0435\u043b\u043e\",\"potentialAction\":[{\"@type\":\"SearchAction\",\"target\":{\"@type\":\"EntryPoint\",\"urlTemplate\":\"https:\\\/\\\/kt.gov.rs\\\/?s={search_term_string}\"},\"query-input\":{\"@type\":\"PropertyValueSpecification\",\"valueRequired\":true,\"valueName\":\"search_term_string\"}}],\"inLanguage\":\"sq-AL\"},{\"@type\":\"Organization\",\"@id\":\"https:\\\/\\\/kt.gov.rs\\\/#organization\",\"name\":\"\u041a\u043e\u043e\u0440\u0434\u0438\u043d\u0430\u0446\u0438\u043e\u043d\u043e \u0442\u0435\u043b\u043e \u0412\u043b\u0430\u0434\u0435 \u0420\u0435\u043f\u0443\u0431\u043b\u0438\u043a\u0435 \u0421\u0440\u0431\u0438\u0458\u0435 \u0437\u0430 \u043e\u043f\u0448\u0442\u0438\u043d\u0435 \u041f\u0440\u0435\u0448\u0435\u0432\u043e, \u0411\u0443\u0458\u0430\u043d\u043e\u0432\u0430\u0446 \u0438 \u041c\u0435\u0434\u0432\u0435\u0452a\",\"alternateName\":\"\u041a\u043e\u043e\u0440\u0434\u0438\u043d\u0430\u0446\u0438\u043e\u043d\u043e \u0442\u0435\u043b\u043e\",\"url\":\"https:\\\/\\\/kt.gov.rs\\\/\",\"logo\":{\"@type\":\"ImageObject\",\"inLanguage\":\"sq-AL\",\"@id\":\"https:\\\/\\\/kt.gov.rs\\\/#\\\/schema\\\/logo\\\/image\\\/\",\"url\":\"https:\\\/\\\/kt.gov.rs\\\/wp-content\\\/uploads\\\/2024\\\/12\\\/koord2.jpg\",\"contentUrl\":\"https:\\\/\\\/kt.gov.rs\\\/wp-content\\\/uploads\\\/2024\\\/12\\\/koord2.jpg\",\"width\":640,\"height\":480,\"caption\":\"\u041a\u043e\u043e\u0440\u0434\u0438\u043d\u0430\u0446\u0438\u043e\u043d\u043e \u0442\u0435\u043b\u043e \u0412\u043b\u0430\u0434\u0435 \u0420\u0435\u043f\u0443\u0431\u043b\u0438\u043a\u0435 \u0421\u0440\u0431\u0438\u0458\u0435 \u0437\u0430 \u043e\u043f\u0448\u0442\u0438\u043d\u0435 \u041f\u0440\u0435\u0448\u0435\u0432\u043e, \u0411\u0443\u0458\u0430\u043d\u043e\u0432\u0430\u0446 \u0438 \u041c\u0435\u0434\u0432\u0435\u0452a\"},\"image\":{\"@id\":\"https:\\\/\\\/kt.gov.rs\\\/#\\\/schema\\\/logo\\\/image\\\/\"},\"sameAs\":[\"https:\\\/\\\/www.facebook.com\\\/SluzbaKoordinacionogTelaVladeRepublikeSrbije\",\"https:\\\/\\\/x.com\\\/kt_gov\",\"https:\\\/\\\/www.youtube.com\\\/@koordinacionotelo\"]},{\"@type\":\"Person\",\"@id\":\"https:\\\/\\\/kt.gov.rs\\\/#\\\/schema\\\/person\\\/e426459ddb4173309103390602694571\",\"name\":\"ktmin\",\"image\":{\"@type\":\"ImageObject\",\"inLanguage\":\"sq-AL\",\"@id\":\"https:\\\/\\\/secure.gravatar.com\\\/avatar\\\/3985c961109853010c3fbc7ba30365bfba5db3dd6c525831d9c595c7525a615a?s=96&d=mm&r=g\",\"url\":\"https:\\\/\\\/secure.gravatar.com\\\/avatar\\\/3985c961109853010c3fbc7ba30365bfba5db3dd6c525831d9c595c7525a615a?s=96&d=mm&r=g\",\"contentUrl\":\"https:\\\/\\\/secure.gravatar.com\\\/avatar\\\/3985c961109853010c3fbc7ba30365bfba5db3dd6c525831d9c595c7525a615a?s=96&d=mm&r=g\",\"caption\":\"ktmin\"},\"sameAs\":[\"https:\\\/\\\/kt.gov.rs\"],\"url\":\"https:\\\/\\\/kt.gov.rs\\\/sq\\\/author\\\/ktmin\\\/\"}]}<\/script>\n<!-- \/ Yoast SEO plugin. -->","yoast_head_json":{"title":"HUMANITAR\u00cbT NGA VRANJA NDIHMOJN\u00cb M\u00cb T\u00cb RREZIKUARIT NGA FSHATRAT E BUJANOVCIT - Republika e S\u00ebrbis\u00eb Trupi Koordinues p\u00ebr komunat Bujanoc, Preshev\u00eb dhe Medvegj\u00eb","robots":{"index":"index","follow":"follow","max-snippet":"max-snippet:-1","max-image-preview":"max-image-preview:large","max-video-preview":"max-video-preview:-1"},"canonical":"https:\/\/kt.gov.rs\/sq\/humanitaret-nga-vranja-ndihmojne-me-te-rrezikuarit-nga-fshatrat-e-bujanovcit\/","og_locale":"sq_AL","og_type":"article","og_title":"HUMANITAR\u00cbT NGA VRANJA NDIHMOJN\u00cb M\u00cb T\u00cb RREZIKUARIT NGA FSHATRAT E BUJANOVCIT - Republika e S\u00ebrbis\u00eb Trupi Koordinues p\u00ebr komunat Bujanoc, Preshev\u00eb dhe Medvegj\u00eb","og_description":"Bujanoc - Beograd -\u00a0Organizata Humanitare &quot;Veritas 017&quot; nga Vranja me aktivitetet dhe pun\u00ebn e saj humanitare k\u00ebrkon t\u00eb p\u00ebrmir\u00ebsoj\u00eb cil\u00ebsin\u00eb e jet\u00ebs s\u00eb familjeve m\u00eb t\u00eb rrezikuara dhe t\u00eb ndihmoj\u00eb t\u00eb gjith\u00eb ata q\u00eb kan\u00eb nevoj\u00eb p\u00ebr ndihm\u00eb.","og_url":"https:\/\/kt.gov.rs\/sq\/humanitaret-nga-vranja-ndihmojne-me-te-rrezikuarit-nga-fshatrat-e-bujanovcit\/","og_site_name":"Republika e S\u00ebrbis\u00eb Trupi Koordinues p\u00ebr komunat Bujanoc, Preshev\u00eb dhe Medvegj\u00eb","article_publisher":"https:\/\/www.facebook.com\/SluzbaKoordinacionogTelaVladeRepublikeSrbije","article_published_time":"2022-03-04T00:00:00+00:00","article_modified_time":"2024-07-30T17:57:38+00:00","og_image":[{"width":315,"height":230,"url":"https:\/\/kt.gov.rs\/wp-content\/uploads\/2024\/07\/1646401511_040322_1-3.jpg","type":"image\/jpeg"}],"author":"ktmin","twitter_card":"summary_large_image","twitter_creator":"@kt_gov","twitter_site":"@kt_gov","twitter_misc":{"Written by":"ktmin","Est. reading time":"3 minutes"},"schema":{"@context":"https:\/\/schema.org","@graph":[{"@type":"Article","@id":"https:\/\/kt.gov.rs\/sq\/humanitaret-nga-vranja-ndihmojne-me-te-rrezikuarit-nga-fshatrat-e-bujanovcit\/#article","isPartOf":{"@id":"https:\/\/kt.gov.rs\/sq\/humanitaret-nga-vranja-ndihmojne-me-te-rrezikuarit-nga-fshatrat-e-bujanovcit\/"},"author":{"name":"ktmin","@id":"https:\/\/kt.gov.rs\/#\/schema\/person\/e426459ddb4173309103390602694571"},"headline":"HUMANITAR\u00cbT NGA VRANJA NDIHMOJN\u00cb M\u00cb T\u00cb RREZIKUARIT NGA FSHATRAT E BUJANOVCIT","datePublished":"2022-03-04T00:00:00+00:00","dateModified":"2024-07-30T17:57:38+00:00","mainEntityOfPage":{"@id":"https:\/\/kt.gov.rs\/sq\/humanitaret-nga-vranja-ndihmojne-me-te-rrezikuarit-nga-fshatrat-e-bujanovcit\/"},"wordCount":662,"publisher":{"@id":"https:\/\/kt.gov.rs\/#organization"},"image":{"@id":"https:\/\/kt.gov.rs\/sq\/humanitaret-nga-vranja-ndihmojne-me-te-rrezikuarit-nga-fshatrat-e-bujanovcit\/#primaryimage"},"thumbnailUrl":"https:\/\/kt.gov.rs\/wp-content\/uploads\/2024\/07\/1646401511_040322_1-3.jpg","articleSection":["Lajme"],"inLanguage":"sq-AL"},{"@type":"WebPage","@id":"https:\/\/kt.gov.rs\/sq\/humanitaret-nga-vranja-ndihmojne-me-te-rrezikuarit-nga-fshatrat-e-bujanovcit\/","url":"https:\/\/kt.gov.rs\/sq\/humanitaret-nga-vranja-ndihmojne-me-te-rrezikuarit-nga-fshatrat-e-bujanovcit\/","name":"HUMANITAR\u00cbT NGA VRANJA NDIHMOJN\u00cb M\u00cb T\u00cb RREZIKUARIT NGA FSHATRAT E BUJANOVCIT - Republika e S\u00ebrbis\u00eb Trupi Koordinues p\u00ebr komunat Bujanoc, Preshev\u00eb dhe Medvegj\u00eb","isPartOf":{"@id":"https:\/\/kt.gov.rs\/#website"},"primaryImageOfPage":{"@id":"https:\/\/kt.gov.rs\/sq\/humanitaret-nga-vranja-ndihmojne-me-te-rrezikuarit-nga-fshatrat-e-bujanovcit\/#primaryimage"},"image":{"@id":"https:\/\/kt.gov.rs\/sq\/humanitaret-nga-vranja-ndihmojne-me-te-rrezikuarit-nga-fshatrat-e-bujanovcit\/#primaryimage"},"thumbnailUrl":"https:\/\/kt.gov.rs\/wp-content\/uploads\/2024\/07\/1646401511_040322_1-3.jpg","datePublished":"2022-03-04T00:00:00+00:00","dateModified":"2024-07-30T17:57:38+00:00","breadcrumb":{"@id":"https:\/\/kt.gov.rs\/sq\/humanitaret-nga-vranja-ndihmojne-me-te-rrezikuarit-nga-fshatrat-e-bujanovcit\/#breadcrumb"},"inLanguage":"sq-AL","potentialAction":[{"@type":"ReadAction","target":["https:\/\/kt.gov.rs\/sq\/humanitaret-nga-vranja-ndihmojne-me-te-rrezikuarit-nga-fshatrat-e-bujanovcit\/"]}]},{"@type":"ImageObject","inLanguage":"sq-AL","@id":"https:\/\/kt.gov.rs\/sq\/humanitaret-nga-vranja-ndihmojne-me-te-rrezikuarit-nga-fshatrat-e-bujanovcit\/#primaryimage","url":"https:\/\/kt.gov.rs\/wp-content\/uploads\/2024\/07\/1646401511_040322_1-3.jpg","contentUrl":"https:\/\/kt.gov.rs\/wp-content\/uploads\/2024\/07\/1646401511_040322_1-3.jpg","width":315,"height":230},{"@type":"BreadcrumbList","@id":"https:\/\/kt.gov.rs\/sq\/humanitaret-nga-vranja-ndihmojne-me-te-rrezikuarit-nga-fshatrat-e-bujanovcit\/#breadcrumb","itemListElement":[{"@type":"ListItem","position":1,"name":"\u041f\u043e\u0447\u0435\u0442\u043d\u0430","item":"https:\/\/kt.gov.rs\/sq\/"},{"@type":"ListItem","position":2,"name":"HUMANITAR\u00cbT NGA VRANJA NDIHMOJN\u00cb M\u00cb T\u00cb RREZIKUARIT NGA FSHATRAT E BUJANOVCIT"}]},{"@type":"WebSite","@id":"https:\/\/kt.gov.rs\/#website","url":"https:\/\/kt.gov.rs\/","name":"\u041a\u043e\u043e\u0440\u0434\u0438\u043d\u0430\u0446\u0438\u043e\u043d\u043e \u0442\u0435\u043b\u043e \u0412\u043b\u0430\u0434\u0435 \u0420\u0435\u043f\u0443\u0431\u043b\u0438\u043a\u0435 \u0421\u0440\u0431\u0438\u0458\u0435 \u0437\u0430 \u043e\u043f\u0448\u0442\u0438\u043d\u0435 \u041f\u0440\u0435\u0448\u0435\u0432\u043e, \u0411\u0443\u0458\u0430\u043d\u043e\u0432\u0430\u0446 \u0438 \u041c\u0435\u0434\u0432\u0435\u0452a","description":"","publisher":{"@id":"https:\/\/kt.gov.rs\/#organization"},"alternateName":"\u041a\u043e\u043e\u0440\u0434\u0438\u043d\u0430\u0446\u0438\u043e\u043d\u043e \u0442\u0435\u043b\u043e","potentialAction":[{"@type":"SearchAction","target":{"@type":"EntryPoint","urlTemplate":"https:\/\/kt.gov.rs\/?s={search_term_string}"},"query-input":{"@type":"PropertyValueSpecification","valueRequired":true,"valueName":"search_term_string"}}],"inLanguage":"sq-AL"},{"@type":"Organization","@id":"https:\/\/kt.gov.rs\/#organization","name":"\u041a\u043e\u043e\u0440\u0434\u0438\u043d\u0430\u0446\u0438\u043e\u043d\u043e \u0442\u0435\u043b\u043e \u0412\u043b\u0430\u0434\u0435 \u0420\u0435\u043f\u0443\u0431\u043b\u0438\u043a\u0435 \u0421\u0440\u0431\u0438\u0458\u0435 \u0437\u0430 \u043e\u043f\u0448\u0442\u0438\u043d\u0435 \u041f\u0440\u0435\u0448\u0435\u0432\u043e, \u0411\u0443\u0458\u0430\u043d\u043e\u0432\u0430\u0446 \u0438 \u041c\u0435\u0434\u0432\u0435\u0452a","alternateName":"\u041a\u043e\u043e\u0440\u0434\u0438\u043d\u0430\u0446\u0438\u043e\u043d\u043e \u0442\u0435\u043b\u043e","url":"https:\/\/kt.gov.rs\/","logo":{"@type":"ImageObject","inLanguage":"sq-AL","@id":"https:\/\/kt.gov.rs\/#\/schema\/logo\/image\/","url":"https:\/\/kt.gov.rs\/wp-content\/uploads\/2024\/12\/koord2.jpg","contentUrl":"https:\/\/kt.gov.rs\/wp-content\/uploads\/2024\/12\/koord2.jpg","width":640,"height":480,"caption":"\u041a\u043e\u043e\u0440\u0434\u0438\u043d\u0430\u0446\u0438\u043e\u043d\u043e \u0442\u0435\u043b\u043e \u0412\u043b\u0430\u0434\u0435 \u0420\u0435\u043f\u0443\u0431\u043b\u0438\u043a\u0435 \u0421\u0440\u0431\u0438\u0458\u0435 \u0437\u0430 \u043e\u043f\u0448\u0442\u0438\u043d\u0435 \u041f\u0440\u0435\u0448\u0435\u0432\u043e, \u0411\u0443\u0458\u0430\u043d\u043e\u0432\u0430\u0446 \u0438 \u041c\u0435\u0434\u0432\u0435\u0452a"},"image":{"@id":"https:\/\/kt.gov.rs\/#\/schema\/logo\/image\/"},"sameAs":["https:\/\/www.facebook.com\/SluzbaKoordinacionogTelaVladeRepublikeSrbije","https:\/\/x.com\/kt_gov","https:\/\/www.youtube.com\/@koordinacionotelo"]},{"@type":"Person","@id":"https:\/\/kt.gov.rs\/#\/schema\/person\/e426459ddb4173309103390602694571","name":"ktmin","image":{"@type":"ImageObject","inLanguage":"sq-AL","@id":"https:\/\/secure.gravatar.com\/avatar\/3985c961109853010c3fbc7ba30365bfba5db3dd6c525831d9c595c7525a615a?s=96&d=mm&r=g","url":"https:\/\/secure.gravatar.com\/avatar\/3985c961109853010c3fbc7ba30365bfba5db3dd6c525831d9c595c7525a615a?s=96&d=mm&r=g","contentUrl":"https:\/\/secure.gravatar.com\/avatar\/3985c961109853010c3fbc7ba30365bfba5db3dd6c525831d9c595c7525a615a?s=96&d=mm&r=g","caption":"ktmin"},"sameAs":["https:\/\/kt.gov.rs"],"url":"https:\/\/kt.gov.rs\/sq\/author\/ktmin\/"}]}},"_links":{"self":[{"href":"https:\/\/kt.gov.rs\/sq\/wp-json\/wp\/v2\/posts\/108097","targetHints":{"allow":["GET"]}}],"collection":[{"href":"https:\/\/kt.gov.rs\/sq\/wp-json\/wp\/v2\/posts"}],"about":[{"href":"https:\/\/kt.gov.rs\/sq\/wp-json\/wp\/v2\/types\/post"}],"author":[{"embeddable":true,"href":"https:\/\/kt.gov.rs\/sq\/wp-json\/wp\/v2\/users\/1"}],"replies":[{"embeddable":true,"href":"https:\/\/kt.gov.rs\/sq\/wp-json\/wp\/v2\/comments?post=108097"}],"version-history":[{"count":1,"href":"https:\/\/kt.gov.rs\/sq\/wp-json\/wp\/v2\/posts\/108097\/revisions"}],"predecessor-version":[{"id":108101,"href":"https:\/\/kt.gov.rs\/sq\/wp-json\/wp\/v2\/posts\/108097\/revisions\/108101"}],"wp:featuredmedia":[{"embeddable":true,"href":"https:\/\/kt.gov.rs\/sq\/wp-json\/wp\/v2\/media\/108102"}],"wp:attachment":[{"href":"https:\/\/kt.gov.rs\/sq\/wp-json\/wp\/v2\/media?parent=108097"}],"wp:term":[{"taxonomy":"category","embeddable":true,"href":"https:\/\/kt.gov.rs\/sq\/wp-json\/wp\/v2\/categories?post=108097"},{"taxonomy":"post_tag","embeddable":true,"href":"https:\/\/kt.gov.rs\/sq\/wp-json\/wp\/v2\/tags?post=108097"}],"curies":[{"name":"wp","href":"https:\/\/api.w.org\/{rel}","templated":true}]}}