{"id":108041,"date":"2022-03-08T00:00:00","date_gmt":"2022-03-08T00:00:00","guid":{"rendered":"http:\/\/kt.printandscreen.rs\/grat-ne-bujanoc-lufta-per-barazi\/"},"modified":"2024-07-30T17:57:33","modified_gmt":"2024-07-30T17:57:33","slug":"grat-ne-bujanoc-lufta-per-barazi","status":"publish","type":"post","link":"https:\/\/kt.gov.rs\/sq\/grat-ne-bujanoc-lufta-per-barazi\/","title":{"rendered":"GRAT N\u00cb BUJANOC: LUFTA P\u00cbR BARAZI"},"content":{"rendered":"<p>\n\t<strong><img decoding=\"async\" alt=\"\" src=\"https:\/\/kt.gov.rs\/wp-content\/uploads\/2024\/07\/1646742560_080322_1-2.jpg\" style=\"width: 315px; height: 230px; float: left;\" \/><\/strong><strong>Bujanoc \u2013 Beograd \u2013<\/strong> Pozita e grave \u00ebsht\u00eb p\u00ebrmir\u00ebsuar, por lufta e tyre p\u00ebr trajtim t\u00eb barabart\u00eb n\u00eb shoq\u00ebri, ve\u00e7an\u00ebrisht n\u00eb aspektin e t\u00eb ardhurave, \u00ebsht\u00eb ende duke vazhduar, nd\u00ebrkoh\u00eb q\u00eb \u00e7\u00ebshtja e barazis\u00eb gjinore \u00ebsht\u00eb duke ecur shum\u00eb, ky \u00ebsht\u00eb konkludimi nga paneli i mbajtur n\u00eb Bujanoc m\u00eb 8 mars n\u00eb kuad\u00ebr t\u00eb projekti ALVED<\/p>\n<p>\n\tPozita e gruas n\u00eb komunitetin lokal dhe pengesat me t\u00eb cilat p\u00ebrballen, si dhe pozita e pabarabart\u00eb n\u00eb raport me burrat, ishte tema e tryez\u00ebs s\u00eb rrumbullak\u00ebt t\u00eb mbajtur t\u00eb h\u00ebn\u00ebn n\u00eb ambientet e OSBE-s\u00eb, t\u00eb organizuar nga Nisma qytetare.<\/p>\n<p>\n\t\u2013 Fokusi i diskutimit ishte pozita e grave n\u00eb profesione t\u00eb ndryshme dhe problemet e tyre, por edhe pengesat q\u00eb hasin n\u00eb ushtrimin e pun\u00ebs s\u00eb tyre, qoft\u00eb si sip\u00ebrmarr\u00ebse, qoft\u00eb si amvise apo n\u00ebna vetushqyese, por edhe si politikane \u2013 tha p\u00ebr Buajnova\u00e7ke, Tuba Avdiu, koordinatore lokale e Nism\u00ebs qytetare.<\/p>\n<p>\n\tTet\u00eb paneliste, gra t\u00eb profileve t\u00eb ndryshme t\u00eb karrier\u00ebs, duke folur p\u00ebr rrug\u00ebn dhe zhvillimin e tyre profesional, p\u00ebrmes shembujve t\u00eb tyre theksuan se lufta e grave p\u00ebr trajtim t\u00eb barabart\u00eb n\u00eb shoq\u00ebri, ve\u00e7an\u00ebrisht n\u00eb aspektin e t\u00eb ardhurave, nuk ndalet dhe se barazia gjinore \u00ebsht\u00eb \u00ebsht\u00eb duke u implementuar shum\u00eb ngadal\u00eb.<\/p>\n<p>\n\t\u2013 \u00cbsht\u00eb e domosdoshme q\u00eb grat\u00eb t\u00eb punojn\u00eb n\u00eb trajnimin dhe edukimin e tyre, t\u2019i vendosin vetes nj\u00eb synim dhe t\u00eb punojn\u00eb p\u00ebr realizimin e tij \u00e7do dit\u00eb. Nuk duhet t\u00eb jesh e shk\u00eblqyesh\u00ebm p\u00ebr t\u00eb filluar, thjesht fillo dhe do t\u00eb jesh e shk\u00eblqyer \u00ebsht\u00eb nj\u00eb mesazh diku p\u00ebr t\u00eb gjitha grat\u00eb \u2013 tha Aleksandra Sashka Nakiq, nj\u00eb nd\u00ebrmarr\u00ebse nga Bujanoci dhe nj\u00eb nga pjes\u00ebmarr\u00ebset n\u00eb panel.<\/p>\n<p>\n\tAto pajtohen se pozita e grave n\u00eb aspektin ekonomik, social dhe politik \u00ebsht\u00eb p\u00ebrmir\u00ebsuar gjat\u00eb historis\u00eb, por se grat\u00eb ende fitojn\u00eb m\u00eb pak se burrat p\u00ebr t\u00eb nj\u00ebjt\u00ebn pun\u00eb dhe se ka ende m\u00eb pak prej tyre n\u00eb poste drejtuese.<\/p>\n<p>\n\t\u2013 Pabarazia n\u00eb paga dhe m\u00eb pak mund\u00ebsi p\u00ebr avancim n\u00eb t\u00eb gjith\u00eb sektor\u00ebt jan\u00eb ende t\u00eb pranishme. N\u00ebse do t\u2019i shtohej vlera ekonomike pun\u00ebve t\u00eb papaguara t\u00eb sht\u00ebpis\u00eb, kujdesit p\u00ebr f\u00ebmij\u00ebt dhe t\u00eb moshuarit, nj\u00eb grua n\u00eb Serbi do t\u00eb fitonte 546 euro n\u00eb muaj \u2013 tha Suzana Antiq Ristiq, p\u00ebrfaq\u00ebsuese e K\u00ebshillit p\u00ebr t\u00eb drejtat e njeriut nga Vranja.<\/p>\n<p>\n\tPaneliste ishin Nermine Aliji \u2013 Ademi, Resmije Ramadani, Asima Ismaili, Stana Bakiq, Aleksandra Nakiq, Suzana Antiq Ristiq, Bjondina Shala dhe Betina Imeri, nd\u00ebrsa pjes\u00ebmarr\u00ebs ishin nx\u00ebn\u00ebs t\u00eb shkollave t\u00eb mesme dhe aktivist\u00eb t\u00eb shoq\u00ebris\u00eb civile nga Bujanoci.<\/p>\n<p>\n\tDita Nd\u00ebrkomb\u00ebtare e Gruas sh\u00ebnohet n\u00eb mbar\u00eb bot\u00ebn me iden\u00eb e eliminimit t\u00eb diskriminimit ndaj grave n\u00eb shoq\u00ebri, por edhe me apel tek autoritetet q\u00eb politika t\u00eb p\u00ebrshtatet sa m\u00eb shum\u00eb me nevojat e grave.<\/p>\n<p>\n\tKy aktivitet zbatohet n\u00eb kuad\u00ebr t\u00eb projektit Amplifying Local Voices for Equitable Development (ALVED) i financuar nga Qeveria e Mbret\u00ebris\u00eb s\u00eb Bashkuar nd\u00ebrsa \u00ebsht\u00eb duke u implementuar nga Peaceful Change iniciative dhe People in Need n\u00eb partneritet me Nismat qytetare, PEN \u2013 Peer Educators Network dhe OJQ Aktiv.<\/p>\n<p>\n\t<strong>Burimi: Bujanovacke, Trupi Koordinues<\/strong><\/p>\n<p>\n\t\u00a0<\/p>\n","protected":false},"excerpt":{"rendered":"<p>Bujanoc \u2013 Beograd \u2013\u00a0Pozita e grave \u00ebsht\u00eb p\u00ebrmir\u00ebsuar, por lufta e tyre p\u00ebr trajtim t\u00eb barabart\u00eb n\u00eb shoq\u00ebri, ve\u00e7an\u00ebrisht n\u00eb aspektin e t\u00eb ardhurave, \u00ebsht\u00eb ende duke vazhduar, nd\u00ebrkoh\u00eb q\u00eb \u00e7\u00ebshtja e barazis\u00eb\u2026<\/p>\n","protected":false},"author":1,"featured_media":108046,"comment_status":"closed","ping_status":"closed","sticky":false,"template":"","format":"standard","meta":{"footnotes":""},"categories":[55],"tags":[],"class_list":["post-108041","post","type-post","status-publish","format-standard","has-post-thumbnail","hentry","category-lajme"],"yoast_head":"<!-- This site is optimized with the Yoast SEO plugin v27.5 - https:\/\/yoast.com\/product\/yoast-seo-wordpress\/ -->\n<title>GRAT N\u00cb BUJANOC: LUFTA P\u00cbR BARAZI - Republika e S\u00ebrbis\u00eb Trupi Koordinues p\u00ebr komunat Bujanoc, Preshev\u00eb dhe Medvegj\u00eb<\/title>\n<meta name=\"robots\" content=\"index, follow, max-snippet:-1, max-image-preview:large, max-video-preview:-1\" \/>\n<link rel=\"canonical\" href=\"https:\/\/kt.gov.rs\/sq\/grat-ne-bujanoc-lufta-per-barazi\/\" \/>\n<meta property=\"og:locale\" content=\"sq_AL\" \/>\n<meta property=\"og:type\" content=\"article\" \/>\n<meta property=\"og:title\" content=\"GRAT N\u00cb BUJANOC: LUFTA P\u00cbR BARAZI - Republika e S\u00ebrbis\u00eb Trupi Koordinues p\u00ebr komunat Bujanoc, Preshev\u00eb dhe Medvegj\u00eb\" \/>\n<meta property=\"og:description\" content=\"Bujanoc \u2013 Beograd -\u00a0Pozita e grave \u00ebsht\u00eb p\u00ebrmir\u00ebsuar, por lufta e tyre p\u00ebr trajtim t\u00eb barabart\u00eb n\u00eb shoq\u00ebri, ve\u00e7an\u00ebrisht n\u00eb aspektin e t\u00eb ardhurave, \u00ebsht\u00eb ende duke vazhduar, nd\u00ebrkoh\u00eb q\u00eb \u00e7\u00ebshtja e barazis\u00eb...\" \/>\n<meta property=\"og:url\" content=\"https:\/\/kt.gov.rs\/sq\/grat-ne-bujanoc-lufta-per-barazi\/\" \/>\n<meta property=\"og:site_name\" content=\"Republika e S\u00ebrbis\u00eb Trupi Koordinues p\u00ebr komunat Bujanoc, Preshev\u00eb dhe Medvegj\u00eb\" \/>\n<meta property=\"article:publisher\" content=\"https:\/\/www.facebook.com\/SluzbaKoordinacionogTelaVladeRepublikeSrbije\" \/>\n<meta property=\"article:published_time\" content=\"2022-03-08T00:00:00+00:00\" \/>\n<meta property=\"article:modified_time\" content=\"2024-07-30T17:57:33+00:00\" \/>\n<meta property=\"og:image\" content=\"https:\/\/kt.gov.rs\/wp-content\/uploads\/2024\/07\/1646742560_080322_1-3.jpg\" \/>\n\t<meta property=\"og:image:width\" content=\"315\" \/>\n\t<meta property=\"og:image:height\" content=\"230\" \/>\n\t<meta property=\"og:image:type\" content=\"image\/jpeg\" \/>\n<meta name=\"author\" content=\"ktmin\" \/>\n<meta name=\"twitter:card\" content=\"summary_large_image\" \/>\n<meta name=\"twitter:creator\" content=\"@kt_gov\" \/>\n<meta name=\"twitter:site\" content=\"@kt_gov\" \/>\n<meta name=\"twitter:label1\" content=\"Written by\" \/>\n\t<meta name=\"twitter:data1\" content=\"ktmin\" \/>\n\t<meta name=\"twitter:label2\" content=\"Est. reading time\" \/>\n\t<meta name=\"twitter:data2\" content=\"4 minutes\" \/>\n<script type=\"application\/ld+json\" class=\"yoast-schema-graph\">{\"@context\":\"https:\\\/\\\/schema.org\",\"@graph\":[{\"@type\":\"Article\",\"@id\":\"https:\\\/\\\/kt.gov.rs\\\/sq\\\/grat-ne-bujanoc-lufta-per-barazi\\\/#article\",\"isPartOf\":{\"@id\":\"https:\\\/\\\/kt.gov.rs\\\/sq\\\/grat-ne-bujanoc-lufta-per-barazi\\\/\"},\"author\":{\"name\":\"ktmin\",\"@id\":\"https:\\\/\\\/kt.gov.rs\\\/#\\\/schema\\\/person\\\/e426459ddb4173309103390602694571\"},\"headline\":\"GRAT N\u00cb BUJANOC: LUFTA P\u00cbR BARAZI\",\"datePublished\":\"2022-03-08T00:00:00+00:00\",\"dateModified\":\"2024-07-30T17:57:33+00:00\",\"mainEntityOfPage\":{\"@id\":\"https:\\\/\\\/kt.gov.rs\\\/sq\\\/grat-ne-bujanoc-lufta-per-barazi\\\/\"},\"wordCount\":772,\"publisher\":{\"@id\":\"https:\\\/\\\/kt.gov.rs\\\/#organization\"},\"image\":{\"@id\":\"https:\\\/\\\/kt.gov.rs\\\/sq\\\/grat-ne-bujanoc-lufta-per-barazi\\\/#primaryimage\"},\"thumbnailUrl\":\"https:\\\/\\\/kt.gov.rs\\\/wp-content\\\/uploads\\\/2024\\\/07\\\/1646742560_080322_1-3.jpg\",\"articleSection\":[\"Lajme\"],\"inLanguage\":\"sq-AL\"},{\"@type\":\"WebPage\",\"@id\":\"https:\\\/\\\/kt.gov.rs\\\/sq\\\/grat-ne-bujanoc-lufta-per-barazi\\\/\",\"url\":\"https:\\\/\\\/kt.gov.rs\\\/sq\\\/grat-ne-bujanoc-lufta-per-barazi\\\/\",\"name\":\"GRAT N\u00cb BUJANOC: LUFTA P\u00cbR BARAZI - Republika e S\u00ebrbis\u00eb Trupi Koordinues p\u00ebr komunat Bujanoc, Preshev\u00eb dhe Medvegj\u00eb\",\"isPartOf\":{\"@id\":\"https:\\\/\\\/kt.gov.rs\\\/#website\"},\"primaryImageOfPage\":{\"@id\":\"https:\\\/\\\/kt.gov.rs\\\/sq\\\/grat-ne-bujanoc-lufta-per-barazi\\\/#primaryimage\"},\"image\":{\"@id\":\"https:\\\/\\\/kt.gov.rs\\\/sq\\\/grat-ne-bujanoc-lufta-per-barazi\\\/#primaryimage\"},\"thumbnailUrl\":\"https:\\\/\\\/kt.gov.rs\\\/wp-content\\\/uploads\\\/2024\\\/07\\\/1646742560_080322_1-3.jpg\",\"datePublished\":\"2022-03-08T00:00:00+00:00\",\"dateModified\":\"2024-07-30T17:57:33+00:00\",\"breadcrumb\":{\"@id\":\"https:\\\/\\\/kt.gov.rs\\\/sq\\\/grat-ne-bujanoc-lufta-per-barazi\\\/#breadcrumb\"},\"inLanguage\":\"sq-AL\",\"potentialAction\":[{\"@type\":\"ReadAction\",\"target\":[\"https:\\\/\\\/kt.gov.rs\\\/sq\\\/grat-ne-bujanoc-lufta-per-barazi\\\/\"]}]},{\"@type\":\"ImageObject\",\"inLanguage\":\"sq-AL\",\"@id\":\"https:\\\/\\\/kt.gov.rs\\\/sq\\\/grat-ne-bujanoc-lufta-per-barazi\\\/#primaryimage\",\"url\":\"https:\\\/\\\/kt.gov.rs\\\/wp-content\\\/uploads\\\/2024\\\/07\\\/1646742560_080322_1-3.jpg\",\"contentUrl\":\"https:\\\/\\\/kt.gov.rs\\\/wp-content\\\/uploads\\\/2024\\\/07\\\/1646742560_080322_1-3.jpg\",\"width\":315,\"height\":230},{\"@type\":\"BreadcrumbList\",\"@id\":\"https:\\\/\\\/kt.gov.rs\\\/sq\\\/grat-ne-bujanoc-lufta-per-barazi\\\/#breadcrumb\",\"itemListElement\":[{\"@type\":\"ListItem\",\"position\":1,\"name\":\"\u041f\u043e\u0447\u0435\u0442\u043d\u0430\",\"item\":\"https:\\\/\\\/kt.gov.rs\\\/sq\\\/\"},{\"@type\":\"ListItem\",\"position\":2,\"name\":\"GRAT N\u00cb BUJANOC: LUFTA P\u00cbR BARAZI\"}]},{\"@type\":\"WebSite\",\"@id\":\"https:\\\/\\\/kt.gov.rs\\\/#website\",\"url\":\"https:\\\/\\\/kt.gov.rs\\\/\",\"name\":\"\u041a\u043e\u043e\u0440\u0434\u0438\u043d\u0430\u0446\u0438\u043e\u043d\u043e \u0442\u0435\u043b\u043e \u0412\u043b\u0430\u0434\u0435 \u0420\u0435\u043f\u0443\u0431\u043b\u0438\u043a\u0435 \u0421\u0440\u0431\u0438\u0458\u0435 \u0437\u0430 \u043e\u043f\u0448\u0442\u0438\u043d\u0435 \u041f\u0440\u0435\u0448\u0435\u0432\u043e, \u0411\u0443\u0458\u0430\u043d\u043e\u0432\u0430\u0446 \u0438 \u041c\u0435\u0434\u0432\u0435\u0452a\",\"description\":\"\",\"publisher\":{\"@id\":\"https:\\\/\\\/kt.gov.rs\\\/#organization\"},\"alternateName\":\"\u041a\u043e\u043e\u0440\u0434\u0438\u043d\u0430\u0446\u0438\u043e\u043d\u043e \u0442\u0435\u043b\u043e\",\"potentialAction\":[{\"@type\":\"SearchAction\",\"target\":{\"@type\":\"EntryPoint\",\"urlTemplate\":\"https:\\\/\\\/kt.gov.rs\\\/?s={search_term_string}\"},\"query-input\":{\"@type\":\"PropertyValueSpecification\",\"valueRequired\":true,\"valueName\":\"search_term_string\"}}],\"inLanguage\":\"sq-AL\"},{\"@type\":\"Organization\",\"@id\":\"https:\\\/\\\/kt.gov.rs\\\/#organization\",\"name\":\"\u041a\u043e\u043e\u0440\u0434\u0438\u043d\u0430\u0446\u0438\u043e\u043d\u043e \u0442\u0435\u043b\u043e \u0412\u043b\u0430\u0434\u0435 \u0420\u0435\u043f\u0443\u0431\u043b\u0438\u043a\u0435 \u0421\u0440\u0431\u0438\u0458\u0435 \u0437\u0430 \u043e\u043f\u0448\u0442\u0438\u043d\u0435 \u041f\u0440\u0435\u0448\u0435\u0432\u043e, \u0411\u0443\u0458\u0430\u043d\u043e\u0432\u0430\u0446 \u0438 \u041c\u0435\u0434\u0432\u0435\u0452a\",\"alternateName\":\"\u041a\u043e\u043e\u0440\u0434\u0438\u043d\u0430\u0446\u0438\u043e\u043d\u043e \u0442\u0435\u043b\u043e\",\"url\":\"https:\\\/\\\/kt.gov.rs\\\/\",\"logo\":{\"@type\":\"ImageObject\",\"inLanguage\":\"sq-AL\",\"@id\":\"https:\\\/\\\/kt.gov.rs\\\/#\\\/schema\\\/logo\\\/image\\\/\",\"url\":\"https:\\\/\\\/kt.gov.rs\\\/wp-content\\\/uploads\\\/2024\\\/12\\\/koord2.jpg\",\"contentUrl\":\"https:\\\/\\\/kt.gov.rs\\\/wp-content\\\/uploads\\\/2024\\\/12\\\/koord2.jpg\",\"width\":640,\"height\":480,\"caption\":\"\u041a\u043e\u043e\u0440\u0434\u0438\u043d\u0430\u0446\u0438\u043e\u043d\u043e \u0442\u0435\u043b\u043e \u0412\u043b\u0430\u0434\u0435 \u0420\u0435\u043f\u0443\u0431\u043b\u0438\u043a\u0435 \u0421\u0440\u0431\u0438\u0458\u0435 \u0437\u0430 \u043e\u043f\u0448\u0442\u0438\u043d\u0435 \u041f\u0440\u0435\u0448\u0435\u0432\u043e, \u0411\u0443\u0458\u0430\u043d\u043e\u0432\u0430\u0446 \u0438 \u041c\u0435\u0434\u0432\u0435\u0452a\"},\"image\":{\"@id\":\"https:\\\/\\\/kt.gov.rs\\\/#\\\/schema\\\/logo\\\/image\\\/\"},\"sameAs\":[\"https:\\\/\\\/www.facebook.com\\\/SluzbaKoordinacionogTelaVladeRepublikeSrbije\",\"https:\\\/\\\/x.com\\\/kt_gov\",\"https:\\\/\\\/www.youtube.com\\\/@koordinacionotelo\"]},{\"@type\":\"Person\",\"@id\":\"https:\\\/\\\/kt.gov.rs\\\/#\\\/schema\\\/person\\\/e426459ddb4173309103390602694571\",\"name\":\"ktmin\",\"image\":{\"@type\":\"ImageObject\",\"inLanguage\":\"sq-AL\",\"@id\":\"https:\\\/\\\/secure.gravatar.com\\\/avatar\\\/3985c961109853010c3fbc7ba30365bfba5db3dd6c525831d9c595c7525a615a?s=96&d=mm&r=g\",\"url\":\"https:\\\/\\\/secure.gravatar.com\\\/avatar\\\/3985c961109853010c3fbc7ba30365bfba5db3dd6c525831d9c595c7525a615a?s=96&d=mm&r=g\",\"contentUrl\":\"https:\\\/\\\/secure.gravatar.com\\\/avatar\\\/3985c961109853010c3fbc7ba30365bfba5db3dd6c525831d9c595c7525a615a?s=96&d=mm&r=g\",\"caption\":\"ktmin\"},\"sameAs\":[\"https:\\\/\\\/kt.gov.rs\"],\"url\":\"https:\\\/\\\/kt.gov.rs\\\/sq\\\/author\\\/ktmin\\\/\"}]}<\/script>\n<!-- \/ Yoast SEO plugin. -->","yoast_head_json":{"title":"GRAT N\u00cb BUJANOC: LUFTA P\u00cbR BARAZI - Republika e S\u00ebrbis\u00eb Trupi Koordinues p\u00ebr komunat Bujanoc, Preshev\u00eb dhe Medvegj\u00eb","robots":{"index":"index","follow":"follow","max-snippet":"max-snippet:-1","max-image-preview":"max-image-preview:large","max-video-preview":"max-video-preview:-1"},"canonical":"https:\/\/kt.gov.rs\/sq\/grat-ne-bujanoc-lufta-per-barazi\/","og_locale":"sq_AL","og_type":"article","og_title":"GRAT N\u00cb BUJANOC: LUFTA P\u00cbR BARAZI - Republika e S\u00ebrbis\u00eb Trupi Koordinues p\u00ebr komunat Bujanoc, Preshev\u00eb dhe Medvegj\u00eb","og_description":"Bujanoc \u2013 Beograd -\u00a0Pozita e grave \u00ebsht\u00eb p\u00ebrmir\u00ebsuar, por lufta e tyre p\u00ebr trajtim t\u00eb barabart\u00eb n\u00eb shoq\u00ebri, ve\u00e7an\u00ebrisht n\u00eb aspektin e t\u00eb ardhurave, \u00ebsht\u00eb ende duke vazhduar, nd\u00ebrkoh\u00eb q\u00eb \u00e7\u00ebshtja e barazis\u00eb...","og_url":"https:\/\/kt.gov.rs\/sq\/grat-ne-bujanoc-lufta-per-barazi\/","og_site_name":"Republika e S\u00ebrbis\u00eb Trupi Koordinues p\u00ebr komunat Bujanoc, Preshev\u00eb dhe Medvegj\u00eb","article_publisher":"https:\/\/www.facebook.com\/SluzbaKoordinacionogTelaVladeRepublikeSrbije","article_published_time":"2022-03-08T00:00:00+00:00","article_modified_time":"2024-07-30T17:57:33+00:00","og_image":[{"width":315,"height":230,"url":"https:\/\/kt.gov.rs\/wp-content\/uploads\/2024\/07\/1646742560_080322_1-3.jpg","type":"image\/jpeg"}],"author":"ktmin","twitter_card":"summary_large_image","twitter_creator":"@kt_gov","twitter_site":"@kt_gov","twitter_misc":{"Written by":"ktmin","Est. reading time":"4 minutes"},"schema":{"@context":"https:\/\/schema.org","@graph":[{"@type":"Article","@id":"https:\/\/kt.gov.rs\/sq\/grat-ne-bujanoc-lufta-per-barazi\/#article","isPartOf":{"@id":"https:\/\/kt.gov.rs\/sq\/grat-ne-bujanoc-lufta-per-barazi\/"},"author":{"name":"ktmin","@id":"https:\/\/kt.gov.rs\/#\/schema\/person\/e426459ddb4173309103390602694571"},"headline":"GRAT N\u00cb BUJANOC: LUFTA P\u00cbR BARAZI","datePublished":"2022-03-08T00:00:00+00:00","dateModified":"2024-07-30T17:57:33+00:00","mainEntityOfPage":{"@id":"https:\/\/kt.gov.rs\/sq\/grat-ne-bujanoc-lufta-per-barazi\/"},"wordCount":772,"publisher":{"@id":"https:\/\/kt.gov.rs\/#organization"},"image":{"@id":"https:\/\/kt.gov.rs\/sq\/grat-ne-bujanoc-lufta-per-barazi\/#primaryimage"},"thumbnailUrl":"https:\/\/kt.gov.rs\/wp-content\/uploads\/2024\/07\/1646742560_080322_1-3.jpg","articleSection":["Lajme"],"inLanguage":"sq-AL"},{"@type":"WebPage","@id":"https:\/\/kt.gov.rs\/sq\/grat-ne-bujanoc-lufta-per-barazi\/","url":"https:\/\/kt.gov.rs\/sq\/grat-ne-bujanoc-lufta-per-barazi\/","name":"GRAT N\u00cb BUJANOC: LUFTA P\u00cbR BARAZI - Republika e S\u00ebrbis\u00eb Trupi Koordinues p\u00ebr komunat Bujanoc, Preshev\u00eb dhe Medvegj\u00eb","isPartOf":{"@id":"https:\/\/kt.gov.rs\/#website"},"primaryImageOfPage":{"@id":"https:\/\/kt.gov.rs\/sq\/grat-ne-bujanoc-lufta-per-barazi\/#primaryimage"},"image":{"@id":"https:\/\/kt.gov.rs\/sq\/grat-ne-bujanoc-lufta-per-barazi\/#primaryimage"},"thumbnailUrl":"https:\/\/kt.gov.rs\/wp-content\/uploads\/2024\/07\/1646742560_080322_1-3.jpg","datePublished":"2022-03-08T00:00:00+00:00","dateModified":"2024-07-30T17:57:33+00:00","breadcrumb":{"@id":"https:\/\/kt.gov.rs\/sq\/grat-ne-bujanoc-lufta-per-barazi\/#breadcrumb"},"inLanguage":"sq-AL","potentialAction":[{"@type":"ReadAction","target":["https:\/\/kt.gov.rs\/sq\/grat-ne-bujanoc-lufta-per-barazi\/"]}]},{"@type":"ImageObject","inLanguage":"sq-AL","@id":"https:\/\/kt.gov.rs\/sq\/grat-ne-bujanoc-lufta-per-barazi\/#primaryimage","url":"https:\/\/kt.gov.rs\/wp-content\/uploads\/2024\/07\/1646742560_080322_1-3.jpg","contentUrl":"https:\/\/kt.gov.rs\/wp-content\/uploads\/2024\/07\/1646742560_080322_1-3.jpg","width":315,"height":230},{"@type":"BreadcrumbList","@id":"https:\/\/kt.gov.rs\/sq\/grat-ne-bujanoc-lufta-per-barazi\/#breadcrumb","itemListElement":[{"@type":"ListItem","position":1,"name":"\u041f\u043e\u0447\u0435\u0442\u043d\u0430","item":"https:\/\/kt.gov.rs\/sq\/"},{"@type":"ListItem","position":2,"name":"GRAT N\u00cb BUJANOC: LUFTA P\u00cbR BARAZI"}]},{"@type":"WebSite","@id":"https:\/\/kt.gov.rs\/#website","url":"https:\/\/kt.gov.rs\/","name":"\u041a\u043e\u043e\u0440\u0434\u0438\u043d\u0430\u0446\u0438\u043e\u043d\u043e \u0442\u0435\u043b\u043e \u0412\u043b\u0430\u0434\u0435 \u0420\u0435\u043f\u0443\u0431\u043b\u0438\u043a\u0435 \u0421\u0440\u0431\u0438\u0458\u0435 \u0437\u0430 \u043e\u043f\u0448\u0442\u0438\u043d\u0435 \u041f\u0440\u0435\u0448\u0435\u0432\u043e, \u0411\u0443\u0458\u0430\u043d\u043e\u0432\u0430\u0446 \u0438 \u041c\u0435\u0434\u0432\u0435\u0452a","description":"","publisher":{"@id":"https:\/\/kt.gov.rs\/#organization"},"alternateName":"\u041a\u043e\u043e\u0440\u0434\u0438\u043d\u0430\u0446\u0438\u043e\u043d\u043e \u0442\u0435\u043b\u043e","potentialAction":[{"@type":"SearchAction","target":{"@type":"EntryPoint","urlTemplate":"https:\/\/kt.gov.rs\/?s={search_term_string}"},"query-input":{"@type":"PropertyValueSpecification","valueRequired":true,"valueName":"search_term_string"}}],"inLanguage":"sq-AL"},{"@type":"Organization","@id":"https:\/\/kt.gov.rs\/#organization","name":"\u041a\u043e\u043e\u0440\u0434\u0438\u043d\u0430\u0446\u0438\u043e\u043d\u043e \u0442\u0435\u043b\u043e \u0412\u043b\u0430\u0434\u0435 \u0420\u0435\u043f\u0443\u0431\u043b\u0438\u043a\u0435 \u0421\u0440\u0431\u0438\u0458\u0435 \u0437\u0430 \u043e\u043f\u0448\u0442\u0438\u043d\u0435 \u041f\u0440\u0435\u0448\u0435\u0432\u043e, \u0411\u0443\u0458\u0430\u043d\u043e\u0432\u0430\u0446 \u0438 \u041c\u0435\u0434\u0432\u0435\u0452a","alternateName":"\u041a\u043e\u043e\u0440\u0434\u0438\u043d\u0430\u0446\u0438\u043e\u043d\u043e \u0442\u0435\u043b\u043e","url":"https:\/\/kt.gov.rs\/","logo":{"@type":"ImageObject","inLanguage":"sq-AL","@id":"https:\/\/kt.gov.rs\/#\/schema\/logo\/image\/","url":"https:\/\/kt.gov.rs\/wp-content\/uploads\/2024\/12\/koord2.jpg","contentUrl":"https:\/\/kt.gov.rs\/wp-content\/uploads\/2024\/12\/koord2.jpg","width":640,"height":480,"caption":"\u041a\u043e\u043e\u0440\u0434\u0438\u043d\u0430\u0446\u0438\u043e\u043d\u043e \u0442\u0435\u043b\u043e \u0412\u043b\u0430\u0434\u0435 \u0420\u0435\u043f\u0443\u0431\u043b\u0438\u043a\u0435 \u0421\u0440\u0431\u0438\u0458\u0435 \u0437\u0430 \u043e\u043f\u0448\u0442\u0438\u043d\u0435 \u041f\u0440\u0435\u0448\u0435\u0432\u043e, \u0411\u0443\u0458\u0430\u043d\u043e\u0432\u0430\u0446 \u0438 \u041c\u0435\u0434\u0432\u0435\u0452a"},"image":{"@id":"https:\/\/kt.gov.rs\/#\/schema\/logo\/image\/"},"sameAs":["https:\/\/www.facebook.com\/SluzbaKoordinacionogTelaVladeRepublikeSrbije","https:\/\/x.com\/kt_gov","https:\/\/www.youtube.com\/@koordinacionotelo"]},{"@type":"Person","@id":"https:\/\/kt.gov.rs\/#\/schema\/person\/e426459ddb4173309103390602694571","name":"ktmin","image":{"@type":"ImageObject","inLanguage":"sq-AL","@id":"https:\/\/secure.gravatar.com\/avatar\/3985c961109853010c3fbc7ba30365bfba5db3dd6c525831d9c595c7525a615a?s=96&d=mm&r=g","url":"https:\/\/secure.gravatar.com\/avatar\/3985c961109853010c3fbc7ba30365bfba5db3dd6c525831d9c595c7525a615a?s=96&d=mm&r=g","contentUrl":"https:\/\/secure.gravatar.com\/avatar\/3985c961109853010c3fbc7ba30365bfba5db3dd6c525831d9c595c7525a615a?s=96&d=mm&r=g","caption":"ktmin"},"sameAs":["https:\/\/kt.gov.rs"],"url":"https:\/\/kt.gov.rs\/sq\/author\/ktmin\/"}]}},"_links":{"self":[{"href":"https:\/\/kt.gov.rs\/sq\/wp-json\/wp\/v2\/posts\/108041","targetHints":{"allow":["GET"]}}],"collection":[{"href":"https:\/\/kt.gov.rs\/sq\/wp-json\/wp\/v2\/posts"}],"about":[{"href":"https:\/\/kt.gov.rs\/sq\/wp-json\/wp\/v2\/types\/post"}],"author":[{"embeddable":true,"href":"https:\/\/kt.gov.rs\/sq\/wp-json\/wp\/v2\/users\/1"}],"replies":[{"embeddable":true,"href":"https:\/\/kt.gov.rs\/sq\/wp-json\/wp\/v2\/comments?post=108041"}],"version-history":[{"count":1,"href":"https:\/\/kt.gov.rs\/sq\/wp-json\/wp\/v2\/posts\/108041\/revisions"}],"predecessor-version":[{"id":108045,"href":"https:\/\/kt.gov.rs\/sq\/wp-json\/wp\/v2\/posts\/108041\/revisions\/108045"}],"wp:featuredmedia":[{"embeddable":true,"href":"https:\/\/kt.gov.rs\/sq\/wp-json\/wp\/v2\/media\/108046"}],"wp:attachment":[{"href":"https:\/\/kt.gov.rs\/sq\/wp-json\/wp\/v2\/media?parent=108041"}],"wp:term":[{"taxonomy":"category","embeddable":true,"href":"https:\/\/kt.gov.rs\/sq\/wp-json\/wp\/v2\/categories?post=108041"},{"taxonomy":"post_tag","embeddable":true,"href":"https:\/\/kt.gov.rs\/sq\/wp-json\/wp\/v2\/tags?post=108041"}],"curies":[{"name":"wp","href":"https:\/\/api.w.org\/{rel}","templated":true}]}}