{"id":108033,"date":"2022-03-14T00:00:00","date_gmt":"2022-03-14T00:00:00","guid":{"rendered":"http:\/\/kt.printandscreen.rs\/ministrat-e-qeverise-dhe-perfaqesuesit-politik-shqiptar-rreth-integrimit\/"},"modified":"2024-07-30T17:57:33","modified_gmt":"2024-07-30T17:57:33","slug":"ministrat-e-qeverise-dhe-perfaqesuesit-politik-shqiptar-rreth-integrimit","status":"publish","type":"post","link":"https:\/\/kt.gov.rs\/sq\/ministrat-e-qeverise-dhe-perfaqesuesit-politik-shqiptar-rreth-integrimit\/","title":{"rendered":"MINISTRAT E QEVERIS\u00cb DHE P\u00cbRFAQ\u00cbSUESIT POLITIK SHQIPTAR RRETH INTEGRIMIT"},"content":{"rendered":"<p>\n\t<strong><img decoding=\"async\" alt=\"\" src=\"https:\/\/kt.gov.rs\/wp-content\/uploads\/2024\/07\/1647252593_140322_1-2.jpg\" style=\"width: 315px; height: 230px; float: left;\" \/><\/strong><strong>Bujanoc \u2013 Beograd \u2013 <\/strong>Ministrat e Qeveris\u00eb s\u00eb Serbis\u00eb dhe p\u00ebrfaq\u00ebsuesit politik\u00eb t\u00eb shqiptar\u00ebve n\u00eb jug t\u00eb Serbis\u00eb u dakorduan n\u00eb Bujanoc p\u00ebr planin dhe afatet p\u00ebr pun\u00ebsimin e shqiptar\u00ebve n\u00eb institucionet shtet\u00ebrore.<\/p>\n<p>\n\t\u00a0\u201cP\u00ebr tre muaj do t\u00eb takohemi s\u00ebrish p\u00ebr t\u00eb par\u00eb sa njer\u00ebz kemi pun\u00ebsuar\u201d, tha ministrja Gordana \u010comi\u0107.<\/p>\n<p>\n\tKryetari i K\u00ebshillit Komb\u00ebtar t\u00eb Shqiptar\u00ebve, Ragmi Mustafa, tha se thelbi i dialogut \u00ebsht\u00eb zbatimi i Planit 7-pik\u00ebsh, i cili do t\u00eb \u00e7oj\u00eb n\u00eb p\u00ebrmir\u00ebsimin e pozit\u00ebs s\u00eb shqiptar\u00ebve n\u00eb Bujanoc, Preshev\u00eb dhe Medvegj\u00eb.<\/p>\n<p>\n\t\u201cN\u00eb takim \u00ebsht\u00eb treguar realisht vullneti politik p\u00ebr jet\u00ebn e shqiptar\u00ebve dhe serb\u00ebve dhe p\u00ebr t\u00eb drejtat e shqiptar\u00ebve n\u00eb Serbi. Kaq shkruhet n\u00eb Planin 7-pik\u00ebsh, n\u00eb Kushtetut\u00eb dhe n\u00eb Ligjin rreth k\u00ebshillave komb\u00ebtare. Dialogu rezultoi me marr\u00ebveshje p\u00ebr planin dhe koh\u00ebn n\u00eb t\u00eb cil\u00ebn do t\u00eb kemi shqiptar\u00eb t\u00eb pun\u00ebsuar n\u00eb institucionet e Republik\u00ebs s\u00eb Serbis\u00eb, sepse ata e kan\u00eb vendin aty dhe jo se \u00ebsht\u00eb vet\u00ebm me ligj, por edhe krejt\u00ebsisht e natyrshme\u201d, tha Ministrja e t\u00eb Drejtave t\u00eb Njeriut dhe t\u00eb Pakicave dhe Dialogut Social Gordana \u010comi\u0107.<\/p>\n<p>\n\tBrenda dhjet\u00eb dit\u00ebve do t\u00eb formohet nj\u00eb grup i p\u00ebrkohsh\u00ebm pune p\u00ebr t&#39;u marr\u00eb me sugjerimet, v\u00ebrejtjet dhe k\u00ebrkesat e ASK-s\u00eb n\u00eb lidhje me pun\u00ebsimin e shqiptar\u00ebve n\u00eb institucionet shtet\u00ebrore. Ai do t\u00eb p\u00ebrb\u00ebhet nga p\u00ebrfaq\u00ebsues t\u00eb Trupit Koordinues dhe ministrive (t\u00eb drejtat e njeriut, drejt\u00ebsis, pun\u00ebs, nd\u00ebrtimit) t\u00eb cil\u00ebt jan\u00eb gjithashtu pjes\u00ebmarr\u00ebs n\u00eb dialog.<\/p>\n<p>\n\t\u201cGrupi i pun\u00ebs do t\u00eb shoh\u00eb se \u00e7far\u00eb mund t\u00eb b\u00ebj\u00eb, si mundet dhe kur mundet dhe pas tre muajsh do t\u00eb takohemi s\u00ebrish p\u00ebr t\u00eb par\u00eb se sa kemi aplikuar q\u00eb nga sundimi i ligjit, sa njer\u00ebz kemi pun\u00ebsuar dhe n\u00ebse dialogu q\u00eb kemi ka rezultate\u201d, tha \u010comi\u0107.<\/p>\n<p>\n\tMustafa ka theksuar se pala shqiptare ka treguar konstruktivitet n\u00eb p\u00ebrcaktimin e afateve kohore p\u00ebr integrimin e shqiptar\u00ebve n\u00eb institucionet shtet\u00ebrore, q\u00eb \u00ebsht\u00eb nj\u00eb fush\u00eb, si\u00e7 tha ai, n\u00eb t\u00eb cil\u00ebn \u201cnumrat jan\u00eb t\u00eb friksh\u00ebm\u201d.<\/p>\n<p>\n\t\u201cN\u00eb prokurori nuk ka asnj\u00eb shqiptar. N\u00eb gjyq\u00ebsor n\u00eb nivel bashkie kemi rreth 12 p\u00ebr qind t\u00eb pun\u00ebsuar nga komuniteti shqiptar dhe n\u00eb nivel rrethi 2.7 p\u00ebr qind. Sot n\u00eb krye t\u00eb institucioneve sh\u00ebndet\u00ebsore n\u00eb Bujanoc dhe Preshev\u00eb nuk ka shqiptar\u00eb. \u201cNe kemi vullnetin q\u00eb t\u00eb bashk\u00ebpunojm\u00eb dhe t&#39;i trajtojm\u00eb k\u00ebto tema s\u00eb bashku\u201d, tha Mustafa.<\/p>\n<p>\n\tThelbi i dialogut, shtoi Mustafa, \u00ebsht\u00eb zbatimi i Planit 7-pik\u00ebsh.<\/p>\n<p>\n\tN\u00eb pyetjen e gazetar\u00ebve n\u00ebse rezultati i zgjedhjeve t\u00eb ardhshme mund ta ndryshoj\u00eb marr\u00ebveshjen e sotme, ministrja \u010comi\u0107 u p\u00ebrgjigj se Serbia \u00ebsht\u00eb e p\u00ebrkushtuar p\u00ebr sundimin e ligjit, mbrojtjen dhe promovimin e t\u00eb drejtave t\u00eb pakicave dhe se nuk ka zgjedhje q\u00eb mund ta ndryshojn\u00eb k\u00ebt\u00eb.<\/p>\n<p>\n\tShefi i Misionit t\u00eb OSBE-s\u00eb n\u00eb Serbi, Jan Bratu, insistoi gjithashtu, ashtu si Mustafa, se zbatimi i planit 7-pik\u00ebsh \u00ebsht\u00eb vendimtar. Ai ka vler\u00ebsuar se pas nj\u00eb stagnimi disa vje\u00e7ar, Qeveria e Serbis\u00eb edhe nj\u00eb her\u00eb po tregon se \u00ebsht\u00eb e p\u00ebrkushtuar p\u00ebr k\u00ebt\u00eb.<\/p>\n<p>\n\t<strong>Burimi: Bujanovacke, Trupi Koordinues<\/strong><\/p>\n<p>\n\t\u00a0<\/p>\n","protected":false},"excerpt":{"rendered":"<p>Bujanoc \u2013 Beograd \u2013\u00a0Ministrat e Qeveris\u00eb s\u00eb Serbis\u00eb dhe p\u00ebrfaq\u00ebsuesit politik\u00eb t\u00eb shqiptar\u00ebve n\u00eb jug t\u00eb Serbis\u00eb u dakorduan n\u00eb Bujanoc p\u00ebr planin dhe afatet p\u00ebr pun\u00ebsimin e shqiptar\u00ebve n\u00eb institucionet shtet\u00ebrore.<\/p>\n","protected":false},"author":1,"featured_media":108038,"comment_status":"closed","ping_status":"closed","sticky":false,"template":"","format":"standard","meta":{"footnotes":""},"categories":[55],"tags":[],"class_list":["post-108033","post","type-post","status-publish","format-standard","has-post-thumbnail","hentry","category-lajme"],"yoast_head":"<!-- This site is optimized with the Yoast SEO plugin v27.5 - https:\/\/yoast.com\/product\/yoast-seo-wordpress\/ -->\n<title>MINISTRAT E QEVERIS\u00cb DHE P\u00cbRFAQ\u00cbSUESIT POLITIK SHQIPTAR RRETH INTEGRIMIT - Republika e S\u00ebrbis\u00eb Trupi Koordinues p\u00ebr komunat Bujanoc, Preshev\u00eb dhe Medvegj\u00eb<\/title>\n<meta name=\"robots\" content=\"index, follow, max-snippet:-1, max-image-preview:large, max-video-preview:-1\" \/>\n<link rel=\"canonical\" href=\"https:\/\/kt.gov.rs\/sq\/ministrat-e-qeverise-dhe-perfaqesuesit-politik-shqiptar-rreth-integrimit\/\" \/>\n<meta property=\"og:locale\" content=\"sq_AL\" \/>\n<meta property=\"og:type\" content=\"article\" \/>\n<meta property=\"og:title\" content=\"MINISTRAT E QEVERIS\u00cb DHE P\u00cbRFAQ\u00cbSUESIT POLITIK SHQIPTAR RRETH INTEGRIMIT - Republika e S\u00ebrbis\u00eb Trupi Koordinues p\u00ebr komunat Bujanoc, Preshev\u00eb dhe Medvegj\u00eb\" \/>\n<meta property=\"og:description\" content=\"Bujanoc - Beograd -\u00a0Ministrat e Qeveris\u00eb s\u00eb Serbis\u00eb dhe p\u00ebrfaq\u00ebsuesit politik\u00eb t\u00eb shqiptar\u00ebve n\u00eb jug t\u00eb Serbis\u00eb u dakorduan n\u00eb Bujanoc p\u00ebr planin dhe afatet p\u00ebr pun\u00ebsimin e shqiptar\u00ebve n\u00eb institucionet shtet\u00ebrore.\" \/>\n<meta property=\"og:url\" content=\"https:\/\/kt.gov.rs\/sq\/ministrat-e-qeverise-dhe-perfaqesuesit-politik-shqiptar-rreth-integrimit\/\" \/>\n<meta property=\"og:site_name\" content=\"Republika e S\u00ebrbis\u00eb Trupi Koordinues p\u00ebr komunat Bujanoc, Preshev\u00eb dhe Medvegj\u00eb\" \/>\n<meta property=\"article:publisher\" content=\"https:\/\/www.facebook.com\/SluzbaKoordinacionogTelaVladeRepublikeSrbije\" \/>\n<meta property=\"article:published_time\" content=\"2022-03-14T00:00:00+00:00\" \/>\n<meta property=\"article:modified_time\" content=\"2024-07-30T17:57:33+00:00\" \/>\n<meta property=\"og:image\" content=\"https:\/\/kt.gov.rs\/wp-content\/uploads\/2024\/07\/1647252593_140322_1-3.jpg\" \/>\n\t<meta property=\"og:image:width\" content=\"315\" \/>\n\t<meta property=\"og:image:height\" content=\"230\" \/>\n\t<meta property=\"og:image:type\" content=\"image\/jpeg\" \/>\n<meta name=\"author\" content=\"ktmin\" \/>\n<meta name=\"twitter:card\" content=\"summary_large_image\" \/>\n<meta name=\"twitter:creator\" content=\"@kt_gov\" \/>\n<meta name=\"twitter:site\" content=\"@kt_gov\" \/>\n<meta name=\"twitter:label1\" content=\"Written by\" \/>\n\t<meta name=\"twitter:data1\" content=\"ktmin\" \/>\n\t<meta name=\"twitter:label2\" content=\"Est. reading time\" \/>\n\t<meta name=\"twitter:data2\" content=\"4 minutes\" \/>\n<script type=\"application\/ld+json\" class=\"yoast-schema-graph\">{\"@context\":\"https:\\\/\\\/schema.org\",\"@graph\":[{\"@type\":\"Article\",\"@id\":\"https:\\\/\\\/kt.gov.rs\\\/sq\\\/ministrat-e-qeverise-dhe-perfaqesuesit-politik-shqiptar-rreth-integrimit\\\/#article\",\"isPartOf\":{\"@id\":\"https:\\\/\\\/kt.gov.rs\\\/sq\\\/ministrat-e-qeverise-dhe-perfaqesuesit-politik-shqiptar-rreth-integrimit\\\/\"},\"author\":{\"name\":\"ktmin\",\"@id\":\"https:\\\/\\\/kt.gov.rs\\\/#\\\/schema\\\/person\\\/e426459ddb4173309103390602694571\"},\"headline\":\"MINISTRAT E QEVERIS\u00cb DHE P\u00cbRFAQ\u00cbSUESIT POLITIK SHQIPTAR RRETH INTEGRIMIT\",\"datePublished\":\"2022-03-14T00:00:00+00:00\",\"dateModified\":\"2024-07-30T17:57:33+00:00\",\"mainEntityOfPage\":{\"@id\":\"https:\\\/\\\/kt.gov.rs\\\/sq\\\/ministrat-e-qeverise-dhe-perfaqesuesit-politik-shqiptar-rreth-integrimit\\\/\"},\"wordCount\":806,\"publisher\":{\"@id\":\"https:\\\/\\\/kt.gov.rs\\\/#organization\"},\"image\":{\"@id\":\"https:\\\/\\\/kt.gov.rs\\\/sq\\\/ministrat-e-qeverise-dhe-perfaqesuesit-politik-shqiptar-rreth-integrimit\\\/#primaryimage\"},\"thumbnailUrl\":\"https:\\\/\\\/kt.gov.rs\\\/wp-content\\\/uploads\\\/2024\\\/07\\\/1647252593_140322_1-3.jpg\",\"articleSection\":[\"Lajme\"],\"inLanguage\":\"sq-AL\"},{\"@type\":\"WebPage\",\"@id\":\"https:\\\/\\\/kt.gov.rs\\\/sq\\\/ministrat-e-qeverise-dhe-perfaqesuesit-politik-shqiptar-rreth-integrimit\\\/\",\"url\":\"https:\\\/\\\/kt.gov.rs\\\/sq\\\/ministrat-e-qeverise-dhe-perfaqesuesit-politik-shqiptar-rreth-integrimit\\\/\",\"name\":\"MINISTRAT E QEVERIS\u00cb DHE P\u00cbRFAQ\u00cbSUESIT POLITIK SHQIPTAR RRETH INTEGRIMIT - Republika e S\u00ebrbis\u00eb Trupi Koordinues p\u00ebr komunat Bujanoc, Preshev\u00eb dhe Medvegj\u00eb\",\"isPartOf\":{\"@id\":\"https:\\\/\\\/kt.gov.rs\\\/#website\"},\"primaryImageOfPage\":{\"@id\":\"https:\\\/\\\/kt.gov.rs\\\/sq\\\/ministrat-e-qeverise-dhe-perfaqesuesit-politik-shqiptar-rreth-integrimit\\\/#primaryimage\"},\"image\":{\"@id\":\"https:\\\/\\\/kt.gov.rs\\\/sq\\\/ministrat-e-qeverise-dhe-perfaqesuesit-politik-shqiptar-rreth-integrimit\\\/#primaryimage\"},\"thumbnailUrl\":\"https:\\\/\\\/kt.gov.rs\\\/wp-content\\\/uploads\\\/2024\\\/07\\\/1647252593_140322_1-3.jpg\",\"datePublished\":\"2022-03-14T00:00:00+00:00\",\"dateModified\":\"2024-07-30T17:57:33+00:00\",\"breadcrumb\":{\"@id\":\"https:\\\/\\\/kt.gov.rs\\\/sq\\\/ministrat-e-qeverise-dhe-perfaqesuesit-politik-shqiptar-rreth-integrimit\\\/#breadcrumb\"},\"inLanguage\":\"sq-AL\",\"potentialAction\":[{\"@type\":\"ReadAction\",\"target\":[\"https:\\\/\\\/kt.gov.rs\\\/sq\\\/ministrat-e-qeverise-dhe-perfaqesuesit-politik-shqiptar-rreth-integrimit\\\/\"]}]},{\"@type\":\"ImageObject\",\"inLanguage\":\"sq-AL\",\"@id\":\"https:\\\/\\\/kt.gov.rs\\\/sq\\\/ministrat-e-qeverise-dhe-perfaqesuesit-politik-shqiptar-rreth-integrimit\\\/#primaryimage\",\"url\":\"https:\\\/\\\/kt.gov.rs\\\/wp-content\\\/uploads\\\/2024\\\/07\\\/1647252593_140322_1-3.jpg\",\"contentUrl\":\"https:\\\/\\\/kt.gov.rs\\\/wp-content\\\/uploads\\\/2024\\\/07\\\/1647252593_140322_1-3.jpg\",\"width\":315,\"height\":230},{\"@type\":\"BreadcrumbList\",\"@id\":\"https:\\\/\\\/kt.gov.rs\\\/sq\\\/ministrat-e-qeverise-dhe-perfaqesuesit-politik-shqiptar-rreth-integrimit\\\/#breadcrumb\",\"itemListElement\":[{\"@type\":\"ListItem\",\"position\":1,\"name\":\"\u041f\u043e\u0447\u0435\u0442\u043d\u0430\",\"item\":\"https:\\\/\\\/kt.gov.rs\\\/sq\\\/\"},{\"@type\":\"ListItem\",\"position\":2,\"name\":\"MINISTRAT E QEVERIS\u00cb DHE P\u00cbRFAQ\u00cbSUESIT POLITIK SHQIPTAR RRETH INTEGRIMIT\"}]},{\"@type\":\"WebSite\",\"@id\":\"https:\\\/\\\/kt.gov.rs\\\/#website\",\"url\":\"https:\\\/\\\/kt.gov.rs\\\/\",\"name\":\"\u041a\u043e\u043e\u0440\u0434\u0438\u043d\u0430\u0446\u0438\u043e\u043d\u043e \u0442\u0435\u043b\u043e \u0412\u043b\u0430\u0434\u0435 \u0420\u0435\u043f\u0443\u0431\u043b\u0438\u043a\u0435 \u0421\u0440\u0431\u0438\u0458\u0435 \u0437\u0430 \u043e\u043f\u0448\u0442\u0438\u043d\u0435 \u041f\u0440\u0435\u0448\u0435\u0432\u043e, \u0411\u0443\u0458\u0430\u043d\u043e\u0432\u0430\u0446 \u0438 \u041c\u0435\u0434\u0432\u0435\u0452a\",\"description\":\"\",\"publisher\":{\"@id\":\"https:\\\/\\\/kt.gov.rs\\\/#organization\"},\"alternateName\":\"\u041a\u043e\u043e\u0440\u0434\u0438\u043d\u0430\u0446\u0438\u043e\u043d\u043e \u0442\u0435\u043b\u043e\",\"potentialAction\":[{\"@type\":\"SearchAction\",\"target\":{\"@type\":\"EntryPoint\",\"urlTemplate\":\"https:\\\/\\\/kt.gov.rs\\\/?s={search_term_string}\"},\"query-input\":{\"@type\":\"PropertyValueSpecification\",\"valueRequired\":true,\"valueName\":\"search_term_string\"}}],\"inLanguage\":\"sq-AL\"},{\"@type\":\"Organization\",\"@id\":\"https:\\\/\\\/kt.gov.rs\\\/#organization\",\"name\":\"\u041a\u043e\u043e\u0440\u0434\u0438\u043d\u0430\u0446\u0438\u043e\u043d\u043e \u0442\u0435\u043b\u043e \u0412\u043b\u0430\u0434\u0435 \u0420\u0435\u043f\u0443\u0431\u043b\u0438\u043a\u0435 \u0421\u0440\u0431\u0438\u0458\u0435 \u0437\u0430 \u043e\u043f\u0448\u0442\u0438\u043d\u0435 \u041f\u0440\u0435\u0448\u0435\u0432\u043e, \u0411\u0443\u0458\u0430\u043d\u043e\u0432\u0430\u0446 \u0438 \u041c\u0435\u0434\u0432\u0435\u0452a\",\"alternateName\":\"\u041a\u043e\u043e\u0440\u0434\u0438\u043d\u0430\u0446\u0438\u043e\u043d\u043e \u0442\u0435\u043b\u043e\",\"url\":\"https:\\\/\\\/kt.gov.rs\\\/\",\"logo\":{\"@type\":\"ImageObject\",\"inLanguage\":\"sq-AL\",\"@id\":\"https:\\\/\\\/kt.gov.rs\\\/#\\\/schema\\\/logo\\\/image\\\/\",\"url\":\"https:\\\/\\\/kt.gov.rs\\\/wp-content\\\/uploads\\\/2024\\\/12\\\/koord2.jpg\",\"contentUrl\":\"https:\\\/\\\/kt.gov.rs\\\/wp-content\\\/uploads\\\/2024\\\/12\\\/koord2.jpg\",\"width\":640,\"height\":480,\"caption\":\"\u041a\u043e\u043e\u0440\u0434\u0438\u043d\u0430\u0446\u0438\u043e\u043d\u043e \u0442\u0435\u043b\u043e \u0412\u043b\u0430\u0434\u0435 \u0420\u0435\u043f\u0443\u0431\u043b\u0438\u043a\u0435 \u0421\u0440\u0431\u0438\u0458\u0435 \u0437\u0430 \u043e\u043f\u0448\u0442\u0438\u043d\u0435 \u041f\u0440\u0435\u0448\u0435\u0432\u043e, \u0411\u0443\u0458\u0430\u043d\u043e\u0432\u0430\u0446 \u0438 \u041c\u0435\u0434\u0432\u0435\u0452a\"},\"image\":{\"@id\":\"https:\\\/\\\/kt.gov.rs\\\/#\\\/schema\\\/logo\\\/image\\\/\"},\"sameAs\":[\"https:\\\/\\\/www.facebook.com\\\/SluzbaKoordinacionogTelaVladeRepublikeSrbije\",\"https:\\\/\\\/x.com\\\/kt_gov\",\"https:\\\/\\\/www.youtube.com\\\/@koordinacionotelo\"]},{\"@type\":\"Person\",\"@id\":\"https:\\\/\\\/kt.gov.rs\\\/#\\\/schema\\\/person\\\/e426459ddb4173309103390602694571\",\"name\":\"ktmin\",\"image\":{\"@type\":\"ImageObject\",\"inLanguage\":\"sq-AL\",\"@id\":\"https:\\\/\\\/secure.gravatar.com\\\/avatar\\\/3985c961109853010c3fbc7ba30365bfba5db3dd6c525831d9c595c7525a615a?s=96&d=mm&r=g\",\"url\":\"https:\\\/\\\/secure.gravatar.com\\\/avatar\\\/3985c961109853010c3fbc7ba30365bfba5db3dd6c525831d9c595c7525a615a?s=96&d=mm&r=g\",\"contentUrl\":\"https:\\\/\\\/secure.gravatar.com\\\/avatar\\\/3985c961109853010c3fbc7ba30365bfba5db3dd6c525831d9c595c7525a615a?s=96&d=mm&r=g\",\"caption\":\"ktmin\"},\"sameAs\":[\"https:\\\/\\\/kt.gov.rs\"],\"url\":\"https:\\\/\\\/kt.gov.rs\\\/sq\\\/author\\\/ktmin\\\/\"}]}<\/script>\n<!-- \/ Yoast SEO plugin. -->","yoast_head_json":{"title":"MINISTRAT E QEVERIS\u00cb DHE P\u00cbRFAQ\u00cbSUESIT POLITIK SHQIPTAR RRETH INTEGRIMIT - Republika e S\u00ebrbis\u00eb Trupi Koordinues p\u00ebr komunat Bujanoc, Preshev\u00eb dhe Medvegj\u00eb","robots":{"index":"index","follow":"follow","max-snippet":"max-snippet:-1","max-image-preview":"max-image-preview:large","max-video-preview":"max-video-preview:-1"},"canonical":"https:\/\/kt.gov.rs\/sq\/ministrat-e-qeverise-dhe-perfaqesuesit-politik-shqiptar-rreth-integrimit\/","og_locale":"sq_AL","og_type":"article","og_title":"MINISTRAT E QEVERIS\u00cb DHE P\u00cbRFAQ\u00cbSUESIT POLITIK SHQIPTAR RRETH INTEGRIMIT - Republika e S\u00ebrbis\u00eb Trupi Koordinues p\u00ebr komunat Bujanoc, Preshev\u00eb dhe Medvegj\u00eb","og_description":"Bujanoc - Beograd -\u00a0Ministrat e Qeveris\u00eb s\u00eb Serbis\u00eb dhe p\u00ebrfaq\u00ebsuesit politik\u00eb t\u00eb shqiptar\u00ebve n\u00eb jug t\u00eb Serbis\u00eb u dakorduan n\u00eb Bujanoc p\u00ebr planin dhe afatet p\u00ebr pun\u00ebsimin e shqiptar\u00ebve n\u00eb institucionet shtet\u00ebrore.","og_url":"https:\/\/kt.gov.rs\/sq\/ministrat-e-qeverise-dhe-perfaqesuesit-politik-shqiptar-rreth-integrimit\/","og_site_name":"Republika e S\u00ebrbis\u00eb Trupi Koordinues p\u00ebr komunat Bujanoc, Preshev\u00eb dhe Medvegj\u00eb","article_publisher":"https:\/\/www.facebook.com\/SluzbaKoordinacionogTelaVladeRepublikeSrbije","article_published_time":"2022-03-14T00:00:00+00:00","article_modified_time":"2024-07-30T17:57:33+00:00","og_image":[{"width":315,"height":230,"url":"https:\/\/kt.gov.rs\/wp-content\/uploads\/2024\/07\/1647252593_140322_1-3.jpg","type":"image\/jpeg"}],"author":"ktmin","twitter_card":"summary_large_image","twitter_creator":"@kt_gov","twitter_site":"@kt_gov","twitter_misc":{"Written by":"ktmin","Est. reading time":"4 minutes"},"schema":{"@context":"https:\/\/schema.org","@graph":[{"@type":"Article","@id":"https:\/\/kt.gov.rs\/sq\/ministrat-e-qeverise-dhe-perfaqesuesit-politik-shqiptar-rreth-integrimit\/#article","isPartOf":{"@id":"https:\/\/kt.gov.rs\/sq\/ministrat-e-qeverise-dhe-perfaqesuesit-politik-shqiptar-rreth-integrimit\/"},"author":{"name":"ktmin","@id":"https:\/\/kt.gov.rs\/#\/schema\/person\/e426459ddb4173309103390602694571"},"headline":"MINISTRAT E QEVERIS\u00cb DHE P\u00cbRFAQ\u00cbSUESIT POLITIK SHQIPTAR RRETH INTEGRIMIT","datePublished":"2022-03-14T00:00:00+00:00","dateModified":"2024-07-30T17:57:33+00:00","mainEntityOfPage":{"@id":"https:\/\/kt.gov.rs\/sq\/ministrat-e-qeverise-dhe-perfaqesuesit-politik-shqiptar-rreth-integrimit\/"},"wordCount":806,"publisher":{"@id":"https:\/\/kt.gov.rs\/#organization"},"image":{"@id":"https:\/\/kt.gov.rs\/sq\/ministrat-e-qeverise-dhe-perfaqesuesit-politik-shqiptar-rreth-integrimit\/#primaryimage"},"thumbnailUrl":"https:\/\/kt.gov.rs\/wp-content\/uploads\/2024\/07\/1647252593_140322_1-3.jpg","articleSection":["Lajme"],"inLanguage":"sq-AL"},{"@type":"WebPage","@id":"https:\/\/kt.gov.rs\/sq\/ministrat-e-qeverise-dhe-perfaqesuesit-politik-shqiptar-rreth-integrimit\/","url":"https:\/\/kt.gov.rs\/sq\/ministrat-e-qeverise-dhe-perfaqesuesit-politik-shqiptar-rreth-integrimit\/","name":"MINISTRAT E QEVERIS\u00cb DHE P\u00cbRFAQ\u00cbSUESIT POLITIK SHQIPTAR RRETH INTEGRIMIT - Republika e S\u00ebrbis\u00eb Trupi Koordinues p\u00ebr komunat Bujanoc, Preshev\u00eb dhe Medvegj\u00eb","isPartOf":{"@id":"https:\/\/kt.gov.rs\/#website"},"primaryImageOfPage":{"@id":"https:\/\/kt.gov.rs\/sq\/ministrat-e-qeverise-dhe-perfaqesuesit-politik-shqiptar-rreth-integrimit\/#primaryimage"},"image":{"@id":"https:\/\/kt.gov.rs\/sq\/ministrat-e-qeverise-dhe-perfaqesuesit-politik-shqiptar-rreth-integrimit\/#primaryimage"},"thumbnailUrl":"https:\/\/kt.gov.rs\/wp-content\/uploads\/2024\/07\/1647252593_140322_1-3.jpg","datePublished":"2022-03-14T00:00:00+00:00","dateModified":"2024-07-30T17:57:33+00:00","breadcrumb":{"@id":"https:\/\/kt.gov.rs\/sq\/ministrat-e-qeverise-dhe-perfaqesuesit-politik-shqiptar-rreth-integrimit\/#breadcrumb"},"inLanguage":"sq-AL","potentialAction":[{"@type":"ReadAction","target":["https:\/\/kt.gov.rs\/sq\/ministrat-e-qeverise-dhe-perfaqesuesit-politik-shqiptar-rreth-integrimit\/"]}]},{"@type":"ImageObject","inLanguage":"sq-AL","@id":"https:\/\/kt.gov.rs\/sq\/ministrat-e-qeverise-dhe-perfaqesuesit-politik-shqiptar-rreth-integrimit\/#primaryimage","url":"https:\/\/kt.gov.rs\/wp-content\/uploads\/2024\/07\/1647252593_140322_1-3.jpg","contentUrl":"https:\/\/kt.gov.rs\/wp-content\/uploads\/2024\/07\/1647252593_140322_1-3.jpg","width":315,"height":230},{"@type":"BreadcrumbList","@id":"https:\/\/kt.gov.rs\/sq\/ministrat-e-qeverise-dhe-perfaqesuesit-politik-shqiptar-rreth-integrimit\/#breadcrumb","itemListElement":[{"@type":"ListItem","position":1,"name":"\u041f\u043e\u0447\u0435\u0442\u043d\u0430","item":"https:\/\/kt.gov.rs\/sq\/"},{"@type":"ListItem","position":2,"name":"MINISTRAT E QEVERIS\u00cb DHE P\u00cbRFAQ\u00cbSUESIT POLITIK SHQIPTAR RRETH INTEGRIMIT"}]},{"@type":"WebSite","@id":"https:\/\/kt.gov.rs\/#website","url":"https:\/\/kt.gov.rs\/","name":"\u041a\u043e\u043e\u0440\u0434\u0438\u043d\u0430\u0446\u0438\u043e\u043d\u043e \u0442\u0435\u043b\u043e \u0412\u043b\u0430\u0434\u0435 \u0420\u0435\u043f\u0443\u0431\u043b\u0438\u043a\u0435 \u0421\u0440\u0431\u0438\u0458\u0435 \u0437\u0430 \u043e\u043f\u0448\u0442\u0438\u043d\u0435 \u041f\u0440\u0435\u0448\u0435\u0432\u043e, \u0411\u0443\u0458\u0430\u043d\u043e\u0432\u0430\u0446 \u0438 \u041c\u0435\u0434\u0432\u0435\u0452a","description":"","publisher":{"@id":"https:\/\/kt.gov.rs\/#organization"},"alternateName":"\u041a\u043e\u043e\u0440\u0434\u0438\u043d\u0430\u0446\u0438\u043e\u043d\u043e \u0442\u0435\u043b\u043e","potentialAction":[{"@type":"SearchAction","target":{"@type":"EntryPoint","urlTemplate":"https:\/\/kt.gov.rs\/?s={search_term_string}"},"query-input":{"@type":"PropertyValueSpecification","valueRequired":true,"valueName":"search_term_string"}}],"inLanguage":"sq-AL"},{"@type":"Organization","@id":"https:\/\/kt.gov.rs\/#organization","name":"\u041a\u043e\u043e\u0440\u0434\u0438\u043d\u0430\u0446\u0438\u043e\u043d\u043e \u0442\u0435\u043b\u043e \u0412\u043b\u0430\u0434\u0435 \u0420\u0435\u043f\u0443\u0431\u043b\u0438\u043a\u0435 \u0421\u0440\u0431\u0438\u0458\u0435 \u0437\u0430 \u043e\u043f\u0448\u0442\u0438\u043d\u0435 \u041f\u0440\u0435\u0448\u0435\u0432\u043e, \u0411\u0443\u0458\u0430\u043d\u043e\u0432\u0430\u0446 \u0438 \u041c\u0435\u0434\u0432\u0435\u0452a","alternateName":"\u041a\u043e\u043e\u0440\u0434\u0438\u043d\u0430\u0446\u0438\u043e\u043d\u043e \u0442\u0435\u043b\u043e","url":"https:\/\/kt.gov.rs\/","logo":{"@type":"ImageObject","inLanguage":"sq-AL","@id":"https:\/\/kt.gov.rs\/#\/schema\/logo\/image\/","url":"https:\/\/kt.gov.rs\/wp-content\/uploads\/2024\/12\/koord2.jpg","contentUrl":"https:\/\/kt.gov.rs\/wp-content\/uploads\/2024\/12\/koord2.jpg","width":640,"height":480,"caption":"\u041a\u043e\u043e\u0440\u0434\u0438\u043d\u0430\u0446\u0438\u043e\u043d\u043e \u0442\u0435\u043b\u043e \u0412\u043b\u0430\u0434\u0435 \u0420\u0435\u043f\u0443\u0431\u043b\u0438\u043a\u0435 \u0421\u0440\u0431\u0438\u0458\u0435 \u0437\u0430 \u043e\u043f\u0448\u0442\u0438\u043d\u0435 \u041f\u0440\u0435\u0448\u0435\u0432\u043e, \u0411\u0443\u0458\u0430\u043d\u043e\u0432\u0430\u0446 \u0438 \u041c\u0435\u0434\u0432\u0435\u0452a"},"image":{"@id":"https:\/\/kt.gov.rs\/#\/schema\/logo\/image\/"},"sameAs":["https:\/\/www.facebook.com\/SluzbaKoordinacionogTelaVladeRepublikeSrbije","https:\/\/x.com\/kt_gov","https:\/\/www.youtube.com\/@koordinacionotelo"]},{"@type":"Person","@id":"https:\/\/kt.gov.rs\/#\/schema\/person\/e426459ddb4173309103390602694571","name":"ktmin","image":{"@type":"ImageObject","inLanguage":"sq-AL","@id":"https:\/\/secure.gravatar.com\/avatar\/3985c961109853010c3fbc7ba30365bfba5db3dd6c525831d9c595c7525a615a?s=96&d=mm&r=g","url":"https:\/\/secure.gravatar.com\/avatar\/3985c961109853010c3fbc7ba30365bfba5db3dd6c525831d9c595c7525a615a?s=96&d=mm&r=g","contentUrl":"https:\/\/secure.gravatar.com\/avatar\/3985c961109853010c3fbc7ba30365bfba5db3dd6c525831d9c595c7525a615a?s=96&d=mm&r=g","caption":"ktmin"},"sameAs":["https:\/\/kt.gov.rs"],"url":"https:\/\/kt.gov.rs\/sq\/author\/ktmin\/"}]}},"_links":{"self":[{"href":"https:\/\/kt.gov.rs\/sq\/wp-json\/wp\/v2\/posts\/108033","targetHints":{"allow":["GET"]}}],"collection":[{"href":"https:\/\/kt.gov.rs\/sq\/wp-json\/wp\/v2\/posts"}],"about":[{"href":"https:\/\/kt.gov.rs\/sq\/wp-json\/wp\/v2\/types\/post"}],"author":[{"embeddable":true,"href":"https:\/\/kt.gov.rs\/sq\/wp-json\/wp\/v2\/users\/1"}],"replies":[{"embeddable":true,"href":"https:\/\/kt.gov.rs\/sq\/wp-json\/wp\/v2\/comments?post=108033"}],"version-history":[{"count":1,"href":"https:\/\/kt.gov.rs\/sq\/wp-json\/wp\/v2\/posts\/108033\/revisions"}],"predecessor-version":[{"id":108037,"href":"https:\/\/kt.gov.rs\/sq\/wp-json\/wp\/v2\/posts\/108033\/revisions\/108037"}],"wp:featuredmedia":[{"embeddable":true,"href":"https:\/\/kt.gov.rs\/sq\/wp-json\/wp\/v2\/media\/108038"}],"wp:attachment":[{"href":"https:\/\/kt.gov.rs\/sq\/wp-json\/wp\/v2\/media?parent=108033"}],"wp:term":[{"taxonomy":"category","embeddable":true,"href":"https:\/\/kt.gov.rs\/sq\/wp-json\/wp\/v2\/categories?post=108033"},{"taxonomy":"post_tag","embeddable":true,"href":"https:\/\/kt.gov.rs\/sq\/wp-json\/wp\/v2\/tags?post=108033"}],"curies":[{"name":"wp","href":"https:\/\/api.w.org\/{rel}","templated":true}]}}