{"id":108017,"date":"2022-03-14T00:00:00","date_gmt":"2022-03-14T00:00:00","guid":{"rendered":"http:\/\/kt.printandscreen.rs\/teklas-10-7-milion-euro-per-hapjen-e-fabrikes-ne-ish-geox\/"},"modified":"2024-07-30T17:57:31","modified_gmt":"2024-07-30T17:57:31","slug":"teklas-10-7-milion-euro-per-hapjen-e-fabrikes-ne-ish-geox","status":"publish","type":"post","link":"https:\/\/kt.gov.rs\/sq\/teklas-10-7-milion-euro-per-hapjen-e-fabrikes-ne-ish-geox\/","title":{"rendered":"TEKLAS 10.7 MILION EURO P\u00cbR HAPJEN E FABRIK\u00cbS N\u00cb ISH GEOX"},"content":{"rendered":"<p>\n\t<strong><img decoding=\"async\" alt=\"\" src=\"https:\/\/kt.gov.rs\/wp-content\/uploads\/2024\/07\/1647253213_140322_3-2.jpg\" style=\"width: 315px; height: 230px; float: left;\" \/><\/strong><strong>Bujanoc \u2013 Beograd \u2013<\/strong> Kompania turke \u201cTeklas\u201d do t\u00eb marr\u00eb 10.7 milion\u00eb euro ndihm\u00eb shtet\u00ebrore p\u00ebr hapjen e fabrik\u00ebs prodhuese n\u00eb Vranj\u00eb n\u00eb vendin e ish Geox.<\/p>\n<p>\n\tMinistria e Ekonomis\u00eb ka dh\u00ebn\u00eb subvencione, k\u00ebshtu q\u00eb kompania turke do t\u00eb marr\u00eb ndihm\u00eb nga buxheti i t\u00eb gjith\u00eb qytetar\u00ebve deri n\u00eb vitin 2028. K\u00ebsti i par\u00eb \u00ebsht\u00eb 6.5 milion\u00eb euro dhe do t\u00eb paguhet k\u00ebt\u00eb vit, nd\u00ebrsa n\u00eb vitin e fundit 2028 kap shum\u00ebn e 532.800 euro.<\/p>\n<p>\n\tSipas projektkontrat\u00ebs nd\u00ebrmjet Ministris\u00eb s\u00eb Ekonomis\u00eb dhe kompanis\u00eb \u201cTeklas Automotive\u201d, deri n\u00eb fund t\u00eb vitit 2028 duhet t\u00eb pun\u00ebsohen s\u00eb paku 500 pun\u00ebtor\u00eb t\u00eb rinj n\u00eb koh\u00eb t\u00eb pacaktuar dhe \u00e7do punonj\u00ebsi t\u00eb ri duhet t\u2019i paguhet rregullisht nj\u00eb pag\u00eb baz\u00eb q\u00eb \u00ebsht\u00eb s\u00eb paku 20 p\u00ebr qind m\u00eb e lart\u00eb se paga minimale.<\/p>\n<p>\n\tTeklas n\u00eb planin e biznesit deklaroi se do t\u00eb investoj\u00eb 15.5 milion\u00eb euro n\u00eb pajisje t\u00eb reja, nd\u00ebrsa 6.5 milion\u00eb euro do t\u00eb shpenzoj\u00eb p\u00ebr blerjen e tok\u00ebs dhe objekteve.<\/p>\n<p>\n\tKompania turke do t\u00eb zhvendoset n\u00eb objektet e Geox, e cila mbylli fabrik\u00ebn e k\u00ebpuc\u00ebve n\u00eb Vranj\u00eb ver\u00ebn e kaluar, kur rreth 1000 pun\u00ebtor\u00eb humb\u00ebn pun\u00ebn.<\/p>\n<p>\n\tN\u00eb fabrik\u00ebn n\u00eb Vlladi\u00e7in Han, \u201cTeklas\u201d pun\u00ebson 1093 pun\u00ebtor\u00eb, nga t\u00eb cil\u00ebt 675 jan\u00eb t\u00eb pun\u00ebsuar me afat t\u00eb pacaktuar dhe 418 me afat t\u00eb caktuar.<\/p>\n<p>\n\tFabrika \u00ebsht\u00eb hapur n\u00eb vitin 2015, nd\u00ebrsa kompania \u00ebsht\u00eb e angazhuar n\u00eb prodhimin e pjes\u00ebve dhe pajisjeve t\u00eb tjera p\u00ebr automjetet motorik.<\/p>\n<p>\n\t<strong>Burimi: Bujanovacke, Trupi Koordinues<\/strong><\/p>\n<p>\n\t\u00a0<\/p>\n","protected":false},"excerpt":{"rendered":"<p>Bujanoc \u2013 Beograd \u2013\u00a0Kompania turke \u201cTeklas\u201d do t\u00eb marr\u00eb 10.7 milion\u00eb euro ndihm\u00eb shtet\u00ebrore p\u00ebr hapjen e fabrik\u00ebs prodhuese n\u00eb Vranj\u00eb n\u00eb vendin e ish Geox.<\/p>\n","protected":false},"author":1,"featured_media":108022,"comment_status":"closed","ping_status":"closed","sticky":false,"template":"","format":"standard","meta":{"footnotes":""},"categories":[55],"tags":[],"class_list":["post-108017","post","type-post","status-publish","format-standard","has-post-thumbnail","hentry","category-lajme"],"yoast_head":"<!-- This site is optimized with the Yoast SEO plugin v27.5 - https:\/\/yoast.com\/product\/yoast-seo-wordpress\/ -->\n<title>TEKLAS 10.7 MILION EURO P\u00cbR HAPJEN E FABRIK\u00cbS N\u00cb ISH GEOX - Republika e S\u00ebrbis\u00eb Trupi Koordinues p\u00ebr komunat Bujanoc, Preshev\u00eb dhe Medvegj\u00eb<\/title>\n<meta name=\"robots\" content=\"index, follow, max-snippet:-1, max-image-preview:large, max-video-preview:-1\" \/>\n<link rel=\"canonical\" href=\"https:\/\/kt.gov.rs\/sq\/teklas-10-7-milion-euro-per-hapjen-e-fabrikes-ne-ish-geox\/\" \/>\n<meta property=\"og:locale\" content=\"sq_AL\" \/>\n<meta property=\"og:type\" content=\"article\" \/>\n<meta property=\"og:title\" content=\"TEKLAS 10.7 MILION EURO P\u00cbR HAPJEN E FABRIK\u00cbS N\u00cb ISH GEOX - Republika e S\u00ebrbis\u00eb Trupi Koordinues p\u00ebr komunat Bujanoc, Preshev\u00eb dhe Medvegj\u00eb\" \/>\n<meta property=\"og:description\" content=\"Bujanoc \u2013 Beograd \u2013\u00a0Kompania turke \u201cTeklas\u201d do t\u00eb marr\u00eb 10.7 milion\u00eb euro ndihm\u00eb shtet\u00ebrore p\u00ebr hapjen e fabrik\u00ebs prodhuese n\u00eb Vranj\u00eb n\u00eb vendin e ish Geox.\" \/>\n<meta property=\"og:url\" content=\"https:\/\/kt.gov.rs\/sq\/teklas-10-7-milion-euro-per-hapjen-e-fabrikes-ne-ish-geox\/\" \/>\n<meta property=\"og:site_name\" content=\"Republika e S\u00ebrbis\u00eb Trupi Koordinues p\u00ebr komunat Bujanoc, Preshev\u00eb dhe Medvegj\u00eb\" \/>\n<meta property=\"article:publisher\" content=\"https:\/\/www.facebook.com\/SluzbaKoordinacionogTelaVladeRepublikeSrbije\" \/>\n<meta property=\"article:published_time\" content=\"2022-03-14T00:00:00+00:00\" \/>\n<meta property=\"article:modified_time\" content=\"2024-07-30T17:57:31+00:00\" \/>\n<meta property=\"og:image\" content=\"https:\/\/kt.gov.rs\/wp-content\/uploads\/2024\/07\/1647253213_140322_3-3.jpg\" \/>\n\t<meta property=\"og:image:width\" content=\"315\" \/>\n\t<meta property=\"og:image:height\" content=\"230\" \/>\n\t<meta property=\"og:image:type\" content=\"image\/jpeg\" \/>\n<meta name=\"author\" content=\"ktmin\" \/>\n<meta name=\"twitter:card\" content=\"summary_large_image\" \/>\n<meta name=\"twitter:creator\" content=\"@kt_gov\" \/>\n<meta name=\"twitter:site\" content=\"@kt_gov\" \/>\n<meta name=\"twitter:label1\" content=\"Written by\" \/>\n\t<meta name=\"twitter:data1\" content=\"ktmin\" \/>\n\t<meta name=\"twitter:label2\" content=\"Est. reading time\" \/>\n\t<meta name=\"twitter:data2\" content=\"2 minutes\" \/>\n<script type=\"application\/ld+json\" class=\"yoast-schema-graph\">{\"@context\":\"https:\\\/\\\/schema.org\",\"@graph\":[{\"@type\":\"Article\",\"@id\":\"https:\\\/\\\/kt.gov.rs\\\/sq\\\/teklas-10-7-milion-euro-per-hapjen-e-fabrikes-ne-ish-geox\\\/#article\",\"isPartOf\":{\"@id\":\"https:\\\/\\\/kt.gov.rs\\\/sq\\\/teklas-10-7-milion-euro-per-hapjen-e-fabrikes-ne-ish-geox\\\/\"},\"author\":{\"name\":\"ktmin\",\"@id\":\"https:\\\/\\\/kt.gov.rs\\\/#\\\/schema\\\/person\\\/e426459ddb4173309103390602694571\"},\"headline\":\"TEKLAS 10.7 MILION EURO P\u00cbR HAPJEN E FABRIK\u00cbS N\u00cb ISH GEOX\",\"datePublished\":\"2022-03-14T00:00:00+00:00\",\"dateModified\":\"2024-07-30T17:57:31+00:00\",\"mainEntityOfPage\":{\"@id\":\"https:\\\/\\\/kt.gov.rs\\\/sq\\\/teklas-10-7-milion-euro-per-hapjen-e-fabrikes-ne-ish-geox\\\/\"},\"wordCount\":389,\"publisher\":{\"@id\":\"https:\\\/\\\/kt.gov.rs\\\/#organization\"},\"image\":{\"@id\":\"https:\\\/\\\/kt.gov.rs\\\/sq\\\/teklas-10-7-milion-euro-per-hapjen-e-fabrikes-ne-ish-geox\\\/#primaryimage\"},\"thumbnailUrl\":\"https:\\\/\\\/kt.gov.rs\\\/wp-content\\\/uploads\\\/2024\\\/07\\\/1647253213_140322_3-3.jpg\",\"articleSection\":[\"Lajme\"],\"inLanguage\":\"sq-AL\"},{\"@type\":\"WebPage\",\"@id\":\"https:\\\/\\\/kt.gov.rs\\\/sq\\\/teklas-10-7-milion-euro-per-hapjen-e-fabrikes-ne-ish-geox\\\/\",\"url\":\"https:\\\/\\\/kt.gov.rs\\\/sq\\\/teklas-10-7-milion-euro-per-hapjen-e-fabrikes-ne-ish-geox\\\/\",\"name\":\"TEKLAS 10.7 MILION EURO P\u00cbR HAPJEN E FABRIK\u00cbS N\u00cb ISH GEOX - Republika e S\u00ebrbis\u00eb Trupi Koordinues p\u00ebr komunat Bujanoc, Preshev\u00eb dhe Medvegj\u00eb\",\"isPartOf\":{\"@id\":\"https:\\\/\\\/kt.gov.rs\\\/#website\"},\"primaryImageOfPage\":{\"@id\":\"https:\\\/\\\/kt.gov.rs\\\/sq\\\/teklas-10-7-milion-euro-per-hapjen-e-fabrikes-ne-ish-geox\\\/#primaryimage\"},\"image\":{\"@id\":\"https:\\\/\\\/kt.gov.rs\\\/sq\\\/teklas-10-7-milion-euro-per-hapjen-e-fabrikes-ne-ish-geox\\\/#primaryimage\"},\"thumbnailUrl\":\"https:\\\/\\\/kt.gov.rs\\\/wp-content\\\/uploads\\\/2024\\\/07\\\/1647253213_140322_3-3.jpg\",\"datePublished\":\"2022-03-14T00:00:00+00:00\",\"dateModified\":\"2024-07-30T17:57:31+00:00\",\"breadcrumb\":{\"@id\":\"https:\\\/\\\/kt.gov.rs\\\/sq\\\/teklas-10-7-milion-euro-per-hapjen-e-fabrikes-ne-ish-geox\\\/#breadcrumb\"},\"inLanguage\":\"sq-AL\",\"potentialAction\":[{\"@type\":\"ReadAction\",\"target\":[\"https:\\\/\\\/kt.gov.rs\\\/sq\\\/teklas-10-7-milion-euro-per-hapjen-e-fabrikes-ne-ish-geox\\\/\"]}]},{\"@type\":\"ImageObject\",\"inLanguage\":\"sq-AL\",\"@id\":\"https:\\\/\\\/kt.gov.rs\\\/sq\\\/teklas-10-7-milion-euro-per-hapjen-e-fabrikes-ne-ish-geox\\\/#primaryimage\",\"url\":\"https:\\\/\\\/kt.gov.rs\\\/wp-content\\\/uploads\\\/2024\\\/07\\\/1647253213_140322_3-3.jpg\",\"contentUrl\":\"https:\\\/\\\/kt.gov.rs\\\/wp-content\\\/uploads\\\/2024\\\/07\\\/1647253213_140322_3-3.jpg\",\"width\":315,\"height\":230},{\"@type\":\"BreadcrumbList\",\"@id\":\"https:\\\/\\\/kt.gov.rs\\\/sq\\\/teklas-10-7-milion-euro-per-hapjen-e-fabrikes-ne-ish-geox\\\/#breadcrumb\",\"itemListElement\":[{\"@type\":\"ListItem\",\"position\":1,\"name\":\"\u041f\u043e\u0447\u0435\u0442\u043d\u0430\",\"item\":\"https:\\\/\\\/kt.gov.rs\\\/sq\\\/\"},{\"@type\":\"ListItem\",\"position\":2,\"name\":\"TEKLAS 10.7 MILION EURO P\u00cbR HAPJEN E FABRIK\u00cbS N\u00cb ISH GEOX\"}]},{\"@type\":\"WebSite\",\"@id\":\"https:\\\/\\\/kt.gov.rs\\\/#website\",\"url\":\"https:\\\/\\\/kt.gov.rs\\\/\",\"name\":\"\u041a\u043e\u043e\u0440\u0434\u0438\u043d\u0430\u0446\u0438\u043e\u043d\u043e \u0442\u0435\u043b\u043e \u0412\u043b\u0430\u0434\u0435 \u0420\u0435\u043f\u0443\u0431\u043b\u0438\u043a\u0435 \u0421\u0440\u0431\u0438\u0458\u0435 \u0437\u0430 \u043e\u043f\u0448\u0442\u0438\u043d\u0435 \u041f\u0440\u0435\u0448\u0435\u0432\u043e, \u0411\u0443\u0458\u0430\u043d\u043e\u0432\u0430\u0446 \u0438 \u041c\u0435\u0434\u0432\u0435\u0452a\",\"description\":\"\",\"publisher\":{\"@id\":\"https:\\\/\\\/kt.gov.rs\\\/#organization\"},\"alternateName\":\"\u041a\u043e\u043e\u0440\u0434\u0438\u043d\u0430\u0446\u0438\u043e\u043d\u043e \u0442\u0435\u043b\u043e\",\"potentialAction\":[{\"@type\":\"SearchAction\",\"target\":{\"@type\":\"EntryPoint\",\"urlTemplate\":\"https:\\\/\\\/kt.gov.rs\\\/?s={search_term_string}\"},\"query-input\":{\"@type\":\"PropertyValueSpecification\",\"valueRequired\":true,\"valueName\":\"search_term_string\"}}],\"inLanguage\":\"sq-AL\"},{\"@type\":\"Organization\",\"@id\":\"https:\\\/\\\/kt.gov.rs\\\/#organization\",\"name\":\"\u041a\u043e\u043e\u0440\u0434\u0438\u043d\u0430\u0446\u0438\u043e\u043d\u043e \u0442\u0435\u043b\u043e \u0412\u043b\u0430\u0434\u0435 \u0420\u0435\u043f\u0443\u0431\u043b\u0438\u043a\u0435 \u0421\u0440\u0431\u0438\u0458\u0435 \u0437\u0430 \u043e\u043f\u0448\u0442\u0438\u043d\u0435 \u041f\u0440\u0435\u0448\u0435\u0432\u043e, \u0411\u0443\u0458\u0430\u043d\u043e\u0432\u0430\u0446 \u0438 \u041c\u0435\u0434\u0432\u0435\u0452a\",\"alternateName\":\"\u041a\u043e\u043e\u0440\u0434\u0438\u043d\u0430\u0446\u0438\u043e\u043d\u043e \u0442\u0435\u043b\u043e\",\"url\":\"https:\\\/\\\/kt.gov.rs\\\/\",\"logo\":{\"@type\":\"ImageObject\",\"inLanguage\":\"sq-AL\",\"@id\":\"https:\\\/\\\/kt.gov.rs\\\/#\\\/schema\\\/logo\\\/image\\\/\",\"url\":\"https:\\\/\\\/kt.gov.rs\\\/wp-content\\\/uploads\\\/2024\\\/12\\\/koord2.jpg\",\"contentUrl\":\"https:\\\/\\\/kt.gov.rs\\\/wp-content\\\/uploads\\\/2024\\\/12\\\/koord2.jpg\",\"width\":640,\"height\":480,\"caption\":\"\u041a\u043e\u043e\u0440\u0434\u0438\u043d\u0430\u0446\u0438\u043e\u043d\u043e \u0442\u0435\u043b\u043e \u0412\u043b\u0430\u0434\u0435 \u0420\u0435\u043f\u0443\u0431\u043b\u0438\u043a\u0435 \u0421\u0440\u0431\u0438\u0458\u0435 \u0437\u0430 \u043e\u043f\u0448\u0442\u0438\u043d\u0435 \u041f\u0440\u0435\u0448\u0435\u0432\u043e, \u0411\u0443\u0458\u0430\u043d\u043e\u0432\u0430\u0446 \u0438 \u041c\u0435\u0434\u0432\u0435\u0452a\"},\"image\":{\"@id\":\"https:\\\/\\\/kt.gov.rs\\\/#\\\/schema\\\/logo\\\/image\\\/\"},\"sameAs\":[\"https:\\\/\\\/www.facebook.com\\\/SluzbaKoordinacionogTelaVladeRepublikeSrbije\",\"https:\\\/\\\/x.com\\\/kt_gov\",\"https:\\\/\\\/www.youtube.com\\\/@koordinacionotelo\"]},{\"@type\":\"Person\",\"@id\":\"https:\\\/\\\/kt.gov.rs\\\/#\\\/schema\\\/person\\\/e426459ddb4173309103390602694571\",\"name\":\"ktmin\",\"image\":{\"@type\":\"ImageObject\",\"inLanguage\":\"sq-AL\",\"@id\":\"https:\\\/\\\/secure.gravatar.com\\\/avatar\\\/3985c961109853010c3fbc7ba30365bfba5db3dd6c525831d9c595c7525a615a?s=96&d=mm&r=g\",\"url\":\"https:\\\/\\\/secure.gravatar.com\\\/avatar\\\/3985c961109853010c3fbc7ba30365bfba5db3dd6c525831d9c595c7525a615a?s=96&d=mm&r=g\",\"contentUrl\":\"https:\\\/\\\/secure.gravatar.com\\\/avatar\\\/3985c961109853010c3fbc7ba30365bfba5db3dd6c525831d9c595c7525a615a?s=96&d=mm&r=g\",\"caption\":\"ktmin\"},\"sameAs\":[\"https:\\\/\\\/kt.gov.rs\"],\"url\":\"https:\\\/\\\/kt.gov.rs\\\/sq\\\/author\\\/ktmin\\\/\"}]}<\/script>\n<!-- \/ Yoast SEO plugin. -->","yoast_head_json":{"title":"TEKLAS 10.7 MILION EURO P\u00cbR HAPJEN E FABRIK\u00cbS N\u00cb ISH GEOX - Republika e S\u00ebrbis\u00eb Trupi Koordinues p\u00ebr komunat Bujanoc, Preshev\u00eb dhe Medvegj\u00eb","robots":{"index":"index","follow":"follow","max-snippet":"max-snippet:-1","max-image-preview":"max-image-preview:large","max-video-preview":"max-video-preview:-1"},"canonical":"https:\/\/kt.gov.rs\/sq\/teklas-10-7-milion-euro-per-hapjen-e-fabrikes-ne-ish-geox\/","og_locale":"sq_AL","og_type":"article","og_title":"TEKLAS 10.7 MILION EURO P\u00cbR HAPJEN E FABRIK\u00cbS N\u00cb ISH GEOX - Republika e S\u00ebrbis\u00eb Trupi Koordinues p\u00ebr komunat Bujanoc, Preshev\u00eb dhe Medvegj\u00eb","og_description":"Bujanoc \u2013 Beograd \u2013\u00a0Kompania turke \u201cTeklas\u201d do t\u00eb marr\u00eb 10.7 milion\u00eb euro ndihm\u00eb shtet\u00ebrore p\u00ebr hapjen e fabrik\u00ebs prodhuese n\u00eb Vranj\u00eb n\u00eb vendin e ish Geox.","og_url":"https:\/\/kt.gov.rs\/sq\/teklas-10-7-milion-euro-per-hapjen-e-fabrikes-ne-ish-geox\/","og_site_name":"Republika e S\u00ebrbis\u00eb Trupi Koordinues p\u00ebr komunat Bujanoc, Preshev\u00eb dhe Medvegj\u00eb","article_publisher":"https:\/\/www.facebook.com\/SluzbaKoordinacionogTelaVladeRepublikeSrbije","article_published_time":"2022-03-14T00:00:00+00:00","article_modified_time":"2024-07-30T17:57:31+00:00","og_image":[{"width":315,"height":230,"url":"https:\/\/kt.gov.rs\/wp-content\/uploads\/2024\/07\/1647253213_140322_3-3.jpg","type":"image\/jpeg"}],"author":"ktmin","twitter_card":"summary_large_image","twitter_creator":"@kt_gov","twitter_site":"@kt_gov","twitter_misc":{"Written by":"ktmin","Est. reading time":"2 minutes"},"schema":{"@context":"https:\/\/schema.org","@graph":[{"@type":"Article","@id":"https:\/\/kt.gov.rs\/sq\/teklas-10-7-milion-euro-per-hapjen-e-fabrikes-ne-ish-geox\/#article","isPartOf":{"@id":"https:\/\/kt.gov.rs\/sq\/teklas-10-7-milion-euro-per-hapjen-e-fabrikes-ne-ish-geox\/"},"author":{"name":"ktmin","@id":"https:\/\/kt.gov.rs\/#\/schema\/person\/e426459ddb4173309103390602694571"},"headline":"TEKLAS 10.7 MILION EURO P\u00cbR HAPJEN E FABRIK\u00cbS N\u00cb ISH GEOX","datePublished":"2022-03-14T00:00:00+00:00","dateModified":"2024-07-30T17:57:31+00:00","mainEntityOfPage":{"@id":"https:\/\/kt.gov.rs\/sq\/teklas-10-7-milion-euro-per-hapjen-e-fabrikes-ne-ish-geox\/"},"wordCount":389,"publisher":{"@id":"https:\/\/kt.gov.rs\/#organization"},"image":{"@id":"https:\/\/kt.gov.rs\/sq\/teklas-10-7-milion-euro-per-hapjen-e-fabrikes-ne-ish-geox\/#primaryimage"},"thumbnailUrl":"https:\/\/kt.gov.rs\/wp-content\/uploads\/2024\/07\/1647253213_140322_3-3.jpg","articleSection":["Lajme"],"inLanguage":"sq-AL"},{"@type":"WebPage","@id":"https:\/\/kt.gov.rs\/sq\/teklas-10-7-milion-euro-per-hapjen-e-fabrikes-ne-ish-geox\/","url":"https:\/\/kt.gov.rs\/sq\/teklas-10-7-milion-euro-per-hapjen-e-fabrikes-ne-ish-geox\/","name":"TEKLAS 10.7 MILION EURO P\u00cbR HAPJEN E FABRIK\u00cbS N\u00cb ISH GEOX - Republika e S\u00ebrbis\u00eb Trupi Koordinues p\u00ebr komunat Bujanoc, Preshev\u00eb dhe Medvegj\u00eb","isPartOf":{"@id":"https:\/\/kt.gov.rs\/#website"},"primaryImageOfPage":{"@id":"https:\/\/kt.gov.rs\/sq\/teklas-10-7-milion-euro-per-hapjen-e-fabrikes-ne-ish-geox\/#primaryimage"},"image":{"@id":"https:\/\/kt.gov.rs\/sq\/teklas-10-7-milion-euro-per-hapjen-e-fabrikes-ne-ish-geox\/#primaryimage"},"thumbnailUrl":"https:\/\/kt.gov.rs\/wp-content\/uploads\/2024\/07\/1647253213_140322_3-3.jpg","datePublished":"2022-03-14T00:00:00+00:00","dateModified":"2024-07-30T17:57:31+00:00","breadcrumb":{"@id":"https:\/\/kt.gov.rs\/sq\/teklas-10-7-milion-euro-per-hapjen-e-fabrikes-ne-ish-geox\/#breadcrumb"},"inLanguage":"sq-AL","potentialAction":[{"@type":"ReadAction","target":["https:\/\/kt.gov.rs\/sq\/teklas-10-7-milion-euro-per-hapjen-e-fabrikes-ne-ish-geox\/"]}]},{"@type":"ImageObject","inLanguage":"sq-AL","@id":"https:\/\/kt.gov.rs\/sq\/teklas-10-7-milion-euro-per-hapjen-e-fabrikes-ne-ish-geox\/#primaryimage","url":"https:\/\/kt.gov.rs\/wp-content\/uploads\/2024\/07\/1647253213_140322_3-3.jpg","contentUrl":"https:\/\/kt.gov.rs\/wp-content\/uploads\/2024\/07\/1647253213_140322_3-3.jpg","width":315,"height":230},{"@type":"BreadcrumbList","@id":"https:\/\/kt.gov.rs\/sq\/teklas-10-7-milion-euro-per-hapjen-e-fabrikes-ne-ish-geox\/#breadcrumb","itemListElement":[{"@type":"ListItem","position":1,"name":"\u041f\u043e\u0447\u0435\u0442\u043d\u0430","item":"https:\/\/kt.gov.rs\/sq\/"},{"@type":"ListItem","position":2,"name":"TEKLAS 10.7 MILION EURO P\u00cbR HAPJEN E FABRIK\u00cbS N\u00cb ISH GEOX"}]},{"@type":"WebSite","@id":"https:\/\/kt.gov.rs\/#website","url":"https:\/\/kt.gov.rs\/","name":"\u041a\u043e\u043e\u0440\u0434\u0438\u043d\u0430\u0446\u0438\u043e\u043d\u043e \u0442\u0435\u043b\u043e \u0412\u043b\u0430\u0434\u0435 \u0420\u0435\u043f\u0443\u0431\u043b\u0438\u043a\u0435 \u0421\u0440\u0431\u0438\u0458\u0435 \u0437\u0430 \u043e\u043f\u0448\u0442\u0438\u043d\u0435 \u041f\u0440\u0435\u0448\u0435\u0432\u043e, \u0411\u0443\u0458\u0430\u043d\u043e\u0432\u0430\u0446 \u0438 \u041c\u0435\u0434\u0432\u0435\u0452a","description":"","publisher":{"@id":"https:\/\/kt.gov.rs\/#organization"},"alternateName":"\u041a\u043e\u043e\u0440\u0434\u0438\u043d\u0430\u0446\u0438\u043e\u043d\u043e \u0442\u0435\u043b\u043e","potentialAction":[{"@type":"SearchAction","target":{"@type":"EntryPoint","urlTemplate":"https:\/\/kt.gov.rs\/?s={search_term_string}"},"query-input":{"@type":"PropertyValueSpecification","valueRequired":true,"valueName":"search_term_string"}}],"inLanguage":"sq-AL"},{"@type":"Organization","@id":"https:\/\/kt.gov.rs\/#organization","name":"\u041a\u043e\u043e\u0440\u0434\u0438\u043d\u0430\u0446\u0438\u043e\u043d\u043e \u0442\u0435\u043b\u043e \u0412\u043b\u0430\u0434\u0435 \u0420\u0435\u043f\u0443\u0431\u043b\u0438\u043a\u0435 \u0421\u0440\u0431\u0438\u0458\u0435 \u0437\u0430 \u043e\u043f\u0448\u0442\u0438\u043d\u0435 \u041f\u0440\u0435\u0448\u0435\u0432\u043e, \u0411\u0443\u0458\u0430\u043d\u043e\u0432\u0430\u0446 \u0438 \u041c\u0435\u0434\u0432\u0435\u0452a","alternateName":"\u041a\u043e\u043e\u0440\u0434\u0438\u043d\u0430\u0446\u0438\u043e\u043d\u043e \u0442\u0435\u043b\u043e","url":"https:\/\/kt.gov.rs\/","logo":{"@type":"ImageObject","inLanguage":"sq-AL","@id":"https:\/\/kt.gov.rs\/#\/schema\/logo\/image\/","url":"https:\/\/kt.gov.rs\/wp-content\/uploads\/2024\/12\/koord2.jpg","contentUrl":"https:\/\/kt.gov.rs\/wp-content\/uploads\/2024\/12\/koord2.jpg","width":640,"height":480,"caption":"\u041a\u043e\u043e\u0440\u0434\u0438\u043d\u0430\u0446\u0438\u043e\u043d\u043e \u0442\u0435\u043b\u043e \u0412\u043b\u0430\u0434\u0435 \u0420\u0435\u043f\u0443\u0431\u043b\u0438\u043a\u0435 \u0421\u0440\u0431\u0438\u0458\u0435 \u0437\u0430 \u043e\u043f\u0448\u0442\u0438\u043d\u0435 \u041f\u0440\u0435\u0448\u0435\u0432\u043e, \u0411\u0443\u0458\u0430\u043d\u043e\u0432\u0430\u0446 \u0438 \u041c\u0435\u0434\u0432\u0435\u0452a"},"image":{"@id":"https:\/\/kt.gov.rs\/#\/schema\/logo\/image\/"},"sameAs":["https:\/\/www.facebook.com\/SluzbaKoordinacionogTelaVladeRepublikeSrbije","https:\/\/x.com\/kt_gov","https:\/\/www.youtube.com\/@koordinacionotelo"]},{"@type":"Person","@id":"https:\/\/kt.gov.rs\/#\/schema\/person\/e426459ddb4173309103390602694571","name":"ktmin","image":{"@type":"ImageObject","inLanguage":"sq-AL","@id":"https:\/\/secure.gravatar.com\/avatar\/3985c961109853010c3fbc7ba30365bfba5db3dd6c525831d9c595c7525a615a?s=96&d=mm&r=g","url":"https:\/\/secure.gravatar.com\/avatar\/3985c961109853010c3fbc7ba30365bfba5db3dd6c525831d9c595c7525a615a?s=96&d=mm&r=g","contentUrl":"https:\/\/secure.gravatar.com\/avatar\/3985c961109853010c3fbc7ba30365bfba5db3dd6c525831d9c595c7525a615a?s=96&d=mm&r=g","caption":"ktmin"},"sameAs":["https:\/\/kt.gov.rs"],"url":"https:\/\/kt.gov.rs\/sq\/author\/ktmin\/"}]}},"_links":{"self":[{"href":"https:\/\/kt.gov.rs\/sq\/wp-json\/wp\/v2\/posts\/108017","targetHints":{"allow":["GET"]}}],"collection":[{"href":"https:\/\/kt.gov.rs\/sq\/wp-json\/wp\/v2\/posts"}],"about":[{"href":"https:\/\/kt.gov.rs\/sq\/wp-json\/wp\/v2\/types\/post"}],"author":[{"embeddable":true,"href":"https:\/\/kt.gov.rs\/sq\/wp-json\/wp\/v2\/users\/1"}],"replies":[{"embeddable":true,"href":"https:\/\/kt.gov.rs\/sq\/wp-json\/wp\/v2\/comments?post=108017"}],"version-history":[{"count":1,"href":"https:\/\/kt.gov.rs\/sq\/wp-json\/wp\/v2\/posts\/108017\/revisions"}],"predecessor-version":[{"id":108021,"href":"https:\/\/kt.gov.rs\/sq\/wp-json\/wp\/v2\/posts\/108017\/revisions\/108021"}],"wp:featuredmedia":[{"embeddable":true,"href":"https:\/\/kt.gov.rs\/sq\/wp-json\/wp\/v2\/media\/108022"}],"wp:attachment":[{"href":"https:\/\/kt.gov.rs\/sq\/wp-json\/wp\/v2\/media?parent=108017"}],"wp:term":[{"taxonomy":"category","embeddable":true,"href":"https:\/\/kt.gov.rs\/sq\/wp-json\/wp\/v2\/categories?post=108017"},{"taxonomy":"post_tag","embeddable":true,"href":"https:\/\/kt.gov.rs\/sq\/wp-json\/wp\/v2\/tags?post=108017"}],"curies":[{"name":"wp","href":"https:\/\/api.w.org\/{rel}","templated":true}]}}