{"id":107990,"date":"2022-03-15T00:00:00","date_gmt":"2022-03-15T00:00:00","guid":{"rendered":"http:\/\/kt.printandscreen.rs\/thirrje-publike-perzgjedhja-e-perdoruesve-per-procesin-e-trajnimit-te-biznesit-subvencionet-per-vetepunesim-dhe-mentorim\/"},"modified":"2024-07-30T17:57:29","modified_gmt":"2024-07-30T17:57:29","slug":"thirrje-publike-perzgjedhja-e-perdoruesve-per-procesin-e-trajnimit-te-biznesit-subvencionet-per-vetepunesim-dhe-mentorim","status":"publish","type":"post","link":"https:\/\/kt.gov.rs\/sq\/thirrje-publike-perzgjedhja-e-perdoruesve-per-procesin-e-trajnimit-te-biznesit-subvencionet-per-vetepunesim-dhe-mentorim\/","title":{"rendered":"THIRRJE PUBLIKE \u2013 P\u00cbRZGJEDHJA E P\u00cbRDORUESVE P\u00cbR PROCESIN E TRAJNIMIT T\u00cb BIZNESIT, SUBVENCIONET P\u00cbR VET\u00cbPUN\u00cbSIM DHE MENTORIM"},"content":{"rendered":"<p>\n\t<strong><img decoding=\"async\" alt=\"\" src=\"https:\/\/kt.gov.rs\/wp-content\/uploads\/2024\/07\/1647351188_150322_2-2.jpg\" style=\"width: 315px; height: 230px; float: left;\" \/><\/strong><\/p>\n<p>\n\t<strong>Preshev\u00eb \u2013 Bujanoc \u2013 Beograd \u2013<\/strong> Komisioni p\u00ebr p\u00ebrzgjedhjen e p\u00ebrfituesve t\u00eb Projektit &quot;Pun\u00ebsimi i rom\u00ebve dhe t\u00eb kthyerve \u2013 E2R2&quot; shpall thirrje publike p\u00ebr p\u00ebrzgjedhjen e p\u00ebrfituesve p\u00ebr procesin e trajnimit t\u00eb biznesit, subvencioneve p\u00ebr vet\u00ebpun\u00ebsim dhe mentorimit.<\/p>\n<p>\n\tT\u00eb kthyerit, rom\u00ebt dhe an\u00ebtar\u00ebt e grupeve t\u00eb tjera t\u00eb v\u00ebshtira p\u00ebr t&#39;u pun\u00ebsuar dhe an\u00ebtar\u00ebt e familjeve t\u00eb tyre familjare q\u00eb kan\u00eb vendbanim\/q\u00ebndrim n\u00eb territorin e nj\u00ebr\u00ebs prej komunave p\u00ebrfituese \u2013 Qyteti i Beogradit, Qyteti i Vranj\u00ebs, Qyteti i Leskocit, Qyteti i Subotic\u00ebs. , Komuna e Shidit, Komuna e Preshev\u00ebs, Komuna e Bujanocit, Komuna e Ose\u00e7in\u00ebs.<\/p>\n<p>\n\tT\u00eb kthyer n\u00eb kuptimin e k\u00ebsaj Rregullore jan\u00eb personat q\u00eb kan\u00eb q\u00ebndruar jasht\u00eb vendit (Gjermani apo shtet tjet\u00ebr) p\u00ebr m\u00eb shum\u00eb se tre muaj rresht (arsyeja e q\u00ebndrimit mund t\u00eb jet\u00eb azili, puna, studimi, formimi profesional apo ndonj\u00eb tjet\u00ebr) dhe q\u00eb jan\u00eb kthyer. n\u00eb origjin\u00ebn e vendit t\u00eb tyre.<\/p>\n<p>\n\tP\u00ebr q\u00ebllime t\u00eb k\u00ebsaj Rregullore, an\u00ebtar\u00eb t\u00eb pakic\u00ebs komb\u00ebtare rome konsiderohen personat q\u00eb vullnetarisht dhe n\u00eb m\u00ebnyr\u00eb t\u00eb pavarur deklarohen se konsiderohen pjes\u00ebtar\u00eb t\u00eb pakic\u00ebs komb\u00ebtare rome.<\/p>\n<p>\n\tAn\u00ebtar\u00ebt e grupeve t\u00eb tjera t\u00eb v\u00ebshtir\u00eb p\u00ebr t&#39;u pun\u00ebsuar n\u00eb kuptimin e k\u00ebsaj Rregullore konsiderohen t\u00eb rinj deri n\u00eb 30 vje\u00e7, t\u00eb tep\u00ebrt, mbi 50 vje\u00e7, t\u00eb pakualifikuar dhe me aft\u00ebsi t\u00eb ul\u00ebta, persona me aft\u00ebsi t\u00eb kufizuara, rom\u00eb, p\u00ebrfitues t\u00eb aft\u00eb t\u00eb asistenc\u00ebs sociale, t\u00eb papun\u00eb afatgjat\u00eb prej 12 muajsh dhe ve\u00e7an\u00ebrisht personat e papun\u00eb q\u00eb k\u00ebrkojn\u00eb pun\u00eb p\u00ebr m\u00eb shum\u00eb se 18 muaj), t\u00eb rinjt\u00eb n\u00eb konvikte, t\u00eb rinj n\u00eb familje kujdestare, t\u00eb rinj n\u00eb familje kujdestare.<\/p>\n<p>\n\tMb\u00ebshtetja e parashikuar nga Projekti p\u00ebrfshin:<\/p>\n<p>\n\t1. Trajnime p\u00ebr biznes \u2013 trajnime p\u00ebr fillimin e biznesit t\u00eb vet ose rritjen e volumit t\u00eb biznesit t\u00eb vet\/prodhimit bujq\u00ebsor dhe zhvillimin e planeve individuale t\u00eb biznesit p\u00ebr t\u00eb pakt\u00ebn 60 p\u00ebrdorues;<\/p>\n<p>\n\t2. Subvencione p\u00ebr vet\u00ebpun\u00ebsim p\u00ebrmes ofrimit t\u00eb makinerive, pajisjeve dhe l\u00ebnd\u00ebve t\u00eb para p\u00ebr fillimin e biznesit tuaj n\u00eb p\u00ebrputhje me planin individual t\u00eb biznesit, mesatarisht 2000.00 euro (pa TVSH) p\u00ebr 15 p\u00ebrdorues;<\/p>\n<p>\n\t3. Mentorimi i mb\u00ebshtetjes s\u00eb biznesit dhe konsulenc\u00ebs s\u00eb biznesit p\u00ebr zbatimin e planeve individuale t\u00eb biznesit.<\/p>\n<p>\n\tTeksti i Thirrjes Publike, formulari i aplikimit p\u00ebr thirjen Publike dhe formular\u00ebt e dokumentacionit shoq\u00ebrues mund t\u00eb shkarkohen nga faqja e internetit e organizat\u00ebs si dhe p\u00ebrmes koordinator\u00ebve lokal\u00eb rom\u00eb.<\/p>\n<p>\n\tAplikimi me dokumentacionin shoq\u00ebrues dor\u00ebzohet personalisht n\u00eb ambientet e IDC, ose me post\u00eb n\u00eb adres\u00ebn: Milana Raki\u00e7a 65a, 11000 Beograd, jo m\u00eb von\u00eb se data 11 Prill 2022. deri n\u00eb or\u00ebn 15:00.<\/p>\n<p>\n\tProjekti &quot;Pun\u00ebsimi i rom\u00ebve dhe t\u00eb kthyerve \u2013 E2R2&quot; \u00ebsht\u00eb pjes\u00eb e nj\u00eb programi m\u00eb t\u00eb gjer\u00eb t\u00eb bashk\u00ebpunimit zhvillimor gjerman &quot;P\u00ebrfshirja e rom\u00ebve dhe grupeve t\u00eb tjera t\u00eb margjinalizuara n\u00eb Serbi&quot; t\u00eb zbatuar nga GIZ n\u00eb bashk\u00ebpunim me Ministrin\u00eb e t\u00eb Drejtave t\u00eb Njeriut dhe t\u00eb Pakicave dhe Dialogut Social. GIZ n\u00eb bashk\u00ebpunim me Ministrin\u00eb e t\u00eb Drejtave t\u00eb Njeriut dhe t\u00eb Pakicave dhe Dialogut Social.<\/p>\n<p>\n\t<strong>Burimi: IDC Serbia, Trupi Koordinues<\/strong><\/p>\n<p>\n\t\u00a0<\/p>\n","protected":false},"excerpt":{"rendered":"<p>Preshev\u00eb \u2013 Bujanoc \u2013 Beograd \u2013\u00a0Komisioni p\u00ebr p\u00ebrzgjedhjen e p\u00ebrfituesve t\u00eb Projektit &quot;Pun\u00ebsimi i rom\u00ebve dhe t\u00eb kthyerve \u2013 E2R2&quot; shpall thirrje publike p\u00ebr p\u00ebrzgjedhjen e p\u00ebrfituesve p\u00ebr procesin e trajnimit t\u00eb biznesit, subvencioneve p\u00ebr vet\u00ebpun\u00ebsim dhe mentorimit.<\/p>\n","protected":false},"author":1,"featured_media":107995,"comment_status":"closed","ping_status":"closed","sticky":false,"template":"","format":"standard","meta":{"footnotes":""},"categories":[55],"tags":[],"class_list":["post-107990","post","type-post","status-publish","format-standard","has-post-thumbnail","hentry","category-lajme"],"yoast_head":"<!-- This site is optimized with the Yoast SEO plugin v27.5 - https:\/\/yoast.com\/product\/yoast-seo-wordpress\/ -->\n<title>THIRRJE PUBLIKE - P\u00cbRZGJEDHJA E P\u00cbRDORUESVE P\u00cbR PROCESIN E TRAJNIMIT T\u00cb BIZNESIT, SUBVENCIONET P\u00cbR VET\u00cbPUN\u00cbSIM DHE MENTORIM - Republika e S\u00ebrbis\u00eb Trupi Koordinues p\u00ebr komunat Bujanoc, Preshev\u00eb dhe Medvegj\u00eb<\/title>\n<meta name=\"robots\" content=\"index, follow, max-snippet:-1, max-image-preview:large, max-video-preview:-1\" \/>\n<link rel=\"canonical\" href=\"https:\/\/kt.gov.rs\/sq\/thirrje-publike-perzgjedhja-e-perdoruesve-per-procesin-e-trajnimit-te-biznesit-subvencionet-per-vetepunesim-dhe-mentorim\/\" \/>\n<meta property=\"og:locale\" content=\"sq_AL\" \/>\n<meta property=\"og:type\" content=\"article\" \/>\n<meta property=\"og:title\" content=\"THIRRJE PUBLIKE - P\u00cbRZGJEDHJA E P\u00cbRDORUESVE P\u00cbR PROCESIN E TRAJNIMIT T\u00cb BIZNESIT, SUBVENCIONET P\u00cbR VET\u00cbPUN\u00cbSIM DHE MENTORIM - Republika e S\u00ebrbis\u00eb Trupi Koordinues p\u00ebr komunat Bujanoc, Preshev\u00eb dhe Medvegj\u00eb\" \/>\n<meta property=\"og:description\" content=\"Preshev\u00eb - Bujanoc - Beograd -\u00a0Komisioni p\u00ebr p\u00ebrzgjedhjen e p\u00ebrfituesve t\u00eb Projektit &quot;Pun\u00ebsimi i rom\u00ebve dhe t\u00eb kthyerve - E2R2&quot; shpall thirrje publike p\u00ebr p\u00ebrzgjedhjen e p\u00ebrfituesve p\u00ebr procesin e trajnimit t\u00eb biznesit, subvencioneve p\u00ebr vet\u00ebpun\u00ebsim dhe mentorimit.\" \/>\n<meta property=\"og:url\" content=\"https:\/\/kt.gov.rs\/sq\/thirrje-publike-perzgjedhja-e-perdoruesve-per-procesin-e-trajnimit-te-biznesit-subvencionet-per-vetepunesim-dhe-mentorim\/\" \/>\n<meta property=\"og:site_name\" content=\"Republika e S\u00ebrbis\u00eb Trupi Koordinues p\u00ebr komunat Bujanoc, Preshev\u00eb dhe Medvegj\u00eb\" \/>\n<meta property=\"article:publisher\" content=\"https:\/\/www.facebook.com\/SluzbaKoordinacionogTelaVladeRepublikeSrbije\" \/>\n<meta property=\"article:published_time\" content=\"2022-03-15T00:00:00+00:00\" \/>\n<meta property=\"article:modified_time\" content=\"2024-07-30T17:57:29+00:00\" \/>\n<meta property=\"og:image\" content=\"https:\/\/kt.gov.rs\/wp-content\/uploads\/2024\/07\/1647351188_150322_2-3.jpg\" \/>\n\t<meta property=\"og:image:width\" content=\"315\" \/>\n\t<meta property=\"og:image:height\" content=\"230\" \/>\n\t<meta property=\"og:image:type\" content=\"image\/jpeg\" \/>\n<meta name=\"author\" content=\"ktmin\" \/>\n<meta name=\"twitter:card\" content=\"summary_large_image\" \/>\n<meta name=\"twitter:creator\" content=\"@kt_gov\" \/>\n<meta name=\"twitter:site\" content=\"@kt_gov\" \/>\n<meta name=\"twitter:label1\" content=\"Written by\" \/>\n\t<meta name=\"twitter:data1\" content=\"ktmin\" \/>\n\t<meta name=\"twitter:label2\" content=\"Est. reading time\" \/>\n\t<meta name=\"twitter:data2\" content=\"4 minutes\" \/>\n<script type=\"application\/ld+json\" class=\"yoast-schema-graph\">{\"@context\":\"https:\\\/\\\/schema.org\",\"@graph\":[{\"@type\":\"Article\",\"@id\":\"https:\\\/\\\/kt.gov.rs\\\/sq\\\/thirrje-publike-perzgjedhja-e-perdoruesve-per-procesin-e-trajnimit-te-biznesit-subvencionet-per-vetepunesim-dhe-mentorim\\\/#article\",\"isPartOf\":{\"@id\":\"https:\\\/\\\/kt.gov.rs\\\/sq\\\/thirrje-publike-perzgjedhja-e-perdoruesve-per-procesin-e-trajnimit-te-biznesit-subvencionet-per-vetepunesim-dhe-mentorim\\\/\"},\"author\":{\"name\":\"ktmin\",\"@id\":\"https:\\\/\\\/kt.gov.rs\\\/#\\\/schema\\\/person\\\/e426459ddb4173309103390602694571\"},\"headline\":\"THIRRJE PUBLIKE \u2013 P\u00cbRZGJEDHJA E P\u00cbRDORUESVE P\u00cbR PROCESIN E TRAJNIMIT T\u00cb BIZNESIT, SUBVENCIONET P\u00cbR VET\u00cbPUN\u00cbSIM DHE MENTORIM\",\"datePublished\":\"2022-03-15T00:00:00+00:00\",\"dateModified\":\"2024-07-30T17:57:29+00:00\",\"mainEntityOfPage\":{\"@id\":\"https:\\\/\\\/kt.gov.rs\\\/sq\\\/thirrje-publike-perzgjedhja-e-perdoruesve-per-procesin-e-trajnimit-te-biznesit-subvencionet-per-vetepunesim-dhe-mentorim\\\/\"},\"wordCount\":809,\"publisher\":{\"@id\":\"https:\\\/\\\/kt.gov.rs\\\/#organization\"},\"image\":{\"@id\":\"https:\\\/\\\/kt.gov.rs\\\/sq\\\/thirrje-publike-perzgjedhja-e-perdoruesve-per-procesin-e-trajnimit-te-biznesit-subvencionet-per-vetepunesim-dhe-mentorim\\\/#primaryimage\"},\"thumbnailUrl\":\"https:\\\/\\\/kt.gov.rs\\\/wp-content\\\/uploads\\\/2024\\\/07\\\/1647351188_150322_2-3.jpg\",\"articleSection\":[\"Lajme\"],\"inLanguage\":\"sq-AL\"},{\"@type\":\"WebPage\",\"@id\":\"https:\\\/\\\/kt.gov.rs\\\/sq\\\/thirrje-publike-perzgjedhja-e-perdoruesve-per-procesin-e-trajnimit-te-biznesit-subvencionet-per-vetepunesim-dhe-mentorim\\\/\",\"url\":\"https:\\\/\\\/kt.gov.rs\\\/sq\\\/thirrje-publike-perzgjedhja-e-perdoruesve-per-procesin-e-trajnimit-te-biznesit-subvencionet-per-vetepunesim-dhe-mentorim\\\/\",\"name\":\"THIRRJE PUBLIKE - P\u00cbRZGJEDHJA E P\u00cbRDORUESVE P\u00cbR PROCESIN E TRAJNIMIT T\u00cb BIZNESIT, SUBVENCIONET P\u00cbR VET\u00cbPUN\u00cbSIM DHE MENTORIM - Republika e S\u00ebrbis\u00eb Trupi Koordinues p\u00ebr komunat Bujanoc, Preshev\u00eb dhe Medvegj\u00eb\",\"isPartOf\":{\"@id\":\"https:\\\/\\\/kt.gov.rs\\\/#website\"},\"primaryImageOfPage\":{\"@id\":\"https:\\\/\\\/kt.gov.rs\\\/sq\\\/thirrje-publike-perzgjedhja-e-perdoruesve-per-procesin-e-trajnimit-te-biznesit-subvencionet-per-vetepunesim-dhe-mentorim\\\/#primaryimage\"},\"image\":{\"@id\":\"https:\\\/\\\/kt.gov.rs\\\/sq\\\/thirrje-publike-perzgjedhja-e-perdoruesve-per-procesin-e-trajnimit-te-biznesit-subvencionet-per-vetepunesim-dhe-mentorim\\\/#primaryimage\"},\"thumbnailUrl\":\"https:\\\/\\\/kt.gov.rs\\\/wp-content\\\/uploads\\\/2024\\\/07\\\/1647351188_150322_2-3.jpg\",\"datePublished\":\"2022-03-15T00:00:00+00:00\",\"dateModified\":\"2024-07-30T17:57:29+00:00\",\"breadcrumb\":{\"@id\":\"https:\\\/\\\/kt.gov.rs\\\/sq\\\/thirrje-publike-perzgjedhja-e-perdoruesve-per-procesin-e-trajnimit-te-biznesit-subvencionet-per-vetepunesim-dhe-mentorim\\\/#breadcrumb\"},\"inLanguage\":\"sq-AL\",\"potentialAction\":[{\"@type\":\"ReadAction\",\"target\":[\"https:\\\/\\\/kt.gov.rs\\\/sq\\\/thirrje-publike-perzgjedhja-e-perdoruesve-per-procesin-e-trajnimit-te-biznesit-subvencionet-per-vetepunesim-dhe-mentorim\\\/\"]}]},{\"@type\":\"ImageObject\",\"inLanguage\":\"sq-AL\",\"@id\":\"https:\\\/\\\/kt.gov.rs\\\/sq\\\/thirrje-publike-perzgjedhja-e-perdoruesve-per-procesin-e-trajnimit-te-biznesit-subvencionet-per-vetepunesim-dhe-mentorim\\\/#primaryimage\",\"url\":\"https:\\\/\\\/kt.gov.rs\\\/wp-content\\\/uploads\\\/2024\\\/07\\\/1647351188_150322_2-3.jpg\",\"contentUrl\":\"https:\\\/\\\/kt.gov.rs\\\/wp-content\\\/uploads\\\/2024\\\/07\\\/1647351188_150322_2-3.jpg\",\"width\":315,\"height\":230},{\"@type\":\"BreadcrumbList\",\"@id\":\"https:\\\/\\\/kt.gov.rs\\\/sq\\\/thirrje-publike-perzgjedhja-e-perdoruesve-per-procesin-e-trajnimit-te-biznesit-subvencionet-per-vetepunesim-dhe-mentorim\\\/#breadcrumb\",\"itemListElement\":[{\"@type\":\"ListItem\",\"position\":1,\"name\":\"\u041f\u043e\u0447\u0435\u0442\u043d\u0430\",\"item\":\"https:\\\/\\\/kt.gov.rs\\\/sq\\\/\"},{\"@type\":\"ListItem\",\"position\":2,\"name\":\"THIRRJE PUBLIKE \u2013 P\u00cbRZGJEDHJA E P\u00cbRDORUESVE P\u00cbR PROCESIN E TRAJNIMIT T\u00cb BIZNESIT, SUBVENCIONET P\u00cbR VET\u00cbPUN\u00cbSIM DHE MENTORIM\"}]},{\"@type\":\"WebSite\",\"@id\":\"https:\\\/\\\/kt.gov.rs\\\/#website\",\"url\":\"https:\\\/\\\/kt.gov.rs\\\/\",\"name\":\"\u041a\u043e\u043e\u0440\u0434\u0438\u043d\u0430\u0446\u0438\u043e\u043d\u043e \u0442\u0435\u043b\u043e \u0412\u043b\u0430\u0434\u0435 \u0420\u0435\u043f\u0443\u0431\u043b\u0438\u043a\u0435 \u0421\u0440\u0431\u0438\u0458\u0435 \u0437\u0430 \u043e\u043f\u0448\u0442\u0438\u043d\u0435 \u041f\u0440\u0435\u0448\u0435\u0432\u043e, \u0411\u0443\u0458\u0430\u043d\u043e\u0432\u0430\u0446 \u0438 \u041c\u0435\u0434\u0432\u0435\u0452a\",\"description\":\"\",\"publisher\":{\"@id\":\"https:\\\/\\\/kt.gov.rs\\\/#organization\"},\"alternateName\":\"\u041a\u043e\u043e\u0440\u0434\u0438\u043d\u0430\u0446\u0438\u043e\u043d\u043e \u0442\u0435\u043b\u043e\",\"potentialAction\":[{\"@type\":\"SearchAction\",\"target\":{\"@type\":\"EntryPoint\",\"urlTemplate\":\"https:\\\/\\\/kt.gov.rs\\\/?s={search_term_string}\"},\"query-input\":{\"@type\":\"PropertyValueSpecification\",\"valueRequired\":true,\"valueName\":\"search_term_string\"}}],\"inLanguage\":\"sq-AL\"},{\"@type\":\"Organization\",\"@id\":\"https:\\\/\\\/kt.gov.rs\\\/#organization\",\"name\":\"\u041a\u043e\u043e\u0440\u0434\u0438\u043d\u0430\u0446\u0438\u043e\u043d\u043e \u0442\u0435\u043b\u043e \u0412\u043b\u0430\u0434\u0435 \u0420\u0435\u043f\u0443\u0431\u043b\u0438\u043a\u0435 \u0421\u0440\u0431\u0438\u0458\u0435 \u0437\u0430 \u043e\u043f\u0448\u0442\u0438\u043d\u0435 \u041f\u0440\u0435\u0448\u0435\u0432\u043e, \u0411\u0443\u0458\u0430\u043d\u043e\u0432\u0430\u0446 \u0438 \u041c\u0435\u0434\u0432\u0435\u0452a\",\"alternateName\":\"\u041a\u043e\u043e\u0440\u0434\u0438\u043d\u0430\u0446\u0438\u043e\u043d\u043e \u0442\u0435\u043b\u043e\",\"url\":\"https:\\\/\\\/kt.gov.rs\\\/\",\"logo\":{\"@type\":\"ImageObject\",\"inLanguage\":\"sq-AL\",\"@id\":\"https:\\\/\\\/kt.gov.rs\\\/#\\\/schema\\\/logo\\\/image\\\/\",\"url\":\"https:\\\/\\\/kt.gov.rs\\\/wp-content\\\/uploads\\\/2024\\\/12\\\/koord2.jpg\",\"contentUrl\":\"https:\\\/\\\/kt.gov.rs\\\/wp-content\\\/uploads\\\/2024\\\/12\\\/koord2.jpg\",\"width\":640,\"height\":480,\"caption\":\"\u041a\u043e\u043e\u0440\u0434\u0438\u043d\u0430\u0446\u0438\u043e\u043d\u043e \u0442\u0435\u043b\u043e \u0412\u043b\u0430\u0434\u0435 \u0420\u0435\u043f\u0443\u0431\u043b\u0438\u043a\u0435 \u0421\u0440\u0431\u0438\u0458\u0435 \u0437\u0430 \u043e\u043f\u0448\u0442\u0438\u043d\u0435 \u041f\u0440\u0435\u0448\u0435\u0432\u043e, \u0411\u0443\u0458\u0430\u043d\u043e\u0432\u0430\u0446 \u0438 \u041c\u0435\u0434\u0432\u0435\u0452a\"},\"image\":{\"@id\":\"https:\\\/\\\/kt.gov.rs\\\/#\\\/schema\\\/logo\\\/image\\\/\"},\"sameAs\":[\"https:\\\/\\\/www.facebook.com\\\/SluzbaKoordinacionogTelaVladeRepublikeSrbije\",\"https:\\\/\\\/x.com\\\/kt_gov\",\"https:\\\/\\\/www.youtube.com\\\/@koordinacionotelo\"]},{\"@type\":\"Person\",\"@id\":\"https:\\\/\\\/kt.gov.rs\\\/#\\\/schema\\\/person\\\/e426459ddb4173309103390602694571\",\"name\":\"ktmin\",\"image\":{\"@type\":\"ImageObject\",\"inLanguage\":\"sq-AL\",\"@id\":\"https:\\\/\\\/secure.gravatar.com\\\/avatar\\\/3985c961109853010c3fbc7ba30365bfba5db3dd6c525831d9c595c7525a615a?s=96&d=mm&r=g\",\"url\":\"https:\\\/\\\/secure.gravatar.com\\\/avatar\\\/3985c961109853010c3fbc7ba30365bfba5db3dd6c525831d9c595c7525a615a?s=96&d=mm&r=g\",\"contentUrl\":\"https:\\\/\\\/secure.gravatar.com\\\/avatar\\\/3985c961109853010c3fbc7ba30365bfba5db3dd6c525831d9c595c7525a615a?s=96&d=mm&r=g\",\"caption\":\"ktmin\"},\"sameAs\":[\"https:\\\/\\\/kt.gov.rs\"],\"url\":\"https:\\\/\\\/kt.gov.rs\\\/sq\\\/author\\\/ktmin\\\/\"}]}<\/script>\n<!-- \/ Yoast SEO plugin. -->","yoast_head_json":{"title":"THIRRJE PUBLIKE - P\u00cbRZGJEDHJA E P\u00cbRDORUESVE P\u00cbR PROCESIN E TRAJNIMIT T\u00cb BIZNESIT, SUBVENCIONET P\u00cbR VET\u00cbPUN\u00cbSIM DHE MENTORIM - Republika e S\u00ebrbis\u00eb Trupi Koordinues p\u00ebr komunat Bujanoc, Preshev\u00eb dhe Medvegj\u00eb","robots":{"index":"index","follow":"follow","max-snippet":"max-snippet:-1","max-image-preview":"max-image-preview:large","max-video-preview":"max-video-preview:-1"},"canonical":"https:\/\/kt.gov.rs\/sq\/thirrje-publike-perzgjedhja-e-perdoruesve-per-procesin-e-trajnimit-te-biznesit-subvencionet-per-vetepunesim-dhe-mentorim\/","og_locale":"sq_AL","og_type":"article","og_title":"THIRRJE PUBLIKE - P\u00cbRZGJEDHJA E P\u00cbRDORUESVE P\u00cbR PROCESIN E TRAJNIMIT T\u00cb BIZNESIT, SUBVENCIONET P\u00cbR VET\u00cbPUN\u00cbSIM DHE MENTORIM - Republika e S\u00ebrbis\u00eb Trupi Koordinues p\u00ebr komunat Bujanoc, Preshev\u00eb dhe Medvegj\u00eb","og_description":"Preshev\u00eb - Bujanoc - Beograd -\u00a0Komisioni p\u00ebr p\u00ebrzgjedhjen e p\u00ebrfituesve t\u00eb Projektit &quot;Pun\u00ebsimi i rom\u00ebve dhe t\u00eb kthyerve - E2R2&quot; shpall thirrje publike p\u00ebr p\u00ebrzgjedhjen e p\u00ebrfituesve p\u00ebr procesin e trajnimit t\u00eb biznesit, subvencioneve p\u00ebr vet\u00ebpun\u00ebsim dhe mentorimit.","og_url":"https:\/\/kt.gov.rs\/sq\/thirrje-publike-perzgjedhja-e-perdoruesve-per-procesin-e-trajnimit-te-biznesit-subvencionet-per-vetepunesim-dhe-mentorim\/","og_site_name":"Republika e S\u00ebrbis\u00eb Trupi Koordinues p\u00ebr komunat Bujanoc, Preshev\u00eb dhe Medvegj\u00eb","article_publisher":"https:\/\/www.facebook.com\/SluzbaKoordinacionogTelaVladeRepublikeSrbije","article_published_time":"2022-03-15T00:00:00+00:00","article_modified_time":"2024-07-30T17:57:29+00:00","og_image":[{"width":315,"height":230,"url":"https:\/\/kt.gov.rs\/wp-content\/uploads\/2024\/07\/1647351188_150322_2-3.jpg","type":"image\/jpeg"}],"author":"ktmin","twitter_card":"summary_large_image","twitter_creator":"@kt_gov","twitter_site":"@kt_gov","twitter_misc":{"Written by":"ktmin","Est. reading time":"4 minutes"},"schema":{"@context":"https:\/\/schema.org","@graph":[{"@type":"Article","@id":"https:\/\/kt.gov.rs\/sq\/thirrje-publike-perzgjedhja-e-perdoruesve-per-procesin-e-trajnimit-te-biznesit-subvencionet-per-vetepunesim-dhe-mentorim\/#article","isPartOf":{"@id":"https:\/\/kt.gov.rs\/sq\/thirrje-publike-perzgjedhja-e-perdoruesve-per-procesin-e-trajnimit-te-biznesit-subvencionet-per-vetepunesim-dhe-mentorim\/"},"author":{"name":"ktmin","@id":"https:\/\/kt.gov.rs\/#\/schema\/person\/e426459ddb4173309103390602694571"},"headline":"THIRRJE PUBLIKE \u2013 P\u00cbRZGJEDHJA E P\u00cbRDORUESVE P\u00cbR PROCESIN E TRAJNIMIT T\u00cb BIZNESIT, SUBVENCIONET P\u00cbR VET\u00cbPUN\u00cbSIM DHE MENTORIM","datePublished":"2022-03-15T00:00:00+00:00","dateModified":"2024-07-30T17:57:29+00:00","mainEntityOfPage":{"@id":"https:\/\/kt.gov.rs\/sq\/thirrje-publike-perzgjedhja-e-perdoruesve-per-procesin-e-trajnimit-te-biznesit-subvencionet-per-vetepunesim-dhe-mentorim\/"},"wordCount":809,"publisher":{"@id":"https:\/\/kt.gov.rs\/#organization"},"image":{"@id":"https:\/\/kt.gov.rs\/sq\/thirrje-publike-perzgjedhja-e-perdoruesve-per-procesin-e-trajnimit-te-biznesit-subvencionet-per-vetepunesim-dhe-mentorim\/#primaryimage"},"thumbnailUrl":"https:\/\/kt.gov.rs\/wp-content\/uploads\/2024\/07\/1647351188_150322_2-3.jpg","articleSection":["Lajme"],"inLanguage":"sq-AL"},{"@type":"WebPage","@id":"https:\/\/kt.gov.rs\/sq\/thirrje-publike-perzgjedhja-e-perdoruesve-per-procesin-e-trajnimit-te-biznesit-subvencionet-per-vetepunesim-dhe-mentorim\/","url":"https:\/\/kt.gov.rs\/sq\/thirrje-publike-perzgjedhja-e-perdoruesve-per-procesin-e-trajnimit-te-biznesit-subvencionet-per-vetepunesim-dhe-mentorim\/","name":"THIRRJE PUBLIKE - P\u00cbRZGJEDHJA E P\u00cbRDORUESVE P\u00cbR PROCESIN E TRAJNIMIT T\u00cb BIZNESIT, SUBVENCIONET P\u00cbR VET\u00cbPUN\u00cbSIM DHE MENTORIM - Republika e S\u00ebrbis\u00eb Trupi Koordinues p\u00ebr komunat Bujanoc, Preshev\u00eb dhe Medvegj\u00eb","isPartOf":{"@id":"https:\/\/kt.gov.rs\/#website"},"primaryImageOfPage":{"@id":"https:\/\/kt.gov.rs\/sq\/thirrje-publike-perzgjedhja-e-perdoruesve-per-procesin-e-trajnimit-te-biznesit-subvencionet-per-vetepunesim-dhe-mentorim\/#primaryimage"},"image":{"@id":"https:\/\/kt.gov.rs\/sq\/thirrje-publike-perzgjedhja-e-perdoruesve-per-procesin-e-trajnimit-te-biznesit-subvencionet-per-vetepunesim-dhe-mentorim\/#primaryimage"},"thumbnailUrl":"https:\/\/kt.gov.rs\/wp-content\/uploads\/2024\/07\/1647351188_150322_2-3.jpg","datePublished":"2022-03-15T00:00:00+00:00","dateModified":"2024-07-30T17:57:29+00:00","breadcrumb":{"@id":"https:\/\/kt.gov.rs\/sq\/thirrje-publike-perzgjedhja-e-perdoruesve-per-procesin-e-trajnimit-te-biznesit-subvencionet-per-vetepunesim-dhe-mentorim\/#breadcrumb"},"inLanguage":"sq-AL","potentialAction":[{"@type":"ReadAction","target":["https:\/\/kt.gov.rs\/sq\/thirrje-publike-perzgjedhja-e-perdoruesve-per-procesin-e-trajnimit-te-biznesit-subvencionet-per-vetepunesim-dhe-mentorim\/"]}]},{"@type":"ImageObject","inLanguage":"sq-AL","@id":"https:\/\/kt.gov.rs\/sq\/thirrje-publike-perzgjedhja-e-perdoruesve-per-procesin-e-trajnimit-te-biznesit-subvencionet-per-vetepunesim-dhe-mentorim\/#primaryimage","url":"https:\/\/kt.gov.rs\/wp-content\/uploads\/2024\/07\/1647351188_150322_2-3.jpg","contentUrl":"https:\/\/kt.gov.rs\/wp-content\/uploads\/2024\/07\/1647351188_150322_2-3.jpg","width":315,"height":230},{"@type":"BreadcrumbList","@id":"https:\/\/kt.gov.rs\/sq\/thirrje-publike-perzgjedhja-e-perdoruesve-per-procesin-e-trajnimit-te-biznesit-subvencionet-per-vetepunesim-dhe-mentorim\/#breadcrumb","itemListElement":[{"@type":"ListItem","position":1,"name":"\u041f\u043e\u0447\u0435\u0442\u043d\u0430","item":"https:\/\/kt.gov.rs\/sq\/"},{"@type":"ListItem","position":2,"name":"THIRRJE PUBLIKE \u2013 P\u00cbRZGJEDHJA E P\u00cbRDORUESVE P\u00cbR PROCESIN E TRAJNIMIT T\u00cb BIZNESIT, SUBVENCIONET P\u00cbR VET\u00cbPUN\u00cbSIM DHE MENTORIM"}]},{"@type":"WebSite","@id":"https:\/\/kt.gov.rs\/#website","url":"https:\/\/kt.gov.rs\/","name":"\u041a\u043e\u043e\u0440\u0434\u0438\u043d\u0430\u0446\u0438\u043e\u043d\u043e \u0442\u0435\u043b\u043e \u0412\u043b\u0430\u0434\u0435 \u0420\u0435\u043f\u0443\u0431\u043b\u0438\u043a\u0435 \u0421\u0440\u0431\u0438\u0458\u0435 \u0437\u0430 \u043e\u043f\u0448\u0442\u0438\u043d\u0435 \u041f\u0440\u0435\u0448\u0435\u0432\u043e, \u0411\u0443\u0458\u0430\u043d\u043e\u0432\u0430\u0446 \u0438 \u041c\u0435\u0434\u0432\u0435\u0452a","description":"","publisher":{"@id":"https:\/\/kt.gov.rs\/#organization"},"alternateName":"\u041a\u043e\u043e\u0440\u0434\u0438\u043d\u0430\u0446\u0438\u043e\u043d\u043e \u0442\u0435\u043b\u043e","potentialAction":[{"@type":"SearchAction","target":{"@type":"EntryPoint","urlTemplate":"https:\/\/kt.gov.rs\/?s={search_term_string}"},"query-input":{"@type":"PropertyValueSpecification","valueRequired":true,"valueName":"search_term_string"}}],"inLanguage":"sq-AL"},{"@type":"Organization","@id":"https:\/\/kt.gov.rs\/#organization","name":"\u041a\u043e\u043e\u0440\u0434\u0438\u043d\u0430\u0446\u0438\u043e\u043d\u043e \u0442\u0435\u043b\u043e \u0412\u043b\u0430\u0434\u0435 \u0420\u0435\u043f\u0443\u0431\u043b\u0438\u043a\u0435 \u0421\u0440\u0431\u0438\u0458\u0435 \u0437\u0430 \u043e\u043f\u0448\u0442\u0438\u043d\u0435 \u041f\u0440\u0435\u0448\u0435\u0432\u043e, \u0411\u0443\u0458\u0430\u043d\u043e\u0432\u0430\u0446 \u0438 \u041c\u0435\u0434\u0432\u0435\u0452a","alternateName":"\u041a\u043e\u043e\u0440\u0434\u0438\u043d\u0430\u0446\u0438\u043e\u043d\u043e \u0442\u0435\u043b\u043e","url":"https:\/\/kt.gov.rs\/","logo":{"@type":"ImageObject","inLanguage":"sq-AL","@id":"https:\/\/kt.gov.rs\/#\/schema\/logo\/image\/","url":"https:\/\/kt.gov.rs\/wp-content\/uploads\/2024\/12\/koord2.jpg","contentUrl":"https:\/\/kt.gov.rs\/wp-content\/uploads\/2024\/12\/koord2.jpg","width":640,"height":480,"caption":"\u041a\u043e\u043e\u0440\u0434\u0438\u043d\u0430\u0446\u0438\u043e\u043d\u043e \u0442\u0435\u043b\u043e \u0412\u043b\u0430\u0434\u0435 \u0420\u0435\u043f\u0443\u0431\u043b\u0438\u043a\u0435 \u0421\u0440\u0431\u0438\u0458\u0435 \u0437\u0430 \u043e\u043f\u0448\u0442\u0438\u043d\u0435 \u041f\u0440\u0435\u0448\u0435\u0432\u043e, \u0411\u0443\u0458\u0430\u043d\u043e\u0432\u0430\u0446 \u0438 \u041c\u0435\u0434\u0432\u0435\u0452a"},"image":{"@id":"https:\/\/kt.gov.rs\/#\/schema\/logo\/image\/"},"sameAs":["https:\/\/www.facebook.com\/SluzbaKoordinacionogTelaVladeRepublikeSrbije","https:\/\/x.com\/kt_gov","https:\/\/www.youtube.com\/@koordinacionotelo"]},{"@type":"Person","@id":"https:\/\/kt.gov.rs\/#\/schema\/person\/e426459ddb4173309103390602694571","name":"ktmin","image":{"@type":"ImageObject","inLanguage":"sq-AL","@id":"https:\/\/secure.gravatar.com\/avatar\/3985c961109853010c3fbc7ba30365bfba5db3dd6c525831d9c595c7525a615a?s=96&d=mm&r=g","url":"https:\/\/secure.gravatar.com\/avatar\/3985c961109853010c3fbc7ba30365bfba5db3dd6c525831d9c595c7525a615a?s=96&d=mm&r=g","contentUrl":"https:\/\/secure.gravatar.com\/avatar\/3985c961109853010c3fbc7ba30365bfba5db3dd6c525831d9c595c7525a615a?s=96&d=mm&r=g","caption":"ktmin"},"sameAs":["https:\/\/kt.gov.rs"],"url":"https:\/\/kt.gov.rs\/sq\/author\/ktmin\/"}]}},"_links":{"self":[{"href":"https:\/\/kt.gov.rs\/sq\/wp-json\/wp\/v2\/posts\/107990","targetHints":{"allow":["GET"]}}],"collection":[{"href":"https:\/\/kt.gov.rs\/sq\/wp-json\/wp\/v2\/posts"}],"about":[{"href":"https:\/\/kt.gov.rs\/sq\/wp-json\/wp\/v2\/types\/post"}],"author":[{"embeddable":true,"href":"https:\/\/kt.gov.rs\/sq\/wp-json\/wp\/v2\/users\/1"}],"replies":[{"embeddable":true,"href":"https:\/\/kt.gov.rs\/sq\/wp-json\/wp\/v2\/comments?post=107990"}],"version-history":[{"count":1,"href":"https:\/\/kt.gov.rs\/sq\/wp-json\/wp\/v2\/posts\/107990\/revisions"}],"predecessor-version":[{"id":107994,"href":"https:\/\/kt.gov.rs\/sq\/wp-json\/wp\/v2\/posts\/107990\/revisions\/107994"}],"wp:featuredmedia":[{"embeddable":true,"href":"https:\/\/kt.gov.rs\/sq\/wp-json\/wp\/v2\/media\/107995"}],"wp:attachment":[{"href":"https:\/\/kt.gov.rs\/sq\/wp-json\/wp\/v2\/media?parent=107990"}],"wp:term":[{"taxonomy":"category","embeddable":true,"href":"https:\/\/kt.gov.rs\/sq\/wp-json\/wp\/v2\/categories?post=107990"},{"taxonomy":"post_tag","embeddable":true,"href":"https:\/\/kt.gov.rs\/sq\/wp-json\/wp\/v2\/tags?post=107990"}],"curies":[{"name":"wp","href":"https:\/\/api.w.org\/{rel}","templated":true}]}}