{"id":107934,"date":"2022-03-18T00:00:00","date_gmt":"2022-03-18T00:00:00","guid":{"rendered":"http:\/\/kt.printandscreen.rs\/promovimi-i-librit-vihor-sa-propllanka-ne-qendren-kulturore-medvegje\/"},"modified":"2024-07-30T17:57:24","modified_gmt":"2024-07-30T17:57:24","slug":"promovimi-i-librit-vihor-sa-propllanka-ne-qendren-kulturore-medvegje","status":"publish","type":"post","link":"https:\/\/kt.gov.rs\/sq\/promovimi-i-librit-vihor-sa-propllanka-ne-qendren-kulturore-medvegje\/","title":{"rendered":"PROMOVIMI I LIBRIT \u201cVIHOR SA PROPLLANKA\u201d N\u00cb QENDR\u00cbN KULTURORE MEDVEGJ\u00cb"},"content":{"rendered":"<p>\n\t<strong><img decoding=\"async\" alt=\"\" src=\"https:\/\/kt.gov.rs\/wp-content\/uploads\/2024\/07\/1647612328_180322_3-2.jpg\" style=\"width: 315px; height: 230px; float: left;\" \/><\/strong><\/p>\n<p>\n\t<strong>Medvegj\u00eb \u2013 Beograd \u2013<\/strong> Lexuesit do t\u00eb ken\u00eb mund\u00ebsin\u00eb t\u00eb njihen me librin e ri t\u00eb shkrimtarit vendas Mirko Radivojeviq &quot;Vihor sa propllanka&quot; nj\u00eb dark\u00eb letrare q\u00eb do t\u00eb mbahet n\u00eb Qendr\u00ebn Kulturore t\u00eb Medvegj\u00ebs, m\u00eb 19 mars, me fillim nga ora 18:00.<\/p>\n<p>\n\tT\u00eb ftuar t\u00eb mbr\u00ebmjes do t\u00eb jen\u00eb Vllada Paunoviq, redaktor, pastaj Bojan Marjanoviq, botues, Millija Radivojeviq, artist, Miljan Tokoviq, dolli dhe flautist, Radosav Doderoviq, gusllar nga Marovci dhe Millosh Peroviq, poet nga Medvegja.<\/p>\n<p>\n\t<strong>Burimet: Jugmedia, Trupi Koordinues<\/strong><\/p>\n<p>\n\t\u00a0<\/p>\n","protected":false},"excerpt":{"rendered":"<p>Medvegj\u00eb \u2013 Beograd \u2013\u00a0Lexuesit do t\u00eb ken\u00eb mund\u00ebsin\u00eb t\u00eb njihen me librin e ri t\u00eb shkrimtarit vendas Mirko Radivojeviq &quot;Vihor sa propllanka&quot; nj\u00eb dark\u00eb letrare q\u00eb do t\u00eb mbahet n\u00eb Qendr\u00ebn Kulturore t\u00eb Medvegj\u00ebs, m\u00eb 19 mars, me fillim nga ora 18:00.<\/p>\n","protected":false},"author":1,"featured_media":107939,"comment_status":"closed","ping_status":"closed","sticky":false,"template":"","format":"standard","meta":{"footnotes":""},"categories":[55],"tags":[],"class_list":["post-107934","post","type-post","status-publish","format-standard","has-post-thumbnail","hentry","category-lajme"],"yoast_head":"<!-- This site is optimized with the Yoast SEO plugin v27.5 - https:\/\/yoast.com\/product\/yoast-seo-wordpress\/ -->\n<title>PROMOVIMI I LIBRIT \u201cVIHOR SA PROPLLANKA\u201d N\u00cb QENDR\u00cbN KULTURORE MEDVEGJ\u00cb - Republika e S\u00ebrbis\u00eb Trupi Koordinues p\u00ebr komunat Bujanoc, Preshev\u00eb dhe Medvegj\u00eb<\/title>\n<meta name=\"robots\" content=\"index, follow, max-snippet:-1, max-image-preview:large, max-video-preview:-1\" \/>\n<link rel=\"canonical\" href=\"https:\/\/kt.gov.rs\/sq\/promovimi-i-librit-vihor-sa-propllanka-ne-qendren-kulturore-medvegje\/\" \/>\n<meta property=\"og:locale\" content=\"sq_AL\" \/>\n<meta property=\"og:type\" content=\"article\" \/>\n<meta property=\"og:title\" content=\"PROMOVIMI I LIBRIT \u201cVIHOR SA PROPLLANKA\u201d N\u00cb QENDR\u00cbN KULTURORE MEDVEGJ\u00cb - Republika e S\u00ebrbis\u00eb Trupi Koordinues p\u00ebr komunat Bujanoc, Preshev\u00eb dhe Medvegj\u00eb\" \/>\n<meta property=\"og:description\" content=\"Medvegj\u00eb - Beograd -\u00a0Lexuesit do t\u00eb ken\u00eb mund\u00ebsin\u00eb t\u00eb njihen me librin e ri t\u00eb shkrimtarit vendas Mirko Radivojeviq &quot;Vihor sa propllanka&quot; nj\u00eb dark\u00eb letrare q\u00eb do t\u00eb mbahet n\u00eb Qendr\u00ebn Kulturore t\u00eb Medvegj\u00ebs, m\u00eb 19 mars, me fillim nga ora 18:00.\" \/>\n<meta property=\"og:url\" content=\"https:\/\/kt.gov.rs\/sq\/promovimi-i-librit-vihor-sa-propllanka-ne-qendren-kulturore-medvegje\/\" \/>\n<meta property=\"og:site_name\" content=\"Republika e S\u00ebrbis\u00eb Trupi Koordinues p\u00ebr komunat Bujanoc, Preshev\u00eb dhe Medvegj\u00eb\" \/>\n<meta property=\"article:publisher\" content=\"https:\/\/www.facebook.com\/SluzbaKoordinacionogTelaVladeRepublikeSrbije\" \/>\n<meta property=\"article:published_time\" content=\"2022-03-18T00:00:00+00:00\" \/>\n<meta property=\"article:modified_time\" content=\"2024-07-30T17:57:24+00:00\" \/>\n<meta property=\"og:image\" content=\"https:\/\/kt.gov.rs\/wp-content\/uploads\/2024\/07\/1647612328_180322_3-3.jpg\" \/>\n\t<meta property=\"og:image:width\" content=\"315\" \/>\n\t<meta property=\"og:image:height\" content=\"230\" \/>\n\t<meta property=\"og:image:type\" content=\"image\/jpeg\" \/>\n<meta name=\"author\" content=\"ktmin\" \/>\n<meta name=\"twitter:card\" content=\"summary_large_image\" \/>\n<meta name=\"twitter:creator\" content=\"@kt_gov\" \/>\n<meta name=\"twitter:site\" content=\"@kt_gov\" \/>\n<meta name=\"twitter:label1\" content=\"Written by\" \/>\n\t<meta name=\"twitter:data1\" content=\"ktmin\" \/>\n\t<meta name=\"twitter:label2\" content=\"Est. reading time\" \/>\n\t<meta name=\"twitter:data2\" content=\"1 minute\" \/>\n<script type=\"application\/ld+json\" class=\"yoast-schema-graph\">{\"@context\":\"https:\\\/\\\/schema.org\",\"@graph\":[{\"@type\":\"Article\",\"@id\":\"https:\\\/\\\/kt.gov.rs\\\/sq\\\/promovimi-i-librit-vihor-sa-propllanka-ne-qendren-kulturore-medvegje\\\/#article\",\"isPartOf\":{\"@id\":\"https:\\\/\\\/kt.gov.rs\\\/sq\\\/promovimi-i-librit-vihor-sa-propllanka-ne-qendren-kulturore-medvegje\\\/\"},\"author\":{\"name\":\"ktmin\",\"@id\":\"https:\\\/\\\/kt.gov.rs\\\/#\\\/schema\\\/person\\\/e426459ddb4173309103390602694571\"},\"headline\":\"PROMOVIMI I LIBRIT \u201cVIHOR SA PROPLLANKA\u201d N\u00cb QENDR\u00cbN KULTURORE MEDVEGJ\u00cb\",\"datePublished\":\"2022-03-18T00:00:00+00:00\",\"dateModified\":\"2024-07-30T17:57:24+00:00\",\"mainEntityOfPage\":{\"@id\":\"https:\\\/\\\/kt.gov.rs\\\/sq\\\/promovimi-i-librit-vihor-sa-propllanka-ne-qendren-kulturore-medvegje\\\/\"},\"wordCount\":117,\"publisher\":{\"@id\":\"https:\\\/\\\/kt.gov.rs\\\/#organization\"},\"image\":{\"@id\":\"https:\\\/\\\/kt.gov.rs\\\/sq\\\/promovimi-i-librit-vihor-sa-propllanka-ne-qendren-kulturore-medvegje\\\/#primaryimage\"},\"thumbnailUrl\":\"https:\\\/\\\/kt.gov.rs\\\/wp-content\\\/uploads\\\/2024\\\/07\\\/1647612328_180322_3-3.jpg\",\"articleSection\":[\"Lajme\"],\"inLanguage\":\"sq-AL\"},{\"@type\":\"WebPage\",\"@id\":\"https:\\\/\\\/kt.gov.rs\\\/sq\\\/promovimi-i-librit-vihor-sa-propllanka-ne-qendren-kulturore-medvegje\\\/\",\"url\":\"https:\\\/\\\/kt.gov.rs\\\/sq\\\/promovimi-i-librit-vihor-sa-propllanka-ne-qendren-kulturore-medvegje\\\/\",\"name\":\"PROMOVIMI I LIBRIT \u201cVIHOR SA PROPLLANKA\u201d N\u00cb QENDR\u00cbN KULTURORE MEDVEGJ\u00cb - Republika e S\u00ebrbis\u00eb Trupi Koordinues p\u00ebr komunat Bujanoc, Preshev\u00eb dhe Medvegj\u00eb\",\"isPartOf\":{\"@id\":\"https:\\\/\\\/kt.gov.rs\\\/#website\"},\"primaryImageOfPage\":{\"@id\":\"https:\\\/\\\/kt.gov.rs\\\/sq\\\/promovimi-i-librit-vihor-sa-propllanka-ne-qendren-kulturore-medvegje\\\/#primaryimage\"},\"image\":{\"@id\":\"https:\\\/\\\/kt.gov.rs\\\/sq\\\/promovimi-i-librit-vihor-sa-propllanka-ne-qendren-kulturore-medvegje\\\/#primaryimage\"},\"thumbnailUrl\":\"https:\\\/\\\/kt.gov.rs\\\/wp-content\\\/uploads\\\/2024\\\/07\\\/1647612328_180322_3-3.jpg\",\"datePublished\":\"2022-03-18T00:00:00+00:00\",\"dateModified\":\"2024-07-30T17:57:24+00:00\",\"breadcrumb\":{\"@id\":\"https:\\\/\\\/kt.gov.rs\\\/sq\\\/promovimi-i-librit-vihor-sa-propllanka-ne-qendren-kulturore-medvegje\\\/#breadcrumb\"},\"inLanguage\":\"sq-AL\",\"potentialAction\":[{\"@type\":\"ReadAction\",\"target\":[\"https:\\\/\\\/kt.gov.rs\\\/sq\\\/promovimi-i-librit-vihor-sa-propllanka-ne-qendren-kulturore-medvegje\\\/\"]}]},{\"@type\":\"ImageObject\",\"inLanguage\":\"sq-AL\",\"@id\":\"https:\\\/\\\/kt.gov.rs\\\/sq\\\/promovimi-i-librit-vihor-sa-propllanka-ne-qendren-kulturore-medvegje\\\/#primaryimage\",\"url\":\"https:\\\/\\\/kt.gov.rs\\\/wp-content\\\/uploads\\\/2024\\\/07\\\/1647612328_180322_3-3.jpg\",\"contentUrl\":\"https:\\\/\\\/kt.gov.rs\\\/wp-content\\\/uploads\\\/2024\\\/07\\\/1647612328_180322_3-3.jpg\",\"width\":315,\"height\":230},{\"@type\":\"BreadcrumbList\",\"@id\":\"https:\\\/\\\/kt.gov.rs\\\/sq\\\/promovimi-i-librit-vihor-sa-propllanka-ne-qendren-kulturore-medvegje\\\/#breadcrumb\",\"itemListElement\":[{\"@type\":\"ListItem\",\"position\":1,\"name\":\"Po\u010detna\",\"item\":\"https:\\\/\\\/kt.gov.rs\\\/sq\\\/\"},{\"@type\":\"ListItem\",\"position\":2,\"name\":\"PROMOVIMI I LIBRIT \u201cVIHOR SA PROPLLANKA\u201d N\u00cb QENDR\u00cbN KULTURORE MEDVEGJ\u00cb\"}]},{\"@type\":\"WebSite\",\"@id\":\"https:\\\/\\\/kt.gov.rs\\\/#website\",\"url\":\"https:\\\/\\\/kt.gov.rs\\\/\",\"name\":\"Koordinaciono telo Vlade Republike Srbije za op\u0161tine Pre\u0161evo, Bujanovac i Medve\u0111a\",\"description\":\"\",\"publisher\":{\"@id\":\"https:\\\/\\\/kt.gov.rs\\\/#organization\"},\"alternateName\":\"Koordinaciono telo\",\"potentialAction\":[{\"@type\":\"SearchAction\",\"target\":{\"@type\":\"EntryPoint\",\"urlTemplate\":\"https:\\\/\\\/kt.gov.rs\\\/?s={search_term_string}\"},\"query-input\":{\"@type\":\"PropertyValueSpecification\",\"valueRequired\":true,\"valueName\":\"search_term_string\"}}],\"inLanguage\":\"sq-AL\"},{\"@type\":\"Organization\",\"@id\":\"https:\\\/\\\/kt.gov.rs\\\/#organization\",\"name\":\"Koordinaciono telo Vlade Republike Srbije za op\u0161tine Pre\u0161evo, Bujanovac i Medve\u0111a\",\"alternateName\":\"Koordinaciono telo\",\"url\":\"https:\\\/\\\/kt.gov.rs\\\/\",\"logo\":{\"@type\":\"ImageObject\",\"inLanguage\":\"sq-AL\",\"@id\":\"https:\\\/\\\/kt.gov.rs\\\/#\\\/schema\\\/logo\\\/image\\\/\",\"url\":\"https:\\\/\\\/kt.gov.rs\\\/wp-content\\\/uploads\\\/2024\\\/12\\\/koord2.jpg\",\"contentUrl\":\"https:\\\/\\\/kt.gov.rs\\\/wp-content\\\/uploads\\\/2024\\\/12\\\/koord2.jpg\",\"width\":640,\"height\":480,\"caption\":\"Koordinaciono telo Vlade Republike Srbije za op\u0161tine Pre\u0161evo, Bujanovac i Medve\u0111a\"},\"image\":{\"@id\":\"https:\\\/\\\/kt.gov.rs\\\/#\\\/schema\\\/logo\\\/image\\\/\"},\"sameAs\":[\"https:\\\/\\\/www.facebook.com\\\/SluzbaKoordinacionogTelaVladeRepublikeSrbije\",\"https:\\\/\\\/x.com\\\/kt_gov\",\"https:\\\/\\\/www.youtube.com\\\/@koordinacionotelo\"]},{\"@type\":\"Person\",\"@id\":\"https:\\\/\\\/kt.gov.rs\\\/#\\\/schema\\\/person\\\/e426459ddb4173309103390602694571\",\"name\":\"ktmin\",\"image\":{\"@type\":\"ImageObject\",\"inLanguage\":\"sq-AL\",\"@id\":\"https:\\\/\\\/secure.gravatar.com\\\/avatar\\\/3985c961109853010c3fbc7ba30365bfba5db3dd6c525831d9c595c7525a615a?s=96&d=mm&r=g\",\"url\":\"https:\\\/\\\/secure.gravatar.com\\\/avatar\\\/3985c961109853010c3fbc7ba30365bfba5db3dd6c525831d9c595c7525a615a?s=96&d=mm&r=g\",\"contentUrl\":\"https:\\\/\\\/secure.gravatar.com\\\/avatar\\\/3985c961109853010c3fbc7ba30365bfba5db3dd6c525831d9c595c7525a615a?s=96&d=mm&r=g\",\"caption\":\"ktmin\"},\"sameAs\":[\"https:\\\/\\\/kt.gov.rs\"],\"url\":\"https:\\\/\\\/kt.gov.rs\\\/sq\\\/author\\\/ktmin\\\/\"}]}<\/script>\n<!-- \/ Yoast SEO plugin. -->","yoast_head_json":{"title":"PROMOVIMI I LIBRIT \u201cVIHOR SA PROPLLANKA\u201d N\u00cb QENDR\u00cbN KULTURORE MEDVEGJ\u00cb - Republika e S\u00ebrbis\u00eb Trupi Koordinues p\u00ebr komunat Bujanoc, Preshev\u00eb dhe Medvegj\u00eb","robots":{"index":"index","follow":"follow","max-snippet":"max-snippet:-1","max-image-preview":"max-image-preview:large","max-video-preview":"max-video-preview:-1"},"canonical":"https:\/\/kt.gov.rs\/sq\/promovimi-i-librit-vihor-sa-propllanka-ne-qendren-kulturore-medvegje\/","og_locale":"sq_AL","og_type":"article","og_title":"PROMOVIMI I LIBRIT \u201cVIHOR SA PROPLLANKA\u201d N\u00cb QENDR\u00cbN KULTURORE MEDVEGJ\u00cb - Republika e S\u00ebrbis\u00eb Trupi Koordinues p\u00ebr komunat Bujanoc, Preshev\u00eb dhe Medvegj\u00eb","og_description":"Medvegj\u00eb - Beograd -\u00a0Lexuesit do t\u00eb ken\u00eb mund\u00ebsin\u00eb t\u00eb njihen me librin e ri t\u00eb shkrimtarit vendas Mirko Radivojeviq &quot;Vihor sa propllanka&quot; nj\u00eb dark\u00eb letrare q\u00eb do t\u00eb mbahet n\u00eb Qendr\u00ebn Kulturore t\u00eb Medvegj\u00ebs, m\u00eb 19 mars, me fillim nga ora 18:00.","og_url":"https:\/\/kt.gov.rs\/sq\/promovimi-i-librit-vihor-sa-propllanka-ne-qendren-kulturore-medvegje\/","og_site_name":"Republika e S\u00ebrbis\u00eb Trupi Koordinues p\u00ebr komunat Bujanoc, Preshev\u00eb dhe Medvegj\u00eb","article_publisher":"https:\/\/www.facebook.com\/SluzbaKoordinacionogTelaVladeRepublikeSrbije","article_published_time":"2022-03-18T00:00:00+00:00","article_modified_time":"2024-07-30T17:57:24+00:00","og_image":[{"width":315,"height":230,"url":"https:\/\/kt.gov.rs\/wp-content\/uploads\/2024\/07\/1647612328_180322_3-3.jpg","type":"image\/jpeg"}],"author":"ktmin","twitter_card":"summary_large_image","twitter_creator":"@kt_gov","twitter_site":"@kt_gov","twitter_misc":{"Written by":"ktmin","Est. reading time":"1 minute"},"schema":{"@context":"https:\/\/schema.org","@graph":[{"@type":"Article","@id":"https:\/\/kt.gov.rs\/sq\/promovimi-i-librit-vihor-sa-propllanka-ne-qendren-kulturore-medvegje\/#article","isPartOf":{"@id":"https:\/\/kt.gov.rs\/sq\/promovimi-i-librit-vihor-sa-propllanka-ne-qendren-kulturore-medvegje\/"},"author":{"name":"ktmin","@id":"https:\/\/kt.gov.rs\/#\/schema\/person\/e426459ddb4173309103390602694571"},"headline":"PROMOVIMI I LIBRIT \u201cVIHOR SA PROPLLANKA\u201d N\u00cb QENDR\u00cbN KULTURORE MEDVEGJ\u00cb","datePublished":"2022-03-18T00:00:00+00:00","dateModified":"2024-07-30T17:57:24+00:00","mainEntityOfPage":{"@id":"https:\/\/kt.gov.rs\/sq\/promovimi-i-librit-vihor-sa-propllanka-ne-qendren-kulturore-medvegje\/"},"wordCount":117,"publisher":{"@id":"https:\/\/kt.gov.rs\/#organization"},"image":{"@id":"https:\/\/kt.gov.rs\/sq\/promovimi-i-librit-vihor-sa-propllanka-ne-qendren-kulturore-medvegje\/#primaryimage"},"thumbnailUrl":"https:\/\/kt.gov.rs\/wp-content\/uploads\/2024\/07\/1647612328_180322_3-3.jpg","articleSection":["Lajme"],"inLanguage":"sq-AL"},{"@type":"WebPage","@id":"https:\/\/kt.gov.rs\/sq\/promovimi-i-librit-vihor-sa-propllanka-ne-qendren-kulturore-medvegje\/","url":"https:\/\/kt.gov.rs\/sq\/promovimi-i-librit-vihor-sa-propllanka-ne-qendren-kulturore-medvegje\/","name":"PROMOVIMI I LIBRIT \u201cVIHOR SA PROPLLANKA\u201d N\u00cb QENDR\u00cbN KULTURORE MEDVEGJ\u00cb - Republika e S\u00ebrbis\u00eb Trupi Koordinues p\u00ebr komunat Bujanoc, Preshev\u00eb dhe Medvegj\u00eb","isPartOf":{"@id":"https:\/\/kt.gov.rs\/#website"},"primaryImageOfPage":{"@id":"https:\/\/kt.gov.rs\/sq\/promovimi-i-librit-vihor-sa-propllanka-ne-qendren-kulturore-medvegje\/#primaryimage"},"image":{"@id":"https:\/\/kt.gov.rs\/sq\/promovimi-i-librit-vihor-sa-propllanka-ne-qendren-kulturore-medvegje\/#primaryimage"},"thumbnailUrl":"https:\/\/kt.gov.rs\/wp-content\/uploads\/2024\/07\/1647612328_180322_3-3.jpg","datePublished":"2022-03-18T00:00:00+00:00","dateModified":"2024-07-30T17:57:24+00:00","breadcrumb":{"@id":"https:\/\/kt.gov.rs\/sq\/promovimi-i-librit-vihor-sa-propllanka-ne-qendren-kulturore-medvegje\/#breadcrumb"},"inLanguage":"sq-AL","potentialAction":[{"@type":"ReadAction","target":["https:\/\/kt.gov.rs\/sq\/promovimi-i-librit-vihor-sa-propllanka-ne-qendren-kulturore-medvegje\/"]}]},{"@type":"ImageObject","inLanguage":"sq-AL","@id":"https:\/\/kt.gov.rs\/sq\/promovimi-i-librit-vihor-sa-propllanka-ne-qendren-kulturore-medvegje\/#primaryimage","url":"https:\/\/kt.gov.rs\/wp-content\/uploads\/2024\/07\/1647612328_180322_3-3.jpg","contentUrl":"https:\/\/kt.gov.rs\/wp-content\/uploads\/2024\/07\/1647612328_180322_3-3.jpg","width":315,"height":230},{"@type":"BreadcrumbList","@id":"https:\/\/kt.gov.rs\/sq\/promovimi-i-librit-vihor-sa-propllanka-ne-qendren-kulturore-medvegje\/#breadcrumb","itemListElement":[{"@type":"ListItem","position":1,"name":"Po\u010detna","item":"https:\/\/kt.gov.rs\/sq\/"},{"@type":"ListItem","position":2,"name":"PROMOVIMI I LIBRIT \u201cVIHOR SA PROPLLANKA\u201d N\u00cb QENDR\u00cbN KULTURORE MEDVEGJ\u00cb"}]},{"@type":"WebSite","@id":"https:\/\/kt.gov.rs\/#website","url":"https:\/\/kt.gov.rs\/","name":"Koordinaciono telo Vlade Republike Srbije za op\u0161tine Pre\u0161evo, Bujanovac i Medve\u0111a","description":"","publisher":{"@id":"https:\/\/kt.gov.rs\/#organization"},"alternateName":"Koordinaciono telo","potentialAction":[{"@type":"SearchAction","target":{"@type":"EntryPoint","urlTemplate":"https:\/\/kt.gov.rs\/?s={search_term_string}"},"query-input":{"@type":"PropertyValueSpecification","valueRequired":true,"valueName":"search_term_string"}}],"inLanguage":"sq-AL"},{"@type":"Organization","@id":"https:\/\/kt.gov.rs\/#organization","name":"Koordinaciono telo Vlade Republike Srbije za op\u0161tine Pre\u0161evo, Bujanovac i Medve\u0111a","alternateName":"Koordinaciono telo","url":"https:\/\/kt.gov.rs\/","logo":{"@type":"ImageObject","inLanguage":"sq-AL","@id":"https:\/\/kt.gov.rs\/#\/schema\/logo\/image\/","url":"https:\/\/kt.gov.rs\/wp-content\/uploads\/2024\/12\/koord2.jpg","contentUrl":"https:\/\/kt.gov.rs\/wp-content\/uploads\/2024\/12\/koord2.jpg","width":640,"height":480,"caption":"Koordinaciono telo Vlade Republike Srbije za op\u0161tine Pre\u0161evo, Bujanovac i Medve\u0111a"},"image":{"@id":"https:\/\/kt.gov.rs\/#\/schema\/logo\/image\/"},"sameAs":["https:\/\/www.facebook.com\/SluzbaKoordinacionogTelaVladeRepublikeSrbije","https:\/\/x.com\/kt_gov","https:\/\/www.youtube.com\/@koordinacionotelo"]},{"@type":"Person","@id":"https:\/\/kt.gov.rs\/#\/schema\/person\/e426459ddb4173309103390602694571","name":"ktmin","image":{"@type":"ImageObject","inLanguage":"sq-AL","@id":"https:\/\/secure.gravatar.com\/avatar\/3985c961109853010c3fbc7ba30365bfba5db3dd6c525831d9c595c7525a615a?s=96&d=mm&r=g","url":"https:\/\/secure.gravatar.com\/avatar\/3985c961109853010c3fbc7ba30365bfba5db3dd6c525831d9c595c7525a615a?s=96&d=mm&r=g","contentUrl":"https:\/\/secure.gravatar.com\/avatar\/3985c961109853010c3fbc7ba30365bfba5db3dd6c525831d9c595c7525a615a?s=96&d=mm&r=g","caption":"ktmin"},"sameAs":["https:\/\/kt.gov.rs"],"url":"https:\/\/kt.gov.rs\/sq\/author\/ktmin\/"}]}},"_links":{"self":[{"href":"https:\/\/kt.gov.rs\/sq\/wp-json\/wp\/v2\/posts\/107934","targetHints":{"allow":["GET"]}}],"collection":[{"href":"https:\/\/kt.gov.rs\/sq\/wp-json\/wp\/v2\/posts"}],"about":[{"href":"https:\/\/kt.gov.rs\/sq\/wp-json\/wp\/v2\/types\/post"}],"author":[{"embeddable":true,"href":"https:\/\/kt.gov.rs\/sq\/wp-json\/wp\/v2\/users\/1"}],"replies":[{"embeddable":true,"href":"https:\/\/kt.gov.rs\/sq\/wp-json\/wp\/v2\/comments?post=107934"}],"version-history":[{"count":1,"href":"https:\/\/kt.gov.rs\/sq\/wp-json\/wp\/v2\/posts\/107934\/revisions"}],"predecessor-version":[{"id":107938,"href":"https:\/\/kt.gov.rs\/sq\/wp-json\/wp\/v2\/posts\/107934\/revisions\/107938"}],"wp:featuredmedia":[{"embeddable":true,"href":"https:\/\/kt.gov.rs\/sq\/wp-json\/wp\/v2\/media\/107939"}],"wp:attachment":[{"href":"https:\/\/kt.gov.rs\/sq\/wp-json\/wp\/v2\/media?parent=107934"}],"wp:term":[{"taxonomy":"category","embeddable":true,"href":"https:\/\/kt.gov.rs\/sq\/wp-json\/wp\/v2\/categories?post=107934"},{"taxonomy":"post_tag","embeddable":true,"href":"https:\/\/kt.gov.rs\/sq\/wp-json\/wp\/v2\/tags?post=107934"}],"curies":[{"name":"wp","href":"https:\/\/api.w.org\/{rel}","templated":true}]}}