{"id":107926,"date":"2022-03-21T00:00:00","date_gmt":"2022-03-21T00:00:00","guid":{"rendered":"http:\/\/kt.printandscreen.rs\/brankovcet-ne-rumani\/"},"modified":"2024-07-30T17:57:23","modified_gmt":"2024-07-30T17:57:23","slug":"brankovcet-ne-rumani","status":"publish","type":"post","link":"https:\/\/kt.gov.rs\/sq\/brankovcet-ne-rumani\/","title":{"rendered":"\u201cBRANKOVC\u00cbT\u201d N\u00cb RUMANI"},"content":{"rendered":"<p>\n\t<strong><img decoding=\"async\" alt=\"\" src=\"https:\/\/kt.gov.rs\/wp-content\/uploads\/2024\/07\/1647865012_210322_1-2.jpg\" style=\"width: 315px; height: 230px; float: left;\" \/><\/strong><strong>Bujanoc \u2013 Beograd \u2013<\/strong> Pas udh\u00ebtimit p\u00ebr n\u00eb Spanj\u00eb, nx\u00ebn\u00ebsit e shkoll\u00ebs fillore t\u00eb Bujanocit &quot;Branko Radi\u00e7eviq&quot; q\u00ebndruan n\u00eb Rumani, n\u00eb kuad\u00ebr t\u00eb projektit \u201eMotivation III \u2013 21st century students\u201ct\u00eb krijuar m\u00ebsuesit e tyre. Gjasht\u00eb nx\u00ebn\u00ebs t\u00eb shkollave fillore nga Bujanoci ishin mysafir\u00eb t\u00eb shkoll\u00ebs n\u00eb Tifesti jav\u00ebn e kaluar, ku u mbajt mobiliteti i tret\u00eb i shkollave pjes\u00ebmarr\u00ebse n\u00eb projekt.<\/p>\n<p>\n\tP\u00ebrve\u00e7 &quot;Brankovc\u00ebve&quot; dhe nikoqir\u00ebve nga Rumania, n\u00eb mobilitet mor\u00ebn pjes\u00eb edhe partner\u00eb t\u00eb tjer\u00eb t\u00eb projektit \u2013 shkolla nga Spanja, Turqia dhe Polonia.<\/p>\n<p>\n\tP\u00ebrve\u00e7 pjes\u00ebs s\u00eb pun\u00ebs t\u00eb programit, nikoqir\u00ebt organizuan ngjarje dhe ekskursione q\u00eb donin t\u00eb tregonin kultur\u00ebn dhe zakonet vendase.<\/p>\n<p>\n\tP\u00ebr pjes\u00ebmarr\u00ebsit u organizua nj\u00eb udh\u00ebtim n\u00eb Parkun Komb\u00ebtar Putna-Vrancea dhe\u00a0 vizit\u00eb n\u00eb Mauzoleumin e Veteran\u00ebve t\u00eb Betej\u00ebs pran\u00eb Marasheshtit n\u00eb Luft\u00ebn e Par\u00eb Bot\u00ebrore.<\/p>\n<p>\n\tP\u00ebr historin\u00eb serbe, Marasheshti \u00ebsht\u00eb i r\u00ebnd\u00ebsish\u00ebm si vendlindja e mbretit Milan Obrenoviq.<\/p>\n<p>\n\tM\u00ebsuesit pjes\u00ebmarr\u00ebs n\u00eb mobilitet n\u00eb biseda t\u00eb nd\u00ebrsjella krahasuan sistemet arsimore n\u00eb vendet partnere n\u00eb projekt dhe shk\u00ebmbyen ide.<\/p>\n<p>\n\t\u201cQ\u00ebllimi i k\u00ebtij mobiliteti ishte njohja edhe m\u00eb e ngusht\u00eb e nx\u00ebn\u00ebsve , pjes\u00ebmarrja n\u00eb pun\u00ebtori t\u00eb p\u00ebrbashk\u00ebta mjedisore, shk\u00ebmbimi i p\u00ebrvojave dhe nd\u00ebrveprimi nd\u00ebrkulturor. Nx\u00ebn\u00ebsit tan\u00eb dhan\u00eb nj\u00eb kontribut t\u00eb madh n\u00eb k\u00ebto pun\u00ebtori, sepse ata vet\u00eb mor\u00ebn pjes\u00eb n\u00eb aktivitetet e mbjelljes s\u00eb farave dhe pem\u00ebve q\u00eb i p\u00ebrzgjodh\u00ebn dhe i soll\u00ebn posa\u00e7\u00ebrisht nga Serbia p\u00ebr miqt\u00eb e tyre n\u00eb Rumani. Nd\u00ebrveprimi i p\u00ebrditsh\u00ebm me nx\u00ebn\u00ebsit dhe m\u00ebsuesit e tjer\u00eb, si dhe kultura dhe zakonet e popullsis\u00eb vendase, kan\u00eb ndikuar n\u00eb njohurit\u00eb dhe p\u00ebrvoj\u00ebn ton\u00eb, si dhe n\u00eb kuptimin dhe respektin ton\u00eb p\u00ebr kulturat e tjera. Nga Rumania u kthyem plot mbresa, t\u00eb befasuar nga dashamir\u00ebsia e nikoqir\u00ebve dhe t\u00eb k\u00ebnaqur me energjin\u00eb pozitive t\u00eb popullat\u00ebs vendase, por edhe m\u00eb t\u00eb pasur n\u00eb njohuri p\u00ebr r\u00ebnd\u00ebsin\u00eb e ruajtjes s\u00eb planetit\u201d, thekson m\u00ebsuesja e shkoll\u00ebs s\u00eb Bujanocit, Maja Antiq Jovanov. Koordinatori i projektit.<\/p>\n<p>\n\tAktiviteti i radh\u00ebs (l\u00ebvizshm\u00ebria) e nx\u00ebn\u00ebsve dhe m\u00ebsuesve do t\u00eb jet\u00eb n\u00eb maj t\u00eb k\u00ebtij viti, nd\u00ebrsa nikoqire do t\u00eb jet\u00eb nj\u00eb shkoll\u00eb n\u00eb Turqi.<\/p>\n<p>\n\tShkolla fillore &quot;Branko Radi\u00e7eviq&quot; \u00ebsht\u00eb e vetmja shkoll\u00eb fillore n\u00eb rrethin e P\u00e7inj\u00ebs q\u00eb merr pjes\u00eb n\u00eb projektet Erasmus +.<\/p>\n<p>\n\tKy projekt financohet nga projektet Erasmus + t\u00eb Bashkimit Evropian p\u00ebrmes Agjencis\u00eb Komb\u00ebtare Tempus.<\/p>\n<p>\n\t<strong>Burimi: Bujanovaqke, Trupi Koordinues<\/strong><\/p>\n<p>\n\t\u00a0<\/p>\n","protected":false},"excerpt":{"rendered":"<p>Bujanoc \u2013 Beograd \u2013\u00a0Pas udh\u00ebtimit p\u00ebr n\u00eb Spanj\u00eb, nx\u00ebn\u00ebsit e shkoll\u00ebs fillore t\u00eb Bujanocit &quot;Branko Radi\u00e7eviq&quot; q\u00ebndruan n\u00eb Rumani, n\u00eb kuad\u00ebr t\u00eb projektit \u201eMotivation III \u2013 21st century students\u201ct\u00eb krijuar m\u00ebsuesit e tyre.\u00a0<\/p>\n","protected":false},"author":1,"featured_media":107931,"comment_status":"closed","ping_status":"closed","sticky":false,"template":"","format":"standard","meta":{"footnotes":""},"categories":[55],"tags":[],"class_list":["post-107926","post","type-post","status-publish","format-standard","has-post-thumbnail","hentry","category-lajme"],"yoast_head":"<!-- This site is optimized with the Yoast SEO plugin v27.5 - https:\/\/yoast.com\/product\/yoast-seo-wordpress\/ -->\n<title>\u201cBRANKOVC\u00cbT\u201d N\u00cb RUMANI - Republika e S\u00ebrbis\u00eb Trupi Koordinues p\u00ebr komunat Bujanoc, Preshev\u00eb dhe Medvegj\u00eb<\/title>\n<meta name=\"robots\" content=\"index, follow, max-snippet:-1, max-image-preview:large, max-video-preview:-1\" \/>\n<link rel=\"canonical\" href=\"https:\/\/kt.gov.rs\/sq\/brankovcet-ne-rumani\/\" \/>\n<meta property=\"og:locale\" content=\"sq_AL\" \/>\n<meta property=\"og:type\" content=\"article\" \/>\n<meta property=\"og:title\" content=\"\u201cBRANKOVC\u00cbT\u201d N\u00cb RUMANI - Republika e S\u00ebrbis\u00eb Trupi Koordinues p\u00ebr komunat Bujanoc, Preshev\u00eb dhe Medvegj\u00eb\" \/>\n<meta property=\"og:description\" content=\"Bujanoc - Beograd -\u00a0Pas udh\u00ebtimit p\u00ebr n\u00eb Spanj\u00eb, nx\u00ebn\u00ebsit e shkoll\u00ebs fillore t\u00eb Bujanocit &quot;Branko Radi\u00e7eviq&quot; q\u00ebndruan n\u00eb Rumani, n\u00eb kuad\u00ebr t\u00eb projektit \u201eMotivation III \u2013 21st century students\u201ct\u00eb krijuar m\u00ebsuesit e tyre.\u00a0\" \/>\n<meta property=\"og:url\" content=\"https:\/\/kt.gov.rs\/sq\/brankovcet-ne-rumani\/\" \/>\n<meta property=\"og:site_name\" content=\"Republika e S\u00ebrbis\u00eb Trupi Koordinues p\u00ebr komunat Bujanoc, Preshev\u00eb dhe Medvegj\u00eb\" \/>\n<meta property=\"article:publisher\" content=\"https:\/\/www.facebook.com\/SluzbaKoordinacionogTelaVladeRepublikeSrbije\" \/>\n<meta property=\"article:published_time\" content=\"2022-03-21T00:00:00+00:00\" \/>\n<meta property=\"article:modified_time\" content=\"2024-07-30T17:57:23+00:00\" \/>\n<meta property=\"og:image\" content=\"https:\/\/kt.gov.rs\/wp-content\/uploads\/2024\/07\/1647865012_210322_1-3.jpg\" \/>\n\t<meta property=\"og:image:width\" content=\"315\" \/>\n\t<meta property=\"og:image:height\" content=\"230\" \/>\n\t<meta property=\"og:image:type\" content=\"image\/jpeg\" \/>\n<meta name=\"author\" content=\"ktmin\" \/>\n<meta name=\"twitter:card\" content=\"summary_large_image\" \/>\n<meta name=\"twitter:creator\" content=\"@kt_gov\" \/>\n<meta name=\"twitter:site\" content=\"@kt_gov\" \/>\n<meta name=\"twitter:label1\" content=\"Written by\" \/>\n\t<meta name=\"twitter:data1\" content=\"ktmin\" \/>\n\t<meta name=\"twitter:label2\" content=\"Est. reading time\" \/>\n\t<meta name=\"twitter:data2\" content=\"3 minutes\" \/>\n<script type=\"application\/ld+json\" class=\"yoast-schema-graph\">{\"@context\":\"https:\\\/\\\/schema.org\",\"@graph\":[{\"@type\":\"Article\",\"@id\":\"https:\\\/\\\/kt.gov.rs\\\/sq\\\/brankovcet-ne-rumani\\\/#article\",\"isPartOf\":{\"@id\":\"https:\\\/\\\/kt.gov.rs\\\/sq\\\/brankovcet-ne-rumani\\\/\"},\"author\":{\"name\":\"ktmin\",\"@id\":\"https:\\\/\\\/kt.gov.rs\\\/#\\\/schema\\\/person\\\/e426459ddb4173309103390602694571\"},\"headline\":\"\u201cBRANKOVC\u00cbT\u201d N\u00cb RUMANI\",\"datePublished\":\"2022-03-21T00:00:00+00:00\",\"dateModified\":\"2024-07-30T17:57:23+00:00\",\"mainEntityOfPage\":{\"@id\":\"https:\\\/\\\/kt.gov.rs\\\/sq\\\/brankovcet-ne-rumani\\\/\"},\"wordCount\":668,\"publisher\":{\"@id\":\"https:\\\/\\\/kt.gov.rs\\\/#organization\"},\"image\":{\"@id\":\"https:\\\/\\\/kt.gov.rs\\\/sq\\\/brankovcet-ne-rumani\\\/#primaryimage\"},\"thumbnailUrl\":\"https:\\\/\\\/kt.gov.rs\\\/wp-content\\\/uploads\\\/2024\\\/07\\\/1647865012_210322_1-3.jpg\",\"articleSection\":[\"Lajme\"],\"inLanguage\":\"sq-AL\"},{\"@type\":\"WebPage\",\"@id\":\"https:\\\/\\\/kt.gov.rs\\\/sq\\\/brankovcet-ne-rumani\\\/\",\"url\":\"https:\\\/\\\/kt.gov.rs\\\/sq\\\/brankovcet-ne-rumani\\\/\",\"name\":\"\u201cBRANKOVC\u00cbT\u201d N\u00cb RUMANI - Republika e S\u00ebrbis\u00eb Trupi Koordinues p\u00ebr komunat Bujanoc, Preshev\u00eb dhe Medvegj\u00eb\",\"isPartOf\":{\"@id\":\"https:\\\/\\\/kt.gov.rs\\\/#website\"},\"primaryImageOfPage\":{\"@id\":\"https:\\\/\\\/kt.gov.rs\\\/sq\\\/brankovcet-ne-rumani\\\/#primaryimage\"},\"image\":{\"@id\":\"https:\\\/\\\/kt.gov.rs\\\/sq\\\/brankovcet-ne-rumani\\\/#primaryimage\"},\"thumbnailUrl\":\"https:\\\/\\\/kt.gov.rs\\\/wp-content\\\/uploads\\\/2024\\\/07\\\/1647865012_210322_1-3.jpg\",\"datePublished\":\"2022-03-21T00:00:00+00:00\",\"dateModified\":\"2024-07-30T17:57:23+00:00\",\"breadcrumb\":{\"@id\":\"https:\\\/\\\/kt.gov.rs\\\/sq\\\/brankovcet-ne-rumani\\\/#breadcrumb\"},\"inLanguage\":\"sq-AL\",\"potentialAction\":[{\"@type\":\"ReadAction\",\"target\":[\"https:\\\/\\\/kt.gov.rs\\\/sq\\\/brankovcet-ne-rumani\\\/\"]}]},{\"@type\":\"ImageObject\",\"inLanguage\":\"sq-AL\",\"@id\":\"https:\\\/\\\/kt.gov.rs\\\/sq\\\/brankovcet-ne-rumani\\\/#primaryimage\",\"url\":\"https:\\\/\\\/kt.gov.rs\\\/wp-content\\\/uploads\\\/2024\\\/07\\\/1647865012_210322_1-3.jpg\",\"contentUrl\":\"https:\\\/\\\/kt.gov.rs\\\/wp-content\\\/uploads\\\/2024\\\/07\\\/1647865012_210322_1-3.jpg\",\"width\":315,\"height\":230},{\"@type\":\"BreadcrumbList\",\"@id\":\"https:\\\/\\\/kt.gov.rs\\\/sq\\\/brankovcet-ne-rumani\\\/#breadcrumb\",\"itemListElement\":[{\"@type\":\"ListItem\",\"position\":1,\"name\":\"\u041f\u043e\u0447\u0435\u0442\u043d\u0430\",\"item\":\"https:\\\/\\\/kt.gov.rs\\\/sq\\\/\"},{\"@type\":\"ListItem\",\"position\":2,\"name\":\"\u201cBRANKOVC\u00cbT\u201d N\u00cb RUMANI\"}]},{\"@type\":\"WebSite\",\"@id\":\"https:\\\/\\\/kt.gov.rs\\\/#website\",\"url\":\"https:\\\/\\\/kt.gov.rs\\\/\",\"name\":\"\u041a\u043e\u043e\u0440\u0434\u0438\u043d\u0430\u0446\u0438\u043e\u043d\u043e \u0442\u0435\u043b\u043e \u0412\u043b\u0430\u0434\u0435 \u0420\u0435\u043f\u0443\u0431\u043b\u0438\u043a\u0435 \u0421\u0440\u0431\u0438\u0458\u0435 \u0437\u0430 \u043e\u043f\u0448\u0442\u0438\u043d\u0435 \u041f\u0440\u0435\u0448\u0435\u0432\u043e, \u0411\u0443\u0458\u0430\u043d\u043e\u0432\u0430\u0446 \u0438 \u041c\u0435\u0434\u0432\u0435\u0452a\",\"description\":\"\",\"publisher\":{\"@id\":\"https:\\\/\\\/kt.gov.rs\\\/#organization\"},\"alternateName\":\"\u041a\u043e\u043e\u0440\u0434\u0438\u043d\u0430\u0446\u0438\u043e\u043d\u043e \u0442\u0435\u043b\u043e\",\"potentialAction\":[{\"@type\":\"SearchAction\",\"target\":{\"@type\":\"EntryPoint\",\"urlTemplate\":\"https:\\\/\\\/kt.gov.rs\\\/?s={search_term_string}\"},\"query-input\":{\"@type\":\"PropertyValueSpecification\",\"valueRequired\":true,\"valueName\":\"search_term_string\"}}],\"inLanguage\":\"sq-AL\"},{\"@type\":\"Organization\",\"@id\":\"https:\\\/\\\/kt.gov.rs\\\/#organization\",\"name\":\"\u041a\u043e\u043e\u0440\u0434\u0438\u043d\u0430\u0446\u0438\u043e\u043d\u043e \u0442\u0435\u043b\u043e \u0412\u043b\u0430\u0434\u0435 \u0420\u0435\u043f\u0443\u0431\u043b\u0438\u043a\u0435 \u0421\u0440\u0431\u0438\u0458\u0435 \u0437\u0430 \u043e\u043f\u0448\u0442\u0438\u043d\u0435 \u041f\u0440\u0435\u0448\u0435\u0432\u043e, \u0411\u0443\u0458\u0430\u043d\u043e\u0432\u0430\u0446 \u0438 \u041c\u0435\u0434\u0432\u0435\u0452a\",\"alternateName\":\"\u041a\u043e\u043e\u0440\u0434\u0438\u043d\u0430\u0446\u0438\u043e\u043d\u043e \u0442\u0435\u043b\u043e\",\"url\":\"https:\\\/\\\/kt.gov.rs\\\/\",\"logo\":{\"@type\":\"ImageObject\",\"inLanguage\":\"sq-AL\",\"@id\":\"https:\\\/\\\/kt.gov.rs\\\/#\\\/schema\\\/logo\\\/image\\\/\",\"url\":\"https:\\\/\\\/kt.gov.rs\\\/wp-content\\\/uploads\\\/2024\\\/12\\\/koord2.jpg\",\"contentUrl\":\"https:\\\/\\\/kt.gov.rs\\\/wp-content\\\/uploads\\\/2024\\\/12\\\/koord2.jpg\",\"width\":640,\"height\":480,\"caption\":\"\u041a\u043e\u043e\u0440\u0434\u0438\u043d\u0430\u0446\u0438\u043e\u043d\u043e \u0442\u0435\u043b\u043e \u0412\u043b\u0430\u0434\u0435 \u0420\u0435\u043f\u0443\u0431\u043b\u0438\u043a\u0435 \u0421\u0440\u0431\u0438\u0458\u0435 \u0437\u0430 \u043e\u043f\u0448\u0442\u0438\u043d\u0435 \u041f\u0440\u0435\u0448\u0435\u0432\u043e, \u0411\u0443\u0458\u0430\u043d\u043e\u0432\u0430\u0446 \u0438 \u041c\u0435\u0434\u0432\u0435\u0452a\"},\"image\":{\"@id\":\"https:\\\/\\\/kt.gov.rs\\\/#\\\/schema\\\/logo\\\/image\\\/\"},\"sameAs\":[\"https:\\\/\\\/www.facebook.com\\\/SluzbaKoordinacionogTelaVladeRepublikeSrbije\",\"https:\\\/\\\/x.com\\\/kt_gov\",\"https:\\\/\\\/www.youtube.com\\\/@koordinacionotelo\"]},{\"@type\":\"Person\",\"@id\":\"https:\\\/\\\/kt.gov.rs\\\/#\\\/schema\\\/person\\\/e426459ddb4173309103390602694571\",\"name\":\"ktmin\",\"image\":{\"@type\":\"ImageObject\",\"inLanguage\":\"sq-AL\",\"@id\":\"https:\\\/\\\/secure.gravatar.com\\\/avatar\\\/3985c961109853010c3fbc7ba30365bfba5db3dd6c525831d9c595c7525a615a?s=96&d=mm&r=g\",\"url\":\"https:\\\/\\\/secure.gravatar.com\\\/avatar\\\/3985c961109853010c3fbc7ba30365bfba5db3dd6c525831d9c595c7525a615a?s=96&d=mm&r=g\",\"contentUrl\":\"https:\\\/\\\/secure.gravatar.com\\\/avatar\\\/3985c961109853010c3fbc7ba30365bfba5db3dd6c525831d9c595c7525a615a?s=96&d=mm&r=g\",\"caption\":\"ktmin\"},\"sameAs\":[\"https:\\\/\\\/kt.gov.rs\"],\"url\":\"https:\\\/\\\/kt.gov.rs\\\/sq\\\/author\\\/ktmin\\\/\"}]}<\/script>\n<!-- \/ Yoast SEO plugin. -->","yoast_head_json":{"title":"\u201cBRANKOVC\u00cbT\u201d N\u00cb RUMANI - Republika e S\u00ebrbis\u00eb Trupi Koordinues p\u00ebr komunat Bujanoc, Preshev\u00eb dhe Medvegj\u00eb","robots":{"index":"index","follow":"follow","max-snippet":"max-snippet:-1","max-image-preview":"max-image-preview:large","max-video-preview":"max-video-preview:-1"},"canonical":"https:\/\/kt.gov.rs\/sq\/brankovcet-ne-rumani\/","og_locale":"sq_AL","og_type":"article","og_title":"\u201cBRANKOVC\u00cbT\u201d N\u00cb RUMANI - Republika e S\u00ebrbis\u00eb Trupi Koordinues p\u00ebr komunat Bujanoc, Preshev\u00eb dhe Medvegj\u00eb","og_description":"Bujanoc - Beograd -\u00a0Pas udh\u00ebtimit p\u00ebr n\u00eb Spanj\u00eb, nx\u00ebn\u00ebsit e shkoll\u00ebs fillore t\u00eb Bujanocit &quot;Branko Radi\u00e7eviq&quot; q\u00ebndruan n\u00eb Rumani, n\u00eb kuad\u00ebr t\u00eb projektit \u201eMotivation III \u2013 21st century students\u201ct\u00eb krijuar m\u00ebsuesit e tyre.\u00a0","og_url":"https:\/\/kt.gov.rs\/sq\/brankovcet-ne-rumani\/","og_site_name":"Republika e S\u00ebrbis\u00eb Trupi Koordinues p\u00ebr komunat Bujanoc, Preshev\u00eb dhe Medvegj\u00eb","article_publisher":"https:\/\/www.facebook.com\/SluzbaKoordinacionogTelaVladeRepublikeSrbije","article_published_time":"2022-03-21T00:00:00+00:00","article_modified_time":"2024-07-30T17:57:23+00:00","og_image":[{"width":315,"height":230,"url":"https:\/\/kt.gov.rs\/wp-content\/uploads\/2024\/07\/1647865012_210322_1-3.jpg","type":"image\/jpeg"}],"author":"ktmin","twitter_card":"summary_large_image","twitter_creator":"@kt_gov","twitter_site":"@kt_gov","twitter_misc":{"Written by":"ktmin","Est. reading time":"3 minutes"},"schema":{"@context":"https:\/\/schema.org","@graph":[{"@type":"Article","@id":"https:\/\/kt.gov.rs\/sq\/brankovcet-ne-rumani\/#article","isPartOf":{"@id":"https:\/\/kt.gov.rs\/sq\/brankovcet-ne-rumani\/"},"author":{"name":"ktmin","@id":"https:\/\/kt.gov.rs\/#\/schema\/person\/e426459ddb4173309103390602694571"},"headline":"\u201cBRANKOVC\u00cbT\u201d N\u00cb RUMANI","datePublished":"2022-03-21T00:00:00+00:00","dateModified":"2024-07-30T17:57:23+00:00","mainEntityOfPage":{"@id":"https:\/\/kt.gov.rs\/sq\/brankovcet-ne-rumani\/"},"wordCount":668,"publisher":{"@id":"https:\/\/kt.gov.rs\/#organization"},"image":{"@id":"https:\/\/kt.gov.rs\/sq\/brankovcet-ne-rumani\/#primaryimage"},"thumbnailUrl":"https:\/\/kt.gov.rs\/wp-content\/uploads\/2024\/07\/1647865012_210322_1-3.jpg","articleSection":["Lajme"],"inLanguage":"sq-AL"},{"@type":"WebPage","@id":"https:\/\/kt.gov.rs\/sq\/brankovcet-ne-rumani\/","url":"https:\/\/kt.gov.rs\/sq\/brankovcet-ne-rumani\/","name":"\u201cBRANKOVC\u00cbT\u201d N\u00cb RUMANI - Republika e S\u00ebrbis\u00eb Trupi Koordinues p\u00ebr komunat Bujanoc, Preshev\u00eb dhe Medvegj\u00eb","isPartOf":{"@id":"https:\/\/kt.gov.rs\/#website"},"primaryImageOfPage":{"@id":"https:\/\/kt.gov.rs\/sq\/brankovcet-ne-rumani\/#primaryimage"},"image":{"@id":"https:\/\/kt.gov.rs\/sq\/brankovcet-ne-rumani\/#primaryimage"},"thumbnailUrl":"https:\/\/kt.gov.rs\/wp-content\/uploads\/2024\/07\/1647865012_210322_1-3.jpg","datePublished":"2022-03-21T00:00:00+00:00","dateModified":"2024-07-30T17:57:23+00:00","breadcrumb":{"@id":"https:\/\/kt.gov.rs\/sq\/brankovcet-ne-rumani\/#breadcrumb"},"inLanguage":"sq-AL","potentialAction":[{"@type":"ReadAction","target":["https:\/\/kt.gov.rs\/sq\/brankovcet-ne-rumani\/"]}]},{"@type":"ImageObject","inLanguage":"sq-AL","@id":"https:\/\/kt.gov.rs\/sq\/brankovcet-ne-rumani\/#primaryimage","url":"https:\/\/kt.gov.rs\/wp-content\/uploads\/2024\/07\/1647865012_210322_1-3.jpg","contentUrl":"https:\/\/kt.gov.rs\/wp-content\/uploads\/2024\/07\/1647865012_210322_1-3.jpg","width":315,"height":230},{"@type":"BreadcrumbList","@id":"https:\/\/kt.gov.rs\/sq\/brankovcet-ne-rumani\/#breadcrumb","itemListElement":[{"@type":"ListItem","position":1,"name":"\u041f\u043e\u0447\u0435\u0442\u043d\u0430","item":"https:\/\/kt.gov.rs\/sq\/"},{"@type":"ListItem","position":2,"name":"\u201cBRANKOVC\u00cbT\u201d N\u00cb RUMANI"}]},{"@type":"WebSite","@id":"https:\/\/kt.gov.rs\/#website","url":"https:\/\/kt.gov.rs\/","name":"\u041a\u043e\u043e\u0440\u0434\u0438\u043d\u0430\u0446\u0438\u043e\u043d\u043e \u0442\u0435\u043b\u043e \u0412\u043b\u0430\u0434\u0435 \u0420\u0435\u043f\u0443\u0431\u043b\u0438\u043a\u0435 \u0421\u0440\u0431\u0438\u0458\u0435 \u0437\u0430 \u043e\u043f\u0448\u0442\u0438\u043d\u0435 \u041f\u0440\u0435\u0448\u0435\u0432\u043e, \u0411\u0443\u0458\u0430\u043d\u043e\u0432\u0430\u0446 \u0438 \u041c\u0435\u0434\u0432\u0435\u0452a","description":"","publisher":{"@id":"https:\/\/kt.gov.rs\/#organization"},"alternateName":"\u041a\u043e\u043e\u0440\u0434\u0438\u043d\u0430\u0446\u0438\u043e\u043d\u043e \u0442\u0435\u043b\u043e","potentialAction":[{"@type":"SearchAction","target":{"@type":"EntryPoint","urlTemplate":"https:\/\/kt.gov.rs\/?s={search_term_string}"},"query-input":{"@type":"PropertyValueSpecification","valueRequired":true,"valueName":"search_term_string"}}],"inLanguage":"sq-AL"},{"@type":"Organization","@id":"https:\/\/kt.gov.rs\/#organization","name":"\u041a\u043e\u043e\u0440\u0434\u0438\u043d\u0430\u0446\u0438\u043e\u043d\u043e \u0442\u0435\u043b\u043e \u0412\u043b\u0430\u0434\u0435 \u0420\u0435\u043f\u0443\u0431\u043b\u0438\u043a\u0435 \u0421\u0440\u0431\u0438\u0458\u0435 \u0437\u0430 \u043e\u043f\u0448\u0442\u0438\u043d\u0435 \u041f\u0440\u0435\u0448\u0435\u0432\u043e, \u0411\u0443\u0458\u0430\u043d\u043e\u0432\u0430\u0446 \u0438 \u041c\u0435\u0434\u0432\u0435\u0452a","alternateName":"\u041a\u043e\u043e\u0440\u0434\u0438\u043d\u0430\u0446\u0438\u043e\u043d\u043e \u0442\u0435\u043b\u043e","url":"https:\/\/kt.gov.rs\/","logo":{"@type":"ImageObject","inLanguage":"sq-AL","@id":"https:\/\/kt.gov.rs\/#\/schema\/logo\/image\/","url":"https:\/\/kt.gov.rs\/wp-content\/uploads\/2024\/12\/koord2.jpg","contentUrl":"https:\/\/kt.gov.rs\/wp-content\/uploads\/2024\/12\/koord2.jpg","width":640,"height":480,"caption":"\u041a\u043e\u043e\u0440\u0434\u0438\u043d\u0430\u0446\u0438\u043e\u043d\u043e \u0442\u0435\u043b\u043e \u0412\u043b\u0430\u0434\u0435 \u0420\u0435\u043f\u0443\u0431\u043b\u0438\u043a\u0435 \u0421\u0440\u0431\u0438\u0458\u0435 \u0437\u0430 \u043e\u043f\u0448\u0442\u0438\u043d\u0435 \u041f\u0440\u0435\u0448\u0435\u0432\u043e, \u0411\u0443\u0458\u0430\u043d\u043e\u0432\u0430\u0446 \u0438 \u041c\u0435\u0434\u0432\u0435\u0452a"},"image":{"@id":"https:\/\/kt.gov.rs\/#\/schema\/logo\/image\/"},"sameAs":["https:\/\/www.facebook.com\/SluzbaKoordinacionogTelaVladeRepublikeSrbije","https:\/\/x.com\/kt_gov","https:\/\/www.youtube.com\/@koordinacionotelo"]},{"@type":"Person","@id":"https:\/\/kt.gov.rs\/#\/schema\/person\/e426459ddb4173309103390602694571","name":"ktmin","image":{"@type":"ImageObject","inLanguage":"sq-AL","@id":"https:\/\/secure.gravatar.com\/avatar\/3985c961109853010c3fbc7ba30365bfba5db3dd6c525831d9c595c7525a615a?s=96&d=mm&r=g","url":"https:\/\/secure.gravatar.com\/avatar\/3985c961109853010c3fbc7ba30365bfba5db3dd6c525831d9c595c7525a615a?s=96&d=mm&r=g","contentUrl":"https:\/\/secure.gravatar.com\/avatar\/3985c961109853010c3fbc7ba30365bfba5db3dd6c525831d9c595c7525a615a?s=96&d=mm&r=g","caption":"ktmin"},"sameAs":["https:\/\/kt.gov.rs"],"url":"https:\/\/kt.gov.rs\/sq\/author\/ktmin\/"}]}},"_links":{"self":[{"href":"https:\/\/kt.gov.rs\/sq\/wp-json\/wp\/v2\/posts\/107926","targetHints":{"allow":["GET"]}}],"collection":[{"href":"https:\/\/kt.gov.rs\/sq\/wp-json\/wp\/v2\/posts"}],"about":[{"href":"https:\/\/kt.gov.rs\/sq\/wp-json\/wp\/v2\/types\/post"}],"author":[{"embeddable":true,"href":"https:\/\/kt.gov.rs\/sq\/wp-json\/wp\/v2\/users\/1"}],"replies":[{"embeddable":true,"href":"https:\/\/kt.gov.rs\/sq\/wp-json\/wp\/v2\/comments?post=107926"}],"version-history":[{"count":1,"href":"https:\/\/kt.gov.rs\/sq\/wp-json\/wp\/v2\/posts\/107926\/revisions"}],"predecessor-version":[{"id":107930,"href":"https:\/\/kt.gov.rs\/sq\/wp-json\/wp\/v2\/posts\/107926\/revisions\/107930"}],"wp:featuredmedia":[{"embeddable":true,"href":"https:\/\/kt.gov.rs\/sq\/wp-json\/wp\/v2\/media\/107931"}],"wp:attachment":[{"href":"https:\/\/kt.gov.rs\/sq\/wp-json\/wp\/v2\/media?parent=107926"}],"wp:term":[{"taxonomy":"category","embeddable":true,"href":"https:\/\/kt.gov.rs\/sq\/wp-json\/wp\/v2\/categories?post=107926"},{"taxonomy":"post_tag","embeddable":true,"href":"https:\/\/kt.gov.rs\/sq\/wp-json\/wp\/v2\/tags?post=107926"}],"curies":[{"name":"wp","href":"https:\/\/api.w.org\/{rel}","templated":true}]}}