{"id":107915,"date":"2022-03-23T00:00:00","date_gmt":"2022-03-23T00:00:00","guid":{"rendered":"http:\/\/kt.printandscreen.rs\/praktikantet-e-programit-te-praktikes-profesionale-vizitojne-sherbimin-e-trupit-koordinues-dhe-ministrine-e-te-drejtave-te-njeriut-dhe-te-pakicave-dhe-dialogut-social\/"},"modified":"2024-07-30T17:57:22","modified_gmt":"2024-07-30T17:57:22","slug":"praktikantet-e-programit-te-praktikes-profesionale-vizitojne-sherbimin-e-trupit-koordinues-dhe-ministrine-e-te-drejtave-te-njeriut-dhe-te-pakicave-dhe-dialogut-social","status":"publish","type":"post","link":"https:\/\/kt.gov.rs\/sq\/praktikantet-e-programit-te-praktikes-profesionale-vizitojne-sherbimin-e-trupit-koordinues-dhe-ministrine-e-te-drejtave-te-njeriut-dhe-te-pakicave-dhe-dialogut-social\/","title":{"rendered":"PRAKTIKANT\u00cbT E PROGRAMIT T\u00cb PRAKTIK\u00cbS PROFESIONALE VIZITOJN\u00cb SH\u00cbRBIMIN E TRUPIT KOORDINUES DHE MINISTRIN\u00cb E T\u00cb DREJTAVE T\u00cb NJERIUT DHE T\u00cb PAKICAVE DHE DIALOGUT SOCIAL"},"content":{"rendered":"<p>\n\t<strong><img decoding=\"async\" alt=\"\" src=\"https:\/\/kt.gov.rs\/wp-content\/uploads\/2024\/07\/1648042841_230322_1v-2.jpg\" style=\"width: 640px; height: 345px;\" \/><\/strong><\/p>\n<p>\n\t<strong>Beograd \u2013<\/strong> Praktikant\u00ebt e Programit t\u00eb Praktik\u00ebs Profesionale t\u00eb OSBE-s\u00eb fol\u00ebn me Gordana \u010comi\u0107, Ministre e t\u00eb Drejtave t\u00eb Njeriut dhe t\u00eb Pakicave dhe Dialogut Social, dhe Danijela Nenadi\u0107, u.d. Drejtoresh e Sh\u00ebrbimit t\u00eb Trupit Koordinues.<\/p>\n<p>\n\t<img decoding=\"async\" alt=\"\" src=\"https:\/\/kt.gov.rs\/wp-content\/uploads\/2024\/07\/1648042873_230322_2v-1.jpg\" style=\"width: 640px; height: 283px;\" \/><\/p>\n<p>\n\tMisioni i OSBE-s\u00eb n\u00eb Serbi po zbaton programin e praktik\u00ebs n\u00eb bashk\u00ebpunim me tet\u00eb institucione shtet\u00ebrore, p\u00ebrfshir\u00eb Sh\u00ebrbimin e Trupit Koordinues. Krahas Sh\u00ebrbimit t\u00eb Trupit Koordinues, praktikant\u00ebt praktikojn\u00eb edhe n\u00eb Kuvendin Popullor t\u00eb Republik\u00ebs s\u00eb Serbis\u00eb, Ministrin\u00eb p\u00ebr t\u00eb Drejtat e Njeriut dhe t\u00eb Pakicave dhe Dialogun Social, Ministrin\u00eb e Administrat\u00ebs Publike dhe Vet\u00ebqeverisjes Lokale, Ministrin\u00eb e Arsimit, Shkenc\u00ebs dhe Zhvillimi Teknologjik, Agjencia Kund\u00ebr Korrupsionit, Akademia e Drejt\u00ebsis\u00eb dhe mbrojtja e mjedisit.<\/p>\n<p>\n\tAxhenda Programore parashikon vizita t\u00eb praktikant\u00ebve n\u00eb secilin prej institucioneve shtet\u00ebrore pjes\u00ebmarr\u00ebse n\u00eb t\u00eb. Pas bisedimeve me ministren \u010comi\u0107 dhe u.d. Drejtorja e ShTK Nenadi\u0107, praktikant\u00ebt vizituan objektin \u201cPallati i Serbis\u00eb\u201d t\u00eb shoq\u00ebruar nga kuratori.<\/p>\n<p>\n\tDymb\u00ebdhjet\u00eb praktikant\u00eb nga Presheva, Bujanoci, Medvegja, Prijepolja, Sjenica dhe Novi Pazari po kryejn\u00eb praktik\u00ebn profesionale n\u00eb k\u00ebto institucione nga 1 n\u00ebntori 2021 deri m\u00eb 3 maj 2022.<\/p>\n<p>\n\t<strong>Burimi: Trupi Koordinues<\/strong><\/p>\n<p>\n\t\u00a0<\/p>\n","protected":false},"excerpt":{"rendered":"<p>Beograd \u2013\u00a0Praktikant\u00ebt e Programit t\u00eb Praktik\u00ebs Profesionale t\u00eb OSBE-s\u00eb fol\u00ebn me Gordana \u010comi\u0107, Ministre e t\u00eb Drejtave t\u00eb Njeriut dhe t\u00eb Pakicave dhe Dialogut Social\u2026<\/p>\n","protected":false},"author":1,"featured_media":107923,"comment_status":"closed","ping_status":"closed","sticky":false,"template":"","format":"standard","meta":{"footnotes":""},"categories":[55],"tags":[],"class_list":["post-107915","post","type-post","status-publish","format-standard","has-post-thumbnail","hentry","category-lajme"],"yoast_head":"<!-- This site is optimized with the Yoast SEO plugin v27.5 - https:\/\/yoast.com\/product\/yoast-seo-wordpress\/ -->\n<title>PRAKTIKANT\u00cbT E PROGRAMIT T\u00cb PRAKTIK\u00cbS PROFESIONALE VIZITOJN\u00cb SH\u00cbRBIMIN E TRUPIT KOORDINUES DHE MINISTRIN\u00cb E T\u00cb DREJTAVE T\u00cb NJERIUT DHE T\u00cb PAKICAVE DHE DIALOGUT SOCIAL - Republika e S\u00ebrbis\u00eb Trupi Koordinues p\u00ebr komunat Bujanoc, Preshev\u00eb dhe Medvegj\u00eb<\/title>\n<meta name=\"robots\" content=\"index, follow, max-snippet:-1, max-image-preview:large, max-video-preview:-1\" \/>\n<link rel=\"canonical\" href=\"https:\/\/kt.gov.rs\/sq\/praktikantet-e-programit-te-praktikes-profesionale-vizitojne-sherbimin-e-trupit-koordinues-dhe-ministrine-e-te-drejtave-te-njeriut-dhe-te-pakicave-dhe-dialogut-social\/\" \/>\n<meta property=\"og:locale\" content=\"sq_AL\" \/>\n<meta property=\"og:type\" content=\"article\" \/>\n<meta property=\"og:title\" content=\"PRAKTIKANT\u00cbT E PROGRAMIT T\u00cb PRAKTIK\u00cbS PROFESIONALE VIZITOJN\u00cb SH\u00cbRBIMIN E TRUPIT KOORDINUES DHE MINISTRIN\u00cb E T\u00cb DREJTAVE T\u00cb NJERIUT DHE T\u00cb PAKICAVE DHE DIALOGUT SOCIAL - Republika e S\u00ebrbis\u00eb Trupi Koordinues p\u00ebr komunat Bujanoc, Preshev\u00eb dhe Medvegj\u00eb\" \/>\n<meta property=\"og:description\" content=\"Beograd -\u00a0Praktikant\u00ebt e Programit t\u00eb Praktik\u00ebs Profesionale t\u00eb OSBE-s\u00eb fol\u00ebn me Gordana \u010comi\u0107, Ministre e t\u00eb Drejtave t\u00eb Njeriut dhe t\u00eb Pakicave dhe Dialogut Social...\" \/>\n<meta property=\"og:url\" content=\"https:\/\/kt.gov.rs\/sq\/praktikantet-e-programit-te-praktikes-profesionale-vizitojne-sherbimin-e-trupit-koordinues-dhe-ministrine-e-te-drejtave-te-njeriut-dhe-te-pakicave-dhe-dialogut-social\/\" \/>\n<meta property=\"og:site_name\" content=\"Republika e S\u00ebrbis\u00eb Trupi Koordinues p\u00ebr komunat Bujanoc, Preshev\u00eb dhe Medvegj\u00eb\" \/>\n<meta property=\"article:publisher\" content=\"https:\/\/www.facebook.com\/SluzbaKoordinacionogTelaVladeRepublikeSrbije\" \/>\n<meta property=\"article:published_time\" content=\"2022-03-23T00:00:00+00:00\" \/>\n<meta property=\"article:modified_time\" content=\"2024-07-30T17:57:22+00:00\" \/>\n<meta property=\"og:image\" content=\"https:\/\/kt.gov.rs\/wp-content\/uploads\/2024\/07\/1648042841_230322_1v-3.jpg\" \/>\n\t<meta property=\"og:image:width\" content=\"640\" \/>\n\t<meta property=\"og:image:height\" content=\"345\" \/>\n\t<meta property=\"og:image:type\" content=\"image\/jpeg\" \/>\n<meta name=\"author\" content=\"ktmin\" \/>\n<meta name=\"twitter:card\" content=\"summary_large_image\" \/>\n<meta name=\"twitter:creator\" content=\"@kt_gov\" \/>\n<meta name=\"twitter:site\" content=\"@kt_gov\" \/>\n<meta name=\"twitter:label1\" content=\"Written by\" \/>\n\t<meta name=\"twitter:data1\" content=\"ktmin\" \/>\n\t<meta name=\"twitter:label2\" content=\"Est. reading time\" \/>\n\t<meta name=\"twitter:data2\" content=\"1 minute\" \/>\n<script type=\"application\/ld+json\" class=\"yoast-schema-graph\">{\"@context\":\"https:\\\/\\\/schema.org\",\"@graph\":[{\"@type\":\"Article\",\"@id\":\"https:\\\/\\\/kt.gov.rs\\\/sq\\\/praktikantet-e-programit-te-praktikes-profesionale-vizitojne-sherbimin-e-trupit-koordinues-dhe-ministrine-e-te-drejtave-te-njeriut-dhe-te-pakicave-dhe-dialogut-social\\\/#article\",\"isPartOf\":{\"@id\":\"https:\\\/\\\/kt.gov.rs\\\/sq\\\/praktikantet-e-programit-te-praktikes-profesionale-vizitojne-sherbimin-e-trupit-koordinues-dhe-ministrine-e-te-drejtave-te-njeriut-dhe-te-pakicave-dhe-dialogut-social\\\/\"},\"author\":{\"name\":\"ktmin\",\"@id\":\"https:\\\/\\\/kt.gov.rs\\\/#\\\/schema\\\/person\\\/e426459ddb4173309103390602694571\"},\"headline\":\"PRAKTIKANT\u00cbT E PROGRAMIT T\u00cb PRAKTIK\u00cbS PROFESIONALE VIZITOJN\u00cb SH\u00cbRBIMIN E TRUPIT KOORDINUES DHE MINISTRIN\u00cb E T\u00cb DREJTAVE T\u00cb NJERIUT DHE T\u00cb PAKICAVE DHE DIALOGUT SOCIAL\",\"datePublished\":\"2022-03-23T00:00:00+00:00\",\"dateModified\":\"2024-07-30T17:57:22+00:00\",\"mainEntityOfPage\":{\"@id\":\"https:\\\/\\\/kt.gov.rs\\\/sq\\\/praktikantet-e-programit-te-praktikes-profesionale-vizitojne-sherbimin-e-trupit-koordinues-dhe-ministrine-e-te-drejtave-te-njeriut-dhe-te-pakicave-dhe-dialogut-social\\\/\"},\"wordCount\":292,\"publisher\":{\"@id\":\"https:\\\/\\\/kt.gov.rs\\\/#organization\"},\"image\":{\"@id\":\"https:\\\/\\\/kt.gov.rs\\\/sq\\\/praktikantet-e-programit-te-praktikes-profesionale-vizitojne-sherbimin-e-trupit-koordinues-dhe-ministrine-e-te-drejtave-te-njeriut-dhe-te-pakicave-dhe-dialogut-social\\\/#primaryimage\"},\"thumbnailUrl\":\"https:\\\/\\\/kt.gov.rs\\\/wp-content\\\/uploads\\\/2024\\\/07\\\/1648042841_230322_1v-3.jpg\",\"articleSection\":[\"Lajme\"],\"inLanguage\":\"sq-AL\"},{\"@type\":\"WebPage\",\"@id\":\"https:\\\/\\\/kt.gov.rs\\\/sq\\\/praktikantet-e-programit-te-praktikes-profesionale-vizitojne-sherbimin-e-trupit-koordinues-dhe-ministrine-e-te-drejtave-te-njeriut-dhe-te-pakicave-dhe-dialogut-social\\\/\",\"url\":\"https:\\\/\\\/kt.gov.rs\\\/sq\\\/praktikantet-e-programit-te-praktikes-profesionale-vizitojne-sherbimin-e-trupit-koordinues-dhe-ministrine-e-te-drejtave-te-njeriut-dhe-te-pakicave-dhe-dialogut-social\\\/\",\"name\":\"PRAKTIKANT\u00cbT E PROGRAMIT T\u00cb PRAKTIK\u00cbS PROFESIONALE VIZITOJN\u00cb SH\u00cbRBIMIN E TRUPIT KOORDINUES DHE MINISTRIN\u00cb E T\u00cb DREJTAVE T\u00cb NJERIUT DHE T\u00cb PAKICAVE DHE DIALOGUT SOCIAL - Republika e S\u00ebrbis\u00eb Trupi Koordinues p\u00ebr komunat Bujanoc, Preshev\u00eb dhe Medvegj\u00eb\",\"isPartOf\":{\"@id\":\"https:\\\/\\\/kt.gov.rs\\\/#website\"},\"primaryImageOfPage\":{\"@id\":\"https:\\\/\\\/kt.gov.rs\\\/sq\\\/praktikantet-e-programit-te-praktikes-profesionale-vizitojne-sherbimin-e-trupit-koordinues-dhe-ministrine-e-te-drejtave-te-njeriut-dhe-te-pakicave-dhe-dialogut-social\\\/#primaryimage\"},\"image\":{\"@id\":\"https:\\\/\\\/kt.gov.rs\\\/sq\\\/praktikantet-e-programit-te-praktikes-profesionale-vizitojne-sherbimin-e-trupit-koordinues-dhe-ministrine-e-te-drejtave-te-njeriut-dhe-te-pakicave-dhe-dialogut-social\\\/#primaryimage\"},\"thumbnailUrl\":\"https:\\\/\\\/kt.gov.rs\\\/wp-content\\\/uploads\\\/2024\\\/07\\\/1648042841_230322_1v-3.jpg\",\"datePublished\":\"2022-03-23T00:00:00+00:00\",\"dateModified\":\"2024-07-30T17:57:22+00:00\",\"breadcrumb\":{\"@id\":\"https:\\\/\\\/kt.gov.rs\\\/sq\\\/praktikantet-e-programit-te-praktikes-profesionale-vizitojne-sherbimin-e-trupit-koordinues-dhe-ministrine-e-te-drejtave-te-njeriut-dhe-te-pakicave-dhe-dialogut-social\\\/#breadcrumb\"},\"inLanguage\":\"sq-AL\",\"potentialAction\":[{\"@type\":\"ReadAction\",\"target\":[\"https:\\\/\\\/kt.gov.rs\\\/sq\\\/praktikantet-e-programit-te-praktikes-profesionale-vizitojne-sherbimin-e-trupit-koordinues-dhe-ministrine-e-te-drejtave-te-njeriut-dhe-te-pakicave-dhe-dialogut-social\\\/\"]}]},{\"@type\":\"ImageObject\",\"inLanguage\":\"sq-AL\",\"@id\":\"https:\\\/\\\/kt.gov.rs\\\/sq\\\/praktikantet-e-programit-te-praktikes-profesionale-vizitojne-sherbimin-e-trupit-koordinues-dhe-ministrine-e-te-drejtave-te-njeriut-dhe-te-pakicave-dhe-dialogut-social\\\/#primaryimage\",\"url\":\"https:\\\/\\\/kt.gov.rs\\\/wp-content\\\/uploads\\\/2024\\\/07\\\/1648042841_230322_1v-3.jpg\",\"contentUrl\":\"https:\\\/\\\/kt.gov.rs\\\/wp-content\\\/uploads\\\/2024\\\/07\\\/1648042841_230322_1v-3.jpg\",\"width\":640,\"height\":345},{\"@type\":\"BreadcrumbList\",\"@id\":\"https:\\\/\\\/kt.gov.rs\\\/sq\\\/praktikantet-e-programit-te-praktikes-profesionale-vizitojne-sherbimin-e-trupit-koordinues-dhe-ministrine-e-te-drejtave-te-njeriut-dhe-te-pakicave-dhe-dialogut-social\\\/#breadcrumb\",\"itemListElement\":[{\"@type\":\"ListItem\",\"position\":1,\"name\":\"\u041f\u043e\u0447\u0435\u0442\u043d\u0430\",\"item\":\"https:\\\/\\\/kt.gov.rs\\\/sq\\\/\"},{\"@type\":\"ListItem\",\"position\":2,\"name\":\"PRAKTIKANT\u00cbT E PROGRAMIT T\u00cb PRAKTIK\u00cbS PROFESIONALE VIZITOJN\u00cb SH\u00cbRBIMIN E TRUPIT KOORDINUES DHE MINISTRIN\u00cb E T\u00cb DREJTAVE T\u00cb NJERIUT DHE T\u00cb PAKICAVE DHE DIALOGUT SOCIAL\"}]},{\"@type\":\"WebSite\",\"@id\":\"https:\\\/\\\/kt.gov.rs\\\/#website\",\"url\":\"https:\\\/\\\/kt.gov.rs\\\/\",\"name\":\"\u041a\u043e\u043e\u0440\u0434\u0438\u043d\u0430\u0446\u0438\u043e\u043d\u043e \u0442\u0435\u043b\u043e \u0412\u043b\u0430\u0434\u0435 \u0420\u0435\u043f\u0443\u0431\u043b\u0438\u043a\u0435 \u0421\u0440\u0431\u0438\u0458\u0435 \u0437\u0430 \u043e\u043f\u0448\u0442\u0438\u043d\u0435 \u041f\u0440\u0435\u0448\u0435\u0432\u043e, \u0411\u0443\u0458\u0430\u043d\u043e\u0432\u0430\u0446 \u0438 \u041c\u0435\u0434\u0432\u0435\u0452a\",\"description\":\"\",\"publisher\":{\"@id\":\"https:\\\/\\\/kt.gov.rs\\\/#organization\"},\"alternateName\":\"\u041a\u043e\u043e\u0440\u0434\u0438\u043d\u0430\u0446\u0438\u043e\u043d\u043e \u0442\u0435\u043b\u043e\",\"potentialAction\":[{\"@type\":\"SearchAction\",\"target\":{\"@type\":\"EntryPoint\",\"urlTemplate\":\"https:\\\/\\\/kt.gov.rs\\\/?s={search_term_string}\"},\"query-input\":{\"@type\":\"PropertyValueSpecification\",\"valueRequired\":true,\"valueName\":\"search_term_string\"}}],\"inLanguage\":\"sq-AL\"},{\"@type\":\"Organization\",\"@id\":\"https:\\\/\\\/kt.gov.rs\\\/#organization\",\"name\":\"\u041a\u043e\u043e\u0440\u0434\u0438\u043d\u0430\u0446\u0438\u043e\u043d\u043e \u0442\u0435\u043b\u043e \u0412\u043b\u0430\u0434\u0435 \u0420\u0435\u043f\u0443\u0431\u043b\u0438\u043a\u0435 \u0421\u0440\u0431\u0438\u0458\u0435 \u0437\u0430 \u043e\u043f\u0448\u0442\u0438\u043d\u0435 \u041f\u0440\u0435\u0448\u0435\u0432\u043e, \u0411\u0443\u0458\u0430\u043d\u043e\u0432\u0430\u0446 \u0438 \u041c\u0435\u0434\u0432\u0435\u0452a\",\"alternateName\":\"\u041a\u043e\u043e\u0440\u0434\u0438\u043d\u0430\u0446\u0438\u043e\u043d\u043e \u0442\u0435\u043b\u043e\",\"url\":\"https:\\\/\\\/kt.gov.rs\\\/\",\"logo\":{\"@type\":\"ImageObject\",\"inLanguage\":\"sq-AL\",\"@id\":\"https:\\\/\\\/kt.gov.rs\\\/#\\\/schema\\\/logo\\\/image\\\/\",\"url\":\"https:\\\/\\\/kt.gov.rs\\\/wp-content\\\/uploads\\\/2024\\\/12\\\/koord2.jpg\",\"contentUrl\":\"https:\\\/\\\/kt.gov.rs\\\/wp-content\\\/uploads\\\/2024\\\/12\\\/koord2.jpg\",\"width\":640,\"height\":480,\"caption\":\"\u041a\u043e\u043e\u0440\u0434\u0438\u043d\u0430\u0446\u0438\u043e\u043d\u043e \u0442\u0435\u043b\u043e \u0412\u043b\u0430\u0434\u0435 \u0420\u0435\u043f\u0443\u0431\u043b\u0438\u043a\u0435 \u0421\u0440\u0431\u0438\u0458\u0435 \u0437\u0430 \u043e\u043f\u0448\u0442\u0438\u043d\u0435 \u041f\u0440\u0435\u0448\u0435\u0432\u043e, \u0411\u0443\u0458\u0430\u043d\u043e\u0432\u0430\u0446 \u0438 \u041c\u0435\u0434\u0432\u0435\u0452a\"},\"image\":{\"@id\":\"https:\\\/\\\/kt.gov.rs\\\/#\\\/schema\\\/logo\\\/image\\\/\"},\"sameAs\":[\"https:\\\/\\\/www.facebook.com\\\/SluzbaKoordinacionogTelaVladeRepublikeSrbije\",\"https:\\\/\\\/x.com\\\/kt_gov\",\"https:\\\/\\\/www.youtube.com\\\/@koordinacionotelo\"]},{\"@type\":\"Person\",\"@id\":\"https:\\\/\\\/kt.gov.rs\\\/#\\\/schema\\\/person\\\/e426459ddb4173309103390602694571\",\"name\":\"ktmin\",\"image\":{\"@type\":\"ImageObject\",\"inLanguage\":\"sq-AL\",\"@id\":\"https:\\\/\\\/secure.gravatar.com\\\/avatar\\\/3985c961109853010c3fbc7ba30365bfba5db3dd6c525831d9c595c7525a615a?s=96&d=mm&r=g\",\"url\":\"https:\\\/\\\/secure.gravatar.com\\\/avatar\\\/3985c961109853010c3fbc7ba30365bfba5db3dd6c525831d9c595c7525a615a?s=96&d=mm&r=g\",\"contentUrl\":\"https:\\\/\\\/secure.gravatar.com\\\/avatar\\\/3985c961109853010c3fbc7ba30365bfba5db3dd6c525831d9c595c7525a615a?s=96&d=mm&r=g\",\"caption\":\"ktmin\"},\"sameAs\":[\"https:\\\/\\\/kt.gov.rs\"],\"url\":\"https:\\\/\\\/kt.gov.rs\\\/sq\\\/author\\\/ktmin\\\/\"}]}<\/script>\n<!-- \/ Yoast SEO plugin. -->","yoast_head_json":{"title":"PRAKTIKANT\u00cbT E PROGRAMIT T\u00cb PRAKTIK\u00cbS PROFESIONALE VIZITOJN\u00cb SH\u00cbRBIMIN E TRUPIT KOORDINUES DHE MINISTRIN\u00cb E T\u00cb DREJTAVE T\u00cb NJERIUT DHE T\u00cb PAKICAVE DHE DIALOGUT SOCIAL - Republika e S\u00ebrbis\u00eb Trupi Koordinues p\u00ebr komunat Bujanoc, Preshev\u00eb dhe Medvegj\u00eb","robots":{"index":"index","follow":"follow","max-snippet":"max-snippet:-1","max-image-preview":"max-image-preview:large","max-video-preview":"max-video-preview:-1"},"canonical":"https:\/\/kt.gov.rs\/sq\/praktikantet-e-programit-te-praktikes-profesionale-vizitojne-sherbimin-e-trupit-koordinues-dhe-ministrine-e-te-drejtave-te-njeriut-dhe-te-pakicave-dhe-dialogut-social\/","og_locale":"sq_AL","og_type":"article","og_title":"PRAKTIKANT\u00cbT E PROGRAMIT T\u00cb PRAKTIK\u00cbS PROFESIONALE VIZITOJN\u00cb SH\u00cbRBIMIN E TRUPIT KOORDINUES DHE MINISTRIN\u00cb E T\u00cb DREJTAVE T\u00cb NJERIUT DHE T\u00cb PAKICAVE DHE DIALOGUT SOCIAL - Republika e S\u00ebrbis\u00eb Trupi Koordinues p\u00ebr komunat Bujanoc, Preshev\u00eb dhe Medvegj\u00eb","og_description":"Beograd -\u00a0Praktikant\u00ebt e Programit t\u00eb Praktik\u00ebs Profesionale t\u00eb OSBE-s\u00eb fol\u00ebn me Gordana \u010comi\u0107, Ministre e t\u00eb Drejtave t\u00eb Njeriut dhe t\u00eb Pakicave dhe Dialogut Social...","og_url":"https:\/\/kt.gov.rs\/sq\/praktikantet-e-programit-te-praktikes-profesionale-vizitojne-sherbimin-e-trupit-koordinues-dhe-ministrine-e-te-drejtave-te-njeriut-dhe-te-pakicave-dhe-dialogut-social\/","og_site_name":"Republika e S\u00ebrbis\u00eb Trupi Koordinues p\u00ebr komunat Bujanoc, Preshev\u00eb dhe Medvegj\u00eb","article_publisher":"https:\/\/www.facebook.com\/SluzbaKoordinacionogTelaVladeRepublikeSrbije","article_published_time":"2022-03-23T00:00:00+00:00","article_modified_time":"2024-07-30T17:57:22+00:00","og_image":[{"width":640,"height":345,"url":"https:\/\/kt.gov.rs\/wp-content\/uploads\/2024\/07\/1648042841_230322_1v-3.jpg","type":"image\/jpeg"}],"author":"ktmin","twitter_card":"summary_large_image","twitter_creator":"@kt_gov","twitter_site":"@kt_gov","twitter_misc":{"Written by":"ktmin","Est. reading time":"1 minute"},"schema":{"@context":"https:\/\/schema.org","@graph":[{"@type":"Article","@id":"https:\/\/kt.gov.rs\/sq\/praktikantet-e-programit-te-praktikes-profesionale-vizitojne-sherbimin-e-trupit-koordinues-dhe-ministrine-e-te-drejtave-te-njeriut-dhe-te-pakicave-dhe-dialogut-social\/#article","isPartOf":{"@id":"https:\/\/kt.gov.rs\/sq\/praktikantet-e-programit-te-praktikes-profesionale-vizitojne-sherbimin-e-trupit-koordinues-dhe-ministrine-e-te-drejtave-te-njeriut-dhe-te-pakicave-dhe-dialogut-social\/"},"author":{"name":"ktmin","@id":"https:\/\/kt.gov.rs\/#\/schema\/person\/e426459ddb4173309103390602694571"},"headline":"PRAKTIKANT\u00cbT E PROGRAMIT T\u00cb PRAKTIK\u00cbS PROFESIONALE VIZITOJN\u00cb SH\u00cbRBIMIN E TRUPIT KOORDINUES DHE MINISTRIN\u00cb E T\u00cb DREJTAVE T\u00cb NJERIUT DHE T\u00cb PAKICAVE DHE DIALOGUT SOCIAL","datePublished":"2022-03-23T00:00:00+00:00","dateModified":"2024-07-30T17:57:22+00:00","mainEntityOfPage":{"@id":"https:\/\/kt.gov.rs\/sq\/praktikantet-e-programit-te-praktikes-profesionale-vizitojne-sherbimin-e-trupit-koordinues-dhe-ministrine-e-te-drejtave-te-njeriut-dhe-te-pakicave-dhe-dialogut-social\/"},"wordCount":292,"publisher":{"@id":"https:\/\/kt.gov.rs\/#organization"},"image":{"@id":"https:\/\/kt.gov.rs\/sq\/praktikantet-e-programit-te-praktikes-profesionale-vizitojne-sherbimin-e-trupit-koordinues-dhe-ministrine-e-te-drejtave-te-njeriut-dhe-te-pakicave-dhe-dialogut-social\/#primaryimage"},"thumbnailUrl":"https:\/\/kt.gov.rs\/wp-content\/uploads\/2024\/07\/1648042841_230322_1v-3.jpg","articleSection":["Lajme"],"inLanguage":"sq-AL"},{"@type":"WebPage","@id":"https:\/\/kt.gov.rs\/sq\/praktikantet-e-programit-te-praktikes-profesionale-vizitojne-sherbimin-e-trupit-koordinues-dhe-ministrine-e-te-drejtave-te-njeriut-dhe-te-pakicave-dhe-dialogut-social\/","url":"https:\/\/kt.gov.rs\/sq\/praktikantet-e-programit-te-praktikes-profesionale-vizitojne-sherbimin-e-trupit-koordinues-dhe-ministrine-e-te-drejtave-te-njeriut-dhe-te-pakicave-dhe-dialogut-social\/","name":"PRAKTIKANT\u00cbT E PROGRAMIT T\u00cb PRAKTIK\u00cbS PROFESIONALE VIZITOJN\u00cb SH\u00cbRBIMIN E TRUPIT KOORDINUES DHE MINISTRIN\u00cb E T\u00cb DREJTAVE T\u00cb NJERIUT DHE T\u00cb PAKICAVE DHE DIALOGUT SOCIAL - Republika e S\u00ebrbis\u00eb Trupi Koordinues p\u00ebr komunat Bujanoc, Preshev\u00eb dhe Medvegj\u00eb","isPartOf":{"@id":"https:\/\/kt.gov.rs\/#website"},"primaryImageOfPage":{"@id":"https:\/\/kt.gov.rs\/sq\/praktikantet-e-programit-te-praktikes-profesionale-vizitojne-sherbimin-e-trupit-koordinues-dhe-ministrine-e-te-drejtave-te-njeriut-dhe-te-pakicave-dhe-dialogut-social\/#primaryimage"},"image":{"@id":"https:\/\/kt.gov.rs\/sq\/praktikantet-e-programit-te-praktikes-profesionale-vizitojne-sherbimin-e-trupit-koordinues-dhe-ministrine-e-te-drejtave-te-njeriut-dhe-te-pakicave-dhe-dialogut-social\/#primaryimage"},"thumbnailUrl":"https:\/\/kt.gov.rs\/wp-content\/uploads\/2024\/07\/1648042841_230322_1v-3.jpg","datePublished":"2022-03-23T00:00:00+00:00","dateModified":"2024-07-30T17:57:22+00:00","breadcrumb":{"@id":"https:\/\/kt.gov.rs\/sq\/praktikantet-e-programit-te-praktikes-profesionale-vizitojne-sherbimin-e-trupit-koordinues-dhe-ministrine-e-te-drejtave-te-njeriut-dhe-te-pakicave-dhe-dialogut-social\/#breadcrumb"},"inLanguage":"sq-AL","potentialAction":[{"@type":"ReadAction","target":["https:\/\/kt.gov.rs\/sq\/praktikantet-e-programit-te-praktikes-profesionale-vizitojne-sherbimin-e-trupit-koordinues-dhe-ministrine-e-te-drejtave-te-njeriut-dhe-te-pakicave-dhe-dialogut-social\/"]}]},{"@type":"ImageObject","inLanguage":"sq-AL","@id":"https:\/\/kt.gov.rs\/sq\/praktikantet-e-programit-te-praktikes-profesionale-vizitojne-sherbimin-e-trupit-koordinues-dhe-ministrine-e-te-drejtave-te-njeriut-dhe-te-pakicave-dhe-dialogut-social\/#primaryimage","url":"https:\/\/kt.gov.rs\/wp-content\/uploads\/2024\/07\/1648042841_230322_1v-3.jpg","contentUrl":"https:\/\/kt.gov.rs\/wp-content\/uploads\/2024\/07\/1648042841_230322_1v-3.jpg","width":640,"height":345},{"@type":"BreadcrumbList","@id":"https:\/\/kt.gov.rs\/sq\/praktikantet-e-programit-te-praktikes-profesionale-vizitojne-sherbimin-e-trupit-koordinues-dhe-ministrine-e-te-drejtave-te-njeriut-dhe-te-pakicave-dhe-dialogut-social\/#breadcrumb","itemListElement":[{"@type":"ListItem","position":1,"name":"\u041f\u043e\u0447\u0435\u0442\u043d\u0430","item":"https:\/\/kt.gov.rs\/sq\/"},{"@type":"ListItem","position":2,"name":"PRAKTIKANT\u00cbT E PROGRAMIT T\u00cb PRAKTIK\u00cbS PROFESIONALE VIZITOJN\u00cb SH\u00cbRBIMIN E TRUPIT KOORDINUES DHE MINISTRIN\u00cb E T\u00cb DREJTAVE T\u00cb NJERIUT DHE T\u00cb PAKICAVE DHE DIALOGUT SOCIAL"}]},{"@type":"WebSite","@id":"https:\/\/kt.gov.rs\/#website","url":"https:\/\/kt.gov.rs\/","name":"\u041a\u043e\u043e\u0440\u0434\u0438\u043d\u0430\u0446\u0438\u043e\u043d\u043e \u0442\u0435\u043b\u043e \u0412\u043b\u0430\u0434\u0435 \u0420\u0435\u043f\u0443\u0431\u043b\u0438\u043a\u0435 \u0421\u0440\u0431\u0438\u0458\u0435 \u0437\u0430 \u043e\u043f\u0448\u0442\u0438\u043d\u0435 \u041f\u0440\u0435\u0448\u0435\u0432\u043e, \u0411\u0443\u0458\u0430\u043d\u043e\u0432\u0430\u0446 \u0438 \u041c\u0435\u0434\u0432\u0435\u0452a","description":"","publisher":{"@id":"https:\/\/kt.gov.rs\/#organization"},"alternateName":"\u041a\u043e\u043e\u0440\u0434\u0438\u043d\u0430\u0446\u0438\u043e\u043d\u043e \u0442\u0435\u043b\u043e","potentialAction":[{"@type":"SearchAction","target":{"@type":"EntryPoint","urlTemplate":"https:\/\/kt.gov.rs\/?s={search_term_string}"},"query-input":{"@type":"PropertyValueSpecification","valueRequired":true,"valueName":"search_term_string"}}],"inLanguage":"sq-AL"},{"@type":"Organization","@id":"https:\/\/kt.gov.rs\/#organization","name":"\u041a\u043e\u043e\u0440\u0434\u0438\u043d\u0430\u0446\u0438\u043e\u043d\u043e \u0442\u0435\u043b\u043e \u0412\u043b\u0430\u0434\u0435 \u0420\u0435\u043f\u0443\u0431\u043b\u0438\u043a\u0435 \u0421\u0440\u0431\u0438\u0458\u0435 \u0437\u0430 \u043e\u043f\u0448\u0442\u0438\u043d\u0435 \u041f\u0440\u0435\u0448\u0435\u0432\u043e, \u0411\u0443\u0458\u0430\u043d\u043e\u0432\u0430\u0446 \u0438 \u041c\u0435\u0434\u0432\u0435\u0452a","alternateName":"\u041a\u043e\u043e\u0440\u0434\u0438\u043d\u0430\u0446\u0438\u043e\u043d\u043e \u0442\u0435\u043b\u043e","url":"https:\/\/kt.gov.rs\/","logo":{"@type":"ImageObject","inLanguage":"sq-AL","@id":"https:\/\/kt.gov.rs\/#\/schema\/logo\/image\/","url":"https:\/\/kt.gov.rs\/wp-content\/uploads\/2024\/12\/koord2.jpg","contentUrl":"https:\/\/kt.gov.rs\/wp-content\/uploads\/2024\/12\/koord2.jpg","width":640,"height":480,"caption":"\u041a\u043e\u043e\u0440\u0434\u0438\u043d\u0430\u0446\u0438\u043e\u043d\u043e \u0442\u0435\u043b\u043e \u0412\u043b\u0430\u0434\u0435 \u0420\u0435\u043f\u0443\u0431\u043b\u0438\u043a\u0435 \u0421\u0440\u0431\u0438\u0458\u0435 \u0437\u0430 \u043e\u043f\u0448\u0442\u0438\u043d\u0435 \u041f\u0440\u0435\u0448\u0435\u0432\u043e, \u0411\u0443\u0458\u0430\u043d\u043e\u0432\u0430\u0446 \u0438 \u041c\u0435\u0434\u0432\u0435\u0452a"},"image":{"@id":"https:\/\/kt.gov.rs\/#\/schema\/logo\/image\/"},"sameAs":["https:\/\/www.facebook.com\/SluzbaKoordinacionogTelaVladeRepublikeSrbije","https:\/\/x.com\/kt_gov","https:\/\/www.youtube.com\/@koordinacionotelo"]},{"@type":"Person","@id":"https:\/\/kt.gov.rs\/#\/schema\/person\/e426459ddb4173309103390602694571","name":"ktmin","image":{"@type":"ImageObject","inLanguage":"sq-AL","@id":"https:\/\/secure.gravatar.com\/avatar\/3985c961109853010c3fbc7ba30365bfba5db3dd6c525831d9c595c7525a615a?s=96&d=mm&r=g","url":"https:\/\/secure.gravatar.com\/avatar\/3985c961109853010c3fbc7ba30365bfba5db3dd6c525831d9c595c7525a615a?s=96&d=mm&r=g","contentUrl":"https:\/\/secure.gravatar.com\/avatar\/3985c961109853010c3fbc7ba30365bfba5db3dd6c525831d9c595c7525a615a?s=96&d=mm&r=g","caption":"ktmin"},"sameAs":["https:\/\/kt.gov.rs"],"url":"https:\/\/kt.gov.rs\/sq\/author\/ktmin\/"}]}},"_links":{"self":[{"href":"https:\/\/kt.gov.rs\/sq\/wp-json\/wp\/v2\/posts\/107915","targetHints":{"allow":["GET"]}}],"collection":[{"href":"https:\/\/kt.gov.rs\/sq\/wp-json\/wp\/v2\/posts"}],"about":[{"href":"https:\/\/kt.gov.rs\/sq\/wp-json\/wp\/v2\/types\/post"}],"author":[{"embeddable":true,"href":"https:\/\/kt.gov.rs\/sq\/wp-json\/wp\/v2\/users\/1"}],"replies":[{"embeddable":true,"href":"https:\/\/kt.gov.rs\/sq\/wp-json\/wp\/v2\/comments?post=107915"}],"version-history":[{"count":1,"href":"https:\/\/kt.gov.rs\/sq\/wp-json\/wp\/v2\/posts\/107915\/revisions"}],"predecessor-version":[{"id":107922,"href":"https:\/\/kt.gov.rs\/sq\/wp-json\/wp\/v2\/posts\/107915\/revisions\/107922"}],"wp:featuredmedia":[{"embeddable":true,"href":"https:\/\/kt.gov.rs\/sq\/wp-json\/wp\/v2\/media\/107923"}],"wp:attachment":[{"href":"https:\/\/kt.gov.rs\/sq\/wp-json\/wp\/v2\/media?parent=107915"}],"wp:term":[{"taxonomy":"category","embeddable":true,"href":"https:\/\/kt.gov.rs\/sq\/wp-json\/wp\/v2\/categories?post=107915"},{"taxonomy":"post_tag","embeddable":true,"href":"https:\/\/kt.gov.rs\/sq\/wp-json\/wp\/v2\/tags?post=107915"}],"curies":[{"name":"wp","href":"https:\/\/api.w.org\/{rel}","templated":true}]}}