{"id":107896,"date":"2022-03-25T00:00:00","date_gmt":"2022-03-25T00:00:00","guid":{"rendered":"http:\/\/kt.printandscreen.rs\/praktikantet-ne-qeverite-lokale-ne-serbine-jugperendimore-dhe-pjesemarresit-ne-programin-e-praktikes-profesionale-u-trajnuan-nga-sherbimi-i-menaxhimit-te-burimeve-njerezore-dhe-agjencia-kombetare-per\/"},"modified":"2024-07-30T17:57:20","modified_gmt":"2024-07-30T17:57:20","slug":"praktikantet-ne-qeverite-lokale-ne-serbine-jugperendimore-dhe-pjesemarresit-ne-programin-e-praktikes-profesionale-u-trajnuan-nga-sherbimi-i-menaxhimit-te-burimeve-njerezore-dhe-agjencia-kombetare-per","status":"publish","type":"post","link":"https:\/\/kt.gov.rs\/sq\/praktikantet-ne-qeverite-lokale-ne-serbine-jugperendimore-dhe-pjesemarresit-ne-programin-e-praktikes-profesionale-u-trajnuan-nga-sherbimi-i-menaxhimit-te-burimeve-njerezore-dhe-agjencia-kombetare-per\/","title":{"rendered":"Praktikant\u00ebt n\u00eb qeverit\u00eb lokale n\u00eb Serbin\u00eb jugper\u00ebndimore dhe pjes\u00ebmarr\u00ebsit n\u00eb Programin e Praktik\u00ebs Profesionale u trajnuan nga Sh\u00ebrbimi i Menaxhimit t\u00eb Burimeve Njer\u00ebzore dhe Agjencia Komb\u00ebtare p\u00ebr Administrat\u00ebn Publike"},"content":{"rendered":"<p>\n\t<strong><img decoding=\"async\" alt=\"\" src=\"https:\/\/kt.gov.rs\/wp-content\/uploads\/2024\/07\/1648219141_250322_1-2.jpg\" style=\"width: 315px; height: 230px; float: left;\" \/><\/strong><strong>Beograd <\/strong>\u2013 Misioni i OSBE-s\u00eb n\u00eb Serbi, n\u00eb bashk\u00ebpunim me institucionet shtet\u00ebrore dhe qeverit\u00eb lokale nga Serbia jugper\u00ebndimore, po zbaton dy programe trajnimi dhe praktikash p\u00ebr t\u00eb rinjt\u00eb. Pjes\u00ebmarr\u00ebsit n\u00eb k\u00ebto programe, 16 prej tyre, mor\u00ebn pjes\u00eb n\u00eb leksione t\u00eb organizuara nga Sh\u00ebrbimi i Menaxhimit t\u00eb Burimeve Njer\u00ebzore dhe Akademia Komb\u00ebtare e Administrat\u00ebs Publike.<\/p>\n<p>\n\tMe at\u00eb rast, praktikant\u00ebt u njoh\u00ebn me pun\u00ebn e SHMBN-ut dhe AKAP-s\u00eb, mblodh\u00ebn informacione p\u00ebr aft\u00ebsimin e m\u00ebtutjesh\u00ebm dhe mund\u00ebsit\u00eb e pun\u00ebsimit n\u00eb organet e administrat\u00ebs shtet\u00ebrore.<\/p>\n<p>\n\tAgjencia p\u00ebr Parandalimin e Korrupsionit ka organizuar trajnim p\u00ebr ta me tem\u00ebn \u201cEtika dhe integriteti i n\u00ebnpun\u00ebsve civil\u00eb\u201d, dhe m\u00eb pas praktikant\u00ebt kan\u00eb ndjekur trajnimin me tem\u00eb Planifikimi i projekteve.<\/p>\n<p>\n\t<img decoding=\"async\" alt=\"\" src=\"https:\/\/kt.gov.rs\/wp-content\/uploads\/2024\/07\/1648219152_250322_1v-1.jpg\" style=\"width: 640px; height: 360px;\" \/><\/p>\n<p>\n\tK\u00ebto trajnime ofruan nj\u00eb mund\u00ebsi q\u00eb t\u00eb rinjt\u00eb n\u00eb zhvillim profesional t\u00eb njihen m\u00eb mir\u00eb me parimet etike, t\u00eb kuptojn\u00eb rregulloret dhe t\u00eb m\u00ebsojn\u00eb se \u00e7far\u00eb \u00ebsht\u00eb sjellje e pranueshme n\u00eb autoritetet publike. N\u00eb t\u00eb nj\u00ebjt\u00ebn koh\u00eb, praktikant\u00ebt praktikonin reagimin n\u00eb situata t\u00eb rrezikshme dhe situata dilemash etike.<\/p>\n<p>\n\tN\u00eb trajnimin e dyt\u00eb, pjes\u00ebmarr\u00ebsit e Programit t\u00eb Praktik\u00ebs Profesionale u njoh\u00ebn me planifikimin e projekteve, krijimin e ideve t\u00eb projektit, aktivitetet zbatuese, planifikimin e burimeve dhe kostove, si dhe monitorimin dhe vler\u00ebsimin e projekteve.<\/p>\n<p>\n\t<strong>Burimi: Trupi Koordinues<\/strong><\/p>\n<p>\n\t\u00a0<\/p>\n","protected":false},"excerpt":{"rendered":"<p>\u0411\u0435\u043e\u0433\u0440\u0430\u0434 -\u041c\u0438\u0441\u0438\u0458\u0430 \u041e\u0415\u0411\u0421-\u0430 \u0443 \u0421\u0440\u0431\u0438\u0458\u0438, \u0443 \u0441\u0430\u0440\u0430\u0434\u045a\u0438 \u0441\u0430 \u0434\u0440\u0436\u0430\u0432\u043d\u0438\u043c \u0438\u043d\u0441\u0442\u0438\u0442\u0443\u0446\u0438\u0458\u0430\u043c\u0430 \u0438 \u043b\u043e\u043a\u0430\u043b\u043d\u0438\u043c \u0441\u0430\u043c\u043e\u0443\u043f\u0440\u0430\u0432\u0430\u043c\u0430 \u0438\u0437 \u0458\u0443\u0433\u043e\u0437\u0430\u043f\u0430\u0434\u043d\u0435 \u0421\u0440\u0431\u0438\u0458\u0435 \u0440\u0435\u0430\u043b\u0438\u0437\u0443\u0458\u0435 \u0434\u0432\u0430 \u043f\u0440\u043e\u0433\u0440\u0430\u043c\u0430 \u0443\u0441\u0430\u0432\u0440\u0448\u0430\u0432\u0430\u045a\u0430 \u0438 \u0441\u0442\u0440\u0443\u0447\u043d\u0435 \u043f\u0440\u0430\u043a\u0441\u0435 \u0437\u0430 \u043c\u043b\u0430\u0434\u0435\u2026<\/p>\n","protected":false},"author":1,"featured_media":107904,"comment_status":"closed","ping_status":"closed","sticky":false,"template":"","format":"standard","meta":{"footnotes":""},"categories":[55],"tags":[],"class_list":["post-107896","post","type-post","status-publish","format-standard","has-post-thumbnail","hentry","category-lajme"],"yoast_head":"<!-- This site is optimized with the Yoast SEO plugin v27.5 - https:\/\/yoast.com\/product\/yoast-seo-wordpress\/ -->\n<title>Praktikant\u00ebt n\u00eb qeverit\u00eb lokale n\u00eb Serbin\u00eb jugper\u00ebndimore dhe pjes\u00ebmarr\u00ebsit n\u00eb Programin e Praktik\u00ebs Profesionale u trajnuan nga Sh\u00ebrbimi i Menaxhimit t\u00eb Burimeve Njer\u00ebzore dhe Agjencia Komb\u00ebtare p\u00ebr Administrat\u00ebn Publike - Republika e S\u00ebrbis\u00eb Trupi Koordinues p\u00ebr komunat Bujanoc, Preshev\u00eb dhe Medvegj\u00eb<\/title>\n<meta name=\"robots\" content=\"index, follow, max-snippet:-1, max-image-preview:large, max-video-preview:-1\" \/>\n<link rel=\"canonical\" href=\"https:\/\/kt.gov.rs\/sq\/praktikantet-ne-qeverite-lokale-ne-serbine-jugperendimore-dhe-pjesemarresit-ne-programin-e-praktikes-profesionale-u-trajnuan-nga-sherbimi-i-menaxhimit-te-burimeve-njerezore-dhe-agjencia-kombetare-per\/\" \/>\n<meta property=\"og:locale\" content=\"sq_AL\" \/>\n<meta property=\"og:type\" content=\"article\" \/>\n<meta property=\"og:title\" content=\"Praktikant\u00ebt n\u00eb qeverit\u00eb lokale n\u00eb Serbin\u00eb jugper\u00ebndimore dhe pjes\u00ebmarr\u00ebsit n\u00eb Programin e Praktik\u00ebs Profesionale u trajnuan nga Sh\u00ebrbimi i Menaxhimit t\u00eb Burimeve Njer\u00ebzore dhe Agjencia Komb\u00ebtare p\u00ebr Administrat\u00ebn Publike - Republika e S\u00ebrbis\u00eb Trupi Koordinues p\u00ebr komunat Bujanoc, Preshev\u00eb dhe Medvegj\u00eb\" \/>\n<meta property=\"og:description\" content=\"\u0411\u0435\u043e\u0433\u0440\u0430\u0434 -\u041c\u0438\u0441\u0438\u0458\u0430 \u041e\u0415\u0411\u0421-\u0430 \u0443 \u0421\u0440\u0431\u0438\u0458\u0438, \u0443 \u0441\u0430\u0440\u0430\u0434\u045a\u0438 \u0441\u0430 \u0434\u0440\u0436\u0430\u0432\u043d\u0438\u043c \u0438\u043d\u0441\u0442\u0438\u0442\u0443\u0446\u0438\u0458\u0430\u043c\u0430 \u0438 \u043b\u043e\u043a\u0430\u043b\u043d\u0438\u043c \u0441\u0430\u043c\u043e\u0443\u043f\u0440\u0430\u0432\u0430\u043c\u0430 \u0438\u0437 \u0458\u0443\u0433\u043e\u0437\u0430\u043f\u0430\u0434\u043d\u0435 \u0421\u0440\u0431\u0438\u0458\u0435 \u0440\u0435\u0430\u043b\u0438\u0437\u0443\u0458\u0435 \u0434\u0432\u0430 \u043f\u0440\u043e\u0433\u0440\u0430\u043c\u0430 \u0443\u0441\u0430\u0432\u0440\u0448\u0430\u0432\u0430\u045a\u0430 \u0438 \u0441\u0442\u0440\u0443\u0447\u043d\u0435 \u043f\u0440\u0430\u043a\u0441\u0435 \u0437\u0430 \u043c\u043b\u0430\u0434\u0435...\" \/>\n<meta property=\"og:url\" content=\"https:\/\/kt.gov.rs\/sq\/praktikantet-ne-qeverite-lokale-ne-serbine-jugperendimore-dhe-pjesemarresit-ne-programin-e-praktikes-profesionale-u-trajnuan-nga-sherbimi-i-menaxhimit-te-burimeve-njerezore-dhe-agjencia-kombetare-per\/\" \/>\n<meta property=\"og:site_name\" content=\"Republika e S\u00ebrbis\u00eb Trupi Koordinues p\u00ebr komunat Bujanoc, Preshev\u00eb dhe Medvegj\u00eb\" \/>\n<meta property=\"article:publisher\" content=\"https:\/\/www.facebook.com\/SluzbaKoordinacionogTelaVladeRepublikeSrbije\" \/>\n<meta property=\"article:published_time\" content=\"2022-03-25T00:00:00+00:00\" \/>\n<meta property=\"article:modified_time\" content=\"2024-07-30T17:57:20+00:00\" \/>\n<meta property=\"og:image\" content=\"https:\/\/kt.gov.rs\/wp-content\/uploads\/2024\/07\/1648219141_250322_1-3.jpg\" \/>\n\t<meta property=\"og:image:width\" content=\"315\" \/>\n\t<meta property=\"og:image:height\" content=\"230\" \/>\n\t<meta property=\"og:image:type\" content=\"image\/jpeg\" \/>\n<meta name=\"author\" content=\"ktmin\" \/>\n<meta name=\"twitter:card\" content=\"summary_large_image\" \/>\n<meta name=\"twitter:creator\" content=\"@kt_gov\" \/>\n<meta name=\"twitter:site\" content=\"@kt_gov\" \/>\n<meta name=\"twitter:label1\" content=\"Written by\" \/>\n\t<meta name=\"twitter:data1\" content=\"ktmin\" \/>\n\t<meta name=\"twitter:label2\" content=\"Est. reading time\" \/>\n\t<meta name=\"twitter:data2\" content=\"2 minutes\" \/>\n<script type=\"application\/ld+json\" class=\"yoast-schema-graph\">{\"@context\":\"https:\\\/\\\/schema.org\",\"@graph\":[{\"@type\":\"Article\",\"@id\":\"https:\\\/\\\/kt.gov.rs\\\/sq\\\/praktikantet-ne-qeverite-lokale-ne-serbine-jugperendimore-dhe-pjesemarresit-ne-programin-e-praktikes-profesionale-u-trajnuan-nga-sherbimi-i-menaxhimit-te-burimeve-njerezore-dhe-agjencia-kombetare-per\\\/#article\",\"isPartOf\":{\"@id\":\"https:\\\/\\\/kt.gov.rs\\\/sq\\\/praktikantet-ne-qeverite-lokale-ne-serbine-jugperendimore-dhe-pjesemarresit-ne-programin-e-praktikes-profesionale-u-trajnuan-nga-sherbimi-i-menaxhimit-te-burimeve-njerezore-dhe-agjencia-kombetare-per\\\/\"},\"author\":{\"name\":\"ktmin\",\"@id\":\"https:\\\/\\\/kt.gov.rs\\\/#\\\/schema\\\/person\\\/e426459ddb4173309103390602694571\"},\"headline\":\"Praktikant\u00ebt n\u00eb qeverit\u00eb lokale n\u00eb Serbin\u00eb jugper\u00ebndimore dhe pjes\u00ebmarr\u00ebsit n\u00eb Programin e Praktik\u00ebs Profesionale u trajnuan nga Sh\u00ebrbimi i Menaxhimit t\u00eb Burimeve Njer\u00ebzore dhe Agjencia Komb\u00ebtare p\u00ebr Administrat\u00ebn Publike\",\"datePublished\":\"2022-03-25T00:00:00+00:00\",\"dateModified\":\"2024-07-30T17:57:20+00:00\",\"mainEntityOfPage\":{\"@id\":\"https:\\\/\\\/kt.gov.rs\\\/sq\\\/praktikantet-ne-qeverite-lokale-ne-serbine-jugperendimore-dhe-pjesemarresit-ne-programin-e-praktikes-profesionale-u-trajnuan-nga-sherbimi-i-menaxhimit-te-burimeve-njerezore-dhe-agjencia-kombetare-per\\\/\"},\"wordCount\":365,\"publisher\":{\"@id\":\"https:\\\/\\\/kt.gov.rs\\\/#organization\"},\"image\":{\"@id\":\"https:\\\/\\\/kt.gov.rs\\\/sq\\\/praktikantet-ne-qeverite-lokale-ne-serbine-jugperendimore-dhe-pjesemarresit-ne-programin-e-praktikes-profesionale-u-trajnuan-nga-sherbimi-i-menaxhimit-te-burimeve-njerezore-dhe-agjencia-kombetare-per\\\/#primaryimage\"},\"thumbnailUrl\":\"https:\\\/\\\/kt.gov.rs\\\/wp-content\\\/uploads\\\/2024\\\/07\\\/1648219141_250322_1-3.jpg\",\"articleSection\":[\"Lajme\"],\"inLanguage\":\"sq-AL\"},{\"@type\":\"WebPage\",\"@id\":\"https:\\\/\\\/kt.gov.rs\\\/sq\\\/praktikantet-ne-qeverite-lokale-ne-serbine-jugperendimore-dhe-pjesemarresit-ne-programin-e-praktikes-profesionale-u-trajnuan-nga-sherbimi-i-menaxhimit-te-burimeve-njerezore-dhe-agjencia-kombetare-per\\\/\",\"url\":\"https:\\\/\\\/kt.gov.rs\\\/sq\\\/praktikantet-ne-qeverite-lokale-ne-serbine-jugperendimore-dhe-pjesemarresit-ne-programin-e-praktikes-profesionale-u-trajnuan-nga-sherbimi-i-menaxhimit-te-burimeve-njerezore-dhe-agjencia-kombetare-per\\\/\",\"name\":\"Praktikant\u00ebt n\u00eb qeverit\u00eb lokale n\u00eb Serbin\u00eb jugper\u00ebndimore dhe pjes\u00ebmarr\u00ebsit n\u00eb Programin e Praktik\u00ebs Profesionale u trajnuan nga Sh\u00ebrbimi i Menaxhimit t\u00eb Burimeve Njer\u00ebzore dhe Agjencia Komb\u00ebtare p\u00ebr Administrat\u00ebn Publike - Republika e S\u00ebrbis\u00eb Trupi Koordinues p\u00ebr komunat Bujanoc, Preshev\u00eb dhe Medvegj\u00eb\",\"isPartOf\":{\"@id\":\"https:\\\/\\\/kt.gov.rs\\\/#website\"},\"primaryImageOfPage\":{\"@id\":\"https:\\\/\\\/kt.gov.rs\\\/sq\\\/praktikantet-ne-qeverite-lokale-ne-serbine-jugperendimore-dhe-pjesemarresit-ne-programin-e-praktikes-profesionale-u-trajnuan-nga-sherbimi-i-menaxhimit-te-burimeve-njerezore-dhe-agjencia-kombetare-per\\\/#primaryimage\"},\"image\":{\"@id\":\"https:\\\/\\\/kt.gov.rs\\\/sq\\\/praktikantet-ne-qeverite-lokale-ne-serbine-jugperendimore-dhe-pjesemarresit-ne-programin-e-praktikes-profesionale-u-trajnuan-nga-sherbimi-i-menaxhimit-te-burimeve-njerezore-dhe-agjencia-kombetare-per\\\/#primaryimage\"},\"thumbnailUrl\":\"https:\\\/\\\/kt.gov.rs\\\/wp-content\\\/uploads\\\/2024\\\/07\\\/1648219141_250322_1-3.jpg\",\"datePublished\":\"2022-03-25T00:00:00+00:00\",\"dateModified\":\"2024-07-30T17:57:20+00:00\",\"breadcrumb\":{\"@id\":\"https:\\\/\\\/kt.gov.rs\\\/sq\\\/praktikantet-ne-qeverite-lokale-ne-serbine-jugperendimore-dhe-pjesemarresit-ne-programin-e-praktikes-profesionale-u-trajnuan-nga-sherbimi-i-menaxhimit-te-burimeve-njerezore-dhe-agjencia-kombetare-per\\\/#breadcrumb\"},\"inLanguage\":\"sq-AL\",\"potentialAction\":[{\"@type\":\"ReadAction\",\"target\":[\"https:\\\/\\\/kt.gov.rs\\\/sq\\\/praktikantet-ne-qeverite-lokale-ne-serbine-jugperendimore-dhe-pjesemarresit-ne-programin-e-praktikes-profesionale-u-trajnuan-nga-sherbimi-i-menaxhimit-te-burimeve-njerezore-dhe-agjencia-kombetare-per\\\/\"]}]},{\"@type\":\"ImageObject\",\"inLanguage\":\"sq-AL\",\"@id\":\"https:\\\/\\\/kt.gov.rs\\\/sq\\\/praktikantet-ne-qeverite-lokale-ne-serbine-jugperendimore-dhe-pjesemarresit-ne-programin-e-praktikes-profesionale-u-trajnuan-nga-sherbimi-i-menaxhimit-te-burimeve-njerezore-dhe-agjencia-kombetare-per\\\/#primaryimage\",\"url\":\"https:\\\/\\\/kt.gov.rs\\\/wp-content\\\/uploads\\\/2024\\\/07\\\/1648219141_250322_1-3.jpg\",\"contentUrl\":\"https:\\\/\\\/kt.gov.rs\\\/wp-content\\\/uploads\\\/2024\\\/07\\\/1648219141_250322_1-3.jpg\",\"width\":315,\"height\":230},{\"@type\":\"BreadcrumbList\",\"@id\":\"https:\\\/\\\/kt.gov.rs\\\/sq\\\/praktikantet-ne-qeverite-lokale-ne-serbine-jugperendimore-dhe-pjesemarresit-ne-programin-e-praktikes-profesionale-u-trajnuan-nga-sherbimi-i-menaxhimit-te-burimeve-njerezore-dhe-agjencia-kombetare-per\\\/#breadcrumb\",\"itemListElement\":[{\"@type\":\"ListItem\",\"position\":1,\"name\":\"\u041f\u043e\u0447\u0435\u0442\u043d\u0430\",\"item\":\"https:\\\/\\\/kt.gov.rs\\\/sq\\\/\"},{\"@type\":\"ListItem\",\"position\":2,\"name\":\"Praktikant\u00ebt n\u00eb qeverit\u00eb lokale n\u00eb Serbin\u00eb jugper\u00ebndimore dhe pjes\u00ebmarr\u00ebsit n\u00eb Programin e Praktik\u00ebs Profesionale u trajnuan nga Sh\u00ebrbimi i Menaxhimit t\u00eb Burimeve Njer\u00ebzore dhe Agjencia Komb\u00ebtare p\u00ebr Administrat\u00ebn Publike\"}]},{\"@type\":\"WebSite\",\"@id\":\"https:\\\/\\\/kt.gov.rs\\\/#website\",\"url\":\"https:\\\/\\\/kt.gov.rs\\\/\",\"name\":\"\u041a\u043e\u043e\u0440\u0434\u0438\u043d\u0430\u0446\u0438\u043e\u043d\u043e \u0442\u0435\u043b\u043e \u0412\u043b\u0430\u0434\u0435 \u0420\u0435\u043f\u0443\u0431\u043b\u0438\u043a\u0435 \u0421\u0440\u0431\u0438\u0458\u0435 \u0437\u0430 \u043e\u043f\u0448\u0442\u0438\u043d\u0435 \u041f\u0440\u0435\u0448\u0435\u0432\u043e, \u0411\u0443\u0458\u0430\u043d\u043e\u0432\u0430\u0446 \u0438 \u041c\u0435\u0434\u0432\u0435\u0452a\",\"description\":\"\",\"publisher\":{\"@id\":\"https:\\\/\\\/kt.gov.rs\\\/#organization\"},\"alternateName\":\"\u041a\u043e\u043e\u0440\u0434\u0438\u043d\u0430\u0446\u0438\u043e\u043d\u043e \u0442\u0435\u043b\u043e\",\"potentialAction\":[{\"@type\":\"SearchAction\",\"target\":{\"@type\":\"EntryPoint\",\"urlTemplate\":\"https:\\\/\\\/kt.gov.rs\\\/?s={search_term_string}\"},\"query-input\":{\"@type\":\"PropertyValueSpecification\",\"valueRequired\":true,\"valueName\":\"search_term_string\"}}],\"inLanguage\":\"sq-AL\"},{\"@type\":\"Organization\",\"@id\":\"https:\\\/\\\/kt.gov.rs\\\/#organization\",\"name\":\"\u041a\u043e\u043e\u0440\u0434\u0438\u043d\u0430\u0446\u0438\u043e\u043d\u043e \u0442\u0435\u043b\u043e \u0412\u043b\u0430\u0434\u0435 \u0420\u0435\u043f\u0443\u0431\u043b\u0438\u043a\u0435 \u0421\u0440\u0431\u0438\u0458\u0435 \u0437\u0430 \u043e\u043f\u0448\u0442\u0438\u043d\u0435 \u041f\u0440\u0435\u0448\u0435\u0432\u043e, \u0411\u0443\u0458\u0430\u043d\u043e\u0432\u0430\u0446 \u0438 \u041c\u0435\u0434\u0432\u0435\u0452a\",\"alternateName\":\"\u041a\u043e\u043e\u0440\u0434\u0438\u043d\u0430\u0446\u0438\u043e\u043d\u043e \u0442\u0435\u043b\u043e\",\"url\":\"https:\\\/\\\/kt.gov.rs\\\/\",\"logo\":{\"@type\":\"ImageObject\",\"inLanguage\":\"sq-AL\",\"@id\":\"https:\\\/\\\/kt.gov.rs\\\/#\\\/schema\\\/logo\\\/image\\\/\",\"url\":\"https:\\\/\\\/kt.gov.rs\\\/wp-content\\\/uploads\\\/2024\\\/12\\\/koord2.jpg\",\"contentUrl\":\"https:\\\/\\\/kt.gov.rs\\\/wp-content\\\/uploads\\\/2024\\\/12\\\/koord2.jpg\",\"width\":640,\"height\":480,\"caption\":\"\u041a\u043e\u043e\u0440\u0434\u0438\u043d\u0430\u0446\u0438\u043e\u043d\u043e \u0442\u0435\u043b\u043e \u0412\u043b\u0430\u0434\u0435 \u0420\u0435\u043f\u0443\u0431\u043b\u0438\u043a\u0435 \u0421\u0440\u0431\u0438\u0458\u0435 \u0437\u0430 \u043e\u043f\u0448\u0442\u0438\u043d\u0435 \u041f\u0440\u0435\u0448\u0435\u0432\u043e, \u0411\u0443\u0458\u0430\u043d\u043e\u0432\u0430\u0446 \u0438 \u041c\u0435\u0434\u0432\u0435\u0452a\"},\"image\":{\"@id\":\"https:\\\/\\\/kt.gov.rs\\\/#\\\/schema\\\/logo\\\/image\\\/\"},\"sameAs\":[\"https:\\\/\\\/www.facebook.com\\\/SluzbaKoordinacionogTelaVladeRepublikeSrbije\",\"https:\\\/\\\/x.com\\\/kt_gov\",\"https:\\\/\\\/www.youtube.com\\\/@koordinacionotelo\"]},{\"@type\":\"Person\",\"@id\":\"https:\\\/\\\/kt.gov.rs\\\/#\\\/schema\\\/person\\\/e426459ddb4173309103390602694571\",\"name\":\"ktmin\",\"image\":{\"@type\":\"ImageObject\",\"inLanguage\":\"sq-AL\",\"@id\":\"https:\\\/\\\/secure.gravatar.com\\\/avatar\\\/3985c961109853010c3fbc7ba30365bfba5db3dd6c525831d9c595c7525a615a?s=96&d=mm&r=g\",\"url\":\"https:\\\/\\\/secure.gravatar.com\\\/avatar\\\/3985c961109853010c3fbc7ba30365bfba5db3dd6c525831d9c595c7525a615a?s=96&d=mm&r=g\",\"contentUrl\":\"https:\\\/\\\/secure.gravatar.com\\\/avatar\\\/3985c961109853010c3fbc7ba30365bfba5db3dd6c525831d9c595c7525a615a?s=96&d=mm&r=g\",\"caption\":\"ktmin\"},\"sameAs\":[\"https:\\\/\\\/kt.gov.rs\"],\"url\":\"https:\\\/\\\/kt.gov.rs\\\/sq\\\/author\\\/ktmin\\\/\"}]}<\/script>\n<!-- \/ Yoast SEO plugin. -->","yoast_head_json":{"title":"Praktikant\u00ebt n\u00eb qeverit\u00eb lokale n\u00eb Serbin\u00eb jugper\u00ebndimore dhe pjes\u00ebmarr\u00ebsit n\u00eb Programin e Praktik\u00ebs Profesionale u trajnuan nga Sh\u00ebrbimi i Menaxhimit t\u00eb Burimeve Njer\u00ebzore dhe Agjencia Komb\u00ebtare p\u00ebr Administrat\u00ebn Publike - Republika e S\u00ebrbis\u00eb Trupi Koordinues p\u00ebr komunat Bujanoc, Preshev\u00eb dhe Medvegj\u00eb","robots":{"index":"index","follow":"follow","max-snippet":"max-snippet:-1","max-image-preview":"max-image-preview:large","max-video-preview":"max-video-preview:-1"},"canonical":"https:\/\/kt.gov.rs\/sq\/praktikantet-ne-qeverite-lokale-ne-serbine-jugperendimore-dhe-pjesemarresit-ne-programin-e-praktikes-profesionale-u-trajnuan-nga-sherbimi-i-menaxhimit-te-burimeve-njerezore-dhe-agjencia-kombetare-per\/","og_locale":"sq_AL","og_type":"article","og_title":"Praktikant\u00ebt n\u00eb qeverit\u00eb lokale n\u00eb Serbin\u00eb jugper\u00ebndimore dhe pjes\u00ebmarr\u00ebsit n\u00eb Programin e Praktik\u00ebs Profesionale u trajnuan nga Sh\u00ebrbimi i Menaxhimit t\u00eb Burimeve Njer\u00ebzore dhe Agjencia Komb\u00ebtare p\u00ebr Administrat\u00ebn Publike - Republika e S\u00ebrbis\u00eb Trupi Koordinues p\u00ebr komunat Bujanoc, Preshev\u00eb dhe Medvegj\u00eb","og_description":"\u0411\u0435\u043e\u0433\u0440\u0430\u0434 -\u041c\u0438\u0441\u0438\u0458\u0430 \u041e\u0415\u0411\u0421-\u0430 \u0443 \u0421\u0440\u0431\u0438\u0458\u0438, \u0443 \u0441\u0430\u0440\u0430\u0434\u045a\u0438 \u0441\u0430 \u0434\u0440\u0436\u0430\u0432\u043d\u0438\u043c \u0438\u043d\u0441\u0442\u0438\u0442\u0443\u0446\u0438\u0458\u0430\u043c\u0430 \u0438 \u043b\u043e\u043a\u0430\u043b\u043d\u0438\u043c \u0441\u0430\u043c\u043e\u0443\u043f\u0440\u0430\u0432\u0430\u043c\u0430 \u0438\u0437 \u0458\u0443\u0433\u043e\u0437\u0430\u043f\u0430\u0434\u043d\u0435 \u0421\u0440\u0431\u0438\u0458\u0435 \u0440\u0435\u0430\u043b\u0438\u0437\u0443\u0458\u0435 \u0434\u0432\u0430 \u043f\u0440\u043e\u0433\u0440\u0430\u043c\u0430 \u0443\u0441\u0430\u0432\u0440\u0448\u0430\u0432\u0430\u045a\u0430 \u0438 \u0441\u0442\u0440\u0443\u0447\u043d\u0435 \u043f\u0440\u0430\u043a\u0441\u0435 \u0437\u0430 \u043c\u043b\u0430\u0434\u0435...","og_url":"https:\/\/kt.gov.rs\/sq\/praktikantet-ne-qeverite-lokale-ne-serbine-jugperendimore-dhe-pjesemarresit-ne-programin-e-praktikes-profesionale-u-trajnuan-nga-sherbimi-i-menaxhimit-te-burimeve-njerezore-dhe-agjencia-kombetare-per\/","og_site_name":"Republika e S\u00ebrbis\u00eb Trupi Koordinues p\u00ebr komunat Bujanoc, Preshev\u00eb dhe Medvegj\u00eb","article_publisher":"https:\/\/www.facebook.com\/SluzbaKoordinacionogTelaVladeRepublikeSrbije","article_published_time":"2022-03-25T00:00:00+00:00","article_modified_time":"2024-07-30T17:57:20+00:00","og_image":[{"width":315,"height":230,"url":"https:\/\/kt.gov.rs\/wp-content\/uploads\/2024\/07\/1648219141_250322_1-3.jpg","type":"image\/jpeg"}],"author":"ktmin","twitter_card":"summary_large_image","twitter_creator":"@kt_gov","twitter_site":"@kt_gov","twitter_misc":{"Written by":"ktmin","Est. reading time":"2 minutes"},"schema":{"@context":"https:\/\/schema.org","@graph":[{"@type":"Article","@id":"https:\/\/kt.gov.rs\/sq\/praktikantet-ne-qeverite-lokale-ne-serbine-jugperendimore-dhe-pjesemarresit-ne-programin-e-praktikes-profesionale-u-trajnuan-nga-sherbimi-i-menaxhimit-te-burimeve-njerezore-dhe-agjencia-kombetare-per\/#article","isPartOf":{"@id":"https:\/\/kt.gov.rs\/sq\/praktikantet-ne-qeverite-lokale-ne-serbine-jugperendimore-dhe-pjesemarresit-ne-programin-e-praktikes-profesionale-u-trajnuan-nga-sherbimi-i-menaxhimit-te-burimeve-njerezore-dhe-agjencia-kombetare-per\/"},"author":{"name":"ktmin","@id":"https:\/\/kt.gov.rs\/#\/schema\/person\/e426459ddb4173309103390602694571"},"headline":"Praktikant\u00ebt n\u00eb qeverit\u00eb lokale n\u00eb Serbin\u00eb jugper\u00ebndimore dhe pjes\u00ebmarr\u00ebsit n\u00eb Programin e Praktik\u00ebs Profesionale u trajnuan nga Sh\u00ebrbimi i Menaxhimit t\u00eb Burimeve Njer\u00ebzore dhe Agjencia Komb\u00ebtare p\u00ebr Administrat\u00ebn Publike","datePublished":"2022-03-25T00:00:00+00:00","dateModified":"2024-07-30T17:57:20+00:00","mainEntityOfPage":{"@id":"https:\/\/kt.gov.rs\/sq\/praktikantet-ne-qeverite-lokale-ne-serbine-jugperendimore-dhe-pjesemarresit-ne-programin-e-praktikes-profesionale-u-trajnuan-nga-sherbimi-i-menaxhimit-te-burimeve-njerezore-dhe-agjencia-kombetare-per\/"},"wordCount":365,"publisher":{"@id":"https:\/\/kt.gov.rs\/#organization"},"image":{"@id":"https:\/\/kt.gov.rs\/sq\/praktikantet-ne-qeverite-lokale-ne-serbine-jugperendimore-dhe-pjesemarresit-ne-programin-e-praktikes-profesionale-u-trajnuan-nga-sherbimi-i-menaxhimit-te-burimeve-njerezore-dhe-agjencia-kombetare-per\/#primaryimage"},"thumbnailUrl":"https:\/\/kt.gov.rs\/wp-content\/uploads\/2024\/07\/1648219141_250322_1-3.jpg","articleSection":["Lajme"],"inLanguage":"sq-AL"},{"@type":"WebPage","@id":"https:\/\/kt.gov.rs\/sq\/praktikantet-ne-qeverite-lokale-ne-serbine-jugperendimore-dhe-pjesemarresit-ne-programin-e-praktikes-profesionale-u-trajnuan-nga-sherbimi-i-menaxhimit-te-burimeve-njerezore-dhe-agjencia-kombetare-per\/","url":"https:\/\/kt.gov.rs\/sq\/praktikantet-ne-qeverite-lokale-ne-serbine-jugperendimore-dhe-pjesemarresit-ne-programin-e-praktikes-profesionale-u-trajnuan-nga-sherbimi-i-menaxhimit-te-burimeve-njerezore-dhe-agjencia-kombetare-per\/","name":"Praktikant\u00ebt n\u00eb qeverit\u00eb lokale n\u00eb Serbin\u00eb jugper\u00ebndimore dhe pjes\u00ebmarr\u00ebsit n\u00eb Programin e Praktik\u00ebs Profesionale u trajnuan nga Sh\u00ebrbimi i Menaxhimit t\u00eb Burimeve Njer\u00ebzore dhe Agjencia Komb\u00ebtare p\u00ebr Administrat\u00ebn Publike - Republika e S\u00ebrbis\u00eb Trupi Koordinues p\u00ebr komunat Bujanoc, Preshev\u00eb dhe Medvegj\u00eb","isPartOf":{"@id":"https:\/\/kt.gov.rs\/#website"},"primaryImageOfPage":{"@id":"https:\/\/kt.gov.rs\/sq\/praktikantet-ne-qeverite-lokale-ne-serbine-jugperendimore-dhe-pjesemarresit-ne-programin-e-praktikes-profesionale-u-trajnuan-nga-sherbimi-i-menaxhimit-te-burimeve-njerezore-dhe-agjencia-kombetare-per\/#primaryimage"},"image":{"@id":"https:\/\/kt.gov.rs\/sq\/praktikantet-ne-qeverite-lokale-ne-serbine-jugperendimore-dhe-pjesemarresit-ne-programin-e-praktikes-profesionale-u-trajnuan-nga-sherbimi-i-menaxhimit-te-burimeve-njerezore-dhe-agjencia-kombetare-per\/#primaryimage"},"thumbnailUrl":"https:\/\/kt.gov.rs\/wp-content\/uploads\/2024\/07\/1648219141_250322_1-3.jpg","datePublished":"2022-03-25T00:00:00+00:00","dateModified":"2024-07-30T17:57:20+00:00","breadcrumb":{"@id":"https:\/\/kt.gov.rs\/sq\/praktikantet-ne-qeverite-lokale-ne-serbine-jugperendimore-dhe-pjesemarresit-ne-programin-e-praktikes-profesionale-u-trajnuan-nga-sherbimi-i-menaxhimit-te-burimeve-njerezore-dhe-agjencia-kombetare-per\/#breadcrumb"},"inLanguage":"sq-AL","potentialAction":[{"@type":"ReadAction","target":["https:\/\/kt.gov.rs\/sq\/praktikantet-ne-qeverite-lokale-ne-serbine-jugperendimore-dhe-pjesemarresit-ne-programin-e-praktikes-profesionale-u-trajnuan-nga-sherbimi-i-menaxhimit-te-burimeve-njerezore-dhe-agjencia-kombetare-per\/"]}]},{"@type":"ImageObject","inLanguage":"sq-AL","@id":"https:\/\/kt.gov.rs\/sq\/praktikantet-ne-qeverite-lokale-ne-serbine-jugperendimore-dhe-pjesemarresit-ne-programin-e-praktikes-profesionale-u-trajnuan-nga-sherbimi-i-menaxhimit-te-burimeve-njerezore-dhe-agjencia-kombetare-per\/#primaryimage","url":"https:\/\/kt.gov.rs\/wp-content\/uploads\/2024\/07\/1648219141_250322_1-3.jpg","contentUrl":"https:\/\/kt.gov.rs\/wp-content\/uploads\/2024\/07\/1648219141_250322_1-3.jpg","width":315,"height":230},{"@type":"BreadcrumbList","@id":"https:\/\/kt.gov.rs\/sq\/praktikantet-ne-qeverite-lokale-ne-serbine-jugperendimore-dhe-pjesemarresit-ne-programin-e-praktikes-profesionale-u-trajnuan-nga-sherbimi-i-menaxhimit-te-burimeve-njerezore-dhe-agjencia-kombetare-per\/#breadcrumb","itemListElement":[{"@type":"ListItem","position":1,"name":"\u041f\u043e\u0447\u0435\u0442\u043d\u0430","item":"https:\/\/kt.gov.rs\/sq\/"},{"@type":"ListItem","position":2,"name":"Praktikant\u00ebt n\u00eb qeverit\u00eb lokale n\u00eb Serbin\u00eb jugper\u00ebndimore dhe pjes\u00ebmarr\u00ebsit n\u00eb Programin e Praktik\u00ebs Profesionale u trajnuan nga Sh\u00ebrbimi i Menaxhimit t\u00eb Burimeve Njer\u00ebzore dhe Agjencia Komb\u00ebtare p\u00ebr Administrat\u00ebn Publike"}]},{"@type":"WebSite","@id":"https:\/\/kt.gov.rs\/#website","url":"https:\/\/kt.gov.rs\/","name":"\u041a\u043e\u043e\u0440\u0434\u0438\u043d\u0430\u0446\u0438\u043e\u043d\u043e \u0442\u0435\u043b\u043e \u0412\u043b\u0430\u0434\u0435 \u0420\u0435\u043f\u0443\u0431\u043b\u0438\u043a\u0435 \u0421\u0440\u0431\u0438\u0458\u0435 \u0437\u0430 \u043e\u043f\u0448\u0442\u0438\u043d\u0435 \u041f\u0440\u0435\u0448\u0435\u0432\u043e, \u0411\u0443\u0458\u0430\u043d\u043e\u0432\u0430\u0446 \u0438 \u041c\u0435\u0434\u0432\u0435\u0452a","description":"","publisher":{"@id":"https:\/\/kt.gov.rs\/#organization"},"alternateName":"\u041a\u043e\u043e\u0440\u0434\u0438\u043d\u0430\u0446\u0438\u043e\u043d\u043e \u0442\u0435\u043b\u043e","potentialAction":[{"@type":"SearchAction","target":{"@type":"EntryPoint","urlTemplate":"https:\/\/kt.gov.rs\/?s={search_term_string}"},"query-input":{"@type":"PropertyValueSpecification","valueRequired":true,"valueName":"search_term_string"}}],"inLanguage":"sq-AL"},{"@type":"Organization","@id":"https:\/\/kt.gov.rs\/#organization","name":"\u041a\u043e\u043e\u0440\u0434\u0438\u043d\u0430\u0446\u0438\u043e\u043d\u043e \u0442\u0435\u043b\u043e \u0412\u043b\u0430\u0434\u0435 \u0420\u0435\u043f\u0443\u0431\u043b\u0438\u043a\u0435 \u0421\u0440\u0431\u0438\u0458\u0435 \u0437\u0430 \u043e\u043f\u0448\u0442\u0438\u043d\u0435 \u041f\u0440\u0435\u0448\u0435\u0432\u043e, \u0411\u0443\u0458\u0430\u043d\u043e\u0432\u0430\u0446 \u0438 \u041c\u0435\u0434\u0432\u0435\u0452a","alternateName":"\u041a\u043e\u043e\u0440\u0434\u0438\u043d\u0430\u0446\u0438\u043e\u043d\u043e \u0442\u0435\u043b\u043e","url":"https:\/\/kt.gov.rs\/","logo":{"@type":"ImageObject","inLanguage":"sq-AL","@id":"https:\/\/kt.gov.rs\/#\/schema\/logo\/image\/","url":"https:\/\/kt.gov.rs\/wp-content\/uploads\/2024\/12\/koord2.jpg","contentUrl":"https:\/\/kt.gov.rs\/wp-content\/uploads\/2024\/12\/koord2.jpg","width":640,"height":480,"caption":"\u041a\u043e\u043e\u0440\u0434\u0438\u043d\u0430\u0446\u0438\u043e\u043d\u043e \u0442\u0435\u043b\u043e \u0412\u043b\u0430\u0434\u0435 \u0420\u0435\u043f\u0443\u0431\u043b\u0438\u043a\u0435 \u0421\u0440\u0431\u0438\u0458\u0435 \u0437\u0430 \u043e\u043f\u0448\u0442\u0438\u043d\u0435 \u041f\u0440\u0435\u0448\u0435\u0432\u043e, \u0411\u0443\u0458\u0430\u043d\u043e\u0432\u0430\u0446 \u0438 \u041c\u0435\u0434\u0432\u0435\u0452a"},"image":{"@id":"https:\/\/kt.gov.rs\/#\/schema\/logo\/image\/"},"sameAs":["https:\/\/www.facebook.com\/SluzbaKoordinacionogTelaVladeRepublikeSrbije","https:\/\/x.com\/kt_gov","https:\/\/www.youtube.com\/@koordinacionotelo"]},{"@type":"Person","@id":"https:\/\/kt.gov.rs\/#\/schema\/person\/e426459ddb4173309103390602694571","name":"ktmin","image":{"@type":"ImageObject","inLanguage":"sq-AL","@id":"https:\/\/secure.gravatar.com\/avatar\/3985c961109853010c3fbc7ba30365bfba5db3dd6c525831d9c595c7525a615a?s=96&d=mm&r=g","url":"https:\/\/secure.gravatar.com\/avatar\/3985c961109853010c3fbc7ba30365bfba5db3dd6c525831d9c595c7525a615a?s=96&d=mm&r=g","contentUrl":"https:\/\/secure.gravatar.com\/avatar\/3985c961109853010c3fbc7ba30365bfba5db3dd6c525831d9c595c7525a615a?s=96&d=mm&r=g","caption":"ktmin"},"sameAs":["https:\/\/kt.gov.rs"],"url":"https:\/\/kt.gov.rs\/sq\/author\/ktmin\/"}]}},"_links":{"self":[{"href":"https:\/\/kt.gov.rs\/sq\/wp-json\/wp\/v2\/posts\/107896","targetHints":{"allow":["GET"]}}],"collection":[{"href":"https:\/\/kt.gov.rs\/sq\/wp-json\/wp\/v2\/posts"}],"about":[{"href":"https:\/\/kt.gov.rs\/sq\/wp-json\/wp\/v2\/types\/post"}],"author":[{"embeddable":true,"href":"https:\/\/kt.gov.rs\/sq\/wp-json\/wp\/v2\/users\/1"}],"replies":[{"embeddable":true,"href":"https:\/\/kt.gov.rs\/sq\/wp-json\/wp\/v2\/comments?post=107896"}],"version-history":[{"count":1,"href":"https:\/\/kt.gov.rs\/sq\/wp-json\/wp\/v2\/posts\/107896\/revisions"}],"predecessor-version":[{"id":107903,"href":"https:\/\/kt.gov.rs\/sq\/wp-json\/wp\/v2\/posts\/107896\/revisions\/107903"}],"wp:featuredmedia":[{"embeddable":true,"href":"https:\/\/kt.gov.rs\/sq\/wp-json\/wp\/v2\/media\/107904"}],"wp:attachment":[{"href":"https:\/\/kt.gov.rs\/sq\/wp-json\/wp\/v2\/media?parent=107896"}],"wp:term":[{"taxonomy":"category","embeddable":true,"href":"https:\/\/kt.gov.rs\/sq\/wp-json\/wp\/v2\/categories?post=107896"},{"taxonomy":"post_tag","embeddable":true,"href":"https:\/\/kt.gov.rs\/sq\/wp-json\/wp\/v2\/tags?post=107896"}],"curies":[{"name":"wp","href":"https:\/\/api.w.org\/{rel}","templated":true}]}}