{"id":107888,"date":"2022-03-25T00:00:00","date_gmt":"2022-03-25T00:00:00","guid":{"rendered":"http:\/\/kt.printandscreen.rs\/konferenca-e-qytetve-dhe-komunave-shperndane-tableta-per-nxenesit-me-te-rrezikuar-ekonomikisht-nga-presheva\/"},"modified":"2024-07-30T17:57:19","modified_gmt":"2024-07-30T17:57:19","slug":"konferenca-e-qytetve-dhe-komunave-shperndane-tableta-per-nxenesit-me-te-rrezikuar-ekonomikisht-nga-presheva","status":"publish","type":"post","link":"https:\/\/kt.gov.rs\/sq\/konferenca-e-qytetve-dhe-komunave-shperndane-tableta-per-nxenesit-me-te-rrezikuar-ekonomikisht-nga-presheva\/","title":{"rendered":"KONFERENCA E QYTETVE DHE KOMUNAVE SHP\u00cbRNDAN\u00cb TABLETA P\u00cbR NX\u00cbN\u00cbSIT M\u00cb T\u00cb RREZIKUAR EKONOMIKISHT NGA PRESHEVA"},"content":{"rendered":"<p>\n\t<strong><img decoding=\"async\" alt=\"\" src=\"https:\/\/kt.gov.rs\/wp-content\/uploads\/2024\/07\/1648219217_250322_4-2.jpg\" style=\"width: 315px; height: 230px; float: left;\" \/><\/strong><strong>Preshev\u00eb \u2013 Beograd \u2013 <\/strong>Konferenca e P\u00ebrhershme e qyteteve dhe komunave, p\u00ebrmes Zyr\u00ebs p\u00ebr Zhvillim Ekonomik Lokal n\u00eb Preshev\u00eb, ka shp\u00ebrndar\u00eb 46 tableta p\u00ebr nxenesit q\u00eb jetojn\u00eb n\u00eb kushte t\u00eb v\u00ebshtira ekonomike. Tabletat ndahen sipas numrit t\u00eb nx\u00ebn\u00ebsve n\u00eb shkolla:<\/p>\n<p>\n\t1. Shkolla fillore \u201cIbrahim Kelmendi\u201d 11 tableta;<\/p>\n<p>\n\t2. Shkolla fillore \u201c9 Maji\u201d 6 tableta;<\/p>\n<p>\n\t3. Shkolla fillore \u201cVuk Karaxhiq\u201d 3 tableta;<\/p>\n<p>\n\t4. Shkolla fillore \u201cMigjeni\u201d 2 tableta;<\/p>\n<p>\n\t5. Shkolla fillore \u201cDituria\u201d 6 tableta;<\/p>\n<p>\n\t6. Shkolla fillore &quot;Abdula Krashnica&quot; 6 tableta;<\/p>\n<p>\n\t7. Shkolla fillore \u201cZenel Hajdini\u201d 6 tableta dhe<\/p>\n<p>\n\t8. Shkolla fillore \u201cSelami Halla\u00e7i\u201d 6 tableta.<\/p>\n<p>\n\tDrejtor\u00ebt dhe p\u00ebrfaq\u00ebsuesit e shkollave fal\u00ebnderuan donator\u00ebt dhe Zyr\u00ebn p\u00ebr Zhvillim Ekonomik t\u00eb Komun\u00ebs s\u00eb Preshev\u00ebs.<\/p>\n<p>\n\t<strong>Burimi: RTV Preshev\u00eb, Trupi Koordinues<\/strong><\/p>\n<p>\n\t\u00a0<\/p>\n","protected":false},"excerpt":{"rendered":"<p>Preshev\u00eb \u2013 Beograd \u2013\u00a0Konferenca e P\u00ebrhershme e qyteteve dhe komunave, p\u00ebrmes Zyr\u00ebs p\u00ebr Zhvillim Ekonomik Lokal n\u00eb Preshev\u00eb, ka shp\u00ebrndar\u00eb 46 tableta p\u00ebr nxenesit q\u00eb jetojn\u00eb n\u00eb kushte t\u00eb v\u00ebshtira ekonomike.<\/p>\n","protected":false},"author":1,"featured_media":107893,"comment_status":"closed","ping_status":"closed","sticky":false,"template":"","format":"standard","meta":{"footnotes":""},"categories":[55],"tags":[],"class_list":["post-107888","post","type-post","status-publish","format-standard","has-post-thumbnail","hentry","category-lajme"],"yoast_head":"<!-- This site is optimized with the Yoast SEO plugin v27.5 - https:\/\/yoast.com\/product\/yoast-seo-wordpress\/ -->\n<title>KONFERENCA E QYTETVE DHE KOMUNAVE SHP\u00cbRNDAN\u00cb TABLETA P\u00cbR NX\u00cbN\u00cbSIT M\u00cb T\u00cb RREZIKUAR EKONOMIKISHT NGA PRESHEVA - Republika e S\u00ebrbis\u00eb Trupi Koordinues p\u00ebr komunat Bujanoc, Preshev\u00eb dhe Medvegj\u00eb<\/title>\n<meta name=\"robots\" content=\"index, follow, max-snippet:-1, max-image-preview:large, max-video-preview:-1\" \/>\n<link rel=\"canonical\" href=\"https:\/\/kt.gov.rs\/sq\/konferenca-e-qytetve-dhe-komunave-shperndane-tableta-per-nxenesit-me-te-rrezikuar-ekonomikisht-nga-presheva\/\" \/>\n<meta property=\"og:locale\" content=\"sq_AL\" \/>\n<meta property=\"og:type\" content=\"article\" \/>\n<meta property=\"og:title\" content=\"KONFERENCA E QYTETVE DHE KOMUNAVE SHP\u00cbRNDAN\u00cb TABLETA P\u00cbR NX\u00cbN\u00cbSIT M\u00cb T\u00cb RREZIKUAR EKONOMIKISHT NGA PRESHEVA - Republika e S\u00ebrbis\u00eb Trupi Koordinues p\u00ebr komunat Bujanoc, Preshev\u00eb dhe Medvegj\u00eb\" \/>\n<meta property=\"og:description\" content=\"Preshev\u00eb - Beograd -\u00a0Konferenca e P\u00ebrhershme e qyteteve dhe komunave, p\u00ebrmes Zyr\u00ebs p\u00ebr Zhvillim Ekonomik Lokal n\u00eb Preshev\u00eb, ka shp\u00ebrndar\u00eb 46 tableta p\u00ebr nxenesit q\u00eb jetojn\u00eb n\u00eb kushte t\u00eb v\u00ebshtira ekonomike.\" \/>\n<meta property=\"og:url\" content=\"https:\/\/kt.gov.rs\/sq\/konferenca-e-qytetve-dhe-komunave-shperndane-tableta-per-nxenesit-me-te-rrezikuar-ekonomikisht-nga-presheva\/\" \/>\n<meta property=\"og:site_name\" content=\"Republika e S\u00ebrbis\u00eb Trupi Koordinues p\u00ebr komunat Bujanoc, Preshev\u00eb dhe Medvegj\u00eb\" \/>\n<meta property=\"article:publisher\" content=\"https:\/\/www.facebook.com\/SluzbaKoordinacionogTelaVladeRepublikeSrbije\" \/>\n<meta property=\"article:published_time\" content=\"2022-03-25T00:00:00+00:00\" \/>\n<meta property=\"article:modified_time\" content=\"2024-07-30T17:57:19+00:00\" \/>\n<meta property=\"og:image\" content=\"https:\/\/kt.gov.rs\/wp-content\/uploads\/2024\/07\/1648219217_250322_4-3.jpg\" \/>\n\t<meta property=\"og:image:width\" content=\"315\" \/>\n\t<meta property=\"og:image:height\" content=\"230\" \/>\n\t<meta property=\"og:image:type\" content=\"image\/jpeg\" \/>\n<meta name=\"author\" content=\"ktmin\" \/>\n<meta name=\"twitter:card\" content=\"summary_large_image\" \/>\n<meta name=\"twitter:creator\" content=\"@kt_gov\" \/>\n<meta name=\"twitter:site\" content=\"@kt_gov\" \/>\n<meta name=\"twitter:label1\" content=\"Written by\" \/>\n\t<meta name=\"twitter:data1\" content=\"ktmin\" \/>\n\t<meta name=\"twitter:label2\" content=\"Est. reading time\" \/>\n\t<meta name=\"twitter:data2\" content=\"1 minute\" \/>\n<script type=\"application\/ld+json\" class=\"yoast-schema-graph\">{\"@context\":\"https:\\\/\\\/schema.org\",\"@graph\":[{\"@type\":\"Article\",\"@id\":\"https:\\\/\\\/kt.gov.rs\\\/sq\\\/konferenca-e-qytetve-dhe-komunave-shperndane-tableta-per-nxenesit-me-te-rrezikuar-ekonomikisht-nga-presheva\\\/#article\",\"isPartOf\":{\"@id\":\"https:\\\/\\\/kt.gov.rs\\\/sq\\\/konferenca-e-qytetve-dhe-komunave-shperndane-tableta-per-nxenesit-me-te-rrezikuar-ekonomikisht-nga-presheva\\\/\"},\"author\":{\"name\":\"ktmin\",\"@id\":\"https:\\\/\\\/kt.gov.rs\\\/#\\\/schema\\\/person\\\/e426459ddb4173309103390602694571\"},\"headline\":\"KONFERENCA E QYTETVE DHE KOMUNAVE SHP\u00cbRNDAN\u00cb TABLETA P\u00cbR NX\u00cbN\u00cbSIT M\u00cb T\u00cb RREZIKUAR EKONOMIKISHT NGA PRESHEVA\",\"datePublished\":\"2022-03-25T00:00:00+00:00\",\"dateModified\":\"2024-07-30T17:57:19+00:00\",\"mainEntityOfPage\":{\"@id\":\"https:\\\/\\\/kt.gov.rs\\\/sq\\\/konferenca-e-qytetve-dhe-komunave-shperndane-tableta-per-nxenesit-me-te-rrezikuar-ekonomikisht-nga-presheva\\\/\"},\"wordCount\":185,\"publisher\":{\"@id\":\"https:\\\/\\\/kt.gov.rs\\\/#organization\"},\"image\":{\"@id\":\"https:\\\/\\\/kt.gov.rs\\\/sq\\\/konferenca-e-qytetve-dhe-komunave-shperndane-tableta-per-nxenesit-me-te-rrezikuar-ekonomikisht-nga-presheva\\\/#primaryimage\"},\"thumbnailUrl\":\"https:\\\/\\\/kt.gov.rs\\\/wp-content\\\/uploads\\\/2024\\\/07\\\/1648219217_250322_4-3.jpg\",\"articleSection\":[\"Lajme\"],\"inLanguage\":\"sq-AL\"},{\"@type\":\"WebPage\",\"@id\":\"https:\\\/\\\/kt.gov.rs\\\/sq\\\/konferenca-e-qytetve-dhe-komunave-shperndane-tableta-per-nxenesit-me-te-rrezikuar-ekonomikisht-nga-presheva\\\/\",\"url\":\"https:\\\/\\\/kt.gov.rs\\\/sq\\\/konferenca-e-qytetve-dhe-komunave-shperndane-tableta-per-nxenesit-me-te-rrezikuar-ekonomikisht-nga-presheva\\\/\",\"name\":\"KONFERENCA E QYTETVE DHE KOMUNAVE SHP\u00cbRNDAN\u00cb TABLETA P\u00cbR NX\u00cbN\u00cbSIT M\u00cb T\u00cb RREZIKUAR EKONOMIKISHT NGA PRESHEVA - Republika e S\u00ebrbis\u00eb Trupi Koordinues p\u00ebr komunat Bujanoc, Preshev\u00eb dhe Medvegj\u00eb\",\"isPartOf\":{\"@id\":\"https:\\\/\\\/kt.gov.rs\\\/#website\"},\"primaryImageOfPage\":{\"@id\":\"https:\\\/\\\/kt.gov.rs\\\/sq\\\/konferenca-e-qytetve-dhe-komunave-shperndane-tableta-per-nxenesit-me-te-rrezikuar-ekonomikisht-nga-presheva\\\/#primaryimage\"},\"image\":{\"@id\":\"https:\\\/\\\/kt.gov.rs\\\/sq\\\/konferenca-e-qytetve-dhe-komunave-shperndane-tableta-per-nxenesit-me-te-rrezikuar-ekonomikisht-nga-presheva\\\/#primaryimage\"},\"thumbnailUrl\":\"https:\\\/\\\/kt.gov.rs\\\/wp-content\\\/uploads\\\/2024\\\/07\\\/1648219217_250322_4-3.jpg\",\"datePublished\":\"2022-03-25T00:00:00+00:00\",\"dateModified\":\"2024-07-30T17:57:19+00:00\",\"breadcrumb\":{\"@id\":\"https:\\\/\\\/kt.gov.rs\\\/sq\\\/konferenca-e-qytetve-dhe-komunave-shperndane-tableta-per-nxenesit-me-te-rrezikuar-ekonomikisht-nga-presheva\\\/#breadcrumb\"},\"inLanguage\":\"sq-AL\",\"potentialAction\":[{\"@type\":\"ReadAction\",\"target\":[\"https:\\\/\\\/kt.gov.rs\\\/sq\\\/konferenca-e-qytetve-dhe-komunave-shperndane-tableta-per-nxenesit-me-te-rrezikuar-ekonomikisht-nga-presheva\\\/\"]}]},{\"@type\":\"ImageObject\",\"inLanguage\":\"sq-AL\",\"@id\":\"https:\\\/\\\/kt.gov.rs\\\/sq\\\/konferenca-e-qytetve-dhe-komunave-shperndane-tableta-per-nxenesit-me-te-rrezikuar-ekonomikisht-nga-presheva\\\/#primaryimage\",\"url\":\"https:\\\/\\\/kt.gov.rs\\\/wp-content\\\/uploads\\\/2024\\\/07\\\/1648219217_250322_4-3.jpg\",\"contentUrl\":\"https:\\\/\\\/kt.gov.rs\\\/wp-content\\\/uploads\\\/2024\\\/07\\\/1648219217_250322_4-3.jpg\",\"width\":315,\"height\":230},{\"@type\":\"BreadcrumbList\",\"@id\":\"https:\\\/\\\/kt.gov.rs\\\/sq\\\/konferenca-e-qytetve-dhe-komunave-shperndane-tableta-per-nxenesit-me-te-rrezikuar-ekonomikisht-nga-presheva\\\/#breadcrumb\",\"itemListElement\":[{\"@type\":\"ListItem\",\"position\":1,\"name\":\"\u041f\u043e\u0447\u0435\u0442\u043d\u0430\",\"item\":\"https:\\\/\\\/kt.gov.rs\\\/sq\\\/\"},{\"@type\":\"ListItem\",\"position\":2,\"name\":\"KONFERENCA E QYTETVE DHE KOMUNAVE SHP\u00cbRNDAN\u00cb TABLETA P\u00cbR NX\u00cbN\u00cbSIT M\u00cb T\u00cb RREZIKUAR EKONOMIKISHT NGA PRESHEVA\"}]},{\"@type\":\"WebSite\",\"@id\":\"https:\\\/\\\/kt.gov.rs\\\/#website\",\"url\":\"https:\\\/\\\/kt.gov.rs\\\/\",\"name\":\"\u041a\u043e\u043e\u0440\u0434\u0438\u043d\u0430\u0446\u0438\u043e\u043d\u043e \u0442\u0435\u043b\u043e \u0412\u043b\u0430\u0434\u0435 \u0420\u0435\u043f\u0443\u0431\u043b\u0438\u043a\u0435 \u0421\u0440\u0431\u0438\u0458\u0435 \u0437\u0430 \u043e\u043f\u0448\u0442\u0438\u043d\u0435 \u041f\u0440\u0435\u0448\u0435\u0432\u043e, \u0411\u0443\u0458\u0430\u043d\u043e\u0432\u0430\u0446 \u0438 \u041c\u0435\u0434\u0432\u0435\u0452a\",\"description\":\"\",\"publisher\":{\"@id\":\"https:\\\/\\\/kt.gov.rs\\\/#organization\"},\"alternateName\":\"\u041a\u043e\u043e\u0440\u0434\u0438\u043d\u0430\u0446\u0438\u043e\u043d\u043e \u0442\u0435\u043b\u043e\",\"potentialAction\":[{\"@type\":\"SearchAction\",\"target\":{\"@type\":\"EntryPoint\",\"urlTemplate\":\"https:\\\/\\\/kt.gov.rs\\\/?s={search_term_string}\"},\"query-input\":{\"@type\":\"PropertyValueSpecification\",\"valueRequired\":true,\"valueName\":\"search_term_string\"}}],\"inLanguage\":\"sq-AL\"},{\"@type\":\"Organization\",\"@id\":\"https:\\\/\\\/kt.gov.rs\\\/#organization\",\"name\":\"\u041a\u043e\u043e\u0440\u0434\u0438\u043d\u0430\u0446\u0438\u043e\u043d\u043e \u0442\u0435\u043b\u043e \u0412\u043b\u0430\u0434\u0435 \u0420\u0435\u043f\u0443\u0431\u043b\u0438\u043a\u0435 \u0421\u0440\u0431\u0438\u0458\u0435 \u0437\u0430 \u043e\u043f\u0448\u0442\u0438\u043d\u0435 \u041f\u0440\u0435\u0448\u0435\u0432\u043e, \u0411\u0443\u0458\u0430\u043d\u043e\u0432\u0430\u0446 \u0438 \u041c\u0435\u0434\u0432\u0435\u0452a\",\"alternateName\":\"\u041a\u043e\u043e\u0440\u0434\u0438\u043d\u0430\u0446\u0438\u043e\u043d\u043e \u0442\u0435\u043b\u043e\",\"url\":\"https:\\\/\\\/kt.gov.rs\\\/\",\"logo\":{\"@type\":\"ImageObject\",\"inLanguage\":\"sq-AL\",\"@id\":\"https:\\\/\\\/kt.gov.rs\\\/#\\\/schema\\\/logo\\\/image\\\/\",\"url\":\"https:\\\/\\\/kt.gov.rs\\\/wp-content\\\/uploads\\\/2024\\\/12\\\/koord2.jpg\",\"contentUrl\":\"https:\\\/\\\/kt.gov.rs\\\/wp-content\\\/uploads\\\/2024\\\/12\\\/koord2.jpg\",\"width\":640,\"height\":480,\"caption\":\"\u041a\u043e\u043e\u0440\u0434\u0438\u043d\u0430\u0446\u0438\u043e\u043d\u043e \u0442\u0435\u043b\u043e \u0412\u043b\u0430\u0434\u0435 \u0420\u0435\u043f\u0443\u0431\u043b\u0438\u043a\u0435 \u0421\u0440\u0431\u0438\u0458\u0435 \u0437\u0430 \u043e\u043f\u0448\u0442\u0438\u043d\u0435 \u041f\u0440\u0435\u0448\u0435\u0432\u043e, \u0411\u0443\u0458\u0430\u043d\u043e\u0432\u0430\u0446 \u0438 \u041c\u0435\u0434\u0432\u0435\u0452a\"},\"image\":{\"@id\":\"https:\\\/\\\/kt.gov.rs\\\/#\\\/schema\\\/logo\\\/image\\\/\"},\"sameAs\":[\"https:\\\/\\\/www.facebook.com\\\/SluzbaKoordinacionogTelaVladeRepublikeSrbije\",\"https:\\\/\\\/x.com\\\/kt_gov\",\"https:\\\/\\\/www.youtube.com\\\/@koordinacionotelo\"]},{\"@type\":\"Person\",\"@id\":\"https:\\\/\\\/kt.gov.rs\\\/#\\\/schema\\\/person\\\/e426459ddb4173309103390602694571\",\"name\":\"ktmin\",\"image\":{\"@type\":\"ImageObject\",\"inLanguage\":\"sq-AL\",\"@id\":\"https:\\\/\\\/secure.gravatar.com\\\/avatar\\\/3985c961109853010c3fbc7ba30365bfba5db3dd6c525831d9c595c7525a615a?s=96&d=mm&r=g\",\"url\":\"https:\\\/\\\/secure.gravatar.com\\\/avatar\\\/3985c961109853010c3fbc7ba30365bfba5db3dd6c525831d9c595c7525a615a?s=96&d=mm&r=g\",\"contentUrl\":\"https:\\\/\\\/secure.gravatar.com\\\/avatar\\\/3985c961109853010c3fbc7ba30365bfba5db3dd6c525831d9c595c7525a615a?s=96&d=mm&r=g\",\"caption\":\"ktmin\"},\"sameAs\":[\"https:\\\/\\\/kt.gov.rs\"],\"url\":\"https:\\\/\\\/kt.gov.rs\\\/sq\\\/author\\\/ktmin\\\/\"}]}<\/script>\n<!-- \/ Yoast SEO plugin. -->","yoast_head_json":{"title":"KONFERENCA E QYTETVE DHE KOMUNAVE SHP\u00cbRNDAN\u00cb TABLETA P\u00cbR NX\u00cbN\u00cbSIT M\u00cb T\u00cb RREZIKUAR EKONOMIKISHT NGA PRESHEVA - Republika e S\u00ebrbis\u00eb Trupi Koordinues p\u00ebr komunat Bujanoc, Preshev\u00eb dhe Medvegj\u00eb","robots":{"index":"index","follow":"follow","max-snippet":"max-snippet:-1","max-image-preview":"max-image-preview:large","max-video-preview":"max-video-preview:-1"},"canonical":"https:\/\/kt.gov.rs\/sq\/konferenca-e-qytetve-dhe-komunave-shperndane-tableta-per-nxenesit-me-te-rrezikuar-ekonomikisht-nga-presheva\/","og_locale":"sq_AL","og_type":"article","og_title":"KONFERENCA E QYTETVE DHE KOMUNAVE SHP\u00cbRNDAN\u00cb TABLETA P\u00cbR NX\u00cbN\u00cbSIT M\u00cb T\u00cb RREZIKUAR EKONOMIKISHT NGA PRESHEVA - Republika e S\u00ebrbis\u00eb Trupi Koordinues p\u00ebr komunat Bujanoc, Preshev\u00eb dhe Medvegj\u00eb","og_description":"Preshev\u00eb - Beograd -\u00a0Konferenca e P\u00ebrhershme e qyteteve dhe komunave, p\u00ebrmes Zyr\u00ebs p\u00ebr Zhvillim Ekonomik Lokal n\u00eb Preshev\u00eb, ka shp\u00ebrndar\u00eb 46 tableta p\u00ebr nxenesit q\u00eb jetojn\u00eb n\u00eb kushte t\u00eb v\u00ebshtira ekonomike.","og_url":"https:\/\/kt.gov.rs\/sq\/konferenca-e-qytetve-dhe-komunave-shperndane-tableta-per-nxenesit-me-te-rrezikuar-ekonomikisht-nga-presheva\/","og_site_name":"Republika e S\u00ebrbis\u00eb Trupi Koordinues p\u00ebr komunat Bujanoc, Preshev\u00eb dhe Medvegj\u00eb","article_publisher":"https:\/\/www.facebook.com\/SluzbaKoordinacionogTelaVladeRepublikeSrbije","article_published_time":"2022-03-25T00:00:00+00:00","article_modified_time":"2024-07-30T17:57:19+00:00","og_image":[{"width":315,"height":230,"url":"https:\/\/kt.gov.rs\/wp-content\/uploads\/2024\/07\/1648219217_250322_4-3.jpg","type":"image\/jpeg"}],"author":"ktmin","twitter_card":"summary_large_image","twitter_creator":"@kt_gov","twitter_site":"@kt_gov","twitter_misc":{"Written by":"ktmin","Est. reading time":"1 minute"},"schema":{"@context":"https:\/\/schema.org","@graph":[{"@type":"Article","@id":"https:\/\/kt.gov.rs\/sq\/konferenca-e-qytetve-dhe-komunave-shperndane-tableta-per-nxenesit-me-te-rrezikuar-ekonomikisht-nga-presheva\/#article","isPartOf":{"@id":"https:\/\/kt.gov.rs\/sq\/konferenca-e-qytetve-dhe-komunave-shperndane-tableta-per-nxenesit-me-te-rrezikuar-ekonomikisht-nga-presheva\/"},"author":{"name":"ktmin","@id":"https:\/\/kt.gov.rs\/#\/schema\/person\/e426459ddb4173309103390602694571"},"headline":"KONFERENCA E QYTETVE DHE KOMUNAVE SHP\u00cbRNDAN\u00cb TABLETA P\u00cbR NX\u00cbN\u00cbSIT M\u00cb T\u00cb RREZIKUAR EKONOMIKISHT NGA PRESHEVA","datePublished":"2022-03-25T00:00:00+00:00","dateModified":"2024-07-30T17:57:19+00:00","mainEntityOfPage":{"@id":"https:\/\/kt.gov.rs\/sq\/konferenca-e-qytetve-dhe-komunave-shperndane-tableta-per-nxenesit-me-te-rrezikuar-ekonomikisht-nga-presheva\/"},"wordCount":185,"publisher":{"@id":"https:\/\/kt.gov.rs\/#organization"},"image":{"@id":"https:\/\/kt.gov.rs\/sq\/konferenca-e-qytetve-dhe-komunave-shperndane-tableta-per-nxenesit-me-te-rrezikuar-ekonomikisht-nga-presheva\/#primaryimage"},"thumbnailUrl":"https:\/\/kt.gov.rs\/wp-content\/uploads\/2024\/07\/1648219217_250322_4-3.jpg","articleSection":["Lajme"],"inLanguage":"sq-AL"},{"@type":"WebPage","@id":"https:\/\/kt.gov.rs\/sq\/konferenca-e-qytetve-dhe-komunave-shperndane-tableta-per-nxenesit-me-te-rrezikuar-ekonomikisht-nga-presheva\/","url":"https:\/\/kt.gov.rs\/sq\/konferenca-e-qytetve-dhe-komunave-shperndane-tableta-per-nxenesit-me-te-rrezikuar-ekonomikisht-nga-presheva\/","name":"KONFERENCA E QYTETVE DHE KOMUNAVE SHP\u00cbRNDAN\u00cb TABLETA P\u00cbR NX\u00cbN\u00cbSIT M\u00cb T\u00cb RREZIKUAR EKONOMIKISHT NGA PRESHEVA - Republika e S\u00ebrbis\u00eb Trupi Koordinues p\u00ebr komunat Bujanoc, Preshev\u00eb dhe Medvegj\u00eb","isPartOf":{"@id":"https:\/\/kt.gov.rs\/#website"},"primaryImageOfPage":{"@id":"https:\/\/kt.gov.rs\/sq\/konferenca-e-qytetve-dhe-komunave-shperndane-tableta-per-nxenesit-me-te-rrezikuar-ekonomikisht-nga-presheva\/#primaryimage"},"image":{"@id":"https:\/\/kt.gov.rs\/sq\/konferenca-e-qytetve-dhe-komunave-shperndane-tableta-per-nxenesit-me-te-rrezikuar-ekonomikisht-nga-presheva\/#primaryimage"},"thumbnailUrl":"https:\/\/kt.gov.rs\/wp-content\/uploads\/2024\/07\/1648219217_250322_4-3.jpg","datePublished":"2022-03-25T00:00:00+00:00","dateModified":"2024-07-30T17:57:19+00:00","breadcrumb":{"@id":"https:\/\/kt.gov.rs\/sq\/konferenca-e-qytetve-dhe-komunave-shperndane-tableta-per-nxenesit-me-te-rrezikuar-ekonomikisht-nga-presheva\/#breadcrumb"},"inLanguage":"sq-AL","potentialAction":[{"@type":"ReadAction","target":["https:\/\/kt.gov.rs\/sq\/konferenca-e-qytetve-dhe-komunave-shperndane-tableta-per-nxenesit-me-te-rrezikuar-ekonomikisht-nga-presheva\/"]}]},{"@type":"ImageObject","inLanguage":"sq-AL","@id":"https:\/\/kt.gov.rs\/sq\/konferenca-e-qytetve-dhe-komunave-shperndane-tableta-per-nxenesit-me-te-rrezikuar-ekonomikisht-nga-presheva\/#primaryimage","url":"https:\/\/kt.gov.rs\/wp-content\/uploads\/2024\/07\/1648219217_250322_4-3.jpg","contentUrl":"https:\/\/kt.gov.rs\/wp-content\/uploads\/2024\/07\/1648219217_250322_4-3.jpg","width":315,"height":230},{"@type":"BreadcrumbList","@id":"https:\/\/kt.gov.rs\/sq\/konferenca-e-qytetve-dhe-komunave-shperndane-tableta-per-nxenesit-me-te-rrezikuar-ekonomikisht-nga-presheva\/#breadcrumb","itemListElement":[{"@type":"ListItem","position":1,"name":"\u041f\u043e\u0447\u0435\u0442\u043d\u0430","item":"https:\/\/kt.gov.rs\/sq\/"},{"@type":"ListItem","position":2,"name":"KONFERENCA E QYTETVE DHE KOMUNAVE SHP\u00cbRNDAN\u00cb TABLETA P\u00cbR NX\u00cbN\u00cbSIT M\u00cb T\u00cb RREZIKUAR EKONOMIKISHT NGA PRESHEVA"}]},{"@type":"WebSite","@id":"https:\/\/kt.gov.rs\/#website","url":"https:\/\/kt.gov.rs\/","name":"\u041a\u043e\u043e\u0440\u0434\u0438\u043d\u0430\u0446\u0438\u043e\u043d\u043e \u0442\u0435\u043b\u043e \u0412\u043b\u0430\u0434\u0435 \u0420\u0435\u043f\u0443\u0431\u043b\u0438\u043a\u0435 \u0421\u0440\u0431\u0438\u0458\u0435 \u0437\u0430 \u043e\u043f\u0448\u0442\u0438\u043d\u0435 \u041f\u0440\u0435\u0448\u0435\u0432\u043e, \u0411\u0443\u0458\u0430\u043d\u043e\u0432\u0430\u0446 \u0438 \u041c\u0435\u0434\u0432\u0435\u0452a","description":"","publisher":{"@id":"https:\/\/kt.gov.rs\/#organization"},"alternateName":"\u041a\u043e\u043e\u0440\u0434\u0438\u043d\u0430\u0446\u0438\u043e\u043d\u043e \u0442\u0435\u043b\u043e","potentialAction":[{"@type":"SearchAction","target":{"@type":"EntryPoint","urlTemplate":"https:\/\/kt.gov.rs\/?s={search_term_string}"},"query-input":{"@type":"PropertyValueSpecification","valueRequired":true,"valueName":"search_term_string"}}],"inLanguage":"sq-AL"},{"@type":"Organization","@id":"https:\/\/kt.gov.rs\/#organization","name":"\u041a\u043e\u043e\u0440\u0434\u0438\u043d\u0430\u0446\u0438\u043e\u043d\u043e \u0442\u0435\u043b\u043e \u0412\u043b\u0430\u0434\u0435 \u0420\u0435\u043f\u0443\u0431\u043b\u0438\u043a\u0435 \u0421\u0440\u0431\u0438\u0458\u0435 \u0437\u0430 \u043e\u043f\u0448\u0442\u0438\u043d\u0435 \u041f\u0440\u0435\u0448\u0435\u0432\u043e, \u0411\u0443\u0458\u0430\u043d\u043e\u0432\u0430\u0446 \u0438 \u041c\u0435\u0434\u0432\u0435\u0452a","alternateName":"\u041a\u043e\u043e\u0440\u0434\u0438\u043d\u0430\u0446\u0438\u043e\u043d\u043e \u0442\u0435\u043b\u043e","url":"https:\/\/kt.gov.rs\/","logo":{"@type":"ImageObject","inLanguage":"sq-AL","@id":"https:\/\/kt.gov.rs\/#\/schema\/logo\/image\/","url":"https:\/\/kt.gov.rs\/wp-content\/uploads\/2024\/12\/koord2.jpg","contentUrl":"https:\/\/kt.gov.rs\/wp-content\/uploads\/2024\/12\/koord2.jpg","width":640,"height":480,"caption":"\u041a\u043e\u043e\u0440\u0434\u0438\u043d\u0430\u0446\u0438\u043e\u043d\u043e \u0442\u0435\u043b\u043e \u0412\u043b\u0430\u0434\u0435 \u0420\u0435\u043f\u0443\u0431\u043b\u0438\u043a\u0435 \u0421\u0440\u0431\u0438\u0458\u0435 \u0437\u0430 \u043e\u043f\u0448\u0442\u0438\u043d\u0435 \u041f\u0440\u0435\u0448\u0435\u0432\u043e, \u0411\u0443\u0458\u0430\u043d\u043e\u0432\u0430\u0446 \u0438 \u041c\u0435\u0434\u0432\u0435\u0452a"},"image":{"@id":"https:\/\/kt.gov.rs\/#\/schema\/logo\/image\/"},"sameAs":["https:\/\/www.facebook.com\/SluzbaKoordinacionogTelaVladeRepublikeSrbije","https:\/\/x.com\/kt_gov","https:\/\/www.youtube.com\/@koordinacionotelo"]},{"@type":"Person","@id":"https:\/\/kt.gov.rs\/#\/schema\/person\/e426459ddb4173309103390602694571","name":"ktmin","image":{"@type":"ImageObject","inLanguage":"sq-AL","@id":"https:\/\/secure.gravatar.com\/avatar\/3985c961109853010c3fbc7ba30365bfba5db3dd6c525831d9c595c7525a615a?s=96&d=mm&r=g","url":"https:\/\/secure.gravatar.com\/avatar\/3985c961109853010c3fbc7ba30365bfba5db3dd6c525831d9c595c7525a615a?s=96&d=mm&r=g","contentUrl":"https:\/\/secure.gravatar.com\/avatar\/3985c961109853010c3fbc7ba30365bfba5db3dd6c525831d9c595c7525a615a?s=96&d=mm&r=g","caption":"ktmin"},"sameAs":["https:\/\/kt.gov.rs"],"url":"https:\/\/kt.gov.rs\/sq\/author\/ktmin\/"}]}},"_links":{"self":[{"href":"https:\/\/kt.gov.rs\/sq\/wp-json\/wp\/v2\/posts\/107888","targetHints":{"allow":["GET"]}}],"collection":[{"href":"https:\/\/kt.gov.rs\/sq\/wp-json\/wp\/v2\/posts"}],"about":[{"href":"https:\/\/kt.gov.rs\/sq\/wp-json\/wp\/v2\/types\/post"}],"author":[{"embeddable":true,"href":"https:\/\/kt.gov.rs\/sq\/wp-json\/wp\/v2\/users\/1"}],"replies":[{"embeddable":true,"href":"https:\/\/kt.gov.rs\/sq\/wp-json\/wp\/v2\/comments?post=107888"}],"version-history":[{"count":1,"href":"https:\/\/kt.gov.rs\/sq\/wp-json\/wp\/v2\/posts\/107888\/revisions"}],"predecessor-version":[{"id":107892,"href":"https:\/\/kt.gov.rs\/sq\/wp-json\/wp\/v2\/posts\/107888\/revisions\/107892"}],"wp:featuredmedia":[{"embeddable":true,"href":"https:\/\/kt.gov.rs\/sq\/wp-json\/wp\/v2\/media\/107893"}],"wp:attachment":[{"href":"https:\/\/kt.gov.rs\/sq\/wp-json\/wp\/v2\/media?parent=107888"}],"wp:term":[{"taxonomy":"category","embeddable":true,"href":"https:\/\/kt.gov.rs\/sq\/wp-json\/wp\/v2\/categories?post=107888"},{"taxonomy":"post_tag","embeddable":true,"href":"https:\/\/kt.gov.rs\/sq\/wp-json\/wp\/v2\/tags?post=107888"}],"curies":[{"name":"wp","href":"https:\/\/api.w.org\/{rel}","templated":true}]}}