{"id":107856,"date":"2022-04-01T00:00:00","date_gmt":"2022-04-01T00:00:00","guid":{"rendered":"http:\/\/kt.printandscreen.rs\/konkurs-per-ndarjen-e-bursave-studentore-per-vitin-shkollor-2022-23\/"},"modified":"2024-07-30T17:57:15","modified_gmt":"2024-07-30T17:57:15","slug":"konkurs-per-ndarjen-e-bursave-studentore-per-vitin-shkollor-2022-23","status":"publish","type":"post","link":"https:\/\/kt.gov.rs\/sq\/konkurs-per-ndarjen-e-bursave-studentore-per-vitin-shkollor-2022-23\/","title":{"rendered":"KONKURS P\u00cbR NDARJEN E BURSAVE STUDENTORE P\u00cbR VITIN SHKOLLOR 2022\/23"},"content":{"rendered":"<p>\n\t<strong><img decoding=\"async\" alt=\"\" src=\"https:\/\/kt.gov.rs\/wp-content\/uploads\/2024\/07\/1648814832_010422_1v-2.jpg\" style=\"width: 640px; height: 340px;\" \/><\/strong><\/p>\n<p>\n\t<strong>Beograd \u2013 <\/strong>Komuna e Bujanocit, Preshev\u00ebs dhe organi i p\u00ebrkohsh\u00ebm i komun\u00ebs s\u00eb Medvegj\u00ebs kan\u00eb shpallur konkurs p\u00ebr ndarjen e bursave t\u00eb student\u00ebve. Q\u00ebllimi i k\u00ebtij konkursi \u00ebsht\u00eb t\u00eb mb\u00ebshtes\u00eb zhvillimin dhe p\u00ebrmir\u00ebsimin e cil\u00ebsis\u00eb s\u00eb arsimit t\u00eb lart\u00eb. Sigurimi i k\u00ebsaj mb\u00ebshtetje financiare p\u00ebr kostot e studimit do t\u00eb siguroj\u00eb kushte m\u00eb t\u00eb mira p\u00ebr arsimim dhe trajnim t\u00eb m\u00ebtejsh\u00ebm.<\/p>\n<p>\n\tN\u00eb k\u00ebt\u00eb m\u00ebnyr\u00eb krijohen kushte p\u00ebr rritjen e p\u00ebrqindjes s\u00eb t\u00eb rinjve t\u00eb arsimuar n\u00eb k\u00ebto komuna. Bursat ofrojn\u00eb qasje n\u00eb arsimin e lart\u00eb p\u00ebr t\u00eb gjitha kategorit\u00eb e t\u00eb rinjve, pavar\u00ebsisht nga statusi socio-ekonomik, si dhe mb\u00ebshtetje p\u00ebr zhvillimin e tregut t\u00eb pun\u00ebs n\u00eb komunat e Preshev\u00ebs, Bujanocit dhe Medvegj\u00ebs.<\/p>\n<p>\n\tT\u00eb drejt\u00ebn e p\u00ebrdorimit t\u00eb fondeve p\u00ebr bursa studentore kan\u00eb:<\/p>\n<p>\n\t\u2013 nx\u00ebn\u00ebsit e vitit t\u00eb fundit t\u00eb shkollave t\u00eb mesme dhe personat q\u00eb kan\u00eb p\u00ebrfunduar shkoll\u00ebn e mesme, deri n\u00eb mosh\u00ebn 22 vje\u00e7;<\/p>\n<p>\n\t\u2013 t\u00eb cil\u00ebt kan\u00eb vendbanim t\u00eb p\u00ebrhersh\u00ebm n\u00eb territorin e k\u00ebtyre komunave n\u00eb momentin e paraqitjes s\u00eb aplikimit p\u00ebr konkurs dhe t\u00eb pakt\u00ebn nj\u00eb vit para shpalljes s\u00eb konkursit;<\/p>\n<p>\n\t\u2013 gjat\u00eb shkollimit t\u00eb m\u00ebparsh\u00ebm (n\u00eb shkoll\u00ebn e mesme) kan\u00eb arritur sukses t\u00eb shk\u00eblqyer, njohin gjuh\u00ebn serbe;<\/p>\n<p>\n\t\u2013 nuk \u00ebsht\u00eb regjistruar n\u00eb ndonj\u00eb fakultet dhe<\/p>\n<p>\n\t\u2013 nuk jan\u00eb fitues t\u00eb bursave tjera t\u00eb financuara nga buxheti i Republik\u00ebs s\u00eb Serbis\u00eb.<\/p>\n<p>\n\tN\u00eb m\u00ebnyr\u00eb q\u00eb aplikanti n\u00eb Konkursin e Bursave t\u00eb p\u00ebrzgjidhet si bursist, p\u00ebrve\u00e7 plot\u00ebsimit t\u00eb kushteve formale, \u00ebsht\u00eb i detyruar t\u00eb kaloj\u00eb edhe provimin e kualifikimit (hyr\u00ebs) p\u00ebr regjistrim n\u00eb studime.<\/p>\n<p>\n\tT\u00eb gjitha informatat e nevojshme lidhur me Konkursin p\u00ebr ndarjen e bursave t\u00eb student\u00ebve p\u00ebr vitin shkollor 2022\/2023 mund ti merrni n\u00eb adresat e m\u00ebposhtme t\u00eb internetit:<\/p>\n<p>\n\t\u00a0<\/p>\n<p>\n\tKomuna e Preshev\u00ebs linku i konkursit: <a href=\"http:\/\/publikime.presevo.rs\/\">http:\/\/publikime.presevo.rs\/<\/a><\/p>\n<p>\n\tKomuna e Medvegj\u00ebs linku i konkursit: <a href=\"https:\/\/bit.ly\/3iUsudC\">https:\/\/bit.ly\/3iUsudC<\/a><\/p>\n<p>\n\tKomuna e Bujanocit linku i konkursit: <a href=\"https:\/\/bit.ly\/3J3rsGt\">https:\/\/bit.ly\/3J3rsGt<\/a><\/p>\n<p>\n\t\u00a0<\/p>\n<p>\n\t<iframe allow=\"accelerometer; autoplay; clipboard-write; encrypted-media; gyroscope; picture-in-picture\" allowfullscreen=\"\" frameborder=\"0\" height=\"360\" src=\"https:\/\/www.youtube.com\/embed\/lFJue0PJWtQ\" title=\"YouTube video player\" width=\"640\"><\/iframe><\/p>\n<p>\n\t\u00a0<\/p>\n<p>\n\t<iframe allow=\"accelerometer; autoplay; clipboard-write; encrypted-media; gyroscope; picture-in-picture\" allowfullscreen=\"\" frameborder=\"0\" height=\"360\" src=\"https:\/\/www.youtube.com\/embed\/GFvHlN61k5M\" title=\"YouTube video player\" width=\"640\"><\/iframe><\/p>\n<p>\n\t<strong>Burimi: Sh\u00ebrbimi i Trupit Koordinues<\/strong><\/p>\n<p>\n\t\u00a0<\/p>\n","protected":false},"excerpt":{"rendered":"<p>Beograd \u2013\u00a0Komuna e Bujanocit, Preshev\u00ebs dhe organi i p\u00ebrkohsh\u00ebm i komun\u00ebs s\u00eb Medvegj\u00ebs kan\u00eb shpallur konkurs p\u00ebr ndarjen e bursave t\u00eb student\u00ebve. Q\u00ebllimi i k\u00ebtij konkursi \u00ebsht\u00eb t\u00eb mb\u00ebshtes\u00eb zhvillimin dhe p\u00ebrmir\u00ebsimin e cil\u00ebsis\u00eb s\u00eb arsimit t\u00eb lart\u00eb. Sigurimi i k\u00ebsaj mb\u00ebshtetje financiare p\u00ebr kostot e studimit do t\u00eb siguroj\u00eb kushte m\u00eb t\u00eb mira p\u00ebr arsimim dhe trajnim t\u00eb m\u00ebtejsh\u00ebm.<\/p>\n","protected":false},"author":1,"featured_media":107861,"comment_status":"closed","ping_status":"closed","sticky":false,"template":"","format":"standard","meta":{"footnotes":""},"categories":[55],"tags":[],"class_list":["post-107856","post","type-post","status-publish","format-standard","has-post-thumbnail","hentry","category-lajme"],"yoast_head":"<!-- This site is optimized with the Yoast SEO plugin v27.5 - https:\/\/yoast.com\/product\/yoast-seo-wordpress\/ -->\n<title>KONKURS P\u00cbR NDARJEN E BURSAVE STUDENTORE P\u00cbR VITIN SHKOLLOR 2022\/23 - Republika e S\u00ebrbis\u00eb Trupi Koordinues p\u00ebr komunat Bujanoc, Preshev\u00eb dhe Medvegj\u00eb<\/title>\n<meta name=\"robots\" content=\"index, follow, max-snippet:-1, max-image-preview:large, max-video-preview:-1\" \/>\n<link rel=\"canonical\" href=\"https:\/\/kt.gov.rs\/sq\/konkurs-per-ndarjen-e-bursave-studentore-per-vitin-shkollor-2022-23\/\" \/>\n<meta property=\"og:locale\" content=\"sq_AL\" \/>\n<meta property=\"og:type\" content=\"article\" \/>\n<meta property=\"og:title\" content=\"KONKURS P\u00cbR NDARJEN E BURSAVE STUDENTORE P\u00cbR VITIN SHKOLLOR 2022\/23 - Republika e S\u00ebrbis\u00eb Trupi Koordinues p\u00ebr komunat Bujanoc, Preshev\u00eb dhe Medvegj\u00eb\" \/>\n<meta property=\"og:description\" content=\"Beograd -\u00a0Komuna e Bujanocit, Preshev\u00ebs dhe organi i p\u00ebrkohsh\u00ebm i komun\u00ebs s\u00eb Medvegj\u00ebs kan\u00eb shpallur konkurs p\u00ebr ndarjen e bursave t\u00eb student\u00ebve. Q\u00ebllimi i k\u00ebtij konkursi \u00ebsht\u00eb t\u00eb mb\u00ebshtes\u00eb zhvillimin dhe p\u00ebrmir\u00ebsimin e cil\u00ebsis\u00eb s\u00eb arsimit t\u00eb lart\u00eb. Sigurimi i k\u00ebsaj mb\u00ebshtetje financiare p\u00ebr kostot e studimit do t\u00eb siguroj\u00eb kushte m\u00eb t\u00eb mira p\u00ebr arsimim dhe trajnim t\u00eb m\u00ebtejsh\u00ebm.\" \/>\n<meta property=\"og:url\" content=\"https:\/\/kt.gov.rs\/sq\/konkurs-per-ndarjen-e-bursave-studentore-per-vitin-shkollor-2022-23\/\" \/>\n<meta property=\"og:site_name\" content=\"Republika e S\u00ebrbis\u00eb Trupi Koordinues p\u00ebr komunat Bujanoc, Preshev\u00eb dhe Medvegj\u00eb\" \/>\n<meta property=\"article:publisher\" content=\"https:\/\/www.facebook.com\/SluzbaKoordinacionogTelaVladeRepublikeSrbije\" \/>\n<meta property=\"article:published_time\" content=\"2022-04-01T00:00:00+00:00\" \/>\n<meta property=\"article:modified_time\" content=\"2024-07-30T17:57:15+00:00\" \/>\n<meta property=\"og:image\" content=\"https:\/\/kt.gov.rs\/wp-content\/uploads\/2024\/07\/1648814832_010422_1v-3.jpg\" \/>\n\t<meta property=\"og:image:width\" content=\"640\" \/>\n\t<meta property=\"og:image:height\" content=\"340\" \/>\n\t<meta property=\"og:image:type\" content=\"image\/jpeg\" \/>\n<meta name=\"author\" content=\"ktmin\" \/>\n<meta name=\"twitter:card\" content=\"summary_large_image\" \/>\n<meta name=\"twitter:creator\" content=\"@kt_gov\" \/>\n<meta name=\"twitter:site\" content=\"@kt_gov\" \/>\n<meta name=\"twitter:label1\" content=\"Written by\" \/>\n\t<meta name=\"twitter:data1\" content=\"ktmin\" \/>\n\t<meta name=\"twitter:label2\" content=\"Est. reading time\" \/>\n\t<meta name=\"twitter:data2\" content=\"3 minutes\" \/>\n<script type=\"application\/ld+json\" class=\"yoast-schema-graph\">{\"@context\":\"https:\\\/\\\/schema.org\",\"@graph\":[{\"@type\":\"Article\",\"@id\":\"https:\\\/\\\/kt.gov.rs\\\/sq\\\/konkurs-per-ndarjen-e-bursave-studentore-per-vitin-shkollor-2022-23\\\/#article\",\"isPartOf\":{\"@id\":\"https:\\\/\\\/kt.gov.rs\\\/sq\\\/konkurs-per-ndarjen-e-bursave-studentore-per-vitin-shkollor-2022-23\\\/\"},\"author\":{\"name\":\"ktmin\",\"@id\":\"https:\\\/\\\/kt.gov.rs\\\/#\\\/schema\\\/person\\\/e426459ddb4173309103390602694571\"},\"headline\":\"KONKURS P\u00cbR NDARJEN E BURSAVE STUDENTORE P\u00cbR VITIN SHKOLLOR 2022\\\/23\",\"datePublished\":\"2022-04-01T00:00:00+00:00\",\"dateModified\":\"2024-07-30T17:57:15+00:00\",\"mainEntityOfPage\":{\"@id\":\"https:\\\/\\\/kt.gov.rs\\\/sq\\\/konkurs-per-ndarjen-e-bursave-studentore-per-vitin-shkollor-2022-23\\\/\"},\"wordCount\":529,\"publisher\":{\"@id\":\"https:\\\/\\\/kt.gov.rs\\\/#organization\"},\"image\":{\"@id\":\"https:\\\/\\\/kt.gov.rs\\\/sq\\\/konkurs-per-ndarjen-e-bursave-studentore-per-vitin-shkollor-2022-23\\\/#primaryimage\"},\"thumbnailUrl\":\"https:\\\/\\\/kt.gov.rs\\\/wp-content\\\/uploads\\\/2024\\\/07\\\/1648814832_010422_1v-3.jpg\",\"articleSection\":[\"Lajme\"],\"inLanguage\":\"sq-AL\"},{\"@type\":\"WebPage\",\"@id\":\"https:\\\/\\\/kt.gov.rs\\\/sq\\\/konkurs-per-ndarjen-e-bursave-studentore-per-vitin-shkollor-2022-23\\\/\",\"url\":\"https:\\\/\\\/kt.gov.rs\\\/sq\\\/konkurs-per-ndarjen-e-bursave-studentore-per-vitin-shkollor-2022-23\\\/\",\"name\":\"KONKURS P\u00cbR NDARJEN E BURSAVE STUDENTORE P\u00cbR VITIN SHKOLLOR 2022\\\/23 - Republika e S\u00ebrbis\u00eb Trupi Koordinues p\u00ebr komunat Bujanoc, Preshev\u00eb dhe Medvegj\u00eb\",\"isPartOf\":{\"@id\":\"https:\\\/\\\/kt.gov.rs\\\/#website\"},\"primaryImageOfPage\":{\"@id\":\"https:\\\/\\\/kt.gov.rs\\\/sq\\\/konkurs-per-ndarjen-e-bursave-studentore-per-vitin-shkollor-2022-23\\\/#primaryimage\"},\"image\":{\"@id\":\"https:\\\/\\\/kt.gov.rs\\\/sq\\\/konkurs-per-ndarjen-e-bursave-studentore-per-vitin-shkollor-2022-23\\\/#primaryimage\"},\"thumbnailUrl\":\"https:\\\/\\\/kt.gov.rs\\\/wp-content\\\/uploads\\\/2024\\\/07\\\/1648814832_010422_1v-3.jpg\",\"datePublished\":\"2022-04-01T00:00:00+00:00\",\"dateModified\":\"2024-07-30T17:57:15+00:00\",\"breadcrumb\":{\"@id\":\"https:\\\/\\\/kt.gov.rs\\\/sq\\\/konkurs-per-ndarjen-e-bursave-studentore-per-vitin-shkollor-2022-23\\\/#breadcrumb\"},\"inLanguage\":\"sq-AL\",\"potentialAction\":[{\"@type\":\"ReadAction\",\"target\":[\"https:\\\/\\\/kt.gov.rs\\\/sq\\\/konkurs-per-ndarjen-e-bursave-studentore-per-vitin-shkollor-2022-23\\\/\"]}]},{\"@type\":\"ImageObject\",\"inLanguage\":\"sq-AL\",\"@id\":\"https:\\\/\\\/kt.gov.rs\\\/sq\\\/konkurs-per-ndarjen-e-bursave-studentore-per-vitin-shkollor-2022-23\\\/#primaryimage\",\"url\":\"https:\\\/\\\/kt.gov.rs\\\/wp-content\\\/uploads\\\/2024\\\/07\\\/1648814832_010422_1v-3.jpg\",\"contentUrl\":\"https:\\\/\\\/kt.gov.rs\\\/wp-content\\\/uploads\\\/2024\\\/07\\\/1648814832_010422_1v-3.jpg\",\"width\":640,\"height\":340},{\"@type\":\"BreadcrumbList\",\"@id\":\"https:\\\/\\\/kt.gov.rs\\\/sq\\\/konkurs-per-ndarjen-e-bursave-studentore-per-vitin-shkollor-2022-23\\\/#breadcrumb\",\"itemListElement\":[{\"@type\":\"ListItem\",\"position\":1,\"name\":\"Po\u010detna\",\"item\":\"https:\\\/\\\/kt.gov.rs\\\/sq\\\/\"},{\"@type\":\"ListItem\",\"position\":2,\"name\":\"KONKURS P\u00cbR NDARJEN E BURSAVE STUDENTORE P\u00cbR VITIN SHKOLLOR 2022\\\/23\"}]},{\"@type\":\"WebSite\",\"@id\":\"https:\\\/\\\/kt.gov.rs\\\/#website\",\"url\":\"https:\\\/\\\/kt.gov.rs\\\/\",\"name\":\"Koordinaciono telo Vlade Republike Srbije za op\u0161tine Pre\u0161evo, Bujanovac i Medve\u0111a\",\"description\":\"\",\"publisher\":{\"@id\":\"https:\\\/\\\/kt.gov.rs\\\/#organization\"},\"alternateName\":\"Koordinaciono telo\",\"potentialAction\":[{\"@type\":\"SearchAction\",\"target\":{\"@type\":\"EntryPoint\",\"urlTemplate\":\"https:\\\/\\\/kt.gov.rs\\\/?s={search_term_string}\"},\"query-input\":{\"@type\":\"PropertyValueSpecification\",\"valueRequired\":true,\"valueName\":\"search_term_string\"}}],\"inLanguage\":\"sq-AL\"},{\"@type\":\"Organization\",\"@id\":\"https:\\\/\\\/kt.gov.rs\\\/#organization\",\"name\":\"Koordinaciono telo Vlade Republike Srbije za op\u0161tine Pre\u0161evo, Bujanovac i Medve\u0111a\",\"alternateName\":\"Koordinaciono telo\",\"url\":\"https:\\\/\\\/kt.gov.rs\\\/\",\"logo\":{\"@type\":\"ImageObject\",\"inLanguage\":\"sq-AL\",\"@id\":\"https:\\\/\\\/kt.gov.rs\\\/#\\\/schema\\\/logo\\\/image\\\/\",\"url\":\"https:\\\/\\\/kt.gov.rs\\\/wp-content\\\/uploads\\\/2024\\\/12\\\/koord2.jpg\",\"contentUrl\":\"https:\\\/\\\/kt.gov.rs\\\/wp-content\\\/uploads\\\/2024\\\/12\\\/koord2.jpg\",\"width\":640,\"height\":480,\"caption\":\"Koordinaciono telo Vlade Republike Srbije za op\u0161tine Pre\u0161evo, Bujanovac i Medve\u0111a\"},\"image\":{\"@id\":\"https:\\\/\\\/kt.gov.rs\\\/#\\\/schema\\\/logo\\\/image\\\/\"},\"sameAs\":[\"https:\\\/\\\/www.facebook.com\\\/SluzbaKoordinacionogTelaVladeRepublikeSrbije\",\"https:\\\/\\\/x.com\\\/kt_gov\",\"https:\\\/\\\/www.youtube.com\\\/@koordinacionotelo\"]},{\"@type\":\"Person\",\"@id\":\"https:\\\/\\\/kt.gov.rs\\\/#\\\/schema\\\/person\\\/e426459ddb4173309103390602694571\",\"name\":\"ktmin\",\"image\":{\"@type\":\"ImageObject\",\"inLanguage\":\"sq-AL\",\"@id\":\"https:\\\/\\\/secure.gravatar.com\\\/avatar\\\/3985c961109853010c3fbc7ba30365bfba5db3dd6c525831d9c595c7525a615a?s=96&d=mm&r=g\",\"url\":\"https:\\\/\\\/secure.gravatar.com\\\/avatar\\\/3985c961109853010c3fbc7ba30365bfba5db3dd6c525831d9c595c7525a615a?s=96&d=mm&r=g\",\"contentUrl\":\"https:\\\/\\\/secure.gravatar.com\\\/avatar\\\/3985c961109853010c3fbc7ba30365bfba5db3dd6c525831d9c595c7525a615a?s=96&d=mm&r=g\",\"caption\":\"ktmin\"},\"sameAs\":[\"https:\\\/\\\/kt.gov.rs\"],\"url\":\"https:\\\/\\\/kt.gov.rs\\\/sq\\\/author\\\/ktmin\\\/\"}]}<\/script>\n<!-- \/ Yoast SEO plugin. -->","yoast_head_json":{"title":"KONKURS P\u00cbR NDARJEN E BURSAVE STUDENTORE P\u00cbR VITIN SHKOLLOR 2022\/23 - Republika e S\u00ebrbis\u00eb Trupi Koordinues p\u00ebr komunat Bujanoc, Preshev\u00eb dhe Medvegj\u00eb","robots":{"index":"index","follow":"follow","max-snippet":"max-snippet:-1","max-image-preview":"max-image-preview:large","max-video-preview":"max-video-preview:-1"},"canonical":"https:\/\/kt.gov.rs\/sq\/konkurs-per-ndarjen-e-bursave-studentore-per-vitin-shkollor-2022-23\/","og_locale":"sq_AL","og_type":"article","og_title":"KONKURS P\u00cbR NDARJEN E BURSAVE STUDENTORE P\u00cbR VITIN SHKOLLOR 2022\/23 - Republika e S\u00ebrbis\u00eb Trupi Koordinues p\u00ebr komunat Bujanoc, Preshev\u00eb dhe Medvegj\u00eb","og_description":"Beograd -\u00a0Komuna e Bujanocit, Preshev\u00ebs dhe organi i p\u00ebrkohsh\u00ebm i komun\u00ebs s\u00eb Medvegj\u00ebs kan\u00eb shpallur konkurs p\u00ebr ndarjen e bursave t\u00eb student\u00ebve. Q\u00ebllimi i k\u00ebtij konkursi \u00ebsht\u00eb t\u00eb mb\u00ebshtes\u00eb zhvillimin dhe p\u00ebrmir\u00ebsimin e cil\u00ebsis\u00eb s\u00eb arsimit t\u00eb lart\u00eb. Sigurimi i k\u00ebsaj mb\u00ebshtetje financiare p\u00ebr kostot e studimit do t\u00eb siguroj\u00eb kushte m\u00eb t\u00eb mira p\u00ebr arsimim dhe trajnim t\u00eb m\u00ebtejsh\u00ebm.","og_url":"https:\/\/kt.gov.rs\/sq\/konkurs-per-ndarjen-e-bursave-studentore-per-vitin-shkollor-2022-23\/","og_site_name":"Republika e S\u00ebrbis\u00eb Trupi Koordinues p\u00ebr komunat Bujanoc, Preshev\u00eb dhe Medvegj\u00eb","article_publisher":"https:\/\/www.facebook.com\/SluzbaKoordinacionogTelaVladeRepublikeSrbije","article_published_time":"2022-04-01T00:00:00+00:00","article_modified_time":"2024-07-30T17:57:15+00:00","og_image":[{"width":640,"height":340,"url":"https:\/\/kt.gov.rs\/wp-content\/uploads\/2024\/07\/1648814832_010422_1v-3.jpg","type":"image\/jpeg"}],"author":"ktmin","twitter_card":"summary_large_image","twitter_creator":"@kt_gov","twitter_site":"@kt_gov","twitter_misc":{"Written by":"ktmin","Est. reading time":"3 minutes"},"schema":{"@context":"https:\/\/schema.org","@graph":[{"@type":"Article","@id":"https:\/\/kt.gov.rs\/sq\/konkurs-per-ndarjen-e-bursave-studentore-per-vitin-shkollor-2022-23\/#article","isPartOf":{"@id":"https:\/\/kt.gov.rs\/sq\/konkurs-per-ndarjen-e-bursave-studentore-per-vitin-shkollor-2022-23\/"},"author":{"name":"ktmin","@id":"https:\/\/kt.gov.rs\/#\/schema\/person\/e426459ddb4173309103390602694571"},"headline":"KONKURS P\u00cbR NDARJEN E BURSAVE STUDENTORE P\u00cbR VITIN SHKOLLOR 2022\/23","datePublished":"2022-04-01T00:00:00+00:00","dateModified":"2024-07-30T17:57:15+00:00","mainEntityOfPage":{"@id":"https:\/\/kt.gov.rs\/sq\/konkurs-per-ndarjen-e-bursave-studentore-per-vitin-shkollor-2022-23\/"},"wordCount":529,"publisher":{"@id":"https:\/\/kt.gov.rs\/#organization"},"image":{"@id":"https:\/\/kt.gov.rs\/sq\/konkurs-per-ndarjen-e-bursave-studentore-per-vitin-shkollor-2022-23\/#primaryimage"},"thumbnailUrl":"https:\/\/kt.gov.rs\/wp-content\/uploads\/2024\/07\/1648814832_010422_1v-3.jpg","articleSection":["Lajme"],"inLanguage":"sq-AL"},{"@type":"WebPage","@id":"https:\/\/kt.gov.rs\/sq\/konkurs-per-ndarjen-e-bursave-studentore-per-vitin-shkollor-2022-23\/","url":"https:\/\/kt.gov.rs\/sq\/konkurs-per-ndarjen-e-bursave-studentore-per-vitin-shkollor-2022-23\/","name":"KONKURS P\u00cbR NDARJEN E BURSAVE STUDENTORE P\u00cbR VITIN SHKOLLOR 2022\/23 - Republika e S\u00ebrbis\u00eb Trupi Koordinues p\u00ebr komunat Bujanoc, Preshev\u00eb dhe Medvegj\u00eb","isPartOf":{"@id":"https:\/\/kt.gov.rs\/#website"},"primaryImageOfPage":{"@id":"https:\/\/kt.gov.rs\/sq\/konkurs-per-ndarjen-e-bursave-studentore-per-vitin-shkollor-2022-23\/#primaryimage"},"image":{"@id":"https:\/\/kt.gov.rs\/sq\/konkurs-per-ndarjen-e-bursave-studentore-per-vitin-shkollor-2022-23\/#primaryimage"},"thumbnailUrl":"https:\/\/kt.gov.rs\/wp-content\/uploads\/2024\/07\/1648814832_010422_1v-3.jpg","datePublished":"2022-04-01T00:00:00+00:00","dateModified":"2024-07-30T17:57:15+00:00","breadcrumb":{"@id":"https:\/\/kt.gov.rs\/sq\/konkurs-per-ndarjen-e-bursave-studentore-per-vitin-shkollor-2022-23\/#breadcrumb"},"inLanguage":"sq-AL","potentialAction":[{"@type":"ReadAction","target":["https:\/\/kt.gov.rs\/sq\/konkurs-per-ndarjen-e-bursave-studentore-per-vitin-shkollor-2022-23\/"]}]},{"@type":"ImageObject","inLanguage":"sq-AL","@id":"https:\/\/kt.gov.rs\/sq\/konkurs-per-ndarjen-e-bursave-studentore-per-vitin-shkollor-2022-23\/#primaryimage","url":"https:\/\/kt.gov.rs\/wp-content\/uploads\/2024\/07\/1648814832_010422_1v-3.jpg","contentUrl":"https:\/\/kt.gov.rs\/wp-content\/uploads\/2024\/07\/1648814832_010422_1v-3.jpg","width":640,"height":340},{"@type":"BreadcrumbList","@id":"https:\/\/kt.gov.rs\/sq\/konkurs-per-ndarjen-e-bursave-studentore-per-vitin-shkollor-2022-23\/#breadcrumb","itemListElement":[{"@type":"ListItem","position":1,"name":"Po\u010detna","item":"https:\/\/kt.gov.rs\/sq\/"},{"@type":"ListItem","position":2,"name":"KONKURS P\u00cbR NDARJEN E BURSAVE STUDENTORE P\u00cbR VITIN SHKOLLOR 2022\/23"}]},{"@type":"WebSite","@id":"https:\/\/kt.gov.rs\/#website","url":"https:\/\/kt.gov.rs\/","name":"Koordinaciono telo Vlade Republike Srbije za op\u0161tine Pre\u0161evo, Bujanovac i Medve\u0111a","description":"","publisher":{"@id":"https:\/\/kt.gov.rs\/#organization"},"alternateName":"Koordinaciono telo","potentialAction":[{"@type":"SearchAction","target":{"@type":"EntryPoint","urlTemplate":"https:\/\/kt.gov.rs\/?s={search_term_string}"},"query-input":{"@type":"PropertyValueSpecification","valueRequired":true,"valueName":"search_term_string"}}],"inLanguage":"sq-AL"},{"@type":"Organization","@id":"https:\/\/kt.gov.rs\/#organization","name":"Koordinaciono telo Vlade Republike Srbije za op\u0161tine Pre\u0161evo, Bujanovac i Medve\u0111a","alternateName":"Koordinaciono telo","url":"https:\/\/kt.gov.rs\/","logo":{"@type":"ImageObject","inLanguage":"sq-AL","@id":"https:\/\/kt.gov.rs\/#\/schema\/logo\/image\/","url":"https:\/\/kt.gov.rs\/wp-content\/uploads\/2024\/12\/koord2.jpg","contentUrl":"https:\/\/kt.gov.rs\/wp-content\/uploads\/2024\/12\/koord2.jpg","width":640,"height":480,"caption":"Koordinaciono telo Vlade Republike Srbije za op\u0161tine Pre\u0161evo, Bujanovac i Medve\u0111a"},"image":{"@id":"https:\/\/kt.gov.rs\/#\/schema\/logo\/image\/"},"sameAs":["https:\/\/www.facebook.com\/SluzbaKoordinacionogTelaVladeRepublikeSrbije","https:\/\/x.com\/kt_gov","https:\/\/www.youtube.com\/@koordinacionotelo"]},{"@type":"Person","@id":"https:\/\/kt.gov.rs\/#\/schema\/person\/e426459ddb4173309103390602694571","name":"ktmin","image":{"@type":"ImageObject","inLanguage":"sq-AL","@id":"https:\/\/secure.gravatar.com\/avatar\/3985c961109853010c3fbc7ba30365bfba5db3dd6c525831d9c595c7525a615a?s=96&d=mm&r=g","url":"https:\/\/secure.gravatar.com\/avatar\/3985c961109853010c3fbc7ba30365bfba5db3dd6c525831d9c595c7525a615a?s=96&d=mm&r=g","contentUrl":"https:\/\/secure.gravatar.com\/avatar\/3985c961109853010c3fbc7ba30365bfba5db3dd6c525831d9c595c7525a615a?s=96&d=mm&r=g","caption":"ktmin"},"sameAs":["https:\/\/kt.gov.rs"],"url":"https:\/\/kt.gov.rs\/sq\/author\/ktmin\/"}]}},"_links":{"self":[{"href":"https:\/\/kt.gov.rs\/sq\/wp-json\/wp\/v2\/posts\/107856","targetHints":{"allow":["GET"]}}],"collection":[{"href":"https:\/\/kt.gov.rs\/sq\/wp-json\/wp\/v2\/posts"}],"about":[{"href":"https:\/\/kt.gov.rs\/sq\/wp-json\/wp\/v2\/types\/post"}],"author":[{"embeddable":true,"href":"https:\/\/kt.gov.rs\/sq\/wp-json\/wp\/v2\/users\/1"}],"replies":[{"embeddable":true,"href":"https:\/\/kt.gov.rs\/sq\/wp-json\/wp\/v2\/comments?post=107856"}],"version-history":[{"count":1,"href":"https:\/\/kt.gov.rs\/sq\/wp-json\/wp\/v2\/posts\/107856\/revisions"}],"predecessor-version":[{"id":107860,"href":"https:\/\/kt.gov.rs\/sq\/wp-json\/wp\/v2\/posts\/107856\/revisions\/107860"}],"wp:featuredmedia":[{"embeddable":true,"href":"https:\/\/kt.gov.rs\/sq\/wp-json\/wp\/v2\/media\/107861"}],"wp:attachment":[{"href":"https:\/\/kt.gov.rs\/sq\/wp-json\/wp\/v2\/media?parent=107856"}],"wp:term":[{"taxonomy":"category","embeddable":true,"href":"https:\/\/kt.gov.rs\/sq\/wp-json\/wp\/v2\/categories?post=107856"},{"taxonomy":"post_tag","embeddable":true,"href":"https:\/\/kt.gov.rs\/sq\/wp-json\/wp\/v2\/tags?post=107856"}],"curies":[{"name":"wp","href":"https:\/\/api.w.org\/{rel}","templated":true}]}}