{"id":107810,"date":"2022-04-14T00:00:00","date_gmt":"2022-04-14T00:00:00","guid":{"rendered":"http:\/\/kt.printandscreen.rs\/festivali-i-mini-basketbollit-nga-data-6-8-maj-ne-bujanoc\/"},"modified":"2024-07-30T17:57:11","modified_gmt":"2024-07-30T17:57:11","slug":"festivali-i-mini-basketbollit-nga-data-6-8-maj-ne-bujanoc","status":"publish","type":"post","link":"https:\/\/kt.gov.rs\/sq\/festivali-i-mini-basketbollit-nga-data-6-8-maj-ne-bujanoc\/","title":{"rendered":"FESTIVALI I MINI BASKETBOLLIT NGA DATA 6-8 MAJ N\u00cb BUJANOC"},"content":{"rendered":"<p>\n\t<strong><img decoding=\"async\" alt=\"\" src=\"https:\/\/kt.gov.rs\/wp-content\/uploads\/2024\/07\/1649924693_140422_2-2.jpg\" style=\"width: 315px; height: 230px; float: left;\" \/><\/strong><strong>Bujanoc-Beograd- <\/strong>Festivali i dhjet\u00eb jubilar nd\u00ebrkomb\u00ebtar i mini basketbollit \u201cT\u00eb shp\u00ebtojm\u00eb f\u00ebmij\u00ebt\u201d do t\u00eb mbahet m\u00eb 6, 7 dhe 8 maj n\u00eb Pallatin e Sporteve t\u00eb Bujanocit \u201cMlladost\u201d. N\u00eb manifestimin m\u00eb masiv n\u00eb komun\u00ebn e Bujanocit do t\u00eb marrin pjes\u00eb f\u00ebmij\u00eb nga Serbia, Maqedonia e Veriut, Shqip\u00ebria, Gjermania dhe vendet e tjera t\u00eb rajonit, sipas organizator\u00ebve, OKK Play 017 i Bujanocit.<\/p>\n<p>\n\tN\u00eb dit\u00ebn e par\u00eb t\u00eb festivalit \u00ebsht\u00eb planifikuar nj\u00eb promovim n\u00eb sheshin e qytetit ku do t\u00eb shfaqen elementet baz\u00eb t\u00eb basketbollit t\u00eb an\u00ebtar\u00ebve m\u00eb t\u00eb rinj t\u00eb klubit dhe e nj\u00ebjta dit\u00eb \u00ebsht\u00eb rezervuar p\u00ebr mbajtjen e nj\u00eb puzijade.<\/p>\n<p>\n\t\u201cPuzijada p\u00ebr bebe organizohet p\u00ebr her\u00eb t\u00eb par\u00eb n\u00eb Bujanoc. Ne duam t\u00eb p\u00ebrfshijm\u00eb m\u00eb t\u00eb rinjt\u00eb tan\u00eb n\u00eb nj\u00eb m\u00ebnyr\u00eb arg\u00ebtuese dhe do t\u00eb sigurohen \u00e7mime p\u00ebr t\u00eb gjith\u00eb pjes\u00ebmarr\u00ebsit e vegj\u00ebl n\u00eb puzijada. Ftojm\u00eb prind\u00ebrit t\u00eb regjistrojn\u00eb foshnjat e tyre dhe t\u00eb shoq\u00ebrohen e t\u00eb arg\u00ebtohen n\u00eb dit\u00ebn e par\u00eb t\u00eb festivalit\u201d, tha Nenad Stajiq, njeriu i par\u00eb i OKK Play 017.<\/p>\n<p>\n\tN\u00eb dit\u00ebn e dyt\u00eb t\u00eb festivalit \u00ebsht\u00eb n\u00eb program ndeshja e basketbollit me karrige me rrota mes ekipeve Singidunum dhe Crvena zvezd\u00ebs.<\/p>\n<p>\n\t\u201cKjo do t\u00eb jet\u00eb nj\u00eb mund\u00ebsi unike p\u00ebr banor\u00ebt e Bujanocit dhe mysafir\u00ebt q\u00eb t\u00eb shohin se si \u00ebsht\u00eb t\u00eb luash basketboll me karrige me rrota, i cili \u00ebsht\u00eb nj\u00eb sport shum\u00eb k\u00ebrkues\u201d, thot\u00eb Stajiq.<\/p>\n<p>\n\tDita e fundit e festivalit t\u00eb k\u00ebtij viti \u00ebsht\u00eb e rezervuar p\u00ebr loj\u00ebrat e mini basketbollist\u00ebve m\u00eb t\u00eb rinj t\u00eb cil\u00ebt do t\u00eb shfaqin aft\u00ebsit\u00eb e tyre n\u00eb basketboll n\u00eb kat\u00ebr fusha, nd\u00ebrsa n\u00eb pushimet nd\u00ebrmjet ndeshjeve basketbollist\u00eb t\u00eb rinj do t\u00eb marrin pjes\u00eb n\u00eb seminare kushtuar f\u00ebmij\u00ebve dhe t\u00eb rinjve me aft\u00ebsi t\u00eb kufizuara t\u00eb organizuara nga Shoqata \u201c\u00cbndrrat e Mia\u201d.<\/p>\n<p>\n\tMini basketbollist\u00ebt do t\u00eb m\u00ebsojn\u00eb p\u00ebr ushqyerjen e f\u00ebmij\u00ebve dhe m\u00ebnyr\u00ebn e sh\u00ebndosh\u00eb t\u00eb rritjes nga doktori i kultur\u00ebs fizike, Dushan Nikolliq.<\/p>\n<p>\n\tFestivali nd\u00ebrkomb\u00ebtar i mini basketbollit sivjet do t&#39;u kushtohet f\u00ebmij\u00ebve dhe t\u00eb rinjve me aft\u00ebsi t\u00eb kufizuara p\u00ebr t\u00eb t\u00ebrhequr v\u00ebmendjen e publikut t\u00eb gjer\u00eb dhe p\u00ebr t\u00eb d\u00ebrguar nj\u00eb mesazh p\u00ebr nevoj\u00ebn e p\u00ebrfshirjes s\u00eb tyre n\u00eb shoq\u00ebri.<\/p>\n<p>\n\tAplikimet p\u00ebr puzijada b\u00ebhen n\u00eb numrin e telefonit 066\/6068888 ose n\u00eb adres\u00ebn elektronike <a href=\"mailto:okkplay017@gmail.com\">okkplay017@gmail.com<\/a><u>. <\/u><\/p>\n<p>\n\t<strong>Burimi: Bujanovaqke, Trupi Koordinues<\/strong><\/p>\n<p>\n\t\u00a0<\/p>\n","protected":false},"excerpt":{"rendered":"<p>Bujanoc-Beograd-\u00a0Festivali i dhjet\u00eb jubilar nd\u00ebrkomb\u00ebtar i mini basketbollit \u201cT\u00eb shp\u00ebtojm\u00eb f\u00ebmij\u00ebt\u201d do t\u00eb mbahet m\u00eb 6, 7 dhe 8 maj n\u00eb Pallatin e Sporteve t\u00eb Bujanocit \u201cMlladost\u201d. N\u00eb manifestimin m\u00eb masiv n\u00eb komun\u00ebn e Bujanocit do t\u00eb marrin pjes\u00eb f\u00ebmij\u00eb nga Serbia\u2026<\/p>\n","protected":false},"author":1,"featured_media":107815,"comment_status":"closed","ping_status":"closed","sticky":false,"template":"","format":"standard","meta":{"footnotes":""},"categories":[55],"tags":[],"class_list":["post-107810","post","type-post","status-publish","format-standard","has-post-thumbnail","hentry","category-lajme"],"yoast_head":"<!-- This site is optimized with the Yoast SEO plugin v27.5 - https:\/\/yoast.com\/product\/yoast-seo-wordpress\/ -->\n<title>FESTIVALI I MINI BASKETBOLLIT NGA DATA 6-8 MAJ N\u00cb BUJANOC - Republika e S\u00ebrbis\u00eb Trupi Koordinues p\u00ebr komunat Bujanoc, Preshev\u00eb dhe Medvegj\u00eb<\/title>\n<meta name=\"robots\" content=\"index, follow, max-snippet:-1, max-image-preview:large, max-video-preview:-1\" \/>\n<link rel=\"canonical\" href=\"https:\/\/kt.gov.rs\/sq\/festivali-i-mini-basketbollit-nga-data-6-8-maj-ne-bujanoc\/\" \/>\n<meta property=\"og:locale\" content=\"sq_AL\" \/>\n<meta property=\"og:type\" content=\"article\" \/>\n<meta property=\"og:title\" content=\"FESTIVALI I MINI BASKETBOLLIT NGA DATA 6-8 MAJ N\u00cb BUJANOC - Republika e S\u00ebrbis\u00eb Trupi Koordinues p\u00ebr komunat Bujanoc, Preshev\u00eb dhe Medvegj\u00eb\" \/>\n<meta property=\"og:description\" content=\"Bujanoc-Beograd-\u00a0Festivali i dhjet\u00eb jubilar nd\u00ebrkomb\u00ebtar i mini basketbollit \u201cT\u00eb shp\u00ebtojm\u00eb f\u00ebmij\u00ebt\u201d do t\u00eb mbahet m\u00eb 6, 7 dhe 8 maj n\u00eb Pallatin e Sporteve t\u00eb Bujanocit \u201cMlladost\u201d. N\u00eb manifestimin m\u00eb masiv n\u00eb komun\u00ebn e Bujanocit do t\u00eb marrin pjes\u00eb f\u00ebmij\u00eb nga Serbia...\" \/>\n<meta property=\"og:url\" content=\"https:\/\/kt.gov.rs\/sq\/festivali-i-mini-basketbollit-nga-data-6-8-maj-ne-bujanoc\/\" \/>\n<meta property=\"og:site_name\" content=\"Republika e S\u00ebrbis\u00eb Trupi Koordinues p\u00ebr komunat Bujanoc, Preshev\u00eb dhe Medvegj\u00eb\" \/>\n<meta property=\"article:publisher\" content=\"https:\/\/www.facebook.com\/SluzbaKoordinacionogTelaVladeRepublikeSrbije\" \/>\n<meta property=\"article:published_time\" content=\"2022-04-14T00:00:00+00:00\" \/>\n<meta property=\"article:modified_time\" content=\"2024-07-30T17:57:11+00:00\" \/>\n<meta property=\"og:image\" content=\"https:\/\/kt.gov.rs\/wp-content\/uploads\/2024\/07\/1649924693_140422_2-3.jpg\" \/>\n\t<meta property=\"og:image:width\" content=\"315\" \/>\n\t<meta property=\"og:image:height\" content=\"230\" \/>\n\t<meta property=\"og:image:type\" content=\"image\/jpeg\" \/>\n<meta name=\"author\" content=\"ktmin\" \/>\n<meta name=\"twitter:card\" content=\"summary_large_image\" \/>\n<meta name=\"twitter:creator\" content=\"@kt_gov\" \/>\n<meta name=\"twitter:site\" content=\"@kt_gov\" \/>\n<meta name=\"twitter:label1\" content=\"Written by\" \/>\n\t<meta name=\"twitter:data1\" content=\"ktmin\" \/>\n\t<meta name=\"twitter:label2\" content=\"Est. reading time\" \/>\n\t<meta name=\"twitter:data2\" content=\"3 minutes\" \/>\n<script type=\"application\/ld+json\" class=\"yoast-schema-graph\">{\"@context\":\"https:\\\/\\\/schema.org\",\"@graph\":[{\"@type\":\"Article\",\"@id\":\"https:\\\/\\\/kt.gov.rs\\\/sq\\\/festivali-i-mini-basketbollit-nga-data-6-8-maj-ne-bujanoc\\\/#article\",\"isPartOf\":{\"@id\":\"https:\\\/\\\/kt.gov.rs\\\/sq\\\/festivali-i-mini-basketbollit-nga-data-6-8-maj-ne-bujanoc\\\/\"},\"author\":{\"name\":\"ktmin\",\"@id\":\"https:\\\/\\\/kt.gov.rs\\\/#\\\/schema\\\/person\\\/e426459ddb4173309103390602694571\"},\"headline\":\"FESTIVALI I MINI BASKETBOLLIT NGA DATA 6-8 MAJ N\u00cb BUJANOC\",\"datePublished\":\"2022-04-14T00:00:00+00:00\",\"dateModified\":\"2024-07-30T17:57:11+00:00\",\"mainEntityOfPage\":{\"@id\":\"https:\\\/\\\/kt.gov.rs\\\/sq\\\/festivali-i-mini-basketbollit-nga-data-6-8-maj-ne-bujanoc\\\/\"},\"wordCount\":638,\"publisher\":{\"@id\":\"https:\\\/\\\/kt.gov.rs\\\/#organization\"},\"image\":{\"@id\":\"https:\\\/\\\/kt.gov.rs\\\/sq\\\/festivali-i-mini-basketbollit-nga-data-6-8-maj-ne-bujanoc\\\/#primaryimage\"},\"thumbnailUrl\":\"https:\\\/\\\/kt.gov.rs\\\/wp-content\\\/uploads\\\/2024\\\/07\\\/1649924693_140422_2-3.jpg\",\"articleSection\":[\"Lajme\"],\"inLanguage\":\"sq-AL\"},{\"@type\":\"WebPage\",\"@id\":\"https:\\\/\\\/kt.gov.rs\\\/sq\\\/festivali-i-mini-basketbollit-nga-data-6-8-maj-ne-bujanoc\\\/\",\"url\":\"https:\\\/\\\/kt.gov.rs\\\/sq\\\/festivali-i-mini-basketbollit-nga-data-6-8-maj-ne-bujanoc\\\/\",\"name\":\"FESTIVALI I MINI BASKETBOLLIT NGA DATA 6-8 MAJ N\u00cb BUJANOC - Republika e S\u00ebrbis\u00eb Trupi Koordinues p\u00ebr komunat Bujanoc, Preshev\u00eb dhe Medvegj\u00eb\",\"isPartOf\":{\"@id\":\"https:\\\/\\\/kt.gov.rs\\\/#website\"},\"primaryImageOfPage\":{\"@id\":\"https:\\\/\\\/kt.gov.rs\\\/sq\\\/festivali-i-mini-basketbollit-nga-data-6-8-maj-ne-bujanoc\\\/#primaryimage\"},\"image\":{\"@id\":\"https:\\\/\\\/kt.gov.rs\\\/sq\\\/festivali-i-mini-basketbollit-nga-data-6-8-maj-ne-bujanoc\\\/#primaryimage\"},\"thumbnailUrl\":\"https:\\\/\\\/kt.gov.rs\\\/wp-content\\\/uploads\\\/2024\\\/07\\\/1649924693_140422_2-3.jpg\",\"datePublished\":\"2022-04-14T00:00:00+00:00\",\"dateModified\":\"2024-07-30T17:57:11+00:00\",\"breadcrumb\":{\"@id\":\"https:\\\/\\\/kt.gov.rs\\\/sq\\\/festivali-i-mini-basketbollit-nga-data-6-8-maj-ne-bujanoc\\\/#breadcrumb\"},\"inLanguage\":\"sq-AL\",\"potentialAction\":[{\"@type\":\"ReadAction\",\"target\":[\"https:\\\/\\\/kt.gov.rs\\\/sq\\\/festivali-i-mini-basketbollit-nga-data-6-8-maj-ne-bujanoc\\\/\"]}]},{\"@type\":\"ImageObject\",\"inLanguage\":\"sq-AL\",\"@id\":\"https:\\\/\\\/kt.gov.rs\\\/sq\\\/festivali-i-mini-basketbollit-nga-data-6-8-maj-ne-bujanoc\\\/#primaryimage\",\"url\":\"https:\\\/\\\/kt.gov.rs\\\/wp-content\\\/uploads\\\/2024\\\/07\\\/1649924693_140422_2-3.jpg\",\"contentUrl\":\"https:\\\/\\\/kt.gov.rs\\\/wp-content\\\/uploads\\\/2024\\\/07\\\/1649924693_140422_2-3.jpg\",\"width\":315,\"height\":230},{\"@type\":\"BreadcrumbList\",\"@id\":\"https:\\\/\\\/kt.gov.rs\\\/sq\\\/festivali-i-mini-basketbollit-nga-data-6-8-maj-ne-bujanoc\\\/#breadcrumb\",\"itemListElement\":[{\"@type\":\"ListItem\",\"position\":1,\"name\":\"\u041f\u043e\u0447\u0435\u0442\u043d\u0430\",\"item\":\"https:\\\/\\\/kt.gov.rs\\\/sq\\\/\"},{\"@type\":\"ListItem\",\"position\":2,\"name\":\"FESTIVALI I MINI BASKETBOLLIT NGA DATA 6-8 MAJ N\u00cb BUJANOC\"}]},{\"@type\":\"WebSite\",\"@id\":\"https:\\\/\\\/kt.gov.rs\\\/#website\",\"url\":\"https:\\\/\\\/kt.gov.rs\\\/\",\"name\":\"\u041a\u043e\u043e\u0440\u0434\u0438\u043d\u0430\u0446\u0438\u043e\u043d\u043e \u0442\u0435\u043b\u043e \u0412\u043b\u0430\u0434\u0435 \u0420\u0435\u043f\u0443\u0431\u043b\u0438\u043a\u0435 \u0421\u0440\u0431\u0438\u0458\u0435 \u0437\u0430 \u043e\u043f\u0448\u0442\u0438\u043d\u0435 \u041f\u0440\u0435\u0448\u0435\u0432\u043e, \u0411\u0443\u0458\u0430\u043d\u043e\u0432\u0430\u0446 \u0438 \u041c\u0435\u0434\u0432\u0435\u0452a\",\"description\":\"\",\"publisher\":{\"@id\":\"https:\\\/\\\/kt.gov.rs\\\/#organization\"},\"alternateName\":\"\u041a\u043e\u043e\u0440\u0434\u0438\u043d\u0430\u0446\u0438\u043e\u043d\u043e \u0442\u0435\u043b\u043e\",\"potentialAction\":[{\"@type\":\"SearchAction\",\"target\":{\"@type\":\"EntryPoint\",\"urlTemplate\":\"https:\\\/\\\/kt.gov.rs\\\/?s={search_term_string}\"},\"query-input\":{\"@type\":\"PropertyValueSpecification\",\"valueRequired\":true,\"valueName\":\"search_term_string\"}}],\"inLanguage\":\"sq-AL\"},{\"@type\":\"Organization\",\"@id\":\"https:\\\/\\\/kt.gov.rs\\\/#organization\",\"name\":\"\u041a\u043e\u043e\u0440\u0434\u0438\u043d\u0430\u0446\u0438\u043e\u043d\u043e \u0442\u0435\u043b\u043e \u0412\u043b\u0430\u0434\u0435 \u0420\u0435\u043f\u0443\u0431\u043b\u0438\u043a\u0435 \u0421\u0440\u0431\u0438\u0458\u0435 \u0437\u0430 \u043e\u043f\u0448\u0442\u0438\u043d\u0435 \u041f\u0440\u0435\u0448\u0435\u0432\u043e, \u0411\u0443\u0458\u0430\u043d\u043e\u0432\u0430\u0446 \u0438 \u041c\u0435\u0434\u0432\u0435\u0452a\",\"alternateName\":\"\u041a\u043e\u043e\u0440\u0434\u0438\u043d\u0430\u0446\u0438\u043e\u043d\u043e \u0442\u0435\u043b\u043e\",\"url\":\"https:\\\/\\\/kt.gov.rs\\\/\",\"logo\":{\"@type\":\"ImageObject\",\"inLanguage\":\"sq-AL\",\"@id\":\"https:\\\/\\\/kt.gov.rs\\\/#\\\/schema\\\/logo\\\/image\\\/\",\"url\":\"https:\\\/\\\/kt.gov.rs\\\/wp-content\\\/uploads\\\/2024\\\/12\\\/koord2.jpg\",\"contentUrl\":\"https:\\\/\\\/kt.gov.rs\\\/wp-content\\\/uploads\\\/2024\\\/12\\\/koord2.jpg\",\"width\":640,\"height\":480,\"caption\":\"\u041a\u043e\u043e\u0440\u0434\u0438\u043d\u0430\u0446\u0438\u043e\u043d\u043e \u0442\u0435\u043b\u043e \u0412\u043b\u0430\u0434\u0435 \u0420\u0435\u043f\u0443\u0431\u043b\u0438\u043a\u0435 \u0421\u0440\u0431\u0438\u0458\u0435 \u0437\u0430 \u043e\u043f\u0448\u0442\u0438\u043d\u0435 \u041f\u0440\u0435\u0448\u0435\u0432\u043e, \u0411\u0443\u0458\u0430\u043d\u043e\u0432\u0430\u0446 \u0438 \u041c\u0435\u0434\u0432\u0435\u0452a\"},\"image\":{\"@id\":\"https:\\\/\\\/kt.gov.rs\\\/#\\\/schema\\\/logo\\\/image\\\/\"},\"sameAs\":[\"https:\\\/\\\/www.facebook.com\\\/SluzbaKoordinacionogTelaVladeRepublikeSrbije\",\"https:\\\/\\\/x.com\\\/kt_gov\",\"https:\\\/\\\/www.youtube.com\\\/@koordinacionotelo\"]},{\"@type\":\"Person\",\"@id\":\"https:\\\/\\\/kt.gov.rs\\\/#\\\/schema\\\/person\\\/e426459ddb4173309103390602694571\",\"name\":\"ktmin\",\"image\":{\"@type\":\"ImageObject\",\"inLanguage\":\"sq-AL\",\"@id\":\"https:\\\/\\\/secure.gravatar.com\\\/avatar\\\/3985c961109853010c3fbc7ba30365bfba5db3dd6c525831d9c595c7525a615a?s=96&d=mm&r=g\",\"url\":\"https:\\\/\\\/secure.gravatar.com\\\/avatar\\\/3985c961109853010c3fbc7ba30365bfba5db3dd6c525831d9c595c7525a615a?s=96&d=mm&r=g\",\"contentUrl\":\"https:\\\/\\\/secure.gravatar.com\\\/avatar\\\/3985c961109853010c3fbc7ba30365bfba5db3dd6c525831d9c595c7525a615a?s=96&d=mm&r=g\",\"caption\":\"ktmin\"},\"sameAs\":[\"https:\\\/\\\/kt.gov.rs\"],\"url\":\"https:\\\/\\\/kt.gov.rs\\\/sq\\\/author\\\/ktmin\\\/\"}]}<\/script>\n<!-- \/ Yoast SEO plugin. -->","yoast_head_json":{"title":"FESTIVALI I MINI BASKETBOLLIT NGA DATA 6-8 MAJ N\u00cb BUJANOC - Republika e S\u00ebrbis\u00eb Trupi Koordinues p\u00ebr komunat Bujanoc, Preshev\u00eb dhe Medvegj\u00eb","robots":{"index":"index","follow":"follow","max-snippet":"max-snippet:-1","max-image-preview":"max-image-preview:large","max-video-preview":"max-video-preview:-1"},"canonical":"https:\/\/kt.gov.rs\/sq\/festivali-i-mini-basketbollit-nga-data-6-8-maj-ne-bujanoc\/","og_locale":"sq_AL","og_type":"article","og_title":"FESTIVALI I MINI BASKETBOLLIT NGA DATA 6-8 MAJ N\u00cb BUJANOC - Republika e S\u00ebrbis\u00eb Trupi Koordinues p\u00ebr komunat Bujanoc, Preshev\u00eb dhe Medvegj\u00eb","og_description":"Bujanoc-Beograd-\u00a0Festivali i dhjet\u00eb jubilar nd\u00ebrkomb\u00ebtar i mini basketbollit \u201cT\u00eb shp\u00ebtojm\u00eb f\u00ebmij\u00ebt\u201d do t\u00eb mbahet m\u00eb 6, 7 dhe 8 maj n\u00eb Pallatin e Sporteve t\u00eb Bujanocit \u201cMlladost\u201d. N\u00eb manifestimin m\u00eb masiv n\u00eb komun\u00ebn e Bujanocit do t\u00eb marrin pjes\u00eb f\u00ebmij\u00eb nga Serbia...","og_url":"https:\/\/kt.gov.rs\/sq\/festivali-i-mini-basketbollit-nga-data-6-8-maj-ne-bujanoc\/","og_site_name":"Republika e S\u00ebrbis\u00eb Trupi Koordinues p\u00ebr komunat Bujanoc, Preshev\u00eb dhe Medvegj\u00eb","article_publisher":"https:\/\/www.facebook.com\/SluzbaKoordinacionogTelaVladeRepublikeSrbije","article_published_time":"2022-04-14T00:00:00+00:00","article_modified_time":"2024-07-30T17:57:11+00:00","og_image":[{"width":315,"height":230,"url":"https:\/\/kt.gov.rs\/wp-content\/uploads\/2024\/07\/1649924693_140422_2-3.jpg","type":"image\/jpeg"}],"author":"ktmin","twitter_card":"summary_large_image","twitter_creator":"@kt_gov","twitter_site":"@kt_gov","twitter_misc":{"Written by":"ktmin","Est. reading time":"3 minutes"},"schema":{"@context":"https:\/\/schema.org","@graph":[{"@type":"Article","@id":"https:\/\/kt.gov.rs\/sq\/festivali-i-mini-basketbollit-nga-data-6-8-maj-ne-bujanoc\/#article","isPartOf":{"@id":"https:\/\/kt.gov.rs\/sq\/festivali-i-mini-basketbollit-nga-data-6-8-maj-ne-bujanoc\/"},"author":{"name":"ktmin","@id":"https:\/\/kt.gov.rs\/#\/schema\/person\/e426459ddb4173309103390602694571"},"headline":"FESTIVALI I MINI BASKETBOLLIT NGA DATA 6-8 MAJ N\u00cb BUJANOC","datePublished":"2022-04-14T00:00:00+00:00","dateModified":"2024-07-30T17:57:11+00:00","mainEntityOfPage":{"@id":"https:\/\/kt.gov.rs\/sq\/festivali-i-mini-basketbollit-nga-data-6-8-maj-ne-bujanoc\/"},"wordCount":638,"publisher":{"@id":"https:\/\/kt.gov.rs\/#organization"},"image":{"@id":"https:\/\/kt.gov.rs\/sq\/festivali-i-mini-basketbollit-nga-data-6-8-maj-ne-bujanoc\/#primaryimage"},"thumbnailUrl":"https:\/\/kt.gov.rs\/wp-content\/uploads\/2024\/07\/1649924693_140422_2-3.jpg","articleSection":["Lajme"],"inLanguage":"sq-AL"},{"@type":"WebPage","@id":"https:\/\/kt.gov.rs\/sq\/festivali-i-mini-basketbollit-nga-data-6-8-maj-ne-bujanoc\/","url":"https:\/\/kt.gov.rs\/sq\/festivali-i-mini-basketbollit-nga-data-6-8-maj-ne-bujanoc\/","name":"FESTIVALI I MINI BASKETBOLLIT NGA DATA 6-8 MAJ N\u00cb BUJANOC - Republika e S\u00ebrbis\u00eb Trupi Koordinues p\u00ebr komunat Bujanoc, Preshev\u00eb dhe Medvegj\u00eb","isPartOf":{"@id":"https:\/\/kt.gov.rs\/#website"},"primaryImageOfPage":{"@id":"https:\/\/kt.gov.rs\/sq\/festivali-i-mini-basketbollit-nga-data-6-8-maj-ne-bujanoc\/#primaryimage"},"image":{"@id":"https:\/\/kt.gov.rs\/sq\/festivali-i-mini-basketbollit-nga-data-6-8-maj-ne-bujanoc\/#primaryimage"},"thumbnailUrl":"https:\/\/kt.gov.rs\/wp-content\/uploads\/2024\/07\/1649924693_140422_2-3.jpg","datePublished":"2022-04-14T00:00:00+00:00","dateModified":"2024-07-30T17:57:11+00:00","breadcrumb":{"@id":"https:\/\/kt.gov.rs\/sq\/festivali-i-mini-basketbollit-nga-data-6-8-maj-ne-bujanoc\/#breadcrumb"},"inLanguage":"sq-AL","potentialAction":[{"@type":"ReadAction","target":["https:\/\/kt.gov.rs\/sq\/festivali-i-mini-basketbollit-nga-data-6-8-maj-ne-bujanoc\/"]}]},{"@type":"ImageObject","inLanguage":"sq-AL","@id":"https:\/\/kt.gov.rs\/sq\/festivali-i-mini-basketbollit-nga-data-6-8-maj-ne-bujanoc\/#primaryimage","url":"https:\/\/kt.gov.rs\/wp-content\/uploads\/2024\/07\/1649924693_140422_2-3.jpg","contentUrl":"https:\/\/kt.gov.rs\/wp-content\/uploads\/2024\/07\/1649924693_140422_2-3.jpg","width":315,"height":230},{"@type":"BreadcrumbList","@id":"https:\/\/kt.gov.rs\/sq\/festivali-i-mini-basketbollit-nga-data-6-8-maj-ne-bujanoc\/#breadcrumb","itemListElement":[{"@type":"ListItem","position":1,"name":"\u041f\u043e\u0447\u0435\u0442\u043d\u0430","item":"https:\/\/kt.gov.rs\/sq\/"},{"@type":"ListItem","position":2,"name":"FESTIVALI I MINI BASKETBOLLIT NGA DATA 6-8 MAJ N\u00cb BUJANOC"}]},{"@type":"WebSite","@id":"https:\/\/kt.gov.rs\/#website","url":"https:\/\/kt.gov.rs\/","name":"\u041a\u043e\u043e\u0440\u0434\u0438\u043d\u0430\u0446\u0438\u043e\u043d\u043e \u0442\u0435\u043b\u043e \u0412\u043b\u0430\u0434\u0435 \u0420\u0435\u043f\u0443\u0431\u043b\u0438\u043a\u0435 \u0421\u0440\u0431\u0438\u0458\u0435 \u0437\u0430 \u043e\u043f\u0448\u0442\u0438\u043d\u0435 \u041f\u0440\u0435\u0448\u0435\u0432\u043e, \u0411\u0443\u0458\u0430\u043d\u043e\u0432\u0430\u0446 \u0438 \u041c\u0435\u0434\u0432\u0435\u0452a","description":"","publisher":{"@id":"https:\/\/kt.gov.rs\/#organization"},"alternateName":"\u041a\u043e\u043e\u0440\u0434\u0438\u043d\u0430\u0446\u0438\u043e\u043d\u043e \u0442\u0435\u043b\u043e","potentialAction":[{"@type":"SearchAction","target":{"@type":"EntryPoint","urlTemplate":"https:\/\/kt.gov.rs\/?s={search_term_string}"},"query-input":{"@type":"PropertyValueSpecification","valueRequired":true,"valueName":"search_term_string"}}],"inLanguage":"sq-AL"},{"@type":"Organization","@id":"https:\/\/kt.gov.rs\/#organization","name":"\u041a\u043e\u043e\u0440\u0434\u0438\u043d\u0430\u0446\u0438\u043e\u043d\u043e \u0442\u0435\u043b\u043e \u0412\u043b\u0430\u0434\u0435 \u0420\u0435\u043f\u0443\u0431\u043b\u0438\u043a\u0435 \u0421\u0440\u0431\u0438\u0458\u0435 \u0437\u0430 \u043e\u043f\u0448\u0442\u0438\u043d\u0435 \u041f\u0440\u0435\u0448\u0435\u0432\u043e, \u0411\u0443\u0458\u0430\u043d\u043e\u0432\u0430\u0446 \u0438 \u041c\u0435\u0434\u0432\u0435\u0452a","alternateName":"\u041a\u043e\u043e\u0440\u0434\u0438\u043d\u0430\u0446\u0438\u043e\u043d\u043e \u0442\u0435\u043b\u043e","url":"https:\/\/kt.gov.rs\/","logo":{"@type":"ImageObject","inLanguage":"sq-AL","@id":"https:\/\/kt.gov.rs\/#\/schema\/logo\/image\/","url":"https:\/\/kt.gov.rs\/wp-content\/uploads\/2024\/12\/koord2.jpg","contentUrl":"https:\/\/kt.gov.rs\/wp-content\/uploads\/2024\/12\/koord2.jpg","width":640,"height":480,"caption":"\u041a\u043e\u043e\u0440\u0434\u0438\u043d\u0430\u0446\u0438\u043e\u043d\u043e \u0442\u0435\u043b\u043e \u0412\u043b\u0430\u0434\u0435 \u0420\u0435\u043f\u0443\u0431\u043b\u0438\u043a\u0435 \u0421\u0440\u0431\u0438\u0458\u0435 \u0437\u0430 \u043e\u043f\u0448\u0442\u0438\u043d\u0435 \u041f\u0440\u0435\u0448\u0435\u0432\u043e, \u0411\u0443\u0458\u0430\u043d\u043e\u0432\u0430\u0446 \u0438 \u041c\u0435\u0434\u0432\u0435\u0452a"},"image":{"@id":"https:\/\/kt.gov.rs\/#\/schema\/logo\/image\/"},"sameAs":["https:\/\/www.facebook.com\/SluzbaKoordinacionogTelaVladeRepublikeSrbije","https:\/\/x.com\/kt_gov","https:\/\/www.youtube.com\/@koordinacionotelo"]},{"@type":"Person","@id":"https:\/\/kt.gov.rs\/#\/schema\/person\/e426459ddb4173309103390602694571","name":"ktmin","image":{"@type":"ImageObject","inLanguage":"sq-AL","@id":"https:\/\/secure.gravatar.com\/avatar\/3985c961109853010c3fbc7ba30365bfba5db3dd6c525831d9c595c7525a615a?s=96&d=mm&r=g","url":"https:\/\/secure.gravatar.com\/avatar\/3985c961109853010c3fbc7ba30365bfba5db3dd6c525831d9c595c7525a615a?s=96&d=mm&r=g","contentUrl":"https:\/\/secure.gravatar.com\/avatar\/3985c961109853010c3fbc7ba30365bfba5db3dd6c525831d9c595c7525a615a?s=96&d=mm&r=g","caption":"ktmin"},"sameAs":["https:\/\/kt.gov.rs"],"url":"https:\/\/kt.gov.rs\/sq\/author\/ktmin\/"}]}},"_links":{"self":[{"href":"https:\/\/kt.gov.rs\/sq\/wp-json\/wp\/v2\/posts\/107810","targetHints":{"allow":["GET"]}}],"collection":[{"href":"https:\/\/kt.gov.rs\/sq\/wp-json\/wp\/v2\/posts"}],"about":[{"href":"https:\/\/kt.gov.rs\/sq\/wp-json\/wp\/v2\/types\/post"}],"author":[{"embeddable":true,"href":"https:\/\/kt.gov.rs\/sq\/wp-json\/wp\/v2\/users\/1"}],"replies":[{"embeddable":true,"href":"https:\/\/kt.gov.rs\/sq\/wp-json\/wp\/v2\/comments?post=107810"}],"version-history":[{"count":1,"href":"https:\/\/kt.gov.rs\/sq\/wp-json\/wp\/v2\/posts\/107810\/revisions"}],"predecessor-version":[{"id":107814,"href":"https:\/\/kt.gov.rs\/sq\/wp-json\/wp\/v2\/posts\/107810\/revisions\/107814"}],"wp:featuredmedia":[{"embeddable":true,"href":"https:\/\/kt.gov.rs\/sq\/wp-json\/wp\/v2\/media\/107815"}],"wp:attachment":[{"href":"https:\/\/kt.gov.rs\/sq\/wp-json\/wp\/v2\/media?parent=107810"}],"wp:term":[{"taxonomy":"category","embeddable":true,"href":"https:\/\/kt.gov.rs\/sq\/wp-json\/wp\/v2\/categories?post=107810"},{"taxonomy":"post_tag","embeddable":true,"href":"https:\/\/kt.gov.rs\/sq\/wp-json\/wp\/v2\/tags?post=107810"}],"curies":[{"name":"wp","href":"https:\/\/api.w.org\/{rel}","templated":true}]}}