{"id":107682,"date":"2022-04-29T00:00:00","date_gmt":"2022-04-29T00:00:00","guid":{"rendered":"http:\/\/kt.printandscreen.rs\/posta-kerkon-bartes-te-dergesave-shofere-punonjes-sporteli-postiere\/"},"modified":"2024-07-30T17:56:59","modified_gmt":"2024-07-30T17:56:59","slug":"posta-kerkon-bartes-te-dergesave-shofere-punonjes-sporteli-postiere","status":"publish","type":"post","link":"https:\/\/kt.gov.rs\/sq\/posta-kerkon-bartes-te-dergesave-shofere-punonjes-sporteli-postiere\/","title":{"rendered":"POSTA K\u00cbRKON BART\u00cbS T\u00cb D\u00cbRGESAVE, SHOFER\u00cb,PUNONJ\u00cbS SPORTELI,POSTIER\u00cb"},"content":{"rendered":"<p>\n\t<strong><img decoding=\"async\" alt=\"\" src=\"https:\/\/kt.gov.rs\/wp-content\/uploads\/2024\/07\/1651224425_290422_1-2.jpg\" style=\"width: 315px; height: 230px; float: left;\" \/><\/strong><\/p>\n<p>\n\t<strong>Bujanoc- Beograd-\u00a0 <\/strong>Posta e Serbis\u00eb m\u00eb 4 maj do t\u00eb hap\u00eb konkursin e p\u00ebrhersh\u00ebm publik p\u00ebr pun\u00ebsimin e shofer\u00ebve, postier\u00ebve, bart\u00ebs t\u00eb d\u00ebrgesave dhe punonj\u00ebsve n\u00eb sportel n\u00eb t\u00ebr\u00eb Republik\u00ebn e Serbis\u00eb, gj\u00eb q\u00eb mund t\u00eb jet\u00eb mund\u00ebsi p\u00ebr pun\u00ebsim n\u00eb Post\u00ebn e Bujanocit, e cila ka pasur munges\u00eb t\u00eb pun\u00ebtor\u00ebve p\u00ebr nj\u00eb koh\u00eb t\u00eb gjat\u00eb.<\/p>\n<p>\n\tKandidat\u00ebt e interesuar nga e gjith\u00eb Serbia mund t\u00eb aplikojn\u00eb p\u00ebr k\u00ebto vende pune n\u00eb ekspoziturat lokale, n\u00eb nj\u00eb procedur\u00eb t\u00eb thjesht\u00eb online, dhe t\u00eb gjitha aplikimet do t\u00eb shqyrtohen dhe trajtohen me kujdes, njofton Posta e Serbis\u00eb.<\/p>\n<p>\n\tN\u00eb fillim t\u00eb muajit mars u konfirmua se n\u00eb post\u00ebn e Bujanocit mungonin pun\u00ebtor\u00ebt, kur postier\u00ebt anemban\u00eb Serbis\u00eb dol\u00ebn n\u00eb grev\u00eb.<\/p>\n<p>\n\tPosta e Serbis\u00eb tani njofton se konkursi po hapet p\u00ebr shkak t\u00eb zgjerimit t\u00eb gam\u00ebs s\u00eb sh\u00ebrbimeve dhe zhvillimit t\u00eb rrjetit t\u00eb deg\u00ebve dhe nevoj\u00ebs s\u00eb ndjeshme p\u00ebr pun\u00ebtor\u00eb.<\/p>\n<p>\n\tKandidat\u00ebt e p\u00ebrzgjedhur n\u00eb list\u00ebn e ngusht\u00eb do t\u00eb ftohen n\u00eb p\u00ebrzgjedhjen profesionale.<\/p>\n<p>\n\tT\u00eb gjitha kushtet e konkursit dhe formulari i aplikimit do t\u00eb jen\u00eb n\u00eb dispozicion n\u00eb faqen e Post\u00ebs s\u00eb Serbis\u00eb, n\u00eb faqen e ve\u00e7ant\u00eb .<\/p>\n<p>\n\t\u2013 Kjo faqe do t\u00eb mbetet vazhdimisht aktive dhe do t\u2019u sh\u00ebrbej\u00eb nevojave t\u00eb ardhshme p\u00ebr shpallje dhe informim p\u00ebr mund\u00ebsit\u00eb e hapura t\u00eb pun\u00ebsimit, si dhe vazhdimisht do t\u00eb jet\u00eb e hapur p\u00ebr aplikim t\u00eb vazhduesh\u00ebm t\u00eb kandidat\u00ebve t\u00eb interesuar p\u00ebr t\u00eb punuar n\u00eb Post\u00ebn e Serbis\u00eb, aplikimet e t\u00eb cil\u00ebve do t\u00eb shqyrtohen sipas nevojave aktuale.<\/p>\n<p>\n\tPosta e Serbis\u00eb rikujton se \u00ebsht\u00eb nd\u00ebr kompanit\u00eb publike m\u00eb t\u00eb vjetra dhe m\u00eb t\u00eb m\u00ebdha n\u00eb Serbi, stafi i s\u00eb cil\u00ebs ka rreth 15 mij\u00eb t\u00eb pun\u00ebsuar.<\/p>\n<p>\n\t-P\u00ebrve\u00e7 afarizmit t\u00eb q\u00ebndruesh\u00ebm dhe t\u00eb suksessh\u00ebm, Posta e Serbis\u00eb \u00ebsht\u00eb nj\u00eb pun\u00ebdh\u00ebn\u00ebs t\u00ebrheq\u00ebs, i besuesh\u00ebm dhe i p\u00ebrgjegjsh\u00ebm, e cila e nd\u00ebrton suksesin afarist n\u00eb cil\u00ebsin\u00eb e burimeve njer\u00ebzore, inovacionit dhe talentit, por edhe nj\u00eb strategji afatgjat\u00eb p\u00ebr t\u00eb t\u00ebrhequr dhe mbajtur kandidat\u00ebt m\u00eb t\u00eb mir\u00eb dhe q\u00eb s\u00eb bashku me pun\u00ebtor\u00ebt t\u00eb ngritemi dhe t\u00eb zhvillohemi edhe m\u00eb tej, thuhet n\u00eb njoftimin e Post\u00ebs s\u00eb Serbis\u00eb.<\/p>\n<p>\n\t<strong>Burimet:Bujanovaqke,Trupi Koordinues.<\/strong><\/p>\n<p>\n\t\u00a0<\/p>\n","protected":false},"excerpt":{"rendered":"<p>Bujanoc- Beograd-\u00a0\u00a0Posta e Serbis\u00eb m\u00eb 4 maj do t\u00eb hap\u00eb konkursin e p\u00ebrhersh\u00ebm publik p\u00ebr pun\u00ebsimin e shofer\u00ebve, postier\u00ebve, bart\u00ebs t\u00eb d\u00ebrgesave dhe punonj\u00ebsve n\u00eb sportel n\u00eb t\u00ebr\u00eb Republik\u00ebn e Serbis\u00eb, gj\u00eb q\u00eb mund t\u00eb jet\u00eb mund\u00ebsi p\u00ebr pun\u00ebsim n\u00eb Post\u00ebn e Bujanocit, e cila ka pasur munges\u00eb t\u00eb pun\u00ebtor\u00ebve p\u00ebr nj\u00eb koh\u00eb t\u00eb gjat\u00eb.<\/p>\n","protected":false},"author":1,"featured_media":107687,"comment_status":"closed","ping_status":"closed","sticky":false,"template":"","format":"standard","meta":{"footnotes":""},"categories":[55],"tags":[],"class_list":["post-107682","post","type-post","status-publish","format-standard","has-post-thumbnail","hentry","category-lajme"],"yoast_head":"<!-- This site is optimized with the Yoast SEO plugin v27.5 - https:\/\/yoast.com\/product\/yoast-seo-wordpress\/ -->\n<title>POSTA K\u00cbRKON BART\u00cbS T\u00cb D\u00cbRGESAVE, SHOFER\u00cb,PUNONJ\u00cbS SPORTELI,POSTIER\u00cb - Republika e S\u00ebrbis\u00eb Trupi Koordinues p\u00ebr komunat Bujanoc, Preshev\u00eb dhe Medvegj\u00eb<\/title>\n<meta name=\"robots\" content=\"index, follow, max-snippet:-1, max-image-preview:large, max-video-preview:-1\" \/>\n<link rel=\"canonical\" href=\"https:\/\/kt.gov.rs\/sq\/posta-kerkon-bartes-te-dergesave-shofere-punonjes-sporteli-postiere\/\" \/>\n<meta property=\"og:locale\" content=\"sq_AL\" \/>\n<meta property=\"og:type\" content=\"article\" \/>\n<meta property=\"og:title\" content=\"POSTA K\u00cbRKON BART\u00cbS T\u00cb D\u00cbRGESAVE, SHOFER\u00cb,PUNONJ\u00cbS SPORTELI,POSTIER\u00cb - Republika e S\u00ebrbis\u00eb Trupi Koordinues p\u00ebr komunat Bujanoc, Preshev\u00eb dhe Medvegj\u00eb\" \/>\n<meta property=\"og:description\" content=\"Bujanoc- Beograd-\u00a0\u00a0Posta e Serbis\u00eb m\u00eb 4 maj do t\u00eb hap\u00eb konkursin e p\u00ebrhersh\u00ebm publik p\u00ebr pun\u00ebsimin e shofer\u00ebve, postier\u00ebve, bart\u00ebs t\u00eb d\u00ebrgesave dhe punonj\u00ebsve n\u00eb sportel n\u00eb t\u00ebr\u00eb Republik\u00ebn e Serbis\u00eb, gj\u00eb q\u00eb mund t\u00eb jet\u00eb mund\u00ebsi p\u00ebr pun\u00ebsim n\u00eb Post\u00ebn e Bujanocit, e cila ka pasur munges\u00eb t\u00eb pun\u00ebtor\u00ebve p\u00ebr nj\u00eb koh\u00eb t\u00eb gjat\u00eb.\" \/>\n<meta property=\"og:url\" content=\"https:\/\/kt.gov.rs\/sq\/posta-kerkon-bartes-te-dergesave-shofere-punonjes-sporteli-postiere\/\" \/>\n<meta property=\"og:site_name\" content=\"Republika e S\u00ebrbis\u00eb Trupi Koordinues p\u00ebr komunat Bujanoc, Preshev\u00eb dhe Medvegj\u00eb\" \/>\n<meta property=\"article:publisher\" content=\"https:\/\/www.facebook.com\/SluzbaKoordinacionogTelaVladeRepublikeSrbije\" \/>\n<meta property=\"article:published_time\" content=\"2022-04-29T00:00:00+00:00\" \/>\n<meta property=\"article:modified_time\" content=\"2024-07-30T17:56:59+00:00\" \/>\n<meta property=\"og:image\" content=\"https:\/\/kt.gov.rs\/wp-content\/uploads\/2024\/07\/1651224425_290422_1-3.jpg\" \/>\n\t<meta property=\"og:image:width\" content=\"315\" \/>\n\t<meta property=\"og:image:height\" content=\"230\" \/>\n\t<meta property=\"og:image:type\" content=\"image\/jpeg\" \/>\n<meta name=\"author\" content=\"ktmin\" \/>\n<meta name=\"twitter:card\" content=\"summary_large_image\" \/>\n<meta name=\"twitter:creator\" content=\"@kt_gov\" \/>\n<meta name=\"twitter:site\" content=\"@kt_gov\" \/>\n<meta name=\"twitter:label1\" content=\"Written by\" \/>\n\t<meta name=\"twitter:data1\" content=\"ktmin\" \/>\n\t<meta name=\"twitter:label2\" content=\"Est. reading time\" \/>\n\t<meta name=\"twitter:data2\" content=\"3 minutes\" \/>\n<script type=\"application\/ld+json\" class=\"yoast-schema-graph\">{\"@context\":\"https:\\\/\\\/schema.org\",\"@graph\":[{\"@type\":\"Article\",\"@id\":\"https:\\\/\\\/kt.gov.rs\\\/sq\\\/posta-kerkon-bartes-te-dergesave-shofere-punonjes-sporteli-postiere\\\/#article\",\"isPartOf\":{\"@id\":\"https:\\\/\\\/kt.gov.rs\\\/sq\\\/posta-kerkon-bartes-te-dergesave-shofere-punonjes-sporteli-postiere\\\/\"},\"author\":{\"name\":\"ktmin\",\"@id\":\"https:\\\/\\\/kt.gov.rs\\\/#\\\/schema\\\/person\\\/e426459ddb4173309103390602694571\"},\"headline\":\"POSTA K\u00cbRKON BART\u00cbS T\u00cb D\u00cbRGESAVE, SHOFER\u00cb,PUNONJ\u00cbS SPORTELI,POSTIER\u00cb\",\"datePublished\":\"2022-04-29T00:00:00+00:00\",\"dateModified\":\"2024-07-30T17:56:59+00:00\",\"mainEntityOfPage\":{\"@id\":\"https:\\\/\\\/kt.gov.rs\\\/sq\\\/posta-kerkon-bartes-te-dergesave-shofere-punonjes-sporteli-postiere\\\/\"},\"wordCount\":614,\"publisher\":{\"@id\":\"https:\\\/\\\/kt.gov.rs\\\/#organization\"},\"image\":{\"@id\":\"https:\\\/\\\/kt.gov.rs\\\/sq\\\/posta-kerkon-bartes-te-dergesave-shofere-punonjes-sporteli-postiere\\\/#primaryimage\"},\"thumbnailUrl\":\"https:\\\/\\\/kt.gov.rs\\\/wp-content\\\/uploads\\\/2024\\\/07\\\/1651224425_290422_1-3.jpg\",\"articleSection\":[\"Lajme\"],\"inLanguage\":\"sq-AL\"},{\"@type\":\"WebPage\",\"@id\":\"https:\\\/\\\/kt.gov.rs\\\/sq\\\/posta-kerkon-bartes-te-dergesave-shofere-punonjes-sporteli-postiere\\\/\",\"url\":\"https:\\\/\\\/kt.gov.rs\\\/sq\\\/posta-kerkon-bartes-te-dergesave-shofere-punonjes-sporteli-postiere\\\/\",\"name\":\"POSTA K\u00cbRKON BART\u00cbS T\u00cb D\u00cbRGESAVE, SHOFER\u00cb,PUNONJ\u00cbS SPORTELI,POSTIER\u00cb - Republika e S\u00ebrbis\u00eb Trupi Koordinues p\u00ebr komunat Bujanoc, Preshev\u00eb dhe Medvegj\u00eb\",\"isPartOf\":{\"@id\":\"https:\\\/\\\/kt.gov.rs\\\/#website\"},\"primaryImageOfPage\":{\"@id\":\"https:\\\/\\\/kt.gov.rs\\\/sq\\\/posta-kerkon-bartes-te-dergesave-shofere-punonjes-sporteli-postiere\\\/#primaryimage\"},\"image\":{\"@id\":\"https:\\\/\\\/kt.gov.rs\\\/sq\\\/posta-kerkon-bartes-te-dergesave-shofere-punonjes-sporteli-postiere\\\/#primaryimage\"},\"thumbnailUrl\":\"https:\\\/\\\/kt.gov.rs\\\/wp-content\\\/uploads\\\/2024\\\/07\\\/1651224425_290422_1-3.jpg\",\"datePublished\":\"2022-04-29T00:00:00+00:00\",\"dateModified\":\"2024-07-30T17:56:59+00:00\",\"breadcrumb\":{\"@id\":\"https:\\\/\\\/kt.gov.rs\\\/sq\\\/posta-kerkon-bartes-te-dergesave-shofere-punonjes-sporteli-postiere\\\/#breadcrumb\"},\"inLanguage\":\"sq-AL\",\"potentialAction\":[{\"@type\":\"ReadAction\",\"target\":[\"https:\\\/\\\/kt.gov.rs\\\/sq\\\/posta-kerkon-bartes-te-dergesave-shofere-punonjes-sporteli-postiere\\\/\"]}]},{\"@type\":\"ImageObject\",\"inLanguage\":\"sq-AL\",\"@id\":\"https:\\\/\\\/kt.gov.rs\\\/sq\\\/posta-kerkon-bartes-te-dergesave-shofere-punonjes-sporteli-postiere\\\/#primaryimage\",\"url\":\"https:\\\/\\\/kt.gov.rs\\\/wp-content\\\/uploads\\\/2024\\\/07\\\/1651224425_290422_1-3.jpg\",\"contentUrl\":\"https:\\\/\\\/kt.gov.rs\\\/wp-content\\\/uploads\\\/2024\\\/07\\\/1651224425_290422_1-3.jpg\",\"width\":315,\"height\":230},{\"@type\":\"BreadcrumbList\",\"@id\":\"https:\\\/\\\/kt.gov.rs\\\/sq\\\/posta-kerkon-bartes-te-dergesave-shofere-punonjes-sporteli-postiere\\\/#breadcrumb\",\"itemListElement\":[{\"@type\":\"ListItem\",\"position\":1,\"name\":\"\u041f\u043e\u0447\u0435\u0442\u043d\u0430\",\"item\":\"https:\\\/\\\/kt.gov.rs\\\/sq\\\/\"},{\"@type\":\"ListItem\",\"position\":2,\"name\":\"POSTA K\u00cbRKON BART\u00cbS T\u00cb D\u00cbRGESAVE, SHOFER\u00cb,PUNONJ\u00cbS SPORTELI,POSTIER\u00cb\"}]},{\"@type\":\"WebSite\",\"@id\":\"https:\\\/\\\/kt.gov.rs\\\/#website\",\"url\":\"https:\\\/\\\/kt.gov.rs\\\/\",\"name\":\"\u041a\u043e\u043e\u0440\u0434\u0438\u043d\u0430\u0446\u0438\u043e\u043d\u043e \u0442\u0435\u043b\u043e \u0412\u043b\u0430\u0434\u0435 \u0420\u0435\u043f\u0443\u0431\u043b\u0438\u043a\u0435 \u0421\u0440\u0431\u0438\u0458\u0435 \u0437\u0430 \u043e\u043f\u0448\u0442\u0438\u043d\u0435 \u041f\u0440\u0435\u0448\u0435\u0432\u043e, \u0411\u0443\u0458\u0430\u043d\u043e\u0432\u0430\u0446 \u0438 \u041c\u0435\u0434\u0432\u0435\u0452a\",\"description\":\"\",\"publisher\":{\"@id\":\"https:\\\/\\\/kt.gov.rs\\\/#organization\"},\"alternateName\":\"\u041a\u043e\u043e\u0440\u0434\u0438\u043d\u0430\u0446\u0438\u043e\u043d\u043e \u0442\u0435\u043b\u043e\",\"potentialAction\":[{\"@type\":\"SearchAction\",\"target\":{\"@type\":\"EntryPoint\",\"urlTemplate\":\"https:\\\/\\\/kt.gov.rs\\\/?s={search_term_string}\"},\"query-input\":{\"@type\":\"PropertyValueSpecification\",\"valueRequired\":true,\"valueName\":\"search_term_string\"}}],\"inLanguage\":\"sq-AL\"},{\"@type\":\"Organization\",\"@id\":\"https:\\\/\\\/kt.gov.rs\\\/#organization\",\"name\":\"\u041a\u043e\u043e\u0440\u0434\u0438\u043d\u0430\u0446\u0438\u043e\u043d\u043e \u0442\u0435\u043b\u043e \u0412\u043b\u0430\u0434\u0435 \u0420\u0435\u043f\u0443\u0431\u043b\u0438\u043a\u0435 \u0421\u0440\u0431\u0438\u0458\u0435 \u0437\u0430 \u043e\u043f\u0448\u0442\u0438\u043d\u0435 \u041f\u0440\u0435\u0448\u0435\u0432\u043e, \u0411\u0443\u0458\u0430\u043d\u043e\u0432\u0430\u0446 \u0438 \u041c\u0435\u0434\u0432\u0435\u0452a\",\"alternateName\":\"\u041a\u043e\u043e\u0440\u0434\u0438\u043d\u0430\u0446\u0438\u043e\u043d\u043e \u0442\u0435\u043b\u043e\",\"url\":\"https:\\\/\\\/kt.gov.rs\\\/\",\"logo\":{\"@type\":\"ImageObject\",\"inLanguage\":\"sq-AL\",\"@id\":\"https:\\\/\\\/kt.gov.rs\\\/#\\\/schema\\\/logo\\\/image\\\/\",\"url\":\"https:\\\/\\\/kt.gov.rs\\\/wp-content\\\/uploads\\\/2024\\\/12\\\/koord2.jpg\",\"contentUrl\":\"https:\\\/\\\/kt.gov.rs\\\/wp-content\\\/uploads\\\/2024\\\/12\\\/koord2.jpg\",\"width\":640,\"height\":480,\"caption\":\"\u041a\u043e\u043e\u0440\u0434\u0438\u043d\u0430\u0446\u0438\u043e\u043d\u043e \u0442\u0435\u043b\u043e \u0412\u043b\u0430\u0434\u0435 \u0420\u0435\u043f\u0443\u0431\u043b\u0438\u043a\u0435 \u0421\u0440\u0431\u0438\u0458\u0435 \u0437\u0430 \u043e\u043f\u0448\u0442\u0438\u043d\u0435 \u041f\u0440\u0435\u0448\u0435\u0432\u043e, \u0411\u0443\u0458\u0430\u043d\u043e\u0432\u0430\u0446 \u0438 \u041c\u0435\u0434\u0432\u0435\u0452a\"},\"image\":{\"@id\":\"https:\\\/\\\/kt.gov.rs\\\/#\\\/schema\\\/logo\\\/image\\\/\"},\"sameAs\":[\"https:\\\/\\\/www.facebook.com\\\/SluzbaKoordinacionogTelaVladeRepublikeSrbije\",\"https:\\\/\\\/x.com\\\/kt_gov\",\"https:\\\/\\\/www.youtube.com\\\/@koordinacionotelo\"]},{\"@type\":\"Person\",\"@id\":\"https:\\\/\\\/kt.gov.rs\\\/#\\\/schema\\\/person\\\/e426459ddb4173309103390602694571\",\"name\":\"ktmin\",\"image\":{\"@type\":\"ImageObject\",\"inLanguage\":\"sq-AL\",\"@id\":\"https:\\\/\\\/secure.gravatar.com\\\/avatar\\\/3985c961109853010c3fbc7ba30365bfba5db3dd6c525831d9c595c7525a615a?s=96&d=mm&r=g\",\"url\":\"https:\\\/\\\/secure.gravatar.com\\\/avatar\\\/3985c961109853010c3fbc7ba30365bfba5db3dd6c525831d9c595c7525a615a?s=96&d=mm&r=g\",\"contentUrl\":\"https:\\\/\\\/secure.gravatar.com\\\/avatar\\\/3985c961109853010c3fbc7ba30365bfba5db3dd6c525831d9c595c7525a615a?s=96&d=mm&r=g\",\"caption\":\"ktmin\"},\"sameAs\":[\"https:\\\/\\\/kt.gov.rs\"],\"url\":\"https:\\\/\\\/kt.gov.rs\\\/sq\\\/author\\\/ktmin\\\/\"}]}<\/script>\n<!-- \/ Yoast SEO plugin. -->","yoast_head_json":{"title":"POSTA K\u00cbRKON BART\u00cbS T\u00cb D\u00cbRGESAVE, SHOFER\u00cb,PUNONJ\u00cbS SPORTELI,POSTIER\u00cb - Republika e S\u00ebrbis\u00eb Trupi Koordinues p\u00ebr komunat Bujanoc, Preshev\u00eb dhe Medvegj\u00eb","robots":{"index":"index","follow":"follow","max-snippet":"max-snippet:-1","max-image-preview":"max-image-preview:large","max-video-preview":"max-video-preview:-1"},"canonical":"https:\/\/kt.gov.rs\/sq\/posta-kerkon-bartes-te-dergesave-shofere-punonjes-sporteli-postiere\/","og_locale":"sq_AL","og_type":"article","og_title":"POSTA K\u00cbRKON BART\u00cbS T\u00cb D\u00cbRGESAVE, SHOFER\u00cb,PUNONJ\u00cbS SPORTELI,POSTIER\u00cb - Republika e S\u00ebrbis\u00eb Trupi Koordinues p\u00ebr komunat Bujanoc, Preshev\u00eb dhe Medvegj\u00eb","og_description":"Bujanoc- Beograd-\u00a0\u00a0Posta e Serbis\u00eb m\u00eb 4 maj do t\u00eb hap\u00eb konkursin e p\u00ebrhersh\u00ebm publik p\u00ebr pun\u00ebsimin e shofer\u00ebve, postier\u00ebve, bart\u00ebs t\u00eb d\u00ebrgesave dhe punonj\u00ebsve n\u00eb sportel n\u00eb t\u00ebr\u00eb Republik\u00ebn e Serbis\u00eb, gj\u00eb q\u00eb mund t\u00eb jet\u00eb mund\u00ebsi p\u00ebr pun\u00ebsim n\u00eb Post\u00ebn e Bujanocit, e cila ka pasur munges\u00eb t\u00eb pun\u00ebtor\u00ebve p\u00ebr nj\u00eb koh\u00eb t\u00eb gjat\u00eb.","og_url":"https:\/\/kt.gov.rs\/sq\/posta-kerkon-bartes-te-dergesave-shofere-punonjes-sporteli-postiere\/","og_site_name":"Republika e S\u00ebrbis\u00eb Trupi Koordinues p\u00ebr komunat Bujanoc, Preshev\u00eb dhe Medvegj\u00eb","article_publisher":"https:\/\/www.facebook.com\/SluzbaKoordinacionogTelaVladeRepublikeSrbije","article_published_time":"2022-04-29T00:00:00+00:00","article_modified_time":"2024-07-30T17:56:59+00:00","og_image":[{"width":315,"height":230,"url":"https:\/\/kt.gov.rs\/wp-content\/uploads\/2024\/07\/1651224425_290422_1-3.jpg","type":"image\/jpeg"}],"author":"ktmin","twitter_card":"summary_large_image","twitter_creator":"@kt_gov","twitter_site":"@kt_gov","twitter_misc":{"Written by":"ktmin","Est. reading time":"3 minutes"},"schema":{"@context":"https:\/\/schema.org","@graph":[{"@type":"Article","@id":"https:\/\/kt.gov.rs\/sq\/posta-kerkon-bartes-te-dergesave-shofere-punonjes-sporteli-postiere\/#article","isPartOf":{"@id":"https:\/\/kt.gov.rs\/sq\/posta-kerkon-bartes-te-dergesave-shofere-punonjes-sporteli-postiere\/"},"author":{"name":"ktmin","@id":"https:\/\/kt.gov.rs\/#\/schema\/person\/e426459ddb4173309103390602694571"},"headline":"POSTA K\u00cbRKON BART\u00cbS T\u00cb D\u00cbRGESAVE, SHOFER\u00cb,PUNONJ\u00cbS SPORTELI,POSTIER\u00cb","datePublished":"2022-04-29T00:00:00+00:00","dateModified":"2024-07-30T17:56:59+00:00","mainEntityOfPage":{"@id":"https:\/\/kt.gov.rs\/sq\/posta-kerkon-bartes-te-dergesave-shofere-punonjes-sporteli-postiere\/"},"wordCount":614,"publisher":{"@id":"https:\/\/kt.gov.rs\/#organization"},"image":{"@id":"https:\/\/kt.gov.rs\/sq\/posta-kerkon-bartes-te-dergesave-shofere-punonjes-sporteli-postiere\/#primaryimage"},"thumbnailUrl":"https:\/\/kt.gov.rs\/wp-content\/uploads\/2024\/07\/1651224425_290422_1-3.jpg","articleSection":["Lajme"],"inLanguage":"sq-AL"},{"@type":"WebPage","@id":"https:\/\/kt.gov.rs\/sq\/posta-kerkon-bartes-te-dergesave-shofere-punonjes-sporteli-postiere\/","url":"https:\/\/kt.gov.rs\/sq\/posta-kerkon-bartes-te-dergesave-shofere-punonjes-sporteli-postiere\/","name":"POSTA K\u00cbRKON BART\u00cbS T\u00cb D\u00cbRGESAVE, SHOFER\u00cb,PUNONJ\u00cbS SPORTELI,POSTIER\u00cb - Republika e S\u00ebrbis\u00eb Trupi Koordinues p\u00ebr komunat Bujanoc, Preshev\u00eb dhe Medvegj\u00eb","isPartOf":{"@id":"https:\/\/kt.gov.rs\/#website"},"primaryImageOfPage":{"@id":"https:\/\/kt.gov.rs\/sq\/posta-kerkon-bartes-te-dergesave-shofere-punonjes-sporteli-postiere\/#primaryimage"},"image":{"@id":"https:\/\/kt.gov.rs\/sq\/posta-kerkon-bartes-te-dergesave-shofere-punonjes-sporteli-postiere\/#primaryimage"},"thumbnailUrl":"https:\/\/kt.gov.rs\/wp-content\/uploads\/2024\/07\/1651224425_290422_1-3.jpg","datePublished":"2022-04-29T00:00:00+00:00","dateModified":"2024-07-30T17:56:59+00:00","breadcrumb":{"@id":"https:\/\/kt.gov.rs\/sq\/posta-kerkon-bartes-te-dergesave-shofere-punonjes-sporteli-postiere\/#breadcrumb"},"inLanguage":"sq-AL","potentialAction":[{"@type":"ReadAction","target":["https:\/\/kt.gov.rs\/sq\/posta-kerkon-bartes-te-dergesave-shofere-punonjes-sporteli-postiere\/"]}]},{"@type":"ImageObject","inLanguage":"sq-AL","@id":"https:\/\/kt.gov.rs\/sq\/posta-kerkon-bartes-te-dergesave-shofere-punonjes-sporteli-postiere\/#primaryimage","url":"https:\/\/kt.gov.rs\/wp-content\/uploads\/2024\/07\/1651224425_290422_1-3.jpg","contentUrl":"https:\/\/kt.gov.rs\/wp-content\/uploads\/2024\/07\/1651224425_290422_1-3.jpg","width":315,"height":230},{"@type":"BreadcrumbList","@id":"https:\/\/kt.gov.rs\/sq\/posta-kerkon-bartes-te-dergesave-shofere-punonjes-sporteli-postiere\/#breadcrumb","itemListElement":[{"@type":"ListItem","position":1,"name":"\u041f\u043e\u0447\u0435\u0442\u043d\u0430","item":"https:\/\/kt.gov.rs\/sq\/"},{"@type":"ListItem","position":2,"name":"POSTA K\u00cbRKON BART\u00cbS T\u00cb D\u00cbRGESAVE, SHOFER\u00cb,PUNONJ\u00cbS SPORTELI,POSTIER\u00cb"}]},{"@type":"WebSite","@id":"https:\/\/kt.gov.rs\/#website","url":"https:\/\/kt.gov.rs\/","name":"\u041a\u043e\u043e\u0440\u0434\u0438\u043d\u0430\u0446\u0438\u043e\u043d\u043e \u0442\u0435\u043b\u043e \u0412\u043b\u0430\u0434\u0435 \u0420\u0435\u043f\u0443\u0431\u043b\u0438\u043a\u0435 \u0421\u0440\u0431\u0438\u0458\u0435 \u0437\u0430 \u043e\u043f\u0448\u0442\u0438\u043d\u0435 \u041f\u0440\u0435\u0448\u0435\u0432\u043e, \u0411\u0443\u0458\u0430\u043d\u043e\u0432\u0430\u0446 \u0438 \u041c\u0435\u0434\u0432\u0435\u0452a","description":"","publisher":{"@id":"https:\/\/kt.gov.rs\/#organization"},"alternateName":"\u041a\u043e\u043e\u0440\u0434\u0438\u043d\u0430\u0446\u0438\u043e\u043d\u043e \u0442\u0435\u043b\u043e","potentialAction":[{"@type":"SearchAction","target":{"@type":"EntryPoint","urlTemplate":"https:\/\/kt.gov.rs\/?s={search_term_string}"},"query-input":{"@type":"PropertyValueSpecification","valueRequired":true,"valueName":"search_term_string"}}],"inLanguage":"sq-AL"},{"@type":"Organization","@id":"https:\/\/kt.gov.rs\/#organization","name":"\u041a\u043e\u043e\u0440\u0434\u0438\u043d\u0430\u0446\u0438\u043e\u043d\u043e \u0442\u0435\u043b\u043e \u0412\u043b\u0430\u0434\u0435 \u0420\u0435\u043f\u0443\u0431\u043b\u0438\u043a\u0435 \u0421\u0440\u0431\u0438\u0458\u0435 \u0437\u0430 \u043e\u043f\u0448\u0442\u0438\u043d\u0435 \u041f\u0440\u0435\u0448\u0435\u0432\u043e, \u0411\u0443\u0458\u0430\u043d\u043e\u0432\u0430\u0446 \u0438 \u041c\u0435\u0434\u0432\u0435\u0452a","alternateName":"\u041a\u043e\u043e\u0440\u0434\u0438\u043d\u0430\u0446\u0438\u043e\u043d\u043e \u0442\u0435\u043b\u043e","url":"https:\/\/kt.gov.rs\/","logo":{"@type":"ImageObject","inLanguage":"sq-AL","@id":"https:\/\/kt.gov.rs\/#\/schema\/logo\/image\/","url":"https:\/\/kt.gov.rs\/wp-content\/uploads\/2024\/12\/koord2.jpg","contentUrl":"https:\/\/kt.gov.rs\/wp-content\/uploads\/2024\/12\/koord2.jpg","width":640,"height":480,"caption":"\u041a\u043e\u043e\u0440\u0434\u0438\u043d\u0430\u0446\u0438\u043e\u043d\u043e \u0442\u0435\u043b\u043e \u0412\u043b\u0430\u0434\u0435 \u0420\u0435\u043f\u0443\u0431\u043b\u0438\u043a\u0435 \u0421\u0440\u0431\u0438\u0458\u0435 \u0437\u0430 \u043e\u043f\u0448\u0442\u0438\u043d\u0435 \u041f\u0440\u0435\u0448\u0435\u0432\u043e, \u0411\u0443\u0458\u0430\u043d\u043e\u0432\u0430\u0446 \u0438 \u041c\u0435\u0434\u0432\u0435\u0452a"},"image":{"@id":"https:\/\/kt.gov.rs\/#\/schema\/logo\/image\/"},"sameAs":["https:\/\/www.facebook.com\/SluzbaKoordinacionogTelaVladeRepublikeSrbije","https:\/\/x.com\/kt_gov","https:\/\/www.youtube.com\/@koordinacionotelo"]},{"@type":"Person","@id":"https:\/\/kt.gov.rs\/#\/schema\/person\/e426459ddb4173309103390602694571","name":"ktmin","image":{"@type":"ImageObject","inLanguage":"sq-AL","@id":"https:\/\/secure.gravatar.com\/avatar\/3985c961109853010c3fbc7ba30365bfba5db3dd6c525831d9c595c7525a615a?s=96&d=mm&r=g","url":"https:\/\/secure.gravatar.com\/avatar\/3985c961109853010c3fbc7ba30365bfba5db3dd6c525831d9c595c7525a615a?s=96&d=mm&r=g","contentUrl":"https:\/\/secure.gravatar.com\/avatar\/3985c961109853010c3fbc7ba30365bfba5db3dd6c525831d9c595c7525a615a?s=96&d=mm&r=g","caption":"ktmin"},"sameAs":["https:\/\/kt.gov.rs"],"url":"https:\/\/kt.gov.rs\/sq\/author\/ktmin\/"}]}},"_links":{"self":[{"href":"https:\/\/kt.gov.rs\/sq\/wp-json\/wp\/v2\/posts\/107682","targetHints":{"allow":["GET"]}}],"collection":[{"href":"https:\/\/kt.gov.rs\/sq\/wp-json\/wp\/v2\/posts"}],"about":[{"href":"https:\/\/kt.gov.rs\/sq\/wp-json\/wp\/v2\/types\/post"}],"author":[{"embeddable":true,"href":"https:\/\/kt.gov.rs\/sq\/wp-json\/wp\/v2\/users\/1"}],"replies":[{"embeddable":true,"href":"https:\/\/kt.gov.rs\/sq\/wp-json\/wp\/v2\/comments?post=107682"}],"version-history":[{"count":1,"href":"https:\/\/kt.gov.rs\/sq\/wp-json\/wp\/v2\/posts\/107682\/revisions"}],"predecessor-version":[{"id":107686,"href":"https:\/\/kt.gov.rs\/sq\/wp-json\/wp\/v2\/posts\/107682\/revisions\/107686"}],"wp:featuredmedia":[{"embeddable":true,"href":"https:\/\/kt.gov.rs\/sq\/wp-json\/wp\/v2\/media\/107687"}],"wp:attachment":[{"href":"https:\/\/kt.gov.rs\/sq\/wp-json\/wp\/v2\/media?parent=107682"}],"wp:term":[{"taxonomy":"category","embeddable":true,"href":"https:\/\/kt.gov.rs\/sq\/wp-json\/wp\/v2\/categories?post=107682"},{"taxonomy":"post_tag","embeddable":true,"href":"https:\/\/kt.gov.rs\/sq\/wp-json\/wp\/v2\/tags?post=107682"}],"curies":[{"name":"wp","href":"https:\/\/api.w.org\/{rel}","templated":true}]}}