{"id":107577,"date":"2022-05-25T00:00:00","date_gmt":"2022-05-25T00:00:00","guid":{"rendered":"http:\/\/kt.printandscreen.rs\/thirrje-publike-per-subjektet-ekonomike-qe-merren-me-rehabilitimin-energjetike-konkursi-zgjate-deri-me-9-qershor\/"},"modified":"2024-07-30T17:56:47","modified_gmt":"2024-07-30T17:56:47","slug":"thirrje-publike-per-subjektet-ekonomike-qe-merren-me-rehabilitimin-energjetike-konkursi-zgjate-deri-me-9-qershor","status":"publish","type":"post","link":"https:\/\/kt.gov.rs\/sq\/thirrje-publike-per-subjektet-ekonomike-qe-merren-me-rehabilitimin-energjetike-konkursi-zgjate-deri-me-9-qershor\/","title":{"rendered":"THIRRJE PUBLIKE P\u00cbR SUBJEKTET EKONOMIKE Q\u00cb MERREN ME REHABILITIMIN ENERGJETIK\u00cb, KONKURSI ZGJAT\u00cb DERI M\u00cb 9 QERSHOR"},"content":{"rendered":"<p>\n\t<strong><img decoding=\"async\" alt=\"\" src=\"https:\/\/kt.gov.rs\/wp-content\/uploads\/2024\/07\/1653486621_250522_1-2.jpg\" style=\"width: 315px; height: 230px; float: left;\" \/>Bujanoc \u2013 Beograd<\/strong> \u2013\u00a0Komuna e Bujanocit fton subjektet ekonomike q\u00eb t\u00eb aplikojn\u00eb p\u00ebr pun\u00eb n\u00eb zbatimin e masave p\u00ebr rehabilitim energjetik t\u00eb objekteve banesore n\u00eb territorin e komun\u00ebs, nd\u00ebrsa konkursi p\u00ebr aplikime \u00ebsht\u00eb i hapur deri m\u00eb 9 qershor.<\/p>\n<p>\n\tT\u00eb drejt\u00ebn p\u00ebr t\u00eb marr\u00eb pjes\u00eb n\u00eb Ftes\u00ebn publike e kan\u00eb kompanit\u00eb q\u00eb merren me prodhimin, sh\u00ebrbimet dhe punimet p\u00ebr rehabilitimin energjetik t\u00eb objekteve t\u00eb banimit.P\u00ebr Programin p\u00ebr p\u00ebrmir\u00ebsimin e efi\u00e7ienc\u00ebs energjetike jan\u00eb p\u00ebrcaktuar dy modele . I pari parashikon nd\u00ebrrimin e dyerve dhe dritareve, vendosjen e izolimit, blerjen e kaldajave dhe modeli i dyt\u00eb vendosjen e paneleve diellore dhe inverter\u00ebve p\u00ebr t\u00eb cil\u00ebt ende nuk \u00ebsht\u00eb shpallur konkursi.<\/p>\n<p>\n\tSi\u00e7 tha Fazila Azemoviq, kryeshefe e Drejtoratit p\u00ebr investime dhe zhvillim, \u00ebsht\u00eb e nevojshme q\u00eb kompania t\u00eb jet\u00eb e regjistruar n\u00eb Agjencin\u00eb e regjistrave ekonomik\u00eb (ARE) p\u00ebr at\u00eb lloj aktiviteti dhe pune dhe t\u00eb mos jet\u00eb n\u00eb likuidim apo falimentim.<\/p>\n<p>\n\t\u00a0\u201cP\u00ebr materialin dhe produktin e instaluar, kompanit\u00eb duhet t\u00eb ken\u00eb dokumentacionin dhe certifikat\u00ebn e nevojshme k\u00ebshtu q\u00eb \u00e7do kaldaj\u00eb duhet t\u00eb ket\u00eb nj\u00eb certifikat\u00eb nga furnizuesi, ose kompanit\u00eb q\u00eb prodhojn\u00eb mobilie nga materiali PVC duhet t\u00eb ken\u00eb nj\u00eb certifikat\u00eb p\u00ebr produktet e tyre dyer e dritare\u201d sqaron Azemoviq.<\/p>\n<p>\n\tAjo shtoi se pas aplikimit t\u00eb subjekteve ekonomike p\u00ebr konkurs, brenda 15 dit\u00ebve do t\u00eb merret vendim dhe do t\u00eb publikohet lista paraprake e kompanive q\u00eb plot\u00ebsojn\u00eb kushtet e konkursit, m\u00eb pas do t\u00eb zgjidhen ankesat e eventuale dhe m\u00eb pas K\u00ebshilli komunal do t\u00eb vendos\u00eb p\u00ebr list\u00ebn p\u00ebrfundimtare.<\/p>\n<p>\n\t\u201cVet\u00ebm pas k\u00ebsaj procedure mund t\u00eb shpallim konkurs p\u00ebr qytetar\u00ebt, me \u00e7\u2019rast pjes\u00eb p\u00ebrb\u00ebr\u00ebse e tij do t\u00eb jet\u00eb lista e kompanive t\u00eb cilat do t\u00eb mund t\u00eb angazhohen\u201d thot\u00eb Azemoviq.<\/p>\n<p>\n\tSubjektet e interesuara ekonomike, mund t\u2019i shkarkojn\u00eb n\u00eb ueb faqen e Komun\u00ebs s\u00eb Bujanocit.<\/p>\n<p>\n\t\u00a0\u201cN\u00eb t\u00eb nj\u00ebjtin dokument, nj\u00ebri pas tjetrit, jan\u00eb edhe formulari p\u00ebr aplikim dhe deklaratat, nd\u00ebrkaq jan\u00eb dh\u00ebn\u00eb edhe modelet e vler\u00ebsimit. Kriteret e p\u00ebrzgjedhjes dhe vler\u00ebsimit jan\u00eb paraqitur qart\u00eb brenda konkursit\u201d shtoi kryeshefja.<\/p>\n<p>\n\tAzemoviq\u00a0 tha se publikimi i \u00e7do dokumenti varet nga marrja e p\u00eblqimit nga Ministria e minierave dhe energjetik\u00ebs, se konkursi p\u00ebrfshin 7 masa n\u00eb kat\u00ebr fusha t\u00eb efi\u00e7ienc\u00ebs energjetike.<\/p>\n<p>\n\t\u00a0\u201cNga Ministria kemi marr\u00eb miratimin si p\u00ebr rregulloren ashtu edhe p\u00ebr konkursin. Tani p\u00ebr tani nuk kemi v\u00ebrejtje dhe do t\u00eb mundohemi t\u00eb jemi efikas sepse ka shum\u00eb masa t\u00eb ndryshme dhe do t\u00eb aplikojn\u00eb nj\u00eb num\u00ebr i madh i kompanive, tha Azemoviq.<\/p>\n<p>\n\tDokumentacioni i konkursit dhe formular\u00ebt e aplikimit dor\u00ebzohen n\u00eb zarf t\u00eb mbyllur me sh\u00ebnimin \u201cAplikimi p\u00ebr thirrje publike p\u00ebr pjes\u00ebmarrje t\u00eb subjekteve ekonomike n\u00eb zbatimin e masave p\u00ebr rehabilitim energjetik p\u00ebr objektet banesore n\u00eb komun\u00ebn e Bujanocit \u2013 mos e hap\u201d, me adres\u00ebn e plot\u00eb t\u00eb d\u00ebrguesit, n\u00eb an\u00ebn e pasme t\u00eb zarfit.<\/p>\n<p>\n\tAplikimet mund t\u00eb dor\u00ebzohen me post\u00eb n\u00eb adres\u00ebn e Komun\u00ebs s\u00eb Bujanocit (Karagjorgje Petroviq 115) ose personalisht n\u00eb zyr\u00ebn q\u00eb gjendet n\u00eb nd\u00ebrtes\u00ebn e Komun\u00ebs.<\/p>\n<p>\n\tKujtojm\u00eb se Komuna p\u00ebr realizimin e k\u00ebtij programi ka marr\u00eb 9.3 milion\u00eb dinar\u00eb nga Ministria e minierave dhe energjetik\u00ebs, nd\u00ebrsa 4 milion\u00eb nga burimet e veta.<\/p>\n<p>\n\t<strong>Burimi: Bujanova\u00e7ke dhe Trupi Koordinues<\/strong><\/p>\n<p>\n\t\u00a0<\/p>\n","protected":false},"excerpt":{"rendered":"<p>Bujanoc \u2013 Beograd\u00a0\u2013\u00a0Komuna e Bujanocit fton subjektet ekonomike q\u00eb t\u00eb aplikojn\u00eb p\u00ebr pun\u00eb n\u00eb zbatimin e masave p\u00ebr rehabilitim energjetik t\u00eb objekteve banesore n\u00eb territorin e komun\u00ebs, nd\u00ebrsa konkursi p\u00ebr aplikime \u00ebsht\u00eb i hapur deri m\u00eb 9 qershor.<\/p>\n","protected":false},"author":1,"featured_media":107582,"comment_status":"closed","ping_status":"closed","sticky":false,"template":"","format":"standard","meta":{"footnotes":""},"categories":[55],"tags":[],"class_list":["post-107577","post","type-post","status-publish","format-standard","has-post-thumbnail","hentry","category-lajme"],"yoast_head":"<!-- This site is optimized with the Yoast SEO plugin v27.5 - https:\/\/yoast.com\/product\/yoast-seo-wordpress\/ -->\n<title>THIRRJE PUBLIKE P\u00cbR SUBJEKTET EKONOMIKE Q\u00cb MERREN ME REHABILITIMIN ENERGJETIK\u00cb, KONKURSI ZGJAT\u00cb DERI M\u00cb 9 QERSHOR - Republika e S\u00ebrbis\u00eb Trupi Koordinues p\u00ebr komunat Bujanoc, Preshev\u00eb dhe Medvegj\u00eb<\/title>\n<meta name=\"robots\" content=\"index, follow, max-snippet:-1, max-image-preview:large, max-video-preview:-1\" \/>\n<link rel=\"canonical\" href=\"https:\/\/kt.gov.rs\/sq\/thirrje-publike-per-subjektet-ekonomike-qe-merren-me-rehabilitimin-energjetike-konkursi-zgjate-deri-me-9-qershor\/\" \/>\n<meta property=\"og:locale\" content=\"sq_AL\" \/>\n<meta property=\"og:type\" content=\"article\" \/>\n<meta property=\"og:title\" content=\"THIRRJE PUBLIKE P\u00cbR SUBJEKTET EKONOMIKE Q\u00cb MERREN ME REHABILITIMIN ENERGJETIK\u00cb, KONKURSI ZGJAT\u00cb DERI M\u00cb 9 QERSHOR - Republika e S\u00ebrbis\u00eb Trupi Koordinues p\u00ebr komunat Bujanoc, Preshev\u00eb dhe Medvegj\u00eb\" \/>\n<meta property=\"og:description\" content=\"Bujanoc - Beograd\u00a0-\u00a0Komuna e Bujanocit fton subjektet ekonomike q\u00eb t\u00eb aplikojn\u00eb p\u00ebr pun\u00eb n\u00eb zbatimin e masave p\u00ebr rehabilitim energjetik t\u00eb objekteve banesore n\u00eb territorin e komun\u00ebs, nd\u00ebrsa konkursi p\u00ebr aplikime \u00ebsht\u00eb i hapur deri m\u00eb 9 qershor.\" \/>\n<meta property=\"og:url\" content=\"https:\/\/kt.gov.rs\/sq\/thirrje-publike-per-subjektet-ekonomike-qe-merren-me-rehabilitimin-energjetike-konkursi-zgjate-deri-me-9-qershor\/\" \/>\n<meta property=\"og:site_name\" content=\"Republika e S\u00ebrbis\u00eb Trupi Koordinues p\u00ebr komunat Bujanoc, Preshev\u00eb dhe Medvegj\u00eb\" \/>\n<meta property=\"article:publisher\" content=\"https:\/\/www.facebook.com\/SluzbaKoordinacionogTelaVladeRepublikeSrbije\" \/>\n<meta property=\"article:published_time\" content=\"2022-05-25T00:00:00+00:00\" \/>\n<meta property=\"article:modified_time\" content=\"2024-07-30T17:56:47+00:00\" \/>\n<meta property=\"og:image\" content=\"https:\/\/kt.gov.rs\/wp-content\/uploads\/2024\/07\/1653486621_250522_1-3.jpg\" \/>\n\t<meta property=\"og:image:width\" content=\"315\" \/>\n\t<meta property=\"og:image:height\" content=\"230\" \/>\n\t<meta property=\"og:image:type\" content=\"image\/jpeg\" \/>\n<meta name=\"author\" content=\"ktmin\" \/>\n<meta name=\"twitter:card\" content=\"summary_large_image\" \/>\n<meta name=\"twitter:creator\" content=\"@kt_gov\" \/>\n<meta name=\"twitter:site\" content=\"@kt_gov\" \/>\n<meta name=\"twitter:label1\" content=\"Written by\" \/>\n\t<meta name=\"twitter:data1\" content=\"ktmin\" \/>\n\t<meta name=\"twitter:label2\" content=\"Est. reading time\" \/>\n\t<meta name=\"twitter:data2\" content=\"4 minutes\" \/>\n<script type=\"application\/ld+json\" class=\"yoast-schema-graph\">{\"@context\":\"https:\\\/\\\/schema.org\",\"@graph\":[{\"@type\":\"Article\",\"@id\":\"https:\\\/\\\/kt.gov.rs\\\/sq\\\/thirrje-publike-per-subjektet-ekonomike-qe-merren-me-rehabilitimin-energjetike-konkursi-zgjate-deri-me-9-qershor\\\/#article\",\"isPartOf\":{\"@id\":\"https:\\\/\\\/kt.gov.rs\\\/sq\\\/thirrje-publike-per-subjektet-ekonomike-qe-merren-me-rehabilitimin-energjetike-konkursi-zgjate-deri-me-9-qershor\\\/\"},\"author\":{\"name\":\"ktmin\",\"@id\":\"https:\\\/\\\/kt.gov.rs\\\/#\\\/schema\\\/person\\\/e426459ddb4173309103390602694571\"},\"headline\":\"THIRRJE PUBLIKE P\u00cbR SUBJEKTET EKONOMIKE Q\u00cb MERREN ME REHABILITIMIN ENERGJETIK\u00cb, KONKURSI ZGJAT\u00cb DERI M\u00cb 9 QERSHOR\",\"datePublished\":\"2022-05-25T00:00:00+00:00\",\"dateModified\":\"2024-07-30T17:56:47+00:00\",\"mainEntityOfPage\":{\"@id\":\"https:\\\/\\\/kt.gov.rs\\\/sq\\\/thirrje-publike-per-subjektet-ekonomike-qe-merren-me-rehabilitimin-energjetike-konkursi-zgjate-deri-me-9-qershor\\\/\"},\"wordCount\":819,\"publisher\":{\"@id\":\"https:\\\/\\\/kt.gov.rs\\\/#organization\"},\"image\":{\"@id\":\"https:\\\/\\\/kt.gov.rs\\\/sq\\\/thirrje-publike-per-subjektet-ekonomike-qe-merren-me-rehabilitimin-energjetike-konkursi-zgjate-deri-me-9-qershor\\\/#primaryimage\"},\"thumbnailUrl\":\"https:\\\/\\\/kt.gov.rs\\\/wp-content\\\/uploads\\\/2024\\\/07\\\/1653486621_250522_1-3.jpg\",\"articleSection\":[\"Lajme\"],\"inLanguage\":\"sq-AL\"},{\"@type\":\"WebPage\",\"@id\":\"https:\\\/\\\/kt.gov.rs\\\/sq\\\/thirrje-publike-per-subjektet-ekonomike-qe-merren-me-rehabilitimin-energjetike-konkursi-zgjate-deri-me-9-qershor\\\/\",\"url\":\"https:\\\/\\\/kt.gov.rs\\\/sq\\\/thirrje-publike-per-subjektet-ekonomike-qe-merren-me-rehabilitimin-energjetike-konkursi-zgjate-deri-me-9-qershor\\\/\",\"name\":\"THIRRJE PUBLIKE P\u00cbR SUBJEKTET EKONOMIKE Q\u00cb MERREN ME REHABILITIMIN ENERGJETIK\u00cb, KONKURSI ZGJAT\u00cb DERI M\u00cb 9 QERSHOR - Republika e S\u00ebrbis\u00eb Trupi Koordinues p\u00ebr komunat Bujanoc, Preshev\u00eb dhe Medvegj\u00eb\",\"isPartOf\":{\"@id\":\"https:\\\/\\\/kt.gov.rs\\\/#website\"},\"primaryImageOfPage\":{\"@id\":\"https:\\\/\\\/kt.gov.rs\\\/sq\\\/thirrje-publike-per-subjektet-ekonomike-qe-merren-me-rehabilitimin-energjetike-konkursi-zgjate-deri-me-9-qershor\\\/#primaryimage\"},\"image\":{\"@id\":\"https:\\\/\\\/kt.gov.rs\\\/sq\\\/thirrje-publike-per-subjektet-ekonomike-qe-merren-me-rehabilitimin-energjetike-konkursi-zgjate-deri-me-9-qershor\\\/#primaryimage\"},\"thumbnailUrl\":\"https:\\\/\\\/kt.gov.rs\\\/wp-content\\\/uploads\\\/2024\\\/07\\\/1653486621_250522_1-3.jpg\",\"datePublished\":\"2022-05-25T00:00:00+00:00\",\"dateModified\":\"2024-07-30T17:56:47+00:00\",\"breadcrumb\":{\"@id\":\"https:\\\/\\\/kt.gov.rs\\\/sq\\\/thirrje-publike-per-subjektet-ekonomike-qe-merren-me-rehabilitimin-energjetike-konkursi-zgjate-deri-me-9-qershor\\\/#breadcrumb\"},\"inLanguage\":\"sq-AL\",\"potentialAction\":[{\"@type\":\"ReadAction\",\"target\":[\"https:\\\/\\\/kt.gov.rs\\\/sq\\\/thirrje-publike-per-subjektet-ekonomike-qe-merren-me-rehabilitimin-energjetike-konkursi-zgjate-deri-me-9-qershor\\\/\"]}]},{\"@type\":\"ImageObject\",\"inLanguage\":\"sq-AL\",\"@id\":\"https:\\\/\\\/kt.gov.rs\\\/sq\\\/thirrje-publike-per-subjektet-ekonomike-qe-merren-me-rehabilitimin-energjetike-konkursi-zgjate-deri-me-9-qershor\\\/#primaryimage\",\"url\":\"https:\\\/\\\/kt.gov.rs\\\/wp-content\\\/uploads\\\/2024\\\/07\\\/1653486621_250522_1-3.jpg\",\"contentUrl\":\"https:\\\/\\\/kt.gov.rs\\\/wp-content\\\/uploads\\\/2024\\\/07\\\/1653486621_250522_1-3.jpg\",\"width\":315,\"height\":230},{\"@type\":\"BreadcrumbList\",\"@id\":\"https:\\\/\\\/kt.gov.rs\\\/sq\\\/thirrje-publike-per-subjektet-ekonomike-qe-merren-me-rehabilitimin-energjetike-konkursi-zgjate-deri-me-9-qershor\\\/#breadcrumb\",\"itemListElement\":[{\"@type\":\"ListItem\",\"position\":1,\"name\":\"\u041f\u043e\u0447\u0435\u0442\u043d\u0430\",\"item\":\"https:\\\/\\\/kt.gov.rs\\\/sq\\\/\"},{\"@type\":\"ListItem\",\"position\":2,\"name\":\"THIRRJE PUBLIKE P\u00cbR SUBJEKTET EKONOMIKE Q\u00cb MERREN ME REHABILITIMIN ENERGJETIK\u00cb, KONKURSI ZGJAT\u00cb DERI M\u00cb 9 QERSHOR\"}]},{\"@type\":\"WebSite\",\"@id\":\"https:\\\/\\\/kt.gov.rs\\\/#website\",\"url\":\"https:\\\/\\\/kt.gov.rs\\\/\",\"name\":\"\u041a\u043e\u043e\u0440\u0434\u0438\u043d\u0430\u0446\u0438\u043e\u043d\u043e \u0442\u0435\u043b\u043e \u0412\u043b\u0430\u0434\u0435 \u0420\u0435\u043f\u0443\u0431\u043b\u0438\u043a\u0435 \u0421\u0440\u0431\u0438\u0458\u0435 \u0437\u0430 \u043e\u043f\u0448\u0442\u0438\u043d\u0435 \u041f\u0440\u0435\u0448\u0435\u0432\u043e, \u0411\u0443\u0458\u0430\u043d\u043e\u0432\u0430\u0446 \u0438 \u041c\u0435\u0434\u0432\u0435\u0452a\",\"description\":\"\",\"publisher\":{\"@id\":\"https:\\\/\\\/kt.gov.rs\\\/#organization\"},\"alternateName\":\"\u041a\u043e\u043e\u0440\u0434\u0438\u043d\u0430\u0446\u0438\u043e\u043d\u043e \u0442\u0435\u043b\u043e\",\"potentialAction\":[{\"@type\":\"SearchAction\",\"target\":{\"@type\":\"EntryPoint\",\"urlTemplate\":\"https:\\\/\\\/kt.gov.rs\\\/?s={search_term_string}\"},\"query-input\":{\"@type\":\"PropertyValueSpecification\",\"valueRequired\":true,\"valueName\":\"search_term_string\"}}],\"inLanguage\":\"sq-AL\"},{\"@type\":\"Organization\",\"@id\":\"https:\\\/\\\/kt.gov.rs\\\/#organization\",\"name\":\"\u041a\u043e\u043e\u0440\u0434\u0438\u043d\u0430\u0446\u0438\u043e\u043d\u043e \u0442\u0435\u043b\u043e \u0412\u043b\u0430\u0434\u0435 \u0420\u0435\u043f\u0443\u0431\u043b\u0438\u043a\u0435 \u0421\u0440\u0431\u0438\u0458\u0435 \u0437\u0430 \u043e\u043f\u0448\u0442\u0438\u043d\u0435 \u041f\u0440\u0435\u0448\u0435\u0432\u043e, \u0411\u0443\u0458\u0430\u043d\u043e\u0432\u0430\u0446 \u0438 \u041c\u0435\u0434\u0432\u0435\u0452a\",\"alternateName\":\"\u041a\u043e\u043e\u0440\u0434\u0438\u043d\u0430\u0446\u0438\u043e\u043d\u043e \u0442\u0435\u043b\u043e\",\"url\":\"https:\\\/\\\/kt.gov.rs\\\/\",\"logo\":{\"@type\":\"ImageObject\",\"inLanguage\":\"sq-AL\",\"@id\":\"https:\\\/\\\/kt.gov.rs\\\/#\\\/schema\\\/logo\\\/image\\\/\",\"url\":\"https:\\\/\\\/kt.gov.rs\\\/wp-content\\\/uploads\\\/2024\\\/12\\\/koord2.jpg\",\"contentUrl\":\"https:\\\/\\\/kt.gov.rs\\\/wp-content\\\/uploads\\\/2024\\\/12\\\/koord2.jpg\",\"width\":640,\"height\":480,\"caption\":\"\u041a\u043e\u043e\u0440\u0434\u0438\u043d\u0430\u0446\u0438\u043e\u043d\u043e \u0442\u0435\u043b\u043e \u0412\u043b\u0430\u0434\u0435 \u0420\u0435\u043f\u0443\u0431\u043b\u0438\u043a\u0435 \u0421\u0440\u0431\u0438\u0458\u0435 \u0437\u0430 \u043e\u043f\u0448\u0442\u0438\u043d\u0435 \u041f\u0440\u0435\u0448\u0435\u0432\u043e, \u0411\u0443\u0458\u0430\u043d\u043e\u0432\u0430\u0446 \u0438 \u041c\u0435\u0434\u0432\u0435\u0452a\"},\"image\":{\"@id\":\"https:\\\/\\\/kt.gov.rs\\\/#\\\/schema\\\/logo\\\/image\\\/\"},\"sameAs\":[\"https:\\\/\\\/www.facebook.com\\\/SluzbaKoordinacionogTelaVladeRepublikeSrbije\",\"https:\\\/\\\/x.com\\\/kt_gov\",\"https:\\\/\\\/www.youtube.com\\\/@koordinacionotelo\"]},{\"@type\":\"Person\",\"@id\":\"https:\\\/\\\/kt.gov.rs\\\/#\\\/schema\\\/person\\\/e426459ddb4173309103390602694571\",\"name\":\"ktmin\",\"image\":{\"@type\":\"ImageObject\",\"inLanguage\":\"sq-AL\",\"@id\":\"https:\\\/\\\/secure.gravatar.com\\\/avatar\\\/3985c961109853010c3fbc7ba30365bfba5db3dd6c525831d9c595c7525a615a?s=96&d=mm&r=g\",\"url\":\"https:\\\/\\\/secure.gravatar.com\\\/avatar\\\/3985c961109853010c3fbc7ba30365bfba5db3dd6c525831d9c595c7525a615a?s=96&d=mm&r=g\",\"contentUrl\":\"https:\\\/\\\/secure.gravatar.com\\\/avatar\\\/3985c961109853010c3fbc7ba30365bfba5db3dd6c525831d9c595c7525a615a?s=96&d=mm&r=g\",\"caption\":\"ktmin\"},\"sameAs\":[\"https:\\\/\\\/kt.gov.rs\"],\"url\":\"https:\\\/\\\/kt.gov.rs\\\/sq\\\/author\\\/ktmin\\\/\"}]}<\/script>\n<!-- \/ Yoast SEO plugin. -->","yoast_head_json":{"title":"THIRRJE PUBLIKE P\u00cbR SUBJEKTET EKONOMIKE Q\u00cb MERREN ME REHABILITIMIN ENERGJETIK\u00cb, KONKURSI ZGJAT\u00cb DERI M\u00cb 9 QERSHOR - Republika e S\u00ebrbis\u00eb Trupi Koordinues p\u00ebr komunat Bujanoc, Preshev\u00eb dhe Medvegj\u00eb","robots":{"index":"index","follow":"follow","max-snippet":"max-snippet:-1","max-image-preview":"max-image-preview:large","max-video-preview":"max-video-preview:-1"},"canonical":"https:\/\/kt.gov.rs\/sq\/thirrje-publike-per-subjektet-ekonomike-qe-merren-me-rehabilitimin-energjetike-konkursi-zgjate-deri-me-9-qershor\/","og_locale":"sq_AL","og_type":"article","og_title":"THIRRJE PUBLIKE P\u00cbR SUBJEKTET EKONOMIKE Q\u00cb MERREN ME REHABILITIMIN ENERGJETIK\u00cb, KONKURSI ZGJAT\u00cb DERI M\u00cb 9 QERSHOR - Republika e S\u00ebrbis\u00eb Trupi Koordinues p\u00ebr komunat Bujanoc, Preshev\u00eb dhe Medvegj\u00eb","og_description":"Bujanoc - Beograd\u00a0-\u00a0Komuna e Bujanocit fton subjektet ekonomike q\u00eb t\u00eb aplikojn\u00eb p\u00ebr pun\u00eb n\u00eb zbatimin e masave p\u00ebr rehabilitim energjetik t\u00eb objekteve banesore n\u00eb territorin e komun\u00ebs, nd\u00ebrsa konkursi p\u00ebr aplikime \u00ebsht\u00eb i hapur deri m\u00eb 9 qershor.","og_url":"https:\/\/kt.gov.rs\/sq\/thirrje-publike-per-subjektet-ekonomike-qe-merren-me-rehabilitimin-energjetike-konkursi-zgjate-deri-me-9-qershor\/","og_site_name":"Republika e S\u00ebrbis\u00eb Trupi Koordinues p\u00ebr komunat Bujanoc, Preshev\u00eb dhe Medvegj\u00eb","article_publisher":"https:\/\/www.facebook.com\/SluzbaKoordinacionogTelaVladeRepublikeSrbije","article_published_time":"2022-05-25T00:00:00+00:00","article_modified_time":"2024-07-30T17:56:47+00:00","og_image":[{"width":315,"height":230,"url":"https:\/\/kt.gov.rs\/wp-content\/uploads\/2024\/07\/1653486621_250522_1-3.jpg","type":"image\/jpeg"}],"author":"ktmin","twitter_card":"summary_large_image","twitter_creator":"@kt_gov","twitter_site":"@kt_gov","twitter_misc":{"Written by":"ktmin","Est. reading time":"4 minutes"},"schema":{"@context":"https:\/\/schema.org","@graph":[{"@type":"Article","@id":"https:\/\/kt.gov.rs\/sq\/thirrje-publike-per-subjektet-ekonomike-qe-merren-me-rehabilitimin-energjetike-konkursi-zgjate-deri-me-9-qershor\/#article","isPartOf":{"@id":"https:\/\/kt.gov.rs\/sq\/thirrje-publike-per-subjektet-ekonomike-qe-merren-me-rehabilitimin-energjetike-konkursi-zgjate-deri-me-9-qershor\/"},"author":{"name":"ktmin","@id":"https:\/\/kt.gov.rs\/#\/schema\/person\/e426459ddb4173309103390602694571"},"headline":"THIRRJE PUBLIKE P\u00cbR SUBJEKTET EKONOMIKE Q\u00cb MERREN ME REHABILITIMIN ENERGJETIK\u00cb, KONKURSI ZGJAT\u00cb DERI M\u00cb 9 QERSHOR","datePublished":"2022-05-25T00:00:00+00:00","dateModified":"2024-07-30T17:56:47+00:00","mainEntityOfPage":{"@id":"https:\/\/kt.gov.rs\/sq\/thirrje-publike-per-subjektet-ekonomike-qe-merren-me-rehabilitimin-energjetike-konkursi-zgjate-deri-me-9-qershor\/"},"wordCount":819,"publisher":{"@id":"https:\/\/kt.gov.rs\/#organization"},"image":{"@id":"https:\/\/kt.gov.rs\/sq\/thirrje-publike-per-subjektet-ekonomike-qe-merren-me-rehabilitimin-energjetike-konkursi-zgjate-deri-me-9-qershor\/#primaryimage"},"thumbnailUrl":"https:\/\/kt.gov.rs\/wp-content\/uploads\/2024\/07\/1653486621_250522_1-3.jpg","articleSection":["Lajme"],"inLanguage":"sq-AL"},{"@type":"WebPage","@id":"https:\/\/kt.gov.rs\/sq\/thirrje-publike-per-subjektet-ekonomike-qe-merren-me-rehabilitimin-energjetike-konkursi-zgjate-deri-me-9-qershor\/","url":"https:\/\/kt.gov.rs\/sq\/thirrje-publike-per-subjektet-ekonomike-qe-merren-me-rehabilitimin-energjetike-konkursi-zgjate-deri-me-9-qershor\/","name":"THIRRJE PUBLIKE P\u00cbR SUBJEKTET EKONOMIKE Q\u00cb MERREN ME REHABILITIMIN ENERGJETIK\u00cb, KONKURSI ZGJAT\u00cb DERI M\u00cb 9 QERSHOR - Republika e S\u00ebrbis\u00eb Trupi Koordinues p\u00ebr komunat Bujanoc, Preshev\u00eb dhe Medvegj\u00eb","isPartOf":{"@id":"https:\/\/kt.gov.rs\/#website"},"primaryImageOfPage":{"@id":"https:\/\/kt.gov.rs\/sq\/thirrje-publike-per-subjektet-ekonomike-qe-merren-me-rehabilitimin-energjetike-konkursi-zgjate-deri-me-9-qershor\/#primaryimage"},"image":{"@id":"https:\/\/kt.gov.rs\/sq\/thirrje-publike-per-subjektet-ekonomike-qe-merren-me-rehabilitimin-energjetike-konkursi-zgjate-deri-me-9-qershor\/#primaryimage"},"thumbnailUrl":"https:\/\/kt.gov.rs\/wp-content\/uploads\/2024\/07\/1653486621_250522_1-3.jpg","datePublished":"2022-05-25T00:00:00+00:00","dateModified":"2024-07-30T17:56:47+00:00","breadcrumb":{"@id":"https:\/\/kt.gov.rs\/sq\/thirrje-publike-per-subjektet-ekonomike-qe-merren-me-rehabilitimin-energjetike-konkursi-zgjate-deri-me-9-qershor\/#breadcrumb"},"inLanguage":"sq-AL","potentialAction":[{"@type":"ReadAction","target":["https:\/\/kt.gov.rs\/sq\/thirrje-publike-per-subjektet-ekonomike-qe-merren-me-rehabilitimin-energjetike-konkursi-zgjate-deri-me-9-qershor\/"]}]},{"@type":"ImageObject","inLanguage":"sq-AL","@id":"https:\/\/kt.gov.rs\/sq\/thirrje-publike-per-subjektet-ekonomike-qe-merren-me-rehabilitimin-energjetike-konkursi-zgjate-deri-me-9-qershor\/#primaryimage","url":"https:\/\/kt.gov.rs\/wp-content\/uploads\/2024\/07\/1653486621_250522_1-3.jpg","contentUrl":"https:\/\/kt.gov.rs\/wp-content\/uploads\/2024\/07\/1653486621_250522_1-3.jpg","width":315,"height":230},{"@type":"BreadcrumbList","@id":"https:\/\/kt.gov.rs\/sq\/thirrje-publike-per-subjektet-ekonomike-qe-merren-me-rehabilitimin-energjetike-konkursi-zgjate-deri-me-9-qershor\/#breadcrumb","itemListElement":[{"@type":"ListItem","position":1,"name":"\u041f\u043e\u0447\u0435\u0442\u043d\u0430","item":"https:\/\/kt.gov.rs\/sq\/"},{"@type":"ListItem","position":2,"name":"THIRRJE PUBLIKE P\u00cbR SUBJEKTET EKONOMIKE Q\u00cb MERREN ME REHABILITIMIN ENERGJETIK\u00cb, KONKURSI ZGJAT\u00cb DERI M\u00cb 9 QERSHOR"}]},{"@type":"WebSite","@id":"https:\/\/kt.gov.rs\/#website","url":"https:\/\/kt.gov.rs\/","name":"\u041a\u043e\u043e\u0440\u0434\u0438\u043d\u0430\u0446\u0438\u043e\u043d\u043e \u0442\u0435\u043b\u043e \u0412\u043b\u0430\u0434\u0435 \u0420\u0435\u043f\u0443\u0431\u043b\u0438\u043a\u0435 \u0421\u0440\u0431\u0438\u0458\u0435 \u0437\u0430 \u043e\u043f\u0448\u0442\u0438\u043d\u0435 \u041f\u0440\u0435\u0448\u0435\u0432\u043e, \u0411\u0443\u0458\u0430\u043d\u043e\u0432\u0430\u0446 \u0438 \u041c\u0435\u0434\u0432\u0435\u0452a","description":"","publisher":{"@id":"https:\/\/kt.gov.rs\/#organization"},"alternateName":"\u041a\u043e\u043e\u0440\u0434\u0438\u043d\u0430\u0446\u0438\u043e\u043d\u043e \u0442\u0435\u043b\u043e","potentialAction":[{"@type":"SearchAction","target":{"@type":"EntryPoint","urlTemplate":"https:\/\/kt.gov.rs\/?s={search_term_string}"},"query-input":{"@type":"PropertyValueSpecification","valueRequired":true,"valueName":"search_term_string"}}],"inLanguage":"sq-AL"},{"@type":"Organization","@id":"https:\/\/kt.gov.rs\/#organization","name":"\u041a\u043e\u043e\u0440\u0434\u0438\u043d\u0430\u0446\u0438\u043e\u043d\u043e \u0442\u0435\u043b\u043e \u0412\u043b\u0430\u0434\u0435 \u0420\u0435\u043f\u0443\u0431\u043b\u0438\u043a\u0435 \u0421\u0440\u0431\u0438\u0458\u0435 \u0437\u0430 \u043e\u043f\u0448\u0442\u0438\u043d\u0435 \u041f\u0440\u0435\u0448\u0435\u0432\u043e, \u0411\u0443\u0458\u0430\u043d\u043e\u0432\u0430\u0446 \u0438 \u041c\u0435\u0434\u0432\u0435\u0452a","alternateName":"\u041a\u043e\u043e\u0440\u0434\u0438\u043d\u0430\u0446\u0438\u043e\u043d\u043e \u0442\u0435\u043b\u043e","url":"https:\/\/kt.gov.rs\/","logo":{"@type":"ImageObject","inLanguage":"sq-AL","@id":"https:\/\/kt.gov.rs\/#\/schema\/logo\/image\/","url":"https:\/\/kt.gov.rs\/wp-content\/uploads\/2024\/12\/koord2.jpg","contentUrl":"https:\/\/kt.gov.rs\/wp-content\/uploads\/2024\/12\/koord2.jpg","width":640,"height":480,"caption":"\u041a\u043e\u043e\u0440\u0434\u0438\u043d\u0430\u0446\u0438\u043e\u043d\u043e \u0442\u0435\u043b\u043e \u0412\u043b\u0430\u0434\u0435 \u0420\u0435\u043f\u0443\u0431\u043b\u0438\u043a\u0435 \u0421\u0440\u0431\u0438\u0458\u0435 \u0437\u0430 \u043e\u043f\u0448\u0442\u0438\u043d\u0435 \u041f\u0440\u0435\u0448\u0435\u0432\u043e, \u0411\u0443\u0458\u0430\u043d\u043e\u0432\u0430\u0446 \u0438 \u041c\u0435\u0434\u0432\u0435\u0452a"},"image":{"@id":"https:\/\/kt.gov.rs\/#\/schema\/logo\/image\/"},"sameAs":["https:\/\/www.facebook.com\/SluzbaKoordinacionogTelaVladeRepublikeSrbije","https:\/\/x.com\/kt_gov","https:\/\/www.youtube.com\/@koordinacionotelo"]},{"@type":"Person","@id":"https:\/\/kt.gov.rs\/#\/schema\/person\/e426459ddb4173309103390602694571","name":"ktmin","image":{"@type":"ImageObject","inLanguage":"sq-AL","@id":"https:\/\/secure.gravatar.com\/avatar\/3985c961109853010c3fbc7ba30365bfba5db3dd6c525831d9c595c7525a615a?s=96&d=mm&r=g","url":"https:\/\/secure.gravatar.com\/avatar\/3985c961109853010c3fbc7ba30365bfba5db3dd6c525831d9c595c7525a615a?s=96&d=mm&r=g","contentUrl":"https:\/\/secure.gravatar.com\/avatar\/3985c961109853010c3fbc7ba30365bfba5db3dd6c525831d9c595c7525a615a?s=96&d=mm&r=g","caption":"ktmin"},"sameAs":["https:\/\/kt.gov.rs"],"url":"https:\/\/kt.gov.rs\/sq\/author\/ktmin\/"}]}},"_links":{"self":[{"href":"https:\/\/kt.gov.rs\/sq\/wp-json\/wp\/v2\/posts\/107577","targetHints":{"allow":["GET"]}}],"collection":[{"href":"https:\/\/kt.gov.rs\/sq\/wp-json\/wp\/v2\/posts"}],"about":[{"href":"https:\/\/kt.gov.rs\/sq\/wp-json\/wp\/v2\/types\/post"}],"author":[{"embeddable":true,"href":"https:\/\/kt.gov.rs\/sq\/wp-json\/wp\/v2\/users\/1"}],"replies":[{"embeddable":true,"href":"https:\/\/kt.gov.rs\/sq\/wp-json\/wp\/v2\/comments?post=107577"}],"version-history":[{"count":1,"href":"https:\/\/kt.gov.rs\/sq\/wp-json\/wp\/v2\/posts\/107577\/revisions"}],"predecessor-version":[{"id":107581,"href":"https:\/\/kt.gov.rs\/sq\/wp-json\/wp\/v2\/posts\/107577\/revisions\/107581"}],"wp:featuredmedia":[{"embeddable":true,"href":"https:\/\/kt.gov.rs\/sq\/wp-json\/wp\/v2\/media\/107582"}],"wp:attachment":[{"href":"https:\/\/kt.gov.rs\/sq\/wp-json\/wp\/v2\/media?parent=107577"}],"wp:term":[{"taxonomy":"category","embeddable":true,"href":"https:\/\/kt.gov.rs\/sq\/wp-json\/wp\/v2\/categories?post=107577"},{"taxonomy":"post_tag","embeddable":true,"href":"https:\/\/kt.gov.rs\/sq\/wp-json\/wp\/v2\/tags?post=107577"}],"curies":[{"name":"wp","href":"https:\/\/api.w.org\/{rel}","templated":true}]}}