{"id":107542,"date":"2022-05-31T00:00:00","date_gmt":"2022-05-31T00:00:00","guid":{"rendered":"http:\/\/kt.printandscreen.rs\/eu-pro-plus-paraqet-thirrje-publike-per-ndarje-te-granteve-sipermarresve-ndermarrjeve-mikro-dhe-te-vogla\/"},"modified":"2024-07-30T17:56:44","modified_gmt":"2024-07-30T17:56:44","slug":"eu-pro-plus-paraqet-thirrje-publike-per-ndarje-te-granteve-sipermarresve-ndermarrjeve-mikro-dhe-te-vogla","status":"publish","type":"post","link":"https:\/\/kt.gov.rs\/sq\/eu-pro-plus-paraqet-thirrje-publike-per-ndarje-te-granteve-sipermarresve-ndermarrjeve-mikro-dhe-te-vogla\/","title":{"rendered":"EU PRO PLUS PARAQET THIRRJE PUBLIKE P\u00cbR NDARJE T\u00cb GRANTEVE SIP\u00cbRMARR\u00cbSVE, ND\u00cbRMARRJEVE MIKRO DHE T\u00cb VOGLA"},"content":{"rendered":"<p>\n\t<strong><img decoding=\"async\" alt=\"\" src=\"https:\/\/kt.gov.rs\/wp-content\/uploads\/2024\/07\/1653994501_31052022_1-2.jpg\" style=\"width: 315px; height: 230px; float: left;\" \/><\/strong><\/p>\n<p>\n\tProgrami EU PRO Plus do t\u00eb mbaj\u00eb nj\u00eb info-sesion mbi thirrjen publike p\u00ebr mb\u00ebshtetje p\u00ebr sip\u00ebrmarr\u00ebsit dhe nd\u00ebrmarrjet mikro dhe t\u00eb vogla t\u00eb m\u00ebrkur\u00ebn, 1 qershor 2022 n\u00eb Vraj\u00eb, n\u00eb hotel Ponte Bjanko (Branislava Nushiqa 2) n\u00eb or\u00ebn 11:00.<\/p>\n<p>\n\tBashkimi Evropian (BE) ka ndar\u00eb tre milion\u00eb euro p\u00ebr k\u00ebt\u00eb konkurs, t\u00eb destinuara p\u00ebr blerjen e pajisjeve t\u00eb reja dhe prezantimin e sh\u00ebrbimeve n\u00eb m\u00ebnyr\u00eb q\u00eb t\u00eb kontribuoj\u00eb n\u00eb p\u00ebrmir\u00ebsimin e konkurrenc\u00ebs s\u00eb bizneseve t\u00eb vogla n\u00eb rajonet e Shumadij\u00ebs dhe Serbis\u00eb per\u00ebndimore, jugore dhe lindor<\/p>\n<p>\n\tT\u00eb drejt\u00ebn e pjes\u00ebmarrjes n\u00eb konkurs, e q\u00eb \u00ebsht\u00eb i hapur deri m\u00eb 30 qershor 2022, kan\u00eb kompanit\u00eb e regjistruara nga data 1 janar 2016 deri m\u00eb 31 dhjetor 2020 n\u00eb nj\u00eb nga 99 qeverisjet vendore t\u00eb p\u00ebrfshira n\u00eb program. Konkursi p\u00ebrfshin kompanit\u00eb e angazhuara n\u00eb prodhimin ose ofrimin e sh\u00ebrbimeve q\u00eb p\u00ebrfshijn\u00eb teknologjin\u00eb e informacionit, aktivitetet arkitekturore dhe inxhinierike, kujdesin sh\u00ebndet\u00ebsor dhe social, sh\u00ebrbimet q\u00eb lidhen me turizmin, mir\u00ebmbajtjen dhe riparimin.<\/p>\n<p>\n\tNga buxheti i p\u00ebrgjithsh\u00ebm, dy milion\u00eb euro jan\u00eb t\u00eb destinuara p\u00ebr mb\u00ebshtetjen e kompanive prodhuese dhe nj\u00eb milion\u00eb euro do t\u00eb shpenzohen p\u00ebr t&#39;i ndihmuar ato biznese t\u00eb vogla q\u00eb merren me veprimtari sh\u00ebrbimi. Shuma e mb\u00ebshtetjes p\u00ebr projekt individual p\u00ebr kompanit\u00eb e regjistruara p\u00ebr aktivitete prodhuese \u00ebsht\u00eb nga 10.000 deri n\u00eb 40.000 euro, nd\u00ebrsa p\u00ebr kompanit\u00eb e regjistruara p\u00ebr ofrimin e sh\u00ebrbimeve nga 10.000 deri n\u00eb 30.000 euro. N\u00eb t\u00eb dyja rastet k\u00ebrkohet nj\u00eb bashk\u00ebfinancim minimal prej 20 p\u00ebr qind t\u00eb vler\u00ebs s\u00eb projektit, ose 15 p\u00ebr qind p\u00ebr kompanit\u00eb nga bashkit\u00eb q\u00eb i p\u00ebrkasin kategoris\u00eb s\u00eb kat\u00ebrt t\u00eb zhvillimit.<\/p>\n<p>\n\tProgrami i EU PRO Plus, i cili po zbatohet n\u00eb bashk\u00ebpunim me Ministrin\u00eb e Integrimeve Evropiane, pas Vranj\u00ebs do t\u00eb mbaj\u00eb sesione informuese p\u00ebr k\u00ebt\u00eb thirrje publike n\u00eb Preshev\u00eb dhe \u00c7a\u00e7ak, nd\u00ebrsa informimi online do t\u00eb mbahet t\u00eb premten, m\u00eb 3 qershor 2022. n\u00eb or\u00ebn 11 t\u00eb m\u00ebngjesit.<\/p>\n<p>\n\tM\u00eb shum\u00eb informacion mbi kushtet e thirrjes, kriteret p\u00ebr p\u00ebrzgjedhjen e p\u00ebrfituesve, m\u00ebnyr\u00ebn e aplikimit dhe dokumentacionin p\u00ebr aplikim gjenden n\u00eb faqen e internetit t\u00eb Programit EU PRO Plus: Thirrja publike p\u00ebr propozim-projekte p\u00ebr prokurimin e pajisjeve dhe prezantimin e sh\u00ebrbimeve p\u00ebr sip\u00ebrmarr\u00ebsit, nd\u00ebrmarrjet mikro dhe t\u00eb vogla<\/p>\n<p>\n\tORAR I SESIONET INFORMATIVE SIPAS QYTETEVE DHE KOMUNAVE<\/p>\n<p>\n\t\u25cf Vranje, e m\u00ebrkur\u00eb, 1 qershor, ora 11:00, Hotel Ponte Bianco, Branislava Nushiqa 2<\/p>\n<p>\n\t\u25cf Valjev\u00eb, e m\u00ebrkur\u00eb, 1 qershor, ora 11:00, Hotel Grand, Trg Zhivojina Mishiqa 1<\/p>\n<p>\n\t\u25cf \u010ca\u010dak, e enjte, 2 qershor, ora 11:00, Hotel Beograd, Gradsko shetalishte bb.<\/p>\n<p>\n\t\u25cf Preshev\u00eb e enjte 02 qershor ora 11 Komuna e Preshev\u00ebs Marshala Tita 36.<\/p>\n<p>\n\tP\u00ebr t\u00eb marr\u00eb pjes\u00eb n\u00eb sesionet informative, duhet t\u00eb regjistroheni p\u00ebrmes linkut n\u00eb faqen e EU PRO Plus.<\/p>\n<p>\n\tAktivitetet e programit EU PRO Plus, i cili kontribuon n\u00eb nj\u00eb zhvillim m\u00eb t\u00eb balancuar socio-ekonomik t\u00eb Serbis\u00eb, mb\u00ebshteten nga Bashkimi Evropian me 40 milion\u00eb euro. Programi, i zbatuar nga Ministria e Integrimeve Evropiane, synon t\u00eb kontribuoj\u00eb n\u00eb p\u00ebrmir\u00ebsimin e qeverisjes s\u00eb zhvillimit territorial, rritjen ekonomike dhe p\u00ebrmir\u00ebsimin e infrastruktur\u00ebs sociale dhe kohezionit n\u00eb 99 nj\u00ebsi t\u00eb vet\u00ebqeverisjes lokale n\u00eb dy rajone: Shumadija dhe Serbia Per\u00ebndimore, Jugore dhe Lindore. . Aktivitetet n\u00eb terren kryhen nga UNOPS.<\/p>\n<p>\n\t<strong>Burimi:UNOPS. Trupi koordinues<\/strong><\/p>\n<p>\n\t\u00a0<\/p>\n","protected":false},"excerpt":{"rendered":"<p>Programi EU PRO Plus do t\u00eb mbaj\u00eb nj\u00eb info-sesion mbi thirrjen publike p\u00ebr mb\u00ebshtetje p\u00ebr sip\u00ebrmarr\u00ebsit dhe nd\u00ebrmarrjet mikro dhe t\u00eb vogla t\u00eb m\u00ebrkur\u00ebn, 1 qershor 2022 n\u00eb Vraj\u00eb, n\u00eb hotel Ponte Bjanko (Branislava Nushiqa 2) n\u00eb or\u00ebn 11:00.<\/p>\n","protected":false},"author":1,"featured_media":107547,"comment_status":"closed","ping_status":"closed","sticky":false,"template":"","format":"standard","meta":{"footnotes":""},"categories":[55],"tags":[],"class_list":["post-107542","post","type-post","status-publish","format-standard","has-post-thumbnail","hentry","category-lajme"],"yoast_head":"<!-- This site is optimized with the Yoast SEO plugin v27.5 - https:\/\/yoast.com\/product\/yoast-seo-wordpress\/ -->\n<title>EU PRO PLUS PARAQET THIRRJE PUBLIKE P\u00cbR NDARJE T\u00cb GRANTEVE SIP\u00cbRMARR\u00cbSVE, ND\u00cbRMARRJEVE MIKRO DHE T\u00cb VOGLA - Republika e S\u00ebrbis\u00eb Trupi Koordinues p\u00ebr komunat Bujanoc, Preshev\u00eb dhe Medvegj\u00eb<\/title>\n<meta name=\"robots\" content=\"index, follow, max-snippet:-1, max-image-preview:large, max-video-preview:-1\" \/>\n<link rel=\"canonical\" href=\"https:\/\/kt.gov.rs\/sq\/eu-pro-plus-paraqet-thirrje-publike-per-ndarje-te-granteve-sipermarresve-ndermarrjeve-mikro-dhe-te-vogla\/\" \/>\n<meta property=\"og:locale\" content=\"sq_AL\" \/>\n<meta property=\"og:type\" content=\"article\" \/>\n<meta property=\"og:title\" content=\"EU PRO PLUS PARAQET THIRRJE PUBLIKE P\u00cbR NDARJE T\u00cb GRANTEVE SIP\u00cbRMARR\u00cbSVE, ND\u00cbRMARRJEVE MIKRO DHE T\u00cb VOGLA - Republika e S\u00ebrbis\u00eb Trupi Koordinues p\u00ebr komunat Bujanoc, Preshev\u00eb dhe Medvegj\u00eb\" \/>\n<meta property=\"og:description\" content=\"Programi EU PRO Plus do t\u00eb mbaj\u00eb nj\u00eb info-sesion mbi thirrjen publike p\u00ebr mb\u00ebshtetje p\u00ebr sip\u00ebrmarr\u00ebsit dhe nd\u00ebrmarrjet mikro dhe t\u00eb vogla t\u00eb m\u00ebrkur\u00ebn, 1 qershor 2022 n\u00eb Vraj\u00eb, n\u00eb hotel Ponte Bjanko (Branislava Nushiqa 2) n\u00eb or\u00ebn 11:00.\" \/>\n<meta property=\"og:url\" content=\"https:\/\/kt.gov.rs\/sq\/eu-pro-plus-paraqet-thirrje-publike-per-ndarje-te-granteve-sipermarresve-ndermarrjeve-mikro-dhe-te-vogla\/\" \/>\n<meta property=\"og:site_name\" content=\"Republika e S\u00ebrbis\u00eb Trupi Koordinues p\u00ebr komunat Bujanoc, Preshev\u00eb dhe Medvegj\u00eb\" \/>\n<meta property=\"article:publisher\" content=\"https:\/\/www.facebook.com\/SluzbaKoordinacionogTelaVladeRepublikeSrbije\" \/>\n<meta property=\"article:published_time\" content=\"2022-05-31T00:00:00+00:00\" \/>\n<meta property=\"article:modified_time\" content=\"2024-07-30T17:56:44+00:00\" \/>\n<meta property=\"og:image\" content=\"https:\/\/kt.gov.rs\/wp-content\/uploads\/2024\/07\/1653994501_31052022_1-3.jpg\" \/>\n\t<meta property=\"og:image:width\" content=\"315\" \/>\n\t<meta property=\"og:image:height\" content=\"230\" \/>\n\t<meta property=\"og:image:type\" content=\"image\/jpeg\" \/>\n<meta name=\"author\" content=\"ktmin\" \/>\n<meta name=\"twitter:card\" content=\"summary_large_image\" \/>\n<meta name=\"twitter:creator\" content=\"@kt_gov\" \/>\n<meta name=\"twitter:site\" content=\"@kt_gov\" \/>\n<meta name=\"twitter:label1\" content=\"Written by\" \/>\n\t<meta name=\"twitter:data1\" content=\"ktmin\" \/>\n\t<meta name=\"twitter:label2\" content=\"Est. reading time\" \/>\n\t<meta name=\"twitter:data2\" content=\"4 minutes\" \/>\n<script type=\"application\/ld+json\" class=\"yoast-schema-graph\">{\"@context\":\"https:\\\/\\\/schema.org\",\"@graph\":[{\"@type\":\"Article\",\"@id\":\"https:\\\/\\\/kt.gov.rs\\\/sq\\\/eu-pro-plus-paraqet-thirrje-publike-per-ndarje-te-granteve-sipermarresve-ndermarrjeve-mikro-dhe-te-vogla\\\/#article\",\"isPartOf\":{\"@id\":\"https:\\\/\\\/kt.gov.rs\\\/sq\\\/eu-pro-plus-paraqet-thirrje-publike-per-ndarje-te-granteve-sipermarresve-ndermarrjeve-mikro-dhe-te-vogla\\\/\"},\"author\":{\"name\":\"ktmin\",\"@id\":\"https:\\\/\\\/kt.gov.rs\\\/#\\\/schema\\\/person\\\/e426459ddb4173309103390602694571\"},\"headline\":\"EU PRO PLUS PARAQET THIRRJE PUBLIKE P\u00cbR NDARJE T\u00cb GRANTEVE SIP\u00cbRMARR\u00cbSVE, ND\u00cbRMARRJEVE MIKRO DHE T\u00cb VOGLA\",\"datePublished\":\"2022-05-31T00:00:00+00:00\",\"dateModified\":\"2024-07-30T17:56:44+00:00\",\"mainEntityOfPage\":{\"@id\":\"https:\\\/\\\/kt.gov.rs\\\/sq\\\/eu-pro-plus-paraqet-thirrje-publike-per-ndarje-te-granteve-sipermarresve-ndermarrjeve-mikro-dhe-te-vogla\\\/\"},\"wordCount\":783,\"publisher\":{\"@id\":\"https:\\\/\\\/kt.gov.rs\\\/#organization\"},\"image\":{\"@id\":\"https:\\\/\\\/kt.gov.rs\\\/sq\\\/eu-pro-plus-paraqet-thirrje-publike-per-ndarje-te-granteve-sipermarresve-ndermarrjeve-mikro-dhe-te-vogla\\\/#primaryimage\"},\"thumbnailUrl\":\"https:\\\/\\\/kt.gov.rs\\\/wp-content\\\/uploads\\\/2024\\\/07\\\/1653994501_31052022_1-3.jpg\",\"articleSection\":[\"Lajme\"],\"inLanguage\":\"sq-AL\"},{\"@type\":\"WebPage\",\"@id\":\"https:\\\/\\\/kt.gov.rs\\\/sq\\\/eu-pro-plus-paraqet-thirrje-publike-per-ndarje-te-granteve-sipermarresve-ndermarrjeve-mikro-dhe-te-vogla\\\/\",\"url\":\"https:\\\/\\\/kt.gov.rs\\\/sq\\\/eu-pro-plus-paraqet-thirrje-publike-per-ndarje-te-granteve-sipermarresve-ndermarrjeve-mikro-dhe-te-vogla\\\/\",\"name\":\"EU PRO PLUS PARAQET THIRRJE PUBLIKE P\u00cbR NDARJE T\u00cb GRANTEVE SIP\u00cbRMARR\u00cbSVE, ND\u00cbRMARRJEVE MIKRO DHE T\u00cb VOGLA - Republika e S\u00ebrbis\u00eb Trupi Koordinues p\u00ebr komunat Bujanoc, Preshev\u00eb dhe Medvegj\u00eb\",\"isPartOf\":{\"@id\":\"https:\\\/\\\/kt.gov.rs\\\/#website\"},\"primaryImageOfPage\":{\"@id\":\"https:\\\/\\\/kt.gov.rs\\\/sq\\\/eu-pro-plus-paraqet-thirrje-publike-per-ndarje-te-granteve-sipermarresve-ndermarrjeve-mikro-dhe-te-vogla\\\/#primaryimage\"},\"image\":{\"@id\":\"https:\\\/\\\/kt.gov.rs\\\/sq\\\/eu-pro-plus-paraqet-thirrje-publike-per-ndarje-te-granteve-sipermarresve-ndermarrjeve-mikro-dhe-te-vogla\\\/#primaryimage\"},\"thumbnailUrl\":\"https:\\\/\\\/kt.gov.rs\\\/wp-content\\\/uploads\\\/2024\\\/07\\\/1653994501_31052022_1-3.jpg\",\"datePublished\":\"2022-05-31T00:00:00+00:00\",\"dateModified\":\"2024-07-30T17:56:44+00:00\",\"breadcrumb\":{\"@id\":\"https:\\\/\\\/kt.gov.rs\\\/sq\\\/eu-pro-plus-paraqet-thirrje-publike-per-ndarje-te-granteve-sipermarresve-ndermarrjeve-mikro-dhe-te-vogla\\\/#breadcrumb\"},\"inLanguage\":\"sq-AL\",\"potentialAction\":[{\"@type\":\"ReadAction\",\"target\":[\"https:\\\/\\\/kt.gov.rs\\\/sq\\\/eu-pro-plus-paraqet-thirrje-publike-per-ndarje-te-granteve-sipermarresve-ndermarrjeve-mikro-dhe-te-vogla\\\/\"]}]},{\"@type\":\"ImageObject\",\"inLanguage\":\"sq-AL\",\"@id\":\"https:\\\/\\\/kt.gov.rs\\\/sq\\\/eu-pro-plus-paraqet-thirrje-publike-per-ndarje-te-granteve-sipermarresve-ndermarrjeve-mikro-dhe-te-vogla\\\/#primaryimage\",\"url\":\"https:\\\/\\\/kt.gov.rs\\\/wp-content\\\/uploads\\\/2024\\\/07\\\/1653994501_31052022_1-3.jpg\",\"contentUrl\":\"https:\\\/\\\/kt.gov.rs\\\/wp-content\\\/uploads\\\/2024\\\/07\\\/1653994501_31052022_1-3.jpg\",\"width\":315,\"height\":230},{\"@type\":\"BreadcrumbList\",\"@id\":\"https:\\\/\\\/kt.gov.rs\\\/sq\\\/eu-pro-plus-paraqet-thirrje-publike-per-ndarje-te-granteve-sipermarresve-ndermarrjeve-mikro-dhe-te-vogla\\\/#breadcrumb\",\"itemListElement\":[{\"@type\":\"ListItem\",\"position\":1,\"name\":\"\u041f\u043e\u0447\u0435\u0442\u043d\u0430\",\"item\":\"https:\\\/\\\/kt.gov.rs\\\/sq\\\/\"},{\"@type\":\"ListItem\",\"position\":2,\"name\":\"EU PRO PLUS PARAQET THIRRJE PUBLIKE P\u00cbR NDARJE T\u00cb GRANTEVE SIP\u00cbRMARR\u00cbSVE, ND\u00cbRMARRJEVE MIKRO DHE T\u00cb VOGLA\"}]},{\"@type\":\"WebSite\",\"@id\":\"https:\\\/\\\/kt.gov.rs\\\/#website\",\"url\":\"https:\\\/\\\/kt.gov.rs\\\/\",\"name\":\"\u041a\u043e\u043e\u0440\u0434\u0438\u043d\u0430\u0446\u0438\u043e\u043d\u043e \u0442\u0435\u043b\u043e \u0412\u043b\u0430\u0434\u0435 \u0420\u0435\u043f\u0443\u0431\u043b\u0438\u043a\u0435 \u0421\u0440\u0431\u0438\u0458\u0435 \u0437\u0430 \u043e\u043f\u0448\u0442\u0438\u043d\u0435 \u041f\u0440\u0435\u0448\u0435\u0432\u043e, \u0411\u0443\u0458\u0430\u043d\u043e\u0432\u0430\u0446 \u0438 \u041c\u0435\u0434\u0432\u0435\u0452a\",\"description\":\"\",\"publisher\":{\"@id\":\"https:\\\/\\\/kt.gov.rs\\\/#organization\"},\"alternateName\":\"\u041a\u043e\u043e\u0440\u0434\u0438\u043d\u0430\u0446\u0438\u043e\u043d\u043e \u0442\u0435\u043b\u043e\",\"potentialAction\":[{\"@type\":\"SearchAction\",\"target\":{\"@type\":\"EntryPoint\",\"urlTemplate\":\"https:\\\/\\\/kt.gov.rs\\\/?s={search_term_string}\"},\"query-input\":{\"@type\":\"PropertyValueSpecification\",\"valueRequired\":true,\"valueName\":\"search_term_string\"}}],\"inLanguage\":\"sq-AL\"},{\"@type\":\"Organization\",\"@id\":\"https:\\\/\\\/kt.gov.rs\\\/#organization\",\"name\":\"\u041a\u043e\u043e\u0440\u0434\u0438\u043d\u0430\u0446\u0438\u043e\u043d\u043e \u0442\u0435\u043b\u043e \u0412\u043b\u0430\u0434\u0435 \u0420\u0435\u043f\u0443\u0431\u043b\u0438\u043a\u0435 \u0421\u0440\u0431\u0438\u0458\u0435 \u0437\u0430 \u043e\u043f\u0448\u0442\u0438\u043d\u0435 \u041f\u0440\u0435\u0448\u0435\u0432\u043e, \u0411\u0443\u0458\u0430\u043d\u043e\u0432\u0430\u0446 \u0438 \u041c\u0435\u0434\u0432\u0435\u0452a\",\"alternateName\":\"\u041a\u043e\u043e\u0440\u0434\u0438\u043d\u0430\u0446\u0438\u043e\u043d\u043e \u0442\u0435\u043b\u043e\",\"url\":\"https:\\\/\\\/kt.gov.rs\\\/\",\"logo\":{\"@type\":\"ImageObject\",\"inLanguage\":\"sq-AL\",\"@id\":\"https:\\\/\\\/kt.gov.rs\\\/#\\\/schema\\\/logo\\\/image\\\/\",\"url\":\"https:\\\/\\\/kt.gov.rs\\\/wp-content\\\/uploads\\\/2024\\\/12\\\/koord2.jpg\",\"contentUrl\":\"https:\\\/\\\/kt.gov.rs\\\/wp-content\\\/uploads\\\/2024\\\/12\\\/koord2.jpg\",\"width\":640,\"height\":480,\"caption\":\"\u041a\u043e\u043e\u0440\u0434\u0438\u043d\u0430\u0446\u0438\u043e\u043d\u043e \u0442\u0435\u043b\u043e \u0412\u043b\u0430\u0434\u0435 \u0420\u0435\u043f\u0443\u0431\u043b\u0438\u043a\u0435 \u0421\u0440\u0431\u0438\u0458\u0435 \u0437\u0430 \u043e\u043f\u0448\u0442\u0438\u043d\u0435 \u041f\u0440\u0435\u0448\u0435\u0432\u043e, \u0411\u0443\u0458\u0430\u043d\u043e\u0432\u0430\u0446 \u0438 \u041c\u0435\u0434\u0432\u0435\u0452a\"},\"image\":{\"@id\":\"https:\\\/\\\/kt.gov.rs\\\/#\\\/schema\\\/logo\\\/image\\\/\"},\"sameAs\":[\"https:\\\/\\\/www.facebook.com\\\/SluzbaKoordinacionogTelaVladeRepublikeSrbije\",\"https:\\\/\\\/x.com\\\/kt_gov\",\"https:\\\/\\\/www.youtube.com\\\/@koordinacionotelo\"]},{\"@type\":\"Person\",\"@id\":\"https:\\\/\\\/kt.gov.rs\\\/#\\\/schema\\\/person\\\/e426459ddb4173309103390602694571\",\"name\":\"ktmin\",\"image\":{\"@type\":\"ImageObject\",\"inLanguage\":\"sq-AL\",\"@id\":\"https:\\\/\\\/secure.gravatar.com\\\/avatar\\\/3985c961109853010c3fbc7ba30365bfba5db3dd6c525831d9c595c7525a615a?s=96&d=mm&r=g\",\"url\":\"https:\\\/\\\/secure.gravatar.com\\\/avatar\\\/3985c961109853010c3fbc7ba30365bfba5db3dd6c525831d9c595c7525a615a?s=96&d=mm&r=g\",\"contentUrl\":\"https:\\\/\\\/secure.gravatar.com\\\/avatar\\\/3985c961109853010c3fbc7ba30365bfba5db3dd6c525831d9c595c7525a615a?s=96&d=mm&r=g\",\"caption\":\"ktmin\"},\"sameAs\":[\"https:\\\/\\\/kt.gov.rs\"],\"url\":\"https:\\\/\\\/kt.gov.rs\\\/sq\\\/author\\\/ktmin\\\/\"}]}<\/script>\n<!-- \/ Yoast SEO plugin. -->","yoast_head_json":{"title":"EU PRO PLUS PARAQET THIRRJE PUBLIKE P\u00cbR NDARJE T\u00cb GRANTEVE SIP\u00cbRMARR\u00cbSVE, ND\u00cbRMARRJEVE MIKRO DHE T\u00cb VOGLA - Republika e S\u00ebrbis\u00eb Trupi Koordinues p\u00ebr komunat Bujanoc, Preshev\u00eb dhe Medvegj\u00eb","robots":{"index":"index","follow":"follow","max-snippet":"max-snippet:-1","max-image-preview":"max-image-preview:large","max-video-preview":"max-video-preview:-1"},"canonical":"https:\/\/kt.gov.rs\/sq\/eu-pro-plus-paraqet-thirrje-publike-per-ndarje-te-granteve-sipermarresve-ndermarrjeve-mikro-dhe-te-vogla\/","og_locale":"sq_AL","og_type":"article","og_title":"EU PRO PLUS PARAQET THIRRJE PUBLIKE P\u00cbR NDARJE T\u00cb GRANTEVE SIP\u00cbRMARR\u00cbSVE, ND\u00cbRMARRJEVE MIKRO DHE T\u00cb VOGLA - Republika e S\u00ebrbis\u00eb Trupi Koordinues p\u00ebr komunat Bujanoc, Preshev\u00eb dhe Medvegj\u00eb","og_description":"Programi EU PRO Plus do t\u00eb mbaj\u00eb nj\u00eb info-sesion mbi thirrjen publike p\u00ebr mb\u00ebshtetje p\u00ebr sip\u00ebrmarr\u00ebsit dhe nd\u00ebrmarrjet mikro dhe t\u00eb vogla t\u00eb m\u00ebrkur\u00ebn, 1 qershor 2022 n\u00eb Vraj\u00eb, n\u00eb hotel Ponte Bjanko (Branislava Nushiqa 2) n\u00eb or\u00ebn 11:00.","og_url":"https:\/\/kt.gov.rs\/sq\/eu-pro-plus-paraqet-thirrje-publike-per-ndarje-te-granteve-sipermarresve-ndermarrjeve-mikro-dhe-te-vogla\/","og_site_name":"Republika e S\u00ebrbis\u00eb Trupi Koordinues p\u00ebr komunat Bujanoc, Preshev\u00eb dhe Medvegj\u00eb","article_publisher":"https:\/\/www.facebook.com\/SluzbaKoordinacionogTelaVladeRepublikeSrbije","article_published_time":"2022-05-31T00:00:00+00:00","article_modified_time":"2024-07-30T17:56:44+00:00","og_image":[{"width":315,"height":230,"url":"https:\/\/kt.gov.rs\/wp-content\/uploads\/2024\/07\/1653994501_31052022_1-3.jpg","type":"image\/jpeg"}],"author":"ktmin","twitter_card":"summary_large_image","twitter_creator":"@kt_gov","twitter_site":"@kt_gov","twitter_misc":{"Written by":"ktmin","Est. reading time":"4 minutes"},"schema":{"@context":"https:\/\/schema.org","@graph":[{"@type":"Article","@id":"https:\/\/kt.gov.rs\/sq\/eu-pro-plus-paraqet-thirrje-publike-per-ndarje-te-granteve-sipermarresve-ndermarrjeve-mikro-dhe-te-vogla\/#article","isPartOf":{"@id":"https:\/\/kt.gov.rs\/sq\/eu-pro-plus-paraqet-thirrje-publike-per-ndarje-te-granteve-sipermarresve-ndermarrjeve-mikro-dhe-te-vogla\/"},"author":{"name":"ktmin","@id":"https:\/\/kt.gov.rs\/#\/schema\/person\/e426459ddb4173309103390602694571"},"headline":"EU PRO PLUS PARAQET THIRRJE PUBLIKE P\u00cbR NDARJE T\u00cb GRANTEVE SIP\u00cbRMARR\u00cbSVE, ND\u00cbRMARRJEVE MIKRO DHE T\u00cb VOGLA","datePublished":"2022-05-31T00:00:00+00:00","dateModified":"2024-07-30T17:56:44+00:00","mainEntityOfPage":{"@id":"https:\/\/kt.gov.rs\/sq\/eu-pro-plus-paraqet-thirrje-publike-per-ndarje-te-granteve-sipermarresve-ndermarrjeve-mikro-dhe-te-vogla\/"},"wordCount":783,"publisher":{"@id":"https:\/\/kt.gov.rs\/#organization"},"image":{"@id":"https:\/\/kt.gov.rs\/sq\/eu-pro-plus-paraqet-thirrje-publike-per-ndarje-te-granteve-sipermarresve-ndermarrjeve-mikro-dhe-te-vogla\/#primaryimage"},"thumbnailUrl":"https:\/\/kt.gov.rs\/wp-content\/uploads\/2024\/07\/1653994501_31052022_1-3.jpg","articleSection":["Lajme"],"inLanguage":"sq-AL"},{"@type":"WebPage","@id":"https:\/\/kt.gov.rs\/sq\/eu-pro-plus-paraqet-thirrje-publike-per-ndarje-te-granteve-sipermarresve-ndermarrjeve-mikro-dhe-te-vogla\/","url":"https:\/\/kt.gov.rs\/sq\/eu-pro-plus-paraqet-thirrje-publike-per-ndarje-te-granteve-sipermarresve-ndermarrjeve-mikro-dhe-te-vogla\/","name":"EU PRO PLUS PARAQET THIRRJE PUBLIKE P\u00cbR NDARJE T\u00cb GRANTEVE SIP\u00cbRMARR\u00cbSVE, ND\u00cbRMARRJEVE MIKRO DHE T\u00cb VOGLA - Republika e S\u00ebrbis\u00eb Trupi Koordinues p\u00ebr komunat Bujanoc, Preshev\u00eb dhe Medvegj\u00eb","isPartOf":{"@id":"https:\/\/kt.gov.rs\/#website"},"primaryImageOfPage":{"@id":"https:\/\/kt.gov.rs\/sq\/eu-pro-plus-paraqet-thirrje-publike-per-ndarje-te-granteve-sipermarresve-ndermarrjeve-mikro-dhe-te-vogla\/#primaryimage"},"image":{"@id":"https:\/\/kt.gov.rs\/sq\/eu-pro-plus-paraqet-thirrje-publike-per-ndarje-te-granteve-sipermarresve-ndermarrjeve-mikro-dhe-te-vogla\/#primaryimage"},"thumbnailUrl":"https:\/\/kt.gov.rs\/wp-content\/uploads\/2024\/07\/1653994501_31052022_1-3.jpg","datePublished":"2022-05-31T00:00:00+00:00","dateModified":"2024-07-30T17:56:44+00:00","breadcrumb":{"@id":"https:\/\/kt.gov.rs\/sq\/eu-pro-plus-paraqet-thirrje-publike-per-ndarje-te-granteve-sipermarresve-ndermarrjeve-mikro-dhe-te-vogla\/#breadcrumb"},"inLanguage":"sq-AL","potentialAction":[{"@type":"ReadAction","target":["https:\/\/kt.gov.rs\/sq\/eu-pro-plus-paraqet-thirrje-publike-per-ndarje-te-granteve-sipermarresve-ndermarrjeve-mikro-dhe-te-vogla\/"]}]},{"@type":"ImageObject","inLanguage":"sq-AL","@id":"https:\/\/kt.gov.rs\/sq\/eu-pro-plus-paraqet-thirrje-publike-per-ndarje-te-granteve-sipermarresve-ndermarrjeve-mikro-dhe-te-vogla\/#primaryimage","url":"https:\/\/kt.gov.rs\/wp-content\/uploads\/2024\/07\/1653994501_31052022_1-3.jpg","contentUrl":"https:\/\/kt.gov.rs\/wp-content\/uploads\/2024\/07\/1653994501_31052022_1-3.jpg","width":315,"height":230},{"@type":"BreadcrumbList","@id":"https:\/\/kt.gov.rs\/sq\/eu-pro-plus-paraqet-thirrje-publike-per-ndarje-te-granteve-sipermarresve-ndermarrjeve-mikro-dhe-te-vogla\/#breadcrumb","itemListElement":[{"@type":"ListItem","position":1,"name":"\u041f\u043e\u0447\u0435\u0442\u043d\u0430","item":"https:\/\/kt.gov.rs\/sq\/"},{"@type":"ListItem","position":2,"name":"EU PRO PLUS PARAQET THIRRJE PUBLIKE P\u00cbR NDARJE T\u00cb GRANTEVE SIP\u00cbRMARR\u00cbSVE, ND\u00cbRMARRJEVE MIKRO DHE T\u00cb VOGLA"}]},{"@type":"WebSite","@id":"https:\/\/kt.gov.rs\/#website","url":"https:\/\/kt.gov.rs\/","name":"\u041a\u043e\u043e\u0440\u0434\u0438\u043d\u0430\u0446\u0438\u043e\u043d\u043e \u0442\u0435\u043b\u043e \u0412\u043b\u0430\u0434\u0435 \u0420\u0435\u043f\u0443\u0431\u043b\u0438\u043a\u0435 \u0421\u0440\u0431\u0438\u0458\u0435 \u0437\u0430 \u043e\u043f\u0448\u0442\u0438\u043d\u0435 \u041f\u0440\u0435\u0448\u0435\u0432\u043e, \u0411\u0443\u0458\u0430\u043d\u043e\u0432\u0430\u0446 \u0438 \u041c\u0435\u0434\u0432\u0435\u0452a","description":"","publisher":{"@id":"https:\/\/kt.gov.rs\/#organization"},"alternateName":"\u041a\u043e\u043e\u0440\u0434\u0438\u043d\u0430\u0446\u0438\u043e\u043d\u043e \u0442\u0435\u043b\u043e","potentialAction":[{"@type":"SearchAction","target":{"@type":"EntryPoint","urlTemplate":"https:\/\/kt.gov.rs\/?s={search_term_string}"},"query-input":{"@type":"PropertyValueSpecification","valueRequired":true,"valueName":"search_term_string"}}],"inLanguage":"sq-AL"},{"@type":"Organization","@id":"https:\/\/kt.gov.rs\/#organization","name":"\u041a\u043e\u043e\u0440\u0434\u0438\u043d\u0430\u0446\u0438\u043e\u043d\u043e \u0442\u0435\u043b\u043e \u0412\u043b\u0430\u0434\u0435 \u0420\u0435\u043f\u0443\u0431\u043b\u0438\u043a\u0435 \u0421\u0440\u0431\u0438\u0458\u0435 \u0437\u0430 \u043e\u043f\u0448\u0442\u0438\u043d\u0435 \u041f\u0440\u0435\u0448\u0435\u0432\u043e, \u0411\u0443\u0458\u0430\u043d\u043e\u0432\u0430\u0446 \u0438 \u041c\u0435\u0434\u0432\u0435\u0452a","alternateName":"\u041a\u043e\u043e\u0440\u0434\u0438\u043d\u0430\u0446\u0438\u043e\u043d\u043e \u0442\u0435\u043b\u043e","url":"https:\/\/kt.gov.rs\/","logo":{"@type":"ImageObject","inLanguage":"sq-AL","@id":"https:\/\/kt.gov.rs\/#\/schema\/logo\/image\/","url":"https:\/\/kt.gov.rs\/wp-content\/uploads\/2024\/12\/koord2.jpg","contentUrl":"https:\/\/kt.gov.rs\/wp-content\/uploads\/2024\/12\/koord2.jpg","width":640,"height":480,"caption":"\u041a\u043e\u043e\u0440\u0434\u0438\u043d\u0430\u0446\u0438\u043e\u043d\u043e \u0442\u0435\u043b\u043e \u0412\u043b\u0430\u0434\u0435 \u0420\u0435\u043f\u0443\u0431\u043b\u0438\u043a\u0435 \u0421\u0440\u0431\u0438\u0458\u0435 \u0437\u0430 \u043e\u043f\u0448\u0442\u0438\u043d\u0435 \u041f\u0440\u0435\u0448\u0435\u0432\u043e, \u0411\u0443\u0458\u0430\u043d\u043e\u0432\u0430\u0446 \u0438 \u041c\u0435\u0434\u0432\u0435\u0452a"},"image":{"@id":"https:\/\/kt.gov.rs\/#\/schema\/logo\/image\/"},"sameAs":["https:\/\/www.facebook.com\/SluzbaKoordinacionogTelaVladeRepublikeSrbije","https:\/\/x.com\/kt_gov","https:\/\/www.youtube.com\/@koordinacionotelo"]},{"@type":"Person","@id":"https:\/\/kt.gov.rs\/#\/schema\/person\/e426459ddb4173309103390602694571","name":"ktmin","image":{"@type":"ImageObject","inLanguage":"sq-AL","@id":"https:\/\/secure.gravatar.com\/avatar\/3985c961109853010c3fbc7ba30365bfba5db3dd6c525831d9c595c7525a615a?s=96&d=mm&r=g","url":"https:\/\/secure.gravatar.com\/avatar\/3985c961109853010c3fbc7ba30365bfba5db3dd6c525831d9c595c7525a615a?s=96&d=mm&r=g","contentUrl":"https:\/\/secure.gravatar.com\/avatar\/3985c961109853010c3fbc7ba30365bfba5db3dd6c525831d9c595c7525a615a?s=96&d=mm&r=g","caption":"ktmin"},"sameAs":["https:\/\/kt.gov.rs"],"url":"https:\/\/kt.gov.rs\/sq\/author\/ktmin\/"}]}},"_links":{"self":[{"href":"https:\/\/kt.gov.rs\/sq\/wp-json\/wp\/v2\/posts\/107542","targetHints":{"allow":["GET"]}}],"collection":[{"href":"https:\/\/kt.gov.rs\/sq\/wp-json\/wp\/v2\/posts"}],"about":[{"href":"https:\/\/kt.gov.rs\/sq\/wp-json\/wp\/v2\/types\/post"}],"author":[{"embeddable":true,"href":"https:\/\/kt.gov.rs\/sq\/wp-json\/wp\/v2\/users\/1"}],"replies":[{"embeddable":true,"href":"https:\/\/kt.gov.rs\/sq\/wp-json\/wp\/v2\/comments?post=107542"}],"version-history":[{"count":1,"href":"https:\/\/kt.gov.rs\/sq\/wp-json\/wp\/v2\/posts\/107542\/revisions"}],"predecessor-version":[{"id":107546,"href":"https:\/\/kt.gov.rs\/sq\/wp-json\/wp\/v2\/posts\/107542\/revisions\/107546"}],"wp:featuredmedia":[{"embeddable":true,"href":"https:\/\/kt.gov.rs\/sq\/wp-json\/wp\/v2\/media\/107547"}],"wp:attachment":[{"href":"https:\/\/kt.gov.rs\/sq\/wp-json\/wp\/v2\/media?parent=107542"}],"wp:term":[{"taxonomy":"category","embeddable":true,"href":"https:\/\/kt.gov.rs\/sq\/wp-json\/wp\/v2\/categories?post=107542"},{"taxonomy":"post_tag","embeddable":true,"href":"https:\/\/kt.gov.rs\/sq\/wp-json\/wp\/v2\/tags?post=107542"}],"curies":[{"name":"wp","href":"https:\/\/api.w.org\/{rel}","templated":true}]}}