{"id":107534,"date":"2022-05-31T00:00:00","date_gmt":"2022-05-31T00:00:00","guid":{"rendered":"http:\/\/kt.printandscreen.rs\/ne-litici-ne-bujanovc-me-31-maj\/"},"modified":"2024-07-30T17:56:43","modified_gmt":"2024-07-30T17:56:43","slug":"ne-litici-ne-bujanovc-me-31-maj","status":"publish","type":"post","link":"https:\/\/kt.gov.rs\/sq\/ne-litici-ne-bujanovc-me-31-maj\/","title":{"rendered":"\u201cN\u00cb LITICI\u201d N\u00cb BUJANOVC ME 31 MAJ"},"content":{"rendered":"<p>\n\t<strong><img decoding=\"async\" alt=\"\" src=\"https:\/\/kt.gov.rs\/wp-content\/uploads\/2024\/07\/1653995501_31052022_2-2.jpg\" style=\"width: 315px; height: 230px; float: left;\" \/><\/strong><\/p>\n<p>\n\tBujanoc \u2013 Beograd \u2013 Shfaqja teatrale &quot;N\u00eb shk\u00ebmb&quot;, pas shfaqjes premier\u00eb n\u00eb Pan\u00e7ev\u00eb dhe Beograd, do t\u00eb luhet n\u00eb Bujanoc t\u00eb mart\u00ebn (31 maj) n\u00eb ora 19 n\u00eb Sht\u00ebpin\u00eb e Kultur\u00ebs &quot;Vuk Karaxhiq&quot;.<\/p>\n<p>\n\tShfaqja \u00ebsht\u00eb frym\u00ebzuar nga drama \u201cNorvegjia sot\u201d e shkrimtarit zviceran Igor Bauersima nd\u00ebrsa fjala \u00ebsht\u00eb p\u00ebr nj\u00eb dram\u00eb romantike ekzistencialiste p\u00ebr dy t\u00eb rinj q\u00eb k\u00ebrkojn\u00eb kuptimin e jet\u00ebs, bazuar n\u00eb nj\u00eb histori t\u00eb v\u00ebrtet\u00eb.<\/p>\n<p>\n\t\u00a0\u201cN\u00eb bised\u00eb, Julia njofton se d\u00ebshiron t\u00eb vras\u00eb veten dhe se nuk d\u00ebshiron ta b\u00ebj\u00eb e vetme\u201d, thuhet n\u00eb p\u00ebrshkrimin e shfaqjes.<\/p>\n<p>\n\t\u201cShfaqja flet p\u00ebr dy t\u00eb rinj q\u00eb po luftojn\u00eb me ndjenjat e vetmis\u00eb dhe p\u00ebrpiqen t\u00eb kuptojn\u00eb jet\u00ebn dhe ta gjejn\u00eb veten n\u00eb t\u00eb. \u201cNe u p\u00ebrpoq\u00ebm t\u00eb b\u00ebnim nj\u00eb shfaqje q\u00eb t\u00eb rinjt\u00eb do t\u00eb duan ta shohin dhe q\u00eb do t\u00eb flas\u00eb p\u00ebr \u00e7\u00ebshtje t\u00eb r\u00ebnd\u00ebsishme dhe ndjenja rreth tyre\u201d, thot\u00eb aktorja Maja Susha.<\/p>\n<p>\n\tShfaqja \u00ebsht\u00eb e destinuar p\u00ebr profesor\u00eb, student\u00eb, psikolog\u00eb, por edhe p\u00ebr t\u00eb gjith\u00eb ata q\u00eb jan\u00eb t\u00eb interesuar p\u00ebr tem\u00ebn p\u00ebr t\u00eb cil\u00ebn ai flet.<\/p>\n<p>\n\tN\u00eb protagonist\u00eb Maja Susha dhe Nikola Pavloviq, me regji t\u00eb Zoran Zarubica. Autor\u00eb t\u00eb zgjidhjes skenografike, identitetit vizual dhe animacionit jan\u00eb Milica Milosavljeviq dhe Bojana Ristiq. Muzika \u00ebsht\u00eb shkruar nga Luka Raciq dhe Zoran Zarubica, nd\u00ebrsa dizajni i ndri\u00e7imit \u00ebsht\u00eb i Aljosha Daki\u0107, nd\u00ebrsa autore e fotografis\u00eb \u00ebsht\u00eb Jana Stanisavljeviq<\/p>\n<p>\n\tHyrja \u00ebsht\u00eb falas.<\/p>\n<p>\n\tE nj\u00ebjta shfaqje do t\u00eb q\u00ebndroj\u00eb n\u00eb Vranj\u00eb dhe Leban.<\/p>\n<p>\n\tPas shfaqjes, n\u00eb t\u00eb tre qytetet do t\u00eb zhvillohen pun\u00ebtori me nx\u00ebn\u00ebs dhe m\u00ebsues me tem\u00ebn e sh\u00ebndetit mendor t\u00eb t\u00eb rinjve dhe problemet q\u00eb i mundojn\u00eb ata \u00e7do dit\u00eb.<\/p>\n<p>\n\t<strong>Burimi:Bujanovacke dhe Trupi mkoordinues<\/strong><\/p>\n<p>\n\t\u00a0<\/p>\n","protected":false},"excerpt":{"rendered":"<p>Bujanoc \u2013 Beograd \u2013 Shfaqja teatrale &quot;N\u00eb shk\u00ebmb&quot;, pas shfaqjes premier\u00eb n\u00eb Pan\u00e7ev\u00eb dhe Beograd, do t\u00eb luhet n\u00eb Bujanoc t\u00eb mart\u00ebn (31 maj) n\u00eb ora 19 n\u00eb Sht\u00ebpin\u00eb e Kultur\u00ebs &quot;Vuk Karaxhiq&quot;.<\/p>\n","protected":false},"author":1,"featured_media":107539,"comment_status":"closed","ping_status":"closed","sticky":false,"template":"","format":"standard","meta":{"footnotes":""},"categories":[55],"tags":[],"class_list":["post-107534","post","type-post","status-publish","format-standard","has-post-thumbnail","hentry","category-lajme"],"yoast_head":"<!-- This site is optimized with the Yoast SEO plugin v27.5 - https:\/\/yoast.com\/product\/yoast-seo-wordpress\/ -->\n<title>\u201cN\u00cb LITICI\u201d N\u00cb BUJANOVC ME 31 MAJ - Republika e S\u00ebrbis\u00eb Trupi Koordinues p\u00ebr komunat Bujanoc, Preshev\u00eb dhe Medvegj\u00eb<\/title>\n<meta name=\"robots\" content=\"index, follow, max-snippet:-1, max-image-preview:large, max-video-preview:-1\" \/>\n<link rel=\"canonical\" href=\"https:\/\/kt.gov.rs\/sq\/ne-litici-ne-bujanovc-me-31-maj\/\" \/>\n<meta property=\"og:locale\" content=\"sq_AL\" \/>\n<meta property=\"og:type\" content=\"article\" \/>\n<meta property=\"og:title\" content=\"\u201cN\u00cb LITICI\u201d N\u00cb BUJANOVC ME 31 MAJ - Republika e S\u00ebrbis\u00eb Trupi Koordinues p\u00ebr komunat Bujanoc, Preshev\u00eb dhe Medvegj\u00eb\" \/>\n<meta property=\"og:description\" content=\"Bujanoc - Beograd - Shfaqja teatrale &quot;N\u00eb shk\u00ebmb&quot;, pas shfaqjes premier\u00eb n\u00eb Pan\u00e7ev\u00eb dhe Beograd, do t\u00eb luhet n\u00eb Bujanoc t\u00eb mart\u00ebn (31 maj) n\u00eb ora 19 n\u00eb Sht\u00ebpin\u00eb e Kultur\u00ebs &quot;Vuk Karaxhiq&quot;.\" \/>\n<meta property=\"og:url\" content=\"https:\/\/kt.gov.rs\/sq\/ne-litici-ne-bujanovc-me-31-maj\/\" \/>\n<meta property=\"og:site_name\" content=\"Republika e S\u00ebrbis\u00eb Trupi Koordinues p\u00ebr komunat Bujanoc, Preshev\u00eb dhe Medvegj\u00eb\" \/>\n<meta property=\"article:publisher\" content=\"https:\/\/www.facebook.com\/SluzbaKoordinacionogTelaVladeRepublikeSrbije\" \/>\n<meta property=\"article:published_time\" content=\"2022-05-31T00:00:00+00:00\" \/>\n<meta property=\"article:modified_time\" content=\"2024-07-30T17:56:43+00:00\" \/>\n<meta property=\"og:image\" content=\"https:\/\/kt.gov.rs\/wp-content\/uploads\/2024\/07\/1653995501_31052022_2-3.jpg\" \/>\n\t<meta property=\"og:image:width\" content=\"315\" \/>\n\t<meta property=\"og:image:height\" content=\"230\" \/>\n\t<meta property=\"og:image:type\" content=\"image\/jpeg\" \/>\n<meta name=\"author\" content=\"ktmin\" \/>\n<meta name=\"twitter:card\" content=\"summary_large_image\" \/>\n<meta name=\"twitter:creator\" content=\"@kt_gov\" \/>\n<meta name=\"twitter:site\" content=\"@kt_gov\" \/>\n<meta name=\"twitter:label1\" content=\"Written by\" \/>\n\t<meta name=\"twitter:data1\" content=\"ktmin\" \/>\n\t<meta name=\"twitter:label2\" content=\"Est. reading time\" \/>\n\t<meta name=\"twitter:data2\" content=\"2 minutes\" \/>\n<script type=\"application\/ld+json\" class=\"yoast-schema-graph\">{\"@context\":\"https:\\\/\\\/schema.org\",\"@graph\":[{\"@type\":\"Article\",\"@id\":\"https:\\\/\\\/kt.gov.rs\\\/sq\\\/ne-litici-ne-bujanovc-me-31-maj\\\/#article\",\"isPartOf\":{\"@id\":\"https:\\\/\\\/kt.gov.rs\\\/sq\\\/ne-litici-ne-bujanovc-me-31-maj\\\/\"},\"author\":{\"name\":\"ktmin\",\"@id\":\"https:\\\/\\\/kt.gov.rs\\\/#\\\/schema\\\/person\\\/e426459ddb4173309103390602694571\"},\"headline\":\"\u201cN\u00cb LITICI\u201d N\u00cb BUJANOVC ME 31 MAJ\",\"datePublished\":\"2022-05-31T00:00:00+00:00\",\"dateModified\":\"2024-07-30T17:56:43+00:00\",\"mainEntityOfPage\":{\"@id\":\"https:\\\/\\\/kt.gov.rs\\\/sq\\\/ne-litici-ne-bujanovc-me-31-maj\\\/\"},\"wordCount\":460,\"publisher\":{\"@id\":\"https:\\\/\\\/kt.gov.rs\\\/#organization\"},\"image\":{\"@id\":\"https:\\\/\\\/kt.gov.rs\\\/sq\\\/ne-litici-ne-bujanovc-me-31-maj\\\/#primaryimage\"},\"thumbnailUrl\":\"https:\\\/\\\/kt.gov.rs\\\/wp-content\\\/uploads\\\/2024\\\/07\\\/1653995501_31052022_2-3.jpg\",\"articleSection\":[\"Lajme\"],\"inLanguage\":\"sq-AL\"},{\"@type\":\"WebPage\",\"@id\":\"https:\\\/\\\/kt.gov.rs\\\/sq\\\/ne-litici-ne-bujanovc-me-31-maj\\\/\",\"url\":\"https:\\\/\\\/kt.gov.rs\\\/sq\\\/ne-litici-ne-bujanovc-me-31-maj\\\/\",\"name\":\"\u201cN\u00cb LITICI\u201d N\u00cb BUJANOVC ME 31 MAJ - Republika e S\u00ebrbis\u00eb Trupi Koordinues p\u00ebr komunat Bujanoc, Preshev\u00eb dhe Medvegj\u00eb\",\"isPartOf\":{\"@id\":\"https:\\\/\\\/kt.gov.rs\\\/#website\"},\"primaryImageOfPage\":{\"@id\":\"https:\\\/\\\/kt.gov.rs\\\/sq\\\/ne-litici-ne-bujanovc-me-31-maj\\\/#primaryimage\"},\"image\":{\"@id\":\"https:\\\/\\\/kt.gov.rs\\\/sq\\\/ne-litici-ne-bujanovc-me-31-maj\\\/#primaryimage\"},\"thumbnailUrl\":\"https:\\\/\\\/kt.gov.rs\\\/wp-content\\\/uploads\\\/2024\\\/07\\\/1653995501_31052022_2-3.jpg\",\"datePublished\":\"2022-05-31T00:00:00+00:00\",\"dateModified\":\"2024-07-30T17:56:43+00:00\",\"breadcrumb\":{\"@id\":\"https:\\\/\\\/kt.gov.rs\\\/sq\\\/ne-litici-ne-bujanovc-me-31-maj\\\/#breadcrumb\"},\"inLanguage\":\"sq-AL\",\"potentialAction\":[{\"@type\":\"ReadAction\",\"target\":[\"https:\\\/\\\/kt.gov.rs\\\/sq\\\/ne-litici-ne-bujanovc-me-31-maj\\\/\"]}]},{\"@type\":\"ImageObject\",\"inLanguage\":\"sq-AL\",\"@id\":\"https:\\\/\\\/kt.gov.rs\\\/sq\\\/ne-litici-ne-bujanovc-me-31-maj\\\/#primaryimage\",\"url\":\"https:\\\/\\\/kt.gov.rs\\\/wp-content\\\/uploads\\\/2024\\\/07\\\/1653995501_31052022_2-3.jpg\",\"contentUrl\":\"https:\\\/\\\/kt.gov.rs\\\/wp-content\\\/uploads\\\/2024\\\/07\\\/1653995501_31052022_2-3.jpg\",\"width\":315,\"height\":230},{\"@type\":\"BreadcrumbList\",\"@id\":\"https:\\\/\\\/kt.gov.rs\\\/sq\\\/ne-litici-ne-bujanovc-me-31-maj\\\/#breadcrumb\",\"itemListElement\":[{\"@type\":\"ListItem\",\"position\":1,\"name\":\"\u041f\u043e\u0447\u0435\u0442\u043d\u0430\",\"item\":\"https:\\\/\\\/kt.gov.rs\\\/sq\\\/\"},{\"@type\":\"ListItem\",\"position\":2,\"name\":\"\u201cN\u00cb LITICI\u201d N\u00cb BUJANOVC ME 31 MAJ\"}]},{\"@type\":\"WebSite\",\"@id\":\"https:\\\/\\\/kt.gov.rs\\\/#website\",\"url\":\"https:\\\/\\\/kt.gov.rs\\\/\",\"name\":\"\u041a\u043e\u043e\u0440\u0434\u0438\u043d\u0430\u0446\u0438\u043e\u043d\u043e \u0442\u0435\u043b\u043e \u0412\u043b\u0430\u0434\u0435 \u0420\u0435\u043f\u0443\u0431\u043b\u0438\u043a\u0435 \u0421\u0440\u0431\u0438\u0458\u0435 \u0437\u0430 \u043e\u043f\u0448\u0442\u0438\u043d\u0435 \u041f\u0440\u0435\u0448\u0435\u0432\u043e, \u0411\u0443\u0458\u0430\u043d\u043e\u0432\u0430\u0446 \u0438 \u041c\u0435\u0434\u0432\u0435\u0452a\",\"description\":\"\",\"publisher\":{\"@id\":\"https:\\\/\\\/kt.gov.rs\\\/#organization\"},\"alternateName\":\"\u041a\u043e\u043e\u0440\u0434\u0438\u043d\u0430\u0446\u0438\u043e\u043d\u043e \u0442\u0435\u043b\u043e\",\"potentialAction\":[{\"@type\":\"SearchAction\",\"target\":{\"@type\":\"EntryPoint\",\"urlTemplate\":\"https:\\\/\\\/kt.gov.rs\\\/?s={search_term_string}\"},\"query-input\":{\"@type\":\"PropertyValueSpecification\",\"valueRequired\":true,\"valueName\":\"search_term_string\"}}],\"inLanguage\":\"sq-AL\"},{\"@type\":\"Organization\",\"@id\":\"https:\\\/\\\/kt.gov.rs\\\/#organization\",\"name\":\"\u041a\u043e\u043e\u0440\u0434\u0438\u043d\u0430\u0446\u0438\u043e\u043d\u043e \u0442\u0435\u043b\u043e \u0412\u043b\u0430\u0434\u0435 \u0420\u0435\u043f\u0443\u0431\u043b\u0438\u043a\u0435 \u0421\u0440\u0431\u0438\u0458\u0435 \u0437\u0430 \u043e\u043f\u0448\u0442\u0438\u043d\u0435 \u041f\u0440\u0435\u0448\u0435\u0432\u043e, \u0411\u0443\u0458\u0430\u043d\u043e\u0432\u0430\u0446 \u0438 \u041c\u0435\u0434\u0432\u0435\u0452a\",\"alternateName\":\"\u041a\u043e\u043e\u0440\u0434\u0438\u043d\u0430\u0446\u0438\u043e\u043d\u043e \u0442\u0435\u043b\u043e\",\"url\":\"https:\\\/\\\/kt.gov.rs\\\/\",\"logo\":{\"@type\":\"ImageObject\",\"inLanguage\":\"sq-AL\",\"@id\":\"https:\\\/\\\/kt.gov.rs\\\/#\\\/schema\\\/logo\\\/image\\\/\",\"url\":\"https:\\\/\\\/kt.gov.rs\\\/wp-content\\\/uploads\\\/2024\\\/12\\\/koord2.jpg\",\"contentUrl\":\"https:\\\/\\\/kt.gov.rs\\\/wp-content\\\/uploads\\\/2024\\\/12\\\/koord2.jpg\",\"width\":640,\"height\":480,\"caption\":\"\u041a\u043e\u043e\u0440\u0434\u0438\u043d\u0430\u0446\u0438\u043e\u043d\u043e \u0442\u0435\u043b\u043e \u0412\u043b\u0430\u0434\u0435 \u0420\u0435\u043f\u0443\u0431\u043b\u0438\u043a\u0435 \u0421\u0440\u0431\u0438\u0458\u0435 \u0437\u0430 \u043e\u043f\u0448\u0442\u0438\u043d\u0435 \u041f\u0440\u0435\u0448\u0435\u0432\u043e, \u0411\u0443\u0458\u0430\u043d\u043e\u0432\u0430\u0446 \u0438 \u041c\u0435\u0434\u0432\u0435\u0452a\"},\"image\":{\"@id\":\"https:\\\/\\\/kt.gov.rs\\\/#\\\/schema\\\/logo\\\/image\\\/\"},\"sameAs\":[\"https:\\\/\\\/www.facebook.com\\\/SluzbaKoordinacionogTelaVladeRepublikeSrbije\",\"https:\\\/\\\/x.com\\\/kt_gov\",\"https:\\\/\\\/www.youtube.com\\\/@koordinacionotelo\"]},{\"@type\":\"Person\",\"@id\":\"https:\\\/\\\/kt.gov.rs\\\/#\\\/schema\\\/person\\\/e426459ddb4173309103390602694571\",\"name\":\"ktmin\",\"image\":{\"@type\":\"ImageObject\",\"inLanguage\":\"sq-AL\",\"@id\":\"https:\\\/\\\/secure.gravatar.com\\\/avatar\\\/3985c961109853010c3fbc7ba30365bfba5db3dd6c525831d9c595c7525a615a?s=96&d=mm&r=g\",\"url\":\"https:\\\/\\\/secure.gravatar.com\\\/avatar\\\/3985c961109853010c3fbc7ba30365bfba5db3dd6c525831d9c595c7525a615a?s=96&d=mm&r=g\",\"contentUrl\":\"https:\\\/\\\/secure.gravatar.com\\\/avatar\\\/3985c961109853010c3fbc7ba30365bfba5db3dd6c525831d9c595c7525a615a?s=96&d=mm&r=g\",\"caption\":\"ktmin\"},\"sameAs\":[\"https:\\\/\\\/kt.gov.rs\"],\"url\":\"https:\\\/\\\/kt.gov.rs\\\/sq\\\/author\\\/ktmin\\\/\"}]}<\/script>\n<!-- \/ Yoast SEO plugin. -->","yoast_head_json":{"title":"\u201cN\u00cb LITICI\u201d N\u00cb BUJANOVC ME 31 MAJ - Republika e S\u00ebrbis\u00eb Trupi Koordinues p\u00ebr komunat Bujanoc, Preshev\u00eb dhe Medvegj\u00eb","robots":{"index":"index","follow":"follow","max-snippet":"max-snippet:-1","max-image-preview":"max-image-preview:large","max-video-preview":"max-video-preview:-1"},"canonical":"https:\/\/kt.gov.rs\/sq\/ne-litici-ne-bujanovc-me-31-maj\/","og_locale":"sq_AL","og_type":"article","og_title":"\u201cN\u00cb LITICI\u201d N\u00cb BUJANOVC ME 31 MAJ - Republika e S\u00ebrbis\u00eb Trupi Koordinues p\u00ebr komunat Bujanoc, Preshev\u00eb dhe Medvegj\u00eb","og_description":"Bujanoc - Beograd - Shfaqja teatrale &quot;N\u00eb shk\u00ebmb&quot;, pas shfaqjes premier\u00eb n\u00eb Pan\u00e7ev\u00eb dhe Beograd, do t\u00eb luhet n\u00eb Bujanoc t\u00eb mart\u00ebn (31 maj) n\u00eb ora 19 n\u00eb Sht\u00ebpin\u00eb e Kultur\u00ebs &quot;Vuk Karaxhiq&quot;.","og_url":"https:\/\/kt.gov.rs\/sq\/ne-litici-ne-bujanovc-me-31-maj\/","og_site_name":"Republika e S\u00ebrbis\u00eb Trupi Koordinues p\u00ebr komunat Bujanoc, Preshev\u00eb dhe Medvegj\u00eb","article_publisher":"https:\/\/www.facebook.com\/SluzbaKoordinacionogTelaVladeRepublikeSrbije","article_published_time":"2022-05-31T00:00:00+00:00","article_modified_time":"2024-07-30T17:56:43+00:00","og_image":[{"width":315,"height":230,"url":"https:\/\/kt.gov.rs\/wp-content\/uploads\/2024\/07\/1653995501_31052022_2-3.jpg","type":"image\/jpeg"}],"author":"ktmin","twitter_card":"summary_large_image","twitter_creator":"@kt_gov","twitter_site":"@kt_gov","twitter_misc":{"Written by":"ktmin","Est. reading time":"2 minutes"},"schema":{"@context":"https:\/\/schema.org","@graph":[{"@type":"Article","@id":"https:\/\/kt.gov.rs\/sq\/ne-litici-ne-bujanovc-me-31-maj\/#article","isPartOf":{"@id":"https:\/\/kt.gov.rs\/sq\/ne-litici-ne-bujanovc-me-31-maj\/"},"author":{"name":"ktmin","@id":"https:\/\/kt.gov.rs\/#\/schema\/person\/e426459ddb4173309103390602694571"},"headline":"\u201cN\u00cb LITICI\u201d N\u00cb BUJANOVC ME 31 MAJ","datePublished":"2022-05-31T00:00:00+00:00","dateModified":"2024-07-30T17:56:43+00:00","mainEntityOfPage":{"@id":"https:\/\/kt.gov.rs\/sq\/ne-litici-ne-bujanovc-me-31-maj\/"},"wordCount":460,"publisher":{"@id":"https:\/\/kt.gov.rs\/#organization"},"image":{"@id":"https:\/\/kt.gov.rs\/sq\/ne-litici-ne-bujanovc-me-31-maj\/#primaryimage"},"thumbnailUrl":"https:\/\/kt.gov.rs\/wp-content\/uploads\/2024\/07\/1653995501_31052022_2-3.jpg","articleSection":["Lajme"],"inLanguage":"sq-AL"},{"@type":"WebPage","@id":"https:\/\/kt.gov.rs\/sq\/ne-litici-ne-bujanovc-me-31-maj\/","url":"https:\/\/kt.gov.rs\/sq\/ne-litici-ne-bujanovc-me-31-maj\/","name":"\u201cN\u00cb LITICI\u201d N\u00cb BUJANOVC ME 31 MAJ - Republika e S\u00ebrbis\u00eb Trupi Koordinues p\u00ebr komunat Bujanoc, Preshev\u00eb dhe Medvegj\u00eb","isPartOf":{"@id":"https:\/\/kt.gov.rs\/#website"},"primaryImageOfPage":{"@id":"https:\/\/kt.gov.rs\/sq\/ne-litici-ne-bujanovc-me-31-maj\/#primaryimage"},"image":{"@id":"https:\/\/kt.gov.rs\/sq\/ne-litici-ne-bujanovc-me-31-maj\/#primaryimage"},"thumbnailUrl":"https:\/\/kt.gov.rs\/wp-content\/uploads\/2024\/07\/1653995501_31052022_2-3.jpg","datePublished":"2022-05-31T00:00:00+00:00","dateModified":"2024-07-30T17:56:43+00:00","breadcrumb":{"@id":"https:\/\/kt.gov.rs\/sq\/ne-litici-ne-bujanovc-me-31-maj\/#breadcrumb"},"inLanguage":"sq-AL","potentialAction":[{"@type":"ReadAction","target":["https:\/\/kt.gov.rs\/sq\/ne-litici-ne-bujanovc-me-31-maj\/"]}]},{"@type":"ImageObject","inLanguage":"sq-AL","@id":"https:\/\/kt.gov.rs\/sq\/ne-litici-ne-bujanovc-me-31-maj\/#primaryimage","url":"https:\/\/kt.gov.rs\/wp-content\/uploads\/2024\/07\/1653995501_31052022_2-3.jpg","contentUrl":"https:\/\/kt.gov.rs\/wp-content\/uploads\/2024\/07\/1653995501_31052022_2-3.jpg","width":315,"height":230},{"@type":"BreadcrumbList","@id":"https:\/\/kt.gov.rs\/sq\/ne-litici-ne-bujanovc-me-31-maj\/#breadcrumb","itemListElement":[{"@type":"ListItem","position":1,"name":"\u041f\u043e\u0447\u0435\u0442\u043d\u0430","item":"https:\/\/kt.gov.rs\/sq\/"},{"@type":"ListItem","position":2,"name":"\u201cN\u00cb LITICI\u201d N\u00cb BUJANOVC ME 31 MAJ"}]},{"@type":"WebSite","@id":"https:\/\/kt.gov.rs\/#website","url":"https:\/\/kt.gov.rs\/","name":"\u041a\u043e\u043e\u0440\u0434\u0438\u043d\u0430\u0446\u0438\u043e\u043d\u043e \u0442\u0435\u043b\u043e \u0412\u043b\u0430\u0434\u0435 \u0420\u0435\u043f\u0443\u0431\u043b\u0438\u043a\u0435 \u0421\u0440\u0431\u0438\u0458\u0435 \u0437\u0430 \u043e\u043f\u0448\u0442\u0438\u043d\u0435 \u041f\u0440\u0435\u0448\u0435\u0432\u043e, \u0411\u0443\u0458\u0430\u043d\u043e\u0432\u0430\u0446 \u0438 \u041c\u0435\u0434\u0432\u0435\u0452a","description":"","publisher":{"@id":"https:\/\/kt.gov.rs\/#organization"},"alternateName":"\u041a\u043e\u043e\u0440\u0434\u0438\u043d\u0430\u0446\u0438\u043e\u043d\u043e \u0442\u0435\u043b\u043e","potentialAction":[{"@type":"SearchAction","target":{"@type":"EntryPoint","urlTemplate":"https:\/\/kt.gov.rs\/?s={search_term_string}"},"query-input":{"@type":"PropertyValueSpecification","valueRequired":true,"valueName":"search_term_string"}}],"inLanguage":"sq-AL"},{"@type":"Organization","@id":"https:\/\/kt.gov.rs\/#organization","name":"\u041a\u043e\u043e\u0440\u0434\u0438\u043d\u0430\u0446\u0438\u043e\u043d\u043e \u0442\u0435\u043b\u043e \u0412\u043b\u0430\u0434\u0435 \u0420\u0435\u043f\u0443\u0431\u043b\u0438\u043a\u0435 \u0421\u0440\u0431\u0438\u0458\u0435 \u0437\u0430 \u043e\u043f\u0448\u0442\u0438\u043d\u0435 \u041f\u0440\u0435\u0448\u0435\u0432\u043e, \u0411\u0443\u0458\u0430\u043d\u043e\u0432\u0430\u0446 \u0438 \u041c\u0435\u0434\u0432\u0435\u0452a","alternateName":"\u041a\u043e\u043e\u0440\u0434\u0438\u043d\u0430\u0446\u0438\u043e\u043d\u043e \u0442\u0435\u043b\u043e","url":"https:\/\/kt.gov.rs\/","logo":{"@type":"ImageObject","inLanguage":"sq-AL","@id":"https:\/\/kt.gov.rs\/#\/schema\/logo\/image\/","url":"https:\/\/kt.gov.rs\/wp-content\/uploads\/2024\/12\/koord2.jpg","contentUrl":"https:\/\/kt.gov.rs\/wp-content\/uploads\/2024\/12\/koord2.jpg","width":640,"height":480,"caption":"\u041a\u043e\u043e\u0440\u0434\u0438\u043d\u0430\u0446\u0438\u043e\u043d\u043e \u0442\u0435\u043b\u043e \u0412\u043b\u0430\u0434\u0435 \u0420\u0435\u043f\u0443\u0431\u043b\u0438\u043a\u0435 \u0421\u0440\u0431\u0438\u0458\u0435 \u0437\u0430 \u043e\u043f\u0448\u0442\u0438\u043d\u0435 \u041f\u0440\u0435\u0448\u0435\u0432\u043e, \u0411\u0443\u0458\u0430\u043d\u043e\u0432\u0430\u0446 \u0438 \u041c\u0435\u0434\u0432\u0435\u0452a"},"image":{"@id":"https:\/\/kt.gov.rs\/#\/schema\/logo\/image\/"},"sameAs":["https:\/\/www.facebook.com\/SluzbaKoordinacionogTelaVladeRepublikeSrbije","https:\/\/x.com\/kt_gov","https:\/\/www.youtube.com\/@koordinacionotelo"]},{"@type":"Person","@id":"https:\/\/kt.gov.rs\/#\/schema\/person\/e426459ddb4173309103390602694571","name":"ktmin","image":{"@type":"ImageObject","inLanguage":"sq-AL","@id":"https:\/\/secure.gravatar.com\/avatar\/3985c961109853010c3fbc7ba30365bfba5db3dd6c525831d9c595c7525a615a?s=96&d=mm&r=g","url":"https:\/\/secure.gravatar.com\/avatar\/3985c961109853010c3fbc7ba30365bfba5db3dd6c525831d9c595c7525a615a?s=96&d=mm&r=g","contentUrl":"https:\/\/secure.gravatar.com\/avatar\/3985c961109853010c3fbc7ba30365bfba5db3dd6c525831d9c595c7525a615a?s=96&d=mm&r=g","caption":"ktmin"},"sameAs":["https:\/\/kt.gov.rs"],"url":"https:\/\/kt.gov.rs\/sq\/author\/ktmin\/"}]}},"_links":{"self":[{"href":"https:\/\/kt.gov.rs\/sq\/wp-json\/wp\/v2\/posts\/107534","targetHints":{"allow":["GET"]}}],"collection":[{"href":"https:\/\/kt.gov.rs\/sq\/wp-json\/wp\/v2\/posts"}],"about":[{"href":"https:\/\/kt.gov.rs\/sq\/wp-json\/wp\/v2\/types\/post"}],"author":[{"embeddable":true,"href":"https:\/\/kt.gov.rs\/sq\/wp-json\/wp\/v2\/users\/1"}],"replies":[{"embeddable":true,"href":"https:\/\/kt.gov.rs\/sq\/wp-json\/wp\/v2\/comments?post=107534"}],"version-history":[{"count":1,"href":"https:\/\/kt.gov.rs\/sq\/wp-json\/wp\/v2\/posts\/107534\/revisions"}],"predecessor-version":[{"id":107538,"href":"https:\/\/kt.gov.rs\/sq\/wp-json\/wp\/v2\/posts\/107534\/revisions\/107538"}],"wp:featuredmedia":[{"embeddable":true,"href":"https:\/\/kt.gov.rs\/sq\/wp-json\/wp\/v2\/media\/107539"}],"wp:attachment":[{"href":"https:\/\/kt.gov.rs\/sq\/wp-json\/wp\/v2\/media?parent=107534"}],"wp:term":[{"taxonomy":"category","embeddable":true,"href":"https:\/\/kt.gov.rs\/sq\/wp-json\/wp\/v2\/categories?post=107534"},{"taxonomy":"post_tag","embeddable":true,"href":"https:\/\/kt.gov.rs\/sq\/wp-json\/wp\/v2\/tags?post=107534"}],"curies":[{"name":"wp","href":"https:\/\/api.w.org\/{rel}","templated":true}]}}