{"id":107510,"date":"2022-06-02T00:00:00","date_gmt":"2022-06-02T00:00:00","guid":{"rendered":"http:\/\/kt.printandscreen.rs\/ne-shkemb-ne-bujanoc-shendeti-mendor-nuk-guxon-me-qene-tabu-teme\/"},"modified":"2024-07-30T17:56:41","modified_gmt":"2024-07-30T17:56:41","slug":"ne-shkemb-ne-bujanoc-shendeti-mendor-nuk-guxon-me-qene-tabu-teme","status":"publish","type":"post","link":"https:\/\/kt.gov.rs\/sq\/ne-shkemb-ne-bujanoc-shendeti-mendor-nuk-guxon-me-qene-tabu-teme\/","title":{"rendered":"\u201eN\u00cb SHK\u00cbMB\u201c N\u00cb BUJANOC: SH\u00cbNDETI MENDOR NUK GUXON ME QEN\u00cb TABU TEM\u00cb"},"content":{"rendered":"<p>\n\t<strong><img decoding=\"async\" alt=\"\" src=\"https:\/\/kt.gov.rs\/wp-content\/uploads\/2024\/07\/1654162607_020622_1-2.jpg\" style=\"width: 315px; height: 230px; float: left;\" \/>Bujanoc \u2013 Beograd<\/strong> \u2013 Shfaqja teatrale &quot;N\u00eb shk\u00ebmb&quot; me regji t\u00eb Zoran Zarubic\u00ebs u luajt n\u00eb sall\u00ebn e madhe t\u00eb Sht\u00ebpis\u00eb s\u00eb Kultur\u00ebs &quot;Vuk Karaxhiq&quot; n\u00eb Bujanoc.<\/p>\n<p>\n\tShfaqja flet p\u00ebr dy t\u00eb rinj, Julia dhe Augusti, t\u00eb cil\u00ebt po luftojn\u00eb me ndjenjat e vetmis\u00eb dhe p\u00ebrpiqen t\u00eb kuptojn\u00eb jet\u00ebn, dhe fillon me Xhulin\u00eb duke deklaruar n\u00eb nj\u00eb bised\u00eb se d\u00ebshiron t\u00eb vras\u00eb veten, por nuk d\u00ebshiron ta b\u00ebj\u00eb e vetme.<\/p>\n<p>\n\t\u00a0Karakteret e ktyre t\u00eb rinj\u00ebve n\u00eb sken\u00ebn teatrale sollen aktor\u00ebt Maja Susha dhe Nikolla Pavloviq nga Beogradi, t\u00eb cil\u00ebt p\u00ebr portalin Bujanovacke fol\u00ebn p\u00ebr problem\u00ebt e t\u00eb rinj\u00ebve dhe mbi domosdoshm\u00ebrin\u00eb e bisedave t\u00eb hapura mbi sh\u00ebndetin mental, duke kujtuar n\u00eb r\u00ebnd\u00ebsin\u00eb e zhvillimit t\u00eb rinis teatrale q\u00eb sic than nuk \u00ebsht\u00eb shum\u00eb prezente n\u00eb skenat teatrale.<\/p>\n<p>\n\t\u00a0\u201cJulia \u00ebsht\u00eb iniciatorja e vet\u00ebvrasjes dhe vepron shum\u00eb m\u00eb konkretisht dhe seriozisht n\u00eb at\u00eb synim, por shum\u00eb shpejt rr\u00ebzohet dhe shihet se n\u00eb fakt \u00ebsht\u00eb e vetmuar . \u00cbsht\u00eb e r\u00ebnd\u00ebsishme t\u00eb flasim hapur p\u00ebr tem\u00ebn e sh\u00ebndetit mendor dhe problemet me t\u00eb cilat p\u00ebrballen t\u00eb rinjt\u00eb gjat\u00eb rritjes\u201d, thot\u00eb Maja, e cila interpreton personazhin e Julias.<\/p>\n<p>\n\tKolegu i saj, aktori Nikola Pavloviq, i cili luan personazhin e Augustit, tha se \u00ebsht\u00eb e r\u00ebnd\u00ebsishme t\u00eb flitet p\u00ebr \u00e7do problem.<\/p>\n<p>\n\t\u201cGushti \u00ebsht\u00eb i etur p\u00ebr jet\u00ebn, i frik\u00ebsuar nga jeta, por ende gati p\u00ebr disa ndryshime. Tema e sh\u00ebndetit mendor \u00ebsht\u00eb shum\u00eb e r\u00ebnd\u00ebsishme. N\u00eb komunitetet e vogla \u00ebsht\u00eb ende nj\u00eb tem\u00eb tabu dhe nuk duhet t\u00eb jet\u00eb, madje as vet\u00ebvrasje, sepse t\u00eb gjith\u00eb kalojn\u00eb nj\u00eb moment ku jan\u00eb t\u00eb lodhur nga gjith\u00e7ka. \u201cT\u00eb rinjt\u00eb duhet t\u00eb flasin, n\u00ebse nuk kan\u00eb nj\u00eb person q\u00eb besojn\u00eb, duhet t\u00eb din\u00eb se mund t\u00eb k\u00ebrkojn\u00eb ndihm\u00eb nga profesionist\u00eb, psikolog\u00eb, psikoterapist\u00eb\u201d, tha Nikolla.<\/p>\n<p>\n\tDrama romantike ekzistencialiste p\u00ebr dy t\u00eb rinj q\u00eb k\u00ebrkojn\u00eb kuptimin e jet\u00ebs, mblodhi nj\u00eb num\u00ebr t\u00eb vog\u00ebl dashamir\u00ebs t\u00eb teatrit, por la p\u00ebrshtypje t\u00eb fort\u00eb te nx\u00ebn\u00ebsit e shkollave t\u00eb mesme, t\u00eb cil\u00ebt pas shfaqjes ndoq\u00ebn nj\u00eb pun\u00ebtori p\u00ebr sh\u00ebndetin mendor.<\/p>\n<p>\n\tAta biseduan me aktor\u00ebt dhe psikologen Maja Vukashinoviq nga organizata joqeveritare \u201cQendra psikologjike\u201d, e cila merret me sh\u00ebndetin mendor t\u00eb t\u00eb rinjve, p\u00ebr problemet q\u00eb i mundojn\u00eb \u00e7do dit\u00eb dhe ndan\u00eb p\u00ebrshtypjet e tyre nga shfaqja.<\/p>\n<p>\n\t\u201cTema e shfaqjes l\u00eb mbresa t\u00eb forta. P\u00ebr mua, momenti kur personazhi kryesor m\u00eb n\u00eb fund thot\u00eb &quot;Un\u00eb mendoj se lumturia e v\u00ebrtet\u00eb \u00ebsht\u00eb n\u00eb njohurin\u00eb se nuk je m\u00eb i nevojsh\u00ebm vet\u00ebm p\u00ebr veten&quot; \u00ebsht\u00eb m\u00eb mbres\u00ebl\u00ebn\u00ebs, sepse \u00ebsht\u00eb disi thelbi, q\u00eb ne kemi dik\u00eb me t\u00eb cilin jemi. do t\u00eb ndajm\u00eb se si ndihemi. \u00cbsht\u00eb e r\u00ebnd\u00ebsishme t\u00eb flasim p\u00ebr \u00e7do problem sepse \u00e7do problem zgjidhet\u201d, thot\u00eb Bogdan Matiq, nx\u00ebn\u00ebs i klas\u00ebs s\u00eb kat\u00ebrt n\u00eb gjimnazin \u201cSveti Sava\u201d nga Bujanoci.<\/p>\n<p>\n\tShfaqja \u00ebsht\u00eb frym\u00ebzuar nga drama \u201cNorvegjia sot\u201d e shkrimtarit zviceran Igor Bauersima, e bazuar n\u00eb nj\u00eb histori t\u00eb v\u00ebrtet\u00eb.<\/p>\n<p>\n\t<strong>Burimi: Bujanovacke dhe Trupi koordinues<\/strong><\/p>\n<p>\n\t\u00a0<\/p>\n","protected":false},"excerpt":{"rendered":"<p>Bujanoc \u2013 Beograd\u00a0\u2013 Shfaqja teatrale &quot;N\u00eb shk\u00ebmb&quot; me regji t\u00eb Zoran Zarubic\u00ebs u luajt n\u00eb sall\u00ebn e madhe t\u00eb Sht\u00ebpis\u00eb s\u00eb Kultur\u00ebs &quot;Vuk Karaxhiq&quot; n\u00eb Bujanoc.<\/p>\n","protected":false},"author":1,"featured_media":107515,"comment_status":"closed","ping_status":"closed","sticky":false,"template":"","format":"standard","meta":{"footnotes":""},"categories":[55],"tags":[],"class_list":["post-107510","post","type-post","status-publish","format-standard","has-post-thumbnail","hentry","category-lajme"],"yoast_head":"<!-- This site is optimized with the Yoast SEO plugin v27.5 - https:\/\/yoast.com\/product\/yoast-seo-wordpress\/ -->\n<title>\u201eN\u00cb SHK\u00cbMB\u201c N\u00cb BUJANOC: SH\u00cbNDETI MENDOR NUK GUXON ME QEN\u00cb TABU TEM\u00cb - Republika e S\u00ebrbis\u00eb Trupi Koordinues p\u00ebr komunat Bujanoc, Preshev\u00eb dhe Medvegj\u00eb<\/title>\n<meta name=\"robots\" content=\"index, follow, max-snippet:-1, max-image-preview:large, max-video-preview:-1\" \/>\n<link rel=\"canonical\" href=\"https:\/\/kt.gov.rs\/sq\/ne-shkemb-ne-bujanoc-shendeti-mendor-nuk-guxon-me-qene-tabu-teme\/\" \/>\n<meta property=\"og:locale\" content=\"sq_AL\" \/>\n<meta property=\"og:type\" content=\"article\" \/>\n<meta property=\"og:title\" content=\"\u201eN\u00cb SHK\u00cbMB\u201c N\u00cb BUJANOC: SH\u00cbNDETI MENDOR NUK GUXON ME QEN\u00cb TABU TEM\u00cb - Republika e S\u00ebrbis\u00eb Trupi Koordinues p\u00ebr komunat Bujanoc, Preshev\u00eb dhe Medvegj\u00eb\" \/>\n<meta property=\"og:description\" content=\"Bujanoc - Beograd\u00a0- Shfaqja teatrale &quot;N\u00eb shk\u00ebmb&quot; me regji t\u00eb Zoran Zarubic\u00ebs u luajt n\u00eb sall\u00ebn e madhe t\u00eb Sht\u00ebpis\u00eb s\u00eb Kultur\u00ebs &quot;Vuk Karaxhiq&quot; n\u00eb Bujanoc.\" \/>\n<meta property=\"og:url\" content=\"https:\/\/kt.gov.rs\/sq\/ne-shkemb-ne-bujanoc-shendeti-mendor-nuk-guxon-me-qene-tabu-teme\/\" \/>\n<meta property=\"og:site_name\" content=\"Republika e S\u00ebrbis\u00eb Trupi Koordinues p\u00ebr komunat Bujanoc, Preshev\u00eb dhe Medvegj\u00eb\" \/>\n<meta property=\"article:publisher\" content=\"https:\/\/www.facebook.com\/SluzbaKoordinacionogTelaVladeRepublikeSrbije\" \/>\n<meta property=\"article:published_time\" content=\"2022-06-02T00:00:00+00:00\" \/>\n<meta property=\"article:modified_time\" content=\"2024-07-30T17:56:41+00:00\" \/>\n<meta property=\"og:image\" content=\"https:\/\/kt.gov.rs\/wp-content\/uploads\/2024\/07\/1654162607_020622_1-3.jpg\" \/>\n\t<meta property=\"og:image:width\" content=\"315\" \/>\n\t<meta property=\"og:image:height\" content=\"230\" \/>\n\t<meta property=\"og:image:type\" content=\"image\/jpeg\" \/>\n<meta name=\"author\" content=\"ktmin\" \/>\n<meta name=\"twitter:card\" content=\"summary_large_image\" \/>\n<meta name=\"twitter:creator\" content=\"@kt_gov\" \/>\n<meta name=\"twitter:site\" content=\"@kt_gov\" \/>\n<meta name=\"twitter:label1\" content=\"Written by\" \/>\n\t<meta name=\"twitter:data1\" content=\"ktmin\" \/>\n\t<meta name=\"twitter:label2\" content=\"Est. reading time\" \/>\n\t<meta name=\"twitter:data2\" content=\"4 minutes\" \/>\n<script type=\"application\/ld+json\" class=\"yoast-schema-graph\">{\"@context\":\"https:\\\/\\\/schema.org\",\"@graph\":[{\"@type\":\"Article\",\"@id\":\"https:\\\/\\\/kt.gov.rs\\\/sq\\\/ne-shkemb-ne-bujanoc-shendeti-mendor-nuk-guxon-me-qene-tabu-teme\\\/#article\",\"isPartOf\":{\"@id\":\"https:\\\/\\\/kt.gov.rs\\\/sq\\\/ne-shkemb-ne-bujanoc-shendeti-mendor-nuk-guxon-me-qene-tabu-teme\\\/\"},\"author\":{\"name\":\"ktmin\",\"@id\":\"https:\\\/\\\/kt.gov.rs\\\/#\\\/schema\\\/person\\\/e426459ddb4173309103390602694571\"},\"headline\":\"\u201eN\u00cb SHK\u00cbMB\u201c N\u00cb BUJANOC: SH\u00cbNDETI MENDOR NUK GUXON ME QEN\u00cb TABU TEM\u00cb\",\"datePublished\":\"2022-06-02T00:00:00+00:00\",\"dateModified\":\"2024-07-30T17:56:41+00:00\",\"mainEntityOfPage\":{\"@id\":\"https:\\\/\\\/kt.gov.rs\\\/sq\\\/ne-shkemb-ne-bujanoc-shendeti-mendor-nuk-guxon-me-qene-tabu-teme\\\/\"},\"wordCount\":810,\"publisher\":{\"@id\":\"https:\\\/\\\/kt.gov.rs\\\/#organization\"},\"image\":{\"@id\":\"https:\\\/\\\/kt.gov.rs\\\/sq\\\/ne-shkemb-ne-bujanoc-shendeti-mendor-nuk-guxon-me-qene-tabu-teme\\\/#primaryimage\"},\"thumbnailUrl\":\"https:\\\/\\\/kt.gov.rs\\\/wp-content\\\/uploads\\\/2024\\\/07\\\/1654162607_020622_1-3.jpg\",\"articleSection\":[\"Lajme\"],\"inLanguage\":\"sq-AL\"},{\"@type\":\"WebPage\",\"@id\":\"https:\\\/\\\/kt.gov.rs\\\/sq\\\/ne-shkemb-ne-bujanoc-shendeti-mendor-nuk-guxon-me-qene-tabu-teme\\\/\",\"url\":\"https:\\\/\\\/kt.gov.rs\\\/sq\\\/ne-shkemb-ne-bujanoc-shendeti-mendor-nuk-guxon-me-qene-tabu-teme\\\/\",\"name\":\"\u201eN\u00cb SHK\u00cbMB\u201c N\u00cb BUJANOC: SH\u00cbNDETI MENDOR NUK GUXON ME QEN\u00cb TABU TEM\u00cb - Republika e S\u00ebrbis\u00eb Trupi Koordinues p\u00ebr komunat Bujanoc, Preshev\u00eb dhe Medvegj\u00eb\",\"isPartOf\":{\"@id\":\"https:\\\/\\\/kt.gov.rs\\\/#website\"},\"primaryImageOfPage\":{\"@id\":\"https:\\\/\\\/kt.gov.rs\\\/sq\\\/ne-shkemb-ne-bujanoc-shendeti-mendor-nuk-guxon-me-qene-tabu-teme\\\/#primaryimage\"},\"image\":{\"@id\":\"https:\\\/\\\/kt.gov.rs\\\/sq\\\/ne-shkemb-ne-bujanoc-shendeti-mendor-nuk-guxon-me-qene-tabu-teme\\\/#primaryimage\"},\"thumbnailUrl\":\"https:\\\/\\\/kt.gov.rs\\\/wp-content\\\/uploads\\\/2024\\\/07\\\/1654162607_020622_1-3.jpg\",\"datePublished\":\"2022-06-02T00:00:00+00:00\",\"dateModified\":\"2024-07-30T17:56:41+00:00\",\"breadcrumb\":{\"@id\":\"https:\\\/\\\/kt.gov.rs\\\/sq\\\/ne-shkemb-ne-bujanoc-shendeti-mendor-nuk-guxon-me-qene-tabu-teme\\\/#breadcrumb\"},\"inLanguage\":\"sq-AL\",\"potentialAction\":[{\"@type\":\"ReadAction\",\"target\":[\"https:\\\/\\\/kt.gov.rs\\\/sq\\\/ne-shkemb-ne-bujanoc-shendeti-mendor-nuk-guxon-me-qene-tabu-teme\\\/\"]}]},{\"@type\":\"ImageObject\",\"inLanguage\":\"sq-AL\",\"@id\":\"https:\\\/\\\/kt.gov.rs\\\/sq\\\/ne-shkemb-ne-bujanoc-shendeti-mendor-nuk-guxon-me-qene-tabu-teme\\\/#primaryimage\",\"url\":\"https:\\\/\\\/kt.gov.rs\\\/wp-content\\\/uploads\\\/2024\\\/07\\\/1654162607_020622_1-3.jpg\",\"contentUrl\":\"https:\\\/\\\/kt.gov.rs\\\/wp-content\\\/uploads\\\/2024\\\/07\\\/1654162607_020622_1-3.jpg\",\"width\":315,\"height\":230},{\"@type\":\"BreadcrumbList\",\"@id\":\"https:\\\/\\\/kt.gov.rs\\\/sq\\\/ne-shkemb-ne-bujanoc-shendeti-mendor-nuk-guxon-me-qene-tabu-teme\\\/#breadcrumb\",\"itemListElement\":[{\"@type\":\"ListItem\",\"position\":1,\"name\":\"\u041f\u043e\u0447\u0435\u0442\u043d\u0430\",\"item\":\"https:\\\/\\\/kt.gov.rs\\\/sq\\\/\"},{\"@type\":\"ListItem\",\"position\":2,\"name\":\"\u201eN\u00cb SHK\u00cbMB\u201c N\u00cb BUJANOC: SH\u00cbNDETI MENDOR NUK GUXON ME QEN\u00cb TABU TEM\u00cb\"}]},{\"@type\":\"WebSite\",\"@id\":\"https:\\\/\\\/kt.gov.rs\\\/#website\",\"url\":\"https:\\\/\\\/kt.gov.rs\\\/\",\"name\":\"\u041a\u043e\u043e\u0440\u0434\u0438\u043d\u0430\u0446\u0438\u043e\u043d\u043e \u0442\u0435\u043b\u043e \u0412\u043b\u0430\u0434\u0435 \u0420\u0435\u043f\u0443\u0431\u043b\u0438\u043a\u0435 \u0421\u0440\u0431\u0438\u0458\u0435 \u0437\u0430 \u043e\u043f\u0448\u0442\u0438\u043d\u0435 \u041f\u0440\u0435\u0448\u0435\u0432\u043e, \u0411\u0443\u0458\u0430\u043d\u043e\u0432\u0430\u0446 \u0438 \u041c\u0435\u0434\u0432\u0435\u0452a\",\"description\":\"\",\"publisher\":{\"@id\":\"https:\\\/\\\/kt.gov.rs\\\/#organization\"},\"alternateName\":\"\u041a\u043e\u043e\u0440\u0434\u0438\u043d\u0430\u0446\u0438\u043e\u043d\u043e \u0442\u0435\u043b\u043e\",\"potentialAction\":[{\"@type\":\"SearchAction\",\"target\":{\"@type\":\"EntryPoint\",\"urlTemplate\":\"https:\\\/\\\/kt.gov.rs\\\/?s={search_term_string}\"},\"query-input\":{\"@type\":\"PropertyValueSpecification\",\"valueRequired\":true,\"valueName\":\"search_term_string\"}}],\"inLanguage\":\"sq-AL\"},{\"@type\":\"Organization\",\"@id\":\"https:\\\/\\\/kt.gov.rs\\\/#organization\",\"name\":\"\u041a\u043e\u043e\u0440\u0434\u0438\u043d\u0430\u0446\u0438\u043e\u043d\u043e \u0442\u0435\u043b\u043e \u0412\u043b\u0430\u0434\u0435 \u0420\u0435\u043f\u0443\u0431\u043b\u0438\u043a\u0435 \u0421\u0440\u0431\u0438\u0458\u0435 \u0437\u0430 \u043e\u043f\u0448\u0442\u0438\u043d\u0435 \u041f\u0440\u0435\u0448\u0435\u0432\u043e, \u0411\u0443\u0458\u0430\u043d\u043e\u0432\u0430\u0446 \u0438 \u041c\u0435\u0434\u0432\u0435\u0452a\",\"alternateName\":\"\u041a\u043e\u043e\u0440\u0434\u0438\u043d\u0430\u0446\u0438\u043e\u043d\u043e \u0442\u0435\u043b\u043e\",\"url\":\"https:\\\/\\\/kt.gov.rs\\\/\",\"logo\":{\"@type\":\"ImageObject\",\"inLanguage\":\"sq-AL\",\"@id\":\"https:\\\/\\\/kt.gov.rs\\\/#\\\/schema\\\/logo\\\/image\\\/\",\"url\":\"https:\\\/\\\/kt.gov.rs\\\/wp-content\\\/uploads\\\/2024\\\/12\\\/koord2.jpg\",\"contentUrl\":\"https:\\\/\\\/kt.gov.rs\\\/wp-content\\\/uploads\\\/2024\\\/12\\\/koord2.jpg\",\"width\":640,\"height\":480,\"caption\":\"\u041a\u043e\u043e\u0440\u0434\u0438\u043d\u0430\u0446\u0438\u043e\u043d\u043e \u0442\u0435\u043b\u043e \u0412\u043b\u0430\u0434\u0435 \u0420\u0435\u043f\u0443\u0431\u043b\u0438\u043a\u0435 \u0421\u0440\u0431\u0438\u0458\u0435 \u0437\u0430 \u043e\u043f\u0448\u0442\u0438\u043d\u0435 \u041f\u0440\u0435\u0448\u0435\u0432\u043e, \u0411\u0443\u0458\u0430\u043d\u043e\u0432\u0430\u0446 \u0438 \u041c\u0435\u0434\u0432\u0435\u0452a\"},\"image\":{\"@id\":\"https:\\\/\\\/kt.gov.rs\\\/#\\\/schema\\\/logo\\\/image\\\/\"},\"sameAs\":[\"https:\\\/\\\/www.facebook.com\\\/SluzbaKoordinacionogTelaVladeRepublikeSrbije\",\"https:\\\/\\\/x.com\\\/kt_gov\",\"https:\\\/\\\/www.youtube.com\\\/@koordinacionotelo\"]},{\"@type\":\"Person\",\"@id\":\"https:\\\/\\\/kt.gov.rs\\\/#\\\/schema\\\/person\\\/e426459ddb4173309103390602694571\",\"name\":\"ktmin\",\"image\":{\"@type\":\"ImageObject\",\"inLanguage\":\"sq-AL\",\"@id\":\"https:\\\/\\\/secure.gravatar.com\\\/avatar\\\/3985c961109853010c3fbc7ba30365bfba5db3dd6c525831d9c595c7525a615a?s=96&d=mm&r=g\",\"url\":\"https:\\\/\\\/secure.gravatar.com\\\/avatar\\\/3985c961109853010c3fbc7ba30365bfba5db3dd6c525831d9c595c7525a615a?s=96&d=mm&r=g\",\"contentUrl\":\"https:\\\/\\\/secure.gravatar.com\\\/avatar\\\/3985c961109853010c3fbc7ba30365bfba5db3dd6c525831d9c595c7525a615a?s=96&d=mm&r=g\",\"caption\":\"ktmin\"},\"sameAs\":[\"https:\\\/\\\/kt.gov.rs\"],\"url\":\"https:\\\/\\\/kt.gov.rs\\\/sq\\\/author\\\/ktmin\\\/\"}]}<\/script>\n<!-- \/ Yoast SEO plugin. -->","yoast_head_json":{"title":"\u201eN\u00cb SHK\u00cbMB\u201c N\u00cb BUJANOC: SH\u00cbNDETI MENDOR NUK GUXON ME QEN\u00cb TABU TEM\u00cb - Republika e S\u00ebrbis\u00eb Trupi Koordinues p\u00ebr komunat Bujanoc, Preshev\u00eb dhe Medvegj\u00eb","robots":{"index":"index","follow":"follow","max-snippet":"max-snippet:-1","max-image-preview":"max-image-preview:large","max-video-preview":"max-video-preview:-1"},"canonical":"https:\/\/kt.gov.rs\/sq\/ne-shkemb-ne-bujanoc-shendeti-mendor-nuk-guxon-me-qene-tabu-teme\/","og_locale":"sq_AL","og_type":"article","og_title":"\u201eN\u00cb SHK\u00cbMB\u201c N\u00cb BUJANOC: SH\u00cbNDETI MENDOR NUK GUXON ME QEN\u00cb TABU TEM\u00cb - Republika e S\u00ebrbis\u00eb Trupi Koordinues p\u00ebr komunat Bujanoc, Preshev\u00eb dhe Medvegj\u00eb","og_description":"Bujanoc - Beograd\u00a0- Shfaqja teatrale &quot;N\u00eb shk\u00ebmb&quot; me regji t\u00eb Zoran Zarubic\u00ebs u luajt n\u00eb sall\u00ebn e madhe t\u00eb Sht\u00ebpis\u00eb s\u00eb Kultur\u00ebs &quot;Vuk Karaxhiq&quot; n\u00eb Bujanoc.","og_url":"https:\/\/kt.gov.rs\/sq\/ne-shkemb-ne-bujanoc-shendeti-mendor-nuk-guxon-me-qene-tabu-teme\/","og_site_name":"Republika e S\u00ebrbis\u00eb Trupi Koordinues p\u00ebr komunat Bujanoc, Preshev\u00eb dhe Medvegj\u00eb","article_publisher":"https:\/\/www.facebook.com\/SluzbaKoordinacionogTelaVladeRepublikeSrbije","article_published_time":"2022-06-02T00:00:00+00:00","article_modified_time":"2024-07-30T17:56:41+00:00","og_image":[{"width":315,"height":230,"url":"https:\/\/kt.gov.rs\/wp-content\/uploads\/2024\/07\/1654162607_020622_1-3.jpg","type":"image\/jpeg"}],"author":"ktmin","twitter_card":"summary_large_image","twitter_creator":"@kt_gov","twitter_site":"@kt_gov","twitter_misc":{"Written by":"ktmin","Est. reading time":"4 minutes"},"schema":{"@context":"https:\/\/schema.org","@graph":[{"@type":"Article","@id":"https:\/\/kt.gov.rs\/sq\/ne-shkemb-ne-bujanoc-shendeti-mendor-nuk-guxon-me-qene-tabu-teme\/#article","isPartOf":{"@id":"https:\/\/kt.gov.rs\/sq\/ne-shkemb-ne-bujanoc-shendeti-mendor-nuk-guxon-me-qene-tabu-teme\/"},"author":{"name":"ktmin","@id":"https:\/\/kt.gov.rs\/#\/schema\/person\/e426459ddb4173309103390602694571"},"headline":"\u201eN\u00cb SHK\u00cbMB\u201c N\u00cb BUJANOC: SH\u00cbNDETI MENDOR NUK GUXON ME QEN\u00cb TABU TEM\u00cb","datePublished":"2022-06-02T00:00:00+00:00","dateModified":"2024-07-30T17:56:41+00:00","mainEntityOfPage":{"@id":"https:\/\/kt.gov.rs\/sq\/ne-shkemb-ne-bujanoc-shendeti-mendor-nuk-guxon-me-qene-tabu-teme\/"},"wordCount":810,"publisher":{"@id":"https:\/\/kt.gov.rs\/#organization"},"image":{"@id":"https:\/\/kt.gov.rs\/sq\/ne-shkemb-ne-bujanoc-shendeti-mendor-nuk-guxon-me-qene-tabu-teme\/#primaryimage"},"thumbnailUrl":"https:\/\/kt.gov.rs\/wp-content\/uploads\/2024\/07\/1654162607_020622_1-3.jpg","articleSection":["Lajme"],"inLanguage":"sq-AL"},{"@type":"WebPage","@id":"https:\/\/kt.gov.rs\/sq\/ne-shkemb-ne-bujanoc-shendeti-mendor-nuk-guxon-me-qene-tabu-teme\/","url":"https:\/\/kt.gov.rs\/sq\/ne-shkemb-ne-bujanoc-shendeti-mendor-nuk-guxon-me-qene-tabu-teme\/","name":"\u201eN\u00cb SHK\u00cbMB\u201c N\u00cb BUJANOC: SH\u00cbNDETI MENDOR NUK GUXON ME QEN\u00cb TABU TEM\u00cb - Republika e S\u00ebrbis\u00eb Trupi Koordinues p\u00ebr komunat Bujanoc, Preshev\u00eb dhe Medvegj\u00eb","isPartOf":{"@id":"https:\/\/kt.gov.rs\/#website"},"primaryImageOfPage":{"@id":"https:\/\/kt.gov.rs\/sq\/ne-shkemb-ne-bujanoc-shendeti-mendor-nuk-guxon-me-qene-tabu-teme\/#primaryimage"},"image":{"@id":"https:\/\/kt.gov.rs\/sq\/ne-shkemb-ne-bujanoc-shendeti-mendor-nuk-guxon-me-qene-tabu-teme\/#primaryimage"},"thumbnailUrl":"https:\/\/kt.gov.rs\/wp-content\/uploads\/2024\/07\/1654162607_020622_1-3.jpg","datePublished":"2022-06-02T00:00:00+00:00","dateModified":"2024-07-30T17:56:41+00:00","breadcrumb":{"@id":"https:\/\/kt.gov.rs\/sq\/ne-shkemb-ne-bujanoc-shendeti-mendor-nuk-guxon-me-qene-tabu-teme\/#breadcrumb"},"inLanguage":"sq-AL","potentialAction":[{"@type":"ReadAction","target":["https:\/\/kt.gov.rs\/sq\/ne-shkemb-ne-bujanoc-shendeti-mendor-nuk-guxon-me-qene-tabu-teme\/"]}]},{"@type":"ImageObject","inLanguage":"sq-AL","@id":"https:\/\/kt.gov.rs\/sq\/ne-shkemb-ne-bujanoc-shendeti-mendor-nuk-guxon-me-qene-tabu-teme\/#primaryimage","url":"https:\/\/kt.gov.rs\/wp-content\/uploads\/2024\/07\/1654162607_020622_1-3.jpg","contentUrl":"https:\/\/kt.gov.rs\/wp-content\/uploads\/2024\/07\/1654162607_020622_1-3.jpg","width":315,"height":230},{"@type":"BreadcrumbList","@id":"https:\/\/kt.gov.rs\/sq\/ne-shkemb-ne-bujanoc-shendeti-mendor-nuk-guxon-me-qene-tabu-teme\/#breadcrumb","itemListElement":[{"@type":"ListItem","position":1,"name":"\u041f\u043e\u0447\u0435\u0442\u043d\u0430","item":"https:\/\/kt.gov.rs\/sq\/"},{"@type":"ListItem","position":2,"name":"\u201eN\u00cb SHK\u00cbMB\u201c N\u00cb BUJANOC: SH\u00cbNDETI MENDOR NUK GUXON ME QEN\u00cb TABU TEM\u00cb"}]},{"@type":"WebSite","@id":"https:\/\/kt.gov.rs\/#website","url":"https:\/\/kt.gov.rs\/","name":"\u041a\u043e\u043e\u0440\u0434\u0438\u043d\u0430\u0446\u0438\u043e\u043d\u043e \u0442\u0435\u043b\u043e \u0412\u043b\u0430\u0434\u0435 \u0420\u0435\u043f\u0443\u0431\u043b\u0438\u043a\u0435 \u0421\u0440\u0431\u0438\u0458\u0435 \u0437\u0430 \u043e\u043f\u0448\u0442\u0438\u043d\u0435 \u041f\u0440\u0435\u0448\u0435\u0432\u043e, \u0411\u0443\u0458\u0430\u043d\u043e\u0432\u0430\u0446 \u0438 \u041c\u0435\u0434\u0432\u0435\u0452a","description":"","publisher":{"@id":"https:\/\/kt.gov.rs\/#organization"},"alternateName":"\u041a\u043e\u043e\u0440\u0434\u0438\u043d\u0430\u0446\u0438\u043e\u043d\u043e \u0442\u0435\u043b\u043e","potentialAction":[{"@type":"SearchAction","target":{"@type":"EntryPoint","urlTemplate":"https:\/\/kt.gov.rs\/?s={search_term_string}"},"query-input":{"@type":"PropertyValueSpecification","valueRequired":true,"valueName":"search_term_string"}}],"inLanguage":"sq-AL"},{"@type":"Organization","@id":"https:\/\/kt.gov.rs\/#organization","name":"\u041a\u043e\u043e\u0440\u0434\u0438\u043d\u0430\u0446\u0438\u043e\u043d\u043e \u0442\u0435\u043b\u043e \u0412\u043b\u0430\u0434\u0435 \u0420\u0435\u043f\u0443\u0431\u043b\u0438\u043a\u0435 \u0421\u0440\u0431\u0438\u0458\u0435 \u0437\u0430 \u043e\u043f\u0448\u0442\u0438\u043d\u0435 \u041f\u0440\u0435\u0448\u0435\u0432\u043e, \u0411\u0443\u0458\u0430\u043d\u043e\u0432\u0430\u0446 \u0438 \u041c\u0435\u0434\u0432\u0435\u0452a","alternateName":"\u041a\u043e\u043e\u0440\u0434\u0438\u043d\u0430\u0446\u0438\u043e\u043d\u043e \u0442\u0435\u043b\u043e","url":"https:\/\/kt.gov.rs\/","logo":{"@type":"ImageObject","inLanguage":"sq-AL","@id":"https:\/\/kt.gov.rs\/#\/schema\/logo\/image\/","url":"https:\/\/kt.gov.rs\/wp-content\/uploads\/2024\/12\/koord2.jpg","contentUrl":"https:\/\/kt.gov.rs\/wp-content\/uploads\/2024\/12\/koord2.jpg","width":640,"height":480,"caption":"\u041a\u043e\u043e\u0440\u0434\u0438\u043d\u0430\u0446\u0438\u043e\u043d\u043e \u0442\u0435\u043b\u043e \u0412\u043b\u0430\u0434\u0435 \u0420\u0435\u043f\u0443\u0431\u043b\u0438\u043a\u0435 \u0421\u0440\u0431\u0438\u0458\u0435 \u0437\u0430 \u043e\u043f\u0448\u0442\u0438\u043d\u0435 \u041f\u0440\u0435\u0448\u0435\u0432\u043e, \u0411\u0443\u0458\u0430\u043d\u043e\u0432\u0430\u0446 \u0438 \u041c\u0435\u0434\u0432\u0435\u0452a"},"image":{"@id":"https:\/\/kt.gov.rs\/#\/schema\/logo\/image\/"},"sameAs":["https:\/\/www.facebook.com\/SluzbaKoordinacionogTelaVladeRepublikeSrbije","https:\/\/x.com\/kt_gov","https:\/\/www.youtube.com\/@koordinacionotelo"]},{"@type":"Person","@id":"https:\/\/kt.gov.rs\/#\/schema\/person\/e426459ddb4173309103390602694571","name":"ktmin","image":{"@type":"ImageObject","inLanguage":"sq-AL","@id":"https:\/\/secure.gravatar.com\/avatar\/3985c961109853010c3fbc7ba30365bfba5db3dd6c525831d9c595c7525a615a?s=96&d=mm&r=g","url":"https:\/\/secure.gravatar.com\/avatar\/3985c961109853010c3fbc7ba30365bfba5db3dd6c525831d9c595c7525a615a?s=96&d=mm&r=g","contentUrl":"https:\/\/secure.gravatar.com\/avatar\/3985c961109853010c3fbc7ba30365bfba5db3dd6c525831d9c595c7525a615a?s=96&d=mm&r=g","caption":"ktmin"},"sameAs":["https:\/\/kt.gov.rs"],"url":"https:\/\/kt.gov.rs\/sq\/author\/ktmin\/"}]}},"_links":{"self":[{"href":"https:\/\/kt.gov.rs\/sq\/wp-json\/wp\/v2\/posts\/107510","targetHints":{"allow":["GET"]}}],"collection":[{"href":"https:\/\/kt.gov.rs\/sq\/wp-json\/wp\/v2\/posts"}],"about":[{"href":"https:\/\/kt.gov.rs\/sq\/wp-json\/wp\/v2\/types\/post"}],"author":[{"embeddable":true,"href":"https:\/\/kt.gov.rs\/sq\/wp-json\/wp\/v2\/users\/1"}],"replies":[{"embeddable":true,"href":"https:\/\/kt.gov.rs\/sq\/wp-json\/wp\/v2\/comments?post=107510"}],"version-history":[{"count":1,"href":"https:\/\/kt.gov.rs\/sq\/wp-json\/wp\/v2\/posts\/107510\/revisions"}],"predecessor-version":[{"id":107514,"href":"https:\/\/kt.gov.rs\/sq\/wp-json\/wp\/v2\/posts\/107510\/revisions\/107514"}],"wp:featuredmedia":[{"embeddable":true,"href":"https:\/\/kt.gov.rs\/sq\/wp-json\/wp\/v2\/media\/107515"}],"wp:attachment":[{"href":"https:\/\/kt.gov.rs\/sq\/wp-json\/wp\/v2\/media?parent=107510"}],"wp:term":[{"taxonomy":"category","embeddable":true,"href":"https:\/\/kt.gov.rs\/sq\/wp-json\/wp\/v2\/categories?post=107510"},{"taxonomy":"post_tag","embeddable":true,"href":"https:\/\/kt.gov.rs\/sq\/wp-json\/wp\/v2\/tags?post=107510"}],"curies":[{"name":"wp","href":"https:\/\/api.w.org\/{rel}","templated":true}]}}