{"id":107494,"date":"2022-06-02T00:00:00","date_gmt":"2022-06-02T00:00:00","guid":{"rendered":"http:\/\/kt.printandscreen.rs\/fudbaleri-nga-lopardinca-i-cili-ka-bere-karier-boterore-dhuroi-drese-bsk-se\/"},"modified":"2024-07-30T17:56:40","modified_gmt":"2024-07-30T17:56:40","slug":"fudbaleri-nga-lopardinca-i-cili-ka-bere-karier-boterore-dhuroi-drese-bsk-se","status":"publish","type":"post","link":"https:\/\/kt.gov.rs\/sq\/fudbaleri-nga-lopardinca-i-cili-ka-bere-karier-boterore-dhuroi-drese-bsk-se\/","title":{"rendered":"FUDBALERI NGA LOPARDINCA I CILI KA B\u00cbR\u00cb KARIER BOT\u00cbRORE DHUROI DRESE BSK-S\u00cb"},"content":{"rendered":"<p>\n\t<strong><img decoding=\"async\" alt=\"\" src=\"https:\/\/kt.gov.rs\/wp-content\/uploads\/2024\/07\/1654162696_020622_3-2.jpg\" style=\"width: 315px; height: 230px; float: left;\" \/><\/strong>Bujanoc \u2013 Beograd \u2013 Futbollisti Lazar GjorgjeviQ (30), i cili hapat e para futbollistike i b\u00ebri n\u00eb BSK-n\u00eb e Bujanocit, i dhuroi t\u00eb rinjve t\u00eb klubit nga nj\u00eb komplet fanella.<\/p>\n<p>\n\t\u201cFaleminderit p\u00ebr mikun ton\u00eb dhe ish-pjes\u00ebtarin e p\u00ebrzgjedhjes son\u00eb juniore, Lazar Gjorgjevicit, i cili hapat e para futbollistike i b\u00ebri n\u00eb k\u00ebt\u00eb stadium. Sot, ai po nd\u00ebrton karrier\u00ebn e tij t\u00eb pasur nd\u00ebrkomb\u00ebtare n\u00eb Bahrein. Ai sot ka dhuruar nj\u00eb komplet fanella p\u00ebr an\u00ebtar\u00ebt e seleksionit p\u00ebr t\u00eb rinj\u00ebt. Nj\u00eb tjet\u00ebr gjest i k\u00ebndsh\u00ebm i nj\u00ebrit prej ish-an\u00ebtar\u00ebve t\u00eb klubit i cili nuk harroi klubin n\u00eb t\u00eb cilin u rrit\u201d, njoftoi FC BSK.<\/p>\n<p>\n\tGjorgjeviq \u00ebsht\u00eb nga Lopardica af\u00ebr Bujanocit dhe gjat\u00eb karrier\u00ebs s\u00eb tij ka luajtur p\u00ebr Vojvodin\u00ebn e Novi Sadit, Radin, Sileksin maqedonas, Kosice dhe Podbrezova n\u00eb Sllovaki, \u00c7eki Karvina dhe Radnicki nga Nishi, gj\u00eb q\u00eb e b\u00ebn at\u00eb nj\u00eb nga pasardh\u00ebsit m\u00eb t\u00eb suksessh\u00ebm t\u00eb shkoll\u00ebs BSK.<\/p>\n<p>\n\tLazar ka luajtur p\u00ebr Zira t\u00eb Azerbajxhanit gjat\u00eb luft\u00ebs n\u00eb zon\u00ebn kufitare t\u00eb Nagorno Karabah.<\/p>\n<p>\n\tBurimi: Bujanovacke dhe Trupi koordinues<\/p>\n<p>\n\t\u00a0<\/p>\n","protected":false},"excerpt":{"rendered":"<p>Bujanoc \u2013 Beograd \u2013 Futbollisti Lazar GjorgjeviQ (30), i cili hapat e para futbollistike i b\u00ebri n\u00eb BSK-n\u00eb e Bujanocit, i dhuroi t\u00eb rinjve t\u00eb klubit nga nj\u00eb komplet fanella.<\/p>\n","protected":false},"author":1,"featured_media":107499,"comment_status":"closed","ping_status":"closed","sticky":false,"template":"","format":"standard","meta":{"footnotes":""},"categories":[55],"tags":[],"class_list":["post-107494","post","type-post","status-publish","format-standard","has-post-thumbnail","hentry","category-lajme"],"yoast_head":"<!-- This site is optimized with the Yoast SEO plugin v27.5 - https:\/\/yoast.com\/product\/yoast-seo-wordpress\/ -->\n<title>FUDBALERI NGA LOPARDINCA I CILI KA B\u00cbR\u00cb KARIER BOT\u00cbRORE DHUROI DRESE BSK-S\u00cb - Republika e S\u00ebrbis\u00eb Trupi Koordinues p\u00ebr komunat Bujanoc, Preshev\u00eb dhe Medvegj\u00eb<\/title>\n<meta name=\"robots\" content=\"index, follow, max-snippet:-1, max-image-preview:large, max-video-preview:-1\" \/>\n<link rel=\"canonical\" href=\"https:\/\/kt.gov.rs\/sq\/fudbaleri-nga-lopardinca-i-cili-ka-bere-karier-boterore-dhuroi-drese-bsk-se\/\" \/>\n<meta property=\"og:locale\" content=\"sq_AL\" \/>\n<meta property=\"og:type\" content=\"article\" \/>\n<meta property=\"og:title\" content=\"FUDBALERI NGA LOPARDINCA I CILI KA B\u00cbR\u00cb KARIER BOT\u00cbRORE DHUROI DRESE BSK-S\u00cb - Republika e S\u00ebrbis\u00eb Trupi Koordinues p\u00ebr komunat Bujanoc, Preshev\u00eb dhe Medvegj\u00eb\" \/>\n<meta property=\"og:description\" content=\"Bujanoc - Beograd - Futbollisti Lazar GjorgjeviQ (30), i cili hapat e para futbollistike i b\u00ebri n\u00eb BSK-n\u00eb e Bujanocit, i dhuroi t\u00eb rinjve t\u00eb klubit nga nj\u00eb komplet fanella.\" \/>\n<meta property=\"og:url\" content=\"https:\/\/kt.gov.rs\/sq\/fudbaleri-nga-lopardinca-i-cili-ka-bere-karier-boterore-dhuroi-drese-bsk-se\/\" \/>\n<meta property=\"og:site_name\" content=\"Republika e S\u00ebrbis\u00eb Trupi Koordinues p\u00ebr komunat Bujanoc, Preshev\u00eb dhe Medvegj\u00eb\" \/>\n<meta property=\"article:publisher\" content=\"https:\/\/www.facebook.com\/SluzbaKoordinacionogTelaVladeRepublikeSrbije\" \/>\n<meta property=\"article:published_time\" content=\"2022-06-02T00:00:00+00:00\" \/>\n<meta property=\"article:modified_time\" content=\"2024-07-30T17:56:40+00:00\" \/>\n<meta property=\"og:image\" content=\"https:\/\/kt.gov.rs\/wp-content\/uploads\/2024\/07\/1654162696_020622_3-3.jpg\" \/>\n\t<meta property=\"og:image:width\" content=\"315\" \/>\n\t<meta property=\"og:image:height\" content=\"230\" \/>\n\t<meta property=\"og:image:type\" content=\"image\/jpeg\" \/>\n<meta name=\"author\" content=\"ktmin\" \/>\n<meta name=\"twitter:card\" content=\"summary_large_image\" \/>\n<meta name=\"twitter:creator\" content=\"@kt_gov\" \/>\n<meta name=\"twitter:site\" content=\"@kt_gov\" \/>\n<meta name=\"twitter:label1\" content=\"Written by\" \/>\n\t<meta name=\"twitter:data1\" content=\"ktmin\" \/>\n\t<meta name=\"twitter:label2\" content=\"Est. reading time\" \/>\n\t<meta name=\"twitter:data2\" content=\"1 minute\" \/>\n<script type=\"application\/ld+json\" class=\"yoast-schema-graph\">{\"@context\":\"https:\\\/\\\/schema.org\",\"@graph\":[{\"@type\":\"Article\",\"@id\":\"https:\\\/\\\/kt.gov.rs\\\/sq\\\/fudbaleri-nga-lopardinca-i-cili-ka-bere-karier-boterore-dhuroi-drese-bsk-se\\\/#article\",\"isPartOf\":{\"@id\":\"https:\\\/\\\/kt.gov.rs\\\/sq\\\/fudbaleri-nga-lopardinca-i-cili-ka-bere-karier-boterore-dhuroi-drese-bsk-se\\\/\"},\"author\":{\"name\":\"ktmin\",\"@id\":\"https:\\\/\\\/kt.gov.rs\\\/#\\\/schema\\\/person\\\/e426459ddb4173309103390602694571\"},\"headline\":\"FUDBALERI NGA LOPARDINCA I CILI KA B\u00cbR\u00cb KARIER BOT\u00cbRORE DHUROI DRESE BSK-S\u00cb\",\"datePublished\":\"2022-06-02T00:00:00+00:00\",\"dateModified\":\"2024-07-30T17:56:40+00:00\",\"mainEntityOfPage\":{\"@id\":\"https:\\\/\\\/kt.gov.rs\\\/sq\\\/fudbaleri-nga-lopardinca-i-cili-ka-bere-karier-boterore-dhuroi-drese-bsk-se\\\/\"},\"wordCount\":283,\"publisher\":{\"@id\":\"https:\\\/\\\/kt.gov.rs\\\/#organization\"},\"image\":{\"@id\":\"https:\\\/\\\/kt.gov.rs\\\/sq\\\/fudbaleri-nga-lopardinca-i-cili-ka-bere-karier-boterore-dhuroi-drese-bsk-se\\\/#primaryimage\"},\"thumbnailUrl\":\"https:\\\/\\\/kt.gov.rs\\\/wp-content\\\/uploads\\\/2024\\\/07\\\/1654162696_020622_3-3.jpg\",\"articleSection\":[\"Lajme\"],\"inLanguage\":\"sq-AL\"},{\"@type\":\"WebPage\",\"@id\":\"https:\\\/\\\/kt.gov.rs\\\/sq\\\/fudbaleri-nga-lopardinca-i-cili-ka-bere-karier-boterore-dhuroi-drese-bsk-se\\\/\",\"url\":\"https:\\\/\\\/kt.gov.rs\\\/sq\\\/fudbaleri-nga-lopardinca-i-cili-ka-bere-karier-boterore-dhuroi-drese-bsk-se\\\/\",\"name\":\"FUDBALERI NGA LOPARDINCA I CILI KA B\u00cbR\u00cb KARIER BOT\u00cbRORE DHUROI DRESE BSK-S\u00cb - Republika e S\u00ebrbis\u00eb Trupi Koordinues p\u00ebr komunat Bujanoc, Preshev\u00eb dhe Medvegj\u00eb\",\"isPartOf\":{\"@id\":\"https:\\\/\\\/kt.gov.rs\\\/#website\"},\"primaryImageOfPage\":{\"@id\":\"https:\\\/\\\/kt.gov.rs\\\/sq\\\/fudbaleri-nga-lopardinca-i-cili-ka-bere-karier-boterore-dhuroi-drese-bsk-se\\\/#primaryimage\"},\"image\":{\"@id\":\"https:\\\/\\\/kt.gov.rs\\\/sq\\\/fudbaleri-nga-lopardinca-i-cili-ka-bere-karier-boterore-dhuroi-drese-bsk-se\\\/#primaryimage\"},\"thumbnailUrl\":\"https:\\\/\\\/kt.gov.rs\\\/wp-content\\\/uploads\\\/2024\\\/07\\\/1654162696_020622_3-3.jpg\",\"datePublished\":\"2022-06-02T00:00:00+00:00\",\"dateModified\":\"2024-07-30T17:56:40+00:00\",\"breadcrumb\":{\"@id\":\"https:\\\/\\\/kt.gov.rs\\\/sq\\\/fudbaleri-nga-lopardinca-i-cili-ka-bere-karier-boterore-dhuroi-drese-bsk-se\\\/#breadcrumb\"},\"inLanguage\":\"sq-AL\",\"potentialAction\":[{\"@type\":\"ReadAction\",\"target\":[\"https:\\\/\\\/kt.gov.rs\\\/sq\\\/fudbaleri-nga-lopardinca-i-cili-ka-bere-karier-boterore-dhuroi-drese-bsk-se\\\/\"]}]},{\"@type\":\"ImageObject\",\"inLanguage\":\"sq-AL\",\"@id\":\"https:\\\/\\\/kt.gov.rs\\\/sq\\\/fudbaleri-nga-lopardinca-i-cili-ka-bere-karier-boterore-dhuroi-drese-bsk-se\\\/#primaryimage\",\"url\":\"https:\\\/\\\/kt.gov.rs\\\/wp-content\\\/uploads\\\/2024\\\/07\\\/1654162696_020622_3-3.jpg\",\"contentUrl\":\"https:\\\/\\\/kt.gov.rs\\\/wp-content\\\/uploads\\\/2024\\\/07\\\/1654162696_020622_3-3.jpg\",\"width\":315,\"height\":230},{\"@type\":\"BreadcrumbList\",\"@id\":\"https:\\\/\\\/kt.gov.rs\\\/sq\\\/fudbaleri-nga-lopardinca-i-cili-ka-bere-karier-boterore-dhuroi-drese-bsk-se\\\/#breadcrumb\",\"itemListElement\":[{\"@type\":\"ListItem\",\"position\":1,\"name\":\"Po\u010detna\",\"item\":\"https:\\\/\\\/kt.gov.rs\\\/sq\\\/\"},{\"@type\":\"ListItem\",\"position\":2,\"name\":\"FUDBALERI NGA LOPARDINCA I CILI KA B\u00cbR\u00cb KARIER BOT\u00cbRORE DHUROI DRESE BSK-S\u00cb\"}]},{\"@type\":\"WebSite\",\"@id\":\"https:\\\/\\\/kt.gov.rs\\\/#website\",\"url\":\"https:\\\/\\\/kt.gov.rs\\\/\",\"name\":\"Koordinaciono telo Vlade Republike Srbije za op\u0161tine Pre\u0161evo, Bujanovac i Medve\u0111a\",\"description\":\"\",\"publisher\":{\"@id\":\"https:\\\/\\\/kt.gov.rs\\\/#organization\"},\"alternateName\":\"Koordinaciono telo\",\"potentialAction\":[{\"@type\":\"SearchAction\",\"target\":{\"@type\":\"EntryPoint\",\"urlTemplate\":\"https:\\\/\\\/kt.gov.rs\\\/?s={search_term_string}\"},\"query-input\":{\"@type\":\"PropertyValueSpecification\",\"valueRequired\":true,\"valueName\":\"search_term_string\"}}],\"inLanguage\":\"sq-AL\"},{\"@type\":\"Organization\",\"@id\":\"https:\\\/\\\/kt.gov.rs\\\/#organization\",\"name\":\"Koordinaciono telo Vlade Republike Srbije za op\u0161tine Pre\u0161evo, Bujanovac i Medve\u0111a\",\"alternateName\":\"Koordinaciono telo\",\"url\":\"https:\\\/\\\/kt.gov.rs\\\/\",\"logo\":{\"@type\":\"ImageObject\",\"inLanguage\":\"sq-AL\",\"@id\":\"https:\\\/\\\/kt.gov.rs\\\/#\\\/schema\\\/logo\\\/image\\\/\",\"url\":\"https:\\\/\\\/kt.gov.rs\\\/wp-content\\\/uploads\\\/2024\\\/12\\\/koord2.jpg\",\"contentUrl\":\"https:\\\/\\\/kt.gov.rs\\\/wp-content\\\/uploads\\\/2024\\\/12\\\/koord2.jpg\",\"width\":640,\"height\":480,\"caption\":\"Koordinaciono telo Vlade Republike Srbije za op\u0161tine Pre\u0161evo, Bujanovac i Medve\u0111a\"},\"image\":{\"@id\":\"https:\\\/\\\/kt.gov.rs\\\/#\\\/schema\\\/logo\\\/image\\\/\"},\"sameAs\":[\"https:\\\/\\\/www.facebook.com\\\/SluzbaKoordinacionogTelaVladeRepublikeSrbije\",\"https:\\\/\\\/x.com\\\/kt_gov\",\"https:\\\/\\\/www.youtube.com\\\/@koordinacionotelo\"]},{\"@type\":\"Person\",\"@id\":\"https:\\\/\\\/kt.gov.rs\\\/#\\\/schema\\\/person\\\/e426459ddb4173309103390602694571\",\"name\":\"ktmin\",\"image\":{\"@type\":\"ImageObject\",\"inLanguage\":\"sq-AL\",\"@id\":\"https:\\\/\\\/secure.gravatar.com\\\/avatar\\\/3985c961109853010c3fbc7ba30365bfba5db3dd6c525831d9c595c7525a615a?s=96&d=mm&r=g\",\"url\":\"https:\\\/\\\/secure.gravatar.com\\\/avatar\\\/3985c961109853010c3fbc7ba30365bfba5db3dd6c525831d9c595c7525a615a?s=96&d=mm&r=g\",\"contentUrl\":\"https:\\\/\\\/secure.gravatar.com\\\/avatar\\\/3985c961109853010c3fbc7ba30365bfba5db3dd6c525831d9c595c7525a615a?s=96&d=mm&r=g\",\"caption\":\"ktmin\"},\"sameAs\":[\"https:\\\/\\\/kt.gov.rs\"],\"url\":\"https:\\\/\\\/kt.gov.rs\\\/sq\\\/author\\\/ktmin\\\/\"}]}<\/script>\n<!-- \/ Yoast SEO plugin. -->","yoast_head_json":{"title":"FUDBALERI NGA LOPARDINCA I CILI KA B\u00cbR\u00cb KARIER BOT\u00cbRORE DHUROI DRESE BSK-S\u00cb - Republika e S\u00ebrbis\u00eb Trupi Koordinues p\u00ebr komunat Bujanoc, Preshev\u00eb dhe Medvegj\u00eb","robots":{"index":"index","follow":"follow","max-snippet":"max-snippet:-1","max-image-preview":"max-image-preview:large","max-video-preview":"max-video-preview:-1"},"canonical":"https:\/\/kt.gov.rs\/sq\/fudbaleri-nga-lopardinca-i-cili-ka-bere-karier-boterore-dhuroi-drese-bsk-se\/","og_locale":"sq_AL","og_type":"article","og_title":"FUDBALERI NGA LOPARDINCA I CILI KA B\u00cbR\u00cb KARIER BOT\u00cbRORE DHUROI DRESE BSK-S\u00cb - Republika e S\u00ebrbis\u00eb Trupi Koordinues p\u00ebr komunat Bujanoc, Preshev\u00eb dhe Medvegj\u00eb","og_description":"Bujanoc - Beograd - Futbollisti Lazar GjorgjeviQ (30), i cili hapat e para futbollistike i b\u00ebri n\u00eb BSK-n\u00eb e Bujanocit, i dhuroi t\u00eb rinjve t\u00eb klubit nga nj\u00eb komplet fanella.","og_url":"https:\/\/kt.gov.rs\/sq\/fudbaleri-nga-lopardinca-i-cili-ka-bere-karier-boterore-dhuroi-drese-bsk-se\/","og_site_name":"Republika e S\u00ebrbis\u00eb Trupi Koordinues p\u00ebr komunat Bujanoc, Preshev\u00eb dhe Medvegj\u00eb","article_publisher":"https:\/\/www.facebook.com\/SluzbaKoordinacionogTelaVladeRepublikeSrbije","article_published_time":"2022-06-02T00:00:00+00:00","article_modified_time":"2024-07-30T17:56:40+00:00","og_image":[{"width":315,"height":230,"url":"https:\/\/kt.gov.rs\/wp-content\/uploads\/2024\/07\/1654162696_020622_3-3.jpg","type":"image\/jpeg"}],"author":"ktmin","twitter_card":"summary_large_image","twitter_creator":"@kt_gov","twitter_site":"@kt_gov","twitter_misc":{"Written by":"ktmin","Est. reading time":"1 minute"},"schema":{"@context":"https:\/\/schema.org","@graph":[{"@type":"Article","@id":"https:\/\/kt.gov.rs\/sq\/fudbaleri-nga-lopardinca-i-cili-ka-bere-karier-boterore-dhuroi-drese-bsk-se\/#article","isPartOf":{"@id":"https:\/\/kt.gov.rs\/sq\/fudbaleri-nga-lopardinca-i-cili-ka-bere-karier-boterore-dhuroi-drese-bsk-se\/"},"author":{"name":"ktmin","@id":"https:\/\/kt.gov.rs\/#\/schema\/person\/e426459ddb4173309103390602694571"},"headline":"FUDBALERI NGA LOPARDINCA I CILI KA B\u00cbR\u00cb KARIER BOT\u00cbRORE DHUROI DRESE BSK-S\u00cb","datePublished":"2022-06-02T00:00:00+00:00","dateModified":"2024-07-30T17:56:40+00:00","mainEntityOfPage":{"@id":"https:\/\/kt.gov.rs\/sq\/fudbaleri-nga-lopardinca-i-cili-ka-bere-karier-boterore-dhuroi-drese-bsk-se\/"},"wordCount":283,"publisher":{"@id":"https:\/\/kt.gov.rs\/#organization"},"image":{"@id":"https:\/\/kt.gov.rs\/sq\/fudbaleri-nga-lopardinca-i-cili-ka-bere-karier-boterore-dhuroi-drese-bsk-se\/#primaryimage"},"thumbnailUrl":"https:\/\/kt.gov.rs\/wp-content\/uploads\/2024\/07\/1654162696_020622_3-3.jpg","articleSection":["Lajme"],"inLanguage":"sq-AL"},{"@type":"WebPage","@id":"https:\/\/kt.gov.rs\/sq\/fudbaleri-nga-lopardinca-i-cili-ka-bere-karier-boterore-dhuroi-drese-bsk-se\/","url":"https:\/\/kt.gov.rs\/sq\/fudbaleri-nga-lopardinca-i-cili-ka-bere-karier-boterore-dhuroi-drese-bsk-se\/","name":"FUDBALERI NGA LOPARDINCA I CILI KA B\u00cbR\u00cb KARIER BOT\u00cbRORE DHUROI DRESE BSK-S\u00cb - Republika e S\u00ebrbis\u00eb Trupi Koordinues p\u00ebr komunat Bujanoc, Preshev\u00eb dhe Medvegj\u00eb","isPartOf":{"@id":"https:\/\/kt.gov.rs\/#website"},"primaryImageOfPage":{"@id":"https:\/\/kt.gov.rs\/sq\/fudbaleri-nga-lopardinca-i-cili-ka-bere-karier-boterore-dhuroi-drese-bsk-se\/#primaryimage"},"image":{"@id":"https:\/\/kt.gov.rs\/sq\/fudbaleri-nga-lopardinca-i-cili-ka-bere-karier-boterore-dhuroi-drese-bsk-se\/#primaryimage"},"thumbnailUrl":"https:\/\/kt.gov.rs\/wp-content\/uploads\/2024\/07\/1654162696_020622_3-3.jpg","datePublished":"2022-06-02T00:00:00+00:00","dateModified":"2024-07-30T17:56:40+00:00","breadcrumb":{"@id":"https:\/\/kt.gov.rs\/sq\/fudbaleri-nga-lopardinca-i-cili-ka-bere-karier-boterore-dhuroi-drese-bsk-se\/#breadcrumb"},"inLanguage":"sq-AL","potentialAction":[{"@type":"ReadAction","target":["https:\/\/kt.gov.rs\/sq\/fudbaleri-nga-lopardinca-i-cili-ka-bere-karier-boterore-dhuroi-drese-bsk-se\/"]}]},{"@type":"ImageObject","inLanguage":"sq-AL","@id":"https:\/\/kt.gov.rs\/sq\/fudbaleri-nga-lopardinca-i-cili-ka-bere-karier-boterore-dhuroi-drese-bsk-se\/#primaryimage","url":"https:\/\/kt.gov.rs\/wp-content\/uploads\/2024\/07\/1654162696_020622_3-3.jpg","contentUrl":"https:\/\/kt.gov.rs\/wp-content\/uploads\/2024\/07\/1654162696_020622_3-3.jpg","width":315,"height":230},{"@type":"BreadcrumbList","@id":"https:\/\/kt.gov.rs\/sq\/fudbaleri-nga-lopardinca-i-cili-ka-bere-karier-boterore-dhuroi-drese-bsk-se\/#breadcrumb","itemListElement":[{"@type":"ListItem","position":1,"name":"Po\u010detna","item":"https:\/\/kt.gov.rs\/sq\/"},{"@type":"ListItem","position":2,"name":"FUDBALERI NGA LOPARDINCA I CILI KA B\u00cbR\u00cb KARIER BOT\u00cbRORE DHUROI DRESE BSK-S\u00cb"}]},{"@type":"WebSite","@id":"https:\/\/kt.gov.rs\/#website","url":"https:\/\/kt.gov.rs\/","name":"Koordinaciono telo Vlade Republike Srbije za op\u0161tine Pre\u0161evo, Bujanovac i Medve\u0111a","description":"","publisher":{"@id":"https:\/\/kt.gov.rs\/#organization"},"alternateName":"Koordinaciono telo","potentialAction":[{"@type":"SearchAction","target":{"@type":"EntryPoint","urlTemplate":"https:\/\/kt.gov.rs\/?s={search_term_string}"},"query-input":{"@type":"PropertyValueSpecification","valueRequired":true,"valueName":"search_term_string"}}],"inLanguage":"sq-AL"},{"@type":"Organization","@id":"https:\/\/kt.gov.rs\/#organization","name":"Koordinaciono telo Vlade Republike Srbije za op\u0161tine Pre\u0161evo, Bujanovac i Medve\u0111a","alternateName":"Koordinaciono telo","url":"https:\/\/kt.gov.rs\/","logo":{"@type":"ImageObject","inLanguage":"sq-AL","@id":"https:\/\/kt.gov.rs\/#\/schema\/logo\/image\/","url":"https:\/\/kt.gov.rs\/wp-content\/uploads\/2024\/12\/koord2.jpg","contentUrl":"https:\/\/kt.gov.rs\/wp-content\/uploads\/2024\/12\/koord2.jpg","width":640,"height":480,"caption":"Koordinaciono telo Vlade Republike Srbije za op\u0161tine Pre\u0161evo, Bujanovac i Medve\u0111a"},"image":{"@id":"https:\/\/kt.gov.rs\/#\/schema\/logo\/image\/"},"sameAs":["https:\/\/www.facebook.com\/SluzbaKoordinacionogTelaVladeRepublikeSrbije","https:\/\/x.com\/kt_gov","https:\/\/www.youtube.com\/@koordinacionotelo"]},{"@type":"Person","@id":"https:\/\/kt.gov.rs\/#\/schema\/person\/e426459ddb4173309103390602694571","name":"ktmin","image":{"@type":"ImageObject","inLanguage":"sq-AL","@id":"https:\/\/secure.gravatar.com\/avatar\/3985c961109853010c3fbc7ba30365bfba5db3dd6c525831d9c595c7525a615a?s=96&d=mm&r=g","url":"https:\/\/secure.gravatar.com\/avatar\/3985c961109853010c3fbc7ba30365bfba5db3dd6c525831d9c595c7525a615a?s=96&d=mm&r=g","contentUrl":"https:\/\/secure.gravatar.com\/avatar\/3985c961109853010c3fbc7ba30365bfba5db3dd6c525831d9c595c7525a615a?s=96&d=mm&r=g","caption":"ktmin"},"sameAs":["https:\/\/kt.gov.rs"],"url":"https:\/\/kt.gov.rs\/sq\/author\/ktmin\/"}]}},"_links":{"self":[{"href":"https:\/\/kt.gov.rs\/sq\/wp-json\/wp\/v2\/posts\/107494","targetHints":{"allow":["GET"]}}],"collection":[{"href":"https:\/\/kt.gov.rs\/sq\/wp-json\/wp\/v2\/posts"}],"about":[{"href":"https:\/\/kt.gov.rs\/sq\/wp-json\/wp\/v2\/types\/post"}],"author":[{"embeddable":true,"href":"https:\/\/kt.gov.rs\/sq\/wp-json\/wp\/v2\/users\/1"}],"replies":[{"embeddable":true,"href":"https:\/\/kt.gov.rs\/sq\/wp-json\/wp\/v2\/comments?post=107494"}],"version-history":[{"count":1,"href":"https:\/\/kt.gov.rs\/sq\/wp-json\/wp\/v2\/posts\/107494\/revisions"}],"predecessor-version":[{"id":107498,"href":"https:\/\/kt.gov.rs\/sq\/wp-json\/wp\/v2\/posts\/107494\/revisions\/107498"}],"wp:featuredmedia":[{"embeddable":true,"href":"https:\/\/kt.gov.rs\/sq\/wp-json\/wp\/v2\/media\/107499"}],"wp:attachment":[{"href":"https:\/\/kt.gov.rs\/sq\/wp-json\/wp\/v2\/media?parent=107494"}],"wp:term":[{"taxonomy":"category","embeddable":true,"href":"https:\/\/kt.gov.rs\/sq\/wp-json\/wp\/v2\/categories?post=107494"},{"taxonomy":"post_tag","embeddable":true,"href":"https:\/\/kt.gov.rs\/sq\/wp-json\/wp\/v2\/tags?post=107494"}],"curies":[{"name":"wp","href":"https:\/\/api.w.org\/{rel}","templated":true}]}}