{"id":107443,"date":"2022-06-14T00:00:00","date_gmt":"2022-06-14T00:00:00","guid":{"rendered":"http:\/\/kt.printandscreen.rs\/mjeket-e-shtepise-se-shendetit-ftojne-ne-vaksinim-kunder-virusit-hpv\/"},"modified":"2024-07-30T17:56:35","modified_gmt":"2024-07-30T17:56:35","slug":"mjeket-e-shtepise-se-shendetit-ftojne-ne-vaksinim-kunder-virusit-hpv","status":"publish","type":"post","link":"https:\/\/kt.gov.rs\/sq\/mjeket-e-shtepise-se-shendetit-ftojne-ne-vaksinim-kunder-virusit-hpv\/","title":{"rendered":"MJEK\u00cbT E SHT\u00cbPIS\u00cb S\u00cb SH\u00cbNDETIT FTOJN\u00cb N\u00cb VAKSINIM KUND\u00cbR VIRUSIT HPV"},"content":{"rendered":"<p>\n\t<strong><img decoding=\"async\" alt=\"\" src=\"https:\/\/kt.gov.rs\/wp-content\/uploads\/2024\/07\/1655194302_140622_4-2.jpg\" style=\"width: 315px; height: 230px; float: left;\" \/><\/strong><\/p>\n<p>\n\t<strong>Bujanoc \u2013 Beograd \u2013<\/strong> Mjek\u00ebt e Sht\u00ebpis\u00eb Sh\u00ebndetit t\u00eb Bujanocit u b\u00ebjn\u00eb thirrje prind\u00ebrve q\u00eb t&#39;i sjellin f\u00ebmij\u00ebt e tyre p\u00ebr imunizimin kund\u00ebr virusit papilloma humane (HPV), i cili \u00ebsht\u00eb nj\u00eb nga shkaktar\u00ebt kryesor\u00eb t\u00eb kancerit t\u00eb qaf\u00ebs s\u00eb mitr\u00ebs dhe s\u00ebmundjeve t\u00eb tjera malinje t\u00eb organeve riprodhuese. Vaksina kund\u00ebr HPV ka mb\u00ebrritur n\u00eb Serbi jav\u00ebn e kaluar dhe \u00ebsht\u00eb e dedikuar p\u00ebr vajzat dhe djemt\u00eb e mosh\u00ebs 9 deri n\u00eb 14 vje\u00e7, pra n\u00eb doza t\u00eb caktuara para marr\u00ebdh\u00ebnies s\u00eb par\u00eb seksuale.<\/p>\n<p>\n\tN\u00eb Sht\u00ebpin\u00eb e Sh\u00ebndetit t\u00eb Bujanocit kan\u00eb arritur 30 doza vaksinash, dhe se si dhe kur dhe sa i r\u00ebnd\u00ebsish\u00ebm \u00ebsht\u00eb marr\u00eb imunizimi, kan\u00eb folur mjek\u00ebt bujanocas n\u00eb nj\u00eb konferenc\u00eb p\u00ebr media t\u00eb mbajtur n\u00eb Sht\u00ebpin\u00eb e Sh\u00ebndet\u00ebsis\u00eb.<\/p>\n<p>\n\t\u201cVaksina \u00ebsht\u00eb e destinuar p\u00ebr f\u00ebmij\u00ebt e mosh\u00ebs 9 deri n\u00eb 14 vje\u00e7, mund t\u00eb merret edhe m\u00eb von\u00eb, por do t\u00eb ishte e r\u00ebnd\u00ebsishme q\u00eb t\u00eb merret p\u00ebrpara marr\u00ebdh\u00ebnies s\u00eb par\u00eb seksuale. Vaksina jepet n\u00eb dy ose tre doza, n\u00eb var\u00ebsi t\u00eb mosh\u00ebs s\u00eb pacientit. Doza e dyt\u00eb jepet t\u00eb pakt\u00ebn nj\u00eb muaj pas doz\u00ebs s\u00eb par\u00eb, dhe e treta t\u00eb pakt\u00ebn 3 muaj pas doz\u00ebs s\u00eb dyt\u00eb. T\u00eb gjitha dozat duhet t\u00eb merren m\u00eb s\u00eb voni brenda nj\u00eb viti\u201d, thot\u00eb shefja e ambulanc\u00ebs shkollore, doktoresha Danijela Den\u00e7iq, specialiste e pediatris\u00eb.<\/p>\n<p>\n\tAjo theksoi se imunizimi me k\u00ebt\u00eb vaksin\u00eb \u00ebsht\u00eb shum\u00eb i r\u00ebnd\u00ebsish\u00ebm, por se ka nj\u00eb nivel t\u00eb ul\u00ebt t\u00eb informacionit p\u00ebr vet\u00eb vaksin\u00ebn dhe nd\u00ebrgjegj\u00ebsimin q\u00eb ajo duhet b\u00ebr\u00eb n\u00eb adoleshenc\u00eb p\u00ebr t\u00eb parandaluar kancerin e qaf\u00ebs s\u00eb mitr\u00ebs dhe kanceret e tjera t\u00eb shkaktuara nga viruset HP.<\/p>\n<p>\n\t\u201cPrind\u00ebrit q\u00eb kan\u00eb ndonj\u00eb pyetje apo dilem\u00eb mund t\u00eb vijn\u00eb dhe t\u00eb marrin informacion n\u00eb ambulant\u00ebn e shkoll\u00ebs. \u00cbsht\u00eb e r\u00ebnd\u00ebsishme t\u00eb punohet p\u00ebr parandalimin, rritjen e nd\u00ebrgjegj\u00ebsimit dhe informimin n\u00eb koh\u00eb. Imunizimi \u00ebsht\u00eb vet\u00ebm nj\u00eb metod\u00eb n\u00eb parandalimin e s\u00ebmundjeve. \u201cAjo q\u00eb \u00ebsht\u00eb e r\u00ebnd\u00ebsishme p\u00ebr dispancerin\u00eb ton\u00eb \u00ebsht\u00eb q\u00eb ne jemi k\u00ebtu p\u00ebr t\u00eb gjith\u00eb prind\u00ebrit q\u00eb duan t\u00eb marrin informacion n\u00eb koh\u00eb\u201d, tha ajo.<\/p>\n<p>\n\tNj\u00eb nga m\u00ebnyrat p\u00ebr t\u00eb rritur nd\u00ebrgjegj\u00ebsimin, shtoi ajo, \u00ebsht\u00eb biseda me t\u00eb rinjt\u00eb dhe ligj\u00ebrata n\u00eb shkolla p\u00ebr t&#39;u njohur me s\u00ebmundjet seksualisht t\u00eb transmetueshme q\u00eb mund t\u00eb ndikojn\u00eb n\u00eb sh\u00ebndetin e tyre.<\/p>\n<p>\n\t\u201cVaksinimi kund\u00ebr HPV nuk \u00ebsht\u00eb i detyruesh\u00ebm, rekomandohet. \u00cbsht\u00eb nj\u00eb vaksin\u00eb jo infektive, rekombinante, p\u00ebrmban vet\u00ebm protein\u00ebn antigjene, e cila stimulon reagimin imunitar, e cila \u00ebsht\u00eb b\u00ebr\u00eb shum\u00eb vite m\u00eb par\u00eb dhe p\u00ebrdoret n\u00eb shum\u00eb vende.<\/p>\n<p>\n\t\u041d\u0435\u043e\u043f\u0445\u043e\u0434\u043d\u0430 \u0458\u0435 \u0441\u0430\u0433\u043b\u0430\u0441\u043d\u043e\u0441\u0442 \u0440\u043e\u0434\u0438\u0442\u0435\u0459\u0430 \u0438 \u043f\u0440\u0435\u0433\u043b\u0435\u0434 \u043f\u0435\u0434\u0438\u0458\u0430\u0442\u0440\u0430, \u0430 \u043d\u0430\u043a\u043e\u043d \u0442\u043e\u0433\u0430 \u0441\u0435 \u043f\u0440\u0438\u0441\u0442\u0443\u043f\u0430 \u0432\u0430\u043a\u0446\u0438\u043d\u0430\u0446\u0438\u0458\u0438\u201c,\u00a0 \u0434\u043e\u0434\u0430\u0458\u0435 \u0434\u0440 \u0414\u0435\u043d\u0447\u0438\u045b.<\/p>\n<p>\n\t\u0425\u041f\u0412 \u0438\u043d\u0444\u0435\u043a\u0446\u0438\u0458\u0430 \u0458\u0435 \u043f\u043e\u043b\u043d\u043e \u043f\u0440\u0435\u043d\u043e\u0441\u0438\u0432\u0430 \u0431\u043e\u043b\u0435\u0441\u0442 \u043a\u043e\u0458\u0443 \u0438\u0437\u0430\u0437\u0438\u0432\u0430 \u0445\u0443\u043c\u0430\u043d\u0438 \u043f\u0430\u043f\u0438\u043b\u043e\u043c\u0430 \u0432\u0438\u0440\u0443\u0441, \u0430 \u043e\u0434\u0440\u0435\u0452\u0435\u043d\u0438 \u0442\u0438\u043f\u043e\u0432\u0438 \u0432\u0438\u0440\u0443\u0441\u0430 \u0438\u0437 \u0442\u0435 \u0433\u0440\u0443\u043f\u0435 \u0441\u0443 \u043e\u043d\u043a\u043e\u0433\u0435\u043d\u0438 \u0438 \u0438\u0437\u0430\u0437\u0438\u0432\u0430\u0458\u0443 \u043c\u0430\u043b\u0438\u0433\u043d\u0435 \u0431\u043e\u043b\u0435\u0441\u0442\u0438.<\/p>\n<p>\n\t\u041f\u0440\u0435\u043c\u0430 \u0440\u0435\u0447\u0438\u043c\u0430 \u0434\u0440 \u041c\u0430\u0440\u0438\u043d\u0435 \u0418\u043b\u0438\u045b, \u0441\u043f\u0435\u0446\u0438\u0458\u0430\u043b\u0438\u0441\u0442\u0435 \u0433\u0438\u043d\u0435\u043a\u043e\u043b\u043e\u0433\u0438\u0458\u0435 \u0438 \u0430\u043a\u0443\u0448\u0435\u0440\u0441\u0442\u0432\u0430, \u043f\u0440\u0438\u0441\u0443\u0442\u043d\u043e \u0458\u0435 \u043f\u0440\u0435\u043a\u043e 200 \u0433\u0435\u043d\u043e\u0442\u0438\u043f\u0430 \u0442\u043e\u0433 \u0432\u0438\u0440\u0443\u0441\u0430 \u0438\u00a0 \u043d\u0435 \u0438\u0437\u0430\u0437\u0438\u0432\u0430\u0458\u0443 \u0441\u0432\u0438 \u043a\u0430\u0440\u0446\u0438\u043d\u043e\u043c \u0433\u0440\u043b\u0438\u045b\u0430 \u043c\u0430\u0442\u0435\u0440\u0438\u0446\u0435, \u0430\u043b\u0438 \u043f\u043e\u0441\u0442\u043e\u0458\u0438 \u0432\u0435\u045b\u0438 \u0431\u0440\u043e\u0458 \u043a\u043e\u0458\u0438 \u043f\u0440\u0438\u043f\u0430\u0434\u0430 \u0442\u043e\u0458 \u043e\u043d\u043a\u043e\u0433\u0435\u043d\u043e\u0458 \u0433\u0440\u0443\u043f\u0438.<\/p>\n<p>\n\t\u201e\u0412\u0430\u0436\u043d\u043e \u0458\u0435 \u043f\u0440\u0435\u0432\u0435\u043d\u0442\u0438\u0432\u043d\u043e \u0434\u0435\u043b\u043e\u0432\u0430\u0442\u0438, \u0430 \u043f\u043e\u043a\u0440\u0435\u0442\u0430\u045a\u0435 \u0438\u043c\u0443\u043d\u043e\u0433 \u0441\u0438\u0441\u0442\u0435\u043c\u0430 \u0458\u0435 \u043e\u0434 \u0432\u0435\u043b\u0438\u043a\u043e\u0433 \u0437\u043d\u0430\u0447\u0430\u0458\u0430 \u0443 \u043f\u0435\u0440\u0438\u043e\u0434\u0443 \u043e\u0434 9 \u0434\u043e 14 \u0433\u043e\u0434\u0438\u043d\u0435 \u043a\u0430\u0434\u0430 \u0458\u0435 \u0438\u043c\u0443\u043d\u0438 \u0441\u0438\u0441\u0442\u0435\u043c \u0438 \u043e\u0434\u0433\u043e\u0432\u043e\u0440 \u043d\u0430 \u0432\u0430\u043a\u0446\u0438\u043d\u0443 \u043d\u0430\u0458\u0432\u0435\u045b\u0438\u201c, \u0438\u0441\u0442\u0430\u043a\u043b\u0430 \u0458\u0435 \u0434\u0440 \u0418\u043b\u0438\u045b.<\/p>\n<p>\n\t\u0414\u043e\u0434\u0430\u043b\u0430 \u0458\u0435 \u0434\u0430 \u0458\u0435 \u043a\u0430\u0440\u0446\u0438\u043d\u043e\u043c \u0433\u0440\u043b\u0438\u045b\u0430 \u043c\u0430\u0442\u0435\u0440\u0438\u0446\u0435 \u043d\u0430 \u0434\u0440\u0443\u0433\u043e\u043c \u043c\u0435\u0441\u0442\u0443 \u043f\u043e \u0443\u0447\u0435\u0441\u0442\u0430\u043b\u043e\u0441\u0442\u0438 \u043a\u043e\u0434 \u0436\u0435\u043d\u0430 \u043e\u0434 \u0441\u0432\u0438\u0445 \u043c\u0430\u043b\u0438\u0433\u043d\u0438\u0445 \u0431\u043e\u043b\u0435\u0441\u0442\u0438 \u0438 \u0432\u043e\u0434\u0435\u045b\u0438 \u0443\u0437\u0440\u043e\u043a \u0441\u043c\u0440\u0442\u0438, \u0430\u043b\u0438 \u0438 \u0434\u0430 \u0458\u0435 \u043e\u045f\u0438\u0432 \u0436\u0435\u043d\u0430 \u043d\u0430 \u043f\u0440\u0435\u0432\u0435\u043d\u0442\u0438\u0432\u043d\u0435 \u043f\u0440\u0435\u0433\u043b\u0435\u0434\u0435 \u043c\u0430\u043b\u0438.<\/p>\n<p>\n\t\u201e\u041a\u043e\u043b\u043f\u043e\u0441\u043a\u043e\u043f\u0438\u0458\u0430 \u0438 \u041f\u0430\u043f\u0430\u043d\u0438\u043a\u043e\u043b\u0430\u0443 \u0442\u0435\u0441\u0442 \u043a\u043e\u0458\u0438 \u0441\u0435 \u043c\u043e\u0436\u0435 \u043f\u043e\u043d\u0430\u0432\u0459\u0430\u0442\u0438 \u0432\u0438\u0448\u0435 \u043f\u0443\u0442\u0430 \u0437\u0430 \u0433\u043e\u0434\u0438\u043d\u0443 \u0434\u0430\u043d\u0430 \u0441\u043f\u0430\u0434\u0430\u0458\u0443 \u0443 \u043f\u0440\u0435\u0432\u0435\u043d\u0442\u0438\u0432\u043d\u0435, \u0446\u0438\u0459\u0430\u043d\u0435 \u043f\u0440\u0435\u0433\u043b\u0435\u0434\u0435, \u0430\u043b\u0438 \u0458\u0435 \u043e\u045f\u0438\u0432 \u0437\u0430\u0438\u0441\u0442\u0430 \u043c\u0430\u043b\u0438. \u0423\u0433\u043b\u0430\u0432\u043d\u043e\u043c \u043d\u0430 \u043a\u043e\u043d\u0442\u0440\u043e\u043b\u043d\u0435 \u0433\u0438\u043d\u0435\u043a\u043e\u043b\u043e\u0448\u043a\u0435 \u043f\u0440\u0435\u0433\u043b\u0435\u0434\u0435 \u0434\u043e\u043b\u0430\u0437\u0435 \u0438\u0441\u0442\u0435 \u0436\u0435\u043d\u0435, \u0437\u0430\u0442\u043e \u0458\u0435 \u0432\u0430\u0436\u043d\u043e \u043f\u043e\u0434\u0438\u045b\u0438 \u0441\u0432\u0435\u0441\u0442 \u043a\u043e\u0434 \u0459\u0443\u0434\u0438 \u043e \u0437\u043d\u0430\u0447\u0430\u0458\u0443 \u043f\u0440\u0435\u0432\u0435\u043d\u0446\u0438\u0458\u0435 \u0438 \u0441\u0430\u0434\u0430 \u043f\u043e\u0441\u0442\u043e\u0458\u0430\u045a\u0443 \u0432\u0430\u043a\u0446\u0438\u043d\u0435 \u043a\u043e\u0458\u0430 \u0443\u0441\u043f\u0435\u0448\u043d\u043e \u0441\u043f\u0440\u0435\u0447\u0430\u0432\u0430 \u0440\u0430\u0437\u0432\u043e\u0458 \u043e\u0431\u043e\u0459\u0435\u045a\u0430 \u0443 \u043a\u0430\u0441\u043d\u0438\u0458\u043e\u0458 \u0434\u043e\u0431\u0438\u201c, \u043f\u043e\u0458\u0430\u0441\u043d\u0438\u043b\u0430 \u0458\u0435 \u043e\u043d\u0430.<\/p>\n<p>\n\t\u0414\u0440 \u0418\u043b\u0438\u045b \u0458\u0435 \u0438\u0441\u0442\u0430\u043a\u043b\u0430 \u0432\u0430\u0436\u043d\u043e\u0441\u0442 \u0438\u043c\u0443\u043d\u0438\u0437\u0430\u0446\u0438\u0458\u0435 \u0438 \u043a\u043e\u0434 \u0434\u0435\u0447\u0430\u043a\u0430 \u0437\u0431\u043e\u0433 \u0441\u0430\u043c\u043e\u0433 \u043d\u0430\u0447\u0438\u043d\u0430 \u043f\u0440\u0435\u043d\u043e\u0441\u0430 \u0432\u0438\u0440\u0443\u0441\u0430, \u0458\u0435\u0440 \u0432\u0440\u043b\u043e \u0447\u0435\u0441\u0442\u043e \u0441\u0438\u043c\u043f\u0442\u043e\u043c\u0438 \u0438\u0437\u043e\u0441\u0442\u0430\u0458\u0443, \u0448\u0442\u043e \u0458\u0435 \u043d\u0430\u0458\u043e\u043f\u0430\u0441\u043d\u0438\u0458\u0435 \u0437\u0430 \u0448\u0438\u0440\u0435\u045a\u0435 \u0431\u043e\u043b\u0435\u0441\u0442\u0438.<\/p>\n<p>\n\t\u201cP\u00eblqimi i prind\u00ebrve dhe ekzaminimi i pediatrit \u00ebsht\u00eb i domosdosh\u00ebm dhe pas k\u00ebsaj fillon vaksinimi\u201d, shton mjekja Den\u00e7iq.<\/p>\n<p>\n\tInfeksioni HPV \u00ebsht\u00eb nj\u00eb s\u00ebmundje seksualisht e transmetueshme e shkaktuar nga virusi papilloma human dhe disa lloje t\u00eb viruseve nga ai grup jan\u00eb onkogjen\u00eb dhe shkaktojn\u00eb s\u00ebmundje malinje.<\/p>\n<p>\n\tSipas mjekes Marina Iliq, specialiste e gjinekologjis\u00eb dhe obstetrik\u00ebs, ka mbi 200 gjenotipe t\u00eb virusit dhe jo t\u00eb gjith\u00eb shkaktojn\u00eb kancer t\u00eb qaf\u00ebs s\u00eb mitr\u00ebs, por jan\u00eb nj\u00eb num\u00ebr i madh q\u00eb i p\u00ebrkasin k\u00ebtij grupi onkogjen.<\/p>\n<p>\n\t\u201c\u00cbsht\u00eb e r\u00ebnd\u00ebsishme t\u00eb veprohet n\u00eb m\u00ebnyr\u00eb parandaluese dhe fillimi i sistemit imunitar \u00ebsht\u00eb i nj\u00eb r\u00ebnd\u00ebsie t\u00eb madhe n\u00eb periudh\u00ebn nga 9 deri n\u00eb 14 vjet, kur sistemi imunitar dhe reagimi ndaj vaksin\u00ebs jan\u00eb m\u00eb t\u00eb m\u00ebdhat\u00eb\u201d, theksoi dr.Iliq.<\/p>\n<p>\n\tAjo shtoi se kanceri i qaf\u00ebs s\u00eb mitr\u00ebs \u00ebsht\u00eb kanceri i dyt\u00eb m\u00eb i shpesht\u00eb nga t\u00eb gjitha s\u00ebmundjet malinje dhe shkaku kryesor i vdekjeve, por se mbijetesa e grave p\u00ebr ekzaminime parandaluese \u00ebsht\u00eb e ul\u00ebt.<\/p>\n<p>\n\t\u201cKolposkopia dhe testi Papanicolaou, q\u00eb mund t\u00eb p\u00ebrs\u00ebriten disa her\u00eb n\u00eb vit, jan\u00eb nd\u00ebr ekzaminimet parandaluese, t\u00eb synuara, por shkalla e mbijetes\u00ebs \u00ebsht\u00eb v\u00ebrtet e vog\u00ebl. Kryesisht t\u00eb nj\u00ebjtat gra vijn\u00eb p\u00ebr kontrolle gjinekologjike, ndaj \u00ebsht\u00eb e r\u00ebnd\u00ebsishme t\u00eb nd\u00ebrgjegj\u00ebsohet njer\u00ebzit p\u00ebr r\u00ebnd\u00ebsin\u00eb e parandalimit dhe tani ekzistenc\u00ebn e nj\u00eb vaksine q\u00eb parandalon me sukses zhvillimin e s\u00ebmundjes n\u00eb jet\u00ebn e m\u00ebvonshme\u201d, shpjegoi ajo.<\/p>\n<p>\n\tDr.Iliq theksoi r\u00ebnd\u00ebsin\u00eb e imunizimit tek djemt\u00eb p\u00ebr shkak t\u00eb m\u00ebnyr\u00ebs s\u00eb transmetimit t\u00eb virusit, sepse shpeshher\u00eb mungojn\u00eb simptomat, q\u00eb \u00ebsht\u00eb m\u00eb e rrezikshmja p\u00ebr p\u00ebrhapjen e s\u00ebmundjes.<\/p>\n<p>\n\t<strong>Burimi: Bujanova\u00e7ke dhe Trupi Koordinues<\/strong><\/p>\n<p>\n\t\u00a0<\/p>\n","protected":false},"excerpt":{"rendered":"<p>Bujanoc \u2013 Beograd \u2013\u00a0Mjek\u00ebt e Sht\u00ebpis\u00eb Sh\u00ebndetit t\u00eb Bujanocit u b\u00ebjn\u00eb thirrje prind\u00ebrve q\u00eb t&#39;i sjellin f\u00ebmij\u00ebt e tyre p\u00ebr imunizimin kund\u00ebr virusit papilloma humane (HPV), i cili \u00ebsht\u00eb nj\u00eb nga shkaktar\u00ebt kryesor\u00eb t\u00eb kancerit t\u00eb qaf\u00ebs s\u00eb mitr\u00ebs\u2026<\/p>\n","protected":false},"author":1,"featured_media":107448,"comment_status":"closed","ping_status":"closed","sticky":false,"template":"","format":"standard","meta":{"footnotes":""},"categories":[55],"tags":[],"class_list":["post-107443","post","type-post","status-publish","format-standard","has-post-thumbnail","hentry","category-lajme"],"yoast_head":"<!-- This site is optimized with the Yoast SEO plugin v27.5 - https:\/\/yoast.com\/product\/yoast-seo-wordpress\/ -->\n<title>MJEK\u00cbT E SHT\u00cbPIS\u00cb S\u00cb SH\u00cbNDETIT FTOJN\u00cb N\u00cb VAKSINIM KUND\u00cbR VIRUSIT HPV - Republika e S\u00ebrbis\u00eb Trupi Koordinues p\u00ebr komunat Bujanoc, Preshev\u00eb dhe Medvegj\u00eb<\/title>\n<meta name=\"robots\" content=\"index, follow, max-snippet:-1, max-image-preview:large, max-video-preview:-1\" \/>\n<link rel=\"canonical\" href=\"https:\/\/kt.gov.rs\/sq\/mjeket-e-shtepise-se-shendetit-ftojne-ne-vaksinim-kunder-virusit-hpv\/\" \/>\n<meta property=\"og:locale\" content=\"sq_AL\" \/>\n<meta property=\"og:type\" content=\"article\" \/>\n<meta property=\"og:title\" content=\"MJEK\u00cbT E SHT\u00cbPIS\u00cb S\u00cb SH\u00cbNDETIT FTOJN\u00cb N\u00cb VAKSINIM KUND\u00cbR VIRUSIT HPV - Republika e S\u00ebrbis\u00eb Trupi Koordinues p\u00ebr komunat Bujanoc, Preshev\u00eb dhe Medvegj\u00eb\" \/>\n<meta property=\"og:description\" content=\"Bujanoc - Beograd -\u00a0Mjek\u00ebt e Sht\u00ebpis\u00eb Sh\u00ebndetit t\u00eb Bujanocit u b\u00ebjn\u00eb thirrje prind\u00ebrve q\u00eb t&#039;i sjellin f\u00ebmij\u00ebt e tyre p\u00ebr imunizimin kund\u00ebr virusit papilloma humane (HPV), i cili \u00ebsht\u00eb nj\u00eb nga shkaktar\u00ebt kryesor\u00eb t\u00eb kancerit t\u00eb qaf\u00ebs s\u00eb mitr\u00ebs...\" \/>\n<meta property=\"og:url\" content=\"https:\/\/kt.gov.rs\/sq\/mjeket-e-shtepise-se-shendetit-ftojne-ne-vaksinim-kunder-virusit-hpv\/\" \/>\n<meta property=\"og:site_name\" content=\"Republika e S\u00ebrbis\u00eb Trupi Koordinues p\u00ebr komunat Bujanoc, Preshev\u00eb dhe Medvegj\u00eb\" \/>\n<meta property=\"article:publisher\" content=\"https:\/\/www.facebook.com\/SluzbaKoordinacionogTelaVladeRepublikeSrbije\" \/>\n<meta property=\"article:published_time\" content=\"2022-06-14T00:00:00+00:00\" \/>\n<meta property=\"article:modified_time\" content=\"2024-07-30T17:56:35+00:00\" \/>\n<meta property=\"og:image\" content=\"https:\/\/kt.gov.rs\/wp-content\/uploads\/2024\/07\/1655194302_140622_4-3.jpg\" \/>\n\t<meta property=\"og:image:width\" content=\"315\" \/>\n\t<meta property=\"og:image:height\" content=\"230\" \/>\n\t<meta property=\"og:image:type\" content=\"image\/jpeg\" \/>\n<meta name=\"author\" content=\"ktmin\" \/>\n<meta name=\"twitter:card\" content=\"summary_large_image\" \/>\n<meta name=\"twitter:creator\" content=\"@kt_gov\" \/>\n<meta name=\"twitter:site\" content=\"@kt_gov\" \/>\n<meta name=\"twitter:label1\" content=\"Written by\" \/>\n\t<meta name=\"twitter:data1\" content=\"ktmin\" \/>\n\t<meta name=\"twitter:label2\" content=\"Est. reading time\" \/>\n\t<meta name=\"twitter:data2\" content=\"6 minutes\" \/>\n<script type=\"application\/ld+json\" class=\"yoast-schema-graph\">{\"@context\":\"https:\\\/\\\/schema.org\",\"@graph\":[{\"@type\":\"Article\",\"@id\":\"https:\\\/\\\/kt.gov.rs\\\/sq\\\/mjeket-e-shtepise-se-shendetit-ftojne-ne-vaksinim-kunder-virusit-hpv\\\/#article\",\"isPartOf\":{\"@id\":\"https:\\\/\\\/kt.gov.rs\\\/sq\\\/mjeket-e-shtepise-se-shendetit-ftojne-ne-vaksinim-kunder-virusit-hpv\\\/\"},\"author\":{\"name\":\"ktmin\",\"@id\":\"https:\\\/\\\/kt.gov.rs\\\/#\\\/schema\\\/person\\\/e426459ddb4173309103390602694571\"},\"headline\":\"MJEK\u00cbT E SHT\u00cbPIS\u00cb S\u00cb SH\u00cbNDETIT FTOJN\u00cb N\u00cb VAKSINIM KUND\u00cbR VIRUSIT HPV\",\"datePublished\":\"2022-06-14T00:00:00+00:00\",\"dateModified\":\"2024-07-30T17:56:35+00:00\",\"mainEntityOfPage\":{\"@id\":\"https:\\\/\\\/kt.gov.rs\\\/sq\\\/mjeket-e-shtepise-se-shendetit-ftojne-ne-vaksinim-kunder-virusit-hpv\\\/\"},\"wordCount\":1404,\"publisher\":{\"@id\":\"https:\\\/\\\/kt.gov.rs\\\/#organization\"},\"image\":{\"@id\":\"https:\\\/\\\/kt.gov.rs\\\/sq\\\/mjeket-e-shtepise-se-shendetit-ftojne-ne-vaksinim-kunder-virusit-hpv\\\/#primaryimage\"},\"thumbnailUrl\":\"https:\\\/\\\/kt.gov.rs\\\/wp-content\\\/uploads\\\/2024\\\/07\\\/1655194302_140622_4-3.jpg\",\"articleSection\":[\"Lajme\"],\"inLanguage\":\"sq-AL\"},{\"@type\":\"WebPage\",\"@id\":\"https:\\\/\\\/kt.gov.rs\\\/sq\\\/mjeket-e-shtepise-se-shendetit-ftojne-ne-vaksinim-kunder-virusit-hpv\\\/\",\"url\":\"https:\\\/\\\/kt.gov.rs\\\/sq\\\/mjeket-e-shtepise-se-shendetit-ftojne-ne-vaksinim-kunder-virusit-hpv\\\/\",\"name\":\"MJEK\u00cbT E SHT\u00cbPIS\u00cb S\u00cb SH\u00cbNDETIT FTOJN\u00cb N\u00cb VAKSINIM KUND\u00cbR VIRUSIT HPV - Republika e S\u00ebrbis\u00eb Trupi Koordinues p\u00ebr komunat Bujanoc, Preshev\u00eb dhe Medvegj\u00eb\",\"isPartOf\":{\"@id\":\"https:\\\/\\\/kt.gov.rs\\\/#website\"},\"primaryImageOfPage\":{\"@id\":\"https:\\\/\\\/kt.gov.rs\\\/sq\\\/mjeket-e-shtepise-se-shendetit-ftojne-ne-vaksinim-kunder-virusit-hpv\\\/#primaryimage\"},\"image\":{\"@id\":\"https:\\\/\\\/kt.gov.rs\\\/sq\\\/mjeket-e-shtepise-se-shendetit-ftojne-ne-vaksinim-kunder-virusit-hpv\\\/#primaryimage\"},\"thumbnailUrl\":\"https:\\\/\\\/kt.gov.rs\\\/wp-content\\\/uploads\\\/2024\\\/07\\\/1655194302_140622_4-3.jpg\",\"datePublished\":\"2022-06-14T00:00:00+00:00\",\"dateModified\":\"2024-07-30T17:56:35+00:00\",\"breadcrumb\":{\"@id\":\"https:\\\/\\\/kt.gov.rs\\\/sq\\\/mjeket-e-shtepise-se-shendetit-ftojne-ne-vaksinim-kunder-virusit-hpv\\\/#breadcrumb\"},\"inLanguage\":\"sq-AL\",\"potentialAction\":[{\"@type\":\"ReadAction\",\"target\":[\"https:\\\/\\\/kt.gov.rs\\\/sq\\\/mjeket-e-shtepise-se-shendetit-ftojne-ne-vaksinim-kunder-virusit-hpv\\\/\"]}]},{\"@type\":\"ImageObject\",\"inLanguage\":\"sq-AL\",\"@id\":\"https:\\\/\\\/kt.gov.rs\\\/sq\\\/mjeket-e-shtepise-se-shendetit-ftojne-ne-vaksinim-kunder-virusit-hpv\\\/#primaryimage\",\"url\":\"https:\\\/\\\/kt.gov.rs\\\/wp-content\\\/uploads\\\/2024\\\/07\\\/1655194302_140622_4-3.jpg\",\"contentUrl\":\"https:\\\/\\\/kt.gov.rs\\\/wp-content\\\/uploads\\\/2024\\\/07\\\/1655194302_140622_4-3.jpg\",\"width\":315,\"height\":230},{\"@type\":\"BreadcrumbList\",\"@id\":\"https:\\\/\\\/kt.gov.rs\\\/sq\\\/mjeket-e-shtepise-se-shendetit-ftojne-ne-vaksinim-kunder-virusit-hpv\\\/#breadcrumb\",\"itemListElement\":[{\"@type\":\"ListItem\",\"position\":1,\"name\":\"\u041f\u043e\u0447\u0435\u0442\u043d\u0430\",\"item\":\"https:\\\/\\\/kt.gov.rs\\\/sq\\\/\"},{\"@type\":\"ListItem\",\"position\":2,\"name\":\"MJEK\u00cbT E SHT\u00cbPIS\u00cb S\u00cb SH\u00cbNDETIT FTOJN\u00cb N\u00cb VAKSINIM KUND\u00cbR VIRUSIT HPV\"}]},{\"@type\":\"WebSite\",\"@id\":\"https:\\\/\\\/kt.gov.rs\\\/#website\",\"url\":\"https:\\\/\\\/kt.gov.rs\\\/\",\"name\":\"\u041a\u043e\u043e\u0440\u0434\u0438\u043d\u0430\u0446\u0438\u043e\u043d\u043e \u0442\u0435\u043b\u043e \u0412\u043b\u0430\u0434\u0435 \u0420\u0435\u043f\u0443\u0431\u043b\u0438\u043a\u0435 \u0421\u0440\u0431\u0438\u0458\u0435 \u0437\u0430 \u043e\u043f\u0448\u0442\u0438\u043d\u0435 \u041f\u0440\u0435\u0448\u0435\u0432\u043e, \u0411\u0443\u0458\u0430\u043d\u043e\u0432\u0430\u0446 \u0438 \u041c\u0435\u0434\u0432\u0435\u0452a\",\"description\":\"\",\"publisher\":{\"@id\":\"https:\\\/\\\/kt.gov.rs\\\/#organization\"},\"alternateName\":\"\u041a\u043e\u043e\u0440\u0434\u0438\u043d\u0430\u0446\u0438\u043e\u043d\u043e \u0442\u0435\u043b\u043e\",\"potentialAction\":[{\"@type\":\"SearchAction\",\"target\":{\"@type\":\"EntryPoint\",\"urlTemplate\":\"https:\\\/\\\/kt.gov.rs\\\/?s={search_term_string}\"},\"query-input\":{\"@type\":\"PropertyValueSpecification\",\"valueRequired\":true,\"valueName\":\"search_term_string\"}}],\"inLanguage\":\"sq-AL\"},{\"@type\":\"Organization\",\"@id\":\"https:\\\/\\\/kt.gov.rs\\\/#organization\",\"name\":\"\u041a\u043e\u043e\u0440\u0434\u0438\u043d\u0430\u0446\u0438\u043e\u043d\u043e \u0442\u0435\u043b\u043e \u0412\u043b\u0430\u0434\u0435 \u0420\u0435\u043f\u0443\u0431\u043b\u0438\u043a\u0435 \u0421\u0440\u0431\u0438\u0458\u0435 \u0437\u0430 \u043e\u043f\u0448\u0442\u0438\u043d\u0435 \u041f\u0440\u0435\u0448\u0435\u0432\u043e, \u0411\u0443\u0458\u0430\u043d\u043e\u0432\u0430\u0446 \u0438 \u041c\u0435\u0434\u0432\u0435\u0452a\",\"alternateName\":\"\u041a\u043e\u043e\u0440\u0434\u0438\u043d\u0430\u0446\u0438\u043e\u043d\u043e \u0442\u0435\u043b\u043e\",\"url\":\"https:\\\/\\\/kt.gov.rs\\\/\",\"logo\":{\"@type\":\"ImageObject\",\"inLanguage\":\"sq-AL\",\"@id\":\"https:\\\/\\\/kt.gov.rs\\\/#\\\/schema\\\/logo\\\/image\\\/\",\"url\":\"https:\\\/\\\/kt.gov.rs\\\/wp-content\\\/uploads\\\/2024\\\/12\\\/koord2.jpg\",\"contentUrl\":\"https:\\\/\\\/kt.gov.rs\\\/wp-content\\\/uploads\\\/2024\\\/12\\\/koord2.jpg\",\"width\":640,\"height\":480,\"caption\":\"\u041a\u043e\u043e\u0440\u0434\u0438\u043d\u0430\u0446\u0438\u043e\u043d\u043e \u0442\u0435\u043b\u043e \u0412\u043b\u0430\u0434\u0435 \u0420\u0435\u043f\u0443\u0431\u043b\u0438\u043a\u0435 \u0421\u0440\u0431\u0438\u0458\u0435 \u0437\u0430 \u043e\u043f\u0448\u0442\u0438\u043d\u0435 \u041f\u0440\u0435\u0448\u0435\u0432\u043e, \u0411\u0443\u0458\u0430\u043d\u043e\u0432\u0430\u0446 \u0438 \u041c\u0435\u0434\u0432\u0435\u0452a\"},\"image\":{\"@id\":\"https:\\\/\\\/kt.gov.rs\\\/#\\\/schema\\\/logo\\\/image\\\/\"},\"sameAs\":[\"https:\\\/\\\/www.facebook.com\\\/SluzbaKoordinacionogTelaVladeRepublikeSrbije\",\"https:\\\/\\\/x.com\\\/kt_gov\",\"https:\\\/\\\/www.youtube.com\\\/@koordinacionotelo\"]},{\"@type\":\"Person\",\"@id\":\"https:\\\/\\\/kt.gov.rs\\\/#\\\/schema\\\/person\\\/e426459ddb4173309103390602694571\",\"name\":\"ktmin\",\"image\":{\"@type\":\"ImageObject\",\"inLanguage\":\"sq-AL\",\"@id\":\"https:\\\/\\\/secure.gravatar.com\\\/avatar\\\/3985c961109853010c3fbc7ba30365bfba5db3dd6c525831d9c595c7525a615a?s=96&d=mm&r=g\",\"url\":\"https:\\\/\\\/secure.gravatar.com\\\/avatar\\\/3985c961109853010c3fbc7ba30365bfba5db3dd6c525831d9c595c7525a615a?s=96&d=mm&r=g\",\"contentUrl\":\"https:\\\/\\\/secure.gravatar.com\\\/avatar\\\/3985c961109853010c3fbc7ba30365bfba5db3dd6c525831d9c595c7525a615a?s=96&d=mm&r=g\",\"caption\":\"ktmin\"},\"sameAs\":[\"https:\\\/\\\/kt.gov.rs\"],\"url\":\"https:\\\/\\\/kt.gov.rs\\\/sq\\\/author\\\/ktmin\\\/\"}]}<\/script>\n<!-- \/ Yoast SEO plugin. -->","yoast_head_json":{"title":"MJEK\u00cbT E SHT\u00cbPIS\u00cb S\u00cb SH\u00cbNDETIT FTOJN\u00cb N\u00cb VAKSINIM KUND\u00cbR VIRUSIT HPV - Republika e S\u00ebrbis\u00eb Trupi Koordinues p\u00ebr komunat Bujanoc, Preshev\u00eb dhe Medvegj\u00eb","robots":{"index":"index","follow":"follow","max-snippet":"max-snippet:-1","max-image-preview":"max-image-preview:large","max-video-preview":"max-video-preview:-1"},"canonical":"https:\/\/kt.gov.rs\/sq\/mjeket-e-shtepise-se-shendetit-ftojne-ne-vaksinim-kunder-virusit-hpv\/","og_locale":"sq_AL","og_type":"article","og_title":"MJEK\u00cbT E SHT\u00cbPIS\u00cb S\u00cb SH\u00cbNDETIT FTOJN\u00cb N\u00cb VAKSINIM KUND\u00cbR VIRUSIT HPV - Republika e S\u00ebrbis\u00eb Trupi Koordinues p\u00ebr komunat Bujanoc, Preshev\u00eb dhe Medvegj\u00eb","og_description":"Bujanoc - Beograd -\u00a0Mjek\u00ebt e Sht\u00ebpis\u00eb Sh\u00ebndetit t\u00eb Bujanocit u b\u00ebjn\u00eb thirrje prind\u00ebrve q\u00eb t&#39;i sjellin f\u00ebmij\u00ebt e tyre p\u00ebr imunizimin kund\u00ebr virusit papilloma humane (HPV), i cili \u00ebsht\u00eb nj\u00eb nga shkaktar\u00ebt kryesor\u00eb t\u00eb kancerit t\u00eb qaf\u00ebs s\u00eb mitr\u00ebs...","og_url":"https:\/\/kt.gov.rs\/sq\/mjeket-e-shtepise-se-shendetit-ftojne-ne-vaksinim-kunder-virusit-hpv\/","og_site_name":"Republika e S\u00ebrbis\u00eb Trupi Koordinues p\u00ebr komunat Bujanoc, Preshev\u00eb dhe Medvegj\u00eb","article_publisher":"https:\/\/www.facebook.com\/SluzbaKoordinacionogTelaVladeRepublikeSrbije","article_published_time":"2022-06-14T00:00:00+00:00","article_modified_time":"2024-07-30T17:56:35+00:00","og_image":[{"width":315,"height":230,"url":"https:\/\/kt.gov.rs\/wp-content\/uploads\/2024\/07\/1655194302_140622_4-3.jpg","type":"image\/jpeg"}],"author":"ktmin","twitter_card":"summary_large_image","twitter_creator":"@kt_gov","twitter_site":"@kt_gov","twitter_misc":{"Written by":"ktmin","Est. reading time":"6 minutes"},"schema":{"@context":"https:\/\/schema.org","@graph":[{"@type":"Article","@id":"https:\/\/kt.gov.rs\/sq\/mjeket-e-shtepise-se-shendetit-ftojne-ne-vaksinim-kunder-virusit-hpv\/#article","isPartOf":{"@id":"https:\/\/kt.gov.rs\/sq\/mjeket-e-shtepise-se-shendetit-ftojne-ne-vaksinim-kunder-virusit-hpv\/"},"author":{"name":"ktmin","@id":"https:\/\/kt.gov.rs\/#\/schema\/person\/e426459ddb4173309103390602694571"},"headline":"MJEK\u00cbT E SHT\u00cbPIS\u00cb S\u00cb SH\u00cbNDETIT FTOJN\u00cb N\u00cb VAKSINIM KUND\u00cbR VIRUSIT HPV","datePublished":"2022-06-14T00:00:00+00:00","dateModified":"2024-07-30T17:56:35+00:00","mainEntityOfPage":{"@id":"https:\/\/kt.gov.rs\/sq\/mjeket-e-shtepise-se-shendetit-ftojne-ne-vaksinim-kunder-virusit-hpv\/"},"wordCount":1404,"publisher":{"@id":"https:\/\/kt.gov.rs\/#organization"},"image":{"@id":"https:\/\/kt.gov.rs\/sq\/mjeket-e-shtepise-se-shendetit-ftojne-ne-vaksinim-kunder-virusit-hpv\/#primaryimage"},"thumbnailUrl":"https:\/\/kt.gov.rs\/wp-content\/uploads\/2024\/07\/1655194302_140622_4-3.jpg","articleSection":["Lajme"],"inLanguage":"sq-AL"},{"@type":"WebPage","@id":"https:\/\/kt.gov.rs\/sq\/mjeket-e-shtepise-se-shendetit-ftojne-ne-vaksinim-kunder-virusit-hpv\/","url":"https:\/\/kt.gov.rs\/sq\/mjeket-e-shtepise-se-shendetit-ftojne-ne-vaksinim-kunder-virusit-hpv\/","name":"MJEK\u00cbT E SHT\u00cbPIS\u00cb S\u00cb SH\u00cbNDETIT FTOJN\u00cb N\u00cb VAKSINIM KUND\u00cbR VIRUSIT HPV - Republika e S\u00ebrbis\u00eb Trupi Koordinues p\u00ebr komunat Bujanoc, Preshev\u00eb dhe Medvegj\u00eb","isPartOf":{"@id":"https:\/\/kt.gov.rs\/#website"},"primaryImageOfPage":{"@id":"https:\/\/kt.gov.rs\/sq\/mjeket-e-shtepise-se-shendetit-ftojne-ne-vaksinim-kunder-virusit-hpv\/#primaryimage"},"image":{"@id":"https:\/\/kt.gov.rs\/sq\/mjeket-e-shtepise-se-shendetit-ftojne-ne-vaksinim-kunder-virusit-hpv\/#primaryimage"},"thumbnailUrl":"https:\/\/kt.gov.rs\/wp-content\/uploads\/2024\/07\/1655194302_140622_4-3.jpg","datePublished":"2022-06-14T00:00:00+00:00","dateModified":"2024-07-30T17:56:35+00:00","breadcrumb":{"@id":"https:\/\/kt.gov.rs\/sq\/mjeket-e-shtepise-se-shendetit-ftojne-ne-vaksinim-kunder-virusit-hpv\/#breadcrumb"},"inLanguage":"sq-AL","potentialAction":[{"@type":"ReadAction","target":["https:\/\/kt.gov.rs\/sq\/mjeket-e-shtepise-se-shendetit-ftojne-ne-vaksinim-kunder-virusit-hpv\/"]}]},{"@type":"ImageObject","inLanguage":"sq-AL","@id":"https:\/\/kt.gov.rs\/sq\/mjeket-e-shtepise-se-shendetit-ftojne-ne-vaksinim-kunder-virusit-hpv\/#primaryimage","url":"https:\/\/kt.gov.rs\/wp-content\/uploads\/2024\/07\/1655194302_140622_4-3.jpg","contentUrl":"https:\/\/kt.gov.rs\/wp-content\/uploads\/2024\/07\/1655194302_140622_4-3.jpg","width":315,"height":230},{"@type":"BreadcrumbList","@id":"https:\/\/kt.gov.rs\/sq\/mjeket-e-shtepise-se-shendetit-ftojne-ne-vaksinim-kunder-virusit-hpv\/#breadcrumb","itemListElement":[{"@type":"ListItem","position":1,"name":"\u041f\u043e\u0447\u0435\u0442\u043d\u0430","item":"https:\/\/kt.gov.rs\/sq\/"},{"@type":"ListItem","position":2,"name":"MJEK\u00cbT E SHT\u00cbPIS\u00cb S\u00cb SH\u00cbNDETIT FTOJN\u00cb N\u00cb VAKSINIM KUND\u00cbR VIRUSIT HPV"}]},{"@type":"WebSite","@id":"https:\/\/kt.gov.rs\/#website","url":"https:\/\/kt.gov.rs\/","name":"\u041a\u043e\u043e\u0440\u0434\u0438\u043d\u0430\u0446\u0438\u043e\u043d\u043e \u0442\u0435\u043b\u043e \u0412\u043b\u0430\u0434\u0435 \u0420\u0435\u043f\u0443\u0431\u043b\u0438\u043a\u0435 \u0421\u0440\u0431\u0438\u0458\u0435 \u0437\u0430 \u043e\u043f\u0448\u0442\u0438\u043d\u0435 \u041f\u0440\u0435\u0448\u0435\u0432\u043e, \u0411\u0443\u0458\u0430\u043d\u043e\u0432\u0430\u0446 \u0438 \u041c\u0435\u0434\u0432\u0435\u0452a","description":"","publisher":{"@id":"https:\/\/kt.gov.rs\/#organization"},"alternateName":"\u041a\u043e\u043e\u0440\u0434\u0438\u043d\u0430\u0446\u0438\u043e\u043d\u043e \u0442\u0435\u043b\u043e","potentialAction":[{"@type":"SearchAction","target":{"@type":"EntryPoint","urlTemplate":"https:\/\/kt.gov.rs\/?s={search_term_string}"},"query-input":{"@type":"PropertyValueSpecification","valueRequired":true,"valueName":"search_term_string"}}],"inLanguage":"sq-AL"},{"@type":"Organization","@id":"https:\/\/kt.gov.rs\/#organization","name":"\u041a\u043e\u043e\u0440\u0434\u0438\u043d\u0430\u0446\u0438\u043e\u043d\u043e \u0442\u0435\u043b\u043e \u0412\u043b\u0430\u0434\u0435 \u0420\u0435\u043f\u0443\u0431\u043b\u0438\u043a\u0435 \u0421\u0440\u0431\u0438\u0458\u0435 \u0437\u0430 \u043e\u043f\u0448\u0442\u0438\u043d\u0435 \u041f\u0440\u0435\u0448\u0435\u0432\u043e, \u0411\u0443\u0458\u0430\u043d\u043e\u0432\u0430\u0446 \u0438 \u041c\u0435\u0434\u0432\u0435\u0452a","alternateName":"\u041a\u043e\u043e\u0440\u0434\u0438\u043d\u0430\u0446\u0438\u043e\u043d\u043e \u0442\u0435\u043b\u043e","url":"https:\/\/kt.gov.rs\/","logo":{"@type":"ImageObject","inLanguage":"sq-AL","@id":"https:\/\/kt.gov.rs\/#\/schema\/logo\/image\/","url":"https:\/\/kt.gov.rs\/wp-content\/uploads\/2024\/12\/koord2.jpg","contentUrl":"https:\/\/kt.gov.rs\/wp-content\/uploads\/2024\/12\/koord2.jpg","width":640,"height":480,"caption":"\u041a\u043e\u043e\u0440\u0434\u0438\u043d\u0430\u0446\u0438\u043e\u043d\u043e \u0442\u0435\u043b\u043e \u0412\u043b\u0430\u0434\u0435 \u0420\u0435\u043f\u0443\u0431\u043b\u0438\u043a\u0435 \u0421\u0440\u0431\u0438\u0458\u0435 \u0437\u0430 \u043e\u043f\u0448\u0442\u0438\u043d\u0435 \u041f\u0440\u0435\u0448\u0435\u0432\u043e, \u0411\u0443\u0458\u0430\u043d\u043e\u0432\u0430\u0446 \u0438 \u041c\u0435\u0434\u0432\u0435\u0452a"},"image":{"@id":"https:\/\/kt.gov.rs\/#\/schema\/logo\/image\/"},"sameAs":["https:\/\/www.facebook.com\/SluzbaKoordinacionogTelaVladeRepublikeSrbije","https:\/\/x.com\/kt_gov","https:\/\/www.youtube.com\/@koordinacionotelo"]},{"@type":"Person","@id":"https:\/\/kt.gov.rs\/#\/schema\/person\/e426459ddb4173309103390602694571","name":"ktmin","image":{"@type":"ImageObject","inLanguage":"sq-AL","@id":"https:\/\/secure.gravatar.com\/avatar\/3985c961109853010c3fbc7ba30365bfba5db3dd6c525831d9c595c7525a615a?s=96&d=mm&r=g","url":"https:\/\/secure.gravatar.com\/avatar\/3985c961109853010c3fbc7ba30365bfba5db3dd6c525831d9c595c7525a615a?s=96&d=mm&r=g","contentUrl":"https:\/\/secure.gravatar.com\/avatar\/3985c961109853010c3fbc7ba30365bfba5db3dd6c525831d9c595c7525a615a?s=96&d=mm&r=g","caption":"ktmin"},"sameAs":["https:\/\/kt.gov.rs"],"url":"https:\/\/kt.gov.rs\/sq\/author\/ktmin\/"}]}},"_links":{"self":[{"href":"https:\/\/kt.gov.rs\/sq\/wp-json\/wp\/v2\/posts\/107443","targetHints":{"allow":["GET"]}}],"collection":[{"href":"https:\/\/kt.gov.rs\/sq\/wp-json\/wp\/v2\/posts"}],"about":[{"href":"https:\/\/kt.gov.rs\/sq\/wp-json\/wp\/v2\/types\/post"}],"author":[{"embeddable":true,"href":"https:\/\/kt.gov.rs\/sq\/wp-json\/wp\/v2\/users\/1"}],"replies":[{"embeddable":true,"href":"https:\/\/kt.gov.rs\/sq\/wp-json\/wp\/v2\/comments?post=107443"}],"version-history":[{"count":1,"href":"https:\/\/kt.gov.rs\/sq\/wp-json\/wp\/v2\/posts\/107443\/revisions"}],"predecessor-version":[{"id":107447,"href":"https:\/\/kt.gov.rs\/sq\/wp-json\/wp\/v2\/posts\/107443\/revisions\/107447"}],"wp:featuredmedia":[{"embeddable":true,"href":"https:\/\/kt.gov.rs\/sq\/wp-json\/wp\/v2\/media\/107448"}],"wp:attachment":[{"href":"https:\/\/kt.gov.rs\/sq\/wp-json\/wp\/v2\/media?parent=107443"}],"wp:term":[{"taxonomy":"category","embeddable":true,"href":"https:\/\/kt.gov.rs\/sq\/wp-json\/wp\/v2\/categories?post=107443"},{"taxonomy":"post_tag","embeddable":true,"href":"https:\/\/kt.gov.rs\/sq\/wp-json\/wp\/v2\/tags?post=107443"}],"curies":[{"name":"wp","href":"https:\/\/api.w.org\/{rel}","templated":true}]}}