{"id":107435,"date":"2022-06-14T00:00:00","date_gmt":"2022-06-14T00:00:00","guid":{"rendered":"http:\/\/kt.printandscreen.rs\/nxenesit-e-branko-radicevi-ne-turqi\/"},"modified":"2024-07-30T17:56:34","modified_gmt":"2024-07-30T17:56:34","slug":"nxenesit-e-branko-radicevi-ne-turqi","status":"publish","type":"post","link":"https:\/\/kt.gov.rs\/sq\/nxenesit-e-branko-radicevi-ne-turqi\/","title":{"rendered":"\u201eNX\u00cbN\u00cbSIT E BRANKO RADI\u00c7EVI\u201d N\u00cb TURQI"},"content":{"rendered":"<p>\n\t<strong><img decoding=\"async\" alt=\"\" src=\"https:\/\/kt.gov.rs\/wp-content\/uploads\/2024\/07\/1655194403_140622_5-2.jpg\" style=\"width: 315px; height: 230px; float: left;\" \/><\/strong><strong>Bujanoc \u2013 Beograd \u2013<\/strong> Nx\u00ebn\u00ebsit e shkoll\u00ebs fillore \u201cBranko Radi\u00e7eviq\u201d me m\u00ebsimdh\u00ebn\u00ebsit e tyre q\u00ebndruan n\u00eb Turqi, n\u00eb kuad\u00ebr t\u00eb projektit \u201cMotivimi III \u2013 nx\u00ebn\u00ebs t\u00eb shekullit t\u00eb 21-t\u00eb\u201d.<\/p>\n<p>\n\tPas vizit\u00ebs n\u00eb Spanj\u00eb dhe Rumani, nx\u00ebn\u00ebsit e shkollave fillore t\u00eb Bujanocit vizituan nj\u00eb shkoll\u00eb n\u00eb Ushak, ku u mbajt mobiliteti i kat\u00ebrt i shkollave pjes\u00ebmarr\u00ebse n\u00eb projekt.<\/p>\n<p>\n\t\u201cN\u00eb k\u00ebt\u00eb mobilitet, 30 nx\u00ebn\u00ebs nga pes\u00eb shkolla partnere pat\u00ebn pun\u00ebtori t\u00eb robotik\u00ebs n\u00eb shkoll\u00ebn prit\u00ebse. Vlera e k\u00ebsaj mobiliteti nuk \u00ebsht\u00eb vet\u00ebm n\u00eb seminare, por edhe n\u00eb biseda dhe shk\u00ebmbime p\u00ebrvojash. Arsimtar\u00ebt organizuan gjith\u00e7ka mir\u00eb dhe u p\u00ebrgatit\u00ebn mir\u00eb n\u00eb m\u00ebnyr\u00eb q\u00eb pjes\u00ebmarr\u00ebsit t\u00eb kishin komentet m\u00eb pozitive p\u00ebr t\u00eb gjitha ngjarjet. P\u00ebrve\u00e7 aktiviteteve kulturore dhe njohjes s\u00eb kultur\u00ebs dhe m\u00ebnyr\u00ebs s\u00eb jetes\u00ebs turke, pjes\u00ebmarr\u00ebsit m\u00ebsuan shum\u00eb edhe p\u00ebr sistemin arsimor turk, robotik\u00ebn dhe teknologjin\u00eb informative dhe komunikuese\u201d, tha Maja Antiq Jovanov, koordinatore e projektit dhe m\u00ebsimdh\u00ebn\u00ebse n\u00eb shkoll\u00ebn e Bujanocit.<\/p>\n<p>\n\tP\u00ebr pjes\u00ebmarr\u00ebsit u organizuan edhe ekskursione n\u00eb Efes, Shirinc\u00eb dhe Kish\u00ebn e Lindjes s\u00eb Virgj\u00ebresh\u00ebs Mari. Ata vizituan edhe kanionin e Ushakut, kanioni i dyt\u00eb m\u00eb i madh n\u00eb bot\u00eb me nj\u00eb gjat\u00ebsi prej 45 km dhe gjer\u00ebsi maksimale 500 metra.<\/p>\n<p>\n\tP\u00ebrve\u00e7 pun\u00ebtorive p\u00ebr nx\u00ebn\u00ebsit, nikoqir\u00ebt organizuan edhe pun\u00ebtori p\u00ebr m\u00ebsuesit me q\u00ebllim t\u00eb zhvillimit t\u00eb tyre profesional. M\u00ebsuesit pjes\u00ebmarr\u00ebs n\u00eb mobilitet pat\u00ebn mund\u00ebsin\u00eb t\u00eb bisedojn\u00eb me Ministrin Rajonal t\u00eb Arsimit p\u00ebr gjendjen e arsimit n\u00eb secilin prej vendeve pjes\u00ebmarr\u00ebse.<\/p>\n<p>\n\tKy projekt financohet nga \u201cErasmus +\u201d, projekt i Bashkimit Evropian p\u00ebrmes Agjencis\u00eb Komb\u00ebtare Tempus.<\/p>\n<p>\n\t<strong>Burimi: Bujanova\u00e7ke dhe Trupi Koordinues<\/strong><\/p>\n<p>\n\t\u00a0<\/p>\n","protected":false},"excerpt":{"rendered":"<p>Bujanoc \u2013 Beograd \u2013\u00a0Nx\u00ebn\u00ebsit e shkoll\u00ebs fillore \u201cBranko Radi\u00e7eviq\u201d me m\u00ebsimdh\u00ebn\u00ebsit e tyre q\u00ebndruan n\u00eb Turqi, n\u00eb kuad\u00ebr t\u00eb projektit \u201cMotivimi III \u2013 nx\u00ebn\u00ebs t\u00eb shekullit t\u00eb 21-t\u00eb\u201d.<\/p>\n","protected":false},"author":1,"featured_media":107440,"comment_status":"closed","ping_status":"closed","sticky":false,"template":"","format":"standard","meta":{"footnotes":""},"categories":[55],"tags":[],"class_list":["post-107435","post","type-post","status-publish","format-standard","has-post-thumbnail","hentry","category-lajme"],"yoast_head":"<!-- This site is optimized with the Yoast SEO plugin v27.5 - https:\/\/yoast.com\/product\/yoast-seo-wordpress\/ -->\n<title>\u201eNX\u00cbN\u00cbSIT E BRANKO RADI\u00c7EVI\u201d N\u00cb TURQI - Republika e S\u00ebrbis\u00eb Trupi Koordinues p\u00ebr komunat Bujanoc, Preshev\u00eb dhe Medvegj\u00eb<\/title>\n<meta name=\"robots\" content=\"index, follow, max-snippet:-1, max-image-preview:large, max-video-preview:-1\" \/>\n<link rel=\"canonical\" href=\"https:\/\/kt.gov.rs\/sq\/nxenesit-e-branko-radicevi-ne-turqi\/\" \/>\n<meta property=\"og:locale\" content=\"sq_AL\" \/>\n<meta property=\"og:type\" content=\"article\" \/>\n<meta property=\"og:title\" content=\"\u201eNX\u00cbN\u00cbSIT E BRANKO RADI\u00c7EVI\u201d N\u00cb TURQI - Republika e S\u00ebrbis\u00eb Trupi Koordinues p\u00ebr komunat Bujanoc, Preshev\u00eb dhe Medvegj\u00eb\" \/>\n<meta property=\"og:description\" content=\"Bujanoc \u2013 Beograd \u2013\u00a0Nx\u00ebn\u00ebsit e shkoll\u00ebs fillore \u201cBranko Radi\u00e7eviq\u201d me m\u00ebsimdh\u00ebn\u00ebsit e tyre q\u00ebndruan n\u00eb Turqi, n\u00eb kuad\u00ebr t\u00eb projektit \u201cMotivimi III \u2013 nx\u00ebn\u00ebs t\u00eb shekullit t\u00eb 21-t\u00eb\u201d.\" \/>\n<meta property=\"og:url\" content=\"https:\/\/kt.gov.rs\/sq\/nxenesit-e-branko-radicevi-ne-turqi\/\" \/>\n<meta property=\"og:site_name\" content=\"Republika e S\u00ebrbis\u00eb Trupi Koordinues p\u00ebr komunat Bujanoc, Preshev\u00eb dhe Medvegj\u00eb\" \/>\n<meta property=\"article:publisher\" content=\"https:\/\/www.facebook.com\/SluzbaKoordinacionogTelaVladeRepublikeSrbije\" \/>\n<meta property=\"article:published_time\" content=\"2022-06-14T00:00:00+00:00\" \/>\n<meta property=\"article:modified_time\" content=\"2024-07-30T17:56:34+00:00\" \/>\n<meta property=\"og:image\" content=\"https:\/\/kt.gov.rs\/wp-content\/uploads\/2024\/07\/1655194403_140622_5-3.jpg\" \/>\n\t<meta property=\"og:image:width\" content=\"315\" \/>\n\t<meta property=\"og:image:height\" content=\"230\" \/>\n\t<meta property=\"og:image:type\" content=\"image\/jpeg\" \/>\n<meta name=\"author\" content=\"ktmin\" \/>\n<meta name=\"twitter:card\" content=\"summary_large_image\" \/>\n<meta name=\"twitter:creator\" content=\"@kt_gov\" \/>\n<meta name=\"twitter:site\" content=\"@kt_gov\" \/>\n<meta name=\"twitter:label1\" content=\"Written by\" \/>\n\t<meta name=\"twitter:data1\" content=\"ktmin\" \/>\n\t<meta name=\"twitter:label2\" content=\"Est. reading time\" \/>\n\t<meta name=\"twitter:data2\" content=\"2 minutes\" \/>\n<script type=\"application\/ld+json\" class=\"yoast-schema-graph\">{\"@context\":\"https:\\\/\\\/schema.org\",\"@graph\":[{\"@type\":\"Article\",\"@id\":\"https:\\\/\\\/kt.gov.rs\\\/sq\\\/nxenesit-e-branko-radicevi-ne-turqi\\\/#article\",\"isPartOf\":{\"@id\":\"https:\\\/\\\/kt.gov.rs\\\/sq\\\/nxenesit-e-branko-radicevi-ne-turqi\\\/\"},\"author\":{\"name\":\"ktmin\",\"@id\":\"https:\\\/\\\/kt.gov.rs\\\/#\\\/schema\\\/person\\\/e426459ddb4173309103390602694571\"},\"headline\":\"\u201eNX\u00cbN\u00cbSIT E BRANKO RADI\u00c7EVI\u201d N\u00cb TURQI\",\"datePublished\":\"2022-06-14T00:00:00+00:00\",\"dateModified\":\"2024-07-30T17:56:34+00:00\",\"mainEntityOfPage\":{\"@id\":\"https:\\\/\\\/kt.gov.rs\\\/sq\\\/nxenesit-e-branko-radicevi-ne-turqi\\\/\"},\"wordCount\":476,\"publisher\":{\"@id\":\"https:\\\/\\\/kt.gov.rs\\\/#organization\"},\"image\":{\"@id\":\"https:\\\/\\\/kt.gov.rs\\\/sq\\\/nxenesit-e-branko-radicevi-ne-turqi\\\/#primaryimage\"},\"thumbnailUrl\":\"https:\\\/\\\/kt.gov.rs\\\/wp-content\\\/uploads\\\/2024\\\/07\\\/1655194403_140622_5-3.jpg\",\"articleSection\":[\"Lajme\"],\"inLanguage\":\"sq-AL\"},{\"@type\":\"WebPage\",\"@id\":\"https:\\\/\\\/kt.gov.rs\\\/sq\\\/nxenesit-e-branko-radicevi-ne-turqi\\\/\",\"url\":\"https:\\\/\\\/kt.gov.rs\\\/sq\\\/nxenesit-e-branko-radicevi-ne-turqi\\\/\",\"name\":\"\u201eNX\u00cbN\u00cbSIT E BRANKO RADI\u00c7EVI\u201d N\u00cb TURQI - Republika e S\u00ebrbis\u00eb Trupi Koordinues p\u00ebr komunat Bujanoc, Preshev\u00eb dhe Medvegj\u00eb\",\"isPartOf\":{\"@id\":\"https:\\\/\\\/kt.gov.rs\\\/#website\"},\"primaryImageOfPage\":{\"@id\":\"https:\\\/\\\/kt.gov.rs\\\/sq\\\/nxenesit-e-branko-radicevi-ne-turqi\\\/#primaryimage\"},\"image\":{\"@id\":\"https:\\\/\\\/kt.gov.rs\\\/sq\\\/nxenesit-e-branko-radicevi-ne-turqi\\\/#primaryimage\"},\"thumbnailUrl\":\"https:\\\/\\\/kt.gov.rs\\\/wp-content\\\/uploads\\\/2024\\\/07\\\/1655194403_140622_5-3.jpg\",\"datePublished\":\"2022-06-14T00:00:00+00:00\",\"dateModified\":\"2024-07-30T17:56:34+00:00\",\"breadcrumb\":{\"@id\":\"https:\\\/\\\/kt.gov.rs\\\/sq\\\/nxenesit-e-branko-radicevi-ne-turqi\\\/#breadcrumb\"},\"inLanguage\":\"sq-AL\",\"potentialAction\":[{\"@type\":\"ReadAction\",\"target\":[\"https:\\\/\\\/kt.gov.rs\\\/sq\\\/nxenesit-e-branko-radicevi-ne-turqi\\\/\"]}]},{\"@type\":\"ImageObject\",\"inLanguage\":\"sq-AL\",\"@id\":\"https:\\\/\\\/kt.gov.rs\\\/sq\\\/nxenesit-e-branko-radicevi-ne-turqi\\\/#primaryimage\",\"url\":\"https:\\\/\\\/kt.gov.rs\\\/wp-content\\\/uploads\\\/2024\\\/07\\\/1655194403_140622_5-3.jpg\",\"contentUrl\":\"https:\\\/\\\/kt.gov.rs\\\/wp-content\\\/uploads\\\/2024\\\/07\\\/1655194403_140622_5-3.jpg\",\"width\":315,\"height\":230},{\"@type\":\"BreadcrumbList\",\"@id\":\"https:\\\/\\\/kt.gov.rs\\\/sq\\\/nxenesit-e-branko-radicevi-ne-turqi\\\/#breadcrumb\",\"itemListElement\":[{\"@type\":\"ListItem\",\"position\":1,\"name\":\"\u041f\u043e\u0447\u0435\u0442\u043d\u0430\",\"item\":\"https:\\\/\\\/kt.gov.rs\\\/sq\\\/\"},{\"@type\":\"ListItem\",\"position\":2,\"name\":\"\u201eNX\u00cbN\u00cbSIT E BRANKO RADI\u00c7EVI\u201d N\u00cb TURQI\"}]},{\"@type\":\"WebSite\",\"@id\":\"https:\\\/\\\/kt.gov.rs\\\/#website\",\"url\":\"https:\\\/\\\/kt.gov.rs\\\/\",\"name\":\"\u041a\u043e\u043e\u0440\u0434\u0438\u043d\u0430\u0446\u0438\u043e\u043d\u043e \u0442\u0435\u043b\u043e \u0412\u043b\u0430\u0434\u0435 \u0420\u0435\u043f\u0443\u0431\u043b\u0438\u043a\u0435 \u0421\u0440\u0431\u0438\u0458\u0435 \u0437\u0430 \u043e\u043f\u0448\u0442\u0438\u043d\u0435 \u041f\u0440\u0435\u0448\u0435\u0432\u043e, \u0411\u0443\u0458\u0430\u043d\u043e\u0432\u0430\u0446 \u0438 \u041c\u0435\u0434\u0432\u0435\u0452a\",\"description\":\"\",\"publisher\":{\"@id\":\"https:\\\/\\\/kt.gov.rs\\\/#organization\"},\"alternateName\":\"\u041a\u043e\u043e\u0440\u0434\u0438\u043d\u0430\u0446\u0438\u043e\u043d\u043e \u0442\u0435\u043b\u043e\",\"potentialAction\":[{\"@type\":\"SearchAction\",\"target\":{\"@type\":\"EntryPoint\",\"urlTemplate\":\"https:\\\/\\\/kt.gov.rs\\\/?s={search_term_string}\"},\"query-input\":{\"@type\":\"PropertyValueSpecification\",\"valueRequired\":true,\"valueName\":\"search_term_string\"}}],\"inLanguage\":\"sq-AL\"},{\"@type\":\"Organization\",\"@id\":\"https:\\\/\\\/kt.gov.rs\\\/#organization\",\"name\":\"\u041a\u043e\u043e\u0440\u0434\u0438\u043d\u0430\u0446\u0438\u043e\u043d\u043e \u0442\u0435\u043b\u043e \u0412\u043b\u0430\u0434\u0435 \u0420\u0435\u043f\u0443\u0431\u043b\u0438\u043a\u0435 \u0421\u0440\u0431\u0438\u0458\u0435 \u0437\u0430 \u043e\u043f\u0448\u0442\u0438\u043d\u0435 \u041f\u0440\u0435\u0448\u0435\u0432\u043e, \u0411\u0443\u0458\u0430\u043d\u043e\u0432\u0430\u0446 \u0438 \u041c\u0435\u0434\u0432\u0435\u0452a\",\"alternateName\":\"\u041a\u043e\u043e\u0440\u0434\u0438\u043d\u0430\u0446\u0438\u043e\u043d\u043e \u0442\u0435\u043b\u043e\",\"url\":\"https:\\\/\\\/kt.gov.rs\\\/\",\"logo\":{\"@type\":\"ImageObject\",\"inLanguage\":\"sq-AL\",\"@id\":\"https:\\\/\\\/kt.gov.rs\\\/#\\\/schema\\\/logo\\\/image\\\/\",\"url\":\"https:\\\/\\\/kt.gov.rs\\\/wp-content\\\/uploads\\\/2024\\\/12\\\/koord2.jpg\",\"contentUrl\":\"https:\\\/\\\/kt.gov.rs\\\/wp-content\\\/uploads\\\/2024\\\/12\\\/koord2.jpg\",\"width\":640,\"height\":480,\"caption\":\"\u041a\u043e\u043e\u0440\u0434\u0438\u043d\u0430\u0446\u0438\u043e\u043d\u043e \u0442\u0435\u043b\u043e \u0412\u043b\u0430\u0434\u0435 \u0420\u0435\u043f\u0443\u0431\u043b\u0438\u043a\u0435 \u0421\u0440\u0431\u0438\u0458\u0435 \u0437\u0430 \u043e\u043f\u0448\u0442\u0438\u043d\u0435 \u041f\u0440\u0435\u0448\u0435\u0432\u043e, \u0411\u0443\u0458\u0430\u043d\u043e\u0432\u0430\u0446 \u0438 \u041c\u0435\u0434\u0432\u0435\u0452a\"},\"image\":{\"@id\":\"https:\\\/\\\/kt.gov.rs\\\/#\\\/schema\\\/logo\\\/image\\\/\"},\"sameAs\":[\"https:\\\/\\\/www.facebook.com\\\/SluzbaKoordinacionogTelaVladeRepublikeSrbije\",\"https:\\\/\\\/x.com\\\/kt_gov\",\"https:\\\/\\\/www.youtube.com\\\/@koordinacionotelo\"]},{\"@type\":\"Person\",\"@id\":\"https:\\\/\\\/kt.gov.rs\\\/#\\\/schema\\\/person\\\/e426459ddb4173309103390602694571\",\"name\":\"ktmin\",\"image\":{\"@type\":\"ImageObject\",\"inLanguage\":\"sq-AL\",\"@id\":\"https:\\\/\\\/secure.gravatar.com\\\/avatar\\\/3985c961109853010c3fbc7ba30365bfba5db3dd6c525831d9c595c7525a615a?s=96&d=mm&r=g\",\"url\":\"https:\\\/\\\/secure.gravatar.com\\\/avatar\\\/3985c961109853010c3fbc7ba30365bfba5db3dd6c525831d9c595c7525a615a?s=96&d=mm&r=g\",\"contentUrl\":\"https:\\\/\\\/secure.gravatar.com\\\/avatar\\\/3985c961109853010c3fbc7ba30365bfba5db3dd6c525831d9c595c7525a615a?s=96&d=mm&r=g\",\"caption\":\"ktmin\"},\"sameAs\":[\"https:\\\/\\\/kt.gov.rs\"],\"url\":\"https:\\\/\\\/kt.gov.rs\\\/sq\\\/author\\\/ktmin\\\/\"}]}<\/script>\n<!-- \/ Yoast SEO plugin. -->","yoast_head_json":{"title":"\u201eNX\u00cbN\u00cbSIT E BRANKO RADI\u00c7EVI\u201d N\u00cb TURQI - Republika e S\u00ebrbis\u00eb Trupi Koordinues p\u00ebr komunat Bujanoc, Preshev\u00eb dhe Medvegj\u00eb","robots":{"index":"index","follow":"follow","max-snippet":"max-snippet:-1","max-image-preview":"max-image-preview:large","max-video-preview":"max-video-preview:-1"},"canonical":"https:\/\/kt.gov.rs\/sq\/nxenesit-e-branko-radicevi-ne-turqi\/","og_locale":"sq_AL","og_type":"article","og_title":"\u201eNX\u00cbN\u00cbSIT E BRANKO RADI\u00c7EVI\u201d N\u00cb TURQI - Republika e S\u00ebrbis\u00eb Trupi Koordinues p\u00ebr komunat Bujanoc, Preshev\u00eb dhe Medvegj\u00eb","og_description":"Bujanoc \u2013 Beograd \u2013\u00a0Nx\u00ebn\u00ebsit e shkoll\u00ebs fillore \u201cBranko Radi\u00e7eviq\u201d me m\u00ebsimdh\u00ebn\u00ebsit e tyre q\u00ebndruan n\u00eb Turqi, n\u00eb kuad\u00ebr t\u00eb projektit \u201cMotivimi III \u2013 nx\u00ebn\u00ebs t\u00eb shekullit t\u00eb 21-t\u00eb\u201d.","og_url":"https:\/\/kt.gov.rs\/sq\/nxenesit-e-branko-radicevi-ne-turqi\/","og_site_name":"Republika e S\u00ebrbis\u00eb Trupi Koordinues p\u00ebr komunat Bujanoc, Preshev\u00eb dhe Medvegj\u00eb","article_publisher":"https:\/\/www.facebook.com\/SluzbaKoordinacionogTelaVladeRepublikeSrbije","article_published_time":"2022-06-14T00:00:00+00:00","article_modified_time":"2024-07-30T17:56:34+00:00","og_image":[{"width":315,"height":230,"url":"https:\/\/kt.gov.rs\/wp-content\/uploads\/2024\/07\/1655194403_140622_5-3.jpg","type":"image\/jpeg"}],"author":"ktmin","twitter_card":"summary_large_image","twitter_creator":"@kt_gov","twitter_site":"@kt_gov","twitter_misc":{"Written by":"ktmin","Est. reading time":"2 minutes"},"schema":{"@context":"https:\/\/schema.org","@graph":[{"@type":"Article","@id":"https:\/\/kt.gov.rs\/sq\/nxenesit-e-branko-radicevi-ne-turqi\/#article","isPartOf":{"@id":"https:\/\/kt.gov.rs\/sq\/nxenesit-e-branko-radicevi-ne-turqi\/"},"author":{"name":"ktmin","@id":"https:\/\/kt.gov.rs\/#\/schema\/person\/e426459ddb4173309103390602694571"},"headline":"\u201eNX\u00cbN\u00cbSIT E BRANKO RADI\u00c7EVI\u201d N\u00cb TURQI","datePublished":"2022-06-14T00:00:00+00:00","dateModified":"2024-07-30T17:56:34+00:00","mainEntityOfPage":{"@id":"https:\/\/kt.gov.rs\/sq\/nxenesit-e-branko-radicevi-ne-turqi\/"},"wordCount":476,"publisher":{"@id":"https:\/\/kt.gov.rs\/#organization"},"image":{"@id":"https:\/\/kt.gov.rs\/sq\/nxenesit-e-branko-radicevi-ne-turqi\/#primaryimage"},"thumbnailUrl":"https:\/\/kt.gov.rs\/wp-content\/uploads\/2024\/07\/1655194403_140622_5-3.jpg","articleSection":["Lajme"],"inLanguage":"sq-AL"},{"@type":"WebPage","@id":"https:\/\/kt.gov.rs\/sq\/nxenesit-e-branko-radicevi-ne-turqi\/","url":"https:\/\/kt.gov.rs\/sq\/nxenesit-e-branko-radicevi-ne-turqi\/","name":"\u201eNX\u00cbN\u00cbSIT E BRANKO RADI\u00c7EVI\u201d N\u00cb TURQI - Republika e S\u00ebrbis\u00eb Trupi Koordinues p\u00ebr komunat Bujanoc, Preshev\u00eb dhe Medvegj\u00eb","isPartOf":{"@id":"https:\/\/kt.gov.rs\/#website"},"primaryImageOfPage":{"@id":"https:\/\/kt.gov.rs\/sq\/nxenesit-e-branko-radicevi-ne-turqi\/#primaryimage"},"image":{"@id":"https:\/\/kt.gov.rs\/sq\/nxenesit-e-branko-radicevi-ne-turqi\/#primaryimage"},"thumbnailUrl":"https:\/\/kt.gov.rs\/wp-content\/uploads\/2024\/07\/1655194403_140622_5-3.jpg","datePublished":"2022-06-14T00:00:00+00:00","dateModified":"2024-07-30T17:56:34+00:00","breadcrumb":{"@id":"https:\/\/kt.gov.rs\/sq\/nxenesit-e-branko-radicevi-ne-turqi\/#breadcrumb"},"inLanguage":"sq-AL","potentialAction":[{"@type":"ReadAction","target":["https:\/\/kt.gov.rs\/sq\/nxenesit-e-branko-radicevi-ne-turqi\/"]}]},{"@type":"ImageObject","inLanguage":"sq-AL","@id":"https:\/\/kt.gov.rs\/sq\/nxenesit-e-branko-radicevi-ne-turqi\/#primaryimage","url":"https:\/\/kt.gov.rs\/wp-content\/uploads\/2024\/07\/1655194403_140622_5-3.jpg","contentUrl":"https:\/\/kt.gov.rs\/wp-content\/uploads\/2024\/07\/1655194403_140622_5-3.jpg","width":315,"height":230},{"@type":"BreadcrumbList","@id":"https:\/\/kt.gov.rs\/sq\/nxenesit-e-branko-radicevi-ne-turqi\/#breadcrumb","itemListElement":[{"@type":"ListItem","position":1,"name":"\u041f\u043e\u0447\u0435\u0442\u043d\u0430","item":"https:\/\/kt.gov.rs\/sq\/"},{"@type":"ListItem","position":2,"name":"\u201eNX\u00cbN\u00cbSIT E BRANKO RADI\u00c7EVI\u201d N\u00cb TURQI"}]},{"@type":"WebSite","@id":"https:\/\/kt.gov.rs\/#website","url":"https:\/\/kt.gov.rs\/","name":"\u041a\u043e\u043e\u0440\u0434\u0438\u043d\u0430\u0446\u0438\u043e\u043d\u043e \u0442\u0435\u043b\u043e \u0412\u043b\u0430\u0434\u0435 \u0420\u0435\u043f\u0443\u0431\u043b\u0438\u043a\u0435 \u0421\u0440\u0431\u0438\u0458\u0435 \u0437\u0430 \u043e\u043f\u0448\u0442\u0438\u043d\u0435 \u041f\u0440\u0435\u0448\u0435\u0432\u043e, \u0411\u0443\u0458\u0430\u043d\u043e\u0432\u0430\u0446 \u0438 \u041c\u0435\u0434\u0432\u0435\u0452a","description":"","publisher":{"@id":"https:\/\/kt.gov.rs\/#organization"},"alternateName":"\u041a\u043e\u043e\u0440\u0434\u0438\u043d\u0430\u0446\u0438\u043e\u043d\u043e \u0442\u0435\u043b\u043e","potentialAction":[{"@type":"SearchAction","target":{"@type":"EntryPoint","urlTemplate":"https:\/\/kt.gov.rs\/?s={search_term_string}"},"query-input":{"@type":"PropertyValueSpecification","valueRequired":true,"valueName":"search_term_string"}}],"inLanguage":"sq-AL"},{"@type":"Organization","@id":"https:\/\/kt.gov.rs\/#organization","name":"\u041a\u043e\u043e\u0440\u0434\u0438\u043d\u0430\u0446\u0438\u043e\u043d\u043e \u0442\u0435\u043b\u043e \u0412\u043b\u0430\u0434\u0435 \u0420\u0435\u043f\u0443\u0431\u043b\u0438\u043a\u0435 \u0421\u0440\u0431\u0438\u0458\u0435 \u0437\u0430 \u043e\u043f\u0448\u0442\u0438\u043d\u0435 \u041f\u0440\u0435\u0448\u0435\u0432\u043e, \u0411\u0443\u0458\u0430\u043d\u043e\u0432\u0430\u0446 \u0438 \u041c\u0435\u0434\u0432\u0435\u0452a","alternateName":"\u041a\u043e\u043e\u0440\u0434\u0438\u043d\u0430\u0446\u0438\u043e\u043d\u043e \u0442\u0435\u043b\u043e","url":"https:\/\/kt.gov.rs\/","logo":{"@type":"ImageObject","inLanguage":"sq-AL","@id":"https:\/\/kt.gov.rs\/#\/schema\/logo\/image\/","url":"https:\/\/kt.gov.rs\/wp-content\/uploads\/2024\/12\/koord2.jpg","contentUrl":"https:\/\/kt.gov.rs\/wp-content\/uploads\/2024\/12\/koord2.jpg","width":640,"height":480,"caption":"\u041a\u043e\u043e\u0440\u0434\u0438\u043d\u0430\u0446\u0438\u043e\u043d\u043e \u0442\u0435\u043b\u043e \u0412\u043b\u0430\u0434\u0435 \u0420\u0435\u043f\u0443\u0431\u043b\u0438\u043a\u0435 \u0421\u0440\u0431\u0438\u0458\u0435 \u0437\u0430 \u043e\u043f\u0448\u0442\u0438\u043d\u0435 \u041f\u0440\u0435\u0448\u0435\u0432\u043e, \u0411\u0443\u0458\u0430\u043d\u043e\u0432\u0430\u0446 \u0438 \u041c\u0435\u0434\u0432\u0435\u0452a"},"image":{"@id":"https:\/\/kt.gov.rs\/#\/schema\/logo\/image\/"},"sameAs":["https:\/\/www.facebook.com\/SluzbaKoordinacionogTelaVladeRepublikeSrbije","https:\/\/x.com\/kt_gov","https:\/\/www.youtube.com\/@koordinacionotelo"]},{"@type":"Person","@id":"https:\/\/kt.gov.rs\/#\/schema\/person\/e426459ddb4173309103390602694571","name":"ktmin","image":{"@type":"ImageObject","inLanguage":"sq-AL","@id":"https:\/\/secure.gravatar.com\/avatar\/3985c961109853010c3fbc7ba30365bfba5db3dd6c525831d9c595c7525a615a?s=96&d=mm&r=g","url":"https:\/\/secure.gravatar.com\/avatar\/3985c961109853010c3fbc7ba30365bfba5db3dd6c525831d9c595c7525a615a?s=96&d=mm&r=g","contentUrl":"https:\/\/secure.gravatar.com\/avatar\/3985c961109853010c3fbc7ba30365bfba5db3dd6c525831d9c595c7525a615a?s=96&d=mm&r=g","caption":"ktmin"},"sameAs":["https:\/\/kt.gov.rs"],"url":"https:\/\/kt.gov.rs\/sq\/author\/ktmin\/"}]}},"_links":{"self":[{"href":"https:\/\/kt.gov.rs\/sq\/wp-json\/wp\/v2\/posts\/107435","targetHints":{"allow":["GET"]}}],"collection":[{"href":"https:\/\/kt.gov.rs\/sq\/wp-json\/wp\/v2\/posts"}],"about":[{"href":"https:\/\/kt.gov.rs\/sq\/wp-json\/wp\/v2\/types\/post"}],"author":[{"embeddable":true,"href":"https:\/\/kt.gov.rs\/sq\/wp-json\/wp\/v2\/users\/1"}],"replies":[{"embeddable":true,"href":"https:\/\/kt.gov.rs\/sq\/wp-json\/wp\/v2\/comments?post=107435"}],"version-history":[{"count":1,"href":"https:\/\/kt.gov.rs\/sq\/wp-json\/wp\/v2\/posts\/107435\/revisions"}],"predecessor-version":[{"id":107439,"href":"https:\/\/kt.gov.rs\/sq\/wp-json\/wp\/v2\/posts\/107435\/revisions\/107439"}],"wp:featuredmedia":[{"embeddable":true,"href":"https:\/\/kt.gov.rs\/sq\/wp-json\/wp\/v2\/media\/107440"}],"wp:attachment":[{"href":"https:\/\/kt.gov.rs\/sq\/wp-json\/wp\/v2\/media?parent=107435"}],"wp:term":[{"taxonomy":"category","embeddable":true,"href":"https:\/\/kt.gov.rs\/sq\/wp-json\/wp\/v2\/categories?post=107435"},{"taxonomy":"post_tag","embeddable":true,"href":"https:\/\/kt.gov.rs\/sq\/wp-json\/wp\/v2\/tags?post=107435"}],"curies":[{"name":"wp","href":"https:\/\/api.w.org\/{rel}","templated":true}]}}