{"id":107427,"date":"2022-06-14T00:00:00","date_gmt":"2022-06-14T00:00:00","guid":{"rendered":"http:\/\/kt.printandscreen.rs\/veprat-humanitare-te-milazim-gegulaj-nga-bujanoci\/"},"modified":"2024-07-30T17:56:34","modified_gmt":"2024-07-30T17:56:34","slug":"veprat-humanitare-te-milazim-gegulaj-nga-bujanoci","status":"publish","type":"post","link":"https:\/\/kt.gov.rs\/sq\/veprat-humanitare-te-milazim-gegulaj-nga-bujanoci\/","title":{"rendered":"VEPRAT HUMANITARE T\u00cb MILAZIM GEGULAJ NGA BUJANOCI"},"content":{"rendered":"<p>\n\t<strong><img decoding=\"async\" alt=\"\" src=\"https:\/\/kt.gov.rs\/wp-content\/uploads\/2024\/07\/1655194526_140622_6-2.jpg\" style=\"width: 315px; height: 230px; float: left;\" \/><\/strong><strong>Bujanoc \u2013 Beograd \u2013<\/strong> Shqiptari nga Bujanoci, Milazim Gegulaj, ka disa vite q\u00eb \u00e7do dit\u00eb u siguron shuajtje p\u00ebr rreth nj\u00ebzet f\u00ebmij\u00ebve t\u00eb s\u00ebmur\u00eb nga Vranja.<\/p>\n<p>\n\tPrind\u00ebrit e Milazimit kan\u00eb lindur n\u00eb Prizren kur ata u shp\u00ebrngul\u00ebn n\u00eb Bujanoc n\u00eb vitet 1970 dhe filluan nj\u00eb biznes atje. Sot v\u00ebllai i Milazimit ka nj\u00eb furr\u00eb buke n\u00eb Bujanoc, nd\u00ebrsa kat\u00ebr vjet m\u00eb par\u00eb nj\u00ebri nga v\u00ebllez\u00ebrit Gegulaj hapi nj\u00eb furr\u00eb n\u00eb Vraj\u00eb.<\/p>\n<p>\n\tMilazimi dhe gruaja e tij Sadia konsiderohen si humanist\u00eb t\u00eb m\u00ebdhenj, por ngurrojn\u00eb t\u00eb flasin p\u00ebr k\u00ebt\u00eb. Duke qen\u00eb se furra e tyre ndodhet pran\u00eb ambienteve ku q\u00ebndrojn\u00eb f\u00ebmij\u00ebt e Shoqat\u00ebs p\u00ebr Asistenc\u00eb ndaj Personave m\u00eb Zhvillim t\u00eb Dob\u00ebt Mental, mes k\u00ebtij shqiptari dhe f\u00ebmij\u00ebve ka filluar t\u00eb shfaqet nj\u00eb miq\u00ebsi e pazakont\u00eb.<\/p>\n<p>\n\t\u201cShoqata p\u00ebr Asistenc\u00eb ndaj Personave m\u00eb Zhvillim t\u00eb Dob\u00ebt Mental na k\u00ebrkoi q\u00eb t&#39;i ndihmojm\u00eb disi. K\u00ebshtu q\u00eb vendos\u00ebm t&#39;u siguronim shuajtje p\u00ebr ta \u00e7do dit\u00eb. Dikur ka qen\u00eb burek, her\u00ebn tjet\u00ebr kifle, rrotulla me hot dog, byrek\u00eb t\u00eb kripur e t\u00eb \u00ebmb\u00ebl\u2026 Un\u00eb kam tre f\u00ebmij\u00eb dhe ata luajn\u00eb me f\u00ebmij\u00ebt e Shoqat\u00ebs, jemi b\u00ebr\u00eb miq t\u00eb mir\u00eb. Nga f\u00ebmij\u00ebt e Shoqat\u00ebs p\u00ebr Vitin e Ri marr gjithmon\u00eb nj\u00eb kartolin\u00eb t\u00eb shkruar n\u00eb gjuh\u00ebn shqipe, me urimet m\u00eb t\u00eb mira p\u00ebr mua dhe familjen time. Buz\u00ebqeshjet e f\u00ebmij\u00ebve t\u00eb s\u00ebmur\u00eb, g\u00ebzimi i tyre i sinqert\u00eb, jan\u00eb shp\u00ebrblimi m\u00eb i madh p\u00ebr mua\u201d, shton Milazimi.<\/p>\n<p>\n\tAi thot\u00eb se gjithmon\u00eb \u00ebsht\u00eb rritur p\u00ebr t\u00eb ndihmuar t\u00eb tjer\u00ebt<\/p>\n<p>\n\t\u201cBabai im \u00ebsht\u00eb nga Prizreni dhe gjithmon\u00eb na ka m\u00ebsuar se ka vet\u00ebm t\u00eb mir\u00eb dhe t\u00eb k\u00ebqij dhe se ne i ndajm\u00eb k\u00ebshtu, e jo sipas kombit, fes\u00eb apo rac\u00ebs. K\u00ebtu kam nj\u00eb num\u00ebr t\u00eb madh klient\u00ebsh, t\u00eb gjith\u00eb jan\u00eb t\u00eb k\u00ebnaqur. Un\u00eb kam nj\u00eb num\u00ebr t\u00eb madh miqsh n\u00eb Vraj\u00eb dhe n\u00eb mesin e t\u00eb pun\u00ebsuarve ka edhe serb\u00eb dhe shqiptar\u00eb. Shqiptar\u00ebt udh\u00ebtojn\u00eb nga Bujanoci, kurse serb\u00ebt nga Vraja dhe Vrajska Banja. T\u00eb gjith\u00eb duhet t\u00eb ndihmohen n\u00ebse keni mund\u00ebsi, sepse \u00ebsht\u00eb nj\u00eb ndjenj\u00eb e mrekullueshme. \u201cUn\u00eb nuk mendoj se po b\u00ebj ndonj\u00eb gj\u00eb t\u00eb ve\u00e7ant\u00eb p\u00ebr t\u00eb ndihmuar t\u00eb tjer\u00ebt dhe se \u00e7do person ka nevoj\u00eb t\u00eb b\u00ebj\u00eb di\u00e7ka t\u00eb mir\u00eb\u201d, tha Milazim.<\/p>\n<p>\n\t<strong>Burimi: Niste Znaci FB Stranica, Trupi Koordinues<\/strong><\/p>\n<p>\n\t\u00a0<\/p>\n","protected":false},"excerpt":{"rendered":"<p>Bujanoc \u2013 Beograd \u2013\u00a0Shqiptari nga Bujanoci, Milazim Gegulaj, ka disa vite q\u00eb \u00e7do dit\u00eb u siguron shuajtje p\u00ebr rreth nj\u00ebzet f\u00ebmij\u00ebve t\u00eb s\u00ebmur\u00eb nga Vranja.<\/p>\n","protected":false},"author":1,"featured_media":107432,"comment_status":"closed","ping_status":"closed","sticky":false,"template":"","format":"standard","meta":{"footnotes":""},"categories":[55],"tags":[],"class_list":["post-107427","post","type-post","status-publish","format-standard","has-post-thumbnail","hentry","category-lajme"],"yoast_head":"<!-- This site is optimized with the Yoast SEO plugin v27.5 - https:\/\/yoast.com\/product\/yoast-seo-wordpress\/ -->\n<title>VEPRAT HUMANITARE T\u00cb MILAZIM GEGULAJ NGA BUJANOCI - Republika e S\u00ebrbis\u00eb Trupi Koordinues p\u00ebr komunat Bujanoc, Preshev\u00eb dhe Medvegj\u00eb<\/title>\n<meta name=\"robots\" content=\"index, follow, max-snippet:-1, max-image-preview:large, max-video-preview:-1\" \/>\n<link rel=\"canonical\" href=\"https:\/\/kt.gov.rs\/sq\/veprat-humanitare-te-milazim-gegulaj-nga-bujanoci\/\" \/>\n<meta property=\"og:locale\" content=\"sq_AL\" \/>\n<meta property=\"og:type\" content=\"article\" \/>\n<meta property=\"og:title\" content=\"VEPRAT HUMANITARE T\u00cb MILAZIM GEGULAJ NGA BUJANOCI - Republika e S\u00ebrbis\u00eb Trupi Koordinues p\u00ebr komunat Bujanoc, Preshev\u00eb dhe Medvegj\u00eb\" \/>\n<meta property=\"og:description\" content=\"Bujanoc - Beograd -\u00a0Shqiptari nga Bujanoci, Milazim Gegulaj, ka disa vite q\u00eb \u00e7do dit\u00eb u siguron shuajtje p\u00ebr rreth nj\u00ebzet f\u00ebmij\u00ebve t\u00eb s\u00ebmur\u00eb nga Vranja.\" \/>\n<meta property=\"og:url\" content=\"https:\/\/kt.gov.rs\/sq\/veprat-humanitare-te-milazim-gegulaj-nga-bujanoci\/\" \/>\n<meta property=\"og:site_name\" content=\"Republika e S\u00ebrbis\u00eb Trupi Koordinues p\u00ebr komunat Bujanoc, Preshev\u00eb dhe Medvegj\u00eb\" \/>\n<meta property=\"article:publisher\" content=\"https:\/\/www.facebook.com\/SluzbaKoordinacionogTelaVladeRepublikeSrbije\" \/>\n<meta property=\"article:published_time\" content=\"2022-06-14T00:00:00+00:00\" \/>\n<meta property=\"article:modified_time\" content=\"2024-07-30T17:56:34+00:00\" \/>\n<meta property=\"og:image\" content=\"https:\/\/kt.gov.rs\/wp-content\/uploads\/2024\/07\/1655194526_140622_6-3.jpg\" \/>\n\t<meta property=\"og:image:width\" content=\"315\" \/>\n\t<meta property=\"og:image:height\" content=\"230\" \/>\n\t<meta property=\"og:image:type\" content=\"image\/jpeg\" \/>\n<meta name=\"author\" content=\"ktmin\" \/>\n<meta name=\"twitter:card\" content=\"summary_large_image\" \/>\n<meta name=\"twitter:creator\" content=\"@kt_gov\" \/>\n<meta name=\"twitter:site\" content=\"@kt_gov\" \/>\n<meta name=\"twitter:label1\" content=\"Written by\" \/>\n\t<meta name=\"twitter:data1\" content=\"ktmin\" \/>\n\t<meta name=\"twitter:label2\" content=\"Est. reading time\" \/>\n\t<meta name=\"twitter:data2\" content=\"3 minutes\" \/>\n<script type=\"application\/ld+json\" class=\"yoast-schema-graph\">{\"@context\":\"https:\\\/\\\/schema.org\",\"@graph\":[{\"@type\":\"Article\",\"@id\":\"https:\\\/\\\/kt.gov.rs\\\/sq\\\/veprat-humanitare-te-milazim-gegulaj-nga-bujanoci\\\/#article\",\"isPartOf\":{\"@id\":\"https:\\\/\\\/kt.gov.rs\\\/sq\\\/veprat-humanitare-te-milazim-gegulaj-nga-bujanoci\\\/\"},\"author\":{\"name\":\"ktmin\",\"@id\":\"https:\\\/\\\/kt.gov.rs\\\/#\\\/schema\\\/person\\\/e426459ddb4173309103390602694571\"},\"headline\":\"VEPRAT HUMANITARE T\u00cb MILAZIM GEGULAJ NGA BUJANOCI\",\"datePublished\":\"2022-06-14T00:00:00+00:00\",\"dateModified\":\"2024-07-30T17:56:34+00:00\",\"mainEntityOfPage\":{\"@id\":\"https:\\\/\\\/kt.gov.rs\\\/sq\\\/veprat-humanitare-te-milazim-gegulaj-nga-bujanoci\\\/\"},\"wordCount\":647,\"publisher\":{\"@id\":\"https:\\\/\\\/kt.gov.rs\\\/#organization\"},\"image\":{\"@id\":\"https:\\\/\\\/kt.gov.rs\\\/sq\\\/veprat-humanitare-te-milazim-gegulaj-nga-bujanoci\\\/#primaryimage\"},\"thumbnailUrl\":\"https:\\\/\\\/kt.gov.rs\\\/wp-content\\\/uploads\\\/2024\\\/07\\\/1655194526_140622_6-3.jpg\",\"articleSection\":[\"Lajme\"],\"inLanguage\":\"sq-AL\"},{\"@type\":\"WebPage\",\"@id\":\"https:\\\/\\\/kt.gov.rs\\\/sq\\\/veprat-humanitare-te-milazim-gegulaj-nga-bujanoci\\\/\",\"url\":\"https:\\\/\\\/kt.gov.rs\\\/sq\\\/veprat-humanitare-te-milazim-gegulaj-nga-bujanoci\\\/\",\"name\":\"VEPRAT HUMANITARE T\u00cb MILAZIM GEGULAJ NGA BUJANOCI - Republika e S\u00ebrbis\u00eb Trupi Koordinues p\u00ebr komunat Bujanoc, Preshev\u00eb dhe Medvegj\u00eb\",\"isPartOf\":{\"@id\":\"https:\\\/\\\/kt.gov.rs\\\/#website\"},\"primaryImageOfPage\":{\"@id\":\"https:\\\/\\\/kt.gov.rs\\\/sq\\\/veprat-humanitare-te-milazim-gegulaj-nga-bujanoci\\\/#primaryimage\"},\"image\":{\"@id\":\"https:\\\/\\\/kt.gov.rs\\\/sq\\\/veprat-humanitare-te-milazim-gegulaj-nga-bujanoci\\\/#primaryimage\"},\"thumbnailUrl\":\"https:\\\/\\\/kt.gov.rs\\\/wp-content\\\/uploads\\\/2024\\\/07\\\/1655194526_140622_6-3.jpg\",\"datePublished\":\"2022-06-14T00:00:00+00:00\",\"dateModified\":\"2024-07-30T17:56:34+00:00\",\"breadcrumb\":{\"@id\":\"https:\\\/\\\/kt.gov.rs\\\/sq\\\/veprat-humanitare-te-milazim-gegulaj-nga-bujanoci\\\/#breadcrumb\"},\"inLanguage\":\"sq-AL\",\"potentialAction\":[{\"@type\":\"ReadAction\",\"target\":[\"https:\\\/\\\/kt.gov.rs\\\/sq\\\/veprat-humanitare-te-milazim-gegulaj-nga-bujanoci\\\/\"]}]},{\"@type\":\"ImageObject\",\"inLanguage\":\"sq-AL\",\"@id\":\"https:\\\/\\\/kt.gov.rs\\\/sq\\\/veprat-humanitare-te-milazim-gegulaj-nga-bujanoci\\\/#primaryimage\",\"url\":\"https:\\\/\\\/kt.gov.rs\\\/wp-content\\\/uploads\\\/2024\\\/07\\\/1655194526_140622_6-3.jpg\",\"contentUrl\":\"https:\\\/\\\/kt.gov.rs\\\/wp-content\\\/uploads\\\/2024\\\/07\\\/1655194526_140622_6-3.jpg\",\"width\":315,\"height\":230},{\"@type\":\"BreadcrumbList\",\"@id\":\"https:\\\/\\\/kt.gov.rs\\\/sq\\\/veprat-humanitare-te-milazim-gegulaj-nga-bujanoci\\\/#breadcrumb\",\"itemListElement\":[{\"@type\":\"ListItem\",\"position\":1,\"name\":\"Po\u010detna\",\"item\":\"https:\\\/\\\/kt.gov.rs\\\/sq\\\/\"},{\"@type\":\"ListItem\",\"position\":2,\"name\":\"VEPRAT HUMANITARE T\u00cb MILAZIM GEGULAJ NGA BUJANOCI\"}]},{\"@type\":\"WebSite\",\"@id\":\"https:\\\/\\\/kt.gov.rs\\\/#website\",\"url\":\"https:\\\/\\\/kt.gov.rs\\\/\",\"name\":\"Koordinaciono telo Vlade Republike Srbije za op\u0161tine Pre\u0161evo, Bujanovac i Medve\u0111a\",\"description\":\"\",\"publisher\":{\"@id\":\"https:\\\/\\\/kt.gov.rs\\\/#organization\"},\"alternateName\":\"Koordinaciono telo\",\"potentialAction\":[{\"@type\":\"SearchAction\",\"target\":{\"@type\":\"EntryPoint\",\"urlTemplate\":\"https:\\\/\\\/kt.gov.rs\\\/?s={search_term_string}\"},\"query-input\":{\"@type\":\"PropertyValueSpecification\",\"valueRequired\":true,\"valueName\":\"search_term_string\"}}],\"inLanguage\":\"sq-AL\"},{\"@type\":\"Organization\",\"@id\":\"https:\\\/\\\/kt.gov.rs\\\/#organization\",\"name\":\"Koordinaciono telo Vlade Republike Srbije za op\u0161tine Pre\u0161evo, Bujanovac i Medve\u0111a\",\"alternateName\":\"Koordinaciono telo\",\"url\":\"https:\\\/\\\/kt.gov.rs\\\/\",\"logo\":{\"@type\":\"ImageObject\",\"inLanguage\":\"sq-AL\",\"@id\":\"https:\\\/\\\/kt.gov.rs\\\/#\\\/schema\\\/logo\\\/image\\\/\",\"url\":\"https:\\\/\\\/kt.gov.rs\\\/wp-content\\\/uploads\\\/2024\\\/12\\\/koord2.jpg\",\"contentUrl\":\"https:\\\/\\\/kt.gov.rs\\\/wp-content\\\/uploads\\\/2024\\\/12\\\/koord2.jpg\",\"width\":640,\"height\":480,\"caption\":\"Koordinaciono telo Vlade Republike Srbije za op\u0161tine Pre\u0161evo, Bujanovac i Medve\u0111a\"},\"image\":{\"@id\":\"https:\\\/\\\/kt.gov.rs\\\/#\\\/schema\\\/logo\\\/image\\\/\"},\"sameAs\":[\"https:\\\/\\\/www.facebook.com\\\/SluzbaKoordinacionogTelaVladeRepublikeSrbije\",\"https:\\\/\\\/x.com\\\/kt_gov\",\"https:\\\/\\\/www.youtube.com\\\/@koordinacionotelo\"]},{\"@type\":\"Person\",\"@id\":\"https:\\\/\\\/kt.gov.rs\\\/#\\\/schema\\\/person\\\/e426459ddb4173309103390602694571\",\"name\":\"ktmin\",\"image\":{\"@type\":\"ImageObject\",\"inLanguage\":\"sq-AL\",\"@id\":\"https:\\\/\\\/secure.gravatar.com\\\/avatar\\\/3985c961109853010c3fbc7ba30365bfba5db3dd6c525831d9c595c7525a615a?s=96&d=mm&r=g\",\"url\":\"https:\\\/\\\/secure.gravatar.com\\\/avatar\\\/3985c961109853010c3fbc7ba30365bfba5db3dd6c525831d9c595c7525a615a?s=96&d=mm&r=g\",\"contentUrl\":\"https:\\\/\\\/secure.gravatar.com\\\/avatar\\\/3985c961109853010c3fbc7ba30365bfba5db3dd6c525831d9c595c7525a615a?s=96&d=mm&r=g\",\"caption\":\"ktmin\"},\"sameAs\":[\"https:\\\/\\\/kt.gov.rs\"],\"url\":\"https:\\\/\\\/kt.gov.rs\\\/sq\\\/author\\\/ktmin\\\/\"}]}<\/script>\n<!-- \/ Yoast SEO plugin. -->","yoast_head_json":{"title":"VEPRAT HUMANITARE T\u00cb MILAZIM GEGULAJ NGA BUJANOCI - Republika e S\u00ebrbis\u00eb Trupi Koordinues p\u00ebr komunat Bujanoc, Preshev\u00eb dhe Medvegj\u00eb","robots":{"index":"index","follow":"follow","max-snippet":"max-snippet:-1","max-image-preview":"max-image-preview:large","max-video-preview":"max-video-preview:-1"},"canonical":"https:\/\/kt.gov.rs\/sq\/veprat-humanitare-te-milazim-gegulaj-nga-bujanoci\/","og_locale":"sq_AL","og_type":"article","og_title":"VEPRAT HUMANITARE T\u00cb MILAZIM GEGULAJ NGA BUJANOCI - Republika e S\u00ebrbis\u00eb Trupi Koordinues p\u00ebr komunat Bujanoc, Preshev\u00eb dhe Medvegj\u00eb","og_description":"Bujanoc - Beograd -\u00a0Shqiptari nga Bujanoci, Milazim Gegulaj, ka disa vite q\u00eb \u00e7do dit\u00eb u siguron shuajtje p\u00ebr rreth nj\u00ebzet f\u00ebmij\u00ebve t\u00eb s\u00ebmur\u00eb nga Vranja.","og_url":"https:\/\/kt.gov.rs\/sq\/veprat-humanitare-te-milazim-gegulaj-nga-bujanoci\/","og_site_name":"Republika e S\u00ebrbis\u00eb Trupi Koordinues p\u00ebr komunat Bujanoc, Preshev\u00eb dhe Medvegj\u00eb","article_publisher":"https:\/\/www.facebook.com\/SluzbaKoordinacionogTelaVladeRepublikeSrbije","article_published_time":"2022-06-14T00:00:00+00:00","article_modified_time":"2024-07-30T17:56:34+00:00","og_image":[{"width":315,"height":230,"url":"https:\/\/kt.gov.rs\/wp-content\/uploads\/2024\/07\/1655194526_140622_6-3.jpg","type":"image\/jpeg"}],"author":"ktmin","twitter_card":"summary_large_image","twitter_creator":"@kt_gov","twitter_site":"@kt_gov","twitter_misc":{"Written by":"ktmin","Est. reading time":"3 minutes"},"schema":{"@context":"https:\/\/schema.org","@graph":[{"@type":"Article","@id":"https:\/\/kt.gov.rs\/sq\/veprat-humanitare-te-milazim-gegulaj-nga-bujanoci\/#article","isPartOf":{"@id":"https:\/\/kt.gov.rs\/sq\/veprat-humanitare-te-milazim-gegulaj-nga-bujanoci\/"},"author":{"name":"ktmin","@id":"https:\/\/kt.gov.rs\/#\/schema\/person\/e426459ddb4173309103390602694571"},"headline":"VEPRAT HUMANITARE T\u00cb MILAZIM GEGULAJ NGA BUJANOCI","datePublished":"2022-06-14T00:00:00+00:00","dateModified":"2024-07-30T17:56:34+00:00","mainEntityOfPage":{"@id":"https:\/\/kt.gov.rs\/sq\/veprat-humanitare-te-milazim-gegulaj-nga-bujanoci\/"},"wordCount":647,"publisher":{"@id":"https:\/\/kt.gov.rs\/#organization"},"image":{"@id":"https:\/\/kt.gov.rs\/sq\/veprat-humanitare-te-milazim-gegulaj-nga-bujanoci\/#primaryimage"},"thumbnailUrl":"https:\/\/kt.gov.rs\/wp-content\/uploads\/2024\/07\/1655194526_140622_6-3.jpg","articleSection":["Lajme"],"inLanguage":"sq-AL"},{"@type":"WebPage","@id":"https:\/\/kt.gov.rs\/sq\/veprat-humanitare-te-milazim-gegulaj-nga-bujanoci\/","url":"https:\/\/kt.gov.rs\/sq\/veprat-humanitare-te-milazim-gegulaj-nga-bujanoci\/","name":"VEPRAT HUMANITARE T\u00cb MILAZIM GEGULAJ NGA BUJANOCI - Republika e S\u00ebrbis\u00eb Trupi Koordinues p\u00ebr komunat Bujanoc, Preshev\u00eb dhe Medvegj\u00eb","isPartOf":{"@id":"https:\/\/kt.gov.rs\/#website"},"primaryImageOfPage":{"@id":"https:\/\/kt.gov.rs\/sq\/veprat-humanitare-te-milazim-gegulaj-nga-bujanoci\/#primaryimage"},"image":{"@id":"https:\/\/kt.gov.rs\/sq\/veprat-humanitare-te-milazim-gegulaj-nga-bujanoci\/#primaryimage"},"thumbnailUrl":"https:\/\/kt.gov.rs\/wp-content\/uploads\/2024\/07\/1655194526_140622_6-3.jpg","datePublished":"2022-06-14T00:00:00+00:00","dateModified":"2024-07-30T17:56:34+00:00","breadcrumb":{"@id":"https:\/\/kt.gov.rs\/sq\/veprat-humanitare-te-milazim-gegulaj-nga-bujanoci\/#breadcrumb"},"inLanguage":"sq-AL","potentialAction":[{"@type":"ReadAction","target":["https:\/\/kt.gov.rs\/sq\/veprat-humanitare-te-milazim-gegulaj-nga-bujanoci\/"]}]},{"@type":"ImageObject","inLanguage":"sq-AL","@id":"https:\/\/kt.gov.rs\/sq\/veprat-humanitare-te-milazim-gegulaj-nga-bujanoci\/#primaryimage","url":"https:\/\/kt.gov.rs\/wp-content\/uploads\/2024\/07\/1655194526_140622_6-3.jpg","contentUrl":"https:\/\/kt.gov.rs\/wp-content\/uploads\/2024\/07\/1655194526_140622_6-3.jpg","width":315,"height":230},{"@type":"BreadcrumbList","@id":"https:\/\/kt.gov.rs\/sq\/veprat-humanitare-te-milazim-gegulaj-nga-bujanoci\/#breadcrumb","itemListElement":[{"@type":"ListItem","position":1,"name":"Po\u010detna","item":"https:\/\/kt.gov.rs\/sq\/"},{"@type":"ListItem","position":2,"name":"VEPRAT HUMANITARE T\u00cb MILAZIM GEGULAJ NGA BUJANOCI"}]},{"@type":"WebSite","@id":"https:\/\/kt.gov.rs\/#website","url":"https:\/\/kt.gov.rs\/","name":"Koordinaciono telo Vlade Republike Srbije za op\u0161tine Pre\u0161evo, Bujanovac i Medve\u0111a","description":"","publisher":{"@id":"https:\/\/kt.gov.rs\/#organization"},"alternateName":"Koordinaciono telo","potentialAction":[{"@type":"SearchAction","target":{"@type":"EntryPoint","urlTemplate":"https:\/\/kt.gov.rs\/?s={search_term_string}"},"query-input":{"@type":"PropertyValueSpecification","valueRequired":true,"valueName":"search_term_string"}}],"inLanguage":"sq-AL"},{"@type":"Organization","@id":"https:\/\/kt.gov.rs\/#organization","name":"Koordinaciono telo Vlade Republike Srbije za op\u0161tine Pre\u0161evo, Bujanovac i Medve\u0111a","alternateName":"Koordinaciono telo","url":"https:\/\/kt.gov.rs\/","logo":{"@type":"ImageObject","inLanguage":"sq-AL","@id":"https:\/\/kt.gov.rs\/#\/schema\/logo\/image\/","url":"https:\/\/kt.gov.rs\/wp-content\/uploads\/2024\/12\/koord2.jpg","contentUrl":"https:\/\/kt.gov.rs\/wp-content\/uploads\/2024\/12\/koord2.jpg","width":640,"height":480,"caption":"Koordinaciono telo Vlade Republike Srbije za op\u0161tine Pre\u0161evo, Bujanovac i Medve\u0111a"},"image":{"@id":"https:\/\/kt.gov.rs\/#\/schema\/logo\/image\/"},"sameAs":["https:\/\/www.facebook.com\/SluzbaKoordinacionogTelaVladeRepublikeSrbije","https:\/\/x.com\/kt_gov","https:\/\/www.youtube.com\/@koordinacionotelo"]},{"@type":"Person","@id":"https:\/\/kt.gov.rs\/#\/schema\/person\/e426459ddb4173309103390602694571","name":"ktmin","image":{"@type":"ImageObject","inLanguage":"sq-AL","@id":"https:\/\/secure.gravatar.com\/avatar\/3985c961109853010c3fbc7ba30365bfba5db3dd6c525831d9c595c7525a615a?s=96&d=mm&r=g","url":"https:\/\/secure.gravatar.com\/avatar\/3985c961109853010c3fbc7ba30365bfba5db3dd6c525831d9c595c7525a615a?s=96&d=mm&r=g","contentUrl":"https:\/\/secure.gravatar.com\/avatar\/3985c961109853010c3fbc7ba30365bfba5db3dd6c525831d9c595c7525a615a?s=96&d=mm&r=g","caption":"ktmin"},"sameAs":["https:\/\/kt.gov.rs"],"url":"https:\/\/kt.gov.rs\/sq\/author\/ktmin\/"}]}},"_links":{"self":[{"href":"https:\/\/kt.gov.rs\/sq\/wp-json\/wp\/v2\/posts\/107427","targetHints":{"allow":["GET"]}}],"collection":[{"href":"https:\/\/kt.gov.rs\/sq\/wp-json\/wp\/v2\/posts"}],"about":[{"href":"https:\/\/kt.gov.rs\/sq\/wp-json\/wp\/v2\/types\/post"}],"author":[{"embeddable":true,"href":"https:\/\/kt.gov.rs\/sq\/wp-json\/wp\/v2\/users\/1"}],"replies":[{"embeddable":true,"href":"https:\/\/kt.gov.rs\/sq\/wp-json\/wp\/v2\/comments?post=107427"}],"version-history":[{"count":1,"href":"https:\/\/kt.gov.rs\/sq\/wp-json\/wp\/v2\/posts\/107427\/revisions"}],"predecessor-version":[{"id":107431,"href":"https:\/\/kt.gov.rs\/sq\/wp-json\/wp\/v2\/posts\/107427\/revisions\/107431"}],"wp:featuredmedia":[{"embeddable":true,"href":"https:\/\/kt.gov.rs\/sq\/wp-json\/wp\/v2\/media\/107432"}],"wp:attachment":[{"href":"https:\/\/kt.gov.rs\/sq\/wp-json\/wp\/v2\/media?parent=107427"}],"wp:term":[{"taxonomy":"category","embeddable":true,"href":"https:\/\/kt.gov.rs\/sq\/wp-json\/wp\/v2\/categories?post=107427"},{"taxonomy":"post_tag","embeddable":true,"href":"https:\/\/kt.gov.rs\/sq\/wp-json\/wp\/v2\/tags?post=107427"}],"curies":[{"name":"wp","href":"https:\/\/api.w.org\/{rel}","templated":true}]}}