{"id":107415,"date":"2022-06-20T00:00:00","date_gmt":"2022-06-20T00:00:00","guid":{"rendered":"http:\/\/kt.printandscreen.rs\/eshte-kryer-ciklusi-i-trete-i-programit-te-praktikes-profesionale\/"},"modified":"2024-07-30T17:56:32","modified_gmt":"2024-07-30T17:56:32","slug":"eshte-kryer-ciklusi-i-trete-i-programit-te-praktikes-profesionale","status":"publish","type":"post","link":"https:\/\/kt.gov.rs\/sq\/eshte-kryer-ciklusi-i-trete-i-programit-te-praktikes-profesionale\/","title":{"rendered":"\u00cbSHT\u00cb KRYER CIKLUSI I TRET\u00cb I PROGRAMIT T\u00cb PRAKTIK\u00cbS PROFESIONALE"},"content":{"rendered":"<p>\n\t<strong><img decoding=\"async\" alt=\"\" src=\"https:\/\/kt.gov.rs\/wp-content\/uploads\/2024\/07\/1655725356_200622_2-2.jpg\" style=\"width: 640px; height: 360px;\" \/><\/strong><\/p>\n<p>\n\t<strong>Novi Pazar \u2013 Beograd<\/strong> \u2013 N\u00eb Novi Pazar \u00ebsht\u00eb sh\u00ebnuar p\u00ebrfundimi i ciklit t\u00eb tret\u00eb t\u00eb Programit t\u00eb Praktik\u00ebs Profesionale. P\u00ebrfaq\u00ebsuesit e Misionit t\u00eb OSBE-s\u00eb n\u00eb Serbi, s\u00eb bashku me p\u00ebrfaq\u00ebsues t\u00eb Ministris\u00eb s\u00eb t\u00eb Drejtave t\u00eb Njeriut dhe t\u00eb Pakicave dhe Dialogut Social, u dor\u00ebzuan certifikata pjes\u00ebmarr\u00ebsve.<\/p>\n<p>\n\tPjes\u00ebmarr\u00ebsit e p\u00ebrzgjedhur p\u00ebrmes procesit t\u00eb p\u00ebrzgjedhjes u vendos\u00ebn n\u00eb tet\u00eb institucione \u2013 Ministria e t\u00eb Drejtave t\u00eb Njeriut dhe Pakicave dhe Dialogut Social, Ministria e Administrat\u00ebs Shtet\u00ebrore dhe Vet\u00ebqeverisjes Lokale, Agjencia Kund\u00ebr Korrupsionit, Zyra e Komisionerit p\u00ebr Barazi, Komisioni p\u00ebr t\u00eb drejtat e njeriut dhe t\u00eb pakicave dhe barazin\u00eb gjinore n\u00eb Kuvendin Popullor, Ministria e Arsimit, Shkenc\u00ebs dhe Zhvillimit Teknologjik, Trupi Koordinues i Qeveris\u00eb s\u00eb Serbis\u00eb p\u00ebr komunat Preshev\u00eb, Bujanoc dhe Medvegj\u00eb dhe Akademia e Gjyq\u00ebsorit.<\/p>\n<p>\n\tAulona Halimi nga Medvegja praktik\u00ebn e saj profesionale e ka kryer n\u00eb Sh\u00ebrbimin e Trupit Koordinues p\u00ebr komunat Preshev\u00eb, Bujanoc dhe Medvegj\u00eb. Ajo thot\u00eb se p\u00ebrvoja q\u00eb ka fituar n\u00eb k\u00ebt\u00eb organ shtet\u00ebror \u00ebsht\u00eb e vlefshme.<\/p>\n<p>\n\t\u201cPeriudha e m\u00ebparshme prej 6 muajsh gjat\u00eb projektit \u00ebsht\u00eb nj\u00eb nga eksperiencat m\u00eb t\u00eb mira n\u00eb jet\u00ebn time. M\u00eb ndihmoi t\u00eb m\u00ebsoja dhe t\u00eb rritesha, si profesionalisht ashtu edhe personalisht. N\u00eb t\u00eb nj\u00ebjt\u00ebn koh\u00eb, ishte nj\u00eb periudh\u00eb shum\u00eb sfiduese p\u00ebr t\u00eb gjith\u00eb ne, sepse ishim n\u00eb nj\u00eb qytet krejt\u00ebsisht t\u00eb ri me njer\u00ebz t\u00eb panjohur q\u00eb nuk i njihnim deri at\u00ebher\u00eb\u201d, tha Aunjona.<\/p>\n<p>\n\tAjo beson se p\u00ebrvoja e fituar do t\u00eb thot\u00eb shum\u00eb p\u00ebr t\u00eb n\u00eb t\u00eb ardhmen.<\/p>\n<p>\n\t\u201cShfryt\u00ebzoj rastin t\u00eb fal\u00ebnderoj drejtoresh\u00ebn e Sh\u00ebrbimit t\u00eb Trupit Koordinues, Danijela Nenadiq, p\u00ebr mb\u00ebshtetjen e pakusht\u00ebzuar dhe motivimin e vazhduesh\u00ebm. Falenderoj edhe an\u00ebtar\u00ebt e ekipit t\u00eb projektit, Mikael\u00ebn, Vladanin dhe Almirin, t\u00eb cil\u00ebt na kan\u00eb qen\u00eb n\u00eb dispozicion dhe na kan\u00eb ofruar mb\u00ebshtetje gjat\u00eb gjith\u00eb koh\u00ebs\u201d, shtoi Aulona.<\/p>\n<p>\n\t<img decoding=\"async\" alt=\"\" src=\"https:\/\/kt.gov.rs\/wp-content\/uploads\/2024\/07\/1655725345_200622_3-1.jpg\" style=\"width: 640px; height: 360px;\" \/><\/p>\n<p>\n\tShefi i misionit t\u00eb OSBE-s\u00eb n\u00eb Serbi, Jan Bratu, thot\u00eb se q\u00ebllimi i projektit \u00ebsht\u00eb p\u00ebrfshirja e t\u00eb rinjve nga komunitete t\u00eb ndryshme n\u00eb pun\u00ebn e organeve shtet\u00ebrore.<\/p>\n<p>\n\t&quot;Misioni yn\u00eb e zbaton programin e praktik\u00ebs n\u00eb bashk\u00ebpunim me Ministrin\u00eb e t\u00eb Drejtave t\u00eb Njeriut dhe t\u00eb Pakicave dhe Dialogut Social. Pjes\u00ebmarr\u00ebsve iu dha mund\u00ebsia q\u00eb p\u00ebrmes pjes\u00ebmarrjes t\u00eb zhvillojn\u00eb aft\u00ebsit\u00eb dhe njohurit\u00eb e tyre personale, si dhe institucionet t\u00eb ken\u00eb mund\u00ebsin\u00eb t\u00eb pun\u00ebsojn\u00eb profesionist\u00eb. N\u00eb fund, t\u00eb gjith\u00eb kontribuojn\u00eb Ky program bazohet n\u00eb radh\u00eb t\u00eb par\u00eb n\u00eb partneritetin q\u00eb misioni yn\u00eb ka n\u00eb nivel qendror por edhe me institucionet n\u00eb nivel local, po ashtu edhe t\u00eb rinjt\u00eb nga komunitetet pakic\u00eb\u201d, shpjegoi Bratu.<\/p>\n<p>\n\tMinistrja Gordana \u00c7omiq tha se d\u00ebshiron q\u00eb Serbia t\u00eb marr\u00eb p\u00ebrsip\u00ebr programin n\u00eb t\u00eb ardhmen e af\u00ebrt dhe t\u00eb p\u00ebrfshij\u00eb m\u00eb shum\u00eb pjes\u00ebmarr\u00ebs n\u00eb t\u00eb.<\/p>\n<p>\n\t\u041e\u0434 2019. \u0433\u043e\u0434\u0438\u043d\u0435, \u043f\u0440\u043e\u0433\u0440\u0430\u043c \u0441\u0442\u0440\u0443\u0447\u043d\u0435 \u043f\u0440\u0430\u043a\u0441\u0435 \u0437\u0430\u0432\u0440\u0448\u0438\u043b\u043e \u0458\u0435 \u0443\u043a\u0443\u043f\u043d\u043e 20 \u0443\u0447\u0435\u0441\u043d\u0438\u043a\u0430 \u0438\u0437 \u0458\u0443\u0436\u043d\u0435 \u0438 \u0458\u0443\u0433\u043e\u0437\u0430\u043f\u0430\u0434\u043d\u0435 \u0421\u0440\u0431\u0438\u0458\u0435.<\/p>\n<p>\n\t\u041f\u0440\u043e\u0433\u0440\u0430\u043c \u0444\u0438\u043d\u0430\u043d\u0441\u0438\u0440\u0430\u0458\u0443 \u0441\u0442\u0430\u043b\u043d\u0435 \u043c\u0438\u0441\u0438\u0458\u0435 \u0410\u0443\u0441\u0442\u0440\u0438\u0458\u0435 \u0438 \u0422\u0443\u0440\u0441\u043a\u0435 \u043f\u0440\u0438 \u041e\u0415\u0411\u0421-\u0443 \u0430 \u043f\u0440\u0435\u0442\u0445\u043e\u0434\u043d\u0438\u043a \u0433\u043e\u0434\u0438\u043d\u0430 \u0444\u0438\u043d\u0430\u043d\u0441\u0438\u0440\u0430\u043d \u0458\u0435 \u043e\u0434 \u0441\u0442\u0440\u0430\u043d\u0435 \u041c\u0438\u0441\u0438\u0458\u0435 \u0421\u0410\u0414 \u043f\u0440\u0438 \u041e\u0415\u0411\u0421-\u0443.<\/p>\n<p>\n\t&quot;Ajo q\u00eb ministria jon\u00eb do t\u00eb insistoj\u00eb dhe do t\u00eb b\u00ebj\u00eb \u00ebsht\u00eb q\u00eb t\u00eb vazhdoj\u00eb programi, t\u00eb jet\u00eb nj\u00eb program vjetor me shum\u00eb t\u00eb rinj. M\u00eb vjen keq q\u00eb n\u00eb programin e k\u00ebtij viti mor\u00ebn pjes\u00eb vet\u00ebm dy an\u00ebtar\u00eb t\u00eb minoritetit shqiptar&quot;, tha \u00c7omiq.<\/p>\n<p>\n\tT\u00eb pranishm\u00ebve iu drejtua edhe kryetarja e Kuvendit t\u00eb Qytetit t\u00eb Novi Pazarit, dr. Anela Haliloviq Shemsoviq.<\/p>\n<p>\n\tQ\u00eb nga viti 2019, gjithsej 20 pjes\u00ebmarr\u00ebs nga Serbia jugore dhe jugper\u00ebndimore kan\u00eb p\u00ebrfunduar programin e praktik\u00ebs.<\/p>\n<p>\n\tProgrami financohet nga misionet e p\u00ebrhershme t\u00eb Austris\u00eb dhe Turqis\u00eb pran\u00eb OSBE-s\u00eb, nd\u00ebrsa vitin e kaluar \u00ebsht\u00eb financuar nga Misioni i SHBA-s\u00eb pran\u00eb OSBE-s\u00eb.<\/p>\n<p>\n\t<strong>Burimi<\/strong><strong>: sandzaklive.net,\u00a0<\/strong><strong>Trupi Koordinues<\/strong><\/p>\n<p>\n\t\u00a0<\/p>\n","protected":false},"excerpt":{"rendered":"<p>Novi Pazar \u2013 Beograd\u00a0\u2013 N\u00eb Novi Pazar \u00ebsht\u00eb sh\u00ebnuar p\u00ebrfundimi i ciklit t\u00eb tret\u00eb t\u00eb Programit t\u00eb Praktik\u00ebs Profesionale. P\u00ebrfaq\u00ebsuesit e Misionit t\u00eb OSBE-s\u00eb n\u00eb Serbi, s\u00eb bashku me p\u00ebrfaq\u00ebsues t\u00eb Ministris\u00eb s\u00eb t\u00eb Drejtave t\u00eb Njeriut dhe t\u00eb Pakicave dhe Dialogut Social, u dor\u00ebzuan certifikata pjes\u00ebmarr\u00ebsve.<\/p>\n","protected":false},"author":1,"featured_media":107423,"comment_status":"closed","ping_status":"closed","sticky":false,"template":"","format":"standard","meta":{"footnotes":""},"categories":[55],"tags":[],"class_list":["post-107415","post","type-post","status-publish","format-standard","has-post-thumbnail","hentry","category-lajme"],"yoast_head":"<!-- This site is optimized with the Yoast SEO plugin v27.5 - https:\/\/yoast.com\/product\/yoast-seo-wordpress\/ -->\n<title>\u00cbSHT\u00cb KRYER CIKLUSI I TRET\u00cb I PROGRAMIT T\u00cb PRAKTIK\u00cbS PROFESIONALE - Republika e S\u00ebrbis\u00eb Trupi Koordinues p\u00ebr komunat Bujanoc, Preshev\u00eb dhe Medvegj\u00eb<\/title>\n<meta name=\"robots\" content=\"index, follow, max-snippet:-1, max-image-preview:large, max-video-preview:-1\" \/>\n<link rel=\"canonical\" href=\"https:\/\/kt.gov.rs\/sq\/eshte-kryer-ciklusi-i-trete-i-programit-te-praktikes-profesionale\/\" \/>\n<meta property=\"og:locale\" content=\"sq_AL\" \/>\n<meta property=\"og:type\" content=\"article\" \/>\n<meta property=\"og:title\" content=\"\u00cbSHT\u00cb KRYER CIKLUSI I TRET\u00cb I PROGRAMIT T\u00cb PRAKTIK\u00cbS PROFESIONALE - Republika e S\u00ebrbis\u00eb Trupi Koordinues p\u00ebr komunat Bujanoc, Preshev\u00eb dhe Medvegj\u00eb\" \/>\n<meta property=\"og:description\" content=\"Novi Pazar - Beograd\u00a0- N\u00eb Novi Pazar \u00ebsht\u00eb sh\u00ebnuar p\u00ebrfundimi i ciklit t\u00eb tret\u00eb t\u00eb Programit t\u00eb Praktik\u00ebs Profesionale. P\u00ebrfaq\u00ebsuesit e Misionit t\u00eb OSBE-s\u00eb n\u00eb Serbi, s\u00eb bashku me p\u00ebrfaq\u00ebsues t\u00eb Ministris\u00eb s\u00eb t\u00eb Drejtave t\u00eb Njeriut dhe t\u00eb Pakicave dhe Dialogut Social, u dor\u00ebzuan certifikata pjes\u00ebmarr\u00ebsve.\" \/>\n<meta property=\"og:url\" content=\"https:\/\/kt.gov.rs\/sq\/eshte-kryer-ciklusi-i-trete-i-programit-te-praktikes-profesionale\/\" \/>\n<meta property=\"og:site_name\" content=\"Republika e S\u00ebrbis\u00eb Trupi Koordinues p\u00ebr komunat Bujanoc, Preshev\u00eb dhe Medvegj\u00eb\" \/>\n<meta property=\"article:publisher\" content=\"https:\/\/www.facebook.com\/SluzbaKoordinacionogTelaVladeRepublikeSrbije\" \/>\n<meta property=\"article:published_time\" content=\"2022-06-20T00:00:00+00:00\" \/>\n<meta property=\"article:modified_time\" content=\"2024-07-30T17:56:32+00:00\" \/>\n<meta property=\"og:image\" content=\"https:\/\/kt.gov.rs\/wp-content\/uploads\/2024\/07\/1655725356_200622_2-3.jpg\" \/>\n\t<meta property=\"og:image:width\" content=\"640\" \/>\n\t<meta property=\"og:image:height\" content=\"360\" \/>\n\t<meta property=\"og:image:type\" content=\"image\/jpeg\" \/>\n<meta name=\"author\" content=\"ktmin\" \/>\n<meta name=\"twitter:card\" content=\"summary_large_image\" \/>\n<meta name=\"twitter:creator\" content=\"@kt_gov\" \/>\n<meta name=\"twitter:site\" content=\"@kt_gov\" \/>\n<meta name=\"twitter:label1\" content=\"Written by\" \/>\n\t<meta name=\"twitter:data1\" content=\"ktmin\" \/>\n\t<meta name=\"twitter:label2\" content=\"Est. reading time\" \/>\n\t<meta name=\"twitter:data2\" content=\"4 minutes\" \/>\n<script type=\"application\/ld+json\" class=\"yoast-schema-graph\">{\"@context\":\"https:\\\/\\\/schema.org\",\"@graph\":[{\"@type\":\"Article\",\"@id\":\"https:\\\/\\\/kt.gov.rs\\\/sq\\\/eshte-kryer-ciklusi-i-trete-i-programit-te-praktikes-profesionale\\\/#article\",\"isPartOf\":{\"@id\":\"https:\\\/\\\/kt.gov.rs\\\/sq\\\/eshte-kryer-ciklusi-i-trete-i-programit-te-praktikes-profesionale\\\/\"},\"author\":{\"name\":\"ktmin\",\"@id\":\"https:\\\/\\\/kt.gov.rs\\\/#\\\/schema\\\/person\\\/e426459ddb4173309103390602694571\"},\"headline\":\"\u00cbSHT\u00cb KRYER CIKLUSI I TRET\u00cb I PROGRAMIT T\u00cb PRAKTIK\u00cbS PROFESIONALE\",\"datePublished\":\"2022-06-20T00:00:00+00:00\",\"dateModified\":\"2024-07-30T17:56:32+00:00\",\"mainEntityOfPage\":{\"@id\":\"https:\\\/\\\/kt.gov.rs\\\/sq\\\/eshte-kryer-ciklusi-i-trete-i-programit-te-praktikes-profesionale\\\/\"},\"wordCount\":935,\"publisher\":{\"@id\":\"https:\\\/\\\/kt.gov.rs\\\/#organization\"},\"image\":{\"@id\":\"https:\\\/\\\/kt.gov.rs\\\/sq\\\/eshte-kryer-ciklusi-i-trete-i-programit-te-praktikes-profesionale\\\/#primaryimage\"},\"thumbnailUrl\":\"https:\\\/\\\/kt.gov.rs\\\/wp-content\\\/uploads\\\/2024\\\/07\\\/1655725356_200622_2-3.jpg\",\"articleSection\":[\"Lajme\"],\"inLanguage\":\"sq-AL\"},{\"@type\":\"WebPage\",\"@id\":\"https:\\\/\\\/kt.gov.rs\\\/sq\\\/eshte-kryer-ciklusi-i-trete-i-programit-te-praktikes-profesionale\\\/\",\"url\":\"https:\\\/\\\/kt.gov.rs\\\/sq\\\/eshte-kryer-ciklusi-i-trete-i-programit-te-praktikes-profesionale\\\/\",\"name\":\"\u00cbSHT\u00cb KRYER CIKLUSI I TRET\u00cb I PROGRAMIT T\u00cb PRAKTIK\u00cbS PROFESIONALE - Republika e S\u00ebrbis\u00eb Trupi Koordinues p\u00ebr komunat Bujanoc, Preshev\u00eb dhe Medvegj\u00eb\",\"isPartOf\":{\"@id\":\"https:\\\/\\\/kt.gov.rs\\\/#website\"},\"primaryImageOfPage\":{\"@id\":\"https:\\\/\\\/kt.gov.rs\\\/sq\\\/eshte-kryer-ciklusi-i-trete-i-programit-te-praktikes-profesionale\\\/#primaryimage\"},\"image\":{\"@id\":\"https:\\\/\\\/kt.gov.rs\\\/sq\\\/eshte-kryer-ciklusi-i-trete-i-programit-te-praktikes-profesionale\\\/#primaryimage\"},\"thumbnailUrl\":\"https:\\\/\\\/kt.gov.rs\\\/wp-content\\\/uploads\\\/2024\\\/07\\\/1655725356_200622_2-3.jpg\",\"datePublished\":\"2022-06-20T00:00:00+00:00\",\"dateModified\":\"2024-07-30T17:56:32+00:00\",\"breadcrumb\":{\"@id\":\"https:\\\/\\\/kt.gov.rs\\\/sq\\\/eshte-kryer-ciklusi-i-trete-i-programit-te-praktikes-profesionale\\\/#breadcrumb\"},\"inLanguage\":\"sq-AL\",\"potentialAction\":[{\"@type\":\"ReadAction\",\"target\":[\"https:\\\/\\\/kt.gov.rs\\\/sq\\\/eshte-kryer-ciklusi-i-trete-i-programit-te-praktikes-profesionale\\\/\"]}]},{\"@type\":\"ImageObject\",\"inLanguage\":\"sq-AL\",\"@id\":\"https:\\\/\\\/kt.gov.rs\\\/sq\\\/eshte-kryer-ciklusi-i-trete-i-programit-te-praktikes-profesionale\\\/#primaryimage\",\"url\":\"https:\\\/\\\/kt.gov.rs\\\/wp-content\\\/uploads\\\/2024\\\/07\\\/1655725356_200622_2-3.jpg\",\"contentUrl\":\"https:\\\/\\\/kt.gov.rs\\\/wp-content\\\/uploads\\\/2024\\\/07\\\/1655725356_200622_2-3.jpg\",\"width\":640,\"height\":360},{\"@type\":\"BreadcrumbList\",\"@id\":\"https:\\\/\\\/kt.gov.rs\\\/sq\\\/eshte-kryer-ciklusi-i-trete-i-programit-te-praktikes-profesionale\\\/#breadcrumb\",\"itemListElement\":[{\"@type\":\"ListItem\",\"position\":1,\"name\":\"\u041f\u043e\u0447\u0435\u0442\u043d\u0430\",\"item\":\"https:\\\/\\\/kt.gov.rs\\\/sq\\\/\"},{\"@type\":\"ListItem\",\"position\":2,\"name\":\"\u00cbSHT\u00cb KRYER CIKLUSI I TRET\u00cb I PROGRAMIT T\u00cb PRAKTIK\u00cbS PROFESIONALE\"}]},{\"@type\":\"WebSite\",\"@id\":\"https:\\\/\\\/kt.gov.rs\\\/#website\",\"url\":\"https:\\\/\\\/kt.gov.rs\\\/\",\"name\":\"\u041a\u043e\u043e\u0440\u0434\u0438\u043d\u0430\u0446\u0438\u043e\u043d\u043e \u0442\u0435\u043b\u043e \u0412\u043b\u0430\u0434\u0435 \u0420\u0435\u043f\u0443\u0431\u043b\u0438\u043a\u0435 \u0421\u0440\u0431\u0438\u0458\u0435 \u0437\u0430 \u043e\u043f\u0448\u0442\u0438\u043d\u0435 \u041f\u0440\u0435\u0448\u0435\u0432\u043e, \u0411\u0443\u0458\u0430\u043d\u043e\u0432\u0430\u0446 \u0438 \u041c\u0435\u0434\u0432\u0435\u0452a\",\"description\":\"\",\"publisher\":{\"@id\":\"https:\\\/\\\/kt.gov.rs\\\/#organization\"},\"alternateName\":\"\u041a\u043e\u043e\u0440\u0434\u0438\u043d\u0430\u0446\u0438\u043e\u043d\u043e \u0442\u0435\u043b\u043e\",\"potentialAction\":[{\"@type\":\"SearchAction\",\"target\":{\"@type\":\"EntryPoint\",\"urlTemplate\":\"https:\\\/\\\/kt.gov.rs\\\/?s={search_term_string}\"},\"query-input\":{\"@type\":\"PropertyValueSpecification\",\"valueRequired\":true,\"valueName\":\"search_term_string\"}}],\"inLanguage\":\"sq-AL\"},{\"@type\":\"Organization\",\"@id\":\"https:\\\/\\\/kt.gov.rs\\\/#organization\",\"name\":\"\u041a\u043e\u043e\u0440\u0434\u0438\u043d\u0430\u0446\u0438\u043e\u043d\u043e \u0442\u0435\u043b\u043e \u0412\u043b\u0430\u0434\u0435 \u0420\u0435\u043f\u0443\u0431\u043b\u0438\u043a\u0435 \u0421\u0440\u0431\u0438\u0458\u0435 \u0437\u0430 \u043e\u043f\u0448\u0442\u0438\u043d\u0435 \u041f\u0440\u0435\u0448\u0435\u0432\u043e, \u0411\u0443\u0458\u0430\u043d\u043e\u0432\u0430\u0446 \u0438 \u041c\u0435\u0434\u0432\u0435\u0452a\",\"alternateName\":\"\u041a\u043e\u043e\u0440\u0434\u0438\u043d\u0430\u0446\u0438\u043e\u043d\u043e \u0442\u0435\u043b\u043e\",\"url\":\"https:\\\/\\\/kt.gov.rs\\\/\",\"logo\":{\"@type\":\"ImageObject\",\"inLanguage\":\"sq-AL\",\"@id\":\"https:\\\/\\\/kt.gov.rs\\\/#\\\/schema\\\/logo\\\/image\\\/\",\"url\":\"https:\\\/\\\/kt.gov.rs\\\/wp-content\\\/uploads\\\/2024\\\/12\\\/koord2.jpg\",\"contentUrl\":\"https:\\\/\\\/kt.gov.rs\\\/wp-content\\\/uploads\\\/2024\\\/12\\\/koord2.jpg\",\"width\":640,\"height\":480,\"caption\":\"\u041a\u043e\u043e\u0440\u0434\u0438\u043d\u0430\u0446\u0438\u043e\u043d\u043e \u0442\u0435\u043b\u043e \u0412\u043b\u0430\u0434\u0435 \u0420\u0435\u043f\u0443\u0431\u043b\u0438\u043a\u0435 \u0421\u0440\u0431\u0438\u0458\u0435 \u0437\u0430 \u043e\u043f\u0448\u0442\u0438\u043d\u0435 \u041f\u0440\u0435\u0448\u0435\u0432\u043e, \u0411\u0443\u0458\u0430\u043d\u043e\u0432\u0430\u0446 \u0438 \u041c\u0435\u0434\u0432\u0435\u0452a\"},\"image\":{\"@id\":\"https:\\\/\\\/kt.gov.rs\\\/#\\\/schema\\\/logo\\\/image\\\/\"},\"sameAs\":[\"https:\\\/\\\/www.facebook.com\\\/SluzbaKoordinacionogTelaVladeRepublikeSrbije\",\"https:\\\/\\\/x.com\\\/kt_gov\",\"https:\\\/\\\/www.youtube.com\\\/@koordinacionotelo\"]},{\"@type\":\"Person\",\"@id\":\"https:\\\/\\\/kt.gov.rs\\\/#\\\/schema\\\/person\\\/e426459ddb4173309103390602694571\",\"name\":\"ktmin\",\"image\":{\"@type\":\"ImageObject\",\"inLanguage\":\"sq-AL\",\"@id\":\"https:\\\/\\\/secure.gravatar.com\\\/avatar\\\/3985c961109853010c3fbc7ba30365bfba5db3dd6c525831d9c595c7525a615a?s=96&d=mm&r=g\",\"url\":\"https:\\\/\\\/secure.gravatar.com\\\/avatar\\\/3985c961109853010c3fbc7ba30365bfba5db3dd6c525831d9c595c7525a615a?s=96&d=mm&r=g\",\"contentUrl\":\"https:\\\/\\\/secure.gravatar.com\\\/avatar\\\/3985c961109853010c3fbc7ba30365bfba5db3dd6c525831d9c595c7525a615a?s=96&d=mm&r=g\",\"caption\":\"ktmin\"},\"sameAs\":[\"https:\\\/\\\/kt.gov.rs\"],\"url\":\"https:\\\/\\\/kt.gov.rs\\\/sq\\\/author\\\/ktmin\\\/\"}]}<\/script>\n<!-- \/ Yoast SEO plugin. -->","yoast_head_json":{"title":"\u00cbSHT\u00cb KRYER CIKLUSI I TRET\u00cb I PROGRAMIT T\u00cb PRAKTIK\u00cbS PROFESIONALE - Republika e S\u00ebrbis\u00eb Trupi Koordinues p\u00ebr komunat Bujanoc, Preshev\u00eb dhe Medvegj\u00eb","robots":{"index":"index","follow":"follow","max-snippet":"max-snippet:-1","max-image-preview":"max-image-preview:large","max-video-preview":"max-video-preview:-1"},"canonical":"https:\/\/kt.gov.rs\/sq\/eshte-kryer-ciklusi-i-trete-i-programit-te-praktikes-profesionale\/","og_locale":"sq_AL","og_type":"article","og_title":"\u00cbSHT\u00cb KRYER CIKLUSI I TRET\u00cb I PROGRAMIT T\u00cb PRAKTIK\u00cbS PROFESIONALE - Republika e S\u00ebrbis\u00eb Trupi Koordinues p\u00ebr komunat Bujanoc, Preshev\u00eb dhe Medvegj\u00eb","og_description":"Novi Pazar - Beograd\u00a0- N\u00eb Novi Pazar \u00ebsht\u00eb sh\u00ebnuar p\u00ebrfundimi i ciklit t\u00eb tret\u00eb t\u00eb Programit t\u00eb Praktik\u00ebs Profesionale. P\u00ebrfaq\u00ebsuesit e Misionit t\u00eb OSBE-s\u00eb n\u00eb Serbi, s\u00eb bashku me p\u00ebrfaq\u00ebsues t\u00eb Ministris\u00eb s\u00eb t\u00eb Drejtave t\u00eb Njeriut dhe t\u00eb Pakicave dhe Dialogut Social, u dor\u00ebzuan certifikata pjes\u00ebmarr\u00ebsve.","og_url":"https:\/\/kt.gov.rs\/sq\/eshte-kryer-ciklusi-i-trete-i-programit-te-praktikes-profesionale\/","og_site_name":"Republika e S\u00ebrbis\u00eb Trupi Koordinues p\u00ebr komunat Bujanoc, Preshev\u00eb dhe Medvegj\u00eb","article_publisher":"https:\/\/www.facebook.com\/SluzbaKoordinacionogTelaVladeRepublikeSrbije","article_published_time":"2022-06-20T00:00:00+00:00","article_modified_time":"2024-07-30T17:56:32+00:00","og_image":[{"width":640,"height":360,"url":"https:\/\/kt.gov.rs\/wp-content\/uploads\/2024\/07\/1655725356_200622_2-3.jpg","type":"image\/jpeg"}],"author":"ktmin","twitter_card":"summary_large_image","twitter_creator":"@kt_gov","twitter_site":"@kt_gov","twitter_misc":{"Written by":"ktmin","Est. reading time":"4 minutes"},"schema":{"@context":"https:\/\/schema.org","@graph":[{"@type":"Article","@id":"https:\/\/kt.gov.rs\/sq\/eshte-kryer-ciklusi-i-trete-i-programit-te-praktikes-profesionale\/#article","isPartOf":{"@id":"https:\/\/kt.gov.rs\/sq\/eshte-kryer-ciklusi-i-trete-i-programit-te-praktikes-profesionale\/"},"author":{"name":"ktmin","@id":"https:\/\/kt.gov.rs\/#\/schema\/person\/e426459ddb4173309103390602694571"},"headline":"\u00cbSHT\u00cb KRYER CIKLUSI I TRET\u00cb I PROGRAMIT T\u00cb PRAKTIK\u00cbS PROFESIONALE","datePublished":"2022-06-20T00:00:00+00:00","dateModified":"2024-07-30T17:56:32+00:00","mainEntityOfPage":{"@id":"https:\/\/kt.gov.rs\/sq\/eshte-kryer-ciklusi-i-trete-i-programit-te-praktikes-profesionale\/"},"wordCount":935,"publisher":{"@id":"https:\/\/kt.gov.rs\/#organization"},"image":{"@id":"https:\/\/kt.gov.rs\/sq\/eshte-kryer-ciklusi-i-trete-i-programit-te-praktikes-profesionale\/#primaryimage"},"thumbnailUrl":"https:\/\/kt.gov.rs\/wp-content\/uploads\/2024\/07\/1655725356_200622_2-3.jpg","articleSection":["Lajme"],"inLanguage":"sq-AL"},{"@type":"WebPage","@id":"https:\/\/kt.gov.rs\/sq\/eshte-kryer-ciklusi-i-trete-i-programit-te-praktikes-profesionale\/","url":"https:\/\/kt.gov.rs\/sq\/eshte-kryer-ciklusi-i-trete-i-programit-te-praktikes-profesionale\/","name":"\u00cbSHT\u00cb KRYER CIKLUSI I TRET\u00cb I PROGRAMIT T\u00cb PRAKTIK\u00cbS PROFESIONALE - Republika e S\u00ebrbis\u00eb Trupi Koordinues p\u00ebr komunat Bujanoc, Preshev\u00eb dhe Medvegj\u00eb","isPartOf":{"@id":"https:\/\/kt.gov.rs\/#website"},"primaryImageOfPage":{"@id":"https:\/\/kt.gov.rs\/sq\/eshte-kryer-ciklusi-i-trete-i-programit-te-praktikes-profesionale\/#primaryimage"},"image":{"@id":"https:\/\/kt.gov.rs\/sq\/eshte-kryer-ciklusi-i-trete-i-programit-te-praktikes-profesionale\/#primaryimage"},"thumbnailUrl":"https:\/\/kt.gov.rs\/wp-content\/uploads\/2024\/07\/1655725356_200622_2-3.jpg","datePublished":"2022-06-20T00:00:00+00:00","dateModified":"2024-07-30T17:56:32+00:00","breadcrumb":{"@id":"https:\/\/kt.gov.rs\/sq\/eshte-kryer-ciklusi-i-trete-i-programit-te-praktikes-profesionale\/#breadcrumb"},"inLanguage":"sq-AL","potentialAction":[{"@type":"ReadAction","target":["https:\/\/kt.gov.rs\/sq\/eshte-kryer-ciklusi-i-trete-i-programit-te-praktikes-profesionale\/"]}]},{"@type":"ImageObject","inLanguage":"sq-AL","@id":"https:\/\/kt.gov.rs\/sq\/eshte-kryer-ciklusi-i-trete-i-programit-te-praktikes-profesionale\/#primaryimage","url":"https:\/\/kt.gov.rs\/wp-content\/uploads\/2024\/07\/1655725356_200622_2-3.jpg","contentUrl":"https:\/\/kt.gov.rs\/wp-content\/uploads\/2024\/07\/1655725356_200622_2-3.jpg","width":640,"height":360},{"@type":"BreadcrumbList","@id":"https:\/\/kt.gov.rs\/sq\/eshte-kryer-ciklusi-i-trete-i-programit-te-praktikes-profesionale\/#breadcrumb","itemListElement":[{"@type":"ListItem","position":1,"name":"\u041f\u043e\u0447\u0435\u0442\u043d\u0430","item":"https:\/\/kt.gov.rs\/sq\/"},{"@type":"ListItem","position":2,"name":"\u00cbSHT\u00cb KRYER CIKLUSI I TRET\u00cb I PROGRAMIT T\u00cb PRAKTIK\u00cbS PROFESIONALE"}]},{"@type":"WebSite","@id":"https:\/\/kt.gov.rs\/#website","url":"https:\/\/kt.gov.rs\/","name":"\u041a\u043e\u043e\u0440\u0434\u0438\u043d\u0430\u0446\u0438\u043e\u043d\u043e \u0442\u0435\u043b\u043e \u0412\u043b\u0430\u0434\u0435 \u0420\u0435\u043f\u0443\u0431\u043b\u0438\u043a\u0435 \u0421\u0440\u0431\u0438\u0458\u0435 \u0437\u0430 \u043e\u043f\u0448\u0442\u0438\u043d\u0435 \u041f\u0440\u0435\u0448\u0435\u0432\u043e, \u0411\u0443\u0458\u0430\u043d\u043e\u0432\u0430\u0446 \u0438 \u041c\u0435\u0434\u0432\u0435\u0452a","description":"","publisher":{"@id":"https:\/\/kt.gov.rs\/#organization"},"alternateName":"\u041a\u043e\u043e\u0440\u0434\u0438\u043d\u0430\u0446\u0438\u043e\u043d\u043e \u0442\u0435\u043b\u043e","potentialAction":[{"@type":"SearchAction","target":{"@type":"EntryPoint","urlTemplate":"https:\/\/kt.gov.rs\/?s={search_term_string}"},"query-input":{"@type":"PropertyValueSpecification","valueRequired":true,"valueName":"search_term_string"}}],"inLanguage":"sq-AL"},{"@type":"Organization","@id":"https:\/\/kt.gov.rs\/#organization","name":"\u041a\u043e\u043e\u0440\u0434\u0438\u043d\u0430\u0446\u0438\u043e\u043d\u043e \u0442\u0435\u043b\u043e \u0412\u043b\u0430\u0434\u0435 \u0420\u0435\u043f\u0443\u0431\u043b\u0438\u043a\u0435 \u0421\u0440\u0431\u0438\u0458\u0435 \u0437\u0430 \u043e\u043f\u0448\u0442\u0438\u043d\u0435 \u041f\u0440\u0435\u0448\u0435\u0432\u043e, \u0411\u0443\u0458\u0430\u043d\u043e\u0432\u0430\u0446 \u0438 \u041c\u0435\u0434\u0432\u0435\u0452a","alternateName":"\u041a\u043e\u043e\u0440\u0434\u0438\u043d\u0430\u0446\u0438\u043e\u043d\u043e \u0442\u0435\u043b\u043e","url":"https:\/\/kt.gov.rs\/","logo":{"@type":"ImageObject","inLanguage":"sq-AL","@id":"https:\/\/kt.gov.rs\/#\/schema\/logo\/image\/","url":"https:\/\/kt.gov.rs\/wp-content\/uploads\/2024\/12\/koord2.jpg","contentUrl":"https:\/\/kt.gov.rs\/wp-content\/uploads\/2024\/12\/koord2.jpg","width":640,"height":480,"caption":"\u041a\u043e\u043e\u0440\u0434\u0438\u043d\u0430\u0446\u0438\u043e\u043d\u043e \u0442\u0435\u043b\u043e \u0412\u043b\u0430\u0434\u0435 \u0420\u0435\u043f\u0443\u0431\u043b\u0438\u043a\u0435 \u0421\u0440\u0431\u0438\u0458\u0435 \u0437\u0430 \u043e\u043f\u0448\u0442\u0438\u043d\u0435 \u041f\u0440\u0435\u0448\u0435\u0432\u043e, \u0411\u0443\u0458\u0430\u043d\u043e\u0432\u0430\u0446 \u0438 \u041c\u0435\u0434\u0432\u0435\u0452a"},"image":{"@id":"https:\/\/kt.gov.rs\/#\/schema\/logo\/image\/"},"sameAs":["https:\/\/www.facebook.com\/SluzbaKoordinacionogTelaVladeRepublikeSrbije","https:\/\/x.com\/kt_gov","https:\/\/www.youtube.com\/@koordinacionotelo"]},{"@type":"Person","@id":"https:\/\/kt.gov.rs\/#\/schema\/person\/e426459ddb4173309103390602694571","name":"ktmin","image":{"@type":"ImageObject","inLanguage":"sq-AL","@id":"https:\/\/secure.gravatar.com\/avatar\/3985c961109853010c3fbc7ba30365bfba5db3dd6c525831d9c595c7525a615a?s=96&d=mm&r=g","url":"https:\/\/secure.gravatar.com\/avatar\/3985c961109853010c3fbc7ba30365bfba5db3dd6c525831d9c595c7525a615a?s=96&d=mm&r=g","contentUrl":"https:\/\/secure.gravatar.com\/avatar\/3985c961109853010c3fbc7ba30365bfba5db3dd6c525831d9c595c7525a615a?s=96&d=mm&r=g","caption":"ktmin"},"sameAs":["https:\/\/kt.gov.rs"],"url":"https:\/\/kt.gov.rs\/sq\/author\/ktmin\/"}]}},"_links":{"self":[{"href":"https:\/\/kt.gov.rs\/sq\/wp-json\/wp\/v2\/posts\/107415","targetHints":{"allow":["GET"]}}],"collection":[{"href":"https:\/\/kt.gov.rs\/sq\/wp-json\/wp\/v2\/posts"}],"about":[{"href":"https:\/\/kt.gov.rs\/sq\/wp-json\/wp\/v2\/types\/post"}],"author":[{"embeddable":true,"href":"https:\/\/kt.gov.rs\/sq\/wp-json\/wp\/v2\/users\/1"}],"replies":[{"embeddable":true,"href":"https:\/\/kt.gov.rs\/sq\/wp-json\/wp\/v2\/comments?post=107415"}],"version-history":[{"count":1,"href":"https:\/\/kt.gov.rs\/sq\/wp-json\/wp\/v2\/posts\/107415\/revisions"}],"predecessor-version":[{"id":107422,"href":"https:\/\/kt.gov.rs\/sq\/wp-json\/wp\/v2\/posts\/107415\/revisions\/107422"}],"wp:featuredmedia":[{"embeddable":true,"href":"https:\/\/kt.gov.rs\/sq\/wp-json\/wp\/v2\/media\/107423"}],"wp:attachment":[{"href":"https:\/\/kt.gov.rs\/sq\/wp-json\/wp\/v2\/media?parent=107415"}],"wp:term":[{"taxonomy":"category","embeddable":true,"href":"https:\/\/kt.gov.rs\/sq\/wp-json\/wp\/v2\/categories?post=107415"},{"taxonomy":"post_tag","embeddable":true,"href":"https:\/\/kt.gov.rs\/sq\/wp-json\/wp\/v2\/tags?post=107415"}],"curies":[{"name":"wp","href":"https:\/\/api.w.org\/{rel}","templated":true}]}}