{"id":107383,"date":"2022-06-21T00:00:00","date_gmt":"2022-06-21T00:00:00","guid":{"rendered":"http:\/\/kt.printandscreen.rs\/rinia-e-bujanocit-mirekuptim-dhe-empati-per-migrantet-a-jo-urrejtje\/"},"modified":"2024-07-30T17:56:28","modified_gmt":"2024-07-30T17:56:28","slug":"rinia-e-bujanocit-mirekuptim-dhe-empati-per-migrantet-a-jo-urrejtje","status":"publish","type":"post","link":"https:\/\/kt.gov.rs\/sq\/rinia-e-bujanocit-mirekuptim-dhe-empati-per-migrantet-a-jo-urrejtje\/","title":{"rendered":"RINIA E BUJANOCIT: MIR\u00cbKUPTIM DHE EMPATI P\u00cbR MIGRANT\u00cbT A JO URREJTJE"},"content":{"rendered":"<p>\n\t<strong><img decoding=\"async\" alt=\"\" src=\"https:\/\/kt.gov.rs\/wp-content\/uploads\/2024\/07\/1655807476_210622_1-2.jpg\" style=\"width: 315px; height: 230px; float: left;\" \/>Bujanoc \u2013 Beograd<\/strong> \u2013 Nx\u00ebn\u00ebsit e shkollave t\u00eb mesme t\u00eb Bujanocit &quot;Sveti Sava&quot; dhe &quot;Sezai Suroi&quot; sh\u00ebnuan Dit\u00ebn bot\u00ebrore t\u00eb Refugjat\u00ebve me nj\u00eb shfaqje n\u00eb sheshin e qytetit n\u00eb Bujanoc me q\u00ebllim t\u00eb zhvillimit t\u00eb empatis\u00eb dhe mir\u00ebkuptimit tek qytetar\u00ebt p\u00ebr gjendjen e refugjat\u00ebve.<\/p>\n<p>\n\t\u201cIdeja jon\u00eb ishte t\u00eb punonim s\u00eb bashku me nx\u00ebn\u00ebsit\u00a0 p\u00ebr t\u00eb rritur nd\u00ebrgjegj\u00ebsimin p\u00ebr problemin e ksenofobis\u00eb q\u00eb drejtohet kund\u00ebr refugjat\u00ebve. K\u00ebta jan\u00eb njer\u00ebz q\u00eb jan\u00eb detyruar t\u00eb largohen nga sht\u00ebpit\u00eb e tyre p\u00ebr shkak t\u00eb luft\u00ebrave dhe dhun\u00ebs. Jemi dakord q\u00eb nuk jemi nj\u00eb popull ksenofob, por duhet t\u00eb pyesim veten n\u00ebse v\u00ebrtet kemi nj\u00eb q\u00ebndrim tolerant ndaj refugjat\u00ebve apo jo\u201d, tha Jelena Rangjeloviq, profesoresh n\u00eb shkoll\u00ebn Sezai Surroi dhe koordinatore e projektit.<\/p>\n<p>\n\tAjo theksoi se aksioni u d\u00ebrgoi nj\u00eb ftes\u00eb bashk\u00ebqytetar\u00ebve q\u00eb t\u00eb mendojn\u00eb pak p\u00ebr refugjat\u00ebt dhe m\u00ebnyrat se si mund t\u00eb ndihmohen ata.<\/p>\n<p>\n\tRreth nj\u00ebzet gjimnazist\u00eb mor\u00ebn pjes\u00eb n\u00eb projektin \u201cN\u00eb atlete e tyre\u201d dhe d\u00ebrguan nj\u00eb mesazh p\u00ebr guximin e njer\u00ebzve q\u00eb u detyruan t\u00eb largoheshin nga sht\u00ebpit\u00eb e tyre.<\/p>\n<p>\n\tMesazhet e toleranc\u00ebs t\u00eb shkruara n\u00eb karta dhe tabela zbukuruan sheshin e qytetit dhe t\u00ebrhoq\u00ebn v\u00ebmendjen e qytetar\u00ebve kureshtar\u00eb.<\/p>\n<p>\n\t\u00a0\u201cNjer\u00ebzit q\u00eb detyrohen t\u00eb largohen nga sht\u00ebpit\u00eb e tyre duhet t\u00eb trajtohen me respekt dhe dinjitet dhe ndihma dhe p\u00ebrkrahja jon\u00eb \u00ebsht\u00eb e nevojshme p\u00ebr ta, sepse t\u00eb gjith\u00eb jemi nj\u00ebsoj, ata jan\u00eb fqinj\u00ebt tan\u00eb\u201d, thot\u00eb pjes\u00ebmarr\u00ebsja e projektit Blendina Hyseni.<\/p>\n<p>\n\tProjekti u zbatua me mb\u00ebshtetjen e Komisionerit t\u00eb Lart\u00eb t\u00eb Kombeve t\u00eb Bashkuara p\u00ebr Refugjat\u00eb (UNHCR), dhe sipas Ramiz Qerimit nga Presheva, asistent p\u00ebr mbrojtjen e refugjat\u00ebve n\u00eb komunitetin lokal, ngjarje t\u00eb tilla rrisin vet\u00ebdijen e qytetar\u00ebve p\u00ebr t\u00eb ndihmuar njer\u00ebzit q\u00eb nuk jan\u00eb m\u00eb t\u00eb sigurt n\u00eb vendet e tyre.<\/p>\n<p>\n\t\u00a0\u201cShteti i Serbis\u00eb \u00ebsht\u00eb nj\u00eb shembull i mir\u00eb i ndihm\u00ebs p\u00ebr refugjat\u00ebt. Nj\u00eb num\u00ebr i refugjat\u00ebve nga Ukraina jan\u00eb t\u00eb vendosur n\u00eb Vranj\u00eb dhe UNHCR-ja gjithmon\u00eb do t\u00eb mb\u00ebshtes\u00eb iniciativat qytetare dhe institucionet shtet\u00ebrore p\u00ebr t\u00eb p\u00ebrmbushur refugjat\u00ebt dhe nevojat e tyre\u201d, tha Qerimi.<\/p>\n<p>\n\tP\u00ebrve\u00e7 shkollave n\u00eb Bujanoc, projekti \u201cN\u00eb atletet e tyre\u201d po zbatohet edhe n\u00eb 13 shkolla t\u00eb tjera n\u00eb Serbi me mb\u00ebshtetjen e ministris\u00eb p\u00ebrkat\u00ebse.<\/p>\n<p>\n\tStephanie Krause, ushtruese detyre shefe e presidenc\u00ebs s\u00eb Komisionerit t\u00eb Lart\u00eb t\u00eb OKB-s\u00eb p\u00ebr Refugjat\u00ebt n\u00eb Serbi\u00a0 tha p\u00ebr\u00a0 RTS-in\u00a0 se 100 milion\u00eb njer\u00ebz u zhvendos\u00ebn me forc\u00eb dhe se ky ishte numri m\u00eb i madh i regjistruar ndonj\u00ebher\u00eb.<\/p>\n<p>\n\tDita Bot\u00ebrore e Refugjat\u00ebve \u00ebsht\u00eb nj\u00eb dit\u00eb nd\u00ebrkomb\u00ebtare e caktuar nga Kombet e Bashkuara p\u00ebr t\u00eb nderuar refugjat\u00ebt n\u00eb mbar\u00eb bot\u00ebn dhe u mbajt p\u00ebr her\u00eb t\u00eb par\u00eb globalisht m\u00eb 20 qershor 2001, p\u00ebr nder t\u00eb\u00a0 50 vjetorit t\u00eb Konvent\u00ebs s\u00eb lidhjes s\u00eb statusit t\u00eb Refugjat\u00ebve nga viti 1951.<\/p>\n<p>\n\t<strong>Burimi: Bujanovacke dhe Trupi koordinues<\/strong><\/p>\n<p>\n\t\u00a0<\/p>\n","protected":false},"excerpt":{"rendered":"<p>Bujanoc \u2013 Beograd\u00a0\u2013 Nx\u00ebn\u00ebsit e shkollave t\u00eb mesme t\u00eb Bujanocit &quot;Sveti Sava&quot; dhe &quot;Sezai Suroi&quot; sh\u00ebnuan Dit\u00ebn bot\u00ebrore t\u00eb Refugjat\u00ebve me nj\u00eb shfaqje n\u00eb sheshin e qytetit n\u00eb Bujanoc me q\u00ebllim t\u00eb zhvillimit t\u00eb empatis\u00eb dhe mir\u00ebkuptimit tek qytetar\u00ebt p\u00ebr gjendjen e refugjat\u00ebve.<\/p>\n","protected":false},"author":1,"featured_media":107388,"comment_status":"closed","ping_status":"closed","sticky":false,"template":"","format":"standard","meta":{"footnotes":""},"categories":[55],"tags":[],"class_list":["post-107383","post","type-post","status-publish","format-standard","has-post-thumbnail","hentry","category-lajme"],"yoast_head":"<!-- This site is optimized with the Yoast SEO plugin v27.5 - https:\/\/yoast.com\/product\/yoast-seo-wordpress\/ -->\n<title>RINIA E BUJANOCIT: MIR\u00cbKUPTIM DHE EMPATI P\u00cbR MIGRANT\u00cbT A JO URREJTJE - Republika e S\u00ebrbis\u00eb Trupi Koordinues p\u00ebr komunat Bujanoc, Preshev\u00eb dhe Medvegj\u00eb<\/title>\n<meta name=\"robots\" content=\"index, follow, max-snippet:-1, max-image-preview:large, max-video-preview:-1\" \/>\n<link rel=\"canonical\" href=\"https:\/\/kt.gov.rs\/sq\/rinia-e-bujanocit-mirekuptim-dhe-empati-per-migrantet-a-jo-urrejtje\/\" \/>\n<meta property=\"og:locale\" content=\"sq_AL\" \/>\n<meta property=\"og:type\" content=\"article\" \/>\n<meta property=\"og:title\" content=\"RINIA E BUJANOCIT: MIR\u00cbKUPTIM DHE EMPATI P\u00cbR MIGRANT\u00cbT A JO URREJTJE - Republika e S\u00ebrbis\u00eb Trupi Koordinues p\u00ebr komunat Bujanoc, Preshev\u00eb dhe Medvegj\u00eb\" \/>\n<meta property=\"og:description\" content=\"Bujanoc - Beograd\u00a0- Nx\u00ebn\u00ebsit e shkollave t\u00eb mesme t\u00eb Bujanocit &quot;Sveti Sava&quot; dhe &quot;Sezai Suroi&quot; sh\u00ebnuan Dit\u00ebn bot\u00ebrore t\u00eb Refugjat\u00ebve me nj\u00eb shfaqje n\u00eb sheshin e qytetit n\u00eb Bujanoc me q\u00ebllim t\u00eb zhvillimit t\u00eb empatis\u00eb dhe mir\u00ebkuptimit tek qytetar\u00ebt p\u00ebr gjendjen e refugjat\u00ebve.\" \/>\n<meta property=\"og:url\" content=\"https:\/\/kt.gov.rs\/sq\/rinia-e-bujanocit-mirekuptim-dhe-empati-per-migrantet-a-jo-urrejtje\/\" \/>\n<meta property=\"og:site_name\" content=\"Republika e S\u00ebrbis\u00eb Trupi Koordinues p\u00ebr komunat Bujanoc, Preshev\u00eb dhe Medvegj\u00eb\" \/>\n<meta property=\"article:publisher\" content=\"https:\/\/www.facebook.com\/SluzbaKoordinacionogTelaVladeRepublikeSrbije\" \/>\n<meta property=\"article:published_time\" content=\"2022-06-21T00:00:00+00:00\" \/>\n<meta property=\"article:modified_time\" content=\"2024-07-30T17:56:28+00:00\" \/>\n<meta property=\"og:image\" content=\"https:\/\/kt.gov.rs\/wp-content\/uploads\/2024\/07\/1655807476_210622_1-3.jpg\" \/>\n\t<meta property=\"og:image:width\" content=\"315\" \/>\n\t<meta property=\"og:image:height\" content=\"230\" \/>\n\t<meta property=\"og:image:type\" content=\"image\/jpeg\" \/>\n<meta name=\"author\" content=\"ktmin\" \/>\n<meta name=\"twitter:card\" content=\"summary_large_image\" \/>\n<meta name=\"twitter:creator\" content=\"@kt_gov\" \/>\n<meta name=\"twitter:site\" content=\"@kt_gov\" \/>\n<meta name=\"twitter:label1\" content=\"Written by\" \/>\n\t<meta name=\"twitter:data1\" content=\"ktmin\" \/>\n\t<meta name=\"twitter:label2\" content=\"Est. reading time\" \/>\n\t<meta name=\"twitter:data2\" content=\"4 minutes\" \/>\n<script type=\"application\/ld+json\" class=\"yoast-schema-graph\">{\"@context\":\"https:\\\/\\\/schema.org\",\"@graph\":[{\"@type\":\"Article\",\"@id\":\"https:\\\/\\\/kt.gov.rs\\\/sq\\\/rinia-e-bujanocit-mirekuptim-dhe-empati-per-migrantet-a-jo-urrejtje\\\/#article\",\"isPartOf\":{\"@id\":\"https:\\\/\\\/kt.gov.rs\\\/sq\\\/rinia-e-bujanocit-mirekuptim-dhe-empati-per-migrantet-a-jo-urrejtje\\\/\"},\"author\":{\"name\":\"ktmin\",\"@id\":\"https:\\\/\\\/kt.gov.rs\\\/#\\\/schema\\\/person\\\/e426459ddb4173309103390602694571\"},\"headline\":\"RINIA E BUJANOCIT: MIR\u00cbKUPTIM DHE EMPATI P\u00cbR MIGRANT\u00cbT A JO URREJTJE\",\"datePublished\":\"2022-06-21T00:00:00+00:00\",\"dateModified\":\"2024-07-30T17:56:28+00:00\",\"mainEntityOfPage\":{\"@id\":\"https:\\\/\\\/kt.gov.rs\\\/sq\\\/rinia-e-bujanocit-mirekuptim-dhe-empati-per-migrantet-a-jo-urrejtje\\\/\"},\"wordCount\":776,\"publisher\":{\"@id\":\"https:\\\/\\\/kt.gov.rs\\\/#organization\"},\"image\":{\"@id\":\"https:\\\/\\\/kt.gov.rs\\\/sq\\\/rinia-e-bujanocit-mirekuptim-dhe-empati-per-migrantet-a-jo-urrejtje\\\/#primaryimage\"},\"thumbnailUrl\":\"https:\\\/\\\/kt.gov.rs\\\/wp-content\\\/uploads\\\/2024\\\/07\\\/1655807476_210622_1-3.jpg\",\"articleSection\":[\"Lajme\"],\"inLanguage\":\"sq-AL\"},{\"@type\":\"WebPage\",\"@id\":\"https:\\\/\\\/kt.gov.rs\\\/sq\\\/rinia-e-bujanocit-mirekuptim-dhe-empati-per-migrantet-a-jo-urrejtje\\\/\",\"url\":\"https:\\\/\\\/kt.gov.rs\\\/sq\\\/rinia-e-bujanocit-mirekuptim-dhe-empati-per-migrantet-a-jo-urrejtje\\\/\",\"name\":\"RINIA E BUJANOCIT: MIR\u00cbKUPTIM DHE EMPATI P\u00cbR MIGRANT\u00cbT A JO URREJTJE - Republika e S\u00ebrbis\u00eb Trupi Koordinues p\u00ebr komunat Bujanoc, Preshev\u00eb dhe Medvegj\u00eb\",\"isPartOf\":{\"@id\":\"https:\\\/\\\/kt.gov.rs\\\/#website\"},\"primaryImageOfPage\":{\"@id\":\"https:\\\/\\\/kt.gov.rs\\\/sq\\\/rinia-e-bujanocit-mirekuptim-dhe-empati-per-migrantet-a-jo-urrejtje\\\/#primaryimage\"},\"image\":{\"@id\":\"https:\\\/\\\/kt.gov.rs\\\/sq\\\/rinia-e-bujanocit-mirekuptim-dhe-empati-per-migrantet-a-jo-urrejtje\\\/#primaryimage\"},\"thumbnailUrl\":\"https:\\\/\\\/kt.gov.rs\\\/wp-content\\\/uploads\\\/2024\\\/07\\\/1655807476_210622_1-3.jpg\",\"datePublished\":\"2022-06-21T00:00:00+00:00\",\"dateModified\":\"2024-07-30T17:56:28+00:00\",\"breadcrumb\":{\"@id\":\"https:\\\/\\\/kt.gov.rs\\\/sq\\\/rinia-e-bujanocit-mirekuptim-dhe-empati-per-migrantet-a-jo-urrejtje\\\/#breadcrumb\"},\"inLanguage\":\"sq-AL\",\"potentialAction\":[{\"@type\":\"ReadAction\",\"target\":[\"https:\\\/\\\/kt.gov.rs\\\/sq\\\/rinia-e-bujanocit-mirekuptim-dhe-empati-per-migrantet-a-jo-urrejtje\\\/\"]}]},{\"@type\":\"ImageObject\",\"inLanguage\":\"sq-AL\",\"@id\":\"https:\\\/\\\/kt.gov.rs\\\/sq\\\/rinia-e-bujanocit-mirekuptim-dhe-empati-per-migrantet-a-jo-urrejtje\\\/#primaryimage\",\"url\":\"https:\\\/\\\/kt.gov.rs\\\/wp-content\\\/uploads\\\/2024\\\/07\\\/1655807476_210622_1-3.jpg\",\"contentUrl\":\"https:\\\/\\\/kt.gov.rs\\\/wp-content\\\/uploads\\\/2024\\\/07\\\/1655807476_210622_1-3.jpg\",\"width\":315,\"height\":230},{\"@type\":\"BreadcrumbList\",\"@id\":\"https:\\\/\\\/kt.gov.rs\\\/sq\\\/rinia-e-bujanocit-mirekuptim-dhe-empati-per-migrantet-a-jo-urrejtje\\\/#breadcrumb\",\"itemListElement\":[{\"@type\":\"ListItem\",\"position\":1,\"name\":\"\u041f\u043e\u0447\u0435\u0442\u043d\u0430\",\"item\":\"https:\\\/\\\/kt.gov.rs\\\/sq\\\/\"},{\"@type\":\"ListItem\",\"position\":2,\"name\":\"RINIA E BUJANOCIT: MIR\u00cbKUPTIM DHE EMPATI P\u00cbR MIGRANT\u00cbT A JO URREJTJE\"}]},{\"@type\":\"WebSite\",\"@id\":\"https:\\\/\\\/kt.gov.rs\\\/#website\",\"url\":\"https:\\\/\\\/kt.gov.rs\\\/\",\"name\":\"\u041a\u043e\u043e\u0440\u0434\u0438\u043d\u0430\u0446\u0438\u043e\u043d\u043e \u0442\u0435\u043b\u043e \u0412\u043b\u0430\u0434\u0435 \u0420\u0435\u043f\u0443\u0431\u043b\u0438\u043a\u0435 \u0421\u0440\u0431\u0438\u0458\u0435 \u0437\u0430 \u043e\u043f\u0448\u0442\u0438\u043d\u0435 \u041f\u0440\u0435\u0448\u0435\u0432\u043e, \u0411\u0443\u0458\u0430\u043d\u043e\u0432\u0430\u0446 \u0438 \u041c\u0435\u0434\u0432\u0435\u0452a\",\"description\":\"\",\"publisher\":{\"@id\":\"https:\\\/\\\/kt.gov.rs\\\/#organization\"},\"alternateName\":\"\u041a\u043e\u043e\u0440\u0434\u0438\u043d\u0430\u0446\u0438\u043e\u043d\u043e \u0442\u0435\u043b\u043e\",\"potentialAction\":[{\"@type\":\"SearchAction\",\"target\":{\"@type\":\"EntryPoint\",\"urlTemplate\":\"https:\\\/\\\/kt.gov.rs\\\/?s={search_term_string}\"},\"query-input\":{\"@type\":\"PropertyValueSpecification\",\"valueRequired\":true,\"valueName\":\"search_term_string\"}}],\"inLanguage\":\"sq-AL\"},{\"@type\":\"Organization\",\"@id\":\"https:\\\/\\\/kt.gov.rs\\\/#organization\",\"name\":\"\u041a\u043e\u043e\u0440\u0434\u0438\u043d\u0430\u0446\u0438\u043e\u043d\u043e \u0442\u0435\u043b\u043e \u0412\u043b\u0430\u0434\u0435 \u0420\u0435\u043f\u0443\u0431\u043b\u0438\u043a\u0435 \u0421\u0440\u0431\u0438\u0458\u0435 \u0437\u0430 \u043e\u043f\u0448\u0442\u0438\u043d\u0435 \u041f\u0440\u0435\u0448\u0435\u0432\u043e, \u0411\u0443\u0458\u0430\u043d\u043e\u0432\u0430\u0446 \u0438 \u041c\u0435\u0434\u0432\u0435\u0452a\",\"alternateName\":\"\u041a\u043e\u043e\u0440\u0434\u0438\u043d\u0430\u0446\u0438\u043e\u043d\u043e \u0442\u0435\u043b\u043e\",\"url\":\"https:\\\/\\\/kt.gov.rs\\\/\",\"logo\":{\"@type\":\"ImageObject\",\"inLanguage\":\"sq-AL\",\"@id\":\"https:\\\/\\\/kt.gov.rs\\\/#\\\/schema\\\/logo\\\/image\\\/\",\"url\":\"https:\\\/\\\/kt.gov.rs\\\/wp-content\\\/uploads\\\/2024\\\/12\\\/koord2.jpg\",\"contentUrl\":\"https:\\\/\\\/kt.gov.rs\\\/wp-content\\\/uploads\\\/2024\\\/12\\\/koord2.jpg\",\"width\":640,\"height\":480,\"caption\":\"\u041a\u043e\u043e\u0440\u0434\u0438\u043d\u0430\u0446\u0438\u043e\u043d\u043e \u0442\u0435\u043b\u043e \u0412\u043b\u0430\u0434\u0435 \u0420\u0435\u043f\u0443\u0431\u043b\u0438\u043a\u0435 \u0421\u0440\u0431\u0438\u0458\u0435 \u0437\u0430 \u043e\u043f\u0448\u0442\u0438\u043d\u0435 \u041f\u0440\u0435\u0448\u0435\u0432\u043e, \u0411\u0443\u0458\u0430\u043d\u043e\u0432\u0430\u0446 \u0438 \u041c\u0435\u0434\u0432\u0435\u0452a\"},\"image\":{\"@id\":\"https:\\\/\\\/kt.gov.rs\\\/#\\\/schema\\\/logo\\\/image\\\/\"},\"sameAs\":[\"https:\\\/\\\/www.facebook.com\\\/SluzbaKoordinacionogTelaVladeRepublikeSrbije\",\"https:\\\/\\\/x.com\\\/kt_gov\",\"https:\\\/\\\/www.youtube.com\\\/@koordinacionotelo\"]},{\"@type\":\"Person\",\"@id\":\"https:\\\/\\\/kt.gov.rs\\\/#\\\/schema\\\/person\\\/e426459ddb4173309103390602694571\",\"name\":\"ktmin\",\"image\":{\"@type\":\"ImageObject\",\"inLanguage\":\"sq-AL\",\"@id\":\"https:\\\/\\\/secure.gravatar.com\\\/avatar\\\/3985c961109853010c3fbc7ba30365bfba5db3dd6c525831d9c595c7525a615a?s=96&d=mm&r=g\",\"url\":\"https:\\\/\\\/secure.gravatar.com\\\/avatar\\\/3985c961109853010c3fbc7ba30365bfba5db3dd6c525831d9c595c7525a615a?s=96&d=mm&r=g\",\"contentUrl\":\"https:\\\/\\\/secure.gravatar.com\\\/avatar\\\/3985c961109853010c3fbc7ba30365bfba5db3dd6c525831d9c595c7525a615a?s=96&d=mm&r=g\",\"caption\":\"ktmin\"},\"sameAs\":[\"https:\\\/\\\/kt.gov.rs\"],\"url\":\"https:\\\/\\\/kt.gov.rs\\\/sq\\\/author\\\/ktmin\\\/\"}]}<\/script>\n<!-- \/ Yoast SEO plugin. -->","yoast_head_json":{"title":"RINIA E BUJANOCIT: MIR\u00cbKUPTIM DHE EMPATI P\u00cbR MIGRANT\u00cbT A JO URREJTJE - Republika e S\u00ebrbis\u00eb Trupi Koordinues p\u00ebr komunat Bujanoc, Preshev\u00eb dhe Medvegj\u00eb","robots":{"index":"index","follow":"follow","max-snippet":"max-snippet:-1","max-image-preview":"max-image-preview:large","max-video-preview":"max-video-preview:-1"},"canonical":"https:\/\/kt.gov.rs\/sq\/rinia-e-bujanocit-mirekuptim-dhe-empati-per-migrantet-a-jo-urrejtje\/","og_locale":"sq_AL","og_type":"article","og_title":"RINIA E BUJANOCIT: MIR\u00cbKUPTIM DHE EMPATI P\u00cbR MIGRANT\u00cbT A JO URREJTJE - Republika e S\u00ebrbis\u00eb Trupi Koordinues p\u00ebr komunat Bujanoc, Preshev\u00eb dhe Medvegj\u00eb","og_description":"Bujanoc - Beograd\u00a0- Nx\u00ebn\u00ebsit e shkollave t\u00eb mesme t\u00eb Bujanocit &quot;Sveti Sava&quot; dhe &quot;Sezai Suroi&quot; sh\u00ebnuan Dit\u00ebn bot\u00ebrore t\u00eb Refugjat\u00ebve me nj\u00eb shfaqje n\u00eb sheshin e qytetit n\u00eb Bujanoc me q\u00ebllim t\u00eb zhvillimit t\u00eb empatis\u00eb dhe mir\u00ebkuptimit tek qytetar\u00ebt p\u00ebr gjendjen e refugjat\u00ebve.","og_url":"https:\/\/kt.gov.rs\/sq\/rinia-e-bujanocit-mirekuptim-dhe-empati-per-migrantet-a-jo-urrejtje\/","og_site_name":"Republika e S\u00ebrbis\u00eb Trupi Koordinues p\u00ebr komunat Bujanoc, Preshev\u00eb dhe Medvegj\u00eb","article_publisher":"https:\/\/www.facebook.com\/SluzbaKoordinacionogTelaVladeRepublikeSrbije","article_published_time":"2022-06-21T00:00:00+00:00","article_modified_time":"2024-07-30T17:56:28+00:00","og_image":[{"width":315,"height":230,"url":"https:\/\/kt.gov.rs\/wp-content\/uploads\/2024\/07\/1655807476_210622_1-3.jpg","type":"image\/jpeg"}],"author":"ktmin","twitter_card":"summary_large_image","twitter_creator":"@kt_gov","twitter_site":"@kt_gov","twitter_misc":{"Written by":"ktmin","Est. reading time":"4 minutes"},"schema":{"@context":"https:\/\/schema.org","@graph":[{"@type":"Article","@id":"https:\/\/kt.gov.rs\/sq\/rinia-e-bujanocit-mirekuptim-dhe-empati-per-migrantet-a-jo-urrejtje\/#article","isPartOf":{"@id":"https:\/\/kt.gov.rs\/sq\/rinia-e-bujanocit-mirekuptim-dhe-empati-per-migrantet-a-jo-urrejtje\/"},"author":{"name":"ktmin","@id":"https:\/\/kt.gov.rs\/#\/schema\/person\/e426459ddb4173309103390602694571"},"headline":"RINIA E BUJANOCIT: MIR\u00cbKUPTIM DHE EMPATI P\u00cbR MIGRANT\u00cbT A JO URREJTJE","datePublished":"2022-06-21T00:00:00+00:00","dateModified":"2024-07-30T17:56:28+00:00","mainEntityOfPage":{"@id":"https:\/\/kt.gov.rs\/sq\/rinia-e-bujanocit-mirekuptim-dhe-empati-per-migrantet-a-jo-urrejtje\/"},"wordCount":776,"publisher":{"@id":"https:\/\/kt.gov.rs\/#organization"},"image":{"@id":"https:\/\/kt.gov.rs\/sq\/rinia-e-bujanocit-mirekuptim-dhe-empati-per-migrantet-a-jo-urrejtje\/#primaryimage"},"thumbnailUrl":"https:\/\/kt.gov.rs\/wp-content\/uploads\/2024\/07\/1655807476_210622_1-3.jpg","articleSection":["Lajme"],"inLanguage":"sq-AL"},{"@type":"WebPage","@id":"https:\/\/kt.gov.rs\/sq\/rinia-e-bujanocit-mirekuptim-dhe-empati-per-migrantet-a-jo-urrejtje\/","url":"https:\/\/kt.gov.rs\/sq\/rinia-e-bujanocit-mirekuptim-dhe-empati-per-migrantet-a-jo-urrejtje\/","name":"RINIA E BUJANOCIT: MIR\u00cbKUPTIM DHE EMPATI P\u00cbR MIGRANT\u00cbT A JO URREJTJE - Republika e S\u00ebrbis\u00eb Trupi Koordinues p\u00ebr komunat Bujanoc, Preshev\u00eb dhe Medvegj\u00eb","isPartOf":{"@id":"https:\/\/kt.gov.rs\/#website"},"primaryImageOfPage":{"@id":"https:\/\/kt.gov.rs\/sq\/rinia-e-bujanocit-mirekuptim-dhe-empati-per-migrantet-a-jo-urrejtje\/#primaryimage"},"image":{"@id":"https:\/\/kt.gov.rs\/sq\/rinia-e-bujanocit-mirekuptim-dhe-empati-per-migrantet-a-jo-urrejtje\/#primaryimage"},"thumbnailUrl":"https:\/\/kt.gov.rs\/wp-content\/uploads\/2024\/07\/1655807476_210622_1-3.jpg","datePublished":"2022-06-21T00:00:00+00:00","dateModified":"2024-07-30T17:56:28+00:00","breadcrumb":{"@id":"https:\/\/kt.gov.rs\/sq\/rinia-e-bujanocit-mirekuptim-dhe-empati-per-migrantet-a-jo-urrejtje\/#breadcrumb"},"inLanguage":"sq-AL","potentialAction":[{"@type":"ReadAction","target":["https:\/\/kt.gov.rs\/sq\/rinia-e-bujanocit-mirekuptim-dhe-empati-per-migrantet-a-jo-urrejtje\/"]}]},{"@type":"ImageObject","inLanguage":"sq-AL","@id":"https:\/\/kt.gov.rs\/sq\/rinia-e-bujanocit-mirekuptim-dhe-empati-per-migrantet-a-jo-urrejtje\/#primaryimage","url":"https:\/\/kt.gov.rs\/wp-content\/uploads\/2024\/07\/1655807476_210622_1-3.jpg","contentUrl":"https:\/\/kt.gov.rs\/wp-content\/uploads\/2024\/07\/1655807476_210622_1-3.jpg","width":315,"height":230},{"@type":"BreadcrumbList","@id":"https:\/\/kt.gov.rs\/sq\/rinia-e-bujanocit-mirekuptim-dhe-empati-per-migrantet-a-jo-urrejtje\/#breadcrumb","itemListElement":[{"@type":"ListItem","position":1,"name":"\u041f\u043e\u0447\u0435\u0442\u043d\u0430","item":"https:\/\/kt.gov.rs\/sq\/"},{"@type":"ListItem","position":2,"name":"RINIA E BUJANOCIT: MIR\u00cbKUPTIM DHE EMPATI P\u00cbR MIGRANT\u00cbT A JO URREJTJE"}]},{"@type":"WebSite","@id":"https:\/\/kt.gov.rs\/#website","url":"https:\/\/kt.gov.rs\/","name":"\u041a\u043e\u043e\u0440\u0434\u0438\u043d\u0430\u0446\u0438\u043e\u043d\u043e \u0442\u0435\u043b\u043e \u0412\u043b\u0430\u0434\u0435 \u0420\u0435\u043f\u0443\u0431\u043b\u0438\u043a\u0435 \u0421\u0440\u0431\u0438\u0458\u0435 \u0437\u0430 \u043e\u043f\u0448\u0442\u0438\u043d\u0435 \u041f\u0440\u0435\u0448\u0435\u0432\u043e, \u0411\u0443\u0458\u0430\u043d\u043e\u0432\u0430\u0446 \u0438 \u041c\u0435\u0434\u0432\u0435\u0452a","description":"","publisher":{"@id":"https:\/\/kt.gov.rs\/#organization"},"alternateName":"\u041a\u043e\u043e\u0440\u0434\u0438\u043d\u0430\u0446\u0438\u043e\u043d\u043e \u0442\u0435\u043b\u043e","potentialAction":[{"@type":"SearchAction","target":{"@type":"EntryPoint","urlTemplate":"https:\/\/kt.gov.rs\/?s={search_term_string}"},"query-input":{"@type":"PropertyValueSpecification","valueRequired":true,"valueName":"search_term_string"}}],"inLanguage":"sq-AL"},{"@type":"Organization","@id":"https:\/\/kt.gov.rs\/#organization","name":"\u041a\u043e\u043e\u0440\u0434\u0438\u043d\u0430\u0446\u0438\u043e\u043d\u043e \u0442\u0435\u043b\u043e \u0412\u043b\u0430\u0434\u0435 \u0420\u0435\u043f\u0443\u0431\u043b\u0438\u043a\u0435 \u0421\u0440\u0431\u0438\u0458\u0435 \u0437\u0430 \u043e\u043f\u0448\u0442\u0438\u043d\u0435 \u041f\u0440\u0435\u0448\u0435\u0432\u043e, \u0411\u0443\u0458\u0430\u043d\u043e\u0432\u0430\u0446 \u0438 \u041c\u0435\u0434\u0432\u0435\u0452a","alternateName":"\u041a\u043e\u043e\u0440\u0434\u0438\u043d\u0430\u0446\u0438\u043e\u043d\u043e \u0442\u0435\u043b\u043e","url":"https:\/\/kt.gov.rs\/","logo":{"@type":"ImageObject","inLanguage":"sq-AL","@id":"https:\/\/kt.gov.rs\/#\/schema\/logo\/image\/","url":"https:\/\/kt.gov.rs\/wp-content\/uploads\/2024\/12\/koord2.jpg","contentUrl":"https:\/\/kt.gov.rs\/wp-content\/uploads\/2024\/12\/koord2.jpg","width":640,"height":480,"caption":"\u041a\u043e\u043e\u0440\u0434\u0438\u043d\u0430\u0446\u0438\u043e\u043d\u043e \u0442\u0435\u043b\u043e \u0412\u043b\u0430\u0434\u0435 \u0420\u0435\u043f\u0443\u0431\u043b\u0438\u043a\u0435 \u0421\u0440\u0431\u0438\u0458\u0435 \u0437\u0430 \u043e\u043f\u0448\u0442\u0438\u043d\u0435 \u041f\u0440\u0435\u0448\u0435\u0432\u043e, \u0411\u0443\u0458\u0430\u043d\u043e\u0432\u0430\u0446 \u0438 \u041c\u0435\u0434\u0432\u0435\u0452a"},"image":{"@id":"https:\/\/kt.gov.rs\/#\/schema\/logo\/image\/"},"sameAs":["https:\/\/www.facebook.com\/SluzbaKoordinacionogTelaVladeRepublikeSrbije","https:\/\/x.com\/kt_gov","https:\/\/www.youtube.com\/@koordinacionotelo"]},{"@type":"Person","@id":"https:\/\/kt.gov.rs\/#\/schema\/person\/e426459ddb4173309103390602694571","name":"ktmin","image":{"@type":"ImageObject","inLanguage":"sq-AL","@id":"https:\/\/secure.gravatar.com\/avatar\/3985c961109853010c3fbc7ba30365bfba5db3dd6c525831d9c595c7525a615a?s=96&d=mm&r=g","url":"https:\/\/secure.gravatar.com\/avatar\/3985c961109853010c3fbc7ba30365bfba5db3dd6c525831d9c595c7525a615a?s=96&d=mm&r=g","contentUrl":"https:\/\/secure.gravatar.com\/avatar\/3985c961109853010c3fbc7ba30365bfba5db3dd6c525831d9c595c7525a615a?s=96&d=mm&r=g","caption":"ktmin"},"sameAs":["https:\/\/kt.gov.rs"],"url":"https:\/\/kt.gov.rs\/sq\/author\/ktmin\/"}]}},"_links":{"self":[{"href":"https:\/\/kt.gov.rs\/sq\/wp-json\/wp\/v2\/posts\/107383","targetHints":{"allow":["GET"]}}],"collection":[{"href":"https:\/\/kt.gov.rs\/sq\/wp-json\/wp\/v2\/posts"}],"about":[{"href":"https:\/\/kt.gov.rs\/sq\/wp-json\/wp\/v2\/types\/post"}],"author":[{"embeddable":true,"href":"https:\/\/kt.gov.rs\/sq\/wp-json\/wp\/v2\/users\/1"}],"replies":[{"embeddable":true,"href":"https:\/\/kt.gov.rs\/sq\/wp-json\/wp\/v2\/comments?post=107383"}],"version-history":[{"count":1,"href":"https:\/\/kt.gov.rs\/sq\/wp-json\/wp\/v2\/posts\/107383\/revisions"}],"predecessor-version":[{"id":107387,"href":"https:\/\/kt.gov.rs\/sq\/wp-json\/wp\/v2\/posts\/107383\/revisions\/107387"}],"wp:featuredmedia":[{"embeddable":true,"href":"https:\/\/kt.gov.rs\/sq\/wp-json\/wp\/v2\/media\/107388"}],"wp:attachment":[{"href":"https:\/\/kt.gov.rs\/sq\/wp-json\/wp\/v2\/media?parent=107383"}],"wp:term":[{"taxonomy":"category","embeddable":true,"href":"https:\/\/kt.gov.rs\/sq\/wp-json\/wp\/v2\/categories?post=107383"},{"taxonomy":"post_tag","embeddable":true,"href":"https:\/\/kt.gov.rs\/sq\/wp-json\/wp\/v2\/tags?post=107383"}],"curies":[{"name":"wp","href":"https:\/\/api.w.org\/{rel}","templated":true}]}}