{"id":107375,"date":"2022-06-24T00:00:00","date_gmt":"2022-06-24T00:00:00","guid":{"rendered":"http:\/\/kt.printandscreen.rs\/ftese-publike-per-aplikimin-e-kandidateve-per-instruktore\/"},"modified":"2024-07-30T17:56:27","modified_gmt":"2024-07-30T17:56:27","slug":"ftese-publike-per-aplikimin-e-kandidateve-per-instruktore","status":"publish","type":"post","link":"https:\/\/kt.gov.rs\/sq\/ftese-publike-per-aplikimin-e-kandidateve-per-instruktore\/","title":{"rendered":"FTES\u00cb PUBLIKE P\u00cbR APLIKIMIN E KANDIDAT\u00cbVE P\u00cbR INSTRUKTOR\u00cb"},"content":{"rendered":"<p style=\"box-sizing: border-box; margin: 0px 0px 10px; color: rgb(51, 51, 51); font-family: &quot;Open Sans&quot;, sans-serif; font-size: 14px; text-align: justify;\">\n\t<span style=\"box-sizing: border-box; font-weight: 700;\"><img decoding=\"async\" alt=\"\" src=\"https:\/\/kt.gov.rs\/wp-content\/uploads\/2024\/07\/1656276326_240622_1-2.jpg\" style=\"width: 315px; height: 230px; float: left;\" \/><\/span><\/p>\n<p>\n\tEnti republikan p\u00ebr statistika hap Ftes\u00eb publike p\u00ebr t\u00eb gjith\u00eb kandidat\u00ebt e interesuar q\u00eb n\u00eb periudh\u00ebn prej <strong>24 qershor<\/strong> (nga ora 9.00) deri m\u00eb <strong>3 korrik, 2022 <\/strong>(deri n\u00eb ora 20.00) t\u00eb aplikojn\u00eb p\u00ebr pun\u00eb instruktori p\u00ebr nevoja t\u00eb realizimit t\u00eb <strong>Regjistrimit t\u00eb popullsis\u00eb, amvis\u00ebrive dhe banesave n\u00eb vitin 2022<\/strong>.<\/p>\n<p>\n\tKandidat\u00ebt e interesuar mund t\u00eb aplikojn\u00eb vet\u00ebm n\u00eb <strong>form\u00eb elektronike duke plot\u00ebsuar aplikacionin<\/strong> n\u00eb faqet e internetit n\u00eb Entin republikan p\u00ebr statistika <a href=\"http:\/\/www.stat.gov.rs\/\">www.stat.gov.rs<\/a> dhe <a href=\"http:\/\/www.popis2022.stat.gov.rs\/\">popis2022.stat.gov.rs<\/a><u>. <\/u><\/p>\n<p>\n\t<strong>Detyrat e instruktorit<\/strong><\/p>\n<p>\n\tInstruktor\u00ebt kan\u00eb obligim t\u00eb marrin pjes\u00eb n\u00eb trajnimin pes\u00ebditor, t\u00eb p\u00ebrvet\u00ebsojn\u00eb metodologjin\u00eb e Regjistrimit dhe pun\u00ebs n\u00eb aplikacionet p\u00ebr grumbullimin e t\u00eb dh\u00ebnave dhe monitoringut, t\u00eb realizojn\u00eb trajnimin pes\u00ebditor me kandidat\u00ebt p\u00ebr regjistrues dhe n\u00eb territorin p\u00ebr t\u00eb cilin jan\u00eb p\u00ebrgjegj\u00ebs t\u00eb p\u00ebrcjellin rrjedh\u00ebn e regjistrimit, t\u00eb kontrollojn\u00eb pun\u00ebn e regjistruesve t\u00eb cil\u00ebt iu jan\u00eb caktuar, ti japin udh\u00ebzimet e duhura dhe ti ndihmojn\u00eb n\u00eb pun\u00ebn dhe zgjidhjen e\u00a0 situatave problematike gjat\u00eb regjistrimit. N\u00eb fillim, nj\u00eb instruktor \u00ebsht\u00eb p\u00ebrgjegj\u00ebs p\u00ebr monitorimin e pun\u00ebs s\u00eb shtat\u00eb regjistruesve.\u00a0<\/p>\n<p>\n\t<strong>Periudha e angazhimit<\/strong><\/p>\n<p>\n\tnga 23 gusht deri m\u00eb 31 tetor, 2022<\/p>\n<p>\n\t<u>V\u00ebrejtje:<\/u> gjat\u00eb koh\u00ebs s\u00eb trajnimit t\u00eb kandidat\u00ebve p\u00ebr regjistrues, t\u00eb p\u00ebrgatiten p\u00ebr pun\u00eb n\u00eb terren dhe gjat\u00eb realizimit t\u00eb Regjistrimit n\u00eb terren, caktimi i orarit t\u00eb pun\u00ebs b\u00ebhet n\u00eb p\u00ebrputhje me Planin e aktiviteteve dhe mund t\u00eb p\u00ebrfshij\u00eb edhe pun\u00eb gjat\u00eb vikendit.\u00a0<\/p>\n<p>\n\t<strong>Kushtet e p\u00ebrgjithshme t\u00eb cilat duhet ti plot\u00ebsoj\u00eb kandidati: <\/strong><\/p>\n<ul>\n<li>\n\t\tt\u00eb ket\u00eb shtet\u00ebsi t\u00eb Republik\u00ebs s\u00eb Serbis\u00eb;<\/li>\n<li>\n\t\tvendbanim ose vendq\u00ebndrim t\u00eb paraqitur n\u00eb Republik\u00ebn e Serbis\u00eb;<\/li>\n<li>\n\t\tt\u00eb ket\u00eb mbushur s\u00eb paku 18 vje\u00e7 n\u00eb momentin e plot\u00ebsimit t\u00eb aplikacionit;<\/li>\n<li>\n\t\tt\u00eb ket\u00eb mbaruar t\u00eb pakt\u00ebn shkoll\u00ebn e mesme kat\u00ebrvje\u00e7are;<\/li>\n<li>\n\t\tt\u00eb mos jet\u00eb d\u00ebnuar me burg prej m\u00eb s\u00eb paku gjasht\u00eb muaj, ndaj kandidatit t\u00eb mos jet\u00eb inicuar ndonj\u00eb hetim dhe kund\u00ebr kandidatit t\u00eb mos jet\u00eb inicuar procedim penal.\u00a0<\/li>\n<\/ul>\n<p>\n\t<strong>Kushtet e posa\u00e7me t\u00eb cilat duhet ti plot\u00ebsoj\u00eb kandidati:<\/strong><\/p>\n<ul>\n<li>\n\t\tt\u00eb posedoj\u00eb aft\u00ebsi pune n\u00eb kompjuter (MS Office, internet) \u2013 parashikohet testimi i kandidat\u00ebve;<\/li>\n<li>\n\t\tt\u00eb ket\u00eb mund\u00ebsi p\u00ebrdorimi t\u00eb kompjuterit t\u00eb vet dhe t\u00eb ket\u00eb qasje n\u00eb internet gjat\u00eb periudh\u00ebs s\u00eb angazhimit.<\/li>\n<\/ul>\n<p>\n\tMe kandidat\u00ebt e p\u00ebrzgjedhur lidhet:<\/p>\n<ul>\n<li>\n\t\t<strong>Kontrat\u00eb p\u00ebr pun\u00eb t\u00eb p\u00ebrkohshme dhe t\u00eb koh\u00ebpaskohshme<\/strong> (personat e papun\u00ebsuar, personat e pun\u00ebsuar me koh\u00eb pune t\u00eb pjesshme, pensioner\u00eb pleq\u00ebrie) ose<\/li>\n<li>\n\t\t<strong>Kontrat\u00eb p\u00ebr pun\u00eb plot\u00ebsuese <\/strong>(personat e pun\u00ebsuar me koh\u00eb pune t\u00eb plot\u00eb tek pun\u00ebdh\u00ebn\u00ebsi tjet\u00ebr, respektivisht pun\u00ebdh\u00ebn\u00ebsi i t\u00eb cilit <u>nuk \u00ebsht\u00eb<\/u> Republika e Serbis\u00eb).<\/li>\n<\/ul>\n<p>\n\t<strong>SH\u00cbNIM I R\u00cbND\u00cbSISH\u00cbM: <\/strong>Enti nuk mban\u00eb p\u00ebrgjegj\u00ebsi p\u00ebr humbjen eventuale t\u00eb s\u00eb drejt\u00ebs s\u00eb pun\u00ebsimit q\u00eb mund t\u00eb ndodh\u00eb p\u00ebr shkak t\u00eb ndryshimeve n\u00eb statusin e tyre t\u00eb pun\u00ebsimit dhe p\u00ebrfitimet e pun\u00ebsimit (p.sh.: pezullimi i pages\u00ebs s\u00eb pensionit familjar, kompensimi p\u00ebr raste papun\u00ebsie, etj.).<\/p>\n<p>\n\t\u00a0<\/p>\n","protected":false},"excerpt":{"rendered":"<p>Enti republikan p\u00ebr statistika hap Ftes\u00eb publike p\u00ebr t\u00eb gjith\u00eb kandidat\u00ebt e interesuar q\u00eb n\u00eb periudh\u00ebn prej\u00a024 qershor\u00a0(nga ora 9.00) deri m\u00eb\u00a03 korrik, 2022\u00a0(deri n\u00eb ora 20.00) t\u00eb aplikojn\u00eb p\u00ebr pun\u00eb instruktori p\u00ebr nevoja t\u00eb realizimit t\u00eb\u00a0Regjistrimit t\u00eb popullsis\u00eb, amvis\u00ebrive dhe banesave n\u00eb vitin 2022.<\/p>\n","protected":false},"author":1,"featured_media":107380,"comment_status":"closed","ping_status":"closed","sticky":false,"template":"","format":"standard","meta":{"footnotes":""},"categories":[55],"tags":[],"class_list":["post-107375","post","type-post","status-publish","format-standard","has-post-thumbnail","hentry","category-lajme"],"yoast_head":"<!-- This site is optimized with the Yoast SEO plugin v27.5 - https:\/\/yoast.com\/product\/yoast-seo-wordpress\/ -->\n<title>FTES\u00cb PUBLIKE P\u00cbR APLIKIMIN E KANDIDAT\u00cbVE P\u00cbR INSTRUKTOR\u00cb - Republika e S\u00ebrbis\u00eb Trupi Koordinues p\u00ebr komunat Bujanoc, Preshev\u00eb dhe Medvegj\u00eb<\/title>\n<meta name=\"robots\" content=\"index, follow, max-snippet:-1, max-image-preview:large, max-video-preview:-1\" \/>\n<link rel=\"canonical\" href=\"https:\/\/kt.gov.rs\/sq\/ftese-publike-per-aplikimin-e-kandidateve-per-instruktore\/\" \/>\n<meta property=\"og:locale\" content=\"sq_AL\" \/>\n<meta property=\"og:type\" content=\"article\" \/>\n<meta property=\"og:title\" content=\"FTES\u00cb PUBLIKE P\u00cbR APLIKIMIN E KANDIDAT\u00cbVE P\u00cbR INSTRUKTOR\u00cb - Republika e S\u00ebrbis\u00eb Trupi Koordinues p\u00ebr komunat Bujanoc, Preshev\u00eb dhe Medvegj\u00eb\" \/>\n<meta property=\"og:description\" content=\"Enti republikan p\u00ebr statistika hap Ftes\u00eb publike p\u00ebr t\u00eb gjith\u00eb kandidat\u00ebt e interesuar q\u00eb n\u00eb periudh\u00ebn prej\u00a024 qershor\u00a0(nga ora 9.00) deri m\u00eb\u00a03 korrik, 2022\u00a0(deri n\u00eb ora 20.00) t\u00eb aplikojn\u00eb p\u00ebr pun\u00eb instruktori p\u00ebr nevoja t\u00eb realizimit t\u00eb\u00a0Regjistrimit t\u00eb popullsis\u00eb, amvis\u00ebrive dhe banesave n\u00eb vitin 2022.\" \/>\n<meta property=\"og:url\" content=\"https:\/\/kt.gov.rs\/sq\/ftese-publike-per-aplikimin-e-kandidateve-per-instruktore\/\" \/>\n<meta property=\"og:site_name\" content=\"Republika e S\u00ebrbis\u00eb Trupi Koordinues p\u00ebr komunat Bujanoc, Preshev\u00eb dhe Medvegj\u00eb\" \/>\n<meta property=\"article:publisher\" content=\"https:\/\/www.facebook.com\/SluzbaKoordinacionogTelaVladeRepublikeSrbije\" \/>\n<meta property=\"article:published_time\" content=\"2022-06-24T00:00:00+00:00\" \/>\n<meta property=\"article:modified_time\" content=\"2024-07-30T17:56:27+00:00\" \/>\n<meta property=\"og:image\" content=\"https:\/\/kt.gov.rs\/wp-content\/uploads\/2024\/07\/1656276326_240622_1-3.jpg\" \/>\n\t<meta property=\"og:image:width\" content=\"315\" \/>\n\t<meta property=\"og:image:height\" content=\"230\" \/>\n\t<meta property=\"og:image:type\" content=\"image\/jpeg\" \/>\n<meta name=\"author\" content=\"ktmin\" \/>\n<meta name=\"twitter:card\" content=\"summary_large_image\" \/>\n<meta name=\"twitter:creator\" content=\"@kt_gov\" \/>\n<meta name=\"twitter:site\" content=\"@kt_gov\" \/>\n<meta name=\"twitter:label1\" content=\"Written by\" \/>\n\t<meta name=\"twitter:data1\" content=\"ktmin\" \/>\n\t<meta name=\"twitter:label2\" content=\"Est. reading time\" \/>\n\t<meta name=\"twitter:data2\" content=\"4 minutes\" \/>\n<script type=\"application\/ld+json\" class=\"yoast-schema-graph\">{\"@context\":\"https:\\\/\\\/schema.org\",\"@graph\":[{\"@type\":\"Article\",\"@id\":\"https:\\\/\\\/kt.gov.rs\\\/sq\\\/ftese-publike-per-aplikimin-e-kandidateve-per-instruktore\\\/#article\",\"isPartOf\":{\"@id\":\"https:\\\/\\\/kt.gov.rs\\\/sq\\\/ftese-publike-per-aplikimin-e-kandidateve-per-instruktore\\\/\"},\"author\":{\"name\":\"ktmin\",\"@id\":\"https:\\\/\\\/kt.gov.rs\\\/#\\\/schema\\\/person\\\/e426459ddb4173309103390602694571\"},\"headline\":\"FTES\u00cb PUBLIKE P\u00cbR APLIKIMIN E KANDIDAT\u00cbVE P\u00cbR INSTRUKTOR\u00cb\",\"datePublished\":\"2022-06-24T00:00:00+00:00\",\"dateModified\":\"2024-07-30T17:56:27+00:00\",\"mainEntityOfPage\":{\"@id\":\"https:\\\/\\\/kt.gov.rs\\\/sq\\\/ftese-publike-per-aplikimin-e-kandidateve-per-instruktore\\\/\"},\"wordCount\":775,\"publisher\":{\"@id\":\"https:\\\/\\\/kt.gov.rs\\\/#organization\"},\"image\":{\"@id\":\"https:\\\/\\\/kt.gov.rs\\\/sq\\\/ftese-publike-per-aplikimin-e-kandidateve-per-instruktore\\\/#primaryimage\"},\"thumbnailUrl\":\"https:\\\/\\\/kt.gov.rs\\\/wp-content\\\/uploads\\\/2024\\\/07\\\/1656276326_240622_1-3.jpg\",\"articleSection\":[\"Lajme\"],\"inLanguage\":\"sq-AL\"},{\"@type\":\"WebPage\",\"@id\":\"https:\\\/\\\/kt.gov.rs\\\/sq\\\/ftese-publike-per-aplikimin-e-kandidateve-per-instruktore\\\/\",\"url\":\"https:\\\/\\\/kt.gov.rs\\\/sq\\\/ftese-publike-per-aplikimin-e-kandidateve-per-instruktore\\\/\",\"name\":\"FTES\u00cb PUBLIKE P\u00cbR APLIKIMIN E KANDIDAT\u00cbVE P\u00cbR INSTRUKTOR\u00cb - Republika e S\u00ebrbis\u00eb Trupi Koordinues p\u00ebr komunat Bujanoc, Preshev\u00eb dhe Medvegj\u00eb\",\"isPartOf\":{\"@id\":\"https:\\\/\\\/kt.gov.rs\\\/#website\"},\"primaryImageOfPage\":{\"@id\":\"https:\\\/\\\/kt.gov.rs\\\/sq\\\/ftese-publike-per-aplikimin-e-kandidateve-per-instruktore\\\/#primaryimage\"},\"image\":{\"@id\":\"https:\\\/\\\/kt.gov.rs\\\/sq\\\/ftese-publike-per-aplikimin-e-kandidateve-per-instruktore\\\/#primaryimage\"},\"thumbnailUrl\":\"https:\\\/\\\/kt.gov.rs\\\/wp-content\\\/uploads\\\/2024\\\/07\\\/1656276326_240622_1-3.jpg\",\"datePublished\":\"2022-06-24T00:00:00+00:00\",\"dateModified\":\"2024-07-30T17:56:27+00:00\",\"breadcrumb\":{\"@id\":\"https:\\\/\\\/kt.gov.rs\\\/sq\\\/ftese-publike-per-aplikimin-e-kandidateve-per-instruktore\\\/#breadcrumb\"},\"inLanguage\":\"sq-AL\",\"potentialAction\":[{\"@type\":\"ReadAction\",\"target\":[\"https:\\\/\\\/kt.gov.rs\\\/sq\\\/ftese-publike-per-aplikimin-e-kandidateve-per-instruktore\\\/\"]}]},{\"@type\":\"ImageObject\",\"inLanguage\":\"sq-AL\",\"@id\":\"https:\\\/\\\/kt.gov.rs\\\/sq\\\/ftese-publike-per-aplikimin-e-kandidateve-per-instruktore\\\/#primaryimage\",\"url\":\"https:\\\/\\\/kt.gov.rs\\\/wp-content\\\/uploads\\\/2024\\\/07\\\/1656276326_240622_1-3.jpg\",\"contentUrl\":\"https:\\\/\\\/kt.gov.rs\\\/wp-content\\\/uploads\\\/2024\\\/07\\\/1656276326_240622_1-3.jpg\",\"width\":315,\"height\":230},{\"@type\":\"BreadcrumbList\",\"@id\":\"https:\\\/\\\/kt.gov.rs\\\/sq\\\/ftese-publike-per-aplikimin-e-kandidateve-per-instruktore\\\/#breadcrumb\",\"itemListElement\":[{\"@type\":\"ListItem\",\"position\":1,\"name\":\"\u041f\u043e\u0447\u0435\u0442\u043d\u0430\",\"item\":\"https:\\\/\\\/kt.gov.rs\\\/sq\\\/\"},{\"@type\":\"ListItem\",\"position\":2,\"name\":\"FTES\u00cb PUBLIKE P\u00cbR APLIKIMIN E KANDIDAT\u00cbVE P\u00cbR INSTRUKTOR\u00cb\"}]},{\"@type\":\"WebSite\",\"@id\":\"https:\\\/\\\/kt.gov.rs\\\/#website\",\"url\":\"https:\\\/\\\/kt.gov.rs\\\/\",\"name\":\"\u041a\u043e\u043e\u0440\u0434\u0438\u043d\u0430\u0446\u0438\u043e\u043d\u043e \u0442\u0435\u043b\u043e \u0412\u043b\u0430\u0434\u0435 \u0420\u0435\u043f\u0443\u0431\u043b\u0438\u043a\u0435 \u0421\u0440\u0431\u0438\u0458\u0435 \u0437\u0430 \u043e\u043f\u0448\u0442\u0438\u043d\u0435 \u041f\u0440\u0435\u0448\u0435\u0432\u043e, \u0411\u0443\u0458\u0430\u043d\u043e\u0432\u0430\u0446 \u0438 \u041c\u0435\u0434\u0432\u0435\u0452a\",\"description\":\"\",\"publisher\":{\"@id\":\"https:\\\/\\\/kt.gov.rs\\\/#organization\"},\"alternateName\":\"\u041a\u043e\u043e\u0440\u0434\u0438\u043d\u0430\u0446\u0438\u043e\u043d\u043e \u0442\u0435\u043b\u043e\",\"potentialAction\":[{\"@type\":\"SearchAction\",\"target\":{\"@type\":\"EntryPoint\",\"urlTemplate\":\"https:\\\/\\\/kt.gov.rs\\\/?s={search_term_string}\"},\"query-input\":{\"@type\":\"PropertyValueSpecification\",\"valueRequired\":true,\"valueName\":\"search_term_string\"}}],\"inLanguage\":\"sq-AL\"},{\"@type\":\"Organization\",\"@id\":\"https:\\\/\\\/kt.gov.rs\\\/#organization\",\"name\":\"\u041a\u043e\u043e\u0440\u0434\u0438\u043d\u0430\u0446\u0438\u043e\u043d\u043e \u0442\u0435\u043b\u043e \u0412\u043b\u0430\u0434\u0435 \u0420\u0435\u043f\u0443\u0431\u043b\u0438\u043a\u0435 \u0421\u0440\u0431\u0438\u0458\u0435 \u0437\u0430 \u043e\u043f\u0448\u0442\u0438\u043d\u0435 \u041f\u0440\u0435\u0448\u0435\u0432\u043e, \u0411\u0443\u0458\u0430\u043d\u043e\u0432\u0430\u0446 \u0438 \u041c\u0435\u0434\u0432\u0435\u0452a\",\"alternateName\":\"\u041a\u043e\u043e\u0440\u0434\u0438\u043d\u0430\u0446\u0438\u043e\u043d\u043e \u0442\u0435\u043b\u043e\",\"url\":\"https:\\\/\\\/kt.gov.rs\\\/\",\"logo\":{\"@type\":\"ImageObject\",\"inLanguage\":\"sq-AL\",\"@id\":\"https:\\\/\\\/kt.gov.rs\\\/#\\\/schema\\\/logo\\\/image\\\/\",\"url\":\"https:\\\/\\\/kt.gov.rs\\\/wp-content\\\/uploads\\\/2024\\\/12\\\/koord2.jpg\",\"contentUrl\":\"https:\\\/\\\/kt.gov.rs\\\/wp-content\\\/uploads\\\/2024\\\/12\\\/koord2.jpg\",\"width\":640,\"height\":480,\"caption\":\"\u041a\u043e\u043e\u0440\u0434\u0438\u043d\u0430\u0446\u0438\u043e\u043d\u043e \u0442\u0435\u043b\u043e \u0412\u043b\u0430\u0434\u0435 \u0420\u0435\u043f\u0443\u0431\u043b\u0438\u043a\u0435 \u0421\u0440\u0431\u0438\u0458\u0435 \u0437\u0430 \u043e\u043f\u0448\u0442\u0438\u043d\u0435 \u041f\u0440\u0435\u0448\u0435\u0432\u043e, \u0411\u0443\u0458\u0430\u043d\u043e\u0432\u0430\u0446 \u0438 \u041c\u0435\u0434\u0432\u0435\u0452a\"},\"image\":{\"@id\":\"https:\\\/\\\/kt.gov.rs\\\/#\\\/schema\\\/logo\\\/image\\\/\"},\"sameAs\":[\"https:\\\/\\\/www.facebook.com\\\/SluzbaKoordinacionogTelaVladeRepublikeSrbije\",\"https:\\\/\\\/x.com\\\/kt_gov\",\"https:\\\/\\\/www.youtube.com\\\/@koordinacionotelo\"]},{\"@type\":\"Person\",\"@id\":\"https:\\\/\\\/kt.gov.rs\\\/#\\\/schema\\\/person\\\/e426459ddb4173309103390602694571\",\"name\":\"ktmin\",\"image\":{\"@type\":\"ImageObject\",\"inLanguage\":\"sq-AL\",\"@id\":\"https:\\\/\\\/secure.gravatar.com\\\/avatar\\\/3985c961109853010c3fbc7ba30365bfba5db3dd6c525831d9c595c7525a615a?s=96&d=mm&r=g\",\"url\":\"https:\\\/\\\/secure.gravatar.com\\\/avatar\\\/3985c961109853010c3fbc7ba30365bfba5db3dd6c525831d9c595c7525a615a?s=96&d=mm&r=g\",\"contentUrl\":\"https:\\\/\\\/secure.gravatar.com\\\/avatar\\\/3985c961109853010c3fbc7ba30365bfba5db3dd6c525831d9c595c7525a615a?s=96&d=mm&r=g\",\"caption\":\"ktmin\"},\"sameAs\":[\"https:\\\/\\\/kt.gov.rs\"],\"url\":\"https:\\\/\\\/kt.gov.rs\\\/sq\\\/author\\\/ktmin\\\/\"}]}<\/script>\n<!-- \/ Yoast SEO plugin. -->","yoast_head_json":{"title":"FTES\u00cb PUBLIKE P\u00cbR APLIKIMIN E KANDIDAT\u00cbVE P\u00cbR INSTRUKTOR\u00cb - Republika e S\u00ebrbis\u00eb Trupi Koordinues p\u00ebr komunat Bujanoc, Preshev\u00eb dhe Medvegj\u00eb","robots":{"index":"index","follow":"follow","max-snippet":"max-snippet:-1","max-image-preview":"max-image-preview:large","max-video-preview":"max-video-preview:-1"},"canonical":"https:\/\/kt.gov.rs\/sq\/ftese-publike-per-aplikimin-e-kandidateve-per-instruktore\/","og_locale":"sq_AL","og_type":"article","og_title":"FTES\u00cb PUBLIKE P\u00cbR APLIKIMIN E KANDIDAT\u00cbVE P\u00cbR INSTRUKTOR\u00cb - Republika e S\u00ebrbis\u00eb Trupi Koordinues p\u00ebr komunat Bujanoc, Preshev\u00eb dhe Medvegj\u00eb","og_description":"Enti republikan p\u00ebr statistika hap Ftes\u00eb publike p\u00ebr t\u00eb gjith\u00eb kandidat\u00ebt e interesuar q\u00eb n\u00eb periudh\u00ebn prej\u00a024 qershor\u00a0(nga ora 9.00) deri m\u00eb\u00a03 korrik, 2022\u00a0(deri n\u00eb ora 20.00) t\u00eb aplikojn\u00eb p\u00ebr pun\u00eb instruktori p\u00ebr nevoja t\u00eb realizimit t\u00eb\u00a0Regjistrimit t\u00eb popullsis\u00eb, amvis\u00ebrive dhe banesave n\u00eb vitin 2022.","og_url":"https:\/\/kt.gov.rs\/sq\/ftese-publike-per-aplikimin-e-kandidateve-per-instruktore\/","og_site_name":"Republika e S\u00ebrbis\u00eb Trupi Koordinues p\u00ebr komunat Bujanoc, Preshev\u00eb dhe Medvegj\u00eb","article_publisher":"https:\/\/www.facebook.com\/SluzbaKoordinacionogTelaVladeRepublikeSrbije","article_published_time":"2022-06-24T00:00:00+00:00","article_modified_time":"2024-07-30T17:56:27+00:00","og_image":[{"width":315,"height":230,"url":"https:\/\/kt.gov.rs\/wp-content\/uploads\/2024\/07\/1656276326_240622_1-3.jpg","type":"image\/jpeg"}],"author":"ktmin","twitter_card":"summary_large_image","twitter_creator":"@kt_gov","twitter_site":"@kt_gov","twitter_misc":{"Written by":"ktmin","Est. reading time":"4 minutes"},"schema":{"@context":"https:\/\/schema.org","@graph":[{"@type":"Article","@id":"https:\/\/kt.gov.rs\/sq\/ftese-publike-per-aplikimin-e-kandidateve-per-instruktore\/#article","isPartOf":{"@id":"https:\/\/kt.gov.rs\/sq\/ftese-publike-per-aplikimin-e-kandidateve-per-instruktore\/"},"author":{"name":"ktmin","@id":"https:\/\/kt.gov.rs\/#\/schema\/person\/e426459ddb4173309103390602694571"},"headline":"FTES\u00cb PUBLIKE P\u00cbR APLIKIMIN E KANDIDAT\u00cbVE P\u00cbR INSTRUKTOR\u00cb","datePublished":"2022-06-24T00:00:00+00:00","dateModified":"2024-07-30T17:56:27+00:00","mainEntityOfPage":{"@id":"https:\/\/kt.gov.rs\/sq\/ftese-publike-per-aplikimin-e-kandidateve-per-instruktore\/"},"wordCount":775,"publisher":{"@id":"https:\/\/kt.gov.rs\/#organization"},"image":{"@id":"https:\/\/kt.gov.rs\/sq\/ftese-publike-per-aplikimin-e-kandidateve-per-instruktore\/#primaryimage"},"thumbnailUrl":"https:\/\/kt.gov.rs\/wp-content\/uploads\/2024\/07\/1656276326_240622_1-3.jpg","articleSection":["Lajme"],"inLanguage":"sq-AL"},{"@type":"WebPage","@id":"https:\/\/kt.gov.rs\/sq\/ftese-publike-per-aplikimin-e-kandidateve-per-instruktore\/","url":"https:\/\/kt.gov.rs\/sq\/ftese-publike-per-aplikimin-e-kandidateve-per-instruktore\/","name":"FTES\u00cb PUBLIKE P\u00cbR APLIKIMIN E KANDIDAT\u00cbVE P\u00cbR INSTRUKTOR\u00cb - Republika e S\u00ebrbis\u00eb Trupi Koordinues p\u00ebr komunat Bujanoc, Preshev\u00eb dhe Medvegj\u00eb","isPartOf":{"@id":"https:\/\/kt.gov.rs\/#website"},"primaryImageOfPage":{"@id":"https:\/\/kt.gov.rs\/sq\/ftese-publike-per-aplikimin-e-kandidateve-per-instruktore\/#primaryimage"},"image":{"@id":"https:\/\/kt.gov.rs\/sq\/ftese-publike-per-aplikimin-e-kandidateve-per-instruktore\/#primaryimage"},"thumbnailUrl":"https:\/\/kt.gov.rs\/wp-content\/uploads\/2024\/07\/1656276326_240622_1-3.jpg","datePublished":"2022-06-24T00:00:00+00:00","dateModified":"2024-07-30T17:56:27+00:00","breadcrumb":{"@id":"https:\/\/kt.gov.rs\/sq\/ftese-publike-per-aplikimin-e-kandidateve-per-instruktore\/#breadcrumb"},"inLanguage":"sq-AL","potentialAction":[{"@type":"ReadAction","target":["https:\/\/kt.gov.rs\/sq\/ftese-publike-per-aplikimin-e-kandidateve-per-instruktore\/"]}]},{"@type":"ImageObject","inLanguage":"sq-AL","@id":"https:\/\/kt.gov.rs\/sq\/ftese-publike-per-aplikimin-e-kandidateve-per-instruktore\/#primaryimage","url":"https:\/\/kt.gov.rs\/wp-content\/uploads\/2024\/07\/1656276326_240622_1-3.jpg","contentUrl":"https:\/\/kt.gov.rs\/wp-content\/uploads\/2024\/07\/1656276326_240622_1-3.jpg","width":315,"height":230},{"@type":"BreadcrumbList","@id":"https:\/\/kt.gov.rs\/sq\/ftese-publike-per-aplikimin-e-kandidateve-per-instruktore\/#breadcrumb","itemListElement":[{"@type":"ListItem","position":1,"name":"\u041f\u043e\u0447\u0435\u0442\u043d\u0430","item":"https:\/\/kt.gov.rs\/sq\/"},{"@type":"ListItem","position":2,"name":"FTES\u00cb PUBLIKE P\u00cbR APLIKIMIN E KANDIDAT\u00cbVE P\u00cbR INSTRUKTOR\u00cb"}]},{"@type":"WebSite","@id":"https:\/\/kt.gov.rs\/#website","url":"https:\/\/kt.gov.rs\/","name":"\u041a\u043e\u043e\u0440\u0434\u0438\u043d\u0430\u0446\u0438\u043e\u043d\u043e \u0442\u0435\u043b\u043e \u0412\u043b\u0430\u0434\u0435 \u0420\u0435\u043f\u0443\u0431\u043b\u0438\u043a\u0435 \u0421\u0440\u0431\u0438\u0458\u0435 \u0437\u0430 \u043e\u043f\u0448\u0442\u0438\u043d\u0435 \u041f\u0440\u0435\u0448\u0435\u0432\u043e, \u0411\u0443\u0458\u0430\u043d\u043e\u0432\u0430\u0446 \u0438 \u041c\u0435\u0434\u0432\u0435\u0452a","description":"","publisher":{"@id":"https:\/\/kt.gov.rs\/#organization"},"alternateName":"\u041a\u043e\u043e\u0440\u0434\u0438\u043d\u0430\u0446\u0438\u043e\u043d\u043e \u0442\u0435\u043b\u043e","potentialAction":[{"@type":"SearchAction","target":{"@type":"EntryPoint","urlTemplate":"https:\/\/kt.gov.rs\/?s={search_term_string}"},"query-input":{"@type":"PropertyValueSpecification","valueRequired":true,"valueName":"search_term_string"}}],"inLanguage":"sq-AL"},{"@type":"Organization","@id":"https:\/\/kt.gov.rs\/#organization","name":"\u041a\u043e\u043e\u0440\u0434\u0438\u043d\u0430\u0446\u0438\u043e\u043d\u043e \u0442\u0435\u043b\u043e \u0412\u043b\u0430\u0434\u0435 \u0420\u0435\u043f\u0443\u0431\u043b\u0438\u043a\u0435 \u0421\u0440\u0431\u0438\u0458\u0435 \u0437\u0430 \u043e\u043f\u0448\u0442\u0438\u043d\u0435 \u041f\u0440\u0435\u0448\u0435\u0432\u043e, \u0411\u0443\u0458\u0430\u043d\u043e\u0432\u0430\u0446 \u0438 \u041c\u0435\u0434\u0432\u0435\u0452a","alternateName":"\u041a\u043e\u043e\u0440\u0434\u0438\u043d\u0430\u0446\u0438\u043e\u043d\u043e \u0442\u0435\u043b\u043e","url":"https:\/\/kt.gov.rs\/","logo":{"@type":"ImageObject","inLanguage":"sq-AL","@id":"https:\/\/kt.gov.rs\/#\/schema\/logo\/image\/","url":"https:\/\/kt.gov.rs\/wp-content\/uploads\/2024\/12\/koord2.jpg","contentUrl":"https:\/\/kt.gov.rs\/wp-content\/uploads\/2024\/12\/koord2.jpg","width":640,"height":480,"caption":"\u041a\u043e\u043e\u0440\u0434\u0438\u043d\u0430\u0446\u0438\u043e\u043d\u043e \u0442\u0435\u043b\u043e \u0412\u043b\u0430\u0434\u0435 \u0420\u0435\u043f\u0443\u0431\u043b\u0438\u043a\u0435 \u0421\u0440\u0431\u0438\u0458\u0435 \u0437\u0430 \u043e\u043f\u0448\u0442\u0438\u043d\u0435 \u041f\u0440\u0435\u0448\u0435\u0432\u043e, \u0411\u0443\u0458\u0430\u043d\u043e\u0432\u0430\u0446 \u0438 \u041c\u0435\u0434\u0432\u0435\u0452a"},"image":{"@id":"https:\/\/kt.gov.rs\/#\/schema\/logo\/image\/"},"sameAs":["https:\/\/www.facebook.com\/SluzbaKoordinacionogTelaVladeRepublikeSrbije","https:\/\/x.com\/kt_gov","https:\/\/www.youtube.com\/@koordinacionotelo"]},{"@type":"Person","@id":"https:\/\/kt.gov.rs\/#\/schema\/person\/e426459ddb4173309103390602694571","name":"ktmin","image":{"@type":"ImageObject","inLanguage":"sq-AL","@id":"https:\/\/secure.gravatar.com\/avatar\/3985c961109853010c3fbc7ba30365bfba5db3dd6c525831d9c595c7525a615a?s=96&d=mm&r=g","url":"https:\/\/secure.gravatar.com\/avatar\/3985c961109853010c3fbc7ba30365bfba5db3dd6c525831d9c595c7525a615a?s=96&d=mm&r=g","contentUrl":"https:\/\/secure.gravatar.com\/avatar\/3985c961109853010c3fbc7ba30365bfba5db3dd6c525831d9c595c7525a615a?s=96&d=mm&r=g","caption":"ktmin"},"sameAs":["https:\/\/kt.gov.rs"],"url":"https:\/\/kt.gov.rs\/sq\/author\/ktmin\/"}]}},"_links":{"self":[{"href":"https:\/\/kt.gov.rs\/sq\/wp-json\/wp\/v2\/posts\/107375","targetHints":{"allow":["GET"]}}],"collection":[{"href":"https:\/\/kt.gov.rs\/sq\/wp-json\/wp\/v2\/posts"}],"about":[{"href":"https:\/\/kt.gov.rs\/sq\/wp-json\/wp\/v2\/types\/post"}],"author":[{"embeddable":true,"href":"https:\/\/kt.gov.rs\/sq\/wp-json\/wp\/v2\/users\/1"}],"replies":[{"embeddable":true,"href":"https:\/\/kt.gov.rs\/sq\/wp-json\/wp\/v2\/comments?post=107375"}],"version-history":[{"count":1,"href":"https:\/\/kt.gov.rs\/sq\/wp-json\/wp\/v2\/posts\/107375\/revisions"}],"predecessor-version":[{"id":107379,"href":"https:\/\/kt.gov.rs\/sq\/wp-json\/wp\/v2\/posts\/107375\/revisions\/107379"}],"wp:featuredmedia":[{"embeddable":true,"href":"https:\/\/kt.gov.rs\/sq\/wp-json\/wp\/v2\/media\/107380"}],"wp:attachment":[{"href":"https:\/\/kt.gov.rs\/sq\/wp-json\/wp\/v2\/media?parent=107375"}],"wp:term":[{"taxonomy":"category","embeddable":true,"href":"https:\/\/kt.gov.rs\/sq\/wp-json\/wp\/v2\/categories?post=107375"},{"taxonomy":"post_tag","embeddable":true,"href":"https:\/\/kt.gov.rs\/sq\/wp-json\/wp\/v2\/tags?post=107375"}],"curies":[{"name":"wp","href":"https:\/\/api.w.org\/{rel}","templated":true}]}}