{"id":107359,"date":"2022-06-27T00:00:00","date_gmt":"2022-06-27T00:00:00","guid":{"rendered":"http:\/\/kt.printandscreen.rs\/redaktori-i-bujanovackes-ne-bordin-ekzekutiv-te-shoqates-se-gazetareve-te-pamvarur-te-serbise\/"},"modified":"2024-07-30T17:56:26","modified_gmt":"2024-07-30T17:56:26","slug":"redaktori-i-bujanovackes-ne-bordin-ekzekutiv-te-shoqates-se-gazetareve-te-pamvarur-te-serbise","status":"publish","type":"post","link":"https:\/\/kt.gov.rs\/sq\/redaktori-i-bujanovackes-ne-bordin-ekzekutiv-te-shoqates-se-gazetareve-te-pamvarur-te-serbise\/","title":{"rendered":"REDAKTORI I BUJANOVACK\u00cbS N\u00cb BORDIN EKZEKUTIV T\u00cb SHOQAT\u00cbS S\u00cb GAZETAR\u00cbVE T\u00cb PAMVARUR T\u00cb S\u00cbRBIS\u00cb"},"content":{"rendered":"<p>\n\t<strong><img decoding=\"async\" alt=\"\" src=\"https:\/\/kt.gov.rs\/wp-content\/uploads\/2024\/07\/1656334277_270622_1-2.jpg\" style=\"width: 315px; height: 230px; float: left;\" \/><\/strong><strong>Bujanoc \u2013 Beograd<\/strong> \u2013 Nikolla Laziq, redaktor i portalit Bujanovacka, \u00ebsht\u00eb zgjedhur an\u00ebtar i Bordit ekzekutiv t\u00eb shoqat\u00ebs s\u00eb pavarur t\u00eb gazetar\u00ebve t\u00eb Serbis\u00eb (NUNS) n\u00eb Kuvendin e rregullt zgjedhor t\u00eb k\u00ebsaj shoqate.<\/p>\n<p>\n\tKuvendi u mbajt n\u00eb sheshin Dorcol t\u00eb Beogradit dhe an\u00ebtar\u00ebt e pranish\u00ebm zgjodh\u00ebn an\u00ebtar\u00ebt e rinj t\u00eb tre organeve \u2013 Bordit ekzekutiv, Bordit mbik\u00ebqyr\u00ebs dhe Gjykat\u00ebs s\u00eb nderit NUNS p\u00ebr kat\u00ebr vitet e ardhshme.<\/p>\n<p>\n\tAmela Bajroviq, Slobodan Georgiev, Jelena Dikoviq, Sanja Kljajiq, Nikola Laziq, Mileva Maleshiq, Tamara Milojeviq, Adam Santovac, Marko Somborac dhe Marina Fratucan do t\u00eb jen\u00eb n\u00eb Bordin ekzekutiv t\u00eb shoqat\u00ebs t\u00eb pavarur t\u00eb gazetar\u00ebve t\u00eb Serbis\u00eb.<\/p>\n<p>\n\tBordi mbik\u00ebqyr\u00ebs i NUNS do t\u00eb p\u00ebrb\u00ebhet nga Mijat Lakiceviq, Vesna Malishiq, Jovanka Maroviq, Nedim Sejdinoviq dhe Vuk Cvijiq.<\/p>\n<p>\n\tBozhidar Andrejic, Safeta Bisevac, Igor Bozic, Jovana Gligorijevic dhe Zoran Sekuliq do t\u00eb jen\u00eb an\u00ebtar\u00eb t\u00eb nderit t\u00eb \u00a0Gjykat\u00ebs s\u00eb NUNS n\u00eb periudh\u00ebn e ardhshme.<\/p>\n<p>\n\tMandati i kryetarit t\u00eb NUNS-it, Zheljko Bodrozhiq, zgjatet edhe p\u00ebr nj\u00eb vit, sepse ai u zgjodh n\u00eb Kuvendin e jasht\u00ebzakonsh\u00ebm zgjedhor n\u00eb vitin 2019, pas dor\u00ebheqjes s\u00eb Sllavisha Lekiqit.<\/p>\n<p>\n\tAn\u00ebtar\u00ebt e pranish\u00ebm miratuan raportin p\u00ebr pun\u00ebn e NUNS n\u00eb mes t\u00eb dy kuvendeve.<\/p>\n<p>\n\tN\u00eb Kuvend u miratuan disa ndryshime n\u00eb Statutin e shoqat\u00ebs. Statuti i ndryshuar do t\u00eb jet\u00eb i disponuesh\u00ebm n\u00eb faqen e internetit t\u00eb NUNS.<\/p>\n<p>\n\tN\u00eb Kuvend u diskutua p\u00ebr \u00e7mimet e reja. K\u00ebt\u00eb vit p\u00ebr her\u00eb t\u00eb par\u00eb \u00ebsht\u00eb shpallur konkursi p\u00ebr \u00e7mimin \u201cDragan Janji\u0107\u201d p\u00ebr veprat m\u00eb t\u00eb mira me tem\u00ebn e shkrim-leximit mediatik, i cili \u00ebsht\u00eb i hapur deri m\u00eb 5 shtator t\u00eb k\u00ebtij viti. Gjithashtu, \u00ebsht\u00eb paralajm\u00ebruar themelimi i nj\u00eb fondacioni p\u00ebr nder t\u00eb ish-presidentes s\u00eb NUNS, Gordana Susha.<\/p>\n<p>\n\t<strong>Burimi<\/strong>: <strong>Bujanovacke dhe Trupi koordinues <\/strong><\/p>\n<p>\n\t\u00a0<\/p>\n","protected":false},"excerpt":{"rendered":"<p>Bujanoc \u2013 Beograd\u00a0\u2013 Nikolla Laziq, redaktor i portalit Bujanovacka, \u00ebsht\u00eb zgjedhur an\u00ebtar i Bordit ekzekutiv t\u00eb shoqat\u00ebs s\u00eb pavarur t\u00eb gazetar\u00ebve t\u00eb Serbis\u00eb (NUNS) n\u00eb Kuvendin e rregullt zgjedhor t\u00eb k\u00ebsaj shoqate.<\/p>\n","protected":false},"author":1,"featured_media":107364,"comment_status":"closed","ping_status":"closed","sticky":false,"template":"","format":"standard","meta":{"footnotes":""},"categories":[55],"tags":[],"class_list":["post-107359","post","type-post","status-publish","format-standard","has-post-thumbnail","hentry","category-lajme"],"yoast_head":"<!-- This site is optimized with the Yoast SEO plugin v27.5 - https:\/\/yoast.com\/product\/yoast-seo-wordpress\/ -->\n<title>REDAKTORI I BUJANOVACK\u00cbS N\u00cb BORDIN EKZEKUTIV T\u00cb SHOQAT\u00cbS S\u00cb GAZETAR\u00cbVE T\u00cb PAMVARUR T\u00cb S\u00cbRBIS\u00cb - Republika e S\u00ebrbis\u00eb Trupi Koordinues p\u00ebr komunat Bujanoc, Preshev\u00eb dhe Medvegj\u00eb<\/title>\n<meta name=\"robots\" content=\"index, follow, max-snippet:-1, max-image-preview:large, max-video-preview:-1\" \/>\n<link rel=\"canonical\" href=\"https:\/\/kt.gov.rs\/sq\/redaktori-i-bujanovackes-ne-bordin-ekzekutiv-te-shoqates-se-gazetareve-te-pamvarur-te-serbise\/\" \/>\n<meta property=\"og:locale\" content=\"sq_AL\" \/>\n<meta property=\"og:type\" content=\"article\" \/>\n<meta property=\"og:title\" content=\"REDAKTORI I BUJANOVACK\u00cbS N\u00cb BORDIN EKZEKUTIV T\u00cb SHOQAT\u00cbS S\u00cb GAZETAR\u00cbVE T\u00cb PAMVARUR T\u00cb S\u00cbRBIS\u00cb - Republika e S\u00ebrbis\u00eb Trupi Koordinues p\u00ebr komunat Bujanoc, Preshev\u00eb dhe Medvegj\u00eb\" \/>\n<meta property=\"og:description\" content=\"Bujanoc - Beograd\u00a0- Nikolla Laziq, redaktor i portalit Bujanovacka, \u00ebsht\u00eb zgjedhur an\u00ebtar i Bordit ekzekutiv t\u00eb shoqat\u00ebs s\u00eb pavarur t\u00eb gazetar\u00ebve t\u00eb Serbis\u00eb (NUNS) n\u00eb Kuvendin e rregullt zgjedhor t\u00eb k\u00ebsaj shoqate.\" \/>\n<meta property=\"og:url\" content=\"https:\/\/kt.gov.rs\/sq\/redaktori-i-bujanovackes-ne-bordin-ekzekutiv-te-shoqates-se-gazetareve-te-pamvarur-te-serbise\/\" \/>\n<meta property=\"og:site_name\" content=\"Republika e S\u00ebrbis\u00eb Trupi Koordinues p\u00ebr komunat Bujanoc, Preshev\u00eb dhe Medvegj\u00eb\" \/>\n<meta property=\"article:publisher\" content=\"https:\/\/www.facebook.com\/SluzbaKoordinacionogTelaVladeRepublikeSrbije\" \/>\n<meta property=\"article:published_time\" content=\"2022-06-27T00:00:00+00:00\" \/>\n<meta property=\"article:modified_time\" content=\"2024-07-30T17:56:26+00:00\" \/>\n<meta property=\"og:image\" content=\"https:\/\/kt.gov.rs\/wp-content\/uploads\/2024\/07\/1656334277_270622_1-3.jpg\" \/>\n\t<meta property=\"og:image:width\" content=\"315\" \/>\n\t<meta property=\"og:image:height\" content=\"230\" \/>\n\t<meta property=\"og:image:type\" content=\"image\/jpeg\" \/>\n<meta name=\"author\" content=\"ktmin\" \/>\n<meta name=\"twitter:card\" content=\"summary_large_image\" \/>\n<meta name=\"twitter:creator\" content=\"@kt_gov\" \/>\n<meta name=\"twitter:site\" content=\"@kt_gov\" \/>\n<meta name=\"twitter:label1\" content=\"Written by\" \/>\n\t<meta name=\"twitter:data1\" content=\"ktmin\" \/>\n\t<meta name=\"twitter:label2\" content=\"Est. reading time\" \/>\n\t<meta name=\"twitter:data2\" content=\"2 minutes\" \/>\n<script type=\"application\/ld+json\" class=\"yoast-schema-graph\">{\"@context\":\"https:\\\/\\\/schema.org\",\"@graph\":[{\"@type\":\"Article\",\"@id\":\"https:\\\/\\\/kt.gov.rs\\\/sq\\\/redaktori-i-bujanovackes-ne-bordin-ekzekutiv-te-shoqates-se-gazetareve-te-pamvarur-te-serbise\\\/#article\",\"isPartOf\":{\"@id\":\"https:\\\/\\\/kt.gov.rs\\\/sq\\\/redaktori-i-bujanovackes-ne-bordin-ekzekutiv-te-shoqates-se-gazetareve-te-pamvarur-te-serbise\\\/\"},\"author\":{\"name\":\"ktmin\",\"@id\":\"https:\\\/\\\/kt.gov.rs\\\/#\\\/schema\\\/person\\\/e426459ddb4173309103390602694571\"},\"headline\":\"REDAKTORI I BUJANOVACK\u00cbS N\u00cb BORDIN EKZEKUTIV T\u00cb SHOQAT\u00cbS S\u00cb GAZETAR\u00cbVE T\u00cb PAMVARUR T\u00cb S\u00cbRBIS\u00cb\",\"datePublished\":\"2022-06-27T00:00:00+00:00\",\"dateModified\":\"2024-07-30T17:56:26+00:00\",\"mainEntityOfPage\":{\"@id\":\"https:\\\/\\\/kt.gov.rs\\\/sq\\\/redaktori-i-bujanovackes-ne-bordin-ekzekutiv-te-shoqates-se-gazetareve-te-pamvarur-te-serbise\\\/\"},\"wordCount\":446,\"publisher\":{\"@id\":\"https:\\\/\\\/kt.gov.rs\\\/#organization\"},\"image\":{\"@id\":\"https:\\\/\\\/kt.gov.rs\\\/sq\\\/redaktori-i-bujanovackes-ne-bordin-ekzekutiv-te-shoqates-se-gazetareve-te-pamvarur-te-serbise\\\/#primaryimage\"},\"thumbnailUrl\":\"https:\\\/\\\/kt.gov.rs\\\/wp-content\\\/uploads\\\/2024\\\/07\\\/1656334277_270622_1-3.jpg\",\"articleSection\":[\"Lajme\"],\"inLanguage\":\"sq-AL\"},{\"@type\":\"WebPage\",\"@id\":\"https:\\\/\\\/kt.gov.rs\\\/sq\\\/redaktori-i-bujanovackes-ne-bordin-ekzekutiv-te-shoqates-se-gazetareve-te-pamvarur-te-serbise\\\/\",\"url\":\"https:\\\/\\\/kt.gov.rs\\\/sq\\\/redaktori-i-bujanovackes-ne-bordin-ekzekutiv-te-shoqates-se-gazetareve-te-pamvarur-te-serbise\\\/\",\"name\":\"REDAKTORI I BUJANOVACK\u00cbS N\u00cb BORDIN EKZEKUTIV T\u00cb SHOQAT\u00cbS S\u00cb GAZETAR\u00cbVE T\u00cb PAMVARUR T\u00cb S\u00cbRBIS\u00cb - Republika e S\u00ebrbis\u00eb Trupi Koordinues p\u00ebr komunat Bujanoc, Preshev\u00eb dhe Medvegj\u00eb\",\"isPartOf\":{\"@id\":\"https:\\\/\\\/kt.gov.rs\\\/#website\"},\"primaryImageOfPage\":{\"@id\":\"https:\\\/\\\/kt.gov.rs\\\/sq\\\/redaktori-i-bujanovackes-ne-bordin-ekzekutiv-te-shoqates-se-gazetareve-te-pamvarur-te-serbise\\\/#primaryimage\"},\"image\":{\"@id\":\"https:\\\/\\\/kt.gov.rs\\\/sq\\\/redaktori-i-bujanovackes-ne-bordin-ekzekutiv-te-shoqates-se-gazetareve-te-pamvarur-te-serbise\\\/#primaryimage\"},\"thumbnailUrl\":\"https:\\\/\\\/kt.gov.rs\\\/wp-content\\\/uploads\\\/2024\\\/07\\\/1656334277_270622_1-3.jpg\",\"datePublished\":\"2022-06-27T00:00:00+00:00\",\"dateModified\":\"2024-07-30T17:56:26+00:00\",\"breadcrumb\":{\"@id\":\"https:\\\/\\\/kt.gov.rs\\\/sq\\\/redaktori-i-bujanovackes-ne-bordin-ekzekutiv-te-shoqates-se-gazetareve-te-pamvarur-te-serbise\\\/#breadcrumb\"},\"inLanguage\":\"sq-AL\",\"potentialAction\":[{\"@type\":\"ReadAction\",\"target\":[\"https:\\\/\\\/kt.gov.rs\\\/sq\\\/redaktori-i-bujanovackes-ne-bordin-ekzekutiv-te-shoqates-se-gazetareve-te-pamvarur-te-serbise\\\/\"]}]},{\"@type\":\"ImageObject\",\"inLanguage\":\"sq-AL\",\"@id\":\"https:\\\/\\\/kt.gov.rs\\\/sq\\\/redaktori-i-bujanovackes-ne-bordin-ekzekutiv-te-shoqates-se-gazetareve-te-pamvarur-te-serbise\\\/#primaryimage\",\"url\":\"https:\\\/\\\/kt.gov.rs\\\/wp-content\\\/uploads\\\/2024\\\/07\\\/1656334277_270622_1-3.jpg\",\"contentUrl\":\"https:\\\/\\\/kt.gov.rs\\\/wp-content\\\/uploads\\\/2024\\\/07\\\/1656334277_270622_1-3.jpg\",\"width\":315,\"height\":230},{\"@type\":\"BreadcrumbList\",\"@id\":\"https:\\\/\\\/kt.gov.rs\\\/sq\\\/redaktori-i-bujanovackes-ne-bordin-ekzekutiv-te-shoqates-se-gazetareve-te-pamvarur-te-serbise\\\/#breadcrumb\",\"itemListElement\":[{\"@type\":\"ListItem\",\"position\":1,\"name\":\"\u041f\u043e\u0447\u0435\u0442\u043d\u0430\",\"item\":\"https:\\\/\\\/kt.gov.rs\\\/sq\\\/\"},{\"@type\":\"ListItem\",\"position\":2,\"name\":\"REDAKTORI I BUJANOVACK\u00cbS N\u00cb BORDIN EKZEKUTIV T\u00cb SHOQAT\u00cbS S\u00cb GAZETAR\u00cbVE T\u00cb PAMVARUR T\u00cb S\u00cbRBIS\u00cb\"}]},{\"@type\":\"WebSite\",\"@id\":\"https:\\\/\\\/kt.gov.rs\\\/#website\",\"url\":\"https:\\\/\\\/kt.gov.rs\\\/\",\"name\":\"\u041a\u043e\u043e\u0440\u0434\u0438\u043d\u0430\u0446\u0438\u043e\u043d\u043e \u0442\u0435\u043b\u043e \u0412\u043b\u0430\u0434\u0435 \u0420\u0435\u043f\u0443\u0431\u043b\u0438\u043a\u0435 \u0421\u0440\u0431\u0438\u0458\u0435 \u0437\u0430 \u043e\u043f\u0448\u0442\u0438\u043d\u0435 \u041f\u0440\u0435\u0448\u0435\u0432\u043e, \u0411\u0443\u0458\u0430\u043d\u043e\u0432\u0430\u0446 \u0438 \u041c\u0435\u0434\u0432\u0435\u0452a\",\"description\":\"\",\"publisher\":{\"@id\":\"https:\\\/\\\/kt.gov.rs\\\/#organization\"},\"alternateName\":\"\u041a\u043e\u043e\u0440\u0434\u0438\u043d\u0430\u0446\u0438\u043e\u043d\u043e \u0442\u0435\u043b\u043e\",\"potentialAction\":[{\"@type\":\"SearchAction\",\"target\":{\"@type\":\"EntryPoint\",\"urlTemplate\":\"https:\\\/\\\/kt.gov.rs\\\/?s={search_term_string}\"},\"query-input\":{\"@type\":\"PropertyValueSpecification\",\"valueRequired\":true,\"valueName\":\"search_term_string\"}}],\"inLanguage\":\"sq-AL\"},{\"@type\":\"Organization\",\"@id\":\"https:\\\/\\\/kt.gov.rs\\\/#organization\",\"name\":\"\u041a\u043e\u043e\u0440\u0434\u0438\u043d\u0430\u0446\u0438\u043e\u043d\u043e \u0442\u0435\u043b\u043e \u0412\u043b\u0430\u0434\u0435 \u0420\u0435\u043f\u0443\u0431\u043b\u0438\u043a\u0435 \u0421\u0440\u0431\u0438\u0458\u0435 \u0437\u0430 \u043e\u043f\u0448\u0442\u0438\u043d\u0435 \u041f\u0440\u0435\u0448\u0435\u0432\u043e, \u0411\u0443\u0458\u0430\u043d\u043e\u0432\u0430\u0446 \u0438 \u041c\u0435\u0434\u0432\u0435\u0452a\",\"alternateName\":\"\u041a\u043e\u043e\u0440\u0434\u0438\u043d\u0430\u0446\u0438\u043e\u043d\u043e \u0442\u0435\u043b\u043e\",\"url\":\"https:\\\/\\\/kt.gov.rs\\\/\",\"logo\":{\"@type\":\"ImageObject\",\"inLanguage\":\"sq-AL\",\"@id\":\"https:\\\/\\\/kt.gov.rs\\\/#\\\/schema\\\/logo\\\/image\\\/\",\"url\":\"https:\\\/\\\/kt.gov.rs\\\/wp-content\\\/uploads\\\/2024\\\/12\\\/koord2.jpg\",\"contentUrl\":\"https:\\\/\\\/kt.gov.rs\\\/wp-content\\\/uploads\\\/2024\\\/12\\\/koord2.jpg\",\"width\":640,\"height\":480,\"caption\":\"\u041a\u043e\u043e\u0440\u0434\u0438\u043d\u0430\u0446\u0438\u043e\u043d\u043e \u0442\u0435\u043b\u043e \u0412\u043b\u0430\u0434\u0435 \u0420\u0435\u043f\u0443\u0431\u043b\u0438\u043a\u0435 \u0421\u0440\u0431\u0438\u0458\u0435 \u0437\u0430 \u043e\u043f\u0448\u0442\u0438\u043d\u0435 \u041f\u0440\u0435\u0448\u0435\u0432\u043e, \u0411\u0443\u0458\u0430\u043d\u043e\u0432\u0430\u0446 \u0438 \u041c\u0435\u0434\u0432\u0435\u0452a\"},\"image\":{\"@id\":\"https:\\\/\\\/kt.gov.rs\\\/#\\\/schema\\\/logo\\\/image\\\/\"},\"sameAs\":[\"https:\\\/\\\/www.facebook.com\\\/SluzbaKoordinacionogTelaVladeRepublikeSrbije\",\"https:\\\/\\\/x.com\\\/kt_gov\",\"https:\\\/\\\/www.youtube.com\\\/@koordinacionotelo\"]},{\"@type\":\"Person\",\"@id\":\"https:\\\/\\\/kt.gov.rs\\\/#\\\/schema\\\/person\\\/e426459ddb4173309103390602694571\",\"name\":\"ktmin\",\"image\":{\"@type\":\"ImageObject\",\"inLanguage\":\"sq-AL\",\"@id\":\"https:\\\/\\\/secure.gravatar.com\\\/avatar\\\/3985c961109853010c3fbc7ba30365bfba5db3dd6c525831d9c595c7525a615a?s=96&d=mm&r=g\",\"url\":\"https:\\\/\\\/secure.gravatar.com\\\/avatar\\\/3985c961109853010c3fbc7ba30365bfba5db3dd6c525831d9c595c7525a615a?s=96&d=mm&r=g\",\"contentUrl\":\"https:\\\/\\\/secure.gravatar.com\\\/avatar\\\/3985c961109853010c3fbc7ba30365bfba5db3dd6c525831d9c595c7525a615a?s=96&d=mm&r=g\",\"caption\":\"ktmin\"},\"sameAs\":[\"https:\\\/\\\/kt.gov.rs\"],\"url\":\"https:\\\/\\\/kt.gov.rs\\\/sq\\\/author\\\/ktmin\\\/\"}]}<\/script>\n<!-- \/ Yoast SEO plugin. -->","yoast_head_json":{"title":"REDAKTORI I BUJANOVACK\u00cbS N\u00cb BORDIN EKZEKUTIV T\u00cb SHOQAT\u00cbS S\u00cb GAZETAR\u00cbVE T\u00cb PAMVARUR T\u00cb S\u00cbRBIS\u00cb - Republika e S\u00ebrbis\u00eb Trupi Koordinues p\u00ebr komunat Bujanoc, Preshev\u00eb dhe Medvegj\u00eb","robots":{"index":"index","follow":"follow","max-snippet":"max-snippet:-1","max-image-preview":"max-image-preview:large","max-video-preview":"max-video-preview:-1"},"canonical":"https:\/\/kt.gov.rs\/sq\/redaktori-i-bujanovackes-ne-bordin-ekzekutiv-te-shoqates-se-gazetareve-te-pamvarur-te-serbise\/","og_locale":"sq_AL","og_type":"article","og_title":"REDAKTORI I BUJANOVACK\u00cbS N\u00cb BORDIN EKZEKUTIV T\u00cb SHOQAT\u00cbS S\u00cb GAZETAR\u00cbVE T\u00cb PAMVARUR T\u00cb S\u00cbRBIS\u00cb - Republika e S\u00ebrbis\u00eb Trupi Koordinues p\u00ebr komunat Bujanoc, Preshev\u00eb dhe Medvegj\u00eb","og_description":"Bujanoc - Beograd\u00a0- Nikolla Laziq, redaktor i portalit Bujanovacka, \u00ebsht\u00eb zgjedhur an\u00ebtar i Bordit ekzekutiv t\u00eb shoqat\u00ebs s\u00eb pavarur t\u00eb gazetar\u00ebve t\u00eb Serbis\u00eb (NUNS) n\u00eb Kuvendin e rregullt zgjedhor t\u00eb k\u00ebsaj shoqate.","og_url":"https:\/\/kt.gov.rs\/sq\/redaktori-i-bujanovackes-ne-bordin-ekzekutiv-te-shoqates-se-gazetareve-te-pamvarur-te-serbise\/","og_site_name":"Republika e S\u00ebrbis\u00eb Trupi Koordinues p\u00ebr komunat Bujanoc, Preshev\u00eb dhe Medvegj\u00eb","article_publisher":"https:\/\/www.facebook.com\/SluzbaKoordinacionogTelaVladeRepublikeSrbije","article_published_time":"2022-06-27T00:00:00+00:00","article_modified_time":"2024-07-30T17:56:26+00:00","og_image":[{"width":315,"height":230,"url":"https:\/\/kt.gov.rs\/wp-content\/uploads\/2024\/07\/1656334277_270622_1-3.jpg","type":"image\/jpeg"}],"author":"ktmin","twitter_card":"summary_large_image","twitter_creator":"@kt_gov","twitter_site":"@kt_gov","twitter_misc":{"Written by":"ktmin","Est. reading time":"2 minutes"},"schema":{"@context":"https:\/\/schema.org","@graph":[{"@type":"Article","@id":"https:\/\/kt.gov.rs\/sq\/redaktori-i-bujanovackes-ne-bordin-ekzekutiv-te-shoqates-se-gazetareve-te-pamvarur-te-serbise\/#article","isPartOf":{"@id":"https:\/\/kt.gov.rs\/sq\/redaktori-i-bujanovackes-ne-bordin-ekzekutiv-te-shoqates-se-gazetareve-te-pamvarur-te-serbise\/"},"author":{"name":"ktmin","@id":"https:\/\/kt.gov.rs\/#\/schema\/person\/e426459ddb4173309103390602694571"},"headline":"REDAKTORI I BUJANOVACK\u00cbS N\u00cb BORDIN EKZEKUTIV T\u00cb SHOQAT\u00cbS S\u00cb GAZETAR\u00cbVE T\u00cb PAMVARUR T\u00cb S\u00cbRBIS\u00cb","datePublished":"2022-06-27T00:00:00+00:00","dateModified":"2024-07-30T17:56:26+00:00","mainEntityOfPage":{"@id":"https:\/\/kt.gov.rs\/sq\/redaktori-i-bujanovackes-ne-bordin-ekzekutiv-te-shoqates-se-gazetareve-te-pamvarur-te-serbise\/"},"wordCount":446,"publisher":{"@id":"https:\/\/kt.gov.rs\/#organization"},"image":{"@id":"https:\/\/kt.gov.rs\/sq\/redaktori-i-bujanovackes-ne-bordin-ekzekutiv-te-shoqates-se-gazetareve-te-pamvarur-te-serbise\/#primaryimage"},"thumbnailUrl":"https:\/\/kt.gov.rs\/wp-content\/uploads\/2024\/07\/1656334277_270622_1-3.jpg","articleSection":["Lajme"],"inLanguage":"sq-AL"},{"@type":"WebPage","@id":"https:\/\/kt.gov.rs\/sq\/redaktori-i-bujanovackes-ne-bordin-ekzekutiv-te-shoqates-se-gazetareve-te-pamvarur-te-serbise\/","url":"https:\/\/kt.gov.rs\/sq\/redaktori-i-bujanovackes-ne-bordin-ekzekutiv-te-shoqates-se-gazetareve-te-pamvarur-te-serbise\/","name":"REDAKTORI I BUJANOVACK\u00cbS N\u00cb BORDIN EKZEKUTIV T\u00cb SHOQAT\u00cbS S\u00cb GAZETAR\u00cbVE T\u00cb PAMVARUR T\u00cb S\u00cbRBIS\u00cb - Republika e S\u00ebrbis\u00eb Trupi Koordinues p\u00ebr komunat Bujanoc, Preshev\u00eb dhe Medvegj\u00eb","isPartOf":{"@id":"https:\/\/kt.gov.rs\/#website"},"primaryImageOfPage":{"@id":"https:\/\/kt.gov.rs\/sq\/redaktori-i-bujanovackes-ne-bordin-ekzekutiv-te-shoqates-se-gazetareve-te-pamvarur-te-serbise\/#primaryimage"},"image":{"@id":"https:\/\/kt.gov.rs\/sq\/redaktori-i-bujanovackes-ne-bordin-ekzekutiv-te-shoqates-se-gazetareve-te-pamvarur-te-serbise\/#primaryimage"},"thumbnailUrl":"https:\/\/kt.gov.rs\/wp-content\/uploads\/2024\/07\/1656334277_270622_1-3.jpg","datePublished":"2022-06-27T00:00:00+00:00","dateModified":"2024-07-30T17:56:26+00:00","breadcrumb":{"@id":"https:\/\/kt.gov.rs\/sq\/redaktori-i-bujanovackes-ne-bordin-ekzekutiv-te-shoqates-se-gazetareve-te-pamvarur-te-serbise\/#breadcrumb"},"inLanguage":"sq-AL","potentialAction":[{"@type":"ReadAction","target":["https:\/\/kt.gov.rs\/sq\/redaktori-i-bujanovackes-ne-bordin-ekzekutiv-te-shoqates-se-gazetareve-te-pamvarur-te-serbise\/"]}]},{"@type":"ImageObject","inLanguage":"sq-AL","@id":"https:\/\/kt.gov.rs\/sq\/redaktori-i-bujanovackes-ne-bordin-ekzekutiv-te-shoqates-se-gazetareve-te-pamvarur-te-serbise\/#primaryimage","url":"https:\/\/kt.gov.rs\/wp-content\/uploads\/2024\/07\/1656334277_270622_1-3.jpg","contentUrl":"https:\/\/kt.gov.rs\/wp-content\/uploads\/2024\/07\/1656334277_270622_1-3.jpg","width":315,"height":230},{"@type":"BreadcrumbList","@id":"https:\/\/kt.gov.rs\/sq\/redaktori-i-bujanovackes-ne-bordin-ekzekutiv-te-shoqates-se-gazetareve-te-pamvarur-te-serbise\/#breadcrumb","itemListElement":[{"@type":"ListItem","position":1,"name":"\u041f\u043e\u0447\u0435\u0442\u043d\u0430","item":"https:\/\/kt.gov.rs\/sq\/"},{"@type":"ListItem","position":2,"name":"REDAKTORI I BUJANOVACK\u00cbS N\u00cb BORDIN EKZEKUTIV T\u00cb SHOQAT\u00cbS S\u00cb GAZETAR\u00cbVE T\u00cb PAMVARUR T\u00cb S\u00cbRBIS\u00cb"}]},{"@type":"WebSite","@id":"https:\/\/kt.gov.rs\/#website","url":"https:\/\/kt.gov.rs\/","name":"\u041a\u043e\u043e\u0440\u0434\u0438\u043d\u0430\u0446\u0438\u043e\u043d\u043e \u0442\u0435\u043b\u043e \u0412\u043b\u0430\u0434\u0435 \u0420\u0435\u043f\u0443\u0431\u043b\u0438\u043a\u0435 \u0421\u0440\u0431\u0438\u0458\u0435 \u0437\u0430 \u043e\u043f\u0448\u0442\u0438\u043d\u0435 \u041f\u0440\u0435\u0448\u0435\u0432\u043e, \u0411\u0443\u0458\u0430\u043d\u043e\u0432\u0430\u0446 \u0438 \u041c\u0435\u0434\u0432\u0435\u0452a","description":"","publisher":{"@id":"https:\/\/kt.gov.rs\/#organization"},"alternateName":"\u041a\u043e\u043e\u0440\u0434\u0438\u043d\u0430\u0446\u0438\u043e\u043d\u043e \u0442\u0435\u043b\u043e","potentialAction":[{"@type":"SearchAction","target":{"@type":"EntryPoint","urlTemplate":"https:\/\/kt.gov.rs\/?s={search_term_string}"},"query-input":{"@type":"PropertyValueSpecification","valueRequired":true,"valueName":"search_term_string"}}],"inLanguage":"sq-AL"},{"@type":"Organization","@id":"https:\/\/kt.gov.rs\/#organization","name":"\u041a\u043e\u043e\u0440\u0434\u0438\u043d\u0430\u0446\u0438\u043e\u043d\u043e \u0442\u0435\u043b\u043e \u0412\u043b\u0430\u0434\u0435 \u0420\u0435\u043f\u0443\u0431\u043b\u0438\u043a\u0435 \u0421\u0440\u0431\u0438\u0458\u0435 \u0437\u0430 \u043e\u043f\u0448\u0442\u0438\u043d\u0435 \u041f\u0440\u0435\u0448\u0435\u0432\u043e, \u0411\u0443\u0458\u0430\u043d\u043e\u0432\u0430\u0446 \u0438 \u041c\u0435\u0434\u0432\u0435\u0452a","alternateName":"\u041a\u043e\u043e\u0440\u0434\u0438\u043d\u0430\u0446\u0438\u043e\u043d\u043e \u0442\u0435\u043b\u043e","url":"https:\/\/kt.gov.rs\/","logo":{"@type":"ImageObject","inLanguage":"sq-AL","@id":"https:\/\/kt.gov.rs\/#\/schema\/logo\/image\/","url":"https:\/\/kt.gov.rs\/wp-content\/uploads\/2024\/12\/koord2.jpg","contentUrl":"https:\/\/kt.gov.rs\/wp-content\/uploads\/2024\/12\/koord2.jpg","width":640,"height":480,"caption":"\u041a\u043e\u043e\u0440\u0434\u0438\u043d\u0430\u0446\u0438\u043e\u043d\u043e \u0442\u0435\u043b\u043e \u0412\u043b\u0430\u0434\u0435 \u0420\u0435\u043f\u0443\u0431\u043b\u0438\u043a\u0435 \u0421\u0440\u0431\u0438\u0458\u0435 \u0437\u0430 \u043e\u043f\u0448\u0442\u0438\u043d\u0435 \u041f\u0440\u0435\u0448\u0435\u0432\u043e, \u0411\u0443\u0458\u0430\u043d\u043e\u0432\u0430\u0446 \u0438 \u041c\u0435\u0434\u0432\u0435\u0452a"},"image":{"@id":"https:\/\/kt.gov.rs\/#\/schema\/logo\/image\/"},"sameAs":["https:\/\/www.facebook.com\/SluzbaKoordinacionogTelaVladeRepublikeSrbije","https:\/\/x.com\/kt_gov","https:\/\/www.youtube.com\/@koordinacionotelo"]},{"@type":"Person","@id":"https:\/\/kt.gov.rs\/#\/schema\/person\/e426459ddb4173309103390602694571","name":"ktmin","image":{"@type":"ImageObject","inLanguage":"sq-AL","@id":"https:\/\/secure.gravatar.com\/avatar\/3985c961109853010c3fbc7ba30365bfba5db3dd6c525831d9c595c7525a615a?s=96&d=mm&r=g","url":"https:\/\/secure.gravatar.com\/avatar\/3985c961109853010c3fbc7ba30365bfba5db3dd6c525831d9c595c7525a615a?s=96&d=mm&r=g","contentUrl":"https:\/\/secure.gravatar.com\/avatar\/3985c961109853010c3fbc7ba30365bfba5db3dd6c525831d9c595c7525a615a?s=96&d=mm&r=g","caption":"ktmin"},"sameAs":["https:\/\/kt.gov.rs"],"url":"https:\/\/kt.gov.rs\/sq\/author\/ktmin\/"}]}},"_links":{"self":[{"href":"https:\/\/kt.gov.rs\/sq\/wp-json\/wp\/v2\/posts\/107359","targetHints":{"allow":["GET"]}}],"collection":[{"href":"https:\/\/kt.gov.rs\/sq\/wp-json\/wp\/v2\/posts"}],"about":[{"href":"https:\/\/kt.gov.rs\/sq\/wp-json\/wp\/v2\/types\/post"}],"author":[{"embeddable":true,"href":"https:\/\/kt.gov.rs\/sq\/wp-json\/wp\/v2\/users\/1"}],"replies":[{"embeddable":true,"href":"https:\/\/kt.gov.rs\/sq\/wp-json\/wp\/v2\/comments?post=107359"}],"version-history":[{"count":1,"href":"https:\/\/kt.gov.rs\/sq\/wp-json\/wp\/v2\/posts\/107359\/revisions"}],"predecessor-version":[{"id":107363,"href":"https:\/\/kt.gov.rs\/sq\/wp-json\/wp\/v2\/posts\/107359\/revisions\/107363"}],"wp:featuredmedia":[{"embeddable":true,"href":"https:\/\/kt.gov.rs\/sq\/wp-json\/wp\/v2\/media\/107364"}],"wp:attachment":[{"href":"https:\/\/kt.gov.rs\/sq\/wp-json\/wp\/v2\/media?parent=107359"}],"wp:term":[{"taxonomy":"category","embeddable":true,"href":"https:\/\/kt.gov.rs\/sq\/wp-json\/wp\/v2\/categories?post=107359"},{"taxonomy":"post_tag","embeddable":true,"href":"https:\/\/kt.gov.rs\/sq\/wp-json\/wp\/v2\/tags?post=107359"}],"curies":[{"name":"wp","href":"https:\/\/api.w.org\/{rel}","templated":true}]}}