{"id":107335,"date":"2022-06-28T00:00:00","date_gmt":"2022-06-28T00:00:00","guid":{"rendered":"http:\/\/kt.printandscreen.rs\/ne-sveti-sava-120-vende-per-nxenesit-e-ardhshem\/"},"modified":"2024-07-30T17:56:24","modified_gmt":"2024-07-30T17:56:24","slug":"ne-sveti-sava-120-vende-per-nxenesit-e-ardhshem","status":"publish","type":"post","link":"https:\/\/kt.gov.rs\/sq\/ne-sveti-sava-120-vende-per-nxenesit-e-ardhshem\/","title":{"rendered":"N\u00cb \u201cSVETI SAVA\u201d 120 VENDE P\u00cbR NX\u00cbN\u00cbSIT E ARDHSH\u00cbM"},"content":{"rendered":"<p>\n\t<strong><img decoding=\"async\" alt=\"\" src=\"https:\/\/kt.gov.rs\/wp-content\/uploads\/2024\/07\/1656411739_280622_2-2.jpg\" style=\"width: 315px; height: 230px; float: left;\" \/><\/strong><strong>Bujanoc \u2013<\/strong> Beograd \u2013 Bujanoc Shkolla e mesme &quot;Sveti Sava&quot; k\u00ebt\u00eb vit mund t\u00eb regjistroj\u00eb maksimumi 120 nx\u00ebn\u00ebs n\u00eb klas\u00ebn e par\u00eb.<\/p>\n<p>\n\tSi\u00e7 tha Biserka Joviq, drejtoresha e shkoll\u00ebs, n\u00eb klas\u00ebn e par\u00eb regjistrohen kat\u00ebr paralele me maksimum 30 nx\u00ebn\u00ebs.<\/p>\n<p>\n\tVitin e kaluar n\u00eb vitin e par\u00eb ka pasur 150 vende dhe jan\u00eb regjistruar 101 nx\u00ebn\u00ebs.<\/p>\n<p>\n\tTani n\u00eb nivelin e kat\u00ebrt kemi profilet arsimore \u201cteknik doganor\u201d, \u200b\u200b\u201cinfermier-edukator\u201d dhe \u201cteknik mekanik i mjeteve motorike\u201d, nd\u00ebrsa n\u00eb nivelin e tret\u00eb ka vende p\u00ebr 30 kuzhinier\u00eb, nga t\u00eb cil\u00ebt 10 student\u00eb do t\u00eb arsimohen n\u00eb dual. arsim, dhe 20 n\u00eb t\u00eb rregullt\u201d, thot\u00eb drejtori Joviq.<\/p>\n<p>\n\tAjo theksoi se nx\u00ebn\u00ebsit q\u00eb regjistrohen n\u00eb deg\u00ebn \u201ckuzhinier\u201d, p\u00ebr t\u00eb cil\u00ebn ka interes t\u00eb madh, zgjedhin arsimin e dyfisht\u00eb p\u00ebr shkak t\u00eb praktikave t\u00eb mira dhe p\u00ebrfitimeve p\u00ebr ta.<\/p>\n<p>\n\t\u201cUn\u00eb rekomandoj q\u00eb shefat e kuzhin\u00ebs t\u00eb regjistrohen sipas dualit, sepse q\u00eb n\u00eb vitin e par\u00eb kan\u00eb nj\u00eb praktik\u00eb me partner\u00eb social\u00eb q\u00eb mund t\u00eb jen\u00eb nes\u00ebr pun\u00ebdh\u00ebn\u00ebs t\u00eb tyre dhe ato jan\u00eb p\u00ebrfitime p\u00ebr nx\u00ebn\u00ebsit n\u00eb \u00e7do kuptim\u201d, shtoi drejtoresha.<\/p>\n<p>\n\tShefat e ardhsh\u00ebm t\u00eb kuzhin\u00ebs q\u00eb do t\u00eb zgjedhin arsimin e dyfisht\u00eb do t\u00eb ken\u00eb mund\u00ebsin\u00eb t\u00eb fitojn\u00eb aft\u00ebsi dhe aft\u00ebsi kulinare nga mentor\u00ebt n\u00eb NP \u201cNasa radost\u201d n\u00eb Bujanoc, picerin\u00eb \u201cBergamo\u201d dhe restorantin \u201cGradska meana\u201d n\u00eb Vran\u00eb, si partner\u00eb social\u00eb t\u00eb shkoll\u00ebs.<\/p>\n<p>\n\tP\u00ebrve\u00e7 interesimit t\u00eb madh p\u00ebr profilin \u201cinfermier-edukator\u201d, sipas drejtorit, jo m\u00eb pak i p\u00eblqyer \u00ebsht\u00eb edhe drejtimi \u201cteknik doganor\u201d.<\/p>\n<p>\n\t\u201cT\u00eb dy drejtimet jan\u00eb po aq t\u00eb njohura. Q\u00eb kur kemi rifutur teknikun e dogan\u00ebs, kemi regjistruar nga 30 nx\u00ebn\u00ebs. Gjithmon\u00eb ka qen\u00eb plot\u201d, thot\u00eb Jovic.<\/p>\n<p>\n\tSipas kalendarit t\u00eb Ministris\u00eb s\u00eb Arsimit, plot\u00ebsimi dhe dor\u00ebzimi i list\u00ebs s\u00eb d\u00ebshirave p\u00ebr regjistrimin n\u00eb shkollat \u200b\u200be mesme \u00ebsht\u00eb deri n\u00eb dat\u00ebn 6 korrik dhe tashm\u00eb n\u00eb dat\u00ebn 13 korrik, portali Moja srednja skola do t\u00eb mund t\u00eb inspektoj\u00eb list\u00ebn e nx\u00ebn\u00ebsve t\u00eb shp\u00ebrndar\u00eb sipas arsimit. profilet dhe drejtimet n\u00eb shkollat \u200b\u200be mesme.<\/p>\n<p>\n\t<strong>Burimi: Bujanovacke, Trupi Koordinues<\/strong><\/p>\n<p>\n\t\u00a0<\/p>\n","protected":false},"excerpt":{"rendered":"<p>Bujanoc \u2013\u00a0Beograd \u2013 Bujanoc Shkolla e mesme &quot;Sveti Sava&quot; k\u00ebt\u00eb vit mund t\u00eb regjistroj\u00eb maksimumi 120 nx\u00ebn\u00ebs n\u00eb klas\u00ebn e par\u00eb.<\/p>\n","protected":false},"author":1,"featured_media":107340,"comment_status":"closed","ping_status":"closed","sticky":false,"template":"","format":"standard","meta":{"footnotes":""},"categories":[55],"tags":[],"class_list":["post-107335","post","type-post","status-publish","format-standard","has-post-thumbnail","hentry","category-lajme"],"yoast_head":"<!-- This site is optimized with the Yoast SEO plugin v27.5 - https:\/\/yoast.com\/product\/yoast-seo-wordpress\/ -->\n<title>N\u00cb \u201cSVETI SAVA\u201d 120 VENDE P\u00cbR NX\u00cbN\u00cbSIT E ARDHSH\u00cbM - Republika e S\u00ebrbis\u00eb Trupi Koordinues p\u00ebr komunat Bujanoc, Preshev\u00eb dhe Medvegj\u00eb<\/title>\n<meta name=\"robots\" content=\"index, follow, max-snippet:-1, max-image-preview:large, max-video-preview:-1\" \/>\n<link rel=\"canonical\" href=\"https:\/\/kt.gov.rs\/sq\/ne-sveti-sava-120-vende-per-nxenesit-e-ardhshem\/\" \/>\n<meta property=\"og:locale\" content=\"sq_AL\" \/>\n<meta property=\"og:type\" content=\"article\" \/>\n<meta property=\"og:title\" content=\"N\u00cb \u201cSVETI SAVA\u201d 120 VENDE P\u00cbR NX\u00cbN\u00cbSIT E ARDHSH\u00cbM - Republika e S\u00ebrbis\u00eb Trupi Koordinues p\u00ebr komunat Bujanoc, Preshev\u00eb dhe Medvegj\u00eb\" \/>\n<meta property=\"og:description\" content=\"Bujanoc -\u00a0Beograd - Bujanoc Shkolla e mesme &quot;Sveti Sava&quot; k\u00ebt\u00eb vit mund t\u00eb regjistroj\u00eb maksimumi 120 nx\u00ebn\u00ebs n\u00eb klas\u00ebn e par\u00eb.\" \/>\n<meta property=\"og:url\" content=\"https:\/\/kt.gov.rs\/sq\/ne-sveti-sava-120-vende-per-nxenesit-e-ardhshem\/\" \/>\n<meta property=\"og:site_name\" content=\"Republika e S\u00ebrbis\u00eb Trupi Koordinues p\u00ebr komunat Bujanoc, Preshev\u00eb dhe Medvegj\u00eb\" \/>\n<meta property=\"article:publisher\" content=\"https:\/\/www.facebook.com\/SluzbaKoordinacionogTelaVladeRepublikeSrbije\" \/>\n<meta property=\"article:published_time\" content=\"2022-06-28T00:00:00+00:00\" \/>\n<meta property=\"article:modified_time\" content=\"2024-07-30T17:56:24+00:00\" \/>\n<meta property=\"og:image\" content=\"https:\/\/kt.gov.rs\/wp-content\/uploads\/2024\/07\/1656411739_280622_2-3.jpg\" \/>\n\t<meta property=\"og:image:width\" content=\"315\" \/>\n\t<meta property=\"og:image:height\" content=\"230\" \/>\n\t<meta property=\"og:image:type\" content=\"image\/jpeg\" \/>\n<meta name=\"author\" content=\"ktmin\" \/>\n<meta name=\"twitter:card\" content=\"summary_large_image\" \/>\n<meta name=\"twitter:creator\" content=\"@kt_gov\" \/>\n<meta name=\"twitter:site\" content=\"@kt_gov\" \/>\n<meta name=\"twitter:label1\" content=\"Written by\" \/>\n\t<meta name=\"twitter:data1\" content=\"ktmin\" \/>\n\t<meta name=\"twitter:label2\" content=\"Est. reading time\" \/>\n\t<meta name=\"twitter:data2\" content=\"3 minutes\" \/>\n<script type=\"application\/ld+json\" class=\"yoast-schema-graph\">{\"@context\":\"https:\\\/\\\/schema.org\",\"@graph\":[{\"@type\":\"Article\",\"@id\":\"https:\\\/\\\/kt.gov.rs\\\/sq\\\/ne-sveti-sava-120-vende-per-nxenesit-e-ardhshem\\\/#article\",\"isPartOf\":{\"@id\":\"https:\\\/\\\/kt.gov.rs\\\/sq\\\/ne-sveti-sava-120-vende-per-nxenesit-e-ardhshem\\\/\"},\"author\":{\"name\":\"ktmin\",\"@id\":\"https:\\\/\\\/kt.gov.rs\\\/#\\\/schema\\\/person\\\/e426459ddb4173309103390602694571\"},\"headline\":\"N\u00cb \u201cSVETI SAVA\u201d 120 VENDE P\u00cbR NX\u00cbN\u00cbSIT E ARDHSH\u00cbM\",\"datePublished\":\"2022-06-28T00:00:00+00:00\",\"dateModified\":\"2024-07-30T17:56:24+00:00\",\"mainEntityOfPage\":{\"@id\":\"https:\\\/\\\/kt.gov.rs\\\/sq\\\/ne-sveti-sava-120-vende-per-nxenesit-e-ardhshem\\\/\"},\"wordCount\":551,\"publisher\":{\"@id\":\"https:\\\/\\\/kt.gov.rs\\\/#organization\"},\"image\":{\"@id\":\"https:\\\/\\\/kt.gov.rs\\\/sq\\\/ne-sveti-sava-120-vende-per-nxenesit-e-ardhshem\\\/#primaryimage\"},\"thumbnailUrl\":\"https:\\\/\\\/kt.gov.rs\\\/wp-content\\\/uploads\\\/2024\\\/07\\\/1656411739_280622_2-3.jpg\",\"articleSection\":[\"Lajme\"],\"inLanguage\":\"sq-AL\"},{\"@type\":\"WebPage\",\"@id\":\"https:\\\/\\\/kt.gov.rs\\\/sq\\\/ne-sveti-sava-120-vende-per-nxenesit-e-ardhshem\\\/\",\"url\":\"https:\\\/\\\/kt.gov.rs\\\/sq\\\/ne-sveti-sava-120-vende-per-nxenesit-e-ardhshem\\\/\",\"name\":\"N\u00cb \u201cSVETI SAVA\u201d 120 VENDE P\u00cbR NX\u00cbN\u00cbSIT E ARDHSH\u00cbM - Republika e S\u00ebrbis\u00eb Trupi Koordinues p\u00ebr komunat Bujanoc, Preshev\u00eb dhe Medvegj\u00eb\",\"isPartOf\":{\"@id\":\"https:\\\/\\\/kt.gov.rs\\\/#website\"},\"primaryImageOfPage\":{\"@id\":\"https:\\\/\\\/kt.gov.rs\\\/sq\\\/ne-sveti-sava-120-vende-per-nxenesit-e-ardhshem\\\/#primaryimage\"},\"image\":{\"@id\":\"https:\\\/\\\/kt.gov.rs\\\/sq\\\/ne-sveti-sava-120-vende-per-nxenesit-e-ardhshem\\\/#primaryimage\"},\"thumbnailUrl\":\"https:\\\/\\\/kt.gov.rs\\\/wp-content\\\/uploads\\\/2024\\\/07\\\/1656411739_280622_2-3.jpg\",\"datePublished\":\"2022-06-28T00:00:00+00:00\",\"dateModified\":\"2024-07-30T17:56:24+00:00\",\"breadcrumb\":{\"@id\":\"https:\\\/\\\/kt.gov.rs\\\/sq\\\/ne-sveti-sava-120-vende-per-nxenesit-e-ardhshem\\\/#breadcrumb\"},\"inLanguage\":\"sq-AL\",\"potentialAction\":[{\"@type\":\"ReadAction\",\"target\":[\"https:\\\/\\\/kt.gov.rs\\\/sq\\\/ne-sveti-sava-120-vende-per-nxenesit-e-ardhshem\\\/\"]}]},{\"@type\":\"ImageObject\",\"inLanguage\":\"sq-AL\",\"@id\":\"https:\\\/\\\/kt.gov.rs\\\/sq\\\/ne-sveti-sava-120-vende-per-nxenesit-e-ardhshem\\\/#primaryimage\",\"url\":\"https:\\\/\\\/kt.gov.rs\\\/wp-content\\\/uploads\\\/2024\\\/07\\\/1656411739_280622_2-3.jpg\",\"contentUrl\":\"https:\\\/\\\/kt.gov.rs\\\/wp-content\\\/uploads\\\/2024\\\/07\\\/1656411739_280622_2-3.jpg\",\"width\":315,\"height\":230},{\"@type\":\"BreadcrumbList\",\"@id\":\"https:\\\/\\\/kt.gov.rs\\\/sq\\\/ne-sveti-sava-120-vende-per-nxenesit-e-ardhshem\\\/#breadcrumb\",\"itemListElement\":[{\"@type\":\"ListItem\",\"position\":1,\"name\":\"\u041f\u043e\u0447\u0435\u0442\u043d\u0430\",\"item\":\"https:\\\/\\\/kt.gov.rs\\\/sq\\\/\"},{\"@type\":\"ListItem\",\"position\":2,\"name\":\"N\u00cb \u201cSVETI SAVA\u201d 120 VENDE P\u00cbR NX\u00cbN\u00cbSIT E ARDHSH\u00cbM\"}]},{\"@type\":\"WebSite\",\"@id\":\"https:\\\/\\\/kt.gov.rs\\\/#website\",\"url\":\"https:\\\/\\\/kt.gov.rs\\\/\",\"name\":\"\u041a\u043e\u043e\u0440\u0434\u0438\u043d\u0430\u0446\u0438\u043e\u043d\u043e \u0442\u0435\u043b\u043e \u0412\u043b\u0430\u0434\u0435 \u0420\u0435\u043f\u0443\u0431\u043b\u0438\u043a\u0435 \u0421\u0440\u0431\u0438\u0458\u0435 \u0437\u0430 \u043e\u043f\u0448\u0442\u0438\u043d\u0435 \u041f\u0440\u0435\u0448\u0435\u0432\u043e, \u0411\u0443\u0458\u0430\u043d\u043e\u0432\u0430\u0446 \u0438 \u041c\u0435\u0434\u0432\u0435\u0452a\",\"description\":\"\",\"publisher\":{\"@id\":\"https:\\\/\\\/kt.gov.rs\\\/#organization\"},\"alternateName\":\"\u041a\u043e\u043e\u0440\u0434\u0438\u043d\u0430\u0446\u0438\u043e\u043d\u043e \u0442\u0435\u043b\u043e\",\"potentialAction\":[{\"@type\":\"SearchAction\",\"target\":{\"@type\":\"EntryPoint\",\"urlTemplate\":\"https:\\\/\\\/kt.gov.rs\\\/?s={search_term_string}\"},\"query-input\":{\"@type\":\"PropertyValueSpecification\",\"valueRequired\":true,\"valueName\":\"search_term_string\"}}],\"inLanguage\":\"sq-AL\"},{\"@type\":\"Organization\",\"@id\":\"https:\\\/\\\/kt.gov.rs\\\/#organization\",\"name\":\"\u041a\u043e\u043e\u0440\u0434\u0438\u043d\u0430\u0446\u0438\u043e\u043d\u043e \u0442\u0435\u043b\u043e \u0412\u043b\u0430\u0434\u0435 \u0420\u0435\u043f\u0443\u0431\u043b\u0438\u043a\u0435 \u0421\u0440\u0431\u0438\u0458\u0435 \u0437\u0430 \u043e\u043f\u0448\u0442\u0438\u043d\u0435 \u041f\u0440\u0435\u0448\u0435\u0432\u043e, \u0411\u0443\u0458\u0430\u043d\u043e\u0432\u0430\u0446 \u0438 \u041c\u0435\u0434\u0432\u0435\u0452a\",\"alternateName\":\"\u041a\u043e\u043e\u0440\u0434\u0438\u043d\u0430\u0446\u0438\u043e\u043d\u043e \u0442\u0435\u043b\u043e\",\"url\":\"https:\\\/\\\/kt.gov.rs\\\/\",\"logo\":{\"@type\":\"ImageObject\",\"inLanguage\":\"sq-AL\",\"@id\":\"https:\\\/\\\/kt.gov.rs\\\/#\\\/schema\\\/logo\\\/image\\\/\",\"url\":\"https:\\\/\\\/kt.gov.rs\\\/wp-content\\\/uploads\\\/2024\\\/12\\\/koord2.jpg\",\"contentUrl\":\"https:\\\/\\\/kt.gov.rs\\\/wp-content\\\/uploads\\\/2024\\\/12\\\/koord2.jpg\",\"width\":640,\"height\":480,\"caption\":\"\u041a\u043e\u043e\u0440\u0434\u0438\u043d\u0430\u0446\u0438\u043e\u043d\u043e \u0442\u0435\u043b\u043e \u0412\u043b\u0430\u0434\u0435 \u0420\u0435\u043f\u0443\u0431\u043b\u0438\u043a\u0435 \u0421\u0440\u0431\u0438\u0458\u0435 \u0437\u0430 \u043e\u043f\u0448\u0442\u0438\u043d\u0435 \u041f\u0440\u0435\u0448\u0435\u0432\u043e, \u0411\u0443\u0458\u0430\u043d\u043e\u0432\u0430\u0446 \u0438 \u041c\u0435\u0434\u0432\u0435\u0452a\"},\"image\":{\"@id\":\"https:\\\/\\\/kt.gov.rs\\\/#\\\/schema\\\/logo\\\/image\\\/\"},\"sameAs\":[\"https:\\\/\\\/www.facebook.com\\\/SluzbaKoordinacionogTelaVladeRepublikeSrbije\",\"https:\\\/\\\/x.com\\\/kt_gov\",\"https:\\\/\\\/www.youtube.com\\\/@koordinacionotelo\"]},{\"@type\":\"Person\",\"@id\":\"https:\\\/\\\/kt.gov.rs\\\/#\\\/schema\\\/person\\\/e426459ddb4173309103390602694571\",\"name\":\"ktmin\",\"image\":{\"@type\":\"ImageObject\",\"inLanguage\":\"sq-AL\",\"@id\":\"https:\\\/\\\/secure.gravatar.com\\\/avatar\\\/3985c961109853010c3fbc7ba30365bfba5db3dd6c525831d9c595c7525a615a?s=96&d=mm&r=g\",\"url\":\"https:\\\/\\\/secure.gravatar.com\\\/avatar\\\/3985c961109853010c3fbc7ba30365bfba5db3dd6c525831d9c595c7525a615a?s=96&d=mm&r=g\",\"contentUrl\":\"https:\\\/\\\/secure.gravatar.com\\\/avatar\\\/3985c961109853010c3fbc7ba30365bfba5db3dd6c525831d9c595c7525a615a?s=96&d=mm&r=g\",\"caption\":\"ktmin\"},\"sameAs\":[\"https:\\\/\\\/kt.gov.rs\"],\"url\":\"https:\\\/\\\/kt.gov.rs\\\/sq\\\/author\\\/ktmin\\\/\"}]}<\/script>\n<!-- \/ Yoast SEO plugin. -->","yoast_head_json":{"title":"N\u00cb \u201cSVETI SAVA\u201d 120 VENDE P\u00cbR NX\u00cbN\u00cbSIT E ARDHSH\u00cbM - Republika e S\u00ebrbis\u00eb Trupi Koordinues p\u00ebr komunat Bujanoc, Preshev\u00eb dhe Medvegj\u00eb","robots":{"index":"index","follow":"follow","max-snippet":"max-snippet:-1","max-image-preview":"max-image-preview:large","max-video-preview":"max-video-preview:-1"},"canonical":"https:\/\/kt.gov.rs\/sq\/ne-sveti-sava-120-vende-per-nxenesit-e-ardhshem\/","og_locale":"sq_AL","og_type":"article","og_title":"N\u00cb \u201cSVETI SAVA\u201d 120 VENDE P\u00cbR NX\u00cbN\u00cbSIT E ARDHSH\u00cbM - Republika e S\u00ebrbis\u00eb Trupi Koordinues p\u00ebr komunat Bujanoc, Preshev\u00eb dhe Medvegj\u00eb","og_description":"Bujanoc -\u00a0Beograd - Bujanoc Shkolla e mesme &quot;Sveti Sava&quot; k\u00ebt\u00eb vit mund t\u00eb regjistroj\u00eb maksimumi 120 nx\u00ebn\u00ebs n\u00eb klas\u00ebn e par\u00eb.","og_url":"https:\/\/kt.gov.rs\/sq\/ne-sveti-sava-120-vende-per-nxenesit-e-ardhshem\/","og_site_name":"Republika e S\u00ebrbis\u00eb Trupi Koordinues p\u00ebr komunat Bujanoc, Preshev\u00eb dhe Medvegj\u00eb","article_publisher":"https:\/\/www.facebook.com\/SluzbaKoordinacionogTelaVladeRepublikeSrbije","article_published_time":"2022-06-28T00:00:00+00:00","article_modified_time":"2024-07-30T17:56:24+00:00","og_image":[{"width":315,"height":230,"url":"https:\/\/kt.gov.rs\/wp-content\/uploads\/2024\/07\/1656411739_280622_2-3.jpg","type":"image\/jpeg"}],"author":"ktmin","twitter_card":"summary_large_image","twitter_creator":"@kt_gov","twitter_site":"@kt_gov","twitter_misc":{"Written by":"ktmin","Est. reading time":"3 minutes"},"schema":{"@context":"https:\/\/schema.org","@graph":[{"@type":"Article","@id":"https:\/\/kt.gov.rs\/sq\/ne-sveti-sava-120-vende-per-nxenesit-e-ardhshem\/#article","isPartOf":{"@id":"https:\/\/kt.gov.rs\/sq\/ne-sveti-sava-120-vende-per-nxenesit-e-ardhshem\/"},"author":{"name":"ktmin","@id":"https:\/\/kt.gov.rs\/#\/schema\/person\/e426459ddb4173309103390602694571"},"headline":"N\u00cb \u201cSVETI SAVA\u201d 120 VENDE P\u00cbR NX\u00cbN\u00cbSIT E ARDHSH\u00cbM","datePublished":"2022-06-28T00:00:00+00:00","dateModified":"2024-07-30T17:56:24+00:00","mainEntityOfPage":{"@id":"https:\/\/kt.gov.rs\/sq\/ne-sveti-sava-120-vende-per-nxenesit-e-ardhshem\/"},"wordCount":551,"publisher":{"@id":"https:\/\/kt.gov.rs\/#organization"},"image":{"@id":"https:\/\/kt.gov.rs\/sq\/ne-sveti-sava-120-vende-per-nxenesit-e-ardhshem\/#primaryimage"},"thumbnailUrl":"https:\/\/kt.gov.rs\/wp-content\/uploads\/2024\/07\/1656411739_280622_2-3.jpg","articleSection":["Lajme"],"inLanguage":"sq-AL"},{"@type":"WebPage","@id":"https:\/\/kt.gov.rs\/sq\/ne-sveti-sava-120-vende-per-nxenesit-e-ardhshem\/","url":"https:\/\/kt.gov.rs\/sq\/ne-sveti-sava-120-vende-per-nxenesit-e-ardhshem\/","name":"N\u00cb \u201cSVETI SAVA\u201d 120 VENDE P\u00cbR NX\u00cbN\u00cbSIT E ARDHSH\u00cbM - Republika e S\u00ebrbis\u00eb Trupi Koordinues p\u00ebr komunat Bujanoc, Preshev\u00eb dhe Medvegj\u00eb","isPartOf":{"@id":"https:\/\/kt.gov.rs\/#website"},"primaryImageOfPage":{"@id":"https:\/\/kt.gov.rs\/sq\/ne-sveti-sava-120-vende-per-nxenesit-e-ardhshem\/#primaryimage"},"image":{"@id":"https:\/\/kt.gov.rs\/sq\/ne-sveti-sava-120-vende-per-nxenesit-e-ardhshem\/#primaryimage"},"thumbnailUrl":"https:\/\/kt.gov.rs\/wp-content\/uploads\/2024\/07\/1656411739_280622_2-3.jpg","datePublished":"2022-06-28T00:00:00+00:00","dateModified":"2024-07-30T17:56:24+00:00","breadcrumb":{"@id":"https:\/\/kt.gov.rs\/sq\/ne-sveti-sava-120-vende-per-nxenesit-e-ardhshem\/#breadcrumb"},"inLanguage":"sq-AL","potentialAction":[{"@type":"ReadAction","target":["https:\/\/kt.gov.rs\/sq\/ne-sveti-sava-120-vende-per-nxenesit-e-ardhshem\/"]}]},{"@type":"ImageObject","inLanguage":"sq-AL","@id":"https:\/\/kt.gov.rs\/sq\/ne-sveti-sava-120-vende-per-nxenesit-e-ardhshem\/#primaryimage","url":"https:\/\/kt.gov.rs\/wp-content\/uploads\/2024\/07\/1656411739_280622_2-3.jpg","contentUrl":"https:\/\/kt.gov.rs\/wp-content\/uploads\/2024\/07\/1656411739_280622_2-3.jpg","width":315,"height":230},{"@type":"BreadcrumbList","@id":"https:\/\/kt.gov.rs\/sq\/ne-sveti-sava-120-vende-per-nxenesit-e-ardhshem\/#breadcrumb","itemListElement":[{"@type":"ListItem","position":1,"name":"\u041f\u043e\u0447\u0435\u0442\u043d\u0430","item":"https:\/\/kt.gov.rs\/sq\/"},{"@type":"ListItem","position":2,"name":"N\u00cb \u201cSVETI SAVA\u201d 120 VENDE P\u00cbR NX\u00cbN\u00cbSIT E ARDHSH\u00cbM"}]},{"@type":"WebSite","@id":"https:\/\/kt.gov.rs\/#website","url":"https:\/\/kt.gov.rs\/","name":"\u041a\u043e\u043e\u0440\u0434\u0438\u043d\u0430\u0446\u0438\u043e\u043d\u043e \u0442\u0435\u043b\u043e \u0412\u043b\u0430\u0434\u0435 \u0420\u0435\u043f\u0443\u0431\u043b\u0438\u043a\u0435 \u0421\u0440\u0431\u0438\u0458\u0435 \u0437\u0430 \u043e\u043f\u0448\u0442\u0438\u043d\u0435 \u041f\u0440\u0435\u0448\u0435\u0432\u043e, \u0411\u0443\u0458\u0430\u043d\u043e\u0432\u0430\u0446 \u0438 \u041c\u0435\u0434\u0432\u0435\u0452a","description":"","publisher":{"@id":"https:\/\/kt.gov.rs\/#organization"},"alternateName":"\u041a\u043e\u043e\u0440\u0434\u0438\u043d\u0430\u0446\u0438\u043e\u043d\u043e \u0442\u0435\u043b\u043e","potentialAction":[{"@type":"SearchAction","target":{"@type":"EntryPoint","urlTemplate":"https:\/\/kt.gov.rs\/?s={search_term_string}"},"query-input":{"@type":"PropertyValueSpecification","valueRequired":true,"valueName":"search_term_string"}}],"inLanguage":"sq-AL"},{"@type":"Organization","@id":"https:\/\/kt.gov.rs\/#organization","name":"\u041a\u043e\u043e\u0440\u0434\u0438\u043d\u0430\u0446\u0438\u043e\u043d\u043e \u0442\u0435\u043b\u043e \u0412\u043b\u0430\u0434\u0435 \u0420\u0435\u043f\u0443\u0431\u043b\u0438\u043a\u0435 \u0421\u0440\u0431\u0438\u0458\u0435 \u0437\u0430 \u043e\u043f\u0448\u0442\u0438\u043d\u0435 \u041f\u0440\u0435\u0448\u0435\u0432\u043e, \u0411\u0443\u0458\u0430\u043d\u043e\u0432\u0430\u0446 \u0438 \u041c\u0435\u0434\u0432\u0435\u0452a","alternateName":"\u041a\u043e\u043e\u0440\u0434\u0438\u043d\u0430\u0446\u0438\u043e\u043d\u043e \u0442\u0435\u043b\u043e","url":"https:\/\/kt.gov.rs\/","logo":{"@type":"ImageObject","inLanguage":"sq-AL","@id":"https:\/\/kt.gov.rs\/#\/schema\/logo\/image\/","url":"https:\/\/kt.gov.rs\/wp-content\/uploads\/2024\/12\/koord2.jpg","contentUrl":"https:\/\/kt.gov.rs\/wp-content\/uploads\/2024\/12\/koord2.jpg","width":640,"height":480,"caption":"\u041a\u043e\u043e\u0440\u0434\u0438\u043d\u0430\u0446\u0438\u043e\u043d\u043e \u0442\u0435\u043b\u043e \u0412\u043b\u0430\u0434\u0435 \u0420\u0435\u043f\u0443\u0431\u043b\u0438\u043a\u0435 \u0421\u0440\u0431\u0438\u0458\u0435 \u0437\u0430 \u043e\u043f\u0448\u0442\u0438\u043d\u0435 \u041f\u0440\u0435\u0448\u0435\u0432\u043e, \u0411\u0443\u0458\u0430\u043d\u043e\u0432\u0430\u0446 \u0438 \u041c\u0435\u0434\u0432\u0435\u0452a"},"image":{"@id":"https:\/\/kt.gov.rs\/#\/schema\/logo\/image\/"},"sameAs":["https:\/\/www.facebook.com\/SluzbaKoordinacionogTelaVladeRepublikeSrbije","https:\/\/x.com\/kt_gov","https:\/\/www.youtube.com\/@koordinacionotelo"]},{"@type":"Person","@id":"https:\/\/kt.gov.rs\/#\/schema\/person\/e426459ddb4173309103390602694571","name":"ktmin","image":{"@type":"ImageObject","inLanguage":"sq-AL","@id":"https:\/\/secure.gravatar.com\/avatar\/3985c961109853010c3fbc7ba30365bfba5db3dd6c525831d9c595c7525a615a?s=96&d=mm&r=g","url":"https:\/\/secure.gravatar.com\/avatar\/3985c961109853010c3fbc7ba30365bfba5db3dd6c525831d9c595c7525a615a?s=96&d=mm&r=g","contentUrl":"https:\/\/secure.gravatar.com\/avatar\/3985c961109853010c3fbc7ba30365bfba5db3dd6c525831d9c595c7525a615a?s=96&d=mm&r=g","caption":"ktmin"},"sameAs":["https:\/\/kt.gov.rs"],"url":"https:\/\/kt.gov.rs\/sq\/author\/ktmin\/"}]}},"_links":{"self":[{"href":"https:\/\/kt.gov.rs\/sq\/wp-json\/wp\/v2\/posts\/107335","targetHints":{"allow":["GET"]}}],"collection":[{"href":"https:\/\/kt.gov.rs\/sq\/wp-json\/wp\/v2\/posts"}],"about":[{"href":"https:\/\/kt.gov.rs\/sq\/wp-json\/wp\/v2\/types\/post"}],"author":[{"embeddable":true,"href":"https:\/\/kt.gov.rs\/sq\/wp-json\/wp\/v2\/users\/1"}],"replies":[{"embeddable":true,"href":"https:\/\/kt.gov.rs\/sq\/wp-json\/wp\/v2\/comments?post=107335"}],"version-history":[{"count":1,"href":"https:\/\/kt.gov.rs\/sq\/wp-json\/wp\/v2\/posts\/107335\/revisions"}],"predecessor-version":[{"id":107339,"href":"https:\/\/kt.gov.rs\/sq\/wp-json\/wp\/v2\/posts\/107335\/revisions\/107339"}],"wp:featuredmedia":[{"embeddable":true,"href":"https:\/\/kt.gov.rs\/sq\/wp-json\/wp\/v2\/media\/107340"}],"wp:attachment":[{"href":"https:\/\/kt.gov.rs\/sq\/wp-json\/wp\/v2\/media?parent=107335"}],"wp:term":[{"taxonomy":"category","embeddable":true,"href":"https:\/\/kt.gov.rs\/sq\/wp-json\/wp\/v2\/categories?post=107335"},{"taxonomy":"post_tag","embeddable":true,"href":"https:\/\/kt.gov.rs\/sq\/wp-json\/wp\/v2\/tags?post=107335"}],"curies":[{"name":"wp","href":"https:\/\/api.w.org\/{rel}","templated":true}]}}