{"id":107311,"date":"2022-07-01T00:00:00","date_gmt":"2022-07-01T00:00:00","guid":{"rendered":"http:\/\/kt.printandscreen.rs\/oebs-qellimi-eshte-liria-e-plote-e-medias-dhe-siguria-e-gazetareve\/"},"modified":"2024-07-30T17:56:22","modified_gmt":"2024-07-30T17:56:22","slug":"oebs-qellimi-eshte-liria-e-plote-e-medias-dhe-siguria-e-gazetareve","status":"publish","type":"post","link":"https:\/\/kt.gov.rs\/sq\/oebs-qellimi-eshte-liria-e-plote-e-medias-dhe-siguria-e-gazetareve\/","title":{"rendered":"OEBS:Q\u00cbLLIMI \u00cbSHT\u00cb LIRIA E PLOT\u00cb E MEDIAS DHE SIGURIA E GAZETAR\u00cbVE"},"content":{"rendered":"<p>\n\t<img decoding=\"async\" alt=\"\" src=\"https:\/\/kt.gov.rs\/wp-content\/uploads\/2024\/07\/1656681172_070122_1-2.jpg\" style=\"width: 315px; height: 230px; float: left;\" \/><\/p>\n<p>\n\t<strong>Beograd<\/strong> \u2013 Misioni i OSBE-s\u00eb n\u00eb Serbi dhe organizata e OSBE-s\u00eb p\u00ebr lirin\u00eb e medias organizuan nj\u00eb konferenc\u00eb treditore kushtuar liris\u00eb s\u00eb mediave dhe siguris\u00eb s\u00eb gazetar\u00ebve. Gjat\u00eb konferenc\u00ebs u mbajt\u00ebn takime me autoritetet, komunitetin mediatik, shoq\u00ebrin\u00eb civile, duke p\u00ebrfshir\u00eb Prokurorin publik t\u00eb Republik\u00ebs, ministrin e Pun\u00ebve t\u00eb jashtme t\u00eb Republik\u00ebs s\u00eb Serbis\u00eb dhe Kryetarin e Kuvendit t\u00eb Republik\u00ebs s\u00eb Serbis\u00eb.<\/p>\n<p>\n\tU prezantuan rreziqet e nj\u00ebanshm\u00ebris\u00eb dhe ndikimit n\u00eb gazetarin\u00eb lokale, si dhe u diskutua edhe p\u00ebr lirin\u00eb e shprehjes gazetareske. Konferenca u mb\u00ebshtet edhe nga USAID Serbi, po ashtu\u00a0 u diskutuan rreth temave nga p\u00ebrfaq\u00ebsues t\u00eb BIRN dhe Komisioneri p\u00ebr mbrojtjen e barazis\u00eb. Gjithashtu u prezantua Manuali i politikave:Reflektim mbi ndikimin e inteligjenc\u00ebs artificiale n\u00eb lirin\u00eb e shprehjes (SAIFE), i cili ofron udh\u00ebzime p\u00ebr shtetet se si t\u00eb mbrojn\u00eb lirin\u00eb e fjal\u00ebs.<\/p>\n<p>\n\tMinistri i Pun\u00ebve t\u00eb Jashtme t\u00eb Republik\u00ebs s\u00eb Serbis\u00eb, Nikola Selakoviq, ka takuar p\u00ebrfaq\u00ebsuesen e OSBE-s\u00eb p\u00ebr liri mediatike, Teresa Ribeiro, duke th\u00ebn\u00eb se Serbia i kushton r\u00ebnd\u00ebsi t\u00eb madhe \u00e7\u00ebshtjes s\u00eb liris\u00eb s\u00eb mediave dhe bashk\u00ebpunimit me p\u00ebrfaq\u00ebsuesen e OSBE-s\u00eb n\u00eb k\u00ebt\u00eb fush\u00eb.<\/p>\n<p>\n\tSelakoviq e informoi bashk\u00ebbiseduesen se qeveria jon\u00eb po b\u00ebn p\u00ebrpjekje t\u00eb m\u00ebdha n\u00eb zbatimin e Planit t\u00eb veprimit p\u00ebr zbatimin e Strategjis\u00eb p\u00ebr Zhvillimin e sistemit informativ publik p\u00ebr periudh\u00ebn 2020-2025. dhe se ndryshimet e m\u00ebtejshme t\u00eb ligjeve p\u00ebr media n\u00eb p\u00ebrputhje me Planin e Veprimit do t\u00eb vazhdojn\u00eb pas formimit t\u00eb Qeveris\u00eb s\u00eb Serbis\u00eb.<\/p>\n<p>\n\tSi\u00e7 tha shefi i misionit t\u00eb OSBE-s\u00eb n\u00eb Serbi, Jan Bratu, OSBE-ja do t\u00eb vazhdoj\u00eb t\u00eb mb\u00ebshtes\u00eb Serbin\u00eb n\u00eb pun\u00ebn e saj shum\u00eb t\u00eb r\u00ebnd\u00ebsishme, zbatimin e Planit t\u00eb Veprimit p\u00ebr Strategjin\u00eb p\u00ebr Media.<\/p>\n<p>\n\tN\u00eb k\u00ebt\u00eb konferenc\u00eb mor\u00ebn pjes\u00eb edhe p\u00ebrfaq\u00ebsues t\u00eb mediave nga jugu i Serbis\u00eb, nd\u00ebrsa para Sh\u00ebrbimit t\u00eb Trupit Koordinues ishte e pranishme ndihm\u00ebsdrejtoresha n\u00eb detyr\u00eb Tamara Millosheviq \u2013 Grbiq.<\/p>\n<p>\n\t<strong>Burimi <\/strong>: <strong>OEBS. Tanjug, Koordinaciono telo<\/strong><\/p>\n<p>\n\t\u00a0<\/p>\n","protected":false},"excerpt":{"rendered":"<p>Beograd\u00a0\u2013 Misioni i OSBE-s\u00eb n\u00eb Serbi dhe organizata e OSBE-s\u00eb p\u00ebr lirin\u00eb e medias organizuan nj\u00eb konferenc\u00eb treditore kushtuar liris\u00eb s\u00eb mediave dhe siguris\u00eb s\u00eb gazetar\u00ebve.\u00a0<\/p>\n","protected":false},"author":1,"featured_media":107316,"comment_status":"closed","ping_status":"closed","sticky":false,"template":"","format":"standard","meta":{"footnotes":""},"categories":[55],"tags":[],"class_list":["post-107311","post","type-post","status-publish","format-standard","has-post-thumbnail","hentry","category-lajme"],"yoast_head":"<!-- This site is optimized with the Yoast SEO plugin v27.5 - https:\/\/yoast.com\/product\/yoast-seo-wordpress\/ -->\n<title>OEBS:Q\u00cbLLIMI \u00cbSHT\u00cb LIRIA E PLOT\u00cb E MEDIAS DHE SIGURIA E GAZETAR\u00cbVE - Republika e S\u00ebrbis\u00eb Trupi Koordinues p\u00ebr komunat Bujanoc, Preshev\u00eb dhe Medvegj\u00eb<\/title>\n<meta name=\"robots\" content=\"index, follow, max-snippet:-1, max-image-preview:large, max-video-preview:-1\" \/>\n<link rel=\"canonical\" href=\"https:\/\/kt.gov.rs\/sq\/oebs-qellimi-eshte-liria-e-plote-e-medias-dhe-siguria-e-gazetareve\/\" \/>\n<meta property=\"og:locale\" content=\"sq_AL\" \/>\n<meta property=\"og:type\" content=\"article\" \/>\n<meta property=\"og:title\" content=\"OEBS:Q\u00cbLLIMI \u00cbSHT\u00cb LIRIA E PLOT\u00cb E MEDIAS DHE SIGURIA E GAZETAR\u00cbVE - Republika e S\u00ebrbis\u00eb Trupi Koordinues p\u00ebr komunat Bujanoc, Preshev\u00eb dhe Medvegj\u00eb\" \/>\n<meta property=\"og:description\" content=\"Beograd\u00a0- Misioni i OSBE-s\u00eb n\u00eb Serbi dhe organizata e OSBE-s\u00eb p\u00ebr lirin\u00eb e medias organizuan nj\u00eb konferenc\u00eb treditore kushtuar liris\u00eb s\u00eb mediave dhe siguris\u00eb s\u00eb gazetar\u00ebve.\u00a0\" \/>\n<meta property=\"og:url\" content=\"https:\/\/kt.gov.rs\/sq\/oebs-qellimi-eshte-liria-e-plote-e-medias-dhe-siguria-e-gazetareve\/\" \/>\n<meta property=\"og:site_name\" content=\"Republika e S\u00ebrbis\u00eb Trupi Koordinues p\u00ebr komunat Bujanoc, Preshev\u00eb dhe Medvegj\u00eb\" \/>\n<meta property=\"article:publisher\" content=\"https:\/\/www.facebook.com\/SluzbaKoordinacionogTelaVladeRepublikeSrbije\" \/>\n<meta property=\"article:published_time\" content=\"2022-07-01T00:00:00+00:00\" \/>\n<meta property=\"article:modified_time\" content=\"2024-07-30T17:56:22+00:00\" \/>\n<meta property=\"og:image\" content=\"https:\/\/kt.gov.rs\/wp-content\/uploads\/2024\/07\/1656681172_070122_1-3.jpg\" \/>\n\t<meta property=\"og:image:width\" content=\"315\" \/>\n\t<meta property=\"og:image:height\" content=\"230\" \/>\n\t<meta property=\"og:image:type\" content=\"image\/jpeg\" \/>\n<meta name=\"author\" content=\"ktmin\" \/>\n<meta name=\"twitter:card\" content=\"summary_large_image\" \/>\n<meta name=\"twitter:creator\" content=\"@kt_gov\" \/>\n<meta name=\"twitter:site\" content=\"@kt_gov\" \/>\n<meta name=\"twitter:label1\" content=\"Written by\" \/>\n\t<meta name=\"twitter:data1\" content=\"ktmin\" \/>\n\t<meta name=\"twitter:label2\" content=\"Est. reading time\" \/>\n\t<meta name=\"twitter:data2\" content=\"3 minutes\" \/>\n<script type=\"application\/ld+json\" class=\"yoast-schema-graph\">{\"@context\":\"https:\\\/\\\/schema.org\",\"@graph\":[{\"@type\":\"Article\",\"@id\":\"https:\\\/\\\/kt.gov.rs\\\/sq\\\/oebs-qellimi-eshte-liria-e-plote-e-medias-dhe-siguria-e-gazetareve\\\/#article\",\"isPartOf\":{\"@id\":\"https:\\\/\\\/kt.gov.rs\\\/sq\\\/oebs-qellimi-eshte-liria-e-plote-e-medias-dhe-siguria-e-gazetareve\\\/\"},\"author\":{\"name\":\"ktmin\",\"@id\":\"https:\\\/\\\/kt.gov.rs\\\/#\\\/schema\\\/person\\\/e426459ddb4173309103390602694571\"},\"headline\":\"OEBS:Q\u00cbLLIMI \u00cbSHT\u00cb LIRIA E PLOT\u00cb E MEDIAS DHE SIGURIA E GAZETAR\u00cbVE\",\"datePublished\":\"2022-07-01T00:00:00+00:00\",\"dateModified\":\"2024-07-30T17:56:22+00:00\",\"mainEntityOfPage\":{\"@id\":\"https:\\\/\\\/kt.gov.rs\\\/sq\\\/oebs-qellimi-eshte-liria-e-plote-e-medias-dhe-siguria-e-gazetareve\\\/\"},\"wordCount\":515,\"publisher\":{\"@id\":\"https:\\\/\\\/kt.gov.rs\\\/#organization\"},\"image\":{\"@id\":\"https:\\\/\\\/kt.gov.rs\\\/sq\\\/oebs-qellimi-eshte-liria-e-plote-e-medias-dhe-siguria-e-gazetareve\\\/#primaryimage\"},\"thumbnailUrl\":\"https:\\\/\\\/kt.gov.rs\\\/wp-content\\\/uploads\\\/2024\\\/07\\\/1656681172_070122_1-3.jpg\",\"articleSection\":[\"Lajme\"],\"inLanguage\":\"sq-AL\"},{\"@type\":\"WebPage\",\"@id\":\"https:\\\/\\\/kt.gov.rs\\\/sq\\\/oebs-qellimi-eshte-liria-e-plote-e-medias-dhe-siguria-e-gazetareve\\\/\",\"url\":\"https:\\\/\\\/kt.gov.rs\\\/sq\\\/oebs-qellimi-eshte-liria-e-plote-e-medias-dhe-siguria-e-gazetareve\\\/\",\"name\":\"OEBS:Q\u00cbLLIMI \u00cbSHT\u00cb LIRIA E PLOT\u00cb E MEDIAS DHE SIGURIA E GAZETAR\u00cbVE - Republika e S\u00ebrbis\u00eb Trupi Koordinues p\u00ebr komunat Bujanoc, Preshev\u00eb dhe Medvegj\u00eb\",\"isPartOf\":{\"@id\":\"https:\\\/\\\/kt.gov.rs\\\/#website\"},\"primaryImageOfPage\":{\"@id\":\"https:\\\/\\\/kt.gov.rs\\\/sq\\\/oebs-qellimi-eshte-liria-e-plote-e-medias-dhe-siguria-e-gazetareve\\\/#primaryimage\"},\"image\":{\"@id\":\"https:\\\/\\\/kt.gov.rs\\\/sq\\\/oebs-qellimi-eshte-liria-e-plote-e-medias-dhe-siguria-e-gazetareve\\\/#primaryimage\"},\"thumbnailUrl\":\"https:\\\/\\\/kt.gov.rs\\\/wp-content\\\/uploads\\\/2024\\\/07\\\/1656681172_070122_1-3.jpg\",\"datePublished\":\"2022-07-01T00:00:00+00:00\",\"dateModified\":\"2024-07-30T17:56:22+00:00\",\"breadcrumb\":{\"@id\":\"https:\\\/\\\/kt.gov.rs\\\/sq\\\/oebs-qellimi-eshte-liria-e-plote-e-medias-dhe-siguria-e-gazetareve\\\/#breadcrumb\"},\"inLanguage\":\"sq-AL\",\"potentialAction\":[{\"@type\":\"ReadAction\",\"target\":[\"https:\\\/\\\/kt.gov.rs\\\/sq\\\/oebs-qellimi-eshte-liria-e-plote-e-medias-dhe-siguria-e-gazetareve\\\/\"]}]},{\"@type\":\"ImageObject\",\"inLanguage\":\"sq-AL\",\"@id\":\"https:\\\/\\\/kt.gov.rs\\\/sq\\\/oebs-qellimi-eshte-liria-e-plote-e-medias-dhe-siguria-e-gazetareve\\\/#primaryimage\",\"url\":\"https:\\\/\\\/kt.gov.rs\\\/wp-content\\\/uploads\\\/2024\\\/07\\\/1656681172_070122_1-3.jpg\",\"contentUrl\":\"https:\\\/\\\/kt.gov.rs\\\/wp-content\\\/uploads\\\/2024\\\/07\\\/1656681172_070122_1-3.jpg\",\"width\":315,\"height\":230},{\"@type\":\"BreadcrumbList\",\"@id\":\"https:\\\/\\\/kt.gov.rs\\\/sq\\\/oebs-qellimi-eshte-liria-e-plote-e-medias-dhe-siguria-e-gazetareve\\\/#breadcrumb\",\"itemListElement\":[{\"@type\":\"ListItem\",\"position\":1,\"name\":\"\u041f\u043e\u0447\u0435\u0442\u043d\u0430\",\"item\":\"https:\\\/\\\/kt.gov.rs\\\/sq\\\/\"},{\"@type\":\"ListItem\",\"position\":2,\"name\":\"OEBS:Q\u00cbLLIMI \u00cbSHT\u00cb LIRIA E PLOT\u00cb E MEDIAS DHE SIGURIA E GAZETAR\u00cbVE\"}]},{\"@type\":\"WebSite\",\"@id\":\"https:\\\/\\\/kt.gov.rs\\\/#website\",\"url\":\"https:\\\/\\\/kt.gov.rs\\\/\",\"name\":\"\u041a\u043e\u043e\u0440\u0434\u0438\u043d\u0430\u0446\u0438\u043e\u043d\u043e \u0442\u0435\u043b\u043e \u0412\u043b\u0430\u0434\u0435 \u0420\u0435\u043f\u0443\u0431\u043b\u0438\u043a\u0435 \u0421\u0440\u0431\u0438\u0458\u0435 \u0437\u0430 \u043e\u043f\u0448\u0442\u0438\u043d\u0435 \u041f\u0440\u0435\u0448\u0435\u0432\u043e, \u0411\u0443\u0458\u0430\u043d\u043e\u0432\u0430\u0446 \u0438 \u041c\u0435\u0434\u0432\u0435\u0452a\",\"description\":\"\",\"publisher\":{\"@id\":\"https:\\\/\\\/kt.gov.rs\\\/#organization\"},\"alternateName\":\"\u041a\u043e\u043e\u0440\u0434\u0438\u043d\u0430\u0446\u0438\u043e\u043d\u043e \u0442\u0435\u043b\u043e\",\"potentialAction\":[{\"@type\":\"SearchAction\",\"target\":{\"@type\":\"EntryPoint\",\"urlTemplate\":\"https:\\\/\\\/kt.gov.rs\\\/?s={search_term_string}\"},\"query-input\":{\"@type\":\"PropertyValueSpecification\",\"valueRequired\":true,\"valueName\":\"search_term_string\"}}],\"inLanguage\":\"sq-AL\"},{\"@type\":\"Organization\",\"@id\":\"https:\\\/\\\/kt.gov.rs\\\/#organization\",\"name\":\"\u041a\u043e\u043e\u0440\u0434\u0438\u043d\u0430\u0446\u0438\u043e\u043d\u043e \u0442\u0435\u043b\u043e \u0412\u043b\u0430\u0434\u0435 \u0420\u0435\u043f\u0443\u0431\u043b\u0438\u043a\u0435 \u0421\u0440\u0431\u0438\u0458\u0435 \u0437\u0430 \u043e\u043f\u0448\u0442\u0438\u043d\u0435 \u041f\u0440\u0435\u0448\u0435\u0432\u043e, \u0411\u0443\u0458\u0430\u043d\u043e\u0432\u0430\u0446 \u0438 \u041c\u0435\u0434\u0432\u0435\u0452a\",\"alternateName\":\"\u041a\u043e\u043e\u0440\u0434\u0438\u043d\u0430\u0446\u0438\u043e\u043d\u043e \u0442\u0435\u043b\u043e\",\"url\":\"https:\\\/\\\/kt.gov.rs\\\/\",\"logo\":{\"@type\":\"ImageObject\",\"inLanguage\":\"sq-AL\",\"@id\":\"https:\\\/\\\/kt.gov.rs\\\/#\\\/schema\\\/logo\\\/image\\\/\",\"url\":\"https:\\\/\\\/kt.gov.rs\\\/wp-content\\\/uploads\\\/2024\\\/12\\\/koord2.jpg\",\"contentUrl\":\"https:\\\/\\\/kt.gov.rs\\\/wp-content\\\/uploads\\\/2024\\\/12\\\/koord2.jpg\",\"width\":640,\"height\":480,\"caption\":\"\u041a\u043e\u043e\u0440\u0434\u0438\u043d\u0430\u0446\u0438\u043e\u043d\u043e \u0442\u0435\u043b\u043e \u0412\u043b\u0430\u0434\u0435 \u0420\u0435\u043f\u0443\u0431\u043b\u0438\u043a\u0435 \u0421\u0440\u0431\u0438\u0458\u0435 \u0437\u0430 \u043e\u043f\u0448\u0442\u0438\u043d\u0435 \u041f\u0440\u0435\u0448\u0435\u0432\u043e, \u0411\u0443\u0458\u0430\u043d\u043e\u0432\u0430\u0446 \u0438 \u041c\u0435\u0434\u0432\u0435\u0452a\"},\"image\":{\"@id\":\"https:\\\/\\\/kt.gov.rs\\\/#\\\/schema\\\/logo\\\/image\\\/\"},\"sameAs\":[\"https:\\\/\\\/www.facebook.com\\\/SluzbaKoordinacionogTelaVladeRepublikeSrbije\",\"https:\\\/\\\/x.com\\\/kt_gov\",\"https:\\\/\\\/www.youtube.com\\\/@koordinacionotelo\"]},{\"@type\":\"Person\",\"@id\":\"https:\\\/\\\/kt.gov.rs\\\/#\\\/schema\\\/person\\\/e426459ddb4173309103390602694571\",\"name\":\"ktmin\",\"image\":{\"@type\":\"ImageObject\",\"inLanguage\":\"sq-AL\",\"@id\":\"https:\\\/\\\/secure.gravatar.com\\\/avatar\\\/3985c961109853010c3fbc7ba30365bfba5db3dd6c525831d9c595c7525a615a?s=96&d=mm&r=g\",\"url\":\"https:\\\/\\\/secure.gravatar.com\\\/avatar\\\/3985c961109853010c3fbc7ba30365bfba5db3dd6c525831d9c595c7525a615a?s=96&d=mm&r=g\",\"contentUrl\":\"https:\\\/\\\/secure.gravatar.com\\\/avatar\\\/3985c961109853010c3fbc7ba30365bfba5db3dd6c525831d9c595c7525a615a?s=96&d=mm&r=g\",\"caption\":\"ktmin\"},\"sameAs\":[\"https:\\\/\\\/kt.gov.rs\"],\"url\":\"https:\\\/\\\/kt.gov.rs\\\/sq\\\/author\\\/ktmin\\\/\"}]}<\/script>\n<!-- \/ Yoast SEO plugin. -->","yoast_head_json":{"title":"OEBS:Q\u00cbLLIMI \u00cbSHT\u00cb LIRIA E PLOT\u00cb E MEDIAS DHE SIGURIA E GAZETAR\u00cbVE - Republika e S\u00ebrbis\u00eb Trupi Koordinues p\u00ebr komunat Bujanoc, Preshev\u00eb dhe Medvegj\u00eb","robots":{"index":"index","follow":"follow","max-snippet":"max-snippet:-1","max-image-preview":"max-image-preview:large","max-video-preview":"max-video-preview:-1"},"canonical":"https:\/\/kt.gov.rs\/sq\/oebs-qellimi-eshte-liria-e-plote-e-medias-dhe-siguria-e-gazetareve\/","og_locale":"sq_AL","og_type":"article","og_title":"OEBS:Q\u00cbLLIMI \u00cbSHT\u00cb LIRIA E PLOT\u00cb E MEDIAS DHE SIGURIA E GAZETAR\u00cbVE - Republika e S\u00ebrbis\u00eb Trupi Koordinues p\u00ebr komunat Bujanoc, Preshev\u00eb dhe Medvegj\u00eb","og_description":"Beograd\u00a0- Misioni i OSBE-s\u00eb n\u00eb Serbi dhe organizata e OSBE-s\u00eb p\u00ebr lirin\u00eb e medias organizuan nj\u00eb konferenc\u00eb treditore kushtuar liris\u00eb s\u00eb mediave dhe siguris\u00eb s\u00eb gazetar\u00ebve.\u00a0","og_url":"https:\/\/kt.gov.rs\/sq\/oebs-qellimi-eshte-liria-e-plote-e-medias-dhe-siguria-e-gazetareve\/","og_site_name":"Republika e S\u00ebrbis\u00eb Trupi Koordinues p\u00ebr komunat Bujanoc, Preshev\u00eb dhe Medvegj\u00eb","article_publisher":"https:\/\/www.facebook.com\/SluzbaKoordinacionogTelaVladeRepublikeSrbije","article_published_time":"2022-07-01T00:00:00+00:00","article_modified_time":"2024-07-30T17:56:22+00:00","og_image":[{"width":315,"height":230,"url":"https:\/\/kt.gov.rs\/wp-content\/uploads\/2024\/07\/1656681172_070122_1-3.jpg","type":"image\/jpeg"}],"author":"ktmin","twitter_card":"summary_large_image","twitter_creator":"@kt_gov","twitter_site":"@kt_gov","twitter_misc":{"Written by":"ktmin","Est. reading time":"3 minutes"},"schema":{"@context":"https:\/\/schema.org","@graph":[{"@type":"Article","@id":"https:\/\/kt.gov.rs\/sq\/oebs-qellimi-eshte-liria-e-plote-e-medias-dhe-siguria-e-gazetareve\/#article","isPartOf":{"@id":"https:\/\/kt.gov.rs\/sq\/oebs-qellimi-eshte-liria-e-plote-e-medias-dhe-siguria-e-gazetareve\/"},"author":{"name":"ktmin","@id":"https:\/\/kt.gov.rs\/#\/schema\/person\/e426459ddb4173309103390602694571"},"headline":"OEBS:Q\u00cbLLIMI \u00cbSHT\u00cb LIRIA E PLOT\u00cb E MEDIAS DHE SIGURIA E GAZETAR\u00cbVE","datePublished":"2022-07-01T00:00:00+00:00","dateModified":"2024-07-30T17:56:22+00:00","mainEntityOfPage":{"@id":"https:\/\/kt.gov.rs\/sq\/oebs-qellimi-eshte-liria-e-plote-e-medias-dhe-siguria-e-gazetareve\/"},"wordCount":515,"publisher":{"@id":"https:\/\/kt.gov.rs\/#organization"},"image":{"@id":"https:\/\/kt.gov.rs\/sq\/oebs-qellimi-eshte-liria-e-plote-e-medias-dhe-siguria-e-gazetareve\/#primaryimage"},"thumbnailUrl":"https:\/\/kt.gov.rs\/wp-content\/uploads\/2024\/07\/1656681172_070122_1-3.jpg","articleSection":["Lajme"],"inLanguage":"sq-AL"},{"@type":"WebPage","@id":"https:\/\/kt.gov.rs\/sq\/oebs-qellimi-eshte-liria-e-plote-e-medias-dhe-siguria-e-gazetareve\/","url":"https:\/\/kt.gov.rs\/sq\/oebs-qellimi-eshte-liria-e-plote-e-medias-dhe-siguria-e-gazetareve\/","name":"OEBS:Q\u00cbLLIMI \u00cbSHT\u00cb LIRIA E PLOT\u00cb E MEDIAS DHE SIGURIA E GAZETAR\u00cbVE - Republika e S\u00ebrbis\u00eb Trupi Koordinues p\u00ebr komunat Bujanoc, Preshev\u00eb dhe Medvegj\u00eb","isPartOf":{"@id":"https:\/\/kt.gov.rs\/#website"},"primaryImageOfPage":{"@id":"https:\/\/kt.gov.rs\/sq\/oebs-qellimi-eshte-liria-e-plote-e-medias-dhe-siguria-e-gazetareve\/#primaryimage"},"image":{"@id":"https:\/\/kt.gov.rs\/sq\/oebs-qellimi-eshte-liria-e-plote-e-medias-dhe-siguria-e-gazetareve\/#primaryimage"},"thumbnailUrl":"https:\/\/kt.gov.rs\/wp-content\/uploads\/2024\/07\/1656681172_070122_1-3.jpg","datePublished":"2022-07-01T00:00:00+00:00","dateModified":"2024-07-30T17:56:22+00:00","breadcrumb":{"@id":"https:\/\/kt.gov.rs\/sq\/oebs-qellimi-eshte-liria-e-plote-e-medias-dhe-siguria-e-gazetareve\/#breadcrumb"},"inLanguage":"sq-AL","potentialAction":[{"@type":"ReadAction","target":["https:\/\/kt.gov.rs\/sq\/oebs-qellimi-eshte-liria-e-plote-e-medias-dhe-siguria-e-gazetareve\/"]}]},{"@type":"ImageObject","inLanguage":"sq-AL","@id":"https:\/\/kt.gov.rs\/sq\/oebs-qellimi-eshte-liria-e-plote-e-medias-dhe-siguria-e-gazetareve\/#primaryimage","url":"https:\/\/kt.gov.rs\/wp-content\/uploads\/2024\/07\/1656681172_070122_1-3.jpg","contentUrl":"https:\/\/kt.gov.rs\/wp-content\/uploads\/2024\/07\/1656681172_070122_1-3.jpg","width":315,"height":230},{"@type":"BreadcrumbList","@id":"https:\/\/kt.gov.rs\/sq\/oebs-qellimi-eshte-liria-e-plote-e-medias-dhe-siguria-e-gazetareve\/#breadcrumb","itemListElement":[{"@type":"ListItem","position":1,"name":"\u041f\u043e\u0447\u0435\u0442\u043d\u0430","item":"https:\/\/kt.gov.rs\/sq\/"},{"@type":"ListItem","position":2,"name":"OEBS:Q\u00cbLLIMI \u00cbSHT\u00cb LIRIA E PLOT\u00cb E MEDIAS DHE SIGURIA E GAZETAR\u00cbVE"}]},{"@type":"WebSite","@id":"https:\/\/kt.gov.rs\/#website","url":"https:\/\/kt.gov.rs\/","name":"\u041a\u043e\u043e\u0440\u0434\u0438\u043d\u0430\u0446\u0438\u043e\u043d\u043e \u0442\u0435\u043b\u043e \u0412\u043b\u0430\u0434\u0435 \u0420\u0435\u043f\u0443\u0431\u043b\u0438\u043a\u0435 \u0421\u0440\u0431\u0438\u0458\u0435 \u0437\u0430 \u043e\u043f\u0448\u0442\u0438\u043d\u0435 \u041f\u0440\u0435\u0448\u0435\u0432\u043e, \u0411\u0443\u0458\u0430\u043d\u043e\u0432\u0430\u0446 \u0438 \u041c\u0435\u0434\u0432\u0435\u0452a","description":"","publisher":{"@id":"https:\/\/kt.gov.rs\/#organization"},"alternateName":"\u041a\u043e\u043e\u0440\u0434\u0438\u043d\u0430\u0446\u0438\u043e\u043d\u043e \u0442\u0435\u043b\u043e","potentialAction":[{"@type":"SearchAction","target":{"@type":"EntryPoint","urlTemplate":"https:\/\/kt.gov.rs\/?s={search_term_string}"},"query-input":{"@type":"PropertyValueSpecification","valueRequired":true,"valueName":"search_term_string"}}],"inLanguage":"sq-AL"},{"@type":"Organization","@id":"https:\/\/kt.gov.rs\/#organization","name":"\u041a\u043e\u043e\u0440\u0434\u0438\u043d\u0430\u0446\u0438\u043e\u043d\u043e \u0442\u0435\u043b\u043e \u0412\u043b\u0430\u0434\u0435 \u0420\u0435\u043f\u0443\u0431\u043b\u0438\u043a\u0435 \u0421\u0440\u0431\u0438\u0458\u0435 \u0437\u0430 \u043e\u043f\u0448\u0442\u0438\u043d\u0435 \u041f\u0440\u0435\u0448\u0435\u0432\u043e, \u0411\u0443\u0458\u0430\u043d\u043e\u0432\u0430\u0446 \u0438 \u041c\u0435\u0434\u0432\u0435\u0452a","alternateName":"\u041a\u043e\u043e\u0440\u0434\u0438\u043d\u0430\u0446\u0438\u043e\u043d\u043e \u0442\u0435\u043b\u043e","url":"https:\/\/kt.gov.rs\/","logo":{"@type":"ImageObject","inLanguage":"sq-AL","@id":"https:\/\/kt.gov.rs\/#\/schema\/logo\/image\/","url":"https:\/\/kt.gov.rs\/wp-content\/uploads\/2024\/12\/koord2.jpg","contentUrl":"https:\/\/kt.gov.rs\/wp-content\/uploads\/2024\/12\/koord2.jpg","width":640,"height":480,"caption":"\u041a\u043e\u043e\u0440\u0434\u0438\u043d\u0430\u0446\u0438\u043e\u043d\u043e \u0442\u0435\u043b\u043e \u0412\u043b\u0430\u0434\u0435 \u0420\u0435\u043f\u0443\u0431\u043b\u0438\u043a\u0435 \u0421\u0440\u0431\u0438\u0458\u0435 \u0437\u0430 \u043e\u043f\u0448\u0442\u0438\u043d\u0435 \u041f\u0440\u0435\u0448\u0435\u0432\u043e, \u0411\u0443\u0458\u0430\u043d\u043e\u0432\u0430\u0446 \u0438 \u041c\u0435\u0434\u0432\u0435\u0452a"},"image":{"@id":"https:\/\/kt.gov.rs\/#\/schema\/logo\/image\/"},"sameAs":["https:\/\/www.facebook.com\/SluzbaKoordinacionogTelaVladeRepublikeSrbije","https:\/\/x.com\/kt_gov","https:\/\/www.youtube.com\/@koordinacionotelo"]},{"@type":"Person","@id":"https:\/\/kt.gov.rs\/#\/schema\/person\/e426459ddb4173309103390602694571","name":"ktmin","image":{"@type":"ImageObject","inLanguage":"sq-AL","@id":"https:\/\/secure.gravatar.com\/avatar\/3985c961109853010c3fbc7ba30365bfba5db3dd6c525831d9c595c7525a615a?s=96&d=mm&r=g","url":"https:\/\/secure.gravatar.com\/avatar\/3985c961109853010c3fbc7ba30365bfba5db3dd6c525831d9c595c7525a615a?s=96&d=mm&r=g","contentUrl":"https:\/\/secure.gravatar.com\/avatar\/3985c961109853010c3fbc7ba30365bfba5db3dd6c525831d9c595c7525a615a?s=96&d=mm&r=g","caption":"ktmin"},"sameAs":["https:\/\/kt.gov.rs"],"url":"https:\/\/kt.gov.rs\/sq\/author\/ktmin\/"}]}},"_links":{"self":[{"href":"https:\/\/kt.gov.rs\/sq\/wp-json\/wp\/v2\/posts\/107311","targetHints":{"allow":["GET"]}}],"collection":[{"href":"https:\/\/kt.gov.rs\/sq\/wp-json\/wp\/v2\/posts"}],"about":[{"href":"https:\/\/kt.gov.rs\/sq\/wp-json\/wp\/v2\/types\/post"}],"author":[{"embeddable":true,"href":"https:\/\/kt.gov.rs\/sq\/wp-json\/wp\/v2\/users\/1"}],"replies":[{"embeddable":true,"href":"https:\/\/kt.gov.rs\/sq\/wp-json\/wp\/v2\/comments?post=107311"}],"version-history":[{"count":1,"href":"https:\/\/kt.gov.rs\/sq\/wp-json\/wp\/v2\/posts\/107311\/revisions"}],"predecessor-version":[{"id":107315,"href":"https:\/\/kt.gov.rs\/sq\/wp-json\/wp\/v2\/posts\/107311\/revisions\/107315"}],"wp:featuredmedia":[{"embeddable":true,"href":"https:\/\/kt.gov.rs\/sq\/wp-json\/wp\/v2\/media\/107316"}],"wp:attachment":[{"href":"https:\/\/kt.gov.rs\/sq\/wp-json\/wp\/v2\/media?parent=107311"}],"wp:term":[{"taxonomy":"category","embeddable":true,"href":"https:\/\/kt.gov.rs\/sq\/wp-json\/wp\/v2\/categories?post=107311"},{"taxonomy":"post_tag","embeddable":true,"href":"https:\/\/kt.gov.rs\/sq\/wp-json\/wp\/v2\/tags?post=107311"}],"curies":[{"name":"wp","href":"https:\/\/api.w.org\/{rel}","templated":true}]}}