{"id":107252,"date":"2022-08-03T00:00:00","date_gmt":"2022-08-03T00:00:00","guid":{"rendered":"http:\/\/kt.printandscreen.rs\/pendarovski-neprohor-pconjski-ketu-jane-vendosur-themelet-e-shtetit-tone\/"},"modified":"2024-07-30T17:56:16","modified_gmt":"2024-07-30T17:56:16","slug":"pendarovski-neprohor-pconjski-ketu-jane-vendosur-themelet-e-shtetit-tone","status":"publish","type":"post","link":"https:\/\/kt.gov.rs\/sq\/pendarovski-neprohor-pconjski-ketu-jane-vendosur-themelet-e-shtetit-tone\/","title":{"rendered":"PENDAROVSKI N\u00cbPROHOR PCONJSKI: K\u00cbTU JAN\u00cb VENDOSUR THEMELET E SHTETIT TON\u00cb"},"content":{"rendered":"<p>\n\t<strong><img decoding=\"async\" alt=\"\" src=\"https:\/\/kt.gov.rs\/wp-content\/uploads\/2024\/07\/1659526285_030822_3-2.jpg\" style=\"width: 315px; height: 230px; float: left;\" \/>Bujanoc \u2013 Beograd<\/strong> \u2013 N\u00eb Manastirin e Sh\u00ebn Prohorit t\u00eb P\u00e7inj\u00ebs af\u00ebr Bujanocit u kremtua Ilindeni, ku mor\u00ebn pjes\u00eb delegacioni shtet\u00ebror dhe kishtar i Maqedonis\u00eb s\u00eb Veriut i kryesuar nga presidenti i atij vendi, Stevo Pendarovski. N\u00eb Maqedoni, Ilindeni festohet edhe si Dita e Republik\u00ebs.<\/p>\n<p>\n\tMysafir\u00ebt nga Maqedonia i priti ministri i pun\u00ebve t\u00eb jashtme Nikolla Selakoviq, n\u00eb cil\u00ebsin\u00eb e t\u00eb d\u00ebrguarit t\u00eb presidentit t\u00eb Serbis\u00eb.<\/p>\n<p>\n\t\u00cbsht\u00eb vizita e par\u00eb zyrtare pas tet\u00ebmb\u00ebdhjet\u00eb vjet\u00ebsh n\u00eb fest\u00ebn e Ilindanit n\u00eb manastirin Prohor P\u00e7injski.<\/p>\n<p>\n\tP\u00ebrkujtimi i Ilindenit n\u00eb Prohor t\u00eb P\u00e7inj\u00ebs filloi me nj\u00eb liturgji t\u00eb shenjt\u00eb, t\u00eb cil\u00ebn p\u00ebr her\u00eb t\u00eb par\u00eb pas shum\u00eb vitesh e sh\u00ebrbyen prift\u00ebrinjt\u00eb serb\u00eb dhe maqedonas.<\/p>\n<p>\n\tPresidenti Stevo Pendarovski vendosi kurora dhe lule pran\u00eb cesm\u00ebs p\u00ebrkujtimor p\u00ebr Prohor P\u00e7injskin.<\/p>\n<p>\n\t\u201cPas gati dy dekadash, 2 gushtin e festuam n\u00eb Ilinden n\u00eb nj\u00eb mjedis autentik historik ku u hodh\u00ebn themelet e shtet\u00ebsis\u00eb maqedonase\u201d, tha Pendarovski.<\/p>\n<p>\n\tT\u00eb dy delegacionet vizituan hapsirat e manastirit dhe kish\u00ebn.<\/p>\n<p>\n\tN\u00eb shenj\u00eb fal\u00ebnderimi p\u00ebr organizimin e 950 vjetorit t\u00eb manastirit, ministri Selakoviq dhe p\u00ebrfaq\u00ebsues t\u00eb BIA-s mor\u00ebn Urdhrin e Prohor t\u00eb P\u00e7inj\u00ebs.<\/p>\n<p>\n\t\u201cKjo d\u00ebshmon edhe p\u00ebr politik\u00ebn e Serbis\u00eb, e cila \u00ebsht\u00eb e vendosur t\u00eb forcoj\u00eb politik\u00ebn e fqinj\u00ebsis\u00eb s\u00eb mir\u00eb, bashk\u00ebpunimit dhe jet\u00ebs s\u00eb p\u00ebrbashk\u00ebt me fqinj\u00ebt. Pra, si n\u00eb kuad\u00ebr t\u00eb nism\u00ebs Ballkani i hapur, t\u00eb cil\u00ebn presidenti Vu\u00e7iq e inicioi me kryeministrat e Maqedonis\u00eb s\u00eb Veriut dhe Shqip\u00ebris\u00eb, ne po p\u00ebrpiqemi t\u00eb tregojm\u00eb se sa fryma e toleranc\u00ebs dhe miq\u00ebsis\u00eb \u00ebsht\u00eb di\u00e7ka q\u00eb do t\u00eb mbizot\u00ebroj\u00eb gjithmon\u00eb mbi frym\u00ebn e intoleranc\u00ebs. dhe armiq\u00ebsit\u00eb\u201d, tha Selakoviq.<\/p>\n<p>\n\tIlindeni \u00ebsht\u00eb nj\u00eb dat\u00eb e r\u00ebnd\u00ebsishme p\u00ebr Maqedonin\u00eb e Veriut, sepse n\u00eb vitin 1903, n\u00eb k\u00ebt\u00eb dit\u00eb, u ngrit nj\u00eb kryengritje kund\u00ebr sundimit osman dhe n\u00eb vitin 1944 u mbajt seanca e par\u00eb e ASNOM-it.<\/p>\n<p>\n\t<strong>Burimi: Bujanovacke, Trupi koordinues<\/strong><\/p>\n<p>\n\t\u00a0<\/p>\n","protected":false},"excerpt":{"rendered":"<p>Bujanoc \u2013 Beograd\u00a0\u2013 N\u00eb Manastirin e Sh\u00ebn Prohorit t\u00eb P\u00e7inj\u00ebs af\u00ebr Bujanocit u kremtua Ilindeni, ku mor\u00ebn pjes\u00eb delegacioni shtet\u00ebror dhe kishtar i Maqedonis\u00eb s\u00eb Veriut i kryesuar nga presidenti i atij vendi, Stevo Pendarovski. N\u00eb Maqedoni, Ilindeni festohet edhe si Dita e Republik\u00ebs.<\/p>\n","protected":false},"author":1,"featured_media":107257,"comment_status":"closed","ping_status":"closed","sticky":false,"template":"","format":"standard","meta":{"footnotes":""},"categories":[55],"tags":[],"class_list":["post-107252","post","type-post","status-publish","format-standard","has-post-thumbnail","hentry","category-lajme"],"yoast_head":"<!-- This site is optimized with the Yoast SEO plugin v27.5 - https:\/\/yoast.com\/product\/yoast-seo-wordpress\/ -->\n<title>PENDAROVSKI N\u00cbPROHOR PCONJSKI: K\u00cbTU JAN\u00cb VENDOSUR THEMELET E SHTETIT TON\u00cb - Republika e S\u00ebrbis\u00eb Trupi Koordinues p\u00ebr komunat Bujanoc, Preshev\u00eb dhe Medvegj\u00eb<\/title>\n<meta name=\"robots\" content=\"index, follow, max-snippet:-1, max-image-preview:large, max-video-preview:-1\" \/>\n<link rel=\"canonical\" href=\"https:\/\/kt.gov.rs\/sq\/pendarovski-neprohor-pconjski-ketu-jane-vendosur-themelet-e-shtetit-tone\/\" \/>\n<meta property=\"og:locale\" content=\"sq_AL\" \/>\n<meta property=\"og:type\" content=\"article\" \/>\n<meta property=\"og:title\" content=\"PENDAROVSKI N\u00cbPROHOR PCONJSKI: K\u00cbTU JAN\u00cb VENDOSUR THEMELET E SHTETIT TON\u00cb - Republika e S\u00ebrbis\u00eb Trupi Koordinues p\u00ebr komunat Bujanoc, Preshev\u00eb dhe Medvegj\u00eb\" \/>\n<meta property=\"og:description\" content=\"Bujanoc - Beograd\u00a0- N\u00eb Manastirin e Sh\u00ebn Prohorit t\u00eb P\u00e7inj\u00ebs af\u00ebr Bujanocit u kremtua Ilindeni, ku mor\u00ebn pjes\u00eb delegacioni shtet\u00ebror dhe kishtar i Maqedonis\u00eb s\u00eb Veriut i kryesuar nga presidenti i atij vendi, Stevo Pendarovski. N\u00eb Maqedoni, Ilindeni festohet edhe si Dita e Republik\u00ebs.\" \/>\n<meta property=\"og:url\" content=\"https:\/\/kt.gov.rs\/sq\/pendarovski-neprohor-pconjski-ketu-jane-vendosur-themelet-e-shtetit-tone\/\" \/>\n<meta property=\"og:site_name\" content=\"Republika e S\u00ebrbis\u00eb Trupi Koordinues p\u00ebr komunat Bujanoc, Preshev\u00eb dhe Medvegj\u00eb\" \/>\n<meta property=\"article:publisher\" content=\"https:\/\/www.facebook.com\/SluzbaKoordinacionogTelaVladeRepublikeSrbije\" \/>\n<meta property=\"article:published_time\" content=\"2022-08-03T00:00:00+00:00\" \/>\n<meta property=\"article:modified_time\" content=\"2024-07-30T17:56:16+00:00\" \/>\n<meta property=\"og:image\" content=\"https:\/\/kt.gov.rs\/wp-content\/uploads\/2024\/07\/1659526285_030822_3-3.jpg\" \/>\n\t<meta property=\"og:image:width\" content=\"315\" \/>\n\t<meta property=\"og:image:height\" content=\"230\" \/>\n\t<meta property=\"og:image:type\" content=\"image\/jpeg\" \/>\n<meta name=\"author\" content=\"ktmin\" \/>\n<meta name=\"twitter:card\" content=\"summary_large_image\" \/>\n<meta name=\"twitter:creator\" content=\"@kt_gov\" \/>\n<meta name=\"twitter:site\" content=\"@kt_gov\" \/>\n<meta name=\"twitter:label1\" content=\"Written by\" \/>\n\t<meta name=\"twitter:data1\" content=\"ktmin\" \/>\n\t<meta name=\"twitter:label2\" content=\"Est. reading time\" \/>\n\t<meta name=\"twitter:data2\" content=\"3 minutes\" \/>\n<script type=\"application\/ld+json\" class=\"yoast-schema-graph\">{\"@context\":\"https:\\\/\\\/schema.org\",\"@graph\":[{\"@type\":\"Article\",\"@id\":\"https:\\\/\\\/kt.gov.rs\\\/sq\\\/pendarovski-neprohor-pconjski-ketu-jane-vendosur-themelet-e-shtetit-tone\\\/#article\",\"isPartOf\":{\"@id\":\"https:\\\/\\\/kt.gov.rs\\\/sq\\\/pendarovski-neprohor-pconjski-ketu-jane-vendosur-themelet-e-shtetit-tone\\\/\"},\"author\":{\"name\":\"ktmin\",\"@id\":\"https:\\\/\\\/kt.gov.rs\\\/#\\\/schema\\\/person\\\/e426459ddb4173309103390602694571\"},\"headline\":\"PENDAROVSKI N\u00cbPROHOR PCONJSKI: K\u00cbTU JAN\u00cb VENDOSUR THEMELET E SHTETIT TON\u00cb\",\"datePublished\":\"2022-08-03T00:00:00+00:00\",\"dateModified\":\"2024-07-30T17:56:16+00:00\",\"mainEntityOfPage\":{\"@id\":\"https:\\\/\\\/kt.gov.rs\\\/sq\\\/pendarovski-neprohor-pconjski-ketu-jane-vendosur-themelet-e-shtetit-tone\\\/\"},\"wordCount\":515,\"publisher\":{\"@id\":\"https:\\\/\\\/kt.gov.rs\\\/#organization\"},\"image\":{\"@id\":\"https:\\\/\\\/kt.gov.rs\\\/sq\\\/pendarovski-neprohor-pconjski-ketu-jane-vendosur-themelet-e-shtetit-tone\\\/#primaryimage\"},\"thumbnailUrl\":\"https:\\\/\\\/kt.gov.rs\\\/wp-content\\\/uploads\\\/2024\\\/07\\\/1659526285_030822_3-3.jpg\",\"articleSection\":[\"Lajme\"],\"inLanguage\":\"sq-AL\"},{\"@type\":\"WebPage\",\"@id\":\"https:\\\/\\\/kt.gov.rs\\\/sq\\\/pendarovski-neprohor-pconjski-ketu-jane-vendosur-themelet-e-shtetit-tone\\\/\",\"url\":\"https:\\\/\\\/kt.gov.rs\\\/sq\\\/pendarovski-neprohor-pconjski-ketu-jane-vendosur-themelet-e-shtetit-tone\\\/\",\"name\":\"PENDAROVSKI N\u00cbPROHOR PCONJSKI: K\u00cbTU JAN\u00cb VENDOSUR THEMELET E SHTETIT TON\u00cb - Republika e S\u00ebrbis\u00eb Trupi Koordinues p\u00ebr komunat Bujanoc, Preshev\u00eb dhe Medvegj\u00eb\",\"isPartOf\":{\"@id\":\"https:\\\/\\\/kt.gov.rs\\\/#website\"},\"primaryImageOfPage\":{\"@id\":\"https:\\\/\\\/kt.gov.rs\\\/sq\\\/pendarovski-neprohor-pconjski-ketu-jane-vendosur-themelet-e-shtetit-tone\\\/#primaryimage\"},\"image\":{\"@id\":\"https:\\\/\\\/kt.gov.rs\\\/sq\\\/pendarovski-neprohor-pconjski-ketu-jane-vendosur-themelet-e-shtetit-tone\\\/#primaryimage\"},\"thumbnailUrl\":\"https:\\\/\\\/kt.gov.rs\\\/wp-content\\\/uploads\\\/2024\\\/07\\\/1659526285_030822_3-3.jpg\",\"datePublished\":\"2022-08-03T00:00:00+00:00\",\"dateModified\":\"2024-07-30T17:56:16+00:00\",\"breadcrumb\":{\"@id\":\"https:\\\/\\\/kt.gov.rs\\\/sq\\\/pendarovski-neprohor-pconjski-ketu-jane-vendosur-themelet-e-shtetit-tone\\\/#breadcrumb\"},\"inLanguage\":\"sq-AL\",\"potentialAction\":[{\"@type\":\"ReadAction\",\"target\":[\"https:\\\/\\\/kt.gov.rs\\\/sq\\\/pendarovski-neprohor-pconjski-ketu-jane-vendosur-themelet-e-shtetit-tone\\\/\"]}]},{\"@type\":\"ImageObject\",\"inLanguage\":\"sq-AL\",\"@id\":\"https:\\\/\\\/kt.gov.rs\\\/sq\\\/pendarovski-neprohor-pconjski-ketu-jane-vendosur-themelet-e-shtetit-tone\\\/#primaryimage\",\"url\":\"https:\\\/\\\/kt.gov.rs\\\/wp-content\\\/uploads\\\/2024\\\/07\\\/1659526285_030822_3-3.jpg\",\"contentUrl\":\"https:\\\/\\\/kt.gov.rs\\\/wp-content\\\/uploads\\\/2024\\\/07\\\/1659526285_030822_3-3.jpg\",\"width\":315,\"height\":230},{\"@type\":\"BreadcrumbList\",\"@id\":\"https:\\\/\\\/kt.gov.rs\\\/sq\\\/pendarovski-neprohor-pconjski-ketu-jane-vendosur-themelet-e-shtetit-tone\\\/#breadcrumb\",\"itemListElement\":[{\"@type\":\"ListItem\",\"position\":1,\"name\":\"\u041f\u043e\u0447\u0435\u0442\u043d\u0430\",\"item\":\"https:\\\/\\\/kt.gov.rs\\\/sq\\\/\"},{\"@type\":\"ListItem\",\"position\":2,\"name\":\"PENDAROVSKI N\u00cbPROHOR PCONJSKI: K\u00cbTU JAN\u00cb VENDOSUR THEMELET E SHTETIT TON\u00cb\"}]},{\"@type\":\"WebSite\",\"@id\":\"https:\\\/\\\/kt.gov.rs\\\/#website\",\"url\":\"https:\\\/\\\/kt.gov.rs\\\/\",\"name\":\"\u041a\u043e\u043e\u0440\u0434\u0438\u043d\u0430\u0446\u0438\u043e\u043d\u043e \u0442\u0435\u043b\u043e \u0412\u043b\u0430\u0434\u0435 \u0420\u0435\u043f\u0443\u0431\u043b\u0438\u043a\u0435 \u0421\u0440\u0431\u0438\u0458\u0435 \u0437\u0430 \u043e\u043f\u0448\u0442\u0438\u043d\u0435 \u041f\u0440\u0435\u0448\u0435\u0432\u043e, \u0411\u0443\u0458\u0430\u043d\u043e\u0432\u0430\u0446 \u0438 \u041c\u0435\u0434\u0432\u0435\u0452a\",\"description\":\"\",\"publisher\":{\"@id\":\"https:\\\/\\\/kt.gov.rs\\\/#organization\"},\"alternateName\":\"\u041a\u043e\u043e\u0440\u0434\u0438\u043d\u0430\u0446\u0438\u043e\u043d\u043e \u0442\u0435\u043b\u043e\",\"potentialAction\":[{\"@type\":\"SearchAction\",\"target\":{\"@type\":\"EntryPoint\",\"urlTemplate\":\"https:\\\/\\\/kt.gov.rs\\\/?s={search_term_string}\"},\"query-input\":{\"@type\":\"PropertyValueSpecification\",\"valueRequired\":true,\"valueName\":\"search_term_string\"}}],\"inLanguage\":\"sq-AL\"},{\"@type\":\"Organization\",\"@id\":\"https:\\\/\\\/kt.gov.rs\\\/#organization\",\"name\":\"\u041a\u043e\u043e\u0440\u0434\u0438\u043d\u0430\u0446\u0438\u043e\u043d\u043e \u0442\u0435\u043b\u043e \u0412\u043b\u0430\u0434\u0435 \u0420\u0435\u043f\u0443\u0431\u043b\u0438\u043a\u0435 \u0421\u0440\u0431\u0438\u0458\u0435 \u0437\u0430 \u043e\u043f\u0448\u0442\u0438\u043d\u0435 \u041f\u0440\u0435\u0448\u0435\u0432\u043e, \u0411\u0443\u0458\u0430\u043d\u043e\u0432\u0430\u0446 \u0438 \u041c\u0435\u0434\u0432\u0435\u0452a\",\"alternateName\":\"\u041a\u043e\u043e\u0440\u0434\u0438\u043d\u0430\u0446\u0438\u043e\u043d\u043e \u0442\u0435\u043b\u043e\",\"url\":\"https:\\\/\\\/kt.gov.rs\\\/\",\"logo\":{\"@type\":\"ImageObject\",\"inLanguage\":\"sq-AL\",\"@id\":\"https:\\\/\\\/kt.gov.rs\\\/#\\\/schema\\\/logo\\\/image\\\/\",\"url\":\"https:\\\/\\\/kt.gov.rs\\\/wp-content\\\/uploads\\\/2024\\\/12\\\/koord2.jpg\",\"contentUrl\":\"https:\\\/\\\/kt.gov.rs\\\/wp-content\\\/uploads\\\/2024\\\/12\\\/koord2.jpg\",\"width\":640,\"height\":480,\"caption\":\"\u041a\u043e\u043e\u0440\u0434\u0438\u043d\u0430\u0446\u0438\u043e\u043d\u043e \u0442\u0435\u043b\u043e \u0412\u043b\u0430\u0434\u0435 \u0420\u0435\u043f\u0443\u0431\u043b\u0438\u043a\u0435 \u0421\u0440\u0431\u0438\u0458\u0435 \u0437\u0430 \u043e\u043f\u0448\u0442\u0438\u043d\u0435 \u041f\u0440\u0435\u0448\u0435\u0432\u043e, \u0411\u0443\u0458\u0430\u043d\u043e\u0432\u0430\u0446 \u0438 \u041c\u0435\u0434\u0432\u0435\u0452a\"},\"image\":{\"@id\":\"https:\\\/\\\/kt.gov.rs\\\/#\\\/schema\\\/logo\\\/image\\\/\"},\"sameAs\":[\"https:\\\/\\\/www.facebook.com\\\/SluzbaKoordinacionogTelaVladeRepublikeSrbije\",\"https:\\\/\\\/x.com\\\/kt_gov\",\"https:\\\/\\\/www.youtube.com\\\/@koordinacionotelo\"]},{\"@type\":\"Person\",\"@id\":\"https:\\\/\\\/kt.gov.rs\\\/#\\\/schema\\\/person\\\/e426459ddb4173309103390602694571\",\"name\":\"ktmin\",\"image\":{\"@type\":\"ImageObject\",\"inLanguage\":\"sq-AL\",\"@id\":\"https:\\\/\\\/secure.gravatar.com\\\/avatar\\\/3985c961109853010c3fbc7ba30365bfba5db3dd6c525831d9c595c7525a615a?s=96&d=mm&r=g\",\"url\":\"https:\\\/\\\/secure.gravatar.com\\\/avatar\\\/3985c961109853010c3fbc7ba30365bfba5db3dd6c525831d9c595c7525a615a?s=96&d=mm&r=g\",\"contentUrl\":\"https:\\\/\\\/secure.gravatar.com\\\/avatar\\\/3985c961109853010c3fbc7ba30365bfba5db3dd6c525831d9c595c7525a615a?s=96&d=mm&r=g\",\"caption\":\"ktmin\"},\"sameAs\":[\"https:\\\/\\\/kt.gov.rs\"],\"url\":\"https:\\\/\\\/kt.gov.rs\\\/sq\\\/author\\\/ktmin\\\/\"}]}<\/script>\n<!-- \/ Yoast SEO plugin. -->","yoast_head_json":{"title":"PENDAROVSKI N\u00cbPROHOR PCONJSKI: K\u00cbTU JAN\u00cb VENDOSUR THEMELET E SHTETIT TON\u00cb - Republika e S\u00ebrbis\u00eb Trupi Koordinues p\u00ebr komunat Bujanoc, Preshev\u00eb dhe Medvegj\u00eb","robots":{"index":"index","follow":"follow","max-snippet":"max-snippet:-1","max-image-preview":"max-image-preview:large","max-video-preview":"max-video-preview:-1"},"canonical":"https:\/\/kt.gov.rs\/sq\/pendarovski-neprohor-pconjski-ketu-jane-vendosur-themelet-e-shtetit-tone\/","og_locale":"sq_AL","og_type":"article","og_title":"PENDAROVSKI N\u00cbPROHOR PCONJSKI: K\u00cbTU JAN\u00cb VENDOSUR THEMELET E SHTETIT TON\u00cb - Republika e S\u00ebrbis\u00eb Trupi Koordinues p\u00ebr komunat Bujanoc, Preshev\u00eb dhe Medvegj\u00eb","og_description":"Bujanoc - Beograd\u00a0- N\u00eb Manastirin e Sh\u00ebn Prohorit t\u00eb P\u00e7inj\u00ebs af\u00ebr Bujanocit u kremtua Ilindeni, ku mor\u00ebn pjes\u00eb delegacioni shtet\u00ebror dhe kishtar i Maqedonis\u00eb s\u00eb Veriut i kryesuar nga presidenti i atij vendi, Stevo Pendarovski. N\u00eb Maqedoni, Ilindeni festohet edhe si Dita e Republik\u00ebs.","og_url":"https:\/\/kt.gov.rs\/sq\/pendarovski-neprohor-pconjski-ketu-jane-vendosur-themelet-e-shtetit-tone\/","og_site_name":"Republika e S\u00ebrbis\u00eb Trupi Koordinues p\u00ebr komunat Bujanoc, Preshev\u00eb dhe Medvegj\u00eb","article_publisher":"https:\/\/www.facebook.com\/SluzbaKoordinacionogTelaVladeRepublikeSrbije","article_published_time":"2022-08-03T00:00:00+00:00","article_modified_time":"2024-07-30T17:56:16+00:00","og_image":[{"width":315,"height":230,"url":"https:\/\/kt.gov.rs\/wp-content\/uploads\/2024\/07\/1659526285_030822_3-3.jpg","type":"image\/jpeg"}],"author":"ktmin","twitter_card":"summary_large_image","twitter_creator":"@kt_gov","twitter_site":"@kt_gov","twitter_misc":{"Written by":"ktmin","Est. reading time":"3 minutes"},"schema":{"@context":"https:\/\/schema.org","@graph":[{"@type":"Article","@id":"https:\/\/kt.gov.rs\/sq\/pendarovski-neprohor-pconjski-ketu-jane-vendosur-themelet-e-shtetit-tone\/#article","isPartOf":{"@id":"https:\/\/kt.gov.rs\/sq\/pendarovski-neprohor-pconjski-ketu-jane-vendosur-themelet-e-shtetit-tone\/"},"author":{"name":"ktmin","@id":"https:\/\/kt.gov.rs\/#\/schema\/person\/e426459ddb4173309103390602694571"},"headline":"PENDAROVSKI N\u00cbPROHOR PCONJSKI: K\u00cbTU JAN\u00cb VENDOSUR THEMELET E SHTETIT TON\u00cb","datePublished":"2022-08-03T00:00:00+00:00","dateModified":"2024-07-30T17:56:16+00:00","mainEntityOfPage":{"@id":"https:\/\/kt.gov.rs\/sq\/pendarovski-neprohor-pconjski-ketu-jane-vendosur-themelet-e-shtetit-tone\/"},"wordCount":515,"publisher":{"@id":"https:\/\/kt.gov.rs\/#organization"},"image":{"@id":"https:\/\/kt.gov.rs\/sq\/pendarovski-neprohor-pconjski-ketu-jane-vendosur-themelet-e-shtetit-tone\/#primaryimage"},"thumbnailUrl":"https:\/\/kt.gov.rs\/wp-content\/uploads\/2024\/07\/1659526285_030822_3-3.jpg","articleSection":["Lajme"],"inLanguage":"sq-AL"},{"@type":"WebPage","@id":"https:\/\/kt.gov.rs\/sq\/pendarovski-neprohor-pconjski-ketu-jane-vendosur-themelet-e-shtetit-tone\/","url":"https:\/\/kt.gov.rs\/sq\/pendarovski-neprohor-pconjski-ketu-jane-vendosur-themelet-e-shtetit-tone\/","name":"PENDAROVSKI N\u00cbPROHOR PCONJSKI: K\u00cbTU JAN\u00cb VENDOSUR THEMELET E SHTETIT TON\u00cb - Republika e S\u00ebrbis\u00eb Trupi Koordinues p\u00ebr komunat Bujanoc, Preshev\u00eb dhe Medvegj\u00eb","isPartOf":{"@id":"https:\/\/kt.gov.rs\/#website"},"primaryImageOfPage":{"@id":"https:\/\/kt.gov.rs\/sq\/pendarovski-neprohor-pconjski-ketu-jane-vendosur-themelet-e-shtetit-tone\/#primaryimage"},"image":{"@id":"https:\/\/kt.gov.rs\/sq\/pendarovski-neprohor-pconjski-ketu-jane-vendosur-themelet-e-shtetit-tone\/#primaryimage"},"thumbnailUrl":"https:\/\/kt.gov.rs\/wp-content\/uploads\/2024\/07\/1659526285_030822_3-3.jpg","datePublished":"2022-08-03T00:00:00+00:00","dateModified":"2024-07-30T17:56:16+00:00","breadcrumb":{"@id":"https:\/\/kt.gov.rs\/sq\/pendarovski-neprohor-pconjski-ketu-jane-vendosur-themelet-e-shtetit-tone\/#breadcrumb"},"inLanguage":"sq-AL","potentialAction":[{"@type":"ReadAction","target":["https:\/\/kt.gov.rs\/sq\/pendarovski-neprohor-pconjski-ketu-jane-vendosur-themelet-e-shtetit-tone\/"]}]},{"@type":"ImageObject","inLanguage":"sq-AL","@id":"https:\/\/kt.gov.rs\/sq\/pendarovski-neprohor-pconjski-ketu-jane-vendosur-themelet-e-shtetit-tone\/#primaryimage","url":"https:\/\/kt.gov.rs\/wp-content\/uploads\/2024\/07\/1659526285_030822_3-3.jpg","contentUrl":"https:\/\/kt.gov.rs\/wp-content\/uploads\/2024\/07\/1659526285_030822_3-3.jpg","width":315,"height":230},{"@type":"BreadcrumbList","@id":"https:\/\/kt.gov.rs\/sq\/pendarovski-neprohor-pconjski-ketu-jane-vendosur-themelet-e-shtetit-tone\/#breadcrumb","itemListElement":[{"@type":"ListItem","position":1,"name":"\u041f\u043e\u0447\u0435\u0442\u043d\u0430","item":"https:\/\/kt.gov.rs\/sq\/"},{"@type":"ListItem","position":2,"name":"PENDAROVSKI N\u00cbPROHOR PCONJSKI: K\u00cbTU JAN\u00cb VENDOSUR THEMELET E SHTETIT TON\u00cb"}]},{"@type":"WebSite","@id":"https:\/\/kt.gov.rs\/#website","url":"https:\/\/kt.gov.rs\/","name":"\u041a\u043e\u043e\u0440\u0434\u0438\u043d\u0430\u0446\u0438\u043e\u043d\u043e \u0442\u0435\u043b\u043e \u0412\u043b\u0430\u0434\u0435 \u0420\u0435\u043f\u0443\u0431\u043b\u0438\u043a\u0435 \u0421\u0440\u0431\u0438\u0458\u0435 \u0437\u0430 \u043e\u043f\u0448\u0442\u0438\u043d\u0435 \u041f\u0440\u0435\u0448\u0435\u0432\u043e, \u0411\u0443\u0458\u0430\u043d\u043e\u0432\u0430\u0446 \u0438 \u041c\u0435\u0434\u0432\u0435\u0452a","description":"","publisher":{"@id":"https:\/\/kt.gov.rs\/#organization"},"alternateName":"\u041a\u043e\u043e\u0440\u0434\u0438\u043d\u0430\u0446\u0438\u043e\u043d\u043e \u0442\u0435\u043b\u043e","potentialAction":[{"@type":"SearchAction","target":{"@type":"EntryPoint","urlTemplate":"https:\/\/kt.gov.rs\/?s={search_term_string}"},"query-input":{"@type":"PropertyValueSpecification","valueRequired":true,"valueName":"search_term_string"}}],"inLanguage":"sq-AL"},{"@type":"Organization","@id":"https:\/\/kt.gov.rs\/#organization","name":"\u041a\u043e\u043e\u0440\u0434\u0438\u043d\u0430\u0446\u0438\u043e\u043d\u043e \u0442\u0435\u043b\u043e \u0412\u043b\u0430\u0434\u0435 \u0420\u0435\u043f\u0443\u0431\u043b\u0438\u043a\u0435 \u0421\u0440\u0431\u0438\u0458\u0435 \u0437\u0430 \u043e\u043f\u0448\u0442\u0438\u043d\u0435 \u041f\u0440\u0435\u0448\u0435\u0432\u043e, \u0411\u0443\u0458\u0430\u043d\u043e\u0432\u0430\u0446 \u0438 \u041c\u0435\u0434\u0432\u0435\u0452a","alternateName":"\u041a\u043e\u043e\u0440\u0434\u0438\u043d\u0430\u0446\u0438\u043e\u043d\u043e \u0442\u0435\u043b\u043e","url":"https:\/\/kt.gov.rs\/","logo":{"@type":"ImageObject","inLanguage":"sq-AL","@id":"https:\/\/kt.gov.rs\/#\/schema\/logo\/image\/","url":"https:\/\/kt.gov.rs\/wp-content\/uploads\/2024\/12\/koord2.jpg","contentUrl":"https:\/\/kt.gov.rs\/wp-content\/uploads\/2024\/12\/koord2.jpg","width":640,"height":480,"caption":"\u041a\u043e\u043e\u0440\u0434\u0438\u043d\u0430\u0446\u0438\u043e\u043d\u043e \u0442\u0435\u043b\u043e \u0412\u043b\u0430\u0434\u0435 \u0420\u0435\u043f\u0443\u0431\u043b\u0438\u043a\u0435 \u0421\u0440\u0431\u0438\u0458\u0435 \u0437\u0430 \u043e\u043f\u0448\u0442\u0438\u043d\u0435 \u041f\u0440\u0435\u0448\u0435\u0432\u043e, \u0411\u0443\u0458\u0430\u043d\u043e\u0432\u0430\u0446 \u0438 \u041c\u0435\u0434\u0432\u0435\u0452a"},"image":{"@id":"https:\/\/kt.gov.rs\/#\/schema\/logo\/image\/"},"sameAs":["https:\/\/www.facebook.com\/SluzbaKoordinacionogTelaVladeRepublikeSrbije","https:\/\/x.com\/kt_gov","https:\/\/www.youtube.com\/@koordinacionotelo"]},{"@type":"Person","@id":"https:\/\/kt.gov.rs\/#\/schema\/person\/e426459ddb4173309103390602694571","name":"ktmin","image":{"@type":"ImageObject","inLanguage":"sq-AL","@id":"https:\/\/secure.gravatar.com\/avatar\/3985c961109853010c3fbc7ba30365bfba5db3dd6c525831d9c595c7525a615a?s=96&d=mm&r=g","url":"https:\/\/secure.gravatar.com\/avatar\/3985c961109853010c3fbc7ba30365bfba5db3dd6c525831d9c595c7525a615a?s=96&d=mm&r=g","contentUrl":"https:\/\/secure.gravatar.com\/avatar\/3985c961109853010c3fbc7ba30365bfba5db3dd6c525831d9c595c7525a615a?s=96&d=mm&r=g","caption":"ktmin"},"sameAs":["https:\/\/kt.gov.rs"],"url":"https:\/\/kt.gov.rs\/sq\/author\/ktmin\/"}]}},"_links":{"self":[{"href":"https:\/\/kt.gov.rs\/sq\/wp-json\/wp\/v2\/posts\/107252","targetHints":{"allow":["GET"]}}],"collection":[{"href":"https:\/\/kt.gov.rs\/sq\/wp-json\/wp\/v2\/posts"}],"about":[{"href":"https:\/\/kt.gov.rs\/sq\/wp-json\/wp\/v2\/types\/post"}],"author":[{"embeddable":true,"href":"https:\/\/kt.gov.rs\/sq\/wp-json\/wp\/v2\/users\/1"}],"replies":[{"embeddable":true,"href":"https:\/\/kt.gov.rs\/sq\/wp-json\/wp\/v2\/comments?post=107252"}],"version-history":[{"count":1,"href":"https:\/\/kt.gov.rs\/sq\/wp-json\/wp\/v2\/posts\/107252\/revisions"}],"predecessor-version":[{"id":107256,"href":"https:\/\/kt.gov.rs\/sq\/wp-json\/wp\/v2\/posts\/107252\/revisions\/107256"}],"wp:featuredmedia":[{"embeddable":true,"href":"https:\/\/kt.gov.rs\/sq\/wp-json\/wp\/v2\/media\/107257"}],"wp:attachment":[{"href":"https:\/\/kt.gov.rs\/sq\/wp-json\/wp\/v2\/media?parent=107252"}],"wp:term":[{"taxonomy":"category","embeddable":true,"href":"https:\/\/kt.gov.rs\/sq\/wp-json\/wp\/v2\/categories?post=107252"},{"taxonomy":"post_tag","embeddable":true,"href":"https:\/\/kt.gov.rs\/sq\/wp-json\/wp\/v2\/tags?post=107252"}],"curies":[{"name":"wp","href":"https:\/\/api.w.org\/{rel}","templated":true}]}}