{"id":107220,"date":"2022-08-19T00:00:00","date_gmt":"2022-08-19T00:00:00","guid":{"rendered":"http:\/\/kt.printandscreen.rs\/plani-i-rregullimit-gjeneral-te-bujanocit-ndryshohet-per-shkak-te-ndertimit-te-kolektorit\/"},"modified":"2024-07-30T17:56:12","modified_gmt":"2024-07-30T17:56:12","slug":"plani-i-rregullimit-gjeneral-te-bujanocit-ndryshohet-per-shkak-te-ndertimit-te-kolektorit","status":"publish","type":"post","link":"https:\/\/kt.gov.rs\/sq\/plani-i-rregullimit-gjeneral-te-bujanocit-ndryshohet-per-shkak-te-ndertimit-te-kolektorit\/","title":{"rendered":"PLANI I RREGULLIMIT GJENERAL T\u00cb BUJANOCIT NDRYSHOHET P\u00cbR SHKAK T\u00cb ND\u00cbRTIMIT T\u00cb KOLEKTORIT"},"content":{"rendered":"<p>\n\t<strong><img decoding=\"async\" alt=\"\" src=\"https:\/\/kt.gov.rs\/wp-content\/uploads\/2024\/07\/1660902786_190822_2-2.jpg\" style=\"width: 315px; height: 230px; float: left;\" \/><\/strong><strong>Bujanoc \u2013 Beograd \u2013 <\/strong>Plani i Rregullimit t\u00eb P\u00ebrgjithsh\u00ebm (GRP) t\u00eb Bujanocit do t\u00eb ndryshohet dhe plot\u00ebsohet p\u00ebr her\u00eb t\u00eb tret\u00eb me q\u00ebllim t\u00eb p\u00ebrfshirjes s\u00eb kolektor\u00ebve n\u00eb impiantin e trajtimit t\u00eb uj\u00ebrave t\u00eb zeza, gjat\u00eb k\u00ebsaj do t\u00eb mund\u00ebsohet edhe nd\u00ebrtimi i objekteve t\u00eb banimit n\u00eb qend\u00ebr Bujanocit.<\/p>\n<p>\n\t\u201cPlani n\u00eb radh\u00eb t\u00eb par\u00eb \u00ebsht\u00eb duke u ndryshuar dhe plot\u00ebsuar n\u00eb m\u00ebnyr\u00eb q\u00eb t\u00eb t\u00ebrheq\u00eb 52 kilometra kolektor\u00eb (gypa) p\u00ebrmes komun\u00ebs kadastrale t\u00eb Bujanocit dhe zonave p\u00ebrreth deri n\u00eb termocentralin q\u00eb do t\u00eb nd\u00ebrtohet af\u00ebr Srpska Ku\u0107a\u201d. Traseja e kolektorit duhet t\u00eb regjistrohet n\u00eb m\u00ebnyr\u00eb q\u00eb dikush t\u00eb mos nd\u00ebrtoj\u00eb aty\u201d, tha kreu i Departamentit komunal t\u00eb Urbanistik\u00ebs, Basri Memeti.<\/p>\n<p>\n\tP\u00ebr projektin kapital t\u00eb trajtimit t\u00eb uj\u00ebrave t\u00eb zeza n\u00eb Bujanoc, shteti ka siguruar 31 milion\u00eb euro dhe sipas Memetit, procesi i shpron\u00ebsimit t\u00eb tok\u00ebs ka arritur n\u00eb faz\u00ebn e arritjes s\u00eb marr\u00ebveshjes p\u00ebr shum\u00ebn e kompensimit q\u00eb do t\u00eb marrin qytetar\u00ebt p\u00ebr tok\u00ebn n\u00eb t\u00eb cil\u00ebn do t\u00eb nd\u00ebrtohen dhe vendosen kolektor\u00ebt.<\/p>\n<p>\n\tNdryshime t\u00eb tjera n\u00eb PGR kan\u00eb t\u00eb b\u00ebjn\u00eb me konvertimin e parcelave dhe rritjen e mundshme t\u00eb numrit t\u00eb kateve n\u00eb qend\u00ebr t\u00eb qytetit.<\/p>\n<p>\n\t\u201cMeqen\u00ebse tashm\u00eb po e ndryshojm\u00eb Planin, vendos\u00ebm ta ndryshojm\u00eb edhe k\u00ebt\u00eb\u201d, shton Memeti.<\/p>\n<p>\n\tQ\u00ebllimi i gjasht\u00eb parcelave nd\u00ebrmjet rrug\u00ebve Josif Janjiq dhe Bra\u0107a Jugoviq do t\u00eb ndryshohet nga banesa individuale n\u00eb banim shum\u00ebfamiljar\u00ebsh dhe numri i kateve do t\u00eb rritet nga maksimumi kat\u00ebr n\u00eb gjasht\u00eb.<\/p>\n<p>\n\tToka n\u00eb qend\u00ebr t\u00eb qytetit p\u00ebrball\u00eb nd\u00ebrtes\u00ebs s\u00eb komun\u00ebs, e cila ka dalje n\u00eb rrug\u00ebn kryesore, nuk ka nevoj\u00eb t\u00eb konvertohet, sepse tashm\u00eb \u00ebsht\u00eb e destinuar p\u00ebr banim shum\u00ebfamiljar\u00ebsh, por edhe numri i kateve po ndryshon nga kat\u00ebr deri n\u00eb gjasht\u00eb.<\/p>\n<p>\n\tNdryshime do t\u00eb ket\u00eb edhe n\u00eb pjes\u00ebn e rrug\u00ebs \u201cKosovska\u201d n\u00eb Komun\u00ebn Kadastrale t\u00eb T\u00ebrnocit t\u00eb Madh, me heqjen e nj\u00ebr\u00ebs rrug\u00eb an\u00ebsore, e cila ishte planifikuar, por si\u00e7 thot\u00eb Memeti po nd\u00ebrtohej aty, k\u00ebshtu q\u00eb tani vler\u00ebsohet se t\u00eb gjitha amvis\u00ebrit\u00eb kan\u00eb nj\u00eb kalim dhe rruga nuk \u00ebsht\u00eb e nevojshme.<\/p>\n<p>\n\tMe rastin e ndryshimeve t\u00eb listuara, Departamenti i Urbanistik\u00ebs q\u00eb nga 15 gushti ka mund\u00ebsuar inspektimin publik t\u00eb draftit t\u00eb planit t\u00eb ri n\u00eb ambientet e tij n\u00eb Administrat\u00ebn Komunale gjat\u00eb dit\u00ebve t\u00eb jav\u00ebs nga ora 11 deri n\u00eb ora 13:00.<\/p>\n<p>\n\t\u201cPersonat, autoritetet dhe organizatat e interesuara juridike dhe fizike, deri m\u00eb 30 gusht 2022, mund t\u00eb paraqesin komente dhe sugjerime p\u00ebr materialin e ekspozuar gjat\u00eb inspektimit publik me shkrim n\u00eb Departamentin e Urbanistik\u00ebs, p\u00ebrmes shkrestores n\u00eb Administrat\u00ebn Komunale t\u00eb Bujanocit\u201d, thuhet n\u00eb njoftim.<\/p>\n<p>\n\tM\u00eb pas, m\u00eb 31 gusht n\u00eb ora 12:00 do t\u00eb mbahet seanca publike e Komisionit t\u00eb Planifikimit ku do t\u00eb vendoset p\u00ebr ankesat e mundshme.<\/p>\n<p>\n\tDrafti duhet t\u00eb kaloj\u00eb m\u00eb pas n\u00eb K\u00ebshillin Komunal dhe n\u00eb fund n\u00eb Kuvend.<\/p>\n<p>\n\t<strong>Burimi: Bujanova\u00e7ke, Trupi Koordinues<\/strong><\/p>\n<p>\n\t\u00a0<\/p>\n","protected":false},"excerpt":{"rendered":"<p>Bujanoc \u2013 Beograd \u2013\u00a0Plani i Rregullimit t\u00eb P\u00ebrgjithsh\u00ebm (GRP) t\u00eb Bujanocit do t\u00eb ndryshohet dhe plot\u00ebsohet p\u00ebr her\u00eb t\u00eb tret\u00eb me q\u00ebllim t\u00eb p\u00ebrfshirjes s\u00eb kolektor\u00ebve n\u00eb impiantin e trajtimit t\u00eb uj\u00ebrave t\u00eb zeza, gjat\u00eb k\u00ebsaj do t\u00eb mund\u00ebsohet edhe nd\u00ebrtimi i objekteve t\u00eb banimit n\u00eb qend\u00ebr Bujanocit.<\/p>\n","protected":false},"author":1,"featured_media":107225,"comment_status":"closed","ping_status":"closed","sticky":false,"template":"","format":"standard","meta":{"footnotes":""},"categories":[55],"tags":[],"class_list":["post-107220","post","type-post","status-publish","format-standard","has-post-thumbnail","hentry","category-lajme"],"yoast_head":"<!-- This site is optimized with the Yoast SEO plugin v27.5 - https:\/\/yoast.com\/product\/yoast-seo-wordpress\/ -->\n<title>PLANI I RREGULLIMIT GJENERAL T\u00cb BUJANOCIT NDRYSHOHET P\u00cbR SHKAK T\u00cb ND\u00cbRTIMIT T\u00cb KOLEKTORIT - Republika e S\u00ebrbis\u00eb Trupi Koordinues p\u00ebr komunat Bujanoc, Preshev\u00eb dhe Medvegj\u00eb<\/title>\n<meta name=\"robots\" content=\"index, follow, max-snippet:-1, max-image-preview:large, max-video-preview:-1\" \/>\n<link rel=\"canonical\" href=\"https:\/\/kt.gov.rs\/sq\/plani-i-rregullimit-gjeneral-te-bujanocit-ndryshohet-per-shkak-te-ndertimit-te-kolektorit\/\" \/>\n<meta property=\"og:locale\" content=\"sq_AL\" \/>\n<meta property=\"og:type\" content=\"article\" \/>\n<meta property=\"og:title\" content=\"PLANI I RREGULLIMIT GJENERAL T\u00cb BUJANOCIT NDRYSHOHET P\u00cbR SHKAK T\u00cb ND\u00cbRTIMIT T\u00cb KOLEKTORIT - Republika e S\u00ebrbis\u00eb Trupi Koordinues p\u00ebr komunat Bujanoc, Preshev\u00eb dhe Medvegj\u00eb\" \/>\n<meta property=\"og:description\" content=\"Bujanoc - Beograd -\u00a0Plani i Rregullimit t\u00eb P\u00ebrgjithsh\u00ebm (GRP) t\u00eb Bujanocit do t\u00eb ndryshohet dhe plot\u00ebsohet p\u00ebr her\u00eb t\u00eb tret\u00eb me q\u00ebllim t\u00eb p\u00ebrfshirjes s\u00eb kolektor\u00ebve n\u00eb impiantin e trajtimit t\u00eb uj\u00ebrave t\u00eb zeza, gjat\u00eb k\u00ebsaj do t\u00eb mund\u00ebsohet edhe nd\u00ebrtimi i objekteve t\u00eb banimit n\u00eb qend\u00ebr Bujanocit.\" \/>\n<meta property=\"og:url\" content=\"https:\/\/kt.gov.rs\/sq\/plani-i-rregullimit-gjeneral-te-bujanocit-ndryshohet-per-shkak-te-ndertimit-te-kolektorit\/\" \/>\n<meta property=\"og:site_name\" content=\"Republika e S\u00ebrbis\u00eb Trupi Koordinues p\u00ebr komunat Bujanoc, Preshev\u00eb dhe Medvegj\u00eb\" \/>\n<meta property=\"article:publisher\" content=\"https:\/\/www.facebook.com\/SluzbaKoordinacionogTelaVladeRepublikeSrbije\" \/>\n<meta property=\"article:published_time\" content=\"2022-08-19T00:00:00+00:00\" \/>\n<meta property=\"article:modified_time\" content=\"2024-07-30T17:56:12+00:00\" \/>\n<meta property=\"og:image\" content=\"https:\/\/kt.gov.rs\/wp-content\/uploads\/2024\/07\/1660902786_190822_2-3.jpg\" \/>\n\t<meta property=\"og:image:width\" content=\"315\" \/>\n\t<meta property=\"og:image:height\" content=\"230\" \/>\n\t<meta property=\"og:image:type\" content=\"image\/jpeg\" \/>\n<meta name=\"author\" content=\"ktmin\" \/>\n<meta name=\"twitter:card\" content=\"summary_large_image\" \/>\n<meta name=\"twitter:creator\" content=\"@kt_gov\" \/>\n<meta name=\"twitter:site\" content=\"@kt_gov\" \/>\n<meta name=\"twitter:label1\" content=\"Written by\" \/>\n\t<meta name=\"twitter:data1\" content=\"ktmin\" \/>\n\t<meta name=\"twitter:label2\" content=\"Est. reading time\" \/>\n\t<meta name=\"twitter:data2\" content=\"4 minutes\" \/>\n<script type=\"application\/ld+json\" class=\"yoast-schema-graph\">{\"@context\":\"https:\\\/\\\/schema.org\",\"@graph\":[{\"@type\":\"Article\",\"@id\":\"https:\\\/\\\/kt.gov.rs\\\/sq\\\/plani-i-rregullimit-gjeneral-te-bujanocit-ndryshohet-per-shkak-te-ndertimit-te-kolektorit\\\/#article\",\"isPartOf\":{\"@id\":\"https:\\\/\\\/kt.gov.rs\\\/sq\\\/plani-i-rregullimit-gjeneral-te-bujanocit-ndryshohet-per-shkak-te-ndertimit-te-kolektorit\\\/\"},\"author\":{\"name\":\"ktmin\",\"@id\":\"https:\\\/\\\/kt.gov.rs\\\/#\\\/schema\\\/person\\\/e426459ddb4173309103390602694571\"},\"headline\":\"PLANI I RREGULLIMIT GJENERAL T\u00cb BUJANOCIT NDRYSHOHET P\u00cbR SHKAK T\u00cb ND\u00cbRTIMIT T\u00cb KOLEKTORIT\",\"datePublished\":\"2022-08-19T00:00:00+00:00\",\"dateModified\":\"2024-07-30T17:56:12+00:00\",\"mainEntityOfPage\":{\"@id\":\"https:\\\/\\\/kt.gov.rs\\\/sq\\\/plani-i-rregullimit-gjeneral-te-bujanocit-ndryshohet-per-shkak-te-ndertimit-te-kolektorit\\\/\"},\"wordCount\":758,\"publisher\":{\"@id\":\"https:\\\/\\\/kt.gov.rs\\\/#organization\"},\"image\":{\"@id\":\"https:\\\/\\\/kt.gov.rs\\\/sq\\\/plani-i-rregullimit-gjeneral-te-bujanocit-ndryshohet-per-shkak-te-ndertimit-te-kolektorit\\\/#primaryimage\"},\"thumbnailUrl\":\"https:\\\/\\\/kt.gov.rs\\\/wp-content\\\/uploads\\\/2024\\\/07\\\/1660902786_190822_2-3.jpg\",\"articleSection\":[\"Lajme\"],\"inLanguage\":\"sq-AL\"},{\"@type\":\"WebPage\",\"@id\":\"https:\\\/\\\/kt.gov.rs\\\/sq\\\/plani-i-rregullimit-gjeneral-te-bujanocit-ndryshohet-per-shkak-te-ndertimit-te-kolektorit\\\/\",\"url\":\"https:\\\/\\\/kt.gov.rs\\\/sq\\\/plani-i-rregullimit-gjeneral-te-bujanocit-ndryshohet-per-shkak-te-ndertimit-te-kolektorit\\\/\",\"name\":\"PLANI I RREGULLIMIT GJENERAL T\u00cb BUJANOCIT NDRYSHOHET P\u00cbR SHKAK T\u00cb ND\u00cbRTIMIT T\u00cb KOLEKTORIT - Republika e S\u00ebrbis\u00eb Trupi Koordinues p\u00ebr komunat Bujanoc, Preshev\u00eb dhe Medvegj\u00eb\",\"isPartOf\":{\"@id\":\"https:\\\/\\\/kt.gov.rs\\\/#website\"},\"primaryImageOfPage\":{\"@id\":\"https:\\\/\\\/kt.gov.rs\\\/sq\\\/plani-i-rregullimit-gjeneral-te-bujanocit-ndryshohet-per-shkak-te-ndertimit-te-kolektorit\\\/#primaryimage\"},\"image\":{\"@id\":\"https:\\\/\\\/kt.gov.rs\\\/sq\\\/plani-i-rregullimit-gjeneral-te-bujanocit-ndryshohet-per-shkak-te-ndertimit-te-kolektorit\\\/#primaryimage\"},\"thumbnailUrl\":\"https:\\\/\\\/kt.gov.rs\\\/wp-content\\\/uploads\\\/2024\\\/07\\\/1660902786_190822_2-3.jpg\",\"datePublished\":\"2022-08-19T00:00:00+00:00\",\"dateModified\":\"2024-07-30T17:56:12+00:00\",\"breadcrumb\":{\"@id\":\"https:\\\/\\\/kt.gov.rs\\\/sq\\\/plani-i-rregullimit-gjeneral-te-bujanocit-ndryshohet-per-shkak-te-ndertimit-te-kolektorit\\\/#breadcrumb\"},\"inLanguage\":\"sq-AL\",\"potentialAction\":[{\"@type\":\"ReadAction\",\"target\":[\"https:\\\/\\\/kt.gov.rs\\\/sq\\\/plani-i-rregullimit-gjeneral-te-bujanocit-ndryshohet-per-shkak-te-ndertimit-te-kolektorit\\\/\"]}]},{\"@type\":\"ImageObject\",\"inLanguage\":\"sq-AL\",\"@id\":\"https:\\\/\\\/kt.gov.rs\\\/sq\\\/plani-i-rregullimit-gjeneral-te-bujanocit-ndryshohet-per-shkak-te-ndertimit-te-kolektorit\\\/#primaryimage\",\"url\":\"https:\\\/\\\/kt.gov.rs\\\/wp-content\\\/uploads\\\/2024\\\/07\\\/1660902786_190822_2-3.jpg\",\"contentUrl\":\"https:\\\/\\\/kt.gov.rs\\\/wp-content\\\/uploads\\\/2024\\\/07\\\/1660902786_190822_2-3.jpg\",\"width\":315,\"height\":230},{\"@type\":\"BreadcrumbList\",\"@id\":\"https:\\\/\\\/kt.gov.rs\\\/sq\\\/plani-i-rregullimit-gjeneral-te-bujanocit-ndryshohet-per-shkak-te-ndertimit-te-kolektorit\\\/#breadcrumb\",\"itemListElement\":[{\"@type\":\"ListItem\",\"position\":1,\"name\":\"\u041f\u043e\u0447\u0435\u0442\u043d\u0430\",\"item\":\"https:\\\/\\\/kt.gov.rs\\\/sq\\\/\"},{\"@type\":\"ListItem\",\"position\":2,\"name\":\"PLANI I RREGULLIMIT GJENERAL T\u00cb BUJANOCIT NDRYSHOHET P\u00cbR SHKAK T\u00cb ND\u00cbRTIMIT T\u00cb KOLEKTORIT\"}]},{\"@type\":\"WebSite\",\"@id\":\"https:\\\/\\\/kt.gov.rs\\\/#website\",\"url\":\"https:\\\/\\\/kt.gov.rs\\\/\",\"name\":\"\u041a\u043e\u043e\u0440\u0434\u0438\u043d\u0430\u0446\u0438\u043e\u043d\u043e \u0442\u0435\u043b\u043e \u0412\u043b\u0430\u0434\u0435 \u0420\u0435\u043f\u0443\u0431\u043b\u0438\u043a\u0435 \u0421\u0440\u0431\u0438\u0458\u0435 \u0437\u0430 \u043e\u043f\u0448\u0442\u0438\u043d\u0435 \u041f\u0440\u0435\u0448\u0435\u0432\u043e, \u0411\u0443\u0458\u0430\u043d\u043e\u0432\u0430\u0446 \u0438 \u041c\u0435\u0434\u0432\u0435\u0452a\",\"description\":\"\",\"publisher\":{\"@id\":\"https:\\\/\\\/kt.gov.rs\\\/#organization\"},\"alternateName\":\"\u041a\u043e\u043e\u0440\u0434\u0438\u043d\u0430\u0446\u0438\u043e\u043d\u043e \u0442\u0435\u043b\u043e\",\"potentialAction\":[{\"@type\":\"SearchAction\",\"target\":{\"@type\":\"EntryPoint\",\"urlTemplate\":\"https:\\\/\\\/kt.gov.rs\\\/?s={search_term_string}\"},\"query-input\":{\"@type\":\"PropertyValueSpecification\",\"valueRequired\":true,\"valueName\":\"search_term_string\"}}],\"inLanguage\":\"sq-AL\"},{\"@type\":\"Organization\",\"@id\":\"https:\\\/\\\/kt.gov.rs\\\/#organization\",\"name\":\"\u041a\u043e\u043e\u0440\u0434\u0438\u043d\u0430\u0446\u0438\u043e\u043d\u043e \u0442\u0435\u043b\u043e \u0412\u043b\u0430\u0434\u0435 \u0420\u0435\u043f\u0443\u0431\u043b\u0438\u043a\u0435 \u0421\u0440\u0431\u0438\u0458\u0435 \u0437\u0430 \u043e\u043f\u0448\u0442\u0438\u043d\u0435 \u041f\u0440\u0435\u0448\u0435\u0432\u043e, \u0411\u0443\u0458\u0430\u043d\u043e\u0432\u0430\u0446 \u0438 \u041c\u0435\u0434\u0432\u0435\u0452a\",\"alternateName\":\"\u041a\u043e\u043e\u0440\u0434\u0438\u043d\u0430\u0446\u0438\u043e\u043d\u043e \u0442\u0435\u043b\u043e\",\"url\":\"https:\\\/\\\/kt.gov.rs\\\/\",\"logo\":{\"@type\":\"ImageObject\",\"inLanguage\":\"sq-AL\",\"@id\":\"https:\\\/\\\/kt.gov.rs\\\/#\\\/schema\\\/logo\\\/image\\\/\",\"url\":\"https:\\\/\\\/kt.gov.rs\\\/wp-content\\\/uploads\\\/2024\\\/12\\\/koord2.jpg\",\"contentUrl\":\"https:\\\/\\\/kt.gov.rs\\\/wp-content\\\/uploads\\\/2024\\\/12\\\/koord2.jpg\",\"width\":640,\"height\":480,\"caption\":\"\u041a\u043e\u043e\u0440\u0434\u0438\u043d\u0430\u0446\u0438\u043e\u043d\u043e \u0442\u0435\u043b\u043e \u0412\u043b\u0430\u0434\u0435 \u0420\u0435\u043f\u0443\u0431\u043b\u0438\u043a\u0435 \u0421\u0440\u0431\u0438\u0458\u0435 \u0437\u0430 \u043e\u043f\u0448\u0442\u0438\u043d\u0435 \u041f\u0440\u0435\u0448\u0435\u0432\u043e, \u0411\u0443\u0458\u0430\u043d\u043e\u0432\u0430\u0446 \u0438 \u041c\u0435\u0434\u0432\u0435\u0452a\"},\"image\":{\"@id\":\"https:\\\/\\\/kt.gov.rs\\\/#\\\/schema\\\/logo\\\/image\\\/\"},\"sameAs\":[\"https:\\\/\\\/www.facebook.com\\\/SluzbaKoordinacionogTelaVladeRepublikeSrbije\",\"https:\\\/\\\/x.com\\\/kt_gov\",\"https:\\\/\\\/www.youtube.com\\\/@koordinacionotelo\"]},{\"@type\":\"Person\",\"@id\":\"https:\\\/\\\/kt.gov.rs\\\/#\\\/schema\\\/person\\\/e426459ddb4173309103390602694571\",\"name\":\"ktmin\",\"image\":{\"@type\":\"ImageObject\",\"inLanguage\":\"sq-AL\",\"@id\":\"https:\\\/\\\/secure.gravatar.com\\\/avatar\\\/3985c961109853010c3fbc7ba30365bfba5db3dd6c525831d9c595c7525a615a?s=96&d=mm&r=g\",\"url\":\"https:\\\/\\\/secure.gravatar.com\\\/avatar\\\/3985c961109853010c3fbc7ba30365bfba5db3dd6c525831d9c595c7525a615a?s=96&d=mm&r=g\",\"contentUrl\":\"https:\\\/\\\/secure.gravatar.com\\\/avatar\\\/3985c961109853010c3fbc7ba30365bfba5db3dd6c525831d9c595c7525a615a?s=96&d=mm&r=g\",\"caption\":\"ktmin\"},\"sameAs\":[\"https:\\\/\\\/kt.gov.rs\"],\"url\":\"https:\\\/\\\/kt.gov.rs\\\/sq\\\/author\\\/ktmin\\\/\"}]}<\/script>\n<!-- \/ Yoast SEO plugin. -->","yoast_head_json":{"title":"PLANI I RREGULLIMIT GJENERAL T\u00cb BUJANOCIT NDRYSHOHET P\u00cbR SHKAK T\u00cb ND\u00cbRTIMIT T\u00cb KOLEKTORIT - Republika e S\u00ebrbis\u00eb Trupi Koordinues p\u00ebr komunat Bujanoc, Preshev\u00eb dhe Medvegj\u00eb","robots":{"index":"index","follow":"follow","max-snippet":"max-snippet:-1","max-image-preview":"max-image-preview:large","max-video-preview":"max-video-preview:-1"},"canonical":"https:\/\/kt.gov.rs\/sq\/plani-i-rregullimit-gjeneral-te-bujanocit-ndryshohet-per-shkak-te-ndertimit-te-kolektorit\/","og_locale":"sq_AL","og_type":"article","og_title":"PLANI I RREGULLIMIT GJENERAL T\u00cb BUJANOCIT NDRYSHOHET P\u00cbR SHKAK T\u00cb ND\u00cbRTIMIT T\u00cb KOLEKTORIT - Republika e S\u00ebrbis\u00eb Trupi Koordinues p\u00ebr komunat Bujanoc, Preshev\u00eb dhe Medvegj\u00eb","og_description":"Bujanoc - Beograd -\u00a0Plani i Rregullimit t\u00eb P\u00ebrgjithsh\u00ebm (GRP) t\u00eb Bujanocit do t\u00eb ndryshohet dhe plot\u00ebsohet p\u00ebr her\u00eb t\u00eb tret\u00eb me q\u00ebllim t\u00eb p\u00ebrfshirjes s\u00eb kolektor\u00ebve n\u00eb impiantin e trajtimit t\u00eb uj\u00ebrave t\u00eb zeza, gjat\u00eb k\u00ebsaj do t\u00eb mund\u00ebsohet edhe nd\u00ebrtimi i objekteve t\u00eb banimit n\u00eb qend\u00ebr Bujanocit.","og_url":"https:\/\/kt.gov.rs\/sq\/plani-i-rregullimit-gjeneral-te-bujanocit-ndryshohet-per-shkak-te-ndertimit-te-kolektorit\/","og_site_name":"Republika e S\u00ebrbis\u00eb Trupi Koordinues p\u00ebr komunat Bujanoc, Preshev\u00eb dhe Medvegj\u00eb","article_publisher":"https:\/\/www.facebook.com\/SluzbaKoordinacionogTelaVladeRepublikeSrbije","article_published_time":"2022-08-19T00:00:00+00:00","article_modified_time":"2024-07-30T17:56:12+00:00","og_image":[{"width":315,"height":230,"url":"https:\/\/kt.gov.rs\/wp-content\/uploads\/2024\/07\/1660902786_190822_2-3.jpg","type":"image\/jpeg"}],"author":"ktmin","twitter_card":"summary_large_image","twitter_creator":"@kt_gov","twitter_site":"@kt_gov","twitter_misc":{"Written by":"ktmin","Est. reading time":"4 minutes"},"schema":{"@context":"https:\/\/schema.org","@graph":[{"@type":"Article","@id":"https:\/\/kt.gov.rs\/sq\/plani-i-rregullimit-gjeneral-te-bujanocit-ndryshohet-per-shkak-te-ndertimit-te-kolektorit\/#article","isPartOf":{"@id":"https:\/\/kt.gov.rs\/sq\/plani-i-rregullimit-gjeneral-te-bujanocit-ndryshohet-per-shkak-te-ndertimit-te-kolektorit\/"},"author":{"name":"ktmin","@id":"https:\/\/kt.gov.rs\/#\/schema\/person\/e426459ddb4173309103390602694571"},"headline":"PLANI I RREGULLIMIT GJENERAL T\u00cb BUJANOCIT NDRYSHOHET P\u00cbR SHKAK T\u00cb ND\u00cbRTIMIT T\u00cb KOLEKTORIT","datePublished":"2022-08-19T00:00:00+00:00","dateModified":"2024-07-30T17:56:12+00:00","mainEntityOfPage":{"@id":"https:\/\/kt.gov.rs\/sq\/plani-i-rregullimit-gjeneral-te-bujanocit-ndryshohet-per-shkak-te-ndertimit-te-kolektorit\/"},"wordCount":758,"publisher":{"@id":"https:\/\/kt.gov.rs\/#organization"},"image":{"@id":"https:\/\/kt.gov.rs\/sq\/plani-i-rregullimit-gjeneral-te-bujanocit-ndryshohet-per-shkak-te-ndertimit-te-kolektorit\/#primaryimage"},"thumbnailUrl":"https:\/\/kt.gov.rs\/wp-content\/uploads\/2024\/07\/1660902786_190822_2-3.jpg","articleSection":["Lajme"],"inLanguage":"sq-AL"},{"@type":"WebPage","@id":"https:\/\/kt.gov.rs\/sq\/plani-i-rregullimit-gjeneral-te-bujanocit-ndryshohet-per-shkak-te-ndertimit-te-kolektorit\/","url":"https:\/\/kt.gov.rs\/sq\/plani-i-rregullimit-gjeneral-te-bujanocit-ndryshohet-per-shkak-te-ndertimit-te-kolektorit\/","name":"PLANI I RREGULLIMIT GJENERAL T\u00cb BUJANOCIT NDRYSHOHET P\u00cbR SHKAK T\u00cb ND\u00cbRTIMIT T\u00cb KOLEKTORIT - Republika e S\u00ebrbis\u00eb Trupi Koordinues p\u00ebr komunat Bujanoc, Preshev\u00eb dhe Medvegj\u00eb","isPartOf":{"@id":"https:\/\/kt.gov.rs\/#website"},"primaryImageOfPage":{"@id":"https:\/\/kt.gov.rs\/sq\/plani-i-rregullimit-gjeneral-te-bujanocit-ndryshohet-per-shkak-te-ndertimit-te-kolektorit\/#primaryimage"},"image":{"@id":"https:\/\/kt.gov.rs\/sq\/plani-i-rregullimit-gjeneral-te-bujanocit-ndryshohet-per-shkak-te-ndertimit-te-kolektorit\/#primaryimage"},"thumbnailUrl":"https:\/\/kt.gov.rs\/wp-content\/uploads\/2024\/07\/1660902786_190822_2-3.jpg","datePublished":"2022-08-19T00:00:00+00:00","dateModified":"2024-07-30T17:56:12+00:00","breadcrumb":{"@id":"https:\/\/kt.gov.rs\/sq\/plani-i-rregullimit-gjeneral-te-bujanocit-ndryshohet-per-shkak-te-ndertimit-te-kolektorit\/#breadcrumb"},"inLanguage":"sq-AL","potentialAction":[{"@type":"ReadAction","target":["https:\/\/kt.gov.rs\/sq\/plani-i-rregullimit-gjeneral-te-bujanocit-ndryshohet-per-shkak-te-ndertimit-te-kolektorit\/"]}]},{"@type":"ImageObject","inLanguage":"sq-AL","@id":"https:\/\/kt.gov.rs\/sq\/plani-i-rregullimit-gjeneral-te-bujanocit-ndryshohet-per-shkak-te-ndertimit-te-kolektorit\/#primaryimage","url":"https:\/\/kt.gov.rs\/wp-content\/uploads\/2024\/07\/1660902786_190822_2-3.jpg","contentUrl":"https:\/\/kt.gov.rs\/wp-content\/uploads\/2024\/07\/1660902786_190822_2-3.jpg","width":315,"height":230},{"@type":"BreadcrumbList","@id":"https:\/\/kt.gov.rs\/sq\/plani-i-rregullimit-gjeneral-te-bujanocit-ndryshohet-per-shkak-te-ndertimit-te-kolektorit\/#breadcrumb","itemListElement":[{"@type":"ListItem","position":1,"name":"\u041f\u043e\u0447\u0435\u0442\u043d\u0430","item":"https:\/\/kt.gov.rs\/sq\/"},{"@type":"ListItem","position":2,"name":"PLANI I RREGULLIMIT GJENERAL T\u00cb BUJANOCIT NDRYSHOHET P\u00cbR SHKAK T\u00cb ND\u00cbRTIMIT T\u00cb KOLEKTORIT"}]},{"@type":"WebSite","@id":"https:\/\/kt.gov.rs\/#website","url":"https:\/\/kt.gov.rs\/","name":"\u041a\u043e\u043e\u0440\u0434\u0438\u043d\u0430\u0446\u0438\u043e\u043d\u043e \u0442\u0435\u043b\u043e \u0412\u043b\u0430\u0434\u0435 \u0420\u0435\u043f\u0443\u0431\u043b\u0438\u043a\u0435 \u0421\u0440\u0431\u0438\u0458\u0435 \u0437\u0430 \u043e\u043f\u0448\u0442\u0438\u043d\u0435 \u041f\u0440\u0435\u0448\u0435\u0432\u043e, \u0411\u0443\u0458\u0430\u043d\u043e\u0432\u0430\u0446 \u0438 \u041c\u0435\u0434\u0432\u0435\u0452a","description":"","publisher":{"@id":"https:\/\/kt.gov.rs\/#organization"},"alternateName":"\u041a\u043e\u043e\u0440\u0434\u0438\u043d\u0430\u0446\u0438\u043e\u043d\u043e \u0442\u0435\u043b\u043e","potentialAction":[{"@type":"SearchAction","target":{"@type":"EntryPoint","urlTemplate":"https:\/\/kt.gov.rs\/?s={search_term_string}"},"query-input":{"@type":"PropertyValueSpecification","valueRequired":true,"valueName":"search_term_string"}}],"inLanguage":"sq-AL"},{"@type":"Organization","@id":"https:\/\/kt.gov.rs\/#organization","name":"\u041a\u043e\u043e\u0440\u0434\u0438\u043d\u0430\u0446\u0438\u043e\u043d\u043e \u0442\u0435\u043b\u043e \u0412\u043b\u0430\u0434\u0435 \u0420\u0435\u043f\u0443\u0431\u043b\u0438\u043a\u0435 \u0421\u0440\u0431\u0438\u0458\u0435 \u0437\u0430 \u043e\u043f\u0448\u0442\u0438\u043d\u0435 \u041f\u0440\u0435\u0448\u0435\u0432\u043e, \u0411\u0443\u0458\u0430\u043d\u043e\u0432\u0430\u0446 \u0438 \u041c\u0435\u0434\u0432\u0435\u0452a","alternateName":"\u041a\u043e\u043e\u0440\u0434\u0438\u043d\u0430\u0446\u0438\u043e\u043d\u043e \u0442\u0435\u043b\u043e","url":"https:\/\/kt.gov.rs\/","logo":{"@type":"ImageObject","inLanguage":"sq-AL","@id":"https:\/\/kt.gov.rs\/#\/schema\/logo\/image\/","url":"https:\/\/kt.gov.rs\/wp-content\/uploads\/2024\/12\/koord2.jpg","contentUrl":"https:\/\/kt.gov.rs\/wp-content\/uploads\/2024\/12\/koord2.jpg","width":640,"height":480,"caption":"\u041a\u043e\u043e\u0440\u0434\u0438\u043d\u0430\u0446\u0438\u043e\u043d\u043e \u0442\u0435\u043b\u043e \u0412\u043b\u0430\u0434\u0435 \u0420\u0435\u043f\u0443\u0431\u043b\u0438\u043a\u0435 \u0421\u0440\u0431\u0438\u0458\u0435 \u0437\u0430 \u043e\u043f\u0448\u0442\u0438\u043d\u0435 \u041f\u0440\u0435\u0448\u0435\u0432\u043e, \u0411\u0443\u0458\u0430\u043d\u043e\u0432\u0430\u0446 \u0438 \u041c\u0435\u0434\u0432\u0435\u0452a"},"image":{"@id":"https:\/\/kt.gov.rs\/#\/schema\/logo\/image\/"},"sameAs":["https:\/\/www.facebook.com\/SluzbaKoordinacionogTelaVladeRepublikeSrbije","https:\/\/x.com\/kt_gov","https:\/\/www.youtube.com\/@koordinacionotelo"]},{"@type":"Person","@id":"https:\/\/kt.gov.rs\/#\/schema\/person\/e426459ddb4173309103390602694571","name":"ktmin","image":{"@type":"ImageObject","inLanguage":"sq-AL","@id":"https:\/\/secure.gravatar.com\/avatar\/3985c961109853010c3fbc7ba30365bfba5db3dd6c525831d9c595c7525a615a?s=96&d=mm&r=g","url":"https:\/\/secure.gravatar.com\/avatar\/3985c961109853010c3fbc7ba30365bfba5db3dd6c525831d9c595c7525a615a?s=96&d=mm&r=g","contentUrl":"https:\/\/secure.gravatar.com\/avatar\/3985c961109853010c3fbc7ba30365bfba5db3dd6c525831d9c595c7525a615a?s=96&d=mm&r=g","caption":"ktmin"},"sameAs":["https:\/\/kt.gov.rs"],"url":"https:\/\/kt.gov.rs\/sq\/author\/ktmin\/"}]}},"_links":{"self":[{"href":"https:\/\/kt.gov.rs\/sq\/wp-json\/wp\/v2\/posts\/107220","targetHints":{"allow":["GET"]}}],"collection":[{"href":"https:\/\/kt.gov.rs\/sq\/wp-json\/wp\/v2\/posts"}],"about":[{"href":"https:\/\/kt.gov.rs\/sq\/wp-json\/wp\/v2\/types\/post"}],"author":[{"embeddable":true,"href":"https:\/\/kt.gov.rs\/sq\/wp-json\/wp\/v2\/users\/1"}],"replies":[{"embeddable":true,"href":"https:\/\/kt.gov.rs\/sq\/wp-json\/wp\/v2\/comments?post=107220"}],"version-history":[{"count":1,"href":"https:\/\/kt.gov.rs\/sq\/wp-json\/wp\/v2\/posts\/107220\/revisions"}],"predecessor-version":[{"id":107224,"href":"https:\/\/kt.gov.rs\/sq\/wp-json\/wp\/v2\/posts\/107220\/revisions\/107224"}],"wp:featuredmedia":[{"embeddable":true,"href":"https:\/\/kt.gov.rs\/sq\/wp-json\/wp\/v2\/media\/107225"}],"wp:attachment":[{"href":"https:\/\/kt.gov.rs\/sq\/wp-json\/wp\/v2\/media?parent=107220"}],"wp:term":[{"taxonomy":"category","embeddable":true,"href":"https:\/\/kt.gov.rs\/sq\/wp-json\/wp\/v2\/categories?post=107220"},{"taxonomy":"post_tag","embeddable":true,"href":"https:\/\/kt.gov.rs\/sq\/wp-json\/wp\/v2\/tags?post=107220"}],"curies":[{"name":"wp","href":"https:\/\/api.w.org\/{rel}","templated":true}]}}