{"id":107204,"date":"2022-08-22T00:00:00","date_gmt":"2022-08-22T00:00:00","guid":{"rendered":"http:\/\/kt.printandscreen.rs\/tamara-misirljic-ndihmon-te-rrezikuarit-ne-jug-te-serbise\/"},"modified":"2024-07-30T17:56:10","modified_gmt":"2024-07-30T17:56:10","slug":"tamara-misirljic-ndihmon-te-rrezikuarit-ne-jug-te-serbise","status":"publish","type":"post","link":"https:\/\/kt.gov.rs\/sq\/tamara-misirljic-ndihmon-te-rrezikuarit-ne-jug-te-serbise\/","title":{"rendered":"TAMARA MISIRLJIC NDIHMON T\u00cb RREZIKUARIT N\u00cb JUG T\u00cb S\u00cbRBIS\u00cb"},"content":{"rendered":"<p>\n\t<strong><img decoding=\"async\" alt=\"\" src=\"https:\/\/kt.gov.rs\/wp-content\/uploads\/2024\/07\/1661165051_220922_1-2.jpg\" style=\"width: 315px; height: 230px; float: left;\" \/><\/strong><\/p>\n<div>\n\t<strong>Bujanoc \u2013 Vranj\u00eb <\/strong>\u2013 Beograd \u2013 Tamara Misirliq (19) nga Vranja ka filluar pun\u00ebn humanitare n\u00eb mosh\u00ebn 17 vje\u00e7are dhe deri m\u00eb tani ka ndihmuar 81 familje.<\/div>\n<div>\n\t\u00a0<\/div>\n<div>\n\tKoh\u00ebt e fundit ajo ka organizat\u00ebn e saj humanitare dhe n\u00eb Dit\u00ebn e pun\u00ebtor\u00ebve Humanitar, e cila festohet n\u00eb mbar\u00eb bot\u00ebn m\u00eb 19 gusht, ajo thot\u00eb se q\u00eb n\u00eb fillim ka qen\u00eb q\u00ebllimi i saj q\u00eb t\u00eb ndihmoj\u00eb njer\u00ebzit jasht\u00eb rrethit t\u00eb P\u00e7injit dhe se ka pasur sukses n\u00eb k\u00ebt\u00eb.<\/div>\n<div>\n\t\u00a0<\/div>\n<div>\n\tRreth 3 vite m\u00eb par\u00eb, ajo lexoi n\u00eb gazet\u00eb p\u00ebr nj\u00eb vajz\u00eb q\u00eb jetonte me n\u00ebn\u00ebn e saj n\u00eb nj\u00eb sht\u00ebpi t\u00eb rr\u00ebnuar n\u00eb mal dhe vendosi t&#39;i ndihmonte, nis rr\u00ebfimin Tamara.<\/div>\n<div>\n\t\u00a0<\/div>\n<div>\n\t\u00a0\u201cM\u00eb von\u00eb u bashkova me shok\u00ebt e mi t\u00eb klas\u00ebs. Duke par\u00eb kushtet n\u00eb t\u00eb cilat ata jetojn\u00eb, nj\u00eb veprim filloi, m\u00eb pas nj\u00eb tjet\u00ebr\u2026 Befas u p\u00ebrhap nga nj\u00eb familje n\u00eb tjetr\u00ebn, m\u00eb lindi ideja p\u00ebr t\u00eb krijuar nj\u00eb fondacion, m\u00eb sakt e b\u00ebra k\u00ebt\u00eb vit. E pash\u00eb q\u00eb po shkonte mir\u00eb dhe se mund t\u00eb b\u00ebja shum\u00eb p\u00ebr popullin ton\u00eb dhe tani \u00ebsht\u00eb p\u00ebrhapur n\u00eb pjes\u00ebn tjet\u00ebr t\u00eb Serbis\u00eb. Arrit\u00ebm t\u00eb ndihmojm\u00eb 81 familje, 15 sht\u00ebpi u rinovuan, nj\u00ebr\u00ebn po e p\u00ebrfundojm\u00eb p\u00ebr pak dit\u00eb, nj\u00ebr\u00ebn e nd\u00ebrtuam nga themeli, nj\u00eb e blem\u00eb t\u00eb re. Ne soll\u00ebm teknik t\u00eb bardha, mobilje, ila\u00e7e, d\u00ebrguam nj\u00eb djal\u00eb n\u00eb Turqi p\u00ebr mjekim, blem\u00eb nj\u00eb aparat d\u00ebgjimi p\u00ebr nj\u00eb grua q\u00eb nuk kishte d\u00ebgjuar prej vitesh\u201d, thot\u00eb Tamara.<\/div>\n<div>\n\t\u00a0<\/div>\n<div>\n\tAjo \u00ebsht\u00eb ve\u00e7an\u00ebrisht e lumtur, thot\u00eb ajo, q\u00eb njer\u00ebzit i besuan asaj kur ishte vet\u00ebm 17 vje\u00e7 dhe q\u00eb njer\u00ebzit tan\u00eb jasht\u00eb vendit besuan tek ajo dhe e ndihmuan t\u00eb arrij\u00eb deri n\u00eb pik\u00ebn ku tani mund t\u00eb rinovoj\u00eb sht\u00ebpit\u00eb e njer\u00ebzve dhe t&#39;ua ndryshoj\u00eb jet\u00ebn nga themeli.<\/div>\n<div>\n\tNdryshe nga shumica e aksioneve humanitare, n\u00eb t\u00eb cilat fokusi \u00ebsht\u00eb te f\u00ebmij\u00ebt, grupi i saj i synuar jan\u00eb kryesisht t\u00eb moshuarit.<\/div>\n<div>\n\t\u00a0<\/div>\n<div>\n\t\u00a0\u201cQ\u00eb kur e b\u00ebj k\u00ebt\u00eb, njer\u00ebzit ankohen se k\u00ebrkuan ndihm\u00eb, por u than\u00eb se ndihmojn\u00eb vet\u00ebm f\u00ebmij\u00ebt\u201d. Un\u00eb kam nj\u00eb gjyshe, kam pasur edhe nj\u00eb gjysh q\u00eb e kam dashur shum\u00eb dhe kam v\u00ebrtet nj\u00eb ndjeshm\u00ebri t\u00eb fort\u00eb p\u00ebr t\u00eb moshuarit, ndaj m\u00eb t\u00ebrheqin shum\u00eb. Ka kaq shum\u00eb prej tyre n\u00eb fshatra dhe male t\u00eb thella, dhe m\u00eb e keqja \u00ebsht\u00eb se nuk kan\u00eb mund\u00ebsi t\u00eb telefonojn\u00eb dhe t\u00eb k\u00ebrkojn\u00eb ndihm\u00eb, sepse jan\u00eb t\u00eb shk\u00ebputur nga bota. K\u00ebta jan\u00eb njer\u00ebz n\u00eb male, kodra, q\u00eb v\u00ebshtir\u00eb se i di kush, por dikush m\u00eb thot\u00eb gjithmon\u00eb se ka dikush n\u00eb at\u00eb fshat q\u00eb ka nevoj\u00eb p\u00ebr ndihm\u00eb dhe pastaj shkoj\u201d, thot\u00eb Tamara.<\/div>\n<div>\n\t\u00a0<\/div>\n<div>\n\tAjo thot\u00eb se t\u00eb rinjt\u00eb nuk jan\u00eb t\u00eb interesuar t\u00eb b\u00ebjn\u00eb pun\u00eb humanitare dhe se p\u00ebr ta \u00ebsht\u00eb humbje kohe, n\u00eb cka dhe \u00ebsht\u00eb v\u00ebrtetuar\u00a0 sepse gjithmon \u00ebsht\u00eb shum\u00eb v\u00ebshtir\u00eb t\u00eb kesh bashkmoshatar apo qytetar apo edhe shok nga fakulteti q\u00eb ti bashkangjiten dhe ti b\u00ebjn\u00eb shoq\u00ebri kur shkon n\u00eb zona m\u00eb t\u00eb pap\u00ebrshtatshme.<\/div>\n<div>\n\t\u201cAjo q\u00eb b\u00ebj duhet t\u00eb b\u00ebhet nga t\u00eb pakt\u00ebn 7 persona sepse k\u00ebrkon shum\u00eb organizim\u201d. Mjafton vet\u00ebm zilja e telefonit p\u00ebr ta lodhur njeriun\u201d, p\u00ebrfundon Tamara.<\/div>\n<div>\n\t\u00a0<\/div>\n<div>\n\tNd\u00ebrsa ata q\u00eb merren me pun\u00eb humanitare d\u00ebshmojn\u00eb se n\u00eb Serbi ka shum\u00eb njer\u00ebz q\u00eb jetojn\u00eb pa kushtet elementare p\u00ebr jet\u00eb, nga ana tjet\u00ebr theksojn\u00eb se n\u00eb vendin ton\u00eb hidhen ushqime q\u00eb do t\u00eb kishin r\u00ebnd\u00ebsi p\u00ebr ta dhe se \u00ebsht\u00eb e nevojshme p\u00ebr t\u00eb nd\u00ebrtuar nj\u00eb kultur\u00eb q\u00eb do t\u00eb reduktonte sasin\u00eb e mbeturinave ushqimore.<\/div>\n<div>\n\tSipas Veran Matiqit para Forumit filantropik Serb, nj\u00eb nga m\u00ebnyrat \u00ebsht\u00eb ulja e TVSH-s\u00eb p\u00ebr donacionet ushqimore dhe ajo organizat\u00eb ka koh\u00eb q\u00eb po punon p\u00ebr t\u00eb animuar shtetin q\u00eb t\u00eb heq\u00eb TVSH-n\u00eb p\u00ebr donacionet ushqimore para dat\u00ebs s\u00eb skadimit, sepse ata vuri re se kompanit\u00eb m\u00eb mir\u00eb do t\u00eb shkat\u00ebrronin se sa t\u00eb dhuronin ushqim nj\u00eb muaj para dat\u00ebs s\u00eb skadenc\u00ebs dhe mund t\u00eb shp\u00ebrndahej pa probleme.<\/div>\n<div>\n\t\u00a0<\/div>\n<div>\n\t\u00a0\u201cAi ushqim gjithsesi po shkat\u00ebrrohet, me heqjen e TVSH-s\u00eb n\u00eb k\u00ebt\u00eb zon\u00eb do t\u00eb rritej v\u00ebllimi i donacioneve prej 160 milion\u00eb dinar\u00eb. T\u00eb dh\u00ebnat tregojn\u00eb se n\u00eb Serbi hidhen \u00e7do dit\u00eb mbi 2 milion\u00eb kilogram\u00eb ushqime, n\u00eb t\u00eb nj\u00ebjt\u00ebn koh\u00eb statistikat shtet\u00ebrore tregojn\u00eb se kemi 446 mij\u00eb njer\u00ebz q\u00eb nuk mund t\u00eb plot\u00ebsojn\u00eb nevojat e tyre elementare. Me at\u00eb logjik\u00eb, n\u00ebse nga nj\u00ebra an\u00eb do t\u00eb zgjidhnin problemin me TVSH-n\u00eb, nga ana tjet\u00ebr do t\u00eb nd\u00ebrtonin nj\u00eb kultur\u00eb q\u00eb do t\u00eb ulte sasin\u00eb e mbetjeve ushqimore, kemi nj\u00eb s\u00ebr\u00eb kapacitetesh q\u00eb nuk jan\u00eb shfryt\u00ebzuar n\u00eb vendin ton\u00eb\u201d. , thot\u00eb Matiq.<\/div>\n<div>\n\t\u00a0<\/div>\n<div>\n\tNj\u00eb problem tjet\u00ebr q\u00eb ai paralajm\u00ebron dhe me t\u00eb cilin p\u00ebrballen ata q\u00eb duan t\u00eb ndihmojn\u00eb, \u00ebsht\u00eb se bankat kan\u00eb provizione me cka edhe\u00a0 dhe vrasin donacione t\u00eb vogla, k\u00ebshtu q\u00eb shum\u00eb shpesh ndodh q\u00eb provizioni bankar t\u00eb pengoj\u00eb ata q\u00eb duan t\u00eb dhurojn\u00eb para.<\/div>\n<div>\n\t\u00a0<\/div>\n<div>\n\tSipas mendimit t\u00eb tij, n\u00eb njer\u00ebzit ton\u00eb nuk ka shprehi dhe vazhdim\u00ebsi, por m\u00eb s\u00eb shumti ndodh kur ndodh ndonj\u00eb situat\u00eb alarmante.<\/div>\n<div>\n\t\u00a0<\/div>\n<div>\n\tDita Bot\u00ebrore Humanitare festohet n\u00eb p\u00ebrvjetorin e bombardimit t\u00eb selis\u00eb s\u00eb OKB-s\u00eb n\u00eb Bagdad n\u00eb vitin 2003, kur humb\u00ebn jet\u00ebn 22 pun\u00ebtor\u00eb humanitar\u00eb.<\/div>\n<div>\n\t\u00a0<\/div>\n<div>\n\t<strong>Burimi: Bujanovacke dhe Trupi koordinues\u00a0<\/strong><\/div>\n<div>\n\t\u00a0<\/div>\n","protected":false},"excerpt":{"rendered":"<p>Bujanoc \u2013 Vranj\u00eb\u00a0\u2013 Beograd \u2013 Tamara Misirliq (19) nga Vranja ka filluar pun\u00ebn humanitare n\u00eb mosh\u00ebn 17 vje\u00e7are dhe deri m\u00eb tani ka ndihmuar 81 familje.<\/p>\n<p>\t\u00a0<\/p>\n","protected":false},"author":1,"featured_media":107209,"comment_status":"closed","ping_status":"closed","sticky":false,"template":"","format":"standard","meta":{"footnotes":""},"categories":[55],"tags":[],"class_list":["post-107204","post","type-post","status-publish","format-standard","has-post-thumbnail","hentry","category-lajme"],"yoast_head":"<!-- This site is optimized with the Yoast SEO plugin v27.5 - https:\/\/yoast.com\/product\/yoast-seo-wordpress\/ -->\n<title>TAMARA MISIRLJIC NDIHMON T\u00cb RREZIKUARIT N\u00cb JUG T\u00cb S\u00cbRBIS\u00cb - Republika e S\u00ebrbis\u00eb Trupi Koordinues p\u00ebr komunat Bujanoc, Preshev\u00eb dhe Medvegj\u00eb<\/title>\n<meta name=\"robots\" content=\"index, follow, max-snippet:-1, max-image-preview:large, max-video-preview:-1\" \/>\n<link rel=\"canonical\" href=\"https:\/\/kt.gov.rs\/sq\/tamara-misirljic-ndihmon-te-rrezikuarit-ne-jug-te-serbise\/\" \/>\n<meta property=\"og:locale\" content=\"sq_AL\" \/>\n<meta property=\"og:type\" content=\"article\" \/>\n<meta property=\"og:title\" content=\"TAMARA MISIRLJIC NDIHMON T\u00cb RREZIKUARIT N\u00cb JUG T\u00cb S\u00cbRBIS\u00cb - Republika e S\u00ebrbis\u00eb Trupi Koordinues p\u00ebr komunat Bujanoc, Preshev\u00eb dhe Medvegj\u00eb\" \/>\n<meta property=\"og:description\" content=\"Bujanoc - Vranj\u00eb\u00a0- Beograd - Tamara Misirliq (19) nga Vranja ka filluar pun\u00ebn humanitare n\u00eb mosh\u00ebn 17 vje\u00e7are dhe deri m\u00eb tani ka ndihmuar 81 familje.  \u00a0\" \/>\n<meta property=\"og:url\" content=\"https:\/\/kt.gov.rs\/sq\/tamara-misirljic-ndihmon-te-rrezikuarit-ne-jug-te-serbise\/\" \/>\n<meta property=\"og:site_name\" content=\"Republika e S\u00ebrbis\u00eb Trupi Koordinues p\u00ebr komunat Bujanoc, Preshev\u00eb dhe Medvegj\u00eb\" \/>\n<meta property=\"article:publisher\" content=\"https:\/\/www.facebook.com\/SluzbaKoordinacionogTelaVladeRepublikeSrbije\" \/>\n<meta property=\"article:published_time\" content=\"2022-08-22T00:00:00+00:00\" \/>\n<meta property=\"article:modified_time\" content=\"2024-07-30T17:56:10+00:00\" \/>\n<meta property=\"og:image\" content=\"https:\/\/kt.gov.rs\/wp-content\/uploads\/2024\/07\/1661165051_220922_1-3.jpg\" \/>\n\t<meta property=\"og:image:width\" content=\"315\" \/>\n\t<meta property=\"og:image:height\" content=\"230\" \/>\n\t<meta property=\"og:image:type\" content=\"image\/jpeg\" \/>\n<meta name=\"author\" content=\"ktmin\" \/>\n<meta name=\"twitter:card\" content=\"summary_large_image\" \/>\n<meta name=\"twitter:creator\" content=\"@kt_gov\" \/>\n<meta name=\"twitter:site\" content=\"@kt_gov\" \/>\n<meta name=\"twitter:label1\" content=\"Written by\" \/>\n\t<meta name=\"twitter:data1\" content=\"ktmin\" \/>\n\t<meta name=\"twitter:label2\" content=\"Est. reading time\" \/>\n\t<meta name=\"twitter:data2\" content=\"7 minutes\" \/>\n<script type=\"application\/ld+json\" class=\"yoast-schema-graph\">{\"@context\":\"https:\\\/\\\/schema.org\",\"@graph\":[{\"@type\":\"Article\",\"@id\":\"https:\\\/\\\/kt.gov.rs\\\/sq\\\/tamara-misirljic-ndihmon-te-rrezikuarit-ne-jug-te-serbise\\\/#article\",\"isPartOf\":{\"@id\":\"https:\\\/\\\/kt.gov.rs\\\/sq\\\/tamara-misirljic-ndihmon-te-rrezikuarit-ne-jug-te-serbise\\\/\"},\"author\":{\"name\":\"ktmin\",\"@id\":\"https:\\\/\\\/kt.gov.rs\\\/#\\\/schema\\\/person\\\/e426459ddb4173309103390602694571\"},\"headline\":\"TAMARA MISIRLJIC NDIHMON T\u00cb RREZIKUARIT N\u00cb JUG T\u00cb S\u00cbRBIS\u00cb\",\"datePublished\":\"2022-08-22T00:00:00+00:00\",\"dateModified\":\"2024-07-30T17:56:10+00:00\",\"mainEntityOfPage\":{\"@id\":\"https:\\\/\\\/kt.gov.rs\\\/sq\\\/tamara-misirljic-ndihmon-te-rrezikuarit-ne-jug-te-serbise\\\/\"},\"wordCount\":1392,\"publisher\":{\"@id\":\"https:\\\/\\\/kt.gov.rs\\\/#organization\"},\"image\":{\"@id\":\"https:\\\/\\\/kt.gov.rs\\\/sq\\\/tamara-misirljic-ndihmon-te-rrezikuarit-ne-jug-te-serbise\\\/#primaryimage\"},\"thumbnailUrl\":\"https:\\\/\\\/kt.gov.rs\\\/wp-content\\\/uploads\\\/2024\\\/07\\\/1661165051_220922_1-3.jpg\",\"articleSection\":[\"Lajme\"],\"inLanguage\":\"sq-AL\"},{\"@type\":\"WebPage\",\"@id\":\"https:\\\/\\\/kt.gov.rs\\\/sq\\\/tamara-misirljic-ndihmon-te-rrezikuarit-ne-jug-te-serbise\\\/\",\"url\":\"https:\\\/\\\/kt.gov.rs\\\/sq\\\/tamara-misirljic-ndihmon-te-rrezikuarit-ne-jug-te-serbise\\\/\",\"name\":\"TAMARA MISIRLJIC NDIHMON T\u00cb RREZIKUARIT N\u00cb JUG T\u00cb S\u00cbRBIS\u00cb - Republika e S\u00ebrbis\u00eb Trupi Koordinues p\u00ebr komunat Bujanoc, Preshev\u00eb dhe Medvegj\u00eb\",\"isPartOf\":{\"@id\":\"https:\\\/\\\/kt.gov.rs\\\/#website\"},\"primaryImageOfPage\":{\"@id\":\"https:\\\/\\\/kt.gov.rs\\\/sq\\\/tamara-misirljic-ndihmon-te-rrezikuarit-ne-jug-te-serbise\\\/#primaryimage\"},\"image\":{\"@id\":\"https:\\\/\\\/kt.gov.rs\\\/sq\\\/tamara-misirljic-ndihmon-te-rrezikuarit-ne-jug-te-serbise\\\/#primaryimage\"},\"thumbnailUrl\":\"https:\\\/\\\/kt.gov.rs\\\/wp-content\\\/uploads\\\/2024\\\/07\\\/1661165051_220922_1-3.jpg\",\"datePublished\":\"2022-08-22T00:00:00+00:00\",\"dateModified\":\"2024-07-30T17:56:10+00:00\",\"breadcrumb\":{\"@id\":\"https:\\\/\\\/kt.gov.rs\\\/sq\\\/tamara-misirljic-ndihmon-te-rrezikuarit-ne-jug-te-serbise\\\/#breadcrumb\"},\"inLanguage\":\"sq-AL\",\"potentialAction\":[{\"@type\":\"ReadAction\",\"target\":[\"https:\\\/\\\/kt.gov.rs\\\/sq\\\/tamara-misirljic-ndihmon-te-rrezikuarit-ne-jug-te-serbise\\\/\"]}]},{\"@type\":\"ImageObject\",\"inLanguage\":\"sq-AL\",\"@id\":\"https:\\\/\\\/kt.gov.rs\\\/sq\\\/tamara-misirljic-ndihmon-te-rrezikuarit-ne-jug-te-serbise\\\/#primaryimage\",\"url\":\"https:\\\/\\\/kt.gov.rs\\\/wp-content\\\/uploads\\\/2024\\\/07\\\/1661165051_220922_1-3.jpg\",\"contentUrl\":\"https:\\\/\\\/kt.gov.rs\\\/wp-content\\\/uploads\\\/2024\\\/07\\\/1661165051_220922_1-3.jpg\",\"width\":315,\"height\":230},{\"@type\":\"BreadcrumbList\",\"@id\":\"https:\\\/\\\/kt.gov.rs\\\/sq\\\/tamara-misirljic-ndihmon-te-rrezikuarit-ne-jug-te-serbise\\\/#breadcrumb\",\"itemListElement\":[{\"@type\":\"ListItem\",\"position\":1,\"name\":\"\u041f\u043e\u0447\u0435\u0442\u043d\u0430\",\"item\":\"https:\\\/\\\/kt.gov.rs\\\/sq\\\/\"},{\"@type\":\"ListItem\",\"position\":2,\"name\":\"TAMARA MISIRLJIC NDIHMON T\u00cb RREZIKUARIT N\u00cb JUG T\u00cb S\u00cbRBIS\u00cb\"}]},{\"@type\":\"WebSite\",\"@id\":\"https:\\\/\\\/kt.gov.rs\\\/#website\",\"url\":\"https:\\\/\\\/kt.gov.rs\\\/\",\"name\":\"\u041a\u043e\u043e\u0440\u0434\u0438\u043d\u0430\u0446\u0438\u043e\u043d\u043e \u0442\u0435\u043b\u043e \u0412\u043b\u0430\u0434\u0435 \u0420\u0435\u043f\u0443\u0431\u043b\u0438\u043a\u0435 \u0421\u0440\u0431\u0438\u0458\u0435 \u0437\u0430 \u043e\u043f\u0448\u0442\u0438\u043d\u0435 \u041f\u0440\u0435\u0448\u0435\u0432\u043e, \u0411\u0443\u0458\u0430\u043d\u043e\u0432\u0430\u0446 \u0438 \u041c\u0435\u0434\u0432\u0435\u0452a\",\"description\":\"\",\"publisher\":{\"@id\":\"https:\\\/\\\/kt.gov.rs\\\/#organization\"},\"alternateName\":\"\u041a\u043e\u043e\u0440\u0434\u0438\u043d\u0430\u0446\u0438\u043e\u043d\u043e \u0442\u0435\u043b\u043e\",\"potentialAction\":[{\"@type\":\"SearchAction\",\"target\":{\"@type\":\"EntryPoint\",\"urlTemplate\":\"https:\\\/\\\/kt.gov.rs\\\/?s={search_term_string}\"},\"query-input\":{\"@type\":\"PropertyValueSpecification\",\"valueRequired\":true,\"valueName\":\"search_term_string\"}}],\"inLanguage\":\"sq-AL\"},{\"@type\":\"Organization\",\"@id\":\"https:\\\/\\\/kt.gov.rs\\\/#organization\",\"name\":\"\u041a\u043e\u043e\u0440\u0434\u0438\u043d\u0430\u0446\u0438\u043e\u043d\u043e \u0442\u0435\u043b\u043e \u0412\u043b\u0430\u0434\u0435 \u0420\u0435\u043f\u0443\u0431\u043b\u0438\u043a\u0435 \u0421\u0440\u0431\u0438\u0458\u0435 \u0437\u0430 \u043e\u043f\u0448\u0442\u0438\u043d\u0435 \u041f\u0440\u0435\u0448\u0435\u0432\u043e, \u0411\u0443\u0458\u0430\u043d\u043e\u0432\u0430\u0446 \u0438 \u041c\u0435\u0434\u0432\u0435\u0452a\",\"alternateName\":\"\u041a\u043e\u043e\u0440\u0434\u0438\u043d\u0430\u0446\u0438\u043e\u043d\u043e \u0442\u0435\u043b\u043e\",\"url\":\"https:\\\/\\\/kt.gov.rs\\\/\",\"logo\":{\"@type\":\"ImageObject\",\"inLanguage\":\"sq-AL\",\"@id\":\"https:\\\/\\\/kt.gov.rs\\\/#\\\/schema\\\/logo\\\/image\\\/\",\"url\":\"https:\\\/\\\/kt.gov.rs\\\/wp-content\\\/uploads\\\/2024\\\/12\\\/koord2.jpg\",\"contentUrl\":\"https:\\\/\\\/kt.gov.rs\\\/wp-content\\\/uploads\\\/2024\\\/12\\\/koord2.jpg\",\"width\":640,\"height\":480,\"caption\":\"\u041a\u043e\u043e\u0440\u0434\u0438\u043d\u0430\u0446\u0438\u043e\u043d\u043e \u0442\u0435\u043b\u043e \u0412\u043b\u0430\u0434\u0435 \u0420\u0435\u043f\u0443\u0431\u043b\u0438\u043a\u0435 \u0421\u0440\u0431\u0438\u0458\u0435 \u0437\u0430 \u043e\u043f\u0448\u0442\u0438\u043d\u0435 \u041f\u0440\u0435\u0448\u0435\u0432\u043e, \u0411\u0443\u0458\u0430\u043d\u043e\u0432\u0430\u0446 \u0438 \u041c\u0435\u0434\u0432\u0435\u0452a\"},\"image\":{\"@id\":\"https:\\\/\\\/kt.gov.rs\\\/#\\\/schema\\\/logo\\\/image\\\/\"},\"sameAs\":[\"https:\\\/\\\/www.facebook.com\\\/SluzbaKoordinacionogTelaVladeRepublikeSrbije\",\"https:\\\/\\\/x.com\\\/kt_gov\",\"https:\\\/\\\/www.youtube.com\\\/@koordinacionotelo\"]},{\"@type\":\"Person\",\"@id\":\"https:\\\/\\\/kt.gov.rs\\\/#\\\/schema\\\/person\\\/e426459ddb4173309103390602694571\",\"name\":\"ktmin\",\"image\":{\"@type\":\"ImageObject\",\"inLanguage\":\"sq-AL\",\"@id\":\"https:\\\/\\\/secure.gravatar.com\\\/avatar\\\/3985c961109853010c3fbc7ba30365bfba5db3dd6c525831d9c595c7525a615a?s=96&d=mm&r=g\",\"url\":\"https:\\\/\\\/secure.gravatar.com\\\/avatar\\\/3985c961109853010c3fbc7ba30365bfba5db3dd6c525831d9c595c7525a615a?s=96&d=mm&r=g\",\"contentUrl\":\"https:\\\/\\\/secure.gravatar.com\\\/avatar\\\/3985c961109853010c3fbc7ba30365bfba5db3dd6c525831d9c595c7525a615a?s=96&d=mm&r=g\",\"caption\":\"ktmin\"},\"sameAs\":[\"https:\\\/\\\/kt.gov.rs\"],\"url\":\"https:\\\/\\\/kt.gov.rs\\\/sq\\\/author\\\/ktmin\\\/\"}]}<\/script>\n<!-- \/ Yoast SEO plugin. -->","yoast_head_json":{"title":"TAMARA MISIRLJIC NDIHMON T\u00cb RREZIKUARIT N\u00cb JUG T\u00cb S\u00cbRBIS\u00cb - Republika e S\u00ebrbis\u00eb Trupi Koordinues p\u00ebr komunat Bujanoc, Preshev\u00eb dhe Medvegj\u00eb","robots":{"index":"index","follow":"follow","max-snippet":"max-snippet:-1","max-image-preview":"max-image-preview:large","max-video-preview":"max-video-preview:-1"},"canonical":"https:\/\/kt.gov.rs\/sq\/tamara-misirljic-ndihmon-te-rrezikuarit-ne-jug-te-serbise\/","og_locale":"sq_AL","og_type":"article","og_title":"TAMARA MISIRLJIC NDIHMON T\u00cb RREZIKUARIT N\u00cb JUG T\u00cb S\u00cbRBIS\u00cb - Republika e S\u00ebrbis\u00eb Trupi Koordinues p\u00ebr komunat Bujanoc, Preshev\u00eb dhe Medvegj\u00eb","og_description":"Bujanoc - Vranj\u00eb\u00a0- Beograd - Tamara Misirliq (19) nga Vranja ka filluar pun\u00ebn humanitare n\u00eb mosh\u00ebn 17 vje\u00e7are dhe deri m\u00eb tani ka ndihmuar 81 familje.  \u00a0","og_url":"https:\/\/kt.gov.rs\/sq\/tamara-misirljic-ndihmon-te-rrezikuarit-ne-jug-te-serbise\/","og_site_name":"Republika e S\u00ebrbis\u00eb Trupi Koordinues p\u00ebr komunat Bujanoc, Preshev\u00eb dhe Medvegj\u00eb","article_publisher":"https:\/\/www.facebook.com\/SluzbaKoordinacionogTelaVladeRepublikeSrbije","article_published_time":"2022-08-22T00:00:00+00:00","article_modified_time":"2024-07-30T17:56:10+00:00","og_image":[{"width":315,"height":230,"url":"https:\/\/kt.gov.rs\/wp-content\/uploads\/2024\/07\/1661165051_220922_1-3.jpg","type":"image\/jpeg"}],"author":"ktmin","twitter_card":"summary_large_image","twitter_creator":"@kt_gov","twitter_site":"@kt_gov","twitter_misc":{"Written by":"ktmin","Est. reading time":"7 minutes"},"schema":{"@context":"https:\/\/schema.org","@graph":[{"@type":"Article","@id":"https:\/\/kt.gov.rs\/sq\/tamara-misirljic-ndihmon-te-rrezikuarit-ne-jug-te-serbise\/#article","isPartOf":{"@id":"https:\/\/kt.gov.rs\/sq\/tamara-misirljic-ndihmon-te-rrezikuarit-ne-jug-te-serbise\/"},"author":{"name":"ktmin","@id":"https:\/\/kt.gov.rs\/#\/schema\/person\/e426459ddb4173309103390602694571"},"headline":"TAMARA MISIRLJIC NDIHMON T\u00cb RREZIKUARIT N\u00cb JUG T\u00cb S\u00cbRBIS\u00cb","datePublished":"2022-08-22T00:00:00+00:00","dateModified":"2024-07-30T17:56:10+00:00","mainEntityOfPage":{"@id":"https:\/\/kt.gov.rs\/sq\/tamara-misirljic-ndihmon-te-rrezikuarit-ne-jug-te-serbise\/"},"wordCount":1392,"publisher":{"@id":"https:\/\/kt.gov.rs\/#organization"},"image":{"@id":"https:\/\/kt.gov.rs\/sq\/tamara-misirljic-ndihmon-te-rrezikuarit-ne-jug-te-serbise\/#primaryimage"},"thumbnailUrl":"https:\/\/kt.gov.rs\/wp-content\/uploads\/2024\/07\/1661165051_220922_1-3.jpg","articleSection":["Lajme"],"inLanguage":"sq-AL"},{"@type":"WebPage","@id":"https:\/\/kt.gov.rs\/sq\/tamara-misirljic-ndihmon-te-rrezikuarit-ne-jug-te-serbise\/","url":"https:\/\/kt.gov.rs\/sq\/tamara-misirljic-ndihmon-te-rrezikuarit-ne-jug-te-serbise\/","name":"TAMARA MISIRLJIC NDIHMON T\u00cb RREZIKUARIT N\u00cb JUG T\u00cb S\u00cbRBIS\u00cb - Republika e S\u00ebrbis\u00eb Trupi Koordinues p\u00ebr komunat Bujanoc, Preshev\u00eb dhe Medvegj\u00eb","isPartOf":{"@id":"https:\/\/kt.gov.rs\/#website"},"primaryImageOfPage":{"@id":"https:\/\/kt.gov.rs\/sq\/tamara-misirljic-ndihmon-te-rrezikuarit-ne-jug-te-serbise\/#primaryimage"},"image":{"@id":"https:\/\/kt.gov.rs\/sq\/tamara-misirljic-ndihmon-te-rrezikuarit-ne-jug-te-serbise\/#primaryimage"},"thumbnailUrl":"https:\/\/kt.gov.rs\/wp-content\/uploads\/2024\/07\/1661165051_220922_1-3.jpg","datePublished":"2022-08-22T00:00:00+00:00","dateModified":"2024-07-30T17:56:10+00:00","breadcrumb":{"@id":"https:\/\/kt.gov.rs\/sq\/tamara-misirljic-ndihmon-te-rrezikuarit-ne-jug-te-serbise\/#breadcrumb"},"inLanguage":"sq-AL","potentialAction":[{"@type":"ReadAction","target":["https:\/\/kt.gov.rs\/sq\/tamara-misirljic-ndihmon-te-rrezikuarit-ne-jug-te-serbise\/"]}]},{"@type":"ImageObject","inLanguage":"sq-AL","@id":"https:\/\/kt.gov.rs\/sq\/tamara-misirljic-ndihmon-te-rrezikuarit-ne-jug-te-serbise\/#primaryimage","url":"https:\/\/kt.gov.rs\/wp-content\/uploads\/2024\/07\/1661165051_220922_1-3.jpg","contentUrl":"https:\/\/kt.gov.rs\/wp-content\/uploads\/2024\/07\/1661165051_220922_1-3.jpg","width":315,"height":230},{"@type":"BreadcrumbList","@id":"https:\/\/kt.gov.rs\/sq\/tamara-misirljic-ndihmon-te-rrezikuarit-ne-jug-te-serbise\/#breadcrumb","itemListElement":[{"@type":"ListItem","position":1,"name":"\u041f\u043e\u0447\u0435\u0442\u043d\u0430","item":"https:\/\/kt.gov.rs\/sq\/"},{"@type":"ListItem","position":2,"name":"TAMARA MISIRLJIC NDIHMON T\u00cb RREZIKUARIT N\u00cb JUG T\u00cb S\u00cbRBIS\u00cb"}]},{"@type":"WebSite","@id":"https:\/\/kt.gov.rs\/#website","url":"https:\/\/kt.gov.rs\/","name":"\u041a\u043e\u043e\u0440\u0434\u0438\u043d\u0430\u0446\u0438\u043e\u043d\u043e \u0442\u0435\u043b\u043e \u0412\u043b\u0430\u0434\u0435 \u0420\u0435\u043f\u0443\u0431\u043b\u0438\u043a\u0435 \u0421\u0440\u0431\u0438\u0458\u0435 \u0437\u0430 \u043e\u043f\u0448\u0442\u0438\u043d\u0435 \u041f\u0440\u0435\u0448\u0435\u0432\u043e, \u0411\u0443\u0458\u0430\u043d\u043e\u0432\u0430\u0446 \u0438 \u041c\u0435\u0434\u0432\u0435\u0452a","description":"","publisher":{"@id":"https:\/\/kt.gov.rs\/#organization"},"alternateName":"\u041a\u043e\u043e\u0440\u0434\u0438\u043d\u0430\u0446\u0438\u043e\u043d\u043e \u0442\u0435\u043b\u043e","potentialAction":[{"@type":"SearchAction","target":{"@type":"EntryPoint","urlTemplate":"https:\/\/kt.gov.rs\/?s={search_term_string}"},"query-input":{"@type":"PropertyValueSpecification","valueRequired":true,"valueName":"search_term_string"}}],"inLanguage":"sq-AL"},{"@type":"Organization","@id":"https:\/\/kt.gov.rs\/#organization","name":"\u041a\u043e\u043e\u0440\u0434\u0438\u043d\u0430\u0446\u0438\u043e\u043d\u043e \u0442\u0435\u043b\u043e \u0412\u043b\u0430\u0434\u0435 \u0420\u0435\u043f\u0443\u0431\u043b\u0438\u043a\u0435 \u0421\u0440\u0431\u0438\u0458\u0435 \u0437\u0430 \u043e\u043f\u0448\u0442\u0438\u043d\u0435 \u041f\u0440\u0435\u0448\u0435\u0432\u043e, \u0411\u0443\u0458\u0430\u043d\u043e\u0432\u0430\u0446 \u0438 \u041c\u0435\u0434\u0432\u0435\u0452a","alternateName":"\u041a\u043e\u043e\u0440\u0434\u0438\u043d\u0430\u0446\u0438\u043e\u043d\u043e \u0442\u0435\u043b\u043e","url":"https:\/\/kt.gov.rs\/","logo":{"@type":"ImageObject","inLanguage":"sq-AL","@id":"https:\/\/kt.gov.rs\/#\/schema\/logo\/image\/","url":"https:\/\/kt.gov.rs\/wp-content\/uploads\/2024\/12\/koord2.jpg","contentUrl":"https:\/\/kt.gov.rs\/wp-content\/uploads\/2024\/12\/koord2.jpg","width":640,"height":480,"caption":"\u041a\u043e\u043e\u0440\u0434\u0438\u043d\u0430\u0446\u0438\u043e\u043d\u043e \u0442\u0435\u043b\u043e \u0412\u043b\u0430\u0434\u0435 \u0420\u0435\u043f\u0443\u0431\u043b\u0438\u043a\u0435 \u0421\u0440\u0431\u0438\u0458\u0435 \u0437\u0430 \u043e\u043f\u0448\u0442\u0438\u043d\u0435 \u041f\u0440\u0435\u0448\u0435\u0432\u043e, \u0411\u0443\u0458\u0430\u043d\u043e\u0432\u0430\u0446 \u0438 \u041c\u0435\u0434\u0432\u0435\u0452a"},"image":{"@id":"https:\/\/kt.gov.rs\/#\/schema\/logo\/image\/"},"sameAs":["https:\/\/www.facebook.com\/SluzbaKoordinacionogTelaVladeRepublikeSrbije","https:\/\/x.com\/kt_gov","https:\/\/www.youtube.com\/@koordinacionotelo"]},{"@type":"Person","@id":"https:\/\/kt.gov.rs\/#\/schema\/person\/e426459ddb4173309103390602694571","name":"ktmin","image":{"@type":"ImageObject","inLanguage":"sq-AL","@id":"https:\/\/secure.gravatar.com\/avatar\/3985c961109853010c3fbc7ba30365bfba5db3dd6c525831d9c595c7525a615a?s=96&d=mm&r=g","url":"https:\/\/secure.gravatar.com\/avatar\/3985c961109853010c3fbc7ba30365bfba5db3dd6c525831d9c595c7525a615a?s=96&d=mm&r=g","contentUrl":"https:\/\/secure.gravatar.com\/avatar\/3985c961109853010c3fbc7ba30365bfba5db3dd6c525831d9c595c7525a615a?s=96&d=mm&r=g","caption":"ktmin"},"sameAs":["https:\/\/kt.gov.rs"],"url":"https:\/\/kt.gov.rs\/sq\/author\/ktmin\/"}]}},"_links":{"self":[{"href":"https:\/\/kt.gov.rs\/sq\/wp-json\/wp\/v2\/posts\/107204","targetHints":{"allow":["GET"]}}],"collection":[{"href":"https:\/\/kt.gov.rs\/sq\/wp-json\/wp\/v2\/posts"}],"about":[{"href":"https:\/\/kt.gov.rs\/sq\/wp-json\/wp\/v2\/types\/post"}],"author":[{"embeddable":true,"href":"https:\/\/kt.gov.rs\/sq\/wp-json\/wp\/v2\/users\/1"}],"replies":[{"embeddable":true,"href":"https:\/\/kt.gov.rs\/sq\/wp-json\/wp\/v2\/comments?post=107204"}],"version-history":[{"count":1,"href":"https:\/\/kt.gov.rs\/sq\/wp-json\/wp\/v2\/posts\/107204\/revisions"}],"predecessor-version":[{"id":107208,"href":"https:\/\/kt.gov.rs\/sq\/wp-json\/wp\/v2\/posts\/107204\/revisions\/107208"}],"wp:featuredmedia":[{"embeddable":true,"href":"https:\/\/kt.gov.rs\/sq\/wp-json\/wp\/v2\/media\/107209"}],"wp:attachment":[{"href":"https:\/\/kt.gov.rs\/sq\/wp-json\/wp\/v2\/media?parent=107204"}],"wp:term":[{"taxonomy":"category","embeddable":true,"href":"https:\/\/kt.gov.rs\/sq\/wp-json\/wp\/v2\/categories?post=107204"},{"taxonomy":"post_tag","embeddable":true,"href":"https:\/\/kt.gov.rs\/sq\/wp-json\/wp\/v2\/tags?post=107204"}],"curies":[{"name":"wp","href":"https:\/\/api.w.org\/{rel}","templated":true}]}}