{"id":107172,"date":"2022-09-08T00:00:00","date_gmt":"2022-09-08T00:00:00","guid":{"rendered":"http:\/\/kt.printandscreen.rs\/deminuesit-largojne-minat-ne-koncul-dhe-bresiq\/"},"modified":"2024-07-30T17:56:07","modified_gmt":"2024-07-30T17:56:07","slug":"deminuesit-largojne-minat-ne-koncul-dhe-bresiq","status":"publish","type":"post","link":"https:\/\/kt.gov.rs\/sq\/deminuesit-largojne-minat-ne-koncul-dhe-bresiq\/","title":{"rendered":"DEMINUESIT LARGOJN\u00cb MINAT N\u00cb KONCUL DHE BRESIQ"},"content":{"rendered":"<p>\n\t<strong><img decoding=\"async\" alt=\"\" src=\"https:\/\/kt.gov.rs\/wp-content\/uploads\/2024\/07\/1662637107_080922_3-2.jpg\" style=\"width: 315px; height: 230px; float: left;\" \/>Bujanoc \u2013 Beograd <\/strong>\u2013 N\u00eb fshatrat Dobrosin, Kon\u00e7ul dhe Bresiq t\u00eb komun\u00ebs s\u00eb Bujanocit \u00ebsht\u00eb duke u zhvilluar aksioni i madh p\u00ebr heqjen e minave, bombave dhe municioneve tjera. M\u00eb shum\u00eb se 50 deminues nga Republika Srpska u angazhuan n\u00eb pastrimin e territorit.<\/p>\n<p>\n\tAksioni filloi n\u00eb af\u00ebrsi t\u00eb fshatit Dobrosin n\u00eb fund t\u00eb gushtit dhe t\u00eb m\u00ebrkur\u00ebn deminuesit e organizat\u00ebs \u201cIn Demining\u201d mor\u00ebn p\u00ebrforcime nga Shoqata \u201cStop Mine\u201d nga Pale.<\/p>\n<p>\n\tMegjith\u00ebse terreni konsiderohet jasht\u00ebzakonisht i rreziksh\u00ebm, deri m\u00eb tani nuk \u00ebsht\u00eb gjetur asnj\u00eb min\u00eb apo bomb\u00eb e mbetur.<\/p>\n<p>\n\tShefi i shtabit t\u00eb komun\u00ebs p\u00ebr situata t\u00eb jasht\u00ebzakonshme, Ali Aslani, ka th\u00ebn\u00eb se ekipi i dyt\u00eb, i cili ka arritur t\u00eb m\u00ebrkur\u00ebn n\u00eb Bujanoc, \u00ebsht\u00eb angazhuar n\u00eb shtrirjen nd\u00ebrmjet fshatrave Bresiq dhe Kon\u00e7ul.<\/p>\n<p>\n\t\u201cPo punohet n\u00eb nj\u00eb sip\u00ebrfaqe prej m\u00eb shum\u00eb se 140 mij\u00eb metrash katror\u00eb me terren jasht\u00ebzakonisht t\u00eb pap\u00ebrshtatsh\u00ebm. \u201c\u00cbsht\u00eb planifikuar q\u00eb ekipet e \u00e7minimit nga Dobrosin dhe nga ky territor tjet\u00ebr t\u00eb l\u00ebvizin ngadal\u00eb drejt nj\u00ebri-tjetrit dhe n\u00eb k\u00ebt\u00eb m\u00ebnyr\u00eb t\u00eb kontrollojn\u00eb t\u00eb gjith\u00eb territorin\u201d, tha Aslani.<\/p>\n<p>\n\tAi shtoi se n\u00eb deminim jan\u00eb angazhuar 54 deminues me 14 vetura.<\/p>\n<p>\n\tAslani paralajm\u00ebroi dhe apeloi banor\u00ebt q\u00eb t\u00eb mos hyjn\u00eb n\u00eb zonat ku po punojn\u00eb \u00e7minuesit.<\/p>\n<p>\n\t\u201cAto zona jan\u00eb t\u00eb sh\u00ebnuara dhe k\u00ebrkoj nga qytetar\u00ebt q\u00eb t\u00eb sillen me p\u00ebrgjegj\u00ebsi dhe t\u00eb mos rrezikojn\u00eb jet\u00ebn e tyre dhe t\u00eb tjer\u00ebve\u201d, theksoi Aslani.<\/p>\n<p>\n\tN\u00eb territorin e komun\u00ebs s\u00eb Bujanocit pas bombardimeve t\u00eb NATO-s dhe konfliktit n\u00eb k\u00ebt\u00eb zon\u00eb kan\u00eb mbetur mjete t\u00eb shumta t\u00eb pashp\u00ebrthyera, nd\u00ebrsa deminimi ende nuk ka p\u00ebrfunduar plot\u00ebsisht edhe pas m\u00eb shum\u00eb se 20 vitesh.<\/p>\n<p>\n\t<strong>Burimi: Bujanovacke, Trupi koordinues<\/strong><\/p>\n<p>\n\t\u00a0<\/p>\n","protected":false},"excerpt":{"rendered":"<p>Bujanoc \u2013 Beograd\u00a0\u2013 N\u00eb fshatrat Dobrosin, Kon\u00e7ul dhe Bresiq t\u00eb komun\u00ebs s\u00eb Bujanocit \u00ebsht\u00eb duke u zhvilluar aksioni i madh p\u00ebr heqjen e minave, bombave dhe municioneve tjera. M\u00eb shum\u00eb se 50 deminues nga Republika Srpska u angazhuan n\u00eb pastrimin e territorit.<\/p>\n","protected":false},"author":1,"featured_media":107177,"comment_status":"closed","ping_status":"closed","sticky":false,"template":"","format":"standard","meta":{"footnotes":""},"categories":[55],"tags":[],"class_list":["post-107172","post","type-post","status-publish","format-standard","has-post-thumbnail","hentry","category-lajme"],"yoast_head":"<!-- This site is optimized with the Yoast SEO plugin v27.5 - https:\/\/yoast.com\/product\/yoast-seo-wordpress\/ -->\n<title>DEMINUESIT LARGOJN\u00cb MINAT N\u00cb KONCUL DHE BRESIQ - Republika e S\u00ebrbis\u00eb Trupi Koordinues p\u00ebr komunat Bujanoc, Preshev\u00eb dhe Medvegj\u00eb<\/title>\n<meta name=\"robots\" content=\"index, follow, max-snippet:-1, max-image-preview:large, max-video-preview:-1\" \/>\n<link rel=\"canonical\" href=\"https:\/\/kt.gov.rs\/sq\/deminuesit-largojne-minat-ne-koncul-dhe-bresiq\/\" \/>\n<meta property=\"og:locale\" content=\"sq_AL\" \/>\n<meta property=\"og:type\" content=\"article\" \/>\n<meta property=\"og:title\" content=\"DEMINUESIT LARGOJN\u00cb MINAT N\u00cb KONCUL DHE BRESIQ - Republika e S\u00ebrbis\u00eb Trupi Koordinues p\u00ebr komunat Bujanoc, Preshev\u00eb dhe Medvegj\u00eb\" \/>\n<meta property=\"og:description\" content=\"Bujanoc - Beograd\u00a0- N\u00eb fshatrat Dobrosin, Kon\u00e7ul dhe Bresiq t\u00eb komun\u00ebs s\u00eb Bujanocit \u00ebsht\u00eb duke u zhvilluar aksioni i madh p\u00ebr heqjen e minave, bombave dhe municioneve tjera. M\u00eb shum\u00eb se 50 deminues nga Republika Srpska u angazhuan n\u00eb pastrimin e territorit.\" \/>\n<meta property=\"og:url\" content=\"https:\/\/kt.gov.rs\/sq\/deminuesit-largojne-minat-ne-koncul-dhe-bresiq\/\" \/>\n<meta property=\"og:site_name\" content=\"Republika e S\u00ebrbis\u00eb Trupi Koordinues p\u00ebr komunat Bujanoc, Preshev\u00eb dhe Medvegj\u00eb\" \/>\n<meta property=\"article:publisher\" content=\"https:\/\/www.facebook.com\/SluzbaKoordinacionogTelaVladeRepublikeSrbije\" \/>\n<meta property=\"article:published_time\" content=\"2022-09-08T00:00:00+00:00\" \/>\n<meta property=\"article:modified_time\" content=\"2024-07-30T17:56:07+00:00\" \/>\n<meta property=\"og:image\" content=\"https:\/\/kt.gov.rs\/wp-content\/uploads\/2024\/07\/1662637107_080922_3-3.jpg\" \/>\n\t<meta property=\"og:image:width\" content=\"315\" \/>\n\t<meta property=\"og:image:height\" content=\"230\" \/>\n\t<meta property=\"og:image:type\" content=\"image\/jpeg\" \/>\n<meta name=\"author\" content=\"ktmin\" \/>\n<meta name=\"twitter:card\" content=\"summary_large_image\" \/>\n<meta name=\"twitter:creator\" content=\"@kt_gov\" \/>\n<meta name=\"twitter:site\" content=\"@kt_gov\" \/>\n<meta name=\"twitter:label1\" content=\"Written by\" \/>\n\t<meta name=\"twitter:data1\" content=\"ktmin\" \/>\n\t<meta name=\"twitter:label2\" content=\"Est. reading time\" \/>\n\t<meta name=\"twitter:data2\" content=\"2 minutes\" \/>\n<script type=\"application\/ld+json\" class=\"yoast-schema-graph\">{\"@context\":\"https:\\\/\\\/schema.org\",\"@graph\":[{\"@type\":\"Article\",\"@id\":\"https:\\\/\\\/kt.gov.rs\\\/sq\\\/deminuesit-largojne-minat-ne-koncul-dhe-bresiq\\\/#article\",\"isPartOf\":{\"@id\":\"https:\\\/\\\/kt.gov.rs\\\/sq\\\/deminuesit-largojne-minat-ne-koncul-dhe-bresiq\\\/\"},\"author\":{\"name\":\"ktmin\",\"@id\":\"https:\\\/\\\/kt.gov.rs\\\/#\\\/schema\\\/person\\\/e426459ddb4173309103390602694571\"},\"headline\":\"DEMINUESIT LARGOJN\u00cb MINAT N\u00cb KONCUL DHE BRESIQ\",\"datePublished\":\"2022-09-08T00:00:00+00:00\",\"dateModified\":\"2024-07-30T17:56:07+00:00\",\"mainEntityOfPage\":{\"@id\":\"https:\\\/\\\/kt.gov.rs\\\/sq\\\/deminuesit-largojne-minat-ne-koncul-dhe-bresiq\\\/\"},\"wordCount\":436,\"publisher\":{\"@id\":\"https:\\\/\\\/kt.gov.rs\\\/#organization\"},\"image\":{\"@id\":\"https:\\\/\\\/kt.gov.rs\\\/sq\\\/deminuesit-largojne-minat-ne-koncul-dhe-bresiq\\\/#primaryimage\"},\"thumbnailUrl\":\"https:\\\/\\\/kt.gov.rs\\\/wp-content\\\/uploads\\\/2024\\\/07\\\/1662637107_080922_3-3.jpg\",\"articleSection\":[\"Lajme\"],\"inLanguage\":\"sq-AL\"},{\"@type\":\"WebPage\",\"@id\":\"https:\\\/\\\/kt.gov.rs\\\/sq\\\/deminuesit-largojne-minat-ne-koncul-dhe-bresiq\\\/\",\"url\":\"https:\\\/\\\/kt.gov.rs\\\/sq\\\/deminuesit-largojne-minat-ne-koncul-dhe-bresiq\\\/\",\"name\":\"DEMINUESIT LARGOJN\u00cb MINAT N\u00cb KONCUL DHE BRESIQ - Republika e S\u00ebrbis\u00eb Trupi Koordinues p\u00ebr komunat Bujanoc, Preshev\u00eb dhe Medvegj\u00eb\",\"isPartOf\":{\"@id\":\"https:\\\/\\\/kt.gov.rs\\\/#website\"},\"primaryImageOfPage\":{\"@id\":\"https:\\\/\\\/kt.gov.rs\\\/sq\\\/deminuesit-largojne-minat-ne-koncul-dhe-bresiq\\\/#primaryimage\"},\"image\":{\"@id\":\"https:\\\/\\\/kt.gov.rs\\\/sq\\\/deminuesit-largojne-minat-ne-koncul-dhe-bresiq\\\/#primaryimage\"},\"thumbnailUrl\":\"https:\\\/\\\/kt.gov.rs\\\/wp-content\\\/uploads\\\/2024\\\/07\\\/1662637107_080922_3-3.jpg\",\"datePublished\":\"2022-09-08T00:00:00+00:00\",\"dateModified\":\"2024-07-30T17:56:07+00:00\",\"breadcrumb\":{\"@id\":\"https:\\\/\\\/kt.gov.rs\\\/sq\\\/deminuesit-largojne-minat-ne-koncul-dhe-bresiq\\\/#breadcrumb\"},\"inLanguage\":\"sq-AL\",\"potentialAction\":[{\"@type\":\"ReadAction\",\"target\":[\"https:\\\/\\\/kt.gov.rs\\\/sq\\\/deminuesit-largojne-minat-ne-koncul-dhe-bresiq\\\/\"]}]},{\"@type\":\"ImageObject\",\"inLanguage\":\"sq-AL\",\"@id\":\"https:\\\/\\\/kt.gov.rs\\\/sq\\\/deminuesit-largojne-minat-ne-koncul-dhe-bresiq\\\/#primaryimage\",\"url\":\"https:\\\/\\\/kt.gov.rs\\\/wp-content\\\/uploads\\\/2024\\\/07\\\/1662637107_080922_3-3.jpg\",\"contentUrl\":\"https:\\\/\\\/kt.gov.rs\\\/wp-content\\\/uploads\\\/2024\\\/07\\\/1662637107_080922_3-3.jpg\",\"width\":315,\"height\":230},{\"@type\":\"BreadcrumbList\",\"@id\":\"https:\\\/\\\/kt.gov.rs\\\/sq\\\/deminuesit-largojne-minat-ne-koncul-dhe-bresiq\\\/#breadcrumb\",\"itemListElement\":[{\"@type\":\"ListItem\",\"position\":1,\"name\":\"\u041f\u043e\u0447\u0435\u0442\u043d\u0430\",\"item\":\"https:\\\/\\\/kt.gov.rs\\\/sq\\\/\"},{\"@type\":\"ListItem\",\"position\":2,\"name\":\"DEMINUESIT LARGOJN\u00cb MINAT N\u00cb KONCUL DHE BRESIQ\"}]},{\"@type\":\"WebSite\",\"@id\":\"https:\\\/\\\/kt.gov.rs\\\/#website\",\"url\":\"https:\\\/\\\/kt.gov.rs\\\/\",\"name\":\"\u041a\u043e\u043e\u0440\u0434\u0438\u043d\u0430\u0446\u0438\u043e\u043d\u043e \u0442\u0435\u043b\u043e \u0412\u043b\u0430\u0434\u0435 \u0420\u0435\u043f\u0443\u0431\u043b\u0438\u043a\u0435 \u0421\u0440\u0431\u0438\u0458\u0435 \u0437\u0430 \u043e\u043f\u0448\u0442\u0438\u043d\u0435 \u041f\u0440\u0435\u0448\u0435\u0432\u043e, \u0411\u0443\u0458\u0430\u043d\u043e\u0432\u0430\u0446 \u0438 \u041c\u0435\u0434\u0432\u0435\u0452a\",\"description\":\"\",\"publisher\":{\"@id\":\"https:\\\/\\\/kt.gov.rs\\\/#organization\"},\"alternateName\":\"\u041a\u043e\u043e\u0440\u0434\u0438\u043d\u0430\u0446\u0438\u043e\u043d\u043e \u0442\u0435\u043b\u043e\",\"potentialAction\":[{\"@type\":\"SearchAction\",\"target\":{\"@type\":\"EntryPoint\",\"urlTemplate\":\"https:\\\/\\\/kt.gov.rs\\\/?s={search_term_string}\"},\"query-input\":{\"@type\":\"PropertyValueSpecification\",\"valueRequired\":true,\"valueName\":\"search_term_string\"}}],\"inLanguage\":\"sq-AL\"},{\"@type\":\"Organization\",\"@id\":\"https:\\\/\\\/kt.gov.rs\\\/#organization\",\"name\":\"\u041a\u043e\u043e\u0440\u0434\u0438\u043d\u0430\u0446\u0438\u043e\u043d\u043e \u0442\u0435\u043b\u043e \u0412\u043b\u0430\u0434\u0435 \u0420\u0435\u043f\u0443\u0431\u043b\u0438\u043a\u0435 \u0421\u0440\u0431\u0438\u0458\u0435 \u0437\u0430 \u043e\u043f\u0448\u0442\u0438\u043d\u0435 \u041f\u0440\u0435\u0448\u0435\u0432\u043e, \u0411\u0443\u0458\u0430\u043d\u043e\u0432\u0430\u0446 \u0438 \u041c\u0435\u0434\u0432\u0435\u0452a\",\"alternateName\":\"\u041a\u043e\u043e\u0440\u0434\u0438\u043d\u0430\u0446\u0438\u043e\u043d\u043e \u0442\u0435\u043b\u043e\",\"url\":\"https:\\\/\\\/kt.gov.rs\\\/\",\"logo\":{\"@type\":\"ImageObject\",\"inLanguage\":\"sq-AL\",\"@id\":\"https:\\\/\\\/kt.gov.rs\\\/#\\\/schema\\\/logo\\\/image\\\/\",\"url\":\"https:\\\/\\\/kt.gov.rs\\\/wp-content\\\/uploads\\\/2024\\\/12\\\/koord2.jpg\",\"contentUrl\":\"https:\\\/\\\/kt.gov.rs\\\/wp-content\\\/uploads\\\/2024\\\/12\\\/koord2.jpg\",\"width\":640,\"height\":480,\"caption\":\"\u041a\u043e\u043e\u0440\u0434\u0438\u043d\u0430\u0446\u0438\u043e\u043d\u043e \u0442\u0435\u043b\u043e \u0412\u043b\u0430\u0434\u0435 \u0420\u0435\u043f\u0443\u0431\u043b\u0438\u043a\u0435 \u0421\u0440\u0431\u0438\u0458\u0435 \u0437\u0430 \u043e\u043f\u0448\u0442\u0438\u043d\u0435 \u041f\u0440\u0435\u0448\u0435\u0432\u043e, \u0411\u0443\u0458\u0430\u043d\u043e\u0432\u0430\u0446 \u0438 \u041c\u0435\u0434\u0432\u0435\u0452a\"},\"image\":{\"@id\":\"https:\\\/\\\/kt.gov.rs\\\/#\\\/schema\\\/logo\\\/image\\\/\"},\"sameAs\":[\"https:\\\/\\\/www.facebook.com\\\/SluzbaKoordinacionogTelaVladeRepublikeSrbije\",\"https:\\\/\\\/x.com\\\/kt_gov\",\"https:\\\/\\\/www.youtube.com\\\/@koordinacionotelo\"]},{\"@type\":\"Person\",\"@id\":\"https:\\\/\\\/kt.gov.rs\\\/#\\\/schema\\\/person\\\/e426459ddb4173309103390602694571\",\"name\":\"ktmin\",\"image\":{\"@type\":\"ImageObject\",\"inLanguage\":\"sq-AL\",\"@id\":\"https:\\\/\\\/secure.gravatar.com\\\/avatar\\\/3985c961109853010c3fbc7ba30365bfba5db3dd6c525831d9c595c7525a615a?s=96&d=mm&r=g\",\"url\":\"https:\\\/\\\/secure.gravatar.com\\\/avatar\\\/3985c961109853010c3fbc7ba30365bfba5db3dd6c525831d9c595c7525a615a?s=96&d=mm&r=g\",\"contentUrl\":\"https:\\\/\\\/secure.gravatar.com\\\/avatar\\\/3985c961109853010c3fbc7ba30365bfba5db3dd6c525831d9c595c7525a615a?s=96&d=mm&r=g\",\"caption\":\"ktmin\"},\"sameAs\":[\"https:\\\/\\\/kt.gov.rs\"],\"url\":\"https:\\\/\\\/kt.gov.rs\\\/sq\\\/author\\\/ktmin\\\/\"}]}<\/script>\n<!-- \/ Yoast SEO plugin. -->","yoast_head_json":{"title":"DEMINUESIT LARGOJN\u00cb MINAT N\u00cb KONCUL DHE BRESIQ - Republika e S\u00ebrbis\u00eb Trupi Koordinues p\u00ebr komunat Bujanoc, Preshev\u00eb dhe Medvegj\u00eb","robots":{"index":"index","follow":"follow","max-snippet":"max-snippet:-1","max-image-preview":"max-image-preview:large","max-video-preview":"max-video-preview:-1"},"canonical":"https:\/\/kt.gov.rs\/sq\/deminuesit-largojne-minat-ne-koncul-dhe-bresiq\/","og_locale":"sq_AL","og_type":"article","og_title":"DEMINUESIT LARGOJN\u00cb MINAT N\u00cb KONCUL DHE BRESIQ - Republika e S\u00ebrbis\u00eb Trupi Koordinues p\u00ebr komunat Bujanoc, Preshev\u00eb dhe Medvegj\u00eb","og_description":"Bujanoc - Beograd\u00a0- N\u00eb fshatrat Dobrosin, Kon\u00e7ul dhe Bresiq t\u00eb komun\u00ebs s\u00eb Bujanocit \u00ebsht\u00eb duke u zhvilluar aksioni i madh p\u00ebr heqjen e minave, bombave dhe municioneve tjera. M\u00eb shum\u00eb se 50 deminues nga Republika Srpska u angazhuan n\u00eb pastrimin e territorit.","og_url":"https:\/\/kt.gov.rs\/sq\/deminuesit-largojne-minat-ne-koncul-dhe-bresiq\/","og_site_name":"Republika e S\u00ebrbis\u00eb Trupi Koordinues p\u00ebr komunat Bujanoc, Preshev\u00eb dhe Medvegj\u00eb","article_publisher":"https:\/\/www.facebook.com\/SluzbaKoordinacionogTelaVladeRepublikeSrbije","article_published_time":"2022-09-08T00:00:00+00:00","article_modified_time":"2024-07-30T17:56:07+00:00","og_image":[{"width":315,"height":230,"url":"https:\/\/kt.gov.rs\/wp-content\/uploads\/2024\/07\/1662637107_080922_3-3.jpg","type":"image\/jpeg"}],"author":"ktmin","twitter_card":"summary_large_image","twitter_creator":"@kt_gov","twitter_site":"@kt_gov","twitter_misc":{"Written by":"ktmin","Est. reading time":"2 minutes"},"schema":{"@context":"https:\/\/schema.org","@graph":[{"@type":"Article","@id":"https:\/\/kt.gov.rs\/sq\/deminuesit-largojne-minat-ne-koncul-dhe-bresiq\/#article","isPartOf":{"@id":"https:\/\/kt.gov.rs\/sq\/deminuesit-largojne-minat-ne-koncul-dhe-bresiq\/"},"author":{"name":"ktmin","@id":"https:\/\/kt.gov.rs\/#\/schema\/person\/e426459ddb4173309103390602694571"},"headline":"DEMINUESIT LARGOJN\u00cb MINAT N\u00cb KONCUL DHE BRESIQ","datePublished":"2022-09-08T00:00:00+00:00","dateModified":"2024-07-30T17:56:07+00:00","mainEntityOfPage":{"@id":"https:\/\/kt.gov.rs\/sq\/deminuesit-largojne-minat-ne-koncul-dhe-bresiq\/"},"wordCount":436,"publisher":{"@id":"https:\/\/kt.gov.rs\/#organization"},"image":{"@id":"https:\/\/kt.gov.rs\/sq\/deminuesit-largojne-minat-ne-koncul-dhe-bresiq\/#primaryimage"},"thumbnailUrl":"https:\/\/kt.gov.rs\/wp-content\/uploads\/2024\/07\/1662637107_080922_3-3.jpg","articleSection":["Lajme"],"inLanguage":"sq-AL"},{"@type":"WebPage","@id":"https:\/\/kt.gov.rs\/sq\/deminuesit-largojne-minat-ne-koncul-dhe-bresiq\/","url":"https:\/\/kt.gov.rs\/sq\/deminuesit-largojne-minat-ne-koncul-dhe-bresiq\/","name":"DEMINUESIT LARGOJN\u00cb MINAT N\u00cb KONCUL DHE BRESIQ - Republika e S\u00ebrbis\u00eb Trupi Koordinues p\u00ebr komunat Bujanoc, Preshev\u00eb dhe Medvegj\u00eb","isPartOf":{"@id":"https:\/\/kt.gov.rs\/#website"},"primaryImageOfPage":{"@id":"https:\/\/kt.gov.rs\/sq\/deminuesit-largojne-minat-ne-koncul-dhe-bresiq\/#primaryimage"},"image":{"@id":"https:\/\/kt.gov.rs\/sq\/deminuesit-largojne-minat-ne-koncul-dhe-bresiq\/#primaryimage"},"thumbnailUrl":"https:\/\/kt.gov.rs\/wp-content\/uploads\/2024\/07\/1662637107_080922_3-3.jpg","datePublished":"2022-09-08T00:00:00+00:00","dateModified":"2024-07-30T17:56:07+00:00","breadcrumb":{"@id":"https:\/\/kt.gov.rs\/sq\/deminuesit-largojne-minat-ne-koncul-dhe-bresiq\/#breadcrumb"},"inLanguage":"sq-AL","potentialAction":[{"@type":"ReadAction","target":["https:\/\/kt.gov.rs\/sq\/deminuesit-largojne-minat-ne-koncul-dhe-bresiq\/"]}]},{"@type":"ImageObject","inLanguage":"sq-AL","@id":"https:\/\/kt.gov.rs\/sq\/deminuesit-largojne-minat-ne-koncul-dhe-bresiq\/#primaryimage","url":"https:\/\/kt.gov.rs\/wp-content\/uploads\/2024\/07\/1662637107_080922_3-3.jpg","contentUrl":"https:\/\/kt.gov.rs\/wp-content\/uploads\/2024\/07\/1662637107_080922_3-3.jpg","width":315,"height":230},{"@type":"BreadcrumbList","@id":"https:\/\/kt.gov.rs\/sq\/deminuesit-largojne-minat-ne-koncul-dhe-bresiq\/#breadcrumb","itemListElement":[{"@type":"ListItem","position":1,"name":"\u041f\u043e\u0447\u0435\u0442\u043d\u0430","item":"https:\/\/kt.gov.rs\/sq\/"},{"@type":"ListItem","position":2,"name":"DEMINUESIT LARGOJN\u00cb MINAT N\u00cb KONCUL DHE BRESIQ"}]},{"@type":"WebSite","@id":"https:\/\/kt.gov.rs\/#website","url":"https:\/\/kt.gov.rs\/","name":"\u041a\u043e\u043e\u0440\u0434\u0438\u043d\u0430\u0446\u0438\u043e\u043d\u043e \u0442\u0435\u043b\u043e \u0412\u043b\u0430\u0434\u0435 \u0420\u0435\u043f\u0443\u0431\u043b\u0438\u043a\u0435 \u0421\u0440\u0431\u0438\u0458\u0435 \u0437\u0430 \u043e\u043f\u0448\u0442\u0438\u043d\u0435 \u041f\u0440\u0435\u0448\u0435\u0432\u043e, \u0411\u0443\u0458\u0430\u043d\u043e\u0432\u0430\u0446 \u0438 \u041c\u0435\u0434\u0432\u0435\u0452a","description":"","publisher":{"@id":"https:\/\/kt.gov.rs\/#organization"},"alternateName":"\u041a\u043e\u043e\u0440\u0434\u0438\u043d\u0430\u0446\u0438\u043e\u043d\u043e \u0442\u0435\u043b\u043e","potentialAction":[{"@type":"SearchAction","target":{"@type":"EntryPoint","urlTemplate":"https:\/\/kt.gov.rs\/?s={search_term_string}"},"query-input":{"@type":"PropertyValueSpecification","valueRequired":true,"valueName":"search_term_string"}}],"inLanguage":"sq-AL"},{"@type":"Organization","@id":"https:\/\/kt.gov.rs\/#organization","name":"\u041a\u043e\u043e\u0440\u0434\u0438\u043d\u0430\u0446\u0438\u043e\u043d\u043e \u0442\u0435\u043b\u043e \u0412\u043b\u0430\u0434\u0435 \u0420\u0435\u043f\u0443\u0431\u043b\u0438\u043a\u0435 \u0421\u0440\u0431\u0438\u0458\u0435 \u0437\u0430 \u043e\u043f\u0448\u0442\u0438\u043d\u0435 \u041f\u0440\u0435\u0448\u0435\u0432\u043e, \u0411\u0443\u0458\u0430\u043d\u043e\u0432\u0430\u0446 \u0438 \u041c\u0435\u0434\u0432\u0435\u0452a","alternateName":"\u041a\u043e\u043e\u0440\u0434\u0438\u043d\u0430\u0446\u0438\u043e\u043d\u043e \u0442\u0435\u043b\u043e","url":"https:\/\/kt.gov.rs\/","logo":{"@type":"ImageObject","inLanguage":"sq-AL","@id":"https:\/\/kt.gov.rs\/#\/schema\/logo\/image\/","url":"https:\/\/kt.gov.rs\/wp-content\/uploads\/2024\/12\/koord2.jpg","contentUrl":"https:\/\/kt.gov.rs\/wp-content\/uploads\/2024\/12\/koord2.jpg","width":640,"height":480,"caption":"\u041a\u043e\u043e\u0440\u0434\u0438\u043d\u0430\u0446\u0438\u043e\u043d\u043e \u0442\u0435\u043b\u043e \u0412\u043b\u0430\u0434\u0435 \u0420\u0435\u043f\u0443\u0431\u043b\u0438\u043a\u0435 \u0421\u0440\u0431\u0438\u0458\u0435 \u0437\u0430 \u043e\u043f\u0448\u0442\u0438\u043d\u0435 \u041f\u0440\u0435\u0448\u0435\u0432\u043e, \u0411\u0443\u0458\u0430\u043d\u043e\u0432\u0430\u0446 \u0438 \u041c\u0435\u0434\u0432\u0435\u0452a"},"image":{"@id":"https:\/\/kt.gov.rs\/#\/schema\/logo\/image\/"},"sameAs":["https:\/\/www.facebook.com\/SluzbaKoordinacionogTelaVladeRepublikeSrbije","https:\/\/x.com\/kt_gov","https:\/\/www.youtube.com\/@koordinacionotelo"]},{"@type":"Person","@id":"https:\/\/kt.gov.rs\/#\/schema\/person\/e426459ddb4173309103390602694571","name":"ktmin","image":{"@type":"ImageObject","inLanguage":"sq-AL","@id":"https:\/\/secure.gravatar.com\/avatar\/3985c961109853010c3fbc7ba30365bfba5db3dd6c525831d9c595c7525a615a?s=96&d=mm&r=g","url":"https:\/\/secure.gravatar.com\/avatar\/3985c961109853010c3fbc7ba30365bfba5db3dd6c525831d9c595c7525a615a?s=96&d=mm&r=g","contentUrl":"https:\/\/secure.gravatar.com\/avatar\/3985c961109853010c3fbc7ba30365bfba5db3dd6c525831d9c595c7525a615a?s=96&d=mm&r=g","caption":"ktmin"},"sameAs":["https:\/\/kt.gov.rs"],"url":"https:\/\/kt.gov.rs\/sq\/author\/ktmin\/"}]}},"_links":{"self":[{"href":"https:\/\/kt.gov.rs\/sq\/wp-json\/wp\/v2\/posts\/107172","targetHints":{"allow":["GET"]}}],"collection":[{"href":"https:\/\/kt.gov.rs\/sq\/wp-json\/wp\/v2\/posts"}],"about":[{"href":"https:\/\/kt.gov.rs\/sq\/wp-json\/wp\/v2\/types\/post"}],"author":[{"embeddable":true,"href":"https:\/\/kt.gov.rs\/sq\/wp-json\/wp\/v2\/users\/1"}],"replies":[{"embeddable":true,"href":"https:\/\/kt.gov.rs\/sq\/wp-json\/wp\/v2\/comments?post=107172"}],"version-history":[{"count":1,"href":"https:\/\/kt.gov.rs\/sq\/wp-json\/wp\/v2\/posts\/107172\/revisions"}],"predecessor-version":[{"id":107176,"href":"https:\/\/kt.gov.rs\/sq\/wp-json\/wp\/v2\/posts\/107172\/revisions\/107176"}],"wp:featuredmedia":[{"embeddable":true,"href":"https:\/\/kt.gov.rs\/sq\/wp-json\/wp\/v2\/media\/107177"}],"wp:attachment":[{"href":"https:\/\/kt.gov.rs\/sq\/wp-json\/wp\/v2\/media?parent=107172"}],"wp:term":[{"taxonomy":"category","embeddable":true,"href":"https:\/\/kt.gov.rs\/sq\/wp-json\/wp\/v2\/categories?post=107172"},{"taxonomy":"post_tag","embeddable":true,"href":"https:\/\/kt.gov.rs\/sq\/wp-json\/wp\/v2\/tags?post=107172"}],"curies":[{"name":"wp","href":"https:\/\/api.w.org\/{rel}","templated":true}]}}