{"id":107164,"date":"2022-09-27T00:00:00","date_gmt":"2022-09-27T00:00:00","guid":{"rendered":"http:\/\/kt.printandscreen.rs\/nxenesit-shf-branko-radiceviq-ne-turqi-promotere-te-shkolles-se-tyre-dhe-bujanocit\/"},"modified":"2024-07-30T17:56:07","modified_gmt":"2024-07-30T17:56:07","slug":"nxenesit-shf-branko-radiceviq-ne-turqi-promotere-te-shkolles-se-tyre-dhe-bujanocit","status":"publish","type":"post","link":"https:\/\/kt.gov.rs\/sq\/nxenesit-shf-branko-radiceviq-ne-turqi-promotere-te-shkolles-se-tyre-dhe-bujanocit\/","title":{"rendered":"NX\u00cbN\u00cbSIT SHF \u201cBRANKO RADI\u00e7EVIQ\u201d N\u00cb TURQI, PROMOTER\u00cb T\u00cb SHKOLL\u00cbS S\u00cb TYRE DHE BUJANOCIT"},"content":{"rendered":"<p>\n\t<strong><img decoding=\"async\" alt=\"\" src=\"https:\/\/kt.gov.rs\/wp-content\/uploads\/2024\/07\/1664270356_270922_1-2.jpg\" style=\"width: 315px; height: 230px; float: left;\" \/><\/strong><strong>Bujanoc \u2013 Beograd \u2013<\/strong> Nx\u00ebn\u00ebsit e shkoll\u00ebs fillore &quot;Branko Radi\u00e7eviq&quot; q\u00ebndruan n\u00eb Turqi, n\u00eb kuad\u00ebr t\u00eb projektit t\u00eb dyt\u00eb Erasmus. Pas realizimit t\u00eb suksessh\u00ebm t\u00eb projektit &quot;Motivimi III \u2013 nx\u00ebn\u00ebsit e shekullit 21&quot;, n\u00eb bashk\u00ebpunim me shkollat \u200b\u200bnga kat\u00ebr shtete evropiane, nx\u00ebn\u00ebsit e shkollave fillore t\u00eb Bujanocit po fillojn\u00eb aktivitetet n\u00eb projektin e dyt\u00eb Erasmus+. Mobiliteti i par\u00eb shkollor u mbajt n\u00eb qytetin e Nazilit nga data 19 deri m\u00eb 23 shtator, ku nx\u00ebn\u00ebsit pat\u00ebn mund\u00ebsin\u00eb t\u00eb zhvillojn\u00eb aft\u00ebsi profesionale n\u00eb fush\u00ebn e teknologjive t\u00eb reja, n\u00eb radh\u00eb t\u00eb par\u00eb t\u00eb robotik\u00ebs.<\/p>\n<p>\n\tKoordinatorja e projektit, m\u00ebsuesja Marija Stojkoviq, shpjegon thelbin e projektit:<\/p>\n<p>\n\t\u201cProjekti fokusohet n\u00eb njohjen e nx\u00ebn\u00ebsve dhe m\u00ebsuesve me konceptin e edukimit STEAM, forcimin e v\u00ebmendjes s\u00eb student\u00ebve n\u00eb drejtimin e k\u00ebrkimit, njohjen e tyre me mjetet e reja m\u00ebsimore, ndihm\u00ebn ndaj nx\u00ebn\u00ebsve p\u00ebr t\u00eb zgjidhur problemet n\u00eb m\u00ebnyr\u00eb krijuese, p\u00ebr t\u00eb zhvilluar aft\u00ebsi q\u00eb mund t\u00eb zbatohen n\u00eb situata t\u00eb ndryshme. dhe n\u00eb praktik\u00ebn e aplikimit t\u00eb njohurive nga disiplina t\u00eb ndryshme\u201d, thot\u00eb m\u00ebsuesja Marija Stojkoviq.<\/p>\n<p>\n\tNdihm\u00ebsdrejtoresha, Maja Antiq Jovanov, beson se p\u00ebrvoja e m\u00ebparshme Erasmus+ \u00ebsht\u00eb jasht\u00ebzakonisht e dobishme p\u00ebr zhvillimin e rrjeteve profesionale t\u00eb m\u00ebsimdh\u00ebn\u00ebsve.<\/p>\n<p>\n\t\u201cKemi vendosur kontakte me koleg\u00eb nga vende t\u00eb ndryshme t\u00eb Evrop\u00ebs dhe me projektin e ri student\u00ebt tan\u00eb do t\u00eb ken\u00eb mund\u00ebsin\u00eb t\u00eb fitojn\u00eb p\u00ebrvoja inovative dhe t\u00eb aplikueshme q\u00eb do t&#39;u sjellin dobi p\u00ebr pun\u00eb dhe studime t\u00eb m\u00ebtejshme\u201d, thot\u00eb Antiq Jovanov.<\/p>\n<p>\n\tP\u00ebr nx\u00ebn\u00ebsit u organizua nj\u00eb vizit\u00eb n\u00eb qytetin antik t\u00eb Hierapolis, n\u00eb zon\u00ebn arkeologjike t\u00eb Aphrodisias, e cila \u00ebsht\u00eb n\u00eb list\u00ebn e UNESCO-s t\u00eb trash\u00ebgimis\u00eb kulturore bot\u00ebrore dhe n\u00eb peizazhin natyror t\u00eb Pamukkales.<\/p>\n<p>\n\tAta vizituan gjithashtu qytetin antik t\u00eb Efesit, nj\u00eb nga qytetet e lashta m\u00eb t\u00eb famshme n\u00eb bot\u00eb.<\/p>\n<p>\n\t\u201cP\u00ebrve\u00e7 aktiviteteve kulturore dhe njohjes s\u00eb kultur\u00ebs dhe m\u00ebnyr\u00ebs s\u00eb jetes\u00ebs turke, Brankovci ishin edhe promovues t\u00eb shkoll\u00ebs, qytetit dhe vendit t\u00eb tyre. Nx\u00ebn\u00ebsit tan\u00eb vazhdojn\u00eb t\u00eb zgjerojn\u00eb dimensionin evropian t\u00eb shkoll\u00ebs s\u00eb tyre dhe t\u00eb fitojn\u00eb rezultate t\u00eb reja\u201d, p\u00ebrfundoi Antic Jovanov.<\/p>\n<p>\n\tKy projekt \u00ebsht\u00eb financuar si pjes\u00eb e projektit Erasmus+ t\u00eb Bashkimit Evropian me nd\u00ebrmjet\u00ebsimin e Agjencis\u00eb Komb\u00ebtare Tempus.<\/p>\n<p>\n\tVendi koordinues i projektit \u00ebsht\u00eb Bullgaria, nd\u00ebrsa partner\u00eb jan\u00eb shkolla fillore \u201cBranko Radi\u00e7eviq\u201d n\u00eb Bujanoc dhe nj\u00eb shkoll\u00eb nga Turqia.<\/p>\n<p>\n\t<strong>Burimi: Bujanova\u00e7ke, Trupi Koordinues<\/strong><\/p>\n<p>\n\t\u00a0<\/p>\n","protected":false},"excerpt":{"rendered":"<p>Bujanoc \u2013 Beograd \u2013\u00a0Nx\u00ebn\u00ebsit e shkoll\u00ebs fillore &quot;Branko Radi\u00e7eviq&quot; q\u00ebndruan n\u00eb Turqi, n\u00eb kuad\u00ebr t\u00eb projektit t\u00eb dyt\u00eb Erasmus. Pas realizimit t\u00eb suksessh\u00ebm t\u00eb projektit &quot;Motivimi III \u2013 nx\u00ebn\u00ebsit e shekullit 21&quot;, n\u00eb bashk\u00ebpunim me shkollat \u200b\u200bnga kat\u00ebr shtete evropiane, nx\u00ebn\u00ebsit e shkollave fillore t\u00eb Bujanocit po fillojn\u00eb aktivitetet n\u00eb projektin e dyt\u00eb Erasmus+.<\/p>\n","protected":false},"author":1,"featured_media":107169,"comment_status":"closed","ping_status":"closed","sticky":false,"template":"","format":"standard","meta":{"footnotes":""},"categories":[55],"tags":[],"class_list":["post-107164","post","type-post","status-publish","format-standard","has-post-thumbnail","hentry","category-lajme"],"yoast_head":"<!-- This site is optimized with the Yoast SEO plugin v27.5 - https:\/\/yoast.com\/product\/yoast-seo-wordpress\/ -->\n<title>NX\u00cbN\u00cbSIT SHF \u201cBRANKO RADI\u00e7EVIQ\u201d N\u00cb TURQI, PROMOTER\u00cb T\u00cb SHKOLL\u00cbS S\u00cb TYRE DHE BUJANOCIT - Republika e S\u00ebrbis\u00eb Trupi Koordinues p\u00ebr komunat Bujanoc, Preshev\u00eb dhe Medvegj\u00eb<\/title>\n<meta name=\"robots\" content=\"index, follow, max-snippet:-1, max-image-preview:large, max-video-preview:-1\" \/>\n<link rel=\"canonical\" href=\"https:\/\/kt.gov.rs\/sq\/nxenesit-shf-branko-radiceviq-ne-turqi-promotere-te-shkolles-se-tyre-dhe-bujanocit\/\" \/>\n<meta property=\"og:locale\" content=\"sq_AL\" \/>\n<meta property=\"og:type\" content=\"article\" \/>\n<meta property=\"og:title\" content=\"NX\u00cbN\u00cbSIT SHF \u201cBRANKO RADI\u00e7EVIQ\u201d N\u00cb TURQI, PROMOTER\u00cb T\u00cb SHKOLL\u00cbS S\u00cb TYRE DHE BUJANOCIT - Republika e S\u00ebrbis\u00eb Trupi Koordinues p\u00ebr komunat Bujanoc, Preshev\u00eb dhe Medvegj\u00eb\" \/>\n<meta property=\"og:description\" content=\"Bujanoc - Beograd -\u00a0Nx\u00ebn\u00ebsit e shkoll\u00ebs fillore &quot;Branko Radi\u00e7eviq&quot; q\u00ebndruan n\u00eb Turqi, n\u00eb kuad\u00ebr t\u00eb projektit t\u00eb dyt\u00eb Erasmus. Pas realizimit t\u00eb suksessh\u00ebm t\u00eb projektit &quot;Motivimi III - nx\u00ebn\u00ebsit e shekullit 21&quot;, n\u00eb bashk\u00ebpunim me shkollat \u200b\u200bnga kat\u00ebr shtete evropiane, nx\u00ebn\u00ebsit e shkollave fillore t\u00eb Bujanocit po fillojn\u00eb aktivitetet n\u00eb projektin e dyt\u00eb Erasmus+.\" \/>\n<meta property=\"og:url\" content=\"https:\/\/kt.gov.rs\/sq\/nxenesit-shf-branko-radiceviq-ne-turqi-promotere-te-shkolles-se-tyre-dhe-bujanocit\/\" \/>\n<meta property=\"og:site_name\" content=\"Republika e S\u00ebrbis\u00eb Trupi Koordinues p\u00ebr komunat Bujanoc, Preshev\u00eb dhe Medvegj\u00eb\" \/>\n<meta property=\"article:publisher\" content=\"https:\/\/www.facebook.com\/SluzbaKoordinacionogTelaVladeRepublikeSrbije\" \/>\n<meta property=\"article:published_time\" content=\"2022-09-27T00:00:00+00:00\" \/>\n<meta property=\"article:modified_time\" content=\"2024-07-30T17:56:07+00:00\" \/>\n<meta property=\"og:image\" content=\"https:\/\/kt.gov.rs\/wp-content\/uploads\/2024\/07\/1664270356_270922_1-3.jpg\" \/>\n\t<meta property=\"og:image:width\" content=\"315\" \/>\n\t<meta property=\"og:image:height\" content=\"230\" \/>\n\t<meta property=\"og:image:type\" content=\"image\/jpeg\" \/>\n<meta name=\"author\" content=\"ktmin\" \/>\n<meta name=\"twitter:card\" content=\"summary_large_image\" \/>\n<meta name=\"twitter:creator\" content=\"@kt_gov\" \/>\n<meta name=\"twitter:site\" content=\"@kt_gov\" \/>\n<meta name=\"twitter:label1\" content=\"Written by\" \/>\n\t<meta name=\"twitter:data1\" content=\"ktmin\" \/>\n\t<meta name=\"twitter:label2\" content=\"Est. reading time\" \/>\n\t<meta name=\"twitter:data2\" content=\"3 minutes\" \/>\n<script type=\"application\/ld+json\" class=\"yoast-schema-graph\">{\"@context\":\"https:\\\/\\\/schema.org\",\"@graph\":[{\"@type\":\"Article\",\"@id\":\"https:\\\/\\\/kt.gov.rs\\\/sq\\\/nxenesit-shf-branko-radiceviq-ne-turqi-promotere-te-shkolles-se-tyre-dhe-bujanocit\\\/#article\",\"isPartOf\":{\"@id\":\"https:\\\/\\\/kt.gov.rs\\\/sq\\\/nxenesit-shf-branko-radiceviq-ne-turqi-promotere-te-shkolles-se-tyre-dhe-bujanocit\\\/\"},\"author\":{\"name\":\"ktmin\",\"@id\":\"https:\\\/\\\/kt.gov.rs\\\/#\\\/schema\\\/person\\\/e426459ddb4173309103390602694571\"},\"headline\":\"NX\u00cbN\u00cbSIT SHF \u201cBRANKO RADI\u00e7EVIQ\u201d N\u00cb TURQI, PROMOTER\u00cb T\u00cb SHKOLL\u00cbS S\u00cb TYRE DHE BUJANOCIT\",\"datePublished\":\"2022-09-27T00:00:00+00:00\",\"dateModified\":\"2024-07-30T17:56:07+00:00\",\"mainEntityOfPage\":{\"@id\":\"https:\\\/\\\/kt.gov.rs\\\/sq\\\/nxenesit-shf-branko-radiceviq-ne-turqi-promotere-te-shkolles-se-tyre-dhe-bujanocit\\\/\"},\"wordCount\":646,\"publisher\":{\"@id\":\"https:\\\/\\\/kt.gov.rs\\\/#organization\"},\"image\":{\"@id\":\"https:\\\/\\\/kt.gov.rs\\\/sq\\\/nxenesit-shf-branko-radiceviq-ne-turqi-promotere-te-shkolles-se-tyre-dhe-bujanocit\\\/#primaryimage\"},\"thumbnailUrl\":\"https:\\\/\\\/kt.gov.rs\\\/wp-content\\\/uploads\\\/2024\\\/07\\\/1664270356_270922_1-3.jpg\",\"articleSection\":[\"Lajme\"],\"inLanguage\":\"sq-AL\"},{\"@type\":\"WebPage\",\"@id\":\"https:\\\/\\\/kt.gov.rs\\\/sq\\\/nxenesit-shf-branko-radiceviq-ne-turqi-promotere-te-shkolles-se-tyre-dhe-bujanocit\\\/\",\"url\":\"https:\\\/\\\/kt.gov.rs\\\/sq\\\/nxenesit-shf-branko-radiceviq-ne-turqi-promotere-te-shkolles-se-tyre-dhe-bujanocit\\\/\",\"name\":\"NX\u00cbN\u00cbSIT SHF \u201cBRANKO RADI\u00e7EVIQ\u201d N\u00cb TURQI, PROMOTER\u00cb T\u00cb SHKOLL\u00cbS S\u00cb TYRE DHE BUJANOCIT - Republika e S\u00ebrbis\u00eb Trupi Koordinues p\u00ebr komunat Bujanoc, Preshev\u00eb dhe Medvegj\u00eb\",\"isPartOf\":{\"@id\":\"https:\\\/\\\/kt.gov.rs\\\/#website\"},\"primaryImageOfPage\":{\"@id\":\"https:\\\/\\\/kt.gov.rs\\\/sq\\\/nxenesit-shf-branko-radiceviq-ne-turqi-promotere-te-shkolles-se-tyre-dhe-bujanocit\\\/#primaryimage\"},\"image\":{\"@id\":\"https:\\\/\\\/kt.gov.rs\\\/sq\\\/nxenesit-shf-branko-radiceviq-ne-turqi-promotere-te-shkolles-se-tyre-dhe-bujanocit\\\/#primaryimage\"},\"thumbnailUrl\":\"https:\\\/\\\/kt.gov.rs\\\/wp-content\\\/uploads\\\/2024\\\/07\\\/1664270356_270922_1-3.jpg\",\"datePublished\":\"2022-09-27T00:00:00+00:00\",\"dateModified\":\"2024-07-30T17:56:07+00:00\",\"breadcrumb\":{\"@id\":\"https:\\\/\\\/kt.gov.rs\\\/sq\\\/nxenesit-shf-branko-radiceviq-ne-turqi-promotere-te-shkolles-se-tyre-dhe-bujanocit\\\/#breadcrumb\"},\"inLanguage\":\"sq-AL\",\"potentialAction\":[{\"@type\":\"ReadAction\",\"target\":[\"https:\\\/\\\/kt.gov.rs\\\/sq\\\/nxenesit-shf-branko-radiceviq-ne-turqi-promotere-te-shkolles-se-tyre-dhe-bujanocit\\\/\"]}]},{\"@type\":\"ImageObject\",\"inLanguage\":\"sq-AL\",\"@id\":\"https:\\\/\\\/kt.gov.rs\\\/sq\\\/nxenesit-shf-branko-radiceviq-ne-turqi-promotere-te-shkolles-se-tyre-dhe-bujanocit\\\/#primaryimage\",\"url\":\"https:\\\/\\\/kt.gov.rs\\\/wp-content\\\/uploads\\\/2024\\\/07\\\/1664270356_270922_1-3.jpg\",\"contentUrl\":\"https:\\\/\\\/kt.gov.rs\\\/wp-content\\\/uploads\\\/2024\\\/07\\\/1664270356_270922_1-3.jpg\",\"width\":315,\"height\":230},{\"@type\":\"BreadcrumbList\",\"@id\":\"https:\\\/\\\/kt.gov.rs\\\/sq\\\/nxenesit-shf-branko-radiceviq-ne-turqi-promotere-te-shkolles-se-tyre-dhe-bujanocit\\\/#breadcrumb\",\"itemListElement\":[{\"@type\":\"ListItem\",\"position\":1,\"name\":\"\u041f\u043e\u0447\u0435\u0442\u043d\u0430\",\"item\":\"https:\\\/\\\/kt.gov.rs\\\/sq\\\/\"},{\"@type\":\"ListItem\",\"position\":2,\"name\":\"NX\u00cbN\u00cbSIT SHF \u201cBRANKO RADI\u00e7EVIQ\u201d N\u00cb TURQI, PROMOTER\u00cb T\u00cb SHKOLL\u00cbS S\u00cb TYRE DHE BUJANOCIT\"}]},{\"@type\":\"WebSite\",\"@id\":\"https:\\\/\\\/kt.gov.rs\\\/#website\",\"url\":\"https:\\\/\\\/kt.gov.rs\\\/\",\"name\":\"\u041a\u043e\u043e\u0440\u0434\u0438\u043d\u0430\u0446\u0438\u043e\u043d\u043e \u0442\u0435\u043b\u043e \u0412\u043b\u0430\u0434\u0435 \u0420\u0435\u043f\u0443\u0431\u043b\u0438\u043a\u0435 \u0421\u0440\u0431\u0438\u0458\u0435 \u0437\u0430 \u043e\u043f\u0448\u0442\u0438\u043d\u0435 \u041f\u0440\u0435\u0448\u0435\u0432\u043e, \u0411\u0443\u0458\u0430\u043d\u043e\u0432\u0430\u0446 \u0438 \u041c\u0435\u0434\u0432\u0435\u0452a\",\"description\":\"\",\"publisher\":{\"@id\":\"https:\\\/\\\/kt.gov.rs\\\/#organization\"},\"alternateName\":\"\u041a\u043e\u043e\u0440\u0434\u0438\u043d\u0430\u0446\u0438\u043e\u043d\u043e \u0442\u0435\u043b\u043e\",\"potentialAction\":[{\"@type\":\"SearchAction\",\"target\":{\"@type\":\"EntryPoint\",\"urlTemplate\":\"https:\\\/\\\/kt.gov.rs\\\/?s={search_term_string}\"},\"query-input\":{\"@type\":\"PropertyValueSpecification\",\"valueRequired\":true,\"valueName\":\"search_term_string\"}}],\"inLanguage\":\"sq-AL\"},{\"@type\":\"Organization\",\"@id\":\"https:\\\/\\\/kt.gov.rs\\\/#organization\",\"name\":\"\u041a\u043e\u043e\u0440\u0434\u0438\u043d\u0430\u0446\u0438\u043e\u043d\u043e \u0442\u0435\u043b\u043e \u0412\u043b\u0430\u0434\u0435 \u0420\u0435\u043f\u0443\u0431\u043b\u0438\u043a\u0435 \u0421\u0440\u0431\u0438\u0458\u0435 \u0437\u0430 \u043e\u043f\u0448\u0442\u0438\u043d\u0435 \u041f\u0440\u0435\u0448\u0435\u0432\u043e, \u0411\u0443\u0458\u0430\u043d\u043e\u0432\u0430\u0446 \u0438 \u041c\u0435\u0434\u0432\u0435\u0452a\",\"alternateName\":\"\u041a\u043e\u043e\u0440\u0434\u0438\u043d\u0430\u0446\u0438\u043e\u043d\u043e \u0442\u0435\u043b\u043e\",\"url\":\"https:\\\/\\\/kt.gov.rs\\\/\",\"logo\":{\"@type\":\"ImageObject\",\"inLanguage\":\"sq-AL\",\"@id\":\"https:\\\/\\\/kt.gov.rs\\\/#\\\/schema\\\/logo\\\/image\\\/\",\"url\":\"https:\\\/\\\/kt.gov.rs\\\/wp-content\\\/uploads\\\/2024\\\/12\\\/koord2.jpg\",\"contentUrl\":\"https:\\\/\\\/kt.gov.rs\\\/wp-content\\\/uploads\\\/2024\\\/12\\\/koord2.jpg\",\"width\":640,\"height\":480,\"caption\":\"\u041a\u043e\u043e\u0440\u0434\u0438\u043d\u0430\u0446\u0438\u043e\u043d\u043e \u0442\u0435\u043b\u043e \u0412\u043b\u0430\u0434\u0435 \u0420\u0435\u043f\u0443\u0431\u043b\u0438\u043a\u0435 \u0421\u0440\u0431\u0438\u0458\u0435 \u0437\u0430 \u043e\u043f\u0448\u0442\u0438\u043d\u0435 \u041f\u0440\u0435\u0448\u0435\u0432\u043e, \u0411\u0443\u0458\u0430\u043d\u043e\u0432\u0430\u0446 \u0438 \u041c\u0435\u0434\u0432\u0435\u0452a\"},\"image\":{\"@id\":\"https:\\\/\\\/kt.gov.rs\\\/#\\\/schema\\\/logo\\\/image\\\/\"},\"sameAs\":[\"https:\\\/\\\/www.facebook.com\\\/SluzbaKoordinacionogTelaVladeRepublikeSrbije\",\"https:\\\/\\\/x.com\\\/kt_gov\",\"https:\\\/\\\/www.youtube.com\\\/@koordinacionotelo\"]},{\"@type\":\"Person\",\"@id\":\"https:\\\/\\\/kt.gov.rs\\\/#\\\/schema\\\/person\\\/e426459ddb4173309103390602694571\",\"name\":\"ktmin\",\"image\":{\"@type\":\"ImageObject\",\"inLanguage\":\"sq-AL\",\"@id\":\"https:\\\/\\\/secure.gravatar.com\\\/avatar\\\/3985c961109853010c3fbc7ba30365bfba5db3dd6c525831d9c595c7525a615a?s=96&d=mm&r=g\",\"url\":\"https:\\\/\\\/secure.gravatar.com\\\/avatar\\\/3985c961109853010c3fbc7ba30365bfba5db3dd6c525831d9c595c7525a615a?s=96&d=mm&r=g\",\"contentUrl\":\"https:\\\/\\\/secure.gravatar.com\\\/avatar\\\/3985c961109853010c3fbc7ba30365bfba5db3dd6c525831d9c595c7525a615a?s=96&d=mm&r=g\",\"caption\":\"ktmin\"},\"sameAs\":[\"https:\\\/\\\/kt.gov.rs\"],\"url\":\"https:\\\/\\\/kt.gov.rs\\\/sq\\\/author\\\/ktmin\\\/\"}]}<\/script>\n<!-- \/ Yoast SEO plugin. -->","yoast_head_json":{"title":"NX\u00cbN\u00cbSIT SHF \u201cBRANKO RADI\u00e7EVIQ\u201d N\u00cb TURQI, PROMOTER\u00cb T\u00cb SHKOLL\u00cbS S\u00cb TYRE DHE BUJANOCIT - Republika e S\u00ebrbis\u00eb Trupi Koordinues p\u00ebr komunat Bujanoc, Preshev\u00eb dhe Medvegj\u00eb","robots":{"index":"index","follow":"follow","max-snippet":"max-snippet:-1","max-image-preview":"max-image-preview:large","max-video-preview":"max-video-preview:-1"},"canonical":"https:\/\/kt.gov.rs\/sq\/nxenesit-shf-branko-radiceviq-ne-turqi-promotere-te-shkolles-se-tyre-dhe-bujanocit\/","og_locale":"sq_AL","og_type":"article","og_title":"NX\u00cbN\u00cbSIT SHF \u201cBRANKO RADI\u00e7EVIQ\u201d N\u00cb TURQI, PROMOTER\u00cb T\u00cb SHKOLL\u00cbS S\u00cb TYRE DHE BUJANOCIT - Republika e S\u00ebrbis\u00eb Trupi Koordinues p\u00ebr komunat Bujanoc, Preshev\u00eb dhe Medvegj\u00eb","og_description":"Bujanoc - Beograd -\u00a0Nx\u00ebn\u00ebsit e shkoll\u00ebs fillore &quot;Branko Radi\u00e7eviq&quot; q\u00ebndruan n\u00eb Turqi, n\u00eb kuad\u00ebr t\u00eb projektit t\u00eb dyt\u00eb Erasmus. Pas realizimit t\u00eb suksessh\u00ebm t\u00eb projektit &quot;Motivimi III - nx\u00ebn\u00ebsit e shekullit 21&quot;, n\u00eb bashk\u00ebpunim me shkollat \u200b\u200bnga kat\u00ebr shtete evropiane, nx\u00ebn\u00ebsit e shkollave fillore t\u00eb Bujanocit po fillojn\u00eb aktivitetet n\u00eb projektin e dyt\u00eb Erasmus+.","og_url":"https:\/\/kt.gov.rs\/sq\/nxenesit-shf-branko-radiceviq-ne-turqi-promotere-te-shkolles-se-tyre-dhe-bujanocit\/","og_site_name":"Republika e S\u00ebrbis\u00eb Trupi Koordinues p\u00ebr komunat Bujanoc, Preshev\u00eb dhe Medvegj\u00eb","article_publisher":"https:\/\/www.facebook.com\/SluzbaKoordinacionogTelaVladeRepublikeSrbije","article_published_time":"2022-09-27T00:00:00+00:00","article_modified_time":"2024-07-30T17:56:07+00:00","og_image":[{"width":315,"height":230,"url":"https:\/\/kt.gov.rs\/wp-content\/uploads\/2024\/07\/1664270356_270922_1-3.jpg","type":"image\/jpeg"}],"author":"ktmin","twitter_card":"summary_large_image","twitter_creator":"@kt_gov","twitter_site":"@kt_gov","twitter_misc":{"Written by":"ktmin","Est. reading time":"3 minutes"},"schema":{"@context":"https:\/\/schema.org","@graph":[{"@type":"Article","@id":"https:\/\/kt.gov.rs\/sq\/nxenesit-shf-branko-radiceviq-ne-turqi-promotere-te-shkolles-se-tyre-dhe-bujanocit\/#article","isPartOf":{"@id":"https:\/\/kt.gov.rs\/sq\/nxenesit-shf-branko-radiceviq-ne-turqi-promotere-te-shkolles-se-tyre-dhe-bujanocit\/"},"author":{"name":"ktmin","@id":"https:\/\/kt.gov.rs\/#\/schema\/person\/e426459ddb4173309103390602694571"},"headline":"NX\u00cbN\u00cbSIT SHF \u201cBRANKO RADI\u00e7EVIQ\u201d N\u00cb TURQI, PROMOTER\u00cb T\u00cb SHKOLL\u00cbS S\u00cb TYRE DHE BUJANOCIT","datePublished":"2022-09-27T00:00:00+00:00","dateModified":"2024-07-30T17:56:07+00:00","mainEntityOfPage":{"@id":"https:\/\/kt.gov.rs\/sq\/nxenesit-shf-branko-radiceviq-ne-turqi-promotere-te-shkolles-se-tyre-dhe-bujanocit\/"},"wordCount":646,"publisher":{"@id":"https:\/\/kt.gov.rs\/#organization"},"image":{"@id":"https:\/\/kt.gov.rs\/sq\/nxenesit-shf-branko-radiceviq-ne-turqi-promotere-te-shkolles-se-tyre-dhe-bujanocit\/#primaryimage"},"thumbnailUrl":"https:\/\/kt.gov.rs\/wp-content\/uploads\/2024\/07\/1664270356_270922_1-3.jpg","articleSection":["Lajme"],"inLanguage":"sq-AL"},{"@type":"WebPage","@id":"https:\/\/kt.gov.rs\/sq\/nxenesit-shf-branko-radiceviq-ne-turqi-promotere-te-shkolles-se-tyre-dhe-bujanocit\/","url":"https:\/\/kt.gov.rs\/sq\/nxenesit-shf-branko-radiceviq-ne-turqi-promotere-te-shkolles-se-tyre-dhe-bujanocit\/","name":"NX\u00cbN\u00cbSIT SHF \u201cBRANKO RADI\u00e7EVIQ\u201d N\u00cb TURQI, PROMOTER\u00cb T\u00cb SHKOLL\u00cbS S\u00cb TYRE DHE BUJANOCIT - Republika e S\u00ebrbis\u00eb Trupi Koordinues p\u00ebr komunat Bujanoc, Preshev\u00eb dhe Medvegj\u00eb","isPartOf":{"@id":"https:\/\/kt.gov.rs\/#website"},"primaryImageOfPage":{"@id":"https:\/\/kt.gov.rs\/sq\/nxenesit-shf-branko-radiceviq-ne-turqi-promotere-te-shkolles-se-tyre-dhe-bujanocit\/#primaryimage"},"image":{"@id":"https:\/\/kt.gov.rs\/sq\/nxenesit-shf-branko-radiceviq-ne-turqi-promotere-te-shkolles-se-tyre-dhe-bujanocit\/#primaryimage"},"thumbnailUrl":"https:\/\/kt.gov.rs\/wp-content\/uploads\/2024\/07\/1664270356_270922_1-3.jpg","datePublished":"2022-09-27T00:00:00+00:00","dateModified":"2024-07-30T17:56:07+00:00","breadcrumb":{"@id":"https:\/\/kt.gov.rs\/sq\/nxenesit-shf-branko-radiceviq-ne-turqi-promotere-te-shkolles-se-tyre-dhe-bujanocit\/#breadcrumb"},"inLanguage":"sq-AL","potentialAction":[{"@type":"ReadAction","target":["https:\/\/kt.gov.rs\/sq\/nxenesit-shf-branko-radiceviq-ne-turqi-promotere-te-shkolles-se-tyre-dhe-bujanocit\/"]}]},{"@type":"ImageObject","inLanguage":"sq-AL","@id":"https:\/\/kt.gov.rs\/sq\/nxenesit-shf-branko-radiceviq-ne-turqi-promotere-te-shkolles-se-tyre-dhe-bujanocit\/#primaryimage","url":"https:\/\/kt.gov.rs\/wp-content\/uploads\/2024\/07\/1664270356_270922_1-3.jpg","contentUrl":"https:\/\/kt.gov.rs\/wp-content\/uploads\/2024\/07\/1664270356_270922_1-3.jpg","width":315,"height":230},{"@type":"BreadcrumbList","@id":"https:\/\/kt.gov.rs\/sq\/nxenesit-shf-branko-radiceviq-ne-turqi-promotere-te-shkolles-se-tyre-dhe-bujanocit\/#breadcrumb","itemListElement":[{"@type":"ListItem","position":1,"name":"\u041f\u043e\u0447\u0435\u0442\u043d\u0430","item":"https:\/\/kt.gov.rs\/sq\/"},{"@type":"ListItem","position":2,"name":"NX\u00cbN\u00cbSIT SHF \u201cBRANKO RADI\u00e7EVIQ\u201d N\u00cb TURQI, PROMOTER\u00cb T\u00cb SHKOLL\u00cbS S\u00cb TYRE DHE BUJANOCIT"}]},{"@type":"WebSite","@id":"https:\/\/kt.gov.rs\/#website","url":"https:\/\/kt.gov.rs\/","name":"\u041a\u043e\u043e\u0440\u0434\u0438\u043d\u0430\u0446\u0438\u043e\u043d\u043e \u0442\u0435\u043b\u043e \u0412\u043b\u0430\u0434\u0435 \u0420\u0435\u043f\u0443\u0431\u043b\u0438\u043a\u0435 \u0421\u0440\u0431\u0438\u0458\u0435 \u0437\u0430 \u043e\u043f\u0448\u0442\u0438\u043d\u0435 \u041f\u0440\u0435\u0448\u0435\u0432\u043e, \u0411\u0443\u0458\u0430\u043d\u043e\u0432\u0430\u0446 \u0438 \u041c\u0435\u0434\u0432\u0435\u0452a","description":"","publisher":{"@id":"https:\/\/kt.gov.rs\/#organization"},"alternateName":"\u041a\u043e\u043e\u0440\u0434\u0438\u043d\u0430\u0446\u0438\u043e\u043d\u043e \u0442\u0435\u043b\u043e","potentialAction":[{"@type":"SearchAction","target":{"@type":"EntryPoint","urlTemplate":"https:\/\/kt.gov.rs\/?s={search_term_string}"},"query-input":{"@type":"PropertyValueSpecification","valueRequired":true,"valueName":"search_term_string"}}],"inLanguage":"sq-AL"},{"@type":"Organization","@id":"https:\/\/kt.gov.rs\/#organization","name":"\u041a\u043e\u043e\u0440\u0434\u0438\u043d\u0430\u0446\u0438\u043e\u043d\u043e \u0442\u0435\u043b\u043e \u0412\u043b\u0430\u0434\u0435 \u0420\u0435\u043f\u0443\u0431\u043b\u0438\u043a\u0435 \u0421\u0440\u0431\u0438\u0458\u0435 \u0437\u0430 \u043e\u043f\u0448\u0442\u0438\u043d\u0435 \u041f\u0440\u0435\u0448\u0435\u0432\u043e, \u0411\u0443\u0458\u0430\u043d\u043e\u0432\u0430\u0446 \u0438 \u041c\u0435\u0434\u0432\u0435\u0452a","alternateName":"\u041a\u043e\u043e\u0440\u0434\u0438\u043d\u0430\u0446\u0438\u043e\u043d\u043e \u0442\u0435\u043b\u043e","url":"https:\/\/kt.gov.rs\/","logo":{"@type":"ImageObject","inLanguage":"sq-AL","@id":"https:\/\/kt.gov.rs\/#\/schema\/logo\/image\/","url":"https:\/\/kt.gov.rs\/wp-content\/uploads\/2024\/12\/koord2.jpg","contentUrl":"https:\/\/kt.gov.rs\/wp-content\/uploads\/2024\/12\/koord2.jpg","width":640,"height":480,"caption":"\u041a\u043e\u043e\u0440\u0434\u0438\u043d\u0430\u0446\u0438\u043e\u043d\u043e \u0442\u0435\u043b\u043e \u0412\u043b\u0430\u0434\u0435 \u0420\u0435\u043f\u0443\u0431\u043b\u0438\u043a\u0435 \u0421\u0440\u0431\u0438\u0458\u0435 \u0437\u0430 \u043e\u043f\u0448\u0442\u0438\u043d\u0435 \u041f\u0440\u0435\u0448\u0435\u0432\u043e, \u0411\u0443\u0458\u0430\u043d\u043e\u0432\u0430\u0446 \u0438 \u041c\u0435\u0434\u0432\u0435\u0452a"},"image":{"@id":"https:\/\/kt.gov.rs\/#\/schema\/logo\/image\/"},"sameAs":["https:\/\/www.facebook.com\/SluzbaKoordinacionogTelaVladeRepublikeSrbije","https:\/\/x.com\/kt_gov","https:\/\/www.youtube.com\/@koordinacionotelo"]},{"@type":"Person","@id":"https:\/\/kt.gov.rs\/#\/schema\/person\/e426459ddb4173309103390602694571","name":"ktmin","image":{"@type":"ImageObject","inLanguage":"sq-AL","@id":"https:\/\/secure.gravatar.com\/avatar\/3985c961109853010c3fbc7ba30365bfba5db3dd6c525831d9c595c7525a615a?s=96&d=mm&r=g","url":"https:\/\/secure.gravatar.com\/avatar\/3985c961109853010c3fbc7ba30365bfba5db3dd6c525831d9c595c7525a615a?s=96&d=mm&r=g","contentUrl":"https:\/\/secure.gravatar.com\/avatar\/3985c961109853010c3fbc7ba30365bfba5db3dd6c525831d9c595c7525a615a?s=96&d=mm&r=g","caption":"ktmin"},"sameAs":["https:\/\/kt.gov.rs"],"url":"https:\/\/kt.gov.rs\/sq\/author\/ktmin\/"}]}},"_links":{"self":[{"href":"https:\/\/kt.gov.rs\/sq\/wp-json\/wp\/v2\/posts\/107164","targetHints":{"allow":["GET"]}}],"collection":[{"href":"https:\/\/kt.gov.rs\/sq\/wp-json\/wp\/v2\/posts"}],"about":[{"href":"https:\/\/kt.gov.rs\/sq\/wp-json\/wp\/v2\/types\/post"}],"author":[{"embeddable":true,"href":"https:\/\/kt.gov.rs\/sq\/wp-json\/wp\/v2\/users\/1"}],"replies":[{"embeddable":true,"href":"https:\/\/kt.gov.rs\/sq\/wp-json\/wp\/v2\/comments?post=107164"}],"version-history":[{"count":1,"href":"https:\/\/kt.gov.rs\/sq\/wp-json\/wp\/v2\/posts\/107164\/revisions"}],"predecessor-version":[{"id":107168,"href":"https:\/\/kt.gov.rs\/sq\/wp-json\/wp\/v2\/posts\/107164\/revisions\/107168"}],"wp:featuredmedia":[{"embeddable":true,"href":"https:\/\/kt.gov.rs\/sq\/wp-json\/wp\/v2\/media\/107169"}],"wp:attachment":[{"href":"https:\/\/kt.gov.rs\/sq\/wp-json\/wp\/v2\/media?parent=107164"}],"wp:term":[{"taxonomy":"category","embeddable":true,"href":"https:\/\/kt.gov.rs\/sq\/wp-json\/wp\/v2\/categories?post=107164"},{"taxonomy":"post_tag","embeddable":true,"href":"https:\/\/kt.gov.rs\/sq\/wp-json\/wp\/v2\/tags?post=107164"}],"curies":[{"name":"wp","href":"https:\/\/api.w.org\/{rel}","templated":true}]}}