{"id":107148,"date":"2022-09-27T00:00:00","date_gmt":"2022-09-27T00:00:00","guid":{"rendered":"http:\/\/kt.printandscreen.rs\/regjistrimi-2022-kush-rrefuzon-do-te-denohet-ne-te-holla\/"},"modified":"2024-07-30T17:56:05","modified_gmt":"2024-07-30T17:56:05","slug":"regjistrimi-2022-kush-rrefuzon-do-te-denohet-ne-te-holla","status":"publish","type":"post","link":"https:\/\/kt.gov.rs\/sq\/regjistrimi-2022-kush-rrefuzon-do-te-denohet-ne-te-holla\/","title":{"rendered":"REGJISTRIMI 2022: KUSH RREFUZON DO T\u00cb D\u00cbNOHET N\u00cb T\u00cb HOLLA"},"content":{"rendered":"<p>\n\t<strong><img decoding=\"async\" alt=\"\" src=\"https:\/\/kt.gov.rs\/wp-content\/uploads\/2024\/07\/1664270436_270922_3-2.jpg\" style=\"width: 315px; height: 230px; float: left;\" \/><\/strong><strong>Bujanoc \u2013 Beograd \u2013<\/strong> Qytetar\u00ebt q\u00eb refuzojn\u00eb t\u00eb marrin pjes\u00eb n\u00eb regjistrimin e ardhsh\u00ebm t\u00eb popullsis\u00eb n\u00eb Serbi mund t\u00eb gjobiten nga 20.000 deri n\u00eb 50.000 dinar\u00eb, tha Miladin Kova\u00e7eviq, drejtor i Entit t\u00eb Statistikave Republikane.<\/p>\n<p>\n\tAi shpjegoi n\u00eb nj\u00eb paraqitje t\u00eb ftuar n\u00eb RTS se nd\u00ebshkimi \u00ebsht\u00eb instrumenti p\u00ebrfundimtar dhe se nuk \u00ebsht\u00eb q\u00ebllimi i vet\u00eb operacionit.<\/p>\n<p>\n\tSipas ligjit t\u00eb regjistrimit, ky sanksion vendoset gjithmon\u00eb dhe \u00ebsht\u00eb instrumenti p\u00ebrfundimtar. Ajo vlen edhe p\u00ebr regjistruesit n\u00ebse shkojn\u00eb p\u00ebrtej kompetencave t\u00eb tyre t\u00eb zakonshme, dhe nj\u00eb pjes\u00eb edhe p\u00ebr qytetar\u00ebt q\u00eb refuzojn\u00eb t\u00eb marrin pjes\u00eb n\u00eb regjistrim\u201d, tha Kova\u00e7eviq.<\/p>\n<p>\n\tQytetar\u00ebt do t&#39;u p\u00ebrgjigjen 69 pyetjeve dhe, sipas tij, regjistrimi do t\u00eb zgjas\u00eb rreth 30 minuta.<\/p>\n<p>\n\tAi theksoi se nuk ka pyetje q\u00eb k\u00ebrkojn\u00eb p\u00ebrgjigje t\u00eb parap\u00ebrgatitur, por se jan\u00eb tre pyetje t\u00eb cilave nuk k\u00ebrkohet p\u00ebrgjigje e obligueshme.<\/p>\n<p>\n\t\u201cK\u00ebto jan\u00eb pyetje p\u00ebr komb\u00ebsin\u00eb, fen\u00eb dhe gjuh\u00ebn amtare\u201d, p\u00ebrfundoi Kova\u00e7eviq.<\/p>\n<p>\n\tRegjistrimi i popullsis\u00eb n\u00eb Serbi do t\u00eb b\u00ebhet nga 1 deri m\u00eb 31 tetor, ku do t\u00eb marrin pjes\u00eb edhe shqiptar\u00ebt nga Bujanoci, Presheva dhe Medvegja.<\/p>\n<p>\n\tP\u00ebr regjistrimin n\u00eb territorin e komun\u00ebs s\u00eb Bujanocit jan\u00eb p\u00ebrzgjedhur 89 regjistrues dhe 13 instruktor\u00eb.<\/p>\n<p>\n\t<strong>Burimi: Bujanova\u00e7ke, Trupi Koordinues<\/strong><\/p>\n<p>\n\t\u00a0<\/p>\n","protected":false},"excerpt":{"rendered":"<p>Bujanoc \u2013 Beograd \u2013\u00a0Qytetar\u00ebt q\u00eb refuzojn\u00eb t\u00eb marrin pjes\u00eb n\u00eb regjistrimin e ardhsh\u00ebm t\u00eb popullsis\u00eb n\u00eb Serbi mund t\u00eb gjobiten nga 20.000 deri n\u00eb 50.000 dinar\u00eb, tha Miladin Kova\u00e7eviq, drejtor i Entit t\u00eb Statistikave Republikane.<\/p>\n","protected":false},"author":1,"featured_media":107153,"comment_status":"closed","ping_status":"closed","sticky":false,"template":"","format":"standard","meta":{"footnotes":""},"categories":[55],"tags":[],"class_list":["post-107148","post","type-post","status-publish","format-standard","has-post-thumbnail","hentry","category-lajme"],"yoast_head":"<!-- This site is optimized with the Yoast SEO plugin v27.5 - https:\/\/yoast.com\/product\/yoast-seo-wordpress\/ -->\n<title>REGJISTRIMI 2022: KUSH RREFUZON DO T\u00cb D\u00cbNOHET N\u00cb T\u00cb HOLLA - Republika e S\u00ebrbis\u00eb Trupi Koordinues p\u00ebr komunat Bujanoc, Preshev\u00eb dhe Medvegj\u00eb<\/title>\n<meta name=\"robots\" content=\"index, follow, max-snippet:-1, max-image-preview:large, max-video-preview:-1\" \/>\n<link rel=\"canonical\" href=\"https:\/\/kt.gov.rs\/sq\/regjistrimi-2022-kush-rrefuzon-do-te-denohet-ne-te-holla\/\" \/>\n<meta property=\"og:locale\" content=\"sq_AL\" \/>\n<meta property=\"og:type\" content=\"article\" \/>\n<meta property=\"og:title\" content=\"REGJISTRIMI 2022: KUSH RREFUZON DO T\u00cb D\u00cbNOHET N\u00cb T\u00cb HOLLA - Republika e S\u00ebrbis\u00eb Trupi Koordinues p\u00ebr komunat Bujanoc, Preshev\u00eb dhe Medvegj\u00eb\" \/>\n<meta property=\"og:description\" content=\"Bujanoc - Beograd -\u00a0Qytetar\u00ebt q\u00eb refuzojn\u00eb t\u00eb marrin pjes\u00eb n\u00eb regjistrimin e ardhsh\u00ebm t\u00eb popullsis\u00eb n\u00eb Serbi mund t\u00eb gjobiten nga 20.000 deri n\u00eb 50.000 dinar\u00eb, tha Miladin Kova\u00e7eviq, drejtor i Entit t\u00eb Statistikave Republikane.\" \/>\n<meta property=\"og:url\" content=\"https:\/\/kt.gov.rs\/sq\/regjistrimi-2022-kush-rrefuzon-do-te-denohet-ne-te-holla\/\" \/>\n<meta property=\"og:site_name\" content=\"Republika e S\u00ebrbis\u00eb Trupi Koordinues p\u00ebr komunat Bujanoc, Preshev\u00eb dhe Medvegj\u00eb\" \/>\n<meta property=\"article:publisher\" content=\"https:\/\/www.facebook.com\/SluzbaKoordinacionogTelaVladeRepublikeSrbije\" \/>\n<meta property=\"article:published_time\" content=\"2022-09-27T00:00:00+00:00\" \/>\n<meta property=\"article:modified_time\" content=\"2024-07-30T17:56:05+00:00\" \/>\n<meta property=\"og:image\" content=\"https:\/\/kt.gov.rs\/wp-content\/uploads\/2024\/07\/1664270436_270922_3-3.jpg\" \/>\n\t<meta property=\"og:image:width\" content=\"315\" \/>\n\t<meta property=\"og:image:height\" content=\"230\" \/>\n\t<meta property=\"og:image:type\" content=\"image\/jpeg\" \/>\n<meta name=\"author\" content=\"ktmin\" \/>\n<meta name=\"twitter:card\" content=\"summary_large_image\" \/>\n<meta name=\"twitter:creator\" content=\"@kt_gov\" \/>\n<meta name=\"twitter:site\" content=\"@kt_gov\" \/>\n<meta name=\"twitter:label1\" content=\"Written by\" \/>\n\t<meta name=\"twitter:data1\" content=\"ktmin\" \/>\n\t<meta name=\"twitter:label2\" content=\"Est. reading time\" \/>\n\t<meta name=\"twitter:data2\" content=\"2 minutes\" \/>\n<script type=\"application\/ld+json\" class=\"yoast-schema-graph\">{\"@context\":\"https:\\\/\\\/schema.org\",\"@graph\":[{\"@type\":\"Article\",\"@id\":\"https:\\\/\\\/kt.gov.rs\\\/sq\\\/regjistrimi-2022-kush-rrefuzon-do-te-denohet-ne-te-holla\\\/#article\",\"isPartOf\":{\"@id\":\"https:\\\/\\\/kt.gov.rs\\\/sq\\\/regjistrimi-2022-kush-rrefuzon-do-te-denohet-ne-te-holla\\\/\"},\"author\":{\"name\":\"ktmin\",\"@id\":\"https:\\\/\\\/kt.gov.rs\\\/#\\\/schema\\\/person\\\/e426459ddb4173309103390602694571\"},\"headline\":\"REGJISTRIMI 2022: KUSH RREFUZON DO T\u00cb D\u00cbNOHET N\u00cb T\u00cb HOLLA\",\"datePublished\":\"2022-09-27T00:00:00+00:00\",\"dateModified\":\"2024-07-30T17:56:05+00:00\",\"mainEntityOfPage\":{\"@id\":\"https:\\\/\\\/kt.gov.rs\\\/sq\\\/regjistrimi-2022-kush-rrefuzon-do-te-denohet-ne-te-holla\\\/\"},\"wordCount\":319,\"publisher\":{\"@id\":\"https:\\\/\\\/kt.gov.rs\\\/#organization\"},\"image\":{\"@id\":\"https:\\\/\\\/kt.gov.rs\\\/sq\\\/regjistrimi-2022-kush-rrefuzon-do-te-denohet-ne-te-holla\\\/#primaryimage\"},\"thumbnailUrl\":\"https:\\\/\\\/kt.gov.rs\\\/wp-content\\\/uploads\\\/2024\\\/07\\\/1664270436_270922_3-3.jpg\",\"articleSection\":[\"Lajme\"],\"inLanguage\":\"sq-AL\"},{\"@type\":\"WebPage\",\"@id\":\"https:\\\/\\\/kt.gov.rs\\\/sq\\\/regjistrimi-2022-kush-rrefuzon-do-te-denohet-ne-te-holla\\\/\",\"url\":\"https:\\\/\\\/kt.gov.rs\\\/sq\\\/regjistrimi-2022-kush-rrefuzon-do-te-denohet-ne-te-holla\\\/\",\"name\":\"REGJISTRIMI 2022: KUSH RREFUZON DO T\u00cb D\u00cbNOHET N\u00cb T\u00cb HOLLA - Republika e S\u00ebrbis\u00eb Trupi Koordinues p\u00ebr komunat Bujanoc, Preshev\u00eb dhe Medvegj\u00eb\",\"isPartOf\":{\"@id\":\"https:\\\/\\\/kt.gov.rs\\\/#website\"},\"primaryImageOfPage\":{\"@id\":\"https:\\\/\\\/kt.gov.rs\\\/sq\\\/regjistrimi-2022-kush-rrefuzon-do-te-denohet-ne-te-holla\\\/#primaryimage\"},\"image\":{\"@id\":\"https:\\\/\\\/kt.gov.rs\\\/sq\\\/regjistrimi-2022-kush-rrefuzon-do-te-denohet-ne-te-holla\\\/#primaryimage\"},\"thumbnailUrl\":\"https:\\\/\\\/kt.gov.rs\\\/wp-content\\\/uploads\\\/2024\\\/07\\\/1664270436_270922_3-3.jpg\",\"datePublished\":\"2022-09-27T00:00:00+00:00\",\"dateModified\":\"2024-07-30T17:56:05+00:00\",\"breadcrumb\":{\"@id\":\"https:\\\/\\\/kt.gov.rs\\\/sq\\\/regjistrimi-2022-kush-rrefuzon-do-te-denohet-ne-te-holla\\\/#breadcrumb\"},\"inLanguage\":\"sq-AL\",\"potentialAction\":[{\"@type\":\"ReadAction\",\"target\":[\"https:\\\/\\\/kt.gov.rs\\\/sq\\\/regjistrimi-2022-kush-rrefuzon-do-te-denohet-ne-te-holla\\\/\"]}]},{\"@type\":\"ImageObject\",\"inLanguage\":\"sq-AL\",\"@id\":\"https:\\\/\\\/kt.gov.rs\\\/sq\\\/regjistrimi-2022-kush-rrefuzon-do-te-denohet-ne-te-holla\\\/#primaryimage\",\"url\":\"https:\\\/\\\/kt.gov.rs\\\/wp-content\\\/uploads\\\/2024\\\/07\\\/1664270436_270922_3-3.jpg\",\"contentUrl\":\"https:\\\/\\\/kt.gov.rs\\\/wp-content\\\/uploads\\\/2024\\\/07\\\/1664270436_270922_3-3.jpg\",\"width\":315,\"height\":230},{\"@type\":\"BreadcrumbList\",\"@id\":\"https:\\\/\\\/kt.gov.rs\\\/sq\\\/regjistrimi-2022-kush-rrefuzon-do-te-denohet-ne-te-holla\\\/#breadcrumb\",\"itemListElement\":[{\"@type\":\"ListItem\",\"position\":1,\"name\":\"\u041f\u043e\u0447\u0435\u0442\u043d\u0430\",\"item\":\"https:\\\/\\\/kt.gov.rs\\\/sq\\\/\"},{\"@type\":\"ListItem\",\"position\":2,\"name\":\"REGJISTRIMI 2022: KUSH RREFUZON DO T\u00cb D\u00cbNOHET N\u00cb T\u00cb HOLLA\"}]},{\"@type\":\"WebSite\",\"@id\":\"https:\\\/\\\/kt.gov.rs\\\/#website\",\"url\":\"https:\\\/\\\/kt.gov.rs\\\/\",\"name\":\"\u041a\u043e\u043e\u0440\u0434\u0438\u043d\u0430\u0446\u0438\u043e\u043d\u043e \u0442\u0435\u043b\u043e \u0412\u043b\u0430\u0434\u0435 \u0420\u0435\u043f\u0443\u0431\u043b\u0438\u043a\u0435 \u0421\u0440\u0431\u0438\u0458\u0435 \u0437\u0430 \u043e\u043f\u0448\u0442\u0438\u043d\u0435 \u041f\u0440\u0435\u0448\u0435\u0432\u043e, \u0411\u0443\u0458\u0430\u043d\u043e\u0432\u0430\u0446 \u0438 \u041c\u0435\u0434\u0432\u0435\u0452a\",\"description\":\"\",\"publisher\":{\"@id\":\"https:\\\/\\\/kt.gov.rs\\\/#organization\"},\"alternateName\":\"\u041a\u043e\u043e\u0440\u0434\u0438\u043d\u0430\u0446\u0438\u043e\u043d\u043e \u0442\u0435\u043b\u043e\",\"potentialAction\":[{\"@type\":\"SearchAction\",\"target\":{\"@type\":\"EntryPoint\",\"urlTemplate\":\"https:\\\/\\\/kt.gov.rs\\\/?s={search_term_string}\"},\"query-input\":{\"@type\":\"PropertyValueSpecification\",\"valueRequired\":true,\"valueName\":\"search_term_string\"}}],\"inLanguage\":\"sq-AL\"},{\"@type\":\"Organization\",\"@id\":\"https:\\\/\\\/kt.gov.rs\\\/#organization\",\"name\":\"\u041a\u043e\u043e\u0440\u0434\u0438\u043d\u0430\u0446\u0438\u043e\u043d\u043e \u0442\u0435\u043b\u043e \u0412\u043b\u0430\u0434\u0435 \u0420\u0435\u043f\u0443\u0431\u043b\u0438\u043a\u0435 \u0421\u0440\u0431\u0438\u0458\u0435 \u0437\u0430 \u043e\u043f\u0448\u0442\u0438\u043d\u0435 \u041f\u0440\u0435\u0448\u0435\u0432\u043e, \u0411\u0443\u0458\u0430\u043d\u043e\u0432\u0430\u0446 \u0438 \u041c\u0435\u0434\u0432\u0435\u0452a\",\"alternateName\":\"\u041a\u043e\u043e\u0440\u0434\u0438\u043d\u0430\u0446\u0438\u043e\u043d\u043e \u0442\u0435\u043b\u043e\",\"url\":\"https:\\\/\\\/kt.gov.rs\\\/\",\"logo\":{\"@type\":\"ImageObject\",\"inLanguage\":\"sq-AL\",\"@id\":\"https:\\\/\\\/kt.gov.rs\\\/#\\\/schema\\\/logo\\\/image\\\/\",\"url\":\"https:\\\/\\\/kt.gov.rs\\\/wp-content\\\/uploads\\\/2024\\\/12\\\/koord2.jpg\",\"contentUrl\":\"https:\\\/\\\/kt.gov.rs\\\/wp-content\\\/uploads\\\/2024\\\/12\\\/koord2.jpg\",\"width\":640,\"height\":480,\"caption\":\"\u041a\u043e\u043e\u0440\u0434\u0438\u043d\u0430\u0446\u0438\u043e\u043d\u043e \u0442\u0435\u043b\u043e \u0412\u043b\u0430\u0434\u0435 \u0420\u0435\u043f\u0443\u0431\u043b\u0438\u043a\u0435 \u0421\u0440\u0431\u0438\u0458\u0435 \u0437\u0430 \u043e\u043f\u0448\u0442\u0438\u043d\u0435 \u041f\u0440\u0435\u0448\u0435\u0432\u043e, \u0411\u0443\u0458\u0430\u043d\u043e\u0432\u0430\u0446 \u0438 \u041c\u0435\u0434\u0432\u0435\u0452a\"},\"image\":{\"@id\":\"https:\\\/\\\/kt.gov.rs\\\/#\\\/schema\\\/logo\\\/image\\\/\"},\"sameAs\":[\"https:\\\/\\\/www.facebook.com\\\/SluzbaKoordinacionogTelaVladeRepublikeSrbije\",\"https:\\\/\\\/x.com\\\/kt_gov\",\"https:\\\/\\\/www.youtube.com\\\/@koordinacionotelo\"]},{\"@type\":\"Person\",\"@id\":\"https:\\\/\\\/kt.gov.rs\\\/#\\\/schema\\\/person\\\/e426459ddb4173309103390602694571\",\"name\":\"ktmin\",\"image\":{\"@type\":\"ImageObject\",\"inLanguage\":\"sq-AL\",\"@id\":\"https:\\\/\\\/secure.gravatar.com\\\/avatar\\\/3985c961109853010c3fbc7ba30365bfba5db3dd6c525831d9c595c7525a615a?s=96&d=mm&r=g\",\"url\":\"https:\\\/\\\/secure.gravatar.com\\\/avatar\\\/3985c961109853010c3fbc7ba30365bfba5db3dd6c525831d9c595c7525a615a?s=96&d=mm&r=g\",\"contentUrl\":\"https:\\\/\\\/secure.gravatar.com\\\/avatar\\\/3985c961109853010c3fbc7ba30365bfba5db3dd6c525831d9c595c7525a615a?s=96&d=mm&r=g\",\"caption\":\"ktmin\"},\"sameAs\":[\"https:\\\/\\\/kt.gov.rs\"],\"url\":\"https:\\\/\\\/kt.gov.rs\\\/sq\\\/author\\\/ktmin\\\/\"}]}<\/script>\n<!-- \/ Yoast SEO plugin. -->","yoast_head_json":{"title":"REGJISTRIMI 2022: KUSH RREFUZON DO T\u00cb D\u00cbNOHET N\u00cb T\u00cb HOLLA - Republika e S\u00ebrbis\u00eb Trupi Koordinues p\u00ebr komunat Bujanoc, Preshev\u00eb dhe Medvegj\u00eb","robots":{"index":"index","follow":"follow","max-snippet":"max-snippet:-1","max-image-preview":"max-image-preview:large","max-video-preview":"max-video-preview:-1"},"canonical":"https:\/\/kt.gov.rs\/sq\/regjistrimi-2022-kush-rrefuzon-do-te-denohet-ne-te-holla\/","og_locale":"sq_AL","og_type":"article","og_title":"REGJISTRIMI 2022: KUSH RREFUZON DO T\u00cb D\u00cbNOHET N\u00cb T\u00cb HOLLA - Republika e S\u00ebrbis\u00eb Trupi Koordinues p\u00ebr komunat Bujanoc, Preshev\u00eb dhe Medvegj\u00eb","og_description":"Bujanoc - Beograd -\u00a0Qytetar\u00ebt q\u00eb refuzojn\u00eb t\u00eb marrin pjes\u00eb n\u00eb regjistrimin e ardhsh\u00ebm t\u00eb popullsis\u00eb n\u00eb Serbi mund t\u00eb gjobiten nga 20.000 deri n\u00eb 50.000 dinar\u00eb, tha Miladin Kova\u00e7eviq, drejtor i Entit t\u00eb Statistikave Republikane.","og_url":"https:\/\/kt.gov.rs\/sq\/regjistrimi-2022-kush-rrefuzon-do-te-denohet-ne-te-holla\/","og_site_name":"Republika e S\u00ebrbis\u00eb Trupi Koordinues p\u00ebr komunat Bujanoc, Preshev\u00eb dhe Medvegj\u00eb","article_publisher":"https:\/\/www.facebook.com\/SluzbaKoordinacionogTelaVladeRepublikeSrbije","article_published_time":"2022-09-27T00:00:00+00:00","article_modified_time":"2024-07-30T17:56:05+00:00","og_image":[{"width":315,"height":230,"url":"https:\/\/kt.gov.rs\/wp-content\/uploads\/2024\/07\/1664270436_270922_3-3.jpg","type":"image\/jpeg"}],"author":"ktmin","twitter_card":"summary_large_image","twitter_creator":"@kt_gov","twitter_site":"@kt_gov","twitter_misc":{"Written by":"ktmin","Est. reading time":"2 minutes"},"schema":{"@context":"https:\/\/schema.org","@graph":[{"@type":"Article","@id":"https:\/\/kt.gov.rs\/sq\/regjistrimi-2022-kush-rrefuzon-do-te-denohet-ne-te-holla\/#article","isPartOf":{"@id":"https:\/\/kt.gov.rs\/sq\/regjistrimi-2022-kush-rrefuzon-do-te-denohet-ne-te-holla\/"},"author":{"name":"ktmin","@id":"https:\/\/kt.gov.rs\/#\/schema\/person\/e426459ddb4173309103390602694571"},"headline":"REGJISTRIMI 2022: KUSH RREFUZON DO T\u00cb D\u00cbNOHET N\u00cb T\u00cb HOLLA","datePublished":"2022-09-27T00:00:00+00:00","dateModified":"2024-07-30T17:56:05+00:00","mainEntityOfPage":{"@id":"https:\/\/kt.gov.rs\/sq\/regjistrimi-2022-kush-rrefuzon-do-te-denohet-ne-te-holla\/"},"wordCount":319,"publisher":{"@id":"https:\/\/kt.gov.rs\/#organization"},"image":{"@id":"https:\/\/kt.gov.rs\/sq\/regjistrimi-2022-kush-rrefuzon-do-te-denohet-ne-te-holla\/#primaryimage"},"thumbnailUrl":"https:\/\/kt.gov.rs\/wp-content\/uploads\/2024\/07\/1664270436_270922_3-3.jpg","articleSection":["Lajme"],"inLanguage":"sq-AL"},{"@type":"WebPage","@id":"https:\/\/kt.gov.rs\/sq\/regjistrimi-2022-kush-rrefuzon-do-te-denohet-ne-te-holla\/","url":"https:\/\/kt.gov.rs\/sq\/regjistrimi-2022-kush-rrefuzon-do-te-denohet-ne-te-holla\/","name":"REGJISTRIMI 2022: KUSH RREFUZON DO T\u00cb D\u00cbNOHET N\u00cb T\u00cb HOLLA - Republika e S\u00ebrbis\u00eb Trupi Koordinues p\u00ebr komunat Bujanoc, Preshev\u00eb dhe Medvegj\u00eb","isPartOf":{"@id":"https:\/\/kt.gov.rs\/#website"},"primaryImageOfPage":{"@id":"https:\/\/kt.gov.rs\/sq\/regjistrimi-2022-kush-rrefuzon-do-te-denohet-ne-te-holla\/#primaryimage"},"image":{"@id":"https:\/\/kt.gov.rs\/sq\/regjistrimi-2022-kush-rrefuzon-do-te-denohet-ne-te-holla\/#primaryimage"},"thumbnailUrl":"https:\/\/kt.gov.rs\/wp-content\/uploads\/2024\/07\/1664270436_270922_3-3.jpg","datePublished":"2022-09-27T00:00:00+00:00","dateModified":"2024-07-30T17:56:05+00:00","breadcrumb":{"@id":"https:\/\/kt.gov.rs\/sq\/regjistrimi-2022-kush-rrefuzon-do-te-denohet-ne-te-holla\/#breadcrumb"},"inLanguage":"sq-AL","potentialAction":[{"@type":"ReadAction","target":["https:\/\/kt.gov.rs\/sq\/regjistrimi-2022-kush-rrefuzon-do-te-denohet-ne-te-holla\/"]}]},{"@type":"ImageObject","inLanguage":"sq-AL","@id":"https:\/\/kt.gov.rs\/sq\/regjistrimi-2022-kush-rrefuzon-do-te-denohet-ne-te-holla\/#primaryimage","url":"https:\/\/kt.gov.rs\/wp-content\/uploads\/2024\/07\/1664270436_270922_3-3.jpg","contentUrl":"https:\/\/kt.gov.rs\/wp-content\/uploads\/2024\/07\/1664270436_270922_3-3.jpg","width":315,"height":230},{"@type":"BreadcrumbList","@id":"https:\/\/kt.gov.rs\/sq\/regjistrimi-2022-kush-rrefuzon-do-te-denohet-ne-te-holla\/#breadcrumb","itemListElement":[{"@type":"ListItem","position":1,"name":"\u041f\u043e\u0447\u0435\u0442\u043d\u0430","item":"https:\/\/kt.gov.rs\/sq\/"},{"@type":"ListItem","position":2,"name":"REGJISTRIMI 2022: KUSH RREFUZON DO T\u00cb D\u00cbNOHET N\u00cb T\u00cb HOLLA"}]},{"@type":"WebSite","@id":"https:\/\/kt.gov.rs\/#website","url":"https:\/\/kt.gov.rs\/","name":"\u041a\u043e\u043e\u0440\u0434\u0438\u043d\u0430\u0446\u0438\u043e\u043d\u043e \u0442\u0435\u043b\u043e \u0412\u043b\u0430\u0434\u0435 \u0420\u0435\u043f\u0443\u0431\u043b\u0438\u043a\u0435 \u0421\u0440\u0431\u0438\u0458\u0435 \u0437\u0430 \u043e\u043f\u0448\u0442\u0438\u043d\u0435 \u041f\u0440\u0435\u0448\u0435\u0432\u043e, \u0411\u0443\u0458\u0430\u043d\u043e\u0432\u0430\u0446 \u0438 \u041c\u0435\u0434\u0432\u0435\u0452a","description":"","publisher":{"@id":"https:\/\/kt.gov.rs\/#organization"},"alternateName":"\u041a\u043e\u043e\u0440\u0434\u0438\u043d\u0430\u0446\u0438\u043e\u043d\u043e \u0442\u0435\u043b\u043e","potentialAction":[{"@type":"SearchAction","target":{"@type":"EntryPoint","urlTemplate":"https:\/\/kt.gov.rs\/?s={search_term_string}"},"query-input":{"@type":"PropertyValueSpecification","valueRequired":true,"valueName":"search_term_string"}}],"inLanguage":"sq-AL"},{"@type":"Organization","@id":"https:\/\/kt.gov.rs\/#organization","name":"\u041a\u043e\u043e\u0440\u0434\u0438\u043d\u0430\u0446\u0438\u043e\u043d\u043e \u0442\u0435\u043b\u043e \u0412\u043b\u0430\u0434\u0435 \u0420\u0435\u043f\u0443\u0431\u043b\u0438\u043a\u0435 \u0421\u0440\u0431\u0438\u0458\u0435 \u0437\u0430 \u043e\u043f\u0448\u0442\u0438\u043d\u0435 \u041f\u0440\u0435\u0448\u0435\u0432\u043e, \u0411\u0443\u0458\u0430\u043d\u043e\u0432\u0430\u0446 \u0438 \u041c\u0435\u0434\u0432\u0435\u0452a","alternateName":"\u041a\u043e\u043e\u0440\u0434\u0438\u043d\u0430\u0446\u0438\u043e\u043d\u043e \u0442\u0435\u043b\u043e","url":"https:\/\/kt.gov.rs\/","logo":{"@type":"ImageObject","inLanguage":"sq-AL","@id":"https:\/\/kt.gov.rs\/#\/schema\/logo\/image\/","url":"https:\/\/kt.gov.rs\/wp-content\/uploads\/2024\/12\/koord2.jpg","contentUrl":"https:\/\/kt.gov.rs\/wp-content\/uploads\/2024\/12\/koord2.jpg","width":640,"height":480,"caption":"\u041a\u043e\u043e\u0440\u0434\u0438\u043d\u0430\u0446\u0438\u043e\u043d\u043e \u0442\u0435\u043b\u043e \u0412\u043b\u0430\u0434\u0435 \u0420\u0435\u043f\u0443\u0431\u043b\u0438\u043a\u0435 \u0421\u0440\u0431\u0438\u0458\u0435 \u0437\u0430 \u043e\u043f\u0448\u0442\u0438\u043d\u0435 \u041f\u0440\u0435\u0448\u0435\u0432\u043e, \u0411\u0443\u0458\u0430\u043d\u043e\u0432\u0430\u0446 \u0438 \u041c\u0435\u0434\u0432\u0435\u0452a"},"image":{"@id":"https:\/\/kt.gov.rs\/#\/schema\/logo\/image\/"},"sameAs":["https:\/\/www.facebook.com\/SluzbaKoordinacionogTelaVladeRepublikeSrbije","https:\/\/x.com\/kt_gov","https:\/\/www.youtube.com\/@koordinacionotelo"]},{"@type":"Person","@id":"https:\/\/kt.gov.rs\/#\/schema\/person\/e426459ddb4173309103390602694571","name":"ktmin","image":{"@type":"ImageObject","inLanguage":"sq-AL","@id":"https:\/\/secure.gravatar.com\/avatar\/3985c961109853010c3fbc7ba30365bfba5db3dd6c525831d9c595c7525a615a?s=96&d=mm&r=g","url":"https:\/\/secure.gravatar.com\/avatar\/3985c961109853010c3fbc7ba30365bfba5db3dd6c525831d9c595c7525a615a?s=96&d=mm&r=g","contentUrl":"https:\/\/secure.gravatar.com\/avatar\/3985c961109853010c3fbc7ba30365bfba5db3dd6c525831d9c595c7525a615a?s=96&d=mm&r=g","caption":"ktmin"},"sameAs":["https:\/\/kt.gov.rs"],"url":"https:\/\/kt.gov.rs\/sq\/author\/ktmin\/"}]}},"_links":{"self":[{"href":"https:\/\/kt.gov.rs\/sq\/wp-json\/wp\/v2\/posts\/107148","targetHints":{"allow":["GET"]}}],"collection":[{"href":"https:\/\/kt.gov.rs\/sq\/wp-json\/wp\/v2\/posts"}],"about":[{"href":"https:\/\/kt.gov.rs\/sq\/wp-json\/wp\/v2\/types\/post"}],"author":[{"embeddable":true,"href":"https:\/\/kt.gov.rs\/sq\/wp-json\/wp\/v2\/users\/1"}],"replies":[{"embeddable":true,"href":"https:\/\/kt.gov.rs\/sq\/wp-json\/wp\/v2\/comments?post=107148"}],"version-history":[{"count":1,"href":"https:\/\/kt.gov.rs\/sq\/wp-json\/wp\/v2\/posts\/107148\/revisions"}],"predecessor-version":[{"id":107152,"href":"https:\/\/kt.gov.rs\/sq\/wp-json\/wp\/v2\/posts\/107148\/revisions\/107152"}],"wp:featuredmedia":[{"embeddable":true,"href":"https:\/\/kt.gov.rs\/sq\/wp-json\/wp\/v2\/media\/107153"}],"wp:attachment":[{"href":"https:\/\/kt.gov.rs\/sq\/wp-json\/wp\/v2\/media?parent=107148"}],"wp:term":[{"taxonomy":"category","embeddable":true,"href":"https:\/\/kt.gov.rs\/sq\/wp-json\/wp\/v2\/categories?post=107148"},{"taxonomy":"post_tag","embeddable":true,"href":"https:\/\/kt.gov.rs\/sq\/wp-json\/wp\/v2\/tags?post=107148"}],"curies":[{"name":"wp","href":"https:\/\/api.w.org\/{rel}","templated":true}]}}